{"id":10022,"date":"2018-11-29T14:47:49","date_gmt":"2018-11-29T12:47:49","guid":{"rendered":"https:\/\/blog.olimar.de\/?p=10022"},"modified":"2023-01-22T14:22:24","modified_gmt":"2023-01-22T13:22:24","slug":"wanderung-auf-porto-santo","status":"publish","type":"post","link":"https:\/\/blog.olimar.de\/wanderung-auf-porto-santo\/","title":{"rendered":"Hinauf zum Pico Castelo: Eine aussichtsreiche Wanderung auf Porto Santo"},"content":{"rendered":"\n<p><strong>Die OLIMAR Reiseleiterin Franziska auf Porto Santo, kam im Sommer 2018, aufgrund der enormen Nachfrage der G\u00e4ste nach sch\u00f6nen Wanderrouten auf der Insel, auf die Idee, einen kleinen Wanderf\u00fchrer zu verfassen. Und so wanderte sie in mehreren Wochen ihre liebsten Routen kreuz und quer \u00fcber die Insel, machte sich dabei jede Menge Notizen und verfasste daraufhin ausf\u00fchrliche Wegbeschreibungen. In Kooperation mit <a href=\"https:\/\/www.olimar.de\/\">OLIMAR Reisen<\/a> entstand daraus im Herbst der erste <a href=\"https:\/\/www.olimar.de\/blog\/wandern-auf-porto-santo\/\">Porto Santo Wander-Reisef\u00fchrer<\/a>. Er beinhaltet insgesamt zehn Routen \u2013 die k\u00fcrzeste ist eine Stunde, die l\u00e4ngste Route \u2013 nach Camacha \u2013 dauert 4,45 Stunden.<\/strong><\/p>\n\n\n\n<div class=\"wp-block-buttons is-layout-flex wp-block-buttons-is-layout-flex\">\n<div class=\"wp-block-button\"><a class=\"wp-block-button__link wp-element-button\" href=\"https:\/\/www.olimar.de\/portugal\/porto-santo\/\">Porto Santo Reiseangebote und Hoteltipps entdecken<\/a><\/div>\n<\/div>\n\n\n\n<div style=\"height:25px\" aria-hidden=\"true\" class=\"wp-block-spacer\"><\/div>\n\n\n<p style=\"text-align: justify;\">Nachfolgend pr\u00e4sentieren wir eine der <strong>sch\u00f6nsten Wanderrouten<\/strong> aus dem 43-seitigen B\u00fcchlein im praktischen Hosentaschen-Format: die Wanderung auf Porto Santo hinauf zum wunderbaren <strong>Aussichtspunkt auf dem Pico Castelo<\/strong>, von dem aus Du ein traumhaftes Panorama \u00fcber die gesamte Insel genie\u00dfen kannst.<\/p>\n<h2 style=\"text-align: justify;\">Beschreibung der Wanderung zum Pico Castelo auf Porto Santo<\/h2>\n<p style=\"text-align: justify;\">Als Ausgangspunkt f\u00fcr die Wanderung auf den <strong>Pico Castelo<\/strong> dient der Taxistand, der zentral liegt und f\u00fcr alle G\u00e4ste &#8211; egal ob mit Bus, Taxi oder zu Fu\u00df &#8211; gut zu erreichen ist. Folge der Stra\u00dfe<strong> Rua Maximiano de Sousa<\/strong>, die parallel vom Taxistand in Richtung Flughafen f\u00fchrt. Aus der Stra\u00dfe wird die <strong>Rua Brigadeiro Couceiro<\/strong>, der Du weiterhin folgst, bis Du zu einem Kreisel kommst. An dem Kreisel nimmst Du die zweite Abzweigung und folgst der Stra\u00dfe weiter geradeaus.<\/p>\n<p style=\"text-align: justify;\">Und weiter, l\u00e4ufst Du vorbei an einem Kindergarten, dem Pub Escorpiao und einer Autowerkstatt, alles befindet sich auf der rechten Stra\u00dfenseite. Kurz nach der Autowerkstatt kommt erneut ein Kreisel und eine Tankstelle auf der linken Seite. Nimm wieder die erste Abzweigung &#8211; <strong>Pico Castelo ist hier schon ausgeschildert<\/strong>. Nun folgst Du diesem Weg immer geradeaus. Auf dem h\u00f6chsten Punkt der Stra\u00dfe gabelt sich diese erneut. Wieder ist Pico Castelo ausgeschildert und wieder geht es rechts weiter.<\/p>\n<h3 style=\"text-align: justify;\">Ein letzte St\u00e4rkung<\/h3>\n<p style=\"text-align: justify;\">In dem <strong>Caf\u00e9 Helios Bar<\/strong>, rechts von Dir, hast Du die M\u00f6glichkeit, einen Kaffee zu trinken oder Dir in dem Minimarkt eine Kleinigkeit f\u00fcr unterwegs zu kaufen. Anschlie\u00dfend geht es den Berg hinauf.<\/p>\n<p style=\"text-align: justify;\">Die Stra\u00dfe f\u00fchrt erst ein St\u00fcck geradeaus, vorbei an der Milit\u00e4rbasis auf der linken Seite, und biegt dann leicht nach rechts. Du l\u00e4ufst entlang des <strong>Fu\u00dfes des Pico Castelo<\/strong> und folgst dem Weg, bis sich die Stra\u00dfe erneut gabelt. Links geht es auf den Pico Castelo &#8211; wieder ausgeschildert. Folge diesem Weg, der sich nach <strong>oben schl\u00e4ngelt<\/strong>. Auf dem <strong>Miradouro, dem Aussichtspunkt<\/strong> angekommen, siehst Du die letzte der 19 Kanonen, die einst Porto Santo vor Piraten gesch\u00fctzt haben. Erlaube Dir eine kleine Pause und genie\u00dfe das <strong>traumhafte Panorama<\/strong>, denn der eigentliche Anstieg auf die Bergspitze liegt noch vor Dir.<\/p>\n<div id=\"attachment_10028\" style=\"width: 850px\" class=\"wp-caption aligncenter\"><img loading=\"lazy\" decoding=\"async\" aria-describedby=\"caption-attachment-10028\" class=\"wp-image-10028 size-large\" src=\"https:\/\/blog.olimar.de\/wp-content\/uploads\/2018\/11\/PT-PortoSanto-MiradourodoPicoCastelo2018-1024x684.jpg\" alt=\"Miradouro Pico Castelo auf Porto Santo\" width=\"840\" height=\"561\" srcset=\"https:\/\/blog.olimar.de\/wp-content\/uploads\/2018\/11\/PT-PortoSanto-MiradourodoPicoCastelo2018-1024x684.jpg 1024w, https:\/\/blog.olimar.de\/wp-content\/uploads\/2018\/11\/PT-PortoSanto-MiradourodoPicoCastelo2018-300x200.jpg 300w, https:\/\/blog.olimar.de\/wp-content\/uploads\/2018\/11\/PT-PortoSanto-MiradourodoPicoCastelo2018-768x513.jpg 768w, https:\/\/blog.olimar.de\/wp-content\/uploads\/2018\/11\/PT-PortoSanto-MiradourodoPicoCastelo2018-840x560.jpg 840w, https:\/\/blog.olimar.de\/wp-content\/uploads\/2018\/11\/PT-PortoSanto-MiradourodoPicoCastelo2018-1200x800.jpg 1200w, https:\/\/blog.olimar.de\/wp-content\/uploads\/2018\/11\/PT-PortoSanto-MiradourodoPicoCastelo2018.jpg 1618w\" sizes=\"auto, (max-width: 840px) 100vw, 840px\" \/><p id=\"caption-attachment-10028\" class=\"wp-caption-text\">Miradouro Pico Castelo auf Porto Santo<\/p><\/div>\n<p style=\"text-align: justify;\">Es gibt <strong>zwei verschiedene Wege<\/strong>, auf die Spitze des Pico Castelo zu gelangen. Beide sind gleich anstrengend, wobei ich pers\u00f6nlich die zweite, eher stufenartige Variante hoch laufe und die erste wieder herunter &#8211; die Gehzeit betr\u00e4gt bei <strong>beiden Optionen ungef\u00e4hr 45 Minuten<\/strong>.<\/p>\n<h2 style=\"text-align: justify;\">Variante 1 &#8211; Wanderung auf Porto Santo<\/h2>\n<p style=\"text-align: justify;\">Stelle Dich so, dass Du den<strong> Pico Castelo<\/strong> vor Dir siehst und hinauf schauen. Auf der linken Seite weist Dir ein Schild den Weg hinauf. Auf <strong>Trampelpfaden<\/strong> geht fast <strong>spiralf\u00f6rmig<\/strong> hinauf. Ab und zu gibt es kleine Abzweigungen, die vom richtigen Weg abgehen. Das sind Wege, die den Arbeitern bei der Bew\u00e4sserung helfen. Alle Wege f\u00fchren wieder auf den Originalweg zur\u00fcck. Orientiere Dich immer daran, dass es stetig bergauf geht.<\/p>\n<p style=\"text-align: justify;\">Oben angekommen, begr\u00fc\u00dft Dich ein <strong>wundersch\u00f6nes Panorama<\/strong> \u00fcber die ganze Insel. Wo fr\u00fcher eine Burg stand, ist nun ein kleiner Garten angelegt. Du siehst die Sandd\u00fcnen, die Anbaufl\u00e4chen rund um den Flughafen, den Golfplatz und den <strong>Pico Ana Ferreira<\/strong>.<\/p>\n<div id=\"attachment_10029\" style=\"width: 850px\" class=\"wp-caption aligncenter\"><img loading=\"lazy\" decoding=\"async\" aria-describedby=\"caption-attachment-10029\" class=\"wp-image-10029 size-large\" src=\"https:\/\/blog.olimar.de\/wp-content\/uploads\/2018\/11\/PT-PortoSanto-Pico-do-Castelo-view-point_Porto-Santo-c-FranciscoCorreia_APM-1-1024x684.jpg\" alt=\"Aussicht Pico do Castelo Porto Santo\" width=\"840\" height=\"561\" srcset=\"https:\/\/blog.olimar.de\/wp-content\/uploads\/2018\/11\/PT-PortoSanto-Pico-do-Castelo-view-point_Porto-Santo-c-FranciscoCorreia_APM-1-1024x684.jpg 1024w, https:\/\/blog.olimar.de\/wp-content\/uploads\/2018\/11\/PT-PortoSanto-Pico-do-Castelo-view-point_Porto-Santo-c-FranciscoCorreia_APM-1-300x200.jpg 300w, https:\/\/blog.olimar.de\/wp-content\/uploads\/2018\/11\/PT-PortoSanto-Pico-do-Castelo-view-point_Porto-Santo-c-FranciscoCorreia_APM-1-768x513.jpg 768w, https:\/\/blog.olimar.de\/wp-content\/uploads\/2018\/11\/PT-PortoSanto-Pico-do-Castelo-view-point_Porto-Santo-c-FranciscoCorreia_APM-1-840x560.jpg 840w, https:\/\/blog.olimar.de\/wp-content\/uploads\/2018\/11\/PT-PortoSanto-Pico-do-Castelo-view-point_Porto-Santo-c-FranciscoCorreia_APM-1-1200x800.jpg 1200w, https:\/\/blog.olimar.de\/wp-content\/uploads\/2018\/11\/PT-PortoSanto-Pico-do-Castelo-view-point_Porto-Santo-c-FranciscoCorreia_APM-1.jpg 1618w\" sizes=\"auto, (max-width: 840px) 100vw, 840px\" \/><p id=\"caption-attachment-10029\" class=\"wp-caption-text\">Aussicht Pico do Castelo<\/p><\/div>\n<p style=\"text-align: justify;\">Etwas unterhalb der Burg, steht die <strong>Statue des Rua Schiappa de Azevedo<\/strong>, dem Initiator der Wiederaufforstung. Wenn Du diese erreichst, bist Du wieder auf dem richtigen Weg &#8211; wieder herunter. Dieser Pfad f\u00fchrt nun treppenartig, wieder hinunter zur Kanone.<\/p>\n<h3 style=\"text-align: justify;\">Zur\u00fcck zur Stadt<\/h3>\n<p style=\"text-align: justify;\">Fast unten angekommen kommst Du an einem <strong>Hinweisschild Moledo<\/strong> vorbei. Dieser Weg f\u00fchrt Dich auf den<strong> Pico do Facho<\/strong>. Wieder an der Kanone angelangt, kannst Du den gleichen Weg zur\u00fcck in die Stadt laufen oder eine Abk\u00fcrzung nehmen: Halte Dich am Fu\u00dfe des Berges nicht wieder rechts in Richtung Milit\u00e4r, sondern folge links der Stra\u00dfe in die Stadt zur\u00fcck. Die Kapelle der <strong>Nossa Senhora da Gra\u00e7a<\/strong> liegt links von Dir am Berg.<\/p>\n<div id=\"attachment_10026\" style=\"width: 850px\" class=\"wp-caption aligncenter\"><img loading=\"lazy\" decoding=\"async\" aria-describedby=\"caption-attachment-10026\" class=\"wp-image-10026 size-large\" src=\"https:\/\/blog.olimar.de\/wp-content\/uploads\/2018\/11\/PT-PortoSanto-CapeladeNossaSenhoradaGraca2018-1024x684.jpg\" alt=\"Kapelle der Nossa Senhora da Gra\u00e7a auf Porto Santo\" width=\"840\" height=\"561\" srcset=\"https:\/\/blog.olimar.de\/wp-content\/uploads\/2018\/11\/PT-PortoSanto-CapeladeNossaSenhoradaGraca2018-1024x684.jpg 1024w, https:\/\/blog.olimar.de\/wp-content\/uploads\/2018\/11\/PT-PortoSanto-CapeladeNossaSenhoradaGraca2018-300x200.jpg 300w, https:\/\/blog.olimar.de\/wp-content\/uploads\/2018\/11\/PT-PortoSanto-CapeladeNossaSenhoradaGraca2018-768x513.jpg 768w, https:\/\/blog.olimar.de\/wp-content\/uploads\/2018\/11\/PT-PortoSanto-CapeladeNossaSenhoradaGraca2018-840x560.jpg 840w, https:\/\/blog.olimar.de\/wp-content\/uploads\/2018\/11\/PT-PortoSanto-CapeladeNossaSenhoradaGraca2018-1200x800.jpg 1200w, https:\/\/blog.olimar.de\/wp-content\/uploads\/2018\/11\/PT-PortoSanto-CapeladeNossaSenhoradaGraca2018.jpg 1618w\" sizes=\"auto, (max-width: 840px) 100vw, 840px\" \/><p id=\"caption-attachment-10026\" class=\"wp-caption-text\">Kapelle der Nossa Senhora da Gra\u00e7a<\/p><\/div>\n<p style=\"text-align: justify;\">Wenn Du der Stra\u00dfe immer geradeaus folgst, dann kommst Du an einer Querstra\u00dfe raus. Dort gehst Du links, die n\u00e4chste gleich wieder rechts und Du befindest Dich auf der <strong>Rua Schiappa de Azevedo<\/strong>, der Du zur\u00fcck bis in die Stadt folgst.<\/p>\n<h3 style=\"text-align: justify;\">Weiter geht&#8217;s oder eine Pause?<\/h3>\n<p style=\"text-align: justify;\">Wenn Dir die Wanderung auf den Pico Castelo nicht gereicht hat, so kannst Du noch nach <strong>Camacha<\/strong> laufen. Das Hinweisschild daf\u00fcr findest Du von der Kanone kommend, in der ersten Kurve auf der rechten Seite. Von Camacha aus hast du die M\u00f6glichkeit z. B. in die <strong>Sandd\u00fcnen<\/strong> zu laufen (Richtung Fonte de Arreia), zu den <strong>Naturschwimmbecken<\/strong> in Porto das Salemas oder seitlich am Flughafen<strong> zur\u00fcck in die Stadt<\/strong> Vila Baleira.<\/p>\n<h2 style=\"text-align: justify;\">Variante 2 &#8211; Wanderung auf Porto Santo<\/h2>\n<p style=\"text-align: justify;\">Wieder stellst Du Dich so, dass Du den <strong>Pico Castelo<\/strong> vor Dir siehst und hinauf schaust. Gehe nach rechts, vorbei an dem Grillplatz und dem WC. Ein Pfad f\u00fchrt Dich ein kleines St\u00fcck geradeaus durch den Wald und m\u00fcndet dann auf einem Querweg. Nun folgst Du diesem Querweg circa 50 Meter nach links, dort findest Du Deinen <strong>Einstieg auf den Pico Castelo<\/strong> auf der linken Seite. Es geht <strong>treppenartig hinauf<\/strong>, was f\u00fcr mich angenehmer ist, als die Stufen auf dem R\u00fcckweg hinunter zu laufen. Einmal triffst Du auf <strong>drei Wegweiser<\/strong> gleichzeitig: Zweimal ist der Pico Castelo ausgeschildert und einmal Moledo. Nimm den rechten Weg und folge den Stufen.<\/p>\n<p style=\"text-align: justify;\">Lauf nach links, und Du kommst auf die Variante 1. Das Schild Moledo f\u00fchrt Dich auf den <strong>Pico do Facho<\/strong>.<\/p>\n<p style=\"text-align: justify;\">F\u00fcr den R\u00fcckweg kannst Du die<strong> Option 1<\/strong> w\u00e4hlen. Dieser Weg befindet sich rechts von Dir, wenn Du auf dem Aussichtspunkt stehst und mittig auf Porto Santo schaust, der Steg ist links von Dir, die Sandd\u00fcnen rechts.<\/p>\n<h3 style=\"text-align: justify;\">Gehzeit der Wanderung auf den Pico Castelo<\/h3>\n<p style=\"text-align: justify;\">Circa <strong>45 Minuten<\/strong> bis zum Miradouro, vom Miradouro weiter auf den Pico Castelo <strong>noch einmal ca. 45<\/strong> <strong>Minuten.<\/strong><\/p>\n<h2 style=\"text-align: justify;\">Empfehlung f\u00fcr Wanderfreunde: Porto Santo mit Madeira kombinieren<\/h2>\n<p style=\"text-align: justify;\">Bei der <strong>1-w\u00f6chigen OLIMAR Kombinationsreise<\/strong> <a href=\"https:\/\/rms.olimar.de\/code\/fncr11\" rel=\"noopener\">Naturerlebnis und Strandvergn\u00fcgen<\/a>, kommen Wander- und Naturfreunde voll auf ihre Kosten.<strong> Strandurlaub, Naturerlebnis und charmant-pulsierendes Stadtleben<\/strong> kannst Du alles miteinander verbinden und lernst dabei die faszinierenden Gegens\u00e4tze beider Inseln kennen.<\/p>\n<p style=\"text-align: justify;\"><strong>Tipp:<\/strong> Zum Porto Santo Saisonstart- und -ende an den Reiseterminen 27.04.-04.05.2019 und 26.10.-02.11.2019, bieten wir Dir diese Kombinationsreise, zu einem verg\u00fcnstigten Preis von 599 \u20ac p. P. an. Dabei entf\u00e4llt die F\u00e4hr-R\u00fcckfahrt, da Du bequemerweise direkt von der jeweils anderen Insel zur\u00fcck nach D\u00fcsseldorf fliegen.<\/p>\n<div id='gallery-1' class='gallery galleryid-10022 gallery-columns-3 gallery-size-medium'><dl class='gallery-item'>\n\t\t\t<dt class='gallery-icon landscape'>\n\t\t\t\t<img loading=\"lazy\" decoding=\"async\" width=\"300\" height=\"179\" src=\"https:\/\/blog.olimar.de\/wp-content\/uploads\/2017\/12\/PT-PortoSanto-StrandD-300x179.jpg\" class=\"attachment-medium size-medium\" alt=\"Strand Porto Santo Urlaub\" aria-describedby=\"gallery-1-9137\" srcset=\"https:\/\/blog.olimar.de\/wp-content\/uploads\/2017\/12\/PT-PortoSanto-StrandD-300x179.jpg 300w, https:\/\/blog.olimar.de\/wp-content\/uploads\/2017\/12\/PT-PortoSanto-StrandD-768x458.jpg 768w, https:\/\/blog.olimar.de\/wp-content\/uploads\/2017\/12\/PT-PortoSanto-StrandD.jpg 1000w\" sizes=\"auto, (max-width: 300px) 100vw, 300px\" \/>\n\t\t\t<\/dt>\n\t\t\t\t<dd class='wp-caption-text gallery-caption' id='gallery-1-9137'>\n\t\t\t\tStrand in Porto Santo\n\t\t\t\t<\/dd><\/dl><dl class='gallery-item'>\n\t\t\t<dt class='gallery-icon landscape'>\n\t\t\t\t<img loading=\"lazy\" decoding=\"async\" width=\"300\" height=\"200\" src=\"https:\/\/blog.olimar.de\/wp-content\/uploads\/2016\/09\/PT-Madeira-CaboGiraoA-WalzingMeurers-300x200.jpg\" class=\"attachment-medium size-medium\" alt=\"Madeira Ausblick Wandern Berg\" aria-describedby=\"gallery-1-6129\" srcset=\"https:\/\/blog.olimar.de\/wp-content\/uploads\/2016\/09\/PT-Madeira-CaboGiraoA-WalzingMeurers-300x200.jpg 300w, https:\/\/blog.olimar.de\/wp-content\/uploads\/2016\/09\/PT-Madeira-CaboGiraoA-WalzingMeurers-768x513.jpg 768w, https:\/\/blog.olimar.de\/wp-content\/uploads\/2016\/09\/PT-Madeira-CaboGiraoA-WalzingMeurers-840x560.jpg 840w, https:\/\/blog.olimar.de\/wp-content\/uploads\/2016\/09\/PT-Madeira-CaboGiraoA-WalzingMeurers.jpg 1000w\" sizes=\"auto, (max-width: 300px) 100vw, 300px\" \/>\n\t\t\t<\/dt>\n\t\t\t\t<dd class='wp-caption-text gallery-caption' id='gallery-1-6129'>\n\t\t\t\tAusblick vom Berg\n\t\t\t\t<\/dd><\/dl>\n\t\t\t<br style='clear: both' \/>\n\t\t<\/div>\n\n<p style=\"text-align: justify;\">Auch individuelle Inselkombinationen von Madeira und Porto Santo, ganz nach Deinen W\u00fcnschen sind mit OLIMAR Reisen m\u00f6glich! Das Serviceteam ist Dir bei Deinen Reisew\u00fcnschen gern behilflich.<\/p>\n<p>Hier geht es noch zu einem kleinen<strong>\u00a0<a href=\"https:\/\/www.youtube.com\/watch?v=xt7j8x9a-K8\" rel=\"noopener noreferrer\">Videoportrait<\/a>\u00a0<\/strong>von Franziska, die f\u00fcr Dich Vorort in Porto Santo ist!\u00a0<\/p>\n\n\n<div style=\"height:50px\" aria-hidden=\"true\" class=\"wp-block-spacer\"><\/div>\n\n\n\n<div class=\"wp-block-buttons is-layout-flex wp-block-buttons-is-layout-flex\">\n<div class=\"wp-block-button\"><a class=\"wp-block-button__link wp-element-button\" href=\"https:\/\/www.olimar.de\/hotellistung\/\">Jetzt Urlaubsangebote finden und buchen<\/a><\/div>\n<\/div>\n\n\n\n<div style=\"height:100px\" aria-hidden=\"true\" class=\"wp-block-spacer\"><\/div>\n","protected":false},"excerpt":{"rendered":"<p>Die OLIMAR Reiseleiterin Franziska auf Porto Santo, kam im Sommer 2018, aufgrund der enormen Nachfrage der G\u00e4ste nach sch\u00f6nen Wanderrouten auf der Insel, auf die Idee, einen kleinen Wanderf\u00fchrer zu verfassen. Und so wanderte sie in mehreren Wochen ihre liebsten Routen kreuz und quer \u00fcber die Insel, machte sich dabei jede Menge Notizen und verfasste daraufhin ausf\u00fchrliche Wegbeschreibungen. In Kooperation mit OLIMAR Reisen entstand daraus im Herbst der erste Porto Santo Wander-Reisef\u00fchrer. Er beinhaltet insgesamt zehn Routen \u2013 die k\u00fcrzeste ist eine Stunde, die l\u00e4ngste Route \u2013 nach Camacha \u2013 dauert 4,45 Stunden. Nachfolgend pr\u00e4sentieren wir eine der sch\u00f6nsten Wanderrouten aus &hellip;<\/p>\n","protected":false},"author":9,"featured_media":9945,"comment_status":"open","ping_status":"open","sticky":false,"template":"","format":"standard","meta":{"_crdt_document":"","_lmt_disableupdate":"","_lmt_disable":"","footnotes":""},"categories":[29,59],"tags":[58,34],"class_list":["post-10022","post","type-post","status-publish","format-standard","has-post-thumbnail","hentry","category-aktiv-natur","category-special","tag-porto-santo","tag-portugal"],"yoast_head":"<!-- This site is optimized with the Yoast SEO plugin v26.9 - https:\/\/yoast.com\/product\/yoast-seo-wordpress\/ -->\n<title>Hinauf zum Pico Castelo - kleine Wanderung auf Porto Santo<\/title>\n<meta name=\"description\" content=\"Beschreibung einer besonders sch\u00f6nen Wanderung auf Porto Santo hinauf zum Pico Castelo, von dem aus Sie eine traumhafte Rundumsicht erwartet.\" \/>\n<meta name=\"robots\" content=\"index, follow, max-snippet:-1, max-image-preview:large, max-video-preview:-1\" \/>\n<link rel=\"canonical\" href=\"https:\/\/blog.olimar.de\/wanderung-auf-porto-santo\/\" \/>\n<meta property=\"og:locale\" content=\"de_DE\" \/>\n<meta property=\"og:type\" content=\"article\" \/>\n<meta property=\"og:title\" content=\"Hinauf zum Pico Castelo - kleine Wanderung auf Porto Santo\" \/>\n<meta property=\"og:description\" content=\"Beschreibung einer besonders sch\u00f6nen Wanderung auf Porto Santo hinauf zum Pico Castelo, von dem aus Sie eine traumhafte Rundumsicht erwartet.\" \/>\n<meta property=\"og:url\" content=\"https:\/\/blog.olimar.de\/wanderung-auf-porto-santo\/\" \/>\n<meta property=\"article:publisher\" content=\"https:\/\/www.facebook.com\/OlimarReisen\" \/>\n<meta property=\"article:published_time\" content=\"2018-11-29T12:47:49+00:00\" \/>\n<meta property=\"article:modified_time\" content=\"2023-01-22T13:22:24+00:00\" \/>\n<meta property=\"og:image\" content=\"https:\/\/blog.olimar.de\/wp-content\/uploads\/2018\/11\/PT-PortoSanto-PicoDoCastelo-Walking2017APM-e1562249753976.jpg\" \/>\n\t<meta property=\"og:image:width\" content=\"800\" \/>\n\t<meta property=\"og:image:height\" content=\"577\" \/>\n\t<meta property=\"og:image:type\" content=\"image\/jpeg\" \/>\n<meta name=\"author\" content=\"OLIMAR Redaktionsteam\" \/>\n<meta name=\"twitter:label1\" content=\"Verfasst von\" \/>\n\t<meta name=\"twitter:data1\" content=\"OLIMAR Redaktionsteam\" \/>\n\t<meta name=\"twitter:label2\" content=\"Gesch\u00e4tzte Lesezeit\" \/>\n\t<meta name=\"twitter:data2\" content=\"8\u00a0Minuten\" \/>\n<script type=\"application\/ld+json\" class=\"yoast-schema-graph\">{\"@context\":\"https:\/\/schema.org\",\"@graph\":[{\"@type\":\"WebPage\",\"@id\":\"https:\/\/blog.olimar.de\/wanderung-auf-porto-santo\/\",\"url\":\"https:\/\/blog.olimar.de\/wanderung-auf-porto-santo\/\",\"name\":\"Hinauf zum Pico Castelo - kleine Wanderung auf Porto Santo\",\"isPartOf\":{\"@id\":\"https:\/\/blog.olimar.de\/#website\"},\"primaryImageOfPage\":{\"@id\":\"https:\/\/blog.olimar.de\/wanderung-auf-porto-santo\/#primaryimage\"},\"image\":{\"@id\":\"https:\/\/blog.olimar.de\/wanderung-auf-porto-santo\/#primaryimage\"},\"thumbnailUrl\":\"https:\/\/blog.olimar.de\/wp-content\/uploads\/2018\/11\/PT-PortoSanto-PicoDoCastelo-Walking2017APM-e1562249753976.jpg\",\"datePublished\":\"2018-11-29T12:47:49+00:00\",\"dateModified\":\"2023-01-22T13:22:24+00:00\",\"description\":\"Beschreibung einer besonders sch\u00f6nen Wanderung auf Porto Santo hinauf zum Pico Castelo, von dem aus Sie eine traumhafte Rundumsicht erwartet.\",\"breadcrumb\":{\"@id\":\"https:\/\/blog.olimar.de\/wanderung-auf-porto-santo\/#breadcrumb\"},\"inLanguage\":\"de\",\"potentialAction\":[{\"@type\":\"ReadAction\",\"target\":[\"https:\/\/blog.olimar.de\/wanderung-auf-porto-santo\/\"]}]},{\"@type\":\"ImageObject\",\"inLanguage\":\"de\",\"@id\":\"https:\/\/blog.olimar.de\/wanderung-auf-porto-santo\/#primaryimage\",\"url\":\"https:\/\/blog.olimar.de\/wp-content\/uploads\/2018\/11\/PT-PortoSanto-PicoDoCastelo-Walking2017APM-e1562249753976.jpg\",\"contentUrl\":\"https:\/\/blog.olimar.de\/wp-content\/uploads\/2018\/11\/PT-PortoSanto-PicoDoCastelo-Walking2017APM-e1562249753976.jpg\",\"width\":800,\"height\":577,\"caption\":\"Wegweiser Wanderung auf Porto Santo\"},{\"@type\":\"BreadcrumbList\",\"@id\":\"https:\/\/blog.olimar.de\/wanderung-auf-porto-santo\/#breadcrumb\",\"itemListElement\":[{\"@type\":\"ListItem\",\"position\":1,\"name\":\"Home\",\"item\":\"https:\/\/blog.olimar.de\/\"},{\"@type\":\"ListItem\",\"position\":2,\"name\":\"Porto Santo\",\"item\":\"https:\/\/blog.olimar.de\/tag\/porto-santo\/\"},{\"@type\":\"ListItem\",\"position\":3,\"name\":\"Hinauf zum Pico Castelo: Eine aussichtsreiche Wanderung auf Porto Santo\"}]},{\"@type\":\"WebSite\",\"@id\":\"https:\/\/blog.olimar.de\/#website\",\"url\":\"https:\/\/blog.olimar.de\/\",\"name\":\"OLIMAR.com\",\"description\":\"\",\"publisher\":{\"@id\":\"https:\/\/blog.olimar.de\/#organization\"},\"potentialAction\":[{\"@type\":\"SearchAction\",\"target\":{\"@type\":\"EntryPoint\",\"urlTemplate\":\"https:\/\/blog.olimar.de\/?s={search_term_string}\"},\"query-input\":{\"@type\":\"PropertyValueSpecification\",\"valueRequired\":true,\"valueName\":\"search_term_string\"}}],\"inLanguage\":\"de\"},{\"@type\":\"Organization\",\"@id\":\"https:\/\/blog.olimar.de\/#organization\",\"name\":\"OLIMAR Reisen\",\"url\":\"https:\/\/blog.olimar.de\/\",\"logo\":{\"@type\":\"ImageObject\",\"inLanguage\":\"de\",\"@id\":\"https:\/\/blog.olimar.de\/#\/schema\/logo\/image\/\",\"url\":\"https:\/\/blog.olimar.de\/wp-content\/uploads\/2021\/01\/OLIMAR_Logo_COLOR.png\",\"contentUrl\":\"https:\/\/blog.olimar.de\/wp-content\/uploads\/2021\/01\/OLIMAR_Logo_COLOR.png\",\"width\":2000,\"height\":986,\"caption\":\"OLIMAR Reisen\"},\"image\":{\"@id\":\"https:\/\/blog.olimar.de\/#\/schema\/logo\/image\/\"},\"sameAs\":[\"https:\/\/www.facebook.com\/OlimarReisen\",\"https:\/\/x.com\/olimarrreisen\",\"https:\/\/www.instagram.com\/olimarreisen\",\"https:\/\/www.youtube.com\/user\/olimarreisen\"]}]}<\/script>\n<!-- \/ Yoast SEO plugin. -->","yoast_head_json":{"title":"Hinauf zum Pico Castelo - kleine Wanderung auf Porto Santo","description":"Beschreibung einer besonders sch\u00f6nen Wanderung auf Porto Santo hinauf zum Pico Castelo, von dem aus Sie eine traumhafte Rundumsicht erwartet.","robots":{"index":"index","follow":"follow","max-snippet":"max-snippet:-1","max-image-preview":"max-image-preview:large","max-video-preview":"max-video-preview:-1"},"canonical":"https:\/\/blog.olimar.de\/wanderung-auf-porto-santo\/","og_locale":"de_DE","og_type":"article","og_title":"Hinauf zum Pico Castelo - kleine Wanderung auf Porto Santo","og_description":"Beschreibung einer besonders sch\u00f6nen Wanderung auf Porto Santo hinauf zum Pico Castelo, von dem aus Sie eine traumhafte Rundumsicht erwartet.","og_url":"https:\/\/blog.olimar.de\/wanderung-auf-porto-santo\/","article_publisher":"https:\/\/www.facebook.com\/OlimarReisen","article_published_time":"2018-11-29T12:47:49+00:00","article_modified_time":"2023-01-22T13:22:24+00:00","og_image":[{"width":800,"height":577,"url":"https:\/\/blog.olimar.de\/wp-content\/uploads\/2018\/11\/PT-PortoSanto-PicoDoCastelo-Walking2017APM-e1562249753976.jpg","type":"image\/jpeg"}],"author":"OLIMAR Redaktionsteam","twitter_misc":{"Verfasst von":"OLIMAR Redaktionsteam","Gesch\u00e4tzte Lesezeit":"8\u00a0Minuten"},"schema":{"@context":"https:\/\/schema.org","@graph":[{"@type":"WebPage","@id":"https:\/\/blog.olimar.de\/wanderung-auf-porto-santo\/","url":"https:\/\/blog.olimar.de\/wanderung-auf-porto-santo\/","name":"Hinauf zum Pico Castelo - kleine Wanderung auf Porto Santo","isPartOf":{"@id":"https:\/\/blog.olimar.de\/#website"},"primaryImageOfPage":{"@id":"https:\/\/blog.olimar.de\/wanderung-auf-porto-santo\/#primaryimage"},"image":{"@id":"https:\/\/blog.olimar.de\/wanderung-auf-porto-santo\/#primaryimage"},"thumbnailUrl":"https:\/\/blog.olimar.de\/wp-content\/uploads\/2018\/11\/PT-PortoSanto-PicoDoCastelo-Walking2017APM-e1562249753976.jpg","datePublished":"2018-11-29T12:47:49+00:00","dateModified":"2023-01-22T13:22:24+00:00","description":"Beschreibung einer besonders sch\u00f6nen Wanderung auf Porto Santo hinauf zum Pico Castelo, von dem aus Sie eine traumhafte Rundumsicht erwartet.","breadcrumb":{"@id":"https:\/\/blog.olimar.de\/wanderung-auf-porto-santo\/#breadcrumb"},"inLanguage":"de","potentialAction":[{"@type":"ReadAction","target":["https:\/\/blog.olimar.de\/wanderung-auf-porto-santo\/"]}]},{"@type":"ImageObject","inLanguage":"de","@id":"https:\/\/blog.olimar.de\/wanderung-auf-porto-santo\/#primaryimage","url":"https:\/\/blog.olimar.de\/wp-content\/uploads\/2018\/11\/PT-PortoSanto-PicoDoCastelo-Walking2017APM-e1562249753976.jpg","contentUrl":"https:\/\/blog.olimar.de\/wp-content\/uploads\/2018\/11\/PT-PortoSanto-PicoDoCastelo-Walking2017APM-e1562249753976.jpg","width":800,"height":577,"caption":"Wegweiser Wanderung auf Porto Santo"},{"@type":"BreadcrumbList","@id":"https:\/\/blog.olimar.de\/wanderung-auf-porto-santo\/#breadcrumb","itemListElement":[{"@type":"ListItem","position":1,"name":"Home","item":"https:\/\/blog.olimar.de\/"},{"@type":"ListItem","position":2,"name":"Porto Santo","item":"https:\/\/blog.olimar.de\/tag\/porto-santo\/"},{"@type":"ListItem","position":3,"name":"Hinauf zum Pico Castelo: Eine aussichtsreiche Wanderung auf Porto Santo"}]},{"@type":"WebSite","@id":"https:\/\/blog.olimar.de\/#website","url":"https:\/\/blog.olimar.de\/","name":"OLIMAR.com","description":"","publisher":{"@id":"https:\/\/blog.olimar.de\/#organization"},"potentialAction":[{"@type":"SearchAction","target":{"@type":"EntryPoint","urlTemplate":"https:\/\/blog.olimar.de\/?s={search_term_string}"},"query-input":{"@type":"PropertyValueSpecification","valueRequired":true,"valueName":"search_term_string"}}],"inLanguage":"de"},{"@type":"Organization","@id":"https:\/\/blog.olimar.de\/#organization","name":"OLIMAR Reisen","url":"https:\/\/blog.olimar.de\/","logo":{"@type":"ImageObject","inLanguage":"de","@id":"https:\/\/blog.olimar.de\/#\/schema\/logo\/image\/","url":"https:\/\/blog.olimar.de\/wp-content\/uploads\/2021\/01\/OLIMAR_Logo_COLOR.png","contentUrl":"https:\/\/blog.olimar.de\/wp-content\/uploads\/2021\/01\/OLIMAR_Logo_COLOR.png","width":2000,"height":986,"caption":"OLIMAR Reisen"},"image":{"@id":"https:\/\/blog.olimar.de\/#\/schema\/logo\/image\/"},"sameAs":["https:\/\/www.facebook.com\/OlimarReisen","https:\/\/x.com\/olimarrreisen","https:\/\/www.instagram.com\/olimarreisen","https:\/\/www.youtube.com\/user\/olimarreisen"]}]}},"modified_by":"Lena Radermacher","jetpack_featured_media_url":"https:\/\/blog.olimar.de\/wp-content\/uploads\/2018\/11\/PT-PortoSanto-PicoDoCastelo-Walking2017APM-e1562249753976.jpg","_links":{"self":[{"href":"https:\/\/blog.olimar.de\/wp-json\/wp\/v2\/posts\/10022","targetHints":{"allow":["GET"]}}],"collection":[{"href":"https:\/\/blog.olimar.de\/wp-json\/wp\/v2\/posts"}],"about":[{"href":"https:\/\/blog.olimar.de\/wp-json\/wp\/v2\/types\/post"}],"author":[{"embeddable":true,"href":"https:\/\/blog.olimar.de\/wp-json\/wp\/v2\/users\/9"}],"replies":[{"embeddable":true,"href":"https:\/\/blog.olimar.de\/wp-json\/wp\/v2\/comments?post=10022"}],"version-history":[{"count":40,"href":"https:\/\/blog.olimar.de\/wp-json\/wp\/v2\/posts\/10022\/revisions"}],"predecessor-version":[{"id":24015,"href":"https:\/\/blog.olimar.de\/wp-json\/wp\/v2\/posts\/10022\/revisions\/24015"}],"wp:featuredmedia":[{"embeddable":true,"href":"https:\/\/blog.olimar.de\/wp-json\/wp\/v2\/media\/9945"}],"wp:attachment":[{"href":"https:\/\/blog.olimar.de\/wp-json\/wp\/v2\/media?parent=10022"}],"wp:term":[{"taxonomy":"category","embeddable":true,"href":"https:\/\/blog.olimar.de\/wp-json\/wp\/v2\/categories?post=10022"},{"taxonomy":"post_tag","embeddable":true,"href":"https:\/\/blog.olimar.de\/wp-json\/wp\/v2\/tags?post=10022"}],"curies":[{"name":"wp","href":"https:\/\/api.w.org\/{rel}","templated":true}]}}