{"id":10043,"date":"2018-12-04T18:37:20","date_gmt":"2018-12-04T16:37:20","guid":{"rendered":"https:\/\/blog.olimar.de\/?p=10043"},"modified":"2025-02-05T11:18:39","modified_gmt":"2025-02-05T10:18:39","slug":"kanaren-urlaub","status":"publish","type":"post","link":"https:\/\/blog.olimar.de\/kanaren-urlaub\/","title":{"rendered":"Wer die Wahl hat, hat die Kanaren &#8211; Tipps f\u00fcr die perfekte Insel im Kanaren-Urlaub"},"content":{"rendered":"<p class=\"intro\" style=\"text-align: justify;\"><strong>Kaum eine Inselgruppe k\u00f6nnte in sich so unterschiedlich sein wie die Kanaren. Abseits von sch\u00f6nsten Wetterbedingungen das ganze Jahr \u00fcber hat jede der sieben Inseln ihren eigenen Charakter. Reisende sollten sich daher im Vorfeld genau informieren, welche Insel am besten zu den eigenen Vorstellungen vom <a href=\"https:\/\/www.olimar.de\/spanien\/kanaren\/\" target=\"_blank\" rel=\"noopener\">Kanaren-Urlaub<\/a> passt. Fuerteventura, El Hierro, Gran Canaria, La Gomera, La Palma, Lanzarote oder doch Teneriffa? Diese Fakten k\u00f6nnten die Antwort bringen.<\/strong><\/p>\n<p class=\"intro\" style=\"text-align: justify;\">Beginnen wir unsere Reise \u00fcber die Inselkette im Osten:<\/p>\n<h3 style=\"text-align: justify;\"><strong>Kanaren-Urlaub auf Lanzarote \u2013 der Urspr\u00fcnglichen<\/strong><\/h3>\n<p style=\"text-align: justify;\">Wer auf <a href=\"https:\/\/www.olimar.de\/spanien\/kanaren\/lanzarote\/\">Lanzarote<\/a> eine gr\u00fcne, \u00fcppige Vegetation erwartet, wird leider entt\u00e4uscht. Vielmehr bietet die Insel eine aufregende Kraterlandschaft vulkanischen Ursprungs, die ihr den Spitznamen \u201eschwarze Perle der Kanaren\u201c verlieh. Die circa 100 Vulkane, die \u00fcber die Insel verteilt liegen, sind immer noch aktiv und sorgen an einigen Stellen f\u00fcr hei\u00dfe Stellen an der Oberfl\u00e4che, auf denen sogar ein Barbeque veranstaltet werden kann. Besonders bekannt sind die Lavafelder des Timanfaya Nationalparks. Auch wenn die Insel sehr touristisch ausgebaut ist, stehen rund 40 % unter Naturschutz, sodass der urspr\u00fcngliche Charakter stets erhalten bleibt. Zu den sch\u00f6nsten Spektakeln der Insel geh\u00f6ren die pechschwarzen Lavastr\u00e4nde, wie zum Beispiel der Playa del Charco de los Clicos. Obwohl dieser nicht zug\u00e4nglich ist, bietet er mit seiner angrenzenden Aussichtsplattform eine faszinierende Aussicht und geh\u00f6rt zu den Top-Sehensw\u00fcrdigkeiten.<\/p>\n<div id='gallery-1' class='gallery galleryid-10043 gallery-columns-3 gallery-size-medium'><dl class='gallery-item'>\n\t\t\t<dt class='gallery-icon landscape'>\n\t\t\t\t<img loading=\"lazy\" decoding=\"async\" width=\"300\" height=\"225\" src=\"https:\/\/blog.olimar.de\/wp-content\/uploads\/2018\/12\/2013-11-23-10.06.55-300x225.jpg\" class=\"attachment-medium size-medium\" alt=\"\" srcset=\"https:\/\/blog.olimar.de\/wp-content\/uploads\/2018\/12\/2013-11-23-10.06.55-300x225.jpg 300w, https:\/\/blog.olimar.de\/wp-content\/uploads\/2018\/12\/2013-11-23-10.06.55-768x576.jpg 768w, https:\/\/blog.olimar.de\/wp-content\/uploads\/2018\/12\/2013-11-23-10.06.55-1024x768.jpg 1024w\" sizes=\"auto, (max-width: 300px) 100vw, 300px\" \/>\n\t\t\t<\/dt><\/dl><dl class='gallery-item'>\n\t\t\t<dt class='gallery-icon portrait'>\n\t\t\t\t<img loading=\"lazy\" decoding=\"async\" width=\"199\" height=\"300\" src=\"https:\/\/blog.olimar.de\/wp-content\/uploads\/2015\/09\/ES-Kanaren-Lanzarote-Timanfaya-2008-199x300.jpg\" class=\"attachment-medium size-medium\" alt=\"Teufelskulptur von Manrique am Eingang des Nationalparks Timanfaya\" aria-describedby=\"gallery-1-2851\" srcset=\"https:\/\/blog.olimar.de\/wp-content\/uploads\/2015\/09\/ES-Kanaren-Lanzarote-Timanfaya-2008-199x300.jpg 199w, https:\/\/blog.olimar.de\/wp-content\/uploads\/2015\/09\/ES-Kanaren-Lanzarote-Timanfaya-2008-681x1024.jpg 681w, https:\/\/blog.olimar.de\/wp-content\/uploads\/2015\/09\/ES-Kanaren-Lanzarote-Timanfaya-2008.jpg 1200w\" sizes=\"auto, (max-width: 199px) 100vw, 199px\" \/>\n\t\t\t<\/dt>\n\t\t\t\t<dd class='wp-caption-text gallery-caption' id='gallery-1-2851'>\n\t\t\t\tWahrzeichen Lanzarotes und Manriques: Die Teufelskulptur am Eingang des Nationalparks Timanfaya\n\t\t\t\t<\/dd><\/dl><dl class='gallery-item'>\n\t\t\t<dt class='gallery-icon landscape'>\n\t\t\t\t<img loading=\"lazy\" decoding=\"async\" width=\"300\" height=\"200\" src=\"https:\/\/blog.olimar.de\/wp-content\/uploads\/2015\/09\/ES-Kanaren-Lanzarote-Guatiza-Kakteengarten-3501288-c-Turespana-300x200.jpg\" class=\"attachment-medium size-medium\" alt=\"Windm\u00fchle und Kakteen auf Lanzarote\" srcset=\"https:\/\/blog.olimar.de\/wp-content\/uploads\/2015\/09\/ES-Kanaren-Lanzarote-Guatiza-Kakteengarten-3501288-c-Turespana-300x200.jpg 300w, https:\/\/blog.olimar.de\/wp-content\/uploads\/2015\/09\/ES-Kanaren-Lanzarote-Guatiza-Kakteengarten-3501288-c-Turespana-840x560.jpg 840w, https:\/\/blog.olimar.de\/wp-content\/uploads\/2015\/09\/ES-Kanaren-Lanzarote-Guatiza-Kakteengarten-3501288-c-Turespana.jpg 1000w\" sizes=\"auto, (max-width: 300px) 100vw, 300px\" \/>\n\t\t\t<\/dt><\/dl><br style=\"clear: both\" \/><dl class='gallery-item'>\n\t\t\t<dt class='gallery-icon landscape'>\n\t\t\t\t<img loading=\"lazy\" decoding=\"async\" width=\"300\" height=\"229\" src=\"https:\/\/blog.olimar.de\/wp-content\/uploads\/2015\/09\/Mirador_del_Rio_Lanzarote-300x229.jpg\" class=\"attachment-medium size-medium\" alt=\"Panoramablick vom Mirador del Rio auf Graciosa\" aria-describedby=\"gallery-1-2848\" srcset=\"https:\/\/blog.olimar.de\/wp-content\/uploads\/2015\/09\/Mirador_del_Rio_Lanzarote-300x229.jpg 300w, https:\/\/blog.olimar.de\/wp-content\/uploads\/2015\/09\/Mirador_del_Rio_Lanzarote-1024x782.jpg 1024w, https:\/\/blog.olimar.de\/wp-content\/uploads\/2015\/09\/Mirador_del_Rio_Lanzarote.jpg 1245w\" sizes=\"auto, (max-width: 300px) 100vw, 300px\" \/>\n\t\t\t<\/dt>\n\t\t\t\t<dd class='wp-caption-text gallery-caption' id='gallery-1-2848'>\n\t\t\t\tBlick vom Mirador del Rio auf die kleine Nachbarinsel Graciosa\n\t\t\t\t<\/dd><\/dl>\n\t\t\t<br style='clear: both' \/>\n\t\t<\/div>\n\n<p style=\"text-align: justify;\">Lanzarote-Urlauber erwarten aber auch zahlreiche wei\u00dfe Str\u00e4nde wie den Playa Flamingo oder Playa Blanca, die zum Baden und Sonnen einladen. Weinliebhaber finden ihr Paradies auf der Weinstra\u00dfe durch La Geria, die zu den gr\u00f6\u00dften der Kanarischen Inseln z\u00e4hlt. Das unvergleichbare Aroma der hier wachsenden Trauben ist durch die vulkanischen B\u00f6den und das ganzj\u00e4hrig milde Klima gepr\u00e4gt. Der spanische Maler und Architekt C\u00e9sar Manrique ist auf Lanzarote unumg\u00e4nglich, denn er sorgte nicht nur f\u00fcr einen nachhaltigen Tourismus und den Erhalt der Insel, sondern gestaltete sie auch traditionell und schlicht. So findet man beispielsweise kaum Hochh\u00e4user, sondern zahlreiche wei\u00dfe Bauten mit gr\u00fcnen T\u00fcren und Fensterl\u00e4den, die das Landschaftsbild pr\u00e4gen (lesen Sie auch den Artikel <a href=\"https:\/\/blog.olimar.de\/cesar-manrique-auf-lanzarote\/\">&#8220;Der K\u00fcnstler und seine Lava&#8221; \u00fcber C\u00e9sar Manrique<\/a>). Sie sollten nach Lanzarote reisen, wenn Sie an Vulkanen und deren Naturspektakeln interessiert sind, Wein m\u00f6gen und den Spuren von C\u00e9sar Manrique folgen m\u00f6chten.<\/p>\n<h3 style=\"text-align: justify;\"><strong>Kanaren-Urlaub auf Fuerteventura \u2013 der Sportlichen<\/strong><\/h3>\n<p style=\"text-align: justify;\">Unsere kleine Reise zieht uns weiter gen Westen, wo wir auf Fuerteventura treffen. Sie ist die zweitgr\u00f6\u00dfte Insel der Kanaren und zeichnet sich besonders durch ihre langen, wei\u00dfen Sandstr\u00e4nde aus. Hier kommt richtiges Karibikfeeling auf. Die rund 150 Kilometer langen Str\u00e4nden sind besonders bei Wassersportlern beliebt. Zahlreiche Wind- und Kitesurfer sowie Stand Up Paddler erleben hier das Paradies f\u00fcr Wellenreiter. Aus diesem Grund lassen sich auf Fuerteventura auch zahlreiche Surfschulen finden, die sich vor allem auf den Norden und die Ostk\u00fcste verteilen, wo die Winde die besten Bedingungen schaffen (lesen Sie auch den Artikel <a href=\"https:\/\/blog.olimar.de\/surfen-auf-fuerteventura\/\">&#8220;Surfen auf Fuerteventura: das sind die Top-5-Str\u00e4nde&#8221;<\/a>.)<\/p>\n<div id='gallery-2' class='gallery galleryid-10043 gallery-columns-3 gallery-size-medium'><dl class='gallery-item'>\n\t\t\t<dt class='gallery-icon landscape'>\n\t\t\t\t<img loading=\"lazy\" decoding=\"async\" width=\"300\" height=\"215\" src=\"https:\/\/blog.olimar.de\/wp-content\/uploads\/2015\/09\/ES-Kanaren-Fuerteventura-Strand-300x215.jpg\" class=\"attachment-medium size-medium\" alt=\"Panorama Sandstrand und Meer auf Fuerteventura\" srcset=\"https:\/\/blog.olimar.de\/wp-content\/uploads\/2015\/09\/ES-Kanaren-Fuerteventura-Strand-300x215.jpg 300w, https:\/\/blog.olimar.de\/wp-content\/uploads\/2015\/09\/ES-Kanaren-Fuerteventura-Strand.jpg 1000w\" sizes=\"auto, (max-width: 300px) 100vw, 300px\" \/>\n\t\t\t<\/dt><\/dl><dl class='gallery-item'>\n\t\t\t<dt class='gallery-icon landscape'>\n\t\t\t\t<img loading=\"lazy\" decoding=\"async\" width=\"300\" height=\"186\" src=\"https:\/\/blog.olimar.de\/wp-content\/uploads\/2015\/08\/ES-Kanaren-Fuerteventura-PlayaDeJandia-25981565-c-joelBEHR-Fotolia-300x186.jpg\" class=\"attachment-medium size-medium\" alt=\"Panorama langer Sandstrand und Meer auf Fuerteventura\" srcset=\"https:\/\/blog.olimar.de\/wp-content\/uploads\/2015\/08\/ES-Kanaren-Fuerteventura-PlayaDeJandia-25981565-c-joelBEHR-Fotolia-300x186.jpg 300w, https:\/\/blog.olimar.de\/wp-content\/uploads\/2015\/08\/ES-Kanaren-Fuerteventura-PlayaDeJandia-25981565-c-joelBEHR-Fotolia-e1562249996316.jpg 600w\" sizes=\"auto, (max-width: 300px) 100vw, 300px\" \/>\n\t\t\t<\/dt><\/dl><dl class='gallery-item'>\n\t\t\t<dt class='gallery-icon landscape'>\n\t\t\t\t<img loading=\"lazy\" decoding=\"async\" width=\"300\" height=\"265\" src=\"https:\/\/blog.olimar.de\/wp-content\/uploads\/2015\/08\/ES-Kanaren-Fuerteventura-Montanas-300x265.jpg\" class=\"attachment-medium size-medium\" alt=\"Fuerteventura Stra\u00dfe mit Palmen und Berglandschaft\" srcset=\"https:\/\/blog.olimar.de\/wp-content\/uploads\/2015\/08\/ES-Kanaren-Fuerteventura-Montanas-300x265.jpg 300w, https:\/\/blog.olimar.de\/wp-content\/uploads\/2015\/08\/ES-Kanaren-Fuerteventura-Montanas.jpg 720w\" sizes=\"auto, (max-width: 300px) 100vw, 300px\" \/>\n\t\t\t<\/dt><\/dl><br style=\"clear: both\" \/>\n\t\t<\/div>\n\n<p style=\"text-align: justify;\">Generell ist die Insel perfekt f\u00fcr einen Badeurlaub. Eine Spezialit\u00e4t der Insel ist der Majorero K\u00e4se, den man nur hier findet. Es handelt sich dabei um einen sehr schmackhaften Ziegenk\u00e4se, der laut verschiedener Dokumente bereits seit dem fr\u00fchen 15. Jahrhundert hergestellt wird. Nach einem sportlichen Tag am Wasser liefert der Majorero au\u00dferdem wertvolle Proteine. Ihre n\u00e4chste Reise sollte unbedingt nach Fuerteventura gehen, wenn Sie ein begeisterter Wassersportler sind, sich nach einem sch\u00f6nen Badeurlaub sehnen oder ein K\u00e4se-Gourmet sind.<\/p>\n<h3 style=\"text-align: justify;\"><strong>Kanaren-Urlaub auf Gran Canaria \u2013 der Vielf\u00e4ltigen<\/strong><\/h3>\n<p style=\"text-align: justify;\">Strand, Shoppen, Party, Wandern und Kultur \u2013 wer w\u00e4hrend des Urlaubs auch nichts verzichten m\u00f6chte, sollte unbedingt nach Gran Canaria reisen, denn die Insel bietet f\u00fcr jeden Urlaubstypen das richtige Programm. Die drittgr\u00f6\u00dfte kanarische Insel ist wie ihre Nachbarn vulkanischen Ursprungs. Eine der h\u00f6chsten Erhebungen findet man in 1.949 Meter H\u00f6he auf dem erloschenen Vulkan Pico de las Nieves \u2013 zu Deutsch: \u201eDie Schneespitze\u201c. Der in den Wintermonaten mit Schnee bedeckte Gipfel gab der Erh\u00f6hung seinen Namen. Als ber\u00fchmtes Wahrzeichen des Vulkans gilt der Roque Nublo, der Wolkenfels. Wanderungen hierher sind auf der Insel sehr beliebt, da sie einem einzigartige Ausblicke sowie eine spannende Flora und Fauna bieten (lesen Sie auch <a href=\"https:\/\/blog.olimar.de\/roque-nublo\/\">&#8220;Gran Canaria Tipp: Wandern zum Roque Nublo&#8221;<\/a>).<\/p>\n<div id='gallery-3' class='gallery galleryid-10043 gallery-columns-3 gallery-size-medium'><dl class='gallery-item'>\n\t\t\t<dt class='gallery-icon landscape'>\n\t\t\t\t<img loading=\"lazy\" decoding=\"async\" width=\"300\" height=\"225\" src=\"https:\/\/blog.olimar.de\/wp-content\/uploads\/2015\/09\/Wegweiser_Roque_Nublo-300x225.jpg\" class=\"attachment-medium size-medium\" alt=\"Wegweiser Roque Nublo auf Gran Canaria\" srcset=\"https:\/\/blog.olimar.de\/wp-content\/uploads\/2015\/09\/Wegweiser_Roque_Nublo-300x225.jpg 300w, https:\/\/blog.olimar.de\/wp-content\/uploads\/2015\/09\/Wegweiser_Roque_Nublo.jpg 1000w\" sizes=\"auto, (max-width: 300px) 100vw, 300px\" \/>\n\t\t\t<\/dt><\/dl><dl class='gallery-item'>\n\t\t\t<dt class='gallery-icon landscape'>\n\t\t\t\t<img loading=\"lazy\" decoding=\"async\" width=\"300\" height=\"182\" src=\"https:\/\/blog.olimar.de\/wp-content\/uploads\/2015\/09\/Roque_Nublo-300x182.jpg\" class=\"attachment-medium size-medium\" alt=\"Aussicht vom Roque Nublo ins Tal\" srcset=\"https:\/\/blog.olimar.de\/wp-content\/uploads\/2015\/09\/Roque_Nublo-300x182.jpg 300w, https:\/\/blog.olimar.de\/wp-content\/uploads\/2015\/09\/Roque_Nublo.jpg 726w\" sizes=\"auto, (max-width: 300px) 100vw, 300px\" \/>\n\t\t\t<\/dt><\/dl>\n\t\t\t<br style='clear: both' \/>\n\t\t<\/div>\n\n<p style=\"text-align: justify;\"><span class=\"dropcap\">H<\/span>och hinaus geht es auch f\u00fcr die h\u00f6chstgelegene Gemeinde Artenara. Das Bergdorf ist besonders bekannt f\u00fcr seine H\u00f6hlenwohnungen, die in den Berg hinein gebaut wurden und ganzj\u00e4hrig f\u00fcr angenehme Temperaturen sorgen. Das nahegelegene Museum zeigt das Leben der H\u00f6hlenbewohner und sollte auf jeder To-Do-Liste stehen. Sonnenanbeter und Badenixen kommen auf Gran Canaria auch nicht zu kurz. Die Insel bietet traumhafte Sandstr\u00e4nde zum Relaxen, aber auch beste Bedingungen f\u00fcr aktive Wassersportarten. Besonders bekannt ist der Strand von Maspalomas, der direkt an die ber\u00fchmten Sandd\u00fcnen grenzt und an eine K\u00fcstenlandschaft erinnern. Angrenzend befindet sich der Playa del Ingl\u00e9s, der ebenfalls einen hohen Bekanntheitsgrad genie\u00dft. Beide Abschnitte verwandeln sich am Abend zu einer Partymeile, die seit Jahrzehnten eine hohe Beliebtheit in der LGBT-Community ausweist. Wer es lieber ruhiger mag, der f\u00e4hrt beispielsweise an den rund 2 Kilometer weiter liegenden Playa de las Burras, der zwar etwas felsiger ist, sich aber dennoch mit seinem flachen Einstieg ins Wasser perfekt f\u00fcr Familien und Ruhesuchenden eignet. Shopaholics besuchen am besten die Hauptstadt Las Palmas, die mit ihrer Vielzahl an Boutiquen und Einkaufszentren zum Flanieren einl\u00e4dt.<\/p>\n<div id='gallery-4' class='gallery galleryid-10043 gallery-columns-3 gallery-size-medium'><dl class='gallery-item'>\n\t\t\t<dt class='gallery-icon landscape'>\n\t\t\t\t<img loading=\"lazy\" decoding=\"async\" width=\"300\" height=\"200\" src=\"https:\/\/blog.olimar.de\/wp-content\/uploads\/2018\/12\/ES-Kanaren-LasPalmas-CalleMayorDeTriana-3501179-c-Turespana-300x200.jpg\" class=\"attachment-medium size-medium\" alt=\"Einkaufsstra\u00dfe in Las Palmas\" srcset=\"https:\/\/blog.olimar.de\/wp-content\/uploads\/2018\/12\/ES-Kanaren-LasPalmas-CalleMayorDeTriana-3501179-c-Turespana-300x200.jpg 300w, https:\/\/blog.olimar.de\/wp-content\/uploads\/2018\/12\/ES-Kanaren-LasPalmas-CalleMayorDeTriana-3501179-c-Turespana-768x512.jpg 768w, https:\/\/blog.olimar.de\/wp-content\/uploads\/2018\/12\/ES-Kanaren-LasPalmas-CalleMayorDeTriana-3501179-c-Turespana-840x560.jpg 840w, https:\/\/blog.olimar.de\/wp-content\/uploads\/2018\/12\/ES-Kanaren-LasPalmas-CalleMayorDeTriana-3501179-c-Turespana.jpg 1000w\" sizes=\"auto, (max-width: 300px) 100vw, 300px\" \/>\n\t\t\t<\/dt><\/dl><dl class='gallery-item'>\n\t\t\t<dt class='gallery-icon landscape'>\n\t\t\t\t<img loading=\"lazy\" decoding=\"async\" width=\"300\" height=\"222\" src=\"https:\/\/blog.olimar.de\/wp-content\/uploads\/2018\/12\/ES-Kanaren-LasPalmas-JugendstillHaus-3500934A-c-Turespana-300x222.jpg\" class=\"attachment-medium size-medium\" alt=\"Jugendstil H\u00e4user Las Palmas\" srcset=\"https:\/\/blog.olimar.de\/wp-content\/uploads\/2018\/12\/ES-Kanaren-LasPalmas-JugendstillHaus-3500934A-c-Turespana-300x222.jpg 300w, https:\/\/blog.olimar.de\/wp-content\/uploads\/2018\/12\/ES-Kanaren-LasPalmas-JugendstillHaus-3500934A-c-Turespana-768x568.jpg 768w, https:\/\/blog.olimar.de\/wp-content\/uploads\/2018\/12\/ES-Kanaren-LasPalmas-JugendstillHaus-3500934A-c-Turespana.jpg 1000w\" sizes=\"auto, (max-width: 300px) 100vw, 300px\" \/>\n\t\t\t<\/dt><\/dl>\n\t\t\t<br style='clear: both' \/>\n\t\t<\/div>\n\n<p style=\"text-align: justify;\">Der n\u00e4chste Urlaub auf die Kanaren sollte unbedingt nach Gran Canaria gehen, wenn Sie w\u00e4hrend Ihrer Reise Abwechslung suchen, gern Wandern gehen und kulturinteressiert sind, in Familie reisen oder gern die Nacht zum Tag werden lassen.<\/p>\n<h3 style=\"text-align: justify;\"><strong>Kanaren-Urlaub auf Teneriffa \u2013 der Abenteuerlichen<\/strong><\/h3>\n<p style=\"text-align: justify;\">Weiter f\u00fchrt uns unsere Reise nach <a href=\"https:\/\/www.olimar.de\/spanien\/kanaren\/teneriffa\/\">Teneriffa<\/a>. \u00c4hnlich wie Gran Canaria bietet die gr\u00f6\u00dfte Insel der Kanaren ein abwechslungsreiches Programm f\u00fcr verschiedene Urlaubstypen. W\u00e4hrend der Norden eher feucht und gr\u00fcn ist, bietet der S\u00fcden mit seinem eher trockenen Klima feinste Sandstr\u00e4nde. Die klimatischen Unterschiede werden durch den Pico del Teide, dem h\u00f6chsten Berg Spaniens, verursacht, der durch seine H\u00f6he von 3.718 Metern das Wetter bestimmt.<br \/>\nNaturliebhaber werden sich insbesondere \u00fcber die Pflanzenvielfalt freuen. Au\u00dferdem besitzt die Insel 43 Naturschutzgebiete, die sich \u00fcber die H\u00e4lfte Teneriffas verbreiten. Wanderer sch\u00e4tzen dies sehr. Diejenigen, die den Pico del Teide besteigen m\u00f6chten, m\u00fcssen vorab eine kostenlose Genehmigung einholen, da es ein t\u00e4gliches Personenlimit f\u00fcr den Berg gibt. Alternativ empfiehlt sich eine Wanderung an der Masca Schlucht, die aber nur mit entsprechender Ausr\u00fcstung bestritten werden sollte.<\/p>\n<div id='gallery-5' class='gallery galleryid-10043 gallery-columns-3 gallery-size-medium'><dl class='gallery-item'>\n\t\t\t<dt class='gallery-icon landscape'>\n\t\t\t\t<img loading=\"lazy\" decoding=\"async\" width=\"300\" height=\"225\" src=\"https:\/\/blog.olimar.de\/wp-content\/uploads\/2018\/12\/Teneriffa-2009-167-300x225.jpg\" class=\"attachment-medium size-medium\" alt=\"Masca-Schlucht auf Teneriffa\" srcset=\"https:\/\/blog.olimar.de\/wp-content\/uploads\/2018\/12\/Teneriffa-2009-167-300x225.jpg 300w, https:\/\/blog.olimar.de\/wp-content\/uploads\/2018\/12\/Teneriffa-2009-167-768x576.jpg 768w, https:\/\/blog.olimar.de\/wp-content\/uploads\/2018\/12\/Teneriffa-2009-167-1024x768.jpg 1024w\" sizes=\"auto, (max-width: 300px) 100vw, 300px\" \/>\n\t\t\t<\/dt><\/dl><dl class='gallery-item'>\n\t\t\t<dt class='gallery-icon landscape'>\n\t\t\t\t<img loading=\"lazy\" decoding=\"async\" width=\"300\" height=\"225\" src=\"https:\/\/blog.olimar.de\/wp-content\/uploads\/2018\/12\/Teneriffa-2009-275-300x225.jpg\" class=\"attachment-medium size-medium\" alt=\"Pico del Teide Teneriffa\" srcset=\"https:\/\/blog.olimar.de\/wp-content\/uploads\/2018\/12\/Teneriffa-2009-275-300x225.jpg 300w, https:\/\/blog.olimar.de\/wp-content\/uploads\/2018\/12\/Teneriffa-2009-275-768x576.jpg 768w, https:\/\/blog.olimar.de\/wp-content\/uploads\/2018\/12\/Teneriffa-2009-275-1024x768.jpg 1024w\" sizes=\"auto, (max-width: 300px) 100vw, 300px\" \/>\n\t\t\t<\/dt><\/dl><dl class='gallery-item'>\n\t\t\t<dt class='gallery-icon landscape'>\n\t\t\t\t<img loading=\"lazy\" decoding=\"async\" width=\"300\" height=\"225\" src=\"https:\/\/blog.olimar.de\/wp-content\/uploads\/2018\/12\/Teneriffa-2009-660-300x225.jpg\" class=\"attachment-medium size-medium\" alt=\"Wanderweg Teneriffa\" srcset=\"https:\/\/blog.olimar.de\/wp-content\/uploads\/2018\/12\/Teneriffa-2009-660-300x225.jpg 300w, https:\/\/blog.olimar.de\/wp-content\/uploads\/2018\/12\/Teneriffa-2009-660-768x576.jpg 768w, https:\/\/blog.olimar.de\/wp-content\/uploads\/2018\/12\/Teneriffa-2009-660-1024x768.jpg 1024w\" sizes=\"auto, (max-width: 300px) 100vw, 300px\" \/>\n\t\t\t<\/dt><\/dl><br style=\"clear: both\" \/>\n\t\t<\/div>\n\n<p style=\"text-align: justify;\">Teneriffa ist weiterhin ein beliebtes Reiseziel f\u00fcr Familien, denn die zahlreichen Str\u00e4nde im S\u00fcdwesten der Insel sind sauber und bieten ausreichend Platz f\u00fcr Erholung. Den ein oder anderen Surfer wird man hier ebenfalls finden, denn die Bedingungen f\u00fcr Wassersportler sind hier ideal. Familienspa\u00df der Extraklasse verspricht zudem der Siam Park in Costa Adeje, der als bester Wasserpark der Welt gilt. 16 spektakul\u00e4re Attraktionen bringen den richtigen Adrenalinkick f\u00fcr jedes Alter. Der Park h\u00e4lt au\u00dferdem 4 Weltrekorde, darunter das gr\u00f6\u00dfte Thai Geb\u00e4ude au\u00dferhalb Asiens und die gr\u00f6\u00dfte von Menschenhand erschaffene Welle. Weiter geht der Familienurlaub im Loro Parque in Puerto de la Cruz, der zu den sch\u00f6nsten Zoos der Welt geh\u00f6rt. Der urspr\u00fcngliche Papageienpark bietet mittlerweile eine weitreichende Tieranlage, bei der unter anderem Seel\u00f6wen, Pinguine und verschiedene Affenarten besucht werden k\u00f6nnen.<\/p>\n<p style=\"text-align: justify;\"><span class=\"dropcap\">W<\/span>ussten Sie, dass der zweitgr\u00f6\u00dfte Karneval nach dem in Rio de Janeiro auf Teneriffa stattfindet? Jedes Jahr im Februar wird die Hauptstadt Santa Cruz zur Hochburg f\u00fcr Karnevalisten. W\u00e4hrend dieser Zeit ruhen sogar die politischen Gesch\u00e4fte, um die riesigen Umz\u00fcge nicht zu verpassen. Sie sollten nach Teneriffa reisen, wenn Sie gern Wandern und kleine Abenteuer in sch\u00f6ner Natur erleben m\u00f6chten, aktiver Wellenreiter sind oder einen abwechslungsreichen Familienurlaub erleben m\u00f6chten.<\/p>\n<h3 style=\"text-align: justify;\"><strong>Kanaren-Urlaub auf La Gomera \u2013 der Individuellen<\/strong><\/h3>\n<p style=\"text-align: justify;\"><a href=\"https:\/\/www.olimar.de\/spanien\/kanaren\/la-gomera\/\">La Gomera<\/a> ist die zweitkleinste kanarische Insel und kann nur durch eine F\u00e4hr\u00fcberfahrt von Teneriffa aus bereist werden, denn einen Flughafen findet man hier nicht. \u00c4hnlich wie der gro\u00dfe Nachbar ist der Norden der Insel feucht und gr\u00fcn, aber der S\u00fcden trocken und mit sch\u00f6nen Sandstr\u00e4nden versehen. Das Reiseziel besitzt einen Hippie Flair, weswegen es besonders bei Individualreisenden beliebt ist. Wie auf allen kanarischen Inseln findet man hier tolle Wanderwege oder Mountainbike Routen, die aber aufgrund des weniger stattfindenden Tourismus viel ruhiger sind als auf den Nachbarinseln (lesen Sie hier dazu auch den Artikel <a href=\"https:\/\/blog.olimar.de\/rundwanderung-la-gomera\/\">&#8220;Rundwanderung durch La Gomeras zauberhaften Nebelwald&#8221;<\/a>). Ein besonderes Spektakel f\u00fcr Naturliebhaber sind die hier sehr gut zu beobachtenden Wale. Das Wasser ist hier besonders klar, dass die Wahrscheinlichkeit einen der Meeress\u00e4uger zu entdecken besonders gro\u00df ist (dazu empfehlen wir Ihnen den Artikel <a href=\"https:\/\/blog.olimar.de\/la-gomera-whalewatching\/\">&#8220;La Gomera &#8211; auf Tuchf\u00fchlung mit Delfinen, Walen &amp; Co.&#8221;<\/a>.<br \/>\nSpanischsprechende Urlauber k\u00f6nnen auch hier an ihre Grenzen kommen, denn La Gomera hat eine eigene Pfeifsprache, die sogar von der UNESCO zum Immateriellen Weltkulturerbe 2009 ernannt wurde. La Gomera ist die richtige Insel f\u00fcr Sie, wenn Sie abseits des Tourismus nach sch\u00f6ner Natur und Str\u00e4nden suchen. Wanderer, Mountainbiker und Naturliebhaber finden hier ihr Urlaubsparadies.<\/p>\n<div id='gallery-6' class='gallery galleryid-10043 gallery-columns-3 gallery-size-medium'><dl class='gallery-item'>\n\t\t\t<dt class='gallery-icon landscape'>\n\t\t\t\t<img loading=\"lazy\" decoding=\"async\" width=\"300\" height=\"200\" src=\"https:\/\/blog.olimar.de\/wp-content\/uploads\/2015\/07\/Gomera_Wanderung_Olimar_1200x800-300x200.jpg\" class=\"attachment-medium size-medium\" alt=\"Wanderweg durch den Nebelwald auf La Gomera\" srcset=\"https:\/\/blog.olimar.de\/wp-content\/uploads\/2015\/07\/Gomera_Wanderung_Olimar_1200x800-300x200.jpg 300w, https:\/\/blog.olimar.de\/wp-content\/uploads\/2015\/07\/Gomera_Wanderung_Olimar_1200x800-1024x683.jpg 1024w, https:\/\/blog.olimar.de\/wp-content\/uploads\/2015\/07\/Gomera_Wanderung_Olimar_1200x800-840x560.jpg 840w, https:\/\/blog.olimar.de\/wp-content\/uploads\/2015\/07\/Gomera_Wanderung_Olimar_1200x800-e1459347205335.jpg 1100w\" sizes=\"auto, (max-width: 300px) 100vw, 300px\" \/>\n\t\t\t<\/dt><\/dl><dl class='gallery-item'>\n\t\t\t<dt class='gallery-icon landscape'>\n\t\t\t\t<img loading=\"lazy\" decoding=\"async\" width=\"300\" height=\"225\" src=\"https:\/\/blog.olimar.de\/wp-content\/uploads\/2015\/08\/Delfin_Boot-300x225.jpg\" class=\"attachment-medium size-medium\" alt=\"Delfin neben dem Whale Watching Boot vor La Gomera\" srcset=\"https:\/\/blog.olimar.de\/wp-content\/uploads\/2015\/08\/Delfin_Boot-300x225.jpg 300w, https:\/\/blog.olimar.de\/wp-content\/uploads\/2015\/08\/Delfin_Boot-1024x768.jpg 1024w, https:\/\/blog.olimar.de\/wp-content\/uploads\/2015\/08\/Delfin_Boot.jpg 1280w\" sizes=\"auto, (max-width: 300px) 100vw, 300px\" \/>\n\t\t\t<\/dt><\/dl><dl class='gallery-item'>\n\t\t\t<dt class='gallery-icon landscape'>\n\t\t\t\t<img loading=\"lazy\" decoding=\"async\" width=\"300\" height=\"225\" src=\"https:\/\/blog.olimar.de\/wp-content\/uploads\/2015\/08\/Valle_Gran_Rey-300x225.jpg\" class=\"attachment-medium size-medium\" alt=\"Panoramablick in das Tal Valle Gran Rey auf La Gomera\" aria-describedby=\"gallery-6-2547\" srcset=\"https:\/\/blog.olimar.de\/wp-content\/uploads\/2015\/08\/Valle_Gran_Rey-300x225.jpg 300w, https:\/\/blog.olimar.de\/wp-content\/uploads\/2015\/08\/Valle_Gran_Rey-1024x768.jpg 1024w, https:\/\/blog.olimar.de\/wp-content\/uploads\/2015\/08\/Valle_Gran_Rey.jpg 1143w\" sizes=\"auto, (max-width: 300px) 100vw, 300px\" \/>\n\t\t\t<\/dt>\n\t\t\t\t<dd class='wp-caption-text gallery-caption' id='gallery-6-2547'>\n\t\t\t\tBlick in das ber\u00fchmte Tal Valle Gran Rey\n\t\t\t\t<\/dd><\/dl><br style=\"clear: both\" \/>\n\t\t<\/div>\n\n<h3 style=\"text-align: justify;\"><strong>Kanaren-Urlaub auf La Palma \u2013 der Romantischen<\/strong><\/h3>\n<p style=\"text-align: justify;\">Wenn Sie Ihrem Schatz die Sterne vom Himmel holen m\u00f6chten, dann sollten Sie nach <a href=\"https:\/\/www.olimar.de\/spanien\/kanaren\/la-palma\/\">La Palma<\/a> reisen. Sobald die Nacht \u00fcber der Insel einbricht, verwandelt sich der Himmel in ein Meer aus Sternen. Sogar die Milchstra\u00dfe kann mit blo\u00dfem Auge gesehen werden. Der Grund f\u00fcr die gute Sicht am Abend ist das wenige k\u00fcnstliche Licht auf der Insel durch die geringe Besiedlung. Besonders nah lassen sich die Himmelsfiguren in einer der vielen Sternwarten bestaunen. Das Observatorium Roque de Los Muchachos gilt dabei als eine der leistungsst\u00e4rksten Institutionen. Romantischer kann es wohl kaum noch werden. Am Tag \u00fcberzeugt La Palma mit seinen W\u00e4ldern und der gr\u00fcnen Natur. Nicht umsonst tr\u00e4gt die Insel den Namen \u201eLa Isla Verde\u201c, also \u201eDie gr\u00fcne Insel\u201c. Zahlreiche Wanderwege, sch\u00f6ne Badebuchten und auch schwarze Str\u00e4nde vulkanischen Ursprungs bieten die besten Bedingungen zum Seele baumeln lassen. F\u00fcr La Palma sollten Sie sich entscheiden, wenn Sie Romantiker durch und durch sind und den sch\u00f6nen Sternenhimmel schon immer von Nahem sehen wollten oder wenn Sie auf der Suche nach einem ruhigen Aktivurlaub mit zahlreichen Badem\u00f6glichkeiten sind.<\/p>\n<div id='gallery-7' class='gallery galleryid-10043 gallery-columns-3 gallery-size-medium'><dl class='gallery-item'>\n\t\t\t<dt class='gallery-icon landscape'>\n\t\t\t\t<img loading=\"lazy\" decoding=\"async\" width=\"300\" height=\"200\" src=\"https:\/\/blog.olimar.de\/wp-content\/uploads\/2018\/12\/ES-Kanaren-LaPalma-NocturnaViaLactea-c-Dominic_Dahncke-300x200.jpg\" class=\"attachment-medium size-medium\" alt=\"Sternenhimmel \u00fcber La Palma\" srcset=\"https:\/\/blog.olimar.de\/wp-content\/uploads\/2018\/12\/ES-Kanaren-LaPalma-NocturnaViaLactea-c-Dominic_Dahncke-300x200.jpg 300w, https:\/\/blog.olimar.de\/wp-content\/uploads\/2018\/12\/ES-Kanaren-LaPalma-NocturnaViaLactea-c-Dominic_Dahncke-768x513.jpg 768w, https:\/\/blog.olimar.de\/wp-content\/uploads\/2018\/12\/ES-Kanaren-LaPalma-NocturnaViaLactea-c-Dominic_Dahncke-1024x684.jpg 1024w, https:\/\/blog.olimar.de\/wp-content\/uploads\/2018\/12\/ES-Kanaren-LaPalma-NocturnaViaLactea-c-Dominic_Dahncke-840x560.jpg 840w, https:\/\/blog.olimar.de\/wp-content\/uploads\/2018\/12\/ES-Kanaren-LaPalma-NocturnaViaLactea-c-Dominic_Dahncke-1200x800.jpg 1200w, https:\/\/blog.olimar.de\/wp-content\/uploads\/2018\/12\/ES-Kanaren-LaPalma-NocturnaViaLactea-c-Dominic_Dahncke.jpg 1618w\" sizes=\"auto, (max-width: 300px) 100vw, 300px\" \/>\n\t\t\t<\/dt><\/dl><dl class='gallery-item'>\n\t\t\t<dt class='gallery-icon landscape'>\n\t\t\t\t<img loading=\"lazy\" decoding=\"async\" width=\"300\" height=\"200\" src=\"https:\/\/blog.olimar.de\/wp-content\/uploads\/2018\/12\/ES-Kanaren-LaPalma-LlanosDelJable-c-Eisenschink-300x200.jpg\" class=\"attachment-medium size-medium\" alt=\"Wandern auf La Palma\" srcset=\"https:\/\/blog.olimar.de\/wp-content\/uploads\/2018\/12\/ES-Kanaren-LaPalma-LlanosDelJable-c-Eisenschink-300x200.jpg 300w, https:\/\/blog.olimar.de\/wp-content\/uploads\/2018\/12\/ES-Kanaren-LaPalma-LlanosDelJable-c-Eisenschink-768x512.jpg 768w, https:\/\/blog.olimar.de\/wp-content\/uploads\/2018\/12\/ES-Kanaren-LaPalma-LlanosDelJable-c-Eisenschink-1024x683.jpg 1024w, https:\/\/blog.olimar.de\/wp-content\/uploads\/2018\/12\/ES-Kanaren-LaPalma-LlanosDelJable-c-Eisenschink-840x560.jpg 840w, https:\/\/blog.olimar.de\/wp-content\/uploads\/2018\/12\/ES-Kanaren-LaPalma-LlanosDelJable-c-Eisenschink-1200x800.jpg 1200w, https:\/\/blog.olimar.de\/wp-content\/uploads\/2018\/12\/ES-Kanaren-LaPalma-LlanosDelJable-c-Eisenschink.jpg 1620w\" sizes=\"auto, (max-width: 300px) 100vw, 300px\" \/>\n\t\t\t<\/dt><\/dl><dl class='gallery-item'>\n\t\t\t<dt class='gallery-icon landscape'>\n\t\t\t\t<img loading=\"lazy\" decoding=\"async\" width=\"300\" height=\"199\" src=\"https:\/\/blog.olimar.de\/wp-content\/uploads\/2018\/12\/ES-Kanaren-LaPalma-NationalparkCalderadeTaburiente-3801190-c-Turespana-300x199.jpg\" class=\"attachment-medium size-medium\" alt=\"Caldera de Taburiente auf La Palma\" srcset=\"https:\/\/blog.olimar.de\/wp-content\/uploads\/2018\/12\/ES-Kanaren-LaPalma-NationalparkCalderadeTaburiente-3801190-c-Turespana-300x199.jpg 300w, https:\/\/blog.olimar.de\/wp-content\/uploads\/2018\/12\/ES-Kanaren-LaPalma-NationalparkCalderadeTaburiente-3801190-c-Turespana-768x510.jpg 768w, https:\/\/blog.olimar.de\/wp-content\/uploads\/2018\/12\/ES-Kanaren-LaPalma-NationalparkCalderadeTaburiente-3801190-c-Turespana-840x560.jpg 840w, https:\/\/blog.olimar.de\/wp-content\/uploads\/2018\/12\/ES-Kanaren-LaPalma-NationalparkCalderadeTaburiente-3801190-c-Turespana.jpg 1000w\" sizes=\"auto, (max-width: 300px) 100vw, 300px\" \/>\n\t\t\t<\/dt><\/dl><br style=\"clear: both\" \/>\n\t\t<\/div>\n\n<h3 style=\"text-align: justify;\"><strong>Kanaren-Urlaub auf El Hierro \u2013 der Ruhigen<\/strong><\/h3>\n<p style=\"text-align: justify;\">Sie suchen die perfekte Entspannung vom Alltag und wollen sogar mal nicht erreichbar sein? Dann ist <a href=\"https:\/\/www.olimar.de\/spanien\/kanaren\/el-hierro\/\" data-wplink-edit=\"true\">El Hierro<\/a> das richtige Urlaubsziel f\u00fcr Sie. Hier scheint die Zeit stehen geblieben zu sein, denn die Insel ist sehr urspr\u00fcnglich und d\u00fcnn besiedelt. Die kleinste der 7 Inseln bietet weder Autobahnen, noch gro\u00dfe Einkaufszentren oder Vergn\u00fcgungsparks, daf\u00fcr erleben Urlauber eine naturbelassene Insel f\u00fcr entspannte Ferien und Aussteiger. Zu den Sehensw\u00fcrdigkeiten z\u00e4hlt ganz klar die Natur. Neben endlos wirkenden Sandstr\u00e4nden mit kristallklarem Wasser bietet El Hierro auch zahlreiche Meerwasserschwimmbecken, die in die sch\u00f6ne Vulkanlandschaft eingebettet sind. Die Insel z\u00e4hlt zudem bei Tauchern zu den absoluten Lieblingspl\u00e4tzen, an denen beispielweise Hammerhaie oder Delfine beobachtet werden k\u00f6nnen. Obwohl El Hierro sehr klein ist, werden einem hier vielseitige Landschaften geboten, die von \u00fcppigen W\u00e4ldern, \u00fcber Lavalandschaften, bis hin zu Wein- und Obstplantagen reichen. So z\u00e4hlt die Ananas zu den wichtigsten landschaftlichen G\u00fctern der Insel. F\u00fcr diejenigen, die neben der Ruhe dennoch etwas Abwechslung haben m\u00f6chte, birgt die Hauptstadt Valverde kleine Boutiquen, Caf\u00e9s und Restaurants mit spanischen Spezialit\u00e4ten. Sie suchen nach viel Ruhe, urspr\u00fcnglicher Natur und atemberaubenden Landschaften? Dann ist El Hierro genau das richtige Urlaubsparadies f\u00fcr Sie.<\/p>\n<div id='gallery-8' class='gallery galleryid-10043 gallery-columns-3 gallery-size-medium'><dl class='gallery-item'>\n\t\t\t<dt class='gallery-icon landscape'>\n\t\t\t\t<img loading=\"lazy\" decoding=\"async\" width=\"300\" height=\"248\" src=\"https:\/\/blog.olimar.de\/wp-content\/uploads\/2015\/09\/ELHierro-Valverde-KircheLaConcepcion-c-Turespana-300x248.jpg\" class=\"attachment-medium size-medium\" alt=\"Kirche La Concepcion in Valverde auf El Hierro\" srcset=\"https:\/\/blog.olimar.de\/wp-content\/uploads\/2015\/09\/ELHierro-Valverde-KircheLaConcepcion-c-Turespana-300x248.jpg 300w, https:\/\/blog.olimar.de\/wp-content\/uploads\/2015\/09\/ELHierro-Valverde-KircheLaConcepcion-c-Turespana.jpg 1000w\" sizes=\"auto, (max-width: 300px) 100vw, 300px\" \/>\n\t\t\t<\/dt><\/dl><dl class='gallery-item'>\n\t\t\t<dt class='gallery-icon landscape'>\n\t\t\t\t<img loading=\"lazy\" decoding=\"async\" width=\"300\" height=\"229\" src=\"https:\/\/blog.olimar.de\/wp-content\/uploads\/2015\/09\/ElHierro-SanAndres-ComarcaDeJinama-Turespana-300x229.jpg\" class=\"attachment-medium size-medium\" alt=\"Wiesen mit Steinwall auf El Hierro\" srcset=\"https:\/\/blog.olimar.de\/wp-content\/uploads\/2015\/09\/ElHierro-SanAndres-ComarcaDeJinama-Turespana-300x229.jpg 300w, https:\/\/blog.olimar.de\/wp-content\/uploads\/2015\/09\/ElHierro-SanAndres-ComarcaDeJinama-Turespana.jpg 1000w\" sizes=\"auto, (max-width: 300px) 100vw, 300px\" \/>\n\t\t\t<\/dt><\/dl><dl class='gallery-item'>\n\t\t\t<dt class='gallery-icon landscape'>\n\t\t\t\t<img loading=\"lazy\" decoding=\"async\" width=\"300\" height=\"247\" src=\"https:\/\/blog.olimar.de\/wp-content\/uploads\/2015\/09\/ElHierro-Guarazoca-AussichtspunktLaPena-c-Turespana-300x247.jpg\" class=\"attachment-medium size-medium\" alt=\"Aussichtspunkt La Pena mit Blick auf das Meer auf El Hierro\" srcset=\"https:\/\/blog.olimar.de\/wp-content\/uploads\/2015\/09\/ElHierro-Guarazoca-AussichtspunktLaPena-c-Turespana-300x247.jpg 300w, https:\/\/blog.olimar.de\/wp-content\/uploads\/2015\/09\/ElHierro-Guarazoca-AussichtspunktLaPena-c-Turespana.jpg 1000w\" sizes=\"auto, (max-width: 300px) 100vw, 300px\" \/>\n\t\t\t<\/dt><\/dl><br style=\"clear: both\" \/>\n\t\t<\/div>\n\n<h3 style=\"text-align: justify;\"><strong>Haben Sie sich entschieden?<\/strong><\/h3>\n<p style=\"text-align: justify;\">Der Urlaub ist f\u00fcr jeden ein sensibles Thema, denn man erhofft sich etwas ganz Besonderes f\u00fcr sich, seinen Partner und seine Familie. Deshalb sollte die Wahl nach dem perfekten Ziel gr\u00fcndlich \u00fcberdacht werden und auf die eigenen Interessen abgestimmt sein. Die Kanarischen Inseln \u00e4hneln sich zwar in vielen Punkten. Nichtsdestotrotz k\u00f6nnten sie auf der anderen Seite nicht unterschiedlich sein. W\u00e4hlen Sie Ihre Trauminseln und erleben Sie Ihre unvergessliche Reise!<\/p>\n","protected":false},"excerpt":{"rendered":"<p>Kaum eine Inselgruppe k\u00f6nnte in sich so unterschiedlich sein wie die Kanaren. Abseits von sch\u00f6nsten Wetterbedingungen das ganze Jahr \u00fcber hat jede der sieben Inseln ihren eigenen Charakter. Reisende sollten sich daher im Vorfeld genau informieren, welche Insel am besten zu den eigenen Vorstellungen vom Kanaren-Urlaub passt. Fuerteventura, El Hierro, Gran Canaria, La Gomera, La Palma, Lanzarote oder doch Teneriffa? Diese Fakten k\u00f6nnten die Antwort bringen.<\/p>\n","protected":false},"author":69,"featured_media":10064,"comment_status":"open","ping_status":"open","sticky":false,"template":"","format":"standard","meta":{"_crdt_document":"","_lmt_disableupdate":"","_lmt_disable":"","footnotes":""},"categories":[29,31],"tags":[125,126,133,115,116,124,127,62,66],"class_list":["post-10043","post","type-post","status-publish","format-standard","has-post-thumbnail","hentry","category-aktiv-natur","category-land-leute","tag-el-hierro","tag-fuerteventura","tag-gran-canaria","tag-kanaren","tag-la-gomera","tag-la-palma","tag-lanzarote","tag-spanien","tag-teneriffa"],"yoast_head":"<!-- This site is optimized with the Yoast SEO plugin v26.9 - https:\/\/yoast.com\/product\/yoast-seo-wordpress\/ -->\n<title>Tipps f\u00fcr die Inselauswahl f\u00fcr den Kanaren-Urlaub<\/title>\n<meta name=\"description\" content=\"Die Wahl der Insel sollte vor einem Kanaren-Urlaub gut \u00fcberlegt sein. Denn kaum eine Inselgruppe k\u00f6nnte in sich unterschiedlicher sein. Wir kl\u00e4ren auf.\" \/>\n<meta name=\"robots\" content=\"index, follow, max-snippet:-1, max-image-preview:large, max-video-preview:-1\" \/>\n<link rel=\"canonical\" href=\"https:\/\/blog.olimar.de\/kanaren-urlaub\/\" \/>\n<meta property=\"og:locale\" content=\"de_DE\" \/>\n<meta property=\"og:type\" content=\"article\" \/>\n<meta property=\"og:title\" content=\"Tipps f\u00fcr die Inselauswahl f\u00fcr den Kanaren-Urlaub\" \/>\n<meta property=\"og:description\" content=\"Die Wahl der Insel sollte vor einem Kanaren-Urlaub gut \u00fcberlegt sein. Denn kaum eine Inselgruppe k\u00f6nnte in sich unterschiedlicher sein. Wir kl\u00e4ren auf.\" \/>\n<meta property=\"og:url\" content=\"https:\/\/blog.olimar.de\/kanaren-urlaub\/\" \/>\n<meta property=\"article:publisher\" content=\"https:\/\/www.facebook.com\/OlimarReisen\" \/>\n<meta property=\"article:published_time\" content=\"2018-12-04T16:37:20+00:00\" \/>\n<meta property=\"article:modified_time\" content=\"2025-02-05T10:18:39+00:00\" \/>\n<meta property=\"og:image\" content=\"https:\/\/blog.olimar.de\/wp-content\/uploads\/2018\/12\/ES-Kanaren-Fuerteventura-LobosIslandandCorralejo-42976377-fotolia17-c-nito-e1562249715477.jpg\" \/>\n\t<meta property=\"og:image:width\" content=\"799\" \/>\n\t<meta property=\"og:image:height\" content=\"531\" \/>\n\t<meta property=\"og:image:type\" content=\"image\/jpeg\" \/>\n<meta name=\"author\" content=\"Juliane Meinke\" \/>\n<meta name=\"twitter:label1\" content=\"Verfasst von\" \/>\n\t<meta name=\"twitter:data1\" content=\"Juliane Meinke\" \/>\n\t<meta name=\"twitter:label2\" content=\"Gesch\u00e4tzte Lesezeit\" \/>\n\t<meta name=\"twitter:data2\" content=\"11\u00a0Minuten\" \/>\n<script type=\"application\/ld+json\" class=\"yoast-schema-graph\">{\"@context\":\"https:\/\/schema.org\",\"@graph\":[{\"@type\":\"WebPage\",\"@id\":\"https:\/\/blog.olimar.de\/kanaren-urlaub\/\",\"url\":\"https:\/\/blog.olimar.de\/kanaren-urlaub\/\",\"name\":\"Tipps f\u00fcr die Inselauswahl f\u00fcr den Kanaren-Urlaub\",\"isPartOf\":{\"@id\":\"https:\/\/blog.olimar.de\/#website\"},\"primaryImageOfPage\":{\"@id\":\"https:\/\/blog.olimar.de\/kanaren-urlaub\/#primaryimage\"},\"image\":{\"@id\":\"https:\/\/blog.olimar.de\/kanaren-urlaub\/#primaryimage\"},\"thumbnailUrl\":\"https:\/\/blog.olimar.de\/wp-content\/uploads\/2018\/12\/ES-Kanaren-Fuerteventura-LobosIslandandCorralejo-42976377-fotolia17-c-nito-e1562249715477.jpg\",\"datePublished\":\"2018-12-04T16:37:20+00:00\",\"dateModified\":\"2025-02-05T10:18:39+00:00\",\"description\":\"Die Wahl der Insel sollte vor einem Kanaren-Urlaub gut \u00fcberlegt sein. Denn kaum eine Inselgruppe k\u00f6nnte in sich unterschiedlicher sein. Wir kl\u00e4ren auf.\",\"breadcrumb\":{\"@id\":\"https:\/\/blog.olimar.de\/kanaren-urlaub\/#breadcrumb\"},\"inLanguage\":\"de\",\"potentialAction\":[{\"@type\":\"ReadAction\",\"target\":[\"https:\/\/blog.olimar.de\/kanaren-urlaub\/\"]}]},{\"@type\":\"ImageObject\",\"inLanguage\":\"de\",\"@id\":\"https:\/\/blog.olimar.de\/kanaren-urlaub\/#primaryimage\",\"url\":\"https:\/\/blog.olimar.de\/wp-content\/uploads\/2018\/12\/ES-Kanaren-Fuerteventura-LobosIslandandCorralejo-42976377-fotolia17-c-nito-e1562249715477.jpg\",\"contentUrl\":\"https:\/\/blog.olimar.de\/wp-content\/uploads\/2018\/12\/ES-Kanaren-Fuerteventura-LobosIslandandCorralejo-42976377-fotolia17-c-nito-e1562249715477.jpg\",\"width\":799,\"height\":531,\"caption\":\"Ausblick auf Fuerteventura\"},{\"@type\":\"BreadcrumbList\",\"@id\":\"https:\/\/blog.olimar.de\/kanaren-urlaub\/#breadcrumb\",\"itemListElement\":[{\"@type\":\"ListItem\",\"position\":1,\"name\":\"Home\",\"item\":\"https:\/\/blog.olimar.de\/\"},{\"@type\":\"ListItem\",\"position\":2,\"name\":\"El Hierro\",\"item\":\"https:\/\/blog.olimar.de\/tag\/el-hierro\/\"},{\"@type\":\"ListItem\",\"position\":3,\"name\":\"Wer die Wahl hat, hat die Kanaren &#8211; Tipps f\u00fcr die perfekte Insel im Kanaren-Urlaub\"}]},{\"@type\":\"WebSite\",\"@id\":\"https:\/\/blog.olimar.de\/#website\",\"url\":\"https:\/\/blog.olimar.de\/\",\"name\":\"OLIMAR.com\",\"description\":\"\",\"publisher\":{\"@id\":\"https:\/\/blog.olimar.de\/#organization\"},\"potentialAction\":[{\"@type\":\"SearchAction\",\"target\":{\"@type\":\"EntryPoint\",\"urlTemplate\":\"https:\/\/blog.olimar.de\/?s={search_term_string}\"},\"query-input\":{\"@type\":\"PropertyValueSpecification\",\"valueRequired\":true,\"valueName\":\"search_term_string\"}}],\"inLanguage\":\"de\"},{\"@type\":\"Organization\",\"@id\":\"https:\/\/blog.olimar.de\/#organization\",\"name\":\"OLIMAR Reisen\",\"url\":\"https:\/\/blog.olimar.de\/\",\"logo\":{\"@type\":\"ImageObject\",\"inLanguage\":\"de\",\"@id\":\"https:\/\/blog.olimar.de\/#\/schema\/logo\/image\/\",\"url\":\"https:\/\/blog.olimar.de\/wp-content\/uploads\/2021\/01\/OLIMAR_Logo_COLOR.png\",\"contentUrl\":\"https:\/\/blog.olimar.de\/wp-content\/uploads\/2021\/01\/OLIMAR_Logo_COLOR.png\",\"width\":2000,\"height\":986,\"caption\":\"OLIMAR Reisen\"},\"image\":{\"@id\":\"https:\/\/blog.olimar.de\/#\/schema\/logo\/image\/\"},\"sameAs\":[\"https:\/\/www.facebook.com\/OlimarReisen\",\"https:\/\/x.com\/olimarrreisen\",\"https:\/\/www.instagram.com\/olimarreisen\",\"https:\/\/www.youtube.com\/user\/olimarreisen\"]}]}<\/script>\n<!-- \/ Yoast SEO plugin. -->","yoast_head_json":{"title":"Tipps f\u00fcr die Inselauswahl f\u00fcr den Kanaren-Urlaub","description":"Die Wahl der Insel sollte vor einem Kanaren-Urlaub gut \u00fcberlegt sein. Denn kaum eine Inselgruppe k\u00f6nnte in sich unterschiedlicher sein. Wir kl\u00e4ren auf.","robots":{"index":"index","follow":"follow","max-snippet":"max-snippet:-1","max-image-preview":"max-image-preview:large","max-video-preview":"max-video-preview:-1"},"canonical":"https:\/\/blog.olimar.de\/kanaren-urlaub\/","og_locale":"de_DE","og_type":"article","og_title":"Tipps f\u00fcr die Inselauswahl f\u00fcr den Kanaren-Urlaub","og_description":"Die Wahl der Insel sollte vor einem Kanaren-Urlaub gut \u00fcberlegt sein. Denn kaum eine Inselgruppe k\u00f6nnte in sich unterschiedlicher sein. Wir kl\u00e4ren auf.","og_url":"https:\/\/blog.olimar.de\/kanaren-urlaub\/","article_publisher":"https:\/\/www.facebook.com\/OlimarReisen","article_published_time":"2018-12-04T16:37:20+00:00","article_modified_time":"2025-02-05T10:18:39+00:00","og_image":[{"width":799,"height":531,"url":"https:\/\/blog.olimar.de\/wp-content\/uploads\/2018\/12\/ES-Kanaren-Fuerteventura-LobosIslandandCorralejo-42976377-fotolia17-c-nito-e1562249715477.jpg","type":"image\/jpeg"}],"author":"Juliane Meinke","twitter_misc":{"Verfasst von":"Juliane Meinke","Gesch\u00e4tzte Lesezeit":"11\u00a0Minuten"},"schema":{"@context":"https:\/\/schema.org","@graph":[{"@type":"WebPage","@id":"https:\/\/blog.olimar.de\/kanaren-urlaub\/","url":"https:\/\/blog.olimar.de\/kanaren-urlaub\/","name":"Tipps f\u00fcr die Inselauswahl f\u00fcr den Kanaren-Urlaub","isPartOf":{"@id":"https:\/\/blog.olimar.de\/#website"},"primaryImageOfPage":{"@id":"https:\/\/blog.olimar.de\/kanaren-urlaub\/#primaryimage"},"image":{"@id":"https:\/\/blog.olimar.de\/kanaren-urlaub\/#primaryimage"},"thumbnailUrl":"https:\/\/blog.olimar.de\/wp-content\/uploads\/2018\/12\/ES-Kanaren-Fuerteventura-LobosIslandandCorralejo-42976377-fotolia17-c-nito-e1562249715477.jpg","datePublished":"2018-12-04T16:37:20+00:00","dateModified":"2025-02-05T10:18:39+00:00","description":"Die Wahl der Insel sollte vor einem Kanaren-Urlaub gut \u00fcberlegt sein. Denn kaum eine Inselgruppe k\u00f6nnte in sich unterschiedlicher sein. Wir kl\u00e4ren auf.","breadcrumb":{"@id":"https:\/\/blog.olimar.de\/kanaren-urlaub\/#breadcrumb"},"inLanguage":"de","potentialAction":[{"@type":"ReadAction","target":["https:\/\/blog.olimar.de\/kanaren-urlaub\/"]}]},{"@type":"ImageObject","inLanguage":"de","@id":"https:\/\/blog.olimar.de\/kanaren-urlaub\/#primaryimage","url":"https:\/\/blog.olimar.de\/wp-content\/uploads\/2018\/12\/ES-Kanaren-Fuerteventura-LobosIslandandCorralejo-42976377-fotolia17-c-nito-e1562249715477.jpg","contentUrl":"https:\/\/blog.olimar.de\/wp-content\/uploads\/2018\/12\/ES-Kanaren-Fuerteventura-LobosIslandandCorralejo-42976377-fotolia17-c-nito-e1562249715477.jpg","width":799,"height":531,"caption":"Ausblick auf Fuerteventura"},{"@type":"BreadcrumbList","@id":"https:\/\/blog.olimar.de\/kanaren-urlaub\/#breadcrumb","itemListElement":[{"@type":"ListItem","position":1,"name":"Home","item":"https:\/\/blog.olimar.de\/"},{"@type":"ListItem","position":2,"name":"El Hierro","item":"https:\/\/blog.olimar.de\/tag\/el-hierro\/"},{"@type":"ListItem","position":3,"name":"Wer die Wahl hat, hat die Kanaren &#8211; Tipps f\u00fcr die perfekte Insel im Kanaren-Urlaub"}]},{"@type":"WebSite","@id":"https:\/\/blog.olimar.de\/#website","url":"https:\/\/blog.olimar.de\/","name":"OLIMAR.com","description":"","publisher":{"@id":"https:\/\/blog.olimar.de\/#organization"},"potentialAction":[{"@type":"SearchAction","target":{"@type":"EntryPoint","urlTemplate":"https:\/\/blog.olimar.de\/?s={search_term_string}"},"query-input":{"@type":"PropertyValueSpecification","valueRequired":true,"valueName":"search_term_string"}}],"inLanguage":"de"},{"@type":"Organization","@id":"https:\/\/blog.olimar.de\/#organization","name":"OLIMAR Reisen","url":"https:\/\/blog.olimar.de\/","logo":{"@type":"ImageObject","inLanguage":"de","@id":"https:\/\/blog.olimar.de\/#\/schema\/logo\/image\/","url":"https:\/\/blog.olimar.de\/wp-content\/uploads\/2021\/01\/OLIMAR_Logo_COLOR.png","contentUrl":"https:\/\/blog.olimar.de\/wp-content\/uploads\/2021\/01\/OLIMAR_Logo_COLOR.png","width":2000,"height":986,"caption":"OLIMAR Reisen"},"image":{"@id":"https:\/\/blog.olimar.de\/#\/schema\/logo\/image\/"},"sameAs":["https:\/\/www.facebook.com\/OlimarReisen","https:\/\/x.com\/olimarrreisen","https:\/\/www.instagram.com\/olimarreisen","https:\/\/www.youtube.com\/user\/olimarreisen"]}]}},"modified_by":"Wiebke Fix","jetpack_featured_media_url":"https:\/\/blog.olimar.de\/wp-content\/uploads\/2018\/12\/ES-Kanaren-Fuerteventura-LobosIslandandCorralejo-42976377-fotolia17-c-nito-e1562249715477.jpg","_links":{"self":[{"href":"https:\/\/blog.olimar.de\/wp-json\/wp\/v2\/posts\/10043","targetHints":{"allow":["GET"]}}],"collection":[{"href":"https:\/\/blog.olimar.de\/wp-json\/wp\/v2\/posts"}],"about":[{"href":"https:\/\/blog.olimar.de\/wp-json\/wp\/v2\/types\/post"}],"author":[{"embeddable":true,"href":"https:\/\/blog.olimar.de\/wp-json\/wp\/v2\/users\/69"}],"replies":[{"embeddable":true,"href":"https:\/\/blog.olimar.de\/wp-json\/wp\/v2\/comments?post=10043"}],"version-history":[{"count":29,"href":"https:\/\/blog.olimar.de\/wp-json\/wp\/v2\/posts\/10043\/revisions"}],"predecessor-version":[{"id":28646,"href":"https:\/\/blog.olimar.de\/wp-json\/wp\/v2\/posts\/10043\/revisions\/28646"}],"wp:featuredmedia":[{"embeddable":true,"href":"https:\/\/blog.olimar.de\/wp-json\/wp\/v2\/media\/10064"}],"wp:attachment":[{"href":"https:\/\/blog.olimar.de\/wp-json\/wp\/v2\/media?parent=10043"}],"wp:term":[{"taxonomy":"category","embeddable":true,"href":"https:\/\/blog.olimar.de\/wp-json\/wp\/v2\/categories?post=10043"},{"taxonomy":"post_tag","embeddable":true,"href":"https:\/\/blog.olimar.de\/wp-json\/wp\/v2\/tags?post=10043"}],"curies":[{"name":"wp","href":"https:\/\/api.w.org\/{rel}","templated":true}]}}