{"id":10117,"date":"2018-12-13T17:10:08","date_gmt":"2018-12-13T15:10:08","guid":{"rendered":"https:\/\/blog.olimar.de\/?p=10117"},"modified":"2021-03-23T12:09:59","modified_gmt":"2021-03-23T11:09:59","slug":"lissabon-highlights-2019","status":"publish","type":"post","link":"https:\/\/blog.olimar.de\/lissabon-highlights-2019\/","title":{"rendered":"Lissabon Highlights 2019 &#8211; ein Jahr voller unvergesslicher Events"},"content":{"rendered":"<p class=\"intro\" style=\"text-align: justify;\">Auch im Jahr 2019 zeigt sich Lissabon wieder von seiner besten Seite und bietet unz\u00e4hlige Attraktionen, Festivals und Events, die man nicht verpassen sollte. So wird der St\u00e4dtetrip in die portugiesische Hauptstadt zum unvergesslichen Erlebnis.<\/p>\n<h3 style=\"text-align: left;\"><strong>Januar in Lissabon \u2013 Manege frei f\u00fcr den Cirque du Soleil<\/strong><\/h3>\n<p style=\"text-align: justify;\">Wer denkt, dass sich eine Reise im Winter nicht lohnt, der untersch\u00e4tzt die City am Atlantischen Ozean gewaltig. Reisende jeden Alters d\u00fcrfen sich beispielsweise vom 3. bis 13. Januar auf die R\u00fcckkehr des \u201eCirque du Soleil\u201c nach Lissabon freuen. Die Akrobaten aus 14 verschiedenen Nationen stellen die Show \u201eOVO\u201c vor, die die Geschichte der Insektenwelt erz\u00e4hlt, die durch die unerwartete Ankunft des mysteri\u00f6sen Eis buchst\u00e4blich auf den Kopf gestellt wird. Gro\u00dfe und kleine Zirkusherzen werden h\u00f6her denn je schlagen.<\/p>\n<h3 style=\"text-align: left;\"><strong>M\u00e4rz in Lissabon \u2013 Der Lissaboner Halbmarathon<\/strong><\/h3>\n<p style=\"text-align: justify;\">Schon zum 29. Mal findet am 17. M\u00e4rz in Lissabon der Halbmarathon statt und bietet somit ein sportliches Highlight f\u00fcr tausende L\u00e4ufer. Die 21 Kilometer lange Strecke f\u00fchrt unter anderem \u00fcber die Tejo-Br\u00fccke und entlang des Flussufers bis zum Hieronymuskloster nach Bel\u00e9m. Lesen Sie dazu auch den Bericht unserer Kollegin: <a href=\"https:\/\/blog.olimar.de\/lissabon-halbmarathon\/\">Der Lissabon Halbmarathon &#8211; dabei sein ist alles!<\/a><\/p>\n<div id='gallery-1' class='gallery galleryid-10117 gallery-columns-3 gallery-size-medium'><dl class='gallery-item'>\n\t\t\t<dt class='gallery-icon landscape'>\n\t\t\t\t<img loading=\"lazy\" decoding=\"async\" width=\"300\" height=\"200\" src=\"https:\/\/blog.olimar.de\/wp-content\/uploads\/2018\/12\/PT-Aktiv-Marathon2018D-c-TurismodeLisboa-300x200.jpg\" class=\"attachment-medium size-medium\" alt=\"Lissabon Halbmarathon\" aria-describedby=\"gallery-1-10122\" srcset=\"https:\/\/blog.olimar.de\/wp-content\/uploads\/2018\/12\/PT-Aktiv-Marathon2018D-c-TurismodeLisboa-300x200.jpg 300w, https:\/\/blog.olimar.de\/wp-content\/uploads\/2018\/12\/PT-Aktiv-Marathon2018D-c-TurismodeLisboa-768x512.jpg 768w, https:\/\/blog.olimar.de\/wp-content\/uploads\/2018\/12\/PT-Aktiv-Marathon2018D-c-TurismodeLisboa-1024x683.jpg 1024w, https:\/\/blog.olimar.de\/wp-content\/uploads\/2018\/12\/PT-Aktiv-Marathon2018D-c-TurismodeLisboa-840x560.jpg 840w, https:\/\/blog.olimar.de\/wp-content\/uploads\/2018\/12\/PT-Aktiv-Marathon2018D-c-TurismodeLisboa-1200x800.jpg 1200w, https:\/\/blog.olimar.de\/wp-content\/uploads\/2018\/12\/PT-Aktiv-Marathon2018D-c-TurismodeLisboa.jpg 1620w\" sizes=\"auto, (max-width: 300px) 100vw, 300px\" \/>\n\t\t\t<\/dt>\n\t\t\t\t<dd class='wp-caption-text gallery-caption' id='gallery-1-10122'>\n\t\t\t\t\u00a9 Turismo de Lisboa\n\t\t\t\t<\/dd><\/dl><dl class='gallery-item'>\n\t\t\t<dt class='gallery-icon landscape'>\n\t\t\t\t<img loading=\"lazy\" decoding=\"async\" width=\"300\" height=\"200\" src=\"https:\/\/blog.olimar.de\/wp-content\/uploads\/2018\/12\/PT-Aktiv-Marathon2018E-c-TurismodeLisboa-300x200.jpg\" class=\"attachment-medium size-medium\" alt=\"L\u00e4ufer beim Halbmarathon in Lissabon\" srcset=\"https:\/\/blog.olimar.de\/wp-content\/uploads\/2018\/12\/PT-Aktiv-Marathon2018E-c-TurismodeLisboa-300x200.jpg 300w, https:\/\/blog.olimar.de\/wp-content\/uploads\/2018\/12\/PT-Aktiv-Marathon2018E-c-TurismodeLisboa-768x512.jpg 768w, https:\/\/blog.olimar.de\/wp-content\/uploads\/2018\/12\/PT-Aktiv-Marathon2018E-c-TurismodeLisboa-1024x683.jpg 1024w, https:\/\/blog.olimar.de\/wp-content\/uploads\/2018\/12\/PT-Aktiv-Marathon2018E-c-TurismodeLisboa-840x560.jpg 840w, https:\/\/blog.olimar.de\/wp-content\/uploads\/2018\/12\/PT-Aktiv-Marathon2018E-c-TurismodeLisboa-1200x800.jpg 1200w, https:\/\/blog.olimar.de\/wp-content\/uploads\/2018\/12\/PT-Aktiv-Marathon2018E-c-TurismodeLisboa.jpg 1620w\" sizes=\"auto, (max-width: 300px) 100vw, 300px\" \/>\n\t\t\t<\/dt><\/dl><dl class='gallery-item'>\n\t\t\t<dt class='gallery-icon landscape'>\n\t\t\t\t<img loading=\"lazy\" decoding=\"async\" width=\"300\" height=\"200\" src=\"https:\/\/blog.olimar.de\/wp-content\/uploads\/2018\/12\/PT-Aktiv-Marathon2018B-c-TurismodeLisboa-300x200.jpg\" class=\"attachment-medium size-medium\" alt=\"Strecke Lissabon Halbmarathon\" srcset=\"https:\/\/blog.olimar.de\/wp-content\/uploads\/2018\/12\/PT-Aktiv-Marathon2018B-c-TurismodeLisboa-300x200.jpg 300w, https:\/\/blog.olimar.de\/wp-content\/uploads\/2018\/12\/PT-Aktiv-Marathon2018B-c-TurismodeLisboa-768x512.jpg 768w, https:\/\/blog.olimar.de\/wp-content\/uploads\/2018\/12\/PT-Aktiv-Marathon2018B-c-TurismodeLisboa-1024x683.jpg 1024w, https:\/\/blog.olimar.de\/wp-content\/uploads\/2018\/12\/PT-Aktiv-Marathon2018B-c-TurismodeLisboa-840x560.jpg 840w, https:\/\/blog.olimar.de\/wp-content\/uploads\/2018\/12\/PT-Aktiv-Marathon2018B-c-TurismodeLisboa-1200x800.jpg 1200w, https:\/\/blog.olimar.de\/wp-content\/uploads\/2018\/12\/PT-Aktiv-Marathon2018B-c-TurismodeLisboa.jpg 1620w\" sizes=\"auto, (max-width: 300px) 100vw, 300px\" \/>\n\t\t\t<\/dt><\/dl><br style=\"clear: both\" \/><dl class='gallery-item'>\n\t\t\t<dt class='gallery-icon portrait'>\n\t\t\t\t<img loading=\"lazy\" decoding=\"async\" width=\"200\" height=\"300\" src=\"https:\/\/blog.olimar.de\/wp-content\/uploads\/2018\/12\/PT-Aktiv-Marathon2018C-c-TurismodeLisboa-200x300.jpg\" class=\"attachment-medium size-medium\" alt=\"Am Meer entlang beim Lissabon Halbmarathon\" srcset=\"https:\/\/blog.olimar.de\/wp-content\/uploads\/2018\/12\/PT-Aktiv-Marathon2018C-c-TurismodeLisboa-200x300.jpg 200w, https:\/\/blog.olimar.de\/wp-content\/uploads\/2018\/12\/PT-Aktiv-Marathon2018C-c-TurismodeLisboa-683x1024.jpg 683w, https:\/\/blog.olimar.de\/wp-content\/uploads\/2018\/12\/PT-Aktiv-Marathon2018C-c-TurismodeLisboa.jpg 720w\" sizes=\"auto, (max-width: 200px) 100vw, 200px\" \/>\n\t\t\t<\/dt><\/dl>\n\t\t\t<br style='clear: both' \/>\n\t\t<\/div>\n\n<h3 style=\"text-align: justify;\"><strong>April in Lissabon \u2013 Peixe em Lisboa<\/strong><\/h3>\n<p style=\"text-align: justify;\">Beim Peixe em Lisboa \u2013 zu Deutsch: Fisch in Lissabon \u2013 dreht sich alles um die Meeresbewohner. Das Fischfestival findet Anfang April f\u00fcr rund 2 Wochen statt und vereint die innovativsten und bekanntesten K\u00f6che aus dem In- und Ausland sowie die besten Restaurants im Parque Eduardo VII. Hier k\u00f6nnen nicht nur leckere Fisch- und Meeresfr\u00fcchtegerichte probiert, sondern auch kulinarische Neuheiten entdeckt werden. Musikalische Acts und Showk\u00fcchen runden das Programm ab.<\/p>\n<div id='gallery-2' class='gallery galleryid-10117 gallery-columns-3 gallery-size-medium'><dl class='gallery-item'>\n\t\t\t<dt class='gallery-icon landscape'>\n\t\t\t\t<img loading=\"lazy\" decoding=\"async\" width=\"300\" height=\"200\" src=\"https:\/\/blog.olimar.de\/wp-content\/uploads\/2018\/12\/Portugal-Lissabon-Meurers_3155-300x200.jpg\" class=\"attachment-medium size-medium\" alt=\"Fisch Vitrine Lissabon\" srcset=\"https:\/\/blog.olimar.de\/wp-content\/uploads\/2018\/12\/Portugal-Lissabon-Meurers_3155-300x200.jpg 300w, https:\/\/blog.olimar.de\/wp-content\/uploads\/2018\/12\/Portugal-Lissabon-Meurers_3155-768x513.jpg 768w, https:\/\/blog.olimar.de\/wp-content\/uploads\/2018\/12\/Portugal-Lissabon-Meurers_3155-1024x684.jpg 1024w, https:\/\/blog.olimar.de\/wp-content\/uploads\/2018\/12\/Portugal-Lissabon-Meurers_3155-840x560.jpg 840w, https:\/\/blog.olimar.de\/wp-content\/uploads\/2018\/12\/Portugal-Lissabon-Meurers_3155-1200x800.jpg 1200w, https:\/\/blog.olimar.de\/wp-content\/uploads\/2018\/12\/Portugal-Lissabon-Meurers_3155.jpg 2000w\" sizes=\"auto, (max-width: 300px) 100vw, 300px\" \/>\n\t\t\t<\/dt><\/dl><dl class='gallery-item'>\n\t\t\t<dt class='gallery-icon landscape'>\n\t\t\t\t<img loading=\"lazy\" decoding=\"async\" width=\"300\" height=\"200\" src=\"https:\/\/blog.olimar.de\/wp-content\/uploads\/2018\/12\/Portugal-Lissabon-Meurers_3186-300x200.jpg\" class=\"attachment-medium size-medium\" alt=\"Fischladen Lissabon\" srcset=\"https:\/\/blog.olimar.de\/wp-content\/uploads\/2018\/12\/Portugal-Lissabon-Meurers_3186-300x200.jpg 300w, https:\/\/blog.olimar.de\/wp-content\/uploads\/2018\/12\/Portugal-Lissabon-Meurers_3186-768x513.jpg 768w, https:\/\/blog.olimar.de\/wp-content\/uploads\/2018\/12\/Portugal-Lissabon-Meurers_3186-1024x684.jpg 1024w, https:\/\/blog.olimar.de\/wp-content\/uploads\/2018\/12\/Portugal-Lissabon-Meurers_3186-840x560.jpg 840w, https:\/\/blog.olimar.de\/wp-content\/uploads\/2018\/12\/Portugal-Lissabon-Meurers_3186-1200x800.jpg 1200w, https:\/\/blog.olimar.de\/wp-content\/uploads\/2018\/12\/Portugal-Lissabon-Meurers_3186.jpg 2000w\" sizes=\"auto, (max-width: 300px) 100vw, 300px\" \/>\n\t\t\t<\/dt><\/dl><dl class='gallery-item'>\n\t\t\t<dt class='gallery-icon landscape'>\n\t\t\t\t<img loading=\"lazy\" decoding=\"async\" width=\"300\" height=\"200\" src=\"https:\/\/blog.olimar.de\/wp-content\/uploads\/2018\/12\/Portugal-Algarve-Meurers_2217-300x200.jpg\" class=\"attachment-medium size-medium\" alt=\"Frischer Fisch in Lissabon\" srcset=\"https:\/\/blog.olimar.de\/wp-content\/uploads\/2018\/12\/Portugal-Algarve-Meurers_2217-300x200.jpg 300w, https:\/\/blog.olimar.de\/wp-content\/uploads\/2018\/12\/Portugal-Algarve-Meurers_2217-768x513.jpg 768w, https:\/\/blog.olimar.de\/wp-content\/uploads\/2018\/12\/Portugal-Algarve-Meurers_2217-1024x684.jpg 1024w, https:\/\/blog.olimar.de\/wp-content\/uploads\/2018\/12\/Portugal-Algarve-Meurers_2217-840x560.jpg 840w, https:\/\/blog.olimar.de\/wp-content\/uploads\/2018\/12\/Portugal-Algarve-Meurers_2217-1200x800.jpg 1200w, https:\/\/blog.olimar.de\/wp-content\/uploads\/2018\/12\/Portugal-Algarve-Meurers_2217.jpg 2000w\" sizes=\"auto, (max-width: 300px) 100vw, 300px\" \/>\n\t\t\t<\/dt><\/dl><br style=\"clear: both\" \/><dl class='gallery-item'>\n\t\t\t<dt class='gallery-icon landscape'>\n\t\t\t\t<img loading=\"lazy\" decoding=\"async\" width=\"300\" height=\"200\" src=\"https:\/\/blog.olimar.de\/wp-content\/uploads\/2018\/12\/Portugal-Algarve-Meurers_2426-300x200.jpg\" class=\"attachment-medium size-medium\" alt=\"Fischgerichte in Lissabon\" srcset=\"https:\/\/blog.olimar.de\/wp-content\/uploads\/2018\/12\/Portugal-Algarve-Meurers_2426-300x200.jpg 300w, https:\/\/blog.olimar.de\/wp-content\/uploads\/2018\/12\/Portugal-Algarve-Meurers_2426-768x513.jpg 768w, https:\/\/blog.olimar.de\/wp-content\/uploads\/2018\/12\/Portugal-Algarve-Meurers_2426-1024x684.jpg 1024w, https:\/\/blog.olimar.de\/wp-content\/uploads\/2018\/12\/Portugal-Algarve-Meurers_2426-840x560.jpg 840w, https:\/\/blog.olimar.de\/wp-content\/uploads\/2018\/12\/Portugal-Algarve-Meurers_2426-1200x800.jpg 1200w, https:\/\/blog.olimar.de\/wp-content\/uploads\/2018\/12\/Portugal-Algarve-Meurers_2426.jpg 2000w\" sizes=\"auto, (max-width: 300px) 100vw, 300px\" \/>\n\t\t\t<\/dt><\/dl><dl class='gallery-item'>\n\t\t\t<dt class='gallery-icon landscape'>\n\t\t\t\t<img loading=\"lazy\" decoding=\"async\" width=\"300\" height=\"200\" src=\"https:\/\/blog.olimar.de\/wp-content\/uploads\/2018\/12\/Portugal-Algarve-Meurers_2763-300x200.jpg\" class=\"attachment-medium size-medium\" alt=\"Frischer Fisch in Portugal\" srcset=\"https:\/\/blog.olimar.de\/wp-content\/uploads\/2018\/12\/Portugal-Algarve-Meurers_2763-300x200.jpg 300w, https:\/\/blog.olimar.de\/wp-content\/uploads\/2018\/12\/Portugal-Algarve-Meurers_2763-768x513.jpg 768w, https:\/\/blog.olimar.de\/wp-content\/uploads\/2018\/12\/Portugal-Algarve-Meurers_2763-1024x684.jpg 1024w, https:\/\/blog.olimar.de\/wp-content\/uploads\/2018\/12\/Portugal-Algarve-Meurers_2763-840x560.jpg 840w, https:\/\/blog.olimar.de\/wp-content\/uploads\/2018\/12\/Portugal-Algarve-Meurers_2763-1200x800.jpg 1200w, https:\/\/blog.olimar.de\/wp-content\/uploads\/2018\/12\/Portugal-Algarve-Meurers_2763.jpg 2000w\" sizes=\"auto, (max-width: 300px) 100vw, 300px\" \/>\n\t\t\t<\/dt><\/dl>\n\t\t\t<br style='clear: both' \/>\n\t\t<\/div>\n\n<h3 style=\"text-align: left;\"><strong>April in Lissabon \u2013 Das Caparica Primavera Surf Fest<\/strong><\/h3>\n<p style=\"text-align: justify;\">Au\u00dferdem findet man im April an der Atlantikk\u00fcste der Stadt die besten Surfbedingungen. So ist die Idee des gr\u00f6\u00dften Surffestivals des Landes entstanden. Passionierte Wellenreiter treffen sich f\u00fcr insgesamt 10 Tage an den Str\u00e4nden Praia do Para\u00edso und Praia do Drag\u00e3o an der Caparica K\u00fcste. F\u00fcr diejenigen, die das Spektakel lieber vom Land aus beobachten, bietet das Festival spannende Wettbewerbe und spektakul\u00e4re Moves auf der Welle. Verschiedene Konzerte rund um die Veranstaltung sorgen f\u00fcr eine ausgelassene Stimmung und viel Spa\u00df. Zur Facebook-Seite <a href=\"https:\/\/www.facebook.com\/caparicaprimaverasurffest\/\" target=\"_blank\" rel=\"noopener\">Caparica Primavera Surf Fest<\/a>.<\/p>\n<p><img loading=\"lazy\" decoding=\"async\" class=\"aligncenter size-large wp-image-8659\" src=\"https:\/\/blog.olimar.de\/wp-content\/uploads\/2017\/06\/travelonboards-Algarve-6-Arrifana-1024x575.jpg\" alt=\"Surfer in Welle am Strand Arrifana Algarve\" width=\"840\" height=\"472\" srcset=\"https:\/\/blog.olimar.de\/wp-content\/uploads\/2017\/06\/travelonboards-Algarve-6-Arrifana-1024x575.jpg 1024w, https:\/\/blog.olimar.de\/wp-content\/uploads\/2017\/06\/travelonboards-Algarve-6-Arrifana-300x169.jpg 300w, https:\/\/blog.olimar.de\/wp-content\/uploads\/2017\/06\/travelonboards-Algarve-6-Arrifana-768x432.jpg 768w, https:\/\/blog.olimar.de\/wp-content\/uploads\/2017\/06\/travelonboards-Algarve-6-Arrifana.jpg 1500w\" sizes=\"auto, (max-width: 840px) 100vw, 840px\" \/><\/p>\n<h3 style=\"text-align: left;\"><strong>Mai in Lissabon \u2013 Das Maskenfestival<\/strong><\/h3>\n<p style=\"text-align: justify;\">Die portugiesische und die spanische Tradition treffen an vielen Stellen aufeinander \u2013 so auch Anfang Mai w\u00e4hrend des Maskenfestivals, dem Festival da M\u00e1scara Ib\u00e9rica. Die Parade am Garten des Praca do Imp\u00e9rio verzaubert mit den aufwendig geschaffenen Masken, die mit traditionellen Instrumenten und Trommeln in Szene gesetzt werden und an den Karneval hierzulande erinnern. Die Besucher der Veranstaltung d\u00fcrfen sich au\u00dferdem auf Kunsthandwerksm\u00e4rkte freuen. Zur <a href=\"http:\/\/www.fimi.pt\/\" target=\"_blank\" rel=\"noopener noreferrer\">Webseite M\u00e1scara Ib\u00e9rica<\/a>.<\/p>\n<h3 style=\"text-align: justify;\"><strong>Juni in Lissabon \u2013 Festa de Santo Antonio<\/strong><\/h3>\n<p style=\"text-align: justify;\">Am 13. Juni wird in ganz Lissabon der Heilige Antonius geehrt, der als Schutzpatron der Stadt gilt. Es wundert einen daher nicht, dass bereits in den fr\u00fchen Morgenstunden zahlreiche Vorbereitungen f\u00fcr die Prozessionen und Gedenkgottesdienste getroffen werden. Die Feierlichkeiten weiten sich dann auf die n\u00e4chsten 3 Wochen aus. Die Einwohner genie\u00dfen die gef\u00fchlvollen Fado-Lieder, schmausen in den kleinen Tavernen und besuchen die zahlreichen Stra\u00dfenkonzerte. Besonders beliebt ist dabei das<br \/>\nAltstadtviertel Alfama, wo der Patron geboren sein soll. An dem ehemaligen Geburtshaus, das heute eine Barockkirche ist, legen die Lissabonner Blumen ab und z\u00fcnden Gedenkkerzen an.<\/p>\n<h3 style=\"text-align: justify;\"><strong>August in Lissabon \u2013 Das Jazzfestival<\/strong><\/h3>\n<p style=\"text-align: justify;\">Auch Jazzliebhaber kommen in der Stadt am Atlantik nicht zu kurz, denn jedes Jahr im August stellen Musiker aus aller Welt in rund 15 Projekten ihre Neuheiten vor, bei denen auch Hip-Hop und Electro Kl\u00e4nge eingebunden werden. Auch im November w\u00e4hrend des Misty Festes wird der Jazz in diversen Konzerten gefeiert.<\/p>\n<h3 style=\"text-align: justify;\"><strong>Oktober in Lissabon \u2013 Doclisboa<\/strong><\/h3>\n<p style=\"text-align: justify;\">Bereits seit 2002 bietet das Filmfestival Doclisboa besonderen Raum f\u00fcr Liebhaber von Dokumentarstreifen. Etwa 2 Wochen lang stellen internationale Regisseure ihre neusten Werke den rund 33.000 Zuschauern vor. Am Ende des Festivals werden die beste Filme gek\u00fcrt. Zur <a href=\"https:\/\/www.doclisboa.org\/2018\/\" target=\"_blank\" rel=\"noopener noreferrer\">Webseite Doclisboa<\/a>.<\/p>\n<h3 style=\"text-align: justify;\"><strong>Dezember in Lissabon \u2013 Der Silvesterlauf<\/strong><\/h3>\n<p style=\"text-align: justify;\">Ein weiteres sportliches Event zum Jahresende findet mit dem Silvesterlauf statt. Der Lauf Corte Ingl\u00e9s S\u00e3o Silvestre de Lisboa freut sich von Jahr zu Jahr \u00fcber mehr Teilnehmer, die insgesamt 10 Kilometer durch die gr\u00f6\u00dften Stra\u00dfen der Stadt laufen. Auch f\u00fcr Kinder finden spezielle L\u00e4ufe statt, sodass das Event zum Erlebnis f\u00fcr die ganze Familie wird.<\/p>\n<p><img loading=\"lazy\" decoding=\"async\" class=\"aligncenter size-large wp-image-10132\" src=\"https:\/\/blog.olimar.de\/wp-content\/uploads\/2018\/12\/NAC_Inaugura\u00ba\u00fao-Luzes-Natal-17-1024x683.jpg\" alt=\"Silvester in Lissabon\" width=\"840\" height=\"560\" srcset=\"https:\/\/blog.olimar.de\/wp-content\/uploads\/2018\/12\/NAC_Inaugura\u00ba\u00fao-Luzes-Natal-17-1024x683.jpg 1024w, https:\/\/blog.olimar.de\/wp-content\/uploads\/2018\/12\/NAC_Inaugura\u00ba\u00fao-Luzes-Natal-17-300x200.jpg 300w, https:\/\/blog.olimar.de\/wp-content\/uploads\/2018\/12\/NAC_Inaugura\u00ba\u00fao-Luzes-Natal-17-768x512.jpg 768w, https:\/\/blog.olimar.de\/wp-content\/uploads\/2018\/12\/NAC_Inaugura\u00ba\u00fao-Luzes-Natal-17-840x560.jpg 840w, https:\/\/blog.olimar.de\/wp-content\/uploads\/2018\/12\/NAC_Inaugura\u00ba\u00fao-Luzes-Natal-17-1200x800.jpg 1200w\" sizes=\"auto, (max-width: 840px) 100vw, 840px\" \/><\/p>\n","protected":false},"excerpt":{"rendered":"<p>Auch im Jahr 2019 zeigt sich Lissabon wieder von seiner besten Seite und bietet unz\u00e4hlige Attraktionen, Festivals und Events, die man nicht verpassen sollte. So wird der St\u00e4dtetrip in die portugiesische Hauptstadt zum unvergesslichen Erlebnis. Januar in Lissabon \u2013 Manege frei f\u00fcr den Cirque du Soleil Wer denkt, dass sich eine Reise im Winter nicht lohnt, der untersch\u00e4tzt die City am Atlantischen Ozean gewaltig. Reisende jeden Alters d\u00fcrfen sich beispielsweise vom 3. bis 13. Januar auf die R\u00fcckkehr des \u201eCirque du Soleil\u201c nach Lissabon freuen. Die Akrobaten aus 14 verschiedenen Nationen stellen die Show \u201eOVO\u201c vor, die die Geschichte der Insektenwelt &hellip;<\/p>\n","protected":false},"author":69,"featured_media":10124,"comment_status":"open","ping_status":"open","sticky":false,"template":"","format":"standard","meta":{"_crdt_document":"","_lmt_disableupdate":"","_lmt_disable":"","footnotes":""},"categories":[28],"tags":[25,56,34],"class_list":["post-10117","post","type-post","status-publish","format-standard","has-post-thumbnail","hentry","category-kunst-kultur","tag-lissabon","tag-lissabons-kuesten","tag-portugal"],"yoast_head":"<!-- This site is optimized with the Yoast SEO plugin v26.9 - https:\/\/yoast.com\/product\/yoast-seo-wordpress\/ -->\n<title>Lissabon Highlights 2019: das sind unsere Veranstaltungstipps<\/title>\n<meta name=\"description\" content=\"Welche kulturellen Highlights warten im Jahr 2019 auf Lissabon-Urlauber? Wir verraten Ihnen die besten Events, von Food bis Surf-Festivals in Lissabon.\" \/>\n<meta name=\"robots\" content=\"index, follow, max-snippet:-1, max-image-preview:large, max-video-preview:-1\" \/>\n<link rel=\"canonical\" href=\"https:\/\/blog.olimar.de\/lissabon-highlights-2019\/\" \/>\n<meta property=\"og:locale\" content=\"de_DE\" \/>\n<meta property=\"og:type\" content=\"article\" \/>\n<meta property=\"og:title\" content=\"Lissabon Highlights 2019: das sind unsere Veranstaltungstipps\" \/>\n<meta property=\"og:description\" content=\"Welche kulturellen Highlights warten im Jahr 2019 auf Lissabon-Urlauber? Wir verraten Ihnen die besten Events, von Food bis Surf-Festivals in Lissabon.\" \/>\n<meta property=\"og:url\" content=\"https:\/\/blog.olimar.de\/lissabon-highlights-2019\/\" \/>\n<meta property=\"article:publisher\" content=\"https:\/\/www.facebook.com\/OlimarReisen\" \/>\n<meta property=\"article:published_time\" content=\"2018-12-13T15:10:08+00:00\" \/>\n<meta property=\"article:modified_time\" content=\"2021-03-23T11:09:59+00:00\" \/>\n<meta property=\"og:image\" content=\"https:\/\/i2.wp.com\/blog.olimar.de\/wp-content\/uploads\/2018\/12\/PT-Aktiv-Marathon2018A-c-TurismodeLisboa-e1562249815840.jpg?fit=800%2C533&ssl=1\" \/>\n\t<meta property=\"og:image:width\" content=\"800\" \/>\n\t<meta property=\"og:image:height\" content=\"533\" \/>\n\t<meta property=\"og:image:type\" content=\"image\/jpeg\" \/>\n<meta name=\"author\" content=\"Juliane Meinke\" \/>\n<meta name=\"twitter:label1\" content=\"Verfasst von\" \/>\n\t<meta name=\"twitter:data1\" content=\"Juliane Meinke\" \/>\n\t<meta name=\"twitter:label2\" content=\"Gesch\u00e4tzte Lesezeit\" \/>\n\t<meta name=\"twitter:data2\" content=\"4\u00a0Minuten\" \/>\n<script type=\"application\/ld+json\" class=\"yoast-schema-graph\">{\"@context\":\"https:\/\/schema.org\",\"@graph\":[{\"@type\":\"WebPage\",\"@id\":\"https:\/\/blog.olimar.de\/lissabon-highlights-2019\/\",\"url\":\"https:\/\/blog.olimar.de\/lissabon-highlights-2019\/\",\"name\":\"Lissabon Highlights 2019: das sind unsere Veranstaltungstipps\",\"isPartOf\":{\"@id\":\"https:\/\/blog.olimar.de\/#website\"},\"primaryImageOfPage\":{\"@id\":\"https:\/\/blog.olimar.de\/lissabon-highlights-2019\/#primaryimage\"},\"image\":{\"@id\":\"https:\/\/blog.olimar.de\/lissabon-highlights-2019\/#primaryimage\"},\"thumbnailUrl\":\"https:\/\/blog.olimar.de\/wp-content\/uploads\/2018\/12\/PT-Aktiv-Marathon2018A-c-TurismodeLisboa-e1562249815840.jpg\",\"datePublished\":\"2018-12-13T15:10:08+00:00\",\"dateModified\":\"2021-03-23T11:09:59+00:00\",\"description\":\"Welche kulturellen Highlights warten im Jahr 2019 auf Lissabon-Urlauber? Wir verraten Ihnen die besten Events, von Food bis Surf-Festivals in Lissabon.\",\"breadcrumb\":{\"@id\":\"https:\/\/blog.olimar.de\/lissabon-highlights-2019\/#breadcrumb\"},\"inLanguage\":\"de\",\"potentialAction\":[{\"@type\":\"ReadAction\",\"target\":[\"https:\/\/blog.olimar.de\/lissabon-highlights-2019\/\"]}]},{\"@type\":\"ImageObject\",\"inLanguage\":\"de\",\"@id\":\"https:\/\/blog.olimar.de\/lissabon-highlights-2019\/#primaryimage\",\"url\":\"https:\/\/blog.olimar.de\/wp-content\/uploads\/2018\/12\/PT-Aktiv-Marathon2018A-c-TurismodeLisboa-e1562249815840.jpg\",\"contentUrl\":\"https:\/\/blog.olimar.de\/wp-content\/uploads\/2018\/12\/PT-Aktiv-Marathon2018A-c-TurismodeLisboa-e1562249815840.jpg\",\"width\":800,\"height\":533,\"caption\":\"Start Lissabon Halbmarathon\"},{\"@type\":\"BreadcrumbList\",\"@id\":\"https:\/\/blog.olimar.de\/lissabon-highlights-2019\/#breadcrumb\",\"itemListElement\":[{\"@type\":\"ListItem\",\"position\":1,\"name\":\"Home\",\"item\":\"https:\/\/blog.olimar.de\/\"},{\"@type\":\"ListItem\",\"position\":2,\"name\":\"Lissabon\",\"item\":\"https:\/\/blog.olimar.de\/tag\/lissabon\/\"},{\"@type\":\"ListItem\",\"position\":3,\"name\":\"Lissabon Highlights 2019 &#8211; ein Jahr voller unvergesslicher Events\"}]},{\"@type\":\"WebSite\",\"@id\":\"https:\/\/blog.olimar.de\/#website\",\"url\":\"https:\/\/blog.olimar.de\/\",\"name\":\"OLIMAR.com\",\"description\":\"\",\"publisher\":{\"@id\":\"https:\/\/blog.olimar.de\/#organization\"},\"potentialAction\":[{\"@type\":\"SearchAction\",\"target\":{\"@type\":\"EntryPoint\",\"urlTemplate\":\"https:\/\/blog.olimar.de\/?s={search_term_string}\"},\"query-input\":{\"@type\":\"PropertyValueSpecification\",\"valueRequired\":true,\"valueName\":\"search_term_string\"}}],\"inLanguage\":\"de\"},{\"@type\":\"Organization\",\"@id\":\"https:\/\/blog.olimar.de\/#organization\",\"name\":\"OLIMAR Reisen\",\"url\":\"https:\/\/blog.olimar.de\/\",\"logo\":{\"@type\":\"ImageObject\",\"inLanguage\":\"de\",\"@id\":\"https:\/\/blog.olimar.de\/#\/schema\/logo\/image\/\",\"url\":\"https:\/\/blog.olimar.de\/wp-content\/uploads\/2021\/01\/OLIMAR_Logo_COLOR.png\",\"contentUrl\":\"https:\/\/blog.olimar.de\/wp-content\/uploads\/2021\/01\/OLIMAR_Logo_COLOR.png\",\"width\":2000,\"height\":986,\"caption\":\"OLIMAR Reisen\"},\"image\":{\"@id\":\"https:\/\/blog.olimar.de\/#\/schema\/logo\/image\/\"},\"sameAs\":[\"https:\/\/www.facebook.com\/OlimarReisen\",\"https:\/\/x.com\/olimarrreisen\",\"https:\/\/www.instagram.com\/olimarreisen\",\"https:\/\/www.youtube.com\/user\/olimarreisen\"]}]}<\/script>\n<!-- \/ Yoast SEO plugin. -->","yoast_head_json":{"title":"Lissabon Highlights 2019: das sind unsere Veranstaltungstipps","description":"Welche kulturellen Highlights warten im Jahr 2019 auf Lissabon-Urlauber? Wir verraten Ihnen die besten Events, von Food bis Surf-Festivals in Lissabon.","robots":{"index":"index","follow":"follow","max-snippet":"max-snippet:-1","max-image-preview":"max-image-preview:large","max-video-preview":"max-video-preview:-1"},"canonical":"https:\/\/blog.olimar.de\/lissabon-highlights-2019\/","og_locale":"de_DE","og_type":"article","og_title":"Lissabon Highlights 2019: das sind unsere Veranstaltungstipps","og_description":"Welche kulturellen Highlights warten im Jahr 2019 auf Lissabon-Urlauber? Wir verraten Ihnen die besten Events, von Food bis Surf-Festivals in Lissabon.","og_url":"https:\/\/blog.olimar.de\/lissabon-highlights-2019\/","article_publisher":"https:\/\/www.facebook.com\/OlimarReisen","article_published_time":"2018-12-13T15:10:08+00:00","article_modified_time":"2021-03-23T11:09:59+00:00","og_image":[{"width":800,"height":533,"url":"https:\/\/i2.wp.com\/blog.olimar.de\/wp-content\/uploads\/2018\/12\/PT-Aktiv-Marathon2018A-c-TurismodeLisboa-e1562249815840.jpg?fit=800%2C533&ssl=1","type":"image\/jpeg"}],"author":"Juliane Meinke","twitter_misc":{"Verfasst von":"Juliane Meinke","Gesch\u00e4tzte Lesezeit":"4\u00a0Minuten"},"schema":{"@context":"https:\/\/schema.org","@graph":[{"@type":"WebPage","@id":"https:\/\/blog.olimar.de\/lissabon-highlights-2019\/","url":"https:\/\/blog.olimar.de\/lissabon-highlights-2019\/","name":"Lissabon Highlights 2019: das sind unsere Veranstaltungstipps","isPartOf":{"@id":"https:\/\/blog.olimar.de\/#website"},"primaryImageOfPage":{"@id":"https:\/\/blog.olimar.de\/lissabon-highlights-2019\/#primaryimage"},"image":{"@id":"https:\/\/blog.olimar.de\/lissabon-highlights-2019\/#primaryimage"},"thumbnailUrl":"https:\/\/blog.olimar.de\/wp-content\/uploads\/2018\/12\/PT-Aktiv-Marathon2018A-c-TurismodeLisboa-e1562249815840.jpg","datePublished":"2018-12-13T15:10:08+00:00","dateModified":"2021-03-23T11:09:59+00:00","description":"Welche kulturellen Highlights warten im Jahr 2019 auf Lissabon-Urlauber? Wir verraten Ihnen die besten Events, von Food bis Surf-Festivals in Lissabon.","breadcrumb":{"@id":"https:\/\/blog.olimar.de\/lissabon-highlights-2019\/#breadcrumb"},"inLanguage":"de","potentialAction":[{"@type":"ReadAction","target":["https:\/\/blog.olimar.de\/lissabon-highlights-2019\/"]}]},{"@type":"ImageObject","inLanguage":"de","@id":"https:\/\/blog.olimar.de\/lissabon-highlights-2019\/#primaryimage","url":"https:\/\/blog.olimar.de\/wp-content\/uploads\/2018\/12\/PT-Aktiv-Marathon2018A-c-TurismodeLisboa-e1562249815840.jpg","contentUrl":"https:\/\/blog.olimar.de\/wp-content\/uploads\/2018\/12\/PT-Aktiv-Marathon2018A-c-TurismodeLisboa-e1562249815840.jpg","width":800,"height":533,"caption":"Start Lissabon Halbmarathon"},{"@type":"BreadcrumbList","@id":"https:\/\/blog.olimar.de\/lissabon-highlights-2019\/#breadcrumb","itemListElement":[{"@type":"ListItem","position":1,"name":"Home","item":"https:\/\/blog.olimar.de\/"},{"@type":"ListItem","position":2,"name":"Lissabon","item":"https:\/\/blog.olimar.de\/tag\/lissabon\/"},{"@type":"ListItem","position":3,"name":"Lissabon Highlights 2019 &#8211; ein Jahr voller unvergesslicher Events"}]},{"@type":"WebSite","@id":"https:\/\/blog.olimar.de\/#website","url":"https:\/\/blog.olimar.de\/","name":"OLIMAR.com","description":"","publisher":{"@id":"https:\/\/blog.olimar.de\/#organization"},"potentialAction":[{"@type":"SearchAction","target":{"@type":"EntryPoint","urlTemplate":"https:\/\/blog.olimar.de\/?s={search_term_string}"},"query-input":{"@type":"PropertyValueSpecification","valueRequired":true,"valueName":"search_term_string"}}],"inLanguage":"de"},{"@type":"Organization","@id":"https:\/\/blog.olimar.de\/#organization","name":"OLIMAR Reisen","url":"https:\/\/blog.olimar.de\/","logo":{"@type":"ImageObject","inLanguage":"de","@id":"https:\/\/blog.olimar.de\/#\/schema\/logo\/image\/","url":"https:\/\/blog.olimar.de\/wp-content\/uploads\/2021\/01\/OLIMAR_Logo_COLOR.png","contentUrl":"https:\/\/blog.olimar.de\/wp-content\/uploads\/2021\/01\/OLIMAR_Logo_COLOR.png","width":2000,"height":986,"caption":"OLIMAR Reisen"},"image":{"@id":"https:\/\/blog.olimar.de\/#\/schema\/logo\/image\/"},"sameAs":["https:\/\/www.facebook.com\/OlimarReisen","https:\/\/x.com\/olimarrreisen","https:\/\/www.instagram.com\/olimarreisen","https:\/\/www.youtube.com\/user\/olimarreisen"]}]}},"modified_by":"Sabine Wonner","jetpack_featured_media_url":"https:\/\/blog.olimar.de\/wp-content\/uploads\/2018\/12\/PT-Aktiv-Marathon2018A-c-TurismodeLisboa-e1562249815840.jpg","_links":{"self":[{"href":"https:\/\/blog.olimar.de\/wp-json\/wp\/v2\/posts\/10117","targetHints":{"allow":["GET"]}}],"collection":[{"href":"https:\/\/blog.olimar.de\/wp-json\/wp\/v2\/posts"}],"about":[{"href":"https:\/\/blog.olimar.de\/wp-json\/wp\/v2\/types\/post"}],"author":[{"embeddable":true,"href":"https:\/\/blog.olimar.de\/wp-json\/wp\/v2\/users\/69"}],"replies":[{"embeddable":true,"href":"https:\/\/blog.olimar.de\/wp-json\/wp\/v2\/comments?post=10117"}],"version-history":[{"count":9,"href":"https:\/\/blog.olimar.de\/wp-json\/wp\/v2\/posts\/10117\/revisions"}],"predecessor-version":[{"id":16061,"href":"https:\/\/blog.olimar.de\/wp-json\/wp\/v2\/posts\/10117\/revisions\/16061"}],"wp:featuredmedia":[{"embeddable":true,"href":"https:\/\/blog.olimar.de\/wp-json\/wp\/v2\/media\/10124"}],"wp:attachment":[{"href":"https:\/\/blog.olimar.de\/wp-json\/wp\/v2\/media?parent=10117"}],"wp:term":[{"taxonomy":"category","embeddable":true,"href":"https:\/\/blog.olimar.de\/wp-json\/wp\/v2\/categories?post=10117"},{"taxonomy":"post_tag","embeddable":true,"href":"https:\/\/blog.olimar.de\/wp-json\/wp\/v2\/tags?post=10117"}],"curies":[{"name":"wp","href":"https:\/\/api.w.org\/{rel}","templated":true}]}}