{"id":10139,"date":"2018-12-17T10:54:48","date_gmt":"2018-12-17T08:54:48","guid":{"rendered":"https:\/\/blog.olimar.de\/?p=10139"},"modified":"2024-10-16T09:30:54","modified_gmt":"2024-10-16T08:30:54","slug":"wandern-auf-madeira","status":"publish","type":"post","link":"https:\/\/blog.olimar.de\/wandern-auf-madeira\/","title":{"rendered":"Entlang der Levadas &#8211; Wandern auf Madeira"},"content":{"rendered":"\n<p><strong><a href=\"https:\/\/www.olimar.de\/portugal\/madeira\/\">Madeira<\/a> bietet paradiesische Bedingungen f\u00fcr einen Traumurlaub. Die vielseitige Landschaft und die stetige N\u00e4he zum Wasser machen eine Reise unvergesslich. Von malerischen Fischerd\u00f6rfern bis hin zu den Steilk\u00fcsten mit den spektakul\u00e4ren Ausblicken \u2013 es gibt viel zu entdecken. Aufgrund des subtropischen Klimas wachsen hier die prachtvollsten Pflanzen, weswegen Madeira auch den Spitznamen \u201eBlumeninsel\u201c tr\u00e4gt.<\/strong><\/p>\n\n\n\n<div class=\"wp-block-buttons is-layout-flex wp-block-buttons-is-layout-flex\">\n<div class=\"wp-block-button\"><a class=\"wp-block-button__link has-background wp-element-button\" href=\"https:\/\/www.olimar.de\/portugal\/madeira\/\" style=\"background-color:#008c87\" target=\"_blank\" rel=\"noreferrer noopener\">Alle Madeira Urlaub Angebote<\/a><\/div>\n<\/div>\n\n\n\n<div style=\"height:50px\" aria-hidden=\"true\" class=\"wp-block-spacer\"><\/div>\n\n\n<p style=\"text-align: justify;\">Abseits vom Badeurlaub bietet die Insel viele Erkundungsm\u00f6glichkeiten und ist besonders bei Wanderern beliebt. Routen, die man nur auf Madeira findet, erstrecken sich entlang der Levadas. Diese Bew\u00e4sserungskan\u00e4le f\u00fchren vom niederschlagreichen Norden in den sonnigen, trockenen S\u00fcden und versorgen die Insel mit Wasser. Dieses Verfahren findet seinen Ursprung bereits im 15. Jahrhundert. Die k\u00fcnstlichen Wasserl\u00e4ufe m\u00fcssen zum Teil gro\u00dfe Strecken hinter sich legen und \u00fcberwinden dabei Berge, T\u00e4ler, Tunnel und Br\u00fccken.<\/p>\n<div id='gallery-1' class='gallery galleryid-10139 gallery-columns-3 gallery-size-medium'><dl class='gallery-item'>\n\t\t\t<dt class='gallery-icon landscape'>\n\t\t\t\t<img loading=\"lazy\" decoding=\"async\" width=\"300\" height=\"200\" src=\"https:\/\/blog.olimar.de\/wp-content\/uploads\/2018\/12\/DSC_6487-300x200.jpg\" class=\"attachment-medium size-medium\" alt=\"\" srcset=\"https:\/\/blog.olimar.de\/wp-content\/uploads\/2018\/12\/DSC_6487-300x200.jpg 300w, https:\/\/blog.olimar.de\/wp-content\/uploads\/2018\/12\/DSC_6487-768x513.jpg 768w, https:\/\/blog.olimar.de\/wp-content\/uploads\/2018\/12\/DSC_6487-1024x684.jpg 1024w, https:\/\/blog.olimar.de\/wp-content\/uploads\/2018\/12\/DSC_6487-840x560.jpg 840w, https:\/\/blog.olimar.de\/wp-content\/uploads\/2018\/12\/DSC_6487-1200x800.jpg 1200w, https:\/\/blog.olimar.de\/wp-content\/uploads\/2018\/12\/DSC_6487.jpg 2000w\" sizes=\"auto, (max-width: 300px) 100vw, 300px\" \/>\n\t\t\t<\/dt><\/dl><dl class='gallery-item'>\n\t\t\t<dt class='gallery-icon landscape'>\n\t\t\t\t<img loading=\"lazy\" decoding=\"async\" width=\"300\" height=\"200\" src=\"https:\/\/blog.olimar.de\/wp-content\/uploads\/2018\/12\/DSC_6497_6_5_4_3_HDR_20160407_114041-Bearbeitet-300x200.jpg\" class=\"attachment-medium size-medium\" alt=\"\" srcset=\"https:\/\/blog.olimar.de\/wp-content\/uploads\/2018\/12\/DSC_6497_6_5_4_3_HDR_20160407_114041-Bearbeitet-300x200.jpg 300w, https:\/\/blog.olimar.de\/wp-content\/uploads\/2018\/12\/DSC_6497_6_5_4_3_HDR_20160407_114041-Bearbeitet-768x513.jpg 768w, https:\/\/blog.olimar.de\/wp-content\/uploads\/2018\/12\/DSC_6497_6_5_4_3_HDR_20160407_114041-Bearbeitet-1024x684.jpg 1024w, https:\/\/blog.olimar.de\/wp-content\/uploads\/2018\/12\/DSC_6497_6_5_4_3_HDR_20160407_114041-Bearbeitet-840x560.jpg 840w, https:\/\/blog.olimar.de\/wp-content\/uploads\/2018\/12\/DSC_6497_6_5_4_3_HDR_20160407_114041-Bearbeitet-1200x800.jpg 1200w, https:\/\/blog.olimar.de\/wp-content\/uploads\/2018\/12\/DSC_6497_6_5_4_3_HDR_20160407_114041-Bearbeitet.jpg 2000w\" sizes=\"auto, (max-width: 300px) 100vw, 300px\" \/>\n\t\t\t<\/dt><\/dl><dl class='gallery-item'>\n\t\t\t<dt class='gallery-icon landscape'>\n\t\t\t\t<img loading=\"lazy\" decoding=\"async\" width=\"300\" height=\"200\" src=\"https:\/\/blog.olimar.de\/wp-content\/uploads\/2018\/12\/DSC_6531_30_29_28_27_HDR-300x200.jpg\" class=\"attachment-medium size-medium\" alt=\"Wanderweg Balcoes Levada Madeira\" srcset=\"https:\/\/blog.olimar.de\/wp-content\/uploads\/2018\/12\/DSC_6531_30_29_28_27_HDR-300x200.jpg 300w, https:\/\/blog.olimar.de\/wp-content\/uploads\/2018\/12\/DSC_6531_30_29_28_27_HDR-768x513.jpg 768w, https:\/\/blog.olimar.de\/wp-content\/uploads\/2018\/12\/DSC_6531_30_29_28_27_HDR-1024x684.jpg 1024w, https:\/\/blog.olimar.de\/wp-content\/uploads\/2018\/12\/DSC_6531_30_29_28_27_HDR-840x560.jpg 840w, https:\/\/blog.olimar.de\/wp-content\/uploads\/2018\/12\/DSC_6531_30_29_28_27_HDR-1200x800.jpg 1200w, https:\/\/blog.olimar.de\/wp-content\/uploads\/2018\/12\/DSC_6531_30_29_28_27_HDR.jpg 2000w\" sizes=\"auto, (max-width: 300px) 100vw, 300px\" \/>\n\t\t\t<\/dt><\/dl><br style=\"clear: both\" \/>\n\t\t<\/div>\n\n<h3><strong>Herrliche Wanderwege entlang der Levadas auf Madeira<\/strong><\/h3>\n<p style=\"text-align: justify;\">Auch heutzutage werden die rund 2.500 Kilometer langen Levadas noch als Wassertransportmittel genutzt. Die Pfade neben den L\u00e4ufen dienen aber gleichzeitig auch als beliebte Wanderwege verschiedener Schwierigkeitsgrade. So k\u00f6nnen leichte, kurze Spazierg\u00e4nge, aber auch anspruchsvolle, mehrst\u00fcndige Wandertouren unternommen werden.<br \/>W\u00e4hrend der Wanderung d\u00fcrfen die L\u00e4ufer sich auf zahlreiche Sehensw\u00fcrdigkeiten freuen. Eine Strecke f\u00fchrt dabei beispielsweise durch den bekannten Lorbeerwald. Dieser geh\u00f6rt zu den einzigen Naturreservaten der Insel, dessen Pflanzenvielfalt bis heute nicht vollst\u00e4ndig erfasst werden konnte. Au\u00dferdem geh\u00f6rt er seit 1999 zum Weltkulturerbe der UNESCO. Fr\u00fcher waren Lorbeerw\u00e4lder weit in Europa verteilt, doch nach der Eiszeit findet man diese nur noch in w\u00e4rmeren Gegenden, wie eben auf Madeira. Diese im Rahmen von einem <a href=\"https:\/\/www.olimar.de\/portugal\/madeira\/\" target=\"_blank\" rel=\"noopener\">Urlaub auf Madeira<\/a> zu bewundern, ist eine einmalige sch\u00f6ne Erfahrung!<\/p>\n<p style=\"text-align: justify;\">Weiter f\u00fchrt die Wanderung dann zu den 25 Quellen in Raba\u00e7al. Diese Tour wird als mittelschwer eingestuft und dauert rund 4 Stunden.<\/p>\n<div id='gallery-2' class='gallery galleryid-10139 gallery-columns-3 gallery-size-medium'><dl class='gallery-item'>\n\t\t\t<dt class='gallery-icon landscape'>\n\t\t\t\t<img loading=\"lazy\" decoding=\"async\" width=\"300\" height=\"200\" src=\"https:\/\/blog.olimar.de\/wp-content\/uploads\/2018\/12\/PT-Madeira-Levada25FontesLevadaDoRisco-c-Dziewul-shutterstock-469215830-300x200.jpg\" class=\"attachment-medium size-medium\" alt=\"Levada 25 Fontes Madeira\" srcset=\"https:\/\/blog.olimar.de\/wp-content\/uploads\/2018\/12\/PT-Madeira-Levada25FontesLevadaDoRisco-c-Dziewul-shutterstock-469215830-300x200.jpg 300w, https:\/\/blog.olimar.de\/wp-content\/uploads\/2018\/12\/PT-Madeira-Levada25FontesLevadaDoRisco-c-Dziewul-shutterstock-469215830-768x512.jpg 768w, https:\/\/blog.olimar.de\/wp-content\/uploads\/2018\/12\/PT-Madeira-Levada25FontesLevadaDoRisco-c-Dziewul-shutterstock-469215830-840x560.jpg 840w, https:\/\/blog.olimar.de\/wp-content\/uploads\/2018\/12\/PT-Madeira-Levada25FontesLevadaDoRisco-c-Dziewul-shutterstock-469215830.jpg 1000w\" sizes=\"auto, (max-width: 300px) 100vw, 300px\" \/>\n\t\t\t<\/dt><\/dl><dl class='gallery-item'>\n\t\t\t<dt class='gallery-icon landscape'>\n\t\t\t\t<img loading=\"lazy\" decoding=\"async\" width=\"300\" height=\"200\" src=\"https:\/\/blog.olimar.de\/wp-content\/uploads\/2018\/12\/PT-Madeira-Levada25Fontes-c-55935840-Adriano-Fotolia-300x200.jpg\" class=\"attachment-medium size-medium\" alt=\"Wasserfall Madeira Levada Wanderung\" srcset=\"https:\/\/blog.olimar.de\/wp-content\/uploads\/2018\/12\/PT-Madeira-Levada25Fontes-c-55935840-Adriano-Fotolia-300x200.jpg 300w, https:\/\/blog.olimar.de\/wp-content\/uploads\/2018\/12\/PT-Madeira-Levada25Fontes-c-55935840-Adriano-Fotolia-768x512.jpg 768w, https:\/\/blog.olimar.de\/wp-content\/uploads\/2018\/12\/PT-Madeira-Levada25Fontes-c-55935840-Adriano-Fotolia-840x560.jpg 840w, https:\/\/blog.olimar.de\/wp-content\/uploads\/2018\/12\/PT-Madeira-Levada25Fontes-c-55935840-Adriano-Fotolia.jpg 1000w\" sizes=\"auto, (max-width: 300px) 100vw, 300px\" \/>\n\t\t\t<\/dt><\/dl>\n\t\t\t<br style='clear: both' \/>\n\t\t<\/div>\n\n<p style=\"text-align: justify;\">F\u00fcr erfahrene Wanderer und Abenteurer empfiehlt sich die rund 4,5-st\u00fcndige Route vom Pico Arieiro nach Pico Ruivo. \u201ePico\u201c bedeutet Spitze oder Gipfel und zeigt schnell, dass es hoch hinausgeht. Die Bergwanderung f\u00fchrt entlang gigantischer, vulkanischer Felsformation bis zum h\u00f6chsten Gipfel Madeiras, dem Pico Ruivo. Dieser hat eine H\u00f6he von 1.862 Metern und bietet bei wolkenlosem Himmel eine fantastische Aussicht \u00fcber die Insel. Diese Route verlangt viel Kraft und Kondition, wird aber am Ende reichlich belohnt.<\/p>\n<div id='gallery-3' class='gallery galleryid-10139 gallery-columns-3 gallery-size-medium'><dl class='gallery-item'>\n\t\t\t<dt class='gallery-icon landscape'>\n\t\t\t\t<img loading=\"lazy\" decoding=\"async\" width=\"300\" height=\"198\" src=\"https:\/\/blog.olimar.de\/wp-content\/uploads\/2018\/12\/PT-Madeira-PicoDoAreeiro-WalkingTour-VeredaDoPicoDoAreeiro-300x198.jpg\" class=\"attachment-medium size-medium\" alt=\"Wanderer Pico do Arieiro\" srcset=\"https:\/\/blog.olimar.de\/wp-content\/uploads\/2018\/12\/PT-Madeira-PicoDoAreeiro-WalkingTour-VeredaDoPicoDoAreeiro-300x198.jpg 300w, https:\/\/blog.olimar.de\/wp-content\/uploads\/2018\/12\/PT-Madeira-PicoDoAreeiro-WalkingTour-VeredaDoPicoDoAreeiro-768x507.jpg 768w, https:\/\/blog.olimar.de\/wp-content\/uploads\/2018\/12\/PT-Madeira-PicoDoAreeiro-WalkingTour-VeredaDoPicoDoAreeiro-1024x676.jpg 1024w, https:\/\/blog.olimar.de\/wp-content\/uploads\/2018\/12\/PT-Madeira-PicoDoAreeiro-WalkingTour-VeredaDoPicoDoAreeiro.jpg 1635w\" sizes=\"auto, (max-width: 300px) 100vw, 300px\" \/>\n\t\t\t<\/dt><\/dl><dl class='gallery-item'>\n\t\t\t<dt class='gallery-icon landscape'>\n\t\t\t\t<img loading=\"lazy\" decoding=\"async\" width=\"300\" height=\"200\" src=\"https:\/\/blog.olimar.de\/wp-content\/uploads\/2018\/12\/PT-Madeira-PicoDoArieiroB2017APM-300x200.jpg\" class=\"attachment-medium size-medium\" alt=\"Wanderweg Pico d Arieiro\" srcset=\"https:\/\/blog.olimar.de\/wp-content\/uploads\/2018\/12\/PT-Madeira-PicoDoArieiroB2017APM-300x200.jpg 300w, https:\/\/blog.olimar.de\/wp-content\/uploads\/2018\/12\/PT-Madeira-PicoDoArieiroB2017APM-768x513.jpg 768w, https:\/\/blog.olimar.de\/wp-content\/uploads\/2018\/12\/PT-Madeira-PicoDoArieiroB2017APM-1024x684.jpg 1024w, https:\/\/blog.olimar.de\/wp-content\/uploads\/2018\/12\/PT-Madeira-PicoDoArieiroB2017APM-840x560.jpg 840w, https:\/\/blog.olimar.de\/wp-content\/uploads\/2018\/12\/PT-Madeira-PicoDoArieiroB2017APM-1200x800.jpg 1200w, https:\/\/blog.olimar.de\/wp-content\/uploads\/2018\/12\/PT-Madeira-PicoDoArieiroB2017APM.jpg 1618w\" sizes=\"auto, (max-width: 300px) 100vw, 300px\" \/>\n\t\t\t<\/dt><\/dl><dl class='gallery-item'>\n\t\t\t<dt class='gallery-icon landscape'>\n\t\t\t\t<img loading=\"lazy\" decoding=\"async\" width=\"300\" height=\"200\" src=\"https:\/\/blog.olimar.de\/wp-content\/uploads\/2018\/12\/PT-Madeira-PicoDoArreiroB-WalzingMeurers-300x200.jpg\" class=\"attachment-medium size-medium\" alt=\"Wolken Pico d&#039;Arieiro\" srcset=\"https:\/\/blog.olimar.de\/wp-content\/uploads\/2018\/12\/PT-Madeira-PicoDoArreiroB-WalzingMeurers-300x200.jpg 300w, https:\/\/blog.olimar.de\/wp-content\/uploads\/2018\/12\/PT-Madeira-PicoDoArreiroB-WalzingMeurers-768x512.jpg 768w, https:\/\/blog.olimar.de\/wp-content\/uploads\/2018\/12\/PT-Madeira-PicoDoArreiroB-WalzingMeurers-840x560.jpg 840w, https:\/\/blog.olimar.de\/wp-content\/uploads\/2018\/12\/PT-Madeira-PicoDoArreiroB-WalzingMeurers.jpg 1000w\" sizes=\"auto, (max-width: 300px) 100vw, 300px\" \/>\n\t\t\t<\/dt><\/dl><br style=\"clear: both\" \/><dl class='gallery-item'>\n\t\t\t<dt class='gallery-icon landscape'>\n\t\t\t\t<img loading=\"lazy\" decoding=\"async\" width=\"300\" height=\"225\" src=\"https:\/\/blog.olimar.de\/wp-content\/uploads\/2018\/12\/PT-Madeira-PicoRuivoSchild-PIXABAY403206-300x225.jpg\" class=\"attachment-medium size-medium\" alt=\"Gipfelschild Pico Ruivo\" srcset=\"https:\/\/blog.olimar.de\/wp-content\/uploads\/2018\/12\/PT-Madeira-PicoRuivoSchild-PIXABAY403206-300x225.jpg 300w, https:\/\/blog.olimar.de\/wp-content\/uploads\/2018\/12\/PT-Madeira-PicoRuivoSchild-PIXABAY403206-768x576.jpg 768w, https:\/\/blog.olimar.de\/wp-content\/uploads\/2018\/12\/PT-Madeira-PicoRuivoSchild-PIXABAY403206.jpg 1000w\" sizes=\"auto, (max-width: 300px) 100vw, 300px\" \/>\n\t\t\t<\/dt><\/dl>\n\t\t\t<br style='clear: both' \/>\n\t\t<\/div>\n\n<p style=\"text-align: justify;\">Unge\u00fcbte Wanderer oder Kurzausfl\u00fcgler finden ihre passende Strecke zum Beispiel w\u00e4hrend der Serra d\u2019Agua Tour. Der Weg f\u00fchrt entlang der einmaligen S\u00fcdk\u00fcste, die ein unbeschreibliches Panorama hergibt. Besonders sch\u00f6n ist dabei wieder die vielf\u00e4ltige Flora und Fauna, die es so wohl nur auf Madeira zu finden gibt. Nach ungef\u00e4hr 2,5 Stunden und 5 Kilometern kann das Gesehene entspannt verarbeitet werden und man hat noch viel Energie f\u00fcr weitere Ausfl\u00fcge.<br \/>Die Auswahl der verschiedenen Wanderrouten ist gro\u00df. Wichtig ist, dass man sich im Vorfeld \u00fcberlegt, was man gern sehen m\u00f6chte und wie gut man seine Kondition selbst einsch\u00e4tzt. Denn nur so kann der Ausflug zum unvergesslichen Urlaubserlebnis werden, von dem man immer wieder gern erz\u00e4hlt.<\/p>\n<h3><strong>Madeira Wandertouren mit OLIMAR Reisen<\/strong><\/h3>\n<p>Bereits im Rahmen ihrer Madeira-Urlaubsbuchung bei OLIMAR k\u00f6nnen Wanderfreunde eines der Wanderpakete bequem hinzubuchen. Die 5- bzw. 3-Touren-Pakete enthalten einige der vielf\u00e4ltigsten Wanderungen in den famosen Naturlandschaften der Blumeninsel. Diese sind auf der Themenseite <a href=\"https:\/\/www.olimar.de\/aktivurlaub\/wandern-auf-madeira\/\">Wandern auf Madeira<\/a> detailliert beschrieben.<\/p>\n\n\n<div class=\"wp-block-buttons is-layout-flex wp-block-buttons-is-layout-flex\">\n<div class=\"wp-block-button\"><a class=\"wp-block-button__link has-background wp-element-button\" href=\"https:\/\/www.olimar.de\/hotellistung\/\" style=\"background-color:#008c87\" target=\"_blank\" rel=\"noreferrer noopener\">Jetzt Urlaubsangebote finden und buchen<\/a><\/div>\n<\/div>\n\n\n\n<div style=\"height:100px\" aria-hidden=\"true\" class=\"wp-block-spacer\"><\/div>\n","protected":false},"excerpt":{"rendered":"<p>Madeira bietet paradiesische Bedingungen f\u00fcr einen Traumurlaub. Die vielseitige Landschaft und die stetige N\u00e4he zum Wasser machen eine Reise unvergesslich. Von malerischen Fischerd\u00f6rfern bis hin zu den Steilk\u00fcsten mit den spektakul\u00e4ren Ausblicken \u2013 es gibt viel zu entdecken. Aufgrund des subtropischen Klimas wachsen hier die prachtvollsten Pflanzen, weswegen Madeira auch den Spitznamen \u201eBlumeninsel\u201c tr\u00e4gt. Abseits vom Badeurlaub bietet die Insel viele Erkundungsm\u00f6glichkeiten und ist besonders bei Wanderern beliebt. Routen, die man nur auf Madeira findet, erstrecken sich entlang der Levadas. Diese Bew\u00e4sserungskan\u00e4le f\u00fchren vom niederschlagreichen Norden in den sonnigen, trockenen S\u00fcden und versorgen die Insel mit Wasser. Dieses Verfahren findet seinen &hellip;<\/p>\n","protected":false},"author":69,"featured_media":10143,"comment_status":"open","ping_status":"open","sticky":false,"template":"","format":"standard","meta":{"_crdt_document":"","_lmt_disableupdate":"","_lmt_disable":"","footnotes":""},"categories":[29],"tags":[21,34],"class_list":["post-10139","post","type-post","status-publish","format-standard","has-post-thumbnail","hentry","category-aktiv-natur","tag-madeira","tag-portugal"],"yoast_head":"<!-- This site is optimized with the Yoast SEO plugin v26.9 - https:\/\/yoast.com\/product\/yoast-seo-wordpress\/ -->\n<title>Entlang der Levadas - Wandern auf Madeira -<\/title>\n<meta name=\"description\" content=\"Wandern auf Madeira ist ein Hochgenuss f\u00fcr alle, die eine \u00fcppige Natur lieben. Wanderungen entlang der Levadas sind ein Highlight.\" \/>\n<meta name=\"robots\" content=\"index, follow, max-snippet:-1, max-image-preview:large, max-video-preview:-1\" \/>\n<link rel=\"canonical\" href=\"https:\/\/blog.olimar.de\/wandern-auf-madeira\/\" \/>\n<meta property=\"og:locale\" content=\"de_DE\" \/>\n<meta property=\"og:type\" content=\"article\" \/>\n<meta property=\"og:title\" content=\"Entlang der Levadas - Wandern auf Madeira -\" \/>\n<meta property=\"og:description\" content=\"Wandern auf Madeira ist ein Hochgenuss f\u00fcr alle, die eine \u00fcppige Natur lieben. Wanderungen entlang der Levadas sind ein Highlight.\" \/>\n<meta property=\"og:url\" content=\"https:\/\/blog.olimar.de\/wandern-auf-madeira\/\" \/>\n<meta property=\"article:publisher\" content=\"https:\/\/www.facebook.com\/OlimarReisen\" \/>\n<meta property=\"article:published_time\" content=\"2018-12-17T08:54:48+00:00\" \/>\n<meta property=\"article:modified_time\" content=\"2024-10-16T08:30:54+00:00\" \/>\n<meta property=\"og:image\" content=\"https:\/\/blog.olimar.de\/wp-content\/uploads\/2018\/12\/DSC_6567.jpg\" \/>\n\t<meta property=\"og:image:width\" content=\"2000\" \/>\n\t<meta property=\"og:image:height\" content=\"1335\" \/>\n\t<meta property=\"og:image:type\" content=\"image\/jpeg\" \/>\n<meta name=\"author\" content=\"Juliane Meinke\" \/>\n<meta name=\"twitter:label1\" content=\"Verfasst von\" \/>\n\t<meta name=\"twitter:data1\" content=\"Juliane Meinke\" \/>\n\t<meta name=\"twitter:label2\" content=\"Gesch\u00e4tzte Lesezeit\" \/>\n\t<meta name=\"twitter:data2\" content=\"3\u00a0Minuten\" \/>\n<script type=\"application\/ld+json\" class=\"yoast-schema-graph\">{\"@context\":\"https:\/\/schema.org\",\"@graph\":[{\"@type\":\"WebPage\",\"@id\":\"https:\/\/blog.olimar.de\/wandern-auf-madeira\/\",\"url\":\"https:\/\/blog.olimar.de\/wandern-auf-madeira\/\",\"name\":\"Entlang der Levadas - Wandern auf Madeira -\",\"isPartOf\":{\"@id\":\"https:\/\/blog.olimar.de\/#website\"},\"primaryImageOfPage\":{\"@id\":\"https:\/\/blog.olimar.de\/wandern-auf-madeira\/#primaryimage\"},\"image\":{\"@id\":\"https:\/\/blog.olimar.de\/wandern-auf-madeira\/#primaryimage\"},\"thumbnailUrl\":\"https:\/\/blog.olimar.de\/wp-content\/uploads\/2018\/12\/DSC_6567.jpg\",\"datePublished\":\"2018-12-17T08:54:48+00:00\",\"dateModified\":\"2024-10-16T08:30:54+00:00\",\"description\":\"Wandern auf Madeira ist ein Hochgenuss f\u00fcr alle, die eine \u00fcppige Natur lieben. Wanderungen entlang der Levadas sind ein Highlight.\",\"breadcrumb\":{\"@id\":\"https:\/\/blog.olimar.de\/wandern-auf-madeira\/#breadcrumb\"},\"inLanguage\":\"de\",\"potentialAction\":[{\"@type\":\"ReadAction\",\"target\":[\"https:\/\/blog.olimar.de\/wandern-auf-madeira\/\"]}]},{\"@type\":\"ImageObject\",\"inLanguage\":\"de\",\"@id\":\"https:\/\/blog.olimar.de\/wandern-auf-madeira\/#primaryimage\",\"url\":\"https:\/\/blog.olimar.de\/wp-content\/uploads\/2018\/12\/DSC_6567.jpg\",\"contentUrl\":\"https:\/\/blog.olimar.de\/wp-content\/uploads\/2018\/12\/DSC_6567.jpg\",\"width\":2000,\"height\":1335,\"caption\":\"Wanderer Levada-Weg Madeira\"},{\"@type\":\"BreadcrumbList\",\"@id\":\"https:\/\/blog.olimar.de\/wandern-auf-madeira\/#breadcrumb\",\"itemListElement\":[{\"@type\":\"ListItem\",\"position\":1,\"name\":\"Home\",\"item\":\"https:\/\/blog.olimar.de\/\"},{\"@type\":\"ListItem\",\"position\":2,\"name\":\"Madeira\",\"item\":\"https:\/\/blog.olimar.de\/tag\/madeira\/\"},{\"@type\":\"ListItem\",\"position\":3,\"name\":\"Entlang der Levadas &#8211; Wandern auf Madeira\"}]},{\"@type\":\"WebSite\",\"@id\":\"https:\/\/blog.olimar.de\/#website\",\"url\":\"https:\/\/blog.olimar.de\/\",\"name\":\"OLIMAR.com\",\"description\":\"\",\"publisher\":{\"@id\":\"https:\/\/blog.olimar.de\/#organization\"},\"potentialAction\":[{\"@type\":\"SearchAction\",\"target\":{\"@type\":\"EntryPoint\",\"urlTemplate\":\"https:\/\/blog.olimar.de\/?s={search_term_string}\"},\"query-input\":{\"@type\":\"PropertyValueSpecification\",\"valueRequired\":true,\"valueName\":\"search_term_string\"}}],\"inLanguage\":\"de\"},{\"@type\":\"Organization\",\"@id\":\"https:\/\/blog.olimar.de\/#organization\",\"name\":\"OLIMAR Reisen\",\"url\":\"https:\/\/blog.olimar.de\/\",\"logo\":{\"@type\":\"ImageObject\",\"inLanguage\":\"de\",\"@id\":\"https:\/\/blog.olimar.de\/#\/schema\/logo\/image\/\",\"url\":\"https:\/\/blog.olimar.de\/wp-content\/uploads\/2021\/01\/OLIMAR_Logo_COLOR.png\",\"contentUrl\":\"https:\/\/blog.olimar.de\/wp-content\/uploads\/2021\/01\/OLIMAR_Logo_COLOR.png\",\"width\":2000,\"height\":986,\"caption\":\"OLIMAR Reisen\"},\"image\":{\"@id\":\"https:\/\/blog.olimar.de\/#\/schema\/logo\/image\/\"},\"sameAs\":[\"https:\/\/www.facebook.com\/OlimarReisen\",\"https:\/\/x.com\/olimarrreisen\",\"https:\/\/www.instagram.com\/olimarreisen\",\"https:\/\/www.youtube.com\/user\/olimarreisen\"]}]}<\/script>\n<!-- \/ Yoast SEO plugin. -->","yoast_head_json":{"title":"Entlang der Levadas - Wandern auf Madeira -","description":"Wandern auf Madeira ist ein Hochgenuss f\u00fcr alle, die eine \u00fcppige Natur lieben. Wanderungen entlang der Levadas sind ein Highlight.","robots":{"index":"index","follow":"follow","max-snippet":"max-snippet:-1","max-image-preview":"max-image-preview:large","max-video-preview":"max-video-preview:-1"},"canonical":"https:\/\/blog.olimar.de\/wandern-auf-madeira\/","og_locale":"de_DE","og_type":"article","og_title":"Entlang der Levadas - Wandern auf Madeira -","og_description":"Wandern auf Madeira ist ein Hochgenuss f\u00fcr alle, die eine \u00fcppige Natur lieben. Wanderungen entlang der Levadas sind ein Highlight.","og_url":"https:\/\/blog.olimar.de\/wandern-auf-madeira\/","article_publisher":"https:\/\/www.facebook.com\/OlimarReisen","article_published_time":"2018-12-17T08:54:48+00:00","article_modified_time":"2024-10-16T08:30:54+00:00","og_image":[{"width":2000,"height":1335,"url":"https:\/\/blog.olimar.de\/wp-content\/uploads\/2018\/12\/DSC_6567.jpg","type":"image\/jpeg"}],"author":"Juliane Meinke","twitter_misc":{"Verfasst von":"Juliane Meinke","Gesch\u00e4tzte Lesezeit":"3\u00a0Minuten"},"schema":{"@context":"https:\/\/schema.org","@graph":[{"@type":"WebPage","@id":"https:\/\/blog.olimar.de\/wandern-auf-madeira\/","url":"https:\/\/blog.olimar.de\/wandern-auf-madeira\/","name":"Entlang der Levadas - Wandern auf Madeira -","isPartOf":{"@id":"https:\/\/blog.olimar.de\/#website"},"primaryImageOfPage":{"@id":"https:\/\/blog.olimar.de\/wandern-auf-madeira\/#primaryimage"},"image":{"@id":"https:\/\/blog.olimar.de\/wandern-auf-madeira\/#primaryimage"},"thumbnailUrl":"https:\/\/blog.olimar.de\/wp-content\/uploads\/2018\/12\/DSC_6567.jpg","datePublished":"2018-12-17T08:54:48+00:00","dateModified":"2024-10-16T08:30:54+00:00","description":"Wandern auf Madeira ist ein Hochgenuss f\u00fcr alle, die eine \u00fcppige Natur lieben. Wanderungen entlang der Levadas sind ein Highlight.","breadcrumb":{"@id":"https:\/\/blog.olimar.de\/wandern-auf-madeira\/#breadcrumb"},"inLanguage":"de","potentialAction":[{"@type":"ReadAction","target":["https:\/\/blog.olimar.de\/wandern-auf-madeira\/"]}]},{"@type":"ImageObject","inLanguage":"de","@id":"https:\/\/blog.olimar.de\/wandern-auf-madeira\/#primaryimage","url":"https:\/\/blog.olimar.de\/wp-content\/uploads\/2018\/12\/DSC_6567.jpg","contentUrl":"https:\/\/blog.olimar.de\/wp-content\/uploads\/2018\/12\/DSC_6567.jpg","width":2000,"height":1335,"caption":"Wanderer Levada-Weg Madeira"},{"@type":"BreadcrumbList","@id":"https:\/\/blog.olimar.de\/wandern-auf-madeira\/#breadcrumb","itemListElement":[{"@type":"ListItem","position":1,"name":"Home","item":"https:\/\/blog.olimar.de\/"},{"@type":"ListItem","position":2,"name":"Madeira","item":"https:\/\/blog.olimar.de\/tag\/madeira\/"},{"@type":"ListItem","position":3,"name":"Entlang der Levadas &#8211; Wandern auf Madeira"}]},{"@type":"WebSite","@id":"https:\/\/blog.olimar.de\/#website","url":"https:\/\/blog.olimar.de\/","name":"OLIMAR.com","description":"","publisher":{"@id":"https:\/\/blog.olimar.de\/#organization"},"potentialAction":[{"@type":"SearchAction","target":{"@type":"EntryPoint","urlTemplate":"https:\/\/blog.olimar.de\/?s={search_term_string}"},"query-input":{"@type":"PropertyValueSpecification","valueRequired":true,"valueName":"search_term_string"}}],"inLanguage":"de"},{"@type":"Organization","@id":"https:\/\/blog.olimar.de\/#organization","name":"OLIMAR Reisen","url":"https:\/\/blog.olimar.de\/","logo":{"@type":"ImageObject","inLanguage":"de","@id":"https:\/\/blog.olimar.de\/#\/schema\/logo\/image\/","url":"https:\/\/blog.olimar.de\/wp-content\/uploads\/2021\/01\/OLIMAR_Logo_COLOR.png","contentUrl":"https:\/\/blog.olimar.de\/wp-content\/uploads\/2021\/01\/OLIMAR_Logo_COLOR.png","width":2000,"height":986,"caption":"OLIMAR Reisen"},"image":{"@id":"https:\/\/blog.olimar.de\/#\/schema\/logo\/image\/"},"sameAs":["https:\/\/www.facebook.com\/OlimarReisen","https:\/\/x.com\/olimarrreisen","https:\/\/www.instagram.com\/olimarreisen","https:\/\/www.youtube.com\/user\/olimarreisen"]}]}},"modified_by":"Julia Windh\u00f6vel","jetpack_featured_media_url":"https:\/\/blog.olimar.de\/wp-content\/uploads\/2018\/12\/DSC_6567.jpg","_links":{"self":[{"href":"https:\/\/blog.olimar.de\/wp-json\/wp\/v2\/posts\/10139","targetHints":{"allow":["GET"]}}],"collection":[{"href":"https:\/\/blog.olimar.de\/wp-json\/wp\/v2\/posts"}],"about":[{"href":"https:\/\/blog.olimar.de\/wp-json\/wp\/v2\/types\/post"}],"author":[{"embeddable":true,"href":"https:\/\/blog.olimar.de\/wp-json\/wp\/v2\/users\/69"}],"replies":[{"embeddable":true,"href":"https:\/\/blog.olimar.de\/wp-json\/wp\/v2\/comments?post=10139"}],"version-history":[{"count":12,"href":"https:\/\/blog.olimar.de\/wp-json\/wp\/v2\/posts\/10139\/revisions"}],"predecessor-version":[{"id":28028,"href":"https:\/\/blog.olimar.de\/wp-json\/wp\/v2\/posts\/10139\/revisions\/28028"}],"wp:featuredmedia":[{"embeddable":true,"href":"https:\/\/blog.olimar.de\/wp-json\/wp\/v2\/media\/10143"}],"wp:attachment":[{"href":"https:\/\/blog.olimar.de\/wp-json\/wp\/v2\/media?parent=10139"}],"wp:term":[{"taxonomy":"category","embeddable":true,"href":"https:\/\/blog.olimar.de\/wp-json\/wp\/v2\/categories?post=10139"},{"taxonomy":"post_tag","embeddable":true,"href":"https:\/\/blog.olimar.de\/wp-json\/wp\/v2\/tags?post=10139"}],"curies":[{"name":"wp","href":"https:\/\/api.w.org\/{rel}","templated":true}]}}