{"id":10157,"date":"2018-12-20T12:16:08","date_gmt":"2018-12-20T10:16:08","guid":{"rendered":"https:\/\/blog.olimar.de\/?p=10157"},"modified":"2020-02-18T11:21:41","modified_gmt":"2020-02-18T10:21:41","slug":"spaniens-spezialitaeten","status":"publish","type":"post","link":"https:\/\/blog.olimar.de\/spaniens-spezialitaeten\/","title":{"rendered":"Spaniens Gourmet-Spezialit\u00e4ten &#8211; das kulinarische Alphabet &#8211; Teil 1"},"content":{"rendered":"<p class=\"intro\" style=\"text-align: justify;\">Die wichtigste Zutat f\u00fcr einen gelungenen Spanienurlaub findet man in der K\u00fcche des Landes. Viele Spezialit\u00e4ten haben hier ihr zu Hause und sorgen f\u00fcr wahre Gaumenfreuden. Lassen Sie sich durch das Alphabet der Kulinarik f\u00fchren und lernen Sie so die Regionen Spaniens kennen.<\/p>\n<p style=\"text-align: justify;\"><span class=\"dropcap\">A<\/span>ioli<br \/>\nAuf einem spanischen Vorspeisenteller darf die Aioli nicht fehlen. Die kalte Creme, die vor allem aus Knoblauch, Oliven\u00f6l und Salz besteht, wird mit Brot oder Oliven sowie als Beigabe zu Fleisch, Fisch und Gem\u00fcse serviert. Auch hierzulande erreicht die Aioli Creme immer mehr Beliebtheit aufgrund des unvergleichbaren Geschmacks.<\/p>\n<p style=\"text-align: justify;\">La <span class=\"dropcap\">B<\/span>oquer\u00eda<br \/>\nW\u00e4hrend des n\u00e4chsten St\u00e4dtetrips nach Barcelona darf der Besuch des Mercat de la Boquer\u00eda, kurz La Boquer\u00eda, nicht fehlen. Die Markthalle an der ber\u00fchmten Einkaufsstra\u00dfe La Rambla bietet auf einer Fl\u00e4che von rund 2.500 m\u00b2 feinste spanische Spezialit\u00e4ten. Einheimische und Touristen kaufen hier frischen Fisch, Fleisch, Gem\u00fcse, Obst, Backwaren und viele weitere regionale Produkte.<\/p>\n<p><img loading=\"lazy\" decoding=\"async\" class=\"aligncenter size-large wp-image-10162\" src=\"https:\/\/blog.olimar.de\/wp-content\/uploads\/2018\/12\/ES-Allgemein-MushroomMarket-106482279-fotolia17-c-daviles-1024x683.jpg\" alt=\"Markt in Spanien\" width=\"840\" height=\"560\" srcset=\"https:\/\/blog.olimar.de\/wp-content\/uploads\/2018\/12\/ES-Allgemein-MushroomMarket-106482279-fotolia17-c-daviles-1024x683.jpg 1024w, https:\/\/blog.olimar.de\/wp-content\/uploads\/2018\/12\/ES-Allgemein-MushroomMarket-106482279-fotolia17-c-daviles-300x200.jpg 300w, https:\/\/blog.olimar.de\/wp-content\/uploads\/2018\/12\/ES-Allgemein-MushroomMarket-106482279-fotolia17-c-daviles-768x512.jpg 768w, https:\/\/blog.olimar.de\/wp-content\/uploads\/2018\/12\/ES-Allgemein-MushroomMarket-106482279-fotolia17-c-daviles-840x560.jpg 840w, https:\/\/blog.olimar.de\/wp-content\/uploads\/2018\/12\/ES-Allgemein-MushroomMarket-106482279-fotolia17-c-daviles-1200x800.jpg 1200w, https:\/\/blog.olimar.de\/wp-content\/uploads\/2018\/12\/ES-Allgemein-MushroomMarket-106482279-fotolia17-c-daviles.jpg 1620w\" sizes=\"auto, (max-width: 840px) 100vw, 840px\" \/><\/p>\n<p style=\"text-align: justify;\"><span class=\"dropcap\">C<\/span>horizo<br \/>\nZu den beliebtesten Wurstwaren des Landes geh\u00f6rt die Chorizo. Hierbei handelt es sich um eine luftgetrocknete Rohwurst aus Schweine- oder Kalbsfleisch und Speck. Durch die Zugabe des roten Paprikagew\u00fcrzes erh\u00e4lt die Fleischware ihre charakteristische Farbe. Die Chorizo ist nicht nur Teil der klassischen Tapasplatte. Sie wird zudem auch gern gebraten in Eint\u00f6pfen oder Pfannengerichten verwendet.<\/p>\n<p style=\"text-align: justify;\"><span class=\"dropcap\">D<\/span>igestivo<br \/>\nNach einem deftigen Essen darf der Digestivo nicht fehlen. Hierunter versteht man verschiedene Lik\u00f6re, die unter anderem ihren Ursprung in den Kl\u00f6stern Spaniens finden. Andere gehen auf langj\u00e4hrige Volkstraditionen zur\u00fcck, wie zum Beispiel der katalanische Rataf\u00eda oder der Licor Caf\u00e9. Die Lik\u00f6re dienen haupts\u00e4chlich der Verdauung und weisen einen s\u00fc\u00dfen Geschmack sowie einen hohen Alkoholgehalt auf.<\/p>\n<p style=\"text-align: justify;\"><span class=\"dropcap\">E<\/span>nsaimada<br \/>\nDie Ensaimadas sind auf den balearischen Inseln zu Hause. Das s\u00fc\u00dfe Bl\u00e4tterteiggeb\u00e4ck wird in seiner typischen Schneckenform mit Schweineschmalz gebacken und zum Schluss klassisch mit Puderzucker best\u00e4ubt. Manchmal sieht man die Ensaimadas auch mit Sahne, Marmelade, K\u00fcrbiskonfekt oder Schokolade gef\u00fcllt. Das Geb\u00e4ck wird gern zum Fr\u00fchst\u00fcck oder am Nachmittag gegessen.<\/p>\n<p><img loading=\"lazy\" decoding=\"async\" class=\"aligncenter size-full wp-image-10167\" src=\"https:\/\/blog.olimar.de\/wp-content\/uploads\/2018\/12\/ES-Mallorca-Allgemein-Ensaimada-c-Mariontxa-shutterstock-143177557.jpg\" alt=\"Ensaimada auf Mallorca\" width=\"1000\" height=\"667\" srcset=\"https:\/\/blog.olimar.de\/wp-content\/uploads\/2018\/12\/ES-Mallorca-Allgemein-Ensaimada-c-Mariontxa-shutterstock-143177557.jpg 1000w, https:\/\/blog.olimar.de\/wp-content\/uploads\/2018\/12\/ES-Mallorca-Allgemein-Ensaimada-c-Mariontxa-shutterstock-143177557-300x200.jpg 300w, https:\/\/blog.olimar.de\/wp-content\/uploads\/2018\/12\/ES-Mallorca-Allgemein-Ensaimada-c-Mariontxa-shutterstock-143177557-768x512.jpg 768w, https:\/\/blog.olimar.de\/wp-content\/uploads\/2018\/12\/ES-Mallorca-Allgemein-Ensaimada-c-Mariontxa-shutterstock-143177557-840x560.jpg 840w\" sizes=\"auto, (max-width: 1000px) 100vw, 1000px\" \/><\/p>\n<p style=\"text-align: justify;\"><span class=\"dropcap\">F<\/span>abada<br \/>\nAuch herzhafte Eint\u00f6pfe d\u00fcrfen in der spanischen K\u00fcche nicht fehlen. In der Nordregion Asturien z\u00e4hlt Fabada zu den hei\u00dfen Spezialit\u00e4ten. Der Eintopf wird aus wei\u00dfen Bohnen und Fleischresten wie gesalzenem Schweineohr und Blutwurst gefertigt. Auch die Chorizo wird hier gern verwendet. Lang genug gekocht nehmen die wei\u00dfen Bohnen den Geschmack der Zutaten wunderbar auf und sorgen so f\u00fcr eine leckere Mahlzeit in der k\u00fchleren Jahreszeit.<\/p>\n<p style=\"text-align: justify;\"><span class=\"dropcap\">G<\/span>azpacho<br \/>\nAnders als die Fabada eignet sich die Gazpacho als perfekte Abk\u00fchlung f\u00fcr die hei\u00dfen Sommertage. Die kaltservierte Suppe stammt aus Andalusien und wird aus ungekochtem Gem\u00fcse zubereitet. Urspr\u00fcnglich wurde sie von den Mauren gefertigt, die sie als wei\u00dfe Knoblauchsuppe mit Gurken, Brot, Oliven\u00f6l, Essig, Wasser und nat\u00fcrlich Knoblauch a\u00dfen. Erst nach der Entdeckung Amerikas brachte Kolumbus die Tomate und Paprika ins Land, die auch heute noch Bestandteil des Gerichts sind.<\/p>\n<p style=\"text-align: justify;\"><span class=\"dropcap\">H<\/span>orchata<br \/>\nDie Horchata findet man in vielen Teilen Spaniens, insbesondere aber in Valencia und Alicante. Es handelt sich hierbei um eine Milch, die aus dem Saft der Erdmandel, einer wei\u00dfen Knollenfrucht, hergestellt wird. Sie wird sehr kalt serviert und dient somit der Erfrischung. Im spanischen Sprachgebrauch wird der Name Horchata f\u00fcr alle Kaltgetr\u00e4nke auf Basis zerstampfter Fr\u00fcchte, N\u00fcsse oder Samen genutzt, denn das Wort stammt eigentlich vom lateinischen \u201ehordeata\u201c. Dies bedeutet so viel wie \u201eaus der Gerste gemacht\u201c. Sp\u00e4ter wurde die Gerste durch Fr\u00fcchte ersetzt.<\/p>\n<p style=\"text-align: justify;\"><span class=\"dropcap\">I<\/span>berisches Schwein<br \/>\nDas Iberische Schwein kennt man vor allem aufgrund des iberischen, luftgetrockneten Schinkens. Die Tiere sind im S\u00fcdwesten Spaniens sowie in Teilen Portugals heimisch und werden meist freilaufend auf Korkeichen- und Steineichenhaien gehalten. Aufgrund der F\u00fctterung mit den herunterfallenden Eicheln erh\u00e4lt das Fleisch seinen charakteristischen Geschmack und gilt als Delikatesse.<\/p>\n<div id='gallery-1' class='gallery galleryid-10157 gallery-columns-3 gallery-size-medium'><dl class='gallery-item'>\n\t\t\t<dt class='gallery-icon landscape'>\n\t\t\t\t<img loading=\"lazy\" decoding=\"async\" width=\"300\" height=\"199\" src=\"https:\/\/blog.olimar.de\/wp-content\/uploads\/2016\/09\/Jamon-iberico-300x199.jpg\" class=\"attachment-medium size-medium\" alt=\"Jamon Iberico Schinken Spanien\" srcset=\"https:\/\/blog.olimar.de\/wp-content\/uploads\/2016\/09\/Jamon-iberico-300x199.jpg 300w, https:\/\/blog.olimar.de\/wp-content\/uploads\/2016\/09\/Jamon-iberico-768x508.jpg 768w, https:\/\/blog.olimar.de\/wp-content\/uploads\/2016\/09\/Jamon-iberico-1024x678.jpg 1024w, https:\/\/blog.olimar.de\/wp-content\/uploads\/2016\/09\/Jamon-iberico-840x560.jpg 840w, https:\/\/blog.olimar.de\/wp-content\/uploads\/2016\/09\/Jamon-iberico-1200x800.jpg 1200w, https:\/\/blog.olimar.de\/wp-content\/uploads\/2016\/09\/Jamon-iberico.jpg 1920w\" sizes=\"auto, (max-width: 300px) 100vw, 300px\" \/>\n\t\t\t<\/dt><\/dl><dl class='gallery-item'>\n\t\t\t<dt class='gallery-icon landscape'>\n\t\t\t\t<img loading=\"lazy\" decoding=\"async\" width=\"300\" height=\"225\" src=\"https:\/\/blog.olimar.de\/wp-content\/uploads\/2016\/09\/Iberico-Schinken-300x225.jpg\" class=\"attachment-medium size-medium\" alt=\"Jam\u00f3n Ib\u00e9rico auf Teller\" srcset=\"https:\/\/blog.olimar.de\/wp-content\/uploads\/2016\/09\/Iberico-Schinken-300x225.jpg 300w, https:\/\/blog.olimar.de\/wp-content\/uploads\/2016\/09\/Iberico-Schinken-768x576.jpg 768w, https:\/\/blog.olimar.de\/wp-content\/uploads\/2016\/09\/Iberico-Schinken-1024x768.jpg 1024w\" sizes=\"auto, (max-width: 300px) 100vw, 300px\" \/>\n\t\t\t<\/dt><\/dl>\n\t\t\t<br style='clear: both' \/>\n\t\t<\/div>\n\n<p style=\"text-align: justify;\"><span class=\"dropcap\">J<\/span>erez<br \/>\nJerez oder auch Sherry d\u00fcrfen nur Weine aus Andalusien genannt werden. Der Sherry gilt als der international bekannteste Wein Spaniens. Dieser wird aus Trauben gefertigt, die bei viel Sonne und hohen Temperaturen reifen. Aufgrund verschiedener Herstellungsprozesse kann der Sherry sehr unterschiedlich schmecken. Die trockene Variante eignet sich besonders als Aperitif, w\u00e4hrend der s\u00fc\u00dfe Wein eher zum Dessert gereicht wird.<\/p>\n<p><img loading=\"lazy\" decoding=\"async\" class=\"aligncenter size-full wp-image-10164\" src=\"https:\/\/blog.olimar.de\/wp-content\/uploads\/2018\/12\/ES-Andalusien-Jerez-FestDerWeinlese-c-Turespana.jpg\" alt=\"Jerez Wein wird eingeschenkt\" width=\"1000\" height=\"750\" srcset=\"https:\/\/blog.olimar.de\/wp-content\/uploads\/2018\/12\/ES-Andalusien-Jerez-FestDerWeinlese-c-Turespana.jpg 1000w, https:\/\/blog.olimar.de\/wp-content\/uploads\/2018\/12\/ES-Andalusien-Jerez-FestDerWeinlese-c-Turespana-300x225.jpg 300w, https:\/\/blog.olimar.de\/wp-content\/uploads\/2018\/12\/ES-Andalusien-Jerez-FestDerWeinlese-c-Turespana-768x576.jpg 768w\" sizes=\"auto, (max-width: 1000px) 100vw, 1000px\" \/><\/p>\n<p style=\"text-align: justify;\"><span class=\"dropcap\">K<\/span>atalanische Creme<br \/>\nDie Katalanische Creme, im spanischen \u201eCrema catalana\u201c, ist eine Dessertcreme, die mit einer festen Karamellschicht \u00fcberzogen ist. Sie wird klassisch in einer Tonschale serviert und \u00e4hnelt dabei sehr der franz\u00f6sischen Cr\u00e8me br\u00fbl\u00e9e. Dennoch gibt es kleine Unterschiede zwischen den Spezialit\u00e4ten. Zum Beispiel wird die katalanische S\u00fc\u00dfspeise nicht im Wasserbad zubereitet und enth\u00e4lt Milch statt Sahne, die mit verquirltem Ei, St\u00e4rke, Zimt und Orangenschalen verfeinert wird.<\/p>\n<p style=\"text-align: justify;\"><span class=\"dropcap\">L<\/span>imonade<br \/>\nAufgrund des sonnigen, trockenen Wetters ist Spanien der perfekte Reifungsort f\u00fcr zahlreiche Zitrusfr\u00fcchte wie Limonen, Orangen oder Zitronen. So wundert es nicht, dass im Land gern selbstgemachte Limonade getrunken wird, die nicht nur f\u00fcr die richtige Abk\u00fchlung sorgt, sondern auch einen tollen Vitamin- und Energieschub geben.<\/p>\n<p style=\"text-align: justify;\"><span class=\"dropcap\">M<\/span>andeln<br \/>\nDie Mandel ist schon seit \u00fcber 4.000 Jahren aufgrund ihres aromatischen Geschmacks beliebt. Urspr\u00fcnglich fand man die leckeren N\u00fcsse in Asien. Durch die Mauren wurden sie in den Mittelmeerraum gebracht, wo sie bis heute angepflanzt werden. Neben dem leckeren Erzeugnis ist auch der Mandelbaum etwas ganz Besonderes. Er z\u00e4hlt zu den Rosengew\u00e4chsen und tr\u00e4gt im Fr\u00fchjahr wundersch\u00f6ne rosafarbene und wei\u00dfe Bl\u00fcten. Ein beliebtes Reiseziel, um die Mandelbl\u00fcte zu erleben, ist Mallorca im Februar.<\/p>\n<p><strong>Weiter geht\u2019s im <a href=\"https:\/\/blog.olimar.de\/spanien-gourmet\/\">Teil 2 des kulinarischen Spanien-Alphabets<\/a>.<\/strong><\/p>\n","protected":false},"excerpt":{"rendered":"<p>Die wichtigste Zutat f\u00fcr einen gelungenen Spanienurlaub findet man in der K\u00fcche des Landes. Viele Spezialit\u00e4ten haben hier ihr zu Hause und sorgen f\u00fcr wahre Gaumenfreuden. Lassen Sie sich durch das Alphabet der Kulinarik f\u00fchren und lernen Sie so die Regionen Spaniens kennen. Aioli Auf einem spanischen Vorspeisenteller darf die Aioli nicht fehlen. Die kalte Creme, die vor allem aus Knoblauch, Oliven\u00f6l und Salz besteht, wird mit Brot oder Oliven sowie als Beigabe zu Fleisch, Fisch und Gem\u00fcse serviert. Auch hierzulande erreicht die Aioli Creme immer mehr Beliebtheit aufgrund des unvergleichbaren Geschmacks. La Boquer\u00eda W\u00e4hrend des n\u00e4chsten St\u00e4dtetrips nach Barcelona darf &hellip;<\/p>\n","protected":false},"author":69,"featured_media":10161,"comment_status":"open","ping_status":"open","sticky":false,"template":"","format":"standard","meta":{"_crdt_document":"","_lmt_disableupdate":"","_lmt_disable":"","footnotes":""},"categories":[30],"tags":[62],"class_list":["post-10157","post","type-post","status-publish","format-standard","has-post-thumbnail","hentry","category-kulinarik-genuss","tag-spanien"],"yoast_head":"<!-- This site is optimized with the Yoast SEO plugin v26.9 - https:\/\/yoast.com\/product\/yoast-seo-wordpress\/ -->\n<title>Spaniens Spezialit\u00e4ten im Kulinarik-Alphabet, Teil 1<\/title>\n<meta name=\"description\" content=\"Wir zeigen Ihnen Spaniens Spezialit\u00e4ten im Kulinarik- Alphabet Teil 1. So sind Sie bestens ger\u00fcstet f\u00fcr Ihren n\u00e4chsten Spanien-Urlaub\" \/>\n<meta name=\"robots\" content=\"index, follow, max-snippet:-1, max-image-preview:large, max-video-preview:-1\" \/>\n<link rel=\"canonical\" href=\"https:\/\/blog.olimar.de\/spaniens-spezialitaeten\/\" \/>\n<meta property=\"og:locale\" content=\"de_DE\" \/>\n<meta property=\"og:type\" content=\"article\" \/>\n<meta property=\"og:title\" content=\"Spaniens Spezialit\u00e4ten im Kulinarik-Alphabet, Teil 1\" \/>\n<meta property=\"og:description\" content=\"Wir zeigen Ihnen Spaniens Spezialit\u00e4ten im Kulinarik- Alphabet Teil 1. So sind Sie bestens ger\u00fcstet f\u00fcr Ihren n\u00e4chsten Spanien-Urlaub\" \/>\n<meta property=\"og:url\" content=\"https:\/\/blog.olimar.de\/spaniens-spezialitaeten\/\" \/>\n<meta property=\"article:publisher\" content=\"https:\/\/www.facebook.com\/OlimarReisen\" \/>\n<meta property=\"article:published_time\" content=\"2018-12-20T10:16:08+00:00\" \/>\n<meta property=\"article:modified_time\" content=\"2020-02-18T10:21:41+00:00\" \/>\n<meta property=\"og:image\" content=\"https:\/\/i2.wp.com\/blog.olimar.de\/wp-content\/uploads\/2018\/12\/ES-Allgemein-TapasandSangria-158785912-fotolia17-c-beats_-e1562249637856.jpg?fit=800%2C533&ssl=1\" \/>\n\t<meta property=\"og:image:width\" content=\"800\" \/>\n\t<meta property=\"og:image:height\" content=\"533\" \/>\n\t<meta property=\"og:image:type\" content=\"image\/jpeg\" \/>\n<meta name=\"author\" content=\"Juliane Meinke\" \/>\n<meta name=\"twitter:label1\" content=\"Verfasst von\" \/>\n\t<meta name=\"twitter:data1\" content=\"Juliane Meinke\" \/>\n\t<meta name=\"twitter:label2\" content=\"Gesch\u00e4tzte Lesezeit\" \/>\n\t<meta name=\"twitter:data2\" content=\"5\u00a0Minuten\" \/>\n<script type=\"application\/ld+json\" class=\"yoast-schema-graph\">{\"@context\":\"https:\/\/schema.org\",\"@graph\":[{\"@type\":\"WebPage\",\"@id\":\"https:\/\/blog.olimar.de\/spaniens-spezialitaeten\/\",\"url\":\"https:\/\/blog.olimar.de\/spaniens-spezialitaeten\/\",\"name\":\"Spaniens Spezialit\u00e4ten im Kulinarik-Alphabet, Teil 1\",\"isPartOf\":{\"@id\":\"https:\/\/blog.olimar.de\/#website\"},\"primaryImageOfPage\":{\"@id\":\"https:\/\/blog.olimar.de\/spaniens-spezialitaeten\/#primaryimage\"},\"image\":{\"@id\":\"https:\/\/blog.olimar.de\/spaniens-spezialitaeten\/#primaryimage\"},\"thumbnailUrl\":\"https:\/\/blog.olimar.de\/wp-content\/uploads\/2018\/12\/ES-Allgemein-TapasandSangria-158785912-fotolia17-c-beats_-e1562249637856.jpg\",\"datePublished\":\"2018-12-20T10:16:08+00:00\",\"dateModified\":\"2020-02-18T10:21:41+00:00\",\"description\":\"Wir zeigen Ihnen Spaniens Spezialit\u00e4ten im Kulinarik- Alphabet Teil 1. So sind Sie bestens ger\u00fcstet f\u00fcr Ihren n\u00e4chsten Spanien-Urlaub\",\"breadcrumb\":{\"@id\":\"https:\/\/blog.olimar.de\/spaniens-spezialitaeten\/#breadcrumb\"},\"inLanguage\":\"de\",\"potentialAction\":[{\"@type\":\"ReadAction\",\"target\":[\"https:\/\/blog.olimar.de\/spaniens-spezialitaeten\/\"]}]},{\"@type\":\"ImageObject\",\"inLanguage\":\"de\",\"@id\":\"https:\/\/blog.olimar.de\/spaniens-spezialitaeten\/#primaryimage\",\"url\":\"https:\/\/blog.olimar.de\/wp-content\/uploads\/2018\/12\/ES-Allgemein-TapasandSangria-158785912-fotolia17-c-beats_-e1562249637856.jpg\",\"contentUrl\":\"https:\/\/blog.olimar.de\/wp-content\/uploads\/2018\/12\/ES-Allgemein-TapasandSangria-158785912-fotolia17-c-beats_-e1562249637856.jpg\",\"width\":800,\"height\":533,\"caption\":\"Spaniens Tapas-Spezialit\u00e4ten\"},{\"@type\":\"BreadcrumbList\",\"@id\":\"https:\/\/blog.olimar.de\/spaniens-spezialitaeten\/#breadcrumb\",\"itemListElement\":[{\"@type\":\"ListItem\",\"position\":1,\"name\":\"Home\",\"item\":\"https:\/\/blog.olimar.de\/\"},{\"@type\":\"ListItem\",\"position\":2,\"name\":\"Spanien\",\"item\":\"https:\/\/blog.olimar.de\/tag\/spanien\/\"},{\"@type\":\"ListItem\",\"position\":3,\"name\":\"Spaniens Gourmet-Spezialit\u00e4ten &#8211; das kulinarische Alphabet &#8211; Teil 1\"}]},{\"@type\":\"WebSite\",\"@id\":\"https:\/\/blog.olimar.de\/#website\",\"url\":\"https:\/\/blog.olimar.de\/\",\"name\":\"OLIMAR.com\",\"description\":\"\",\"publisher\":{\"@id\":\"https:\/\/blog.olimar.de\/#organization\"},\"potentialAction\":[{\"@type\":\"SearchAction\",\"target\":{\"@type\":\"EntryPoint\",\"urlTemplate\":\"https:\/\/blog.olimar.de\/?s={search_term_string}\"},\"query-input\":{\"@type\":\"PropertyValueSpecification\",\"valueRequired\":true,\"valueName\":\"search_term_string\"}}],\"inLanguage\":\"de\"},{\"@type\":\"Organization\",\"@id\":\"https:\/\/blog.olimar.de\/#organization\",\"name\":\"OLIMAR Reisen\",\"url\":\"https:\/\/blog.olimar.de\/\",\"logo\":{\"@type\":\"ImageObject\",\"inLanguage\":\"de\",\"@id\":\"https:\/\/blog.olimar.de\/#\/schema\/logo\/image\/\",\"url\":\"https:\/\/blog.olimar.de\/wp-content\/uploads\/2021\/01\/OLIMAR_Logo_COLOR.png\",\"contentUrl\":\"https:\/\/blog.olimar.de\/wp-content\/uploads\/2021\/01\/OLIMAR_Logo_COLOR.png\",\"width\":2000,\"height\":986,\"caption\":\"OLIMAR Reisen\"},\"image\":{\"@id\":\"https:\/\/blog.olimar.de\/#\/schema\/logo\/image\/\"},\"sameAs\":[\"https:\/\/www.facebook.com\/OlimarReisen\",\"https:\/\/x.com\/olimarrreisen\",\"https:\/\/www.instagram.com\/olimarreisen\",\"https:\/\/www.youtube.com\/user\/olimarreisen\"]}]}<\/script>\n<!-- \/ Yoast SEO plugin. -->","yoast_head_json":{"title":"Spaniens Spezialit\u00e4ten im Kulinarik-Alphabet, Teil 1","description":"Wir zeigen Ihnen Spaniens Spezialit\u00e4ten im Kulinarik- Alphabet Teil 1. So sind Sie bestens ger\u00fcstet f\u00fcr Ihren n\u00e4chsten Spanien-Urlaub","robots":{"index":"index","follow":"follow","max-snippet":"max-snippet:-1","max-image-preview":"max-image-preview:large","max-video-preview":"max-video-preview:-1"},"canonical":"https:\/\/blog.olimar.de\/spaniens-spezialitaeten\/","og_locale":"de_DE","og_type":"article","og_title":"Spaniens Spezialit\u00e4ten im Kulinarik-Alphabet, Teil 1","og_description":"Wir zeigen Ihnen Spaniens Spezialit\u00e4ten im Kulinarik- Alphabet Teil 1. So sind Sie bestens ger\u00fcstet f\u00fcr Ihren n\u00e4chsten Spanien-Urlaub","og_url":"https:\/\/blog.olimar.de\/spaniens-spezialitaeten\/","article_publisher":"https:\/\/www.facebook.com\/OlimarReisen","article_published_time":"2018-12-20T10:16:08+00:00","article_modified_time":"2020-02-18T10:21:41+00:00","og_image":[{"width":800,"height":533,"url":"https:\/\/i2.wp.com\/blog.olimar.de\/wp-content\/uploads\/2018\/12\/ES-Allgemein-TapasandSangria-158785912-fotolia17-c-beats_-e1562249637856.jpg?fit=800%2C533&ssl=1","type":"image\/jpeg"}],"author":"Juliane Meinke","twitter_misc":{"Verfasst von":"Juliane Meinke","Gesch\u00e4tzte Lesezeit":"5\u00a0Minuten"},"schema":{"@context":"https:\/\/schema.org","@graph":[{"@type":"WebPage","@id":"https:\/\/blog.olimar.de\/spaniens-spezialitaeten\/","url":"https:\/\/blog.olimar.de\/spaniens-spezialitaeten\/","name":"Spaniens Spezialit\u00e4ten im Kulinarik-Alphabet, Teil 1","isPartOf":{"@id":"https:\/\/blog.olimar.de\/#website"},"primaryImageOfPage":{"@id":"https:\/\/blog.olimar.de\/spaniens-spezialitaeten\/#primaryimage"},"image":{"@id":"https:\/\/blog.olimar.de\/spaniens-spezialitaeten\/#primaryimage"},"thumbnailUrl":"https:\/\/blog.olimar.de\/wp-content\/uploads\/2018\/12\/ES-Allgemein-TapasandSangria-158785912-fotolia17-c-beats_-e1562249637856.jpg","datePublished":"2018-12-20T10:16:08+00:00","dateModified":"2020-02-18T10:21:41+00:00","description":"Wir zeigen Ihnen Spaniens Spezialit\u00e4ten im Kulinarik- Alphabet Teil 1. So sind Sie bestens ger\u00fcstet f\u00fcr Ihren n\u00e4chsten Spanien-Urlaub","breadcrumb":{"@id":"https:\/\/blog.olimar.de\/spaniens-spezialitaeten\/#breadcrumb"},"inLanguage":"de","potentialAction":[{"@type":"ReadAction","target":["https:\/\/blog.olimar.de\/spaniens-spezialitaeten\/"]}]},{"@type":"ImageObject","inLanguage":"de","@id":"https:\/\/blog.olimar.de\/spaniens-spezialitaeten\/#primaryimage","url":"https:\/\/blog.olimar.de\/wp-content\/uploads\/2018\/12\/ES-Allgemein-TapasandSangria-158785912-fotolia17-c-beats_-e1562249637856.jpg","contentUrl":"https:\/\/blog.olimar.de\/wp-content\/uploads\/2018\/12\/ES-Allgemein-TapasandSangria-158785912-fotolia17-c-beats_-e1562249637856.jpg","width":800,"height":533,"caption":"Spaniens Tapas-Spezialit\u00e4ten"},{"@type":"BreadcrumbList","@id":"https:\/\/blog.olimar.de\/spaniens-spezialitaeten\/#breadcrumb","itemListElement":[{"@type":"ListItem","position":1,"name":"Home","item":"https:\/\/blog.olimar.de\/"},{"@type":"ListItem","position":2,"name":"Spanien","item":"https:\/\/blog.olimar.de\/tag\/spanien\/"},{"@type":"ListItem","position":3,"name":"Spaniens Gourmet-Spezialit\u00e4ten &#8211; das kulinarische Alphabet &#8211; Teil 1"}]},{"@type":"WebSite","@id":"https:\/\/blog.olimar.de\/#website","url":"https:\/\/blog.olimar.de\/","name":"OLIMAR.com","description":"","publisher":{"@id":"https:\/\/blog.olimar.de\/#organization"},"potentialAction":[{"@type":"SearchAction","target":{"@type":"EntryPoint","urlTemplate":"https:\/\/blog.olimar.de\/?s={search_term_string}"},"query-input":{"@type":"PropertyValueSpecification","valueRequired":true,"valueName":"search_term_string"}}],"inLanguage":"de"},{"@type":"Organization","@id":"https:\/\/blog.olimar.de\/#organization","name":"OLIMAR Reisen","url":"https:\/\/blog.olimar.de\/","logo":{"@type":"ImageObject","inLanguage":"de","@id":"https:\/\/blog.olimar.de\/#\/schema\/logo\/image\/","url":"https:\/\/blog.olimar.de\/wp-content\/uploads\/2021\/01\/OLIMAR_Logo_COLOR.png","contentUrl":"https:\/\/blog.olimar.de\/wp-content\/uploads\/2021\/01\/OLIMAR_Logo_COLOR.png","width":2000,"height":986,"caption":"OLIMAR Reisen"},"image":{"@id":"https:\/\/blog.olimar.de\/#\/schema\/logo\/image\/"},"sameAs":["https:\/\/www.facebook.com\/OlimarReisen","https:\/\/x.com\/olimarrreisen","https:\/\/www.instagram.com\/olimarreisen","https:\/\/www.youtube.com\/user\/olimarreisen"]}]}},"modified_by":"Katharina","jetpack_featured_media_url":"https:\/\/blog.olimar.de\/wp-content\/uploads\/2018\/12\/ES-Allgemein-TapasandSangria-158785912-fotolia17-c-beats_-e1562249637856.jpg","_links":{"self":[{"href":"https:\/\/blog.olimar.de\/wp-json\/wp\/v2\/posts\/10157","targetHints":{"allow":["GET"]}}],"collection":[{"href":"https:\/\/blog.olimar.de\/wp-json\/wp\/v2\/posts"}],"about":[{"href":"https:\/\/blog.olimar.de\/wp-json\/wp\/v2\/types\/post"}],"author":[{"embeddable":true,"href":"https:\/\/blog.olimar.de\/wp-json\/wp\/v2\/users\/69"}],"replies":[{"embeddable":true,"href":"https:\/\/blog.olimar.de\/wp-json\/wp\/v2\/comments?post=10157"}],"version-history":[{"count":9,"href":"https:\/\/blog.olimar.de\/wp-json\/wp\/v2\/posts\/10157\/revisions"}],"predecessor-version":[{"id":13570,"href":"https:\/\/blog.olimar.de\/wp-json\/wp\/v2\/posts\/10157\/revisions\/13570"}],"wp:featuredmedia":[{"embeddable":true,"href":"https:\/\/blog.olimar.de\/wp-json\/wp\/v2\/media\/10161"}],"wp:attachment":[{"href":"https:\/\/blog.olimar.de\/wp-json\/wp\/v2\/media?parent=10157"}],"wp:term":[{"taxonomy":"category","embeddable":true,"href":"https:\/\/blog.olimar.de\/wp-json\/wp\/v2\/categories?post=10157"},{"taxonomy":"post_tag","embeddable":true,"href":"https:\/\/blog.olimar.de\/wp-json\/wp\/v2\/tags?post=10157"}],"curies":[{"name":"wp","href":"https:\/\/api.w.org\/{rel}","templated":true}]}}