{"id":10224,"date":"2019-01-08T14:13:52","date_gmt":"2019-01-08T12:13:52","guid":{"rendered":"https:\/\/blog.olimar.de\/?p=10224"},"modified":"2023-01-02T18:06:16","modified_gmt":"2023-01-02T17:06:16","slug":"spanien-gourmet","status":"publish","type":"post","link":"https:\/\/blog.olimar.de\/spanien-gourmet\/","title":{"rendered":"Spaniens Gourmet-Spezialit\u00e4ten &#8211; das kulinarische Alphabet &#8211; Teil 2"},"content":{"rendered":"<p class=\"intro\" style=\"text-align: justify;\">Die Liste der spanischen Leckereien k\u00f6nnte wohl unendlich weitergef\u00fchrt werden. Der zweite Teil des Kulinarikalphabets l\u00e4sst Sie noch weiter in die spanische K\u00fcche und ihre Besonderheiten eintauchen (<a href=\"https:\/\/blog.olimar.de\/spaniens-spezialitaeten\/\">hier<\/a> geht&#8217;s zum ersten Teil):<\/p>\n<p style=\"text-align: justify;\"><span class=\"dropcap\">N<\/span><strong>avajas<\/strong><br \/>Im Nordwesten des Landes, direkt am Atlantischen Ozean, liegt Galicien. Aufgrund der N\u00e4he zum Wasser ist es nicht ungew\u00f6hnlich, dass die Region sehr auf Fisch und Meeresfr\u00fcchte ausgelegt ist. Zu den Lieblingsgerichten der Galicier geh\u00f6ren daher die Navajas, die Schwertmuscheln. Aufgrund des geraden, l\u00e4nglichen K\u00f6rpers erhielten sie ihren Namen. Ihre Bezeichnung wurde auch einem geraden Taschenmesser verliehen, das durch seine Form ebenfalls an die Meeresbewohner erinnert.<\/p>\n<p style=\"text-align: justify;\"><span class=\"dropcap\">O<\/span><strong>liven<\/strong><br \/>Oliven geh\u00f6ren zur Nationalfrucht Spaniens und werden im gesamten Mittelmeerraum angebaut. Nicht nur die Steinfrucht selbst, sondern auch das daraus gewonnene \u00d6l ist weit \u00fcber die L\u00e4ndergrenzen beliebt. Aber Olive ist nicht gleich Olive. Die verschiedenen Sorten entscheiden \u00fcber den Geschmack und die Weiterverarbeitung. Die Arbequina zum Beispiel ist sehr klein und stammt aus Katalonien. Sie hat einen sehr intensiven, fruchtig-herben Geschmack. \u00d6le, die daraus erzeugt werden, schmecken nussig und enthalten wenig S\u00e4ure. Ganz anders ist da die Sorte Gordal, die aufgrund ihrer Gr\u00f6\u00dfe aus Queen- oder Jumbo-Olive genannt wird. Sie ist sehr mild, weswegen sie gern zum Garnieren von Martinis genutzt wird \u2013 ger\u00fchrt, nicht gesch\u00fcttelt. Die Manzanilla Olive geh\u00f6rt zu den beliebtesten Tafeloliven. Der Name Manzanilla bedeutet so viel wie \u201ekleiner Apfel\u201c und ist durch die Form der Frucht entstanden. Diese Oliven werden gern mit Paprikas, Sardellen- oder Knoblauchpasten gef\u00fcllt und d\u00fcrfen auf keiner Tapasplatte fehlen.<\/p>\n<p><img loading=\"lazy\" decoding=\"async\" class=\"aligncenter wp-image-10240 size-large\" src=\"https:\/\/blog.olimar.de\/wp-content\/uploads\/2019\/01\/ES-Andalusien-Malaga-Tapas2018A-c-MalagaCityTourismBoard-683x1024.jpg\" alt=\"Oliven aus Spanien\" width=\"683\" height=\"1024\" srcset=\"https:\/\/blog.olimar.de\/wp-content\/uploads\/2019\/01\/ES-Andalusien-Malaga-Tapas2018A-c-MalagaCityTourismBoard-683x1024.jpg 683w, https:\/\/blog.olimar.de\/wp-content\/uploads\/2019\/01\/ES-Andalusien-Malaga-Tapas2018A-c-MalagaCityTourismBoard-200x300.jpg 200w, https:\/\/blog.olimar.de\/wp-content\/uploads\/2019\/01\/ES-Andalusien-Malaga-Tapas2018A-c-MalagaCityTourismBoard.jpg 720w\" sizes=\"auto, (max-width: 683px) 100vw, 683px\" \/><\/p>\n<p style=\"text-align: justify;\"><span class=\"dropcap\">P<\/span><strong>aella<\/strong><br \/>Bei einem traditionellen spanischen Essen darf die Paella, ein Reisgericht aus der Pfanne, nicht fehlen. Urspr\u00fcnglich kommt das Gericht aus Valencia und von der Ostk\u00fcste. Mittlerweile genie\u00dft sie aber in ganz Spanien einen hohen Bekanntheitsgrad und ist durch verschiedene Regionen gepr\u00e4gt. Aus diesem Grund gibt es Rezepte mit Meeresfr\u00fcchten, aber auch Gefl\u00fcgel- oder Kaninchenfleisch. Der Reis erh\u00e4lt durch Safran seine unverwechselbare Farbe. Die Spezialit\u00e4t wird in einer gro\u00dfen Pfanne gefertigt, sodass die ganze Familie versorgt werden kann.<\/p>\n<p><img loading=\"lazy\" decoding=\"async\" class=\"aligncenter wp-image-10231 size-full\" src=\"https:\/\/blog.olimar.de\/wp-content\/uploads\/2019\/01\/ES-Allgemein-Paella-c-Sergio_Martinez-fotolia-79431513.jpg\" alt=\"Paella aus Valencia\" width=\"1000\" height=\"667\" srcset=\"https:\/\/blog.olimar.de\/wp-content\/uploads\/2019\/01\/ES-Allgemein-Paella-c-Sergio_Martinez-fotolia-79431513.jpg 1000w, https:\/\/blog.olimar.de\/wp-content\/uploads\/2019\/01\/ES-Allgemein-Paella-c-Sergio_Martinez-fotolia-79431513-300x200.jpg 300w, https:\/\/blog.olimar.de\/wp-content\/uploads\/2019\/01\/ES-Allgemein-Paella-c-Sergio_Martinez-fotolia-79431513-768x512.jpg 768w, https:\/\/blog.olimar.de\/wp-content\/uploads\/2019\/01\/ES-Allgemein-Paella-c-Sergio_Martinez-fotolia-79431513-840x560.jpg 840w\" sizes=\"auto, (max-width: 1000px) 100vw, 1000px\" \/><\/p>\n<p style=\"text-align: justify;\"><span class=\"dropcap\">Q<\/span><strong>ueso Manchego<\/strong><br \/>Der Queso Manchego ist ein harter Schafsk\u00e4se aus der Region Kastillien-La Mancha. Nur, wenn der K\u00e4se aus dieser Region kommt, darf er die Bezeichnung tragen. Er wird aus der Milch der Schafsrasse Manchega gefertigt und darf nur von registrierten Produzenten hergestellt werden. Je nach Alter kann der K\u00e4se sehr unterschiedlich schmecken. So unterscheidet sich der Fresco, der nur 2 Wochen reift, deutlich vom Viejo mit einer Reifedauer von mindestens einem Jahr. Der Geschmack wird viel intensiver und die Konsistenz mit der Zeit immer h\u00e4rter. Ein in Mexiko gefertigter milder Kuhmilchk\u00e4se, der ebenfalls den Namen Manchego tr\u00e4gt, f\u00fchrte aufgrund der Bezeichnung zu einem gro\u00dfen Disput mit den spanischen Herstellern, der mittlerweile beigewohnt wurde.<\/p>\n<p style=\"text-align: justify;\"><span class=\"dropcap\">R<\/span><strong>unzelkartoffeln der Kanaren<\/strong><br \/>F\u00fcr den n\u00e4chsten Urlaub auf den kanarischen Inseln sollten die Runzelkartoffeln, die Papas Arrugadas, unbedingt auf dem Speiseplan stehen. F\u00fcr die Zubereitung werden kleine, in etwa gleichgro\u00dfe Kartoffeln mit Meersalz gekocht, im Anschluss erneut mit Meersalz gew\u00fcrzt und in der Pfanne mit \u00d6l gebraten bis die runzlige Pelle entsteht. Serviert werden die Kartoffeln als Tapa in einer kleinen Schale mit einer roten oder gr\u00fcnen Mojo Sauce. Diese gibt es in verschiedenen Varianten. Knoblauch, \u00d6l und Essig d\u00fcrfen aber nie fehlen.<\/p>\n<p><img loading=\"lazy\" decoding=\"async\" class=\"aligncenter size-large wp-image-10241\" src=\"https:\/\/blog.olimar.de\/wp-content\/uploads\/2019\/01\/ES-Kanaren-Allgemein-Papas-1024x800.jpg\" alt=\"Papas Arrugadas von den Kanaren\" width=\"840\" height=\"656\" srcset=\"https:\/\/blog.olimar.de\/wp-content\/uploads\/2019\/01\/ES-Kanaren-Allgemein-Papas-1024x800.jpg 1024w, https:\/\/blog.olimar.de\/wp-content\/uploads\/2019\/01\/ES-Kanaren-Allgemein-Papas-300x234.jpg 300w, https:\/\/blog.olimar.de\/wp-content\/uploads\/2019\/01\/ES-Kanaren-Allgemein-Papas-768x600.jpg 768w, https:\/\/blog.olimar.de\/wp-content\/uploads\/2019\/01\/ES-Kanaren-Allgemein-Papas.jpg 1200w\" sizes=\"auto, (max-width: 840px) 100vw, 840px\" \/><\/p>\n<p style=\"text-align: justify;\"><span class=\"dropcap\">S<\/span><strong>errano<\/strong><br \/>Weitaus bekannter und kosteng\u00fcnstiger als der Iberico Schinken, aber nicht weniger schmackhaft, ist der Serrano Schinken. Die Spezialit\u00e4t stammt vom hellh\u00e4utigen Hausschwein und zeichnet sich durch sein mageres, kaum fettmaseriertes Fleisch aus. Der Name des Gaumenschmauses stammt von \u201esierra\u201c, was so viel wie \u201eGebirge\u201c bedeutet. Denn fr\u00fcher reifte der Schinken an der frischen Bergluft.<\/p>\n<p style=\"text-align: justify;\"><span class=\"dropcap\">T<\/span><strong>apas<\/strong><br \/>Die kleinen H\u00e4ppchen, die oftmals in kleinen Tonschalen serviert werden, geh\u00f6ren zu Spanien wie der Topf zum Deckel \u2013 im wahrsten Sinne des Wortes, denn \u201etapa\u201c bedeutet \u201eDeckel\u201c oder \u201eAbdeckung\u201c. Die kleinen Leckereien werden \u00fcblicherweise zu Wein oder Bier gereicht und im Stehen verzehrt. Im engeren Sinne handelt es sich hierbei um eine kostenlose Beilage zum Getr\u00e4nk. Um die Entstehung der Tapas ranken sich viele Mythen. K\u00f6nig Alfons X. von Kastilien zum Beispiel soll w\u00e4hrend einer schweren Krankheit gezwungen gewesen sein, zwischen den Mahlzeiten Wein und kleine H\u00e4ppchen zu sich zu nehmen. Nach seiner Genesung sorgte er daf\u00fcr, dass Wein nur noch mit einer Kleinigkeit zu Essen serviert wird. In einer anderen Geschichte hei\u00dft es, dass spanische Wirte die alkoholischen Getr\u00e4nke mit Brot abdeckten, damit sie vor Fliegen gesch\u00fctzt sind. Weitere Legenden wie diesen verleihen den Tapas einen besonderen Charme.<\/p>\n<div id=\"attachment_10238\" style=\"width: 850px\" class=\"wp-caption aligncenter\"><img loading=\"lazy\" decoding=\"async\" aria-describedby=\"caption-attachment-10238\" class=\"size-large wp-image-10238\" src=\"https:\/\/blog.olimar.de\/wp-content\/uploads\/2019\/01\/ES-Andalusien-Malaga-BarPimpi2018D-c-MalagaCityTourismBoard-1024x683.jpg\" alt=\"Tapas in M\u00e1laga\" width=\"840\" height=\"560\" srcset=\"https:\/\/blog.olimar.de\/wp-content\/uploads\/2019\/01\/ES-Andalusien-Malaga-BarPimpi2018D-c-MalagaCityTourismBoard-1024x683.jpg 1024w, https:\/\/blog.olimar.de\/wp-content\/uploads\/2019\/01\/ES-Andalusien-Malaga-BarPimpi2018D-c-MalagaCityTourismBoard-300x200.jpg 300w, https:\/\/blog.olimar.de\/wp-content\/uploads\/2019\/01\/ES-Andalusien-Malaga-BarPimpi2018D-c-MalagaCityTourismBoard-768x512.jpg 768w, https:\/\/blog.olimar.de\/wp-content\/uploads\/2019\/01\/ES-Andalusien-Malaga-BarPimpi2018D-c-MalagaCityTourismBoard-840x560.jpg 840w, https:\/\/blog.olimar.de\/wp-content\/uploads\/2019\/01\/ES-Andalusien-Malaga-BarPimpi2018D-c-MalagaCityTourismBoard-1200x800.jpg 1200w, https:\/\/blog.olimar.de\/wp-content\/uploads\/2019\/01\/ES-Andalusien-Malaga-BarPimpi2018D-c-MalagaCityTourismBoard.jpg 1620w\" sizes=\"auto, (max-width: 840px) 100vw, 840px\" \/><p id=\"caption-attachment-10238\" class=\"wp-caption-text\">Tapas in der Bar El Pimpi in M\u00e1laga<\/p><\/div>\n<p style=\"text-align: justify;\"><span class=\"dropcap\">V<\/span><strong>ieiras<\/strong><br \/>Die Jakobsmuschel, die Vieira, ist das Symbol f\u00fcr Pilger und findet daher ihren Platz als Richtungsweiser auf dem Weg nach Santiago de Compostela, in Galicien. Sie gilt weiterhin als Delikatesse und ist aufgrund ihrer Exklusivit\u00e4t nicht ganz preiswert, aber \u00e4u\u00dferst schmackhaft. Frische Muscheln erkennt man daran, dass sie schwer und geschlossen sind. Nach dem \u00d6ffnen werden die schwarzen Innereien und der sogenannte Bart entfernt. Es bleibt nur noch der wei\u00dfe Muskelstrang, der auch Nuss genannt wird.<\/p>\n<p style=\"text-align: justify;\"><span class=\"dropcap\">W<\/span><strong>ein<\/strong><br \/>Ein gutes Essen sollte von einem spanischen Wein begleitet werden. Mit rund einer Million Hektar steht Spanien an der Spitze der L\u00e4nder mit den gr\u00f6\u00dften Weinanbaufl\u00e4chen f\u00fcr helle und dunkle Trauben, gefolgt von China, Frankreich und Italien. Es ist nicht ganz gekl\u00e4rt, wann der erste Wein in Spanien angebaut wurde. Einige Quellen berichten sogar von 4.000 Jahren vor Christus. Wahrscheinlicher gilt aber die Theorie, dass die Ph\u00f6nizier vor rund 3.000 Jahren im heutigen C\u00e1diz in Andalusien den Anbau begannen und mit dem Wein handelten. Heutzutage erzielt das Land mit dem Export mehrere Milliarden Euro Gewinn.<\/p>\n<p><img loading=\"lazy\" decoding=\"async\" class=\"aligncenter size-large wp-image-10237\" src=\"https:\/\/blog.olimar.de\/wp-content\/uploads\/2019\/01\/ES-Allgemein-Wein-Rioja2018B-1024x576.jpg\" alt=\"Rioja Wein Sonnenuntergang\" width=\"840\" height=\"473\" srcset=\"https:\/\/blog.olimar.de\/wp-content\/uploads\/2019\/01\/ES-Allgemein-Wein-Rioja2018B-1024x576.jpg 1024w, https:\/\/blog.olimar.de\/wp-content\/uploads\/2019\/01\/ES-Allgemein-Wein-Rioja2018B-300x169.jpg 300w, https:\/\/blog.olimar.de\/wp-content\/uploads\/2019\/01\/ES-Allgemein-Wein-Rioja2018B-768x432.jpg 768w, https:\/\/blog.olimar.de\/wp-content\/uploads\/2019\/01\/ES-Allgemein-Wein-Rioja2018B.jpg 1920w\" sizes=\"auto, (max-width: 840px) 100vw, 840px\" \/><\/p>\n<p style=\"text-align: justify;\"><span class=\"dropcap\">Z<\/span><strong>arzuela de Pescado<\/strong><br \/>Die katalanische Zarzuela de Pescado vereint erlesene Fischsorten, Meeresfr\u00fcchte und Gem\u00fcse in einem schmackhaften Eintopf. Die Speise ist nach dem gleichnamigen B\u00fchnengenre \u201eZarzuela\u201c benannt. Somit m\u00f6chte man verdeutlichen, dass die Delikatesse etwas ganz Besonderes und Feierliches ist. Typische Zutaten f\u00fcr den Eintopf sind Kalmare, Seeteufel, Garnelen und Miesmuscheln.<\/p>\n<p style=\"text-align: justify;\">Sp\u00e4testens nach dieser kleinen F\u00fchrung durch die spanischen K\u00f6stlichkeiten sollte die n\u00e4chste <a href=\"https:\/\/www.olimar.de\/spanien\/\">Spanien-Reise<\/a> in das facettenreiche Urlaubsland gebucht werden, denn allein vom Lesen wird man nicht satt. Au\u00dferdem kann man den Geschmack der kulinarischen Hochgen\u00fcsse nur beschreiben, wenn man sie selbst einmal probiert hat.<\/p>\n\n\n<div style=\"height:50px\" aria-hidden=\"true\" class=\"wp-block-spacer\"><\/div>\n\n\n\n<div class=\"wp-block-buttons is-layout-flex wp-block-buttons-is-layout-flex\">\n<div class=\"wp-block-button\"><a class=\"wp-block-button__link wp-element-button\" href=\"https:\/\/www.olimar.de\/hotellistung\/\">Jetzt Urlaubsangebote finden und buchen<\/a><\/div>\n<\/div>\n\n\n\n<div style=\"height:100px\" aria-hidden=\"true\" class=\"wp-block-spacer\"><\/div>\n","protected":false},"excerpt":{"rendered":"<p>Die Liste der spanischen Leckereien k\u00f6nnte wohl unendlich weitergef\u00fchrt werden. Der zweite Teil des Kulinarikalphabets l\u00e4sst Sie noch weiter in die spanische K\u00fcche und ihre Besonderheiten eintauchen (hier geht&#8217;s zum ersten Teil): NavajasIm Nordwesten des Landes, direkt am Atlantischen Ozean, liegt Galicien. Aufgrund der N\u00e4he zum Wasser ist es nicht ungew\u00f6hnlich, dass die Region sehr auf Fisch und Meeresfr\u00fcchte ausgelegt ist. Zu den Lieblingsgerichten der Galicier geh\u00f6ren daher die Navajas, die Schwertmuscheln. Aufgrund des geraden, l\u00e4nglichen K\u00f6rpers erhielten sie ihren Namen. Ihre Bezeichnung wurde auch einem geraden Taschenmesser verliehen, das durch seine Form ebenfalls an die Meeresbewohner erinnert. OlivenOliven geh\u00f6ren zur &hellip;<\/p>\n","protected":false},"author":69,"featured_media":10232,"comment_status":"open","ping_status":"open","sticky":false,"template":"","format":"standard","meta":{"_crdt_document":"","_lmt_disableupdate":"","_lmt_disable":"","footnotes":""},"categories":[30],"tags":[62],"class_list":["post-10224","post","type-post","status-publish","format-standard","has-post-thumbnail","hentry","category-kulinarik-genuss","tag-spanien"],"yoast_head":"<!-- This site is optimized with the Yoast SEO plugin v26.9 - https:\/\/yoast.com\/product\/yoast-seo-wordpress\/ -->\n<title>Spanien Gourmet-Spezialit\u00e4ten - Teil 2 unserer Serie<\/title>\n<meta name=\"description\" content=\"Wir verraten Ihnen, welche Highglights von A bis Z im Spanien Urlaub auf Sie warten. Lesen Sie hier das Spanien Gourmet Alphabet Teil 2.\" \/>\n<meta name=\"robots\" content=\"index, follow, max-snippet:-1, max-image-preview:large, max-video-preview:-1\" \/>\n<link rel=\"canonical\" href=\"https:\/\/blog.olimar.de\/spanien-gourmet\/\" \/>\n<meta property=\"og:locale\" content=\"de_DE\" \/>\n<meta property=\"og:type\" content=\"article\" \/>\n<meta property=\"og:title\" content=\"Spanien Gourmet-Spezialit\u00e4ten - Teil 2 unserer Serie\" \/>\n<meta property=\"og:description\" content=\"Wir verraten Ihnen, welche Highglights von A bis Z im Spanien Urlaub auf Sie warten. Lesen Sie hier das Spanien Gourmet Alphabet Teil 2.\" \/>\n<meta property=\"og:url\" content=\"https:\/\/blog.olimar.de\/spanien-gourmet\/\" \/>\n<meta property=\"article:publisher\" content=\"https:\/\/www.facebook.com\/OlimarReisen\" \/>\n<meta property=\"article:published_time\" content=\"2019-01-08T12:13:52+00:00\" \/>\n<meta property=\"article:modified_time\" content=\"2023-01-02T17:06:16+00:00\" \/>\n<meta property=\"og:image\" content=\"https:\/\/blog.olimar.de\/wp-content\/uploads\/2019\/01\/ES-Allgemein-TapasGarnelenTomaten-c-47217738-schmanosch113-Fotolia.jpg\" \/>\n\t<meta property=\"og:image:width\" content=\"1000\" \/>\n\t<meta property=\"og:image:height\" content=\"602\" \/>\n\t<meta property=\"og:image:type\" content=\"image\/jpeg\" \/>\n<meta name=\"author\" content=\"Juliane Meinke\" \/>\n<meta name=\"twitter:label1\" content=\"Verfasst von\" \/>\n\t<meta name=\"twitter:data1\" content=\"Juliane Meinke\" \/>\n\t<meta name=\"twitter:label2\" content=\"Gesch\u00e4tzte Lesezeit\" \/>\n\t<meta name=\"twitter:data2\" content=\"7\u00a0Minuten\" \/>\n<script type=\"application\/ld+json\" class=\"yoast-schema-graph\">{\"@context\":\"https:\/\/schema.org\",\"@graph\":[{\"@type\":\"WebPage\",\"@id\":\"https:\/\/blog.olimar.de\/spanien-gourmet\/\",\"url\":\"https:\/\/blog.olimar.de\/spanien-gourmet\/\",\"name\":\"Spanien Gourmet-Spezialit\u00e4ten - Teil 2 unserer Serie\",\"isPartOf\":{\"@id\":\"https:\/\/blog.olimar.de\/#website\"},\"primaryImageOfPage\":{\"@id\":\"https:\/\/blog.olimar.de\/spanien-gourmet\/#primaryimage\"},\"image\":{\"@id\":\"https:\/\/blog.olimar.de\/spanien-gourmet\/#primaryimage\"},\"thumbnailUrl\":\"https:\/\/blog.olimar.de\/wp-content\/uploads\/2019\/01\/ES-Allgemein-TapasGarnelenTomaten-c-47217738-schmanosch113-Fotolia.jpg\",\"datePublished\":\"2019-01-08T12:13:52+00:00\",\"dateModified\":\"2023-01-02T17:06:16+00:00\",\"description\":\"Wir verraten Ihnen, welche Highglights von A bis Z im Spanien Urlaub auf Sie warten. Lesen Sie hier das Spanien Gourmet Alphabet Teil 2.\",\"breadcrumb\":{\"@id\":\"https:\/\/blog.olimar.de\/spanien-gourmet\/#breadcrumb\"},\"inLanguage\":\"de\",\"potentialAction\":[{\"@type\":\"ReadAction\",\"target\":[\"https:\/\/blog.olimar.de\/spanien-gourmet\/\"]}]},{\"@type\":\"ImageObject\",\"inLanguage\":\"de\",\"@id\":\"https:\/\/blog.olimar.de\/spanien-gourmet\/#primaryimage\",\"url\":\"https:\/\/blog.olimar.de\/wp-content\/uploads\/2019\/01\/ES-Allgemein-TapasGarnelenTomaten-c-47217738-schmanosch113-Fotolia.jpg\",\"contentUrl\":\"https:\/\/blog.olimar.de\/wp-content\/uploads\/2019\/01\/ES-Allgemein-TapasGarnelenTomaten-c-47217738-schmanosch113-Fotolia.jpg\",\"width\":1000,\"height\":602,\"caption\":\"Tapas in Spanien\"},{\"@type\":\"BreadcrumbList\",\"@id\":\"https:\/\/blog.olimar.de\/spanien-gourmet\/#breadcrumb\",\"itemListElement\":[{\"@type\":\"ListItem\",\"position\":1,\"name\":\"Home\",\"item\":\"https:\/\/blog.olimar.de\/\"},{\"@type\":\"ListItem\",\"position\":2,\"name\":\"Spanien\",\"item\":\"https:\/\/blog.olimar.de\/tag\/spanien\/\"},{\"@type\":\"ListItem\",\"position\":3,\"name\":\"Spaniens Gourmet-Spezialit\u00e4ten &#8211; das kulinarische Alphabet &#8211; Teil 2\"}]},{\"@type\":\"WebSite\",\"@id\":\"https:\/\/blog.olimar.de\/#website\",\"url\":\"https:\/\/blog.olimar.de\/\",\"name\":\"OLIMAR.com\",\"description\":\"\",\"publisher\":{\"@id\":\"https:\/\/blog.olimar.de\/#organization\"},\"potentialAction\":[{\"@type\":\"SearchAction\",\"target\":{\"@type\":\"EntryPoint\",\"urlTemplate\":\"https:\/\/blog.olimar.de\/?s={search_term_string}\"},\"query-input\":{\"@type\":\"PropertyValueSpecification\",\"valueRequired\":true,\"valueName\":\"search_term_string\"}}],\"inLanguage\":\"de\"},{\"@type\":\"Organization\",\"@id\":\"https:\/\/blog.olimar.de\/#organization\",\"name\":\"OLIMAR Reisen\",\"url\":\"https:\/\/blog.olimar.de\/\",\"logo\":{\"@type\":\"ImageObject\",\"inLanguage\":\"de\",\"@id\":\"https:\/\/blog.olimar.de\/#\/schema\/logo\/image\/\",\"url\":\"https:\/\/blog.olimar.de\/wp-content\/uploads\/2021\/01\/OLIMAR_Logo_COLOR.png\",\"contentUrl\":\"https:\/\/blog.olimar.de\/wp-content\/uploads\/2021\/01\/OLIMAR_Logo_COLOR.png\",\"width\":2000,\"height\":986,\"caption\":\"OLIMAR Reisen\"},\"image\":{\"@id\":\"https:\/\/blog.olimar.de\/#\/schema\/logo\/image\/\"},\"sameAs\":[\"https:\/\/www.facebook.com\/OlimarReisen\",\"https:\/\/x.com\/olimarrreisen\",\"https:\/\/www.instagram.com\/olimarreisen\",\"https:\/\/www.youtube.com\/user\/olimarreisen\"]}]}<\/script>\n<!-- \/ Yoast SEO plugin. -->","yoast_head_json":{"title":"Spanien Gourmet-Spezialit\u00e4ten - Teil 2 unserer Serie","description":"Wir verraten Ihnen, welche Highglights von A bis Z im Spanien Urlaub auf Sie warten. Lesen Sie hier das Spanien Gourmet Alphabet Teil 2.","robots":{"index":"index","follow":"follow","max-snippet":"max-snippet:-1","max-image-preview":"max-image-preview:large","max-video-preview":"max-video-preview:-1"},"canonical":"https:\/\/blog.olimar.de\/spanien-gourmet\/","og_locale":"de_DE","og_type":"article","og_title":"Spanien Gourmet-Spezialit\u00e4ten - Teil 2 unserer Serie","og_description":"Wir verraten Ihnen, welche Highglights von A bis Z im Spanien Urlaub auf Sie warten. Lesen Sie hier das Spanien Gourmet Alphabet Teil 2.","og_url":"https:\/\/blog.olimar.de\/spanien-gourmet\/","article_publisher":"https:\/\/www.facebook.com\/OlimarReisen","article_published_time":"2019-01-08T12:13:52+00:00","article_modified_time":"2023-01-02T17:06:16+00:00","og_image":[{"width":1000,"height":602,"url":"https:\/\/blog.olimar.de\/wp-content\/uploads\/2019\/01\/ES-Allgemein-TapasGarnelenTomaten-c-47217738-schmanosch113-Fotolia.jpg","type":"image\/jpeg"}],"author":"Juliane Meinke","twitter_misc":{"Verfasst von":"Juliane Meinke","Gesch\u00e4tzte Lesezeit":"7\u00a0Minuten"},"schema":{"@context":"https:\/\/schema.org","@graph":[{"@type":"WebPage","@id":"https:\/\/blog.olimar.de\/spanien-gourmet\/","url":"https:\/\/blog.olimar.de\/spanien-gourmet\/","name":"Spanien Gourmet-Spezialit\u00e4ten - Teil 2 unserer Serie","isPartOf":{"@id":"https:\/\/blog.olimar.de\/#website"},"primaryImageOfPage":{"@id":"https:\/\/blog.olimar.de\/spanien-gourmet\/#primaryimage"},"image":{"@id":"https:\/\/blog.olimar.de\/spanien-gourmet\/#primaryimage"},"thumbnailUrl":"https:\/\/blog.olimar.de\/wp-content\/uploads\/2019\/01\/ES-Allgemein-TapasGarnelenTomaten-c-47217738-schmanosch113-Fotolia.jpg","datePublished":"2019-01-08T12:13:52+00:00","dateModified":"2023-01-02T17:06:16+00:00","description":"Wir verraten Ihnen, welche Highglights von A bis Z im Spanien Urlaub auf Sie warten. Lesen Sie hier das Spanien Gourmet Alphabet Teil 2.","breadcrumb":{"@id":"https:\/\/blog.olimar.de\/spanien-gourmet\/#breadcrumb"},"inLanguage":"de","potentialAction":[{"@type":"ReadAction","target":["https:\/\/blog.olimar.de\/spanien-gourmet\/"]}]},{"@type":"ImageObject","inLanguage":"de","@id":"https:\/\/blog.olimar.de\/spanien-gourmet\/#primaryimage","url":"https:\/\/blog.olimar.de\/wp-content\/uploads\/2019\/01\/ES-Allgemein-TapasGarnelenTomaten-c-47217738-schmanosch113-Fotolia.jpg","contentUrl":"https:\/\/blog.olimar.de\/wp-content\/uploads\/2019\/01\/ES-Allgemein-TapasGarnelenTomaten-c-47217738-schmanosch113-Fotolia.jpg","width":1000,"height":602,"caption":"Tapas in Spanien"},{"@type":"BreadcrumbList","@id":"https:\/\/blog.olimar.de\/spanien-gourmet\/#breadcrumb","itemListElement":[{"@type":"ListItem","position":1,"name":"Home","item":"https:\/\/blog.olimar.de\/"},{"@type":"ListItem","position":2,"name":"Spanien","item":"https:\/\/blog.olimar.de\/tag\/spanien\/"},{"@type":"ListItem","position":3,"name":"Spaniens Gourmet-Spezialit\u00e4ten &#8211; das kulinarische Alphabet &#8211; Teil 2"}]},{"@type":"WebSite","@id":"https:\/\/blog.olimar.de\/#website","url":"https:\/\/blog.olimar.de\/","name":"OLIMAR.com","description":"","publisher":{"@id":"https:\/\/blog.olimar.de\/#organization"},"potentialAction":[{"@type":"SearchAction","target":{"@type":"EntryPoint","urlTemplate":"https:\/\/blog.olimar.de\/?s={search_term_string}"},"query-input":{"@type":"PropertyValueSpecification","valueRequired":true,"valueName":"search_term_string"}}],"inLanguage":"de"},{"@type":"Organization","@id":"https:\/\/blog.olimar.de\/#organization","name":"OLIMAR Reisen","url":"https:\/\/blog.olimar.de\/","logo":{"@type":"ImageObject","inLanguage":"de","@id":"https:\/\/blog.olimar.de\/#\/schema\/logo\/image\/","url":"https:\/\/blog.olimar.de\/wp-content\/uploads\/2021\/01\/OLIMAR_Logo_COLOR.png","contentUrl":"https:\/\/blog.olimar.de\/wp-content\/uploads\/2021\/01\/OLIMAR_Logo_COLOR.png","width":2000,"height":986,"caption":"OLIMAR Reisen"},"image":{"@id":"https:\/\/blog.olimar.de\/#\/schema\/logo\/image\/"},"sameAs":["https:\/\/www.facebook.com\/OlimarReisen","https:\/\/x.com\/olimarrreisen","https:\/\/www.instagram.com\/olimarreisen","https:\/\/www.youtube.com\/user\/olimarreisen"]}]}},"modified_by":"Lena Radermacher","jetpack_featured_media_url":"https:\/\/blog.olimar.de\/wp-content\/uploads\/2019\/01\/ES-Allgemein-TapasGarnelenTomaten-c-47217738-schmanosch113-Fotolia.jpg","_links":{"self":[{"href":"https:\/\/blog.olimar.de\/wp-json\/wp\/v2\/posts\/10224","targetHints":{"allow":["GET"]}}],"collection":[{"href":"https:\/\/blog.olimar.de\/wp-json\/wp\/v2\/posts"}],"about":[{"href":"https:\/\/blog.olimar.de\/wp-json\/wp\/v2\/types\/post"}],"author":[{"embeddable":true,"href":"https:\/\/blog.olimar.de\/wp-json\/wp\/v2\/users\/69"}],"replies":[{"embeddable":true,"href":"https:\/\/blog.olimar.de\/wp-json\/wp\/v2\/comments?post=10224"}],"version-history":[{"count":16,"href":"https:\/\/blog.olimar.de\/wp-json\/wp\/v2\/posts\/10224\/revisions"}],"predecessor-version":[{"id":23266,"href":"https:\/\/blog.olimar.de\/wp-json\/wp\/v2\/posts\/10224\/revisions\/23266"}],"wp:featuredmedia":[{"embeddable":true,"href":"https:\/\/blog.olimar.de\/wp-json\/wp\/v2\/media\/10232"}],"wp:attachment":[{"href":"https:\/\/blog.olimar.de\/wp-json\/wp\/v2\/media?parent=10224"}],"wp:term":[{"taxonomy":"category","embeddable":true,"href":"https:\/\/blog.olimar.de\/wp-json\/wp\/v2\/categories?post=10224"},{"taxonomy":"post_tag","embeddable":true,"href":"https:\/\/blog.olimar.de\/wp-json\/wp\/v2\/tags?post=10224"}],"curies":[{"name":"wp","href":"https:\/\/api.w.org\/{rel}","templated":true}]}}