{"id":10249,"date":"2019-01-11T16:23:22","date_gmt":"2019-01-11T14:23:22","guid":{"rendered":"https:\/\/blog.olimar.de\/?p=10249"},"modified":"2024-03-04T13:00:57","modified_gmt":"2024-03-04T12:00:57","slug":"valldemossa","status":"publish","type":"post","link":"https:\/\/blog.olimar.de\/valldemossa\/","title":{"rendered":"Ausflug nach Valldemossa &#8211; Mallorcas Perle im Gebirge"},"content":{"rendered":"<p class=\"intro\" style=\"text-align: justify;\">Abseits der sch\u00f6nen Buchten und Str\u00e4nde Mallorcas birgt das Tramuntanagebirge im Westen der Insel einen wahren Schatz: Rund 20 Autominuten von Palma entfernt befindet sich Valldemossa, wo die Welt im Vergleich zur imposanten Hauptstadt eine ganz andere zu sein scheint. Wer hier lebt, gilt auf der Baleareninsel als privilegiert, denn das Leben wird als besonders friedlich, ruhig und sch\u00f6n beschrieben.<\/p>\n<p style=\"text-align: justify;\">Die Stadt, die auf einem H\u00fcgel zu thronen scheint, ist die h\u00f6chstgelegenste der Insel und bietet somit einen faszinierenden Ausblick \u00fcber <a href=\"https:\/\/www.olimar.de\/spanien\/balearen\/mallorca\/\">Mallorca<\/a>. Der Name \u201eValldemossa\u201c stammt von dem Mauren Musa, der einst Teile des Landes besessen haben soll. Inselurlauber sollten wegen der Geschichte, des reichen kulturellen Erbes und der kleinen autofreien Gassen unbedingt einen Ausflug nach Valldemossa unternehmen.<\/p>\n<p><img loading=\"lazy\" decoding=\"async\" class=\"aligncenter size-large wp-image-10263\" src=\"https:\/\/blog.olimar.de\/wp-content\/uploads\/2019\/01\/27966672338_700f64fda7_k-1024x527.jpg\" alt=\"Blick auf Valldemossa auf Mallorca\" width=\"840\" height=\"432\" srcset=\"https:\/\/blog.olimar.de\/wp-content\/uploads\/2019\/01\/27966672338_700f64fda7_k-1024x527.jpg 1024w, https:\/\/blog.olimar.de\/wp-content\/uploads\/2019\/01\/27966672338_700f64fda7_k-300x154.jpg 300w, https:\/\/blog.olimar.de\/wp-content\/uploads\/2019\/01\/27966672338_700f64fda7_k-768x395.jpg 768w, https:\/\/blog.olimar.de\/wp-content\/uploads\/2019\/01\/27966672338_700f64fda7_k.jpg 2048w\" sizes=\"auto, (max-width: 840px) 100vw, 840px\" \/><\/p>\n<p style=\"text-align: justify;\">Bekannt wurde Valldemossa vor allem durch den polnischen Komponisten Fr\u00e9deric Chopin und seiner Geliebten George Sand, die mit ihren 2 Kindern den Winter 1838\/1839 hier verbrachten und ein Zimmer im Kloster mieteten. Nach dieser Reise ist das Buch \u201eEin Winter auf Mallorca\u201c entstanden. Und obwohl der Titel eine wildromantische Geschichte vermitteln mag, war der Aufenthalt doch alles andere als unbek\u00fcmmert.<br \/>\nAmantine Aurore Dupin de Francueil, der b\u00fcrgerliche Name von George Sand, w\u00fcnschte sich eine Auszeit von der Pariser Kulturszene und entschied das damals noch schlecht erschlossene Mallorca zu bereisen. Erst kurz zuvor wurde die F\u00e4hrverbindung von Barcelona ins Leben gerufen. Palma f\u00fchrte noch kein einziges Hotel, sodass es sie ins Hinterland bis schlussendlich Valldemossa zog, wo die alleinerziehende, geschiedene Adlige und der in S\u00fcnde lebende Pianist doch noch ihr Quartier fanden.<\/p>\n<p style=\"text-align: justify;\"><span class=\"dropcap\">A<\/span>ls w\u00e4re das nicht schon strapazi\u00f6s genug gewesen, litt die Insel in den kommenden Wochen unter einer nicht enden wollenden Schlechtwetterperiode. So \u00fcberstanden die 4 den Winter mehr schlecht als recht in dem sonst so sch\u00f6nen Ort, bis im Fr\u00fchjahr die erste F\u00e4hre sie wieder zur\u00fcckbrachte. Obwohl die Reise nicht so verlief wie gedacht, ver\u00f6ffentlichte George Sand 3 Jahre sp\u00e4ter ihr Buch, das zum Klassiker wurde und noch heute in verschiedenen Sprachen in Valldemossa verkauft wird.<\/p>\n<p style=\"text-align: justify;\">Zahlreiche Besucher reisen dieser Tage in die Stadt, um das Kloster und die R\u00e4umlichkeiten zu besichtigen, in denen die beiden Ber\u00fchmtheiten wohnten. Es k\u00f6nnen sogar das Original Piano und einige pers\u00f6nliche Gegenst\u00e4nde des Musikers bestaunt werden. Zus\u00e4tzlich findet jedes Jahr im August das Internationale Chopin Festival in Valldemossa statt, bei dem renommierte K\u00fcnstler verschiedene St\u00fccke des Komponisten spielen.<\/p>\n<p><img loading=\"lazy\" decoding=\"async\" class=\"aligncenter size-full wp-image-10259\" style=\"margin-top: 0.4em; font-size: 15px;\" src=\"https:\/\/blog.olimar.de\/wp-content\/uploads\/2019\/01\/41834985121_42e8c3b36b_z.jpg\" alt=\"B\u00fcste von Chopin in Valldemossa\" width=\"640\" height=\"427\" srcset=\"https:\/\/blog.olimar.de\/wp-content\/uploads\/2019\/01\/41834985121_42e8c3b36b_z.jpg 640w, https:\/\/blog.olimar.de\/wp-content\/uploads\/2019\/01\/41834985121_42e8c3b36b_z-300x200.jpg 300w\" sizes=\"auto, (max-width: 640px) 100vw, 640px\" \/><\/p>\n<p style=\"text-align: justify;\">Mallorquiner sch\u00e4tzen die Stadt aber insbesondere als Geburtsort der einzigen Heiligen der Insel, Santa Catalina Thomas, die hier sehr verehrt wird. \u00dcberall findet man an den H\u00e4usern bunte Kacheln, die die Legenden aus ihrem Leben erz\u00e4hlen. Sie galt als besonders fromm und widmete sich in ihrer Freizeit oft den Gebeten an einem selbst erbauten Altar auf einem Feld. Hierbei sollen allerhand Wunder geschehen sein. \u00dcber 200 Jahren nach ihrem Tod wurde sie 1792 von Papst Pius VI. seliggesprochen. Zu Gedenken ihrer findet jedes Jahr am 28. Juli ein gro\u00dfes Fest in Valldemossa statt.<\/p>\n<p style=\"text-align: justify;\">Die geschichtstr\u00e4chtige Gebirgsstadt Valldemossa ist auch f\u00fcr Wanderer der perfekte Start f\u00fcr Touren ins abwechslungsreiche Tramuntanagebirge bis zum Puig de Teix, der einer der meistbesuchtesten Gipfel der Gebirgskette ist. Oben angekommen darf man sich auf einen atemberaubenden Blick \u00fcber die Insel freuen.<\/p>\n<p style=\"text-align: justify;\">Aber auch Nicht-Wanderer kommen in Valldemossa auf ihre Kosten und versinken beim Schlendern durch die kopfsteingepflasterten Gassen in Urlaubstr\u00e4ume. Kleine Gesch\u00e4fte und Boutiquen bergen dabei das eine oder andere Shoppinghighlight. Au\u00dferdem erwartet die Besucher eine gro\u00dfe Auswahl an Restaurants mit lokalen Spezialit\u00e4ten. Eine davon sind die Cocas de Patatas, ein s\u00fc\u00dfes Geb\u00e4ck, das aus Kartoffeln zubereitet wird.<\/p>\n<div id='gallery-1' class='gallery galleryid-10249 gallery-columns-3 gallery-size-medium'><dl class='gallery-item'>\n\t\t\t<dt class='gallery-icon landscape'>\n\t\t\t\t<a href='https:\/\/blog.olimar.de\/wp-content\/uploads\/2019\/01\/27966710498_facc59a108_k.jpg'><img loading=\"lazy\" decoding=\"async\" width=\"300\" height=\"169\" src=\"https:\/\/blog.olimar.de\/wp-content\/uploads\/2019\/01\/27966710498_facc59a108_k-300x169.jpg\" class=\"attachment-medium size-medium\" alt=\"Restaurants und Caf\u00e9s Valldemossa\" srcset=\"https:\/\/blog.olimar.de\/wp-content\/uploads\/2019\/01\/27966710498_facc59a108_k-300x169.jpg 300w, https:\/\/blog.olimar.de\/wp-content\/uploads\/2019\/01\/27966710498_facc59a108_k-768x432.jpg 768w, https:\/\/blog.olimar.de\/wp-content\/uploads\/2019\/01\/27966710498_facc59a108_k-1024x576.jpg 1024w, https:\/\/blog.olimar.de\/wp-content\/uploads\/2019\/01\/27966710498_facc59a108_k.jpg 2048w\" sizes=\"auto, (max-width: 300px) 100vw, 300px\" \/><\/a>\n\t\t\t<\/dt><\/dl><dl class='gallery-item'>\n\t\t\t<dt class='gallery-icon landscape'>\n\t\t\t\t<a href='https:\/\/blog.olimar.de\/wp-content\/uploads\/2019\/01\/26966842397_8130d965b2_k.jpg'><img loading=\"lazy\" decoding=\"async\" width=\"300\" height=\"169\" src=\"https:\/\/blog.olimar.de\/wp-content\/uploads\/2019\/01\/26966842397_8130d965b2_k-300x169.jpg\" class=\"attachment-medium size-medium\" alt=\"Kloster in Valldemossa\" srcset=\"https:\/\/blog.olimar.de\/wp-content\/uploads\/2019\/01\/26966842397_8130d965b2_k-300x169.jpg 300w, https:\/\/blog.olimar.de\/wp-content\/uploads\/2019\/01\/26966842397_8130d965b2_k-768x432.jpg 768w, https:\/\/blog.olimar.de\/wp-content\/uploads\/2019\/01\/26966842397_8130d965b2_k-1024x576.jpg 1024w, https:\/\/blog.olimar.de\/wp-content\/uploads\/2019\/01\/26966842397_8130d965b2_k.jpg 2048w\" sizes=\"auto, (max-width: 300px) 100vw, 300px\" \/><\/a>\n\t\t\t<\/dt><\/dl><dl class='gallery-item'>\n\t\t\t<dt class='gallery-icon landscape'>\n\t\t\t\t<a href='https:\/\/blog.olimar.de\/wp-content\/uploads\/2019\/01\/Valldemossa.jpg'><img loading=\"lazy\" decoding=\"async\" width=\"300\" height=\"225\" src=\"https:\/\/blog.olimar.de\/wp-content\/uploads\/2019\/01\/Valldemossa-300x225.jpg\" class=\"attachment-medium size-medium\" alt=\"Hausfassade in Valldemossa\" srcset=\"https:\/\/blog.olimar.de\/wp-content\/uploads\/2019\/01\/Valldemossa-300x225.jpg 300w, https:\/\/blog.olimar.de\/wp-content\/uploads\/2019\/01\/Valldemossa-768x576.jpg 768w, https:\/\/blog.olimar.de\/wp-content\/uploads\/2019\/01\/Valldemossa-1024x768.jpg 1024w\" sizes=\"auto, (max-width: 300px) 100vw, 300px\" \/><\/a>\n\t\t\t<\/dt><\/dl><br style=\"clear: both\" \/><dl class='gallery-item'>\n\t\t\t<dt class='gallery-icon portrait'>\n\t\t\t\t<a href='https:\/\/blog.olimar.de\/wp-content\/uploads\/2019\/01\/41835028841_e253387f51_k.jpg'><img loading=\"lazy\" decoding=\"async\" width=\"169\" height=\"300\" src=\"https:\/\/blog.olimar.de\/wp-content\/uploads\/2019\/01\/41835028841_e253387f51_k-169x300.jpg\" class=\"attachment-medium size-medium\" alt=\"Brunnen in Valldemossa\" srcset=\"https:\/\/blog.olimar.de\/wp-content\/uploads\/2019\/01\/41835028841_e253387f51_k-169x300.jpg 169w, https:\/\/blog.olimar.de\/wp-content\/uploads\/2019\/01\/41835028841_e253387f51_k-768x1365.jpg 768w, https:\/\/blog.olimar.de\/wp-content\/uploads\/2019\/01\/41835028841_e253387f51_k-576x1024.jpg 576w, https:\/\/blog.olimar.de\/wp-content\/uploads\/2019\/01\/41835028841_e253387f51_k.jpg 1152w\" sizes=\"auto, (max-width: 169px) 100vw, 169px\" \/><\/a>\n\t\t\t<\/dt><\/dl><dl class='gallery-item'>\n\t\t\t<dt class='gallery-icon landscape'>\n\t\t\t\t<a href='https:\/\/blog.olimar.de\/wp-content\/uploads\/2019\/01\/41118408244_b0525ccd03_k.jpg'><img loading=\"lazy\" decoding=\"async\" width=\"300\" height=\"169\" src=\"https:\/\/blog.olimar.de\/wp-content\/uploads\/2019\/01\/41118408244_b0525ccd03_k-300x169.jpg\" class=\"attachment-medium size-medium\" alt=\"Gassen in Valldemossa\" srcset=\"https:\/\/blog.olimar.de\/wp-content\/uploads\/2019\/01\/41118408244_b0525ccd03_k-300x169.jpg 300w, https:\/\/blog.olimar.de\/wp-content\/uploads\/2019\/01\/41118408244_b0525ccd03_k-768x432.jpg 768w, https:\/\/blog.olimar.de\/wp-content\/uploads\/2019\/01\/41118408244_b0525ccd03_k-1024x576.jpg 1024w, https:\/\/blog.olimar.de\/wp-content\/uploads\/2019\/01\/41118408244_b0525ccd03_k.jpg 2048w\" sizes=\"auto, (max-width: 300px) 100vw, 300px\" \/><\/a>\n\t\t\t<\/dt><\/dl><dl class='gallery-item'>\n\t\t\t<dt class='gallery-icon landscape'>\n\t\t\t\t<a href='https:\/\/blog.olimar.de\/wp-content\/uploads\/2019\/01\/40936371235_a5731a6d38_k.jpg'><img loading=\"lazy\" decoding=\"async\" width=\"300\" height=\"169\" src=\"https:\/\/blog.olimar.de\/wp-content\/uploads\/2019\/01\/40936371235_a5731a6d38_k-300x169.jpg\" class=\"attachment-medium size-medium\" alt=\"Platz in Valldemossa\" srcset=\"https:\/\/blog.olimar.de\/wp-content\/uploads\/2019\/01\/40936371235_a5731a6d38_k-300x169.jpg 300w, https:\/\/blog.olimar.de\/wp-content\/uploads\/2019\/01\/40936371235_a5731a6d38_k-768x432.jpg 768w, https:\/\/blog.olimar.de\/wp-content\/uploads\/2019\/01\/40936371235_a5731a6d38_k-1024x576.jpg 1024w, https:\/\/blog.olimar.de\/wp-content\/uploads\/2019\/01\/40936371235_a5731a6d38_k.jpg 2048w\" sizes=\"auto, (max-width: 300px) 100vw, 300px\" \/><\/a>\n\t\t\t<\/dt><\/dl><br style=\"clear: both\" \/><dl class='gallery-item'>\n\t\t\t<dt class='gallery-icon landscape'>\n\t\t\t\t<a href='https:\/\/blog.olimar.de\/wp-content\/uploads\/2019\/01\/27966715818_3cb20dc2a8_k.jpg'><img loading=\"lazy\" decoding=\"async\" width=\"300\" height=\"200\" src=\"https:\/\/blog.olimar.de\/wp-content\/uploads\/2019\/01\/27966715818_3cb20dc2a8_k-300x200.jpg\" class=\"attachment-medium size-medium\" alt=\"L\u00e4den in Valldemossa\" srcset=\"https:\/\/blog.olimar.de\/wp-content\/uploads\/2019\/01\/27966715818_3cb20dc2a8_k-300x200.jpg 300w, https:\/\/blog.olimar.de\/wp-content\/uploads\/2019\/01\/27966715818_3cb20dc2a8_k-768x512.jpg 768w, https:\/\/blog.olimar.de\/wp-content\/uploads\/2019\/01\/27966715818_3cb20dc2a8_k-1024x683.jpg 1024w, https:\/\/blog.olimar.de\/wp-content\/uploads\/2019\/01\/27966715818_3cb20dc2a8_k-840x560.jpg 840w, https:\/\/blog.olimar.de\/wp-content\/uploads\/2019\/01\/27966715818_3cb20dc2a8_k-1200x800.jpg 1200w, https:\/\/blog.olimar.de\/wp-content\/uploads\/2019\/01\/27966715818_3cb20dc2a8_k.jpg 2048w\" sizes=\"auto, (max-width: 300px) 100vw, 300px\" \/><\/a>\n\t\t\t<\/dt><\/dl>\n\t\t\t<br style='clear: both' \/>\n\t\t<\/div>\n\n<p style=\"text-align: justify;\">Ein weiteres Spektakel ist der farbenfrohe Stra\u00dfenmarkt, der jeden Sonntag stattfindet. Hier k\u00f6nnen lokale Produkte wie K\u00e4se, Obst und Schinken erworben werden.<\/p>\n<p style=\"text-align: justify;\">W\u00e4hrend einer Mallorca Reise darf ein Ausflug nach Valldemossa keinesfalls fehlen, denn obwohl das \u00d6rtchen im Gebirge so klein ist, erz\u00e4hlt es eine gro\u00dfe Geschichte, die weit \u00fcber die L\u00e4ndergrenzen reicht.<\/p>\n","protected":false},"excerpt":{"rendered":"<p>Abseits der sch\u00f6nen Buchten und Str\u00e4nde Mallorcas birgt das Tramuntanagebirge im Westen der Insel einen wahren Schatz: Rund 20 Autominuten von Palma entfernt befindet sich Valldemossa, wo die Welt im Vergleich zur imposanten Hauptstadt eine ganz andere zu sein scheint.<\/p>\n","protected":false},"author":69,"featured_media":10256,"comment_status":"open","ping_status":"open","sticky":false,"template":"","format":"standard","meta":{"_crdt_document":"","_lmt_disableupdate":"","_lmt_disable":"","footnotes":""},"categories":[28,31],"tags":[26,62],"class_list":["post-10249","post","type-post","status-publish","format-standard","has-post-thumbnail","hentry","category-kunst-kultur","category-land-leute","tag-mallorca","tag-spanien"],"yoast_head":"<!-- This site is optimized with the Yoast SEO plugin v26.9 - https:\/\/yoast.com\/product\/yoast-seo-wordpress\/ -->\n<title>Ausflug nach Valldemossa - Mallorcas Perle im Gebirge -<\/title>\n<meta name=\"description\" content=\"Ein Ausflug nach Valldemossa sollte bei einem Mallorcaurlaub zum Pflichtprogramm geh\u00f6ren. Warum ist der Ort so bekannt?\" \/>\n<meta name=\"robots\" content=\"index, follow, max-snippet:-1, max-image-preview:large, max-video-preview:-1\" \/>\n<link rel=\"canonical\" href=\"https:\/\/blog.olimar.de\/valldemossa\/\" \/>\n<meta property=\"og:locale\" content=\"de_DE\" \/>\n<meta property=\"og:type\" content=\"article\" \/>\n<meta property=\"og:title\" content=\"Ausflug nach Valldemossa - Mallorcas Perle im Gebirge -\" \/>\n<meta property=\"og:description\" content=\"Ein Ausflug nach Valldemossa sollte bei einem Mallorcaurlaub zum Pflichtprogramm geh\u00f6ren. Warum ist der Ort so bekannt?\" \/>\n<meta property=\"og:url\" content=\"https:\/\/blog.olimar.de\/valldemossa\/\" \/>\n<meta property=\"article:publisher\" content=\"https:\/\/www.facebook.com\/OlimarReisen\" \/>\n<meta property=\"article:published_time\" content=\"2019-01-11T14:23:22+00:00\" \/>\n<meta property=\"article:modified_time\" content=\"2024-03-04T12:00:57+00:00\" \/>\n<meta property=\"og:image\" content=\"https:\/\/blog.olimar.de\/wp-content\/uploads\/2019\/01\/40028414980_afed7cd4d4_k-e1562250101515.jpg\" \/>\n\t<meta property=\"og:image:width\" content=\"800\" \/>\n\t<meta property=\"og:image:height\" content=\"450\" \/>\n\t<meta property=\"og:image:type\" content=\"image\/jpeg\" \/>\n<meta name=\"author\" content=\"Juliane Meinke\" \/>\n<meta name=\"twitter:label1\" content=\"Verfasst von\" \/>\n\t<meta name=\"twitter:data1\" content=\"Juliane Meinke\" \/>\n\t<meta name=\"twitter:label2\" content=\"Gesch\u00e4tzte Lesezeit\" \/>\n\t<meta name=\"twitter:data2\" content=\"4\u00a0Minuten\" \/>\n<script type=\"application\/ld+json\" class=\"yoast-schema-graph\">{\"@context\":\"https:\/\/schema.org\",\"@graph\":[{\"@type\":\"WebPage\",\"@id\":\"https:\/\/blog.olimar.de\/valldemossa\/\",\"url\":\"https:\/\/blog.olimar.de\/valldemossa\/\",\"name\":\"Ausflug nach Valldemossa - Mallorcas Perle im Gebirge -\",\"isPartOf\":{\"@id\":\"https:\/\/blog.olimar.de\/#website\"},\"primaryImageOfPage\":{\"@id\":\"https:\/\/blog.olimar.de\/valldemossa\/#primaryimage\"},\"image\":{\"@id\":\"https:\/\/blog.olimar.de\/valldemossa\/#primaryimage\"},\"thumbnailUrl\":\"https:\/\/blog.olimar.de\/wp-content\/uploads\/2019\/01\/40028414980_afed7cd4d4_k-e1562250101515.jpg\",\"datePublished\":\"2019-01-11T14:23:22+00:00\",\"dateModified\":\"2024-03-04T12:00:57+00:00\",\"description\":\"Ein Ausflug nach Valldemossa sollte bei einem Mallorcaurlaub zum Pflichtprogramm geh\u00f6ren. Warum ist der Ort so bekannt?\",\"breadcrumb\":{\"@id\":\"https:\/\/blog.olimar.de\/valldemossa\/#breadcrumb\"},\"inLanguage\":\"de\",\"potentialAction\":[{\"@type\":\"ReadAction\",\"target\":[\"https:\/\/blog.olimar.de\/valldemossa\/\"]}]},{\"@type\":\"ImageObject\",\"inLanguage\":\"de\",\"@id\":\"https:\/\/blog.olimar.de\/valldemossa\/#primaryimage\",\"url\":\"https:\/\/blog.olimar.de\/wp-content\/uploads\/2019\/01\/40028414980_afed7cd4d4_k-e1562250101515.jpg\",\"contentUrl\":\"https:\/\/blog.olimar.de\/wp-content\/uploads\/2019\/01\/40028414980_afed7cd4d4_k-e1562250101515.jpg\",\"width\":800,\"height\":450,\"caption\":\"Gem\u00fctliches Valldemossa\"},{\"@type\":\"BreadcrumbList\",\"@id\":\"https:\/\/blog.olimar.de\/valldemossa\/#breadcrumb\",\"itemListElement\":[{\"@type\":\"ListItem\",\"position\":1,\"name\":\"Home\",\"item\":\"https:\/\/blog.olimar.de\/\"},{\"@type\":\"ListItem\",\"position\":2,\"name\":\"Mallorca\",\"item\":\"https:\/\/blog.olimar.de\/tag\/mallorca\/\"},{\"@type\":\"ListItem\",\"position\":3,\"name\":\"Ausflug nach Valldemossa &#8211; Mallorcas Perle im Gebirge\"}]},{\"@type\":\"WebSite\",\"@id\":\"https:\/\/blog.olimar.de\/#website\",\"url\":\"https:\/\/blog.olimar.de\/\",\"name\":\"OLIMAR.com\",\"description\":\"\",\"publisher\":{\"@id\":\"https:\/\/blog.olimar.de\/#organization\"},\"potentialAction\":[{\"@type\":\"SearchAction\",\"target\":{\"@type\":\"EntryPoint\",\"urlTemplate\":\"https:\/\/blog.olimar.de\/?s={search_term_string}\"},\"query-input\":{\"@type\":\"PropertyValueSpecification\",\"valueRequired\":true,\"valueName\":\"search_term_string\"}}],\"inLanguage\":\"de\"},{\"@type\":\"Organization\",\"@id\":\"https:\/\/blog.olimar.de\/#organization\",\"name\":\"OLIMAR Reisen\",\"url\":\"https:\/\/blog.olimar.de\/\",\"logo\":{\"@type\":\"ImageObject\",\"inLanguage\":\"de\",\"@id\":\"https:\/\/blog.olimar.de\/#\/schema\/logo\/image\/\",\"url\":\"https:\/\/blog.olimar.de\/wp-content\/uploads\/2021\/01\/OLIMAR_Logo_COLOR.png\",\"contentUrl\":\"https:\/\/blog.olimar.de\/wp-content\/uploads\/2021\/01\/OLIMAR_Logo_COLOR.png\",\"width\":2000,\"height\":986,\"caption\":\"OLIMAR Reisen\"},\"image\":{\"@id\":\"https:\/\/blog.olimar.de\/#\/schema\/logo\/image\/\"},\"sameAs\":[\"https:\/\/www.facebook.com\/OlimarReisen\",\"https:\/\/x.com\/olimarrreisen\",\"https:\/\/www.instagram.com\/olimarreisen\",\"https:\/\/www.youtube.com\/user\/olimarreisen\"]}]}<\/script>\n<!-- \/ Yoast SEO plugin. -->","yoast_head_json":{"title":"Ausflug nach Valldemossa - Mallorcas Perle im Gebirge -","description":"Ein Ausflug nach Valldemossa sollte bei einem Mallorcaurlaub zum Pflichtprogramm geh\u00f6ren. Warum ist der Ort so bekannt?","robots":{"index":"index","follow":"follow","max-snippet":"max-snippet:-1","max-image-preview":"max-image-preview:large","max-video-preview":"max-video-preview:-1"},"canonical":"https:\/\/blog.olimar.de\/valldemossa\/","og_locale":"de_DE","og_type":"article","og_title":"Ausflug nach Valldemossa - Mallorcas Perle im Gebirge -","og_description":"Ein Ausflug nach Valldemossa sollte bei einem Mallorcaurlaub zum Pflichtprogramm geh\u00f6ren. Warum ist der Ort so bekannt?","og_url":"https:\/\/blog.olimar.de\/valldemossa\/","article_publisher":"https:\/\/www.facebook.com\/OlimarReisen","article_published_time":"2019-01-11T14:23:22+00:00","article_modified_time":"2024-03-04T12:00:57+00:00","og_image":[{"width":800,"height":450,"url":"https:\/\/blog.olimar.de\/wp-content\/uploads\/2019\/01\/40028414980_afed7cd4d4_k-e1562250101515.jpg","type":"image\/jpeg"}],"author":"Juliane Meinke","twitter_misc":{"Verfasst von":"Juliane Meinke","Gesch\u00e4tzte Lesezeit":"4\u00a0Minuten"},"schema":{"@context":"https:\/\/schema.org","@graph":[{"@type":"WebPage","@id":"https:\/\/blog.olimar.de\/valldemossa\/","url":"https:\/\/blog.olimar.de\/valldemossa\/","name":"Ausflug nach Valldemossa - Mallorcas Perle im Gebirge -","isPartOf":{"@id":"https:\/\/blog.olimar.de\/#website"},"primaryImageOfPage":{"@id":"https:\/\/blog.olimar.de\/valldemossa\/#primaryimage"},"image":{"@id":"https:\/\/blog.olimar.de\/valldemossa\/#primaryimage"},"thumbnailUrl":"https:\/\/blog.olimar.de\/wp-content\/uploads\/2019\/01\/40028414980_afed7cd4d4_k-e1562250101515.jpg","datePublished":"2019-01-11T14:23:22+00:00","dateModified":"2024-03-04T12:00:57+00:00","description":"Ein Ausflug nach Valldemossa sollte bei einem Mallorcaurlaub zum Pflichtprogramm geh\u00f6ren. Warum ist der Ort so bekannt?","breadcrumb":{"@id":"https:\/\/blog.olimar.de\/valldemossa\/#breadcrumb"},"inLanguage":"de","potentialAction":[{"@type":"ReadAction","target":["https:\/\/blog.olimar.de\/valldemossa\/"]}]},{"@type":"ImageObject","inLanguage":"de","@id":"https:\/\/blog.olimar.de\/valldemossa\/#primaryimage","url":"https:\/\/blog.olimar.de\/wp-content\/uploads\/2019\/01\/40028414980_afed7cd4d4_k-e1562250101515.jpg","contentUrl":"https:\/\/blog.olimar.de\/wp-content\/uploads\/2019\/01\/40028414980_afed7cd4d4_k-e1562250101515.jpg","width":800,"height":450,"caption":"Gem\u00fctliches Valldemossa"},{"@type":"BreadcrumbList","@id":"https:\/\/blog.olimar.de\/valldemossa\/#breadcrumb","itemListElement":[{"@type":"ListItem","position":1,"name":"Home","item":"https:\/\/blog.olimar.de\/"},{"@type":"ListItem","position":2,"name":"Mallorca","item":"https:\/\/blog.olimar.de\/tag\/mallorca\/"},{"@type":"ListItem","position":3,"name":"Ausflug nach Valldemossa &#8211; Mallorcas Perle im Gebirge"}]},{"@type":"WebSite","@id":"https:\/\/blog.olimar.de\/#website","url":"https:\/\/blog.olimar.de\/","name":"OLIMAR.com","description":"","publisher":{"@id":"https:\/\/blog.olimar.de\/#organization"},"potentialAction":[{"@type":"SearchAction","target":{"@type":"EntryPoint","urlTemplate":"https:\/\/blog.olimar.de\/?s={search_term_string}"},"query-input":{"@type":"PropertyValueSpecification","valueRequired":true,"valueName":"search_term_string"}}],"inLanguage":"de"},{"@type":"Organization","@id":"https:\/\/blog.olimar.de\/#organization","name":"OLIMAR Reisen","url":"https:\/\/blog.olimar.de\/","logo":{"@type":"ImageObject","inLanguage":"de","@id":"https:\/\/blog.olimar.de\/#\/schema\/logo\/image\/","url":"https:\/\/blog.olimar.de\/wp-content\/uploads\/2021\/01\/OLIMAR_Logo_COLOR.png","contentUrl":"https:\/\/blog.olimar.de\/wp-content\/uploads\/2021\/01\/OLIMAR_Logo_COLOR.png","width":2000,"height":986,"caption":"OLIMAR Reisen"},"image":{"@id":"https:\/\/blog.olimar.de\/#\/schema\/logo\/image\/"},"sameAs":["https:\/\/www.facebook.com\/OlimarReisen","https:\/\/x.com\/olimarrreisen","https:\/\/www.instagram.com\/olimarreisen","https:\/\/www.youtube.com\/user\/olimarreisen"]}]}},"modified_by":"Wiebke Fix","jetpack_featured_media_url":"https:\/\/blog.olimar.de\/wp-content\/uploads\/2019\/01\/40028414980_afed7cd4d4_k-e1562250101515.jpg","_links":{"self":[{"href":"https:\/\/blog.olimar.de\/wp-json\/wp\/v2\/posts\/10249","targetHints":{"allow":["GET"]}}],"collection":[{"href":"https:\/\/blog.olimar.de\/wp-json\/wp\/v2\/posts"}],"about":[{"href":"https:\/\/blog.olimar.de\/wp-json\/wp\/v2\/types\/post"}],"author":[{"embeddable":true,"href":"https:\/\/blog.olimar.de\/wp-json\/wp\/v2\/users\/69"}],"replies":[{"embeddable":true,"href":"https:\/\/blog.olimar.de\/wp-json\/wp\/v2\/comments?post=10249"}],"version-history":[{"count":15,"href":"https:\/\/blog.olimar.de\/wp-json\/wp\/v2\/posts\/10249\/revisions"}],"predecessor-version":[{"id":27470,"href":"https:\/\/blog.olimar.de\/wp-json\/wp\/v2\/posts\/10249\/revisions\/27470"}],"wp:featuredmedia":[{"embeddable":true,"href":"https:\/\/blog.olimar.de\/wp-json\/wp\/v2\/media\/10256"}],"wp:attachment":[{"href":"https:\/\/blog.olimar.de\/wp-json\/wp\/v2\/media?parent=10249"}],"wp:term":[{"taxonomy":"category","embeddable":true,"href":"https:\/\/blog.olimar.de\/wp-json\/wp\/v2\/categories?post=10249"},{"taxonomy":"post_tag","embeddable":true,"href":"https:\/\/blog.olimar.de\/wp-json\/wp\/v2\/tags?post=10249"}],"curies":[{"name":"wp","href":"https:\/\/api.w.org\/{rel}","templated":true}]}}