{"id":10314,"date":"2019-01-22T17:05:04","date_gmt":"2019-01-22T15:05:04","guid":{"rendered":"https:\/\/blog.olimar.de\/?p=10314"},"modified":"2022-12-23T14:47:00","modified_gmt":"2022-12-23T13:47:00","slug":"porto-im-winter","status":"publish","type":"post","link":"https:\/\/blog.olimar.de\/porto-im-winter\/","title":{"rendered":"F\u00fcnf gute Gr\u00fcnde f\u00fcr eine Reise nach Porto im Winter"},"content":{"rendered":"\n<p><strong>Porto im Winter? K\u00f6nnen wir ganz klar empfehlen! Warum Portugals Nordmetropole auch in der kalten Jahreszeit ein lohnenswertes Reiseziel f\u00fcr einen Kurztrip ist, erfahren Sie nachfolgend.<\/strong><\/p>\n\n\n\n<div class=\"wp-block-buttons is-layout-flex wp-block-buttons-is-layout-flex\">\n<div class=\"wp-block-button\"><a class=\"wp-block-button__link has-white-color has-text-color has-background wp-element-button\" href=\"https:\/\/www.olimar.de\/portugal\/metropolen\/porto\/\" style=\"background-color:#008c87\">Porto Reiseangebote und Hoteltipps entdecken<\/a><\/div>\n<\/div>\n\n\n\n<div style=\"height:25px\" aria-hidden=\"true\" class=\"wp-block-spacer\"><\/div>\n\n\n\n<h2>Grund 1: Die Authentizit\u00e4t<\/h2>\n<p><a href=\"https:\/\/www.olimar.de\/portugal\/metropolen\/porto\/\">Porto<\/a> wird oftmals als die kleine Schwester Lissabons bezeichnet, was ihr sicher in der Gr\u00f6\u00dfe gerecht wird, nicht aber in der Authentizit\u00e4t. Die fr\u00fchere Seefahrende- und Handelsstadt lebte schon immer von vielen Besuchern. Es wundert daher nicht, dass die stets <strong>freundlichen Menschen der Stadt<\/strong>, besonders gastfreundlich auf fremde Kulturen reagieren. H\u00fcbsche kleine Caf\u00e9s reihen sich in den vertr\u00e4umten Gassen und bieten <strong>feinste Spezialit\u00e4ten<\/strong>, w\u00e4hrend man eine Stra\u00dfe weiter die geschichtstr\u00e4chtige Tram fahren h\u00f6rt.<\/p>\n\n\n\n<figure class=\"wp-block-gallery has-nested-images columns-3 is-cropped wp-block-gallery-1 is-layout-flex wp-block-gallery-is-layout-flex\">\n<figure class=\"wp-block-image size-large\"><img loading=\"lazy\" decoding=\"async\" width=\"684\" height=\"1024\" data-id=\"10326\" src=\"https:\/\/blog.olimar.de\/wp-content\/uploads\/2019\/01\/Portugal-Porto-Stadt-Meurers_3900-684x1024.jpg\" alt=\"Tram in Porto\" class=\"wp-image-10326\" srcset=\"https:\/\/blog.olimar.de\/wp-content\/uploads\/2019\/01\/Portugal-Porto-Stadt-Meurers_3900-684x1024.jpg 684w, https:\/\/blog.olimar.de\/wp-content\/uploads\/2019\/01\/Portugal-Porto-Stadt-Meurers_3900-200x300.jpg 200w, https:\/\/blog.olimar.de\/wp-content\/uploads\/2019\/01\/Portugal-Porto-Stadt-Meurers_3900-768x1151.jpg 768w, https:\/\/blog.olimar.de\/wp-content\/uploads\/2019\/01\/Portugal-Porto-Stadt-Meurers_3900.jpg 1335w\" sizes=\"auto, (max-width: 684px) 100vw, 684px\" \/><figcaption class=\"wp-element-caption\">Tram in Porto <\/figcaption><\/figure>\n\n\n\n<figure class=\"wp-block-image size-large\"><img loading=\"lazy\" decoding=\"async\" width=\"1024\" height=\"684\" data-id=\"10327\" src=\"https:\/\/blog.olimar.de\/wp-content\/uploads\/2019\/01\/Portugal-Porto-Stadt-Meurers_3883-1024x684.jpg\" alt=\"Spezialit\u00e4tengesch\u00e4ft in Porto\" class=\"wp-image-10327\" srcset=\"https:\/\/blog.olimar.de\/wp-content\/uploads\/2019\/01\/Portugal-Porto-Stadt-Meurers_3883-1024x684.jpg 1024w, https:\/\/blog.olimar.de\/wp-content\/uploads\/2019\/01\/Portugal-Porto-Stadt-Meurers_3883-300x200.jpg 300w, https:\/\/blog.olimar.de\/wp-content\/uploads\/2019\/01\/Portugal-Porto-Stadt-Meurers_3883-768x513.jpg 768w, https:\/\/blog.olimar.de\/wp-content\/uploads\/2019\/01\/Portugal-Porto-Stadt-Meurers_3883-840x560.jpg 840w, https:\/\/blog.olimar.de\/wp-content\/uploads\/2019\/01\/Portugal-Porto-Stadt-Meurers_3883-1200x800.jpg 1200w, https:\/\/blog.olimar.de\/wp-content\/uploads\/2019\/01\/Portugal-Porto-Stadt-Meurers_3883.jpg 2000w\" sizes=\"auto, (max-width: 1024px) 100vw, 1024px\" \/><figcaption class=\"wp-element-caption\">Spezialit\u00e4tengesch\u00e4ft <\/figcaption><\/figure>\n\n\n\n<figure class=\"wp-block-image size-large\"><img loading=\"lazy\" decoding=\"async\" width=\"1024\" height=\"684\" data-id=\"10328\" src=\"https:\/\/blog.olimar.de\/wp-content\/uploads\/2019\/01\/Portugal-Porto-Stadt-Meurers_3727-1024x684.jpg\" alt=\"Szenerie in Porto\" class=\"wp-image-10328\" srcset=\"https:\/\/blog.olimar.de\/wp-content\/uploads\/2019\/01\/Portugal-Porto-Stadt-Meurers_3727-1024x684.jpg 1024w, https:\/\/blog.olimar.de\/wp-content\/uploads\/2019\/01\/Portugal-Porto-Stadt-Meurers_3727-300x200.jpg 300w, https:\/\/blog.olimar.de\/wp-content\/uploads\/2019\/01\/Portugal-Porto-Stadt-Meurers_3727-768x513.jpg 768w, https:\/\/blog.olimar.de\/wp-content\/uploads\/2019\/01\/Portugal-Porto-Stadt-Meurers_3727-840x560.jpg 840w, https:\/\/blog.olimar.de\/wp-content\/uploads\/2019\/01\/Portugal-Porto-Stadt-Meurers_3727-1200x800.jpg 1200w, https:\/\/blog.olimar.de\/wp-content\/uploads\/2019\/01\/Portugal-Porto-Stadt-Meurers_3727.jpg 2000w\" sizes=\"auto, (max-width: 1024px) 100vw, 1024px\" \/><figcaption class=\"wp-element-caption\">Szenerie<\/figcaption><\/figure>\n\n\n\n<figure class=\"wp-block-image size-large\"><img loading=\"lazy\" decoding=\"async\" width=\"684\" height=\"1024\" data-id=\"10329\" src=\"https:\/\/blog.olimar.de\/wp-content\/uploads\/2019\/01\/Portugal-Porto-Stadt-Meurers_3718-684x1024.jpg\" alt=\"Kleine Gassen in Porto\" class=\"wp-image-10329\" srcset=\"https:\/\/blog.olimar.de\/wp-content\/uploads\/2019\/01\/Portugal-Porto-Stadt-Meurers_3718-684x1024.jpg 684w, https:\/\/blog.olimar.de\/wp-content\/uploads\/2019\/01\/Portugal-Porto-Stadt-Meurers_3718-200x300.jpg 200w, https:\/\/blog.olimar.de\/wp-content\/uploads\/2019\/01\/Portugal-Porto-Stadt-Meurers_3718-768x1151.jpg 768w, https:\/\/blog.olimar.de\/wp-content\/uploads\/2019\/01\/Portugal-Porto-Stadt-Meurers_3718.jpg 1335w\" sizes=\"auto, (max-width: 684px) 100vw, 684px\" \/><figcaption class=\"wp-element-caption\">Kleine Gasse<\/figcaption><\/figure>\n<\/figure>\n\n\n\n<p>Die Stadt beherbergt viele ungeahnte Sch\u00e4tze wie beispielsweise die <strong>Lello-Buchhandlung<\/strong>. Der britische \u201eGuardian\u201c k\u00fcrte diese zur sch\u00f6nsten der Welt. Ger\u00fcchte besagen, dass die Harry-Potter-Autorin J. K. Rowling hier w\u00e4hrend ihres Porto-Aufenthalts, die <strong>Inspiration f\u00fcr ihre Bestseller Romane<\/strong> fand.<\/p>\n\n\n\n<figure class=\"wp-block-gallery has-nested-images columns-3 is-cropped wp-block-gallery-2 is-layout-flex wp-block-gallery-is-layout-flex\">\n<figure class=\"wp-block-image size-large\"><img loading=\"lazy\" decoding=\"async\" width=\"684\" height=\"1024\" data-id=\"10318\" src=\"https:\/\/blog.olimar.de\/wp-content\/uploads\/2019\/01\/Portugal-Porto-Stadt-Meurers_3832-684x1024.jpg\" alt=\"Treppe Lello Buchhandlung \" class=\"wp-image-10318\" srcset=\"https:\/\/blog.olimar.de\/wp-content\/uploads\/2019\/01\/Portugal-Porto-Stadt-Meurers_3832-684x1024.jpg 684w, https:\/\/blog.olimar.de\/wp-content\/uploads\/2019\/01\/Portugal-Porto-Stadt-Meurers_3832-200x300.jpg 200w, https:\/\/blog.olimar.de\/wp-content\/uploads\/2019\/01\/Portugal-Porto-Stadt-Meurers_3832-768x1151.jpg 768w, https:\/\/blog.olimar.de\/wp-content\/uploads\/2019\/01\/Portugal-Porto-Stadt-Meurers_3832.jpg 1335w\" sizes=\"auto, (max-width: 684px) 100vw, 684px\" \/><figcaption class=\"wp-element-caption\">Treppe der Lello Buchhandlung<\/figcaption><\/figure>\n\n\n\n<figure class=\"wp-block-image size-large\"><img loading=\"lazy\" decoding=\"async\" width=\"1024\" height=\"682\" data-id=\"10319\" src=\"https:\/\/blog.olimar.de\/wp-content\/uploads\/2019\/01\/Portugal-Porto-Stadt-Meurers_3813_4_5_6_7-1024x682.jpg\" alt=\"Lello Buchladen Porto\" class=\"wp-image-10319\" srcset=\"https:\/\/blog.olimar.de\/wp-content\/uploads\/2019\/01\/Portugal-Porto-Stadt-Meurers_3813_4_5_6_7-1024x682.jpg 1024w, https:\/\/blog.olimar.de\/wp-content\/uploads\/2019\/01\/Portugal-Porto-Stadt-Meurers_3813_4_5_6_7-300x200.jpg 300w, https:\/\/blog.olimar.de\/wp-content\/uploads\/2019\/01\/Portugal-Porto-Stadt-Meurers_3813_4_5_6_7-768x511.jpg 768w, https:\/\/blog.olimar.de\/wp-content\/uploads\/2019\/01\/Portugal-Porto-Stadt-Meurers_3813_4_5_6_7-840x560.jpg 840w, https:\/\/blog.olimar.de\/wp-content\/uploads\/2019\/01\/Portugal-Porto-Stadt-Meurers_3813_4_5_6_7-1200x800.jpg 1200w, https:\/\/blog.olimar.de\/wp-content\/uploads\/2019\/01\/Portugal-Porto-Stadt-Meurers_3813_4_5_6_7.jpg 2000w\" sizes=\"auto, (max-width: 1024px) 100vw, 1024px\" \/><figcaption class=\"wp-element-caption\">Lello Buchladen <\/figcaption><\/figure>\n<\/figure>\n\n\n\n<h2>Der zweite Grund: Das Wetter\u00a0<\/h2>\n<p>W\u00e4hrend in anderen Teilen Europas Schal und M\u00fctze zu dieser Zeit nicht fehlen d\u00fcrfen, bietet Porto ein angenehmes <strong>mediterranes Klima<\/strong>. Im Winter werden sogar Temperaturen zwischen 10 und 16\u00b0C erreicht. Nachts wird es selten k\u00e4lter als 5\u00b0C. Und obwohl ab und an mit einem kleinen Schauer gerechnet werden muss, freut sich die nordportugiesische Stadt im Winter dennoch \u00fcber<strong> viel Sonnenschein<\/strong>. So kann es durchaus vorkommen, dass man Menschen im T-Shirt begegnet und die Stra\u00dfencaf\u00e9s auch drau\u00dfen servieren.<\/p>\n\n\n\n<h2>Nebensaison und sinkende Preise: Grund 3\u00a0\u00a0<\/h2>\n<p>Im Winter befindet sich Porto in der Nebensaison. Aus diesem Grund locken viele Hotel- und Fluganbieter mit <strong>tollen Schn\u00e4ppchen<\/strong>. Eine 5-t\u00e4gige Reise beispielsweise kann inkl. Flug und \u00dcbernachtung im zentral gelegenen 2*-Hotel, sowie Fr\u00fchst\u00fcck bereits <strong>unter 200 \u20ac pro Person<\/strong> gebucht werden. F\u00fcr einen Kurztrip mit dem Liebsten, der besten Freundin oder in Familie muss also nicht tief in die Tasche gegriffen werden. Das gesparte Geld l\u00e4sst sich so besser vor Ort f\u00fcrs Shoppen, Eintritte oder kulinarische Gaumenfreuden ausgeben, die die Kurzreise unvergesslich machen.<\/p>\n<p>Aktuelle Angebote f\u00fcr 4-Tages-Reisen nach Porto gibt&#8217;s auf der <a href=\"https:\/\/www.olimar.de\/?travelType=package&amp;DepartureDate=+2weeks&amp;ReturnDate=+6weeks&amp;Duration=4&amp;Adults=2&amp;Children=0&amp;PriceType=perPerson&amp;GlobalTypeList%5B0%5D=GT14-WT&amp;Category=1&amp;SortingOrder=price&amp;view=list&amp;Destination%5B0%5D=Porto\">OLIMAR Webseite<\/a>.<\/p>\n\n\n\n<h2>Vierter Grund: Die Kulinarik\u00a0<\/h2>\n<p>Wer w\u00fcnscht sich in der kalten Jahreszeit nicht ein bisschen mediterranes Urlaubsgef\u00fchl? Sicher kann man in Porto das ganze Jahr \u00fcber <strong>kulinarische Spezialit\u00e4ten<\/strong> genie\u00dfen, aber warum das sonst im Sommer bekannte Wohlgef\u00fchl im Gaumen nicht auch in den Winter bringen? Dies ist in Porto kein Problem.<\/p>\n<p>Als besondere Delikatesse gilt <a href=\"https:\/\/blog.olimar.de\/bacalhau-in-portugal\/\">Bacalhau<\/a>, ein Stockfischgericht, f\u00fcr das es weit \u00fcber 1.000 Rezepte gibt. Jede Familie schw\u00f6rt auf ihre eigene Geheimformel. Dennoch kann man sich sicher sein, dass in der traditionellen Speise stets viel Liebe in die Zubereitung gesteckt wurde.<\/p>\n\n\n<div class=\"wp-block-image size-large wp-image-598\">\n<figure class=\"aligncenter\"><img loading=\"lazy\" decoding=\"async\" width=\"1024\" height=\"768\" src=\"https:\/\/blog.olimar.de\/wp-content\/uploads\/2015\/02\/wochenmarkt-1024x768.jpg\" alt=\"Wochenmarkt mit Bacalhau\" class=\"wp-image-598\" srcset=\"https:\/\/blog.olimar.de\/wp-content\/uploads\/2015\/02\/wochenmarkt-1024x768.jpg 1024w, https:\/\/blog.olimar.de\/wp-content\/uploads\/2015\/02\/wochenmarkt-300x225.jpg 300w, https:\/\/blog.olimar.de\/wp-content\/uploads\/2015\/02\/wochenmarkt.jpg 1280w\" sizes=\"auto, (max-width: 1024px) 100vw, 1024px\" \/><figcaption class=\"wp-element-caption\">Wochenmarkt mit Bacalhau<\/figcaption><\/figure>\n<\/div>\n\n\n<p>F\u00fcr diejenigen, die lieber auf Fisch verzichten, empfiehlt sich beispielsweise <strong>Folar<\/strong>. Hierbei handelt es sich um ein herzhaftes Geb\u00e4ck mit W\u00fcrstchen, das besonders zu den Festtagen gro\u00dfe Beliebtheit genie\u00dft.<br>Weinliebhaber kommen in Porto nat\u00fcrlich wegen des <strong>Portweins<\/strong> auf ihre Kosten. Der starke und s\u00fc\u00dfe Geschmack, der dem Wein seinen Charakter gibt, kommt aufgrund eines speziellen Herstellungsverfahrens zustande. Anders als bei herk\u00f6mmlichen Weinen wird die G\u00e4rung nach 2 bis 3 Tagen unterbrochen, indem hochprozentiger Alkohol hinzugegeben wird. Wer mehr \u00fcber die Geschichte des Portweins erfahren m\u00f6chte und die verschiedenen Sorten des Landes probieren m\u00f6chte, f\u00fcr den empfiehlt sich eine <strong>gef\u00fchrte Tour durch die Kellereien von Vila Nova de Gaia<\/strong>. Die Tour sollte aber nicht auf leeren Magen unternommen werden, da diese Weine einen Alkoholgehalt zwischen 19 und 22 Prozent aufweisen.<\/p>\n\n\n\n<figure class=\"wp-block-gallery has-nested-images columns-3 is-cropped wp-block-gallery-3 is-layout-flex wp-block-gallery-is-layout-flex\">\n<figure class=\"wp-block-image size-large\"><img loading=\"lazy\" decoding=\"async\" width=\"1024\" height=\"684\" data-id=\"10320\" src=\"https:\/\/blog.olimar.de\/wp-content\/uploads\/2019\/01\/Portugal-Porto-Stadt-Meurers_4187-1024x684.jpg\" alt=\"Sandeman Portwein Porto\" class=\"wp-image-10320\" srcset=\"https:\/\/blog.olimar.de\/wp-content\/uploads\/2019\/01\/Portugal-Porto-Stadt-Meurers_4187-1024x684.jpg 1024w, https:\/\/blog.olimar.de\/wp-content\/uploads\/2019\/01\/Portugal-Porto-Stadt-Meurers_4187-300x200.jpg 300w, https:\/\/blog.olimar.de\/wp-content\/uploads\/2019\/01\/Portugal-Porto-Stadt-Meurers_4187-768x513.jpg 768w, https:\/\/blog.olimar.de\/wp-content\/uploads\/2019\/01\/Portugal-Porto-Stadt-Meurers_4187-840x560.jpg 840w, https:\/\/blog.olimar.de\/wp-content\/uploads\/2019\/01\/Portugal-Porto-Stadt-Meurers_4187-1200x800.jpg 1200w, https:\/\/blog.olimar.de\/wp-content\/uploads\/2019\/01\/Portugal-Porto-Stadt-Meurers_4187.jpg 2000w\" sizes=\"auto, (max-width: 1024px) 100vw, 1024px\" \/><figcaption class=\"wp-element-caption\">Sandeman Portwein <\/figcaption><\/figure>\n\n\n\n<figure class=\"wp-block-image size-large\"><img loading=\"lazy\" decoding=\"async\" width=\"768\" height=\"1024\" data-id=\"10324\" src=\"https:\/\/blog.olimar.de\/wp-content\/uploads\/2019\/01\/Porto-Portweinglaeser-e1548168822438-768x1024.jpg\" alt=\"Gl\u00e4ser Portwein in Porto\" class=\"wp-image-10324\" srcset=\"https:\/\/blog.olimar.de\/wp-content\/uploads\/2019\/01\/Porto-Portweinglaeser-e1548168822438-768x1024.jpg 768w, https:\/\/blog.olimar.de\/wp-content\/uploads\/2019\/01\/Porto-Portweinglaeser-e1548168822438-225x300.jpg 225w, https:\/\/blog.olimar.de\/wp-content\/uploads\/2019\/01\/Porto-Portweinglaeser-e1548168822438-420x560.jpg 420w\" sizes=\"auto, (max-width: 768px) 100vw, 768px\" \/><figcaption class=\"wp-element-caption\">Portwein <\/figcaption><\/figure>\n<\/figure>\n\n\n\n<h2>Aktivit\u00e4ten in allen Varianten: Unser f\u00fcnfte Grund<\/h2>\n<p>Hier kommt keine Langeweile auf. Porto bietet auch in den Wintermonaten zahlreiche M\u00f6glichkeiten f\u00fcr verschiedenste Aktivit\u00e4ten. Die Auswahl reicht von <strong>Musik- und Filmfestivals<\/strong> \u00fcber gef\u00fchrte <strong>Stadttouren<\/strong> bis hin zu <strong>Surfstunden<\/strong> \u2013 ja, auch im Winter, denn die Surfschulen der Stadt haben das ganze Jahr \u00fcber ge\u00f6ffnet.<\/p>\n<p>Die <strong>Museenvielfalt<\/strong> Portos bietet etwas f\u00fcr jeden Geschmack. Kinder k\u00f6nnen im interaktiven <strong>\u201eWorld of Discoveries\u201c<\/strong> die Spuren der portugiesischen Seefahrer entdecken, w\u00e4hrend Sportfans sich im <strong>Museum des FC Portos<\/strong> \u00fcber die Fu\u00dfballgeschichte informieren und Kunstinteressierte zeitgen\u00f6ssische Ausstellungsst\u00fccke im <strong>Serralves Museum<\/strong> begutachten.<\/p>\n\n\n<div class=\"wp-block-image wp-image-10323 size-large\">\n<figure class=\"aligncenter\"><img loading=\"lazy\" decoding=\"async\" width=\"1024\" height=\"768\" src=\"https:\/\/blog.olimar.de\/wp-content\/uploads\/2019\/01\/Porto-Musikhaus-1024x768.jpg\" alt=\"Porto Musikhaus\" class=\"wp-image-10323\" srcset=\"https:\/\/blog.olimar.de\/wp-content\/uploads\/2019\/01\/Porto-Musikhaus-1024x768.jpg 1024w, https:\/\/blog.olimar.de\/wp-content\/uploads\/2019\/01\/Porto-Musikhaus-300x225.jpg 300w, https:\/\/blog.olimar.de\/wp-content\/uploads\/2019\/01\/Porto-Musikhaus-768x576.jpg 768w\" sizes=\"auto, (max-width: 1024px) 100vw, 1024px\" \/><figcaption class=\"wp-element-caption\">Portos Konzerthaus, die Casa da M\u00fasica<\/figcaption><\/figure>\n<\/div>\n\n<div class=\"wp-block-image wp-image-10325 size-large\">\n<figure class=\"aligncenter\"><img loading=\"lazy\" decoding=\"async\" width=\"768\" height=\"1024\" src=\"https:\/\/blog.olimar.de\/wp-content\/uploads\/2019\/01\/Porto-Fado-Faesser-768x1024.jpg\" alt=\"Fado in Porto\" class=\"wp-image-10325\" srcset=\"https:\/\/blog.olimar.de\/wp-content\/uploads\/2019\/01\/Porto-Fado-Faesser-768x1024.jpg 768w, https:\/\/blog.olimar.de\/wp-content\/uploads\/2019\/01\/Porto-Fado-Faesser-225x300.jpg 225w, https:\/\/blog.olimar.de\/wp-content\/uploads\/2019\/01\/Porto-Fado-Faesser-420x560.jpg 420w\" sizes=\"auto, (max-width: 768px) 100vw, 768px\" \/><figcaption class=\"wp-element-caption\">Darf bei einem Portugal-Urlaub nicht fehlen: Fado-Darbietung<\/figcaption><\/figure>\n<\/div>\n\n\n<p>Besondere R\u00e4umlichkeiten findet man im <strong>Museum f\u00fcr Fotografie<\/strong>, da es in einem ehemaligen Gef\u00e4ngnis untergebracht ist, in dem unter anderem der portugiesische Schriftsteller Camilo Castelo Branco wegen Ehebruchs sa\u00df. Hier entstand dann auch der Roman <strong>\u201eDas Verh\u00e4ngnis der Liebe\u201c<\/strong>.<\/p>\n<h2>Unser Fazit zu: Porto im Winter<\/h2>\n<p>Zusammengefasst \u00fcberzeugt Porto im Sommer wie auch im Winter. Einheimische w\u00fcrden sogar behaupten, dass viele Sch\u00e4tze in den warmen Monaten aufgrund des sch\u00f6nen Wetters und der N\u00e4he zum Strand unentdeckt bleiben. Diese kommen dann in der k\u00e4lteren Zeit zum Vorschein. Die Stadt kann nach knapp drei Flugstunden erreicht werden und bietet abseits der kalten Temperaturen hierzulande zahlreiche Erlebnisse bei einem angenehmen Klima.<\/p>\n\n\n\n<div style=\"height:25px\" aria-hidden=\"true\" class=\"wp-block-spacer\"><\/div>\n\n\n\n<div class=\"wp-block-buttons is-layout-flex wp-block-buttons-is-layout-flex\">\n<div class=\"wp-block-button\"><a class=\"wp-block-button__link has-white-color has-text-color has-background wp-element-button\" href=\"https:\/\/www.olimar.de\/hotellistung\/\" style=\"background-color:#008c87\">Jetzt Urlaubsangebote finden und buchen<\/a><\/div>\n<\/div>\n\n\n\n<div style=\"height:100px\" aria-hidden=\"true\" class=\"wp-block-spacer\"><\/div>\n","protected":false},"excerpt":{"rendered":"<p>Porto im Winter? K\u00f6nnen wir ganz klar empfehlen! Warum Portugals Nordmetropole auch in der kalten Jahreszeit ein lohnenswertes Reiseziel f\u00fcr einen Kurztrip ist, erfahren Sie nachfolgend. Grund 1: Die Authentizit\u00e4t Porto wird oftmals als die kleine Schwester Lissabons bezeichnet, was ihr sicher in der Gr\u00f6\u00dfe gerecht wird, nicht aber in der Authentizit\u00e4t. Die fr\u00fchere Seefahrende- und Handelsstadt lebte schon immer von vielen Besuchern. Es wundert daher nicht, dass die stets freundlichen Menschen der Stadt, besonders gastfreundlich auf fremde Kulturen reagieren. H\u00fcbsche kleine Caf\u00e9s reihen sich in den vertr\u00e4umten Gassen und bieten feinste Spezialit\u00e4ten, w\u00e4hrend man eine Stra\u00dfe weiter die geschichtstr\u00e4chtige Tram &hellip;<\/p>\n","protected":false},"author":69,"featured_media":10321,"comment_status":"open","ping_status":"open","sticky":false,"template":"","format":"standard","meta":{"_crdt_document":"","_lmt_disableupdate":"","_lmt_disable":"","footnotes":""},"categories":[28,31],"tags":[110,34],"class_list":["post-10314","post","type-post","status-publish","format-standard","has-post-thumbnail","hentry","category-kunst-kultur","category-land-leute","tag-porto","tag-portugal"],"yoast_head":"<!-- This site is optimized with the Yoast SEO plugin v26.9 - https:\/\/yoast.com\/product\/yoast-seo-wordpress\/ -->\n<title>F\u00fcnf gute Gr\u00fcnde f\u00fcr eine Reise nach Porto im Winter -<\/title>\n<meta name=\"description\" content=\"Wir verraten Ihnen 5 gute Gr\u00fcnde, warum Portugals Stadtsch\u00f6nheit Porto auch im Winter eine Reise wert ist. Kommen Sie mit auf einen Porto-Kurztrip!\" \/>\n<meta name=\"robots\" content=\"index, follow, max-snippet:-1, max-image-preview:large, max-video-preview:-1\" \/>\n<link rel=\"canonical\" href=\"https:\/\/blog.olimar.de\/porto-im-winter\/\" \/>\n<meta property=\"og:locale\" content=\"de_DE\" \/>\n<meta property=\"og:type\" content=\"article\" \/>\n<meta property=\"og:title\" content=\"F\u00fcnf gute Gr\u00fcnde f\u00fcr eine Reise nach Porto im Winter -\" \/>\n<meta property=\"og:description\" content=\"Wir verraten Ihnen 5 gute Gr\u00fcnde, warum Portugals Stadtsch\u00f6nheit Porto auch im Winter eine Reise wert ist. Kommen Sie mit auf einen Porto-Kurztrip!\" \/>\n<meta property=\"og:url\" content=\"https:\/\/blog.olimar.de\/porto-im-winter\/\" \/>\n<meta property=\"article:publisher\" content=\"https:\/\/www.facebook.com\/OlimarReisen\" \/>\n<meta property=\"article:published_time\" content=\"2019-01-22T15:05:04+00:00\" \/>\n<meta property=\"article:modified_time\" content=\"2022-12-23T13:47:00+00:00\" \/>\n<meta property=\"og:image\" content=\"https:\/\/blog.olimar.de\/wp-content\/uploads\/2019\/01\/Portugal-Porto-Stadt-Meurers_4180.jpg\" \/>\n\t<meta property=\"og:image:width\" content=\"2000\" \/>\n\t<meta property=\"og:image:height\" content=\"1216\" \/>\n\t<meta property=\"og:image:type\" content=\"image\/jpeg\" \/>\n<meta name=\"author\" content=\"Juliane Meinke\" \/>\n<meta name=\"twitter:label1\" content=\"Verfasst von\" \/>\n\t<meta name=\"twitter:data1\" content=\"Juliane Meinke\" \/>\n\t<meta name=\"twitter:label2\" content=\"Gesch\u00e4tzte Lesezeit\" \/>\n\t<meta name=\"twitter:data2\" content=\"7\u00a0Minuten\" \/>\n<script type=\"application\/ld+json\" class=\"yoast-schema-graph\">{\"@context\":\"https:\/\/schema.org\",\"@graph\":[{\"@type\":\"WebPage\",\"@id\":\"https:\/\/blog.olimar.de\/porto-im-winter\/\",\"url\":\"https:\/\/blog.olimar.de\/porto-im-winter\/\",\"name\":\"F\u00fcnf gute Gr\u00fcnde f\u00fcr eine Reise nach Porto im Winter -\",\"isPartOf\":{\"@id\":\"https:\/\/blog.olimar.de\/#website\"},\"primaryImageOfPage\":{\"@id\":\"https:\/\/blog.olimar.de\/porto-im-winter\/#primaryimage\"},\"image\":{\"@id\":\"https:\/\/blog.olimar.de\/porto-im-winter\/#primaryimage\"},\"thumbnailUrl\":\"https:\/\/blog.olimar.de\/wp-content\/uploads\/2019\/01\/Portugal-Porto-Stadt-Meurers_4180.jpg\",\"datePublished\":\"2019-01-22T15:05:04+00:00\",\"dateModified\":\"2022-12-23T13:47:00+00:00\",\"description\":\"Wir verraten Ihnen 5 gute Gr\u00fcnde, warum Portugals Stadtsch\u00f6nheit Porto auch im Winter eine Reise wert ist. Kommen Sie mit auf einen Porto-Kurztrip!\",\"breadcrumb\":{\"@id\":\"https:\/\/blog.olimar.de\/porto-im-winter\/#breadcrumb\"},\"inLanguage\":\"de\",\"potentialAction\":[{\"@type\":\"ReadAction\",\"target\":[\"https:\/\/blog.olimar.de\/porto-im-winter\/\"]}]},{\"@type\":\"ImageObject\",\"inLanguage\":\"de\",\"@id\":\"https:\/\/blog.olimar.de\/porto-im-winter\/#primaryimage\",\"url\":\"https:\/\/blog.olimar.de\/wp-content\/uploads\/2019\/01\/Portugal-Porto-Stadt-Meurers_4180.jpg\",\"contentUrl\":\"https:\/\/blog.olimar.de\/wp-content\/uploads\/2019\/01\/Portugal-Porto-Stadt-Meurers_4180.jpg\",\"width\":2000,\"height\":1216,\"caption\":\"Porto Boote auf dem Douro\"},{\"@type\":\"BreadcrumbList\",\"@id\":\"https:\/\/blog.olimar.de\/porto-im-winter\/#breadcrumb\",\"itemListElement\":[{\"@type\":\"ListItem\",\"position\":1,\"name\":\"Home\",\"item\":\"https:\/\/blog.olimar.de\/\"},{\"@type\":\"ListItem\",\"position\":2,\"name\":\"Porto\",\"item\":\"https:\/\/blog.olimar.de\/tag\/porto\/\"},{\"@type\":\"ListItem\",\"position\":3,\"name\":\"F\u00fcnf gute Gr\u00fcnde f\u00fcr eine Reise nach Porto im Winter\"}]},{\"@type\":\"WebSite\",\"@id\":\"https:\/\/blog.olimar.de\/#website\",\"url\":\"https:\/\/blog.olimar.de\/\",\"name\":\"OLIMAR.com\",\"description\":\"\",\"publisher\":{\"@id\":\"https:\/\/blog.olimar.de\/#organization\"},\"potentialAction\":[{\"@type\":\"SearchAction\",\"target\":{\"@type\":\"EntryPoint\",\"urlTemplate\":\"https:\/\/blog.olimar.de\/?s={search_term_string}\"},\"query-input\":{\"@type\":\"PropertyValueSpecification\",\"valueRequired\":true,\"valueName\":\"search_term_string\"}}],\"inLanguage\":\"de\"},{\"@type\":\"Organization\",\"@id\":\"https:\/\/blog.olimar.de\/#organization\",\"name\":\"OLIMAR Reisen\",\"url\":\"https:\/\/blog.olimar.de\/\",\"logo\":{\"@type\":\"ImageObject\",\"inLanguage\":\"de\",\"@id\":\"https:\/\/blog.olimar.de\/#\/schema\/logo\/image\/\",\"url\":\"https:\/\/blog.olimar.de\/wp-content\/uploads\/2021\/01\/OLIMAR_Logo_COLOR.png\",\"contentUrl\":\"https:\/\/blog.olimar.de\/wp-content\/uploads\/2021\/01\/OLIMAR_Logo_COLOR.png\",\"width\":2000,\"height\":986,\"caption\":\"OLIMAR Reisen\"},\"image\":{\"@id\":\"https:\/\/blog.olimar.de\/#\/schema\/logo\/image\/\"},\"sameAs\":[\"https:\/\/www.facebook.com\/OlimarReisen\",\"https:\/\/x.com\/olimarrreisen\",\"https:\/\/www.instagram.com\/olimarreisen\",\"https:\/\/www.youtube.com\/user\/olimarreisen\"]}]}<\/script>\n<!-- \/ Yoast SEO plugin. -->","yoast_head_json":{"title":"F\u00fcnf gute Gr\u00fcnde f\u00fcr eine Reise nach Porto im Winter -","description":"Wir verraten Ihnen 5 gute Gr\u00fcnde, warum Portugals Stadtsch\u00f6nheit Porto auch im Winter eine Reise wert ist. Kommen Sie mit auf einen Porto-Kurztrip!","robots":{"index":"index","follow":"follow","max-snippet":"max-snippet:-1","max-image-preview":"max-image-preview:large","max-video-preview":"max-video-preview:-1"},"canonical":"https:\/\/blog.olimar.de\/porto-im-winter\/","og_locale":"de_DE","og_type":"article","og_title":"F\u00fcnf gute Gr\u00fcnde f\u00fcr eine Reise nach Porto im Winter -","og_description":"Wir verraten Ihnen 5 gute Gr\u00fcnde, warum Portugals Stadtsch\u00f6nheit Porto auch im Winter eine Reise wert ist. Kommen Sie mit auf einen Porto-Kurztrip!","og_url":"https:\/\/blog.olimar.de\/porto-im-winter\/","article_publisher":"https:\/\/www.facebook.com\/OlimarReisen","article_published_time":"2019-01-22T15:05:04+00:00","article_modified_time":"2022-12-23T13:47:00+00:00","og_image":[{"width":2000,"height":1216,"url":"https:\/\/blog.olimar.de\/wp-content\/uploads\/2019\/01\/Portugal-Porto-Stadt-Meurers_4180.jpg","type":"image\/jpeg"}],"author":"Juliane Meinke","twitter_misc":{"Verfasst von":"Juliane Meinke","Gesch\u00e4tzte Lesezeit":"7\u00a0Minuten"},"schema":{"@context":"https:\/\/schema.org","@graph":[{"@type":"WebPage","@id":"https:\/\/blog.olimar.de\/porto-im-winter\/","url":"https:\/\/blog.olimar.de\/porto-im-winter\/","name":"F\u00fcnf gute Gr\u00fcnde f\u00fcr eine Reise nach Porto im Winter -","isPartOf":{"@id":"https:\/\/blog.olimar.de\/#website"},"primaryImageOfPage":{"@id":"https:\/\/blog.olimar.de\/porto-im-winter\/#primaryimage"},"image":{"@id":"https:\/\/blog.olimar.de\/porto-im-winter\/#primaryimage"},"thumbnailUrl":"https:\/\/blog.olimar.de\/wp-content\/uploads\/2019\/01\/Portugal-Porto-Stadt-Meurers_4180.jpg","datePublished":"2019-01-22T15:05:04+00:00","dateModified":"2022-12-23T13:47:00+00:00","description":"Wir verraten Ihnen 5 gute Gr\u00fcnde, warum Portugals Stadtsch\u00f6nheit Porto auch im Winter eine Reise wert ist. Kommen Sie mit auf einen Porto-Kurztrip!","breadcrumb":{"@id":"https:\/\/blog.olimar.de\/porto-im-winter\/#breadcrumb"},"inLanguage":"de","potentialAction":[{"@type":"ReadAction","target":["https:\/\/blog.olimar.de\/porto-im-winter\/"]}]},{"@type":"ImageObject","inLanguage":"de","@id":"https:\/\/blog.olimar.de\/porto-im-winter\/#primaryimage","url":"https:\/\/blog.olimar.de\/wp-content\/uploads\/2019\/01\/Portugal-Porto-Stadt-Meurers_4180.jpg","contentUrl":"https:\/\/blog.olimar.de\/wp-content\/uploads\/2019\/01\/Portugal-Porto-Stadt-Meurers_4180.jpg","width":2000,"height":1216,"caption":"Porto Boote auf dem Douro"},{"@type":"BreadcrumbList","@id":"https:\/\/blog.olimar.de\/porto-im-winter\/#breadcrumb","itemListElement":[{"@type":"ListItem","position":1,"name":"Home","item":"https:\/\/blog.olimar.de\/"},{"@type":"ListItem","position":2,"name":"Porto","item":"https:\/\/blog.olimar.de\/tag\/porto\/"},{"@type":"ListItem","position":3,"name":"F\u00fcnf gute Gr\u00fcnde f\u00fcr eine Reise nach Porto im Winter"}]},{"@type":"WebSite","@id":"https:\/\/blog.olimar.de\/#website","url":"https:\/\/blog.olimar.de\/","name":"OLIMAR.com","description":"","publisher":{"@id":"https:\/\/blog.olimar.de\/#organization"},"potentialAction":[{"@type":"SearchAction","target":{"@type":"EntryPoint","urlTemplate":"https:\/\/blog.olimar.de\/?s={search_term_string}"},"query-input":{"@type":"PropertyValueSpecification","valueRequired":true,"valueName":"search_term_string"}}],"inLanguage":"de"},{"@type":"Organization","@id":"https:\/\/blog.olimar.de\/#organization","name":"OLIMAR Reisen","url":"https:\/\/blog.olimar.de\/","logo":{"@type":"ImageObject","inLanguage":"de","@id":"https:\/\/blog.olimar.de\/#\/schema\/logo\/image\/","url":"https:\/\/blog.olimar.de\/wp-content\/uploads\/2021\/01\/OLIMAR_Logo_COLOR.png","contentUrl":"https:\/\/blog.olimar.de\/wp-content\/uploads\/2021\/01\/OLIMAR_Logo_COLOR.png","width":2000,"height":986,"caption":"OLIMAR Reisen"},"image":{"@id":"https:\/\/blog.olimar.de\/#\/schema\/logo\/image\/"},"sameAs":["https:\/\/www.facebook.com\/OlimarReisen","https:\/\/x.com\/olimarrreisen","https:\/\/www.instagram.com\/olimarreisen","https:\/\/www.youtube.com\/user\/olimarreisen"]}]}},"modified_by":"Lena Radermacher","jetpack_featured_media_url":"https:\/\/blog.olimar.de\/wp-content\/uploads\/2019\/01\/Portugal-Porto-Stadt-Meurers_4180.jpg","_links":{"self":[{"href":"https:\/\/blog.olimar.de\/wp-json\/wp\/v2\/posts\/10314","targetHints":{"allow":["GET"]}}],"collection":[{"href":"https:\/\/blog.olimar.de\/wp-json\/wp\/v2\/posts"}],"about":[{"href":"https:\/\/blog.olimar.de\/wp-json\/wp\/v2\/types\/post"}],"author":[{"embeddable":true,"href":"https:\/\/blog.olimar.de\/wp-json\/wp\/v2\/users\/69"}],"replies":[{"embeddable":true,"href":"https:\/\/blog.olimar.de\/wp-json\/wp\/v2\/comments?post=10314"}],"version-history":[{"count":21,"href":"https:\/\/blog.olimar.de\/wp-json\/wp\/v2\/posts\/10314\/revisions"}],"predecessor-version":[{"id":23145,"href":"https:\/\/blog.olimar.de\/wp-json\/wp\/v2\/posts\/10314\/revisions\/23145"}],"wp:featuredmedia":[{"embeddable":true,"href":"https:\/\/blog.olimar.de\/wp-json\/wp\/v2\/media\/10321"}],"wp:attachment":[{"href":"https:\/\/blog.olimar.de\/wp-json\/wp\/v2\/media?parent=10314"}],"wp:term":[{"taxonomy":"category","embeddable":true,"href":"https:\/\/blog.olimar.de\/wp-json\/wp\/v2\/categories?post=10314"},{"taxonomy":"post_tag","embeddable":true,"href":"https:\/\/blog.olimar.de\/wp-json\/wp\/v2\/tags?post=10314"}],"curies":[{"name":"wp","href":"https:\/\/api.w.org\/{rel}","templated":true}]}}