{"id":10333,"date":"2022-07-27T10:42:00","date_gmt":"2022-07-27T09:42:00","guid":{"rendered":"https:\/\/blog.olimar.de\/?p=10333"},"modified":"2024-11-18T17:00:15","modified_gmt":"2024-11-18T16:00:15","slug":"wanderurlaub-in-portugal","status":"publish","type":"post","link":"https:\/\/blog.olimar.de\/wanderurlaub-in-portugal\/","title":{"rendered":"Wanderurlaub in Portugal &#038; S\u00fcdeuropa: Die 4 sch\u00f6nsten Wanderrouten &#038; Wandertouren"},"content":{"rendered":"\n<p class=\"wp-block-paragraph\"><strong>Wer von einer unvergesslichen Zeit in sch\u00f6nster Natur tr\u00e4umt, sollte einen Wanderurlaub in Portugal und S\u00fcdeuropa einmal ausprobieren. Auf einer der traumhaften Wanderrouten oder einer Wandertour durch Portugal, Spanien oder Italien treffen Aktivurlaub und Genuss auf beste Art zusammen.<\/strong><\/p>\n\n\n\n<div class=\"wp-block-buttons is-layout-flex wp-block-buttons-is-layout-flex\">\n<div class=\"wp-block-button\"><a class=\"wp-block-button__link wp-element-button\" href=\"https:\/\/www.olimar.de\/aktivurlaub\/\">Aktivurlaub Reiseangebote und Hoteltipps entdecken<\/a><\/div>\n<\/div>\n\n\n\n<div style=\"height:50px\" aria-hidden=\"true\" class=\"wp-block-spacer\"><\/div>\n\n\n<h2 style=\"text-align: justify;\">1. Wandern in Portugal: Genuss-Wege an der Algarve<\/h2>\n<p style=\"text-align: justify;\">Der S\u00fcden des portugiesischen Festlandes \u00fcberzeugt vor allem durch seine unvergleichliche K\u00fcstenlandschaft am Atlantik, sch\u00f6nes Sonnenwetter und kulinarische Spezialit\u00e4ten. Abseits des Badeurlaubs empfiehlt es sich aber auch, die Umgebung zu Fu\u00df auf einer der unz\u00e4hligen Wanderrouten kennenzulernen.<\/p>\n<p style=\"text-align: justify;\">Die gef\u00fchrten Wanderrungen <a href=\"https:\/\/rms.olimar.de\/code\/FAOX19\" rel=\"noopener\">\u201eGenusswandern an der Algarve&#8221;<\/a> mit OLIMAR verbindet dabei alle Vorz\u00fcge, die die Region zu bieten hat. W\u00e4hrend der einw\u00f6chigen Reise entdecken Sie zusammen mit einem Guide auf gleich sechs Wanderungen die sch\u00f6nsten Ecken der Algarve. Dabei z\u00e4hlen Touren ins Hinterland zu den Eukalyptus- und Pinienw\u00e4ldern genauso zum Programm wie Wanderungen entlang der Steilk\u00fcste.<\/p>\n<p style=\"text-align: justify;\">Sie haben au\u00dferdem die M\u00f6glichkeit, nach einem kleinen Bootsausflug die vorgelagerte Sandinsel Culatra zu besichtigen, auf der das Naturschutzgebiet Ria Formosa liegt. Begleitet wird der aktive Part des Urlaubs von einer Rundum-Verpflegung mit landestypischem Essen.<\/p>\n<p style=\"text-align: justify;\">Auch Anf\u00e4nger k\u00f6nnen diese Reise buchen, denn die Tagestouren beinhalten keine Routen, die l\u00e4nger als neun Kilometer sind. Au\u00dferdem bleibt noch ausreichend Zeit f\u00fcr Erholung und \u00fcbrig.<\/p>\n<div id=\"attachment_10339\" style=\"width: 850px\" class=\"wp-caption aligncenter\"><img loading=\"lazy\" decoding=\"async\" aria-describedby=\"caption-attachment-10339\" class=\"wp-image-10339 size-large\" src=\"https:\/\/blog.olimar.de\/wp-content\/uploads\/2019\/01\/PT-Algarve-Lagos-FemaleTravelerLookingatSea-159160419-fotolia17-c-kite_rin-1024x683.jpg\" alt=\"Wandern in Portugal an der Algarve\" width=\"840\" height=\"560\" srcset=\"https:\/\/blog.olimar.de\/wp-content\/uploads\/2019\/01\/PT-Algarve-Lagos-FemaleTravelerLookingatSea-159160419-fotolia17-c-kite_rin-1024x683.jpg 1024w, https:\/\/blog.olimar.de\/wp-content\/uploads\/2019\/01\/PT-Algarve-Lagos-FemaleTravelerLookingatSea-159160419-fotolia17-c-kite_rin-300x200.jpg 300w, https:\/\/blog.olimar.de\/wp-content\/uploads\/2019\/01\/PT-Algarve-Lagos-FemaleTravelerLookingatSea-159160419-fotolia17-c-kite_rin-768x512.jpg 768w, https:\/\/blog.olimar.de\/wp-content\/uploads\/2019\/01\/PT-Algarve-Lagos-FemaleTravelerLookingatSea-159160419-fotolia17-c-kite_rin-840x560.jpg 840w, https:\/\/blog.olimar.de\/wp-content\/uploads\/2019\/01\/PT-Algarve-Lagos-FemaleTravelerLookingatSea-159160419-fotolia17-c-kite_rin-1200x800.jpg 1200w, https:\/\/blog.olimar.de\/wp-content\/uploads\/2019\/01\/PT-Algarve-Lagos-FemaleTravelerLookingatSea-159160419-fotolia17-c-kite_rin.jpg 1619w\" sizes=\"auto, (max-width: 840px) 100vw, 840px\" \/><p id=\"caption-attachment-10339\" class=\"wp-caption-text\">Bild: \u00a9Fotolia<\/p><\/div>\n<h2 style=\"text-align: justify;\">2. Wanderurlaub in Portugal: Wundersch\u00f6ne Azoren-Insel<\/h2>\n<p style=\"text-align: justify;\">Auf S\u00e3o Miguel, der gr\u00f6\u00dften Insel der Azoren, entdecken Sie aktiv die sch\u00f6nsten Pl\u00e4tze. Die OLIMAR-Wanderreise <a href=\"https:\/\/www.olimar.de\/aktivurlaub\/wandern-azoren\/\" rel=\"noopener\">&#8220;S\u00e3o Miguel intensiv erleben&#8221;<\/a> kombiniert dabei zwei halbt\u00e4gige Wanderungen mit drei ganzt\u00e4gigen Ausfl\u00fcgen.<\/p>\n<p style=\"text-align: justify;\">So besichtigen Sie zum Beispiel am ersten Wandertag Porto Novo, von wo aus es entlang der K\u00fcste nach Lomba da Maia geht. Au\u00dferdem geht es an Tag drei der Reise hoch hinaus zum Pico da Barbosa im Zentrum der Insel, von wo aus man einen einzigartigen Blick \u00fcber die S\u00fcd- und Nordk\u00fcste sowie \u00fcber den Lagoa do Fogo, den Feuersee, genie\u00dft. Die Ausfl\u00fcge beinhalten unter anderem auch eine Uferumwanderung um den Furnas See. Wanderurlaub in Portugal auf den Azoren ist ein wahrgewordener Traum f\u00fcr alle Naturfans!<\/p>\n<p><img loading=\"lazy\" decoding=\"async\" class=\"aligncenter wp-image-10340 size-full\" src=\"https:\/\/blog.olimar.de\/wp-content\/uploads\/2019\/01\/PT-Azoren-SaoMiguel-FogoLake2016.jpg\" alt=\"Wandern in Portugal am Lago do Fogo auf den Azoren\" width=\"1000\" height=\"667\" srcset=\"https:\/\/blog.olimar.de\/wp-content\/uploads\/2019\/01\/PT-Azoren-SaoMiguel-FogoLake2016.jpg 1000w, https:\/\/blog.olimar.de\/wp-content\/uploads\/2019\/01\/PT-Azoren-SaoMiguel-FogoLake2016-300x200.jpg 300w, https:\/\/blog.olimar.de\/wp-content\/uploads\/2019\/01\/PT-Azoren-SaoMiguel-FogoLake2016-768x512.jpg 768w, https:\/\/blog.olimar.de\/wp-content\/uploads\/2019\/01\/PT-Azoren-SaoMiguel-FogoLake2016-840x560.jpg 840w\" sizes=\"auto, (max-width: 1000px) 100vw, 1000px\" \/><\/p>\n<h2 style=\"text-align: justify;\">3. Wandern auf dem franz\u00f6sischen Jakobsweg in Galicien, Spanien<\/h2>\n<p style=\"text-align: justify;\">Zu den Wanderklassikern z\u00e4hlt nat\u00fcrlich der Jakobsweg. Ein allgemeiner Irrglaube ist jedoch, dass es sich hier um nur einen Weg handelt. In der Tat gibt es verschiedene Routen, die nach Santiago de Compostela f\u00fchren. Zu den bekanntesten Strecken z\u00e4hlt der franz\u00f6sische Weg, der Camino Franc\u00e9s, auf dem auch schon Hape Kerkeling gewandert ist.<\/p>\n<p style=\"text-align: justify;\">F\u00fcr den kompletten Weg, der sich \u00fcber 700 Kilometer erstreckt, ben\u00f6tigt man rund f\u00fcnf Wochen. Wer da lieber nur die letzten 100 Kilometer laufen m\u00f6chte, f\u00fcr den bietet OLIMAR die passende 8-t\u00e4gige Reise <a href=\"https:\/\/rms.olimar.de\/code\/SCQX20\" rel=\"noopener\">\u201eWandern auf dem Jakobsweg &#8211; Camino Franc\u00e9s&#8221;<\/a>. Vorbei an Stationen wie Sarria, Palas de Rei, Melide und Arz\u00faa erreichen Sie die Pilgerhauptstadt, wo Sie Ihre Pilgerurkunde erhalten. Ein Gep\u00e4cktransport sowie die \u00dcbernachtung in einfachen, aber ordentlichen Unterk\u00fcnften direkt am Jakobsweg sind inklusive. Bei Bedarf kann die Reise noch um eine weitere Wanderung ans \u201eEnde der Welt\u201c, nach Finisterre, verl\u00e4ngert werden.<\/p>\n<div id=\"attachment_10341\" style=\"width: 1010px\" class=\"wp-caption aligncenter\"><img loading=\"lazy\" decoding=\"async\" aria-describedby=\"caption-attachment-10341\" class=\"wp-image-10341 size-full\" src=\"https:\/\/blog.olimar.de\/wp-content\/uploads\/2019\/01\/ES-Nordspanien-JakobswegWanderer-27937152-c-GerhardReus-Fotolia.jpg\" alt=\"Wandern in Portugal und S\u00fcdeuropa: in Galicien auf dem Jakobsweg\" width=\"1000\" height=\"1000\" srcset=\"https:\/\/blog.olimar.de\/wp-content\/uploads\/2019\/01\/ES-Nordspanien-JakobswegWanderer-27937152-c-GerhardReus-Fotolia.jpg 1000w, https:\/\/blog.olimar.de\/wp-content\/uploads\/2019\/01\/ES-Nordspanien-JakobswegWanderer-27937152-c-GerhardReus-Fotolia-150x150.jpg 150w, https:\/\/blog.olimar.de\/wp-content\/uploads\/2019\/01\/ES-Nordspanien-JakobswegWanderer-27937152-c-GerhardReus-Fotolia-300x300.jpg 300w, https:\/\/blog.olimar.de\/wp-content\/uploads\/2019\/01\/ES-Nordspanien-JakobswegWanderer-27937152-c-GerhardReus-Fotolia-768x768.jpg 768w, https:\/\/blog.olimar.de\/wp-content\/uploads\/2019\/01\/ES-Nordspanien-JakobswegWanderer-27937152-c-GerhardReus-Fotolia-120x120.jpg 120w\" sizes=\"auto, (max-width: 1000px) 100vw, 1000px\" \/><p id=\"caption-attachment-10341\" class=\"wp-caption-text\">Bild: \u00a9Fotolia<\/p><\/div>\n<h2 style=\"text-align: justify;\">4. Wandern auf dem Frankenweg in der Toskana<\/h2>\n<p style=\"text-align: justify;\">Der <a href=\"https:\/\/blog.olimar.de\/via-francigena\/\" rel=\"noopener\">Frankenweg<\/a> ist besonders f\u00fcr Reisende interessant, die auf den Spuren des Erzbischofs Siegerich von Canterbury wandern m\u00f6chten. Der Bischof pilgerte im Jahr 990 von Canterbury, das sich im S\u00fcden von England befindet, bis nach Rom.<\/p>\n<p style=\"text-align: justify;\">Mit dem Zug geht es zun\u00e4chst von Florenz oder Pisa nach San Miniato, von wo die Wanderung startet. Anschlie\u00dfend geht es w\u00e4hrend der 6-t\u00e4gigen Reise <a href=\"https:\/\/rms.olimar.de\/code\/psax10\" rel=\"noopener noreferrer\">\u201eZu Fu\u00df auf dem sch\u00f6nsten Abschnitt des Frankenwegs&#8221;<\/a>unter anderem durch die toskanischen Pinienw\u00e4lder nach Gambassi Terme, San Gimignano, Colle di Val d\u2019Elsa, Monteriggioni bis Sie schlussendlich Siena erreichen, wo der Zug die Wanderer wieder zur\u00fcck zum Ausgangspunkt bringt.<\/p>\n<p><img loading=\"lazy\" decoding=\"async\" class=\"aligncenter wp-image-10342 size-full\" src=\"https:\/\/blog.olimar.de\/wp-content\/uploads\/2019\/01\/IT-Toskana-ArtiminoHuegellandschaft.jpg\" alt=\"Wandern in Portugal und S\u00fcdeuropa: Toskana\" width=\"1000\" height=\"760\" srcset=\"https:\/\/blog.olimar.de\/wp-content\/uploads\/2019\/01\/IT-Toskana-ArtiminoHuegellandschaft.jpg 1000w, https:\/\/blog.olimar.de\/wp-content\/uploads\/2019\/01\/IT-Toskana-ArtiminoHuegellandschaft-300x228.jpg 300w, https:\/\/blog.olimar.de\/wp-content\/uploads\/2019\/01\/IT-Toskana-ArtiminoHuegellandschaft-768x584.jpg 768w\" sizes=\"auto, (max-width: 1000px) 100vw, 1000px\" \/><\/p>\n<p style=\"text-align: justify;\">Haben Sie Ihre Route f\u00fcr die n\u00e4chste Wandertour in Portugal oder S\u00fcdeuropa gefunden? Dann schn\u00fcren Sie Ihre Wanderschuhe und genie\u00dfen Sie die sch\u00f6ne Natur. Sie werden nicht nur auf eine atemberaubende Flora und Fauna treffen, sondern auch die Gelegenheit haben, das Land und die Leute abseits der Touristenhochburgen kennen und lieben zu lernen.<\/p>\n\n\n<div class=\"wp-block-buttons is-layout-flex wp-block-buttons-is-layout-flex\">\n<div class=\"wp-block-button\"><a class=\"wp-block-button__link wp-element-button\" href=\"https:\/\/www.olimar.de\/hotellistung\/\">Jetzt Urlaubsangebote finden und buchen<\/a><\/div>\n<\/div>\n\n\n\n<div style=\"height:50px\" aria-hidden=\"true\" class=\"wp-block-spacer\"><\/div>\n","protected":false},"excerpt":{"rendered":"<p>Wer von einer unvergesslichen Zeit in sch\u00f6nster Natur tr\u00e4umt, sollte einen Wanderurlaub in Portugal und S\u00fcdeuropa einmal ausprobieren. Auf einer der traumhaften Wanderrouten treffen Aktivurlaub und Genuss auf beste Art zusammen.<\/p>\n","protected":false},"author":69,"featured_media":10338,"comment_status":"open","ping_status":"open","sticky":false,"template":"","format":"standard","meta":{"_crdt_document":"","_lmt_disableupdate":"","_lmt_disable":"","footnotes":""},"categories":[29],"tags":[24,23,130,35,34,20,62,54],"class_list":["post-10333","post","type-post","status-publish","format-standard","has-post-thumbnail","hentry","category-aktiv-natur","tag-algarve","tag-azoren","tag-galicien","tag-italien","tag-portugal","tag-slider","tag-spanien","tag-toskana"],"yoast_head":"<!-- This site is optimized with the Yoast SEO plugin v26.9 - https:\/\/yoast.com\/product\/yoast-seo-wordpress\/ -->\n<title>Wanderurlaub in Portugal: Wandern in Portugal und S\u00fcdeuropa<\/title>\n<meta name=\"description\" content=\"Wanderurlaub in Portugal bzw. Wandern in S\u00fcdeuropa ist eine gro\u00dfartige Art, Urlaub in der Natur zu machen. Hier kommen die sch\u00f6nsten Routen!\" \/>\n<meta name=\"robots\" content=\"index, follow, max-snippet:-1, max-image-preview:large, max-video-preview:-1\" \/>\n<link rel=\"canonical\" href=\"https:\/\/blog.olimar.de\/wanderurlaub-in-portugal\/\" \/>\n<meta property=\"og:locale\" content=\"de_DE\" \/>\n<meta property=\"og:type\" content=\"article\" \/>\n<meta property=\"og:title\" content=\"Wanderurlaub in Portugal: Wandern in Portugal und S\u00fcdeuropa\" \/>\n<meta property=\"og:description\" content=\"Wanderurlaub in Portugal bzw. Wandern in S\u00fcdeuropa ist eine gro\u00dfartige Art, Urlaub in der Natur zu machen. Hier kommen die sch\u00f6nsten Routen!\" \/>\n<meta property=\"og:url\" content=\"https:\/\/blog.olimar.de\/wanderurlaub-in-portugal\/\" \/>\n<meta property=\"article:publisher\" content=\"https:\/\/www.facebook.com\/OlimarReisen\" \/>\n<meta property=\"article:published_time\" content=\"2022-07-27T09:42:00+00:00\" \/>\n<meta property=\"article:modified_time\" content=\"2024-11-18T16:00:15+00:00\" \/>\n<meta property=\"og:image\" content=\"https:\/\/blog.olimar.de\/wp-content\/uploads\/2019\/01\/PT-Azoren-Flores-HikingFajaGrande.jpg\" \/>\n\t<meta property=\"og:image:width\" content=\"1000\" \/>\n\t<meta property=\"og:image:height\" content=\"660\" \/>\n\t<meta property=\"og:image:type\" content=\"image\/jpeg\" \/>\n<meta name=\"author\" content=\"Juliane Meinke\" \/>\n<meta name=\"twitter:label1\" content=\"Verfasst von\" \/>\n\t<meta name=\"twitter:data1\" content=\"Juliane Meinke\" \/>\n\t<meta name=\"twitter:label2\" content=\"Gesch\u00e4tzte Lesezeit\" \/>\n\t<meta name=\"twitter:data2\" content=\"5\u00a0Minuten\" \/>\n<script type=\"application\/ld+json\" class=\"yoast-schema-graph\">{\"@context\":\"https:\/\/schema.org\",\"@graph\":[{\"@type\":\"WebPage\",\"@id\":\"https:\/\/blog.olimar.de\/wanderurlaub-in-portugal\/\",\"url\":\"https:\/\/blog.olimar.de\/wanderurlaub-in-portugal\/\",\"name\":\"Wanderurlaub in Portugal: Wandern in Portugal und S\u00fcdeuropa\",\"isPartOf\":{\"@id\":\"https:\/\/blog.olimar.de\/#website\"},\"primaryImageOfPage\":{\"@id\":\"https:\/\/blog.olimar.de\/wanderurlaub-in-portugal\/#primaryimage\"},\"image\":{\"@id\":\"https:\/\/blog.olimar.de\/wanderurlaub-in-portugal\/#primaryimage\"},\"thumbnailUrl\":\"https:\/\/blog.olimar.de\/wp-content\/uploads\/2019\/01\/PT-Azoren-Flores-HikingFajaGrande.jpg\",\"datePublished\":\"2022-07-27T09:42:00+00:00\",\"dateModified\":\"2024-11-18T16:00:15+00:00\",\"description\":\"Wanderurlaub in Portugal bzw. Wandern in S\u00fcdeuropa ist eine gro\u00dfartige Art, Urlaub in der Natur zu machen. Hier kommen die sch\u00f6nsten Routen!\",\"breadcrumb\":{\"@id\":\"https:\/\/blog.olimar.de\/wanderurlaub-in-portugal\/#breadcrumb\"},\"inLanguage\":\"de\",\"potentialAction\":[{\"@type\":\"ReadAction\",\"target\":[\"https:\/\/blog.olimar.de\/wanderurlaub-in-portugal\/\"]}]},{\"@type\":\"ImageObject\",\"inLanguage\":\"de\",\"@id\":\"https:\/\/blog.olimar.de\/wanderurlaub-in-portugal\/#primaryimage\",\"url\":\"https:\/\/blog.olimar.de\/wp-content\/uploads\/2019\/01\/PT-Azoren-Flores-HikingFajaGrande.jpg\",\"contentUrl\":\"https:\/\/blog.olimar.de\/wp-content\/uploads\/2019\/01\/PT-Azoren-Flores-HikingFajaGrande.jpg\",\"width\":1000,\"height\":660,\"caption\":\"Wandern auf den Azoren\"},{\"@type\":\"BreadcrumbList\",\"@id\":\"https:\/\/blog.olimar.de\/wanderurlaub-in-portugal\/#breadcrumb\",\"itemListElement\":[{\"@type\":\"ListItem\",\"position\":1,\"name\":\"Home\",\"item\":\"https:\/\/blog.olimar.de\/\"},{\"@type\":\"ListItem\",\"position\":2,\"name\":\"Algarve\",\"item\":\"https:\/\/blog.olimar.de\/tag\/algarve\/\"},{\"@type\":\"ListItem\",\"position\":3,\"name\":\"Wanderurlaub in Portugal &#038; S\u00fcdeuropa: Die 4 sch\u00f6nsten Wanderrouten &#038; Wandertouren\"}]},{\"@type\":\"WebSite\",\"@id\":\"https:\/\/blog.olimar.de\/#website\",\"url\":\"https:\/\/blog.olimar.de\/\",\"name\":\"OLIMAR.com\",\"description\":\"\",\"publisher\":{\"@id\":\"https:\/\/blog.olimar.de\/#organization\"},\"potentialAction\":[{\"@type\":\"SearchAction\",\"target\":{\"@type\":\"EntryPoint\",\"urlTemplate\":\"https:\/\/blog.olimar.de\/?s={search_term_string}\"},\"query-input\":{\"@type\":\"PropertyValueSpecification\",\"valueRequired\":true,\"valueName\":\"search_term_string\"}}],\"inLanguage\":\"de\"},{\"@type\":\"Organization\",\"@id\":\"https:\/\/blog.olimar.de\/#organization\",\"name\":\"OLIMAR Reisen\",\"url\":\"https:\/\/blog.olimar.de\/\",\"logo\":{\"@type\":\"ImageObject\",\"inLanguage\":\"de\",\"@id\":\"https:\/\/blog.olimar.de\/#\/schema\/logo\/image\/\",\"url\":\"https:\/\/blog.olimar.de\/wp-content\/uploads\/2021\/01\/OLIMAR_Logo_COLOR.png\",\"contentUrl\":\"https:\/\/blog.olimar.de\/wp-content\/uploads\/2021\/01\/OLIMAR_Logo_COLOR.png\",\"width\":2000,\"height\":986,\"caption\":\"OLIMAR Reisen\"},\"image\":{\"@id\":\"https:\/\/blog.olimar.de\/#\/schema\/logo\/image\/\"},\"sameAs\":[\"https:\/\/www.facebook.com\/OlimarReisen\",\"https:\/\/x.com\/olimarrreisen\",\"https:\/\/www.instagram.com\/olimarreisen\",\"https:\/\/www.youtube.com\/user\/olimarreisen\"]}]}<\/script>\n<!-- \/ Yoast SEO plugin. -->","yoast_head_json":{"title":"Wanderurlaub in Portugal: Wandern in Portugal und S\u00fcdeuropa","description":"Wanderurlaub in Portugal bzw. Wandern in S\u00fcdeuropa ist eine gro\u00dfartige Art, Urlaub in der Natur zu machen. Hier kommen die sch\u00f6nsten Routen!","robots":{"index":"index","follow":"follow","max-snippet":"max-snippet:-1","max-image-preview":"max-image-preview:large","max-video-preview":"max-video-preview:-1"},"canonical":"https:\/\/blog.olimar.de\/wanderurlaub-in-portugal\/","og_locale":"de_DE","og_type":"article","og_title":"Wanderurlaub in Portugal: Wandern in Portugal und S\u00fcdeuropa","og_description":"Wanderurlaub in Portugal bzw. Wandern in S\u00fcdeuropa ist eine gro\u00dfartige Art, Urlaub in der Natur zu machen. Hier kommen die sch\u00f6nsten Routen!","og_url":"https:\/\/blog.olimar.de\/wanderurlaub-in-portugal\/","article_publisher":"https:\/\/www.facebook.com\/OlimarReisen","article_published_time":"2022-07-27T09:42:00+00:00","article_modified_time":"2024-11-18T16:00:15+00:00","og_image":[{"width":1000,"height":660,"url":"https:\/\/blog.olimar.de\/wp-content\/uploads\/2019\/01\/PT-Azoren-Flores-HikingFajaGrande.jpg","type":"image\/jpeg"}],"author":"Juliane Meinke","twitter_misc":{"Verfasst von":"Juliane Meinke","Gesch\u00e4tzte Lesezeit":"5\u00a0Minuten"},"schema":{"@context":"https:\/\/schema.org","@graph":[{"@type":"WebPage","@id":"https:\/\/blog.olimar.de\/wanderurlaub-in-portugal\/","url":"https:\/\/blog.olimar.de\/wanderurlaub-in-portugal\/","name":"Wanderurlaub in Portugal: Wandern in Portugal und S\u00fcdeuropa","isPartOf":{"@id":"https:\/\/blog.olimar.de\/#website"},"primaryImageOfPage":{"@id":"https:\/\/blog.olimar.de\/wanderurlaub-in-portugal\/#primaryimage"},"image":{"@id":"https:\/\/blog.olimar.de\/wanderurlaub-in-portugal\/#primaryimage"},"thumbnailUrl":"https:\/\/blog.olimar.de\/wp-content\/uploads\/2019\/01\/PT-Azoren-Flores-HikingFajaGrande.jpg","datePublished":"2022-07-27T09:42:00+00:00","dateModified":"2024-11-18T16:00:15+00:00","description":"Wanderurlaub in Portugal bzw. Wandern in S\u00fcdeuropa ist eine gro\u00dfartige Art, Urlaub in der Natur zu machen. Hier kommen die sch\u00f6nsten Routen!","breadcrumb":{"@id":"https:\/\/blog.olimar.de\/wanderurlaub-in-portugal\/#breadcrumb"},"inLanguage":"de","potentialAction":[{"@type":"ReadAction","target":["https:\/\/blog.olimar.de\/wanderurlaub-in-portugal\/"]}]},{"@type":"ImageObject","inLanguage":"de","@id":"https:\/\/blog.olimar.de\/wanderurlaub-in-portugal\/#primaryimage","url":"https:\/\/blog.olimar.de\/wp-content\/uploads\/2019\/01\/PT-Azoren-Flores-HikingFajaGrande.jpg","contentUrl":"https:\/\/blog.olimar.de\/wp-content\/uploads\/2019\/01\/PT-Azoren-Flores-HikingFajaGrande.jpg","width":1000,"height":660,"caption":"Wandern auf den Azoren"},{"@type":"BreadcrumbList","@id":"https:\/\/blog.olimar.de\/wanderurlaub-in-portugal\/#breadcrumb","itemListElement":[{"@type":"ListItem","position":1,"name":"Home","item":"https:\/\/blog.olimar.de\/"},{"@type":"ListItem","position":2,"name":"Algarve","item":"https:\/\/blog.olimar.de\/tag\/algarve\/"},{"@type":"ListItem","position":3,"name":"Wanderurlaub in Portugal &#038; S\u00fcdeuropa: Die 4 sch\u00f6nsten Wanderrouten &#038; Wandertouren"}]},{"@type":"WebSite","@id":"https:\/\/blog.olimar.de\/#website","url":"https:\/\/blog.olimar.de\/","name":"OLIMAR.com","description":"","publisher":{"@id":"https:\/\/blog.olimar.de\/#organization"},"potentialAction":[{"@type":"SearchAction","target":{"@type":"EntryPoint","urlTemplate":"https:\/\/blog.olimar.de\/?s={search_term_string}"},"query-input":{"@type":"PropertyValueSpecification","valueRequired":true,"valueName":"search_term_string"}}],"inLanguage":"de"},{"@type":"Organization","@id":"https:\/\/blog.olimar.de\/#organization","name":"OLIMAR Reisen","url":"https:\/\/blog.olimar.de\/","logo":{"@type":"ImageObject","inLanguage":"de","@id":"https:\/\/blog.olimar.de\/#\/schema\/logo\/image\/","url":"https:\/\/blog.olimar.de\/wp-content\/uploads\/2021\/01\/OLIMAR_Logo_COLOR.png","contentUrl":"https:\/\/blog.olimar.de\/wp-content\/uploads\/2021\/01\/OLIMAR_Logo_COLOR.png","width":2000,"height":986,"caption":"OLIMAR Reisen"},"image":{"@id":"https:\/\/blog.olimar.de\/#\/schema\/logo\/image\/"},"sameAs":["https:\/\/www.facebook.com\/OlimarReisen","https:\/\/x.com\/olimarrreisen","https:\/\/www.instagram.com\/olimarreisen","https:\/\/www.youtube.com\/user\/olimarreisen"]}]}},"modified_by":"Wiebke Fix","jetpack_featured_media_url":"https:\/\/blog.olimar.de\/wp-content\/uploads\/2019\/01\/PT-Azoren-Flores-HikingFajaGrande.jpg","_links":{"self":[{"href":"https:\/\/blog.olimar.de\/wp-json\/wp\/v2\/posts\/10333","targetHints":{"allow":["GET"]}}],"collection":[{"href":"https:\/\/blog.olimar.de\/wp-json\/wp\/v2\/posts"}],"about":[{"href":"https:\/\/blog.olimar.de\/wp-json\/wp\/v2\/types\/post"}],"author":[{"embeddable":true,"href":"https:\/\/blog.olimar.de\/wp-json\/wp\/v2\/users\/69"}],"replies":[{"embeddable":true,"href":"https:\/\/blog.olimar.de\/wp-json\/wp\/v2\/comments?post=10333"}],"version-history":[{"count":46,"href":"https:\/\/blog.olimar.de\/wp-json\/wp\/v2\/posts\/10333\/revisions"}],"predecessor-version":[{"id":28186,"href":"https:\/\/blog.olimar.de\/wp-json\/wp\/v2\/posts\/10333\/revisions\/28186"}],"wp:featuredmedia":[{"embeddable":true,"href":"https:\/\/blog.olimar.de\/wp-json\/wp\/v2\/media\/10338"}],"wp:attachment":[{"href":"https:\/\/blog.olimar.de\/wp-json\/wp\/v2\/media?parent=10333"}],"wp:term":[{"taxonomy":"category","embeddable":true,"href":"https:\/\/blog.olimar.de\/wp-json\/wp\/v2\/categories?post=10333"},{"taxonomy":"post_tag","embeddable":true,"href":"https:\/\/blog.olimar.de\/wp-json\/wp\/v2\/tags?post=10333"}],"curies":[{"name":"wp","href":"https:\/\/api.w.org\/{rel}","templated":true}]}}