{"id":10371,"date":"2019-02-01T13:34:54","date_gmt":"2019-02-01T11:34:54","guid":{"rendered":"https:\/\/blog.olimar.de\/?p=10371"},"modified":"2022-12-14T21:53:27","modified_gmt":"2022-12-14T20:53:27","slug":"matera","status":"publish","type":"post","link":"https:\/\/blog.olimar.de\/matera\/","title":{"rendered":"Matera, Italiens Schatzkiste aus Stein"},"content":{"rendered":"\n<p><strong>Italiens S\u00fcden hat einen Schatz zu bieten, der vielen bis heute unbekannt ist: Matera. Eine der \u00e4ltesten St\u00e4dte der Welt mit einem weltweit einzigartigen Verbund an H\u00f6hlensiedlungen, den Sassi di Matera. Eine Stadt, wie es sie kaum ein zweites Mal auf der Welt gibt. Wer Matera einmal besucht hat, der wird immer wieder kommen wollen.<\/strong><\/p>\n\n\n\n<div class=\"wp-block-buttons is-layout-flex wp-block-buttons-is-layout-flex\">\n<div class=\"wp-block-button\"><a class=\"wp-block-button__link wp-element-button\" href=\"https:\/\/www.olimar.de\/italien\/kampanien\/\">Basilikata Reiseangebote und Hoteltipps entdecken<\/a><\/div>\n<\/div>\n\n\n\n<div style=\"height:25px\" aria-hidden=\"true\" class=\"wp-block-spacer\"><\/div>\n\n\n<h3 style=\"text-align: justify;\"><strong>Die Stadt der Steine<\/strong><\/h3>\n<p style=\"text-align: justify;\">Matera liegt tief im S\u00fcden in der <a href=\"https:\/\/www.olimar.de\/italien\/kampanien\/\" rel=\"noopener noreferrer\">Basilikata<\/a>, Italiens oft untersch\u00e4tzter und vielfach unbekannter Region, die v\u00f6llig zu Unrecht im Schatten ihrer bekannteren Nachbarn Apulien und <a href=\"https:\/\/www.olimar.de\/italien\/sueditalien\/kalabrien-basilikata\/\" rel=\"noopener noreferrer\">Kalabrien<\/a> steht. Das d\u00fcrfte sich jedoch nun \u00e4ndern: 2019 ist Matera Kulturhauptstadt Europas und bietet neben ihrer nat\u00fcrlichen Sch\u00f6nheit ein prall gef\u00fclltes Kultur- und Begleitprogramm, das es sich anzuschauen lohnt. Die im Osten der Basilikata gelegene Stadt erreichen Sie am besten \u00fcber Bari, ein Besuch l\u00e4sst sich so vortrefflich zum Beispiel mit einem <a href=\"https:\/\/www.olimar.de\/italien\/apulien\/\" rel=\"noopener noreferrer\">Urlaub in Apulien<\/a> verbinden.<\/p>\n<h3 style=\"text-align: justify;\"><strong>Von der Schande Italiens zum Kulturgut der Menschheit<\/strong><\/h3>\n<p style=\"text-align: justify;\">Seit 1993 geh\u00f6rt Matera zum Weltkulturerbe der UNESCO und bietet einen unvergleichlichen Einblick in die Siedlungsgeschichte der Menschheit: Die H\u00f6hlenwohnungen von Matera gibt es so kein zweites Mal auf der Welt. Die Stadt liegt an den Bergh\u00e4ngen im Hochland der Murgia und seit Jahrtausenden machten sich die Menschen die geographischen Gegebenheiten zunutze. Das vergleichsweise weiche Tuffgestein vulkanischen Ursprungs l\u00e4sst sich gut bearbeiten und besitzt durch die Porosit\u00e4t eine gute W\u00e4rmed\u00e4mmung. Anfangs nutzten die Menschen nat\u00fcrliche H\u00f6hlen und Grotten als Unterkunft, ehe man komplette Wohnungen in den Berg grub. Neben- und \u00fcbereinander entstand so im Laufe der Jahrtausende eine komplette Stadt in den Felsen mit verschachtelten Wohnungen, Felsenkirchen, kleinen Pl\u00e4tzen und engen Gassen, die zum Teil \u00fcber die D\u00e4cher f\u00fchren.<\/p>\n<p><img loading=\"lazy\" decoding=\"async\" class=\"aligncenter size-large wp-image-10378\" src=\"https:\/\/blog.olimar.de\/wp-content\/uploads\/2019\/01\/matera-caves-583171_1920-1024x767.jpg\" alt=\"H\u00f6hle mit Blick auf Matera\" width=\"840\" height=\"629\" srcset=\"https:\/\/blog.olimar.de\/wp-content\/uploads\/2019\/01\/matera-caves-583171_1920-1024x767.jpg 1024w, https:\/\/blog.olimar.de\/wp-content\/uploads\/2019\/01\/matera-caves-583171_1920-300x225.jpg 300w, https:\/\/blog.olimar.de\/wp-content\/uploads\/2019\/01\/matera-caves-583171_1920-768x576.jpg 768w, https:\/\/blog.olimar.de\/wp-content\/uploads\/2019\/01\/matera-caves-583171_1920.jpg 1920w\" sizes=\"auto, (max-width: 840px) 100vw, 840px\" \/><\/p>\n<p><img loading=\"lazy\" decoding=\"async\" class=\"aligncenter size-large wp-image-10380\" src=\"https:\/\/blog.olimar.de\/wp-content\/uploads\/2019\/01\/italy-1215448_1920-1024x678.jpg\" alt=\"Ausblick Matera\" width=\"840\" height=\"556\" srcset=\"https:\/\/blog.olimar.de\/wp-content\/uploads\/2019\/01\/italy-1215448_1920-1024x678.jpg 1024w, https:\/\/blog.olimar.de\/wp-content\/uploads\/2019\/01\/italy-1215448_1920-300x199.jpg 300w, https:\/\/blog.olimar.de\/wp-content\/uploads\/2019\/01\/italy-1215448_1920-768x508.jpg 768w, https:\/\/blog.olimar.de\/wp-content\/uploads\/2019\/01\/italy-1215448_1920.jpg 1920w\" sizes=\"auto, (max-width: 840px) 100vw, 840px\" \/><\/p>\n<p style=\"text-align: justify;\">Rund 3000 H\u00f6hlenwohnungen hat man in den Sassi gez\u00e4hlt sowie \u00fcber 160 Kirchen und Kapellen, oftmals reich verziert mit farbenfrohen Fresken. Bis heute k\u00f6nnen Sie das ausgefeilte Bew\u00e4sserungssystem sehen, das bereits in der Bronzezeit entstand. Bis in die 1950er Jahre hinein wurden die H\u00f6hlen in Matera bewohnt. Und was damals ein nationaler Schandfleck und Symbol f\u00fcr die \u00c4rmsten der Armen war, ist heute ein Kulturschatz von unermesslichem Wert. Die zahllosen Treppen, verwinkelten Ecken und steilen Gassen gleichen einem Irrgarten und die gesamte Stadt wirkt wie ein einziges Freilichtmuseum. Dennoch ist die Stadt nicht museal, ganz im Gegenteil, hier pulsiert das Leben und Sie genie\u00dfen das authentische s\u00fcditalienische Dolce Vita und die herzliche Gastfreundschaft ihrer Bewohner.<\/p>\n<h3 style=\"text-align: justify;\"><strong>Historisches Erbe und s\u00fcdl\u00e4ndische Lebensfreude<\/strong><\/h3>\n<p style=\"text-align: justify;\">Matera bedeutet jedoch nicht nur Sassi. Ein Rundgang durch die Stadt f\u00fchrt Sie durch die verschiedensten Epochen und Baustile, vom r\u00f6mischen Dom \u00fcber den mittelalterlichen Stadtkern bis zu den eleganten Prachtbauten der Neustadt Citt\u00e0 Nuova. Verzichten Sie nicht auf bequemes Schuhwerk, es gilt ungez\u00e4hlte Treppen und steile Gassen zu \u00fcberwinden.<\/p>\n<p><img loading=\"lazy\" decoding=\"async\" class=\"aligncenter size-large wp-image-10379\" src=\"https:\/\/blog.olimar.de\/wp-content\/uploads\/2019\/01\/matera-2660896_1920-1024x683.jpg\" alt=\"Enge Gassen in Matera\" width=\"840\" height=\"560\" srcset=\"https:\/\/blog.olimar.de\/wp-content\/uploads\/2019\/01\/matera-2660896_1920-1024x683.jpg 1024w, https:\/\/blog.olimar.de\/wp-content\/uploads\/2019\/01\/matera-2660896_1920-300x200.jpg 300w, https:\/\/blog.olimar.de\/wp-content\/uploads\/2019\/01\/matera-2660896_1920-768x512.jpg 768w, https:\/\/blog.olimar.de\/wp-content\/uploads\/2019\/01\/matera-2660896_1920-840x560.jpg 840w, https:\/\/blog.olimar.de\/wp-content\/uploads\/2019\/01\/matera-2660896_1920-1200x800.jpg 1200w, https:\/\/blog.olimar.de\/wp-content\/uploads\/2019\/01\/matera-2660896_1920.jpg 1920w\" sizes=\"auto, (max-width: 840px) 100vw, 840px\" \/><\/p>\n<p style=\"text-align: justify;\"><img loading=\"lazy\" decoding=\"async\" class=\"aligncenter size-large wp-image-10382\" src=\"https:\/\/blog.olimar.de\/wp-content\/uploads\/2019\/01\/matera-1487283_1920-1024x683.jpg\" alt=\"Matera Detail\" width=\"840\" height=\"560\" srcset=\"https:\/\/blog.olimar.de\/wp-content\/uploads\/2019\/01\/matera-1487283_1920-1024x683.jpg 1024w, https:\/\/blog.olimar.de\/wp-content\/uploads\/2019\/01\/matera-1487283_1920-300x200.jpg 300w, https:\/\/blog.olimar.de\/wp-content\/uploads\/2019\/01\/matera-1487283_1920-768x512.jpg 768w, https:\/\/blog.olimar.de\/wp-content\/uploads\/2019\/01\/matera-1487283_1920-840x560.jpg 840w, https:\/\/blog.olimar.de\/wp-content\/uploads\/2019\/01\/matera-1487283_1920-1200x800.jpg 1200w, https:\/\/blog.olimar.de\/wp-content\/uploads\/2019\/01\/matera-1487283_1920.jpg 1920w\" sizes=\"auto, (max-width: 840px) 100vw, 840px\" \/><\/p>\n<p style=\"text-align: justify;\">Daf\u00fcr locken viele malerische Pl\u00e4tze f\u00fcr eine Pause zwischendurch, die elegante Einkaufsstra\u00dfe Via del Corso oder ein Gelato in einmaliger Atmosph\u00e4re in einer der umgebauten H\u00f6hlenwohnungen. Matera und seine wundersch\u00f6ne Umgebung mit den tiefen Schluchten diente schon oft als Filmkulisse, unter anderem drehte Mel Gibson seine \u201ePassion Christi\u201c hier.<br \/>F\u00fcr sein Jahr als Kulturhauptstadt hat sich Matera noch einmal herausgeputzt, zahlreiche Sassi wurden aufw\u00e4ndig restauriert und in ihnen findet man heute originelle Hotels, Restaurants, Bars oder private Museen. Und ein abwechslungsreicher Veranstaltungskalender mit zahlreichen Events, Konzerten und Ausstellungen kr\u00f6nt einen Besuch in diesem Jahr. Es w\u00e4re daher viel zu schade, den Schatz im Mezzogiorno nur in einer Stippvisite abzuhaken, nehmen Sie sich Zeit f\u00fcr dieses Gesamtkunstwerk. Und verzichten Sie keinesfalls darauf, Matera am Abend zu besuchen \u2013 wenn die Sonne versinkt, bietet die in den Lichterglanz getauchte Stadt eine unvergesslich sch\u00f6ne Kulisse\u2026<\/p>\n<p>Es lohnt sich zudem auch die Region zu bereisen um die Lukanischen Dolomiten, Maratea und den Nationalpark Pollino zu erkunden.<\/p>\n<p>Weitere Informationen \u00fcber Basilikata und das Reiseland Italien finden Sie unter <a href=\"http:\/\/www.enit.de\" rel=\"noopener noreferrer\">www.enit.de<\/a>\u00a0und <a href=\"http:\/\/www.italia.it\" rel=\"noopener noreferrer\">www.italia.it<\/a><\/p>\n<p><img loading=\"lazy\" decoding=\"async\" class=\"aligncenter wp-image-10395 size-thumbnail\" src=\"https:\/\/blog.olimar.de\/wp-content\/uploads\/2019\/02\/Logo-blauerHintergrund-150x150.jpg\" alt=\"Italia Logo\" width=\"150\" height=\"150\" srcset=\"https:\/\/blog.olimar.de\/wp-content\/uploads\/2019\/02\/Logo-blauerHintergrund-150x150.jpg 150w, https:\/\/blog.olimar.de\/wp-content\/uploads\/2019\/02\/Logo-blauerHintergrund-300x300.jpg 300w, https:\/\/blog.olimar.de\/wp-content\/uploads\/2019\/02\/Logo-blauerHintergrund-120x120.jpg 120w, https:\/\/blog.olimar.de\/wp-content\/uploads\/2019\/02\/Logo-blauerHintergrund.jpg 400w\" sizes=\"auto, (max-width: 150px) 100vw, 150px\" \/><\/p>\n<h3><strong>OLIMAR Hoteltipp f\u00fcr Matera\u00a0<\/strong><\/h3>\n<p>Ein ganz besonderes \u00dcbernachtungserlebnis im historischen Stadtkern von Matera bietet das in einen Felsen gebaute Altstadt-Hotel <a href=\"https:\/\/rms.olimar.de\/code\/BRI301\" rel=\"noopener noreferrer\">Locanda di San Martino<\/a>. Viele der Zimmer sind aus dem rohen Stein geschaffene \u201eH\u00f6hlenwohnungen\u201c in Sassi-Tradition, die komfortabel ausgebaut und geschmackvoll ausgestattet wurden.<\/p>\n<div id='gallery-1' class='gallery galleryid-10371 gallery-columns-3 gallery-size-medium'><dl class='gallery-item'>\n\t\t\t<dt class='gallery-icon landscape'>\n\t\t\t\t<img loading=\"lazy\" decoding=\"async\" width=\"300\" height=\"200\" src=\"https:\/\/blog.olimar.de\/wp-content\/uploads\/2019\/01\/BRI301-z-JuniorSuiteDependance2018A-300x200.jpg\" class=\"attachment-medium size-medium\" alt=\"Zimmerbeispiel Locanda di San Martino\" srcset=\"https:\/\/blog.olimar.de\/wp-content\/uploads\/2019\/01\/BRI301-z-JuniorSuiteDependance2018A-300x200.jpg 300w, https:\/\/blog.olimar.de\/wp-content\/uploads\/2019\/01\/BRI301-z-JuniorSuiteDependance2018A-768x512.jpg 768w, https:\/\/blog.olimar.de\/wp-content\/uploads\/2019\/01\/BRI301-z-JuniorSuiteDependance2018A-1024x683.jpg 1024w, https:\/\/blog.olimar.de\/wp-content\/uploads\/2019\/01\/BRI301-z-JuniorSuiteDependance2018A-840x560.jpg 840w, https:\/\/blog.olimar.de\/wp-content\/uploads\/2019\/01\/BRI301-z-JuniorSuiteDependance2018A-1200x800.jpg 1200w, https:\/\/blog.olimar.de\/wp-content\/uploads\/2019\/01\/BRI301-z-JuniorSuiteDependance2018A.jpg 1620w\" sizes=\"auto, (max-width: 300px) 100vw, 300px\" \/>\n\t\t\t<\/dt><\/dl><dl class='gallery-item'>\n\t\t\t<dt class='gallery-icon landscape'>\n\t\t\t\t<img loading=\"lazy\" decoding=\"async\" width=\"300\" height=\"200\" src=\"https:\/\/blog.olimar.de\/wp-content\/uploads\/2019\/01\/BRI301-g-TerraceB2018-300x200.jpg\" class=\"attachment-medium size-medium\" alt=\"Ausblick Locanda di San Martino\" srcset=\"https:\/\/blog.olimar.de\/wp-content\/uploads\/2019\/01\/BRI301-g-TerraceB2018-300x200.jpg 300w, https:\/\/blog.olimar.de\/wp-content\/uploads\/2019\/01\/BRI301-g-TerraceB2018-768x512.jpg 768w, https:\/\/blog.olimar.de\/wp-content\/uploads\/2019\/01\/BRI301-g-TerraceB2018-1024x683.jpg 1024w, https:\/\/blog.olimar.de\/wp-content\/uploads\/2019\/01\/BRI301-g-TerraceB2018-840x560.jpg 840w, https:\/\/blog.olimar.de\/wp-content\/uploads\/2019\/01\/BRI301-g-TerraceB2018-1200x800.jpg 1200w, https:\/\/blog.olimar.de\/wp-content\/uploads\/2019\/01\/BRI301-g-TerraceB2018.jpg 1620w\" sizes=\"auto, (max-width: 300px) 100vw, 300px\" \/>\n\t\t\t<\/dt><\/dl><dl class='gallery-item'>\n\t\t\t<dt class='gallery-icon landscape'>\n\t\t\t\t<img loading=\"lazy\" decoding=\"async\" width=\"300\" height=\"201\" src=\"https:\/\/blog.olimar.de\/wp-content\/uploads\/2019\/01\/BRI301-g-OutdoorA2018-300x201.jpg\" class=\"attachment-medium size-medium\" alt=\"Au\u00dfenansicht Locanda di San Martino\" srcset=\"https:\/\/blog.olimar.de\/wp-content\/uploads\/2019\/01\/BRI301-g-OutdoorA2018-300x201.jpg 300w, https:\/\/blog.olimar.de\/wp-content\/uploads\/2019\/01\/BRI301-g-OutdoorA2018-768x514.jpg 768w, https:\/\/blog.olimar.de\/wp-content\/uploads\/2019\/01\/BRI301-g-OutdoorA2018-1024x685.jpg 1024w, https:\/\/blog.olimar.de\/wp-content\/uploads\/2019\/01\/BRI301-g-OutdoorA2018-840x560.jpg 840w, https:\/\/blog.olimar.de\/wp-content\/uploads\/2019\/01\/BRI301-g-OutdoorA2018-1200x800.jpg 1200w, https:\/\/blog.olimar.de\/wp-content\/uploads\/2019\/01\/BRI301-g-OutdoorA2018.jpg 1614w\" sizes=\"auto, (max-width: 300px) 100vw, 300px\" \/>\n\t\t\t<\/dt><\/dl><br style=\"clear: both\" \/>\n\t\t<\/div>\n\n<p style=\"text-align: justify;\">\u00a0<\/p>\n\n\n<div class=\"wp-block-buttons is-layout-flex wp-block-buttons-is-layout-flex\">\n<div class=\"wp-block-button\"><a class=\"wp-block-button__link wp-element-button\" href=\"https:\/\/olimar.de\/hotellistung\/\">Jetzt Urlaubsangebote finden und buchen<\/a><\/div>\n<\/div>\n\n\n\n<div style=\"height:100px\" aria-hidden=\"true\" class=\"wp-block-spacer\"><\/div>\n","protected":false},"excerpt":{"rendered":"<p>Italiens S\u00fcden hat einen Schatz zu bieten, der vielen bis heute unbekannt ist: Matera. Eine der \u00e4ltesten St\u00e4dte der Welt mit einem weltweit einzigartigen Verbund an H\u00f6hlensiedlungen, den Sassi di Matera. Eine Stadt, wie es sie kaum ein zweites Mal auf der Welt gibt. Wer Matera einmal besucht hat, der wird immer wieder kommen wollen. Die Stadt der Steine Matera liegt tief im S\u00fcden in der Basilikata, Italiens oft untersch\u00e4tzter und vielfach unbekannter Region, die v\u00f6llig zu Unrecht im Schatten ihrer bekannteren Nachbarn Apulien und Kalabrien steht. Das d\u00fcrfte sich jedoch nun \u00e4ndern: 2019 ist Matera Kulturhauptstadt Europas und bietet neben &hellip;<\/p>\n","protected":false},"author":9,"featured_media":10377,"comment_status":"open","ping_status":"open","sticky":false,"template":"","format":"standard","meta":{"_crdt_document":"","_lmt_disableupdate":"","_lmt_disable":"","footnotes":""},"categories":[28,31],"tags":[160,35],"class_list":["post-10371","post","type-post","status-publish","format-standard","has-post-thumbnail","hentry","category-kunst-kultur","category-land-leute","tag-basilikata","tag-italien"],"yoast_head":"<!-- This site is optimized with the Yoast SEO plugin v26.9 - https:\/\/yoast.com\/product\/yoast-seo-wordpress\/ -->\n<title>Matera, Italiens Schatzkiste aus Stein -<\/title>\n<meta name=\"description\" content=\"Ein Ausflug nach Matera z\u00e4hlt zu den Highlights im Italien-Urlaub! Die Stadt aus Stein ist faszinierend anders - wir nehmen Sie mit auf einen Spaziergang.\" \/>\n<meta name=\"robots\" content=\"index, follow, max-snippet:-1, max-image-preview:large, max-video-preview:-1\" \/>\n<link rel=\"canonical\" href=\"https:\/\/blog.olimar.de\/matera\/\" \/>\n<meta property=\"og:locale\" content=\"de_DE\" \/>\n<meta property=\"og:type\" content=\"article\" \/>\n<meta property=\"og:title\" content=\"Matera, Italiens Schatzkiste aus Stein -\" \/>\n<meta property=\"og:description\" content=\"Ein Ausflug nach Matera z\u00e4hlt zu den Highlights im Italien-Urlaub! Die Stadt aus Stein ist faszinierend anders - wir nehmen Sie mit auf einen Spaziergang.\" \/>\n<meta property=\"og:url\" content=\"https:\/\/blog.olimar.de\/matera\/\" \/>\n<meta property=\"article:publisher\" content=\"https:\/\/www.facebook.com\/OlimarReisen\" \/>\n<meta property=\"article:published_time\" content=\"2019-02-01T11:34:54+00:00\" \/>\n<meta property=\"article:modified_time\" content=\"2022-12-14T20:53:27+00:00\" \/>\n<meta property=\"og:image\" content=\"https:\/\/blog.olimar.de\/wp-content\/uploads\/2019\/01\/of-matera-sassi-1200459_1920-e1562249573181.jpg\" \/>\n\t<meta property=\"og:image:width\" content=\"800\" \/>\n\t<meta property=\"og:image:height\" content=\"531\" \/>\n\t<meta property=\"og:image:type\" content=\"image\/jpeg\" \/>\n<meta name=\"author\" content=\"OLIMAR Redaktionsteam\" \/>\n<meta name=\"twitter:label1\" content=\"Verfasst von\" \/>\n\t<meta name=\"twitter:data1\" content=\"OLIMAR Redaktionsteam\" \/>\n\t<meta name=\"twitter:label2\" content=\"Gesch\u00e4tzte Lesezeit\" \/>\n\t<meta name=\"twitter:data2\" content=\"5\u00a0Minuten\" \/>\n<script type=\"application\/ld+json\" class=\"yoast-schema-graph\">{\"@context\":\"https:\/\/schema.org\",\"@graph\":[{\"@type\":\"WebPage\",\"@id\":\"https:\/\/blog.olimar.de\/matera\/\",\"url\":\"https:\/\/blog.olimar.de\/matera\/\",\"name\":\"Matera, Italiens Schatzkiste aus Stein -\",\"isPartOf\":{\"@id\":\"https:\/\/blog.olimar.de\/#website\"},\"primaryImageOfPage\":{\"@id\":\"https:\/\/blog.olimar.de\/matera\/#primaryimage\"},\"image\":{\"@id\":\"https:\/\/blog.olimar.de\/matera\/#primaryimage\"},\"thumbnailUrl\":\"https:\/\/blog.olimar.de\/wp-content\/uploads\/2019\/01\/of-matera-sassi-1200459_1920-e1562249573181.jpg\",\"datePublished\":\"2019-02-01T11:34:54+00:00\",\"dateModified\":\"2022-12-14T20:53:27+00:00\",\"description\":\"Ein Ausflug nach Matera z\u00e4hlt zu den Highlights im Italien-Urlaub! Die Stadt aus Stein ist faszinierend anders - wir nehmen Sie mit auf einen Spaziergang.\",\"breadcrumb\":{\"@id\":\"https:\/\/blog.olimar.de\/matera\/#breadcrumb\"},\"inLanguage\":\"de\",\"potentialAction\":[{\"@type\":\"ReadAction\",\"target\":[\"https:\/\/blog.olimar.de\/matera\/\"]}]},{\"@type\":\"ImageObject\",\"inLanguage\":\"de\",\"@id\":\"https:\/\/blog.olimar.de\/matera\/#primaryimage\",\"url\":\"https:\/\/blog.olimar.de\/wp-content\/uploads\/2019\/01\/of-matera-sassi-1200459_1920-e1562249573181.jpg\",\"contentUrl\":\"https:\/\/blog.olimar.de\/wp-content\/uploads\/2019\/01\/of-matera-sassi-1200459_1920-e1562249573181.jpg\",\"width\":800,\"height\":531,\"caption\":\"Blick auf Matera\"},{\"@type\":\"BreadcrumbList\",\"@id\":\"https:\/\/blog.olimar.de\/matera\/#breadcrumb\",\"itemListElement\":[{\"@type\":\"ListItem\",\"position\":1,\"name\":\"Home\",\"item\":\"https:\/\/blog.olimar.de\/\"},{\"@type\":\"ListItem\",\"position\":2,\"name\":\"Basilikata\",\"item\":\"https:\/\/blog.olimar.de\/tag\/basilikata\/\"},{\"@type\":\"ListItem\",\"position\":3,\"name\":\"Matera, Italiens Schatzkiste aus Stein\"}]},{\"@type\":\"WebSite\",\"@id\":\"https:\/\/blog.olimar.de\/#website\",\"url\":\"https:\/\/blog.olimar.de\/\",\"name\":\"OLIMAR.com\",\"description\":\"\",\"publisher\":{\"@id\":\"https:\/\/blog.olimar.de\/#organization\"},\"potentialAction\":[{\"@type\":\"SearchAction\",\"target\":{\"@type\":\"EntryPoint\",\"urlTemplate\":\"https:\/\/blog.olimar.de\/?s={search_term_string}\"},\"query-input\":{\"@type\":\"PropertyValueSpecification\",\"valueRequired\":true,\"valueName\":\"search_term_string\"}}],\"inLanguage\":\"de\"},{\"@type\":\"Organization\",\"@id\":\"https:\/\/blog.olimar.de\/#organization\",\"name\":\"OLIMAR Reisen\",\"url\":\"https:\/\/blog.olimar.de\/\",\"logo\":{\"@type\":\"ImageObject\",\"inLanguage\":\"de\",\"@id\":\"https:\/\/blog.olimar.de\/#\/schema\/logo\/image\/\",\"url\":\"https:\/\/blog.olimar.de\/wp-content\/uploads\/2021\/01\/OLIMAR_Logo_COLOR.png\",\"contentUrl\":\"https:\/\/blog.olimar.de\/wp-content\/uploads\/2021\/01\/OLIMAR_Logo_COLOR.png\",\"width\":2000,\"height\":986,\"caption\":\"OLIMAR Reisen\"},\"image\":{\"@id\":\"https:\/\/blog.olimar.de\/#\/schema\/logo\/image\/\"},\"sameAs\":[\"https:\/\/www.facebook.com\/OlimarReisen\",\"https:\/\/x.com\/olimarrreisen\",\"https:\/\/www.instagram.com\/olimarreisen\",\"https:\/\/www.youtube.com\/user\/olimarreisen\"]}]}<\/script>\n<!-- \/ Yoast SEO plugin. -->","yoast_head_json":{"title":"Matera, Italiens Schatzkiste aus Stein -","description":"Ein Ausflug nach Matera z\u00e4hlt zu den Highlights im Italien-Urlaub! Die Stadt aus Stein ist faszinierend anders - wir nehmen Sie mit auf einen Spaziergang.","robots":{"index":"index","follow":"follow","max-snippet":"max-snippet:-1","max-image-preview":"max-image-preview:large","max-video-preview":"max-video-preview:-1"},"canonical":"https:\/\/blog.olimar.de\/matera\/","og_locale":"de_DE","og_type":"article","og_title":"Matera, Italiens Schatzkiste aus Stein -","og_description":"Ein Ausflug nach Matera z\u00e4hlt zu den Highlights im Italien-Urlaub! Die Stadt aus Stein ist faszinierend anders - wir nehmen Sie mit auf einen Spaziergang.","og_url":"https:\/\/blog.olimar.de\/matera\/","article_publisher":"https:\/\/www.facebook.com\/OlimarReisen","article_published_time":"2019-02-01T11:34:54+00:00","article_modified_time":"2022-12-14T20:53:27+00:00","og_image":[{"width":800,"height":531,"url":"https:\/\/blog.olimar.de\/wp-content\/uploads\/2019\/01\/of-matera-sassi-1200459_1920-e1562249573181.jpg","type":"image\/jpeg"}],"author":"OLIMAR Redaktionsteam","twitter_misc":{"Verfasst von":"OLIMAR Redaktionsteam","Gesch\u00e4tzte Lesezeit":"5\u00a0Minuten"},"schema":{"@context":"https:\/\/schema.org","@graph":[{"@type":"WebPage","@id":"https:\/\/blog.olimar.de\/matera\/","url":"https:\/\/blog.olimar.de\/matera\/","name":"Matera, Italiens Schatzkiste aus Stein -","isPartOf":{"@id":"https:\/\/blog.olimar.de\/#website"},"primaryImageOfPage":{"@id":"https:\/\/blog.olimar.de\/matera\/#primaryimage"},"image":{"@id":"https:\/\/blog.olimar.de\/matera\/#primaryimage"},"thumbnailUrl":"https:\/\/blog.olimar.de\/wp-content\/uploads\/2019\/01\/of-matera-sassi-1200459_1920-e1562249573181.jpg","datePublished":"2019-02-01T11:34:54+00:00","dateModified":"2022-12-14T20:53:27+00:00","description":"Ein Ausflug nach Matera z\u00e4hlt zu den Highlights im Italien-Urlaub! Die Stadt aus Stein ist faszinierend anders - wir nehmen Sie mit auf einen Spaziergang.","breadcrumb":{"@id":"https:\/\/blog.olimar.de\/matera\/#breadcrumb"},"inLanguage":"de","potentialAction":[{"@type":"ReadAction","target":["https:\/\/blog.olimar.de\/matera\/"]}]},{"@type":"ImageObject","inLanguage":"de","@id":"https:\/\/blog.olimar.de\/matera\/#primaryimage","url":"https:\/\/blog.olimar.de\/wp-content\/uploads\/2019\/01\/of-matera-sassi-1200459_1920-e1562249573181.jpg","contentUrl":"https:\/\/blog.olimar.de\/wp-content\/uploads\/2019\/01\/of-matera-sassi-1200459_1920-e1562249573181.jpg","width":800,"height":531,"caption":"Blick auf Matera"},{"@type":"BreadcrumbList","@id":"https:\/\/blog.olimar.de\/matera\/#breadcrumb","itemListElement":[{"@type":"ListItem","position":1,"name":"Home","item":"https:\/\/blog.olimar.de\/"},{"@type":"ListItem","position":2,"name":"Basilikata","item":"https:\/\/blog.olimar.de\/tag\/basilikata\/"},{"@type":"ListItem","position":3,"name":"Matera, Italiens Schatzkiste aus Stein"}]},{"@type":"WebSite","@id":"https:\/\/blog.olimar.de\/#website","url":"https:\/\/blog.olimar.de\/","name":"OLIMAR.com","description":"","publisher":{"@id":"https:\/\/blog.olimar.de\/#organization"},"potentialAction":[{"@type":"SearchAction","target":{"@type":"EntryPoint","urlTemplate":"https:\/\/blog.olimar.de\/?s={search_term_string}"},"query-input":{"@type":"PropertyValueSpecification","valueRequired":true,"valueName":"search_term_string"}}],"inLanguage":"de"},{"@type":"Organization","@id":"https:\/\/blog.olimar.de\/#organization","name":"OLIMAR Reisen","url":"https:\/\/blog.olimar.de\/","logo":{"@type":"ImageObject","inLanguage":"de","@id":"https:\/\/blog.olimar.de\/#\/schema\/logo\/image\/","url":"https:\/\/blog.olimar.de\/wp-content\/uploads\/2021\/01\/OLIMAR_Logo_COLOR.png","contentUrl":"https:\/\/blog.olimar.de\/wp-content\/uploads\/2021\/01\/OLIMAR_Logo_COLOR.png","width":2000,"height":986,"caption":"OLIMAR Reisen"},"image":{"@id":"https:\/\/blog.olimar.de\/#\/schema\/logo\/image\/"},"sameAs":["https:\/\/www.facebook.com\/OlimarReisen","https:\/\/x.com\/olimarrreisen","https:\/\/www.instagram.com\/olimarreisen","https:\/\/www.youtube.com\/user\/olimarreisen"]}]}},"modified_by":"Lena Radermacher","jetpack_featured_media_url":"https:\/\/blog.olimar.de\/wp-content\/uploads\/2019\/01\/of-matera-sassi-1200459_1920-e1562249573181.jpg","_links":{"self":[{"href":"https:\/\/blog.olimar.de\/wp-json\/wp\/v2\/posts\/10371","targetHints":{"allow":["GET"]}}],"collection":[{"href":"https:\/\/blog.olimar.de\/wp-json\/wp\/v2\/posts"}],"about":[{"href":"https:\/\/blog.olimar.de\/wp-json\/wp\/v2\/types\/post"}],"author":[{"embeddable":true,"href":"https:\/\/blog.olimar.de\/wp-json\/wp\/v2\/users\/9"}],"replies":[{"embeddable":true,"href":"https:\/\/blog.olimar.de\/wp-json\/wp\/v2\/comments?post=10371"}],"version-history":[{"count":21,"href":"https:\/\/blog.olimar.de\/wp-json\/wp\/v2\/posts\/10371\/revisions"}],"predecessor-version":[{"id":22195,"href":"https:\/\/blog.olimar.de\/wp-json\/wp\/v2\/posts\/10371\/revisions\/22195"}],"wp:featuredmedia":[{"embeddable":true,"href":"https:\/\/blog.olimar.de\/wp-json\/wp\/v2\/media\/10377"}],"wp:attachment":[{"href":"https:\/\/blog.olimar.de\/wp-json\/wp\/v2\/media?parent=10371"}],"wp:term":[{"taxonomy":"category","embeddable":true,"href":"https:\/\/blog.olimar.de\/wp-json\/wp\/v2\/categories?post=10371"},{"taxonomy":"post_tag","embeddable":true,"href":"https:\/\/blog.olimar.de\/wp-json\/wp\/v2\/tags?post=10371"}],"curies":[{"name":"wp","href":"https:\/\/api.w.org\/{rel}","templated":true}]}}