{"id":10672,"date":"2019-03-21T16:51:23","date_gmt":"2019-03-21T14:51:23","guid":{"rendered":"https:\/\/blog.olimar.de\/?p=10672"},"modified":"2022-12-13T19:48:59","modified_gmt":"2022-12-13T18:48:59","slug":"fatima","status":"publish","type":"post","link":"https:\/\/blog.olimar.de\/fatima\/","title":{"rendered":"Faszination F\u00e1tima &#8211; Portugals wichtigster Wallfahrtsort"},"content":{"rendered":"\n<p><strong>In Zentralportugal erwartet Dich mitten im Nirgendwo ein spiritueller Ort mit weltweiter Strahlkraft: F\u00e1tima gilt als einer der wichtigsten Wallfahrtsorte der katholischen Welt. Millionen von Gl\u00e4ubige pilgern Jahr f\u00fcr Jahr zu dem gigantischen Heiligtum und erhoffen sich die Heilung ihrer Krankheiten und g\u00f6ttlichen Segen. Und so kommt es, dass das kleine St\u00e4dtchen in der Mitte Portugals heute zu einem der meistbesuchten Orte des gesamten Landes geh\u00f6rt.<\/strong><\/p>\n\n\n\n\n\n<div class=\"wp-block-buttons is-layout-flex wp-block-buttons-is-layout-flex\">\n<div class=\"wp-block-button\"><a class=\"wp-block-button__link has-background wp-element-button\" href=\"https:\/\/www.olimar.de\/portugal\/die-mitte\/\" style=\"background-color:#008c87\">Mittelportugal Reiseangebote und Hoteltipps entdecken<\/a><\/div>\n<\/div>\n\n\n\n<div style=\"height:50px\" aria-hidden=\"true\" class=\"wp-block-spacer\"><\/div>\n\n\n\n<p>Das unaufgeregte Leben des unscheinbaren Dorfes <a href=\"https:\/\/www.olimar.de\/portugal\/die-mitte\/das-hinterland\/\" rel=\"noreferrer noopener\" aria-label=\"F\u00e1tima (opens in a new tab)\">F\u00e1tima<\/a> fand 1917 sein j\u00e4hes Ende. Der \u00dcberlieferung nach erschien in diesem Jahr am 13. Mai die Jungfrau Maria drei Hirtenkindern auf einem Feld. Sie soll mit den Kindern gesprochen haben und sie angewiesen haben, von nun an jedem 13. eines Monats wieder dort auf sie zu warten. Kein Wunder, dass dieses Wunder Neugierige, Zweifler und Gl\u00e4ubige anzog, die die Erscheinung mit eigenen Augen sehen wollten \u2013 und deren Zahl wuchs von Monat zu Monat. Zum furiosen Finale schlie\u00dflich sollen am 13. Oktober Zehntausende Schaulustige das sogenannte Sonnenwunder gesehen haben, bei der sich die Sonne wie ein Feuerball drehte. 1930 wurde die Erscheinungen von der katholischen Kirche f\u00fcr glaubw\u00fcrdig erkl\u00e4rt und F\u00e1timas Aufstieg als einer der meistbesuchten Wallfahrtsorte der westlichen Welt nahm seinen Lauf.<\/p>\n\n\n\n<h2>Die geheimnisvollen Prophezeiungen von F\u00e1tima<\/h2>\n<p>Bis in die Neuzeit reichten die Spekulationen um die ber\u00fchmten Geheimnisse von F\u00e1tima, die die Jungfrau Maria den Kindern bei ihrer dritten Erscheinung im Juli mit auf den Weg gegeben haben soll. In den 1940er Jahren schrieb L\u00facia, das \u00e4lteste der Hirtenkinder, die Botschaften nieder. Die ersten beiden Geheimnisse wurden direkt zur Ver\u00f6ffentlichung freigegeben, das dritte jedoch versiegelt dem Papst \u00fcberstellt.<\/p>\n<h4>Drei Geheimnisse&#8230;<\/h4>\n<p>Im ersten Geheimnis soll Maria den Kindern mitgeteilt haben, dass sie bald in den Himmel kommen \u2013 und tats\u00e4chlich starben zwei der Hirtenkinder jung wenige Jahre nach den Erscheinungen. Das zweite Mysterium soll das baldige Ende des ersten Weltkrieges, aber auch die Ank\u00fcndigung eines weiteren, schlimmeren Krieges beinhaltet haben. Das dritte Geheimnis war lange ein Quell gro\u00dfer Spekulationen und Legendenbildungen. Erst 2000 l\u00fcftete der Vatikan die Vorhersehung, die nach seiner Deutung das Attentat auf Papst Johannes Paul II. am 13. Mai 1981 prophezeite.<\/p>\n<h4>Der 13. eines Monats<\/h4>\n<p>L\u00facia, das letzte der drei Hirtenkinder, trat wenige Jahre nach den Erscheinungen als Nonne ins Kloster ein und starb mit 98 Jahren 2005 \u2013 am 13. Februar. Alle bedeutenden Ereignisse rund um F\u00e1tima geschahen am 13. eines Monats und so sind dies heute die Pilgertage, an denen besonders viele Menschen kommen und feierliche Prozessionen stattfinden. Im Mai, dem Jahrestag der ersten Erscheinung, und Oktober, dem Jahrestag des Sonnenwunders, quillen die Stra\u00dfen F\u00e1timas f\u00f6rmlich \u00fcber vor Pilgern, ein beeindruckendes Bild.<\/p>\n\n\n\n<figure class=\"wp-block-image\"><img loading=\"lazy\" decoding=\"async\" width=\"851\" height=\"1024\" src=\"https:\/\/blog.olimar.de\/wp-content\/uploads\/2019\/03\/Fatima-Pilger-851x1024.jpg\" alt=\"Pilger in F\u00e1tima\" class=\"wp-image-10679\" srcset=\"https:\/\/blog.olimar.de\/wp-content\/uploads\/2019\/03\/Fatima-Pilger-851x1024.jpg 851w, https:\/\/blog.olimar.de\/wp-content\/uploads\/2019\/03\/Fatima-Pilger-249x300.jpg 249w, https:\/\/blog.olimar.de\/wp-content\/uploads\/2019\/03\/Fatima-Pilger-768x924.jpg 768w\" sizes=\"auto, (max-width: 851px) 100vw, 851px\" \/><figcaption class=\"wp-element-caption\">Pilgernde in F\u00e1tima<\/figcaption><\/figure>\n\n\n\n<p>Anl\u00e4sslich des 100. Jahrestages der Erscheinungen besuchte 2017 Papst Franziskus F\u00e1tima und sprach dabei die beiden fr\u00fch verstorbenen Hirtenkinder Jacinta und Francisco Marto heilig.<\/p>\n\n\n\n<h2>F\u00e1tima als wichtige Pilgerst\u00e4tte<\/h2>\n<p>Die Dimensionen der Wallfahrtst\u00e4tte machen die Bedeutung f\u00fcr die katholische Kirche klar. Was 1919 mit einer kleinen Kapelle am Ort der Erscheinungen im Cova da Iria (Tal des Friedens) begann, hat sich zu einem gigantischen Umschlagplatz des Marienkults entwickelt. Der riesige Kirchenvorplatz ist der gr\u00f6\u00dfte der Welt, und mit dem Kirchenneubau der Dreifaltigkeits-Basilika r\u00fcckte F\u00e1tima auf Platz vier der gr\u00f6\u00dften katholischen Kirchen weltweit.<\/p>\n\n\n\n<figure class=\"wp-block-gallery aligncenter has-nested-images columns-2 is-cropped wp-block-gallery-1 is-layout-flex wp-block-gallery-is-layout-flex\">\n<figure class=\"wp-block-image size-large\"><img loading=\"lazy\" decoding=\"async\" width=\"768\" height=\"1024\" data-id=\"10680\" src=\"https:\/\/blog.olimar.de\/wp-content\/uploads\/2019\/03\/Fatima-2-768x1024.jpg\" alt=\"Blick auf Hauptplatz in F\u00e1tima\" class=\"wp-image-10680\" srcset=\"https:\/\/blog.olimar.de\/wp-content\/uploads\/2019\/03\/Fatima-2-768x1024.jpg 768w, https:\/\/blog.olimar.de\/wp-content\/uploads\/2019\/03\/Fatima-2-225x300.jpg 225w, https:\/\/blog.olimar.de\/wp-content\/uploads\/2019\/03\/Fatima-2-420x560.jpg 420w\" sizes=\"auto, (max-width: 768px) 100vw, 768px\" \/><figcaption class=\"wp-element-caption\">Blick auf den Hauptplatz<\/figcaption><\/figure>\n\n\n\n<figure class=\"wp-block-image size-large\"><img loading=\"lazy\" decoding=\"async\" width=\"1024\" height=\"768\" data-id=\"10681\" src=\"https:\/\/blog.olimar.de\/wp-content\/uploads\/2019\/03\/Fatima-Kreuz-Kirche-1024x768.jpg\" alt=\"Kreuz und Kirche F\u00e1tima\" class=\"wp-image-10681\" srcset=\"https:\/\/blog.olimar.de\/wp-content\/uploads\/2019\/03\/Fatima-Kreuz-Kirche-1024x768.jpg 1024w, https:\/\/blog.olimar.de\/wp-content\/uploads\/2019\/03\/Fatima-Kreuz-Kirche-300x225.jpg 300w, https:\/\/blog.olimar.de\/wp-content\/uploads\/2019\/03\/Fatima-Kreuz-Kirche-768x576.jpg 768w\" sizes=\"auto, (max-width: 1024px) 100vw, 1024px\" \/><figcaption class=\"wp-element-caption\">Kreuz und Kirche<\/figcaption><\/figure>\n\n\n\n<figure class=\"wp-block-image size-large\"><img loading=\"lazy\" decoding=\"async\" width=\"1024\" height=\"742\" data-id=\"10682\" src=\"https:\/\/blog.olimar.de\/wp-content\/uploads\/2019\/03\/portugal-465234_1920-1024x742.jpg\" alt=\"Kirche F\u00e1tima\" class=\"wp-image-10682\" srcset=\"https:\/\/blog.olimar.de\/wp-content\/uploads\/2019\/03\/portugal-465234_1920-1024x742.jpg 1024w, https:\/\/blog.olimar.de\/wp-content\/uploads\/2019\/03\/portugal-465234_1920-300x217.jpg 300w, https:\/\/blog.olimar.de\/wp-content\/uploads\/2019\/03\/portugal-465234_1920-768x556.jpg 768w, https:\/\/blog.olimar.de\/wp-content\/uploads\/2019\/03\/portugal-465234_1920.jpg 1920w\" sizes=\"auto, (max-width: 1024px) 100vw, 1024px\" \/><figcaption class=\"wp-element-caption\">Kirche &#8211; F\u00e1tima<\/figcaption><\/figure>\n<\/figure>\n\n\n\n<p>Man mag zu dieser kulthaften Marienverehrung stehen wie man m\u00f6chte \u2013 eindrucksvoll ist ein Besuch von F\u00e1tima allemal und bei einem <a href=\"https:\/\/www.olimar.de\/portugal\/die-mitte\/\" rel=\"noreferrer noopener\" aria-label=\"Urlaub in Mittelportugal (opens in a new tab)\">Urlaub in Mittelportugal<\/a> sollte ein Ausflug nach F\u00e1tima unbedingt dazugeh\u00f6ren. Die Wallfahrtsst\u00e4tte wirkt allein schon aufgrund ihrer Dimensionen erhaben und strahlt insbesondere an den Pilgertagen eine faszinierende Atmosph\u00e4re aus Spiritualit\u00e4t und Hoffnung aus. F\u00e1tima, das ist ein faszinierendes Konglomerat aus Gigantismus, Glaube und Geheimnisvollem und definitiv einen Besuch wert.<\/p>\n\n\n\n<h2>Hoteltipp\u00a0<\/h2>\n<p>Das <a href=\"https:\/\/rms.olimar.de\/code\/LIS256\" rel=\"noreferrer noopener\" aria-label=\"Hotel Corac\u00e3o de F\u00e1tima (opens in a new tab)\">Hotel Corac\u00e3o de F\u00e1tima<\/a> liegt nur einen Steinwurf von der ber\u00fchmten Marienwallfahrtsst\u00e4tte entfernt. Die 47 G\u00e4stezimmer pr\u00e4sentieren sich modern, in warmen Erdt\u00f6nen eingerichtet, und bieten zudem teilweise Aussicht auf die Wallfahrtsst\u00e4tte.<\/p>\n\n\n\n<figure class=\"wp-block-gallery has-nested-images columns-2 is-cropped wp-block-gallery-2 is-layout-flex wp-block-gallery-is-layout-flex\">\n<figure class=\"wp-block-image size-large\"><img loading=\"lazy\" decoding=\"async\" width=\"1000\" height=\"665\" data-id=\"10689\" src=\"https:\/\/blog.olimar.de\/wp-content\/uploads\/2019\/03\/LIS256-a-FrontA.jpg\" alt=\"Hotel Corac\u00e3o de F\u00e1tima\" class=\"wp-image-10689\" srcset=\"https:\/\/blog.olimar.de\/wp-content\/uploads\/2019\/03\/LIS256-a-FrontA.jpg 1000w, https:\/\/blog.olimar.de\/wp-content\/uploads\/2019\/03\/LIS256-a-FrontA-300x200.jpg 300w, https:\/\/blog.olimar.de\/wp-content\/uploads\/2019\/03\/LIS256-a-FrontA-768x511.jpg 768w, https:\/\/blog.olimar.de\/wp-content\/uploads\/2019\/03\/LIS256-a-FrontA-840x560.jpg 840w\" sizes=\"auto, (max-width: 1000px) 100vw, 1000px\" \/><figcaption class=\"wp-element-caption\">Hotel Corac\u00e3o de F\u00e1tima<\/figcaption><\/figure>\n\n\n\n<figure class=\"wp-block-image size-large\"><img loading=\"lazy\" decoding=\"async\" width=\"1000\" height=\"665\" data-id=\"10691\" src=\"https:\/\/blog.olimar.de\/wp-content\/uploads\/2019\/03\/LIS256-z-TwinVerandaA.jpg\" alt=\"Doppelzimmer Hotel Corac\u00e3o de F\u00e1tima\" class=\"wp-image-10691\" srcset=\"https:\/\/blog.olimar.de\/wp-content\/uploads\/2019\/03\/LIS256-z-TwinVerandaA.jpg 1000w, https:\/\/blog.olimar.de\/wp-content\/uploads\/2019\/03\/LIS256-z-TwinVerandaA-300x200.jpg 300w, https:\/\/blog.olimar.de\/wp-content\/uploads\/2019\/03\/LIS256-z-TwinVerandaA-768x511.jpg 768w, https:\/\/blog.olimar.de\/wp-content\/uploads\/2019\/03\/LIS256-z-TwinVerandaA-840x560.jpg 840w\" sizes=\"auto, (max-width: 1000px) 100vw, 1000px\" \/><figcaption class=\"wp-element-caption\">Doppelzimmer im Hotel <\/figcaption><\/figure>\n\n\n\n<figure class=\"wp-block-image size-large\"><img loading=\"lazy\" decoding=\"async\" width=\"1000\" height=\"665\" data-id=\"10690\" src=\"https:\/\/blog.olimar.de\/wp-content\/uploads\/2019\/03\/LIS256-r-RestaurantA.jpg\" alt=\"Restaurant Hotel Corac\u00e3o de F\u00e1tima\" class=\"wp-image-10690\" srcset=\"https:\/\/blog.olimar.de\/wp-content\/uploads\/2019\/03\/LIS256-r-RestaurantA.jpg 1000w, https:\/\/blog.olimar.de\/wp-content\/uploads\/2019\/03\/LIS256-r-RestaurantA-300x200.jpg 300w, https:\/\/blog.olimar.de\/wp-content\/uploads\/2019\/03\/LIS256-r-RestaurantA-768x511.jpg 768w, https:\/\/blog.olimar.de\/wp-content\/uploads\/2019\/03\/LIS256-r-RestaurantA-840x560.jpg 840w\" sizes=\"auto, (max-width: 1000px) 100vw, 1000px\" \/><figcaption class=\"wp-element-caption\">Restaurant des Hotels <\/figcaption><\/figure>\n<\/figure>\n\n\n\n\n\n<div style=\"height:50px\" aria-hidden=\"true\" class=\"wp-block-spacer\"><\/div>\n\n\n\n<p class=\"wp-block-paragraph\">Weitere Hotels in F\u00e1tima und Umgebung sowie aktuelle Reiseangebote gibts auf der <a href=\"https:\/\/www.olimar.de\/portugal\/die-mitte\/\">OLIMAR Themenseite<\/a>.<\/p>\n\n\n\n<div style=\"height:75px\" aria-hidden=\"true\" class=\"wp-block-spacer\"><\/div>\n\n\n\n<div class=\"wp-block-buttons is-layout-flex wp-block-buttons-is-layout-flex\">\n<div class=\"wp-block-button\"><a class=\"wp-block-button__link has-background wp-element-button\" href=\"https:\/\/www.olimar.de\/hotellistung\/\" style=\"background-color:#008c87\" target=\"_blank\" rel=\"noreferrer noopener\">Jetzt Urlaubsangebote finden und buchen<\/a><\/div>\n<\/div>\n\n\n\n<div style=\"height:100px\" aria-hidden=\"true\" class=\"wp-block-spacer\"><\/div>\n","protected":false},"excerpt":{"rendered":"<p>In Zentralportugal erwartet Dich mitten im Nirgendwo ein spiritueller Ort mit weltweiter Strahlkraft: F\u00e1tima gilt als einer der wichtigsten Wallfahrtsorte der katholischen Welt. Millionen von Gl\u00e4ubige pilgern Jahr f\u00fcr Jahr zu dem gigantischen Heiligtum und erhoffen sich die Heilung ihrer Krankheiten und g\u00f6ttlichen Segen. Und so kommt es, dass das kleine St\u00e4dtchen in der Mitte Portugals heute zu einem der meistbesuchten Orte des gesamten Landes geh\u00f6rt. Das unaufgeregte Leben des unscheinbaren Dorfes F\u00e1tima fand 1917 sein j\u00e4hes Ende. Der \u00dcberlieferung nach erschien in diesem Jahr am 13. Mai die Jungfrau Maria drei Hirtenkindern auf einem Feld. Sie soll mit den Kindern &hellip;<\/p>\n","protected":false},"author":64,"featured_media":10676,"comment_status":"open","ping_status":"open","sticky":false,"template":"","format":"standard","meta":{"_crdt_document":"","_lmt_disableupdate":"","_lmt_disable":"","footnotes":""},"categories":[28],"tags":[135,34],"class_list":["post-10672","post","type-post","status-publish","format-standard","has-post-thumbnail","hentry","category-kunst-kultur","tag-mittelportugal","tag-portugal"],"yoast_head":"<!-- This site is optimized with the Yoast SEO plugin v26.9 - https:\/\/yoast.com\/product\/yoast-seo-wordpress\/ -->\n<title>Faszination F\u00e1tima - Portugals wichtigster Wallfahrtsort -<\/title>\n<meta name=\"description\" content=\"Entdecken Sie den wichtigsten Wallfahrtsort F\u00e1tima in Portugal. Erfahren Sie die Hintergr\u00fcnde und Geschichte der bedeutenden Pilgerst\u00e4tte.\" \/>\n<meta name=\"robots\" content=\"index, follow, max-snippet:-1, max-image-preview:large, max-video-preview:-1\" \/>\n<link rel=\"canonical\" href=\"https:\/\/blog.olimar.de\/fatima\/\" \/>\n<meta property=\"og:locale\" content=\"de_DE\" \/>\n<meta property=\"og:type\" content=\"article\" \/>\n<meta property=\"og:title\" content=\"Faszination F\u00e1tima - Portugals wichtigster Wallfahrtsort -\" \/>\n<meta property=\"og:description\" content=\"Entdecken Sie den wichtigsten Wallfahrtsort F\u00e1tima in Portugal. Erfahren Sie die Hintergr\u00fcnde und Geschichte der bedeutenden Pilgerst\u00e4tte.\" \/>\n<meta property=\"og:url\" content=\"https:\/\/blog.olimar.de\/fatima\/\" \/>\n<meta property=\"article:publisher\" content=\"https:\/\/www.facebook.com\/OlimarReisen\" \/>\n<meta property=\"article:published_time\" content=\"2019-03-21T14:51:23+00:00\" \/>\n<meta property=\"article:modified_time\" content=\"2022-12-13T18:48:59+00:00\" \/>\n<meta property=\"og:image\" content=\"https:\/\/blog.olimar.de\/wp-content\/uploads\/2019\/03\/Fatima-Hauptplatz.jpg\" \/>\n\t<meta property=\"og:image:width\" content=\"3264\" \/>\n\t<meta property=\"og:image:height\" content=\"2152\" \/>\n\t<meta property=\"og:image:type\" content=\"image\/jpeg\" \/>\n<meta name=\"author\" content=\"Michaela\" \/>\n<meta name=\"twitter:label1\" content=\"Verfasst von\" \/>\n\t<meta name=\"twitter:data1\" content=\"Michaela\" \/>\n\t<meta name=\"twitter:label2\" content=\"Gesch\u00e4tzte Lesezeit\" \/>\n\t<meta name=\"twitter:data2\" content=\"6\u00a0Minuten\" \/>\n<script type=\"application\/ld+json\" class=\"yoast-schema-graph\">{\"@context\":\"https:\/\/schema.org\",\"@graph\":[{\"@type\":\"WebPage\",\"@id\":\"https:\/\/blog.olimar.de\/fatima\/\",\"url\":\"https:\/\/blog.olimar.de\/fatima\/\",\"name\":\"Faszination F\u00e1tima - Portugals wichtigster Wallfahrtsort -\",\"isPartOf\":{\"@id\":\"https:\/\/blog.olimar.de\/#website\"},\"primaryImageOfPage\":{\"@id\":\"https:\/\/blog.olimar.de\/fatima\/#primaryimage\"},\"image\":{\"@id\":\"https:\/\/blog.olimar.de\/fatima\/#primaryimage\"},\"thumbnailUrl\":\"https:\/\/blog.olimar.de\/wp-content\/uploads\/2019\/03\/Fatima-Hauptplatz.jpg\",\"datePublished\":\"2019-03-21T14:51:23+00:00\",\"dateModified\":\"2022-12-13T18:48:59+00:00\",\"description\":\"Entdecken Sie den wichtigsten Wallfahrtsort F\u00e1tima in Portugal. Erfahren Sie die Hintergr\u00fcnde und Geschichte der bedeutenden Pilgerst\u00e4tte.\",\"breadcrumb\":{\"@id\":\"https:\/\/blog.olimar.de\/fatima\/#breadcrumb\"},\"inLanguage\":\"de\",\"potentialAction\":[{\"@type\":\"ReadAction\",\"target\":[\"https:\/\/blog.olimar.de\/fatima\/\"]}]},{\"@type\":\"ImageObject\",\"inLanguage\":\"de\",\"@id\":\"https:\/\/blog.olimar.de\/fatima\/#primaryimage\",\"url\":\"https:\/\/blog.olimar.de\/wp-content\/uploads\/2019\/03\/Fatima-Hauptplatz.jpg\",\"contentUrl\":\"https:\/\/blog.olimar.de\/wp-content\/uploads\/2019\/03\/Fatima-Hauptplatz.jpg\",\"width\":3264,\"height\":2152,\"caption\":\"F\u00e1tima Hauptplatz\"},{\"@type\":\"BreadcrumbList\",\"@id\":\"https:\/\/blog.olimar.de\/fatima\/#breadcrumb\",\"itemListElement\":[{\"@type\":\"ListItem\",\"position\":1,\"name\":\"Home\",\"item\":\"https:\/\/blog.olimar.de\/\"},{\"@type\":\"ListItem\",\"position\":2,\"name\":\"Mittelportugal\",\"item\":\"https:\/\/blog.olimar.de\/tag\/mittelportugal\/\"},{\"@type\":\"ListItem\",\"position\":3,\"name\":\"Faszination F\u00e1tima &#8211; Portugals wichtigster Wallfahrtsort\"}]},{\"@type\":\"WebSite\",\"@id\":\"https:\/\/blog.olimar.de\/#website\",\"url\":\"https:\/\/blog.olimar.de\/\",\"name\":\"OLIMAR.com\",\"description\":\"\",\"publisher\":{\"@id\":\"https:\/\/blog.olimar.de\/#organization\"},\"potentialAction\":[{\"@type\":\"SearchAction\",\"target\":{\"@type\":\"EntryPoint\",\"urlTemplate\":\"https:\/\/blog.olimar.de\/?s={search_term_string}\"},\"query-input\":{\"@type\":\"PropertyValueSpecification\",\"valueRequired\":true,\"valueName\":\"search_term_string\"}}],\"inLanguage\":\"de\"},{\"@type\":\"Organization\",\"@id\":\"https:\/\/blog.olimar.de\/#organization\",\"name\":\"OLIMAR Reisen\",\"url\":\"https:\/\/blog.olimar.de\/\",\"logo\":{\"@type\":\"ImageObject\",\"inLanguage\":\"de\",\"@id\":\"https:\/\/blog.olimar.de\/#\/schema\/logo\/image\/\",\"url\":\"https:\/\/blog.olimar.de\/wp-content\/uploads\/2021\/01\/OLIMAR_Logo_COLOR.png\",\"contentUrl\":\"https:\/\/blog.olimar.de\/wp-content\/uploads\/2021\/01\/OLIMAR_Logo_COLOR.png\",\"width\":2000,\"height\":986,\"caption\":\"OLIMAR Reisen\"},\"image\":{\"@id\":\"https:\/\/blog.olimar.de\/#\/schema\/logo\/image\/\"},\"sameAs\":[\"https:\/\/www.facebook.com\/OlimarReisen\",\"https:\/\/x.com\/olimarrreisen\",\"https:\/\/www.instagram.com\/olimarreisen\",\"https:\/\/www.youtube.com\/user\/olimarreisen\"]}]}<\/script>\n<!-- \/ Yoast SEO plugin. -->","yoast_head_json":{"title":"Faszination F\u00e1tima - Portugals wichtigster Wallfahrtsort -","description":"Entdecken Sie den wichtigsten Wallfahrtsort F\u00e1tima in Portugal. Erfahren Sie die Hintergr\u00fcnde und Geschichte der bedeutenden Pilgerst\u00e4tte.","robots":{"index":"index","follow":"follow","max-snippet":"max-snippet:-1","max-image-preview":"max-image-preview:large","max-video-preview":"max-video-preview:-1"},"canonical":"https:\/\/blog.olimar.de\/fatima\/","og_locale":"de_DE","og_type":"article","og_title":"Faszination F\u00e1tima - Portugals wichtigster Wallfahrtsort -","og_description":"Entdecken Sie den wichtigsten Wallfahrtsort F\u00e1tima in Portugal. Erfahren Sie die Hintergr\u00fcnde und Geschichte der bedeutenden Pilgerst\u00e4tte.","og_url":"https:\/\/blog.olimar.de\/fatima\/","article_publisher":"https:\/\/www.facebook.com\/OlimarReisen","article_published_time":"2019-03-21T14:51:23+00:00","article_modified_time":"2022-12-13T18:48:59+00:00","og_image":[{"width":3264,"height":2152,"url":"https:\/\/blog.olimar.de\/wp-content\/uploads\/2019\/03\/Fatima-Hauptplatz.jpg","type":"image\/jpeg"}],"author":"Michaela","twitter_misc":{"Verfasst von":"Michaela","Gesch\u00e4tzte Lesezeit":"6\u00a0Minuten"},"schema":{"@context":"https:\/\/schema.org","@graph":[{"@type":"WebPage","@id":"https:\/\/blog.olimar.de\/fatima\/","url":"https:\/\/blog.olimar.de\/fatima\/","name":"Faszination F\u00e1tima - Portugals wichtigster Wallfahrtsort -","isPartOf":{"@id":"https:\/\/blog.olimar.de\/#website"},"primaryImageOfPage":{"@id":"https:\/\/blog.olimar.de\/fatima\/#primaryimage"},"image":{"@id":"https:\/\/blog.olimar.de\/fatima\/#primaryimage"},"thumbnailUrl":"https:\/\/blog.olimar.de\/wp-content\/uploads\/2019\/03\/Fatima-Hauptplatz.jpg","datePublished":"2019-03-21T14:51:23+00:00","dateModified":"2022-12-13T18:48:59+00:00","description":"Entdecken Sie den wichtigsten Wallfahrtsort F\u00e1tima in Portugal. Erfahren Sie die Hintergr\u00fcnde und Geschichte der bedeutenden Pilgerst\u00e4tte.","breadcrumb":{"@id":"https:\/\/blog.olimar.de\/fatima\/#breadcrumb"},"inLanguage":"de","potentialAction":[{"@type":"ReadAction","target":["https:\/\/blog.olimar.de\/fatima\/"]}]},{"@type":"ImageObject","inLanguage":"de","@id":"https:\/\/blog.olimar.de\/fatima\/#primaryimage","url":"https:\/\/blog.olimar.de\/wp-content\/uploads\/2019\/03\/Fatima-Hauptplatz.jpg","contentUrl":"https:\/\/blog.olimar.de\/wp-content\/uploads\/2019\/03\/Fatima-Hauptplatz.jpg","width":3264,"height":2152,"caption":"F\u00e1tima Hauptplatz"},{"@type":"BreadcrumbList","@id":"https:\/\/blog.olimar.de\/fatima\/#breadcrumb","itemListElement":[{"@type":"ListItem","position":1,"name":"Home","item":"https:\/\/blog.olimar.de\/"},{"@type":"ListItem","position":2,"name":"Mittelportugal","item":"https:\/\/blog.olimar.de\/tag\/mittelportugal\/"},{"@type":"ListItem","position":3,"name":"Faszination F\u00e1tima &#8211; Portugals wichtigster Wallfahrtsort"}]},{"@type":"WebSite","@id":"https:\/\/blog.olimar.de\/#website","url":"https:\/\/blog.olimar.de\/","name":"OLIMAR.com","description":"","publisher":{"@id":"https:\/\/blog.olimar.de\/#organization"},"potentialAction":[{"@type":"SearchAction","target":{"@type":"EntryPoint","urlTemplate":"https:\/\/blog.olimar.de\/?s={search_term_string}"},"query-input":{"@type":"PropertyValueSpecification","valueRequired":true,"valueName":"search_term_string"}}],"inLanguage":"de"},{"@type":"Organization","@id":"https:\/\/blog.olimar.de\/#organization","name":"OLIMAR Reisen","url":"https:\/\/blog.olimar.de\/","logo":{"@type":"ImageObject","inLanguage":"de","@id":"https:\/\/blog.olimar.de\/#\/schema\/logo\/image\/","url":"https:\/\/blog.olimar.de\/wp-content\/uploads\/2021\/01\/OLIMAR_Logo_COLOR.png","contentUrl":"https:\/\/blog.olimar.de\/wp-content\/uploads\/2021\/01\/OLIMAR_Logo_COLOR.png","width":2000,"height":986,"caption":"OLIMAR Reisen"},"image":{"@id":"https:\/\/blog.olimar.de\/#\/schema\/logo\/image\/"},"sameAs":["https:\/\/www.facebook.com\/OlimarReisen","https:\/\/x.com\/olimarrreisen","https:\/\/www.instagram.com\/olimarreisen","https:\/\/www.youtube.com\/user\/olimarreisen"]}]}},"modified_by":"Lena Radermacher","jetpack_featured_media_url":"https:\/\/blog.olimar.de\/wp-content\/uploads\/2019\/03\/Fatima-Hauptplatz.jpg","_links":{"self":[{"href":"https:\/\/blog.olimar.de\/wp-json\/wp\/v2\/posts\/10672","targetHints":{"allow":["GET"]}}],"collection":[{"href":"https:\/\/blog.olimar.de\/wp-json\/wp\/v2\/posts"}],"about":[{"href":"https:\/\/blog.olimar.de\/wp-json\/wp\/v2\/types\/post"}],"author":[{"embeddable":true,"href":"https:\/\/blog.olimar.de\/wp-json\/wp\/v2\/users\/64"}],"replies":[{"embeddable":true,"href":"https:\/\/blog.olimar.de\/wp-json\/wp\/v2\/comments?post=10672"}],"version-history":[{"count":30,"href":"https:\/\/blog.olimar.de\/wp-json\/wp\/v2\/posts\/10672\/revisions"}],"predecessor-version":[{"id":21945,"href":"https:\/\/blog.olimar.de\/wp-json\/wp\/v2\/posts\/10672\/revisions\/21945"}],"wp:featuredmedia":[{"embeddable":true,"href":"https:\/\/blog.olimar.de\/wp-json\/wp\/v2\/media\/10676"}],"wp:attachment":[{"href":"https:\/\/blog.olimar.de\/wp-json\/wp\/v2\/media?parent=10672"}],"wp:term":[{"taxonomy":"category","embeddable":true,"href":"https:\/\/blog.olimar.de\/wp-json\/wp\/v2\/categories?post=10672"},{"taxonomy":"post_tag","embeddable":true,"href":"https:\/\/blog.olimar.de\/wp-json\/wp\/v2\/tags?post=10672"}],"curies":[{"name":"wp","href":"https:\/\/api.w.org\/{rel}","templated":true}]}}