{"id":10722,"date":"2019-03-29T18:44:39","date_gmt":"2019-03-29T16:44:39","guid":{"rendered":"https:\/\/blog.olimar.de\/?p=10722"},"modified":"2021-04-06T15:21:42","modified_gmt":"2021-04-06T14:21:42","slug":"loule","status":"publish","type":"post","link":"https:\/\/blog.olimar.de\/loule\/","title":{"rendered":"Osterlaune in Loul\u00e9 &#8211; ein Spaziergang durch das Algarve-St\u00e4dtchen"},"content":{"rendered":"\n<p><p class=\"intro\">Die Fidelit\u00e4t des gewachsenen Marktplatzes sp\u00fcrt man bereits am Kreisverkehr vor der Markthalle. \u201eGl\u00fcckliche Leute beim Tanzen\u201c hei\u00dft die zehn Meter hohe Skulptur mitten im Springbrunnen an der Prachtallee von Loul\u00e9. Der Blick durch den Ring mit dem tanzenden P\u00e4rchen obenauf und die Statuette eines Akkordeonspielers zu ihren F\u00fc\u00dfen ist gleichzeitig der Eintritt in die Altstadt. <\/p><\/p>\n\n\n\n<p class=\"wp-block-paragraph\"><br>Wie alle St\u00e4dte in der <a rel=\"noreferrer noopener\" aria-label=\"Algarve (opens in a new tab)\" href=\"https:\/\/www.olimar.de\/portugal\/algarve\/\" target=\"_blank\">Algarve<\/a>, atmet Loul\u00e9 Nostalgie ein und Moderne aus, erz\u00e4hlt auf einem Spaziergang von \u00fcber tausend Jahren Zeitgeschichte und \u00fcberrascht hinter jeder Stra\u00dfenecke wieder mit Romantik, Stra\u00dfenkunst und gr\u00fcnen Oasen. Das Stadtbild im Zentrum ist gepr\u00e4gt von Wehrt\u00fcrmen, Burgmauern und Stadttoren, von Kirchen, Kl\u00f6stern und Kapellen, von pr\u00e4chtigen Palais und Kaufmannsh\u00e4usern, von engen Gassen und lauschigen Pl\u00e4tzen. Abseits der K\u00fcste gelegen, diente der Standort bereits in der Antike als Handelsplatz zwischen dem Landesinneren und der K\u00fcste. So \u00fcberrascht es kaum, dass der Herzschlag der Stadt auch 2000 Jahre sp\u00e4ter rund um die Markthalle pulsiert. <br><\/p>\n\n\n\n<h2 class=\"wp-block-heading\"><strong>Die Markthalle von Loul\u00e9<\/strong><\/h2>\n\n\n\n<p class=\"wp-block-paragraph\">Neo-Maurisch inspiriert, bietet die orientalisch anmutende Markthalle Mercado de Loul\u00e9 mit ihren vier Hufeisenf\u00f6rmigen Eing\u00e4ngen von montags bis samstags Frischmarkt-Vergn\u00fcgen. Jeden Vormittag kann man hier einkaufen, H\u00e4ppchen probieren, fr\u00fchst\u00fccken oder einfach blo\u00df bummeln und staunen, was es neben Fisch, Fleisch und Gem\u00fcse sonst noch gibt. Kulinarische Souvenirs wie Meersalz von der Algarve-K\u00fcste zum Beispiel, Fischkonserven mit Design-Banderolen, regionale Weinsorten, K\u00e4se in diversen Kategorien neben herzhaften Schinkenkeulen und Hausmacherw\u00fcrsten, bieten H\u00e4ndler feil, sowie Kunsthandwerk aus der Region. Jeden Samstagvormittag bev\u00f6lkern zus\u00e4tzlich ambulante St\u00e4nde die Nebenstra\u00dfe au\u00dfen um die Markthalle herum, wo Kleinproduzenten ihre erntefrischen Produkte verkaufen. <br><\/p>\n\n\n\n<figure class=\"wp-block-image\"><img loading=\"lazy\" decoding=\"async\" width=\"1024\" height=\"768\" src=\"https:\/\/blog.olimar.de\/wp-content\/uploads\/2019\/03\/Markthalle-Perspektive-Avenida-1024x768.jpg\" alt=\"Au\u00dfenansicht Markthalle Loul\u00e9\" class=\"wp-image-10729\" srcset=\"https:\/\/blog.olimar.de\/wp-content\/uploads\/2019\/03\/Markthalle-Perspektive-Avenida-1024x768.jpg 1024w, https:\/\/blog.olimar.de\/wp-content\/uploads\/2019\/03\/Markthalle-Perspektive-Avenida-300x225.jpg 300w, https:\/\/blog.olimar.de\/wp-content\/uploads\/2019\/03\/Markthalle-Perspektive-Avenida-768x576.jpg 768w\" sizes=\"auto, (max-width: 1024px) 100vw, 1024px\" \/><\/figure>\n\n\n\n<figure class=\"wp-block-image\"><img loading=\"lazy\" decoding=\"async\" width=\"1024\" height=\"768\" src=\"https:\/\/blog.olimar.de\/wp-content\/uploads\/2019\/03\/Die-Markthalle-1024x768.jpg\" alt=\"Markthalle Loul\u00e9\" class=\"wp-image-10730\" srcset=\"https:\/\/blog.olimar.de\/wp-content\/uploads\/2019\/03\/Die-Markthalle-1024x768.jpg 1024w, https:\/\/blog.olimar.de\/wp-content\/uploads\/2019\/03\/Die-Markthalle-300x225.jpg 300w, https:\/\/blog.olimar.de\/wp-content\/uploads\/2019\/03\/Die-Markthalle-768x576.jpg 768w\" sizes=\"auto, (max-width: 1024px) 100vw, 1024px\" \/><\/figure>\n\n\n\n<h2 class=\"wp-block-heading\"><strong>Verstecktes Tor in eine schattige Oase<\/strong><\/h2>\n\n\n\n<p class=\"wp-block-paragraph\">Das imposante Rathausgeb\u00e4ude gleich rechts neben der Markthalle, untergebracht in einem ehemaligen aristokratischen Palast aus dem 19. Jahrhundert gew\u00e4hrt an seiner rechten Seite unter dem Uhrenturm Durchlass zwischen alten Gem\u00e4uern hindurch, von wo aus man durch ein Holztor in das Kloster Esp\u00edrito Santo gelangt. <\/p>\n\n\n\n<figure class=\"wp-block-image\"><img loading=\"lazy\" decoding=\"async\" width=\"1024\" height=\"768\" src=\"https:\/\/blog.olimar.de\/wp-content\/uploads\/2019\/03\/Das-Rathaus-1024x768.jpg\" alt=\"Loul\u00e9 Rathaus\" class=\"wp-image-10731\" srcset=\"https:\/\/blog.olimar.de\/wp-content\/uploads\/2019\/03\/Das-Rathaus-1024x768.jpg 1024w, https:\/\/blog.olimar.de\/wp-content\/uploads\/2019\/03\/Das-Rathaus-300x225.jpg 300w, https:\/\/blog.olimar.de\/wp-content\/uploads\/2019\/03\/Das-Rathaus-768x576.jpg 768w, https:\/\/blog.olimar.de\/wp-content\/uploads\/2019\/03\/Das-Rathaus.jpg 1660w\" sizes=\"auto, (max-width: 1024px) 100vw, 1024px\" \/><figcaption>Rathaus von Loul\u00e9<\/figcaption><\/figure>\n\n\n\n<p class=\"wp-block-paragraph\">Das ehemalige Klostergeb\u00e4ude bietet Raum f\u00fcr B\u00fcros, K\u00fcnstlerateliers, Musikschule und einen Caf\u00e9garten im Kreuzgang Hof. Im Schatten eines ausladend gewachsenen, aus Brasilien stammenden Araukarien-Baumes verweilt man umgeben von Arkaden in der Zur\u00fcckgezogenheit des alten Klosters. Ein \u00fcberraschend ruhiges Refugium f\u00fcr eine Pause. <\/p>\n\n\n\n<figure class=\"wp-block-gallery columns-3 is-cropped wp-block-gallery-1 is-layout-flex wp-block-gallery-is-layout-flex\"><ul class=\"blocks-gallery-grid\"><li class=\"blocks-gallery-item\"><figure><img loading=\"lazy\" decoding=\"async\" width=\"768\" height=\"1024\" src=\"https:\/\/blog.olimar.de\/wp-content\/uploads\/2019\/03\/Das-Kloster-Espirito-Santo-1-768x1024.jpg\" alt=\"Kloster Espirito Santo in Loul\u00e9\" data-id=\"10735\" data-link=\"https:\/\/blog.olimar.de\/?attachment_id=10735\" class=\"wp-image-10735\" srcset=\"https:\/\/blog.olimar.de\/wp-content\/uploads\/2019\/03\/Das-Kloster-Espirito-Santo-1-768x1024.jpg 768w, https:\/\/blog.olimar.de\/wp-content\/uploads\/2019\/03\/Das-Kloster-Espirito-Santo-1-225x300.jpg 225w, https:\/\/blog.olimar.de\/wp-content\/uploads\/2019\/03\/Das-Kloster-Espirito-Santo-1-420x560.jpg 420w, https:\/\/blog.olimar.de\/wp-content\/uploads\/2019\/03\/Das-Kloster-Espirito-Santo-1.jpg 900w\" sizes=\"auto, (max-width: 768px) 100vw, 768px\" \/><\/figure><\/li><li class=\"blocks-gallery-item\"><figure><img loading=\"lazy\" decoding=\"async\" width=\"768\" height=\"1024\" src=\"https:\/\/blog.olimar.de\/wp-content\/uploads\/2019\/03\/Der-Kreuzgang-Hof-768x1024.jpg\" alt=\"Kreuzgang Hof Loul\u00e9\" data-id=\"10733\" data-link=\"https:\/\/blog.olimar.de\/?attachment_id=10733\" class=\"wp-image-10733\" srcset=\"https:\/\/blog.olimar.de\/wp-content\/uploads\/2019\/03\/Der-Kreuzgang-Hof-768x1024.jpg 768w, https:\/\/blog.olimar.de\/wp-content\/uploads\/2019\/03\/Der-Kreuzgang-Hof-225x300.jpg 225w, https:\/\/blog.olimar.de\/wp-content\/uploads\/2019\/03\/Der-Kreuzgang-Hof-420x560.jpg 420w\" sizes=\"auto, (max-width: 768px) 100vw, 768px\" \/><\/figure><\/li><li class=\"blocks-gallery-item\"><figure><img loading=\"lazy\" decoding=\"async\" width=\"768\" height=\"1024\" src=\"https:\/\/blog.olimar.de\/wp-content\/uploads\/2019\/03\/Der-Kreuzgang-768x1024.jpg\" alt=\"Kreuzgang in Loul\u00e9\" data-id=\"10734\" data-link=\"https:\/\/blog.olimar.de\/?attachment_id=10734\" class=\"wp-image-10734\" srcset=\"https:\/\/blog.olimar.de\/wp-content\/uploads\/2019\/03\/Der-Kreuzgang-768x1024.jpg 768w, https:\/\/blog.olimar.de\/wp-content\/uploads\/2019\/03\/Der-Kreuzgang-225x300.jpg 225w, https:\/\/blog.olimar.de\/wp-content\/uploads\/2019\/03\/Der-Kreuzgang-420x560.jpg 420w\" sizes=\"auto, (max-width: 768px) 100vw, 768px\" \/><\/figure><\/li><\/ul><\/figure>\n\n\n\n<p class=\"wp-block-paragraph\">Durch den Hinterausgang tritt man ein in den antiken Teil der Altstadt. Hier stehen H\u00e4user mit Flachdach, niedrigen T\u00fcren und eng aneinandergebaut in asymmetrischer Anordnung links und rechts der schmalen Gassen, die man wie in Medina-Stadtvierteln \u00fcblich, immer noch nur zu Fu\u00df erkunden kann. <\/p>\n\n\n\n<figure class=\"wp-block-image\"><img loading=\"lazy\" decoding=\"async\" width=\"768\" height=\"1024\" src=\"https:\/\/blog.olimar.de\/wp-content\/uploads\/2019\/03\/Gassen-in-der-Altstadt-768x1024.jpg\" alt=\"Gassen in der Altstadt von Loul\u00e9\" class=\"wp-image-10747\" srcset=\"https:\/\/blog.olimar.de\/wp-content\/uploads\/2019\/03\/Gassen-in-der-Altstadt-768x1024.jpg 768w, https:\/\/blog.olimar.de\/wp-content\/uploads\/2019\/03\/Gassen-in-der-Altstadt-225x300.jpg 225w, https:\/\/blog.olimar.de\/wp-content\/uploads\/2019\/03\/Gassen-in-der-Altstadt-420x560.jpg 420w\" sizes=\"auto, (max-width: 768px) 100vw, 768px\" \/><\/figure>\n\n\n\n<p class=\"wp-block-paragraph\">Das st\u00e4dtische Flair auf der Avenida Costa Mealha bleibt hier ausgesperrt. Links die Gasse entlang geht es im Zickzackkurs zur\u00fcck zum Markt, rechts f\u00fchrt sie zum St\u00e4dtischen Museum mit Burgzinnen und zum Largo D. Pedro I, mit arch\u00e4ologischer Ausgrabungsst\u00e4tte eines arabischen Hammams. <\/p>\n\n\n\n<figure class=\"wp-block-image\"><img loading=\"lazy\" decoding=\"async\" width=\"1024\" height=\"768\" src=\"https:\/\/blog.olimar.de\/wp-content\/uploads\/2019\/03\/Das-islamsche-Hammam-1024x768.jpg\" alt=\"Ausgrabungsst\u00e4tte Hammam in Loul\u00e9\" class=\"wp-image-10736\" srcset=\"https:\/\/blog.olimar.de\/wp-content\/uploads\/2019\/03\/Das-islamsche-Hammam-1024x768.jpg 1024w, https:\/\/blog.olimar.de\/wp-content\/uploads\/2019\/03\/Das-islamsche-Hammam-300x225.jpg 300w, https:\/\/blog.olimar.de\/wp-content\/uploads\/2019\/03\/Das-islamsche-Hammam-768x576.jpg 768w, https:\/\/blog.olimar.de\/wp-content\/uploads\/2019\/03\/Das-islamsche-Hammam.jpg 1301w\" sizes=\"auto, (max-width: 1024px) 100vw, 1024px\" \/><figcaption>Hammam-Ausgrabungsst\u00e4tte<\/figcaption><\/figure>\n\n\n\n<p class=\"wp-block-paragraph\">Der Geruch nach feuchter Erde, absorbiert in den uralten Mauersockeln, verr\u00e4t sofort, dass hier einst eine Badeanstalt stand. An der R\u00fcckseite des Geb\u00e4udes verbirgt sich der Stadtbrunnen.<br><\/p>\n\n\n\n<figure class=\"wp-block-image\"><img loading=\"lazy\" decoding=\"async\" width=\"1024\" height=\"768\" src=\"https:\/\/blog.olimar.de\/wp-content\/uploads\/2019\/03\/Der-Stadtbrunnen-1024x768.jpg\" alt=\"Stadtbrunnen von Loul\u00e9\" class=\"wp-image-10737\" srcset=\"https:\/\/blog.olimar.de\/wp-content\/uploads\/2019\/03\/Der-Stadtbrunnen-1024x768.jpg 1024w, https:\/\/blog.olimar.de\/wp-content\/uploads\/2019\/03\/Der-Stadtbrunnen-300x225.jpg 300w, https:\/\/blog.olimar.de\/wp-content\/uploads\/2019\/03\/Der-Stadtbrunnen-768x576.jpg 768w\" sizes=\"auto, (max-width: 1024px) 100vw, 1024px\" \/><figcaption>Stadtbrunnen von Loul\u00e9<\/figcaption><\/figure>\n\n\n\n<h2 class=\"wp-block-heading\"><strong>Im Stadtmuseum von Loul\u00e9<\/strong><\/h2>\n\n\n\n<p class=\"wp-block-paragraph\">Eine Glast\u00fcr f\u00fchrt vom Platz D. Pedro I, in das St\u00e4dtische Museum von Loul\u00e9 und auf die Burgzinnen bis hinauf auf den h\u00f6chsten Wachturm Torre da Barbac\u00e1. Gesch\u00fctzt von einer \u00fcber drei\u00dfig Meter hoch aufragenden Wehrmauer, lag die k\u00f6nigliche Herberge der maurischen und sp\u00e4ter christlichen Gesandten des K\u00f6nigs. Zu den ber\u00fchmtesten G\u00e4sten geh\u00f6rten K\u00f6nig Alfons V, K\u00f6nig D. Pedro I, sowie K\u00f6nig Sebastian von Portugal. W\u00e4hrend Ihre Exzellenzen im ersten Stock in einem k\u00f6niglich eingerichteten Schlafgemach in bequemen Betten mit Himmel und flauschigen Kissen tr\u00e4umten, schlief ihre Eskorte unten in den Katakomben bei den Pferden <br><\/p>\n\n\n\n<p class=\"has-very-light-gray-background-color has-background wp-block-paragraph\">\u00d6ffnungszeiten Stadtmuseum Loul\u00e9: Di \u2013 Fr 10 \u2013 18 Uhr, Sa 10 \u2013 16.30 Uhr <\/p>\n\n\n\n<p class=\"wp-block-paragraph\">Heute befindet sich in diesen Katakomben das arch\u00e4ologische Museum mit Fundst\u00fccken aus Loul\u00e9, die den historischen Verlauf der Stadt als Handelsplatz zwischen Orient und Okzident, zwischen Kultur und Religion, und zwischen Binnenland und K\u00fcste dokumentieren. Besonders interessant ist die Sammlung von Aber-Millionen Jahre alte Fossilien. In der Gew\u00f6lbedecke in der Mitte prangt ein einzelner, quadratischer Kopfstein. Wer den herauszieht, bringt das gesamte Geb\u00e4ude zum Einsturz, hei\u00dft es mit Augenzwinkern.<br><\/p>\n\n\n\n<figure class=\"wp-block-gallery columns-2 is-cropped wp-block-gallery-2 is-layout-flex wp-block-gallery-is-layout-flex\"><ul class=\"blocks-gallery-grid\"><li class=\"blocks-gallery-item\"><figure><img loading=\"lazy\" decoding=\"async\" width=\"1024\" height=\"768\" src=\"https:\/\/blog.olimar.de\/wp-content\/uploads\/2019\/03\/Die-Fossilien-1024x768.jpg\" alt=\"Fossilien im Stadtmuseum Loul\u00e9\" data-id=\"10738\" data-link=\"https:\/\/blog.olimar.de\/?attachment_id=10738\" class=\"wp-image-10738\" srcset=\"https:\/\/blog.olimar.de\/wp-content\/uploads\/2019\/03\/Die-Fossilien-1024x768.jpg 1024w, https:\/\/blog.olimar.de\/wp-content\/uploads\/2019\/03\/Die-Fossilien-300x225.jpg 300w, https:\/\/blog.olimar.de\/wp-content\/uploads\/2019\/03\/Die-Fossilien-768x576.jpg 768w\" sizes=\"auto, (max-width: 1024px) 100vw, 1024px\" \/><figcaption class=\"blocks-gallery-item__caption\">Fossilien im Stadtmuseum<\/figcaption><\/figure><\/li><li class=\"blocks-gallery-item\"><figure><img loading=\"lazy\" decoding=\"async\" width=\"1024\" height=\"768\" src=\"https:\/\/blog.olimar.de\/wp-content\/uploads\/2019\/03\/Der-Kopfstein-1024x768.jpg\" alt=\"Kopfstein im Museum von Loul\u00e9\" data-id=\"10739\" data-link=\"https:\/\/blog.olimar.de\/?attachment_id=10739\" class=\"wp-image-10739\" srcset=\"https:\/\/blog.olimar.de\/wp-content\/uploads\/2019\/03\/Der-Kopfstein-1024x768.jpg 1024w, https:\/\/blog.olimar.de\/wp-content\/uploads\/2019\/03\/Der-Kopfstein-300x225.jpg 300w, https:\/\/blog.olimar.de\/wp-content\/uploads\/2019\/03\/Der-Kopfstein-768x576.jpg 768w\" sizes=\"auto, (max-width: 1024px) 100vw, 1024px\" \/><figcaption class=\"blocks-gallery-item__caption\">Kopfstein im Stadtmuseum<\/figcaption><\/figure><\/li><\/ul><\/figure>\n\n\n\n<p class=\"wp-block-paragraph\">In den ersten Stock f\u00fchrt eine Treppe vorbei an einer traditionell eingerichteten Herrenhaus-K\u00fcche auf die Burgmauer. Von den Zinnen aus f\u00e4chert sich das Panorama auf bis zur K\u00fcste nach Quarteira. Auf der H\u00fcgelkuppe westlich vor den Toren der Stadt steht eine mittelalterliche Kirche neben einer modernen Kirche mit Kuppel. Dort ist das Heiligtum Santu\u00e1rio da Nossa Senhora de Piedade untergebracht, wohin der Ausflug nach der Mittagspause f\u00fchrt.<br><\/p>\n\n\n\n<figure class=\"wp-block-image\"><img loading=\"lazy\" decoding=\"async\" width=\"1024\" height=\"768\" src=\"https:\/\/blog.olimar.de\/wp-content\/uploads\/2019\/03\/Ausblick-von-den-Zinnen-1-1024x768.jpg\" alt=\"Ausblick Loul\u00e9 von den Zinnen\" class=\"wp-image-10740\" srcset=\"https:\/\/blog.olimar.de\/wp-content\/uploads\/2019\/03\/Ausblick-von-den-Zinnen-1-1024x768.jpg 1024w, https:\/\/blog.olimar.de\/wp-content\/uploads\/2019\/03\/Ausblick-von-den-Zinnen-1-300x225.jpg 300w, https:\/\/blog.olimar.de\/wp-content\/uploads\/2019\/03\/Ausblick-von-den-Zinnen-1-768x576.jpg 768w, https:\/\/blog.olimar.de\/wp-content\/uploads\/2019\/03\/Ausblick-von-den-Zinnen-1.jpg 1056w\" sizes=\"auto, (max-width: 1024px) 100vw, 1024px\" \/><\/figure>\n\n\n\n<p class=\"wp-block-paragraph\">Am Fu\u00dfe der Festungsmauer befindet sich das alte Handwerker-Viertel. \u00dcbrig geblieben ist die Kesselflicker-Werkstatt. Beim Mestre Caldereiro gibt es aber heutzutage l\u00e4ngst nicht mehr nur Henkelt\u00f6pfe zu kaufen, sondern auf Hochglanz polierte Cataplana-T\u00f6pfe f\u00fcr den traditionellen Algarve Fisch-Eintopf sowie von Hand gearbeitete Lampenschirme aus Messing und Kupfer sowie Design-Schmuck aus der Metallschmiede.<br><\/p>\n\n\n\n<figure class=\"wp-block-image\"><img loading=\"lazy\" decoding=\"async\" width=\"768\" height=\"1024\" src=\"https:\/\/blog.olimar.de\/wp-content\/uploads\/2019\/03\/Der-Kesselflicker-768x1024.jpg\" alt=\"Kesselflicker Werkstatt Loul\u00e9\" class=\"wp-image-10741\" srcset=\"https:\/\/blog.olimar.de\/wp-content\/uploads\/2019\/03\/Der-Kesselflicker-768x1024.jpg 768w, https:\/\/blog.olimar.de\/wp-content\/uploads\/2019\/03\/Der-Kesselflicker-225x300.jpg 225w, https:\/\/blog.olimar.de\/wp-content\/uploads\/2019\/03\/Der-Kesselflicker-420x560.jpg 420w\" sizes=\"auto, (max-width: 768px) 100vw, 768px\" \/><\/figure>\n\n\n\n<p class=\"wp-block-paragraph\">Von dort f\u00fchrt die Stra\u00dfe zum unteren Ende der Hauptallee von Loul\u00e9 und in die Fu\u00dfg\u00e4ngerzone mit Gesch\u00e4ften, Caf\u00e9s und Boutiquen. In der Mittagspause schlie\u00dfen die Gesch\u00e4fte. Loul\u00e9 setzt sich zu Tisch. Gepr\u00e4gt von den Gaben aus dem Meer vor der Haust\u00fcr und von den Feldern der Serra bietet die lokale Gastronomie eine Vielzahl Speisen f\u00fcr jeden Geschmack. Attraktiv f\u00fcr Touristen aufbereitet, halten zus\u00e4tzlich Themenrestaurants vegane, vegetarische, und mediterran servierte K\u00fcche bereit. Traditionelle Tagesgerichte findet man in der Stra\u00dfe Rua Dona Filipa Vilhena und rund um die Markthalle. Wer mag, probiert delikat regional typische Gerichte aus Maismehl, Papas de Milho, oder Gr\u00e3o com Galinha, Kichererbsen Eintopf, sowie feine Fischgerichte vom Grill und aus dem Topf.<br><\/p>\n\n\n\n<figure class=\"wp-block-image\"><img loading=\"lazy\" decoding=\"async\" width=\"1024\" height=\"768\" src=\"https:\/\/blog.olimar.de\/wp-content\/uploads\/2019\/03\/Maisbrei-Eintopf-Papas-de-Milho-1024x768.jpg\" alt=\"Maisbrei Eintopf Papas\" class=\"wp-image-10743\" srcset=\"https:\/\/blog.olimar.de\/wp-content\/uploads\/2019\/03\/Maisbrei-Eintopf-Papas-de-Milho-1024x768.jpg 1024w, https:\/\/blog.olimar.de\/wp-content\/uploads\/2019\/03\/Maisbrei-Eintopf-Papas-de-Milho-300x225.jpg 300w, https:\/\/blog.olimar.de\/wp-content\/uploads\/2019\/03\/Maisbrei-Eintopf-Papas-de-Milho-768x576.jpg 768w\" sizes=\"auto, (max-width: 1024px) 100vw, 1024px\" \/><\/figure>\n\n\n\n<h2 class=\"wp-block-heading\"><strong>Prozessionen und Osterfeierlichkeiten in Loul\u00e9<\/strong><\/h2>\n\n\n\n<p class=\"wp-block-paragraph\">Zum Heiligtum Santu\u00e1rio Nossa Senhora de Piedade f\u00fchrt eine eigene Stra\u00dfe hinauf, oder wer mag, erklimmt zu Fu\u00df den mit Kopfsteinpflaster ausgelegten Pilgerweg, den Tausende Gl\u00e4ubige an ihrem religi\u00f6sen Fest an Ostern zu Ehren ihrer Schutzheiligen Mae Soberana feiern. Die Schutzheilige, eine 380 Kilogramm schwere Madonna im Baldachin, wird von acht M\u00e4nnern, den sogenannten Homens de Andor, auf den Schultern an Ostersonntag in einer feierlichen Prozession aus der antiken Kapelle am Heiligtum auf dem H\u00fcgel in die Kirche S\u00e3o Francisco in die Stadt getragen. <\/p>\n\n\n\n<figure class=\"wp-block-image\"><img loading=\"lazy\" decoding=\"async\" width=\"1024\" height=\"576\" src=\"https:\/\/blog.olimar.de\/wp-content\/uploads\/2019\/03\/Weg-der-Prozession-1024x576.jpg\" alt=\"Weg der Prozession Loul\u00e9\" class=\"wp-image-10746\" srcset=\"https:\/\/blog.olimar.de\/wp-content\/uploads\/2019\/03\/Weg-der-Prozession-1024x576.jpg 1024w, https:\/\/blog.olimar.de\/wp-content\/uploads\/2019\/03\/Weg-der-Prozession-300x169.jpg 300w, https:\/\/blog.olimar.de\/wp-content\/uploads\/2019\/03\/Weg-der-Prozession-768x432.jpg 768w\" sizes=\"auto, (max-width: 1024px) 100vw, 1024px\" \/><\/figure>\n\n\n\n<figure class=\"wp-block-image\"><img loading=\"lazy\" decoding=\"async\" width=\"1024\" height=\"576\" src=\"https:\/\/blog.olimar.de\/wp-content\/uploads\/2019\/03\/Santu\u00e1rio-Nossa-Senhora-de-Piedade-1024x576.jpg\" alt=\"Santu\u00e1rio Nossa Senhora de Piedade\" class=\"wp-image-10744\" srcset=\"https:\/\/blog.olimar.de\/wp-content\/uploads\/2019\/03\/Santu\u00e1rio-Nossa-Senhora-de-Piedade-1024x576.jpg 1024w, https:\/\/blog.olimar.de\/wp-content\/uploads\/2019\/03\/Santu\u00e1rio-Nossa-Senhora-de-Piedade-300x169.jpg 300w, https:\/\/blog.olimar.de\/wp-content\/uploads\/2019\/03\/Santu\u00e1rio-Nossa-Senhora-de-Piedade-768x432.jpg 768w\" sizes=\"auto, (max-width: 1024px) 100vw, 1024px\" \/><\/figure>\n\n\n\n<figure class=\"wp-block-image\"><img loading=\"lazy\" decoding=\"async\" width=\"768\" height=\"1024\" src=\"https:\/\/blog.olimar.de\/wp-content\/uploads\/2019\/03\/Mae-Soberana-768x1024.jpg\" alt=\"Mae Soberana in Loul\u00e9\" class=\"wp-image-10745\" srcset=\"https:\/\/blog.olimar.de\/wp-content\/uploads\/2019\/03\/Mae-Soberana-768x1024.jpg 768w, https:\/\/blog.olimar.de\/wp-content\/uploads\/2019\/03\/Mae-Soberana-225x300.jpg 225w, https:\/\/blog.olimar.de\/wp-content\/uploads\/2019\/03\/Mae-Soberana-420x560.jpg 420w\" sizes=\"auto, (max-width: 768px) 100vw, 768px\" \/><\/figure>\n\n\n\n<p class=\"wp-block-paragraph\">Richtig spannend wird es zwei Wochen sp\u00e4ter am 2. Sonntag nach Ostersonntag, wenn die Tr\u00e4ger die Ikone zur\u00fcck in ihr Heiligtum schleppen. Tausende Pilger folgen der Schutzheiligen Mae Soberana und dem Prozessionszug quer durch die Stadt &#8211; und zum Schluss im Dauerlauf den H\u00fcgel hinauf. Die Luft flirrt, die Sonne geht unter, die Fackeln brennen und die acht Tr\u00e4ger rennen im Schwei\u00dfe ihres Angesichts und im Namen aller in der Stadt zur Kirche hinauf, und bitten symbolisch mit diesem Kraftakt um Schutz und reiche Ernte f\u00fcr das kommende Jahr. Rechts und links des Pilgerweges stehen Gl\u00e4ubige, klatschen erst langsam, dann schneller und feuern die Tr\u00e4ger zum schneller laufen an. Musik ert\u00f6nt, der Takt beschleunigt, je steiler der Weg, und steigert sich in ein fulminantes Finale, begleitet von \u201eViva!\u201c, lebe Hoch-Rufen, sobald die Tr\u00e4ger mit der Madonna ihr Ziel erreichen. <br><\/p>\n\n\n\n<p class=\"has-very-light-gray-background-color has-background wp-block-paragraph\">Osterfeierlichkeiten 2019:  Prozession Ostersonntag (21. April) ab ca. 15 Uhr; Prozession 2. Sonntag nach Ostern (5. Mai) \u2013 ab ca. 17 Uhr<\/p>\n\n\n\n<p class=\"wp-block-paragraph\">Mae Soberana &#8211; Ein wahrlich emotionales Erlebnis f\u00fcr alle Beteiligten. So finden zwischen Ostersonntag und dem Sonntag der Barmherzigkeit jeden Tag andere religi\u00f6se Zeremonien statt und gew\u00e4hren dem Besucher Einblick in die nach wie vor tief verwurzelte Religiosit\u00e4t. Um ihren Dank f\u00fcr ihr Studium auszudr\u00fccken, legen Studenten den Tr\u00e4gern ihre Universit\u00e4ts-Umh\u00e4nge zu F\u00fc\u00dfen. Kinder bekommen einen eigenen Gottesdienst, um der Madonna ihre W\u00fcnsche vorzutragen. Erwachsene leisten F\u00fcrbitte. \u00dcber 400 Jahre Brauchtum kommen in diesem Pilgerfest zum Ausdruck.  <br><\/p>\n\n\n\n<p class=\"wp-block-paragraph\">Ein Abstecher zum Heiligtum und seine beiden Kirchen lohnt \u00fcbrigens zu jeder Jahreszeit. Mit oder ohne Prozession, die Aussicht ist grandios.<\/p>\n","protected":false},"excerpt":{"rendered":"<p>Die Fidelit\u00e4t des gewachsenen Marktplatzes sp\u00fcrt man bereits am Kreisverkehr vor der Markthalle. \u201eGl\u00fcckliche Leute beim Tanzen\u201c hei\u00dft die zehn Meter hohe Skulptur mitten im Springbrunnen an der Prachtallee von Loul\u00e9. Der Blick durch den Ring mit dem tanzenden P\u00e4rchen obenauf und die Statuette eines Akkordeonspielers zu ihren F\u00fc\u00dfen ist gleichzeitig der Eintritt in die Altstadt. Wie alle St\u00e4dte in der Algarve, atmet Loul\u00e9 Nostalgie ein und Moderne aus, erz\u00e4hlt auf einem Spaziergang von \u00fcber tausend Jahren Zeitgeschichte und \u00fcberrascht hinter jeder Stra\u00dfenecke wieder mit Romantik, Stra\u00dfenkunst und gr\u00fcnen Oasen. Das Stadtbild im Zentrum ist gepr\u00e4gt von Wehrt\u00fcrmen, Burgmauern und Stadttoren, &hellip;<\/p>\n","protected":false},"author":70,"featured_media":10728,"comment_status":"open","ping_status":"open","sticky":false,"template":"","format":"standard","meta":{"_crdt_document":"","_lmt_disableupdate":"","_lmt_disable":"","footnotes":""},"categories":[28,31],"tags":[24,34],"class_list":["post-10722","post","type-post","status-publish","format-standard","has-post-thumbnail","hentry","category-kunst-kultur","category-land-leute","tag-algarve","tag-portugal"],"yoast_head":"<!-- This site is optimized with the Yoast SEO plugin v26.9 - https:\/\/yoast.com\/product\/yoast-seo-wordpress\/ -->\n<title>Spaziergang durch Loul\u00e9 an der Algarve - wir nehmen Sie mit<\/title>\n<meta name=\"description\" content=\"Unsere Autorin lebt an der Algarve, nimmt Sie mit auf einen Spaziergang durch das St\u00e4dtchen Loul\u00e9 und berichtet \u00fcber dortige Osterbr\u00e4uche.\" \/>\n<meta name=\"robots\" content=\"index, follow, max-snippet:-1, max-image-preview:large, max-video-preview:-1\" \/>\n<link rel=\"canonical\" href=\"https:\/\/blog.olimar.de\/loule\/\" \/>\n<meta property=\"og:locale\" content=\"de_DE\" \/>\n<meta property=\"og:type\" content=\"article\" \/>\n<meta property=\"og:title\" content=\"Spaziergang durch Loul\u00e9 an der Algarve - wir nehmen Sie mit\" \/>\n<meta property=\"og:description\" content=\"Unsere Autorin lebt an der Algarve, nimmt Sie mit auf einen Spaziergang durch das St\u00e4dtchen Loul\u00e9 und berichtet \u00fcber dortige Osterbr\u00e4uche.\" \/>\n<meta property=\"og:url\" content=\"https:\/\/blog.olimar.de\/loule\/\" \/>\n<meta property=\"article:publisher\" content=\"https:\/\/www.facebook.com\/OlimarReisen\" \/>\n<meta property=\"article:published_time\" content=\"2019-03-29T16:44:39+00:00\" \/>\n<meta property=\"article:modified_time\" content=\"2021-04-06T14:21:42+00:00\" \/>\n<meta property=\"og:image\" content=\"https:\/\/i0.wp.com\/blog.olimar.de\/wp-content\/uploads\/2019\/03\/Ausblick-von-den-Znnen-2.jpg?fit=1056%2C792&ssl=1\" \/>\n\t<meta property=\"og:image:width\" content=\"1056\" \/>\n\t<meta property=\"og:image:height\" content=\"792\" \/>\n\t<meta property=\"og:image:type\" content=\"image\/jpeg\" \/>\n<meta name=\"author\" content=\"Catrin Ponciano\" \/>\n<meta name=\"twitter:label1\" content=\"Verfasst von\" \/>\n\t<meta name=\"twitter:data1\" content=\"Catrin Ponciano\" \/>\n\t<meta name=\"twitter:label2\" content=\"Gesch\u00e4tzte Lesezeit\" \/>\n\t<meta name=\"twitter:data2\" content=\"7\u00a0Minuten\" \/>\n<script type=\"application\/ld+json\" class=\"yoast-schema-graph\">{\"@context\":\"https:\/\/schema.org\",\"@graph\":[{\"@type\":\"WebPage\",\"@id\":\"https:\/\/blog.olimar.de\/loule\/\",\"url\":\"https:\/\/blog.olimar.de\/loule\/\",\"name\":\"Spaziergang durch Loul\u00e9 an der Algarve - wir nehmen Sie mit\",\"isPartOf\":{\"@id\":\"https:\/\/blog.olimar.de\/#website\"},\"primaryImageOfPage\":{\"@id\":\"https:\/\/blog.olimar.de\/loule\/#primaryimage\"},\"image\":{\"@id\":\"https:\/\/blog.olimar.de\/loule\/#primaryimage\"},\"thumbnailUrl\":\"https:\/\/blog.olimar.de\/wp-content\/uploads\/2019\/03\/Ausblick-von-den-Znnen-2.jpg\",\"datePublished\":\"2019-03-29T16:44:39+00:00\",\"dateModified\":\"2021-04-06T14:21:42+00:00\",\"description\":\"Unsere Autorin lebt an der Algarve, nimmt Sie mit auf einen Spaziergang durch das St\u00e4dtchen Loul\u00e9 und berichtet \u00fcber dortige Osterbr\u00e4uche.\",\"breadcrumb\":{\"@id\":\"https:\/\/blog.olimar.de\/loule\/#breadcrumb\"},\"inLanguage\":\"de\",\"potentialAction\":[{\"@type\":\"ReadAction\",\"target\":[\"https:\/\/blog.olimar.de\/loule\/\"]}]},{\"@type\":\"ImageObject\",\"inLanguage\":\"de\",\"@id\":\"https:\/\/blog.olimar.de\/loule\/#primaryimage\",\"url\":\"https:\/\/blog.olimar.de\/wp-content\/uploads\/2019\/03\/Ausblick-von-den-Znnen-2.jpg\",\"contentUrl\":\"https:\/\/blog.olimar.de\/wp-content\/uploads\/2019\/03\/Ausblick-von-den-Znnen-2.jpg\",\"width\":1056,\"height\":792,\"caption\":\"Ausblick \u00fcber Loul\u00e9\"},{\"@type\":\"BreadcrumbList\",\"@id\":\"https:\/\/blog.olimar.de\/loule\/#breadcrumb\",\"itemListElement\":[{\"@type\":\"ListItem\",\"position\":1,\"name\":\"Home\",\"item\":\"https:\/\/blog.olimar.de\/\"},{\"@type\":\"ListItem\",\"position\":2,\"name\":\"Algarve\",\"item\":\"https:\/\/blog.olimar.de\/tag\/algarve\/\"},{\"@type\":\"ListItem\",\"position\":3,\"name\":\"Osterlaune in Loul\u00e9 &#8211; ein Spaziergang durch das Algarve-St\u00e4dtchen\"}]},{\"@type\":\"WebSite\",\"@id\":\"https:\/\/blog.olimar.de\/#website\",\"url\":\"https:\/\/blog.olimar.de\/\",\"name\":\"OLIMAR.com\",\"description\":\"\",\"publisher\":{\"@id\":\"https:\/\/blog.olimar.de\/#organization\"},\"potentialAction\":[{\"@type\":\"SearchAction\",\"target\":{\"@type\":\"EntryPoint\",\"urlTemplate\":\"https:\/\/blog.olimar.de\/?s={search_term_string}\"},\"query-input\":{\"@type\":\"PropertyValueSpecification\",\"valueRequired\":true,\"valueName\":\"search_term_string\"}}],\"inLanguage\":\"de\"},{\"@type\":\"Organization\",\"@id\":\"https:\/\/blog.olimar.de\/#organization\",\"name\":\"OLIMAR Reisen\",\"url\":\"https:\/\/blog.olimar.de\/\",\"logo\":{\"@type\":\"ImageObject\",\"inLanguage\":\"de\",\"@id\":\"https:\/\/blog.olimar.de\/#\/schema\/logo\/image\/\",\"url\":\"https:\/\/blog.olimar.de\/wp-content\/uploads\/2021\/01\/OLIMAR_Logo_COLOR.png\",\"contentUrl\":\"https:\/\/blog.olimar.de\/wp-content\/uploads\/2021\/01\/OLIMAR_Logo_COLOR.png\",\"width\":2000,\"height\":986,\"caption\":\"OLIMAR Reisen\"},\"image\":{\"@id\":\"https:\/\/blog.olimar.de\/#\/schema\/logo\/image\/\"},\"sameAs\":[\"https:\/\/www.facebook.com\/OlimarReisen\",\"https:\/\/x.com\/olimarrreisen\",\"https:\/\/www.instagram.com\/olimarreisen\",\"https:\/\/www.youtube.com\/user\/olimarreisen\"]}]}<\/script>\n<!-- \/ Yoast SEO plugin. -->","yoast_head_json":{"title":"Spaziergang durch Loul\u00e9 an der Algarve - wir nehmen Sie mit","description":"Unsere Autorin lebt an der Algarve, nimmt Sie mit auf einen Spaziergang durch das St\u00e4dtchen Loul\u00e9 und berichtet \u00fcber dortige Osterbr\u00e4uche.","robots":{"index":"index","follow":"follow","max-snippet":"max-snippet:-1","max-image-preview":"max-image-preview:large","max-video-preview":"max-video-preview:-1"},"canonical":"https:\/\/blog.olimar.de\/loule\/","og_locale":"de_DE","og_type":"article","og_title":"Spaziergang durch Loul\u00e9 an der Algarve - wir nehmen Sie mit","og_description":"Unsere Autorin lebt an der Algarve, nimmt Sie mit auf einen Spaziergang durch das St\u00e4dtchen Loul\u00e9 und berichtet \u00fcber dortige Osterbr\u00e4uche.","og_url":"https:\/\/blog.olimar.de\/loule\/","article_publisher":"https:\/\/www.facebook.com\/OlimarReisen","article_published_time":"2019-03-29T16:44:39+00:00","article_modified_time":"2021-04-06T14:21:42+00:00","og_image":[{"width":1056,"height":792,"url":"https:\/\/i0.wp.com\/blog.olimar.de\/wp-content\/uploads\/2019\/03\/Ausblick-von-den-Znnen-2.jpg?fit=1056%2C792&ssl=1","type":"image\/jpeg"}],"author":"Catrin Ponciano","twitter_misc":{"Verfasst von":"Catrin Ponciano","Gesch\u00e4tzte Lesezeit":"7\u00a0Minuten"},"schema":{"@context":"https:\/\/schema.org","@graph":[{"@type":"WebPage","@id":"https:\/\/blog.olimar.de\/loule\/","url":"https:\/\/blog.olimar.de\/loule\/","name":"Spaziergang durch Loul\u00e9 an der Algarve - wir nehmen Sie mit","isPartOf":{"@id":"https:\/\/blog.olimar.de\/#website"},"primaryImageOfPage":{"@id":"https:\/\/blog.olimar.de\/loule\/#primaryimage"},"image":{"@id":"https:\/\/blog.olimar.de\/loule\/#primaryimage"},"thumbnailUrl":"https:\/\/blog.olimar.de\/wp-content\/uploads\/2019\/03\/Ausblick-von-den-Znnen-2.jpg","datePublished":"2019-03-29T16:44:39+00:00","dateModified":"2021-04-06T14:21:42+00:00","description":"Unsere Autorin lebt an der Algarve, nimmt Sie mit auf einen Spaziergang durch das St\u00e4dtchen Loul\u00e9 und berichtet \u00fcber dortige Osterbr\u00e4uche.","breadcrumb":{"@id":"https:\/\/blog.olimar.de\/loule\/#breadcrumb"},"inLanguage":"de","potentialAction":[{"@type":"ReadAction","target":["https:\/\/blog.olimar.de\/loule\/"]}]},{"@type":"ImageObject","inLanguage":"de","@id":"https:\/\/blog.olimar.de\/loule\/#primaryimage","url":"https:\/\/blog.olimar.de\/wp-content\/uploads\/2019\/03\/Ausblick-von-den-Znnen-2.jpg","contentUrl":"https:\/\/blog.olimar.de\/wp-content\/uploads\/2019\/03\/Ausblick-von-den-Znnen-2.jpg","width":1056,"height":792,"caption":"Ausblick \u00fcber Loul\u00e9"},{"@type":"BreadcrumbList","@id":"https:\/\/blog.olimar.de\/loule\/#breadcrumb","itemListElement":[{"@type":"ListItem","position":1,"name":"Home","item":"https:\/\/blog.olimar.de\/"},{"@type":"ListItem","position":2,"name":"Algarve","item":"https:\/\/blog.olimar.de\/tag\/algarve\/"},{"@type":"ListItem","position":3,"name":"Osterlaune in Loul\u00e9 &#8211; ein Spaziergang durch das Algarve-St\u00e4dtchen"}]},{"@type":"WebSite","@id":"https:\/\/blog.olimar.de\/#website","url":"https:\/\/blog.olimar.de\/","name":"OLIMAR.com","description":"","publisher":{"@id":"https:\/\/blog.olimar.de\/#organization"},"potentialAction":[{"@type":"SearchAction","target":{"@type":"EntryPoint","urlTemplate":"https:\/\/blog.olimar.de\/?s={search_term_string}"},"query-input":{"@type":"PropertyValueSpecification","valueRequired":true,"valueName":"search_term_string"}}],"inLanguage":"de"},{"@type":"Organization","@id":"https:\/\/blog.olimar.de\/#organization","name":"OLIMAR Reisen","url":"https:\/\/blog.olimar.de\/","logo":{"@type":"ImageObject","inLanguage":"de","@id":"https:\/\/blog.olimar.de\/#\/schema\/logo\/image\/","url":"https:\/\/blog.olimar.de\/wp-content\/uploads\/2021\/01\/OLIMAR_Logo_COLOR.png","contentUrl":"https:\/\/blog.olimar.de\/wp-content\/uploads\/2021\/01\/OLIMAR_Logo_COLOR.png","width":2000,"height":986,"caption":"OLIMAR Reisen"},"image":{"@id":"https:\/\/blog.olimar.de\/#\/schema\/logo\/image\/"},"sameAs":["https:\/\/www.facebook.com\/OlimarReisen","https:\/\/x.com\/olimarrreisen","https:\/\/www.instagram.com\/olimarreisen","https:\/\/www.youtube.com\/user\/olimarreisen"]}]}},"modified_by":"Sabine Wonner","jetpack_featured_media_url":"https:\/\/blog.olimar.de\/wp-content\/uploads\/2019\/03\/Ausblick-von-den-Znnen-2.jpg","_links":{"self":[{"href":"https:\/\/blog.olimar.de\/wp-json\/wp\/v2\/posts\/10722","targetHints":{"allow":["GET"]}}],"collection":[{"href":"https:\/\/blog.olimar.de\/wp-json\/wp\/v2\/posts"}],"about":[{"href":"https:\/\/blog.olimar.de\/wp-json\/wp\/v2\/types\/post"}],"author":[{"embeddable":true,"href":"https:\/\/blog.olimar.de\/wp-json\/wp\/v2\/users\/70"}],"replies":[{"embeddable":true,"href":"https:\/\/blog.olimar.de\/wp-json\/wp\/v2\/comments?post=10722"}],"version-history":[{"count":8,"href":"https:\/\/blog.olimar.de\/wp-json\/wp\/v2\/posts\/10722\/revisions"}],"predecessor-version":[{"id":16298,"href":"https:\/\/blog.olimar.de\/wp-json\/wp\/v2\/posts\/10722\/revisions\/16298"}],"wp:featuredmedia":[{"embeddable":true,"href":"https:\/\/blog.olimar.de\/wp-json\/wp\/v2\/media\/10728"}],"wp:attachment":[{"href":"https:\/\/blog.olimar.de\/wp-json\/wp\/v2\/media?parent=10722"}],"wp:term":[{"taxonomy":"category","embeddable":true,"href":"https:\/\/blog.olimar.de\/wp-json\/wp\/v2\/categories?post=10722"},{"taxonomy":"post_tag","embeddable":true,"href":"https:\/\/blog.olimar.de\/wp-json\/wp\/v2\/tags?post=10722"}],"curies":[{"name":"wp","href":"https:\/\/api.w.org\/{rel}","templated":true}]}}