{"id":10750,"date":"2019-04-01T16:00:13","date_gmt":"2019-04-01T14:00:13","guid":{"rendered":"https:\/\/blog.olimar.de\/?p=10750"},"modified":"2025-02-05T11:20:13","modified_gmt":"2025-02-05T10:20:13","slug":"vulkanwanderung-auf-la-palma","status":"publish","type":"post","link":"https:\/\/blog.olimar.de\/vulkanwanderung-auf-la-palma\/","title":{"rendered":"Vulkanwanderung auf La Palma: Auf dem K\u00f6nigsweg von Nord nach S\u00fcd"},"content":{"rendered":"\n<p><strong>Ein Urlaub zur Winter- und Weihnachtszeit auf der Kanareninsel La Palma ist ein absoluter Genuss! W\u00e4hrend in Deutschland insbesondere in den letzten Tagen vor Weihnachten Stress, Hektik und h\u00e4ufig schmuddelig-kaltes Wetter dominieren, erwarten den Urlauber auf der im \u00e4u\u00dfersten Nordwesten des Archipels gelegenen Kanareninsel La Palma in der Regel herrlicher Sonnenschein und fr\u00fchlingshafte bis sommerliche Temperaturen. Hinzu kommen eine \u00fcppig-bunt-bl\u00fchende Natur und der fast allgegenw\u00e4rtige Blick auf den glitzernden Atlantik. Fern des Weihnachtstrubels stellen sich Erholung und Entspannung dadurch sehr schnell und ganz automatisch ein.<\/strong><\/p>\n\n\n\n<div class=\"wp-block-buttons is-layout-flex wp-block-buttons-is-layout-flex\">\n<div class=\"wp-block-button\"><a class=\"wp-block-button__link wp-element-button\" href=\"https:\/\/www.olimar.de\/spanien\/kanaren\/la-palma\/\">La Palma Reiseangebote und Hoteltipps entdecken<\/a><\/div>\n<\/div>\n\n\n\n<div style=\"height:25px\" aria-hidden=\"true\" class=\"wp-block-spacer\"><\/div>\n\n\n\n<p class=\"wp-block-paragraph\">Auch wer es zwischendurch aktiver angehen lassen m\u00f6chte, findet auf La Palma ein kleines Urlaubsparadies vor: Die Insel vulkanischen Ursprungs bietet eine F\u00fclle an phantastischen Wanderwegen durch eine auf kleinstem Raum h\u00f6chst abwechslungsreiche Natur.<br>\nEin gro\u00dfartiges Highlight ist die Vulkanwanderung auf La Palma entlang der Cumbre Vieja Vulkankette von der Mitte bis zur S\u00fcdspitze der Insel. Diese als \u201cRuta de los Volcanes\u201d ausgezeichnete Wanderung gilt als der Wanderklassiker schlechthin auf La Palma.<\/p>\n\n\n\n<div class=\"grey-box\"><p><strong>La Palmas Vulkanroute (Ruta de los Volcanes)<\/strong> <\/p>\n&#8211; Start, Ziel: Refugio El Pilar bis Los Canarios (Fuencaliente) <br>\n&#8211; 17,7 km L\u00e4nge, 700 m Aufstieg, 1.400 m Abstieg<br>\n&#8211; h\u00f6chster Punkt: Vulkan Pico Nambroque, 1.924 m<br>\n&#8211; mittelschwer, Kondition und festes Schuhwerk erforderlich<br>\n&#8211; keine Einkehrm\u00f6glichkeiten unterwegs<br>\n&#8211; eine ausf\u00fchrliche Routenbeschreibung gibt&#8217;s im Rother Wanderf\u00fchrer &#8220;La Palma&#8221;, Tour Nr. 50\n<\/div>\n\n\n\n\n\n<h2 class=\"wp-block-heading\"><strong>Transfer-Tipp zum Startpunkt der Vulkanwanderung<\/strong><\/h2>\n\n\n\n<p class=\"wp-block-paragraph\">In unserem <a href=\"https:\/\/www.olimar.de\/spanien\/kanaren\/la-palma\/\">La Palma Urlaub<\/a> im Dezember war diese ganzt\u00e4gige Wanderung einer der absoluten H\u00f6hepunkte. Da es sich nicht um eine Rundwanderung handelt und der Ausgangspunkt zudem noch in einem Waldgebiet fernab des \u00f6ffentlichen Busnetzes liegt, bedarf es ein Wenig vorheriger Organisation bzw. Planung. Wir haben eine bequeme und sehr kosteng\u00fcnstige M\u00f6glichkeit gefunden: <\/p>\n\n\n\n<p class=\"wp-block-paragraph\">Der Mietwagen l\u00e4sst sich am Morgen wunderbar und kostenlos am s\u00fcdlichen Zielpunkt der Wanderung in Los Canarios Fuencaliente abstellen. An der Haltestelle gegen\u00fcber der nicht \u00fcbersehbaren, kleinen Touristeninfo auf der Hauptstra\u00dfe (Carretera General) beginnt die ca. 40-min\u00fctige Busfahrt mit den Buslinien 200 und 300 (Umstieg in Cruze Tajuya mit 5 Minuten Wartezeit) bis zur Haltestelle Las Piedras. Diese liegt genau gegen\u00fcber des sehenswerten Besucherzentrums La Caldera de Taburiente in El Paso. Von dort ruft man den Taxidienst (die Nummer ist an der Haltestelle notiert) und l\u00e4sst sich in knapp 20 Minuten hinauf bis zum Picknickgel\u00e4nde Refugio del Pilar, dem Tor zum Naturpark Cumbre Vieja, bringen. F\u00fcr diesen gesamten Transfer muss man rund 1,5 Stunden vor Wanderungsbeginn einrechnen sowie rund 10 EUR f\u00fcr die Taxifahrt und pro Person rund 4 EUR f\u00fcr die Busfahrt. Daf\u00fcr kommt man am Ende der Tageswanderungen in den Genuss, dass das Auto am Ziel bereit steht.<\/p>\n\n\n\n<figure class=\"wp-block-image\"><img loading=\"lazy\" decoding=\"async\" width=\"607\" height=\"1024\" src=\"https:\/\/blog.olimar.de\/wp-content\/uploads\/2019\/04\/Buslinie-Vulkanroute-607x1024.jpg\" alt=\"Screenshot Buslinie Vulkanroute\" class=\"wp-image-10775\" srcset=\"https:\/\/blog.olimar.de\/wp-content\/uploads\/2019\/04\/Buslinie-Vulkanroute-607x1024.jpg 607w, https:\/\/blog.olimar.de\/wp-content\/uploads\/2019\/04\/Buslinie-Vulkanroute-178x300.jpg 178w, https:\/\/blog.olimar.de\/wp-content\/uploads\/2019\/04\/Buslinie-Vulkanroute.jpg 750w\" sizes=\"auto, (max-width: 607px) 100vw, 607px\" \/><\/figure>\n\n\n\n<h2 class=\"wp-block-heading\"><strong>Start der Vulkanwanderung am Refugio El Pilar<\/strong><\/h2>\n\n\n\n<p class=\"wp-block-paragraph\">Auf rund 1.440 Metern beginnt die herrliche und teils etwas anstrengende Vulkanwanderung im sch\u00f6n angelegten, weitl\u00e4ufigen Picknickgel\u00e4nde El Pilar. Inmitten des Kiefernwaldes gibt es zahlreiche Grillstellen, einen sch\u00f6nen Spielplatz, sanit\u00e4re Anlagen und auch ein kleines Besucherzentrum mit einer Ausstellung zur Cumbre Vieja.<br><\/p>\n\n\n\n<p class=\"wp-block-paragraph\">Wir folgen den rot-wei\u00df-gestreiften, nicht \u00fcbersehbaren Wanderschildern \u201cLos Canarios\u201d. Bereits nach wenigen Minuten \u00f6ffnet sich der Kiefernwald und gibt wunderbare Blicke frei auf das Aridanetal und die Umrahmung der Caldera de Taburiente. Die von Osten aufziehenden Wolken wabern bis zum Kraterrand und legen sich wie eine Decke dar\u00fcber. <\/p>\n\n\n\n<figure class=\"wp-block-image\"><img loading=\"lazy\" decoding=\"async\" width=\"1024\" height=\"529\" src=\"https:\/\/blog.olimar.de\/wp-content\/uploads\/2019\/04\/Blick-Caldera-Wolken-1024x529.jpg\" alt=\"Blick auf Caldera La Palma\" class=\"wp-image-10755\" srcset=\"https:\/\/blog.olimar.de\/wp-content\/uploads\/2019\/04\/Blick-Caldera-Wolken-1024x529.jpg 1024w, https:\/\/blog.olimar.de\/wp-content\/uploads\/2019\/04\/Blick-Caldera-Wolken-300x155.jpg 300w, https:\/\/blog.olimar.de\/wp-content\/uploads\/2019\/04\/Blick-Caldera-Wolken-768x397.jpg 768w, https:\/\/blog.olimar.de\/wp-content\/uploads\/2019\/04\/Blick-Caldera-Wolken.jpg 1992w\" sizes=\"auto, (max-width: 1024px) 100vw, 1024px\" \/><\/figure>\n\n\n\n<p class=\"wp-block-paragraph\"><\/p>\n\n\n\n<p class=\"wp-block-paragraph\">Dieses Schauspiel begleitet uns noch den ganzen Tag. Es macht deutlich, wie das Klima auf La Palma funktioniert: Auf der Ostseite h\u00e4ngt permanent eine dichte Wolkendecke, die jedoch von der Vulkankette Cumbre Vieja, auf deren bis zu 1949 Meter hohen Kamm die Vulkanwanderung von Nord nach S\u00fcd entlangf\u00fchrt, aufgehalten wird. Der Blick gen Westen ist daher den ganzen Tag \u00fcber wolkenfrei und klar. Nicht umsonst wird die Westseite La Palmas auch die \u201cSonnenseite\u201d der Insel genannt.<\/p>\n\n\n\n<figure class=\"wp-block-image\"><img loading=\"lazy\" decoding=\"async\" width=\"1024\" height=\"768\" src=\"https:\/\/blog.olimar.de\/wp-content\/uploads\/2019\/04\/Wolken-Ostseite-1024x768.jpg\" alt=\"Woken Ostseite La Palma\" class=\"wp-image-10758\" srcset=\"https:\/\/blog.olimar.de\/wp-content\/uploads\/2019\/04\/Wolken-Ostseite-1024x768.jpg 1024w, https:\/\/blog.olimar.de\/wp-content\/uploads\/2019\/04\/Wolken-Ostseite-300x225.jpg 300w, https:\/\/blog.olimar.de\/wp-content\/uploads\/2019\/04\/Wolken-Ostseite-768x576.jpg 768w, https:\/\/blog.olimar.de\/wp-content\/uploads\/2019\/04\/Wolken-Ostseite.jpg 1883w\" sizes=\"auto, (max-width: 1024px) 100vw, 1024px\" \/><\/figure>\n\n\n\n<h2 class=\"wp-block-heading\"><strong>Lavafelder, Vulkankessel und spektakul\u00e4re Ausblicke auf der Vulkanwanderung<\/strong><\/h2>\n\n\n\n<p class=\"wp-block-paragraph\">Schon bald schl\u00e4ngelt sich der Wanderweg durch das erste gro\u00dfe Lava-Ger\u00f6llfeld. Auf der insgesamt 14 Kilometer langen Gebirgskette Cumbre Vieja gibt es rund 120 Vulkankrater, wovon sieben in den vergangenen 500 Jahren ausgebrochen sind. Der letzte Ausbruch, am nur 438 Meter hohen Vulkan Tenegu\u00eda, hat 1971 stattgefunden.<br>Das dunkle Ger\u00f6ll, die frisch-gr\u00fcnen Nadeln der Kanarenkiefern sowie der knallblaue Himmel geben kontrastreiche Fotomotive ab.<\/p>\n\n\n\n<figure class=\"wp-block-image\"><img loading=\"lazy\" decoding=\"async\" width=\"1024\" height=\"768\" src=\"https:\/\/blog.olimar.de\/wp-content\/uploads\/2019\/04\/Wegweiser-Vogel-1024x768.jpg\" alt=\"Wegweiser Vogel La Palma Wanderung\" class=\"wp-image-10759\" srcset=\"https:\/\/blog.olimar.de\/wp-content\/uploads\/2019\/04\/Wegweiser-Vogel-1024x768.jpg 1024w, https:\/\/blog.olimar.de\/wp-content\/uploads\/2019\/04\/Wegweiser-Vogel-300x225.jpg 300w, https:\/\/blog.olimar.de\/wp-content\/uploads\/2019\/04\/Wegweiser-Vogel-768x576.jpg 768w, https:\/\/blog.olimar.de\/wp-content\/uploads\/2019\/04\/Wegweiser-Vogel.jpg 1757w\" sizes=\"auto, (max-width: 1024px) 100vw, 1024px\" \/><\/figure>\n\n\n\n<figure class=\"wp-block-image\"><img loading=\"lazy\" decoding=\"async\" width=\"1024\" height=\"768\" src=\"https:\/\/blog.olimar.de\/wp-content\/uploads\/2019\/04\/Kiefer-Ausblick-1024x768.jpg\" alt=\"Kanarenkiefer La Palma Vulkanwanderung\" class=\"wp-image-10760\" srcset=\"https:\/\/blog.olimar.de\/wp-content\/uploads\/2019\/04\/Kiefer-Ausblick-1024x768.jpg 1024w, https:\/\/blog.olimar.de\/wp-content\/uploads\/2019\/04\/Kiefer-Ausblick-300x225.jpg 300w, https:\/\/blog.olimar.de\/wp-content\/uploads\/2019\/04\/Kiefer-Ausblick-768x576.jpg 768w\" sizes=\"auto, (max-width: 1024px) 100vw, 1024px\" \/><\/figure>\n\n\n\n<figure class=\"wp-block-image\"><img loading=\"lazy\" decoding=\"async\" width=\"1024\" height=\"768\" src=\"https:\/\/blog.olimar.de\/wp-content\/uploads\/2019\/04\/Ausblick-Nachbarinseln-1024x768.jpg\" alt=\"Ausblick La Palma auf Nachbarinseln\" class=\"wp-image-10761\" srcset=\"https:\/\/blog.olimar.de\/wp-content\/uploads\/2019\/04\/Ausblick-Nachbarinseln-1024x768.jpg 1024w, https:\/\/blog.olimar.de\/wp-content\/uploads\/2019\/04\/Ausblick-Nachbarinseln-300x225.jpg 300w, https:\/\/blog.olimar.de\/wp-content\/uploads\/2019\/04\/Ausblick-Nachbarinseln-768x576.jpg 768w, https:\/\/blog.olimar.de\/wp-content\/uploads\/2019\/04\/Ausblick-Nachbarinseln.jpg 1997w\" sizes=\"auto, (max-width: 1024px) 100vw, 1024px\" \/><\/figure>\n\n\n\n<p class=\"wp-block-paragraph\"><br>Nach rund einer Stunde steten Aufstiegs mit tollen Ausblicken auf den Insel-Norden und -Westen erreichen wir eine Kammh\u00f6he auf rund 1.900 Metern. Hier befinden wir uns \u00fcber den Wolken auf der Ostseite und k\u00f6nnen das erste Mal Spaniens h\u00f6chsten Berg, den Teide auf der Nachbarinsel Teneriffa, ausmachen. <\/p>\n\n\n\n<figure class=\"wp-block-image\"><img loading=\"lazy\" decoding=\"async\" width=\"1024\" height=\"313\" src=\"https:\/\/blog.olimar.de\/wp-content\/uploads\/2019\/04\/Blick-Teide-Teneriffa-1024x313.jpg\" alt=\"Blick von La Palma auf Teneriffa\" class=\"wp-image-10756\" srcset=\"https:\/\/blog.olimar.de\/wp-content\/uploads\/2019\/04\/Blick-Teide-Teneriffa-1024x313.jpg 1024w, https:\/\/blog.olimar.de\/wp-content\/uploads\/2019\/04\/Blick-Teide-Teneriffa-300x92.jpg 300w, https:\/\/blog.olimar.de\/wp-content\/uploads\/2019\/04\/Blick-Teide-Teneriffa-768x235.jpg 768w\" sizes=\"auto, (max-width: 1024px) 100vw, 1024px\" \/><\/figure>\n\n\n\n<p class=\"wp-block-paragraph\"><\/p>\n\n\n\n<p class=\"wp-block-paragraph\">Der weitere extrem abwechslungsreiche Weg gibt teils schwindelerregende Blicke frei in tiefe, schwarze Vulkankessel.<br>An einer Gabelung unternehmen wir einen ausgeschilderten Abstecher zum mit 1.924 Metern h\u00f6chsten Punkt der Vulkanwanderung: In 15 Minuten erreichen wir die Felsspitze auf dem Pico Nambroque und genie\u00dfen auch hier einen sensationellen Insel-Rundumblick.<\/p>\n\n\n\n<figure class=\"wp-block-image\"><img loading=\"lazy\" decoding=\"async\" width=\"1024\" height=\"369\" src=\"https:\/\/blog.olimar.de\/wp-content\/uploads\/2019\/04\/Ausblick-Nambroque-1024x369.jpg\" alt=\"Ausblick Pico Nambroque La Palma\" class=\"wp-image-10762\" srcset=\"https:\/\/blog.olimar.de\/wp-content\/uploads\/2019\/04\/Ausblick-Nambroque-1024x369.jpg 1024w, https:\/\/blog.olimar.de\/wp-content\/uploads\/2019\/04\/Ausblick-Nambroque-300x108.jpg 300w, https:\/\/blog.olimar.de\/wp-content\/uploads\/2019\/04\/Ausblick-Nambroque-768x277.jpg 768w\" sizes=\"auto, (max-width: 1024px) 100vw, 1024px\" \/><\/figure>\n\n\n\n<p class=\"wp-block-paragraph\"><\/p>\n\n\n\n<p class=\"wp-block-paragraph\">Ab jetzt geht es zwar immer noch weiter auf und ab &#8211; doch durch unseren Startpunkt im Norden ist die zweite H\u00e4lfte der Vulkanroute Richtung S\u00fcden deutlich entspannter und f\u00fchrt \u00fcberwiegend bergab.<\/p>\n\n\n\n<p class=\"wp-block-paragraph\">Am Vulkan El Duraznero biegen wir &#8211; entgegen der Wanderweg-Ausschilderung &#8211; links ab und umrunden den Kraterkessel auf einem Trampelpfad. Trotz eines Sicherheitsabstandes zum Kraterrand ist der Blick in die Tiefe einfach atemberaubend!<\/p>\n\n\n\n<figure class=\"wp-block-image\"><img loading=\"lazy\" decoding=\"async\" width=\"1024\" height=\"393\" src=\"https:\/\/blog.olimar.de\/wp-content\/uploads\/2019\/04\/Kraterrand-Kessel-Einblick-1024x393.jpg\" alt=\"Einblick in Krater La Palma\" class=\"wp-image-10763\" srcset=\"https:\/\/blog.olimar.de\/wp-content\/uploads\/2019\/04\/Kraterrand-Kessel-Einblick-1024x393.jpg 1024w, https:\/\/blog.olimar.de\/wp-content\/uploads\/2019\/04\/Kraterrand-Kessel-Einblick-300x115.jpg 300w, https:\/\/blog.olimar.de\/wp-content\/uploads\/2019\/04\/Kraterrand-Kessel-Einblick-768x295.jpg 768w\" sizes=\"auto, (max-width: 1024px) 100vw, 1024px\" \/><\/figure>\n\n\n\n<p class=\"wp-block-paragraph\"><\/p>\n\n\n\n<p class=\"has-drop-cap wp-block-paragraph\">Und so geht es auch in den n\u00e4chsten Stunden weiter und wir kommen aus dem Staunen und Fotografieren kaum heraus &#8211; auf kegelf\u00f6rmige Vulkane folgen tiefe Kraterkessel. Und dazu gibt es jederzeit wundersch\u00f6ne Ausblicke \u00fcber die Insel bis auf den Atlantik. Und auch die weiteren Nachbarinseln &#8211; La Gomera und El Hierro &#8211; k\u00f6nnen wir irgendwann zwischen den Wolken ausmachen.<\/p>\n\n\n\n<figure class=\"wp-block-image\"><img loading=\"lazy\" decoding=\"async\" width=\"1024\" height=\"404\" src=\"https:\/\/blog.olimar.de\/wp-content\/uploads\/2019\/04\/Panorama-Vulkanroute-1024x404.jpg\" alt=\"Vulkanwanderung Ausblick La Palma\" class=\"wp-image-10765\" srcset=\"https:\/\/blog.olimar.de\/wp-content\/uploads\/2019\/04\/Panorama-Vulkanroute-1024x404.jpg 1024w, https:\/\/blog.olimar.de\/wp-content\/uploads\/2019\/04\/Panorama-Vulkanroute-300x118.jpg 300w, https:\/\/blog.olimar.de\/wp-content\/uploads\/2019\/04\/Panorama-Vulkanroute-768x303.jpg 768w\" sizes=\"auto, (max-width: 1024px) 100vw, 1024px\" \/><\/figure>\n\n\n\n<figure class=\"wp-block-image\"><img loading=\"lazy\" decoding=\"async\" width=\"768\" height=\"1024\" src=\"https:\/\/blog.olimar.de\/wp-content\/uploads\/2019\/04\/Markierung-Wegesrand-Vulkanroute-768x1024.jpg\" alt=\"Markierung Vulkanroute La Palma\" class=\"wp-image-10766\" srcset=\"https:\/\/blog.olimar.de\/wp-content\/uploads\/2019\/04\/Markierung-Wegesrand-Vulkanroute-768x1024.jpg 768w, https:\/\/blog.olimar.de\/wp-content\/uploads\/2019\/04\/Markierung-Wegesrand-Vulkanroute-225x300.jpg 225w, https:\/\/blog.olimar.de\/wp-content\/uploads\/2019\/04\/Markierung-Wegesrand-Vulkanroute-420x560.jpg 420w, https:\/\/blog.olimar.de\/wp-content\/uploads\/2019\/04\/Markierung-Wegesrand-Vulkanroute.jpg 1658w\" sizes=\"auto, (max-width: 768px) 100vw, 768px\" \/><\/figure>\n\n\n\n<figure class=\"wp-block-image\"><img loading=\"lazy\" decoding=\"async\" width=\"1024\" height=\"305\" src=\"https:\/\/blog.olimar.de\/wp-content\/uploads\/2019\/04\/Vulkanwanderung-Panorama-1024x305.jpg\" alt=\"Panorama Vulkane La Palma\" class=\"wp-image-10767\" srcset=\"https:\/\/blog.olimar.de\/wp-content\/uploads\/2019\/04\/Vulkanwanderung-Panorama-1024x305.jpg 1024w, https:\/\/blog.olimar.de\/wp-content\/uploads\/2019\/04\/Vulkanwanderung-Panorama-300x89.jpg 300w, https:\/\/blog.olimar.de\/wp-content\/uploads\/2019\/04\/Vulkanwanderung-Panorama-768x229.jpg 768w\" sizes=\"auto, (max-width: 1024px) 100vw, 1024px\" \/><\/figure>\n\n\n\n<figure class=\"wp-block-image\"><img loading=\"lazy\" decoding=\"async\" width=\"1024\" height=\"372\" src=\"https:\/\/blog.olimar.de\/wp-content\/uploads\/2019\/04\/Kraterrand-Panorama-1024x372.jpg\" alt=\"Kraterrand La Palma Panorama\" class=\"wp-image-10768\" srcset=\"https:\/\/blog.olimar.de\/wp-content\/uploads\/2019\/04\/Kraterrand-Panorama-1024x372.jpg 1024w, https:\/\/blog.olimar.de\/wp-content\/uploads\/2019\/04\/Kraterrand-Panorama-300x109.jpg 300w, https:\/\/blog.olimar.de\/wp-content\/uploads\/2019\/04\/Kraterrand-Panorama-768x279.jpg 768w\" sizes=\"auto, (max-width: 1024px) 100vw, 1024px\" \/><\/figure>\n\n\n\n<figure class=\"wp-block-image\"><img loading=\"lazy\" decoding=\"async\" width=\"1024\" height=\"374\" src=\"https:\/\/blog.olimar.de\/wp-content\/uploads\/2019\/04\/Panorama-Vulkanwanderung-LaPalma-1024x374.jpg\" alt=\"Ausblicke Vulkane Wanderung La Palma\" class=\"wp-image-10770\" srcset=\"https:\/\/blog.olimar.de\/wp-content\/uploads\/2019\/04\/Panorama-Vulkanwanderung-LaPalma-1024x374.jpg 1024w, https:\/\/blog.olimar.de\/wp-content\/uploads\/2019\/04\/Panorama-Vulkanwanderung-LaPalma-300x110.jpg 300w, https:\/\/blog.olimar.de\/wp-content\/uploads\/2019\/04\/Panorama-Vulkanwanderung-LaPalma-768x280.jpg 768w\" sizes=\"auto, (max-width: 1024px) 100vw, 1024px\" \/><\/figure>\n\n\n\n<p class=\"wp-block-paragraph\"><\/p>\n\n\n\n<p class=\"wp-block-paragraph\">Nach unz\u00e4hligen passierten Vulkanen, deren Namen wir uns alle gar nicht merken k\u00f6nnen, gelangen wir irgendwann am fr\u00fchen Abend \u00fcber die ersten Forstwege hinab Richtung Zielpunkt Los Canarios. Nach knapp 18 bew\u00e4ltigten Wanderkilometern ist der Anblick der ersten H\u00e4user, der Dorfkirche und erst recht des Mietwagens ein willkommener Anblick. Sehr empfehlenswert f\u00fcr einen runden Abschluss des Wandertages ist die kurze Weiterfahrt zur \u00e4u\u00dfersten S\u00fcdspitze der Insel: In Fuencaliente gibt es direkt neben den Salinen und dem Leuchtturm das Restaurant \u201c<a href=\"http:\/\/salinasdefuencaliente.es\/de\/der-garten-von-salz\/\">El Jard\u00edn de la Sal<\/a>\u201d. Hier l\u00e4sst es sich auf der Terrasse direkt am Meer nicht nur wunderbar speisen. Auch der Blick auf den Sonnenuntergang ist phantastisch!<\/p>\n\n\n\n<figure class=\"wp-block-image\"><img loading=\"lazy\" decoding=\"async\" width=\"1024\" height=\"769\" src=\"https:\/\/blog.olimar.de\/wp-content\/uploads\/2019\/04\/Sonnenuntergang-Leuchtturm-1024x769.jpg\" alt=\"Sonnenuntergang Leuchtturm La Palma\" class=\"wp-image-10771\" srcset=\"https:\/\/blog.olimar.de\/wp-content\/uploads\/2019\/04\/Sonnenuntergang-Leuchtturm-1024x769.jpg 1024w, https:\/\/blog.olimar.de\/wp-content\/uploads\/2019\/04\/Sonnenuntergang-Leuchtturm-300x225.jpg 300w, https:\/\/blog.olimar.de\/wp-content\/uploads\/2019\/04\/Sonnenuntergang-Leuchtturm-768x577.jpg 768w, https:\/\/blog.olimar.de\/wp-content\/uploads\/2019\/04\/Sonnenuntergang-Leuchtturm.jpg 1460w\" sizes=\"auto, (max-width: 1024px) 100vw, 1024px\" \/><\/figure>\n\n\n\n<figure class=\"wp-block-image\"><img loading=\"lazy\" decoding=\"async\" width=\"1024\" height=\"515\" src=\"https:\/\/blog.olimar.de\/wp-content\/uploads\/2019\/04\/Leuchtturm-Sonnenuntergang-1024x515.jpg\" alt=\"Salinen La Palma Sonnenuntergang\" class=\"wp-image-10772\" srcset=\"https:\/\/blog.olimar.de\/wp-content\/uploads\/2019\/04\/Leuchtturm-Sonnenuntergang-1024x515.jpg 1024w, https:\/\/blog.olimar.de\/wp-content\/uploads\/2019\/04\/Leuchtturm-Sonnenuntergang-300x151.jpg 300w, https:\/\/blog.olimar.de\/wp-content\/uploads\/2019\/04\/Leuchtturm-Sonnenuntergang-768x386.jpg 768w\" sizes=\"auto, (max-width: 1024px) 100vw, 1024px\" \/><\/figure>\n\n\n\n<h2 class=\"wp-block-heading\"><strong>Hoteltipps f\u00fcr La Palma<\/strong><\/h2>\n\n\n\n<p class=\"wp-block-paragraph\">An La Palmas Westk\u00fcste liegt die 2012 er\u00f6ffnete <a href=\"https:\/\/rms.olimar.de\/code\/spc127\">Hacienda de Abajo<\/a> *****. Die einzigartige Unterkunft befindet sich in einem sorgf\u00e4ltig restaurierten Zuckerrohr-Gutshof aus dem 17. Jh., der noch heute im Besitz einer alten Adelsfamilie ist.<\/p>\n\n\n\n<figure class=\"wp-block-gallery has-nested-images columns-2 is-cropped wp-block-gallery-1 is-layout-flex wp-block-gallery-is-layout-flex\">\n<figure class=\"wp-block-image size-large\"><img loading=\"lazy\" decoding=\"async\" width=\"1000\" height=\"666\" data-id=\"10784\" src=\"https:\/\/blog.olimar.de\/wp-content\/uploads\/2019\/04\/SPC127-a-ExteriorA.jpg\" alt=\"Au\u00dfenansicht Hacienda de Abajo\" class=\"wp-image-10784\" srcset=\"https:\/\/blog.olimar.de\/wp-content\/uploads\/2019\/04\/SPC127-a-ExteriorA.jpg 1000w, https:\/\/blog.olimar.de\/wp-content\/uploads\/2019\/04\/SPC127-a-ExteriorA-300x200.jpg 300w, https:\/\/blog.olimar.de\/wp-content\/uploads\/2019\/04\/SPC127-a-ExteriorA-768x511.jpg 768w, https:\/\/blog.olimar.de\/wp-content\/uploads\/2019\/04\/SPC127-a-ExteriorA-840x560.jpg 840w\" sizes=\"auto, (max-width: 1000px) 100vw, 1000px\" \/><\/figure>\n\n\n\n<figure class=\"wp-block-image size-large\"><img loading=\"lazy\" decoding=\"async\" width=\"1000\" height=\"666\" data-id=\"10785\" src=\"https:\/\/blog.olimar.de\/wp-content\/uploads\/2019\/04\/SPC127-a-ViewB.jpg\" alt=\"\u00dcberblick Hacienda de Abajo\" class=\"wp-image-10785\" srcset=\"https:\/\/blog.olimar.de\/wp-content\/uploads\/2019\/04\/SPC127-a-ViewB.jpg 1000w, https:\/\/blog.olimar.de\/wp-content\/uploads\/2019\/04\/SPC127-a-ViewB-300x200.jpg 300w, https:\/\/blog.olimar.de\/wp-content\/uploads\/2019\/04\/SPC127-a-ViewB-768x511.jpg 768w, https:\/\/blog.olimar.de\/wp-content\/uploads\/2019\/04\/SPC127-a-ViewB-840x560.jpg 840w\" sizes=\"auto, (max-width: 1000px) 100vw, 1000px\" \/><\/figure>\n\n\n\n<figure class=\"wp-block-image size-large\"><img loading=\"lazy\" decoding=\"async\" width=\"1024\" height=\"768\" data-id=\"10786\" src=\"https:\/\/blog.olimar.de\/wp-content\/uploads\/2019\/04\/SPC127-p-Pool2017b-1024x768.jpg\" alt=\"Pool Hacienda de Abajo\" class=\"wp-image-10786\" srcset=\"https:\/\/blog.olimar.de\/wp-content\/uploads\/2019\/04\/SPC127-p-Pool2017b-1024x768.jpg 1024w, https:\/\/blog.olimar.de\/wp-content\/uploads\/2019\/04\/SPC127-p-Pool2017b-300x225.jpg 300w, https:\/\/blog.olimar.de\/wp-content\/uploads\/2019\/04\/SPC127-p-Pool2017b-768x576.jpg 768w, https:\/\/blog.olimar.de\/wp-content\/uploads\/2019\/04\/SPC127-p-Pool2017b.jpg 1440w\" sizes=\"auto, (max-width: 1024px) 100vw, 1024px\" \/><\/figure>\n<\/figure>\n\n\n\n<p class=\"wp-block-paragraph\"><\/p>\n\n\n\n<p class=\"wp-block-paragraph\">Weitere La Palma Urlaubstipps und Hotelangebote gibt es auf der <a href=\"https:\/\/www.olimar.de\/spanien\/kanaren\/la-palma\/\">La Palma Themenseite<\/a>.<\/p>\n\n\n\n<div style=\"height:25px\" aria-hidden=\"true\" class=\"wp-block-spacer\"><\/div>\n\n\n\n<div class=\"wp-block-buttons is-layout-flex wp-block-buttons-is-layout-flex\">\n<div class=\"wp-block-button\"><a class=\"wp-block-button__link wp-element-button\" href=\"https:\/\/www.olimar.de\/hotellistung\/\">Jetzt Urlaubsangebote finden und buchen<\/a><\/div>\n<\/div>\n\n\n\n<div style=\"height:100px\" aria-hidden=\"true\" class=\"wp-block-spacer\"><\/div>\n","protected":false},"excerpt":{"rendered":"<p>Ein Urlaub zur Winter- und Weihnachtszeit auf der Kanareninsel La Palma ist ein absoluter Genuss! W\u00e4hrend in Deutschland ungem\u00fctliches Wetter dominiert, erwarten den Urlauber auf La Palma herrlicher Sonnenschein und fr\u00fchlingshafte bis sommerliche Temperaturen.<\/p>\n","protected":false},"author":1,"featured_media":10769,"comment_status":"open","ping_status":"open","sticky":false,"template":"","format":"standard","meta":{"_crdt_document":"","_lmt_disableupdate":"","_lmt_disable":"","footnotes":""},"categories":[29],"tags":[115,124,62],"class_list":["post-10750","post","type-post","status-publish","format-standard","has-post-thumbnail","hentry","category-aktiv-natur","tag-kanaren","tag-la-palma","tag-spanien"],"yoast_head":"<!-- This site is optimized with the Yoast SEO plugin v26.9 - https:\/\/yoast.com\/product\/yoast-seo-wordpress\/ -->\n<title>Vulkanwanderung auf La Palma - Highlight im Kanaren-Urlaub<\/title>\n<meta name=\"description\" content=\"Die Vulkanwanderung auf La Palma \u00fcber die Cumbre Vieja gilt als der Wanderklassiker schlechthin. Unsere Autorin hat Tipps und Infos zur Tour.\" \/>\n<meta name=\"robots\" content=\"index, follow, max-snippet:-1, max-image-preview:large, max-video-preview:-1\" \/>\n<link rel=\"canonical\" href=\"https:\/\/blog.olimar.de\/vulkanwanderung-auf-la-palma\/\" \/>\n<meta property=\"og:locale\" content=\"de_DE\" \/>\n<meta property=\"og:type\" content=\"article\" \/>\n<meta property=\"og:title\" content=\"Vulkanwanderung auf La Palma - Highlight im Kanaren-Urlaub\" \/>\n<meta property=\"og:description\" content=\"Die Vulkanwanderung auf La Palma \u00fcber die Cumbre Vieja gilt als der Wanderklassiker schlechthin. Unsere Autorin hat Tipps und Infos zur Tour.\" \/>\n<meta property=\"og:url\" content=\"https:\/\/blog.olimar.de\/vulkanwanderung-auf-la-palma\/\" \/>\n<meta property=\"article:publisher\" content=\"https:\/\/www.facebook.com\/OlimarReisen\" \/>\n<meta property=\"article:published_time\" content=\"2019-04-01T14:00:13+00:00\" \/>\n<meta property=\"article:modified_time\" content=\"2025-02-05T10:20:13+00:00\" \/>\n<meta property=\"og:image\" content=\"https:\/\/blog.olimar.de\/wp-content\/uploads\/2019\/04\/Vulkanroute-Ausblick-Wanderweg-e1562249660715.jpg\" \/>\n\t<meta property=\"og:image:width\" content=\"800\" \/>\n\t<meta property=\"og:image:height\" content=\"600\" \/>\n\t<meta property=\"og:image:type\" content=\"image\/jpeg\" \/>\n<meta name=\"author\" content=\"Katharina\" \/>\n<meta name=\"twitter:label1\" content=\"Verfasst von\" \/>\n\t<meta name=\"twitter:data1\" content=\"Katharina\" \/>\n\t<meta name=\"twitter:label2\" content=\"Gesch\u00e4tzte Lesezeit\" \/>\n\t<meta name=\"twitter:data2\" content=\"10\u00a0Minuten\" \/>\n<script type=\"application\/ld+json\" class=\"yoast-schema-graph\">{\"@context\":\"https:\/\/schema.org\",\"@graph\":[{\"@type\":\"WebPage\",\"@id\":\"https:\/\/blog.olimar.de\/vulkanwanderung-auf-la-palma\/\",\"url\":\"https:\/\/blog.olimar.de\/vulkanwanderung-auf-la-palma\/\",\"name\":\"Vulkanwanderung auf La Palma - Highlight im Kanaren-Urlaub\",\"isPartOf\":{\"@id\":\"https:\/\/blog.olimar.de\/#website\"},\"primaryImageOfPage\":{\"@id\":\"https:\/\/blog.olimar.de\/vulkanwanderung-auf-la-palma\/#primaryimage\"},\"image\":{\"@id\":\"https:\/\/blog.olimar.de\/vulkanwanderung-auf-la-palma\/#primaryimage\"},\"thumbnailUrl\":\"https:\/\/blog.olimar.de\/wp-content\/uploads\/2019\/04\/Vulkanroute-Ausblick-Wanderweg-e1562249660715.jpg\",\"datePublished\":\"2019-04-01T14:00:13+00:00\",\"dateModified\":\"2025-02-05T10:20:13+00:00\",\"description\":\"Die Vulkanwanderung auf La Palma \u00fcber die Cumbre Vieja gilt als der Wanderklassiker schlechthin. Unsere Autorin hat Tipps und Infos zur Tour.\",\"breadcrumb\":{\"@id\":\"https:\/\/blog.olimar.de\/vulkanwanderung-auf-la-palma\/#breadcrumb\"},\"inLanguage\":\"de\",\"potentialAction\":[{\"@type\":\"ReadAction\",\"target\":[\"https:\/\/blog.olimar.de\/vulkanwanderung-auf-la-palma\/\"]}]},{\"@type\":\"ImageObject\",\"inLanguage\":\"de\",\"@id\":\"https:\/\/blog.olimar.de\/vulkanwanderung-auf-la-palma\/#primaryimage\",\"url\":\"https:\/\/blog.olimar.de\/wp-content\/uploads\/2019\/04\/Vulkanroute-Ausblick-Wanderweg-e1562249660715.jpg\",\"contentUrl\":\"https:\/\/blog.olimar.de\/wp-content\/uploads\/2019\/04\/Vulkanroute-Ausblick-Wanderweg-e1562249660715.jpg\",\"width\":800,\"height\":600,\"caption\":\"Vulkanroute La Palma Ausblick Wanderweg\"},{\"@type\":\"BreadcrumbList\",\"@id\":\"https:\/\/blog.olimar.de\/vulkanwanderung-auf-la-palma\/#breadcrumb\",\"itemListElement\":[{\"@type\":\"ListItem\",\"position\":1,\"name\":\"Home\",\"item\":\"https:\/\/blog.olimar.de\/\"},{\"@type\":\"ListItem\",\"position\":2,\"name\":\"Kanaren\",\"item\":\"https:\/\/blog.olimar.de\/tag\/kanaren\/\"},{\"@type\":\"ListItem\",\"position\":3,\"name\":\"Vulkanwanderung auf La Palma: Auf dem K\u00f6nigsweg von Nord nach S\u00fcd\"}]},{\"@type\":\"WebSite\",\"@id\":\"https:\/\/blog.olimar.de\/#website\",\"url\":\"https:\/\/blog.olimar.de\/\",\"name\":\"OLIMAR.com\",\"description\":\"\",\"publisher\":{\"@id\":\"https:\/\/blog.olimar.de\/#organization\"},\"potentialAction\":[{\"@type\":\"SearchAction\",\"target\":{\"@type\":\"EntryPoint\",\"urlTemplate\":\"https:\/\/blog.olimar.de\/?s={search_term_string}\"},\"query-input\":{\"@type\":\"PropertyValueSpecification\",\"valueRequired\":true,\"valueName\":\"search_term_string\"}}],\"inLanguage\":\"de\"},{\"@type\":\"Organization\",\"@id\":\"https:\/\/blog.olimar.de\/#organization\",\"name\":\"OLIMAR Reisen\",\"url\":\"https:\/\/blog.olimar.de\/\",\"logo\":{\"@type\":\"ImageObject\",\"inLanguage\":\"de\",\"@id\":\"https:\/\/blog.olimar.de\/#\/schema\/logo\/image\/\",\"url\":\"https:\/\/blog.olimar.de\/wp-content\/uploads\/2021\/01\/OLIMAR_Logo_COLOR.png\",\"contentUrl\":\"https:\/\/blog.olimar.de\/wp-content\/uploads\/2021\/01\/OLIMAR_Logo_COLOR.png\",\"width\":2000,\"height\":986,\"caption\":\"OLIMAR Reisen\"},\"image\":{\"@id\":\"https:\/\/blog.olimar.de\/#\/schema\/logo\/image\/\"},\"sameAs\":[\"https:\/\/www.facebook.com\/OlimarReisen\",\"https:\/\/x.com\/olimarrreisen\",\"https:\/\/www.instagram.com\/olimarreisen\",\"https:\/\/www.youtube.com\/user\/olimarreisen\"]}]}<\/script>\n<!-- \/ Yoast SEO plugin. -->","yoast_head_json":{"title":"Vulkanwanderung auf La Palma - Highlight im Kanaren-Urlaub","description":"Die Vulkanwanderung auf La Palma \u00fcber die Cumbre Vieja gilt als der Wanderklassiker schlechthin. Unsere Autorin hat Tipps und Infos zur Tour.","robots":{"index":"index","follow":"follow","max-snippet":"max-snippet:-1","max-image-preview":"max-image-preview:large","max-video-preview":"max-video-preview:-1"},"canonical":"https:\/\/blog.olimar.de\/vulkanwanderung-auf-la-palma\/","og_locale":"de_DE","og_type":"article","og_title":"Vulkanwanderung auf La Palma - Highlight im Kanaren-Urlaub","og_description":"Die Vulkanwanderung auf La Palma \u00fcber die Cumbre Vieja gilt als der Wanderklassiker schlechthin. Unsere Autorin hat Tipps und Infos zur Tour.","og_url":"https:\/\/blog.olimar.de\/vulkanwanderung-auf-la-palma\/","article_publisher":"https:\/\/www.facebook.com\/OlimarReisen","article_published_time":"2019-04-01T14:00:13+00:00","article_modified_time":"2025-02-05T10:20:13+00:00","og_image":[{"width":800,"height":600,"url":"https:\/\/blog.olimar.de\/wp-content\/uploads\/2019\/04\/Vulkanroute-Ausblick-Wanderweg-e1562249660715.jpg","type":"image\/jpeg"}],"author":"Katharina","twitter_misc":{"Verfasst von":"Katharina","Gesch\u00e4tzte Lesezeit":"10\u00a0Minuten"},"schema":{"@context":"https:\/\/schema.org","@graph":[{"@type":"WebPage","@id":"https:\/\/blog.olimar.de\/vulkanwanderung-auf-la-palma\/","url":"https:\/\/blog.olimar.de\/vulkanwanderung-auf-la-palma\/","name":"Vulkanwanderung auf La Palma - Highlight im Kanaren-Urlaub","isPartOf":{"@id":"https:\/\/blog.olimar.de\/#website"},"primaryImageOfPage":{"@id":"https:\/\/blog.olimar.de\/vulkanwanderung-auf-la-palma\/#primaryimage"},"image":{"@id":"https:\/\/blog.olimar.de\/vulkanwanderung-auf-la-palma\/#primaryimage"},"thumbnailUrl":"https:\/\/blog.olimar.de\/wp-content\/uploads\/2019\/04\/Vulkanroute-Ausblick-Wanderweg-e1562249660715.jpg","datePublished":"2019-04-01T14:00:13+00:00","dateModified":"2025-02-05T10:20:13+00:00","description":"Die Vulkanwanderung auf La Palma \u00fcber die Cumbre Vieja gilt als der Wanderklassiker schlechthin. Unsere Autorin hat Tipps und Infos zur Tour.","breadcrumb":{"@id":"https:\/\/blog.olimar.de\/vulkanwanderung-auf-la-palma\/#breadcrumb"},"inLanguage":"de","potentialAction":[{"@type":"ReadAction","target":["https:\/\/blog.olimar.de\/vulkanwanderung-auf-la-palma\/"]}]},{"@type":"ImageObject","inLanguage":"de","@id":"https:\/\/blog.olimar.de\/vulkanwanderung-auf-la-palma\/#primaryimage","url":"https:\/\/blog.olimar.de\/wp-content\/uploads\/2019\/04\/Vulkanroute-Ausblick-Wanderweg-e1562249660715.jpg","contentUrl":"https:\/\/blog.olimar.de\/wp-content\/uploads\/2019\/04\/Vulkanroute-Ausblick-Wanderweg-e1562249660715.jpg","width":800,"height":600,"caption":"Vulkanroute La Palma Ausblick Wanderweg"},{"@type":"BreadcrumbList","@id":"https:\/\/blog.olimar.de\/vulkanwanderung-auf-la-palma\/#breadcrumb","itemListElement":[{"@type":"ListItem","position":1,"name":"Home","item":"https:\/\/blog.olimar.de\/"},{"@type":"ListItem","position":2,"name":"Kanaren","item":"https:\/\/blog.olimar.de\/tag\/kanaren\/"},{"@type":"ListItem","position":3,"name":"Vulkanwanderung auf La Palma: Auf dem K\u00f6nigsweg von Nord nach S\u00fcd"}]},{"@type":"WebSite","@id":"https:\/\/blog.olimar.de\/#website","url":"https:\/\/blog.olimar.de\/","name":"OLIMAR.com","description":"","publisher":{"@id":"https:\/\/blog.olimar.de\/#organization"},"potentialAction":[{"@type":"SearchAction","target":{"@type":"EntryPoint","urlTemplate":"https:\/\/blog.olimar.de\/?s={search_term_string}"},"query-input":{"@type":"PropertyValueSpecification","valueRequired":true,"valueName":"search_term_string"}}],"inLanguage":"de"},{"@type":"Organization","@id":"https:\/\/blog.olimar.de\/#organization","name":"OLIMAR Reisen","url":"https:\/\/blog.olimar.de\/","logo":{"@type":"ImageObject","inLanguage":"de","@id":"https:\/\/blog.olimar.de\/#\/schema\/logo\/image\/","url":"https:\/\/blog.olimar.de\/wp-content\/uploads\/2021\/01\/OLIMAR_Logo_COLOR.png","contentUrl":"https:\/\/blog.olimar.de\/wp-content\/uploads\/2021\/01\/OLIMAR_Logo_COLOR.png","width":2000,"height":986,"caption":"OLIMAR Reisen"},"image":{"@id":"https:\/\/blog.olimar.de\/#\/schema\/logo\/image\/"},"sameAs":["https:\/\/www.facebook.com\/OlimarReisen","https:\/\/x.com\/olimarrreisen","https:\/\/www.instagram.com\/olimarreisen","https:\/\/www.youtube.com\/user\/olimarreisen"]}]}},"modified_by":"Wiebke Fix","jetpack_featured_media_url":"https:\/\/blog.olimar.de\/wp-content\/uploads\/2019\/04\/Vulkanroute-Ausblick-Wanderweg-e1562249660715.jpg","_links":{"self":[{"href":"https:\/\/blog.olimar.de\/wp-json\/wp\/v2\/posts\/10750","targetHints":{"allow":["GET"]}}],"collection":[{"href":"https:\/\/blog.olimar.de\/wp-json\/wp\/v2\/posts"}],"about":[{"href":"https:\/\/blog.olimar.de\/wp-json\/wp\/v2\/types\/post"}],"author":[{"embeddable":true,"href":"https:\/\/blog.olimar.de\/wp-json\/wp\/v2\/users\/1"}],"replies":[{"embeddable":true,"href":"https:\/\/blog.olimar.de\/wp-json\/wp\/v2\/comments?post=10750"}],"version-history":[{"count":49,"href":"https:\/\/blog.olimar.de\/wp-json\/wp\/v2\/posts\/10750\/revisions"}],"predecessor-version":[{"id":27530,"href":"https:\/\/blog.olimar.de\/wp-json\/wp\/v2\/posts\/10750\/revisions\/27530"}],"wp:featuredmedia":[{"embeddable":true,"href":"https:\/\/blog.olimar.de\/wp-json\/wp\/v2\/media\/10769"}],"wp:attachment":[{"href":"https:\/\/blog.olimar.de\/wp-json\/wp\/v2\/media?parent=10750"}],"wp:term":[{"taxonomy":"category","embeddable":true,"href":"https:\/\/blog.olimar.de\/wp-json\/wp\/v2\/categories?post=10750"},{"taxonomy":"post_tag","embeddable":true,"href":"https:\/\/blog.olimar.de\/wp-json\/wp\/v2\/tags?post=10750"}],"curies":[{"name":"wp","href":"https:\/\/api.w.org\/{rel}","templated":true}]}}