{"id":11024,"date":"2019-04-30T12:53:15","date_gmt":"2019-04-30T10:53:15","guid":{"rendered":"https:\/\/blog.olimar.de\/?p=11024"},"modified":"2022-12-22T15:55:25","modified_gmt":"2022-12-22T14:55:25","slug":"olimar-breakout","status":"publish","type":"post","link":"https:\/\/blog.olimar.de\/olimar-breakout\/","title":{"rendered":"OLIMAR BreakOut &#8211; Porto Santo ruft f\u00fcr den guten Zweck"},"content":{"rendered":"\n<p class=\"intro\"><strong>3 x 12 Stunden, 2 Abenteuerlustige, 1 Ziel und null Plan. Was sich dahinter verbirgt? Der erste K\u00f6lner BreakOut!<\/strong><\/p>\n\n\n\n<div class=\"wp-block-buttons is-layout-flex wp-block-buttons-is-layout-flex\">\n<div class=\"wp-block-button\"><a class=\"wp-block-button__link wp-element-button\" href=\"https:\/\/www.olimar.de\/portugal\/porto-santo\/\">Porto Santo Reiseangebote und Hoteltipps entdecken<\/a><\/div>\n<\/div>\n\n\n\n<div style=\"height:25px\" aria-hidden=\"true\" class=\"wp-block-spacer\"><\/div>\n\n\n\n<p><a href=\"https:\/\/break-out.org\/\" rel=\"noreferrer noopener\" aria-label=\"BreakOut (opens in a new tab)\">BreakOut<\/a> ist ein Reisespendenmarathon der ganz besonderen Art:<br \/>In Zweierteams geht man an den Start und hat 36 Stunden Zeit so weit ins &#8220;Irgendwo&#8221; zu reisen wie m\u00f6glich, ohne auch nur einen Cent f\u00fcr seinen Weg auszugeben. Denn das ist die wichtigste Bedingung: F\u00fcr die Fortbewegung darf kein Geld ausgegeben werden!<\/p>\n\n\n\n<p class=\"wp-block-paragraph\">Ganz egal ob altmodisch in der Kutsche oder zu Pferde, klassisch zu Fu\u00df oder auf dem Fahrrad, modern im Elektroauto oder doch ganz unkonventionell mit dem Segway \u2013 den M\u00f6glichkeiten und Ideen sind keine Grenzen gesetzt, solange diese das Team nichts kosten. <br>Dabei wird es von Freunden, Familie oder von Unternehmen unterst\u00fctzt, die ihm pro gereistem Kilometer einen gewissen Betrag spenden. <\/p>\n\n\n\n<div class=\"wp-block-media-text alignwide has-very-light-gray-background-color\" style=\"grid-template-columns:20% auto\"><figure class=\"wp-block-media-text__media\"><img loading=\"lazy\" decoding=\"async\" width=\"1006\" height=\"1024\" src=\"https:\/\/blog.olimar.de\/wp-content\/uploads\/2019\/04\/Logo_BreakOut--1006x1024.png\" alt=\"Logo BreakOut\" class=\"wp-image-11033\" srcset=\"https:\/\/blog.olimar.de\/wp-content\/uploads\/2019\/04\/Logo_BreakOut--1006x1024.png 1006w, https:\/\/blog.olimar.de\/wp-content\/uploads\/2019\/04\/Logo_BreakOut--295x300.png 295w, https:\/\/blog.olimar.de\/wp-content\/uploads\/2019\/04\/Logo_BreakOut--768x782.png 768w, https:\/\/blog.olimar.de\/wp-content\/uploads\/2019\/04\/Logo_BreakOut-.png 1292w\" sizes=\"auto, (max-width: 1006px) 100vw, 1006px\" \/><\/figure><div class=\"wp-block-media-text__content\">\n\n<ul class=\"wp-block-list\"><li>2014 ging der\nerste BreakOut an den Start.<\/li><li>Organisiert\nwird der Reisespendenmarathon komplett ehrenamtlich von dynamischen jungen\nLeuten, die ihre Reiseleidenschaft mit dem guten Zweck verbinden m\u00f6chten.<\/li><li>BreakOut 2018\nFacts:<ul><li>Insgesamt\nknapp 70.000,- erreiste Spenden<\/li><\/ul><ul><li>Insgesamt\nknapp 110.000,- zur\u00fcckgelegte Kilometer<\/li><\/ul><ul><li>110 Teams<\/li><\/ul><\/li><li>weitere Infos\ngibt es hier:<ul><li><a href=\"http:\/\/www.break-out.org\">www.break-out.org<\/a><\/li><\/ul><ul><li><a href=\"https:\/\/www.facebook.com\/breakout.ev\/\">https:\/\/www.facebook.com\/breakout.ev\/<\/a><\/li><\/ul><\/li><\/ul>\n\n\n<p class=\"wp-block-paragraph\"><\/p>\n\n<\/div><\/div>\n\n\n\n<h2 class=\"wp-block-heading\"><strong>Wof\u00fcr das alles, fragt man sich?<\/strong><br><\/h2>\n\n\n\n<p class=\"wp-block-paragraph\">F\u00fcr den guten Zweck! Jedes Jahr arbeitet BreakOut mit einer sich sozial engagierenden Organisation zusammen, der die erreisten Spenden zu 100% zugutekommen. Der diesj\u00e4hrige Spendenpartner ist Zeltschule e.V.. <\/p>\n\n\n\n<div class=\"wp-block-media-text alignwide has-media-on-the-right has-very-light-gray-background-color\" style=\"grid-template-columns:auto 28%\"><figure class=\"wp-block-media-text__media\"><img loading=\"lazy\" decoding=\"async\" width=\"1024\" height=\"1024\" src=\"https:\/\/blog.olimar.de\/wp-content\/uploads\/2019\/04\/Logo_Zeltschule-1024x1024.png\" alt=\"Logo Zeltschule e. V.\" class=\"wp-image-11045\" srcset=\"https:\/\/blog.olimar.de\/wp-content\/uploads\/2019\/04\/Logo_Zeltschule-1024x1024.png 1024w, https:\/\/blog.olimar.de\/wp-content\/uploads\/2019\/04\/Logo_Zeltschule-150x150.png 150w, https:\/\/blog.olimar.de\/wp-content\/uploads\/2019\/04\/Logo_Zeltschule-300x300.png 300w, https:\/\/blog.olimar.de\/wp-content\/uploads\/2019\/04\/Logo_Zeltschule-768x768.png 768w, https:\/\/blog.olimar.de\/wp-content\/uploads\/2019\/04\/Logo_Zeltschule-120x120.png 120w\" sizes=\"auto, (max-width: 1024px) 100vw, 1024px\" \/><\/figure><div class=\"wp-block-media-text__content\">\n\n<p class=\"wp-block-paragraph\">Dieser Verein erm\u00f6glicht Kindern im vom Krieg betroffenen libanesisch-syrischen Grenzgebiet eine Schulbildung und stellt ihnen und ihren Familien Lebensmittel und medizinische Versorgung bereit. So wird den Menschen geholfen, die schwere Zeit in ihrer Heimat durchzustehen, ohne eine lebensgef\u00e4hrliche Flucht auf sich nehmen zu m\u00fcssen.  <\/p>\n\n<\/div><\/div>\n\n\n\n<p class=\"wp-block-paragraph\"><\/p>\n\n\n\n<p class=\"wp-block-paragraph\">BreakOut verbindet soziales Engagement mit Reiseleidenschaft und ist ein Event, welches komplett ehrenamtlich auf die Beine gestellt wird. Aus diesem Grund sind nicht nur die reisenden Weltenbummler, sondern ist auch das Event selbst auf Unterst\u00fctzer angewiesen, denen gutes Tun am Herzen liegt. Denn f\u00fcr den ersten Start in K\u00f6ln muss noch kr\u00e4ftig die Werbetrommel ger\u00fchrt, Infoabende veranstaltet, der Starttag organisiert und Werbematerialien erstellt werden.<\/p>\n\n\n\n<h2 class=\"wp-block-heading\"><strong>Hier kommt OLIMAR ins Spiel!<\/strong><\/h2>\n\n\n\n<p class=\"wp-block-paragraph\">Als K\u00f6lner Traditionsunternehmen m\u00f6chten wir dabei helfen, den ersten Start des Reisespendenmarathons in unserer Heimatstadt auf die Beine zu stellen.<br>Deshalb beteiligt sich OLIMAR als offizieller Unterst\u00fctzer des Events und hat sich f\u00fcr das Sponsoring etwas ganz Besonderes einfallen lassen:<br>Als Reiseanbieter k\u00f6nnen wir die Liebe zum Reisen sowie den Wunsch danach, einen Blick \u00fcber den Tellerrand werfen zu wollen, um fremde Ecken und Kulturen zu entdecken, aus vollstem Herzen nachvollziehen. Das alles sind Aspekte, die auch die Teams, neben dem sozialen Engagement, miteinander verbinden.<br><\/p>\n\n\n\n<p class=\"wp-block-paragraph\">Das Projekt und seine Intention haben uns begeistert. Aus diesem Grund m\u00f6chten wir das Event mit der Spende des Siegerpreises unterst\u00fctzen.<br>Das Siegerteam des BreakOut 2019 gewinnt einen von OLIMAR gesponserten Flug auf unsere Lieblingsinsel <a href=\"https:\/\/www.olimar.de\/portugal\/porto-santo\/\">Porto Santo<\/a>. Mit unserer Charterverbindung in Kooperation mit Eurowings, welche die Insel ab K\u00f6ln jeden Samstag von Mai bis Oktober ansteuert, m\u00f6chten wir unsere Begeisterung f\u00fcr dieses kleine Fleckchen Erde mitten im Atlantik teilen.<br><\/p>\n\n\n\n<figure class=\"wp-block-gallery has-nested-images columns-default is-cropped wp-block-gallery-1 is-layout-flex wp-block-gallery-is-layout-flex\">\n<figure class=\"wp-block-image\"><img loading=\"lazy\" decoding=\"async\" width=\"1000\" height=\"660\" data-id=\"11043\" src=\"https:\/\/blog.olimar.de\/wp-content\/uploads\/2019\/04\/PT-PortoSanto-BeachA-OWA.jpg\" alt=\"Strand auf Porto Santo\" class=\"wp-image-11043\" srcset=\"https:\/\/blog.olimar.de\/wp-content\/uploads\/2019\/04\/PT-PortoSanto-BeachA-OWA.jpg 1000w, https:\/\/blog.olimar.de\/wp-content\/uploads\/2019\/04\/PT-PortoSanto-BeachA-OWA-300x198.jpg 300w, https:\/\/blog.olimar.de\/wp-content\/uploads\/2019\/04\/PT-PortoSanto-BeachA-OWA-768x507.jpg 768w\" sizes=\"auto, (max-width: 1000px) 100vw, 1000px\" \/><\/figure>\n\n\n\n<figure class=\"wp-block-image\"><img loading=\"lazy\" decoding=\"async\" width=\"1024\" height=\"684\" data-id=\"11037\" src=\"https:\/\/blog.olimar.de\/wp-content\/uploads\/2019\/04\/PT-PortoSanto-PortodosFradesA-c-FranciscoCorreia_APM-1024x684.jpg\" alt=\"Squad auf Porto Santo\" class=\"wp-image-11037\" srcset=\"https:\/\/blog.olimar.de\/wp-content\/uploads\/2019\/04\/PT-PortoSanto-PortodosFradesA-c-FranciscoCorreia_APM-1024x684.jpg 1024w, https:\/\/blog.olimar.de\/wp-content\/uploads\/2019\/04\/PT-PortoSanto-PortodosFradesA-c-FranciscoCorreia_APM-300x200.jpg 300w, https:\/\/blog.olimar.de\/wp-content\/uploads\/2019\/04\/PT-PortoSanto-PortodosFradesA-c-FranciscoCorreia_APM-768x513.jpg 768w, https:\/\/blog.olimar.de\/wp-content\/uploads\/2019\/04\/PT-PortoSanto-PortodosFradesA-c-FranciscoCorreia_APM-840x560.jpg 840w, https:\/\/blog.olimar.de\/wp-content\/uploads\/2019\/04\/PT-PortoSanto-PortodosFradesA-c-FranciscoCorreia_APM-1200x800.jpg 1200w, https:\/\/blog.olimar.de\/wp-content\/uploads\/2019\/04\/PT-PortoSanto-PortodosFradesA-c-FranciscoCorreia_APM.jpg 1618w\" sizes=\"auto, (max-width: 1024px) 100vw, 1024px\" \/><\/figure>\n\n\n\n<figure class=\"wp-block-image\"><img loading=\"lazy\" decoding=\"async\" width=\"1024\" height=\"684\" data-id=\"11038\" src=\"https:\/\/blog.olimar.de\/wp-content\/uploads\/2019\/04\/PT-portoSanto-PortelaViewPoint-c-FranciscoCorreia2018-1024x684.jpg\" alt=\"\u00dcberblick \u00fcber Porto Santo\" class=\"wp-image-11038\" srcset=\"https:\/\/blog.olimar.de\/wp-content\/uploads\/2019\/04\/PT-portoSanto-PortelaViewPoint-c-FranciscoCorreia2018-1024x684.jpg 1024w, https:\/\/blog.olimar.de\/wp-content\/uploads\/2019\/04\/PT-portoSanto-PortelaViewPoint-c-FranciscoCorreia2018-300x200.jpg 300w, https:\/\/blog.olimar.de\/wp-content\/uploads\/2019\/04\/PT-portoSanto-PortelaViewPoint-c-FranciscoCorreia2018-768x513.jpg 768w, https:\/\/blog.olimar.de\/wp-content\/uploads\/2019\/04\/PT-portoSanto-PortelaViewPoint-c-FranciscoCorreia2018-840x560.jpg 840w, https:\/\/blog.olimar.de\/wp-content\/uploads\/2019\/04\/PT-portoSanto-PortelaViewPoint-c-FranciscoCorreia2018-1200x800.jpg 1200w, https:\/\/blog.olimar.de\/wp-content\/uploads\/2019\/04\/PT-portoSanto-PortelaViewPoint-c-FranciscoCorreia2018.jpg 1618w\" sizes=\"auto, (max-width: 1024px) 100vw, 1024px\" \/><\/figure>\n\n\n\n<figure class=\"wp-block-image\"><img loading=\"lazy\" decoding=\"async\" width=\"1000\" height=\"788\" data-id=\"11039\" src=\"https:\/\/blog.olimar.de\/wp-content\/uploads\/2019\/04\/PT-PortoSanto-Luftbild.jpg\" alt=\"Luftbild Porto Santo\" class=\"wp-image-11039\" srcset=\"https:\/\/blog.olimar.de\/wp-content\/uploads\/2019\/04\/PT-PortoSanto-Luftbild.jpg 1000w, https:\/\/blog.olimar.de\/wp-content\/uploads\/2019\/04\/PT-PortoSanto-Luftbild-300x236.jpg 300w, https:\/\/blog.olimar.de\/wp-content\/uploads\/2019\/04\/PT-PortoSanto-Luftbild-768x605.jpg 768w\" sizes=\"auto, (max-width: 1000px) 100vw, 1000px\" \/><\/figure>\n\n\n\n<figure class=\"wp-block-image\"><img loading=\"lazy\" decoding=\"async\" width=\"1000\" height=\"665\" data-id=\"11040\" src=\"https:\/\/blog.olimar.de\/wp-content\/uploads\/2019\/04\/PT-PortoSanto-Lazermar-Tauschen.jpg\" alt=\"Taucher Porto Santo\" class=\"wp-image-11040\" srcset=\"https:\/\/blog.olimar.de\/wp-content\/uploads\/2019\/04\/PT-PortoSanto-Lazermar-Tauschen.jpg 1000w, https:\/\/blog.olimar.de\/wp-content\/uploads\/2019\/04\/PT-PortoSanto-Lazermar-Tauschen-300x200.jpg 300w, https:\/\/blog.olimar.de\/wp-content\/uploads\/2019\/04\/PT-PortoSanto-Lazermar-Tauschen-768x511.jpg 768w, https:\/\/blog.olimar.de\/wp-content\/uploads\/2019\/04\/PT-PortoSanto-Lazermar-Tauschen-840x560.jpg 840w\" sizes=\"auto, (max-width: 1000px) 100vw, 1000px\" \/><\/figure>\n\n\n\n<figure class=\"wp-block-image\"><img loading=\"lazy\" decoding=\"async\" width=\"1000\" height=\"668\" data-id=\"11041\" src=\"https:\/\/blog.olimar.de\/wp-content\/uploads\/2019\/04\/PT-PortoSanto-JeepTourMorenos-c-FranciscoCorreiaPhotos.jpg\" alt=\"Jeep Porto Santo\" class=\"wp-image-11041\" srcset=\"https:\/\/blog.olimar.de\/wp-content\/uploads\/2019\/04\/PT-PortoSanto-JeepTourMorenos-c-FranciscoCorreiaPhotos.jpg 1000w, https:\/\/blog.olimar.de\/wp-content\/uploads\/2019\/04\/PT-PortoSanto-JeepTourMorenos-c-FranciscoCorreiaPhotos-300x200.jpg 300w, https:\/\/blog.olimar.de\/wp-content\/uploads\/2019\/04\/PT-PortoSanto-JeepTourMorenos-c-FranciscoCorreiaPhotos-768x513.jpg 768w, https:\/\/blog.olimar.de\/wp-content\/uploads\/2019\/04\/PT-PortoSanto-JeepTourMorenos-c-FranciscoCorreiaPhotos-840x560.jpg 840w\" sizes=\"auto, (max-width: 1000px) 100vw, 1000px\" \/><\/figure>\n<\/figure>\n\n\n\n<p class=\"wp-block-paragraph\">Und bald werden also auch zwei BreakOutler im Flugzeug sitzen, denn wir dachten uns: Abenteuerlustige Weltenentdecker freuen sich bekanntlich auf jede neue M\u00f6glichkeit eine noch \u00fcberwiegend unber\u00fchrte Insel mitten im Ozean zu erforschen.<\/p>\n\n\n\n<p class=\"wp-block-paragraph\">Porto Santo \u2013 die besondere Insel \u2013 ruft f\u00fcr den guten Zweck!  <\/p>\n\n\n\n<div style=\"height:25px\" aria-hidden=\"true\" class=\"wp-block-spacer\"><\/div>\n\n\n\n<div class=\"wp-block-buttons is-layout-flex wp-block-buttons-is-layout-flex\">\n<div class=\"wp-block-button\"><a class=\"wp-block-button__link wp-element-button\" href=\"https:\/\/www.olimar.de\/hotellistung\/\">Jetzt Urlaubsangebote finden und buchen<\/a><\/div>\n<\/div>\n\n\n\n<div style=\"height:100px\" aria-hidden=\"true\" class=\"wp-block-spacer\"><\/div>\n","protected":false},"excerpt":{"rendered":"<p>3 x 12 Stunden, 2 Abenteuerlustige, 1 Ziel und null Plan. Was sich dahinter verbirgt? Der erste K\u00f6lner BreakOut! BreakOut ist ein Reisespendenmarathon der ganz besonderen Art:In Zweierteams geht man an den Start und hat 36 Stunden Zeit so weit ins &#8220;Irgendwo&#8221; zu reisen wie m\u00f6glich, ohne auch nur einen Cent f\u00fcr seinen Weg auszugeben. Denn das ist die wichtigste Bedingung: F\u00fcr die Fortbewegung darf kein Geld ausgegeben werden! Ganz egal ob altmodisch in der Kutsche oder zu Pferde, klassisch zu Fu\u00df oder auf dem Fahrrad, modern im Elektroauto oder doch ganz unkonventionell mit dem Segway \u2013 den M\u00f6glichkeiten und Ideen &hellip;<\/p>\n","protected":false},"author":9,"featured_media":11042,"comment_status":"open","ping_status":"open","sticky":false,"template":"","format":"standard","meta":{"_crdt_document":"","_lmt_disableupdate":"","_lmt_disable":"","footnotes":""},"categories":[33],"tags":[58,34],"class_list":["post-11024","post","type-post","status-publish","format-standard","has-post-thumbnail","hentry","category-hinter-den-kulissen","tag-porto-santo","tag-portugal"],"yoast_head":"<!-- This site is optimized with the Yoast SEO plugin v26.9 - https:\/\/yoast.com\/product\/yoast-seo-wordpress\/ -->\n<title>OLIMAR BreakOut - Porto Santo ruft f\u00fcr den guten Zweck -<\/title>\n<meta name=\"description\" content=\"OLIMAR ist Sponsor der diesj\u00e4hrigen BreakOut-Spendenaktion. Junge Leute reisen dabei so weit sie k\u00f6nnen - ohne daf\u00fcr einen Cent auszugeben.\" \/>\n<meta name=\"robots\" content=\"index, follow, max-snippet:-1, max-image-preview:large, max-video-preview:-1\" \/>\n<link rel=\"canonical\" href=\"https:\/\/blog.olimar.de\/olimar-breakout\/\" \/>\n<meta property=\"og:locale\" content=\"de_DE\" \/>\n<meta property=\"og:type\" content=\"article\" \/>\n<meta property=\"og:title\" content=\"OLIMAR BreakOut - Porto Santo ruft f\u00fcr den guten Zweck -\" \/>\n<meta property=\"og:description\" content=\"OLIMAR ist Sponsor der diesj\u00e4hrigen BreakOut-Spendenaktion. Junge Leute reisen dabei so weit sie k\u00f6nnen - ohne daf\u00fcr einen Cent auszugeben.\" \/>\n<meta property=\"og:url\" content=\"https:\/\/blog.olimar.de\/olimar-breakout\/\" \/>\n<meta property=\"article:publisher\" content=\"https:\/\/www.facebook.com\/OlimarReisen\" \/>\n<meta property=\"article:published_time\" content=\"2019-04-30T10:53:15+00:00\" \/>\n<meta property=\"article:modified_time\" content=\"2022-12-22T14:55:25+00:00\" \/>\n<meta property=\"og:image\" content=\"https:\/\/blog.olimar.de\/wp-content\/uploads\/2019\/04\/PT-PortoSanto-ByTheSeaA-c-FranciscoCorreia_APM.jpg\" \/>\n\t<meta property=\"og:image:width\" content=\"1618\" \/>\n\t<meta property=\"og:image:height\" content=\"1080\" \/>\n\t<meta property=\"og:image:type\" content=\"image\/jpeg\" \/>\n<meta name=\"author\" content=\"OLIMAR Redaktionsteam\" \/>\n<meta name=\"twitter:label1\" content=\"Verfasst von\" \/>\n\t<meta name=\"twitter:data1\" content=\"OLIMAR Redaktionsteam\" \/>\n\t<meta name=\"twitter:label2\" content=\"Gesch\u00e4tzte Lesezeit\" \/>\n\t<meta name=\"twitter:data2\" content=\"5\u00a0Minuten\" \/>\n<script type=\"application\/ld+json\" class=\"yoast-schema-graph\">{\"@context\":\"https:\/\/schema.org\",\"@graph\":[{\"@type\":\"WebPage\",\"@id\":\"https:\/\/blog.olimar.de\/olimar-breakout\/\",\"url\":\"https:\/\/blog.olimar.de\/olimar-breakout\/\",\"name\":\"OLIMAR BreakOut - Porto Santo ruft f\u00fcr den guten Zweck -\",\"isPartOf\":{\"@id\":\"https:\/\/blog.olimar.de\/#website\"},\"primaryImageOfPage\":{\"@id\":\"https:\/\/blog.olimar.de\/olimar-breakout\/#primaryimage\"},\"image\":{\"@id\":\"https:\/\/blog.olimar.de\/olimar-breakout\/#primaryimage\"},\"thumbnailUrl\":\"https:\/\/blog.olimar.de\/wp-content\/uploads\/2019\/04\/PT-PortoSanto-ByTheSeaA-c-FranciscoCorreia_APM.jpg\",\"datePublished\":\"2019-04-30T10:53:15+00:00\",\"dateModified\":\"2022-12-22T14:55:25+00:00\",\"description\":\"OLIMAR ist Sponsor der diesj\u00e4hrigen BreakOut-Spendenaktion. Junge Leute reisen dabei so weit sie k\u00f6nnen - ohne daf\u00fcr einen Cent auszugeben.\",\"breadcrumb\":{\"@id\":\"https:\/\/blog.olimar.de\/olimar-breakout\/#breadcrumb\"},\"inLanguage\":\"de\",\"potentialAction\":[{\"@type\":\"ReadAction\",\"target\":[\"https:\/\/blog.olimar.de\/olimar-breakout\/\"]}]},{\"@type\":\"ImageObject\",\"inLanguage\":\"de\",\"@id\":\"https:\/\/blog.olimar.de\/olimar-breakout\/#primaryimage\",\"url\":\"https:\/\/blog.olimar.de\/wp-content\/uploads\/2019\/04\/PT-PortoSanto-ByTheSeaA-c-FranciscoCorreia_APM.jpg\",\"contentUrl\":\"https:\/\/blog.olimar.de\/wp-content\/uploads\/2019\/04\/PT-PortoSanto-ByTheSeaA-c-FranciscoCorreia_APM.jpg\",\"width\":1618,\"height\":1080,\"caption\":\"F\u00e4hre von Porto Santo\"},{\"@type\":\"BreadcrumbList\",\"@id\":\"https:\/\/blog.olimar.de\/olimar-breakout\/#breadcrumb\",\"itemListElement\":[{\"@type\":\"ListItem\",\"position\":1,\"name\":\"Home\",\"item\":\"https:\/\/blog.olimar.de\/\"},{\"@type\":\"ListItem\",\"position\":2,\"name\":\"Porto Santo\",\"item\":\"https:\/\/blog.olimar.de\/tag\/porto-santo\/\"},{\"@type\":\"ListItem\",\"position\":3,\"name\":\"OLIMAR BreakOut &#8211; Porto Santo ruft f\u00fcr den guten Zweck\"}]},{\"@type\":\"WebSite\",\"@id\":\"https:\/\/blog.olimar.de\/#website\",\"url\":\"https:\/\/blog.olimar.de\/\",\"name\":\"OLIMAR.com\",\"description\":\"\",\"publisher\":{\"@id\":\"https:\/\/blog.olimar.de\/#organization\"},\"potentialAction\":[{\"@type\":\"SearchAction\",\"target\":{\"@type\":\"EntryPoint\",\"urlTemplate\":\"https:\/\/blog.olimar.de\/?s={search_term_string}\"},\"query-input\":{\"@type\":\"PropertyValueSpecification\",\"valueRequired\":true,\"valueName\":\"search_term_string\"}}],\"inLanguage\":\"de\"},{\"@type\":\"Organization\",\"@id\":\"https:\/\/blog.olimar.de\/#organization\",\"name\":\"OLIMAR Reisen\",\"url\":\"https:\/\/blog.olimar.de\/\",\"logo\":{\"@type\":\"ImageObject\",\"inLanguage\":\"de\",\"@id\":\"https:\/\/blog.olimar.de\/#\/schema\/logo\/image\/\",\"url\":\"https:\/\/blog.olimar.de\/wp-content\/uploads\/2021\/01\/OLIMAR_Logo_COLOR.png\",\"contentUrl\":\"https:\/\/blog.olimar.de\/wp-content\/uploads\/2021\/01\/OLIMAR_Logo_COLOR.png\",\"width\":2000,\"height\":986,\"caption\":\"OLIMAR Reisen\"},\"image\":{\"@id\":\"https:\/\/blog.olimar.de\/#\/schema\/logo\/image\/\"},\"sameAs\":[\"https:\/\/www.facebook.com\/OlimarReisen\",\"https:\/\/x.com\/olimarrreisen\",\"https:\/\/www.instagram.com\/olimarreisen\",\"https:\/\/www.youtube.com\/user\/olimarreisen\"]}]}<\/script>\n<!-- \/ Yoast SEO plugin. -->","yoast_head_json":{"title":"OLIMAR BreakOut - Porto Santo ruft f\u00fcr den guten Zweck -","description":"OLIMAR ist Sponsor der diesj\u00e4hrigen BreakOut-Spendenaktion. Junge Leute reisen dabei so weit sie k\u00f6nnen - ohne daf\u00fcr einen Cent auszugeben.","robots":{"index":"index","follow":"follow","max-snippet":"max-snippet:-1","max-image-preview":"max-image-preview:large","max-video-preview":"max-video-preview:-1"},"canonical":"https:\/\/blog.olimar.de\/olimar-breakout\/","og_locale":"de_DE","og_type":"article","og_title":"OLIMAR BreakOut - Porto Santo ruft f\u00fcr den guten Zweck -","og_description":"OLIMAR ist Sponsor der diesj\u00e4hrigen BreakOut-Spendenaktion. Junge Leute reisen dabei so weit sie k\u00f6nnen - ohne daf\u00fcr einen Cent auszugeben.","og_url":"https:\/\/blog.olimar.de\/olimar-breakout\/","article_publisher":"https:\/\/www.facebook.com\/OlimarReisen","article_published_time":"2019-04-30T10:53:15+00:00","article_modified_time":"2022-12-22T14:55:25+00:00","og_image":[{"width":1618,"height":1080,"url":"https:\/\/blog.olimar.de\/wp-content\/uploads\/2019\/04\/PT-PortoSanto-ByTheSeaA-c-FranciscoCorreia_APM.jpg","type":"image\/jpeg"}],"author":"OLIMAR Redaktionsteam","twitter_misc":{"Verfasst von":"OLIMAR Redaktionsteam","Gesch\u00e4tzte Lesezeit":"5\u00a0Minuten"},"schema":{"@context":"https:\/\/schema.org","@graph":[{"@type":"WebPage","@id":"https:\/\/blog.olimar.de\/olimar-breakout\/","url":"https:\/\/blog.olimar.de\/olimar-breakout\/","name":"OLIMAR BreakOut - Porto Santo ruft f\u00fcr den guten Zweck -","isPartOf":{"@id":"https:\/\/blog.olimar.de\/#website"},"primaryImageOfPage":{"@id":"https:\/\/blog.olimar.de\/olimar-breakout\/#primaryimage"},"image":{"@id":"https:\/\/blog.olimar.de\/olimar-breakout\/#primaryimage"},"thumbnailUrl":"https:\/\/blog.olimar.de\/wp-content\/uploads\/2019\/04\/PT-PortoSanto-ByTheSeaA-c-FranciscoCorreia_APM.jpg","datePublished":"2019-04-30T10:53:15+00:00","dateModified":"2022-12-22T14:55:25+00:00","description":"OLIMAR ist Sponsor der diesj\u00e4hrigen BreakOut-Spendenaktion. Junge Leute reisen dabei so weit sie k\u00f6nnen - ohne daf\u00fcr einen Cent auszugeben.","breadcrumb":{"@id":"https:\/\/blog.olimar.de\/olimar-breakout\/#breadcrumb"},"inLanguage":"de","potentialAction":[{"@type":"ReadAction","target":["https:\/\/blog.olimar.de\/olimar-breakout\/"]}]},{"@type":"ImageObject","inLanguage":"de","@id":"https:\/\/blog.olimar.de\/olimar-breakout\/#primaryimage","url":"https:\/\/blog.olimar.de\/wp-content\/uploads\/2019\/04\/PT-PortoSanto-ByTheSeaA-c-FranciscoCorreia_APM.jpg","contentUrl":"https:\/\/blog.olimar.de\/wp-content\/uploads\/2019\/04\/PT-PortoSanto-ByTheSeaA-c-FranciscoCorreia_APM.jpg","width":1618,"height":1080,"caption":"F\u00e4hre von Porto Santo"},{"@type":"BreadcrumbList","@id":"https:\/\/blog.olimar.de\/olimar-breakout\/#breadcrumb","itemListElement":[{"@type":"ListItem","position":1,"name":"Home","item":"https:\/\/blog.olimar.de\/"},{"@type":"ListItem","position":2,"name":"Porto Santo","item":"https:\/\/blog.olimar.de\/tag\/porto-santo\/"},{"@type":"ListItem","position":3,"name":"OLIMAR BreakOut &#8211; Porto Santo ruft f\u00fcr den guten Zweck"}]},{"@type":"WebSite","@id":"https:\/\/blog.olimar.de\/#website","url":"https:\/\/blog.olimar.de\/","name":"OLIMAR.com","description":"","publisher":{"@id":"https:\/\/blog.olimar.de\/#organization"},"potentialAction":[{"@type":"SearchAction","target":{"@type":"EntryPoint","urlTemplate":"https:\/\/blog.olimar.de\/?s={search_term_string}"},"query-input":{"@type":"PropertyValueSpecification","valueRequired":true,"valueName":"search_term_string"}}],"inLanguage":"de"},{"@type":"Organization","@id":"https:\/\/blog.olimar.de\/#organization","name":"OLIMAR Reisen","url":"https:\/\/blog.olimar.de\/","logo":{"@type":"ImageObject","inLanguage":"de","@id":"https:\/\/blog.olimar.de\/#\/schema\/logo\/image\/","url":"https:\/\/blog.olimar.de\/wp-content\/uploads\/2021\/01\/OLIMAR_Logo_COLOR.png","contentUrl":"https:\/\/blog.olimar.de\/wp-content\/uploads\/2021\/01\/OLIMAR_Logo_COLOR.png","width":2000,"height":986,"caption":"OLIMAR Reisen"},"image":{"@id":"https:\/\/blog.olimar.de\/#\/schema\/logo\/image\/"},"sameAs":["https:\/\/www.facebook.com\/OlimarReisen","https:\/\/x.com\/olimarrreisen","https:\/\/www.instagram.com\/olimarreisen","https:\/\/www.youtube.com\/user\/olimarreisen"]}]}},"modified_by":"Lena Radermacher","jetpack_featured_media_url":"https:\/\/blog.olimar.de\/wp-content\/uploads\/2019\/04\/PT-PortoSanto-ByTheSeaA-c-FranciscoCorreia_APM.jpg","_links":{"self":[{"href":"https:\/\/blog.olimar.de\/wp-json\/wp\/v2\/posts\/11024","targetHints":{"allow":["GET"]}}],"collection":[{"href":"https:\/\/blog.olimar.de\/wp-json\/wp\/v2\/posts"}],"about":[{"href":"https:\/\/blog.olimar.de\/wp-json\/wp\/v2\/types\/post"}],"author":[{"embeddable":true,"href":"https:\/\/blog.olimar.de\/wp-json\/wp\/v2\/users\/9"}],"replies":[{"embeddable":true,"href":"https:\/\/blog.olimar.de\/wp-json\/wp\/v2\/comments?post=11024"}],"version-history":[{"count":24,"href":"https:\/\/blog.olimar.de\/wp-json\/wp\/v2\/posts\/11024\/revisions"}],"predecessor-version":[{"id":23076,"href":"https:\/\/blog.olimar.de\/wp-json\/wp\/v2\/posts\/11024\/revisions\/23076"}],"wp:featuredmedia":[{"embeddable":true,"href":"https:\/\/blog.olimar.de\/wp-json\/wp\/v2\/media\/11042"}],"wp:attachment":[{"href":"https:\/\/blog.olimar.de\/wp-json\/wp\/v2\/media?parent=11024"}],"wp:term":[{"taxonomy":"category","embeddable":true,"href":"https:\/\/blog.olimar.de\/wp-json\/wp\/v2\/categories?post=11024"},{"taxonomy":"post_tag","embeddable":true,"href":"https:\/\/blog.olimar.de\/wp-json\/wp\/v2\/tags?post=11024"}],"curies":[{"name":"wp","href":"https:\/\/api.w.org\/{rel}","templated":true}]}}