{"id":11051,"date":"2019-05-02T16:08:21","date_gmt":"2019-05-02T14:08:21","guid":{"rendered":"https:\/\/blog.olimar.de\/?p=11051"},"modified":"2021-04-06T15:28:46","modified_gmt":"2021-04-06T14:28:46","slug":"lissabon-nostalgischer-einkaufsbummel","status":"publish","type":"post","link":"https:\/\/blog.olimar.de\/lissabon-nostalgischer-einkaufsbummel\/","title":{"rendered":"Lissabon en vogue &#8211; ein nostalgischer Einkaufsbummel"},"content":{"rendered":"\n<p><p class=\"intro\">En vogue war Lissabon schon im ausgehenden 18.Jahrhundert. Die elegante Unterstadt mit dem pr\u00e4chtigen Handelsplatz Pra\u00e7a de Comer\u00e7io und der Reiterstatue K\u00f6nig D. Jos\u00e9 direkt am Tejo-Flussufer gelegen, umrahmt von seinen Palast artig erbauten Ministerien, den imposanten Arkadeng\u00e4ngen und gekr\u00f6nt vom Augusta-Triumphbogen als Tor zur Promenier-Meile mitten durch die Baixa bis zum Rossio, l\u00e4dt den Besucher fr\u00fcher wie heute ein zu einem nostalgischen Stadtbummel.<\/p><\/p>\n\n\n\n<p class=\"wp-block-paragraph\">Dutzende Fachgesch\u00e4fte, spezialisiert auf Hutmachen, Kurzwaren, Stoffe, Schmuck, Fischkonserven und vieles mehr schm\u00fccken die Baixa, den Rossio, den Pra\u00e7a de Figueira, den Chiado, das Bairro-Alto und das Viertel Princ\u00edpe Real mit Perlen erlesener und ausgefallener Produkte, allesamt hergestellt in Portugal. Zusammengefasst sind diese Gesch\u00e4fte in <a href=\"https:\/\/www.olimar.de\/portugal\/metropolen\/lissabon\/\" target=\"_blank\" rel=\"noreferrer noopener\" aria-label=\"Lissabon (opens in a new tab)\">Lissabon<\/a> zu einem exklusiven Shopping-Kosmos und mit einem eigenen Messingschild gekennzeichnet als \u201eLoja com Hist\u00f3ria\u201c \u2013 \u00fcbersetzt mit Gesch\u00e4ft mit Geschichte. <\/p>\n\n\n\n<p class=\"wp-block-paragraph\">Diese Gesch\u00e4fte spiegeln jedes einzelne den Stolz des Einzelhandels der altehrw\u00fcrdigen Metropole wider. Ganze Familien, oft mehrere Generationen lang, begr\u00fcnden ihre Existenz als Hutmacher, Goldschmied, Schneidermeister, Kesselflicker, Feinkosth\u00e4ndler, Puppendoktor, etc., und kreieren mit ihrem Familiennamen ureigene Markenprodukte und Dienstleistungen, die f\u00fcr Qualit\u00e4t b\u00fcrgen. <br><\/p>\n\n\n\n<figure class=\"wp-block-image\"><img loading=\"lazy\" decoding=\"async\" width=\"1024\" height=\"559\" src=\"https:\/\/blog.olimar.de\/wp-content\/uploads\/2019\/05\/Erkenungsschild-1024x559.jpg\" alt=\"Erkennungsschild Loja historia Lissabon\" class=\"wp-image-11078\" srcset=\"https:\/\/blog.olimar.de\/wp-content\/uploads\/2019\/05\/Erkenungsschild-1024x559.jpg 1024w, https:\/\/blog.olimar.de\/wp-content\/uploads\/2019\/05\/Erkenungsschild-300x164.jpg 300w, https:\/\/blog.olimar.de\/wp-content\/uploads\/2019\/05\/Erkenungsschild-768x419.jpg 768w, https:\/\/blog.olimar.de\/wp-content\/uploads\/2019\/05\/Erkenungsschild.jpg 1800w\" sizes=\"auto, (max-width: 1024px) 100vw, 1024px\" \/><\/figure>\n\n\n\n<p class=\"has-drop-cap wp-block-paragraph\">Eine charmante Erfolgsgeschichte liest man auf F\u00e4hrte dieser Boutiquen. Die Spuren erz\u00e4hlen von Modebewusstsein aus zweieinhalb Jahrhunderten, von kunsthistorischen Trends, von Spielarten in puncto Deko und Warensortiment und lassen den Besucher teilhaben am Lissabonner Boheme-Lebensgef\u00fchl. <br>Angeblich haben hier einst m\u00e4chtige Logen-Gro\u00dfmeister gespeist, pr\u00e4feriert in einer der durch Holzw\u00e4nde abgetrennten Nischen im Restaurant Estrela de S\u00e9, unterhalb der Kathedrale von Lissabon und gegen\u00fcber der Santo Ant\u00f3nio Kirche. Im Jahre 1857 als Taverne er\u00f6ffnet, erfreut sich das seither \u00fcber mehrere Generationen in Familienverband gef\u00fchrte Lokal ber\u00fchmter G\u00e4ste wie M\u00e1rio Soares, Mentor der Demokratie Portugals, oder den weltber\u00fchmten Pianisten Victorino d\u00b4Almeida. Auch heute noch sch\u00e4tzen die G\u00e4ste die Intimit\u00e4t des Lokals, die Diskretion der Mitarbeiter, sowie die exzellente bodenst\u00e4ndige portugiesische K\u00fcche. <br><\/p>\n\n\n\n<figure class=\"wp-block-image\"><img loading=\"lazy\" decoding=\"async\" width=\"1024\" height=\"695\" src=\"https:\/\/blog.olimar.de\/wp-content\/uploads\/2019\/05\/Restaurante-Estrela-da-S\u00e9-1024x695.jpg\" alt=\"Restaurant Estrela da S\u00e9 Lissabon\" class=\"wp-image-11062\" srcset=\"https:\/\/blog.olimar.de\/wp-content\/uploads\/2019\/05\/Restaurante-Estrela-da-S\u00e9-1024x695.jpg 1024w, https:\/\/blog.olimar.de\/wp-content\/uploads\/2019\/05\/Restaurante-Estrela-da-S\u00e9-300x204.jpg 300w, https:\/\/blog.olimar.de\/wp-content\/uploads\/2019\/05\/Restaurante-Estrela-da-S\u00e9-768x521.jpg 768w\" sizes=\"auto, (max-width: 1024px) 100vw, 1024px\" \/><\/figure>\n\n\n\n<p class=\"wp-block-paragraph\">Zwei Stra\u00dfenecken weiter gl\u00e4nzt in roter Schrift auf hellblauer Holzfassade 1942. Hier ist Lissabons \u00e4lteste und ber\u00fchmteste Fischkonserven-Boutique zu Hause, die Aal-Boutique Murtosa. Aal, in 1001 leckeren Varianten in der trendig geformten Dose mit der emblematischen 1942 Banderole, ist ein originelles Mitbringsel.<br><\/p>\n\n\n\n<figure class=\"wp-block-gallery columns-2 is-cropped wp-block-gallery-1 is-layout-flex wp-block-gallery-is-layout-flex\"><ul class=\"blocks-gallery-grid\"><li class=\"blocks-gallery-item\"><figure><img loading=\"lazy\" decoding=\"async\" width=\"1024\" height=\"812\" src=\"https:\/\/blog.olimar.de\/wp-content\/uploads\/2019\/05\/All-Konserven-Murtosa-1942-1024x812.jpg\" alt=\"Au\u00dfenansicht Konserven Murtosa Lissabon\" data-id=\"11072\" data-link=\"https:\/\/blog.olimar.de\/?attachment_id=11072\" class=\"wp-image-11072\" srcset=\"https:\/\/blog.olimar.de\/wp-content\/uploads\/2019\/05\/All-Konserven-Murtosa-1942-1024x812.jpg 1024w, https:\/\/blog.olimar.de\/wp-content\/uploads\/2019\/05\/All-Konserven-Murtosa-1942-300x238.jpg 300w, https:\/\/blog.olimar.de\/wp-content\/uploads\/2019\/05\/All-Konserven-Murtosa-1942-768x609.jpg 768w, https:\/\/blog.olimar.de\/wp-content\/uploads\/2019\/05\/All-Konserven-Murtosa-1942.jpg 1241w\" sizes=\"auto, (max-width: 1024px) 100vw, 1024px\" \/><\/figure><\/li><li class=\"blocks-gallery-item\"><figure><img loading=\"lazy\" decoding=\"async\" width=\"768\" height=\"1024\" src=\"https:\/\/blog.olimar.de\/wp-content\/uploads\/2019\/05\/Auslage-Murtosa-1942-768x1024.jpg\" alt=\"Schaufenster Konserven Murtosa Lissabon\" data-id=\"11073\" data-link=\"https:\/\/blog.olimar.de\/?attachment_id=11073\" class=\"wp-image-11073\" srcset=\"https:\/\/blog.olimar.de\/wp-content\/uploads\/2019\/05\/Auslage-Murtosa-1942-768x1024.jpg 768w, https:\/\/blog.olimar.de\/wp-content\/uploads\/2019\/05\/Auslage-Murtosa-1942-225x300.jpg 225w, https:\/\/blog.olimar.de\/wp-content\/uploads\/2019\/05\/Auslage-Murtosa-1942-420x560.jpg 420w, https:\/\/blog.olimar.de\/wp-content\/uploads\/2019\/05\/Auslage-Murtosa-1942.jpg 1755w\" sizes=\"auto, (max-width: 768px) 100vw, 768px\" \/><\/figure><\/li><li class=\"blocks-gallery-item\"><figure><img loading=\"lazy\" decoding=\"async\" width=\"1024\" height=\"768\" src=\"https:\/\/blog.olimar.de\/wp-content\/uploads\/2019\/05\/Verkaufsraum-Murtosa-1942-1024x768.jpg\" alt=\"Verkaufsraum Konserven Murtosa Lissabon\" data-id=\"11069\" data-link=\"https:\/\/blog.olimar.de\/?attachment_id=11069\" class=\"wp-image-11069\" srcset=\"https:\/\/blog.olimar.de\/wp-content\/uploads\/2019\/05\/Verkaufsraum-Murtosa-1942-1024x768.jpg 1024w, https:\/\/blog.olimar.de\/wp-content\/uploads\/2019\/05\/Verkaufsraum-Murtosa-1942-300x225.jpg 300w, https:\/\/blog.olimar.de\/wp-content\/uploads\/2019\/05\/Verkaufsraum-Murtosa-1942-768x576.jpg 768w, https:\/\/blog.olimar.de\/wp-content\/uploads\/2019\/05\/Verkaufsraum-Murtosa-1942.jpg 1781w\" sizes=\"auto, (max-width: 1024px) 100vw, 1024px\" \/><\/figure><\/li><\/ul><\/figure>\n\n\n\n<p class=\"wp-block-paragraph\">Ein paar Hausnummern weiter st\u00f6\u00dft man gleich auf drei kuriose Gesch\u00e4fte. Zuerst sieht man blo\u00df Kn\u00f6pfe. Tausende bunte runde, quadratische, gro\u00dfe, kleine, ovale Kn\u00f6pfe, die man nebst anderen Kurzwaren, so wie im vorvorigen Jahrhundert einzeln aussuchen und kaufen kann. Die Retrosaria-Gesch\u00e4fte (s. Titelbild) bieten alles, was man sich als Hobby-Schneiderin w\u00fcnschen mag.<br><\/p>\n\n\n\n<p class=\"wp-block-paragraph\">Auf der pr\u00e4chtigen Rua Augusta f\u00e4llt unter anderem das Haus Casa Pereira da Con\u00e7eic\u00e3o auf. Der Teeh\u00e4ndler und Kaffeer\u00f6ster gilt bis heute als erste Adresse f\u00fcr eine Auszeit vom Trubel in der Fu\u00dfg\u00e4ngerzone und bietet in Luis-Quatorze-Ambiente neben Tee und Kaffee nach Gewicht, au\u00dferdem Schokoladenspezialit\u00e4ten sowie eine ausgesuchte Edition handbemaltes Porzellan genannt lilliput lane, aus Portugal und China an. <br><\/p>\n\n\n\n<figure class=\"wp-block-image\"><img loading=\"lazy\" decoding=\"async\" width=\"1024\" height=\"973\" src=\"https:\/\/blog.olimar.de\/wp-content\/uploads\/2019\/05\/Casa-de-Pereira-de-Con\u00e7ei\u00e7\u00e3o-Caf\u00e9-e-Ch\u00e1-1024x973.jpg\" alt=\"Caf\u00e9haus Casa de Pereira de Conceicao Lissabon\" class=\"wp-image-11075\" srcset=\"https:\/\/blog.olimar.de\/wp-content\/uploads\/2019\/05\/Casa-de-Pereira-de-Con\u00e7ei\u00e7\u00e3o-Caf\u00e9-e-Ch\u00e1-1024x973.jpg 1024w, https:\/\/blog.olimar.de\/wp-content\/uploads\/2019\/05\/Casa-de-Pereira-de-Con\u00e7ei\u00e7\u00e3o-Caf\u00e9-e-Ch\u00e1-300x285.jpg 300w, https:\/\/blog.olimar.de\/wp-content\/uploads\/2019\/05\/Casa-de-Pereira-de-Con\u00e7ei\u00e7\u00e3o-Caf\u00e9-e-Ch\u00e1-768x729.jpg 768w, https:\/\/blog.olimar.de\/wp-content\/uploads\/2019\/05\/Casa-de-Pereira-de-Con\u00e7ei\u00e7\u00e3o-Caf\u00e9-e-Ch\u00e1.jpg 1476w\" sizes=\"auto, (max-width: 1024px) 100vw, 1024px\" \/><\/figure>\n\n\n\n<p class=\"has-drop-cap wp-block-paragraph\">Um die Ecke f\u00fchrt die Rua de Correeiros parallel zur Rua Augusta bis zum Platz Pra\u00e7a de Figueira. In dieser Stra\u00dfe werden im Flaggenhaus Primeira Casa das Bandeiras Flaggen hergestellt. Der Gr\u00fcnder des Gesch\u00e4fts war eigentlich ein Herrenschneider, aber Ant\u00f3nio de Almeida Cardoso sattelte um auf handgewebte Flaggen. Als gl\u00fchender Republikaner war es seine Werkstatt, die die erste Flagge der Republik Portugal am Tag zur Ausrufung der Republik am 5. Oktober 1910 webte. Zu seinen illustren Kunden f\u00fcr handgearbeitete Flaggen geh\u00f6rt unter anderen der spanische K\u00f6nigshof. <br><\/p>\n\n\n\n<figure class=\"wp-block-image\"><img loading=\"lazy\" decoding=\"async\" width=\"843\" height=\"1024\" src=\"https:\/\/blog.olimar.de\/wp-content\/uploads\/2019\/05\/Flaggenhaus-Primeira-Casa-das-bandeiras-843x1024.jpg\" alt=\"Flaggenhaus Lissabon\" class=\"wp-image-11055\" srcset=\"https:\/\/blog.olimar.de\/wp-content\/uploads\/2019\/05\/Flaggenhaus-Primeira-Casa-das-bandeiras-843x1024.jpg 843w, https:\/\/blog.olimar.de\/wp-content\/uploads\/2019\/05\/Flaggenhaus-Primeira-Casa-das-bandeiras-247x300.jpg 247w, https:\/\/blog.olimar.de\/wp-content\/uploads\/2019\/05\/Flaggenhaus-Primeira-Casa-das-bandeiras-768x933.jpg 768w, https:\/\/blog.olimar.de\/wp-content\/uploads\/2019\/05\/Flaggenhaus-Primeira-Casa-das-bandeiras.jpg 1463w\" sizes=\"auto, (max-width: 843px) 100vw, 843px\" \/><\/figure>\n\n\n\n<p class=\"wp-block-paragraph\">Regionale Spezialit\u00e4ten werden seit \u00fcber 100 Jahren im Restaurant Jo\u00e3o de Gr\u00e3o aufgetischt. Das traditionsreiche Haus und sein erster dynamischer Wirt machte sich den 40er Jahren als Lokal der Boh\u00e9me ohne Heimat einen Namen. Sieben Tage rund um die Uhr f\u00fcr alle von der Nacht \u00fcbrig gebliebenen ge\u00f6ffnet, bot das Etablissement damals unterhaltsamen Stoff f\u00fcr ein eigenes Theaterst\u00fcck, aufgef\u00fchrt im Parque Meyer-Spielhaus.<br><\/p>\n\n\n\n<figure class=\"wp-block-image\"><img loading=\"lazy\" decoding=\"async\" width=\"768\" height=\"1024\" src=\"https:\/\/blog.olimar.de\/wp-content\/uploads\/2019\/05\/Restaurante-Jo\u00e3o-do-Gr\u00e3o-768x1024.jpg\" alt=\"Eingangsschild Joao do Grao Lissabon\" class=\"wp-image-11063\" srcset=\"https:\/\/blog.olimar.de\/wp-content\/uploads\/2019\/05\/Restaurante-Jo\u00e3o-do-Gr\u00e3o-768x1024.jpg 768w, https:\/\/blog.olimar.de\/wp-content\/uploads\/2019\/05\/Restaurante-Jo\u00e3o-do-Gr\u00e3o-225x300.jpg 225w, https:\/\/blog.olimar.de\/wp-content\/uploads\/2019\/05\/Restaurante-Jo\u00e3o-do-Gr\u00e3o-420x560.jpg 420w, https:\/\/blog.olimar.de\/wp-content\/uploads\/2019\/05\/Restaurante-Jo\u00e3o-do-Gr\u00e3o.jpg 1432w\" sizes=\"auto, (max-width: 768px) 100vw, 768px\" \/><\/figure>\n\n\n\n<p class=\"wp-block-paragraph\">Am Pra\u00e7a de Figueira warten Puppen auf ihren Puppendoktor. Im Krankenhaus Hospital das Bonecas werden kostbare Puppen aus dem vergangenen Jahrhundert und \u00e4lter restauriert, sowie fragile Bewegungsmechanismen, Per\u00fccken, und mehr repariert. \u00dcber dem Gesch\u00e4ft befindet sich in einer fr\u00fcheren Belle-\u00c9poque Etage eingerichtet ein Privatmuseum der Puppenklinik. \u00dcber 3000 Puppen aus Europa und aller Welt, aus den unterschiedlichen Epochen und Herstellungsmethoden bev\u00f6lkern die mit Stuck an den Decken verzierten Zimmer und laden Gro\u00df und Klein ein zu einer auf Englisch gef\u00fchrten Stippvisite.<br><\/p>\n\n\n\n<figure class=\"wp-block-gallery columns-2 is-cropped wp-block-gallery-2 is-layout-flex wp-block-gallery-is-layout-flex\"><ul class=\"blocks-gallery-grid\"><li class=\"blocks-gallery-item\"><figure><img loading=\"lazy\" decoding=\"async\" width=\"972\" height=\"1013\" src=\"https:\/\/blog.olimar.de\/wp-content\/uploads\/2019\/05\/Puppenklinik-Hopital-das-Bonecas.jpg\" alt=\"Puppenklinik Au\u00dfen Lissabon\" data-id=\"11061\" data-link=\"https:\/\/blog.olimar.de\/?attachment_id=11061\" class=\"wp-image-11061\" srcset=\"https:\/\/blog.olimar.de\/wp-content\/uploads\/2019\/05\/Puppenklinik-Hopital-das-Bonecas.jpg 972w, https:\/\/blog.olimar.de\/wp-content\/uploads\/2019\/05\/Puppenklinik-Hopital-das-Bonecas-288x300.jpg 288w, https:\/\/blog.olimar.de\/wp-content\/uploads\/2019\/05\/Puppenklinik-Hopital-das-Bonecas-768x800.jpg 768w\" sizes=\"auto, (max-width: 972px) 100vw, 972px\" \/><\/figure><\/li><li class=\"blocks-gallery-item\"><figure><img loading=\"lazy\" decoding=\"async\" width=\"1024\" height=\"768\" src=\"https:\/\/blog.olimar.de\/wp-content\/uploads\/2019\/05\/Verkaufsraum-Puppenklini-1024x768.jpg\" alt=\"Puppenklinik Lissabon innen\" data-id=\"11070\" data-link=\"https:\/\/blog.olimar.de\/?attachment_id=11070\" class=\"wp-image-11070\" srcset=\"https:\/\/blog.olimar.de\/wp-content\/uploads\/2019\/05\/Verkaufsraum-Puppenklini-1024x768.jpg 1024w, https:\/\/blog.olimar.de\/wp-content\/uploads\/2019\/05\/Verkaufsraum-Puppenklini-300x225.jpg 300w, https:\/\/blog.olimar.de\/wp-content\/uploads\/2019\/05\/Verkaufsraum-Puppenklini-768x576.jpg 768w, https:\/\/blog.olimar.de\/wp-content\/uploads\/2019\/05\/Verkaufsraum-Puppenklini.jpg 1688w\" sizes=\"auto, (max-width: 1024px) 100vw, 1024px\" \/><\/figure><\/li><\/ul><\/figure>\n\n\n\n<p class=\"wp-block-paragraph\">Gleich in der N\u00e4he der Puppenklinik liegen an der Ecke zwei Gesch\u00e4fte mit Geschichte nebeneinander, der Samenhandel Hortel\u00e3o und der Feinkosth\u00e4ndler Mantegaria Silva. Beim Samenh\u00e4ndler gibt es alles, was bl\u00fcht, w\u00e4chst, gedeiht und geerntet werden kann, als Saatgut zu kaufen. <br><\/p>\n\n\n\n<figure class=\"wp-block-image\"><img loading=\"lazy\" decoding=\"async\" width=\"1024\" height=\"511\" src=\"https:\/\/blog.olimar.de\/wp-content\/uploads\/2019\/05\/Die-Samenhandlung-Hortel\u00e3o-Soares-e-Rebelo-1024x511.jpg\" alt=\"Samenhandlung Lissabon\" class=\"wp-image-11077\" srcset=\"https:\/\/blog.olimar.de\/wp-content\/uploads\/2019\/05\/Die-Samenhandlung-Hortel\u00e3o-Soares-e-Rebelo-1024x511.jpg 1024w, https:\/\/blog.olimar.de\/wp-content\/uploads\/2019\/05\/Die-Samenhandlung-Hortel\u00e3o-Soares-e-Rebelo-300x150.jpg 300w, https:\/\/blog.olimar.de\/wp-content\/uploads\/2019\/05\/Die-Samenhandlung-Hortel\u00e3o-Soares-e-Rebelo-768x383.jpg 768w, https:\/\/blog.olimar.de\/wp-content\/uploads\/2019\/05\/Die-Samenhandlung-Hortel\u00e3o-Soares-e-Rebelo.jpg 1680w\" sizes=\"auto, (max-width: 1024px) 100vw, 1024px\" \/><\/figure>\n\n\n\n<p class=\"wp-block-paragraph\">Bei Senhor Silva nebenan, schwelgt man in den kulinarischen K\u00f6stlichkeiten Portugals. Rohmilchk\u00e4sesorten von Schaf und Ziege, Schinkenspezialit\u00e4ten vom schwarzen Schwein, rote Wurstsorten, Bacalhau-Zungen, Oliven-\u00d6l, Wein, Lik\u00f6r, und jede Menge andere K\u00f6stlichkeiten, die zu einem Picknick auf einem der unz\u00e4hligen Miradoro-Aussichtsterrassen von Lissabon verf\u00fchren oder dazu, den Koffer mit lukullischen Souvenirs zu f\u00fcllen.<br><\/p>\n\n\n\n<figure class=\"wp-block-gallery columns-3 is-cropped wp-block-gallery-3 is-layout-flex wp-block-gallery-is-layout-flex\"><ul class=\"blocks-gallery-grid\"><li class=\"blocks-gallery-item\"><figure><img loading=\"lazy\" decoding=\"async\" width=\"768\" height=\"1024\" src=\"https:\/\/blog.olimar.de\/wp-content\/uploads\/2019\/05\/Das-Feinkostgesch\u00e4ft-Manteigaria-Silva-768x1024.jpg\" alt=\"Feinkostgesch\u00e4ft Lissabon\" data-id=\"11076\" data-link=\"https:\/\/blog.olimar.de\/?attachment_id=11076\" class=\"wp-image-11076\" srcset=\"https:\/\/blog.olimar.de\/wp-content\/uploads\/2019\/05\/Das-Feinkostgesch\u00e4ft-Manteigaria-Silva-768x1024.jpg 768w, https:\/\/blog.olimar.de\/wp-content\/uploads\/2019\/05\/Das-Feinkostgesch\u00e4ft-Manteigaria-Silva-225x300.jpg 225w, https:\/\/blog.olimar.de\/wp-content\/uploads\/2019\/05\/Das-Feinkostgesch\u00e4ft-Manteigaria-Silva-420x560.jpg 420w, https:\/\/blog.olimar.de\/wp-content\/uploads\/2019\/05\/Das-Feinkostgesch\u00e4ft-Manteigaria-Silva.jpg 1899w\" sizes=\"auto, (max-width: 768px) 100vw, 768px\" \/><\/figure><\/li><li class=\"blocks-gallery-item\"><figure><img loading=\"lazy\" decoding=\"async\" width=\"768\" height=\"1024\" src=\"https:\/\/blog.olimar.de\/wp-content\/uploads\/2019\/05\/Feinkost-Silva-Bacalhau-Abteilung-768x1024.jpg\" alt=\"Feinkostladen Bacalhau Lissabon\" data-id=\"11079\" data-link=\"https:\/\/blog.olimar.de\/?attachment_id=11079\" class=\"wp-image-11079\" srcset=\"https:\/\/blog.olimar.de\/wp-content\/uploads\/2019\/05\/Feinkost-Silva-Bacalhau-Abteilung-768x1024.jpg 768w, https:\/\/blog.olimar.de\/wp-content\/uploads\/2019\/05\/Feinkost-Silva-Bacalhau-Abteilung-225x300.jpg 225w, https:\/\/blog.olimar.de\/wp-content\/uploads\/2019\/05\/Feinkost-Silva-Bacalhau-Abteilung-420x560.jpg 420w, https:\/\/blog.olimar.de\/wp-content\/uploads\/2019\/05\/Feinkost-Silva-Bacalhau-Abteilung.jpg 1530w\" sizes=\"auto, (max-width: 768px) 100vw, 768px\" \/><\/figure><\/li><li class=\"blocks-gallery-item\"><figure><img loading=\"lazy\" decoding=\"async\" width=\"768\" height=\"1024\" src=\"https:\/\/blog.olimar.de\/wp-content\/uploads\/2019\/05\/Feinkost-Silva-Schinken-und-K\u00e4se-Spezialit\u00e4ten-768x1024.jpg\" alt=\"Feinkostladen Schinken Lissabon\" data-id=\"11080\" data-link=\"https:\/\/blog.olimar.de\/?attachment_id=11080\" class=\"wp-image-11080\" srcset=\"https:\/\/blog.olimar.de\/wp-content\/uploads\/2019\/05\/Feinkost-Silva-Schinken-und-K\u00e4se-Spezialit\u00e4ten-768x1024.jpg 768w, https:\/\/blog.olimar.de\/wp-content\/uploads\/2019\/05\/Feinkost-Silva-Schinken-und-K\u00e4se-Spezialit\u00e4ten-225x300.jpg 225w, https:\/\/blog.olimar.de\/wp-content\/uploads\/2019\/05\/Feinkost-Silva-Schinken-und-K\u00e4se-Spezialit\u00e4ten-420x560.jpg 420w, https:\/\/blog.olimar.de\/wp-content\/uploads\/2019\/05\/Feinkost-Silva-Schinken-und-K\u00e4se-Spezialit\u00e4ten.jpg 1488w\" sizes=\"auto, (max-width: 768px) 100vw, 768px\" \/><\/figure><\/li><\/ul><\/figure>\n\n\n\n<p class=\"has-drop-cap wp-block-paragraph\">Die Liste lie\u00dfe sich seitenweise fortsetzten. Fast vollst\u00e4ndig findet man auf der Webseite der Stadt Lissabon ein Dokument mit <a rel=\"noreferrer noopener\" aria-label=\"Namen und Adressen zum Downloaden (opens in a new tab)\" href=\"http:\/\/www.cm-lisboa.pt\/fileadmin\/INVESTIR\/Comercio\/todas_lojas_site_CML.pdf\" target=\"_blank\">Namen und Adressen zum Downloaden<\/a> (PDF). Wer aufmerksam durch Lissabon flaniert, erkennt die Gesch\u00e4fte mit Geschichte auf den ersten Blick &#8211; und nicht nur am eigens an die Fassade geschraubtem Schild. Charmant, au\u00dfergew\u00f6hnlich, winzig und historisch, m\u00fcssen sie sein, so lauten die Kriterien. Geschichten erz\u00e4hlen sie alle. Als da w\u00e4re die Waffenhandlung Espingardaria Central am Rossio Bahnhof, der Tabakh\u00e4ndler Monaco und das Caf\u00e9 Nicola am Rossio, die Schmuckh\u00e4ndlerin Joalharia do Carmo unter dem Santa Justa Aufzug und gleich daneben die sch\u00f6nste und winzigste Handschuh-Boutique der Welt, a Luvaria Ulisses, und noch ist der Reisende auf seinem nostalgischen Bummel nicht im Chiado oder den anderen Stadtquartieren und seinen charmanten Boutiquen, Bars und Buchhandlungen angekommen. <\/p>\n\n\n\n<figure class=\"wp-block-gallery columns-3 is-cropped wp-block-gallery-4 is-layout-flex wp-block-gallery-is-layout-flex\"><ul class=\"blocks-gallery-grid\"><li class=\"blocks-gallery-item\"><figure><img loading=\"lazy\" decoding=\"async\" width=\"768\" height=\"1024\" src=\"https:\/\/blog.olimar.de\/wp-content\/uploads\/2019\/05\/Waffenhandlung-Espingardaria-Central-768x1024.jpg\" alt=\"Waffenhandlung Lissabon\" data-id=\"11071\" data-link=\"https:\/\/blog.olimar.de\/?attachment_id=11071\" class=\"wp-image-11071\" srcset=\"https:\/\/blog.olimar.de\/wp-content\/uploads\/2019\/05\/Waffenhandlung-Espingardaria-Central-768x1024.jpg 768w, https:\/\/blog.olimar.de\/wp-content\/uploads\/2019\/05\/Waffenhandlung-Espingardaria-Central-225x300.jpg 225w, https:\/\/blog.olimar.de\/wp-content\/uploads\/2019\/05\/Waffenhandlung-Espingardaria-Central-420x560.jpg 420w, https:\/\/blog.olimar.de\/wp-content\/uploads\/2019\/05\/Waffenhandlung-Espingardaria-Central.jpg 1512w\" sizes=\"auto, (max-width: 768px) 100vw, 768px\" \/><\/figure><\/li><li class=\"blocks-gallery-item\"><figure><img loading=\"lazy\" decoding=\"async\" width=\"768\" height=\"1024\" src=\"https:\/\/blog.olimar.de\/wp-content\/uploads\/2019\/05\/Hutsalon-Chapelaria-Azevedo-Rua-768x1024.jpg\" alt=\"Hutsalon Lissabon\" data-id=\"11058\" data-link=\"https:\/\/blog.olimar.de\/?attachment_id=11058\" class=\"wp-image-11058\" srcset=\"https:\/\/blog.olimar.de\/wp-content\/uploads\/2019\/05\/Hutsalon-Chapelaria-Azevedo-Rua-768x1024.jpg 768w, https:\/\/blog.olimar.de\/wp-content\/uploads\/2019\/05\/Hutsalon-Chapelaria-Azevedo-Rua-225x300.jpg 225w, https:\/\/blog.olimar.de\/wp-content\/uploads\/2019\/05\/Hutsalon-Chapelaria-Azevedo-Rua-420x560.jpg 420w, https:\/\/blog.olimar.de\/wp-content\/uploads\/2019\/05\/Hutsalon-Chapelaria-Azevedo-Rua.jpg 1605w\" sizes=\"auto, (max-width: 768px) 100vw, 768px\" \/><\/figure><\/li><li class=\"blocks-gallery-item\"><figure><img loading=\"lazy\" decoding=\"async\" width=\"507\" height=\"680\" src=\"https:\/\/blog.olimar.de\/wp-content\/uploads\/2019\/05\/Hutgesch\u00e4ft-Azevedo-Rua.jpg\" alt=\"Hutgesch\u00e4ft Lissabon\" data-id=\"11057\" data-link=\"https:\/\/blog.olimar.de\/?attachment_id=11057\" class=\"wp-image-11057\" srcset=\"https:\/\/blog.olimar.de\/wp-content\/uploads\/2019\/05\/Hutgesch\u00e4ft-Azevedo-Rua.jpg 507w, https:\/\/blog.olimar.de\/wp-content\/uploads\/2019\/05\/Hutgesch\u00e4ft-Azevedo-Rua-224x300.jpg 224w\" sizes=\"auto, (max-width: 507px) 100vw, 507px\" \/><\/figure><\/li><li class=\"blocks-gallery-item\"><figure><img loading=\"lazy\" decoding=\"async\" width=\"768\" height=\"1024\" src=\"https:\/\/blog.olimar.de\/wp-content\/uploads\/2019\/05\/Schmuckgesch\u00e4ft-Joalharia-do-Carmo-768x1024.jpg\" alt=\"Schmuckgesch\u00e4ft Lissabon\" data-id=\"11065\" data-link=\"https:\/\/blog.olimar.de\/?attachment_id=11065\" class=\"wp-image-11065\" srcset=\"https:\/\/blog.olimar.de\/wp-content\/uploads\/2019\/05\/Schmuckgesch\u00e4ft-Joalharia-do-Carmo-768x1024.jpg 768w, https:\/\/blog.olimar.de\/wp-content\/uploads\/2019\/05\/Schmuckgesch\u00e4ft-Joalharia-do-Carmo-225x300.jpg 225w, https:\/\/blog.olimar.de\/wp-content\/uploads\/2019\/05\/Schmuckgesch\u00e4ft-Joalharia-do-Carmo-420x560.jpg 420w, https:\/\/blog.olimar.de\/wp-content\/uploads\/2019\/05\/Schmuckgesch\u00e4ft-Joalharia-do-Carmo.jpg 1737w\" sizes=\"auto, (max-width: 768px) 100vw, 768px\" \/><\/figure><\/li><li class=\"blocks-gallery-item\"><figure><img loading=\"lazy\" decoding=\"async\" width=\"768\" height=\"1024\" src=\"https:\/\/blog.olimar.de\/wp-content\/uploads\/2019\/05\/Tabak-und-Zeitungen-Moncaco-768x1024.jpg\" alt=\"Tabak und Zeitungen Gesch\u00e4ft Lissabon\" data-id=\"11066\" data-link=\"https:\/\/blog.olimar.de\/?attachment_id=11066\" class=\"wp-image-11066\" srcset=\"https:\/\/blog.olimar.de\/wp-content\/uploads\/2019\/05\/Tabak-und-Zeitungen-Moncaco-768x1024.jpg 768w, https:\/\/blog.olimar.de\/wp-content\/uploads\/2019\/05\/Tabak-und-Zeitungen-Moncaco-225x300.jpg 225w, https:\/\/blog.olimar.de\/wp-content\/uploads\/2019\/05\/Tabak-und-Zeitungen-Moncaco-420x560.jpg 420w, https:\/\/blog.olimar.de\/wp-content\/uploads\/2019\/05\/Tabak-und-Zeitungen-Moncaco.jpg 1512w\" sizes=\"auto, (max-width: 768px) 100vw, 768px\" \/><\/figure><\/li><\/ul><\/figure>\n\n\n\n<p class=\"wp-block-paragraph\">Doch eigentlich ist es einerlei, in welche Loja com Hist\u00f3ria der Weg f\u00fchren mag, ob man ein St\u00fcck handgemachte Seife, eine von Hand gezogene Kerze oder ein von Hand gen\u00e4htes Paar Schuhe erwirbt, ein St\u00fcck Lissabonner Handelskultur war, ist, und bleibt &#8211; en vogue.<\/p>\n","protected":false},"excerpt":{"rendered":"<p>En vogue war Lissabon schon im ausgehenden 18.Jahrhundert. Die elegante Unterstadt mit dem pr\u00e4chtigen Handelsplatz Pra\u00e7a de Comer\u00e7io und der Reiterstatue K\u00f6nig D. Jos\u00e9 direkt am Tejo-Flussufer gelegen, umrahmt von seinen Palast artig erbauten Ministerien, den imposanten Arkadeng\u00e4ngen und gekr\u00f6nt vom Augusta-Triumphbogen als Tor zur Promenier-Meile mitten durch die Baixa bis zum Rossio, l\u00e4dt den Besucher fr\u00fcher wie heute ein zu einem nostalgischen Stadtbummel. Dutzende Fachgesch\u00e4fte, spezialisiert auf Hutmachen, Kurzwaren, Stoffe, Schmuck, Fischkonserven und vieles mehr schm\u00fccken die Baixa, den Rossio, den Pra\u00e7a de Figueira, den Chiado, das Bairro-Alto und das Viertel Princ\u00edpe Real mit Perlen erlesener und ausgefallener Produkte, allesamt &hellip;<\/p>\n","protected":false},"author":70,"featured_media":11064,"comment_status":"open","ping_status":"open","sticky":false,"template":"","format":"standard","meta":{"_crdt_document":"","_lmt_disableupdate":"","_lmt_disable":"","footnotes":""},"categories":[30,31],"tags":[25,34],"class_list":["post-11051","post","type-post","status-publish","format-standard","has-post-thumbnail","hentry","category-kulinarik-genuss","category-land-leute","tag-lissabon","tag-portugal"],"yoast_head":"<!-- This site is optimized with the Yoast SEO plugin v26.9 - https:\/\/yoast.com\/product\/yoast-seo-wordpress\/ -->\n<title>Lissabon en vogue - ein nostalgischer Einkaufsbummel -<\/title>\n<meta name=\"description\" content=\"Bei einer Shoppingtour in Lissabon ist ein Besuch der nostalgischen Gesch\u00e4fte der Lojas com hist\u00f3ria ein Muss. Wir erkl\u00e4ren, welche genau.\" \/>\n<meta name=\"robots\" content=\"index, follow, max-snippet:-1, max-image-preview:large, max-video-preview:-1\" \/>\n<link rel=\"canonical\" href=\"https:\/\/blog.olimar.de\/lissabon-nostalgischer-einkaufsbummel\/\" \/>\n<meta property=\"og:locale\" content=\"de_DE\" \/>\n<meta property=\"og:type\" content=\"article\" \/>\n<meta property=\"og:title\" content=\"Lissabon en vogue - ein nostalgischer Einkaufsbummel -\" \/>\n<meta property=\"og:description\" content=\"Bei einer Shoppingtour in Lissabon ist ein Besuch der nostalgischen Gesch\u00e4fte der Lojas com hist\u00f3ria ein Muss. Wir erkl\u00e4ren, welche genau.\" \/>\n<meta property=\"og:url\" content=\"https:\/\/blog.olimar.de\/lissabon-nostalgischer-einkaufsbummel\/\" \/>\n<meta property=\"article:publisher\" content=\"https:\/\/www.facebook.com\/OlimarReisen\" \/>\n<meta property=\"article:published_time\" content=\"2019-05-02T14:08:21+00:00\" \/>\n<meta property=\"article:modified_time\" content=\"2021-04-06T14:28:46+00:00\" \/>\n<meta property=\"og:image\" content=\"https:\/\/i1.wp.com\/blog.olimar.de\/wp-content\/uploads\/2019\/05\/Retrosaria.jpg?fit=895%2C618&ssl=1\" \/>\n\t<meta property=\"og:image:width\" content=\"895\" \/>\n\t<meta property=\"og:image:height\" content=\"618\" \/>\n\t<meta property=\"og:image:type\" content=\"image\/jpeg\" \/>\n<meta name=\"author\" content=\"Catrin Ponciano\" \/>\n<meta name=\"twitter:label1\" content=\"Verfasst von\" \/>\n\t<meta name=\"twitter:data1\" content=\"Catrin Ponciano\" \/>\n\t<meta name=\"twitter:label2\" content=\"Gesch\u00e4tzte Lesezeit\" \/>\n\t<meta name=\"twitter:data2\" content=\"5\u00a0Minuten\" \/>\n<script type=\"application\/ld+json\" class=\"yoast-schema-graph\">{\"@context\":\"https:\/\/schema.org\",\"@graph\":[{\"@type\":\"WebPage\",\"@id\":\"https:\/\/blog.olimar.de\/lissabon-nostalgischer-einkaufsbummel\/\",\"url\":\"https:\/\/blog.olimar.de\/lissabon-nostalgischer-einkaufsbummel\/\",\"name\":\"Lissabon en vogue - ein nostalgischer Einkaufsbummel -\",\"isPartOf\":{\"@id\":\"https:\/\/blog.olimar.de\/#website\"},\"primaryImageOfPage\":{\"@id\":\"https:\/\/blog.olimar.de\/lissabon-nostalgischer-einkaufsbummel\/#primaryimage\"},\"image\":{\"@id\":\"https:\/\/blog.olimar.de\/lissabon-nostalgischer-einkaufsbummel\/#primaryimage\"},\"thumbnailUrl\":\"https:\/\/blog.olimar.de\/wp-content\/uploads\/2019\/05\/Retrosaria.jpg\",\"datePublished\":\"2019-05-02T14:08:21+00:00\",\"dateModified\":\"2021-04-06T14:28:46+00:00\",\"description\":\"Bei einer Shoppingtour in Lissabon ist ein Besuch der nostalgischen Gesch\u00e4fte der Lojas com hist\u00f3ria ein Muss. Wir erkl\u00e4ren, welche genau.\",\"breadcrumb\":{\"@id\":\"https:\/\/blog.olimar.de\/lissabon-nostalgischer-einkaufsbummel\/#breadcrumb\"},\"inLanguage\":\"de\",\"potentialAction\":[{\"@type\":\"ReadAction\",\"target\":[\"https:\/\/blog.olimar.de\/lissabon-nostalgischer-einkaufsbummel\/\"]}]},{\"@type\":\"ImageObject\",\"inLanguage\":\"de\",\"@id\":\"https:\/\/blog.olimar.de\/lissabon-nostalgischer-einkaufsbummel\/#primaryimage\",\"url\":\"https:\/\/blog.olimar.de\/wp-content\/uploads\/2019\/05\/Retrosaria.jpg\",\"contentUrl\":\"https:\/\/blog.olimar.de\/wp-content\/uploads\/2019\/05\/Retrosaria.jpg\",\"width\":895,\"height\":618,\"caption\":\"Retrosaria\"},{\"@type\":\"BreadcrumbList\",\"@id\":\"https:\/\/blog.olimar.de\/lissabon-nostalgischer-einkaufsbummel\/#breadcrumb\",\"itemListElement\":[{\"@type\":\"ListItem\",\"position\":1,\"name\":\"Home\",\"item\":\"https:\/\/blog.olimar.de\/\"},{\"@type\":\"ListItem\",\"position\":2,\"name\":\"Lissabon\",\"item\":\"https:\/\/blog.olimar.de\/tag\/lissabon\/\"},{\"@type\":\"ListItem\",\"position\":3,\"name\":\"Lissabon en vogue &#8211; ein nostalgischer Einkaufsbummel\"}]},{\"@type\":\"WebSite\",\"@id\":\"https:\/\/blog.olimar.de\/#website\",\"url\":\"https:\/\/blog.olimar.de\/\",\"name\":\"OLIMAR.com\",\"description\":\"\",\"publisher\":{\"@id\":\"https:\/\/blog.olimar.de\/#organization\"},\"potentialAction\":[{\"@type\":\"SearchAction\",\"target\":{\"@type\":\"EntryPoint\",\"urlTemplate\":\"https:\/\/blog.olimar.de\/?s={search_term_string}\"},\"query-input\":{\"@type\":\"PropertyValueSpecification\",\"valueRequired\":true,\"valueName\":\"search_term_string\"}}],\"inLanguage\":\"de\"},{\"@type\":\"Organization\",\"@id\":\"https:\/\/blog.olimar.de\/#organization\",\"name\":\"OLIMAR Reisen\",\"url\":\"https:\/\/blog.olimar.de\/\",\"logo\":{\"@type\":\"ImageObject\",\"inLanguage\":\"de\",\"@id\":\"https:\/\/blog.olimar.de\/#\/schema\/logo\/image\/\",\"url\":\"https:\/\/blog.olimar.de\/wp-content\/uploads\/2021\/01\/OLIMAR_Logo_COLOR.png\",\"contentUrl\":\"https:\/\/blog.olimar.de\/wp-content\/uploads\/2021\/01\/OLIMAR_Logo_COLOR.png\",\"width\":2000,\"height\":986,\"caption\":\"OLIMAR Reisen\"},\"image\":{\"@id\":\"https:\/\/blog.olimar.de\/#\/schema\/logo\/image\/\"},\"sameAs\":[\"https:\/\/www.facebook.com\/OlimarReisen\",\"https:\/\/x.com\/olimarrreisen\",\"https:\/\/www.instagram.com\/olimarreisen\",\"https:\/\/www.youtube.com\/user\/olimarreisen\"]}]}<\/script>\n<!-- \/ Yoast SEO plugin. -->","yoast_head_json":{"title":"Lissabon en vogue - ein nostalgischer Einkaufsbummel -","description":"Bei einer Shoppingtour in Lissabon ist ein Besuch der nostalgischen Gesch\u00e4fte der Lojas com hist\u00f3ria ein Muss. Wir erkl\u00e4ren, welche genau.","robots":{"index":"index","follow":"follow","max-snippet":"max-snippet:-1","max-image-preview":"max-image-preview:large","max-video-preview":"max-video-preview:-1"},"canonical":"https:\/\/blog.olimar.de\/lissabon-nostalgischer-einkaufsbummel\/","og_locale":"de_DE","og_type":"article","og_title":"Lissabon en vogue - ein nostalgischer Einkaufsbummel -","og_description":"Bei einer Shoppingtour in Lissabon ist ein Besuch der nostalgischen Gesch\u00e4fte der Lojas com hist\u00f3ria ein Muss. Wir erkl\u00e4ren, welche genau.","og_url":"https:\/\/blog.olimar.de\/lissabon-nostalgischer-einkaufsbummel\/","article_publisher":"https:\/\/www.facebook.com\/OlimarReisen","article_published_time":"2019-05-02T14:08:21+00:00","article_modified_time":"2021-04-06T14:28:46+00:00","og_image":[{"width":895,"height":618,"url":"https:\/\/i1.wp.com\/blog.olimar.de\/wp-content\/uploads\/2019\/05\/Retrosaria.jpg?fit=895%2C618&ssl=1","type":"image\/jpeg"}],"author":"Catrin Ponciano","twitter_misc":{"Verfasst von":"Catrin Ponciano","Gesch\u00e4tzte Lesezeit":"5\u00a0Minuten"},"schema":{"@context":"https:\/\/schema.org","@graph":[{"@type":"WebPage","@id":"https:\/\/blog.olimar.de\/lissabon-nostalgischer-einkaufsbummel\/","url":"https:\/\/blog.olimar.de\/lissabon-nostalgischer-einkaufsbummel\/","name":"Lissabon en vogue - ein nostalgischer Einkaufsbummel -","isPartOf":{"@id":"https:\/\/blog.olimar.de\/#website"},"primaryImageOfPage":{"@id":"https:\/\/blog.olimar.de\/lissabon-nostalgischer-einkaufsbummel\/#primaryimage"},"image":{"@id":"https:\/\/blog.olimar.de\/lissabon-nostalgischer-einkaufsbummel\/#primaryimage"},"thumbnailUrl":"https:\/\/blog.olimar.de\/wp-content\/uploads\/2019\/05\/Retrosaria.jpg","datePublished":"2019-05-02T14:08:21+00:00","dateModified":"2021-04-06T14:28:46+00:00","description":"Bei einer Shoppingtour in Lissabon ist ein Besuch der nostalgischen Gesch\u00e4fte der Lojas com hist\u00f3ria ein Muss. Wir erkl\u00e4ren, welche genau.","breadcrumb":{"@id":"https:\/\/blog.olimar.de\/lissabon-nostalgischer-einkaufsbummel\/#breadcrumb"},"inLanguage":"de","potentialAction":[{"@type":"ReadAction","target":["https:\/\/blog.olimar.de\/lissabon-nostalgischer-einkaufsbummel\/"]}]},{"@type":"ImageObject","inLanguage":"de","@id":"https:\/\/blog.olimar.de\/lissabon-nostalgischer-einkaufsbummel\/#primaryimage","url":"https:\/\/blog.olimar.de\/wp-content\/uploads\/2019\/05\/Retrosaria.jpg","contentUrl":"https:\/\/blog.olimar.de\/wp-content\/uploads\/2019\/05\/Retrosaria.jpg","width":895,"height":618,"caption":"Retrosaria"},{"@type":"BreadcrumbList","@id":"https:\/\/blog.olimar.de\/lissabon-nostalgischer-einkaufsbummel\/#breadcrumb","itemListElement":[{"@type":"ListItem","position":1,"name":"Home","item":"https:\/\/blog.olimar.de\/"},{"@type":"ListItem","position":2,"name":"Lissabon","item":"https:\/\/blog.olimar.de\/tag\/lissabon\/"},{"@type":"ListItem","position":3,"name":"Lissabon en vogue &#8211; ein nostalgischer Einkaufsbummel"}]},{"@type":"WebSite","@id":"https:\/\/blog.olimar.de\/#website","url":"https:\/\/blog.olimar.de\/","name":"OLIMAR.com","description":"","publisher":{"@id":"https:\/\/blog.olimar.de\/#organization"},"potentialAction":[{"@type":"SearchAction","target":{"@type":"EntryPoint","urlTemplate":"https:\/\/blog.olimar.de\/?s={search_term_string}"},"query-input":{"@type":"PropertyValueSpecification","valueRequired":true,"valueName":"search_term_string"}}],"inLanguage":"de"},{"@type":"Organization","@id":"https:\/\/blog.olimar.de\/#organization","name":"OLIMAR Reisen","url":"https:\/\/blog.olimar.de\/","logo":{"@type":"ImageObject","inLanguage":"de","@id":"https:\/\/blog.olimar.de\/#\/schema\/logo\/image\/","url":"https:\/\/blog.olimar.de\/wp-content\/uploads\/2021\/01\/OLIMAR_Logo_COLOR.png","contentUrl":"https:\/\/blog.olimar.de\/wp-content\/uploads\/2021\/01\/OLIMAR_Logo_COLOR.png","width":2000,"height":986,"caption":"OLIMAR Reisen"},"image":{"@id":"https:\/\/blog.olimar.de\/#\/schema\/logo\/image\/"},"sameAs":["https:\/\/www.facebook.com\/OlimarReisen","https:\/\/x.com\/olimarrreisen","https:\/\/www.instagram.com\/olimarreisen","https:\/\/www.youtube.com\/user\/olimarreisen"]}]}},"modified_by":"Sabine Wonner","jetpack_featured_media_url":"https:\/\/blog.olimar.de\/wp-content\/uploads\/2019\/05\/Retrosaria.jpg","_links":{"self":[{"href":"https:\/\/blog.olimar.de\/wp-json\/wp\/v2\/posts\/11051","targetHints":{"allow":["GET"]}}],"collection":[{"href":"https:\/\/blog.olimar.de\/wp-json\/wp\/v2\/posts"}],"about":[{"href":"https:\/\/blog.olimar.de\/wp-json\/wp\/v2\/types\/post"}],"author":[{"embeddable":true,"href":"https:\/\/blog.olimar.de\/wp-json\/wp\/v2\/users\/70"}],"replies":[{"embeddable":true,"href":"https:\/\/blog.olimar.de\/wp-json\/wp\/v2\/comments?post=11051"}],"version-history":[{"count":8,"href":"https:\/\/blog.olimar.de\/wp-json\/wp\/v2\/posts\/11051\/revisions"}],"predecessor-version":[{"id":16305,"href":"https:\/\/blog.olimar.de\/wp-json\/wp\/v2\/posts\/11051\/revisions\/16305"}],"wp:featuredmedia":[{"embeddable":true,"href":"https:\/\/blog.olimar.de\/wp-json\/wp\/v2\/media\/11064"}],"wp:attachment":[{"href":"https:\/\/blog.olimar.de\/wp-json\/wp\/v2\/media?parent=11051"}],"wp:term":[{"taxonomy":"category","embeddable":true,"href":"https:\/\/blog.olimar.de\/wp-json\/wp\/v2\/categories?post=11051"},{"taxonomy":"post_tag","embeddable":true,"href":"https:\/\/blog.olimar.de\/wp-json\/wp\/v2\/tags?post=11051"}],"curies":[{"name":"wp","href":"https:\/\/api.w.org\/{rel}","templated":true}]}}