{"id":11124,"date":"2019-05-14T11:46:01","date_gmt":"2019-05-14T09:46:01","guid":{"rendered":"https:\/\/blog.olimar.de\/?p=11124"},"modified":"2023-01-15T10:04:55","modified_gmt":"2023-01-15T09:04:55","slug":"porto-covo","status":"publish","type":"post","link":"https:\/\/blog.olimar.de\/porto-covo\/","title":{"rendered":"Postkartenidylle in Porto Covo im Alentejo"},"content":{"rendered":"\n<p><b>Unter portugiesischen Wochenendausfl\u00fcglern, nach wie vor als Geheimtipp gehandelt. Man begegnet \u00fcberall im Naturpark S\u00fcd-West-Alentejo gut gelaunten Sporttreibenden Menschen und Familien, die das entspannte Flair in dem malerischen Fischerort zu sch\u00e4tzen wissen. Den Ausflug von dort aus ausweiten und ausgedehnte Sonnenstunden an einem der dreizehn, gr\u00f6\u00dftenteils voll konzessionierten und mit Strandaufsicht ausgestatteten Strandbuchten s\u00fcdlich und n\u00f6rdlich von Porto Covo verbringen, oder am Strand Praia de Salto der Freik\u00f6rperkultur fr\u00f6nen.<\/b><\/p>\n\n\n\n<div class=\"wp-block-buttons is-layout-flex wp-block-buttons-is-layout-flex\">\n<div class=\"wp-block-button\"><a class=\"wp-block-button__link wp-element-button\" href=\"https:\/\/www.olimar.de\/portugal\/alentejo\/\">Alentejo Reiseangebote und Hoteltipps entdecken<\/a><\/div>\n<\/div>\n\n\n\n<div style=\"height:25px\" aria-hidden=\"true\" class=\"wp-block-spacer\"><\/div>\n\n\n\n<p class=\"wp-block-paragraph\">M\u00f6chte man Porto Covo in einem Wort beschreiben, passt Postkartenidylle im buchst\u00e4blichen Sinne. Einst\u00f6ckige wei\u00df gekalkte H\u00e4user mit blau gefassten Fenstern, und rot leuchtenden Fensterl\u00e4den und T\u00fcren. Mit r\u00f6tlich schraffierten M\u00f6nchsziegeln gedeckt, schmiegen sich die H\u00e4uschen wie Baukl\u00f6tze geometrisch im 90\u00b0 Grad Winkel zusammenger\u00fcckt, rund um den Marktplatz des Fischerortes, mit Parallelstra\u00dfen und schmalen Durchl\u00e4ssen zu den H\u00e4userreihen dahinter. <\/p>\n\n\n\n<p class=\"wp-block-paragraph\">Das gesamte \u00d6rtchen im gem\u00fctlichem Schlendertempo durchschritten, gelangt man auf eine Hochplateau-Klippe \u00fcber eine felsige Bucht. Dort d\u00fcmpeln Fischerboote vor sich hin und es sind die ber\u00fchmten Fischfallen, die sogenannten Covos, k\u00e4fig\u00e4hnliche Gebilde an Bojen vor die K\u00fcste ausgesetzt. Allzu neugierige Kraken, Langusten und Tintenfische werden in die Falle gelockt. Anschlie\u00dfend gelangt der Fisch fangfrisch, in einem der urig eingerichteten Lokale im Ort und werden dem Gast serviert.<br><\/p>\n\n\n\n<figure class=\"wp-block-gallery has-nested-images columns-default is-cropped wp-block-gallery-1 is-layout-flex wp-block-gallery-is-layout-flex\">\n<figure class=\"wp-block-image\"><img loading=\"lazy\" decoding=\"async\" width=\"1024\" height=\"768\" data-id=\"11132\" src=\"https:\/\/blog.olimar.de\/wp-content\/uploads\/2019\/05\/Igreja-de-1024x768.jpg\" alt=\"Kirche in Porto Covo\" class=\"wp-image-11132\" srcset=\"https:\/\/blog.olimar.de\/wp-content\/uploads\/2019\/05\/Igreja-de-1024x768.jpg 1024w, https:\/\/blog.olimar.de\/wp-content\/uploads\/2019\/05\/Igreja-de-300x225.jpg 300w, https:\/\/blog.olimar.de\/wp-content\/uploads\/2019\/05\/Igreja-de-768x576.jpg 768w, https:\/\/blog.olimar.de\/wp-content\/uploads\/2019\/05\/Igreja-de.jpg 2016w\" sizes=\"auto, (max-width: 1024px) 100vw, 1024px\" \/><figcaption class=\"wp-element-caption\">Kirche in Porto Covo<\/figcaption><\/figure>\n\n\n\n<figure class=\"wp-block-image\"><img loading=\"lazy\" decoding=\"async\" width=\"764\" height=\"1024\" data-id=\"11133\" src=\"https:\/\/blog.olimar.de\/wp-content\/uploads\/2019\/05\/Porto-Covo-Impressionen-1-764x1024.jpg\" alt=\"Impresssionen aus Porto Covo\" class=\"wp-image-11133\" srcset=\"https:\/\/blog.olimar.de\/wp-content\/uploads\/2019\/05\/Porto-Covo-Impressionen-1-764x1024.jpg 764w, https:\/\/blog.olimar.de\/wp-content\/uploads\/2019\/05\/Porto-Covo-Impressionen-1-224x300.jpg 224w, https:\/\/blog.olimar.de\/wp-content\/uploads\/2019\/05\/Porto-Covo-Impressionen-1-768x1029.jpg 768w, https:\/\/blog.olimar.de\/wp-content\/uploads\/2019\/05\/Porto-Covo-Impressionen-1.jpg 1504w\" sizes=\"auto, (max-width: 764px) 100vw, 764px\" \/><figcaption class=\"wp-element-caption\">Rote T\u00fcr eines Hauses<\/figcaption><\/figure>\n\n\n\n<figure class=\"wp-block-image\"><img loading=\"lazy\" decoding=\"async\" width=\"764\" height=\"1024\" data-id=\"11134\" src=\"https:\/\/blog.olimar.de\/wp-content\/uploads\/2019\/05\/Porto-Covo-Impressionen3-764x1024.jpg\" alt=\"Haus in Porto Covo\" class=\"wp-image-11134\" srcset=\"https:\/\/blog.olimar.de\/wp-content\/uploads\/2019\/05\/Porto-Covo-Impressionen3-764x1024.jpg 764w, https:\/\/blog.olimar.de\/wp-content\/uploads\/2019\/05\/Porto-Covo-Impressionen3-224x300.jpg 224w, https:\/\/blog.olimar.de\/wp-content\/uploads\/2019\/05\/Porto-Covo-Impressionen3-768x1029.jpg 768w, https:\/\/blog.olimar.de\/wp-content\/uploads\/2019\/05\/Porto-Covo-Impressionen3.jpg 1504w\" sizes=\"auto, (max-width: 764px) 100vw, 764px\" \/><figcaption class=\"wp-element-caption\">Klassisches Haus<\/figcaption><\/figure>\n\n\n\n<figure class=\"wp-block-image\"><img loading=\"lazy\" decoding=\"async\" width=\"1024\" height=\"768\" data-id=\"11135\" src=\"https:\/\/blog.olimar.de\/wp-content\/uploads\/2019\/05\/Porto-Covo-Tourismusb\u00fcro-1024x768.jpg\" alt=\"Porto Covo Tourismusb\u00fcro\" class=\"wp-image-11135\" srcset=\"https:\/\/blog.olimar.de\/wp-content\/uploads\/2019\/05\/Porto-Covo-Tourismusb\u00fcro-1024x768.jpg 1024w, https:\/\/blog.olimar.de\/wp-content\/uploads\/2019\/05\/Porto-Covo-Tourismusb\u00fcro-300x225.jpg 300w, https:\/\/blog.olimar.de\/wp-content\/uploads\/2019\/05\/Porto-Covo-Tourismusb\u00fcro-768x576.jpg 768w, https:\/\/blog.olimar.de\/wp-content\/uploads\/2019\/05\/Porto-Covo-Tourismusb\u00fcro.jpg 2016w\" sizes=\"auto, (max-width: 1024px) 100vw, 1024px\" \/><figcaption class=\"wp-element-caption\">Tourismusb\u00fcro in Porto Covo<\/figcaption><\/figure>\n<\/figure>\n\n\n\n<p class=\"wp-block-paragraph\"><\/p>\n\n\n\n<h2>Geschichte von Porto Covo\u00a0<\/h2>\n<p>Porto Covo, \u00fcbersetzt Hafen-Bucht, blickt zur\u00fcck auf eine abwechslungsreiche Geschichte. Die sich tief zwischen zwei Klippenfelsen w\u00f6lbende Bucht, die einzige zwischen den gr\u00f6\u00dferen Hafenanlagen von Vila Nova de Milfontes an der M\u00fcndung des Mira-Flusses im S\u00fcden und Sines, die Heimatstadt vom einstigen Indien-Entdecker Vasco da Gama im Norden, war einst ein kleiner Verschiffungshafen f\u00fcr Holzkohle. Das Holz stammte aus den W\u00e4ldern des nahe gelegenen Bergzuges Serra de Cercal. Auf kleinen Barken verschifften die K\u00f6hler ihre Ware aus der zerkl\u00fcfteten Bucht hinaus auf See. Die Ware wurde zu gr\u00f6\u00dferen Handelsschiffen auf der See gebracht, die in sicherem Abstand vor den Klippen ankerten und den begehrten Brennstoff an Bord nahmen, um ihn nach Lissabon zu transportieren und dort zu verkaufen.<\/p>\n\n\n\n<figure class=\"wp-block-image\"><img loading=\"lazy\" decoding=\"async\" width=\"1024\" height=\"768\" src=\"https:\/\/blog.olimar.de\/wp-content\/uploads\/2019\/05\/Fischerhafenbucht-Porto-Covo-1024x768.jpg\" alt=\"Fischerhafenbucht Porto Covo\" class=\"wp-image-11136\" srcset=\"https:\/\/blog.olimar.de\/wp-content\/uploads\/2019\/05\/Fischerhafenbucht-Porto-Covo-1024x768.jpg 1024w, https:\/\/blog.olimar.de\/wp-content\/uploads\/2019\/05\/Fischerhafenbucht-Porto-Covo-300x225.jpg 300w, https:\/\/blog.olimar.de\/wp-content\/uploads\/2019\/05\/Fischerhafenbucht-Porto-Covo-768x576.jpg 768w, https:\/\/blog.olimar.de\/wp-content\/uploads\/2019\/05\/Fischerhafenbucht-Porto-Covo.jpg 2016w\" sizes=\"auto, (max-width: 1024px) 100vw, 1024px\" \/><figcaption class=\"wp-element-caption\">Fischerhafenbucht <\/figcaption><\/figure>\n\n\n\n<p class=\"wp-block-paragraph\"><\/p>\n\n\n\n<p>Ein angesehener Lissabonner Kaufmann namens Jacinto Fernandes Bandeira verliebte sich in das Fleckchen Erde rund um Porto Covo und verhalf dem Ort, dank seines Verm\u00f6gens und seines politischen Einflusses, zu einer v\u00f6llig neuen Struktur nach dem Erdbeben am 1. November 1755, das ganz Portugal in Schutt und Asche gelegt hatte. Zwar z\u00e4hlte der Fischerort damals gerade einmal 200 Seelen, aber der Ortskern wurde nichtsdestotrotz in gleicher Manier, wie die zerst\u00f6rte Unterstadt Baixa von Lissabon, sowie die nagelneue Stadt Vila Real de Santo Ant\u00f3nio am Rio Guadiana Fluss am \u00f6stlichen Ende der Algarve, geplant und gebaut.<\/p>\n\n\n\n<h3>Wie das heute Porto Covo entsteht<\/h3>\n<p>In Pombalinischer Manier, benannt nach dem f\u00fcr den Wiederaufbau nach dem Erdbeben verantwortlichen k\u00f6niglichen Minister Marqu\u00eas de Pombal, entstand rund um den gleichnamigen Marktplatz das heutige, neue <strong>Porto Covo de Bandeira<\/strong>. Strukturiert war aber nicht blo\u00df nach Vorbild der Metropole und gro\u00dfen Schwester Lissabon der Grundriss des Fischerortes, sondern rund um den Platz und dahinter siedelte regionales Handwerk und Gewerbe an. Dazu z\u00e4hlten Schmiedemeister*innen, Sattler*innen, Korbflechtende, Kesselflickende, Tischler*innen, Schuster*innen, Schneider*innen, und andere Handwerksbetriebe, die dem Platz und dem Ort ein kommerzielles Flair einhauchten und f\u00fcr wirtschaftliche Dynamik sorgten.<\/p>\n<p>Der winzige Fischerort, in dem bis dato jeder Fischende auch Anbauende war, erlebte eine kleine Renaissance, wuchs zu einer Gemeinde heran und bleibt bis heute ein emblematischer Marktplatz, als Spiegel der Region. Zwar arbeitet heute kein Hufschmied mehr neben seiner Esse auf dem Platz und beschl\u00e4gt Pferden ihre Hufe, daf\u00fcr bieten eine gro\u00dfe Anzahl Boutiquen, Kunsthandwerk und vieles mehr an. Es gibt ausreichend Caf\u00e9s und Restaurants mit einer regional\u00fcbliche K\u00fcche, mit K\u00f6stlichkeiten aus dem Meer und aus den Bergen zubereitet.<\/p>\n\n\n\n<h2>Ausflug zur Festung Forte do Pessegueiro<\/h2>\n<p>Etwa f\u00fcnf Kilometer s\u00fcdlich von Porto Covo gelangt man an zum Strand Praia do Pessegueiro. Davor liegt die gleichnamige Insel, \u00fcbersetzt mit Insel der Fischersleute. Eingeschmiegt zwischen sich wie Nagez\u00e4hnchen aus dem feinpudrigen Sand erhebenden Klippen aus Schiefergestein, st\u00f6\u00dft man hier auf mehrere paradiesische Strandbuchten, die \u00fcber Treppen oder ausgetretene Pfade erreichbar sind.<\/p>\n\n\n\n<figure class=\"wp-block-image\"><img loading=\"lazy\" decoding=\"async\" width=\"1024\" height=\"768\" src=\"https:\/\/blog.olimar.de\/wp-content\/uploads\/2019\/05\/Praia-do-Pessegueiro3-1024x768.jpg\" alt=\"Praia do Pessegueiro\" class=\"wp-image-11137\" srcset=\"https:\/\/blog.olimar.de\/wp-content\/uploads\/2019\/05\/Praia-do-Pessegueiro3-1024x768.jpg 1024w, https:\/\/blog.olimar.de\/wp-content\/uploads\/2019\/05\/Praia-do-Pessegueiro3-300x225.jpg 300w, https:\/\/blog.olimar.de\/wp-content\/uploads\/2019\/05\/Praia-do-Pessegueiro3-768x576.jpg 768w, https:\/\/blog.olimar.de\/wp-content\/uploads\/2019\/05\/Praia-do-Pessegueiro3.jpg 2016w\" sizes=\"auto, (max-width: 1024px) 100vw, 1024px\" \/><figcaption class=\"wp-element-caption\">Praia do Pessegueiro<\/figcaption><\/figure>\n\n\n\n<figure class=\"wp-block-image\"><img loading=\"lazy\" decoding=\"async\" width=\"1024\" height=\"768\" src=\"https:\/\/blog.olimar.de\/wp-content\/uploads\/2019\/05\/Insel-Ilha-do-Pessegueiro-1024x768.jpg\" alt=\"Insel Ilha do Pessegueiro\" class=\"wp-image-11139\" srcset=\"https:\/\/blog.olimar.de\/wp-content\/uploads\/2019\/05\/Insel-Ilha-do-Pessegueiro-1024x768.jpg 1024w, https:\/\/blog.olimar.de\/wp-content\/uploads\/2019\/05\/Insel-Ilha-do-Pessegueiro-300x225.jpg 300w, https:\/\/blog.olimar.de\/wp-content\/uploads\/2019\/05\/Insel-Ilha-do-Pessegueiro-768x576.jpg 768w, https:\/\/blog.olimar.de\/wp-content\/uploads\/2019\/05\/Insel-Ilha-do-Pessegueiro.jpg 2016w\" sizes=\"auto, (max-width: 1024px) 100vw, 1024px\" \/><figcaption class=\"wp-element-caption\">Insel Ilha do Pessegueiro<\/figcaption><\/figure>\n\n\n\n<p class=\"wp-block-paragraph\"><\/p>\n\n\n\n<h3>Geschichte der Festung<\/h3>\n<p>Die m\u00e4chtige Festung Forte do Pessegueiro vermutet niemand in diesem Naturparadies und l\u00e4sst die einstige Bedeutung dieses K\u00fcstenabschnittes erahnen. Die Festung wurde w\u00e4hrend der Iberischen Doppelunion in Portugal auf Befehl des spanischen K\u00f6nigs Filipe II erbaut. Der neapolitanischen Milit\u00e4r-Architekten Alexandre Massay stellte sie fertig. Die mit Kasematten, doppelter Festungsmauer, Kapelle, und ehemals mit f\u00fcnf Kanonen ausgestattete Bastion, diente zur Verteidigung des k\u00fcnstlichen Hafenbeckens zwischen der Insel und der K\u00fcste, das jedoch w\u00e4hrend des Erdbebens in den Fluten des Meeres versunken ist.<\/p>\n<p>Etwa einhundert Jahre sp\u00e4ter, zog die K\u00fcstenwachstation Guarda Fiscal in die Festung ein, um den Hoheitsbereich vor der K\u00fcste, besonders im ersten und im zweiten Weltkrieg zu sch\u00fctzen. Seit den f\u00fcnfziger Jahren steht die Bastion leer. Leider kann man die imposante Festung bisher nur von au\u00dfen besichtigen. Bootsausfl\u00fcge zur Insel k\u00f6nnen Besuchende von Juni bis Ende August unternehmen.<\/p>\n\n\n\n<figure class=\"wp-block-image\"><img loading=\"lazy\" decoding=\"async\" width=\"1024\" height=\"768\" src=\"https:\/\/blog.olimar.de\/wp-content\/uploads\/2019\/05\/Forte-do-Pessegueiro-1024x768.jpg\" alt=\"Forte do Pessegueiro\" class=\"wp-image-11138\" srcset=\"https:\/\/blog.olimar.de\/wp-content\/uploads\/2019\/05\/Forte-do-Pessegueiro-1024x768.jpg 1024w, https:\/\/blog.olimar.de\/wp-content\/uploads\/2019\/05\/Forte-do-Pessegueiro-300x225.jpg 300w, https:\/\/blog.olimar.de\/wp-content\/uploads\/2019\/05\/Forte-do-Pessegueiro-768x576.jpg 768w, https:\/\/blog.olimar.de\/wp-content\/uploads\/2019\/05\/Forte-do-Pessegueiro.jpg 2016w\" sizes=\"auto, (max-width: 1024px) 100vw, 1024px\" \/><figcaption class=\"wp-element-caption\">Forte do Pessegueiro<\/figcaption><\/figure>\n\n\n\n<h2>Die K\u00fcste s\u00fcdlich von Porto Covo<\/h2>\n<p>Bewegt man sich weiter mit dem Auto auf der CM 1072 gen S\u00fcden, oder zu Fu\u00df auf dem Fernwanderweg Grande Rota Vicentina, folgt man dem atemberaubenden Pfad an den Klippen entlang. Dann durch den Naturpark der vicentinischen K\u00fcste im S\u00fcdwesten des Alentejo. Und unterwegs gelangt man zu einsamen Sandstrandbuchten, sowie zu fossilen D\u00fcnen und Kieselsteinbuchten. An einigen Strandabschnitten trifft man auf S\u00fc\u00dfwasserquellen, die aus den Bergen kommend hier ausflie\u00dfen und dem s\u00fcdlich gelegenen Ort Vila Nova de Milfontes, Dorf der tausend Quellen, den Namen schenkte.<\/p>\n\n\n\n<figure class=\"wp-block-image\"><img loading=\"lazy\" decoding=\"async\" width=\"1024\" height=\"768\" src=\"https:\/\/blog.olimar.de\/wp-content\/uploads\/2019\/05\/Rota-Vicentina-1024x768.jpg\" alt=\"Wegweiser Rota Vicentina\" class=\"wp-image-11141\" srcset=\"https:\/\/blog.olimar.de\/wp-content\/uploads\/2019\/05\/Rota-Vicentina-1024x768.jpg 1024w, https:\/\/blog.olimar.de\/wp-content\/uploads\/2019\/05\/Rota-Vicentina-300x225.jpg 300w, https:\/\/blog.olimar.de\/wp-content\/uploads\/2019\/05\/Rota-Vicentina-768x576.jpg 768w, https:\/\/blog.olimar.de\/wp-content\/uploads\/2019\/05\/Rota-Vicentina.jpg 2016w\" sizes=\"auto, (max-width: 1024px) 100vw, 1024px\" \/><\/figure>\n\n\n\n<p class=\"wp-block-paragraph\"><\/p>\n\n\n\n<p>Richtig sportlich wird es auf dem Trimm-Dich-Pfad, von Porto Covos Hafenbucht aus beginnend Richtung Norden, der an f\u00fcnf Strandbuchten vorbei bis zum Strand Praia de Burrinho hin und zur\u00fcck etwa 12 Kilometer lang ist, und unterwegs einige athletische Herausforderungen an Trimm-Dich-Ger\u00e4ten bereith\u00e4lt.<\/p>\n<p>Den Ozean im Blick, den Horizont im Herzen, das salzig-s\u00fc\u00dfe Aroma des Meeres auf den Lippen, f\u00fchlt sich ein Tag in und um Porto Covo an wie ein Kurzurlaub. In eineinhalb Stunden von der S\u00fcd-Algarve, in knapp zwei Stunden von Lissabon erreicht man ein Kleinod unber\u00fchrter Natur, sowie eine Vielzahl Strandbuchten, die samt und sonders Abenteuer und Entspannung bieten und stellt fest: Noch gibt es sie, versteckte, kleine Paradiese, die unser Herz h\u00f6herschlagen lassen.<\/p>\n\n\n\n<div style=\"height:50px\" aria-hidden=\"true\" class=\"wp-block-spacer\"><\/div>\n\n\n\n<div class=\"wp-block-buttons is-layout-flex wp-block-buttons-is-layout-flex\">\n<div class=\"wp-block-button\"><a class=\"wp-block-button__link wp-element-button\" href=\"https:\/\/www.olimar.de\/hotellistung\/\">Jetzt Urlaubsangebote finden und buchen<\/a><\/div>\n<\/div>\n\n\n\n<div style=\"height:100px\" aria-hidden=\"true\" class=\"wp-block-spacer\"><\/div>\n","protected":false},"excerpt":{"rendered":"<p>Unter portugiesischen Wochenendausfl\u00fcglern, nach wie vor als Geheimtipp gehandelt. Man begegnet \u00fcberall im Naturpark S\u00fcd-West-Alentejo gut gelaunten Sporttreibenden Menschen und Familien, die das entspannte Flair in dem malerischen Fischerort zu sch\u00e4tzen wissen. Den Ausflug von dort aus ausweiten und ausgedehnte Sonnenstunden an einem der dreizehn, gr\u00f6\u00dftenteils voll konzessionierten und mit Strandaufsicht ausgestatteten Strandbuchten s\u00fcdlich und n\u00f6rdlich von Porto Covo verbringen, oder am Strand Praia de Salto der Freik\u00f6rperkultur fr\u00f6nen. M\u00f6chte man Porto Covo in einem Wort beschreiben, passt Postkartenidylle im buchst\u00e4blichen Sinne. Einst\u00f6ckige wei\u00df gekalkte H\u00e4user mit blau gefassten Fenstern, und rot leuchtenden Fensterl\u00e4den und T\u00fcren. Mit r\u00f6tlich schraffierten M\u00f6nchsziegeln gedeckt, &hellip;<\/p>\n","protected":false},"author":70,"featured_media":11130,"comment_status":"open","ping_status":"open","sticky":false,"template":"","format":"standard","meta":{"_crdt_document":"","_lmt_disableupdate":"","_lmt_disable":"","footnotes":""},"categories":[29,31],"tags":[22,34],"class_list":["post-11124","post","type-post","status-publish","format-standard","has-post-thumbnail","hentry","category-aktiv-natur","category-land-leute","tag-alentejo","tag-portugal"],"yoast_head":"<!-- This site is optimized with the Yoast SEO plugin v26.9 - https:\/\/yoast.com\/product\/yoast-seo-wordpress\/ -->\n<title>Postkartenidylle in Porto Covo im Alentejo -<\/title>\n<meta name=\"description\" content=\"Kommen Sie mit uns auf einen Spaziergang durch das kleine St\u00e4dtchen Porto Covo in Portugals Alentejo inkl. Abstecher zur Festung Forte do Pessegueiro.\" \/>\n<meta name=\"robots\" content=\"index, follow, max-snippet:-1, max-image-preview:large, max-video-preview:-1\" \/>\n<link rel=\"canonical\" href=\"https:\/\/blog.olimar.de\/porto-covo\/\" \/>\n<meta property=\"og:locale\" content=\"de_DE\" \/>\n<meta property=\"og:type\" content=\"article\" \/>\n<meta property=\"og:title\" content=\"Postkartenidylle in Porto Covo im Alentejo -\" \/>\n<meta property=\"og:description\" content=\"Kommen Sie mit uns auf einen Spaziergang durch das kleine St\u00e4dtchen Porto Covo in Portugals Alentejo inkl. Abstecher zur Festung Forte do Pessegueiro.\" \/>\n<meta property=\"og:url\" content=\"https:\/\/blog.olimar.de\/porto-covo\/\" \/>\n<meta property=\"article:publisher\" content=\"https:\/\/www.facebook.com\/OlimarReisen\" \/>\n<meta property=\"article:published_time\" content=\"2019-05-14T09:46:01+00:00\" \/>\n<meta property=\"article:modified_time\" content=\"2023-01-15T09:04:55+00:00\" \/>\n<meta property=\"og:image\" content=\"https:\/\/blog.olimar.de\/wp-content\/uploads\/2019\/05\/Porto-Covo-Marktplatz3.jpg\" \/>\n\t<meta property=\"og:image:width\" content=\"2016\" \/>\n\t<meta property=\"og:image:height\" content=\"1512\" \/>\n\t<meta property=\"og:image:type\" content=\"image\/jpeg\" \/>\n<meta name=\"author\" content=\"Catrin Ponciano\" \/>\n<meta name=\"twitter:label1\" content=\"Verfasst von\" \/>\n\t<meta name=\"twitter:data1\" content=\"Catrin Ponciano\" \/>\n\t<meta name=\"twitter:label2\" content=\"Gesch\u00e4tzte Lesezeit\" \/>\n\t<meta name=\"twitter:data2\" content=\"8\u00a0Minuten\" \/>\n<script type=\"application\/ld+json\" class=\"yoast-schema-graph\">{\"@context\":\"https:\/\/schema.org\",\"@graph\":[{\"@type\":\"WebPage\",\"@id\":\"https:\/\/blog.olimar.de\/porto-covo\/\",\"url\":\"https:\/\/blog.olimar.de\/porto-covo\/\",\"name\":\"Postkartenidylle in Porto Covo im Alentejo -\",\"isPartOf\":{\"@id\":\"https:\/\/blog.olimar.de\/#website\"},\"primaryImageOfPage\":{\"@id\":\"https:\/\/blog.olimar.de\/porto-covo\/#primaryimage\"},\"image\":{\"@id\":\"https:\/\/blog.olimar.de\/porto-covo\/#primaryimage\"},\"thumbnailUrl\":\"https:\/\/blog.olimar.de\/wp-content\/uploads\/2019\/05\/Porto-Covo-Marktplatz3.jpg\",\"datePublished\":\"2019-05-14T09:46:01+00:00\",\"dateModified\":\"2023-01-15T09:04:55+00:00\",\"description\":\"Kommen Sie mit uns auf einen Spaziergang durch das kleine St\u00e4dtchen Porto Covo in Portugals Alentejo inkl. Abstecher zur Festung Forte do Pessegueiro.\",\"breadcrumb\":{\"@id\":\"https:\/\/blog.olimar.de\/porto-covo\/#breadcrumb\"},\"inLanguage\":\"de\",\"potentialAction\":[{\"@type\":\"ReadAction\",\"target\":[\"https:\/\/blog.olimar.de\/porto-covo\/\"]}]},{\"@type\":\"ImageObject\",\"inLanguage\":\"de\",\"@id\":\"https:\/\/blog.olimar.de\/porto-covo\/#primaryimage\",\"url\":\"https:\/\/blog.olimar.de\/wp-content\/uploads\/2019\/05\/Porto-Covo-Marktplatz3.jpg\",\"contentUrl\":\"https:\/\/blog.olimar.de\/wp-content\/uploads\/2019\/05\/Porto-Covo-Marktplatz3.jpg\",\"width\":2016,\"height\":1512,\"caption\":\"Marktplatz von Porto Covo\"},{\"@type\":\"BreadcrumbList\",\"@id\":\"https:\/\/blog.olimar.de\/porto-covo\/#breadcrumb\",\"itemListElement\":[{\"@type\":\"ListItem\",\"position\":1,\"name\":\"Home\",\"item\":\"https:\/\/blog.olimar.de\/\"},{\"@type\":\"ListItem\",\"position\":2,\"name\":\"Alentejo\",\"item\":\"https:\/\/blog.olimar.de\/tag\/alentejo\/\"},{\"@type\":\"ListItem\",\"position\":3,\"name\":\"Postkartenidylle in Porto Covo im Alentejo\"}]},{\"@type\":\"WebSite\",\"@id\":\"https:\/\/blog.olimar.de\/#website\",\"url\":\"https:\/\/blog.olimar.de\/\",\"name\":\"OLIMAR.com\",\"description\":\"\",\"publisher\":{\"@id\":\"https:\/\/blog.olimar.de\/#organization\"},\"potentialAction\":[{\"@type\":\"SearchAction\",\"target\":{\"@type\":\"EntryPoint\",\"urlTemplate\":\"https:\/\/blog.olimar.de\/?s={search_term_string}\"},\"query-input\":{\"@type\":\"PropertyValueSpecification\",\"valueRequired\":true,\"valueName\":\"search_term_string\"}}],\"inLanguage\":\"de\"},{\"@type\":\"Organization\",\"@id\":\"https:\/\/blog.olimar.de\/#organization\",\"name\":\"OLIMAR Reisen\",\"url\":\"https:\/\/blog.olimar.de\/\",\"logo\":{\"@type\":\"ImageObject\",\"inLanguage\":\"de\",\"@id\":\"https:\/\/blog.olimar.de\/#\/schema\/logo\/image\/\",\"url\":\"https:\/\/blog.olimar.de\/wp-content\/uploads\/2021\/01\/OLIMAR_Logo_COLOR.png\",\"contentUrl\":\"https:\/\/blog.olimar.de\/wp-content\/uploads\/2021\/01\/OLIMAR_Logo_COLOR.png\",\"width\":2000,\"height\":986,\"caption\":\"OLIMAR Reisen\"},\"image\":{\"@id\":\"https:\/\/blog.olimar.de\/#\/schema\/logo\/image\/\"},\"sameAs\":[\"https:\/\/www.facebook.com\/OlimarReisen\",\"https:\/\/x.com\/olimarrreisen\",\"https:\/\/www.instagram.com\/olimarreisen\",\"https:\/\/www.youtube.com\/user\/olimarreisen\"]}]}<\/script>\n<!-- \/ Yoast SEO plugin. -->","yoast_head_json":{"title":"Postkartenidylle in Porto Covo im Alentejo -","description":"Kommen Sie mit uns auf einen Spaziergang durch das kleine St\u00e4dtchen Porto Covo in Portugals Alentejo inkl. Abstecher zur Festung Forte do Pessegueiro.","robots":{"index":"index","follow":"follow","max-snippet":"max-snippet:-1","max-image-preview":"max-image-preview:large","max-video-preview":"max-video-preview:-1"},"canonical":"https:\/\/blog.olimar.de\/porto-covo\/","og_locale":"de_DE","og_type":"article","og_title":"Postkartenidylle in Porto Covo im Alentejo -","og_description":"Kommen Sie mit uns auf einen Spaziergang durch das kleine St\u00e4dtchen Porto Covo in Portugals Alentejo inkl. Abstecher zur Festung Forte do Pessegueiro.","og_url":"https:\/\/blog.olimar.de\/porto-covo\/","article_publisher":"https:\/\/www.facebook.com\/OlimarReisen","article_published_time":"2019-05-14T09:46:01+00:00","article_modified_time":"2023-01-15T09:04:55+00:00","og_image":[{"width":2016,"height":1512,"url":"https:\/\/blog.olimar.de\/wp-content\/uploads\/2019\/05\/Porto-Covo-Marktplatz3.jpg","type":"image\/jpeg"}],"author":"Catrin Ponciano","twitter_misc":{"Verfasst von":"Catrin Ponciano","Gesch\u00e4tzte Lesezeit":"8\u00a0Minuten"},"schema":{"@context":"https:\/\/schema.org","@graph":[{"@type":"WebPage","@id":"https:\/\/blog.olimar.de\/porto-covo\/","url":"https:\/\/blog.olimar.de\/porto-covo\/","name":"Postkartenidylle in Porto Covo im Alentejo -","isPartOf":{"@id":"https:\/\/blog.olimar.de\/#website"},"primaryImageOfPage":{"@id":"https:\/\/blog.olimar.de\/porto-covo\/#primaryimage"},"image":{"@id":"https:\/\/blog.olimar.de\/porto-covo\/#primaryimage"},"thumbnailUrl":"https:\/\/blog.olimar.de\/wp-content\/uploads\/2019\/05\/Porto-Covo-Marktplatz3.jpg","datePublished":"2019-05-14T09:46:01+00:00","dateModified":"2023-01-15T09:04:55+00:00","description":"Kommen Sie mit uns auf einen Spaziergang durch das kleine St\u00e4dtchen Porto Covo in Portugals Alentejo inkl. Abstecher zur Festung Forte do Pessegueiro.","breadcrumb":{"@id":"https:\/\/blog.olimar.de\/porto-covo\/#breadcrumb"},"inLanguage":"de","potentialAction":[{"@type":"ReadAction","target":["https:\/\/blog.olimar.de\/porto-covo\/"]}]},{"@type":"ImageObject","inLanguage":"de","@id":"https:\/\/blog.olimar.de\/porto-covo\/#primaryimage","url":"https:\/\/blog.olimar.de\/wp-content\/uploads\/2019\/05\/Porto-Covo-Marktplatz3.jpg","contentUrl":"https:\/\/blog.olimar.de\/wp-content\/uploads\/2019\/05\/Porto-Covo-Marktplatz3.jpg","width":2016,"height":1512,"caption":"Marktplatz von Porto Covo"},{"@type":"BreadcrumbList","@id":"https:\/\/blog.olimar.de\/porto-covo\/#breadcrumb","itemListElement":[{"@type":"ListItem","position":1,"name":"Home","item":"https:\/\/blog.olimar.de\/"},{"@type":"ListItem","position":2,"name":"Alentejo","item":"https:\/\/blog.olimar.de\/tag\/alentejo\/"},{"@type":"ListItem","position":3,"name":"Postkartenidylle in Porto Covo im Alentejo"}]},{"@type":"WebSite","@id":"https:\/\/blog.olimar.de\/#website","url":"https:\/\/blog.olimar.de\/","name":"OLIMAR.com","description":"","publisher":{"@id":"https:\/\/blog.olimar.de\/#organization"},"potentialAction":[{"@type":"SearchAction","target":{"@type":"EntryPoint","urlTemplate":"https:\/\/blog.olimar.de\/?s={search_term_string}"},"query-input":{"@type":"PropertyValueSpecification","valueRequired":true,"valueName":"search_term_string"}}],"inLanguage":"de"},{"@type":"Organization","@id":"https:\/\/blog.olimar.de\/#organization","name":"OLIMAR Reisen","url":"https:\/\/blog.olimar.de\/","logo":{"@type":"ImageObject","inLanguage":"de","@id":"https:\/\/blog.olimar.de\/#\/schema\/logo\/image\/","url":"https:\/\/blog.olimar.de\/wp-content\/uploads\/2021\/01\/OLIMAR_Logo_COLOR.png","contentUrl":"https:\/\/blog.olimar.de\/wp-content\/uploads\/2021\/01\/OLIMAR_Logo_COLOR.png","width":2000,"height":986,"caption":"OLIMAR Reisen"},"image":{"@id":"https:\/\/blog.olimar.de\/#\/schema\/logo\/image\/"},"sameAs":["https:\/\/www.facebook.com\/OlimarReisen","https:\/\/x.com\/olimarrreisen","https:\/\/www.instagram.com\/olimarreisen","https:\/\/www.youtube.com\/user\/olimarreisen"]}]}},"modified_by":"Lena Radermacher","jetpack_featured_media_url":"https:\/\/blog.olimar.de\/wp-content\/uploads\/2019\/05\/Porto-Covo-Marktplatz3.jpg","_links":{"self":[{"href":"https:\/\/blog.olimar.de\/wp-json\/wp\/v2\/posts\/11124","targetHints":{"allow":["GET"]}}],"collection":[{"href":"https:\/\/blog.olimar.de\/wp-json\/wp\/v2\/posts"}],"about":[{"href":"https:\/\/blog.olimar.de\/wp-json\/wp\/v2\/types\/post"}],"author":[{"embeddable":true,"href":"https:\/\/blog.olimar.de\/wp-json\/wp\/v2\/users\/70"}],"replies":[{"embeddable":true,"href":"https:\/\/blog.olimar.de\/wp-json\/wp\/v2\/comments?post=11124"}],"version-history":[{"count":17,"href":"https:\/\/blog.olimar.de\/wp-json\/wp\/v2\/posts\/11124\/revisions"}],"predecessor-version":[{"id":23619,"href":"https:\/\/blog.olimar.de\/wp-json\/wp\/v2\/posts\/11124\/revisions\/23619"}],"wp:featuredmedia":[{"embeddable":true,"href":"https:\/\/blog.olimar.de\/wp-json\/wp\/v2\/media\/11130"}],"wp:attachment":[{"href":"https:\/\/blog.olimar.de\/wp-json\/wp\/v2\/media?parent=11124"}],"wp:term":[{"taxonomy":"category","embeddable":true,"href":"https:\/\/blog.olimar.de\/wp-json\/wp\/v2\/categories?post=11124"},{"taxonomy":"post_tag","embeddable":true,"href":"https:\/\/blog.olimar.de\/wp-json\/wp\/v2\/tags?post=11124"}],"curies":[{"name":"wp","href":"https:\/\/api.w.org\/{rel}","templated":true}]}}