{"id":11146,"date":"2019-05-16T18:11:04","date_gmt":"2019-05-16T16:11:04","guid":{"rendered":"https:\/\/blog.olimar.de\/?p=11146"},"modified":"2024-10-14T13:50:52","modified_gmt":"2024-10-14T12:50:52","slug":"madeira-im-winter","status":"publish","type":"post","link":"https:\/\/blog.olimar.de\/madeira-im-winter\/","title":{"rendered":"Madeira im Winter &#8211; sonnige Auszeit auf der Blumeninsel"},"content":{"rendered":"\n<p><strong>Wenn in Deutschland der Winter eingezogen ist und es drau\u00dfen grau und kalt ist, steigt die Sehnsucht nach w\u00e4rmenden Sonnenstrahlen. Zum Gl\u00fcck m\u00fcssen Reisende gar nicht in die weite Ferne schweifen, um der K\u00e4lte zu entfliehen, denn nur rund vier Flugstunden von Deutschland entfernt liegt Madeira. Die zu Portugal geh\u00f6rende Blumeninsel macht ihrem Namen alle Ehre \u2013 auch im Winter!<\/strong><\/p>\n\n\n\n<div class=\"wp-block-buttons is-layout-flex wp-block-buttons-is-layout-flex\">\n<div class=\"wp-block-button is-style-fill\"><a class=\"wp-block-button__link has-white-color has-text-color has-background wp-element-button\" href=\"https:\/\/www.olimar.de\/portugal\/madeira\/\" style=\"background-color:#008c87\" target=\"_blank\" rel=\"noreferrer noopener\">Alle Madeira Urlaub Angebote<\/a><\/div>\n<\/div>\n\n\n\n<div style=\"height:25px\" aria-hidden=\"true\" class=\"wp-block-spacer\"><\/div>\n\n\n\n<p>Dank des milden Klimas erw\u00e4rmt die Sonne die Temperaturen tags\u00fcber auf 20 Grad, so dass die K\u00e4lte in Deutschland bei einem Spaziergang, einer Wanderung oder einer Entdeckungstour schnell vergessen ist. Die Insel ist zudem wunderbar gr\u00fcn. Auffallend sind die allgegenw\u00e4rtigen Bananenstauden und Zuckerrohrpflanzen, in den W\u00e4ldern die Eukalyptus- und Lorbeerb\u00e4ume sowie im Hochland das Moor, das in den Wintermonaten ab und an idyllisch im Nebel versinkt.<\/p>\n\n\n\n<figure class=\"wp-block-image\"><img loading=\"lazy\" decoding=\"async\" width=\"1024\" height=\"684\" src=\"https:\/\/blog.olimar.de\/wp-content\/uploads\/2019\/05\/DSC_7134-1024x684.jpg\" alt=\"Madeira Blick ins Nonnental\" class=\"wp-image-11167\" srcset=\"https:\/\/blog.olimar.de\/wp-content\/uploads\/2019\/05\/DSC_7134-1024x684.jpg 1024w, https:\/\/blog.olimar.de\/wp-content\/uploads\/2019\/05\/DSC_7134-300x200.jpg 300w, https:\/\/blog.olimar.de\/wp-content\/uploads\/2019\/05\/DSC_7134-768x513.jpg 768w, https:\/\/blog.olimar.de\/wp-content\/uploads\/2019\/05\/DSC_7134-840x560.jpg 840w, https:\/\/blog.olimar.de\/wp-content\/uploads\/2019\/05\/DSC_7134-1200x800.jpg 1200w, https:\/\/blog.olimar.de\/wp-content\/uploads\/2019\/05\/DSC_7134.jpg 2000w\" sizes=\"auto, (max-width: 1024px) 100vw, 1024px\" \/><figcaption class=\"wp-element-caption\">Blick ins Nonnental<\/figcaption><\/figure>\n\n\n\n<figure class=\"wp-block-image\"><img loading=\"lazy\" decoding=\"async\" width=\"1024\" height=\"684\" src=\"https:\/\/blog.olimar.de\/wp-content\/uploads\/2019\/05\/DSC_6762-1024x684.jpg\" alt=\"Madeira Schlucht in Wolken\" class=\"wp-image-11166\" srcset=\"https:\/\/blog.olimar.de\/wp-content\/uploads\/2019\/05\/DSC_6762-1024x684.jpg 1024w, https:\/\/blog.olimar.de\/wp-content\/uploads\/2019\/05\/DSC_6762-300x200.jpg 300w, https:\/\/blog.olimar.de\/wp-content\/uploads\/2019\/05\/DSC_6762-768x513.jpg 768w, https:\/\/blog.olimar.de\/wp-content\/uploads\/2019\/05\/DSC_6762-840x560.jpg 840w, https:\/\/blog.olimar.de\/wp-content\/uploads\/2019\/05\/DSC_6762-1200x800.jpg 1200w, https:\/\/blog.olimar.de\/wp-content\/uploads\/2019\/05\/DSC_6762.jpg 2000w\" sizes=\"auto, (max-width: 1024px) 100vw, 1024px\" \/><figcaption class=\"wp-element-caption\">Schlucht auf Madeira<\/figcaption><\/figure>\n\n\n\n<figure class=\"wp-block-image\"><img loading=\"lazy\" decoding=\"async\" width=\"1024\" height=\"684\" src=\"https:\/\/blog.olimar.de\/wp-content\/uploads\/2019\/05\/PT-Madeira-CamaraDeLobos-BocaDaCorrida2017APM-1024x684.jpg\" alt=\"Madeira Landschaft bei C\u00e2mara de Lobos\" class=\"wp-image-11164\" srcset=\"https:\/\/blog.olimar.de\/wp-content\/uploads\/2019\/05\/PT-Madeira-CamaraDeLobos-BocaDaCorrida2017APM-1024x684.jpg 1024w, https:\/\/blog.olimar.de\/wp-content\/uploads\/2019\/05\/PT-Madeira-CamaraDeLobos-BocaDaCorrida2017APM-300x200.jpg 300w, https:\/\/blog.olimar.de\/wp-content\/uploads\/2019\/05\/PT-Madeira-CamaraDeLobos-BocaDaCorrida2017APM-768x513.jpg 768w, https:\/\/blog.olimar.de\/wp-content\/uploads\/2019\/05\/PT-Madeira-CamaraDeLobos-BocaDaCorrida2017APM-840x560.jpg 840w, https:\/\/blog.olimar.de\/wp-content\/uploads\/2019\/05\/PT-Madeira-CamaraDeLobos-BocaDaCorrida2017APM-1200x800.jpg 1200w, https:\/\/blog.olimar.de\/wp-content\/uploads\/2019\/05\/PT-Madeira-CamaraDeLobos-BocaDaCorrida2017APM.jpg 1617w\" sizes=\"auto, (max-width: 1024px) 100vw, 1024px\" \/><figcaption class=\"wp-element-caption\">Landschaft bei C\u00e2mara de Lobos<\/figcaption><\/figure>\n\n\n\n<figure class=\"wp-block-image\"><img loading=\"lazy\" decoding=\"async\" width=\"1024\" height=\"684\" src=\"https:\/\/blog.olimar.de\/wp-content\/uploads\/2019\/05\/DSC_7131-1024x684.jpg\" alt=\"Madeira Zuckerrohrfeld\" class=\"wp-image-11165\" srcset=\"https:\/\/blog.olimar.de\/wp-content\/uploads\/2019\/05\/DSC_7131-1024x684.jpg 1024w, https:\/\/blog.olimar.de\/wp-content\/uploads\/2019\/05\/DSC_7131-300x200.jpg 300w, https:\/\/blog.olimar.de\/wp-content\/uploads\/2019\/05\/DSC_7131-768x513.jpg 768w, https:\/\/blog.olimar.de\/wp-content\/uploads\/2019\/05\/DSC_7131-840x560.jpg 840w, https:\/\/blog.olimar.de\/wp-content\/uploads\/2019\/05\/DSC_7131-1200x800.jpg 1200w, https:\/\/blog.olimar.de\/wp-content\/uploads\/2019\/05\/DSC_7131.jpg 2000w\" sizes=\"auto, (max-width: 1024px) 100vw, 1024px\" \/><figcaption class=\"wp-element-caption\">Zuckerrohrfeld auf Madeira mit Meerblick <\/figcaption><\/figure>\n\n\n\n<p>Die Landschaft auf Madeira ist atemberaubend sch\u00f6n und bietet jeder Fotokamera lohnende Motive: Sonnenauf- und -unterg\u00e4nge tauchen Berge, Str\u00e4nde und Meer in warme Lichtt\u00f6ne und die Wolken am Himmel verleihen der Kulisse eine gewisse Dramatik. Auf manchen gr\u00f6\u00dferen Feldern, finden sich massenhaft kleine und gro\u00dfe kunstvoll aufgebaute Steint\u00fcrmchen, die fr\u00fcher als Wegmarkierung gedacht waren und heute f\u00fcr den Wunsch stehen, an diesen Ort wiederzukehren.<\/p>\n<p>Egal, auf welcher Seite der Insel der Reisende sein Quartier aufschl\u00e4gt, es empfiehlt sich stets, einen Mietwagen zu leihen, um die 57 km lange und 22 km breite Insel zu entdecken. F\u00fcr die Strecken mit den schmalen, kurvigen und oft auch steilen Stra\u00dfen sollte man ausreichend Zeit einkalkulieren und eher einen Wagen mit etwas mehr PS anmieten als das kleinste Modell.<\/p>\n\n\n\n<h2>Madeiras malerisches Fischerdorf C\u00e2mara de Lobos<\/h2>\n<p>Der pittoreske Fischerort C\u00e2mara de Lobos mit seinem malerischen Hafen und den bunten Booten ist allemal einen Ausflug wert. Dies hat schon der britische Premier Sir Winston Churchill so empfunden, der zu Pinsel und Farbe griff, um das einzigartige Panorama des \u00d6rtchens auf Leinwand einzufangen. C\u00e2mara de Lobos l\u00e4dt seine Besucher zu einem Bummel durch die Gassen ein und ist die Heimat des Ponchas, dem Traditionsgetr\u00e4nk auf Madeira, bestehend aus frisch gepresstem Zitronensaft, Honig und Zuckerrohrschnaps. Oberhalb des Hafens gibt es ein sehr gutes Fischrestaurant, das Vila do Peixe. Dort sucht sich der Gast an der offenen Theke seinen Fisch aus, den er dann frisch zubereitet bei einem wunderbaren Blick auf das Dorf und das Meer zu einem guten Wein genie\u00dfen kann.<\/p>\n\n\n\n<figure class=\"wp-block-image\"><img loading=\"lazy\" decoding=\"async\" width=\"1024\" height=\"766\" src=\"https:\/\/blog.olimar.de\/wp-content\/uploads\/2019\/05\/PT-Madeira-CamaraDeLobosA2017APM-1024x766.jpg\" alt=\"Blick auf C\u00e2mara de Lobos\" class=\"wp-image-11160\" srcset=\"https:\/\/blog.olimar.de\/wp-content\/uploads\/2019\/05\/PT-Madeira-CamaraDeLobosA2017APM-1024x766.jpg 1024w, https:\/\/blog.olimar.de\/wp-content\/uploads\/2019\/05\/PT-Madeira-CamaraDeLobosA2017APM-300x225.jpg 300w, https:\/\/blog.olimar.de\/wp-content\/uploads\/2019\/05\/PT-Madeira-CamaraDeLobosA2017APM-768x575.jpg 768w, https:\/\/blog.olimar.de\/wp-content\/uploads\/2019\/05\/PT-Madeira-CamaraDeLobosA2017APM.jpg 1443w\" sizes=\"auto, (max-width: 1024px) 100vw, 1024px\" \/><figcaption class=\"wp-element-caption\">Blick auf C\u00e2mara de Lobos<\/figcaption><\/figure>\n\n\n\n<figure class=\"wp-block-image\"><img loading=\"lazy\" decoding=\"async\" width=\"1024\" height=\"708\" src=\"https:\/\/blog.olimar.de\/wp-content\/uploads\/2019\/05\/PT-Madeira-CamaraDeLobosB2017APM-1024x708.jpg\" alt=\"C\u00e2mara de Lobos auf Madeira\" class=\"wp-image-11163\" srcset=\"https:\/\/blog.olimar.de\/wp-content\/uploads\/2019\/05\/PT-Madeira-CamaraDeLobosB2017APM-1024x708.jpg 1024w, https:\/\/blog.olimar.de\/wp-content\/uploads\/2019\/05\/PT-Madeira-CamaraDeLobosB2017APM-300x207.jpg 300w, https:\/\/blog.olimar.de\/wp-content\/uploads\/2019\/05\/PT-Madeira-CamaraDeLobosB2017APM-768x531.jpg 768w, https:\/\/blog.olimar.de\/wp-content\/uploads\/2019\/05\/PT-Madeira-CamaraDeLobosB2017APM.jpg 1562w\" sizes=\"auto, (max-width: 1024px) 100vw, 1024px\" \/><figcaption class=\"wp-element-caption\">C\u00e2mara de Lobos <\/figcaption><\/figure>\n\n\n\n<h2>Tea-Time im legend\u00e4ren Reid\u2019s Palace auf Madeira<\/h2>\n<p>\u00c0 propos genie\u00dfen: Einen kleinen Luxus der besonderer Art bietet die Tea-Time im <a href=\"https:\/\/www.olimar.de\/detailseite\/belmond-reids-palace--funchal--portugal\/\">Belmond Reid\u2018s Palace<\/a>. Das Hotel ist 1886 gebaut worden und gilt bis heute als eines der stilvollsten und sch\u00f6nsten Luxushotels der Welt. Es liegt inmitten einer \u00fcppig bewachsenen, subtropischen Gartenanlage und fasziniert mit seinem Ausblick auf Funchal und den Ozean. Wer auf der Terrasse reserviert, kann stilvoll bei einer umfangreichen Teeauswahl echte Clotted Cream, leckere Scones, hervorragende Sandwiches und kleine Kuchen genie\u00dfen. Lesen Sie dazu auch den Artikel <a href=\"https:\/\/blog.olimar.de\/reids-palace\/\">&#8220;Reid&#8217;s Palace &#8211; Durch den Dienstboteneingang&#8221;<\/a>.<\/p>\n\n\n\n<figure class=\"wp-block-image\"><img loading=\"lazy\" decoding=\"async\" width=\"1000\" height=\"668\" src=\"https:\/\/blog.olimar.de\/wp-content\/uploads\/2019\/05\/FNC138-a-Exterior2016A.jpg\" alt=\"Blick auf Belmond Reid's Palace\" class=\"wp-image-11171\" srcset=\"https:\/\/blog.olimar.de\/wp-content\/uploads\/2019\/05\/FNC138-a-Exterior2016A.jpg 1000w, https:\/\/blog.olimar.de\/wp-content\/uploads\/2019\/05\/FNC138-a-Exterior2016A-300x200.jpg 300w, https:\/\/blog.olimar.de\/wp-content\/uploads\/2019\/05\/FNC138-a-Exterior2016A-768x513.jpg 768w, https:\/\/blog.olimar.de\/wp-content\/uploads\/2019\/05\/FNC138-a-Exterior2016A-840x560.jpg 840w\" sizes=\"auto, (max-width: 1000px) 100vw, 1000px\" \/><figcaption class=\"wp-element-caption\">Blick auf Belmond Reid&#8217;s Palace <\/figcaption><\/figure>\n\n\n\n<figure class=\"wp-block-image\"><img loading=\"lazy\" decoding=\"async\" width=\"683\" height=\"1024\" src=\"https:\/\/blog.olimar.de\/wp-content\/uploads\/2019\/05\/FNC138-x-5oClockTea2018A-683x1024.jpg\" alt=\"Teatime Belmond Reid's Palace\" class=\"wp-image-11169\" srcset=\"https:\/\/blog.olimar.de\/wp-content\/uploads\/2019\/05\/FNC138-x-5oClockTea2018A-683x1024.jpg 683w, https:\/\/blog.olimar.de\/wp-content\/uploads\/2019\/05\/FNC138-x-5oClockTea2018A-200x300.jpg 200w, https:\/\/blog.olimar.de\/wp-content\/uploads\/2019\/05\/FNC138-x-5oClockTea2018A.jpg 720w\" sizes=\"auto, (max-width: 683px) 100vw, 683px\" \/><figcaption class=\"wp-element-caption\">Teatime im Belmond Reid&#8217;s Palace<\/figcaption><\/figure>\n\n\n\n<h2>Madeira-Wanderung: Vom Pico Arieiro zum Pico Ruivo<\/h2>\n<p>Madeira verf\u00fcgt nicht nur \u00fcber mildes Klima und eine ganzj\u00e4hrige Bl\u00fctenpracht, sondern auch \u00fcber ein sehr gut ausgebautes Netz an beschilderten Wanderwegen. F\u00fcr einige Strecken ist absolute Schwindelfreiheit notwendig, andere Routen \u00e4hneln einem Spaziergang durch die intensiv gr\u00fcne Natur. Trotzdem sollte jeder, der eine Wanderung unternimmt, \u00fcber eine entsprechende Ausr\u00fcstung verf\u00fcgen.<\/p>\n<p>Eine landschaftlich eindrucksvolle und aussichtsreiche Tour f\u00fchrt vom 1818 Meter hohen Pico Arieiro zum Pico Ruivo, der mit 1862 Metern der h\u00f6chste Berg auf Madeira und die dritth\u00f6chste Erhebung Portugals ist. Mit etwas Gl\u00fcck entdeckt der Wanderer auf seiner Route den Madeira Sturmvogel, Freira da Madeira. Der vom Aussterben bedrohte Vogel ist der einzige Hochseevogel, der in einer solchen H\u00f6he br\u00fctet.<\/p>\n<p>Der gut ausgebaute und bestens gesicherte Weg f\u00fchrt durch eine spektakul\u00e4re Bergwelt. Es geht \u00fcber schmale Grate mit steilen Stufen, in den Berg geschlagene Wege an gr\u00fcn bewachsenen Felsw\u00e4nden sowie durch k\u00fcrzere und l\u00e4ngere Tunnel (bitte eine Taschenlampe mitnehmen!). Wer die Herausforderungen der Tour auf sich nimmt, muss f\u00fcr die gesamte Strecke rund zw\u00f6lf Kilometer einplanen. Dabei gilt es, rund 1400 H\u00f6henmeter zu absolvieren. Entsch\u00e4digt wird jeder Wanderer f\u00fcr diese Strapazen mit gro\u00dfartigen Panoramablicken und einer beeindruckenden Wegf\u00fchrung, die f\u00fcr jeden begehbar ist, wenn er denn schwindelfrei ist.<\/p>\n\n\n\n<figure class=\"wp-block-image\"><img loading=\"lazy\" decoding=\"async\" width=\"1024\" height=\"676\" src=\"https:\/\/blog.olimar.de\/wp-content\/uploads\/2019\/05\/DSC_6576_5_4_HDR-1024x676.jpg\" alt=\"Wanderweg Pico Arieiro Madeira\" class=\"wp-image-11154\" srcset=\"https:\/\/blog.olimar.de\/wp-content\/uploads\/2019\/05\/DSC_6576_5_4_HDR-1024x676.jpg 1024w, https:\/\/blog.olimar.de\/wp-content\/uploads\/2019\/05\/DSC_6576_5_4_HDR-300x198.jpg 300w, https:\/\/blog.olimar.de\/wp-content\/uploads\/2019\/05\/DSC_6576_5_4_HDR-768x507.jpg 768w, https:\/\/blog.olimar.de\/wp-content\/uploads\/2019\/05\/DSC_6576_5_4_HDR.jpg 2000w\" sizes=\"auto, (max-width: 1024px) 100vw, 1024px\" \/><figcaption class=\"wp-element-caption\">Wanderweg Pico Arieiro <\/figcaption><\/figure>\n\n\n\n<p>\u00dcbrigens: Fr\u00fches Aufstehen lohnt sich, denn so erlebt man am Pico Arieiro nicht nur einen magischen Sonnenaufgang, sondern hat den Weg auch so gut wie f\u00fcr sich alleine. Wem die vollst\u00e4ndige Route zuviel ist, steigt auf dem R\u00fcckweg bis zur Achada da Teixeira und ruft dort ein Taxi aus Santana.<\/p>\n\n\n\n<h2>Cabo Gir\u00e3o auf Madeira &#8211; spektakul\u00e4re Aussicht garantiert!<\/h2>\n<p>Ebenfalls eine spektakul\u00e4re Aussicht bietet das Cabo Gir\u00e3o, das mit 580 Metern das h\u00f6chste Kap Europas ist. Im Rahmen von Erneuerungsarbeiten erhielt der Cabo Gir\u00e3o eine Aussichtsplattform mit Glasboden, Skywalk genannt. Von dort aus k\u00f6nnen alle schwindelfreien Personen ein herrliches Panorama \u00fcber die Faj\u00e3s von Rancho und Cabo Gir\u00e3o sowie \u00fcber das Meer und die Stadtbezirke C\u00e2mara de Lobos und <a href=\"https:\/\/www.olimar.de\/portugal\/madeira\/funchal\/\">Funchal<\/a> genie\u00dfen. Zudem ist das Kap Startpunkt f\u00fcr Paraglider und Base-Jumper und diente dem portugiesische Fallschirmspringer M\u00e1rio Pardo als Ausgangspunkt f\u00fcr seinen spektakul\u00e4ren Motorradsprung.<\/p>\n\n\n\n<figure class=\"wp-block-image\"><img loading=\"lazy\" decoding=\"async\" width=\"1024\" height=\"684\" src=\"https:\/\/blog.olimar.de\/wp-content\/uploads\/2019\/05\/DSC_7122-1024x684.jpg\" alt=\"Skywalk Cabo Gir\u00e3o\" class=\"wp-image-11157\" srcset=\"https:\/\/blog.olimar.de\/wp-content\/uploads\/2019\/05\/DSC_7122-1024x684.jpg 1024w, https:\/\/blog.olimar.de\/wp-content\/uploads\/2019\/05\/DSC_7122-300x200.jpg 300w, https:\/\/blog.olimar.de\/wp-content\/uploads\/2019\/05\/DSC_7122-768x513.jpg 768w, https:\/\/blog.olimar.de\/wp-content\/uploads\/2019\/05\/DSC_7122-840x560.jpg 840w, https:\/\/blog.olimar.de\/wp-content\/uploads\/2019\/05\/DSC_7122-1200x800.jpg 1200w, https:\/\/blog.olimar.de\/wp-content\/uploads\/2019\/05\/DSC_7122.jpg 2000w\" sizes=\"auto, (max-width: 1024px) 100vw, 1024px\" \/><figcaption class=\"wp-element-caption\">Skywalk<\/figcaption><\/figure>\n\n\n\n<figure class=\"wp-block-image\"><img loading=\"lazy\" decoding=\"async\" width=\"1024\" height=\"684\" src=\"https:\/\/blog.olimar.de\/wp-content\/uploads\/2019\/05\/DSC_7124-1024x684.jpg\" alt=\"Ausblick Cabo Gir\u00e3o Madeira\" class=\"wp-image-11158\" srcset=\"https:\/\/blog.olimar.de\/wp-content\/uploads\/2019\/05\/DSC_7124-1024x684.jpg 1024w, https:\/\/blog.olimar.de\/wp-content\/uploads\/2019\/05\/DSC_7124-300x200.jpg 300w, https:\/\/blog.olimar.de\/wp-content\/uploads\/2019\/05\/DSC_7124-768x513.jpg 768w, https:\/\/blog.olimar.de\/wp-content\/uploads\/2019\/05\/DSC_7124-840x560.jpg 840w, https:\/\/blog.olimar.de\/wp-content\/uploads\/2019\/05\/DSC_7124-1200x800.jpg 1200w, https:\/\/blog.olimar.de\/wp-content\/uploads\/2019\/05\/DSC_7124.jpg 2000w\" sizes=\"auto, (max-width: 1024px) 100vw, 1024px\" \/><figcaption class=\"wp-element-caption\">Ausblick Cabo Gir\u00e3o<\/figcaption><\/figure>\n\n\n\n<p>Ein <a href=\"https:\/\/www.olimar.de\/portugal\/madeira\/\" target=\"_blank\" rel=\"noopener\">Urlaub auf Madeira<\/a> ist eine willkommene Auszeit vom kalten Winter in Deutschland. Innerhalb von wenigen Stunden befindet man sich in einer vielseitigen Urlaubsregion. Und w\u00e4hrend alle Zuhausegebliebenen in der Heimat frieren, kann sich der Urlauber auf Madeira bei angenehmen Temperaturen und traumhafter Natur erholen und das mediterrane Leben genie\u00dfen.<\/p>\n\n\n\n<div style=\"height:50px\" aria-hidden=\"true\" class=\"wp-block-spacer\"><\/div>\n\n\n\n<div class=\"wp-block-buttons is-layout-flex wp-block-buttons-is-layout-flex\">\n<div class=\"wp-block-button\"><a class=\"wp-block-button__link has-background wp-element-button\" href=\"https:\/\/www.olimar.de\/hotellistung\/\" style=\"background-color:#008c87\">Jetzt Urlaubsangebote finden und buchen<\/a><\/div>\n<\/div>\n\n\n\n<div style=\"height:100px\" aria-hidden=\"true\" class=\"wp-block-spacer\"><\/div>\n","protected":false},"excerpt":{"rendered":"<p>Wenn in Deutschland der Winter eingezogen ist und es drau\u00dfen grau und kalt ist, steigt die Sehnsucht nach w\u00e4rmenden Sonnenstrahlen. Zum Gl\u00fcck m\u00fcssen Reisende gar nicht in die weite Ferne schweifen, um der K\u00e4lte zu entfliehen, denn nur rund vier Flugstunden von Deutschland entfernt liegt Madeira. Die zu Portugal geh\u00f6rende Blumeninsel macht ihrem Namen alle Ehre \u2013 auch im Winter! Dank des milden Klimas erw\u00e4rmt die Sonne die Temperaturen tags\u00fcber auf 20 Grad, so dass die K\u00e4lte in Deutschland bei einem Spaziergang, einer Wanderung oder einer Entdeckungstour schnell vergessen ist. Die Insel ist zudem wunderbar gr\u00fcn. Auffallend sind die allgegenw\u00e4rtigen Bananenstauden &hellip;<\/p>\n","protected":false},"author":9,"featured_media":11155,"comment_status":"open","ping_status":"open","sticky":false,"template":"","format":"standard","meta":{"_crdt_document":"","_lmt_disableupdate":"","_lmt_disable":"","footnotes":""},"categories":[29],"tags":[21,34],"class_list":["post-11146","post","type-post","status-publish","format-standard","has-post-thumbnail","hentry","category-aktiv-natur","tag-madeira","tag-portugal"],"yoast_head":"<!-- This site is optimized with the Yoast SEO plugin v26.9 - https:\/\/yoast.com\/product\/yoast-seo-wordpress\/ -->\n<title>Madeira im Winter - sonnige Auszeit auf der Blumeninsel<\/title>\n<meta name=\"description\" content=\"Madeira im Winter ist einen Besuch wert. W\u00e4hrend in Deutschland K\u00e4lte und Schmuddelwetter vorherrschen, gibts auf Madeira viel Sonnenschein.\" \/>\n<meta name=\"robots\" content=\"index, follow, max-snippet:-1, max-image-preview:large, max-video-preview:-1\" \/>\n<link rel=\"canonical\" href=\"https:\/\/blog.olimar.de\/madeira-im-winter\/\" \/>\n<meta property=\"og:locale\" content=\"de_DE\" \/>\n<meta property=\"og:type\" content=\"article\" \/>\n<meta property=\"og:title\" content=\"Madeira im Winter - sonnige Auszeit auf der Blumeninsel\" \/>\n<meta property=\"og:description\" content=\"Madeira im Winter ist einen Besuch wert. W\u00e4hrend in Deutschland K\u00e4lte und Schmuddelwetter vorherrschen, gibts auf Madeira viel Sonnenschein.\" \/>\n<meta property=\"og:url\" content=\"https:\/\/blog.olimar.de\/madeira-im-winter\/\" \/>\n<meta property=\"article:publisher\" content=\"https:\/\/www.facebook.com\/OlimarReisen\" \/>\n<meta property=\"article:published_time\" content=\"2019-05-16T16:11:04+00:00\" \/>\n<meta property=\"article:modified_time\" content=\"2024-10-14T12:50:52+00:00\" \/>\n<meta property=\"og:image\" content=\"https:\/\/blog.olimar.de\/wp-content\/uploads\/2019\/05\/DSC_7100-e1562249598995.jpg\" \/>\n\t<meta property=\"og:image:width\" content=\"800\" \/>\n\t<meta property=\"og:image:height\" content=\"534\" \/>\n\t<meta property=\"og:image:type\" content=\"image\/jpeg\" \/>\n<meta name=\"author\" content=\"OLIMAR Redaktionsteam\" \/>\n<meta name=\"twitter:label1\" content=\"Verfasst von\" \/>\n\t<meta name=\"twitter:data1\" content=\"OLIMAR Redaktionsteam\" \/>\n\t<meta name=\"twitter:label2\" content=\"Gesch\u00e4tzte Lesezeit\" \/>\n\t<meta name=\"twitter:data2\" content=\"8\u00a0Minuten\" \/>\n<script type=\"application\/ld+json\" class=\"yoast-schema-graph\">{\"@context\":\"https:\/\/schema.org\",\"@graph\":[{\"@type\":\"WebPage\",\"@id\":\"https:\/\/blog.olimar.de\/madeira-im-winter\/\",\"url\":\"https:\/\/blog.olimar.de\/madeira-im-winter\/\",\"name\":\"Madeira im Winter - sonnige Auszeit auf der Blumeninsel\",\"isPartOf\":{\"@id\":\"https:\/\/blog.olimar.de\/#website\"},\"primaryImageOfPage\":{\"@id\":\"https:\/\/blog.olimar.de\/madeira-im-winter\/#primaryimage\"},\"image\":{\"@id\":\"https:\/\/blog.olimar.de\/madeira-im-winter\/#primaryimage\"},\"thumbnailUrl\":\"https:\/\/blog.olimar.de\/wp-content\/uploads\/2019\/05\/DSC_7100-e1562249598995.jpg\",\"datePublished\":\"2019-05-16T16:11:04+00:00\",\"dateModified\":\"2024-10-14T12:50:52+00:00\",\"description\":\"Madeira im Winter ist einen Besuch wert. W\u00e4hrend in Deutschland K\u00e4lte und Schmuddelwetter vorherrschen, gibts auf Madeira viel Sonnenschein.\",\"breadcrumb\":{\"@id\":\"https:\/\/blog.olimar.de\/madeira-im-winter\/#breadcrumb\"},\"inLanguage\":\"de\",\"potentialAction\":[{\"@type\":\"ReadAction\",\"target\":[\"https:\/\/blog.olimar.de\/madeira-im-winter\/\"]}]},{\"@type\":\"ImageObject\",\"inLanguage\":\"de\",\"@id\":\"https:\/\/blog.olimar.de\/madeira-im-winter\/#primaryimage\",\"url\":\"https:\/\/blog.olimar.de\/wp-content\/uploads\/2019\/05\/DSC_7100-e1562249598995.jpg\",\"contentUrl\":\"https:\/\/blog.olimar.de\/wp-content\/uploads\/2019\/05\/DSC_7100-e1562249598995.jpg\",\"width\":800,\"height\":534,\"caption\":\"Madeira Blick auf Funchal\"},{\"@type\":\"BreadcrumbList\",\"@id\":\"https:\/\/blog.olimar.de\/madeira-im-winter\/#breadcrumb\",\"itemListElement\":[{\"@type\":\"ListItem\",\"position\":1,\"name\":\"Home\",\"item\":\"https:\/\/blog.olimar.de\/\"},{\"@type\":\"ListItem\",\"position\":2,\"name\":\"Madeira\",\"item\":\"https:\/\/blog.olimar.de\/tag\/madeira\/\"},{\"@type\":\"ListItem\",\"position\":3,\"name\":\"Madeira im Winter &#8211; sonnige Auszeit auf der Blumeninsel\"}]},{\"@type\":\"WebSite\",\"@id\":\"https:\/\/blog.olimar.de\/#website\",\"url\":\"https:\/\/blog.olimar.de\/\",\"name\":\"OLIMAR.com\",\"description\":\"\",\"publisher\":{\"@id\":\"https:\/\/blog.olimar.de\/#organization\"},\"potentialAction\":[{\"@type\":\"SearchAction\",\"target\":{\"@type\":\"EntryPoint\",\"urlTemplate\":\"https:\/\/blog.olimar.de\/?s={search_term_string}\"},\"query-input\":{\"@type\":\"PropertyValueSpecification\",\"valueRequired\":true,\"valueName\":\"search_term_string\"}}],\"inLanguage\":\"de\"},{\"@type\":\"Organization\",\"@id\":\"https:\/\/blog.olimar.de\/#organization\",\"name\":\"OLIMAR Reisen\",\"url\":\"https:\/\/blog.olimar.de\/\",\"logo\":{\"@type\":\"ImageObject\",\"inLanguage\":\"de\",\"@id\":\"https:\/\/blog.olimar.de\/#\/schema\/logo\/image\/\",\"url\":\"https:\/\/blog.olimar.de\/wp-content\/uploads\/2021\/01\/OLIMAR_Logo_COLOR.png\",\"contentUrl\":\"https:\/\/blog.olimar.de\/wp-content\/uploads\/2021\/01\/OLIMAR_Logo_COLOR.png\",\"width\":2000,\"height\":986,\"caption\":\"OLIMAR Reisen\"},\"image\":{\"@id\":\"https:\/\/blog.olimar.de\/#\/schema\/logo\/image\/\"},\"sameAs\":[\"https:\/\/www.facebook.com\/OlimarReisen\",\"https:\/\/x.com\/olimarrreisen\",\"https:\/\/www.instagram.com\/olimarreisen\",\"https:\/\/www.youtube.com\/user\/olimarreisen\"]}]}<\/script>\n<!-- \/ Yoast SEO plugin. -->","yoast_head_json":{"title":"Madeira im Winter - sonnige Auszeit auf der Blumeninsel","description":"Madeira im Winter ist einen Besuch wert. W\u00e4hrend in Deutschland K\u00e4lte und Schmuddelwetter vorherrschen, gibts auf Madeira viel Sonnenschein.","robots":{"index":"index","follow":"follow","max-snippet":"max-snippet:-1","max-image-preview":"max-image-preview:large","max-video-preview":"max-video-preview:-1"},"canonical":"https:\/\/blog.olimar.de\/madeira-im-winter\/","og_locale":"de_DE","og_type":"article","og_title":"Madeira im Winter - sonnige Auszeit auf der Blumeninsel","og_description":"Madeira im Winter ist einen Besuch wert. W\u00e4hrend in Deutschland K\u00e4lte und Schmuddelwetter vorherrschen, gibts auf Madeira viel Sonnenschein.","og_url":"https:\/\/blog.olimar.de\/madeira-im-winter\/","article_publisher":"https:\/\/www.facebook.com\/OlimarReisen","article_published_time":"2019-05-16T16:11:04+00:00","article_modified_time":"2024-10-14T12:50:52+00:00","og_image":[{"width":800,"height":534,"url":"https:\/\/blog.olimar.de\/wp-content\/uploads\/2019\/05\/DSC_7100-e1562249598995.jpg","type":"image\/jpeg"}],"author":"OLIMAR Redaktionsteam","twitter_misc":{"Verfasst von":"OLIMAR Redaktionsteam","Gesch\u00e4tzte Lesezeit":"8\u00a0Minuten"},"schema":{"@context":"https:\/\/schema.org","@graph":[{"@type":"WebPage","@id":"https:\/\/blog.olimar.de\/madeira-im-winter\/","url":"https:\/\/blog.olimar.de\/madeira-im-winter\/","name":"Madeira im Winter - sonnige Auszeit auf der Blumeninsel","isPartOf":{"@id":"https:\/\/blog.olimar.de\/#website"},"primaryImageOfPage":{"@id":"https:\/\/blog.olimar.de\/madeira-im-winter\/#primaryimage"},"image":{"@id":"https:\/\/blog.olimar.de\/madeira-im-winter\/#primaryimage"},"thumbnailUrl":"https:\/\/blog.olimar.de\/wp-content\/uploads\/2019\/05\/DSC_7100-e1562249598995.jpg","datePublished":"2019-05-16T16:11:04+00:00","dateModified":"2024-10-14T12:50:52+00:00","description":"Madeira im Winter ist einen Besuch wert. W\u00e4hrend in Deutschland K\u00e4lte und Schmuddelwetter vorherrschen, gibts auf Madeira viel Sonnenschein.","breadcrumb":{"@id":"https:\/\/blog.olimar.de\/madeira-im-winter\/#breadcrumb"},"inLanguage":"de","potentialAction":[{"@type":"ReadAction","target":["https:\/\/blog.olimar.de\/madeira-im-winter\/"]}]},{"@type":"ImageObject","inLanguage":"de","@id":"https:\/\/blog.olimar.de\/madeira-im-winter\/#primaryimage","url":"https:\/\/blog.olimar.de\/wp-content\/uploads\/2019\/05\/DSC_7100-e1562249598995.jpg","contentUrl":"https:\/\/blog.olimar.de\/wp-content\/uploads\/2019\/05\/DSC_7100-e1562249598995.jpg","width":800,"height":534,"caption":"Madeira Blick auf Funchal"},{"@type":"BreadcrumbList","@id":"https:\/\/blog.olimar.de\/madeira-im-winter\/#breadcrumb","itemListElement":[{"@type":"ListItem","position":1,"name":"Home","item":"https:\/\/blog.olimar.de\/"},{"@type":"ListItem","position":2,"name":"Madeira","item":"https:\/\/blog.olimar.de\/tag\/madeira\/"},{"@type":"ListItem","position":3,"name":"Madeira im Winter &#8211; sonnige Auszeit auf der Blumeninsel"}]},{"@type":"WebSite","@id":"https:\/\/blog.olimar.de\/#website","url":"https:\/\/blog.olimar.de\/","name":"OLIMAR.com","description":"","publisher":{"@id":"https:\/\/blog.olimar.de\/#organization"},"potentialAction":[{"@type":"SearchAction","target":{"@type":"EntryPoint","urlTemplate":"https:\/\/blog.olimar.de\/?s={search_term_string}"},"query-input":{"@type":"PropertyValueSpecification","valueRequired":true,"valueName":"search_term_string"}}],"inLanguage":"de"},{"@type":"Organization","@id":"https:\/\/blog.olimar.de\/#organization","name":"OLIMAR Reisen","url":"https:\/\/blog.olimar.de\/","logo":{"@type":"ImageObject","inLanguage":"de","@id":"https:\/\/blog.olimar.de\/#\/schema\/logo\/image\/","url":"https:\/\/blog.olimar.de\/wp-content\/uploads\/2021\/01\/OLIMAR_Logo_COLOR.png","contentUrl":"https:\/\/blog.olimar.de\/wp-content\/uploads\/2021\/01\/OLIMAR_Logo_COLOR.png","width":2000,"height":986,"caption":"OLIMAR Reisen"},"image":{"@id":"https:\/\/blog.olimar.de\/#\/schema\/logo\/image\/"},"sameAs":["https:\/\/www.facebook.com\/OlimarReisen","https:\/\/x.com\/olimarrreisen","https:\/\/www.instagram.com\/olimarreisen","https:\/\/www.youtube.com\/user\/olimarreisen"]}]}},"modified_by":"Julia Windh\u00f6vel","jetpack_featured_media_url":"https:\/\/blog.olimar.de\/wp-content\/uploads\/2019\/05\/DSC_7100-e1562249598995.jpg","_links":{"self":[{"href":"https:\/\/blog.olimar.de\/wp-json\/wp\/v2\/posts\/11146","targetHints":{"allow":["GET"]}}],"collection":[{"href":"https:\/\/blog.olimar.de\/wp-json\/wp\/v2\/posts"}],"about":[{"href":"https:\/\/blog.olimar.de\/wp-json\/wp\/v2\/types\/post"}],"author":[{"embeddable":true,"href":"https:\/\/blog.olimar.de\/wp-json\/wp\/v2\/users\/9"}],"replies":[{"embeddable":true,"href":"https:\/\/blog.olimar.de\/wp-json\/wp\/v2\/comments?post=11146"}],"version-history":[{"count":29,"href":"https:\/\/blog.olimar.de\/wp-json\/wp\/v2\/posts\/11146\/revisions"}],"predecessor-version":[{"id":27973,"href":"https:\/\/blog.olimar.de\/wp-json\/wp\/v2\/posts\/11146\/revisions\/27973"}],"wp:featuredmedia":[{"embeddable":true,"href":"https:\/\/blog.olimar.de\/wp-json\/wp\/v2\/media\/11155"}],"wp:attachment":[{"href":"https:\/\/blog.olimar.de\/wp-json\/wp\/v2\/media?parent=11146"}],"wp:term":[{"taxonomy":"category","embeddable":true,"href":"https:\/\/blog.olimar.de\/wp-json\/wp\/v2\/categories?post=11146"},{"taxonomy":"post_tag","embeddable":true,"href":"https:\/\/blog.olimar.de\/wp-json\/wp\/v2\/tags?post=11146"}],"curies":[{"name":"wp","href":"https:\/\/api.w.org\/{rel}","templated":true}]}}