{"id":11175,"date":"2019-05-21T17:18:44","date_gmt":"2019-05-21T15:18:44","guid":{"rendered":"https:\/\/blog.olimar.de\/?p=11175"},"modified":"2024-03-15T12:22:46","modified_gmt":"2024-03-15T11:22:46","slug":"la-gomera","status":"publish","type":"post","link":"https:\/\/blog.olimar.de\/la-gomera\/","title":{"rendered":"Kanaren-Insel La Gomera: Eine Insel\u00fcbersicht"},"content":{"rendered":"\n<p><strong>La Gomera ist die zweitkleinste Insel der Kanaren und gilt zugleich als die wildeste Insel des Archipels. Zwar mag sie mit ihren knapp 400 Quadratkilometern recht klein wirken, doch der Passatwind sorgt f\u00fcr eine erstaunliche Vielfalt an Klimazonen und Landschaften. Aufgrund dessen ist diese kanarische Insel ein wahres Paradies f\u00fcr Wanderer. La Gomera zieht jeden Naturliebhaber mit seiner urw\u00fcchsigen sowie abwechslungsreichen Erscheinung in den Bann.<\/strong><\/p>\n\n\n\n<div class=\"wp-block-buttons is-layout-flex wp-block-buttons-is-layout-flex\">\n<div class=\"wp-block-button\"><a class=\"wp-block-button__link wp-element-button\" href=\"https:\/\/www.olimar.de\/spanien\/kanaren\/la-gomera\/\">La Gomera Reiseangebote und Hoteltipps entdecken<\/a><\/div>\n<\/div>\n\n\n\n<div style=\"height:25px\" aria-hidden=\"true\" class=\"wp-block-spacer\"><\/div>\n\n\n\n<p>Damit Sie sich einen besseren \u00dcberblick verschaffen k\u00f6nnen, stellen Sie sich eine nahezu kreisrunde Insel vor, welche in 5 unterschiedliche Regionen aufgeteilt werden kann.<\/p>\n\n\n\n<h2 class=\"wp-block-heading\"><strong>Der bergige Osten von La Gomera<\/strong><br><\/h2>\n\n\n\n<p class=\"wp-block-paragraph\">Den bergigen Osten von La Gomera lernt fast jeder Urlauber kennen, denn hier befindet sich die Inselhauptstadt San Sebasti\u00e1n. San Sebasti\u00e1n ist eine beschauliche Hauptstadt, welche umgeben von Gebirgsflanken ist und einen passablen Strand hat. Wenn Sie landeinw\u00e4rts von San Sebasti\u00e1n auf Entdeckungstour gehen m\u00f6chten, finden Sie einmalige Landschaften, wie z. B. das Barranco de la Villa (Schlucht hinter der Stadt) oder den wildromantischen Barranco de las Lajas mit seinen Seen und Palmenhainen. W\u00e4hrend Ihrer Erkundungen k\u00f6nnen Sie immer wieder einen Blick auf den imposanten Gipfel des Teides erhaschen, welcher sich auf der Nachbarinsel Teneriffa befindet. <br> <\/p>\n\n\n\n<figure class=\"wp-block-image\"><img loading=\"lazy\" decoding=\"async\" width=\"1024\" height=\"768\" src=\"https:\/\/blog.olimar.de\/wp-content\/uploads\/2019\/05\/Osten-von-La-Gomera-1024x768.jpg\" alt=\"La Gomera Ostseite\" class=\"wp-image-11182\" srcset=\"https:\/\/blog.olimar.de\/wp-content\/uploads\/2019\/05\/Osten-von-La-Gomera-1024x768.jpg 1024w, https:\/\/blog.olimar.de\/wp-content\/uploads\/2019\/05\/Osten-von-La-Gomera-300x225.jpg 300w, https:\/\/blog.olimar.de\/wp-content\/uploads\/2019\/05\/Osten-von-La-Gomera-768x576.jpg 768w, https:\/\/blog.olimar.de\/wp-content\/uploads\/2019\/05\/Osten-von-La-Gomera.jpg 2043w\" sizes=\"auto, (max-width: 1024px) 100vw, 1024px\" \/><\/figure>\n\n\n\n<h2 class=\"wp-block-heading\"><strong>Der sonnige S\u00fcden von La Gomera<\/strong><\/h2>\n\n\n\n<p class=\"wp-block-paragraph\">Im S\u00fcden von La Gomera warten auf Sie sonnenverw\u00f6hnte H\u00e4nge, welche in den verschiedensten Ocker-, Rot- sowie Braunt\u00f6nen in Richtung K\u00fcste abfallen. Da sich der S\u00fcden von La Gomera im sogenannten Schatten des Passatwindes befindet, sind hier nur selten Wolken anzutreffen. Deshalb wird der S\u00fcden auch als eine der sonnensichersten Regionen der Insel bezeichnet. <\/p>\n\n\n\n<p class=\"wp-block-paragraph\">Das touristische aber \u00fcberschaubare Zentrum stellt der K\u00fcstenort Playa Santiago dar. Dieser Ort ist perfekt f\u00fcr alle Sonnenanbeter, denn nirgends auf La Gomera scheint die Sonne so lang und intensiv, wie hier. <\/p>\n\n\n\n<figure class=\"wp-block-image\"><img loading=\"lazy\" decoding=\"async\" width=\"1024\" height=\"514\" src=\"https:\/\/blog.olimar.de\/wp-content\/uploads\/2019\/05\/ES-Kanaren-LaGomera-PuertoSantiago2019-1024x514.jpg\" alt=\"Playa Santiago La Gomera\" class=\"wp-image-11187\" srcset=\"https:\/\/blog.olimar.de\/wp-content\/uploads\/2019\/05\/ES-Kanaren-LaGomera-PuertoSantiago2019-1024x514.jpg 1024w, https:\/\/blog.olimar.de\/wp-content\/uploads\/2019\/05\/ES-Kanaren-LaGomera-PuertoSantiago2019-300x151.jpg 300w, https:\/\/blog.olimar.de\/wp-content\/uploads\/2019\/05\/ES-Kanaren-LaGomera-PuertoSantiago2019-768x386.jpg 768w\" sizes=\"auto, (max-width: 1024px) 100vw, 1024px\" \/><\/figure>\n\n\n\n<p class=\"wp-block-paragraph\"><\/p>\n\n\n\n<p class=\"wp-block-paragraph\">In Playa Santiago befindet sich auch eines der beliebtesten Hotels von La Gomera: das <a href=\"https:\/\/rms.olimar.de\/code\/GMZ103?travelType=hotel&amp;tab=details\">Hotel Jard\u00edn Tecina<\/a>. Dieses Hotel stellt eine gr\u00fcne Oase im eher kargen S\u00fcden dar. Das Hotel Jard\u00edn Tecina ist das perfekte Hotel f\u00fcr Sie, wenn Sie auf der Suche nach Erholung und Komfort sind. Die Hotelanlage wirkt wie ein eigenes kleines Dorf, welches auf einer 50 Meter hohen Klippe thront. <br><\/p>\n\n\n\n<figure class=\"wp-block-image\"><img loading=\"lazy\" decoding=\"async\" width=\"1024\" height=\"466\" src=\"https:\/\/blog.olimar.de\/wp-content\/uploads\/2019\/05\/GMZ103-a-Panoramica2017a-1024x466.jpg\" alt=\"Blick auf Jard\u00edn Tecina La Gomera\" class=\"wp-image-11191\" srcset=\"https:\/\/blog.olimar.de\/wp-content\/uploads\/2019\/05\/GMZ103-a-Panoramica2017a-1024x466.jpg 1024w, https:\/\/blog.olimar.de\/wp-content\/uploads\/2019\/05\/GMZ103-a-Panoramica2017a-300x137.jpg 300w, https:\/\/blog.olimar.de\/wp-content\/uploads\/2019\/05\/GMZ103-a-Panoramica2017a-768x350.jpg 768w\" sizes=\"auto, (max-width: 1024px) 100vw, 1024px\" \/><\/figure>\n\n\n\n<figure class=\"wp-block-image\"><img loading=\"lazy\" decoding=\"async\" width=\"1024\" height=\"682\" src=\"https:\/\/blog.olimar.de\/wp-content\/uploads\/2019\/05\/GMZ103-a-PanoramaHotelA2017-1024x682.jpg\" alt=\"Abendstimmung Jard\u00edn Tecina\" class=\"wp-image-11192\" srcset=\"https:\/\/blog.olimar.de\/wp-content\/uploads\/2019\/05\/GMZ103-a-PanoramaHotelA2017-1024x682.jpg 1024w, https:\/\/blog.olimar.de\/wp-content\/uploads\/2019\/05\/GMZ103-a-PanoramaHotelA2017-300x200.jpg 300w, https:\/\/blog.olimar.de\/wp-content\/uploads\/2019\/05\/GMZ103-a-PanoramaHotelA2017-768x511.jpg 768w, https:\/\/blog.olimar.de\/wp-content\/uploads\/2019\/05\/GMZ103-a-PanoramaHotelA2017-840x560.jpg 840w, https:\/\/blog.olimar.de\/wp-content\/uploads\/2019\/05\/GMZ103-a-PanoramaHotelA2017-1200x800.jpg 1200w, https:\/\/blog.olimar.de\/wp-content\/uploads\/2019\/05\/GMZ103-a-PanoramaHotelA2017.jpg 1622w\" sizes=\"auto, (max-width: 1024px) 100vw, 1024px\" \/><\/figure>\n\n\n\n<h2 class=\"wp-block-heading\"><strong>Der dramatische Westen von La Gomera<\/strong><br><\/h2>\n\n\n\n<p class=\"wp-block-paragraph\">Obwohl sich auch in den Westen von La Gomera nur selten eine Wolke verirrt, ist diese Region von \u00fcppiger gr\u00fcner Landschaft umgeben. Zu verdanken ist dies einer Vielzahl sprudelnder Quellen, die die Pflanzenwelt am Leben erhalten. <\/p>\n\n\n\n<p class=\"wp-block-paragraph\">Dreh- und Angelpunkt des Inselwestens ist das Valle Gran Rey, was \u00fcbersetzt \u201edas Tal des gro\u00dfen K\u00f6nigs\u201c bedeutet. Zu verdanken ist diese majest\u00e4tische Namensgebung einer Landschaft, die auch als eine der sch\u00f6nste Landschaft der Kanaren betitelt wird. Im Valle Gran Rey sto\u00dfen Sie auf Weidenb\u00fcsche, die an den quasi senkrecht abfallenden Steilw\u00e4nden h\u00e4ngen. Weitere gr\u00fcne Akzente werden durch Palmen, Bananenplantagen und Terrassenfelder gesetzt.<br><\/p>\n\n\n\n<figure class=\"wp-block-image\"><img loading=\"lazy\" decoding=\"async\" width=\"980\" height=\"735\" src=\"https:\/\/blog.olimar.de\/wp-content\/uploads\/2015\/07\/Abstieg_Valle_Gran_Rey.jpg\" alt=\"Abstieg und Blick ins Tal Valle Gran Rey auf La Gomera\" class=\"wp-image-2365\" srcset=\"https:\/\/blog.olimar.de\/wp-content\/uploads\/2015\/07\/Abstieg_Valle_Gran_Rey.jpg 980w, https:\/\/blog.olimar.de\/wp-content\/uploads\/2015\/07\/Abstieg_Valle_Gran_Rey-300x225.jpg 300w\" sizes=\"auto, (max-width: 980px) 100vw, 980px\" \/><figcaption class=\"wp-element-caption\">Anspruchsvoller Abstieg ins langgezogene, imposante Valle Gran Rey<\/figcaption><\/figure>\n\n\n\n<h2 class=\"wp-block-heading\"><strong>Der gr\u00fcne Norden von La Gomera<\/strong><\/h2>\n\n\n\n<p class=\"wp-block-paragraph\">Aufgrund der Wetterverh\u00e4ltnisse ist es im Norden von La Gomera in der Regel k\u00e4lter und feuchter, als in den restlichen Regionen der Insel. Doch nur deshalb ist die Landschaft im Norden so sch\u00f6n gr\u00fcn, wie nirgendwo anders auf der Insel.  <\/p>\n\n\n\n<p class=\"wp-block-paragraph\">Die Nordk\u00fcste der kanarischen Insel wird durch die m\u00e4chtigen Klippen gepr\u00e4gt, welche bis zu 700 Meter in die H\u00f6he ragen. Genau hier befindet sich auch einer der spektakul\u00e4rsten und modernsten Aussichtspunkte der Insel: Mirador de Abrante. <\/p>\n\n\n\n<p class=\"wp-block-paragraph\">Dieser Aussichtspunkt ist ein sieben Meter langer Steg, der rundum verglast ist und \u00fcber die Klippen ragt. Achtung, auch der Boden ist verglast! Deshalb ist dieser Aussichtspunkt nur f\u00fcr Besucher geeignet, die schwindelfrei sind und keine H\u00f6henangst haben. Wenn Sie ihren Mut zusammennehmen und sich \u00fcber den Steg trauen, k\u00f6nnen Sie durch den Glasboden \u00fcber 600 Meter in die Tiefe schauen! Alle, denen das zu abenteuerlich ist, k\u00f6nnen im angrenzenden Caf\u00e9 platz nehmen. <\/p>\n\n\n\n<figure class=\"wp-block-image\"><img loading=\"lazy\" decoding=\"async\" width=\"1024\" height=\"683\" src=\"https:\/\/blog.olimar.de\/wp-content\/uploads\/2019\/05\/ES-Kanaren-LaGomera-MiradordeAbrante2019-1024x683.jpg\" alt=\"Mirador de Abrante La Gomera\" class=\"wp-image-11193\" srcset=\"https:\/\/blog.olimar.de\/wp-content\/uploads\/2019\/05\/ES-Kanaren-LaGomera-MiradordeAbrante2019-1024x683.jpg 1024w, https:\/\/blog.olimar.de\/wp-content\/uploads\/2019\/05\/ES-Kanaren-LaGomera-MiradordeAbrante2019-300x200.jpg 300w, https:\/\/blog.olimar.de\/wp-content\/uploads\/2019\/05\/ES-Kanaren-LaGomera-MiradordeAbrante2019-768x512.jpg 768w, https:\/\/blog.olimar.de\/wp-content\/uploads\/2019\/05\/ES-Kanaren-LaGomera-MiradordeAbrante2019-840x560.jpg 840w, https:\/\/blog.olimar.de\/wp-content\/uploads\/2019\/05\/ES-Kanaren-LaGomera-MiradordeAbrante2019-1200x800.jpg 1200w, https:\/\/blog.olimar.de\/wp-content\/uploads\/2019\/05\/ES-Kanaren-LaGomera-MiradordeAbrante2019.jpg 1620w\" sizes=\"auto, (max-width: 1024px) 100vw, 1024px\" \/><\/figure>\n\n\n\n<h2 class=\"wp-block-heading\"><strong>Der Nationalpark Garajonay im Zentrum von La Gomera<\/strong><\/h2>\n\n\n\n<p class=\"wp-block-paragraph\">Der Nationalpark Garajonay in der Mitte von La Gomera ist ein Lorbeerwald, den es in dieser Gr\u00f6\u00dfe und Gestalt kein zweites Mal gibt. Dieser Lorbeerwald ist der gr\u00f6\u00dfte auf den Kanaren und nimmt mit fast 40 Quadratkilometern ein Zehntel der Inselfl\u00e4che ein. Abh\u00e4ngig vom Wetter pr\u00e4sentiert sich der Nationalpark v\u00f6llig unterschiedlich. Bei strahlendem Sonnenschein wirkt der Nationalpark Garajonay wie ein lichtdurchflutetes Paradies. Ist das Zentrum der Insel hingegen von Wolken und Nebel umgeben, wirkt dieser Ort mystisch, wie die perfekte Filmkulisse f\u00fcr den Science-Fiction-Film Avatar. <\/p>\n\n\n\n<figure class=\"wp-block-image\"><img loading=\"lazy\" decoding=\"async\" width=\"1024\" height=\"655\" src=\"https:\/\/blog.olimar.de\/wp-content\/uploads\/2019\/05\/Nationalpark-Garajonay-1024x655.jpg\" alt=\"Stra\u00dfe La Gomera Garajonay\" class=\"wp-image-11181\" srcset=\"https:\/\/blog.olimar.de\/wp-content\/uploads\/2019\/05\/Nationalpark-Garajonay-1024x655.jpg 1024w, https:\/\/blog.olimar.de\/wp-content\/uploads\/2019\/05\/Nationalpark-Garajonay-300x192.jpg 300w, https:\/\/blog.olimar.de\/wp-content\/uploads\/2019\/05\/Nationalpark-Garajonay-768x491.jpg 768w, https:\/\/blog.olimar.de\/wp-content\/uploads\/2019\/05\/Nationalpark-Garajonay.jpg 1720w\" sizes=\"auto, (max-width: 1024px) 100vw, 1024px\" \/><\/figure>\n\n\n\n<figure class=\"wp-block-image\"><img loading=\"lazy\" decoding=\"async\" width=\"1024\" height=\"768\" src=\"https:\/\/blog.olimar.de\/wp-content\/uploads\/2015\/08\/Nebelwald-1024x768.jpg\" alt=\"Waldweg auf La Gomera\" class=\"wp-image-2545\" srcset=\"https:\/\/blog.olimar.de\/wp-content\/uploads\/2015\/08\/Nebelwald-1024x768.jpg 1024w, https:\/\/blog.olimar.de\/wp-content\/uploads\/2015\/08\/Nebelwald-300x225.jpg 300w, https:\/\/blog.olimar.de\/wp-content\/uploads\/2015\/08\/Nebelwald.jpg 1143w\" sizes=\"auto, (max-width: 1024px) 100vw, 1024px\" \/><\/figure>\n\n\n\n<div style=\"height:50px\" aria-hidden=\"true\" class=\"wp-block-spacer\"><\/div>\n\n\n\n<div class=\"wp-block-buttons is-layout-flex wp-block-buttons-is-layout-flex\">\n<div class=\"wp-block-button\"><a class=\"wp-block-button__link wp-element-button\" href=\"https:\/\/www.olimar.de\/hotellistung\/\">Jetzt Urlaubsangebote finden und buchen<\/a><\/div>\n<\/div>\n\n\n\n<div style=\"height:100px\" aria-hidden=\"true\" class=\"wp-block-spacer\"><\/div>\n","protected":false},"excerpt":{"rendered":"<p>La Gomera ist die zweitkleinste Insel der Kanaren und gilt zugleich als die wildeste Insel des Archipels. Besucher erwartet eine erstaunliche Vielfalt an Klimazonen und Landschaften.<\/p>\n","protected":false},"author":71,"featured_media":11183,"comment_status":"open","ping_status":"open","sticky":false,"template":"","format":"standard","meta":{"_crdt_document":"","_lmt_disableupdate":"","_lmt_disable":"","footnotes":""},"categories":[29,31],"tags":[115,116,62],"class_list":["post-11175","post","type-post","status-publish","format-standard","has-post-thumbnail","hentry","category-aktiv-natur","category-land-leute","tag-kanaren","tag-la-gomera","tag-spanien"],"yoast_head":"<!-- This site is optimized with the Yoast SEO plugin v26.9 - https:\/\/yoast.com\/product\/yoast-seo-wordpress\/ -->\n<title>Kanaren-Insel La Gomera: Eine Insel\u00fcbersicht -<\/title>\n<meta name=\"description\" content=\"Die kleine Kanareninsel La Gomera ist vielseitig und sch\u00f6n. Wir stellen Ihnen die unterschiedlichen Regionen und Orte f\u00fcr Ihren La Gomera Urlaub vor.\" \/>\n<meta name=\"robots\" content=\"index, follow, max-snippet:-1, max-image-preview:large, max-video-preview:-1\" \/>\n<link rel=\"canonical\" href=\"https:\/\/blog.olimar.de\/la-gomera\/\" \/>\n<meta property=\"og:locale\" content=\"de_DE\" \/>\n<meta property=\"og:type\" content=\"article\" \/>\n<meta property=\"og:title\" content=\"Kanaren-Insel La Gomera: Eine Insel\u00fcbersicht -\" \/>\n<meta property=\"og:description\" content=\"Die kleine Kanareninsel La Gomera ist vielseitig und sch\u00f6n. Wir stellen Ihnen die unterschiedlichen Regionen und Orte f\u00fcr Ihren La Gomera Urlaub vor.\" \/>\n<meta property=\"og:url\" content=\"https:\/\/blog.olimar.de\/la-gomera\/\" \/>\n<meta property=\"article:publisher\" content=\"https:\/\/www.facebook.com\/OlimarReisen\" \/>\n<meta property=\"article:published_time\" content=\"2019-05-21T15:18:44+00:00\" \/>\n<meta property=\"article:modified_time\" content=\"2024-03-15T11:22:46+00:00\" \/>\n<meta property=\"og:image\" content=\"https:\/\/blog.olimar.de\/wp-content\/uploads\/2019\/05\/Valle_Gran_Rey.jpg\" \/>\n\t<meta property=\"og:image:width\" content=\"1488\" \/>\n\t<meta property=\"og:image:height\" content=\"1116\" \/>\n\t<meta property=\"og:image:type\" content=\"image\/jpeg\" \/>\n<meta name=\"author\" content=\"Angelika\" \/>\n<meta name=\"twitter:label1\" content=\"Verfasst von\" \/>\n\t<meta name=\"twitter:data1\" content=\"Angelika\" \/>\n\t<meta name=\"twitter:label2\" content=\"Gesch\u00e4tzte Lesezeit\" \/>\n\t<meta name=\"twitter:data2\" content=\"6\u00a0Minuten\" \/>\n<script type=\"application\/ld+json\" class=\"yoast-schema-graph\">{\"@context\":\"https:\/\/schema.org\",\"@graph\":[{\"@type\":\"WebPage\",\"@id\":\"https:\/\/blog.olimar.de\/la-gomera\/\",\"url\":\"https:\/\/blog.olimar.de\/la-gomera\/\",\"name\":\"Kanaren-Insel La Gomera: Eine Insel\u00fcbersicht -\",\"isPartOf\":{\"@id\":\"https:\/\/blog.olimar.de\/#website\"},\"primaryImageOfPage\":{\"@id\":\"https:\/\/blog.olimar.de\/la-gomera\/#primaryimage\"},\"image\":{\"@id\":\"https:\/\/blog.olimar.de\/la-gomera\/#primaryimage\"},\"thumbnailUrl\":\"https:\/\/blog.olimar.de\/wp-content\/uploads\/2019\/05\/Valle_Gran_Rey.jpg\",\"datePublished\":\"2019-05-21T15:18:44+00:00\",\"dateModified\":\"2024-03-15T11:22:46+00:00\",\"description\":\"Die kleine Kanareninsel La Gomera ist vielseitig und sch\u00f6n. Wir stellen Ihnen die unterschiedlichen Regionen und Orte f\u00fcr Ihren La Gomera Urlaub vor.\",\"breadcrumb\":{\"@id\":\"https:\/\/blog.olimar.de\/la-gomera\/#breadcrumb\"},\"inLanguage\":\"de\",\"potentialAction\":[{\"@type\":\"ReadAction\",\"target\":[\"https:\/\/blog.olimar.de\/la-gomera\/\"]}]},{\"@type\":\"ImageObject\",\"inLanguage\":\"de\",\"@id\":\"https:\/\/blog.olimar.de\/la-gomera\/#primaryimage\",\"url\":\"https:\/\/blog.olimar.de\/wp-content\/uploads\/2019\/05\/Valle_Gran_Rey.jpg\",\"contentUrl\":\"https:\/\/blog.olimar.de\/wp-content\/uploads\/2019\/05\/Valle_Gran_Rey.jpg\",\"width\":1488,\"height\":1116,\"caption\":\"Valle Gran Rey La Gomera\"},{\"@type\":\"BreadcrumbList\",\"@id\":\"https:\/\/blog.olimar.de\/la-gomera\/#breadcrumb\",\"itemListElement\":[{\"@type\":\"ListItem\",\"position\":1,\"name\":\"Home\",\"item\":\"https:\/\/blog.olimar.de\/\"},{\"@type\":\"ListItem\",\"position\":2,\"name\":\"Kanaren\",\"item\":\"https:\/\/blog.olimar.de\/tag\/kanaren\/\"},{\"@type\":\"ListItem\",\"position\":3,\"name\":\"Kanaren-Insel La Gomera: Eine Insel\u00fcbersicht\"}]},{\"@type\":\"WebSite\",\"@id\":\"https:\/\/blog.olimar.de\/#website\",\"url\":\"https:\/\/blog.olimar.de\/\",\"name\":\"OLIMAR.com\",\"description\":\"\",\"publisher\":{\"@id\":\"https:\/\/blog.olimar.de\/#organization\"},\"potentialAction\":[{\"@type\":\"SearchAction\",\"target\":{\"@type\":\"EntryPoint\",\"urlTemplate\":\"https:\/\/blog.olimar.de\/?s={search_term_string}\"},\"query-input\":{\"@type\":\"PropertyValueSpecification\",\"valueRequired\":true,\"valueName\":\"search_term_string\"}}],\"inLanguage\":\"de\"},{\"@type\":\"Organization\",\"@id\":\"https:\/\/blog.olimar.de\/#organization\",\"name\":\"OLIMAR Reisen\",\"url\":\"https:\/\/blog.olimar.de\/\",\"logo\":{\"@type\":\"ImageObject\",\"inLanguage\":\"de\",\"@id\":\"https:\/\/blog.olimar.de\/#\/schema\/logo\/image\/\",\"url\":\"https:\/\/blog.olimar.de\/wp-content\/uploads\/2021\/01\/OLIMAR_Logo_COLOR.png\",\"contentUrl\":\"https:\/\/blog.olimar.de\/wp-content\/uploads\/2021\/01\/OLIMAR_Logo_COLOR.png\",\"width\":2000,\"height\":986,\"caption\":\"OLIMAR Reisen\"},\"image\":{\"@id\":\"https:\/\/blog.olimar.de\/#\/schema\/logo\/image\/\"},\"sameAs\":[\"https:\/\/www.facebook.com\/OlimarReisen\",\"https:\/\/x.com\/olimarrreisen\",\"https:\/\/www.instagram.com\/olimarreisen\",\"https:\/\/www.youtube.com\/user\/olimarreisen\"]}]}<\/script>\n<!-- \/ Yoast SEO plugin. -->","yoast_head_json":{"title":"Kanaren-Insel La Gomera: Eine Insel\u00fcbersicht -","description":"Die kleine Kanareninsel La Gomera ist vielseitig und sch\u00f6n. Wir stellen Ihnen die unterschiedlichen Regionen und Orte f\u00fcr Ihren La Gomera Urlaub vor.","robots":{"index":"index","follow":"follow","max-snippet":"max-snippet:-1","max-image-preview":"max-image-preview:large","max-video-preview":"max-video-preview:-1"},"canonical":"https:\/\/blog.olimar.de\/la-gomera\/","og_locale":"de_DE","og_type":"article","og_title":"Kanaren-Insel La Gomera: Eine Insel\u00fcbersicht -","og_description":"Die kleine Kanareninsel La Gomera ist vielseitig und sch\u00f6n. Wir stellen Ihnen die unterschiedlichen Regionen und Orte f\u00fcr Ihren La Gomera Urlaub vor.","og_url":"https:\/\/blog.olimar.de\/la-gomera\/","article_publisher":"https:\/\/www.facebook.com\/OlimarReisen","article_published_time":"2019-05-21T15:18:44+00:00","article_modified_time":"2024-03-15T11:22:46+00:00","og_image":[{"width":1488,"height":1116,"url":"https:\/\/blog.olimar.de\/wp-content\/uploads\/2019\/05\/Valle_Gran_Rey.jpg","type":"image\/jpeg"}],"author":"Angelika","twitter_misc":{"Verfasst von":"Angelika","Gesch\u00e4tzte Lesezeit":"6\u00a0Minuten"},"schema":{"@context":"https:\/\/schema.org","@graph":[{"@type":"WebPage","@id":"https:\/\/blog.olimar.de\/la-gomera\/","url":"https:\/\/blog.olimar.de\/la-gomera\/","name":"Kanaren-Insel La Gomera: Eine Insel\u00fcbersicht -","isPartOf":{"@id":"https:\/\/blog.olimar.de\/#website"},"primaryImageOfPage":{"@id":"https:\/\/blog.olimar.de\/la-gomera\/#primaryimage"},"image":{"@id":"https:\/\/blog.olimar.de\/la-gomera\/#primaryimage"},"thumbnailUrl":"https:\/\/blog.olimar.de\/wp-content\/uploads\/2019\/05\/Valle_Gran_Rey.jpg","datePublished":"2019-05-21T15:18:44+00:00","dateModified":"2024-03-15T11:22:46+00:00","description":"Die kleine Kanareninsel La Gomera ist vielseitig und sch\u00f6n. Wir stellen Ihnen die unterschiedlichen Regionen und Orte f\u00fcr Ihren La Gomera Urlaub vor.","breadcrumb":{"@id":"https:\/\/blog.olimar.de\/la-gomera\/#breadcrumb"},"inLanguage":"de","potentialAction":[{"@type":"ReadAction","target":["https:\/\/blog.olimar.de\/la-gomera\/"]}]},{"@type":"ImageObject","inLanguage":"de","@id":"https:\/\/blog.olimar.de\/la-gomera\/#primaryimage","url":"https:\/\/blog.olimar.de\/wp-content\/uploads\/2019\/05\/Valle_Gran_Rey.jpg","contentUrl":"https:\/\/blog.olimar.de\/wp-content\/uploads\/2019\/05\/Valle_Gran_Rey.jpg","width":1488,"height":1116,"caption":"Valle Gran Rey La Gomera"},{"@type":"BreadcrumbList","@id":"https:\/\/blog.olimar.de\/la-gomera\/#breadcrumb","itemListElement":[{"@type":"ListItem","position":1,"name":"Home","item":"https:\/\/blog.olimar.de\/"},{"@type":"ListItem","position":2,"name":"Kanaren","item":"https:\/\/blog.olimar.de\/tag\/kanaren\/"},{"@type":"ListItem","position":3,"name":"Kanaren-Insel La Gomera: Eine Insel\u00fcbersicht"}]},{"@type":"WebSite","@id":"https:\/\/blog.olimar.de\/#website","url":"https:\/\/blog.olimar.de\/","name":"OLIMAR.com","description":"","publisher":{"@id":"https:\/\/blog.olimar.de\/#organization"},"potentialAction":[{"@type":"SearchAction","target":{"@type":"EntryPoint","urlTemplate":"https:\/\/blog.olimar.de\/?s={search_term_string}"},"query-input":{"@type":"PropertyValueSpecification","valueRequired":true,"valueName":"search_term_string"}}],"inLanguage":"de"},{"@type":"Organization","@id":"https:\/\/blog.olimar.de\/#organization","name":"OLIMAR Reisen","url":"https:\/\/blog.olimar.de\/","logo":{"@type":"ImageObject","inLanguage":"de","@id":"https:\/\/blog.olimar.de\/#\/schema\/logo\/image\/","url":"https:\/\/blog.olimar.de\/wp-content\/uploads\/2021\/01\/OLIMAR_Logo_COLOR.png","contentUrl":"https:\/\/blog.olimar.de\/wp-content\/uploads\/2021\/01\/OLIMAR_Logo_COLOR.png","width":2000,"height":986,"caption":"OLIMAR Reisen"},"image":{"@id":"https:\/\/blog.olimar.de\/#\/schema\/logo\/image\/"},"sameAs":["https:\/\/www.facebook.com\/OlimarReisen","https:\/\/x.com\/olimarrreisen","https:\/\/www.instagram.com\/olimarreisen","https:\/\/www.youtube.com\/user\/olimarreisen"]}]}},"modified_by":"Wiebke Fix","jetpack_featured_media_url":"https:\/\/blog.olimar.de\/wp-content\/uploads\/2019\/05\/Valle_Gran_Rey.jpg","_links":{"self":[{"href":"https:\/\/blog.olimar.de\/wp-json\/wp\/v2\/posts\/11175","targetHints":{"allow":["GET"]}}],"collection":[{"href":"https:\/\/blog.olimar.de\/wp-json\/wp\/v2\/posts"}],"about":[{"href":"https:\/\/blog.olimar.de\/wp-json\/wp\/v2\/types\/post"}],"author":[{"embeddable":true,"href":"https:\/\/blog.olimar.de\/wp-json\/wp\/v2\/users\/71"}],"replies":[{"embeddable":true,"href":"https:\/\/blog.olimar.de\/wp-json\/wp\/v2\/comments?post=11175"}],"version-history":[{"count":13,"href":"https:\/\/blog.olimar.de\/wp-json\/wp\/v2\/posts\/11175\/revisions"}],"predecessor-version":[{"id":27526,"href":"https:\/\/blog.olimar.de\/wp-json\/wp\/v2\/posts\/11175\/revisions\/27526"}],"wp:featuredmedia":[{"embeddable":true,"href":"https:\/\/blog.olimar.de\/wp-json\/wp\/v2\/media\/11183"}],"wp:attachment":[{"href":"https:\/\/blog.olimar.de\/wp-json\/wp\/v2\/media?parent=11175"}],"wp:term":[{"taxonomy":"category","embeddable":true,"href":"https:\/\/blog.olimar.de\/wp-json\/wp\/v2\/categories?post=11175"},{"taxonomy":"post_tag","embeddable":true,"href":"https:\/\/blog.olimar.de\/wp-json\/wp\/v2\/tags?post=11175"}],"curies":[{"name":"wp","href":"https:\/\/api.w.org\/{rel}","templated":true}]}}