{"id":11197,"date":"2019-05-24T17:57:03","date_gmt":"2019-05-24T15:57:03","guid":{"rendered":"https:\/\/blog.olimar.de\/?p=11197"},"modified":"2019-11-19T18:53:18","modified_gmt":"2019-11-19T16:53:18","slug":"mietwagentour-an-der-algarve","status":"publish","type":"post","link":"https:\/\/blog.olimar.de\/mietwagentour-an-der-algarve\/","title":{"rendered":"Eine Mietwagentour an der Algarve"},"content":{"rendered":"\n<p class=\"wp-block-paragraph\"><p class=\"intro\">Die s\u00fcdlichste Region Portugals, die <a href=\"https:\/\/www.olimar.de\/portugal\/algarve\/\" target=\"_blank\" rel=\"noopener noreferrer\">Algarve<\/a>, wird wohl in den meisten Reisef\u00fchrern als absolutes \u201cMust See\u201d markiert. So gl\u00e4nzt diese Region vor allem mit ihren atemberaubenden Str\u00e4nden und gilt als wahres Paradies f\u00fcr einen gelungenen Urlaub. Um einen besonders vielf\u00e4ltigen Eindruck von dieser wundersch\u00f6ne Region zu bekommen, empfiehlt sich eine Mietwagentour an der Algarve.<\/p><\/p>\n\n\n\n<p class=\"wp-block-paragraph\">Busfahrplan? Gute Zuganbindung? Fehlanzeige! <br>Gerade in kleineren Ortschaften sind Bus- oder Zuganbindungen wenig bis kaum vorhanden. F\u00fcr einen enormen Reisekomfort vor Ort sorgt daher sicherlich ein Mietwagen. Der Verkehr an der Algarve ist recht angenehm und bietet ausgezeichnete M\u00f6glichkeiten f\u00fcr viele entspannte Ausfl\u00fcge auf Ihrer Mietwagentour.<\/p>\n\n\n\n<p class=\"wp-block-paragraph\"><strong>Mietwagen Tipp: <\/strong>Die Autobahnen in Portugal sind Mautpflichtig. Buchen Sie daher am besten direkt bei der Annahme Ihres Mietwagens ein Mautger\u00e4t f\u00fcr ca. 2\u20ac pro Tag dazu. Dieses Ger\u00e4t erfasst s\u00e4mtliche Mautstation w\u00e4hrend Ihrer Mietwagentour automatisch und Ssie k\u00f6nnen die entstandenen Kosten einfach bei Abgabe des Mietwagens begleichen. Alternativ k\u00f6nnen Sie nat\u00fcrlich auch die vielen wundersch\u00f6nen und mautfreien Landstra\u00dfen an der Algarve nutzen.<\/p>\n\n\n\n<p class=\"wp-block-paragraph\">Beginnen Sie Ihre eint\u00e4gige Mietwagentour doch in der charmanten Kleinstadt Ferragudo an der M\u00fcndung des Flusses Rio Arade. Wie w\u00e4re es mit einem gen\u00fcsslichen Fr\u00fchst\u00fcck auf dem Marktplatz der Stadt? Genie\u00dfen Sie hier die ersten Sonnenstrahlen des Tages in typisch portugiesischer Gem\u00fctlichkeit. Den ganzen Tag k\u00f6nnte man hier entspannt sitzen und beobachten wie sich die herzlichen Portugiesen auf ihrem Platz tummeln. Auch wenn dies verlockend klingt, so gibt es noch einiges an der Algarve zu entdecken! Werfen Sie dennoch unbedingt noch den ein oder anderen Blick in die vielen verwinkelten Gassen von Ferragudo. Die unz\u00e4hligen Treppenstufen bieten eine gute Gelegenheit f\u00fcr den ersten Verdauungsspaziergang nach Ihrem ausgiebigen Fr\u00fchst\u00fcck.<\/p>\n\n\n\n<figure class=\"wp-block-image\"><img loading=\"lazy\" decoding=\"async\" width=\"1024\" height=\"590\" src=\"https:\/\/blog.olimar.de\/wp-content\/uploads\/2019\/05\/Portugal-Algarve-Meurers_2991-1024x590.jpg\" alt=\"Blick auf Ferragudo\" class=\"wp-image-11201\" srcset=\"https:\/\/blog.olimar.de\/wp-content\/uploads\/2019\/05\/Portugal-Algarve-Meurers_2991-1024x590.jpg 1024w, https:\/\/blog.olimar.de\/wp-content\/uploads\/2019\/05\/Portugal-Algarve-Meurers_2991-300x173.jpg 300w, https:\/\/blog.olimar.de\/wp-content\/uploads\/2019\/05\/Portugal-Algarve-Meurers_2991-768x443.jpg 768w, https:\/\/blog.olimar.de\/wp-content\/uploads\/2019\/05\/Portugal-Algarve-Meurers_2991.jpg 2000w\" sizes=\"auto, (max-width: 1024px) 100vw, 1024px\" \/><\/figure>\n\n\n\n<figure class=\"wp-block-image\"><img loading=\"lazy\" decoding=\"async\" width=\"1024\" height=\"768\" src=\"https:\/\/blog.olimar.de\/wp-content\/uploads\/2019\/05\/Ferragudo-Gasse-1024x768.jpg\" alt=\"Gasse in Ferragudo\" class=\"wp-image-11203\" srcset=\"https:\/\/blog.olimar.de\/wp-content\/uploads\/2019\/05\/Ferragudo-Gasse-1024x768.jpg 1024w, https:\/\/blog.olimar.de\/wp-content\/uploads\/2019\/05\/Ferragudo-Gasse-300x225.jpg 300w, https:\/\/blog.olimar.de\/wp-content\/uploads\/2019\/05\/Ferragudo-Gasse-768x576.jpg 768w, https:\/\/blog.olimar.de\/wp-content\/uploads\/2019\/05\/Ferragudo-Gasse.jpg 1632w\" sizes=\"auto, (max-width: 1024px) 100vw, 1024px\" \/><\/figure>\n\n\n\n<p class=\"wp-block-paragraph\">Kleiner Tipp: An jedem zweiten Sonntag im Monat findet rund um den Marktplatz Ferragudos ein sch\u00f6ner Flohmarkt statt. Eine tolle M\u00f6glichkeit, um ins Gespr\u00e4ch mit den vielen freundlichen Einheimischen zu kommen und das ein oder andere au\u00dfergew\u00f6hnliche Souvenir zu ergattern. Beachten Sie jedoch auch, dass an diesen Tagen die Parkplatzsituation im Ortskern eingeschr\u00e4nkt sein kann.<\/p>\n\n\n\n<p class=\"wp-block-paragraph\">Das n\u00e4chste Highlight auf Ihrer Mietwagentour wartet nun auf Sie!<\/p>\n\n\n\n<p class=\"wp-block-paragraph\">Bereits nach einer 15 min\u00fctigen Autofahrt erreichen Sie die gegen\u00fcberliegende Hafenstadt Portim\u00e3o. Nicht nur mit ihrer wundersch\u00f6nen Altstadt, sondern ganz besonders mit dem Strandabschnitt Praia da Rocha prahlt diese Stadt. Dieser lange Sandstrand ist wirklich ein absoluter Hingucker! Im Sommer ist er der perfekte Ort f\u00fcr eine Abk\u00fchlung in den Wellen des Atlantiks. Doch auch in der Nebensaison ist der Strand eine wahre Empfehlung. Das Meeresrauschen k\u00f6nnen Sie dann w\u00e4hrend eines langen Spaziergangs am fast menschenleeren Strand genie\u00dfen. Definitiv Balsam f\u00fcr die Seele!<\/p>\n\n\n\n\n\n<p class=\"wp-block-paragraph\">Was w\u00e4re eine Mietwagentour entlang der wundersch\u00f6nen Algarve, wenn Sie dabei nicht auch in den Genuss der kulinarischen Vielfalt k\u00e4men? Oberhalb vom Strandabschnitt Praia da Rocha finden Sie eine Promenade mit vielen gem\u00fctlichen Caf\u00e9s und Restaurants. Sicherlich finden Sie dort das ein oder andere portugiesische Geb\u00e4ck, von dem Sie sp\u00e4ter, zur\u00fcck in der Heimat, noch oft tr\u00e4umen werden! Mein Favorit sind dabei ganz klar die Past\u00e9is de Nata &#8211; kleine Bl\u00e4tterteigt\u00f6rtchen mit Vanillepudding gef\u00fcllt.<\/p>\n\n\n\n<figure class=\"wp-block-image\"><img loading=\"lazy\" decoding=\"async\" width=\"1024\" height=\"684\" src=\"https:\/\/blog.olimar.de\/wp-content\/uploads\/2019\/05\/Portugal-Algarve-Meurers_2952-1024x684.jpg\" alt=\"Pasteis de Nata an der Algarve\" class=\"wp-image-11208\" srcset=\"https:\/\/blog.olimar.de\/wp-content\/uploads\/2019\/05\/Portugal-Algarve-Meurers_2952-1024x684.jpg 1024w, https:\/\/blog.olimar.de\/wp-content\/uploads\/2019\/05\/Portugal-Algarve-Meurers_2952-300x200.jpg 300w, https:\/\/blog.olimar.de\/wp-content\/uploads\/2019\/05\/Portugal-Algarve-Meurers_2952-768x513.jpg 768w, https:\/\/blog.olimar.de\/wp-content\/uploads\/2019\/05\/Portugal-Algarve-Meurers_2952-840x560.jpg 840w, https:\/\/blog.olimar.de\/wp-content\/uploads\/2019\/05\/Portugal-Algarve-Meurers_2952-1200x800.jpg 1200w, https:\/\/blog.olimar.de\/wp-content\/uploads\/2019\/05\/Portugal-Algarve-Meurers_2952.jpg 2000w\" sizes=\"auto, (max-width: 1024px) 100vw, 1024px\" \/><\/figure>\n\n\n\n<h2 class=\"wp-block-heading\"><strong>Mit dem Mietwagen nach Lagos<\/strong><\/h2>\n\n\n\n<p class=\"wp-block-paragraph\">Weiter f\u00fchrt Sie Ihre Mietwagentour rund 30 Minuten westlich entlang der Algarve. Den n\u00e4chsten Programmpunkt bildet die bezaubernde Stadt <a href=\"https:\/\/www.olimar.de\/portugal\/algarve\/lagos\/\" target=\"_blank\" rel=\"noreferrer noopener\" aria-label=\"Lagos (opens in a new tab)\">Lagos<\/a>. Auch Lagos ist eine K\u00fcstenstadt und besticht vor allem durch ihre wundersch\u00f6ne Altstadt, sowie die umliegenden Str\u00e4nde. Das historische Altstadtviertel von Lagos bietet Ihnen Raum f\u00fcr viele neue, spannende Entdeckungen. So empfehle ich Ihnen auf jeden Fall die Besichtigung der geschichtstr\u00e4chtigen Kirche Santo Antonio, dem Bandeira Fort und auch der alten Stadtmauer.<\/p>\n\n\n\n<figure class=\"wp-block-image\"><img loading=\"lazy\" decoding=\"async\" width=\"1024\" height=\"684\" src=\"https:\/\/blog.olimar.de\/wp-content\/uploads\/2019\/05\/PT-Algarve-Lagos-IgrejadeSantoAntonio-c-WalzingMeurers2896-1024x684.jpg\" alt=\"Lagos Kirche\" class=\"wp-image-11204\" srcset=\"https:\/\/blog.olimar.de\/wp-content\/uploads\/2019\/05\/PT-Algarve-Lagos-IgrejadeSantoAntonio-c-WalzingMeurers2896-1024x684.jpg 1024w, https:\/\/blog.olimar.de\/wp-content\/uploads\/2019\/05\/PT-Algarve-Lagos-IgrejadeSantoAntonio-c-WalzingMeurers2896-300x200.jpg 300w, https:\/\/blog.olimar.de\/wp-content\/uploads\/2019\/05\/PT-Algarve-Lagos-IgrejadeSantoAntonio-c-WalzingMeurers2896-768x513.jpg 768w, https:\/\/blog.olimar.de\/wp-content\/uploads\/2019\/05\/PT-Algarve-Lagos-IgrejadeSantoAntonio-c-WalzingMeurers2896-840x560.jpg 840w, https:\/\/blog.olimar.de\/wp-content\/uploads\/2019\/05\/PT-Algarve-Lagos-IgrejadeSantoAntonio-c-WalzingMeurers2896-1200x800.jpg 1200w, https:\/\/blog.olimar.de\/wp-content\/uploads\/2019\/05\/PT-Algarve-Lagos-IgrejadeSantoAntonio-c-WalzingMeurers2896.jpg 1617w\" sizes=\"auto, (max-width: 1024px) 100vw, 1024px\" \/><\/figure>\n\n\n\n<figure class=\"wp-block-image\"><img loading=\"lazy\" decoding=\"async\" width=\"1024\" height=\"683\" src=\"https:\/\/blog.olimar.de\/wp-content\/uploads\/2019\/05\/PT-Algarve-Lagos-Fussgaengerzone2016-1024x683.jpg\" alt=\"Fu\u00dfg\u00e4ngerzone Lagos\" class=\"wp-image-11205\" srcset=\"https:\/\/blog.olimar.de\/wp-content\/uploads\/2019\/05\/PT-Algarve-Lagos-Fussgaengerzone2016-1024x683.jpg 1024w, https:\/\/blog.olimar.de\/wp-content\/uploads\/2019\/05\/PT-Algarve-Lagos-Fussgaengerzone2016-300x200.jpg 300w, https:\/\/blog.olimar.de\/wp-content\/uploads\/2019\/05\/PT-Algarve-Lagos-Fussgaengerzone2016-768x512.jpg 768w, https:\/\/blog.olimar.de\/wp-content\/uploads\/2019\/05\/PT-Algarve-Lagos-Fussgaengerzone2016-840x560.jpg 840w, https:\/\/blog.olimar.de\/wp-content\/uploads\/2019\/05\/PT-Algarve-Lagos-Fussgaengerzone2016-1200x800.jpg 1200w, https:\/\/blog.olimar.de\/wp-content\/uploads\/2019\/05\/PT-Algarve-Lagos-Fussgaengerzone2016.jpg 1620w\" sizes=\"auto, (max-width: 1024px) 100vw, 1024px\" \/><\/figure>\n\n\n\n<p class=\"wp-block-paragraph\">Bevor es Zeit wird, den Abend und somit auch Ihre Mietwagentour an der Algarve ausklingen zu lassen, sollten Sie unbedingt noch einen letzten Streifzug unternehmen. Die Ponta da Piedade wartet auf Sie! Strahlend blaues Wasser, welches auf faszinierende Felsklippen trifft! Sicherlich war das Ihre Vorstellung von einem Urlaub an der Algarve. Liege ich richtig? Diesen Anblick k\u00f6nnen Sie nur 10 Fahrminuten von Lagos entfernt ganz besonders genie\u00dfen. Die Landzunge Ponta da Piedade bietet eine atemberaubende Kulisse und ist bereits von Land aus ein wahres Spektakel. Haben Sie die Zeit, so sollten Sie unbedingt eine Bootstour unternehmen, um die vielen H\u00f6hlen, versteckten Str\u00e4nde und Buchten rund um diese Landzunge zu entdecken.<\/p>\n\n\n\n<figure class=\"wp-block-image\"><img loading=\"lazy\" decoding=\"async\" width=\"1024\" height=\"684\" src=\"https:\/\/blog.olimar.de\/wp-content\/uploads\/2019\/05\/PT-Algarve-Lagos-PontaPiedade-c-WalzingMeurers2789-1024x684.jpg\" alt=\"Ponta da Piedade\" class=\"wp-image-11206\" srcset=\"https:\/\/blog.olimar.de\/wp-content\/uploads\/2019\/05\/PT-Algarve-Lagos-PontaPiedade-c-WalzingMeurers2789-1024x684.jpg 1024w, https:\/\/blog.olimar.de\/wp-content\/uploads\/2019\/05\/PT-Algarve-Lagos-PontaPiedade-c-WalzingMeurers2789-300x200.jpg 300w, https:\/\/blog.olimar.de\/wp-content\/uploads\/2019\/05\/PT-Algarve-Lagos-PontaPiedade-c-WalzingMeurers2789-768x513.jpg 768w, https:\/\/blog.olimar.de\/wp-content\/uploads\/2019\/05\/PT-Algarve-Lagos-PontaPiedade-c-WalzingMeurers2789-840x560.jpg 840w, https:\/\/blog.olimar.de\/wp-content\/uploads\/2019\/05\/PT-Algarve-Lagos-PontaPiedade-c-WalzingMeurers2789-1200x800.jpg 1200w, https:\/\/blog.olimar.de\/wp-content\/uploads\/2019\/05\/PT-Algarve-Lagos-PontaPiedade-c-WalzingMeurers2789.jpg 1617w\" sizes=\"auto, (max-width: 1024px) 100vw, 1024px\" \/><\/figure>\n\n\n\n<figure class=\"wp-block-image\"><img loading=\"lazy\" decoding=\"async\" width=\"683\" height=\"1024\" src=\"https:\/\/blog.olimar.de\/wp-content\/uploads\/2019\/05\/PT-Algarve-Lagos-Grottenfahrt-c-WalzingMeurers2812-683x1024.jpg\" alt=\"Grottenfahrt Ponta da Piedade Benagil Cave\" class=\"wp-image-11207\" srcset=\"https:\/\/blog.olimar.de\/wp-content\/uploads\/2019\/05\/PT-Algarve-Lagos-Grottenfahrt-c-WalzingMeurers2812-683x1024.jpg 683w, https:\/\/blog.olimar.de\/wp-content\/uploads\/2019\/05\/PT-Algarve-Lagos-Grottenfahrt-c-WalzingMeurers2812-200x300.jpg 200w, https:\/\/blog.olimar.de\/wp-content\/uploads\/2019\/05\/PT-Algarve-Lagos-Grottenfahrt-c-WalzingMeurers2812.jpg 720w\" sizes=\"auto, (max-width: 683px) 100vw, 683px\" \/><\/figure>\n\n\n\n<p class=\"wp-block-paragraph\">Genie\u00dfen Sie die frische portugiesische Seeluft doch im Anschluss an diesen Ausflug noch ein wenig und kehren zur\u00fcck an die Hafenpromenade und die naheliegende Altstadt von Lagos. Diese Kulisse bietet in der D\u00e4mmerung den perfekten Ort, um Ihre Mietwagentour entlang der Algarve bei einem schmackhaften Besuch im Restaurant zu beenden.<\/p>\n\n\n\n<figure class=\"wp-block-image\"><img loading=\"lazy\" decoding=\"async\" width=\"1024\" height=\"684\" src=\"https:\/\/blog.olimar.de\/wp-content\/uploads\/2019\/05\/Portugal-Algarve-Meurers_2509-1024x684.jpg\" alt=\"Cataplana an der Algarve\" class=\"wp-image-11213\" srcset=\"https:\/\/blog.olimar.de\/wp-content\/uploads\/2019\/05\/Portugal-Algarve-Meurers_2509-1024x684.jpg 1024w, https:\/\/blog.olimar.de\/wp-content\/uploads\/2019\/05\/Portugal-Algarve-Meurers_2509-300x200.jpg 300w, https:\/\/blog.olimar.de\/wp-content\/uploads\/2019\/05\/Portugal-Algarve-Meurers_2509-768x513.jpg 768w, https:\/\/blog.olimar.de\/wp-content\/uploads\/2019\/05\/Portugal-Algarve-Meurers_2509-840x560.jpg 840w, https:\/\/blog.olimar.de\/wp-content\/uploads\/2019\/05\/Portugal-Algarve-Meurers_2509-1200x800.jpg 1200w, https:\/\/blog.olimar.de\/wp-content\/uploads\/2019\/05\/Portugal-Algarve-Meurers_2509.jpg 2000w\" sizes=\"auto, (max-width: 1024px) 100vw, 1024px\" \/><\/figure>\n\n\n","protected":false},"excerpt":{"rendered":"<p>Die s\u00fcdlichste Region Portugals, die Algarve, wird wohl in den meisten Reisef\u00fchrern als absolutes \u201cMust See\u201d markiert. So gl\u00e4nzt diese Region vor allem mit ihren atemberaubenden Str\u00e4nden und gilt als wahres Paradies f\u00fcr einen gelungenen Urlaub. Um einen besonders vielf\u00e4ltigen Eindruck von dieser wundersch\u00f6ne Region zu bekommen, empfiehlt sich eine Mietwagentour an der Algarve. Busfahrplan? Gute Zuganbindung? Fehlanzeige! Gerade in kleineren Ortschaften sind Bus- oder Zuganbindungen wenig bis kaum vorhanden. F\u00fcr einen enormen Reisekomfort vor Ort sorgt daher sicherlich ein Mietwagen. Der Verkehr an der Algarve ist recht angenehm und bietet ausgezeichnete M\u00f6glichkeiten f\u00fcr viele entspannte Ausfl\u00fcge auf Ihrer Mietwagentour. Mietwagen &hellip;<\/p>\n","protected":false},"author":68,"featured_media":11210,"comment_status":"open","ping_status":"open","sticky":false,"template":"","format":"standard","meta":{"_crdt_document":"","_lmt_disableupdate":"","_lmt_disable":"","footnotes":""},"categories":[29,31],"tags":[24,34],"class_list":["post-11197","post","type-post","status-publish","format-standard","has-post-thumbnail","hentry","category-aktiv-natur","category-land-leute","tag-algarve","tag-portugal"],"yoast_head":"<!-- This site is optimized with the Yoast SEO plugin v26.9 - https:\/\/yoast.com\/product\/yoast-seo-wordpress\/ -->\n<title>Eine Mietwagentour an der Algarve - Unsere Tipps<\/title>\n<meta name=\"description\" content=\"Wenn Sie im Urlaub eine Mietwagentour an der Algarve planen, empfehlen wir Ihnen den Besuch folgender Orte und Sightseeing-Highlights.\" \/>\n<meta name=\"robots\" content=\"index, follow, max-snippet:-1, max-image-preview:large, max-video-preview:-1\" \/>\n<link rel=\"canonical\" href=\"https:\/\/blog.olimar.de\/mietwagentour-an-der-algarve\/\" \/>\n<meta property=\"og:locale\" content=\"de_DE\" \/>\n<meta property=\"og:type\" content=\"article\" \/>\n<meta property=\"og:title\" content=\"Eine Mietwagentour an der Algarve - Unsere Tipps\" \/>\n<meta property=\"og:description\" content=\"Wenn Sie im Urlaub eine Mietwagentour an der Algarve planen, empfehlen wir Ihnen den Besuch folgender Orte und Sightseeing-Highlights.\" \/>\n<meta property=\"og:url\" content=\"https:\/\/blog.olimar.de\/mietwagentour-an-der-algarve\/\" \/>\n<meta property=\"article:publisher\" content=\"https:\/\/www.facebook.com\/OlimarReisen\" \/>\n<meta property=\"article:published_time\" content=\"2019-05-24T15:57:03+00:00\" \/>\n<meta property=\"article:modified_time\" content=\"2019-11-19T16:53:18+00:00\" \/>\n<meta property=\"og:image\" content=\"https:\/\/i0.wp.com\/blog.olimar.de\/wp-content\/uploads\/2019\/05\/Portugal-Algarve-Meurers_2359_60_61_62_63.jpg?fit=2000%2C1335&ssl=1\" \/>\n\t<meta property=\"og:image:width\" content=\"2000\" \/>\n\t<meta property=\"og:image:height\" content=\"1335\" \/>\n\t<meta property=\"og:image:type\" content=\"image\/jpeg\" \/>\n<meta name=\"author\" content=\"Isabelle\" \/>\n<meta name=\"twitter:label1\" content=\"Verfasst von\" \/>\n\t<meta name=\"twitter:data1\" content=\"Isabelle\" \/>\n\t<meta name=\"twitter:label2\" content=\"Gesch\u00e4tzte Lesezeit\" \/>\n\t<meta name=\"twitter:data2\" content=\"4\u00a0Minuten\" \/>\n<script type=\"application\/ld+json\" class=\"yoast-schema-graph\">{\"@context\":\"https:\/\/schema.org\",\"@graph\":[{\"@type\":\"WebPage\",\"@id\":\"https:\/\/blog.olimar.de\/mietwagentour-an-der-algarve\/\",\"url\":\"https:\/\/blog.olimar.de\/mietwagentour-an-der-algarve\/\",\"name\":\"Eine Mietwagentour an der Algarve - Unsere Tipps\",\"isPartOf\":{\"@id\":\"https:\/\/blog.olimar.de\/#website\"},\"primaryImageOfPage\":{\"@id\":\"https:\/\/blog.olimar.de\/mietwagentour-an-der-algarve\/#primaryimage\"},\"image\":{\"@id\":\"https:\/\/blog.olimar.de\/mietwagentour-an-der-algarve\/#primaryimage\"},\"thumbnailUrl\":\"https:\/\/blog.olimar.de\/wp-content\/uploads\/2019\/05\/Portugal-Algarve-Meurers_2359_60_61_62_63.jpg\",\"datePublished\":\"2019-05-24T15:57:03+00:00\",\"dateModified\":\"2019-11-19T16:53:18+00:00\",\"description\":\"Wenn Sie im Urlaub eine Mietwagentour an der Algarve planen, empfehlen wir Ihnen den Besuch folgender Orte und Sightseeing-Highlights.\",\"breadcrumb\":{\"@id\":\"https:\/\/blog.olimar.de\/mietwagentour-an-der-algarve\/#breadcrumb\"},\"inLanguage\":\"de\",\"potentialAction\":[{\"@type\":\"ReadAction\",\"target\":[\"https:\/\/blog.olimar.de\/mietwagentour-an-der-algarve\/\"]}]},{\"@type\":\"ImageObject\",\"inLanguage\":\"de\",\"@id\":\"https:\/\/blog.olimar.de\/mietwagentour-an-der-algarve\/#primaryimage\",\"url\":\"https:\/\/blog.olimar.de\/wp-content\/uploads\/2019\/05\/Portugal-Algarve-Meurers_2359_60_61_62_63.jpg\",\"contentUrl\":\"https:\/\/blog.olimar.de\/wp-content\/uploads\/2019\/05\/Portugal-Algarve-Meurers_2359_60_61_62_63.jpg\",\"width\":2000,\"height\":1335,\"caption\":\"Holzsteg an der Algarvek\u00fcste\"},{\"@type\":\"BreadcrumbList\",\"@id\":\"https:\/\/blog.olimar.de\/mietwagentour-an-der-algarve\/#breadcrumb\",\"itemListElement\":[{\"@type\":\"ListItem\",\"position\":1,\"name\":\"Home\",\"item\":\"https:\/\/blog.olimar.de\/\"},{\"@type\":\"ListItem\",\"position\":2,\"name\":\"Algarve\",\"item\":\"https:\/\/blog.olimar.de\/tag\/algarve\/\"},{\"@type\":\"ListItem\",\"position\":3,\"name\":\"Eine Mietwagentour an der Algarve\"}]},{\"@type\":\"WebSite\",\"@id\":\"https:\/\/blog.olimar.de\/#website\",\"url\":\"https:\/\/blog.olimar.de\/\",\"name\":\"OLIMAR.com\",\"description\":\"\",\"publisher\":{\"@id\":\"https:\/\/blog.olimar.de\/#organization\"},\"potentialAction\":[{\"@type\":\"SearchAction\",\"target\":{\"@type\":\"EntryPoint\",\"urlTemplate\":\"https:\/\/blog.olimar.de\/?s={search_term_string}\"},\"query-input\":{\"@type\":\"PropertyValueSpecification\",\"valueRequired\":true,\"valueName\":\"search_term_string\"}}],\"inLanguage\":\"de\"},{\"@type\":\"Organization\",\"@id\":\"https:\/\/blog.olimar.de\/#organization\",\"name\":\"OLIMAR Reisen\",\"url\":\"https:\/\/blog.olimar.de\/\",\"logo\":{\"@type\":\"ImageObject\",\"inLanguage\":\"de\",\"@id\":\"https:\/\/blog.olimar.de\/#\/schema\/logo\/image\/\",\"url\":\"https:\/\/blog.olimar.de\/wp-content\/uploads\/2021\/01\/OLIMAR_Logo_COLOR.png\",\"contentUrl\":\"https:\/\/blog.olimar.de\/wp-content\/uploads\/2021\/01\/OLIMAR_Logo_COLOR.png\",\"width\":2000,\"height\":986,\"caption\":\"OLIMAR Reisen\"},\"image\":{\"@id\":\"https:\/\/blog.olimar.de\/#\/schema\/logo\/image\/\"},\"sameAs\":[\"https:\/\/www.facebook.com\/OlimarReisen\",\"https:\/\/x.com\/olimarrreisen\",\"https:\/\/www.instagram.com\/olimarreisen\",\"https:\/\/www.youtube.com\/user\/olimarreisen\"]}]}<\/script>\n<!-- \/ Yoast SEO plugin. -->","yoast_head_json":{"title":"Eine Mietwagentour an der Algarve - Unsere Tipps","description":"Wenn Sie im Urlaub eine Mietwagentour an der Algarve planen, empfehlen wir Ihnen den Besuch folgender Orte und Sightseeing-Highlights.","robots":{"index":"index","follow":"follow","max-snippet":"max-snippet:-1","max-image-preview":"max-image-preview:large","max-video-preview":"max-video-preview:-1"},"canonical":"https:\/\/blog.olimar.de\/mietwagentour-an-der-algarve\/","og_locale":"de_DE","og_type":"article","og_title":"Eine Mietwagentour an der Algarve - Unsere Tipps","og_description":"Wenn Sie im Urlaub eine Mietwagentour an der Algarve planen, empfehlen wir Ihnen den Besuch folgender Orte und Sightseeing-Highlights.","og_url":"https:\/\/blog.olimar.de\/mietwagentour-an-der-algarve\/","article_publisher":"https:\/\/www.facebook.com\/OlimarReisen","article_published_time":"2019-05-24T15:57:03+00:00","article_modified_time":"2019-11-19T16:53:18+00:00","og_image":[{"width":2000,"height":1335,"url":"https:\/\/i0.wp.com\/blog.olimar.de\/wp-content\/uploads\/2019\/05\/Portugal-Algarve-Meurers_2359_60_61_62_63.jpg?fit=2000%2C1335&ssl=1","type":"image\/jpeg"}],"author":"Isabelle","twitter_misc":{"Verfasst von":"Isabelle","Gesch\u00e4tzte Lesezeit":"4\u00a0Minuten"},"schema":{"@context":"https:\/\/schema.org","@graph":[{"@type":"WebPage","@id":"https:\/\/blog.olimar.de\/mietwagentour-an-der-algarve\/","url":"https:\/\/blog.olimar.de\/mietwagentour-an-der-algarve\/","name":"Eine Mietwagentour an der Algarve - Unsere Tipps","isPartOf":{"@id":"https:\/\/blog.olimar.de\/#website"},"primaryImageOfPage":{"@id":"https:\/\/blog.olimar.de\/mietwagentour-an-der-algarve\/#primaryimage"},"image":{"@id":"https:\/\/blog.olimar.de\/mietwagentour-an-der-algarve\/#primaryimage"},"thumbnailUrl":"https:\/\/blog.olimar.de\/wp-content\/uploads\/2019\/05\/Portugal-Algarve-Meurers_2359_60_61_62_63.jpg","datePublished":"2019-05-24T15:57:03+00:00","dateModified":"2019-11-19T16:53:18+00:00","description":"Wenn Sie im Urlaub eine Mietwagentour an der Algarve planen, empfehlen wir Ihnen den Besuch folgender Orte und Sightseeing-Highlights.","breadcrumb":{"@id":"https:\/\/blog.olimar.de\/mietwagentour-an-der-algarve\/#breadcrumb"},"inLanguage":"de","potentialAction":[{"@type":"ReadAction","target":["https:\/\/blog.olimar.de\/mietwagentour-an-der-algarve\/"]}]},{"@type":"ImageObject","inLanguage":"de","@id":"https:\/\/blog.olimar.de\/mietwagentour-an-der-algarve\/#primaryimage","url":"https:\/\/blog.olimar.de\/wp-content\/uploads\/2019\/05\/Portugal-Algarve-Meurers_2359_60_61_62_63.jpg","contentUrl":"https:\/\/blog.olimar.de\/wp-content\/uploads\/2019\/05\/Portugal-Algarve-Meurers_2359_60_61_62_63.jpg","width":2000,"height":1335,"caption":"Holzsteg an der Algarvek\u00fcste"},{"@type":"BreadcrumbList","@id":"https:\/\/blog.olimar.de\/mietwagentour-an-der-algarve\/#breadcrumb","itemListElement":[{"@type":"ListItem","position":1,"name":"Home","item":"https:\/\/blog.olimar.de\/"},{"@type":"ListItem","position":2,"name":"Algarve","item":"https:\/\/blog.olimar.de\/tag\/algarve\/"},{"@type":"ListItem","position":3,"name":"Eine Mietwagentour an der Algarve"}]},{"@type":"WebSite","@id":"https:\/\/blog.olimar.de\/#website","url":"https:\/\/blog.olimar.de\/","name":"OLIMAR.com","description":"","publisher":{"@id":"https:\/\/blog.olimar.de\/#organization"},"potentialAction":[{"@type":"SearchAction","target":{"@type":"EntryPoint","urlTemplate":"https:\/\/blog.olimar.de\/?s={search_term_string}"},"query-input":{"@type":"PropertyValueSpecification","valueRequired":true,"valueName":"search_term_string"}}],"inLanguage":"de"},{"@type":"Organization","@id":"https:\/\/blog.olimar.de\/#organization","name":"OLIMAR Reisen","url":"https:\/\/blog.olimar.de\/","logo":{"@type":"ImageObject","inLanguage":"de","@id":"https:\/\/blog.olimar.de\/#\/schema\/logo\/image\/","url":"https:\/\/blog.olimar.de\/wp-content\/uploads\/2021\/01\/OLIMAR_Logo_COLOR.png","contentUrl":"https:\/\/blog.olimar.de\/wp-content\/uploads\/2021\/01\/OLIMAR_Logo_COLOR.png","width":2000,"height":986,"caption":"OLIMAR Reisen"},"image":{"@id":"https:\/\/blog.olimar.de\/#\/schema\/logo\/image\/"},"sameAs":["https:\/\/www.facebook.com\/OlimarReisen","https:\/\/x.com\/olimarrreisen","https:\/\/www.instagram.com\/olimarreisen","https:\/\/www.youtube.com\/user\/olimarreisen"]}]}},"modified_by":"Olimar Azubi","jetpack_featured_media_url":"https:\/\/blog.olimar.de\/wp-content\/uploads\/2019\/05\/Portugal-Algarve-Meurers_2359_60_61_62_63.jpg","_links":{"self":[{"href":"https:\/\/blog.olimar.de\/wp-json\/wp\/v2\/posts\/11197","targetHints":{"allow":["GET"]}}],"collection":[{"href":"https:\/\/blog.olimar.de\/wp-json\/wp\/v2\/posts"}],"about":[{"href":"https:\/\/blog.olimar.de\/wp-json\/wp\/v2\/types\/post"}],"author":[{"embeddable":true,"href":"https:\/\/blog.olimar.de\/wp-json\/wp\/v2\/users\/68"}],"replies":[{"embeddable":true,"href":"https:\/\/blog.olimar.de\/wp-json\/wp\/v2\/comments?post=11197"}],"version-history":[{"count":8,"href":"https:\/\/blog.olimar.de\/wp-json\/wp\/v2\/posts\/11197\/revisions"}],"predecessor-version":[{"id":12866,"href":"https:\/\/blog.olimar.de\/wp-json\/wp\/v2\/posts\/11197\/revisions\/12866"}],"wp:featuredmedia":[{"embeddable":true,"href":"https:\/\/blog.olimar.de\/wp-json\/wp\/v2\/media\/11210"}],"wp:attachment":[{"href":"https:\/\/blog.olimar.de\/wp-json\/wp\/v2\/media?parent=11197"}],"wp:term":[{"taxonomy":"category","embeddable":true,"href":"https:\/\/blog.olimar.de\/wp-json\/wp\/v2\/categories?post=11197"},{"taxonomy":"post_tag","embeddable":true,"href":"https:\/\/blog.olimar.de\/wp-json\/wp\/v2\/tags?post=11197"}],"curies":[{"name":"wp","href":"https:\/\/api.w.org\/{rel}","templated":true}]}}