{"id":11219,"date":"2019-05-28T14:50:42","date_gmt":"2019-05-28T12:50:42","guid":{"rendered":"https:\/\/blog.olimar.de\/?p=11219"},"modified":"2022-12-17T10:20:29","modified_gmt":"2022-12-17T09:20:29","slug":"palacio-de-estoi","status":"publish","type":"post","link":"https:\/\/blog.olimar.de\/palacio-de-estoi\/","title":{"rendered":"Pal\u00e1cio de Est\u00f3i an der Algarve &#8211; R\u00f6mer und Rokoko"},"content":{"rendered":"\n<p><strong>Buchst\u00e4blich ins Gr\u00fcne schmiegt sich der rosarote Palast Pal\u00e1cio de Est\u00f3i an die Terrassenh\u00e4nge n\u00f6rdlich von Faro und ist weithin bis zur Autobahn sichtbar. <\/strong><br \/><strong>Ein aristokratisches Schl\u00f6sschen im S\u00fcden Portugals, ein Schwesterngeb\u00e4ude des rosaroten \u201eQueluz\u201c Palastes in Lissabon, entworfen vom gleichen einstigen Hofarchitekten als Sommerresidenz f\u00fcr den Oberkommandanten der Algarve Garnison und Marine im ausgehenden 18. Jahrhundert.<\/strong><\/p>\n\n\n\n<div class=\"wp-block-buttons is-layout-flex wp-block-buttons-is-layout-flex\">\n<div class=\"wp-block-button\"><a class=\"wp-block-button__link wp-element-button\" href=\"https:\/\/www.olimar.de\/portugal\/algarve\/\">Algarve Reiseangebote und Hoteltipps entdecken<\/a><\/div>\n<\/div>\n\n\n\n<div style=\"height:25px\" aria-hidden=\"true\" class=\"wp-block-spacer\"><\/div>\n\n\n\n<div class=\"wp-block-media-text alignwide has-media-on-the-right is-stacked-on-mobile\"><div class=\"wp-block-media-text__content\">\n<p class=\"wp-block-paragraph\">Der Park am Fu\u00dfe des rosaroten M\u00e4rchenschl\u00f6sschens mit seinen pr\u00e4chtigen Fl\u00fcgelt\u00fcren, den Schornsteinen und T\u00fcrmchen, flie\u00dft satt und gr\u00fcn, mit Orangenhainen, Granatapfelb\u00fcschen und Nussb\u00e4umen bepflanzten, geb\u00fchrend breit angelegter Allee in der Mitte, als Auffahrt seicht aufw\u00e4rts, und endet auf einem Platz unter schattigen Walnussb\u00e4umen an einem imposanten Brunnen. <\/p>\n<\/div><figure class=\"wp-block-media-text__media\"><img loading=\"lazy\" decoding=\"async\" width=\"676\" height=\"1024\" src=\"https:\/\/blog.olimar.de\/wp-content\/uploads\/2019\/05\/FAOP60-a-Estoi-Exterior-676x1024.jpg\" alt=\"Pal\u00e1cio de Est\u00f3i im Gr\u00fcnen\" class=\"wp-image-11235 size-full\" srcset=\"https:\/\/blog.olimar.de\/wp-content\/uploads\/2019\/05\/FAOP60-a-Estoi-Exterior-676x1024.jpg 676w, https:\/\/blog.olimar.de\/wp-content\/uploads\/2019\/05\/FAOP60-a-Estoi-Exterior-198x300.jpg 198w, https:\/\/blog.olimar.de\/wp-content\/uploads\/2019\/05\/FAOP60-a-Estoi-Exterior-768x1163.jpg 768w, https:\/\/blog.olimar.de\/wp-content\/uploads\/2019\/05\/FAOP60-a-Estoi-Exterior.jpg 1000w\" sizes=\"auto, (max-width: 676px) 100vw, 676px\" \/><\/figure><\/div>\n\n\n\n<p class=\"wp-block-paragraph\"><\/p>\n\n\n\n<p class=\"wp-block-paragraph\">Eine Grotte begr\u00fc\u00dft den Gast, der einst in pr\u00e4chtigen Kutschen die Allee heraufkutschiert wurde, am Fu\u00dfe der Freitreppe ausstieg, und zu einer eisgek\u00fchlten Limonade oder einem fruchtig s\u00fc\u00dfen Sorbet als Willkommensgru\u00df in die Brunnengrotte gebeten wurde.<br>Die mit r\u00f6mischen Mosaiken, portugiesischen Fliesenbildern, original Klippenfelsen von der Costa Vicentina, Muscheln aus aller Welt, und italienischen Akten aus gl\u00e4nzend wei\u00dfem Marmor gestalteten Musenfiguren, dekorierte H\u00f6hle mit pl\u00e4tscherndem Brunnen, ist ein Kunstwerk der Rokoko-Epoche. Das im S\u00fcden Portugal einzige in seiner Art, und gew\u00e4hrt Eintritt in die alle Sinne inspirierende Komposition durch neo-maurische Hufeisenb\u00f6gen hinein in wohltuende Frische. <br><\/p>\n\n\n\n<figure class=\"wp-block-image\"><img loading=\"lazy\" decoding=\"async\" width=\"1024\" height=\"576\" src=\"https:\/\/blog.olimar.de\/wp-content\/uploads\/2019\/05\/Parkansichten-Pal\u00e1cio-de-Estoi-6-1024x576.jpg\" alt=\"Brunnen Pal\u00e1cio de Est\u00f3i\" class=\"wp-image-11230\" srcset=\"https:\/\/blog.olimar.de\/wp-content\/uploads\/2019\/05\/Parkansichten-Pal\u00e1cio-de-Estoi-6-1024x576.jpg 1024w, https:\/\/blog.olimar.de\/wp-content\/uploads\/2019\/05\/Parkansichten-Pal\u00e1cio-de-Estoi-6-300x169.jpg 300w, https:\/\/blog.olimar.de\/wp-content\/uploads\/2019\/05\/Parkansichten-Pal\u00e1cio-de-Estoi-6-768x432.jpg 768w\" sizes=\"auto, (max-width: 1024px) 100vw, 1024px\" \/><\/figure>\n\n\n\n<p class=\"wp-block-paragraph\">\u00dcber drei Etagen, verbunden mit einer Galerie Fliesenbilder, vorbei an Marmorstatuen aus der Sagenwelt und der liegenden Venus, f\u00fchrt ein schmiedeeisernes Portal in den nach franz\u00f6sischem Vorbild angelegten Schlossgarten mit klassisch gestutzten Buchsbaumhecken und Marmorb\u00fcsten. Die akkurat geharkten Sandwege laufen sternf\u00f6rmig zusammen und treffen sich in der Mitte. an einem Brunnen Dutzende B\u00fcsten ber\u00fchmter Dichter, Denker, Imperialisten und portugiesischer Pers\u00f6nlichkeiten beobachten mit steinernem Auge das Geschehen, von einem Mauervorsatz aus, der den Garten umschlie\u00dft.<\/p>\n\n\n\n<p class=\"wp-block-paragraph\">Flankiert ist der Garten von zwei Pavillons, ausgekleidet mit erotisch musischen Fliesenbildern \u00e0 la Rokoko, versteckt hinter Buntglas-Butzenfenster, eingefasst in Bleiglas, flaniert man durch diese stille Oase k\u00f6niglicher Baukunst. Es f\u00e4llt nicht besonders schwer, sich h\u00f6fische Damen mit Reifrockkleidern bekleidet und kunstvoll gek\u00e4mmten Per\u00fccken auf dem Kopf vorzustellen, die unter einem Sonnenschirm eng aneinanderger\u00fcckt hier tuschelnd Geheimnisse und Hoftratsch austauschten.<br>Sich vorzustellen, wer sich in den beiden Lustpavillons heimlich traf und noch heimlicher gek\u00fcsst hat, bleibt unserer Fantasie vorbehalten, die bereits etliche Dichter zu sinnlichen Oden, und K\u00fcnstler zu amour\u00f6sen Aquarellen Zeichnungen befl\u00fcgelt hat.<br><\/p>\n\n\n\n<figure class=\"wp-block-gallery has-nested-images columns-default is-cropped wp-block-gallery-1 is-layout-flex wp-block-gallery-is-layout-flex\">\n<figure class=\"wp-block-image size-large\"><img loading=\"lazy\" decoding=\"async\" width=\"576\" height=\"1024\" data-id=\"11233\" src=\"https:\/\/blog.olimar.de\/wp-content\/uploads\/2019\/05\/Parkansichten-Pal\u00e1cio-de-Estoi-e1559036416174-576x1024.jpg\" alt=\"Detail Buntglasfenster Pal\u00e1cio de Est\u00f3i\" class=\"wp-image-11233\" srcset=\"https:\/\/blog.olimar.de\/wp-content\/uploads\/2019\/05\/Parkansichten-Pal\u00e1cio-de-Estoi-e1559036416174-576x1024.jpg 576w, https:\/\/blog.olimar.de\/wp-content\/uploads\/2019\/05\/Parkansichten-Pal\u00e1cio-de-Estoi-e1559036416174-169x300.jpg 169w, https:\/\/blog.olimar.de\/wp-content\/uploads\/2019\/05\/Parkansichten-Pal\u00e1cio-de-Estoi-e1559036416174-768x1365.jpg 768w, https:\/\/blog.olimar.de\/wp-content\/uploads\/2019\/05\/Parkansichten-Pal\u00e1cio-de-Estoi-e1559036416174.jpg 1746w\" sizes=\"auto, (max-width: 576px) 100vw, 576px\" \/><\/figure>\n\n\n\n<figure class=\"wp-block-image size-large\"><img loading=\"lazy\" decoding=\"async\" width=\"576\" height=\"1024\" data-id=\"11231\" src=\"https:\/\/blog.olimar.de\/wp-content\/uploads\/2019\/05\/Parkansichten-Pal\u00e1cio-de-Estoi-3-e1559036293172-576x1024.jpg\" alt=\"Fliesen Pal\u00e1cio de Est\u00f3i\" class=\"wp-image-11231\" srcset=\"https:\/\/blog.olimar.de\/wp-content\/uploads\/2019\/05\/Parkansichten-Pal\u00e1cio-de-Estoi-3-e1559036293172-576x1024.jpg 576w, https:\/\/blog.olimar.de\/wp-content\/uploads\/2019\/05\/Parkansichten-Pal\u00e1cio-de-Estoi-3-e1559036293172-169x300.jpg 169w, https:\/\/blog.olimar.de\/wp-content\/uploads\/2019\/05\/Parkansichten-Pal\u00e1cio-de-Estoi-3-e1559036293172-768x1365.jpg 768w, https:\/\/blog.olimar.de\/wp-content\/uploads\/2019\/05\/Parkansichten-Pal\u00e1cio-de-Estoi-3-e1559036293172.jpg 1746w\" sizes=\"auto, (max-width: 576px) 100vw, 576px\" \/><\/figure>\n<\/figure>\n\n\n\n<p class=\"wp-block-paragraph\">Der Blick schweift \u00fcber das weitl\u00e4ufige Anwesen gen S\u00fcden, das Meer funkelt wie ein Teppich aus Diamanten vor den Toren der Stadt Faro, die Geb\u00e4udesilhouette von Faro flimmert im klirrendklaren Licht des Sommerlichen Nachmittages und man versteht, warum der Hofarchitekt einst genau an dieser Stelle in Est\u00f3i stand, und sagte, \u201eWas f\u00fcr ein Licht\u201c, und genau hier den Palast errichten lie\u00df.<br><\/p>\n\n\n\n<figure class=\"wp-block-image\"><img loading=\"lazy\" decoding=\"async\" width=\"1000\" height=\"666\" src=\"https:\/\/blog.olimar.de\/wp-content\/uploads\/2019\/05\/FAOP60-i-Estoi-Pormenor.jpg\" alt=\"Pal\u00e1cio de Est\u00f3i Detail\" class=\"wp-image-11234\" srcset=\"https:\/\/blog.olimar.de\/wp-content\/uploads\/2019\/05\/FAOP60-i-Estoi-Pormenor.jpg 1000w, https:\/\/blog.olimar.de\/wp-content\/uploads\/2019\/05\/FAOP60-i-Estoi-Pormenor-300x200.jpg 300w, https:\/\/blog.olimar.de\/wp-content\/uploads\/2019\/05\/FAOP60-i-Estoi-Pormenor-768x511.jpg 768w, https:\/\/blog.olimar.de\/wp-content\/uploads\/2019\/05\/FAOP60-i-Estoi-Pormenor-840x560.jpg 840w\" sizes=\"auto, (max-width: 1000px) 100vw, 1000px\" \/><\/figure>\n\n\n\n<p class=\"wp-block-paragraph\">Durch das Terrassencaf\u00e9 gelangt man in den Flur im Palast. Rechts liegt die K\u00fcche. Sie zeigt &#8211; wie in einem kleinen Museum &#8211;  die einstige Palastk\u00fcche und dazugeh\u00f6rige Nebenr\u00e4ume, in denen heute das hoteleigene Restaurant untergebracht ist. Im fr\u00fcheren Herrensalon und Raucherzimmer stehen gem\u00fctliche Sofas und Sessel. Der mittlere Salon war das Musikzimmer und der Hauptsalon der burggr\u00e4flichen Familie, die zuletzt dieses Chalet in Est\u00f3i bewohnt hat. Die Decke ist mit Szenen aus der klassischen Musikwelt bemalt, der Raum ist dekoriert mit deckenhohen, in schwere Rahmen eingefasste Spiegel. Die Spiegel sind extra so platziert, dass der gesamte Saal doppelt so gro\u00df wirkt, wie er ist. Durch die Fl\u00fcgelfenster tritt man auf kleine Balkonbalustraden und genie\u00dft den Weitblick hinab nach Faro und auf das Meer nun aus einer erh\u00f6hten Perspektive.<br><\/p>\n\n\n\n<figure class=\"wp-block-image\"><img loading=\"lazy\" decoding=\"async\" width=\"1000\" height=\"667\" src=\"https:\/\/blog.olimar.de\/wp-content\/uploads\/2019\/05\/FAOP60-i-Estoi-Salao.jpg\" alt=\"Pal\u00e1cio de Est\u00f3i Salon\" class=\"wp-image-11237\" srcset=\"https:\/\/blog.olimar.de\/wp-content\/uploads\/2019\/05\/FAOP60-i-Estoi-Salao.jpg 1000w, https:\/\/blog.olimar.de\/wp-content\/uploads\/2019\/05\/FAOP60-i-Estoi-Salao-300x200.jpg 300w, https:\/\/blog.olimar.de\/wp-content\/uploads\/2019\/05\/FAOP60-i-Estoi-Salao-768x512.jpg 768w, https:\/\/blog.olimar.de\/wp-content\/uploads\/2019\/05\/FAOP60-i-Estoi-Salao-840x560.jpg 840w\" sizes=\"auto, (max-width: 1000px) 100vw, 1000px\" \/><\/figure>\n\n\n\n<p class=\"wp-block-paragraph\">Der Ort Est\u00f3i liegt, wie der Palast, am Hang. Die H\u00e4user im Ortskern schmiegen sich wie Terrassen aneinander bergauf. Die Treppen und Gassen laden ein zu einem romantischen Spaziergang vorbei an Kaufmannsh\u00e4usern und Bauernh\u00e4user, die sich zusammen um zwei Kirchen herum schmiegen und Est\u00f3i einen sehr eigenen Charme verleihen.<br>Der Bergort blickt zur\u00fcck auf eine \u00fcber 2000 Jahre alte Lokalgeschichte als Marktplatz an der heutigen Hauptverbindungsstra\u00dfe N 2, und einstigen Via Romana, die fr\u00fcher wie heute Faro im S\u00fcden an der Algarve mit Chaves im Norden von Portugal auf einer Strecke von \u00fcber 600 Kilometer miteinander verbindet.<\/p>\n\n\n\n<p class=\"wp-block-paragraph\">Wer in der Algarve nach Est\u00f3i fahren m\u00f6chte, gelangt am besten dorthin von der Autobahn A22. Man nimmt die Ausfahrt Est\u00f3i \u00f6stlich von Faro, und kommt direkt an der Vergangenheit vorbei. Noch vor dem Ortseingang an der Einfallstra\u00dfe N 2-6 liegt die r\u00f6mische Ausgrabungsst\u00e4tte Ru\u00ednas Romanas de Milreu. Die einstige r\u00f6mische Villa war umstellt von einer Reihe Wirtschaftsgeb\u00e4ude, die rege Landwirtschaft und Winzerkultur nachweisen, sowie mit eigenem r\u00f6mischen Bad und Atrium ausgestattet. Die Villa mit ihrem mystisch anmutenden Tempel, rund und ohne Fenster erbaut, und der Taufkapelle davor, mit den noch teilweise vollst\u00e4ndig erhaltenen Mosaikbildern, z\u00e4hlt zu den gr\u00f6\u00dften arch\u00e4ologischen Funden im S\u00fcden des Landes aus der R\u00f6merzeit. <br><\/p>\n\n\n\n<figure class=\"wp-block-image\"><img loading=\"lazy\" decoding=\"async\" width=\"1024\" height=\"576\" src=\"https:\/\/blog.olimar.de\/wp-content\/uploads\/2019\/05\/Milreu-Ruinas-romanas-2-1024x576.jpg\" alt=\"Ruinen Milreu Algarve\" class=\"wp-image-11252\" srcset=\"https:\/\/blog.olimar.de\/wp-content\/uploads\/2019\/05\/Milreu-Ruinas-romanas-2-1024x576.jpg 1024w, https:\/\/blog.olimar.de\/wp-content\/uploads\/2019\/05\/Milreu-Ruinas-romanas-2-300x169.jpg 300w, https:\/\/blog.olimar.de\/wp-content\/uploads\/2019\/05\/Milreu-Ruinas-romanas-2-768x432.jpg 768w, https:\/\/blog.olimar.de\/wp-content\/uploads\/2019\/05\/Milreu-Ruinas-romanas-2-1200x676.jpg 1200w, https:\/\/blog.olimar.de\/wp-content\/uploads\/2019\/05\/Milreu-Ruinas-romanas-2.jpg 1201w\" sizes=\"auto, (max-width: 1024px) 100vw, 1024px\" \/><\/figure>\n\n\n\n<p class=\"wp-block-paragraph\">Bewohnt war die Palast\u00e4hnlich angelegte Villa mehrere Jahrhunderte lang von r\u00f6mischen Kaufleuten, die ihr Verm\u00f6gen mit dem Thunfischfang entlang der K\u00fcste, mit der Herstellung der antiken Delikatesspastete Gar\u00fam aus Thunfischleber in Olh\u00e3o, mit Salzhandel im Lagunenbecken von Faro, sowie mit dem Keltern von Wein scheffelten. Dem Wein aus Milreu wurden Heilkr\u00e4fte angedichtet, erz\u00e4hlt eine Legende, denn man mischte ihm Lavendelextrakt bei. Glauben versetzt Berge. In diesem Sinne, Wohlsein!<\/p>\n\n\n\n<h2 data-tadv-p=\"keep\"><strong>\u00dcbernachten im Pal\u00e1cio de Est\u00f3i<\/strong><\/h2>\n\n\n\n<p class=\"wp-block-paragraph\">Heute geh\u00f6rt der m\u00e4rchenhafte Palast zu den portugiesischen <a href=\"https:\/\/www.olimar.de\/pousadas\/\">Pousadas de Portugal <\/a>der Pestana-Hotelkette und ist dar\u00fcber hinaus Mitglied der Vereinigung der \u201eSmall Luxury Hotels of the World&#8221;. Eine \u00dcbernachtung ist bei OLIMAR bereits <a href=\"https:\/\/rms.olimar.de\/code\/faop60\">ab 67 \u20ac pro Person im Doppelzimmer<\/a> inklusive Fr\u00fchst\u00fcck buchbar. Eine wunderbare Gelegenheit, um den Palast auch in aller Ruhe von innen betrachten zu k\u00f6nnen, die luxuri\u00f6sen Annehmlichkeiten zu genie\u00dfen und sich w\u00e4hrend des <a href=\"https:\/\/www.olimar.de\/portugal\/algarve\/\">Algarve Urlaubes<\/a> in die Zeit des Rokoko zur\u00fcckversetzen zu lassen.<\/p>\n\n\n\n<figure class=\"wp-block-image\"><img loading=\"lazy\" decoding=\"async\" width=\"1000\" height=\"667\" src=\"https:\/\/blog.olimar.de\/wp-content\/uploads\/2019\/05\/FAOP60-p-Pool2016A.jpg\" alt=\"Pal\u00e1cio de Estoi Pool\" class=\"wp-image-11238\" srcset=\"https:\/\/blog.olimar.de\/wp-content\/uploads\/2019\/05\/FAOP60-p-Pool2016A.jpg 1000w, https:\/\/blog.olimar.de\/wp-content\/uploads\/2019\/05\/FAOP60-p-Pool2016A-300x200.jpg 300w, https:\/\/blog.olimar.de\/wp-content\/uploads\/2019\/05\/FAOP60-p-Pool2016A-768x512.jpg 768w, https:\/\/blog.olimar.de\/wp-content\/uploads\/2019\/05\/FAOP60-p-Pool2016A-840x560.jpg 840w\" sizes=\"auto, (max-width: 1000px) 100vw, 1000px\" \/><\/figure>\n\n\n\n\n\n<div style=\"height:25px\" aria-hidden=\"true\" class=\"wp-block-spacer\"><\/div>\n\n\n\n<div class=\"wp-block-buttons is-layout-flex wp-block-buttons-is-layout-flex\">\n<div class=\"wp-block-button\"><a class=\"wp-block-button__link wp-element-button\" href=\"https:\/\/www.olimar.de\/hotellistung\/\">Jetzt Urlaubsangebote finden und buchen<\/a><\/div>\n<\/div>\n\n\n\n<div style=\"height:100px\" aria-hidden=\"true\" class=\"wp-block-spacer\"><\/div>\n","protected":false},"excerpt":{"rendered":"<p>Buchst\u00e4blich ins Gr\u00fcne schmiegt sich der rosarote Palast Pal\u00e1cio de Est\u00f3i an die Terrassenh\u00e4nge n\u00f6rdlich von Faro und ist weithin bis zur Autobahn sichtbar. Ein aristokratisches Schl\u00f6sschen im S\u00fcden Portugals, ein Schwesterngeb\u00e4ude des rosaroten \u201eQueluz\u201c Palastes in Lissabon, entworfen vom gleichen einstigen Hofarchitekten als Sommerresidenz f\u00fcr den Oberkommandanten der Algarve Garnison und Marine im ausgehenden 18. Jahrhundert. Der Park am Fu\u00dfe des rosaroten M\u00e4rchenschl\u00f6sschens mit seinen pr\u00e4chtigen Fl\u00fcgelt\u00fcren, den Schornsteinen und T\u00fcrmchen, flie\u00dft satt und gr\u00fcn, mit Orangenhainen, Granatapfelb\u00fcschen und Nussb\u00e4umen bepflanzten, geb\u00fchrend breit angelegter Allee in der Mitte, als Auffahrt seicht aufw\u00e4rts, und endet auf einem Platz unter schattigen Walnussb\u00e4umen &hellip;<\/p>\n","protected":false},"author":70,"featured_media":11227,"comment_status":"open","ping_status":"open","sticky":false,"template":"","format":"standard","meta":{"_crdt_document":"","_lmt_disableupdate":"","_lmt_disable":"","footnotes":""},"categories":[32,28],"tags":[24,34],"class_list":["post-11219","post","type-post","status-publish","format-standard","has-post-thumbnail","hentry","category-hoteltipps","category-kunst-kultur","tag-algarve","tag-portugal"],"yoast_head":"<!-- This site is optimized with the Yoast SEO plugin v26.9 - https:\/\/yoast.com\/product\/yoast-seo-wordpress\/ -->\n<title>Pal\u00e1cio de Est\u00f3i an der Algarve - R\u00f6mer und Rokoko -<\/title>\n<meta name=\"description\" content=\"Der Pal\u00e1cio de Est\u00f3i an der Algarve mitsamt seiner G\u00e4rten ist unbedingt einen Besuch wert. Mit OLIMAR k\u00f6nnen Sie sogar darin \u00fcbernachten.\" \/>\n<meta name=\"robots\" content=\"index, follow, max-snippet:-1, max-image-preview:large, max-video-preview:-1\" \/>\n<link rel=\"canonical\" href=\"https:\/\/blog.olimar.de\/palacio-de-estoi\/\" \/>\n<meta property=\"og:locale\" content=\"de_DE\" \/>\n<meta property=\"og:type\" content=\"article\" \/>\n<meta property=\"og:title\" content=\"Pal\u00e1cio de Est\u00f3i an der Algarve - R\u00f6mer und Rokoko -\" \/>\n<meta property=\"og:description\" content=\"Der Pal\u00e1cio de Est\u00f3i an der Algarve mitsamt seiner G\u00e4rten ist unbedingt einen Besuch wert. Mit OLIMAR k\u00f6nnen Sie sogar darin \u00fcbernachten.\" \/>\n<meta property=\"og:url\" content=\"https:\/\/blog.olimar.de\/palacio-de-estoi\/\" \/>\n<meta property=\"article:publisher\" content=\"https:\/\/www.facebook.com\/OlimarReisen\" \/>\n<meta property=\"article:published_time\" content=\"2019-05-28T12:50:42+00:00\" \/>\n<meta property=\"article:modified_time\" content=\"2022-12-17T09:20:29+00:00\" \/>\n<meta property=\"og:image\" content=\"https:\/\/blog.olimar.de\/wp-content\/uploads\/2019\/05\/FAOP60-a-Exterior2016A.jpg\" \/>\n\t<meta property=\"og:image:width\" content=\"1000\" \/>\n\t<meta property=\"og:image:height\" content=\"670\" \/>\n\t<meta property=\"og:image:type\" content=\"image\/jpeg\" \/>\n<meta name=\"author\" content=\"Catrin Ponciano\" \/>\n<meta name=\"twitter:label1\" content=\"Verfasst von\" \/>\n\t<meta name=\"twitter:data1\" content=\"Catrin Ponciano\" \/>\n\t<meta name=\"twitter:label2\" content=\"Gesch\u00e4tzte Lesezeit\" \/>\n\t<meta name=\"twitter:data2\" content=\"7\u00a0Minuten\" \/>\n<script type=\"application\/ld+json\" class=\"yoast-schema-graph\">{\"@context\":\"https:\/\/schema.org\",\"@graph\":[{\"@type\":\"WebPage\",\"@id\":\"https:\/\/blog.olimar.de\/palacio-de-estoi\/\",\"url\":\"https:\/\/blog.olimar.de\/palacio-de-estoi\/\",\"name\":\"Pal\u00e1cio de Est\u00f3i an der Algarve - R\u00f6mer und Rokoko -\",\"isPartOf\":{\"@id\":\"https:\/\/blog.olimar.de\/#website\"},\"primaryImageOfPage\":{\"@id\":\"https:\/\/blog.olimar.de\/palacio-de-estoi\/#primaryimage\"},\"image\":{\"@id\":\"https:\/\/blog.olimar.de\/palacio-de-estoi\/#primaryimage\"},\"thumbnailUrl\":\"https:\/\/blog.olimar.de\/wp-content\/uploads\/2019\/05\/FAOP60-a-Exterior2016A.jpg\",\"datePublished\":\"2019-05-28T12:50:42+00:00\",\"dateModified\":\"2022-12-17T09:20:29+00:00\",\"description\":\"Der Pal\u00e1cio de Est\u00f3i an der Algarve mitsamt seiner G\u00e4rten ist unbedingt einen Besuch wert. Mit OLIMAR k\u00f6nnen Sie sogar darin \u00fcbernachten.\",\"breadcrumb\":{\"@id\":\"https:\/\/blog.olimar.de\/palacio-de-estoi\/#breadcrumb\"},\"inLanguage\":\"de\",\"potentialAction\":[{\"@type\":\"ReadAction\",\"target\":[\"https:\/\/blog.olimar.de\/palacio-de-estoi\/\"]}]},{\"@type\":\"ImageObject\",\"inLanguage\":\"de\",\"@id\":\"https:\/\/blog.olimar.de\/palacio-de-estoi\/#primaryimage\",\"url\":\"https:\/\/blog.olimar.de\/wp-content\/uploads\/2019\/05\/FAOP60-a-Exterior2016A.jpg\",\"contentUrl\":\"https:\/\/blog.olimar.de\/wp-content\/uploads\/2019\/05\/FAOP60-a-Exterior2016A.jpg\",\"width\":1000,\"height\":670,\"caption\":\"Ansicht Pal\u00e1cio de Est\u00f3i\"},{\"@type\":\"BreadcrumbList\",\"@id\":\"https:\/\/blog.olimar.de\/palacio-de-estoi\/#breadcrumb\",\"itemListElement\":[{\"@type\":\"ListItem\",\"position\":1,\"name\":\"Home\",\"item\":\"https:\/\/blog.olimar.de\/\"},{\"@type\":\"ListItem\",\"position\":2,\"name\":\"Algarve\",\"item\":\"https:\/\/blog.olimar.de\/tag\/algarve\/\"},{\"@type\":\"ListItem\",\"position\":3,\"name\":\"Pal\u00e1cio de Est\u00f3i an der Algarve &#8211; R\u00f6mer und Rokoko\"}]},{\"@type\":\"WebSite\",\"@id\":\"https:\/\/blog.olimar.de\/#website\",\"url\":\"https:\/\/blog.olimar.de\/\",\"name\":\"OLIMAR.com\",\"description\":\"\",\"publisher\":{\"@id\":\"https:\/\/blog.olimar.de\/#organization\"},\"potentialAction\":[{\"@type\":\"SearchAction\",\"target\":{\"@type\":\"EntryPoint\",\"urlTemplate\":\"https:\/\/blog.olimar.de\/?s={search_term_string}\"},\"query-input\":{\"@type\":\"PropertyValueSpecification\",\"valueRequired\":true,\"valueName\":\"search_term_string\"}}],\"inLanguage\":\"de\"},{\"@type\":\"Organization\",\"@id\":\"https:\/\/blog.olimar.de\/#organization\",\"name\":\"OLIMAR Reisen\",\"url\":\"https:\/\/blog.olimar.de\/\",\"logo\":{\"@type\":\"ImageObject\",\"inLanguage\":\"de\",\"@id\":\"https:\/\/blog.olimar.de\/#\/schema\/logo\/image\/\",\"url\":\"https:\/\/blog.olimar.de\/wp-content\/uploads\/2021\/01\/OLIMAR_Logo_COLOR.png\",\"contentUrl\":\"https:\/\/blog.olimar.de\/wp-content\/uploads\/2021\/01\/OLIMAR_Logo_COLOR.png\",\"width\":2000,\"height\":986,\"caption\":\"OLIMAR Reisen\"},\"image\":{\"@id\":\"https:\/\/blog.olimar.de\/#\/schema\/logo\/image\/\"},\"sameAs\":[\"https:\/\/www.facebook.com\/OlimarReisen\",\"https:\/\/x.com\/olimarrreisen\",\"https:\/\/www.instagram.com\/olimarreisen\",\"https:\/\/www.youtube.com\/user\/olimarreisen\"]}]}<\/script>\n<!-- \/ Yoast SEO plugin. -->","yoast_head_json":{"title":"Pal\u00e1cio de Est\u00f3i an der Algarve - R\u00f6mer und Rokoko -","description":"Der Pal\u00e1cio de Est\u00f3i an der Algarve mitsamt seiner G\u00e4rten ist unbedingt einen Besuch wert. Mit OLIMAR k\u00f6nnen Sie sogar darin \u00fcbernachten.","robots":{"index":"index","follow":"follow","max-snippet":"max-snippet:-1","max-image-preview":"max-image-preview:large","max-video-preview":"max-video-preview:-1"},"canonical":"https:\/\/blog.olimar.de\/palacio-de-estoi\/","og_locale":"de_DE","og_type":"article","og_title":"Pal\u00e1cio de Est\u00f3i an der Algarve - R\u00f6mer und Rokoko -","og_description":"Der Pal\u00e1cio de Est\u00f3i an der Algarve mitsamt seiner G\u00e4rten ist unbedingt einen Besuch wert. Mit OLIMAR k\u00f6nnen Sie sogar darin \u00fcbernachten.","og_url":"https:\/\/blog.olimar.de\/palacio-de-estoi\/","article_publisher":"https:\/\/www.facebook.com\/OlimarReisen","article_published_time":"2019-05-28T12:50:42+00:00","article_modified_time":"2022-12-17T09:20:29+00:00","og_image":[{"width":1000,"height":670,"url":"https:\/\/blog.olimar.de\/wp-content\/uploads\/2019\/05\/FAOP60-a-Exterior2016A.jpg","type":"image\/jpeg"}],"author":"Catrin Ponciano","twitter_misc":{"Verfasst von":"Catrin Ponciano","Gesch\u00e4tzte Lesezeit":"7\u00a0Minuten"},"schema":{"@context":"https:\/\/schema.org","@graph":[{"@type":"WebPage","@id":"https:\/\/blog.olimar.de\/palacio-de-estoi\/","url":"https:\/\/blog.olimar.de\/palacio-de-estoi\/","name":"Pal\u00e1cio de Est\u00f3i an der Algarve - R\u00f6mer und Rokoko -","isPartOf":{"@id":"https:\/\/blog.olimar.de\/#website"},"primaryImageOfPage":{"@id":"https:\/\/blog.olimar.de\/palacio-de-estoi\/#primaryimage"},"image":{"@id":"https:\/\/blog.olimar.de\/palacio-de-estoi\/#primaryimage"},"thumbnailUrl":"https:\/\/blog.olimar.de\/wp-content\/uploads\/2019\/05\/FAOP60-a-Exterior2016A.jpg","datePublished":"2019-05-28T12:50:42+00:00","dateModified":"2022-12-17T09:20:29+00:00","description":"Der Pal\u00e1cio de Est\u00f3i an der Algarve mitsamt seiner G\u00e4rten ist unbedingt einen Besuch wert. Mit OLIMAR k\u00f6nnen Sie sogar darin \u00fcbernachten.","breadcrumb":{"@id":"https:\/\/blog.olimar.de\/palacio-de-estoi\/#breadcrumb"},"inLanguage":"de","potentialAction":[{"@type":"ReadAction","target":["https:\/\/blog.olimar.de\/palacio-de-estoi\/"]}]},{"@type":"ImageObject","inLanguage":"de","@id":"https:\/\/blog.olimar.de\/palacio-de-estoi\/#primaryimage","url":"https:\/\/blog.olimar.de\/wp-content\/uploads\/2019\/05\/FAOP60-a-Exterior2016A.jpg","contentUrl":"https:\/\/blog.olimar.de\/wp-content\/uploads\/2019\/05\/FAOP60-a-Exterior2016A.jpg","width":1000,"height":670,"caption":"Ansicht Pal\u00e1cio de Est\u00f3i"},{"@type":"BreadcrumbList","@id":"https:\/\/blog.olimar.de\/palacio-de-estoi\/#breadcrumb","itemListElement":[{"@type":"ListItem","position":1,"name":"Home","item":"https:\/\/blog.olimar.de\/"},{"@type":"ListItem","position":2,"name":"Algarve","item":"https:\/\/blog.olimar.de\/tag\/algarve\/"},{"@type":"ListItem","position":3,"name":"Pal\u00e1cio de Est\u00f3i an der Algarve &#8211; R\u00f6mer und Rokoko"}]},{"@type":"WebSite","@id":"https:\/\/blog.olimar.de\/#website","url":"https:\/\/blog.olimar.de\/","name":"OLIMAR.com","description":"","publisher":{"@id":"https:\/\/blog.olimar.de\/#organization"},"potentialAction":[{"@type":"SearchAction","target":{"@type":"EntryPoint","urlTemplate":"https:\/\/blog.olimar.de\/?s={search_term_string}"},"query-input":{"@type":"PropertyValueSpecification","valueRequired":true,"valueName":"search_term_string"}}],"inLanguage":"de"},{"@type":"Organization","@id":"https:\/\/blog.olimar.de\/#organization","name":"OLIMAR Reisen","url":"https:\/\/blog.olimar.de\/","logo":{"@type":"ImageObject","inLanguage":"de","@id":"https:\/\/blog.olimar.de\/#\/schema\/logo\/image\/","url":"https:\/\/blog.olimar.de\/wp-content\/uploads\/2021\/01\/OLIMAR_Logo_COLOR.png","contentUrl":"https:\/\/blog.olimar.de\/wp-content\/uploads\/2021\/01\/OLIMAR_Logo_COLOR.png","width":2000,"height":986,"caption":"OLIMAR Reisen"},"image":{"@id":"https:\/\/blog.olimar.de\/#\/schema\/logo\/image\/"},"sameAs":["https:\/\/www.facebook.com\/OlimarReisen","https:\/\/x.com\/olimarrreisen","https:\/\/www.instagram.com\/olimarreisen","https:\/\/www.youtube.com\/user\/olimarreisen"]}]}},"modified_by":"Lena Radermacher","jetpack_featured_media_url":"https:\/\/blog.olimar.de\/wp-content\/uploads\/2019\/05\/FAOP60-a-Exterior2016A.jpg","_links":{"self":[{"href":"https:\/\/blog.olimar.de\/wp-json\/wp\/v2\/posts\/11219","targetHints":{"allow":["GET"]}}],"collection":[{"href":"https:\/\/blog.olimar.de\/wp-json\/wp\/v2\/posts"}],"about":[{"href":"https:\/\/blog.olimar.de\/wp-json\/wp\/v2\/types\/post"}],"author":[{"embeddable":true,"href":"https:\/\/blog.olimar.de\/wp-json\/wp\/v2\/users\/70"}],"replies":[{"embeddable":true,"href":"https:\/\/blog.olimar.de\/wp-json\/wp\/v2\/comments?post=11219"}],"version-history":[{"count":26,"href":"https:\/\/blog.olimar.de\/wp-json\/wp\/v2\/posts\/11219\/revisions"}],"predecessor-version":[{"id":22290,"href":"https:\/\/blog.olimar.de\/wp-json\/wp\/v2\/posts\/11219\/revisions\/22290"}],"wp:featuredmedia":[{"embeddable":true,"href":"https:\/\/blog.olimar.de\/wp-json\/wp\/v2\/media\/11227"}],"wp:attachment":[{"href":"https:\/\/blog.olimar.de\/wp-json\/wp\/v2\/media?parent=11219"}],"wp:term":[{"taxonomy":"category","embeddable":true,"href":"https:\/\/blog.olimar.de\/wp-json\/wp\/v2\/categories?post=11219"},{"taxonomy":"post_tag","embeddable":true,"href":"https:\/\/blog.olimar.de\/wp-json\/wp\/v2\/tags?post=11219"}],"curies":[{"name":"wp","href":"https:\/\/api.w.org\/{rel}","templated":true}]}}