{"id":11343,"date":"2019-06-12T17:10:15","date_gmt":"2019-06-12T15:10:15","guid":{"rendered":"https:\/\/blog.olimar.de\/?p=11343"},"modified":"2022-11-01T16:00:46","modified_gmt":"2022-11-01T15:00:46","slug":"lissabons-stadtfest-santo-antonio","status":"publish","type":"post","link":"https:\/\/blog.olimar.de\/lissabons-stadtfest-santo-antonio\/","title":{"rendered":"Lissabon-Stadtfest: Santo Ant\u00f3nio, der romantische Antonius-Tag"},"content":{"rendered":"\n\n\n<p><strong>Das romantischste Ereignis von Lissabon findet immer am 12. Juni statt, wenn sechzehn Brautpaare vor den Altar der Kathedrale Catedral S\u00e9 de Lisboa treten. Das wahre Lissabon-Stadtfest!\u00a0<\/strong><\/p>\n\n\n\n<div class=\"wp-block-buttons is-layout-flex wp-block-buttons-is-layout-flex\">\n<div class=\"wp-block-button\"><a class=\"wp-block-button__link\" href=\"https:\/\/olimar.de\/portugal\/metropolen\/lissabon\/\">Lissabon Reiseangebote und Hoteltipps!<\/a><\/div>\n<\/div>\n\n\n\n<p>\u00a0<\/p>\n<p>Was einst als uralter Brauch begann, ist heute ein gesellschaftliches Gro\u00dfereignis in der Lissaboner Kulturszene. Radio, Fernsehen, Presse, sind mit dabei. Einmal im Jahr legen sechzehn Paare am Antonius-Tag gleichzeitig das Ehegel\u00fcbde ab. Und damit laut die \u00dcberlieferung, den Segen des Schutzheiligen der Hochzeitspaare erhalten. Eltern, Verwandte, und jede Menge Wildfremde sind au\u00dferdem dabei, wenn die frisch Getrauten, drau\u00dfen vor dem imposanten Portal auf der Freitreppe f\u00fcr die Fotografen und das Familienalbum posieren. Und das alles in der <strong>\u00e4ltesten katholischen Kirche Portugals<\/strong>! Ein richtiges Lissabon Stadtfest und Du kannst mit dabei sein.\u00a0<\/p>\n\n\n\n<figure class=\"wp-block-image\"><img loading=\"lazy\" decoding=\"async\" width=\"768\" height=\"1024\" src=\"https:\/\/blog.olimar.de\/wp-content\/uploads\/2019\/06\/Lissabon-Kathedrale-768x1024.jpg\" alt=\"Kathedrale S\u00e9 von Lissabon\" class=\"wp-image-11358\" srcset=\"https:\/\/blog.olimar.de\/wp-content\/uploads\/2019\/06\/Lissabon-Kathedrale-768x1024.jpg 768w, https:\/\/blog.olimar.de\/wp-content\/uploads\/2019\/06\/Lissabon-Kathedrale-225x300.jpg 225w, https:\/\/blog.olimar.de\/wp-content\/uploads\/2019\/06\/Lissabon-Kathedrale-420x560.jpg 420w, https:\/\/blog.olimar.de\/wp-content\/uploads\/2019\/06\/Lissabon-Kathedrale.jpg 1617w\" sizes=\"auto, (max-width: 768px) 100vw, 768px\" \/><figcaption>Kathedrale S\u00e9 von Lissabon<\/figcaption><\/figure>\n\n\n\n<p>Die Luft ist erf\u00fcllt vom Lachen der Frischverm\u00e4hlten und vom leisen Rascheln schneewei\u00dfer Brautkleider. Es duftet nach Parf\u00fcm, die den Platz vor der ehrw\u00fcrdigen Kathedrale mit Brautgl\u00fcck und Br\u00e4utigams Stolz best\u00e4uben. Und aromatisiert von den vielen bunten Bl\u00fcten, der kunstvoll gebundenen Brautbouquets. Rund um die Brautpaare postieren Eltern und Geschwister, sowie Freunde und Verwandte, und alle strahlen sie im Gl\u00fccksrausch von Lissabon in das Blitzlichtgewitter. Bilder, die jedem bei dem Lissabon Stadtfest, im Ged\u00e4chtnis bleiben.\u00a0<\/p>\n\n\n\n<h2>Lissabons Schutzpatron Santo Ant\u00f3nio de P\u00e1dua<\/h2>\n<p><strong>Santo Ant\u00f3nio de P\u00e1dua<\/strong>, der Schutzheilige f\u00fcr Brautpaare &#8211; und Schutzpatron von <a href=\"https:\/\/www.olimar.de\/portugal\/metropolen\/lissabon\/\" rel=\"noreferrer noopener\" aria-label=\"Lissabon (opens in a new tab)\">Lissabon<\/a> &#8211; stammt geb\u00fcrtig aus Lissabon. Er wurde 1195 getauft auf den b\u00fcrgerlichen Namen Fernando de Bulh\u00f5es und wuchs in einem Haus in der Rua Negra, gegen\u00fcber der Kathedrale, auf. Das Haus seiner Familie ist l\u00e4ngst verschwunden, an seiner Stelle steht die Santo Ant\u00f3nio Kirche. Und die Bronze-Statuette auf dem Platz davor, zeigt einen M\u00f6nch in Kutte, mit Haarkranz und Glatze. Er tr\u00e4gt eine Bibel auf der ge\u00f6ffneten Hand. Obendrauf sitzt ein Kind\u00a0 und verk\u00f6rpert so dargestellt den Schutzeiligen Ant\u00f3nio.<\/p>\n<h3>Ordensgemeinschaften\u00a0<\/h3>\n<p>Aufgewachsen mit der elterlichen Bestimmung, in den k\u00f6niglichen Ritterorden einzutreten, bat der junge Mann stattdessen um die Aufnahme in den Augustiner-Orden im Kloster S\u00e3o Vicente de Fora in Lissabon. Nach seinen Theologie-Studien in Coimbra, ging er nach Italien, wechselte in den Franziskaner-Orden. Dort nahm er den Namen Ant\u00f3nio an, in Wertsch\u00e4tzung f\u00fcr den Eremiten Ant\u00e3o, der einst in die W\u00fcste ging, um den Versuchungen zu widerstehen.<\/p>\n<h3>Als Prediger in Italien\u00a0<\/h3>\n<p>Als Prediger machte Ant\u00f3nio in Italien in der Provinz P\u00e1dua von sich Reden. Die Geschichte von seiner Predigt zu den Fischen, die mit dem Kopf aus dem Meer herauslugten. Die Fische kamen um seinen Worten zu lauschen. So geschehen in einem Fischerdorf voller Heiden, die weder von ihm, noch von der Heiligen Schrift etwas wissen wollten, Wunder. Danach lie\u00dfen sich die Menschen dort taufen. Und dies gilt als eines der insgesamt acht Wunder, die Ant\u00f3nio nachgesagt werden. Diese Wunder sind in etlichen Kunstwerken, wie zum Beispiel als Azulejo-Bild an der Wand in der Taufkapelle in der Kathedrale verewigt.<\/p>\n\n\n\n<figure class=\"wp-block-gallery has-nested-images columns-default is-cropped wp-block-gallery-1 is-layout-flex wp-block-gallery-is-layout-flex\">\n<figure class=\"wp-block-image\"><img loading=\"lazy\" decoding=\"async\" width=\"768\" height=\"1024\" data-id=\"11353\" src=\"https:\/\/blog.olimar.de\/wp-content\/uploads\/2019\/06\/Santo-Antonio-Kirchenfenster-768x1024.jpg\" alt=\"Kirchenfenster Santo Antonio\" class=\"wp-image-11353\" srcset=\"https:\/\/blog.olimar.de\/wp-content\/uploads\/2019\/06\/Santo-Antonio-Kirchenfenster-768x1024.jpg 768w, https:\/\/blog.olimar.de\/wp-content\/uploads\/2019\/06\/Santo-Antonio-Kirchenfenster-225x300.jpg 225w, https:\/\/blog.olimar.de\/wp-content\/uploads\/2019\/06\/Santo-Antonio-Kirchenfenster-420x560.jpg 420w, https:\/\/blog.olimar.de\/wp-content\/uploads\/2019\/06\/Santo-Antonio-Kirchenfenster.jpg 1833w\" sizes=\"auto, (max-width: 768px) 100vw, 768px\" \/><figcaption>Kirchenfenster Santo Antonio<\/figcaption><\/figure>\n\n\n\n<figure class=\"wp-block-image\"><img loading=\"lazy\" decoding=\"async\" width=\"763\" height=\"1024\" data-id=\"11352\" src=\"https:\/\/blog.olimar.de\/wp-content\/uploads\/2019\/06\/Santo-Antonio-Kacheln-763x1024.jpg\" alt=\"Kacheln Santo Antonio\" class=\"wp-image-11352\" srcset=\"https:\/\/blog.olimar.de\/wp-content\/uploads\/2019\/06\/Santo-Antonio-Kacheln-763x1024.jpg 763w, https:\/\/blog.olimar.de\/wp-content\/uploads\/2019\/06\/Santo-Antonio-Kacheln-224x300.jpg 224w, https:\/\/blog.olimar.de\/wp-content\/uploads\/2019\/06\/Santo-Antonio-Kacheln-768x1030.jpg 768w, https:\/\/blog.olimar.de\/wp-content\/uploads\/2019\/06\/Santo-Antonio-Kacheln.jpg 1598w\" sizes=\"auto, (max-width: 763px) 100vw, 763px\" \/><figcaption>Kacheln Santo Antonio<\/figcaption><\/figure>\n<\/figure>\n\n\n\n<p>Die Portugiesen, speziell die Lissaboner, verehren ihren Santo Ant\u00f3nio. Die Stadt w\u00fcrdigt ihren Schutzpatron jedes Jahr wieder mit einem eigenen Festakt. Jedes Jahr am 12. Juni beginnt der Festakt mit der gemeinschaftlichen Hochzeitszeremonie. Gefolgt von einer Folklore-Tanzparade am Abend des 12. Juni. Und fortgesetzt am 13. Juni nachmittags mit einer w\u00fcrdigen Prozession in Gedenken an seinen Tod. Und damit ist das Lissabon Stadtfest zu Ende.\u00a0<\/p>\n\n\n\n<h2>Folklore-Parden beim Lissabon-Stadtfest\u00a0<\/h2>\n<p>Der Folklore Aufmarsch beginnt am 12. Juni gegen 17 Uhr auf der <strong>Avenida da Liberdade<\/strong>. Mitglieder*innen s\u00e4mtlicher \u00f6rtliche Folklore-Musikvereine marschieren auf, bekleidet mit fantasievoll geschm\u00fcckten Trachten. Sie er\u00f6ffnen offiziell den j\u00e4hrlich wiederkehrenden Stadtfestzyklus Santos Populares mit den sogenannten Volkstanz-M\u00e4rschen, Marchas Populares. Damit wird das Startsignal f\u00fcr die Stra\u00dfenfestsaison in Lissabon gez\u00fcndet.<\/p>\n\n\n\n<figure class=\"wp-block-image\"><img loading=\"lazy\" decoding=\"async\" width=\"1024\" height=\"685\" src=\"https:\/\/blog.olimar.de\/wp-content\/uploads\/2019\/06\/Lissabon-Marchas-Populares-1024x685.jpg\" alt=\"Festumzug Marchas Populares Lissabon\" class=\"wp-image-11350\" srcset=\"https:\/\/blog.olimar.de\/wp-content\/uploads\/2019\/06\/Lissabon-Marchas-Populares-1024x685.jpg 1024w, https:\/\/blog.olimar.de\/wp-content\/uploads\/2019\/06\/Lissabon-Marchas-Populares-300x201.jpg 300w, https:\/\/blog.olimar.de\/wp-content\/uploads\/2019\/06\/Lissabon-Marchas-Populares-768x514.jpg 768w, https:\/\/blog.olimar.de\/wp-content\/uploads\/2019\/06\/Lissabon-Marchas-Populares.jpg 1387w\" sizes=\"auto, (max-width: 1024px) 100vw, 1024px\" \/><figcaption>Lissabon Stadtfest: Umzug Marchas Populares <\/figcaption><\/figure>\n\n\n\n<h2>Lissabon-Stadtfest: Tanzen darf nicht fehlen<\/h2>\n\n\n\n<p>Jeder Platz vor jeder Kirche in den Gassen der Alfama, in der Mouraria, in Gra\u00e7a, im Bairro-Alto, in Santa-Maria Maior, in S\u00e3o Miguel, \u00fcberall dort, wo ein Holztisch, zwei Holzb\u00e4nke, eine Zapfanlage, ein Grill Platz finden, und trotzdem gen\u00fcgend Raum zum Tanzen bleibt, wird gefeiert. Die ganze Stadt ist auf den Beinen und strebt in die Altstadt, um ihren Tanzverein aus ihrem Viertel anzufeuern. Touristen stehen Spalier und staunen \u00fcber die Hingabe und Passion der Tanzenden und die der begleitenden Musiker. Lissabon atmet Folklore ein und pure Lebensfreude aus. Mit jedem Trommelwirbel, mit jeder geschmetterten Strophe, in jeder Pirouette. Ein Erlebnis, welches unter die Haut geht.\u00a0<\/p>\n<h3>Beim Lissabon-Stadtfest ist Mitmachen angesagt<\/h3>\n<p>Im Anschluss an die Hauptparade auf der Allee der Freiheit Avendida da Liberdade zieht die Volkstanz-Karawane weiter von Viertel zu Viertel, die Tanzenden animieren zum Mittanzen und zum Mitsingen, und verbreiten Festlaune bis in die fr\u00fchen Morgenstunden. \u00dcberall begegnen sich Menschen mit strahlenden Augen. In der einen Hand ein Glas frisch gezapften Roten aus dem Fass, in der anderen Hand eine Scheibe Brot mit einer r\u00f6sch gegrillten Sardine obenauf. Die Grillkohle gl\u00fcht, die charakteristische Duftwolke von gegrillten Sardinen zieht durch die Gassen und macht sofort Lust, sich auf der Stelle mitten hinein in das lebensfrohe Get\u00fcmmel zu st\u00fcrzen.<\/p>\n\n\n\n<h2>Ein Sommer voller Lissabon-Stadtfeste\u00a0<\/h2>\n<p>Der <strong>Heilige Antonius-Tag<\/strong> am 12. Juni ist aber nur der erste Volksheiligen-Festtag. Ihm folgt der Heilige Johannes und der Heilige Petrus. Wer aber nun denkt, mit dem Ende der Santos Populares sei die Festsaison vorbei, irrt. Lissabon singt und tanzt weiter. Musik-Konzerte diverser Genres in den urigen Stra\u00dfenbahnen werden geboten. Pop-Konzerte im Park der Nationen. Orgelmusik und Gitarren-Recitals in den Kirchen. Fado auf der Burg. Die Metropole am Tejo-Fluss bleibt bis Ende August kunterbunt mit Papiergirlanden und Kugeln geschm\u00fcckt, die Grillstationen bleiben stehen, Holzb\u00e4nke und Tische auch, und in jedem einzelnen Stadtviertel feiert man den Sommer, die Liebe, und die Leichtigkeit des Seins.<\/p>\n\n\n\n<div class=\"wp-block-buttons is-layout-flex wp-block-buttons-is-layout-flex\">\n<div class=\"wp-block-button\"><a class=\"wp-block-button__link\" href=\"https:\/\/olimar.de\/hotellistung\/\">Jetzt Urlaubsangebote finden und buchen!<\/a><\/div>\n<\/div>\n\n\n\n\n\n<div style=\"height:50px\" aria-hidden=\"true\" class=\"wp-block-spacer\"><\/div>\n","protected":false},"excerpt":{"rendered":"<p>Das romantischste Ereignis von Lissabon findet immer am 12. Juni statt, wenn sechzehn Brautpaare vor den Altar der Kathedrale Catedral S\u00e9 de Lisboa treten. Das wahre Lissabon-Stadtfest!\u00a0 \u00a0 Was einst als uralter Brauch begann, ist heute ein gesellschaftliches Gro\u00dfereignis in der Lissaboner Kulturszene. Radio, Fernsehen, Presse, sind mit dabei. Einmal im Jahr legen sechzehn Paare am Antonius-Tag gleichzeitig das Ehegel\u00fcbde ab. Und damit laut die \u00dcberlieferung, den Segen des Schutzheiligen der Hochzeitspaare erhalten. Eltern, Verwandte, und jede Menge Wildfremde sind au\u00dferdem dabei, wenn die frisch Getrauten, drau\u00dfen vor dem imposanten Portal auf der Freitreppe f\u00fcr die Fotografen und das Familienalbum posieren. &hellip;<\/p>\n","protected":false},"author":70,"featured_media":11434,"comment_status":"open","ping_status":"open","sticky":false,"template":"","format":"standard","meta":{"_crdt_document":"","_lmt_disableupdate":"","_lmt_disable":"","footnotes":""},"categories":[28,31],"tags":[25,34],"class_list":["post-11343","post","type-post","status-publish","format-standard","has-post-thumbnail","hentry","category-kunst-kultur","category-land-leute","tag-lissabon","tag-portugal"],"yoast_head":"<!-- This site is optimized with the Yoast SEO plugin v26.9 - https:\/\/yoast.com\/product\/yoast-seo-wordpress\/ -->\n<title>Das ist Lissabons Stadtfest Santo Ant\u00f3nio<\/title>\n<meta name=\"description\" content=\"Das Stadtfest Santo Ant\u00f3nio in Lissabon hat viele sehr romantische Traditionen. Unsere Autorin erl\u00e4utert Hintergr\u00fcnde und Br\u00e4uche.\" \/>\n<meta name=\"robots\" content=\"index, follow, max-snippet:-1, max-image-preview:large, max-video-preview:-1\" \/>\n<link rel=\"canonical\" href=\"https:\/\/blog.olimar.de\/lissabons-stadtfest-santo-antonio\/\" \/>\n<meta property=\"og:locale\" content=\"de_DE\" \/>\n<meta property=\"og:type\" content=\"article\" \/>\n<meta property=\"og:title\" content=\"Das ist Lissabons Stadtfest Santo Ant\u00f3nio\" \/>\n<meta property=\"og:description\" content=\"Das Stadtfest Santo Ant\u00f3nio in Lissabon hat viele sehr romantische Traditionen. Unsere Autorin erl\u00e4utert Hintergr\u00fcnde und Br\u00e4uche.\" \/>\n<meta property=\"og:url\" content=\"https:\/\/blog.olimar.de\/lissabons-stadtfest-santo-antonio\/\" \/>\n<meta property=\"article:publisher\" content=\"https:\/\/www.facebook.com\/OlimarReisen\" \/>\n<meta property=\"article:published_time\" content=\"2019-06-12T15:10:15+00:00\" \/>\n<meta property=\"article:modified_time\" content=\"2022-11-01T15:00:46+00:00\" \/>\n<meta property=\"og:image\" content=\"https:\/\/blog.olimar.de\/wp-content\/uploads\/2019\/06\/PT-LissabonStadt-Festschmuck.jpg\" \/>\n\t<meta property=\"og:image:width\" content=\"1200\" \/>\n\t<meta property=\"og:image:height\" content=\"788\" \/>\n\t<meta property=\"og:image:type\" content=\"image\/jpeg\" \/>\n<meta name=\"author\" content=\"Catrin Ponciano\" \/>\n<meta name=\"twitter:label1\" content=\"Verfasst von\" \/>\n\t<meta name=\"twitter:data1\" content=\"Catrin Ponciano\" \/>\n\t<meta name=\"twitter:label2\" content=\"Gesch\u00e4tzte Lesezeit\" \/>\n\t<meta name=\"twitter:data2\" content=\"6\u00a0Minuten\" \/>\n<script type=\"application\/ld+json\" class=\"yoast-schema-graph\">{\"@context\":\"https:\/\/schema.org\",\"@graph\":[{\"@type\":\"WebPage\",\"@id\":\"https:\/\/blog.olimar.de\/lissabons-stadtfest-santo-antonio\/\",\"url\":\"https:\/\/blog.olimar.de\/lissabons-stadtfest-santo-antonio\/\",\"name\":\"Das ist Lissabons Stadtfest Santo Ant\u00f3nio\",\"isPartOf\":{\"@id\":\"https:\/\/blog.olimar.de\/#website\"},\"primaryImageOfPage\":{\"@id\":\"https:\/\/blog.olimar.de\/lissabons-stadtfest-santo-antonio\/#primaryimage\"},\"image\":{\"@id\":\"https:\/\/blog.olimar.de\/lissabons-stadtfest-santo-antonio\/#primaryimage\"},\"thumbnailUrl\":\"https:\/\/blog.olimar.de\/wp-content\/uploads\/2019\/06\/PT-LissabonStadt-Festschmuck.jpg\",\"datePublished\":\"2019-06-12T15:10:15+00:00\",\"dateModified\":\"2022-11-01T15:00:46+00:00\",\"description\":\"Das Stadtfest Santo Ant\u00f3nio in Lissabon hat viele sehr romantische Traditionen. Unsere Autorin erl\u00e4utert Hintergr\u00fcnde und Br\u00e4uche.\",\"breadcrumb\":{\"@id\":\"https:\/\/blog.olimar.de\/lissabons-stadtfest-santo-antonio\/#breadcrumb\"},\"inLanguage\":\"de\",\"potentialAction\":[{\"@type\":\"ReadAction\",\"target\":[\"https:\/\/blog.olimar.de\/lissabons-stadtfest-santo-antonio\/\"]}]},{\"@type\":\"ImageObject\",\"inLanguage\":\"de\",\"@id\":\"https:\/\/blog.olimar.de\/lissabons-stadtfest-santo-antonio\/#primaryimage\",\"url\":\"https:\/\/blog.olimar.de\/wp-content\/uploads\/2019\/06\/PT-LissabonStadt-Festschmuck.jpg\",\"contentUrl\":\"https:\/\/blog.olimar.de\/wp-content\/uploads\/2019\/06\/PT-LissabonStadt-Festschmuck.jpg\",\"width\":1200,\"height\":788,\"caption\":\"Geschm\u00fcckte H\u00e4user in Lissabon\"},{\"@type\":\"BreadcrumbList\",\"@id\":\"https:\/\/blog.olimar.de\/lissabons-stadtfest-santo-antonio\/#breadcrumb\",\"itemListElement\":[{\"@type\":\"ListItem\",\"position\":1,\"name\":\"Home\",\"item\":\"https:\/\/blog.olimar.de\/\"},{\"@type\":\"ListItem\",\"position\":2,\"name\":\"Lissabon\",\"item\":\"https:\/\/blog.olimar.de\/tag\/lissabon\/\"},{\"@type\":\"ListItem\",\"position\":3,\"name\":\"Lissabon-Stadtfest: Santo Ant\u00f3nio, der romantische Antonius-Tag\"}]},{\"@type\":\"WebSite\",\"@id\":\"https:\/\/blog.olimar.de\/#website\",\"url\":\"https:\/\/blog.olimar.de\/\",\"name\":\"OLIMAR.com\",\"description\":\"\",\"publisher\":{\"@id\":\"https:\/\/blog.olimar.de\/#organization\"},\"potentialAction\":[{\"@type\":\"SearchAction\",\"target\":{\"@type\":\"EntryPoint\",\"urlTemplate\":\"https:\/\/blog.olimar.de\/?s={search_term_string}\"},\"query-input\":{\"@type\":\"PropertyValueSpecification\",\"valueRequired\":true,\"valueName\":\"search_term_string\"}}],\"inLanguage\":\"de\"},{\"@type\":\"Organization\",\"@id\":\"https:\/\/blog.olimar.de\/#organization\",\"name\":\"OLIMAR Reisen\",\"url\":\"https:\/\/blog.olimar.de\/\",\"logo\":{\"@type\":\"ImageObject\",\"inLanguage\":\"de\",\"@id\":\"https:\/\/blog.olimar.de\/#\/schema\/logo\/image\/\",\"url\":\"https:\/\/blog.olimar.de\/wp-content\/uploads\/2021\/01\/OLIMAR_Logo_COLOR.png\",\"contentUrl\":\"https:\/\/blog.olimar.de\/wp-content\/uploads\/2021\/01\/OLIMAR_Logo_COLOR.png\",\"width\":2000,\"height\":986,\"caption\":\"OLIMAR Reisen\"},\"image\":{\"@id\":\"https:\/\/blog.olimar.de\/#\/schema\/logo\/image\/\"},\"sameAs\":[\"https:\/\/www.facebook.com\/OlimarReisen\",\"https:\/\/x.com\/olimarrreisen\",\"https:\/\/www.instagram.com\/olimarreisen\",\"https:\/\/www.youtube.com\/user\/olimarreisen\"]}]}<\/script>\n<!-- \/ Yoast SEO plugin. -->","yoast_head_json":{"title":"Das ist Lissabons Stadtfest Santo Ant\u00f3nio","description":"Das Stadtfest Santo Ant\u00f3nio in Lissabon hat viele sehr romantische Traditionen. Unsere Autorin erl\u00e4utert Hintergr\u00fcnde und Br\u00e4uche.","robots":{"index":"index","follow":"follow","max-snippet":"max-snippet:-1","max-image-preview":"max-image-preview:large","max-video-preview":"max-video-preview:-1"},"canonical":"https:\/\/blog.olimar.de\/lissabons-stadtfest-santo-antonio\/","og_locale":"de_DE","og_type":"article","og_title":"Das ist Lissabons Stadtfest Santo Ant\u00f3nio","og_description":"Das Stadtfest Santo Ant\u00f3nio in Lissabon hat viele sehr romantische Traditionen. Unsere Autorin erl\u00e4utert Hintergr\u00fcnde und Br\u00e4uche.","og_url":"https:\/\/blog.olimar.de\/lissabons-stadtfest-santo-antonio\/","article_publisher":"https:\/\/www.facebook.com\/OlimarReisen","article_published_time":"2019-06-12T15:10:15+00:00","article_modified_time":"2022-11-01T15:00:46+00:00","og_image":[{"width":1200,"height":788,"url":"https:\/\/blog.olimar.de\/wp-content\/uploads\/2019\/06\/PT-LissabonStadt-Festschmuck.jpg","type":"image\/jpeg"}],"author":"Catrin Ponciano","twitter_misc":{"Verfasst von":"Catrin Ponciano","Gesch\u00e4tzte Lesezeit":"6\u00a0Minuten"},"schema":{"@context":"https:\/\/schema.org","@graph":[{"@type":"WebPage","@id":"https:\/\/blog.olimar.de\/lissabons-stadtfest-santo-antonio\/","url":"https:\/\/blog.olimar.de\/lissabons-stadtfest-santo-antonio\/","name":"Das ist Lissabons Stadtfest Santo Ant\u00f3nio","isPartOf":{"@id":"https:\/\/blog.olimar.de\/#website"},"primaryImageOfPage":{"@id":"https:\/\/blog.olimar.de\/lissabons-stadtfest-santo-antonio\/#primaryimage"},"image":{"@id":"https:\/\/blog.olimar.de\/lissabons-stadtfest-santo-antonio\/#primaryimage"},"thumbnailUrl":"https:\/\/blog.olimar.de\/wp-content\/uploads\/2019\/06\/PT-LissabonStadt-Festschmuck.jpg","datePublished":"2019-06-12T15:10:15+00:00","dateModified":"2022-11-01T15:00:46+00:00","description":"Das Stadtfest Santo Ant\u00f3nio in Lissabon hat viele sehr romantische Traditionen. Unsere Autorin erl\u00e4utert Hintergr\u00fcnde und Br\u00e4uche.","breadcrumb":{"@id":"https:\/\/blog.olimar.de\/lissabons-stadtfest-santo-antonio\/#breadcrumb"},"inLanguage":"de","potentialAction":[{"@type":"ReadAction","target":["https:\/\/blog.olimar.de\/lissabons-stadtfest-santo-antonio\/"]}]},{"@type":"ImageObject","inLanguage":"de","@id":"https:\/\/blog.olimar.de\/lissabons-stadtfest-santo-antonio\/#primaryimage","url":"https:\/\/blog.olimar.de\/wp-content\/uploads\/2019\/06\/PT-LissabonStadt-Festschmuck.jpg","contentUrl":"https:\/\/blog.olimar.de\/wp-content\/uploads\/2019\/06\/PT-LissabonStadt-Festschmuck.jpg","width":1200,"height":788,"caption":"Geschm\u00fcckte H\u00e4user in Lissabon"},{"@type":"BreadcrumbList","@id":"https:\/\/blog.olimar.de\/lissabons-stadtfest-santo-antonio\/#breadcrumb","itemListElement":[{"@type":"ListItem","position":1,"name":"Home","item":"https:\/\/blog.olimar.de\/"},{"@type":"ListItem","position":2,"name":"Lissabon","item":"https:\/\/blog.olimar.de\/tag\/lissabon\/"},{"@type":"ListItem","position":3,"name":"Lissabon-Stadtfest: Santo Ant\u00f3nio, der romantische Antonius-Tag"}]},{"@type":"WebSite","@id":"https:\/\/blog.olimar.de\/#website","url":"https:\/\/blog.olimar.de\/","name":"OLIMAR.com","description":"","publisher":{"@id":"https:\/\/blog.olimar.de\/#organization"},"potentialAction":[{"@type":"SearchAction","target":{"@type":"EntryPoint","urlTemplate":"https:\/\/blog.olimar.de\/?s={search_term_string}"},"query-input":{"@type":"PropertyValueSpecification","valueRequired":true,"valueName":"search_term_string"}}],"inLanguage":"de"},{"@type":"Organization","@id":"https:\/\/blog.olimar.de\/#organization","name":"OLIMAR Reisen","url":"https:\/\/blog.olimar.de\/","logo":{"@type":"ImageObject","inLanguage":"de","@id":"https:\/\/blog.olimar.de\/#\/schema\/logo\/image\/","url":"https:\/\/blog.olimar.de\/wp-content\/uploads\/2021\/01\/OLIMAR_Logo_COLOR.png","contentUrl":"https:\/\/blog.olimar.de\/wp-content\/uploads\/2021\/01\/OLIMAR_Logo_COLOR.png","width":2000,"height":986,"caption":"OLIMAR Reisen"},"image":{"@id":"https:\/\/blog.olimar.de\/#\/schema\/logo\/image\/"},"sameAs":["https:\/\/www.facebook.com\/OlimarReisen","https:\/\/x.com\/olimarrreisen","https:\/\/www.instagram.com\/olimarreisen","https:\/\/www.youtube.com\/user\/olimarreisen"]}]}},"modified_by":"Lena Radermacher","jetpack_featured_media_url":"https:\/\/blog.olimar.de\/wp-content\/uploads\/2019\/06\/PT-LissabonStadt-Festschmuck.jpg","_links":{"self":[{"href":"https:\/\/blog.olimar.de\/wp-json\/wp\/v2\/posts\/11343","targetHints":{"allow":["GET"]}}],"collection":[{"href":"https:\/\/blog.olimar.de\/wp-json\/wp\/v2\/posts"}],"about":[{"href":"https:\/\/blog.olimar.de\/wp-json\/wp\/v2\/types\/post"}],"author":[{"embeddable":true,"href":"https:\/\/blog.olimar.de\/wp-json\/wp\/v2\/users\/70"}],"replies":[{"embeddable":true,"href":"https:\/\/blog.olimar.de\/wp-json\/wp\/v2\/comments?post=11343"}],"version-history":[{"count":29,"href":"https:\/\/blog.olimar.de\/wp-json\/wp\/v2\/posts\/11343\/revisions"}],"predecessor-version":[{"id":20692,"href":"https:\/\/blog.olimar.de\/wp-json\/wp\/v2\/posts\/11343\/revisions\/20692"}],"wp:featuredmedia":[{"embeddable":true,"href":"https:\/\/blog.olimar.de\/wp-json\/wp\/v2\/media\/11434"}],"wp:attachment":[{"href":"https:\/\/blog.olimar.de\/wp-json\/wp\/v2\/media?parent=11343"}],"wp:term":[{"taxonomy":"category","embeddable":true,"href":"https:\/\/blog.olimar.de\/wp-json\/wp\/v2\/categories?post=11343"},{"taxonomy":"post_tag","embeddable":true,"href":"https:\/\/blog.olimar.de\/wp-json\/wp\/v2\/tags?post=11343"}],"curies":[{"name":"wp","href":"https:\/\/api.w.org\/{rel}","templated":true}]}}