{"id":11435,"date":"2019-06-28T15:26:32","date_gmt":"2019-06-28T13:26:32","guid":{"rendered":"https:\/\/blog.olimar.de\/?p=11435"},"modified":"2022-12-17T09:47:24","modified_gmt":"2022-12-17T08:47:24","slug":"monsaraz","status":"publish","type":"post","link":"https:\/\/blog.olimar.de\/monsaraz\/","title":{"rendered":"Monsaraz: M\u00e4rchenburg aus Schieferstein im Herzen des Alentejo"},"content":{"rendered":"\n<p><strong>Auf einer Fahrt durch den unteren Alentejo verliert sich der Blick am Horizont. Zwischen Ortschaften und Dorfweilern liegen Dutzende Kilometer, die Nationalstra\u00dfe N2 schiebt sich fast schnurgeradeaus durch die Kornkammer Portugals.<\/strong><\/p>\n\n\n\n<div class=\"wp-block-buttons is-layout-flex wp-block-buttons-is-layout-flex\">\n<div class=\"wp-block-button\"><a class=\"wp-block-button__link wp-element-button\" href=\"https:\/\/www.olimar.de\/portugal\/alentejo\/\">Alentejo Reiseangebote und Hoteltipps entdecken<\/a><\/div>\n<\/div>\n\n\n\n<div style=\"height:50px\" aria-hidden=\"true\" class=\"wp-block-spacer\"><\/div>\n\n\n\n<p>Rechts und links von der Stra\u00dfe breiten sich sanfte H\u00fcgel in der Landschaft aus. Jetzt, im Sommer schwingen \u00c4hrenk\u00f6pfe und Wildgr\u00e4ser im seichten, warm pustenden Wind hin und her. Und der Wind verwandeln ingwergelbe Getreideteppiche, in wallende Wogen. Im Schatten m\u00e4chtiger Korkeichen-Laubschirme ruhen Rinder und harren der Hitze, eine Schafherde dr\u00e4ngelt sich unter einen anderen Baum.<\/p>\n\n\n\n<figure class=\"wp-block-image\"><img loading=\"lazy\" decoding=\"async\" width=\"1024\" height=\"683\" src=\"https:\/\/blog.olimar.de\/wp-content\/uploads\/2019\/06\/PT-Alentejo-Landscape-c-FN03380-1024x683.jpg\" alt=\"Korkeichen Alentejo\" class=\"wp-image-11440\" srcset=\"https:\/\/blog.olimar.de\/wp-content\/uploads\/2019\/06\/PT-Alentejo-Landscape-c-FN03380-1024x683.jpg 1024w, https:\/\/blog.olimar.de\/wp-content\/uploads\/2019\/06\/PT-Alentejo-Landscape-c-FN03380-300x200.jpg 300w, https:\/\/blog.olimar.de\/wp-content\/uploads\/2019\/06\/PT-Alentejo-Landscape-c-FN03380-768x512.jpg 768w, https:\/\/blog.olimar.de\/wp-content\/uploads\/2019\/06\/PT-Alentejo-Landscape-c-FN03380-840x560.jpg 840w, https:\/\/blog.olimar.de\/wp-content\/uploads\/2019\/06\/PT-Alentejo-Landscape-c-FN03380-1200x800.jpg 1200w, https:\/\/blog.olimar.de\/wp-content\/uploads\/2019\/06\/PT-Alentejo-Landscape-c-FN03380.jpg 1619w\" sizes=\"auto, (max-width: 1024px) 100vw, 1024px\" \/><figcaption class=\"wp-element-caption\">Korkeichen Alentejo<\/figcaption><\/figure>\n\n\n\n<p>Die Luft flirrt, die Erde gl\u00e4nzt siena-rot. Das Ziel lautet <strong>Monsaraz<\/strong>, eine alte Ritterburg. Sie ist erbaut aus Schieferstein, auf der Kuppe eines H\u00fcgels. Die Burg bietet eine Aussicht nach Spanien, und auf das flache weitl\u00e4ufige Tal zwischen den Hochebenen zu beiden Seiten der Landesgrenze. Diese verl\u00e4uft hier mitten durch den Stausee Barragem do Alqueva, im unteren Alentejo&nbsp;<\/p>\n\n\n\n<h2>Stausee Barragem do Alqueva im Alentejo<\/h2>\n<p>Hunderte, mit S\u00fc\u00dfwasser aus dem gestauten Fluss <strong>Rio Guadiana<\/strong> bef\u00fcllte Seitenarme, breiten sich in der gr\u00f6\u00dften Talsperre Europas aus. Es sieht aus wie feine Kapillare, die hinein in die flache Landschaft flie\u00dfen. Und sie verleihen dem Stausee und seiner Umgebung, sowie den D\u00f6rfern an seinem Ufer eine <strong>faszinierende Kulisse<\/strong>. Je nach Tageszeit, liegt der See still und dunkelblau da, wie ein Samt-Tuch. Und am Abend h\u00fcllt feiner Dunst den See in einen Schleier, der bei niedersinkender Sonne ins Purpurne abgleitet. Die endlos scheinenden einsamen Ufer und Seen vereinigen sich zu einem Tintenbild der Natur.<\/p>\n\n\n\n<figure class=\"wp-block-image\"><img loading=\"lazy\" decoding=\"async\" width=\"1024\" height=\"945\" src=\"https:\/\/blog.olimar.de\/wp-content\/uploads\/2019\/06\/Aussicht-auf-den-Alqueva-Stausee-1024x945.jpg\" alt=\"Alqueva Stausee\" class=\"wp-image-11450\" srcset=\"https:\/\/blog.olimar.de\/wp-content\/uploads\/2019\/06\/Aussicht-auf-den-Alqueva-Stausee-1024x945.jpg 1024w, https:\/\/blog.olimar.de\/wp-content\/uploads\/2019\/06\/Aussicht-auf-den-Alqueva-Stausee-300x277.jpg 300w, https:\/\/blog.olimar.de\/wp-content\/uploads\/2019\/06\/Aussicht-auf-den-Alqueva-Stausee-768x709.jpg 768w, https:\/\/blog.olimar.de\/wp-content\/uploads\/2019\/06\/Aussicht-auf-den-Alqueva-Stausee.jpg 1188w\" sizes=\"auto, (max-width: 1024px) 100vw, 1024px\" \/><figcaption class=\"wp-element-caption\">Stausee<\/figcaption><\/figure>\n\n\n\n<figure class=\"wp-block-image\"><img loading=\"lazy\" decoding=\"async\" width=\"1024\" height=\"950\" src=\"https:\/\/blog.olimar.de\/wp-content\/uploads\/2019\/06\/Monsaraz-1024x950.jpg\" alt=\"Blick auf Monsaraz\" class=\"wp-image-11451\" srcset=\"https:\/\/blog.olimar.de\/wp-content\/uploads\/2019\/06\/Monsaraz-1024x950.jpg 1024w, https:\/\/blog.olimar.de\/wp-content\/uploads\/2019\/06\/Monsaraz-300x278.jpg 300w, https:\/\/blog.olimar.de\/wp-content\/uploads\/2019\/06\/Monsaraz-768x713.jpg 768w, https:\/\/blog.olimar.de\/wp-content\/uploads\/2019\/06\/Monsaraz.jpg 1336w\" sizes=\"auto, (max-width: 1024px) 100vw, 1024px\" \/><figcaption class=\"wp-element-caption\">Blick auf Monsaraz<\/figcaption><\/figure>\n\n\n\n<p>Sanft steigt die Stra\u00dfe nach Monsaraz an. Und der See f\u00e4chert sich erst pl\u00f6tzlich nach einer Kurve in das Blickfeld hinein, auf. Am unteren Parkplatz steht eine <strong>artistische Metall-Installation<\/strong> und zeigt einen M\u00e4nnerchor. Die M\u00e4nner tragen einen Hut und haben eine Hirtendecke \u00fcbergeworfen. Den Blick auf den See gerichtet steht die Installation zusammen, und fast k\u00f6nnte man meinen, der Chor stimmte ein Lied an. Einen Cante Alentejano, ein polyphon, von M\u00e4nnern gesungener Kanon. Eine Liedkunst, die im unteren Alentejo zu Hause ist und die seit 2016 zum <strong>immateriellen Weltkulturerbe der UNESCO<\/strong> z\u00e4hlt.<\/p>\n<h3>Der Weg ist das Ziel<\/h3>\n<p>\u00dcber eine steile Treppe besteigt man den Burgfried. Der Weg durch schmale Gassen, f\u00fchrt \u00fcber unregelm\u00e4\u00dfig verlegte Schiefersteinplatten, die wie aufrecht gestellter Kopfstein die Laufwege und Treppen pflastern. Durch das Seitentor gelangt man vorbei an einer Zisterne, direkt zur mittleren Gasse des <strong>verzaubernden Ortes<\/strong>, oder durch das Bogen-Tor am Uhrenturm weiter vorne. Der Weg, durch das in der Vergangenheit steckengebliebene Monsaraz bis zur inneren Festung, f\u00fchrt zu Fu\u00df. Wei\u00df gek\u00e4lkte Hausfassaden gl\u00e4nzen im Sonnenlicht. Und die H\u00e4user stehen aneinandergebaut auf Schieferstein-Sockel, Spitzbogen \u00fcber T\u00fcren und Fenstern und so manch ein Giebel neigt sich in die Gasse hinein.<\/p>\n\n\n\n<figure class=\"wp-block-image\"><img loading=\"lazy\" decoding=\"async\" width=\"1024\" height=\"683\" src=\"https:\/\/blog.olimar.de\/wp-content\/uploads\/2019\/06\/PT-Alentejo-Monsaraz-c-FN03341-1024x683.jpg\" alt=\"Burgfried in Monsaraz\" class=\"wp-image-11442\" srcset=\"https:\/\/blog.olimar.de\/wp-content\/uploads\/2019\/06\/PT-Alentejo-Monsaraz-c-FN03341-1024x683.jpg 1024w, https:\/\/blog.olimar.de\/wp-content\/uploads\/2019\/06\/PT-Alentejo-Monsaraz-c-FN03341-300x200.jpg 300w, https:\/\/blog.olimar.de\/wp-content\/uploads\/2019\/06\/PT-Alentejo-Monsaraz-c-FN03341-768x512.jpg 768w, https:\/\/blog.olimar.de\/wp-content\/uploads\/2019\/06\/PT-Alentejo-Monsaraz-c-FN03341-840x560.jpg 840w, https:\/\/blog.olimar.de\/wp-content\/uploads\/2019\/06\/PT-Alentejo-Monsaraz-c-FN03341-1200x800.jpg 1200w, https:\/\/blog.olimar.de\/wp-content\/uploads\/2019\/06\/PT-Alentejo-Monsaraz-c-FN03341.jpg 1619w\" sizes=\"auto, (max-width: 1024px) 100vw, 1024px\" \/><figcaption class=\"wp-element-caption\">Burgfried in Monsaraz<\/figcaption><\/figure>\n\n\n\n<figure class=\"wp-block-image\"><img loading=\"lazy\" decoding=\"async\" width=\"1024\" height=\"669\" src=\"https:\/\/blog.olimar.de\/wp-content\/uploads\/2019\/06\/PT-Alentejo-Monsaraz-c-FN03356-1024x669.jpg\" alt=\"Monsaraz Alentejo - H\u00e4user mit wei\u00df gek\u00e4lkten W\u00e4nden\" class=\"wp-image-11443\" srcset=\"https:\/\/blog.olimar.de\/wp-content\/uploads\/2019\/06\/PT-Alentejo-Monsaraz-c-FN03356-1024x669.jpg 1024w, https:\/\/blog.olimar.de\/wp-content\/uploads\/2019\/06\/PT-Alentejo-Monsaraz-c-FN03356-300x196.jpg 300w, https:\/\/blog.olimar.de\/wp-content\/uploads\/2019\/06\/PT-Alentejo-Monsaraz-c-FN03356-768x502.jpg 768w, https:\/\/blog.olimar.de\/wp-content\/uploads\/2019\/06\/PT-Alentejo-Monsaraz-c-FN03356.jpg 1653w\" sizes=\"auto, (max-width: 1024px) 100vw, 1024px\" \/><figcaption class=\"wp-element-caption\">Monsaraz Alentejo &#8211; Die wei\u00dfen H\u00e4user <\/figcaption><\/figure>\n\n\n\n<p>Am Kirchplatz vor der barocken Pfarrkirche, markiert die pr\u00e4chtig dekorierte Pelourinho-S\u00e4ule mit den Insignien des <strong>Herzogs von Bragan\u00e7a<\/strong> die einstige Verf\u00fcgungsgewalt des Ortes. Schlie\u00dflich hat in Monsaraz einst das Inquisitionskomitee Gericht gehalten und Urteile vollstreckt. Sich diesen mystisch anmutenden Ort im Mittelalter vorzustellen, als Ritter in R\u00fcstung auf ihren Pferden \u00fcber das Schiefern-Steinpflaster trabten, das Burgtor sich bis zum n\u00e4chsten Morgen hinter ihnen schloss, die Nacht anbrach, das Sternenzelt am Himmel erstrahlte und der Wind um das Gem\u00e4uer blies und uralte Geschichten ins Ohr der Schlafenden wisperte, f\u00e4llt nicht besonders schwer.<\/p>\n\n\n\n<figure class=\"wp-block-image\"><img loading=\"lazy\" decoding=\"async\" width=\"1024\" height=\"683\" src=\"https:\/\/blog.olimar.de\/wp-content\/uploads\/2019\/06\/PT-Alentejo-Monsaraz-c-FN03351-1024x683.jpg\" alt=\"Kirchplatz in Monsaraz\" class=\"wp-image-11445\" srcset=\"https:\/\/blog.olimar.de\/wp-content\/uploads\/2019\/06\/PT-Alentejo-Monsaraz-c-FN03351-1024x683.jpg 1024w, https:\/\/blog.olimar.de\/wp-content\/uploads\/2019\/06\/PT-Alentejo-Monsaraz-c-FN03351-300x200.jpg 300w, https:\/\/blog.olimar.de\/wp-content\/uploads\/2019\/06\/PT-Alentejo-Monsaraz-c-FN03351-768x512.jpg 768w, https:\/\/blog.olimar.de\/wp-content\/uploads\/2019\/06\/PT-Alentejo-Monsaraz-c-FN03351-840x560.jpg 840w, https:\/\/blog.olimar.de\/wp-content\/uploads\/2019\/06\/PT-Alentejo-Monsaraz-c-FN03351-1200x800.jpg 1200w, https:\/\/blog.olimar.de\/wp-content\/uploads\/2019\/06\/PT-Alentejo-Monsaraz-c-FN03351.jpg 1619w\" sizes=\"auto, (max-width: 1024px) 100vw, 1024px\" \/><figcaption class=\"wp-element-caption\">Kirchplatz<\/figcaption><\/figure>\n\n\n\n<h2>Kunsthandwerk in Monsaraz<\/h2>\n<p>Im Monsaraz von heute begegnet man einem Dorf, in dem die Zeit irgendwann einmal stehen geblieben ist. <strong>Traditionelles Handwerk<\/strong> und <strong>Kunsthandwerk<\/strong>, wie zum Beispiel getischlerten Bast-St\u00fchlen in klein und gro\u00df, zum Sitzen oder blo\u00df als Dekoration, in rot und blau bemalt und mit landwirtschaftlichen Motiven naiv dargestellt verziert, stehen vor winzigen Atelier-Gesch\u00e4ften. Man tritt ein, durch niedrige T\u00fcren in <strong>Boutiquen in mittelalterlichem Raum<\/strong>, wo es Kleidung, Decken, und Schals aus reiner Schurwolle, zu kaufen gibt. Nat\u00fcrlich in Handarbeit gewebt. Wollig flauschige Meisterwerke und fast alles Einzelst\u00fccke. Andere bieten <strong>T\u00f6pferkunst<\/strong> aus einem Dorf in der N\u00e4he, namens S\u00e3o Pedro do Corval, an. Von Hand gearbeitete und von Hand bemalte, ansehnliche Auswahl Schalen, Teller, Vasen und Kr\u00fcge. Wer etwas Au\u00dfergew\u00f6hnliches sucht, stolpert automatisch in die Galerie mit rot glasierter Keramikkunst am Kirchplatz.<\/p>\n\n\n\n<figure class=\"wp-block-image\"><img loading=\"lazy\" decoding=\"async\" width=\"1024\" height=\"683\" src=\"https:\/\/blog.olimar.de\/wp-content\/uploads\/2019\/06\/PT-Alentejo-Monsaraz-c-FN03365-1024x683.jpg\" alt=\"Monsaraz - Eingang zu einer kleinen Boutique \" class=\"wp-image-11448\" srcset=\"https:\/\/blog.olimar.de\/wp-content\/uploads\/2019\/06\/PT-Alentejo-Monsaraz-c-FN03365-1024x683.jpg 1024w, https:\/\/blog.olimar.de\/wp-content\/uploads\/2019\/06\/PT-Alentejo-Monsaraz-c-FN03365-300x200.jpg 300w, https:\/\/blog.olimar.de\/wp-content\/uploads\/2019\/06\/PT-Alentejo-Monsaraz-c-FN03365-768x512.jpg 768w, https:\/\/blog.olimar.de\/wp-content\/uploads\/2019\/06\/PT-Alentejo-Monsaraz-c-FN03365-840x560.jpg 840w, https:\/\/blog.olimar.de\/wp-content\/uploads\/2019\/06\/PT-Alentejo-Monsaraz-c-FN03365-1200x800.jpg 1200w, https:\/\/blog.olimar.de\/wp-content\/uploads\/2019\/06\/PT-Alentejo-Monsaraz-c-FN03365.jpg 1619w\" sizes=\"auto, (max-width: 1024px) 100vw, 1024px\" \/><figcaption class=\"wp-element-caption\">Eingang zu einer Boutique <\/figcaption><\/figure>\n\n\n\n<h2>Spaziergang durch Monsaraz<\/h2>\n<p>Links neben der Kirche befindet sich das <strong>Museum<\/strong> mit Tourismusb\u00fcro. Die Wandgem\u00e4lde im Museum, zeigen die irdisch empfundenen Unterschiede zwischen Gut und B\u00f6se. Rechts neben der Kirche gelangt man zu einer gut sortierten <strong>Weinhandlung<\/strong> mit feinen Tropfen aus der unmittelbaren Umgebung. Und durch einen Arkadenbogen gegen\u00fcber, kommt man zu einem kleineren Platz mit der Santiago-Kirche, in der K\u00fcnstler*innen regelm\u00e4\u00dfig ihre Werke ausstellen. Weiter vorne betritt man das Innere der einstigen Ritterfestung und genie\u00dft auf einem Gang \u00fcber die unterschiedlich hoch liegenden Zinnen, eine 360\u00b0 Rundumaussicht in den Alentejo. Gen Westen nach Reguengos de Monsaraz; gen Osten nach Spanien und auf das maurisch gepr\u00e4gte wei\u00dfe Dorf Mour\u00e3o auf einer Insel im Alqueva-Stausee; gen Norden Richtung \u00c9vora; und am Fu\u00dfe des H\u00fcgels auf den Stausee.<\/p>\n<p>Genie\u00dfen kann man diesen <strong>grandiosen Ausblick<\/strong> am allerbesten bei einem exquisit zubereiteten <strong>Mahl mit lokalen Spezialit\u00e4ten<\/strong> vom schwarzen Schwein, Ca\u00e7\u00e3o-Fisch im Tontopf serviert. Oder mit Migas-Brotbrei mit Waldpilzen oder wildem Spargel zubereitet, vorher eine eisgek\u00fchlte Alentejo-Gazpacho Suppe und hinterher einen Quarkkuchen mit Pflaumenkompott.<\/p>\n\n\n\n<figure class=\"wp-block-image\"><img loading=\"lazy\" decoding=\"async\" width=\"1024\" height=\"786\" src=\"https:\/\/blog.olimar.de\/wp-content\/uploads\/2019\/06\/Speisen-mit-Aussicht-1024x786.jpg\" alt=\"Restaurant Monsaraz mit Ausblick\" class=\"wp-image-11454\" srcset=\"https:\/\/blog.olimar.de\/wp-content\/uploads\/2019\/06\/Speisen-mit-Aussicht-1024x786.jpg 1024w, https:\/\/blog.olimar.de\/wp-content\/uploads\/2019\/06\/Speisen-mit-Aussicht-300x230.jpg 300w, https:\/\/blog.olimar.de\/wp-content\/uploads\/2019\/06\/Speisen-mit-Aussicht-768x589.jpg 768w, https:\/\/blog.olimar.de\/wp-content\/uploads\/2019\/06\/Speisen-mit-Aussicht.jpg 1376w\" sizes=\"auto, (max-width: 1024px) 100vw, 1024px\" \/><figcaption class=\"wp-element-caption\">Restaurant Monsaraz mit Ausblick<\/figcaption><\/figure>\n\n\n\n<h2>Hoteltipp f\u00fcr Monsaraz<\/h2>\n<p>Ein Bauernweiler aus dem 19. Jh. auf einem rund 780 ha umfassenden Landgut wurde mit viel Aufwand und Liebe von der 8. Generation der Besitzerfamilie in dieses <strong>brandneue, elegant-charmante 5-Sterne Hideaway<\/strong> <a href=\"https:\/\/rms.olimar.de\/code\/LIS062\" rel=\"noreferrer noopener\" aria-label=\"S\u00e3o Louren\u00e7o de Barrocal (opens in a new tab)\">S\u00e3o Louren\u00e7o de Barrocal<\/a> umgewandelt. Hier hast Du die Wahl zwischen G\u00e4stezimmern im einstigen Herrensitz, und Ferienwohnungen mit voll ausgestatteten Markenk\u00fcchen in den ehemaligen Gesindeh\u00e4usern. Alle bestechen neben ihrer Ger\u00e4umigkeit durch das l\u00e4ndlich-historische Originalflair handgefertigter Holzm\u00f6bel und traditioneller Stilelemente in Kombination mit modernstem Wohnkomfort und diskretem, unaufdringlichem Luxus.<\/p>\n\n\n\n<figure class=\"wp-block-gallery has-nested-images columns-1 is-cropped wp-block-gallery-1 is-layout-flex wp-block-gallery-is-layout-flex\">\n<figure class=\"wp-block-image size-large\"><img loading=\"lazy\" decoding=\"async\" width=\"1000\" height=\"667\" data-id=\"11460\" src=\"https:\/\/blog.olimar.de\/wp-content\/uploads\/2019\/06\/LIS062-a-AreaViewC.jpg\" alt=\"Blick auf das Hotel S\u00e3o Louren\u00e7o do Barrocal\" class=\"wp-image-11460\" srcset=\"https:\/\/blog.olimar.de\/wp-content\/uploads\/2019\/06\/LIS062-a-AreaViewC.jpg 1000w, https:\/\/blog.olimar.de\/wp-content\/uploads\/2019\/06\/LIS062-a-AreaViewC-300x200.jpg 300w, https:\/\/blog.olimar.de\/wp-content\/uploads\/2019\/06\/LIS062-a-AreaViewC-768x512.jpg 768w, https:\/\/blog.olimar.de\/wp-content\/uploads\/2019\/06\/LIS062-a-AreaViewC-840x560.jpg 840w\" sizes=\"auto, (max-width: 1000px) 100vw, 1000px\" \/><figcaption class=\"wp-element-caption\">Blick auf das Hotel S\u00e3o Louren\u00e7o do Barrocal<\/figcaption><\/figure>\n\n\n\n<figure class=\"wp-block-image size-large\"><img loading=\"lazy\" decoding=\"async\" width=\"1000\" height=\"684\" data-id=\"11461\" src=\"https:\/\/blog.olimar.de\/wp-content\/uploads\/2019\/06\/LIS062-r-BreakfastA.jpg\" alt=\"Fr\u00fchst\u00fccksbuffet S\u00e3o Louren\u00e7o do Barrocal\" class=\"wp-image-11461\" srcset=\"https:\/\/blog.olimar.de\/wp-content\/uploads\/2019\/06\/LIS062-r-BreakfastA.jpg 1000w, https:\/\/blog.olimar.de\/wp-content\/uploads\/2019\/06\/LIS062-r-BreakfastA-300x205.jpg 300w, https:\/\/blog.olimar.de\/wp-content\/uploads\/2019\/06\/LIS062-r-BreakfastA-768x525.jpg 768w\" sizes=\"auto, (max-width: 1000px) 100vw, 1000px\" \/><figcaption class=\"wp-element-caption\">Fr\u00fchsz\u00fcck<\/figcaption><\/figure>\n\n\n\n<figure class=\"wp-block-image size-large\"><img loading=\"lazy\" decoding=\"async\" width=\"1000\" height=\"777\" data-id=\"11462\" src=\"https:\/\/blog.olimar.de\/wp-content\/uploads\/2019\/06\/LIS062-z-RoomC.jpg\" alt=\"Zimmerbeispiel S\u00e3o Louren\u00e7o do Barrocal\" class=\"wp-image-11462\" srcset=\"https:\/\/blog.olimar.de\/wp-content\/uploads\/2019\/06\/LIS062-z-RoomC.jpg 1000w, https:\/\/blog.olimar.de\/wp-content\/uploads\/2019\/06\/LIS062-z-RoomC-300x233.jpg 300w, https:\/\/blog.olimar.de\/wp-content\/uploads\/2019\/06\/LIS062-z-RoomC-768x597.jpg 768w\" sizes=\"auto, (max-width: 1000px) 100vw, 1000px\" \/><figcaption class=\"wp-element-caption\">Zimmerbespiel<\/figcaption><\/figure>\n\n\n\n<figure class=\"wp-block-image size-large\"><img loading=\"lazy\" decoding=\"async\" width=\"1000\" height=\"726\" data-id=\"11463\" src=\"https:\/\/blog.olimar.de\/wp-content\/uploads\/2019\/06\/LIS062-r-BarB.jpg\" alt=\"Bar im S\u00e3o Louren\u00e7o do Barrocal\" class=\"wp-image-11463\" srcset=\"https:\/\/blog.olimar.de\/wp-content\/uploads\/2019\/06\/LIS062-r-BarB.jpg 1000w, https:\/\/blog.olimar.de\/wp-content\/uploads\/2019\/06\/LIS062-r-BarB-300x218.jpg 300w, https:\/\/blog.olimar.de\/wp-content\/uploads\/2019\/06\/LIS062-r-BarB-768x558.jpg 768w\" sizes=\"auto, (max-width: 1000px) 100vw, 1000px\" \/><figcaption class=\"wp-element-caption\">Die Bar<\/figcaption><\/figure>\n<\/figure>\n\n\n\n<div style=\"height:50px\" aria-hidden=\"true\" class=\"wp-block-spacer\"><\/div>\n\n\n\n<p>Lust auf weitere spannende Reiseziele und Hoteltipps?\u00a0<\/p>\n\n\n\n<div class=\"wp-block-buttons is-layout-flex wp-block-buttons-is-layout-flex\">\n<div class=\"wp-block-button\"><a class=\"wp-block-button__link wp-element-button\" href=\"https:\/\/www.olimar.de\/hotellistung\/\">Jetzt Urlaubsangebote finden und buchen<\/a><\/div>\n<\/div>\n\n\n\n<div style=\"height:100px\" aria-hidden=\"true\" class=\"wp-block-spacer\"><\/div>\n","protected":false},"excerpt":{"rendered":"<p>Auf einer Fahrt durch den unteren Alentejo verliert sich der Blick am Horizont. Zwischen Ortschaften und Dorfweilern liegen Dutzende Kilometer, die Nationalstra\u00dfe N2 schiebt sich fast schnurgeradeaus durch die Kornkammer Portugals. Rechts und links von der Stra\u00dfe breiten sich sanfte H\u00fcgel in der Landschaft aus. Jetzt, im Sommer schwingen \u00c4hrenk\u00f6pfe und Wildgr\u00e4ser im seichten, warm pustenden Wind hin und her. Und der Wind verwandeln ingwergelbe Getreideteppiche, in wallende Wogen. Im Schatten m\u00e4chtiger Korkeichen-Laubschirme ruhen Rinder und harren der Hitze, eine Schafherde dr\u00e4ngelt sich unter einen anderen Baum. Die Luft flirrt, die Erde gl\u00e4nzt siena-rot. Das Ziel lautet Monsaraz, eine alte Ritterburg. &hellip;<\/p>\n","protected":false},"author":70,"featured_media":11439,"comment_status":"open","ping_status":"open","sticky":false,"template":"","format":"standard","meta":{"_crdt_document":"","_lmt_disableupdate":"","_lmt_disable":"","footnotes":""},"categories":[28,31],"tags":[22,34],"class_list":["post-11435","post","type-post","status-publish","format-standard","has-post-thumbnail","hentry","category-kunst-kultur","category-land-leute","tag-alentejo","tag-portugal"],"yoast_head":"<!-- This site is optimized with the Yoast SEO plugin v26.9 - https:\/\/yoast.com\/product\/yoast-seo-wordpress\/ -->\n<title>Monsaraz - ein Besuch in der mittelalterlichen Alentejo-Stadt<\/title>\n<meta name=\"description\" content=\"Ein Besuch in Monsaraz w\u00e4hrend des Alentejo-Urlaub ist wie eine Reise in die mittelalterliche Vergangenheit. Erfahren Sie mehr im OLIMAR Reisen Blog.\" \/>\n<meta name=\"robots\" content=\"index, follow, max-snippet:-1, max-image-preview:large, max-video-preview:-1\" \/>\n<link rel=\"canonical\" href=\"https:\/\/blog.olimar.de\/monsaraz\/\" \/>\n<meta property=\"og:locale\" content=\"de_DE\" \/>\n<meta property=\"og:type\" content=\"article\" \/>\n<meta property=\"og:title\" content=\"Monsaraz - ein Besuch in der mittelalterlichen Alentejo-Stadt\" \/>\n<meta property=\"og:description\" content=\"Ein Besuch in Monsaraz w\u00e4hrend des Alentejo-Urlaub ist wie eine Reise in die mittelalterliche Vergangenheit. Erfahren Sie mehr im OLIMAR Reisen Blog.\" \/>\n<meta property=\"og:url\" content=\"https:\/\/blog.olimar.de\/monsaraz\/\" \/>\n<meta property=\"article:publisher\" content=\"https:\/\/www.facebook.com\/OlimarReisen\" \/>\n<meta property=\"article:published_time\" content=\"2019-06-28T13:26:32+00:00\" \/>\n<meta property=\"article:modified_time\" content=\"2022-12-17T08:47:24+00:00\" \/>\n<meta property=\"og:image\" content=\"https:\/\/blog.olimar.de\/wp-content\/uploads\/2019\/06\/PT-Alentejo-Monsaraz-c-FN03337.jpg\" \/>\n\t<meta property=\"og:image:width\" content=\"1914\" \/>\n\t<meta property=\"og:image:height\" content=\"1080\" \/>\n\t<meta property=\"og:image:type\" content=\"image\/jpeg\" \/>\n<meta name=\"author\" content=\"Catrin Ponciano\" \/>\n<meta name=\"twitter:label1\" content=\"Verfasst von\" \/>\n\t<meta name=\"twitter:data1\" content=\"Catrin Ponciano\" \/>\n\t<meta name=\"twitter:label2\" content=\"Gesch\u00e4tzte Lesezeit\" \/>\n\t<meta name=\"twitter:data2\" content=\"8\u00a0Minuten\" \/>\n<script type=\"application\/ld+json\" class=\"yoast-schema-graph\">{\"@context\":\"https:\/\/schema.org\",\"@graph\":[{\"@type\":\"WebPage\",\"@id\":\"https:\/\/blog.olimar.de\/monsaraz\/\",\"url\":\"https:\/\/blog.olimar.de\/monsaraz\/\",\"name\":\"Monsaraz - ein Besuch in der mittelalterlichen Alentejo-Stadt\",\"isPartOf\":{\"@id\":\"https:\/\/blog.olimar.de\/#website\"},\"primaryImageOfPage\":{\"@id\":\"https:\/\/blog.olimar.de\/monsaraz\/#primaryimage\"},\"image\":{\"@id\":\"https:\/\/blog.olimar.de\/monsaraz\/#primaryimage\"},\"thumbnailUrl\":\"https:\/\/blog.olimar.de\/wp-content\/uploads\/2019\/06\/PT-Alentejo-Monsaraz-c-FN03337.jpg\",\"datePublished\":\"2019-06-28T13:26:32+00:00\",\"dateModified\":\"2022-12-17T08:47:24+00:00\",\"description\":\"Ein Besuch in Monsaraz w\u00e4hrend des Alentejo-Urlaub ist wie eine Reise in die mittelalterliche Vergangenheit. Erfahren Sie mehr im OLIMAR Reisen Blog.\",\"breadcrumb\":{\"@id\":\"https:\/\/blog.olimar.de\/monsaraz\/#breadcrumb\"},\"inLanguage\":\"de\",\"potentialAction\":[{\"@type\":\"ReadAction\",\"target\":[\"https:\/\/blog.olimar.de\/monsaraz\/\"]}]},{\"@type\":\"ImageObject\",\"inLanguage\":\"de\",\"@id\":\"https:\/\/blog.olimar.de\/monsaraz\/#primaryimage\",\"url\":\"https:\/\/blog.olimar.de\/wp-content\/uploads\/2019\/06\/PT-Alentejo-Monsaraz-c-FN03337.jpg\",\"contentUrl\":\"https:\/\/blog.olimar.de\/wp-content\/uploads\/2019\/06\/PT-Alentejo-Monsaraz-c-FN03337.jpg\",\"width\":1914,\"height\":1080,\"caption\":\"Blick \u00fcber Monsaraz im Alentejo\"},{\"@type\":\"BreadcrumbList\",\"@id\":\"https:\/\/blog.olimar.de\/monsaraz\/#breadcrumb\",\"itemListElement\":[{\"@type\":\"ListItem\",\"position\":1,\"name\":\"Home\",\"item\":\"https:\/\/blog.olimar.de\/\"},{\"@type\":\"ListItem\",\"position\":2,\"name\":\"Alentejo\",\"item\":\"https:\/\/blog.olimar.de\/tag\/alentejo\/\"},{\"@type\":\"ListItem\",\"position\":3,\"name\":\"Monsaraz: M\u00e4rchenburg aus Schieferstein im Herzen des Alentejo\"}]},{\"@type\":\"WebSite\",\"@id\":\"https:\/\/blog.olimar.de\/#website\",\"url\":\"https:\/\/blog.olimar.de\/\",\"name\":\"OLIMAR.com\",\"description\":\"\",\"publisher\":{\"@id\":\"https:\/\/blog.olimar.de\/#organization\"},\"potentialAction\":[{\"@type\":\"SearchAction\",\"target\":{\"@type\":\"EntryPoint\",\"urlTemplate\":\"https:\/\/blog.olimar.de\/?s={search_term_string}\"},\"query-input\":{\"@type\":\"PropertyValueSpecification\",\"valueRequired\":true,\"valueName\":\"search_term_string\"}}],\"inLanguage\":\"de\"},{\"@type\":\"Organization\",\"@id\":\"https:\/\/blog.olimar.de\/#organization\",\"name\":\"OLIMAR Reisen\",\"url\":\"https:\/\/blog.olimar.de\/\",\"logo\":{\"@type\":\"ImageObject\",\"inLanguage\":\"de\",\"@id\":\"https:\/\/blog.olimar.de\/#\/schema\/logo\/image\/\",\"url\":\"https:\/\/blog.olimar.de\/wp-content\/uploads\/2021\/01\/OLIMAR_Logo_COLOR.png\",\"contentUrl\":\"https:\/\/blog.olimar.de\/wp-content\/uploads\/2021\/01\/OLIMAR_Logo_COLOR.png\",\"width\":2000,\"height\":986,\"caption\":\"OLIMAR Reisen\"},\"image\":{\"@id\":\"https:\/\/blog.olimar.de\/#\/schema\/logo\/image\/\"},\"sameAs\":[\"https:\/\/www.facebook.com\/OlimarReisen\",\"https:\/\/x.com\/olimarrreisen\",\"https:\/\/www.instagram.com\/olimarreisen\",\"https:\/\/www.youtube.com\/user\/olimarreisen\"]}]}<\/script>\n<!-- \/ Yoast SEO plugin. -->","yoast_head_json":{"title":"Monsaraz - ein Besuch in der mittelalterlichen Alentejo-Stadt","description":"Ein Besuch in Monsaraz w\u00e4hrend des Alentejo-Urlaub ist wie eine Reise in die mittelalterliche Vergangenheit. Erfahren Sie mehr im OLIMAR Reisen Blog.","robots":{"index":"index","follow":"follow","max-snippet":"max-snippet:-1","max-image-preview":"max-image-preview:large","max-video-preview":"max-video-preview:-1"},"canonical":"https:\/\/blog.olimar.de\/monsaraz\/","og_locale":"de_DE","og_type":"article","og_title":"Monsaraz - ein Besuch in der mittelalterlichen Alentejo-Stadt","og_description":"Ein Besuch in Monsaraz w\u00e4hrend des Alentejo-Urlaub ist wie eine Reise in die mittelalterliche Vergangenheit. Erfahren Sie mehr im OLIMAR Reisen Blog.","og_url":"https:\/\/blog.olimar.de\/monsaraz\/","article_publisher":"https:\/\/www.facebook.com\/OlimarReisen","article_published_time":"2019-06-28T13:26:32+00:00","article_modified_time":"2022-12-17T08:47:24+00:00","og_image":[{"width":1914,"height":1080,"url":"https:\/\/blog.olimar.de\/wp-content\/uploads\/2019\/06\/PT-Alentejo-Monsaraz-c-FN03337.jpg","type":"image\/jpeg"}],"author":"Catrin Ponciano","twitter_misc":{"Verfasst von":"Catrin Ponciano","Gesch\u00e4tzte Lesezeit":"8\u00a0Minuten"},"schema":{"@context":"https:\/\/schema.org","@graph":[{"@type":"WebPage","@id":"https:\/\/blog.olimar.de\/monsaraz\/","url":"https:\/\/blog.olimar.de\/monsaraz\/","name":"Monsaraz - ein Besuch in der mittelalterlichen Alentejo-Stadt","isPartOf":{"@id":"https:\/\/blog.olimar.de\/#website"},"primaryImageOfPage":{"@id":"https:\/\/blog.olimar.de\/monsaraz\/#primaryimage"},"image":{"@id":"https:\/\/blog.olimar.de\/monsaraz\/#primaryimage"},"thumbnailUrl":"https:\/\/blog.olimar.de\/wp-content\/uploads\/2019\/06\/PT-Alentejo-Monsaraz-c-FN03337.jpg","datePublished":"2019-06-28T13:26:32+00:00","dateModified":"2022-12-17T08:47:24+00:00","description":"Ein Besuch in Monsaraz w\u00e4hrend des Alentejo-Urlaub ist wie eine Reise in die mittelalterliche Vergangenheit. Erfahren Sie mehr im OLIMAR Reisen Blog.","breadcrumb":{"@id":"https:\/\/blog.olimar.de\/monsaraz\/#breadcrumb"},"inLanguage":"de","potentialAction":[{"@type":"ReadAction","target":["https:\/\/blog.olimar.de\/monsaraz\/"]}]},{"@type":"ImageObject","inLanguage":"de","@id":"https:\/\/blog.olimar.de\/monsaraz\/#primaryimage","url":"https:\/\/blog.olimar.de\/wp-content\/uploads\/2019\/06\/PT-Alentejo-Monsaraz-c-FN03337.jpg","contentUrl":"https:\/\/blog.olimar.de\/wp-content\/uploads\/2019\/06\/PT-Alentejo-Monsaraz-c-FN03337.jpg","width":1914,"height":1080,"caption":"Blick \u00fcber Monsaraz im Alentejo"},{"@type":"BreadcrumbList","@id":"https:\/\/blog.olimar.de\/monsaraz\/#breadcrumb","itemListElement":[{"@type":"ListItem","position":1,"name":"Home","item":"https:\/\/blog.olimar.de\/"},{"@type":"ListItem","position":2,"name":"Alentejo","item":"https:\/\/blog.olimar.de\/tag\/alentejo\/"},{"@type":"ListItem","position":3,"name":"Monsaraz: M\u00e4rchenburg aus Schieferstein im Herzen des Alentejo"}]},{"@type":"WebSite","@id":"https:\/\/blog.olimar.de\/#website","url":"https:\/\/blog.olimar.de\/","name":"OLIMAR.com","description":"","publisher":{"@id":"https:\/\/blog.olimar.de\/#organization"},"potentialAction":[{"@type":"SearchAction","target":{"@type":"EntryPoint","urlTemplate":"https:\/\/blog.olimar.de\/?s={search_term_string}"},"query-input":{"@type":"PropertyValueSpecification","valueRequired":true,"valueName":"search_term_string"}}],"inLanguage":"de"},{"@type":"Organization","@id":"https:\/\/blog.olimar.de\/#organization","name":"OLIMAR Reisen","url":"https:\/\/blog.olimar.de\/","logo":{"@type":"ImageObject","inLanguage":"de","@id":"https:\/\/blog.olimar.de\/#\/schema\/logo\/image\/","url":"https:\/\/blog.olimar.de\/wp-content\/uploads\/2021\/01\/OLIMAR_Logo_COLOR.png","contentUrl":"https:\/\/blog.olimar.de\/wp-content\/uploads\/2021\/01\/OLIMAR_Logo_COLOR.png","width":2000,"height":986,"caption":"OLIMAR Reisen"},"image":{"@id":"https:\/\/blog.olimar.de\/#\/schema\/logo\/image\/"},"sameAs":["https:\/\/www.facebook.com\/OlimarReisen","https:\/\/x.com\/olimarrreisen","https:\/\/www.instagram.com\/olimarreisen","https:\/\/www.youtube.com\/user\/olimarreisen"]}]}},"modified_by":"Lena Radermacher","jetpack_featured_media_url":"https:\/\/blog.olimar.de\/wp-content\/uploads\/2019\/06\/PT-Alentejo-Monsaraz-c-FN03337.jpg","_links":{"self":[{"href":"https:\/\/blog.olimar.de\/wp-json\/wp\/v2\/posts\/11435","targetHints":{"allow":["GET"]}}],"collection":[{"href":"https:\/\/blog.olimar.de\/wp-json\/wp\/v2\/posts"}],"about":[{"href":"https:\/\/blog.olimar.de\/wp-json\/wp\/v2\/types\/post"}],"author":[{"embeddable":true,"href":"https:\/\/blog.olimar.de\/wp-json\/wp\/v2\/users\/70"}],"replies":[{"embeddable":true,"href":"https:\/\/blog.olimar.de\/wp-json\/wp\/v2\/comments?post=11435"}],"version-history":[{"count":30,"href":"https:\/\/blog.olimar.de\/wp-json\/wp\/v2\/posts\/11435\/revisions"}],"predecessor-version":[{"id":22259,"href":"https:\/\/blog.olimar.de\/wp-json\/wp\/v2\/posts\/11435\/revisions\/22259"}],"wp:featuredmedia":[{"embeddable":true,"href":"https:\/\/blog.olimar.de\/wp-json\/wp\/v2\/media\/11439"}],"wp:attachment":[{"href":"https:\/\/blog.olimar.de\/wp-json\/wp\/v2\/media?parent=11435"}],"wp:term":[{"taxonomy":"category","embeddable":true,"href":"https:\/\/blog.olimar.de\/wp-json\/wp\/v2\/categories?post=11435"},{"taxonomy":"post_tag","embeddable":true,"href":"https:\/\/blog.olimar.de\/wp-json\/wp\/v2\/tags?post=11435"}],"curies":[{"name":"wp","href":"https:\/\/api.w.org\/{rel}","templated":true}]}}