{"id":11511,"date":"2019-07-05T11:37:08","date_gmt":"2019-07-05T09:37:08","guid":{"rendered":"https:\/\/blog.olimar.de\/?p=11511"},"modified":"2022-10-26T16:13:44","modified_gmt":"2022-10-26T15:13:44","slug":"korkernte-in-portugal","status":"publish","type":"post","link":"https:\/\/blog.olimar.de\/korkernte-in-portugal\/","title":{"rendered":"Korkernte in Portugal &#8211; alle Jahre wieder ziehen Korkeichen Ihre &#8220;roten Str\u00fcmpfe&#8221; an"},"content":{"rendered":"\n<p><b>Die Korkeiche in Portugal wurde 2018 zum Baum des Jahres gew\u00e4hlt. Er ist eine wahr portugiesische Kulturidentit\u00e4t und schenkt den Waldarbeitern jedes Jahr wieder Arbeit und Sal\u00e4r. Den Enkeln des Waldbesitzers wird eine solide nachhaltige Existenz. Wir nehmen Dich mit auf eine Reise der Korkernte in Portugal!<\/b><\/p>\n\n\n\n<div class=\"wp-block-buttons is-layout-flex wp-block-buttons-is-layout-flex\">\n<div class=\"wp-block-button is-style-outline is-style-outline--1\"><a class=\"wp-block-button__link has-white-color has-text-color has-background\" href=\"https:\/\/www.olimar.de\/portugal\/\" style=\"background-color:#008c87\">Portugal Reiseangebote und Hoteltipps entdecken<\/a><\/div>\n<\/div>\n\n\n\n<div style=\"height:50px\" aria-hidden=\"true\" class=\"wp-block-spacer\"><\/div>\n\n\n\n<p class=\"wp-block-paragraph\">Innehalten, die leise Musik der Natur genie\u00dfen. Das Rauschen des Windes in den Baumkronen der Schirmpinien und Zedern. Ein Bach gluckst irgendwo in der N\u00e4he. Bienen summen gesch\u00e4ftig im Rosmarinbusch. Der Wald ruht. Bis ein fremdes Ger\u00e4usch ert\u00f6nt. Plop. Dem Ger\u00e4usch folgend, f\u00fchrt ein schmaler, kaum ausgetretener Pfad fort vom Hauptweg direkt in den Wald hinein. Dieser geht im Slalom zwischen B\u00e4umen hindurch, scheinbar ins Nirgendwo, bergauf, bergab, bis zu einem H\u00fcgel, an deren steil abfallenden H\u00e4ngen, Korkeichen stehen. Knorrige, dick gewachsene B\u00e4ume, mit einer wie zu einer Gabel gespaltenen Ast Krone, deren \u00c4ste sich aufspreizen und ausbreiten zu einem riesigen Schirm. Sonnenschirm, Sobreiro hei\u00dft dieser Baum in Portugal.  <\/p>\n\n\n\n<figure class=\"wp-block-image\"><img loading=\"lazy\" decoding=\"async\" width=\"1024\" height=\"536\" src=\"https:\/\/blog.olimar.de\/wp-content\/uploads\/2019\/07\/PT-Alentejo-LandscapeB-c-FNgalaxy-1024x536.jpg\" alt=\"Korkeichen Alentejo\" class=\"wp-image-11517\" srcset=\"https:\/\/blog.olimar.de\/wp-content\/uploads\/2019\/07\/PT-Alentejo-LandscapeB-c-FNgalaxy-1024x536.jpg 1024w, https:\/\/blog.olimar.de\/wp-content\/uploads\/2019\/07\/PT-Alentejo-LandscapeB-c-FNgalaxy-300x157.jpg 300w, https:\/\/blog.olimar.de\/wp-content\/uploads\/2019\/07\/PT-Alentejo-LandscapeB-c-FNgalaxy-768x402.jpg 768w\" sizes=\"auto, (max-width: 1024px) 100vw, 1024px\" \/><figcaption>Korkeichen Alentejo <\/figcaption><\/figure>\n\n\n\n<h2>Arbeiten in steilen H\u00e4ngen: Korkernte in Portugal<\/h2>\n<p>Unter einem Medronho-Busch steht eine K\u00fchltasche. Kalte Getr\u00e4nke und eine leichte Mahlzeit f\u00fcr die drei M\u00e4nner, die seit Sonnenaufgang hier im Wald arbeiten. Die St\u00e4mme der m\u00e4chtigen Korkeichenb\u00e4ume an den steilen H\u00e4ngen in der Serra de Monchique im Westen der <a href=\"https:\/\/www.olimar.de\/portugal\/algarve\/\" rel=\"noreferrer noopener\" aria-label=\"Algarve (opens in a new tab)\">Algarve<\/a>, oder in der Serra de Caldeir\u00e3o bei S\u00e3o Bras de Alportel im Osten, werden von Korkschwamm befreien.<\/p>\n\n\n\n<h3>Die anfallende Arbeit f\u00fcr die Drei Arbeitenden<\/h3>\n<p>Einer arbeitet unten am Stamm, der zweite klettert mit einer Leiter bis in die Astgabel hinauf und arbeitet in luftiger H\u00f6he. Beide Waldarbeiter tragen keine Schutzkleidung, keinen Helm, nicht einmal Arbeitshandschuhe. Ihre Gesichter gl\u00e4nzen im Angesicht der Arbeit, die hinter ihnen liegt. Etwa drei\u00dfig B\u00e4umen haben sie heute bereits den Korkschwamm vom Mutterstamm gel\u00f6st. Wie eh und je in Handarbeit und Baum f\u00fcr Baum.<\/p>\n\n\n\n<figure class=\"wp-block-image\"><img loading=\"lazy\" decoding=\"async\" width=\"768\" height=\"1024\" src=\"https:\/\/blog.olimar.de\/wp-content\/uploads\/2019\/07\/Korkernte-Arbeiter-Leiter-768x1024.jpg\" alt=\"Arbeiter bei der Korkernte in Portugal\" class=\"wp-image-11518\" srcset=\"https:\/\/blog.olimar.de\/wp-content\/uploads\/2019\/07\/Korkernte-Arbeiter-Leiter-768x1024.jpg 768w, https:\/\/blog.olimar.de\/wp-content\/uploads\/2019\/07\/Korkernte-Arbeiter-Leiter-225x300.jpg 225w, https:\/\/blog.olimar.de\/wp-content\/uploads\/2019\/07\/Korkernte-Arbeiter-Leiter-420x560.jpg 420w, https:\/\/blog.olimar.de\/wp-content\/uploads\/2019\/07\/Korkernte-Arbeiter-Leiter.jpg 1056w\" sizes=\"auto, (max-width: 768px) 100vw, 768px\" \/><figcaption>Arbeiter bei der Korkernte in Portugal<\/figcaption><\/figure>\n\n\n\n<figure class=\"wp-block-image\"><img loading=\"lazy\" decoding=\"async\" width=\"1024\" height=\"768\" src=\"https:\/\/blog.olimar.de\/wp-content\/uploads\/2019\/07\/Korkernte-Abtransport-1024x768.jpg\" alt=\"Abtransport von Kork in Portugal\" class=\"wp-image-11519\" srcset=\"https:\/\/blog.olimar.de\/wp-content\/uploads\/2019\/07\/Korkernte-Abtransport-1024x768.jpg 1024w, https:\/\/blog.olimar.de\/wp-content\/uploads\/2019\/07\/Korkernte-Abtransport-300x225.jpg 300w, https:\/\/blog.olimar.de\/wp-content\/uploads\/2019\/07\/Korkernte-Abtransport-768x576.jpg 768w, https:\/\/blog.olimar.de\/wp-content\/uploads\/2019\/07\/Korkernte-Abtransport.jpg 1355w\" sizes=\"auto, (max-width: 1024px) 100vw, 1024px\" \/><figcaption>Abtransport von Kork <\/figcaption><\/figure>\n\n\n\n<p>Der Dritte im Bunde ist der Tr\u00e4ger. Er schultert den geernteten Kork und tr\u00e4gt ihn zur\u00fcck zum Hauptweg zum abgestellten Anh\u00e4nger, den der Patr\u00e3o, der Waldbesitzer, sp\u00e4ter voll beladen abholt, mit den drei M\u00e4nnern in den n\u00e4chsten Ort f\u00e4hrt und dort zu Mittag mit ihnen isst, bevor sie am Nachmittag die kr\u00e4ftezehrende Korkernte fortsetzen.<\/p>\n\n\n\n<h3>Traditionen werden weitergegeben&nbsp;<\/h3>\n<p>Die Drei unterbrechen ihre Arbeit, nehmen dankbar das angebotene eiskalte Bier und lassen es sich schmecken. Die zwei Korksch\u00e4ler sind Waldarbeiter. Von Mai bis August sch\u00e4len sie Korkeichen, in den restlichen Monaten des Jahres arbeiten sie in S\u00e4gewerken, Baumschulen oder Plantagen. Kork sch\u00e4len gelernt haben die Beiden in keiner Schule, sondern von ihren V\u00e4tern. Daf\u00fcr braucht man keine B\u00fccher, sondern die Liebe zum Baum und zu Mutter Erde, erkl\u00e4ren sie. Der Dritte ist eigentlich Pharmazeut, aber seit einigen Monaten arbeitslos, und verdingt sich mit der Arbeit als Tr\u00e4ger von Korkst\u00fccken momentan als Tagel\u00f6hner.<\/p>\n\n\n\n<h2>Korkernte in Portugal: Kork sch\u00e4len<\/h2>\n<p>F\u00fcr die Korkernte braucht man Fingerspitzengef\u00fchl, um den Stamm nicht zu verletzen, erkl\u00e4ren die Waldarbeiter. Sie zeigen Schritt f\u00fcr Schritt, wie das mit dem Kork sch\u00e4len, oder abl\u00f6sen, oder abrei\u00dfen, oder wie eigentlich, funktioniert:&nbsp; Mit einem seichten Wurf geworfen, spaltet die abgerundete Klinge einer kurzstieligen Axt den Korkschwamm au\u00dfen am Baum. Die Rinde \u00f6ffnet sich spr\u00f6de geworden durch den beginnenden Sommer, mit eben diesem charakteristischen Plop. Danach \u00f6ffnet der Waldarbeiter die Rinde um den Stamm herum und jeweils auf beiden Seiten des Baumfu\u00dfes von oben nach unten. Anschlie\u00dfend dreht er die Axt um und schiebt die abgerundete Stiel-Spitze zwischen Schwamm und Stamm. Er hebelt den Korkschwamm in gro\u00dfen, halbrunden St\u00fccken mit Muskelkraft vom Baum.<\/p>\n\n\n\n<figure class=\"wp-block-image\"><img loading=\"lazy\" decoding=\"async\" width=\"768\" height=\"1024\" src=\"https:\/\/blog.olimar.de\/wp-content\/uploads\/2019\/07\/Korkernte-Abloesen-768x1024.jpg\" alt=\"Abl\u00f6sen der Rinde von der Korkeiche\" class=\"wp-image-11521\" srcset=\"https:\/\/blog.olimar.de\/wp-content\/uploads\/2019\/07\/Korkernte-Abloesen-768x1024.jpg 768w, https:\/\/blog.olimar.de\/wp-content\/uploads\/2019\/07\/Korkernte-Abloesen-225x300.jpg 225w, https:\/\/blog.olimar.de\/wp-content\/uploads\/2019\/07\/Korkernte-Abloesen-420x560.jpg 420w, https:\/\/blog.olimar.de\/wp-content\/uploads\/2019\/07\/Korkernte-Abloesen.jpg 996w\" sizes=\"auto, (max-width: 768px) 100vw, 768px\" \/><figcaption>Abl\u00f6sen der Rinde von der Korkeiche<\/figcaption><\/figure>\n\n\n\n<p class=\"wp-block-paragraph\">Diese Korkrindenst\u00fccke sind etwa 1,30 Meter hoch und hei\u00dfen Prancha<em>. <\/em>Innen sieht man eine feine Kapillarstruktur, die den Korkschwamm am Stamm festh\u00e4lt, au\u00dfen die knorrig gewachsene Borke. Dazwischen liegt der Korkschwamm mit seiner einzigartigen Struktur. Je \u00e4lter der Baum, je dicker, dichter, weicher, je gleichm\u00e4\u00dfiger ziert die filigrane beigefarbene Struktur den Schwamm, desto h\u00f6her steigt der Wert. Vom Stamm l\u00f6sen kann man Kork blo\u00df zwischen Mitte Mai und Ende Juli, wenn zwischen Stamm und Schwamm ein Vakuum entsteht, sonst w\u00fcrde der Kork splittern und zerbr\u00f6seln.<\/p>\n\n\n\n<figure class=\"wp-block-image\"><img loading=\"lazy\" decoding=\"async\" width=\"768\" height=\"1024\" src=\"https:\/\/blog.olimar.de\/wp-content\/uploads\/2019\/07\/Korkernte-Ertrag-768x1024.jpg\" alt=\"Korkernte Ertrag\" class=\"wp-image-11523\" srcset=\"https:\/\/blog.olimar.de\/wp-content\/uploads\/2019\/07\/Korkernte-Ertrag-768x1024.jpg 768w, https:\/\/blog.olimar.de\/wp-content\/uploads\/2019\/07\/Korkernte-Ertrag-225x300.jpg 225w, https:\/\/blog.olimar.de\/wp-content\/uploads\/2019\/07\/Korkernte-Ertrag-420x560.jpg 420w, https:\/\/blog.olimar.de\/wp-content\/uploads\/2019\/07\/Korkernte-Ertrag.jpg 888w\" sizes=\"auto, (max-width: 768px) 100vw, 768px\" \/><figcaption>Korkernte Ertrag<\/figcaption><\/figure>\n\n\n\n<figure class=\"wp-block-image\"><img loading=\"lazy\" decoding=\"async\" width=\"1024\" height=\"717\" src=\"https:\/\/blog.olimar.de\/wp-content\/uploads\/2019\/07\/Korkernte-LKW-1024x717.jpg\" alt=\"LKW mit Korkrinde\" class=\"wp-image-11525\" srcset=\"https:\/\/blog.olimar.de\/wp-content\/uploads\/2019\/07\/Korkernte-LKW.jpg 1024w, https:\/\/blog.olimar.de\/wp-content\/uploads\/2019\/07\/Korkernte-LKW-300x210.jpg 300w, https:\/\/blog.olimar.de\/wp-content\/uploads\/2019\/07\/Korkernte-LKW-768x538.jpg 768w\" sizes=\"auto, (max-width: 1024px) 100vw, 1024px\" \/><figcaption>LKW mit Korkrinde<\/figcaption><\/figure>\n\n\n\n<h2>Top-1-Export-G\u00fcter: Kork<\/h2>\n\n\n\n<p class=\"wp-block-paragraph\">Das \u00e4lteste Export-Produkt Portugals z\u00e4hlt gleichzeitig noch zu den Nummer Eins Export-G\u00fctern des Landes. <a href=\"https:\/\/olimar.de\/portugal\/\">Portugal<\/a> ist der weltgr\u00f6\u00dfte Korkproduzent und Lieferant. Mit Hochtechnologie wird der Korkschwamm zuerst von der Borke befreit, dann begradigt und anschlie\u00dfend zu ganz verschiedenen Produkten weiterverarbeitet. Zu Weinkorken nat\u00fcrlich, doch das ist kaum mehr lukrativ genug. Daf\u00fcr hat sich Kork als strapazierf\u00e4higes und vielseitig verwendbares Material in der Modebranche l\u00e4ngst ganz oben im Trend-Sujet der sogenannten must-have-accessoires einen Platz erobert und schm\u00fcckt, zur Handtasche, zum Schuh, Hut oder Kappe, gar zu Schmuck verarbeitet, Sie und Ihn.<\/p>\n\n\n\n<h2>Korkeichen ist f\u00fcr den Enkel<\/h2>\n<p>Korkeichen kultivieren ist ein Generationenvertrag. Der Waldbauer pflanzt Eukalyptus f\u00fcr seine eigene Existenz, Kastanien und Kieferb\u00e4ume f\u00fcr seinen Sohn &#8211; und Korkeichen f\u00fcr seinen Enkel. Ein Scherflein an Mutter Natur, denn die Korkeiche wacht \u00fcber den Wald, spendet dem Boden und den Tieren Schatten, b\u00fcndelt N\u00e4hrstoffe, und speichert Wasser. Jeder Baumspr\u00f6ssling muss aber erst drei\u00dfig Jahre lang bis zur ersten Ernte wachsen. Die erste Ausbeute hei\u00dft Jungfrauenkork. Der Schwamm ist uneben pelzig. Dieser Kork wird geschreddert und in der Bauindustrie zu Granulat verarbeitet. Kork als alternativer und nachhaltiger Naturstoff in der Baubranche sorgt in Neubauten f\u00fcr gesundes Raumklima und in Theatern f\u00fcr eine hervorragende Akustik.<\/p>\n<h2>Warum \u201erote Str\u00fcmpfe?&#8221;<\/h2>\n\n\n\n<p class=\"wp-block-paragraph\">Nach\njeder Ernte ben\u00f6tigt jeder Baum wieder eine Dekade, bis der Schwamm dick genug\nist, damit man ihn vom Stamm l\u00f6sen kann. Frisch geerntet, gl\u00e4nzt der Stamm dann\ntonerdenrot, als tr\u00fcgen die B\u00e4ume \u201erote Str\u00fcmpfe\u201c. Eine Zahl am Ast verr\u00e4t,\nwann dieser Baum wieder reif zur n\u00e4chsten Ernte ist. In diesem Jahr markiert eine\nNeun die nackten St\u00e4mme. Somit dauert es bis 2029 bis zur n\u00e4chsten Ernte.<\/p>\n\n\n\n<figure class=\"wp-block-image\"><img loading=\"lazy\" decoding=\"async\" width=\"1024\" height=\"576\" src=\"https:\/\/blog.olimar.de\/wp-content\/uploads\/2019\/07\/Korkeichen-1024x576.jpg\" alt=\"Korkeichen\" class=\"wp-image-11527\" srcset=\"https:\/\/blog.olimar.de\/wp-content\/uploads\/2019\/07\/Korkeichen.jpg 1024w, https:\/\/blog.olimar.de\/wp-content\/uploads\/2019\/07\/Korkeichen-300x169.jpg 300w, https:\/\/blog.olimar.de\/wp-content\/uploads\/2019\/07\/Korkeichen-768x432.jpg 768w\" sizes=\"auto, (max-width: 1024px) 100vw, 1024px\" \/><figcaption>Korkeichen mit roten Str\u00fcmpfen <\/figcaption><\/figure>\n\n\n\n<figure class=\"wp-block-image\"><img loading=\"lazy\" decoding=\"async\" width=\"680\" height=\"1024\" src=\"https:\/\/blog.olimar.de\/wp-content\/uploads\/2019\/07\/Korkernte-Korkeiche-Jahreszahl-680x1024.jpg\" alt=\"Baumstamm\" class=\"wp-image-11528\" srcset=\"https:\/\/blog.olimar.de\/wp-content\/uploads\/2019\/07\/Korkernte-Korkeiche-Jahreszahl.jpg 680w, https:\/\/blog.olimar.de\/wp-content\/uploads\/2019\/07\/Korkernte-Korkeiche-Jahreszahl-199x300.jpg 199w\" sizes=\"auto, (max-width: 680px) 100vw, 680px\" \/><figcaption>Baumstamm der Korkeiche <\/figcaption><\/figure>\n\n\n\n<div class=\"wp-block-buttons is-layout-flex wp-block-buttons-is-layout-flex\">\n<div class=\"wp-block-button is-style-outline is-style-outline--2\"><a class=\"wp-block-button__link has-white-color has-text-color has-background\" href=\"https:\/\/www.olimar.de\/hotellistung\/\" style=\"background-color:#008c87\">Jetzt Urlaubsangebote finden und buchen<\/a><\/div>\n<\/div>\n\n\n\n<div style=\"height:100px\" aria-hidden=\"true\" class=\"wp-block-spacer\"><\/div>\n\n\n","protected":false},"excerpt":{"rendered":"<p>Die Korkeiche in Portugal wurde 2018 zum Baum des Jahres gew\u00e4hlt. Er ist eine wahr portugiesische Kulturidentit\u00e4t und schenkt den Waldarbeitern jedes Jahr wieder Arbeit und Sal\u00e4r. Den Enkeln des Waldbesitzers wird eine solide nachhaltige Existenz. Wir nehmen Dich mit auf eine Reise der Korkernte in Portugal! Innehalten, die leise Musik der Natur genie\u00dfen. Das Rauschen des Windes in den Baumkronen der Schirmpinien und Zedern. Ein Bach gluckst irgendwo in der N\u00e4he. Bienen summen gesch\u00e4ftig im Rosmarinbusch. Der Wald ruht. Bis ein fremdes Ger\u00e4usch ert\u00f6nt. Plop. Dem Ger\u00e4usch folgend, f\u00fchrt ein schmaler, kaum ausgetretener Pfad fort vom Hauptweg direkt in den &hellip;<\/p>\n","protected":false},"author":70,"featured_media":11515,"comment_status":"open","ping_status":"open","sticky":false,"template":"","format":"standard","meta":{"_crdt_document":"","_lmt_disableupdate":"","_lmt_disable":"","footnotes":""},"categories":[29,31],"tags":[22,24,34],"class_list":["post-11511","post","type-post","status-publish","format-standard","has-post-thumbnail","hentry","category-aktiv-natur","category-land-leute","tag-alentejo","tag-algarve","tag-portugal"],"yoast_head":"<!-- This site is optimized with the Yoast SEO plugin v26.9 - https:\/\/yoast.com\/product\/yoast-seo-wordpress\/ -->\n<title>Korkernte in Portugal - alle Jahre wieder wird gesch\u00e4lt<\/title>\n<meta name=\"description\" content=\"Zwischen Mai und August findet die Korkernte in Portugal statt. Kork ist nach wie vor das wichtigste Exportgut.\" \/>\n<meta name=\"robots\" content=\"index, follow, max-snippet:-1, max-image-preview:large, max-video-preview:-1\" \/>\n<link rel=\"canonical\" href=\"https:\/\/blog.olimar.de\/korkernte-in-portugal\/\" \/>\n<meta property=\"og:locale\" content=\"de_DE\" \/>\n<meta property=\"og:type\" content=\"article\" \/>\n<meta property=\"og:title\" content=\"Korkernte in Portugal - alle Jahre wieder wird gesch\u00e4lt\" \/>\n<meta property=\"og:description\" content=\"Zwischen Mai und August findet die Korkernte in Portugal statt. Kork ist nach wie vor das wichtigste Exportgut.\" \/>\n<meta property=\"og:url\" content=\"https:\/\/blog.olimar.de\/korkernte-in-portugal\/\" \/>\n<meta property=\"article:publisher\" content=\"https:\/\/www.facebook.com\/OlimarReisen\" \/>\n<meta property=\"article:published_time\" content=\"2019-07-05T09:37:08+00:00\" \/>\n<meta property=\"article:modified_time\" content=\"2022-10-26T15:13:44+00:00\" \/>\n<meta property=\"og:image\" content=\"https:\/\/blog.olimar.de\/wp-content\/uploads\/2019\/07\/PT-Algarve-Korkeiche-c-WalzingMeurers2337.jpg\" \/>\n\t<meta property=\"og:image:width\" content=\"1617\" \/>\n\t<meta property=\"og:image:height\" content=\"1080\" \/>\n\t<meta property=\"og:image:type\" content=\"image\/jpeg\" \/>\n<meta name=\"author\" content=\"Catrin Ponciano\" \/>\n<meta name=\"twitter:label1\" content=\"Verfasst von\" \/>\n\t<meta name=\"twitter:data1\" content=\"Catrin Ponciano\" \/>\n\t<meta name=\"twitter:label2\" content=\"Gesch\u00e4tzte Lesezeit\" \/>\n\t<meta name=\"twitter:data2\" content=\"7\u00a0Minuten\" \/>\n<script type=\"application\/ld+json\" class=\"yoast-schema-graph\">{\"@context\":\"https:\/\/schema.org\",\"@graph\":[{\"@type\":\"WebPage\",\"@id\":\"https:\/\/blog.olimar.de\/korkernte-in-portugal\/\",\"url\":\"https:\/\/blog.olimar.de\/korkernte-in-portugal\/\",\"name\":\"Korkernte in Portugal - alle Jahre wieder wird gesch\u00e4lt\",\"isPartOf\":{\"@id\":\"https:\/\/blog.olimar.de\/#website\"},\"primaryImageOfPage\":{\"@id\":\"https:\/\/blog.olimar.de\/korkernte-in-portugal\/#primaryimage\"},\"image\":{\"@id\":\"https:\/\/blog.olimar.de\/korkernte-in-portugal\/#primaryimage\"},\"thumbnailUrl\":\"https:\/\/blog.olimar.de\/wp-content\/uploads\/2019\/07\/PT-Algarve-Korkeiche-c-WalzingMeurers2337.jpg\",\"datePublished\":\"2019-07-05T09:37:08+00:00\",\"dateModified\":\"2022-10-26T15:13:44+00:00\",\"description\":\"Zwischen Mai und August findet die Korkernte in Portugal statt. Kork ist nach wie vor das wichtigste Exportgut.\",\"breadcrumb\":{\"@id\":\"https:\/\/blog.olimar.de\/korkernte-in-portugal\/#breadcrumb\"},\"inLanguage\":\"de\",\"potentialAction\":[{\"@type\":\"ReadAction\",\"target\":[\"https:\/\/blog.olimar.de\/korkernte-in-portugal\/\"]}]},{\"@type\":\"ImageObject\",\"inLanguage\":\"de\",\"@id\":\"https:\/\/blog.olimar.de\/korkernte-in-portugal\/#primaryimage\",\"url\":\"https:\/\/blog.olimar.de\/wp-content\/uploads\/2019\/07\/PT-Algarve-Korkeiche-c-WalzingMeurers2337.jpg\",\"contentUrl\":\"https:\/\/blog.olimar.de\/wp-content\/uploads\/2019\/07\/PT-Algarve-Korkeiche-c-WalzingMeurers2337.jpg\",\"width\":1617,\"height\":1080,\"caption\":\"Korkeiche Portugal gesch\u00e4lt\"},{\"@type\":\"BreadcrumbList\",\"@id\":\"https:\/\/blog.olimar.de\/korkernte-in-portugal\/#breadcrumb\",\"itemListElement\":[{\"@type\":\"ListItem\",\"position\":1,\"name\":\"Home\",\"item\":\"https:\/\/blog.olimar.de\/\"},{\"@type\":\"ListItem\",\"position\":2,\"name\":\"Alentejo\",\"item\":\"https:\/\/blog.olimar.de\/tag\/alentejo\/\"},{\"@type\":\"ListItem\",\"position\":3,\"name\":\"Korkernte in Portugal &#8211; alle Jahre wieder ziehen Korkeichen Ihre &#8222;roten Str\u00fcmpfe&#8220; an\"}]},{\"@type\":\"WebSite\",\"@id\":\"https:\/\/blog.olimar.de\/#website\",\"url\":\"https:\/\/blog.olimar.de\/\",\"name\":\"OLIMAR.com\",\"description\":\"\",\"publisher\":{\"@id\":\"https:\/\/blog.olimar.de\/#organization\"},\"potentialAction\":[{\"@type\":\"SearchAction\",\"target\":{\"@type\":\"EntryPoint\",\"urlTemplate\":\"https:\/\/blog.olimar.de\/?s={search_term_string}\"},\"query-input\":{\"@type\":\"PropertyValueSpecification\",\"valueRequired\":true,\"valueName\":\"search_term_string\"}}],\"inLanguage\":\"de\"},{\"@type\":\"Organization\",\"@id\":\"https:\/\/blog.olimar.de\/#organization\",\"name\":\"OLIMAR Reisen\",\"url\":\"https:\/\/blog.olimar.de\/\",\"logo\":{\"@type\":\"ImageObject\",\"inLanguage\":\"de\",\"@id\":\"https:\/\/blog.olimar.de\/#\/schema\/logo\/image\/\",\"url\":\"https:\/\/blog.olimar.de\/wp-content\/uploads\/2021\/01\/OLIMAR_Logo_COLOR.png\",\"contentUrl\":\"https:\/\/blog.olimar.de\/wp-content\/uploads\/2021\/01\/OLIMAR_Logo_COLOR.png\",\"width\":2000,\"height\":986,\"caption\":\"OLIMAR Reisen\"},\"image\":{\"@id\":\"https:\/\/blog.olimar.de\/#\/schema\/logo\/image\/\"},\"sameAs\":[\"https:\/\/www.facebook.com\/OlimarReisen\",\"https:\/\/x.com\/olimarrreisen\",\"https:\/\/www.instagram.com\/olimarreisen\",\"https:\/\/www.youtube.com\/user\/olimarreisen\"]}]}<\/script>\n<!-- \/ Yoast SEO plugin. -->","yoast_head_json":{"title":"Korkernte in Portugal - alle Jahre wieder wird gesch\u00e4lt","description":"Zwischen Mai und August findet die Korkernte in Portugal statt. Kork ist nach wie vor das wichtigste Exportgut.","robots":{"index":"index","follow":"follow","max-snippet":"max-snippet:-1","max-image-preview":"max-image-preview:large","max-video-preview":"max-video-preview:-1"},"canonical":"https:\/\/blog.olimar.de\/korkernte-in-portugal\/","og_locale":"de_DE","og_type":"article","og_title":"Korkernte in Portugal - alle Jahre wieder wird gesch\u00e4lt","og_description":"Zwischen Mai und August findet die Korkernte in Portugal statt. Kork ist nach wie vor das wichtigste Exportgut.","og_url":"https:\/\/blog.olimar.de\/korkernte-in-portugal\/","article_publisher":"https:\/\/www.facebook.com\/OlimarReisen","article_published_time":"2019-07-05T09:37:08+00:00","article_modified_time":"2022-10-26T15:13:44+00:00","og_image":[{"width":1617,"height":1080,"url":"https:\/\/blog.olimar.de\/wp-content\/uploads\/2019\/07\/PT-Algarve-Korkeiche-c-WalzingMeurers2337.jpg","type":"image\/jpeg"}],"author":"Catrin Ponciano","twitter_misc":{"Verfasst von":"Catrin Ponciano","Gesch\u00e4tzte Lesezeit":"7\u00a0Minuten"},"schema":{"@context":"https:\/\/schema.org","@graph":[{"@type":"WebPage","@id":"https:\/\/blog.olimar.de\/korkernte-in-portugal\/","url":"https:\/\/blog.olimar.de\/korkernte-in-portugal\/","name":"Korkernte in Portugal - alle Jahre wieder wird gesch\u00e4lt","isPartOf":{"@id":"https:\/\/blog.olimar.de\/#website"},"primaryImageOfPage":{"@id":"https:\/\/blog.olimar.de\/korkernte-in-portugal\/#primaryimage"},"image":{"@id":"https:\/\/blog.olimar.de\/korkernte-in-portugal\/#primaryimage"},"thumbnailUrl":"https:\/\/blog.olimar.de\/wp-content\/uploads\/2019\/07\/PT-Algarve-Korkeiche-c-WalzingMeurers2337.jpg","datePublished":"2019-07-05T09:37:08+00:00","dateModified":"2022-10-26T15:13:44+00:00","description":"Zwischen Mai und August findet die Korkernte in Portugal statt. Kork ist nach wie vor das wichtigste Exportgut.","breadcrumb":{"@id":"https:\/\/blog.olimar.de\/korkernte-in-portugal\/#breadcrumb"},"inLanguage":"de","potentialAction":[{"@type":"ReadAction","target":["https:\/\/blog.olimar.de\/korkernte-in-portugal\/"]}]},{"@type":"ImageObject","inLanguage":"de","@id":"https:\/\/blog.olimar.de\/korkernte-in-portugal\/#primaryimage","url":"https:\/\/blog.olimar.de\/wp-content\/uploads\/2019\/07\/PT-Algarve-Korkeiche-c-WalzingMeurers2337.jpg","contentUrl":"https:\/\/blog.olimar.de\/wp-content\/uploads\/2019\/07\/PT-Algarve-Korkeiche-c-WalzingMeurers2337.jpg","width":1617,"height":1080,"caption":"Korkeiche Portugal gesch\u00e4lt"},{"@type":"BreadcrumbList","@id":"https:\/\/blog.olimar.de\/korkernte-in-portugal\/#breadcrumb","itemListElement":[{"@type":"ListItem","position":1,"name":"Home","item":"https:\/\/blog.olimar.de\/"},{"@type":"ListItem","position":2,"name":"Alentejo","item":"https:\/\/blog.olimar.de\/tag\/alentejo\/"},{"@type":"ListItem","position":3,"name":"Korkernte in Portugal &#8211; alle Jahre wieder ziehen Korkeichen Ihre &#8222;roten Str\u00fcmpfe&#8220; an"}]},{"@type":"WebSite","@id":"https:\/\/blog.olimar.de\/#website","url":"https:\/\/blog.olimar.de\/","name":"OLIMAR.com","description":"","publisher":{"@id":"https:\/\/blog.olimar.de\/#organization"},"potentialAction":[{"@type":"SearchAction","target":{"@type":"EntryPoint","urlTemplate":"https:\/\/blog.olimar.de\/?s={search_term_string}"},"query-input":{"@type":"PropertyValueSpecification","valueRequired":true,"valueName":"search_term_string"}}],"inLanguage":"de"},{"@type":"Organization","@id":"https:\/\/blog.olimar.de\/#organization","name":"OLIMAR Reisen","url":"https:\/\/blog.olimar.de\/","logo":{"@type":"ImageObject","inLanguage":"de","@id":"https:\/\/blog.olimar.de\/#\/schema\/logo\/image\/","url":"https:\/\/blog.olimar.de\/wp-content\/uploads\/2021\/01\/OLIMAR_Logo_COLOR.png","contentUrl":"https:\/\/blog.olimar.de\/wp-content\/uploads\/2021\/01\/OLIMAR_Logo_COLOR.png","width":2000,"height":986,"caption":"OLIMAR Reisen"},"image":{"@id":"https:\/\/blog.olimar.de\/#\/schema\/logo\/image\/"},"sameAs":["https:\/\/www.facebook.com\/OlimarReisen","https:\/\/x.com\/olimarrreisen","https:\/\/www.instagram.com\/olimarreisen","https:\/\/www.youtube.com\/user\/olimarreisen"]}]}},"modified_by":"Lena Radermacher","jetpack_featured_media_url":"https:\/\/blog.olimar.de\/wp-content\/uploads\/2019\/07\/PT-Algarve-Korkeiche-c-WalzingMeurers2337.jpg","_links":{"self":[{"href":"https:\/\/blog.olimar.de\/wp-json\/wp\/v2\/posts\/11511","targetHints":{"allow":["GET"]}}],"collection":[{"href":"https:\/\/blog.olimar.de\/wp-json\/wp\/v2\/posts"}],"about":[{"href":"https:\/\/blog.olimar.de\/wp-json\/wp\/v2\/types\/post"}],"author":[{"embeddable":true,"href":"https:\/\/blog.olimar.de\/wp-json\/wp\/v2\/users\/70"}],"replies":[{"embeddable":true,"href":"https:\/\/blog.olimar.de\/wp-json\/wp\/v2\/comments?post=11511"}],"version-history":[{"count":35,"href":"https:\/\/blog.olimar.de\/wp-json\/wp\/v2\/posts\/11511\/revisions"}],"predecessor-version":[{"id":20541,"href":"https:\/\/blog.olimar.de\/wp-json\/wp\/v2\/posts\/11511\/revisions\/20541"}],"wp:featuredmedia":[{"embeddable":true,"href":"https:\/\/blog.olimar.de\/wp-json\/wp\/v2\/media\/11515"}],"wp:attachment":[{"href":"https:\/\/blog.olimar.de\/wp-json\/wp\/v2\/media?parent=11511"}],"wp:term":[{"taxonomy":"category","embeddable":true,"href":"https:\/\/blog.olimar.de\/wp-json\/wp\/v2\/categories?post=11511"},{"taxonomy":"post_tag","embeddable":true,"href":"https:\/\/blog.olimar.de\/wp-json\/wp\/v2\/tags?post=11511"}],"curies":[{"name":"wp","href":"https:\/\/api.w.org\/{rel}","templated":true}]}}