{"id":11707,"date":"2019-08-09T13:21:09","date_gmt":"2019-08-09T11:21:09","guid":{"rendered":"https:\/\/blog.olimar.de\/?p=11707"},"modified":"2022-10-27T18:46:01","modified_gmt":"2022-10-27T17:46:01","slug":"nazare-big-wave-surfing","status":"publish","type":"post","link":"https:\/\/blog.olimar.de\/nazare-big-wave-surfing\/","title":{"rendered":"Die perfekte Welle von Nazar\u00e9: Big Wave Surfing in Portugal"},"content":{"rendered":"\n<p><strong>Der portugiesische K\u00fcstenort Nazar\u00e9&nbsp; in Portugals Centro&nbsp; ist seit einigen Jahren das Mekka der Big-Wave-Surfer. Die spektakul\u00e4re Brandung macht den beschaulichen Ort zum Anziehungspunkt f\u00fcr Extremsurfer. Hier rollen die gr\u00f6\u00dften Wellen der Welt an die K\u00fcste, die eindrucksvoll nur wenige Hundert Meter vom Land entfernt brechen, so dass Zuschauer den tosenden Atlantik und die gewagten Wellenritte hautnah vom Strand aus erleben k\u00f6nnen.<\/strong><\/p>\n\n\n\n<div class=\"wp-block-buttons is-layout-flex wp-block-buttons-is-layout-flex\">\n<div class=\"wp-block-button is-style-outline is-style-outline--1\"><a class=\"wp-block-button__link has-white-color has-text-color has-background\" href=\"https:\/\/www.olimar.de\/aktivurlaub\/surfen-portugal\/\" style=\"background-color:#008c87\">Surfen in Portugal Reiseangebote und Hoteltipps entdecken<\/a><\/div>\n<\/div>\n\n\n\n<div style=\"height:50px\" aria-hidden=\"true\" class=\"wp-block-spacer\"><\/div>\n\n\n\n<p>Nazar\u00e9 liegt etwa 120 Kilometer n\u00f6rdlich von Lissabon entfernt. Der Surfspot befindet sich am n\u00f6rdlichen Rand des Ortes, an der wilden und rauen Praia do Norte. Direkt neben einem Felsvorsprung und unterhalb der denkmalgesch\u00fctzten Festung S\u00e3o Miguel Acanjo, in der ein kleines BigWave-Museum untergebracht ist. In dem Museum ist die Entstehung der Monsterwellen erl\u00e4utert: Unmittelbar vor der K\u00fcste endet eine circa 230 Kilometer lange Meeresschlucht. Es kommt zu einer Tiefe von bis zu 5.000 Metern, wodurch sich sehr gro\u00dfe Unterschiede in der Wassertiefe ergeben. Die ankommende Welle kann sich mit ihrer vollen Kraft entladen.<\/p>\n\n\n\n<figure class=\"wp-block-image\"><img loading=\"lazy\" decoding=\"async\" width=\"1024\" height=\"683\" src=\"https:\/\/blog.olimar.de\/wp-content\/uploads\/2019\/08\/nazare-4317254_1920-1024x683.jpg\" alt=\"Wellen am Strand Nazar\u00e9\" class=\"wp-image-11725\" srcset=\"https:\/\/blog.olimar.de\/wp-content\/uploads\/2019\/08\/nazare-4317254_1920-1024x683.jpg 1024w, https:\/\/blog.olimar.de\/wp-content\/uploads\/2019\/08\/nazare-4317254_1920-300x200.jpg 300w, https:\/\/blog.olimar.de\/wp-content\/uploads\/2019\/08\/nazare-4317254_1920-768x512.jpg 768w, https:\/\/blog.olimar.de\/wp-content\/uploads\/2019\/08\/nazare-4317254_1920-840x560.jpg 840w, https:\/\/blog.olimar.de\/wp-content\/uploads\/2019\/08\/nazare-4317254_1920-1200x800.jpg 1200w, https:\/\/blog.olimar.de\/wp-content\/uploads\/2019\/08\/nazare-4317254_1920.jpg 1920w\" sizes=\"auto, (max-width: 1024px) 100vw, 1024px\" \/><figcaption>Wellen am Strand Nazar\u00e9<\/figcaption><\/figure>\n\n\n\n<h2>Bis zu 20 Meter Hoch<\/h2>\n<p>Bei entsprechenden Windbedingungen wird eine starke Str\u00f6mung entlang des Strandes an dem Felsvorsprung vorbei in das Meer geleitet. In der Surfersprache eine so genannte Riptide, durch die sich ein weiteres \u201eAufschaukeln\u201c der Welle ergibt. Wenn die Wellen mit einer H\u00f6he von 12 Meter auf die K\u00fcsten zulaufen, werden sie h\u00f6her und h\u00f6her und brechen schlie\u00dflich auf 20 Meter und mehr.<\/p>\n\n\n\n<figure class=\"wp-block-image\"><img loading=\"lazy\" decoding=\"async\" width=\"1024\" height=\"768\" src=\"https:\/\/blog.olimar.de\/wp-content\/uploads\/2019\/08\/Big-Wave-Tor-1024x768.jpg\" alt=\"Surfer Willkommensschild Nazar\u00e9\" class=\"wp-image-11716\" srcset=\"https:\/\/blog.olimar.de\/wp-content\/uploads\/2019\/08\/Big-Wave-Tor-1024x768.jpg 1024w, https:\/\/blog.olimar.de\/wp-content\/uploads\/2019\/08\/Big-Wave-Tor-300x225.jpg 300w, https:\/\/blog.olimar.de\/wp-content\/uploads\/2019\/08\/Big-Wave-Tor-768x576.jpg 768w, https:\/\/blog.olimar.de\/wp-content\/uploads\/2019\/08\/Big-Wave-Tor.jpg 1440w\" sizes=\"auto, (max-width: 1024px) 100vw, 1024px\" \/><figcaption>Surfer Willkommensschild Nazar\u00e9<\/figcaption><\/figure>\n\n\n\n<figure class=\"wp-block-image\"><img loading=\"lazy\" decoding=\"async\" width=\"768\" height=\"1024\" src=\"https:\/\/blog.olimar.de\/wp-content\/uploads\/2019\/08\/Nazare-Surfer-Statue-768x1024.jpg\" alt=\"Statue Surfer Nazar\u00e9\" class=\"wp-image-11721\" srcset=\"https:\/\/blog.olimar.de\/wp-content\/uploads\/2019\/08\/Nazare-Surfer-Statue-768x1024.jpg 768w, https:\/\/blog.olimar.de\/wp-content\/uploads\/2019\/08\/Nazare-Surfer-Statue-225x300.jpg 225w, https:\/\/blog.olimar.de\/wp-content\/uploads\/2019\/08\/Nazare-Surfer-Statue-420x560.jpg 420w, https:\/\/blog.olimar.de\/wp-content\/uploads\/2019\/08\/Nazare-Surfer-Statue.jpg 1623w\" sizes=\"auto, (max-width: 768px) 100vw, 768px\" \/><figcaption>Statue Surfer Nazar\u00e9<\/figcaption><\/figure>\n\n\n\n<h2>Die Surf-Weltrekorde von Nazar\u00e9<\/h2>\n<p>Nazar\u00e9 war lange Jahre ein kleiner Fischerort mit bunten Booten am Strand, aber gesch\u00e4tzt f\u00fcr die Qualit\u00e4t seiner Fisch- und Meeresfr\u00fcchtegerichte in den Restaurants am Strand. Und dann kam der Hawaiianer, Garrett McNamara, und machte Nazar\u00e9 als Surfspot weltbekannt bekannt. \u201eThe Godfather of Big Wave\u201c, wie McNamara auch genannt wird, ist er in der Lage, die gr\u00f6\u00dften und gef\u00e4hrlichsten Wellen zu surfen. Am 1. November 2011 bewies er das: Er ritt vor Nazar\u00e9 eine \u00fcber 23 Meter hohe Welle!<\/p>\n<p>Dies galt als, die bis dahin h\u00f6chste jemals gesurfte Welle \u00fcberhaupt. McNamara erhielt daraufhin nicht nur einen Eintrag in das Guinness-Buch der Rekorde, sondern auch den Billabong XXL Big Wave Award. Mit dieser Auszeichnung, f\u00fcr Surfende eine Art Oscar, werden jedes Jahr die weltweit gr\u00f6\u00dften Wellenritte pr\u00e4miert. Dieser Preis wurde noch ein weiteres Mal f\u00fcr einen Ritt vor Nazar\u00e9 vergeben, an Sebastian Steudtner. Als ersten Deutscher und Europ\u00e4er erhielt er den Award f\u00fcr seine beeindruckende Leistung, auf einer gesch\u00e4tzt 21,6 m hohen Welle am 1. Mai 2015.<\/p>\n\n\n\n<h2>Videos der Big Wave Rekordritte von McNamara und Steudtner<\/h2>\n\n\n\n<p class=\"wp-block-paragraph\"><\/p>\n\n\n\n<figure class=\"wp-block-embed is-type-video is-provider-youtube wp-block-embed-youtube wp-embed-aspect-16-9 wp-has-aspect-ratio\"><div class=\"wp-block-embed__wrapper\">\n<iframe loading=\"lazy\" title=\"100ft World Record Wave, Garrett McNamara Surfing Nazare, Portugal\" width=\"840\" height=\"473\" src=\"https:\/\/www.youtube.com\/embed\/74pnrYPozcU?feature=oembed\" frameborder=\"0\" allow=\"accelerometer; autoplay; clipboard-write; encrypted-media; gyroscope; picture-in-picture; web-share\" allowfullscreen><\/iframe>\n<\/div><figcaption> Garrett McNamara &amp; sein Weltrekordritt in Nazar\u00e9<\/figcaption><\/figure>\n\n\n\n<figure class=\"wp-block-embed is-type-video is-provider-youtube wp-block-embed-youtube wp-embed-aspect-16-9 wp-has-aspect-ratio\"><div class=\"wp-block-embed__wrapper\">\n<iframe loading=\"lazy\" title=\"Sebastian Steudtner at Nazar\u00e9  - 2018 Ride of the Year Award Entry - WSL Big Wave Awards\" width=\"840\" height=\"473\" src=\"https:\/\/www.youtube.com\/embed\/NTgAqH9MEeg?feature=oembed\" frameborder=\"0\" allow=\"accelerometer; autoplay; clipboard-write; encrypted-media; gyroscope; picture-in-picture; web-share\" allowfullscreen><\/iframe>\n<\/div><figcaption> Sebastian Steudtners &#8220;2018 Ride of the Year&#8221; in Nazar\u00e9 <\/figcaption><\/figure>\n\n\n\n<p>Im Jahr 2016 gab es zum ersten und bisher einzigen Mal einen Big-Wave-Contest der World Surf League in Nazar\u00e9, an dem 23 Surfende aus der ganzen Welt teilnahmen. Es galt, Wellen mit mehr als 12 Meter zu bezwingen. Dem Australier Jamie Mitchell gelang dies mit Bravour, so dass er den Wettbewerb am 20. Dezember f\u00fcr sich entscheiden konnte. Allerdings wurde es in einigen Wipe Outs \u2013 so werden im Surfer Slang besonders schwere St\u00fcrze genannt &#8211; derart gef\u00e4hrlich, so dass es bislang keine Wiederholung des Contests gab. Nicht umsonst tr\u00e4gt die Sandbank vor der K\u00fcste seit dem 18. Jahrhundert den Namen \u201edie Bank, die Witwen macht\u201c.&nbsp;<\/p>\n<p>Dennoch sind die Wellen von Nazar\u00e9 ein unvergessliches Erlebnis, nicht nur in den Winter- und Fr\u00fchlingsmonaten, wenn sich das Meer zu besonders hohen Wellen zusammenbraut und sich nur wenige wagemutige Ausnahmesportler*innen in den Atlantik trauen.<\/p>\n<p class=\"has-drop-cap\">&nbsp;<\/p>\n\n\n\n<h2>Der beste Big Wave Aussichtspunkt von Nazar\u00e9<\/h2>\n<p>Von den Klippen am Leuchtturm aus, kannst Du aus sicherer Distanz den gewaltigen Atlantik und die Surfende in den beeindruckenden Wellen bestaunen.<\/p>\n\n\n\n<figure class=\"wp-block-image\"><img loading=\"lazy\" decoding=\"async\" width=\"1024\" height=\"768\" src=\"https:\/\/blog.olimar.de\/wp-content\/uploads\/2019\/08\/Nazare-Leuchtturm-1024x768.jpg\" alt=\"Leuchtturm von Nazar\u00e9\" class=\"wp-image-11717\" srcset=\"https:\/\/blog.olimar.de\/wp-content\/uploads\/2019\/08\/Nazare-Leuchtturm-1024x768.jpg 1024w, https:\/\/blog.olimar.de\/wp-content\/uploads\/2019\/08\/Nazare-Leuchtturm-300x225.jpg 300w, https:\/\/blog.olimar.de\/wp-content\/uploads\/2019\/08\/Nazare-Leuchtturm-768x576.jpg 768w\" sizes=\"auto, (max-width: 1024px) 100vw, 1024px\" \/><figcaption>Leuchtturm Nazar\u00e9<\/figcaption><\/figure>\n\n\n\n<figure class=\"wp-block-image\"><img loading=\"lazy\" decoding=\"async\" width=\"768\" height=\"1024\" src=\"https:\/\/blog.olimar.de\/wp-content\/uploads\/2019\/08\/Nazare-Leuchtturm-Gegenlicht-768x1024.jpg\" alt=\"Leuchtturm Nazar\u00e9 im Gegenlicht\" class=\"wp-image-11718\" srcset=\"https:\/\/blog.olimar.de\/wp-content\/uploads\/2019\/08\/Nazare-Leuchtturm-Gegenlicht-768x1024.jpg 768w, https:\/\/blog.olimar.de\/wp-content\/uploads\/2019\/08\/Nazare-Leuchtturm-Gegenlicht-225x300.jpg 225w, https:\/\/blog.olimar.de\/wp-content\/uploads\/2019\/08\/Nazare-Leuchtturm-Gegenlicht-420x560.jpg 420w, https:\/\/blog.olimar.de\/wp-content\/uploads\/2019\/08\/Nazare-Leuchtturm-Gegenlicht.jpg 1794w\" sizes=\"auto, (max-width: 768px) 100vw, 768px\" \/><figcaption>Leuchtturm Nazar\u00e9 <\/figcaption><\/figure>\n\n\n\n<h2>Nazar\u00e9 als Ausflugsziel&nbsp;<\/h2>\n<p>Besuche danach Nazar\u00e9, wo Du mit einer Standseilbahn von S\u00edtio, dem alte Ortskern auf dem Felsplateau, zu dem neuen Stadtviertel unten am Strand hinabfahren k\u00f6nnen. Dort erstreckt sich \u00fcber 1,5 Kilometer von der Landspitze bis zum Fischereihafen am s\u00fcdlichen Ende ein goldgelber Sandstrand, der anders als die raue Praia do Norte zum Baden und Entspannen einl\u00e4dt.<\/p>\n\n\n\n<figure class=\"wp-block-image\"><img loading=\"lazy\" decoding=\"async\" width=\"1024\" height=\"768\" src=\"https:\/\/blog.olimar.de\/wp-content\/uploads\/2019\/08\/Nazare-Sitio-Kirchplatz-1024x768.jpg\" alt=\"Nazar\u00e9 Kirche S\u00edtio\" class=\"wp-image-11720\" srcset=\"https:\/\/blog.olimar.de\/wp-content\/uploads\/2019\/08\/Nazare-Sitio-Kirchplatz-1024x768.jpg 1024w, https:\/\/blog.olimar.de\/wp-content\/uploads\/2019\/08\/Nazare-Sitio-Kirchplatz-300x225.jpg 300w, https:\/\/blog.olimar.de\/wp-content\/uploads\/2019\/08\/Nazare-Sitio-Kirchplatz-768x576.jpg 768w, https:\/\/blog.olimar.de\/wp-content\/uploads\/2019\/08\/Nazare-Sitio-Kirchplatz.jpg 1632w\" sizes=\"auto, (max-width: 1024px) 100vw, 1024px\" \/><figcaption>Kirche S\u00edtio<\/figcaption><\/figure>\n\n\n\n<figure class=\"wp-block-image\"><img loading=\"lazy\" decoding=\"async\" width=\"1024\" height=\"768\" src=\"https:\/\/blog.olimar.de\/wp-content\/uploads\/2019\/08\/Nazare-Panorma-1024x768.jpg\" alt=\"Panorama Blick auf Nazar\u00e9\" class=\"wp-image-11719\" srcset=\"https:\/\/blog.olimar.de\/wp-content\/uploads\/2019\/08\/Nazare-Panorma-1024x768.jpg 1024w, https:\/\/blog.olimar.de\/wp-content\/uploads\/2019\/08\/Nazare-Panorma-300x225.jpg 300w, https:\/\/blog.olimar.de\/wp-content\/uploads\/2019\/08\/Nazare-Panorma-768x576.jpg 768w\" sizes=\"auto, (max-width: 1024px) 100vw, 1024px\" \/><figcaption>Panorama Blick <\/figcaption><\/figure>\n\n\n\n<h2>Hoteltipps f\u00fcr Nazar\u00e9<\/h2>\n\n\n\n<p class=\"wp-block-paragraph\">Die nahe des Zentrums von Nazar\u00e9 gelegene <a href=\"https:\/\/olimar.de\/lis201\/\">Villas Mar\u00e9 Residence<\/a> ***, bietet mit komfortabel-gem\u00fctlichen und gro\u00dfz\u00fcgig geschnittenen Ferienwohnungen alles, was Du f\u00fcr einen unabh\u00e4ngigen Selbstversorger-Urlaub ben\u00f6tigst. Egal ob mit der Familie oder Freunden, hier an Portugals \u201eSilberk\u00fcste\u201c, ist etwas passendes dabei. <\/p>\n\n\n\n<figure class=\"wp-block-image\"><img loading=\"lazy\" decoding=\"async\" width=\"1000\" height=\"660\" src=\"https:\/\/blog.olimar.de\/wp-content\/uploads\/2019\/08\/LIS201-a-Poolview.jpg\" alt=\"Blick auf Pool\" class=\"wp-image-11730\" srcset=\"https:\/\/blog.olimar.de\/wp-content\/uploads\/2019\/08\/LIS201-a-Poolview.jpg 1000w, https:\/\/blog.olimar.de\/wp-content\/uploads\/2019\/08\/LIS201-a-Poolview-300x198.jpg 300w, https:\/\/blog.olimar.de\/wp-content\/uploads\/2019\/08\/LIS201-a-Poolview-768x507.jpg 768w\" sizes=\"auto, (max-width: 1000px) 100vw, 1000px\" \/><figcaption>Blick auf den Pool<\/figcaption><\/figure>\n\n\n\n<p class=\"wp-block-paragraph\">In rund 10 Kilometer Entfernung vom, in der Hochsaison trubeligen, Ort Nazar\u00e9 befindet sich mit dem <a href=\"https:\/\/olimar.de\/lis257\/\">Vale d\u2019Azenha Hotel Rural &amp; Residences<\/a>, eine Oase der Ruhe. Und das inmitten der gr\u00fcnen H\u00fcgel des k\u00fcstennahen Hinterlandes.  Hier hast Du die Wahl zwischen ger\u00e4umigen Zimmern und noch gro\u00dfz\u00fcgigeren Suiten im Haupthaus. Oder aber auch Appartements, die Dich mit der Gem\u00fctlichkeit und Privatsph\u00e4re freistehender Holzh\u00e4user im Garten empfangen. <\/p>\n\n\n\n<figure class=\"wp-block-image\"><img loading=\"lazy\" decoding=\"async\" width=\"1000\" height=\"667\" src=\"https:\/\/blog.olimar.de\/wp-content\/uploads\/2019\/08\/LIS257-p-PoolAtNight2016B.jpg\" alt=\"Pool bei Nacht\" class=\"wp-image-11733\" srcset=\"https:\/\/blog.olimar.de\/wp-content\/uploads\/2019\/08\/LIS257-p-PoolAtNight2016B.jpg 1000w, https:\/\/blog.olimar.de\/wp-content\/uploads\/2019\/08\/LIS257-p-PoolAtNight2016B-300x200.jpg 300w, https:\/\/blog.olimar.de\/wp-content\/uploads\/2019\/08\/LIS257-p-PoolAtNight2016B-768x512.jpg 768w, https:\/\/blog.olimar.de\/wp-content\/uploads\/2019\/08\/LIS257-p-PoolAtNight2016B-840x560.jpg 840w\" sizes=\"auto, (max-width: 1000px) 100vw, 1000px\" \/><figcaption>Pool mit Ausblick<\/figcaption><\/figure>\n\n\n\n<figure class=\"wp-block-image\"><img loading=\"lazy\" decoding=\"async\" width=\"1000\" height=\"659\" src=\"https:\/\/blog.olimar.de\/wp-content\/uploads\/2019\/08\/LIS257-z-Quarto2016A.jpg\" alt=\"Zimmerfoto\" class=\"wp-image-11734\" srcset=\"https:\/\/blog.olimar.de\/wp-content\/uploads\/2019\/08\/LIS257-z-Quarto2016A.jpg 1000w, https:\/\/blog.olimar.de\/wp-content\/uploads\/2019\/08\/LIS257-z-Quarto2016A-300x198.jpg 300w, https:\/\/blog.olimar.de\/wp-content\/uploads\/2019\/08\/LIS257-z-Quarto2016A-768x506.jpg 768w\" sizes=\"auto, (max-width: 1000px) 100vw, 1000px\" \/><figcaption>Zimmer<\/figcaption><\/figure>\n\n\n\n<div class=\"wp-block-buttons is-layout-flex wp-block-buttons-is-layout-flex\">\n<div class=\"wp-block-button is-style-outline is-style-outline--2\"><a class=\"wp-block-button__link has-white-color has-text-color has-background\" href=\"https:\/\/www.olimar.de\/hotellistung\/\" style=\"background-color:#008c87\">Jetzt Urlaubsangebote finden und buchen<\/a><\/div>\n<\/div>\n\n\n\n<div style=\"height:100px\" aria-hidden=\"true\" class=\"wp-block-spacer\"><\/div>\n","protected":false},"excerpt":{"rendered":"<p>Der portugiesische K\u00fcstenort Nazar\u00e9&nbsp; in Portugals Centro&nbsp; ist seit einigen Jahren das Mekka der Big-Wave-Surfer. Die spektakul\u00e4re Brandung macht den beschaulichen Ort zum Anziehungspunkt f\u00fcr Extremsurfer. Hier rollen die gr\u00f6\u00dften Wellen der Welt an die K\u00fcste, die eindrucksvoll nur wenige Hundert Meter vom Land entfernt brechen, so dass Zuschauer den tosenden Atlantik und die gewagten Wellenritte hautnah vom Strand aus erleben k\u00f6nnen. Nazar\u00e9 liegt etwa 120 Kilometer n\u00f6rdlich von Lissabon entfernt. Der Surfspot befindet sich am n\u00f6rdlichen Rand des Ortes, an der wilden und rauen Praia do Norte. Direkt neben einem Felsvorsprung und unterhalb der denkmalgesch\u00fctzten Festung S\u00e3o Miguel Acanjo, in &hellip;<\/p>\n","protected":false},"author":9,"featured_media":11722,"comment_status":"open","ping_status":"open","sticky":false,"template":"","format":"standard","meta":{"_crdt_document":"","_lmt_disableupdate":"","_lmt_disable":"","footnotes":""},"categories":[29],"tags":[135,34],"class_list":["post-11707","post","type-post","status-publish","format-standard","has-post-thumbnail","hentry","category-aktiv-natur","tag-mittelportugal","tag-portugal"],"yoast_head":"<!-- This site is optimized with the Yoast SEO plugin v26.9 - https:\/\/yoast.com\/product\/yoast-seo-wordpress\/ -->\n<title>Die perfekte Welle von Nazar\u00e9: Big Wave Surfing in Portugal -<\/title>\n<meta name=\"description\" content=\"Der einst beschauliche Fischerort Nazar\u00e9 in Portugals Region Centro ist seit Jahren aufgrund seiner &quot;Big Waves&quot; ein wahres Mekka f\u00fcr Surfer.\" \/>\n<meta name=\"robots\" content=\"index, follow, max-snippet:-1, max-image-preview:large, max-video-preview:-1\" \/>\n<link rel=\"canonical\" href=\"https:\/\/blog.olimar.de\/nazare-big-wave-surfing\/\" \/>\n<meta property=\"og:locale\" content=\"de_DE\" \/>\n<meta property=\"og:type\" content=\"article\" \/>\n<meta property=\"og:title\" content=\"Die perfekte Welle von Nazar\u00e9: Big Wave Surfing in Portugal -\" \/>\n<meta property=\"og:description\" content=\"Der einst beschauliche Fischerort Nazar\u00e9 in Portugals Region Centro ist seit Jahren aufgrund seiner &quot;Big Waves&quot; ein wahres Mekka f\u00fcr Surfer.\" \/>\n<meta property=\"og:url\" content=\"https:\/\/blog.olimar.de\/nazare-big-wave-surfing\/\" \/>\n<meta property=\"article:publisher\" content=\"https:\/\/www.facebook.com\/OlimarReisen\" \/>\n<meta property=\"article:published_time\" content=\"2019-08-09T11:21:09+00:00\" \/>\n<meta property=\"article:modified_time\" content=\"2022-10-27T17:46:01+00:00\" \/>\n<meta property=\"og:image\" content=\"https:\/\/blog.olimar.de\/wp-content\/uploads\/2019\/08\/PT-Centro-Nazare-PraiaDoNorte-BigWaveSurfA2018-c-ARPT_Centro_de_Portugal_Silversurfer7.jpg\" \/>\n\t<meta property=\"og:image:width\" content=\"2400\" \/>\n\t<meta property=\"og:image:height\" content=\"1600\" \/>\n\t<meta property=\"og:image:type\" content=\"image\/jpeg\" \/>\n<meta name=\"author\" content=\"OLIMAR Redaktionsteam\" \/>\n<meta name=\"twitter:label1\" content=\"Verfasst von\" \/>\n\t<meta name=\"twitter:data1\" content=\"OLIMAR Redaktionsteam\" \/>\n\t<meta name=\"twitter:label2\" content=\"Gesch\u00e4tzte Lesezeit\" \/>\n\t<meta name=\"twitter:data2\" content=\"7\u00a0Minuten\" \/>\n<script type=\"application\/ld+json\" class=\"yoast-schema-graph\">{\"@context\":\"https:\/\/schema.org\",\"@graph\":[{\"@type\":\"WebPage\",\"@id\":\"https:\/\/blog.olimar.de\/nazare-big-wave-surfing\/\",\"url\":\"https:\/\/blog.olimar.de\/nazare-big-wave-surfing\/\",\"name\":\"Die perfekte Welle von Nazar\u00e9: Big Wave Surfing in Portugal -\",\"isPartOf\":{\"@id\":\"https:\/\/blog.olimar.de\/#website\"},\"primaryImageOfPage\":{\"@id\":\"https:\/\/blog.olimar.de\/nazare-big-wave-surfing\/#primaryimage\"},\"image\":{\"@id\":\"https:\/\/blog.olimar.de\/nazare-big-wave-surfing\/#primaryimage\"},\"thumbnailUrl\":\"https:\/\/blog.olimar.de\/wp-content\/uploads\/2019\/08\/PT-Centro-Nazare-PraiaDoNorte-BigWaveSurfA2018-c-ARPT_Centro_de_Portugal_Silversurfer7.jpg\",\"datePublished\":\"2019-08-09T11:21:09+00:00\",\"dateModified\":\"2022-10-27T17:46:01+00:00\",\"description\":\"Der einst beschauliche Fischerort Nazar\u00e9 in Portugals Region Centro ist seit Jahren aufgrund seiner \\\"Big Waves\\\" ein wahres Mekka f\u00fcr Surfer.\",\"breadcrumb\":{\"@id\":\"https:\/\/blog.olimar.de\/nazare-big-wave-surfing\/#breadcrumb\"},\"inLanguage\":\"de\",\"potentialAction\":[{\"@type\":\"ReadAction\",\"target\":[\"https:\/\/blog.olimar.de\/nazare-big-wave-surfing\/\"]}]},{\"@type\":\"ImageObject\",\"inLanguage\":\"de\",\"@id\":\"https:\/\/blog.olimar.de\/nazare-big-wave-surfing\/#primaryimage\",\"url\":\"https:\/\/blog.olimar.de\/wp-content\/uploads\/2019\/08\/PT-Centro-Nazare-PraiaDoNorte-BigWaveSurfA2018-c-ARPT_Centro_de_Portugal_Silversurfer7.jpg\",\"contentUrl\":\"https:\/\/blog.olimar.de\/wp-content\/uploads\/2019\/08\/PT-Centro-Nazare-PraiaDoNorte-BigWaveSurfA2018-c-ARPT_Centro_de_Portugal_Silversurfer7.jpg\",\"width\":2400,\"height\":1600,\"caption\":\"Surfer und Big Wave in Nazar\u00e9\"},{\"@type\":\"BreadcrumbList\",\"@id\":\"https:\/\/blog.olimar.de\/nazare-big-wave-surfing\/#breadcrumb\",\"itemListElement\":[{\"@type\":\"ListItem\",\"position\":1,\"name\":\"Home\",\"item\":\"https:\/\/blog.olimar.de\/\"},{\"@type\":\"ListItem\",\"position\":2,\"name\":\"Mittelportugal\",\"item\":\"https:\/\/blog.olimar.de\/tag\/mittelportugal\/\"},{\"@type\":\"ListItem\",\"position\":3,\"name\":\"Die perfekte Welle von Nazar\u00e9: Big Wave Surfing in Portugal\"}]},{\"@type\":\"WebSite\",\"@id\":\"https:\/\/blog.olimar.de\/#website\",\"url\":\"https:\/\/blog.olimar.de\/\",\"name\":\"OLIMAR.com\",\"description\":\"\",\"publisher\":{\"@id\":\"https:\/\/blog.olimar.de\/#organization\"},\"potentialAction\":[{\"@type\":\"SearchAction\",\"target\":{\"@type\":\"EntryPoint\",\"urlTemplate\":\"https:\/\/blog.olimar.de\/?s={search_term_string}\"},\"query-input\":{\"@type\":\"PropertyValueSpecification\",\"valueRequired\":true,\"valueName\":\"search_term_string\"}}],\"inLanguage\":\"de\"},{\"@type\":\"Organization\",\"@id\":\"https:\/\/blog.olimar.de\/#organization\",\"name\":\"OLIMAR Reisen\",\"url\":\"https:\/\/blog.olimar.de\/\",\"logo\":{\"@type\":\"ImageObject\",\"inLanguage\":\"de\",\"@id\":\"https:\/\/blog.olimar.de\/#\/schema\/logo\/image\/\",\"url\":\"https:\/\/blog.olimar.de\/wp-content\/uploads\/2021\/01\/OLIMAR_Logo_COLOR.png\",\"contentUrl\":\"https:\/\/blog.olimar.de\/wp-content\/uploads\/2021\/01\/OLIMAR_Logo_COLOR.png\",\"width\":2000,\"height\":986,\"caption\":\"OLIMAR Reisen\"},\"image\":{\"@id\":\"https:\/\/blog.olimar.de\/#\/schema\/logo\/image\/\"},\"sameAs\":[\"https:\/\/www.facebook.com\/OlimarReisen\",\"https:\/\/x.com\/olimarrreisen\",\"https:\/\/www.instagram.com\/olimarreisen\",\"https:\/\/www.youtube.com\/user\/olimarreisen\"]}]}<\/script>\n<!-- \/ Yoast SEO plugin. -->","yoast_head_json":{"title":"Die perfekte Welle von Nazar\u00e9: Big Wave Surfing in Portugal -","description":"Der einst beschauliche Fischerort Nazar\u00e9 in Portugals Region Centro ist seit Jahren aufgrund seiner \"Big Waves\" ein wahres Mekka f\u00fcr Surfer.","robots":{"index":"index","follow":"follow","max-snippet":"max-snippet:-1","max-image-preview":"max-image-preview:large","max-video-preview":"max-video-preview:-1"},"canonical":"https:\/\/blog.olimar.de\/nazare-big-wave-surfing\/","og_locale":"de_DE","og_type":"article","og_title":"Die perfekte Welle von Nazar\u00e9: Big Wave Surfing in Portugal -","og_description":"Der einst beschauliche Fischerort Nazar\u00e9 in Portugals Region Centro ist seit Jahren aufgrund seiner \"Big Waves\" ein wahres Mekka f\u00fcr Surfer.","og_url":"https:\/\/blog.olimar.de\/nazare-big-wave-surfing\/","article_publisher":"https:\/\/www.facebook.com\/OlimarReisen","article_published_time":"2019-08-09T11:21:09+00:00","article_modified_time":"2022-10-27T17:46:01+00:00","og_image":[{"width":2400,"height":1600,"url":"https:\/\/blog.olimar.de\/wp-content\/uploads\/2019\/08\/PT-Centro-Nazare-PraiaDoNorte-BigWaveSurfA2018-c-ARPT_Centro_de_Portugal_Silversurfer7.jpg","type":"image\/jpeg"}],"author":"OLIMAR Redaktionsteam","twitter_misc":{"Verfasst von":"OLIMAR Redaktionsteam","Gesch\u00e4tzte Lesezeit":"7\u00a0Minuten"},"schema":{"@context":"https:\/\/schema.org","@graph":[{"@type":"WebPage","@id":"https:\/\/blog.olimar.de\/nazare-big-wave-surfing\/","url":"https:\/\/blog.olimar.de\/nazare-big-wave-surfing\/","name":"Die perfekte Welle von Nazar\u00e9: Big Wave Surfing in Portugal -","isPartOf":{"@id":"https:\/\/blog.olimar.de\/#website"},"primaryImageOfPage":{"@id":"https:\/\/blog.olimar.de\/nazare-big-wave-surfing\/#primaryimage"},"image":{"@id":"https:\/\/blog.olimar.de\/nazare-big-wave-surfing\/#primaryimage"},"thumbnailUrl":"https:\/\/blog.olimar.de\/wp-content\/uploads\/2019\/08\/PT-Centro-Nazare-PraiaDoNorte-BigWaveSurfA2018-c-ARPT_Centro_de_Portugal_Silversurfer7.jpg","datePublished":"2019-08-09T11:21:09+00:00","dateModified":"2022-10-27T17:46:01+00:00","description":"Der einst beschauliche Fischerort Nazar\u00e9 in Portugals Region Centro ist seit Jahren aufgrund seiner \"Big Waves\" ein wahres Mekka f\u00fcr Surfer.","breadcrumb":{"@id":"https:\/\/blog.olimar.de\/nazare-big-wave-surfing\/#breadcrumb"},"inLanguage":"de","potentialAction":[{"@type":"ReadAction","target":["https:\/\/blog.olimar.de\/nazare-big-wave-surfing\/"]}]},{"@type":"ImageObject","inLanguage":"de","@id":"https:\/\/blog.olimar.de\/nazare-big-wave-surfing\/#primaryimage","url":"https:\/\/blog.olimar.de\/wp-content\/uploads\/2019\/08\/PT-Centro-Nazare-PraiaDoNorte-BigWaveSurfA2018-c-ARPT_Centro_de_Portugal_Silversurfer7.jpg","contentUrl":"https:\/\/blog.olimar.de\/wp-content\/uploads\/2019\/08\/PT-Centro-Nazare-PraiaDoNorte-BigWaveSurfA2018-c-ARPT_Centro_de_Portugal_Silversurfer7.jpg","width":2400,"height":1600,"caption":"Surfer und Big Wave in Nazar\u00e9"},{"@type":"BreadcrumbList","@id":"https:\/\/blog.olimar.de\/nazare-big-wave-surfing\/#breadcrumb","itemListElement":[{"@type":"ListItem","position":1,"name":"Home","item":"https:\/\/blog.olimar.de\/"},{"@type":"ListItem","position":2,"name":"Mittelportugal","item":"https:\/\/blog.olimar.de\/tag\/mittelportugal\/"},{"@type":"ListItem","position":3,"name":"Die perfekte Welle von Nazar\u00e9: Big Wave Surfing in Portugal"}]},{"@type":"WebSite","@id":"https:\/\/blog.olimar.de\/#website","url":"https:\/\/blog.olimar.de\/","name":"OLIMAR.com","description":"","publisher":{"@id":"https:\/\/blog.olimar.de\/#organization"},"potentialAction":[{"@type":"SearchAction","target":{"@type":"EntryPoint","urlTemplate":"https:\/\/blog.olimar.de\/?s={search_term_string}"},"query-input":{"@type":"PropertyValueSpecification","valueRequired":true,"valueName":"search_term_string"}}],"inLanguage":"de"},{"@type":"Organization","@id":"https:\/\/blog.olimar.de\/#organization","name":"OLIMAR Reisen","url":"https:\/\/blog.olimar.de\/","logo":{"@type":"ImageObject","inLanguage":"de","@id":"https:\/\/blog.olimar.de\/#\/schema\/logo\/image\/","url":"https:\/\/blog.olimar.de\/wp-content\/uploads\/2021\/01\/OLIMAR_Logo_COLOR.png","contentUrl":"https:\/\/blog.olimar.de\/wp-content\/uploads\/2021\/01\/OLIMAR_Logo_COLOR.png","width":2000,"height":986,"caption":"OLIMAR Reisen"},"image":{"@id":"https:\/\/blog.olimar.de\/#\/schema\/logo\/image\/"},"sameAs":["https:\/\/www.facebook.com\/OlimarReisen","https:\/\/x.com\/olimarrreisen","https:\/\/www.instagram.com\/olimarreisen","https:\/\/www.youtube.com\/user\/olimarreisen"]}]}},"modified_by":"Lena Radermacher","jetpack_featured_media_url":"https:\/\/blog.olimar.de\/wp-content\/uploads\/2019\/08\/PT-Centro-Nazare-PraiaDoNorte-BigWaveSurfA2018-c-ARPT_Centro_de_Portugal_Silversurfer7.jpg","_links":{"self":[{"href":"https:\/\/blog.olimar.de\/wp-json\/wp\/v2\/posts\/11707","targetHints":{"allow":["GET"]}}],"collection":[{"href":"https:\/\/blog.olimar.de\/wp-json\/wp\/v2\/posts"}],"about":[{"href":"https:\/\/blog.olimar.de\/wp-json\/wp\/v2\/types\/post"}],"author":[{"embeddable":true,"href":"https:\/\/blog.olimar.de\/wp-json\/wp\/v2\/users\/9"}],"replies":[{"embeddable":true,"href":"https:\/\/blog.olimar.de\/wp-json\/wp\/v2\/comments?post=11707"}],"version-history":[{"count":39,"href":"https:\/\/blog.olimar.de\/wp-json\/wp\/v2\/posts\/11707\/revisions"}],"predecessor-version":[{"id":20574,"href":"https:\/\/blog.olimar.de\/wp-json\/wp\/v2\/posts\/11707\/revisions\/20574"}],"wp:featuredmedia":[{"embeddable":true,"href":"https:\/\/blog.olimar.de\/wp-json\/wp\/v2\/media\/11722"}],"wp:attachment":[{"href":"https:\/\/blog.olimar.de\/wp-json\/wp\/v2\/media?parent=11707"}],"wp:term":[{"taxonomy":"category","embeddable":true,"href":"https:\/\/blog.olimar.de\/wp-json\/wp\/v2\/categories?post=11707"},{"taxonomy":"post_tag","embeddable":true,"href":"https:\/\/blog.olimar.de\/wp-json\/wp\/v2\/tags?post=11707"}],"curies":[{"name":"wp","href":"https:\/\/api.w.org\/{rel}","templated":true}]}}