{"id":11737,"date":"2019-08-12T16:16:31","date_gmt":"2019-08-12T14:16:31","guid":{"rendered":"https:\/\/blog.olimar.de\/?p=11737"},"modified":"2024-03-05T12:26:50","modified_gmt":"2024-03-05T11:26:50","slug":"atlantic-beach-clean-up-tour-durch-spanien-und-portugal-station-asturien","status":"publish","type":"post","link":"https:\/\/blog.olimar.de\/atlantic-beach-clean-up-tour-durch-spanien-und-portugal-station-asturien\/","title":{"rendered":"Atlantic Beach Clean-Up Tour durch Spanien und Portugal, Station Asturien"},"content":{"rendered":"\n<p class=\"wp-block-paragraph\"><strong>Asturien ist schmutziger als das Baskenland. Diese Erkenntnis macht Eva Maria Pollmeier gerade bei der zweiten Etappe ihres Spanien- und Portugaltrips. Die K\u00f6lnerin reist mit einem kritischen Blick, denn sie hat eine Mission: Sie m\u00f6chte die s\u00fcdeurop\u00e4ischen Str\u00e4nde mit ihrer Atlantic-Beach-Clean-up-Aktion vom Plastikm\u00fcll befreien, um auf die Verschmutzung der Meere durch Kunststoff aufmerksam zu machen.<\/strong><\/p>\n\n\n\n<p class=\"wp-block-paragraph\">Im asturischen San Juan de la Arena gibt es f\u00fcr die Aktivistin besonders viel zu tun. Am Strand findet sie tiefbraun angelaufene Plastikflaschen, die einmal wei\u00df und mit Milch gef\u00fcllt waren, und eine riesige Tonne, die mittlerweile einer Muschelkolonie als Zuhause dient. Auch einen Plastikpuppenkopf hat das Meer irgendwann angesp\u00fclt. Nun steckt er in den D\u00fcnen fest. Eva schneidet ihn mit dem Messer aus dem harten Sand. Wind und Wellen haben schwarz gesprenkelten Schatten um die hohlen Augen hinterlassen. Auf dem Haupt thront eine wirre Mischung aus schwarzgekraustem Kunststoffhaar und kleinen Wurzelteilen der D\u00fcnenpflanzen, die sich darin verfangen haben. Der Puppenkopf wirkt wie ein Symbol f\u00fcr die anstehende Apokalypse, den drohenden Exitus des Lebens im Meer. <\/p>\n\n\n\n<figure class=\"wp-block-image\"><img loading=\"lazy\" decoding=\"async\" width=\"840\" height=\"840\" src=\"https:\/\/blog.olimar.de\/wp-content\/uploads\/2019\/08\/EvaAsturienSanJuandiArena.jpg\" alt=\"Puppenkopf am Strand\" class=\"wp-image-11742\" srcset=\"https:\/\/blog.olimar.de\/wp-content\/uploads\/2019\/08\/EvaAsturienSanJuandiArena.jpg 840w, https:\/\/blog.olimar.de\/wp-content\/uploads\/2019\/08\/EvaAsturienSanJuandiArena-150x150.jpg 150w, https:\/\/blog.olimar.de\/wp-content\/uploads\/2019\/08\/EvaAsturienSanJuandiArena-300x300.jpg 300w, https:\/\/blog.olimar.de\/wp-content\/uploads\/2019\/08\/EvaAsturienSanJuandiArena-768x768.jpg 768w, https:\/\/blog.olimar.de\/wp-content\/uploads\/2019\/08\/EvaAsturienSanJuandiArena-120x120.jpg 120w\" sizes=\"auto, (max-width: 840px) 100vw, 840px\" \/><\/figure>\n\n\n\n<p class=\"wp-block-paragraph\">Die Menschen haben ihn viel zu lang ignoriert. \u201eDer M\u00fcll ist mit Sicherheit zehn Jahre alt\u201c, sch\u00e4tzt Pollmeier. Sie verfasst Hilferufe, Zettel, die mit der Bitte beschriftet, sie beim M\u00fcllsammeln zu unterst\u00fctzen, auf Englisch und auf Spanisch. Es folgt keinerlei Resonanz. \u201eEs ist wie bei einem Unfall, die Menschen schauen kurz und dann schnell wieder weg\u201c, erz\u00e4hlt Eva. Vielleicht ist das Unbehagen gepaart mit ein wenig Schuldbewusstsein. <\/p>\n\n\n\n<p class=\"has-light-green-cyan-background-color has-background wp-block-paragraph\"><strong>TV-Hinweis: <\/strong>Das WDR Fernsehen berichtete am 12. August mit einer Reportage im Rahmen der &#8220;Aktuelle Stunde&#8221; \u00fcber Eva Maria Pollmeiers Beach Cleanup-Tour durch Spanien und Portugal. <a href=\"https:\/\/www1.wdr.de\/mediathek\/video\/sendungen\/aktuelle-stunde\/video-bustour-tag--san-vicente-de-la-barquera-100.html\" target=\"_blank\" rel=\"noreferrer noopener\" aria-label=\"Hier geht's zum Beitrag in der WDR-Mediathek (opens in a new tab)\">Hier geht&#8217;s zum Beitrag in der WDR-Mediathek<\/a>. <\/p>\n\n\n\n<p class=\"wp-block-paragraph\">Ein \u00e4lterer Spanier erz\u00e4hlt ihr, dass seine Landsleute nicht sonderlich viel Umweltbewusstsein besitzen. \u201eAber er hat mir auch gesagt, dass die Bewohner der Gegend eher arm sind\u201c, schildert sie. In ihrer finanziellen Bedr\u00e4ngnis k\u00f6nnten sie sich nicht vorstellen, dass sie den M\u00fcll aufsammeln, ohne daf\u00fcr bezahlt zu werden. Eva versteht das, bedauert es aber. Sie macht sich allein ans Werk, sammelt s\u00e4ckeweise M\u00fcll und transportiert sie mit ihrem Bollerwagen zu einem gro\u00dfen M\u00fcllcontainer. <\/p>\n\n\n\n<figure class=\"wp-block-image\"><img loading=\"lazy\" decoding=\"async\" width=\"1024\" height=\"493\" src=\"https:\/\/blog.olimar.de\/wp-content\/uploads\/2019\/08\/EvaAsturienSanJuandiArena3-1024x493.jpg\" alt=\"Plastikm\u00fcll am Strand San Juan di Arena\" class=\"wp-image-11744\" srcset=\"https:\/\/blog.olimar.de\/wp-content\/uploads\/2019\/08\/EvaAsturienSanJuandiArena3-1024x493.jpg 1024w, https:\/\/blog.olimar.de\/wp-content\/uploads\/2019\/08\/EvaAsturienSanJuandiArena3-300x144.jpg 300w, https:\/\/blog.olimar.de\/wp-content\/uploads\/2019\/08\/EvaAsturienSanJuandiArena3-768x370.jpg 768w, https:\/\/blog.olimar.de\/wp-content\/uploads\/2019\/08\/EvaAsturienSanJuandiArena3.jpg 1728w\" sizes=\"auto, (max-width: 1024px) 100vw, 1024px\" \/><\/figure>\n\n\n\n<p class=\"wp-block-paragraph\"><\/p>\n\n\n\n<figure class=\"wp-block-gallery has-nested-images columns-default is-cropped wp-block-gallery-1 is-layout-flex wp-block-gallery-is-layout-flex\">\n<figure class=\"wp-block-image size-large\"><img loading=\"lazy\" decoding=\"async\" width=\"464\" height=\"960\" data-id=\"11745\" src=\"https:\/\/blog.olimar.de\/wp-content\/uploads\/2019\/08\/EvaAsturienSanJuandiArena2.jpg\" alt=\"Bollerwagen mit M\u00fcll am Strand\" class=\"wp-image-11745\" srcset=\"https:\/\/blog.olimar.de\/wp-content\/uploads\/2019\/08\/EvaAsturienSanJuandiArena2.jpg 464w, https:\/\/blog.olimar.de\/wp-content\/uploads\/2019\/08\/EvaAsturienSanJuandiArena2-145x300.jpg 145w\" sizes=\"auto, (max-width: 464px) 100vw, 464px\" \/><\/figure>\n\n\n\n<figure class=\"wp-block-image size-large\"><img loading=\"lazy\" decoding=\"async\" width=\"464\" height=\"960\" data-id=\"11750\" src=\"https:\/\/blog.olimar.de\/wp-content\/uploads\/2019\/08\/EvaAsturienGijon.jpg\" alt=\"Plastikt\u00fcten in Spanien\" class=\"wp-image-11750\" srcset=\"https:\/\/blog.olimar.de\/wp-content\/uploads\/2019\/08\/EvaAsturienGijon.jpg 464w, https:\/\/blog.olimar.de\/wp-content\/uploads\/2019\/08\/EvaAsturienGijon-145x300.jpg 145w\" sizes=\"auto, (max-width: 464px) 100vw, 464px\" \/><\/figure>\n<\/figure>\n\n\n\n<figure class=\"wp-block-image\"><img loading=\"lazy\" decoding=\"async\" width=\"1024\" height=\"498\" src=\"https:\/\/blog.olimar.de\/wp-content\/uploads\/2019\/08\/EvaAsturien-1024x498.jpg\" alt=\"Eva in Asturien\" class=\"wp-image-11752\" srcset=\"https:\/\/blog.olimar.de\/wp-content\/uploads\/2019\/08\/EvaAsturien-1024x498.jpg 1024w, https:\/\/blog.olimar.de\/wp-content\/uploads\/2019\/08\/EvaAsturien-300x146.jpg 300w, https:\/\/blog.olimar.de\/wp-content\/uploads\/2019\/08\/EvaAsturien-768x373.jpg 768w, https:\/\/blog.olimar.de\/wp-content\/uploads\/2019\/08\/EvaAsturien.jpg 1728w\" sizes=\"auto, (max-width: 1024px) 100vw, 1024px\" \/><\/figure>\n\n\n\n<p class=\"wp-block-paragraph\">Die frisch ges\u00e4uberten D\u00fcnen zu sehen, wird f\u00fcr sie ein besonderes Erlebnis \u2013 ebenso wie der Besuch des Nachbarortes:<br><\/p>\n\n\n\n<p class=\"has-drop-cap wp-block-paragraph\">Santa Maria del Mar liegt nicht weit von San Juan die Arena entfernt und verzaubert sie mit seinen wellenumsp\u00fclten Klippen, einem postkartentauglichen Sonnenuntergang und einem relativ sauberen Strand. Doch zwischen den Felsen findet sie angesp\u00fcltes Plastik, dieses Mal Hinterlassenschaften von Anglern und Fischern. \u201eHier liegen \u00fcberall Kunststoff- und Nylonschn\u00fcre\u201c, kommentiert sie. Keine sch\u00f6ne Vorstellung war passiert, wenn sich Meerestiere darin verheddern. <\/p>\n\n\n\n<figure class=\"wp-block-image\"><img loading=\"lazy\" decoding=\"async\" width=\"1024\" height=\"498\" src=\"https:\/\/blog.olimar.de\/wp-content\/uploads\/2019\/08\/EvaAsturienRentnerehepaaramdreckigenStrand4-1024x498.jpg\" alt=\"Plastikm\u00fcll und Schn\u00fcre am Strand\" class=\"wp-image-11759\" srcset=\"https:\/\/blog.olimar.de\/wp-content\/uploads\/2019\/08\/EvaAsturienRentnerehepaaramdreckigenStrand4-1024x498.jpg 1024w, https:\/\/blog.olimar.de\/wp-content\/uploads\/2019\/08\/EvaAsturienRentnerehepaaramdreckigenStrand4-300x146.jpg 300w, https:\/\/blog.olimar.de\/wp-content\/uploads\/2019\/08\/EvaAsturienRentnerehepaaramdreckigenStrand4-768x373.jpg 768w, https:\/\/blog.olimar.de\/wp-content\/uploads\/2019\/08\/EvaAsturienRentnerehepaaramdreckigenStrand4.jpg 1728w\" sizes=\"auto, (max-width: 1024px) 100vw, 1024px\" \/><\/figure>\n\n\n\n<p class=\"wp-block-paragraph\">Der Playa de Xeno nahe der Stadt Avil\u00e9s wirkt hingegen wie sanft in die h\u00fcgelig-bewachsene Landschaft der gr\u00fcnen K\u00fcste Asturiens gebettet. Der breite Sandstrand mit der malerischen Landschaft im Hintergrund zum Baden und Spazierengehen ein. Nur wenige hundert Meter entfernt liegt dann jedoch der zweitdreckigste Strand ihrer Reise. Plastikt\u00fcten und leere Bierdosen verteilen sich \u00fcber das Areal. Bei ihrer S\u00e4uberungsaktion hat sie dieses Mal tatkr\u00e4ftige Unterst\u00fctzung: Ein Rentnerehepaar s\u00e4ubert bereits seit einiger Zeit jeden Sonntag den Sandstreifen vor ihrem Heimatort. Gemeinsam haben die drei Evas Bollerwagen schnell mit vollen M\u00fclls\u00e4cken gef\u00fcllt. Eva macht eine Entdeckung: \u201eHier in Spanien sind es eher \u00e4ltere Menschen und nicht etwa Fridays-for-Future-Kids, die mich ansprechen und sich um die Sauberkeit der Str\u00e4nde bem\u00fchen\u201c, stellt sie fest. <br><\/p>\n\n\n\n<figure class=\"wp-block-image\"><img loading=\"lazy\" decoding=\"async\" width=\"1024\" height=\"498\" src=\"https:\/\/blog.olimar.de\/wp-content\/uploads\/2019\/08\/EvaAsturienRentnerehepaaramdreckigenStrand-1024x498.jpg\" alt=\"Strands\u00e4ubern in Asturien\" class=\"wp-image-11756\" srcset=\"https:\/\/blog.olimar.de\/wp-content\/uploads\/2019\/08\/EvaAsturienRentnerehepaaramdreckigenStrand-1024x498.jpg 1024w, https:\/\/blog.olimar.de\/wp-content\/uploads\/2019\/08\/EvaAsturienRentnerehepaaramdreckigenStrand-300x146.jpg 300w, https:\/\/blog.olimar.de\/wp-content\/uploads\/2019\/08\/EvaAsturienRentnerehepaaramdreckigenStrand-768x373.jpg 768w, https:\/\/blog.olimar.de\/wp-content\/uploads\/2019\/08\/EvaAsturienRentnerehepaaramdreckigenStrand.jpg 1728w\" sizes=\"auto, (max-width: 1024px) 100vw, 1024px\" \/><\/figure>\n\n\n\n<figure class=\"wp-block-image\"><img loading=\"lazy\" decoding=\"async\" width=\"1024\" height=\"498\" src=\"https:\/\/blog.olimar.de\/wp-content\/uploads\/2019\/08\/EvaAsturienRentnerehepaaramdreckigenStrand1-1024x498.jpg\" alt=\"Eva und Strandreinigungs-Helfer\" class=\"wp-image-11757\" srcset=\"https:\/\/blog.olimar.de\/wp-content\/uploads\/2019\/08\/EvaAsturienRentnerehepaaramdreckigenStrand1-1024x498.jpg 1024w, https:\/\/blog.olimar.de\/wp-content\/uploads\/2019\/08\/EvaAsturienRentnerehepaaramdreckigenStrand1-300x146.jpg 300w, https:\/\/blog.olimar.de\/wp-content\/uploads\/2019\/08\/EvaAsturienRentnerehepaaramdreckigenStrand1-768x373.jpg 768w, https:\/\/blog.olimar.de\/wp-content\/uploads\/2019\/08\/EvaAsturienRentnerehepaaramdreckigenStrand1.jpg 1728w\" sizes=\"auto, (max-width: 1024px) 100vw, 1024px\" \/><\/figure>\n\n\n\n<p class=\"wp-block-paragraph\">In Gijon st\u00f6\u00dft Eva auf einen breiten Sandstreifen, der von Hochh\u00e4usern ges\u00e4umt ist und den die Verwaltung mit t\u00e4glichen S\u00e4uberungsaktionen m\u00fcllfrei h\u00e4lt. <\/p>\n\n\n\n<p class=\"wp-block-paragraph\">Was M\u00fcllvermeidung betrifft, sieht Eva noch Verbesserungsbedarf: \u201eIm Supermarkt werden die Eink\u00e4ufe in unz\u00e4hlige Plastikt\u00fcten gepackt\u201c, bemerkt sie. Einige Kilometer weiter entdeckt sie das alte D\u00f6rfchen Celorio. Es hat so einiges zu bieten: \u201eHier gibt es wirklich sch\u00f6ne Str\u00e4nde und Buchen\u201c, stellt Eva fest, \u201eaber abseits der K\u00fcste gibt es einiges f\u00fcr mich zu s\u00e4ubern.\u201c Die urspr\u00fcngliche Atmosph\u00e4re begeistert sie \u2013 besonders weil sie dort spanische Tradition erlebt: Die Dorfbewohner begehen die j\u00e4hrliche Feier zu Ehren der \u201eVirgen del Carmen\u201c, eine andere Bezeichnung f\u00fcr die Jungfrau Maria. In traditioneller Kleidung beten sie gemeinsam, dass der Fang gut ausfallen m\u00f6ge und m\u00f6glichst keinem der Fischer etwas zust\u00f6\u00dft. <\/p>\n\n\n\n<figure class=\"wp-block-image\"><img loading=\"lazy\" decoding=\"async\" width=\"1024\" height=\"493\" src=\"https:\/\/blog.olimar.de\/wp-content\/uploads\/2019\/08\/EvaAsturienCeloriotraditionelleFeier-1024x493.jpg\" alt=\"Folklore T\u00e4nzerinnen in Asturien\" class=\"wp-image-11748\" srcset=\"https:\/\/blog.olimar.de\/wp-content\/uploads\/2019\/08\/EvaAsturienCeloriotraditionelleFeier-1024x493.jpg 1024w, https:\/\/blog.olimar.de\/wp-content\/uploads\/2019\/08\/EvaAsturienCeloriotraditionelleFeier-300x144.jpg 300w, https:\/\/blog.olimar.de\/wp-content\/uploads\/2019\/08\/EvaAsturienCeloriotraditionelleFeier-768x370.jpg 768w, https:\/\/blog.olimar.de\/wp-content\/uploads\/2019\/08\/EvaAsturienCeloriotraditionelleFeier.jpg 1728w\" sizes=\"auto, (max-width: 1024px) 100vw, 1024px\" \/><\/figure>\n\n\n\n<p class=\"wp-block-paragraph\">Auch an dem Hinterland findet Eva Gefallen: Der Parque Nacional de los Pocos bietet unz\u00e4hlige Wanderwege durch die sch\u00f6ne Landschaft.<br><\/p>\n\n\n\n<p class=\"wp-block-paragraph\">Ins Schw\u00e4rmen ger\u00e4t die Aktivistin bei dem n\u00e4chsten Abstecher an die K\u00fcste: \u201eRibadesella ist ein gro\u00dfartiger Ort\u201c, findet sie, \u201eein uriges Fischerd\u00f6rfchen mit einer malerischen Altstadt und einen sch\u00f6nen Strand. Es hat genau die richtige Gr\u00f6\u00dfe, dazu ein h\u00fcgeliges Hinterland. Man kann in 15 Minuten auf die Ermita die Guia steigen und hat einen gro\u00dfartigen Blick.\u201c Ihr Fazit: Asturien ist nicht \u00fcberall sauber, aber doch sehr charmant. <\/p>\n\n\n\n<figure class=\"wp-block-image\"><img loading=\"lazy\" decoding=\"async\" width=\"1024\" height=\"496\" src=\"https:\/\/blog.olimar.de\/wp-content\/uploads\/2019\/08\/EvaAsturienRhibadesella-1024x496.jpg\" alt=\"Asturien\" class=\"wp-image-11755\" srcset=\"https:\/\/blog.olimar.de\/wp-content\/uploads\/2019\/08\/EvaAsturienRhibadesella-1024x496.jpg 1024w, https:\/\/blog.olimar.de\/wp-content\/uploads\/2019\/08\/EvaAsturienRhibadesella-300x145.jpg 300w, https:\/\/blog.olimar.de\/wp-content\/uploads\/2019\/08\/EvaAsturienRhibadesella-768x372.jpg 768w, https:\/\/blog.olimar.de\/wp-content\/uploads\/2019\/08\/EvaAsturienRhibadesella.jpg 2048w\" sizes=\"auto, (max-width: 1024px) 100vw, 1024px\" \/><\/figure>\n\n\n\n<p class=\"wp-block-paragraph\"><\/p>\n\n\n","protected":false},"excerpt":{"rendered":"<p>Im asturischen San Juan de la Arena gibt es f\u00fcr die Aktivistin Eva Maria Pollmeier besonders viel zu tun. Am Strand findet sie tiefbraun angelaufene Plastikflaschen und eine riesige Tonne, die mittlerweile einer Muschelkolonie als Zuhause dient.<\/p>\n","protected":false},"author":9,"featured_media":11741,"comment_status":"open","ping_status":"open","sticky":false,"template":"","format":"standard","meta":{"_crdt_document":"","_lmt_disableupdate":"","_lmt_disable":"","footnotes":""},"categories":[166],"tags":[65,167,62],"class_list":["post-11737","post","type-post","status-publish","format-standard","has-post-thumbnail","hentry","category-nachhaltigkeit","tag-asturien","tag-nachhaltigkeit","tag-spanien"],"yoast_head":"<!-- This site is optimized with the Yoast SEO plugin v26.9 - https:\/\/yoast.com\/product\/yoast-seo-wordpress\/ -->\n<title>Atlantic Beach Cleanup auf Tour in Asturien - so lief es bei Eva<\/title>\n<meta name=\"description\" content=\"Die K\u00f6lner Aktivistin ist auf ihrer Beach Cleanup Tour in Asturien angekommen und stellt fest, dass sie hier mehr zu tun haben wird als zuvor im Baskenland.\" \/>\n<meta name=\"robots\" content=\"index, follow, max-snippet:-1, max-image-preview:large, max-video-preview:-1\" \/>\n<link rel=\"canonical\" href=\"https:\/\/blog.olimar.de\/atlantic-beach-clean-up-tour-durch-spanien-und-portugal-station-asturien\/\" \/>\n<meta property=\"og:locale\" content=\"de_DE\" \/>\n<meta property=\"og:type\" content=\"article\" \/>\n<meta property=\"og:title\" content=\"Atlantic Beach Cleanup auf Tour in Asturien - so lief es bei Eva\" \/>\n<meta property=\"og:description\" content=\"Die K\u00f6lner Aktivistin ist auf ihrer Beach Cleanup Tour in Asturien angekommen und stellt fest, dass sie hier mehr zu tun haben wird als zuvor im Baskenland.\" \/>\n<meta property=\"og:url\" content=\"https:\/\/blog.olimar.de\/atlantic-beach-clean-up-tour-durch-spanien-und-portugal-station-asturien\/\" \/>\n<meta property=\"article:publisher\" content=\"https:\/\/www.facebook.com\/OlimarReisen\" \/>\n<meta property=\"article:published_time\" content=\"2019-08-12T14:16:31+00:00\" \/>\n<meta property=\"article:modified_time\" content=\"2024-03-05T11:26:50+00:00\" \/>\n<meta property=\"og:image\" content=\"https:\/\/blog.olimar.de\/wp-content\/uploads\/2019\/08\/EvaAsturienSanJuandiArena1.jpg\" \/>\n\t<meta property=\"og:image:width\" content=\"1728\" \/>\n\t<meta property=\"og:image:height\" content=\"832\" \/>\n\t<meta property=\"og:image:type\" content=\"image\/jpeg\" \/>\n<meta name=\"author\" content=\"OLIMAR Redaktionsteam\" \/>\n<meta name=\"twitter:label1\" content=\"Verfasst von\" \/>\n\t<meta name=\"twitter:data1\" content=\"OLIMAR Redaktionsteam\" \/>\n\t<meta name=\"twitter:label2\" content=\"Gesch\u00e4tzte Lesezeit\" \/>\n\t<meta name=\"twitter:data2\" content=\"7\u00a0Minuten\" \/>\n<script type=\"application\/ld+json\" class=\"yoast-schema-graph\">{\"@context\":\"https:\/\/schema.org\",\"@graph\":[{\"@type\":\"WebPage\",\"@id\":\"https:\/\/blog.olimar.de\/atlantic-beach-clean-up-tour-durch-spanien-und-portugal-station-asturien\/\",\"url\":\"https:\/\/blog.olimar.de\/atlantic-beach-clean-up-tour-durch-spanien-und-portugal-station-asturien\/\",\"name\":\"Atlantic Beach Cleanup auf Tour in Asturien - so lief es bei Eva\",\"isPartOf\":{\"@id\":\"https:\/\/blog.olimar.de\/#website\"},\"primaryImageOfPage\":{\"@id\":\"https:\/\/blog.olimar.de\/atlantic-beach-clean-up-tour-durch-spanien-und-portugal-station-asturien\/#primaryimage\"},\"image\":{\"@id\":\"https:\/\/blog.olimar.de\/atlantic-beach-clean-up-tour-durch-spanien-und-portugal-station-asturien\/#primaryimage\"},\"thumbnailUrl\":\"https:\/\/blog.olimar.de\/wp-content\/uploads\/2019\/08\/EvaAsturienSanJuandiArena1.jpg\",\"datePublished\":\"2019-08-12T14:16:31+00:00\",\"dateModified\":\"2024-03-05T11:26:50+00:00\",\"description\":\"Die K\u00f6lner Aktivistin ist auf ihrer Beach Cleanup Tour in Asturien angekommen und stellt fest, dass sie hier mehr zu tun haben wird als zuvor im Baskenland.\",\"breadcrumb\":{\"@id\":\"https:\/\/blog.olimar.de\/atlantic-beach-clean-up-tour-durch-spanien-und-portugal-station-asturien\/#breadcrumb\"},\"inLanguage\":\"de\",\"potentialAction\":[{\"@type\":\"ReadAction\",\"target\":[\"https:\/\/blog.olimar.de\/atlantic-beach-clean-up-tour-durch-spanien-und-portugal-station-asturien\/\"]}]},{\"@type\":\"ImageObject\",\"inLanguage\":\"de\",\"@id\":\"https:\/\/blog.olimar.de\/atlantic-beach-clean-up-tour-durch-spanien-und-portugal-station-asturien\/#primaryimage\",\"url\":\"https:\/\/blog.olimar.de\/wp-content\/uploads\/2019\/08\/EvaAsturienSanJuandiArena1.jpg\",\"contentUrl\":\"https:\/\/blog.olimar.de\/wp-content\/uploads\/2019\/08\/EvaAsturienSanJuandiArena1.jpg\",\"width\":1728,\"height\":832,\"caption\":\"Eva mit Bollerwagen voller M\u00fcll\"},{\"@type\":\"BreadcrumbList\",\"@id\":\"https:\/\/blog.olimar.de\/atlantic-beach-clean-up-tour-durch-spanien-und-portugal-station-asturien\/#breadcrumb\",\"itemListElement\":[{\"@type\":\"ListItem\",\"position\":1,\"name\":\"Home\",\"item\":\"https:\/\/blog.olimar.de\/\"},{\"@type\":\"ListItem\",\"position\":2,\"name\":\"Asturien\",\"item\":\"https:\/\/blog.olimar.de\/tag\/asturien\/\"},{\"@type\":\"ListItem\",\"position\":3,\"name\":\"Atlantic Beach Clean-Up Tour durch Spanien und Portugal, Station Asturien\"}]},{\"@type\":\"WebSite\",\"@id\":\"https:\/\/blog.olimar.de\/#website\",\"url\":\"https:\/\/blog.olimar.de\/\",\"name\":\"OLIMAR.com\",\"description\":\"\",\"publisher\":{\"@id\":\"https:\/\/blog.olimar.de\/#organization\"},\"potentialAction\":[{\"@type\":\"SearchAction\",\"target\":{\"@type\":\"EntryPoint\",\"urlTemplate\":\"https:\/\/blog.olimar.de\/?s={search_term_string}\"},\"query-input\":{\"@type\":\"PropertyValueSpecification\",\"valueRequired\":true,\"valueName\":\"search_term_string\"}}],\"inLanguage\":\"de\"},{\"@type\":\"Organization\",\"@id\":\"https:\/\/blog.olimar.de\/#organization\",\"name\":\"OLIMAR Reisen\",\"url\":\"https:\/\/blog.olimar.de\/\",\"logo\":{\"@type\":\"ImageObject\",\"inLanguage\":\"de\",\"@id\":\"https:\/\/blog.olimar.de\/#\/schema\/logo\/image\/\",\"url\":\"https:\/\/blog.olimar.de\/wp-content\/uploads\/2021\/01\/OLIMAR_Logo_COLOR.png\",\"contentUrl\":\"https:\/\/blog.olimar.de\/wp-content\/uploads\/2021\/01\/OLIMAR_Logo_COLOR.png\",\"width\":2000,\"height\":986,\"caption\":\"OLIMAR Reisen\"},\"image\":{\"@id\":\"https:\/\/blog.olimar.de\/#\/schema\/logo\/image\/\"},\"sameAs\":[\"https:\/\/www.facebook.com\/OlimarReisen\",\"https:\/\/x.com\/olimarrreisen\",\"https:\/\/www.instagram.com\/olimarreisen\",\"https:\/\/www.youtube.com\/user\/olimarreisen\"]}]}<\/script>\n<!-- \/ Yoast SEO plugin. -->","yoast_head_json":{"title":"Atlantic Beach Cleanup auf Tour in Asturien - so lief es bei Eva","description":"Die K\u00f6lner Aktivistin ist auf ihrer Beach Cleanup Tour in Asturien angekommen und stellt fest, dass sie hier mehr zu tun haben wird als zuvor im Baskenland.","robots":{"index":"index","follow":"follow","max-snippet":"max-snippet:-1","max-image-preview":"max-image-preview:large","max-video-preview":"max-video-preview:-1"},"canonical":"https:\/\/blog.olimar.de\/atlantic-beach-clean-up-tour-durch-spanien-und-portugal-station-asturien\/","og_locale":"de_DE","og_type":"article","og_title":"Atlantic Beach Cleanup auf Tour in Asturien - so lief es bei Eva","og_description":"Die K\u00f6lner Aktivistin ist auf ihrer Beach Cleanup Tour in Asturien angekommen und stellt fest, dass sie hier mehr zu tun haben wird als zuvor im Baskenland.","og_url":"https:\/\/blog.olimar.de\/atlantic-beach-clean-up-tour-durch-spanien-und-portugal-station-asturien\/","article_publisher":"https:\/\/www.facebook.com\/OlimarReisen","article_published_time":"2019-08-12T14:16:31+00:00","article_modified_time":"2024-03-05T11:26:50+00:00","og_image":[{"width":1728,"height":832,"url":"https:\/\/blog.olimar.de\/wp-content\/uploads\/2019\/08\/EvaAsturienSanJuandiArena1.jpg","type":"image\/jpeg"}],"author":"OLIMAR Redaktionsteam","twitter_misc":{"Verfasst von":"OLIMAR Redaktionsteam","Gesch\u00e4tzte Lesezeit":"7\u00a0Minuten"},"schema":{"@context":"https:\/\/schema.org","@graph":[{"@type":"WebPage","@id":"https:\/\/blog.olimar.de\/atlantic-beach-clean-up-tour-durch-spanien-und-portugal-station-asturien\/","url":"https:\/\/blog.olimar.de\/atlantic-beach-clean-up-tour-durch-spanien-und-portugal-station-asturien\/","name":"Atlantic Beach Cleanup auf Tour in Asturien - so lief es bei Eva","isPartOf":{"@id":"https:\/\/blog.olimar.de\/#website"},"primaryImageOfPage":{"@id":"https:\/\/blog.olimar.de\/atlantic-beach-clean-up-tour-durch-spanien-und-portugal-station-asturien\/#primaryimage"},"image":{"@id":"https:\/\/blog.olimar.de\/atlantic-beach-clean-up-tour-durch-spanien-und-portugal-station-asturien\/#primaryimage"},"thumbnailUrl":"https:\/\/blog.olimar.de\/wp-content\/uploads\/2019\/08\/EvaAsturienSanJuandiArena1.jpg","datePublished":"2019-08-12T14:16:31+00:00","dateModified":"2024-03-05T11:26:50+00:00","description":"Die K\u00f6lner Aktivistin ist auf ihrer Beach Cleanup Tour in Asturien angekommen und stellt fest, dass sie hier mehr zu tun haben wird als zuvor im Baskenland.","breadcrumb":{"@id":"https:\/\/blog.olimar.de\/atlantic-beach-clean-up-tour-durch-spanien-und-portugal-station-asturien\/#breadcrumb"},"inLanguage":"de","potentialAction":[{"@type":"ReadAction","target":["https:\/\/blog.olimar.de\/atlantic-beach-clean-up-tour-durch-spanien-und-portugal-station-asturien\/"]}]},{"@type":"ImageObject","inLanguage":"de","@id":"https:\/\/blog.olimar.de\/atlantic-beach-clean-up-tour-durch-spanien-und-portugal-station-asturien\/#primaryimage","url":"https:\/\/blog.olimar.de\/wp-content\/uploads\/2019\/08\/EvaAsturienSanJuandiArena1.jpg","contentUrl":"https:\/\/blog.olimar.de\/wp-content\/uploads\/2019\/08\/EvaAsturienSanJuandiArena1.jpg","width":1728,"height":832,"caption":"Eva mit Bollerwagen voller M\u00fcll"},{"@type":"BreadcrumbList","@id":"https:\/\/blog.olimar.de\/atlantic-beach-clean-up-tour-durch-spanien-und-portugal-station-asturien\/#breadcrumb","itemListElement":[{"@type":"ListItem","position":1,"name":"Home","item":"https:\/\/blog.olimar.de\/"},{"@type":"ListItem","position":2,"name":"Asturien","item":"https:\/\/blog.olimar.de\/tag\/asturien\/"},{"@type":"ListItem","position":3,"name":"Atlantic Beach Clean-Up Tour durch Spanien und Portugal, Station Asturien"}]},{"@type":"WebSite","@id":"https:\/\/blog.olimar.de\/#website","url":"https:\/\/blog.olimar.de\/","name":"OLIMAR.com","description":"","publisher":{"@id":"https:\/\/blog.olimar.de\/#organization"},"potentialAction":[{"@type":"SearchAction","target":{"@type":"EntryPoint","urlTemplate":"https:\/\/blog.olimar.de\/?s={search_term_string}"},"query-input":{"@type":"PropertyValueSpecification","valueRequired":true,"valueName":"search_term_string"}}],"inLanguage":"de"},{"@type":"Organization","@id":"https:\/\/blog.olimar.de\/#organization","name":"OLIMAR Reisen","url":"https:\/\/blog.olimar.de\/","logo":{"@type":"ImageObject","inLanguage":"de","@id":"https:\/\/blog.olimar.de\/#\/schema\/logo\/image\/","url":"https:\/\/blog.olimar.de\/wp-content\/uploads\/2021\/01\/OLIMAR_Logo_COLOR.png","contentUrl":"https:\/\/blog.olimar.de\/wp-content\/uploads\/2021\/01\/OLIMAR_Logo_COLOR.png","width":2000,"height":986,"caption":"OLIMAR Reisen"},"image":{"@id":"https:\/\/blog.olimar.de\/#\/schema\/logo\/image\/"},"sameAs":["https:\/\/www.facebook.com\/OlimarReisen","https:\/\/x.com\/olimarrreisen","https:\/\/www.instagram.com\/olimarreisen","https:\/\/www.youtube.com\/user\/olimarreisen"]}]}},"modified_by":"Wiebke Fix","jetpack_featured_media_url":"https:\/\/blog.olimar.de\/wp-content\/uploads\/2019\/08\/EvaAsturienSanJuandiArena1.jpg","_links":{"self":[{"href":"https:\/\/blog.olimar.de\/wp-json\/wp\/v2\/posts\/11737","targetHints":{"allow":["GET"]}}],"collection":[{"href":"https:\/\/blog.olimar.de\/wp-json\/wp\/v2\/posts"}],"about":[{"href":"https:\/\/blog.olimar.de\/wp-json\/wp\/v2\/types\/post"}],"author":[{"embeddable":true,"href":"https:\/\/blog.olimar.de\/wp-json\/wp\/v2\/users\/9"}],"replies":[{"embeddable":true,"href":"https:\/\/blog.olimar.de\/wp-json\/wp\/v2\/comments?post=11737"}],"version-history":[{"count":25,"href":"https:\/\/blog.olimar.de\/wp-json\/wp\/v2\/posts\/11737\/revisions"}],"predecessor-version":[{"id":27485,"href":"https:\/\/blog.olimar.de\/wp-json\/wp\/v2\/posts\/11737\/revisions\/27485"}],"wp:featuredmedia":[{"embeddable":true,"href":"https:\/\/blog.olimar.de\/wp-json\/wp\/v2\/media\/11741"}],"wp:attachment":[{"href":"https:\/\/blog.olimar.de\/wp-json\/wp\/v2\/media?parent=11737"}],"wp:term":[{"taxonomy":"category","embeddable":true,"href":"https:\/\/blog.olimar.de\/wp-json\/wp\/v2\/categories?post=11737"},{"taxonomy":"post_tag","embeddable":true,"href":"https:\/\/blog.olimar.de\/wp-json\/wp\/v2\/tags?post=11737"}],"curies":[{"name":"wp","href":"https:\/\/api.w.org\/{rel}","templated":true}]}}