{"id":11769,"date":"2019-08-20T13:58:50","date_gmt":"2019-08-20T11:58:50","guid":{"rendered":"https:\/\/blog.olimar.de\/?p=11769"},"modified":"2019-08-20T13:58:51","modified_gmt":"2019-08-20T11:58:51","slug":"algarve-mit-kindern","status":"publish","type":"post","link":"https:\/\/blog.olimar.de\/algarve-mit-kindern\/","title":{"rendered":"Algarve mit Kindern &#8211; die besten Ausflugstipps f\u00fcr Familien"},"content":{"rendered":"\n<p class=\"wp-block-paragraph\"><p class=\"intro\">Klar! Urlaub an der <a href=\"https:\/\/www.olimar.de\/portugal\/algarve\/\" target=\"_blank\" rel=\"noreferrer noopener\" aria-label=\"Algarve mit Kindern (opens in a new tab)\">Algarve mit Kindern<\/a> bedeutet schwimmen, schnorcheln, Muschelschalen suchen und Strandburgen bauen. Au\u00dferdem kann man ausgelassen Fu\u00dfball, Softball, Federball spielen, malerische Sonnenunterg\u00e4nge fotografieren, Spazierg\u00e4nge am Strand im Morgengrauen unternehmen und die ersten Fu\u00dfspuren des Tages im Sand hinterlassen. Doch was, wenn das Wetter einmal nicht mitspielt und kein Bade- und Strandwetter herrscht? Hier kommen die besten Algarve-Ausflugstipps f\u00fcr Familien.<\/p><br><\/p>\n\n\n\n<p class=\"wp-block-paragraph\">\u00dcber 200 Strandbuchten an der Algarve locken mit Aktivit\u00e4ten am Strand und im Sand. F\u00fcr das Abenteuer zwischendurch, wenn der Wind k\u00fchler bl\u00e4st, bieten Themenparks im Landesinneren eine Menge Abwechslung.<\/p>\n\n\n\n<h2 class=\"wp-block-heading\"><strong>Besuch im Naturpark Ria Formosa\/ Quinta de Marin bei Olh\u00e3o<\/strong><\/h2>\n\n\n\n<p class=\"wp-block-paragraph\">In der Fischerstadt Olh\u00e3o im Osten der Algarve wartet ein Wald direkt am Meer auf Erkundung. Der Park hei\u00dft Quinta de Marim und grenzt an das Ufer in der Lagunenlandschaft Ria Formosa. Der Rundgang durch den Wald und die Marschlandschaft f\u00fchrt vorbei an Schirmpinien, deren Baumkronen wie riesige aufgeklappte Sonnenschirme wachsen, und an Korkeichen, deren St\u00e4mme rot bis braun gl\u00e4nzen, je nachdem wann der Kork zuletzt geerntet wurde. <br><\/p>\n\n\n\n<ul class=\"wp-block-gallery columns-2 is-cropped wp-block-gallery-1 is-layout-flex wp-block-gallery-is-layout-flex\"><li class=\"blocks-gallery-item\"><figure><img loading=\"lazy\" decoding=\"async\" width=\"850\" height=\"1024\" src=\"https:\/\/blog.olimar.de\/wp-content\/uploads\/2019\/08\/Eingang-Quinta-Marim-850x1024.jpg\" alt=\"Quinta Marim Eingangsschild\" data-id=\"11785\" data-link=\"https:\/\/blog.olimar.de\/eingang-quinta-marim\/\" class=\"wp-image-11785\" srcset=\"https:\/\/blog.olimar.de\/wp-content\/uploads\/2019\/08\/Eingang-Quinta-Marim-850x1024.jpg 850w, https:\/\/blog.olimar.de\/wp-content\/uploads\/2019\/08\/Eingang-Quinta-Marim-249x300.jpg 249w, https:\/\/blog.olimar.de\/wp-content\/uploads\/2019\/08\/Eingang-Quinta-Marim-768x925.jpg 768w, https:\/\/blog.olimar.de\/wp-content\/uploads\/2019\/08\/Eingang-Quinta-Marim.jpg 1896w\" sizes=\"auto, (max-width: 850px) 100vw, 850px\" \/><\/figure><\/li><li class=\"blocks-gallery-item\"><figure><img loading=\"lazy\" decoding=\"async\" width=\"1024\" height=\"768\" src=\"https:\/\/blog.olimar.de\/wp-content\/uploads\/2019\/08\/Karte-Quinta-Marim-1024x768.jpg\" alt=\"Karte Ria Formosa\" data-id=\"11789\" data-link=\"https:\/\/blog.olimar.de\/karte-quinta-marim\/\" class=\"wp-image-11789\" srcset=\"https:\/\/blog.olimar.de\/wp-content\/uploads\/2019\/08\/Karte-Quinta-Marim-1024x768.jpg 1024w, https:\/\/blog.olimar.de\/wp-content\/uploads\/2019\/08\/Karte-Quinta-Marim-300x225.jpg 300w, https:\/\/blog.olimar.de\/wp-content\/uploads\/2019\/08\/Karte-Quinta-Marim-768x576.jpg 768w, https:\/\/blog.olimar.de\/wp-content\/uploads\/2019\/08\/Karte-Quinta-Marim.jpg 1483w\" sizes=\"auto, (max-width: 1024px) 100vw, 1024px\" \/><\/figure><\/li><\/ul>\n\n\n\n<p class=\"wp-block-paragraph\">Nach einem gem\u00fctlichen Spaziergang entlang schattiger Pfade gelangt man zur Gezeitenm\u00fchle. Hier wurde fr\u00fcher Getreide gemahlen. Durch ein spezielles Kanal- und Kammersystem bringt das Meerwasser, das bei Flut ansteigt und bei Ebbe abflie\u00dft, riesige M\u00fchlsteine in Bewegung. Je zwei M\u00fchlsteine liegen \u00fcbereinander und zerreiben die Getreidek\u00f6rner zu Mehl. In der gro\u00dfen M\u00fchle kann man die Steine anschauen und Bilder erkl\u00e4ren, wie das mit dem Antrieb mit den Gezeiten funktioniert. Vom Dach der M\u00fchle gleich neben dem m\u00e4chtigen Schornstein, hat man eine gro\u00dfartige Aussicht in die Lagune bis zu den Inseln Armona und Culatra und zum Leuchtturm Santa Maria.<\/p>\n\n\n\n<ul class=\"wp-block-gallery columns-3 is-cropped wp-block-gallery-2 is-layout-flex wp-block-gallery-is-layout-flex\"><li class=\"blocks-gallery-item\"><figure><img loading=\"lazy\" decoding=\"async\" width=\"1024\" height=\"768\" src=\"https:\/\/blog.olimar.de\/wp-content\/uploads\/2019\/08\/Quinta-Marim-3-1024x768.jpg\" alt=\"Quinta Marim Ausstellung\" data-id=\"11796\" data-link=\"https:\/\/blog.olimar.de\/quinta-marim-3\/\" class=\"wp-image-11796\" srcset=\"https:\/\/blog.olimar.de\/wp-content\/uploads\/2019\/08\/Quinta-Marim-3-1024x768.jpg 1024w, https:\/\/blog.olimar.de\/wp-content\/uploads\/2019\/08\/Quinta-Marim-3-300x225.jpg 300w, https:\/\/blog.olimar.de\/wp-content\/uploads\/2019\/08\/Quinta-Marim-3-768x576.jpg 768w, https:\/\/blog.olimar.de\/wp-content\/uploads\/2019\/08\/Quinta-Marim-3.jpg 1736w\" sizes=\"auto, (max-width: 1024px) 100vw, 1024px\" \/><\/figure><\/li><li class=\"blocks-gallery-item\"><figure><img loading=\"lazy\" decoding=\"async\" width=\"826\" height=\"1024\" src=\"https:\/\/blog.olimar.de\/wp-content\/uploads\/2019\/08\/Quinta-Marim-826x1024.jpg\" alt=\"Quinta Marim Ria Formosa\" data-id=\"11794\" data-link=\"https:\/\/blog.olimar.de\/quinta-marim\/\" class=\"wp-image-11794\" srcset=\"https:\/\/blog.olimar.de\/wp-content\/uploads\/2019\/08\/Quinta-Marim-826x1024.jpg 826w, https:\/\/blog.olimar.de\/wp-content\/uploads\/2019\/08\/Quinta-Marim-242x300.jpg 242w, https:\/\/blog.olimar.de\/wp-content\/uploads\/2019\/08\/Quinta-Marim-768x952.jpg 768w\" sizes=\"auto, (max-width: 826px) 100vw, 826px\" \/><\/figure><\/li><li class=\"blocks-gallery-item\"><figure><img loading=\"lazy\" decoding=\"async\" width=\"1024\" height=\"768\" src=\"https:\/\/blog.olimar.de\/wp-content\/uploads\/2019\/08\/Quinta-Marim-2-1024x768.jpg\" alt=\"Quinta Marim\" data-id=\"11795\" data-link=\"https:\/\/blog.olimar.de\/quinta-marim-2\/\" class=\"wp-image-11795\" srcset=\"https:\/\/blog.olimar.de\/wp-content\/uploads\/2019\/08\/Quinta-Marim-2-1024x768.jpg 1024w, https:\/\/blog.olimar.de\/wp-content\/uploads\/2019\/08\/Quinta-Marim-2-300x225.jpg 300w, https:\/\/blog.olimar.de\/wp-content\/uploads\/2019\/08\/Quinta-Marim-2-768x576.jpg 768w, https:\/\/blog.olimar.de\/wp-content\/uploads\/2019\/08\/Quinta-Marim-2.jpg 1780w\" sizes=\"auto, (max-width: 1024px) 100vw, 1024px\" \/><\/figure><\/li><\/ul>\n\n\n\n<p class=\"wp-block-paragraph\">Vorbei an einer ehemaligen Meersalzsaline f\u00fchrt ein schmaler Pfad durch Algen und Erika-Gestr\u00fcpp zu den Vogelbeobachtungsh\u00e4uschen am Teich. Wenn man ganz leise ist und weich beim Gehen auftritt, kann man in den schlammigen Teichbecken tausende kleine Winkerkrabben durch die Marsch flitzen sehen. Putzig sind diese kleinen Krebse, die nur einen Scherenkneifer besitzen und damit unentwegt winken. Daher stammt ihr Name.<\/p>\n\n\n\n<figure class=\"wp-block-image\"><img loading=\"lazy\" decoding=\"async\" width=\"1024\" height=\"768\" src=\"https:\/\/blog.olimar.de\/wp-content\/uploads\/2019\/08\/Aussichtspunkt-Vogelbeobachtung-1024x768.jpg\" alt=\"Beobachtungsposten Quinta Marim\" class=\"wp-image-11784\" srcset=\"https:\/\/blog.olimar.de\/wp-content\/uploads\/2019\/08\/Aussichtspunkt-Vogelbeobachtung-1024x768.jpg 1024w, https:\/\/blog.olimar.de\/wp-content\/uploads\/2019\/08\/Aussichtspunkt-Vogelbeobachtung-300x225.jpg 300w, https:\/\/blog.olimar.de\/wp-content\/uploads\/2019\/08\/Aussichtspunkt-Vogelbeobachtung-768x576.jpg 768w\" sizes=\"auto, (max-width: 1024px) 100vw, 1024px\" \/><\/figure>\n\n\n\n<ul class=\"wp-block-gallery columns-3 is-cropped wp-block-gallery-3 is-layout-flex wp-block-gallery-is-layout-flex\"><li class=\"blocks-gallery-item\"><figure><img loading=\"lazy\" decoding=\"async\" width=\"1024\" height=\"576\" src=\"https:\/\/blog.olimar.de\/wp-content\/uploads\/2019\/08\/Ria-Formosa-Krebs-1024x576.jpg\" alt=\"Krebs Ria Formosa\" data-id=\"11798\" data-link=\"https:\/\/blog.olimar.de\/ria-formosa-krebs\/\" class=\"wp-image-11798\" srcset=\"https:\/\/blog.olimar.de\/wp-content\/uploads\/2019\/08\/Ria-Formosa-Krebs-1024x576.jpg 1024w, https:\/\/blog.olimar.de\/wp-content\/uploads\/2019\/08\/Ria-Formosa-Krebs-300x169.jpg 300w, https:\/\/blog.olimar.de\/wp-content\/uploads\/2019\/08\/Ria-Formosa-Krebs-768x432.jpg 768w\" sizes=\"auto, (max-width: 1024px) 100vw, 1024px\" \/><\/figure><\/li><li class=\"blocks-gallery-item\"><figure><img loading=\"lazy\" decoding=\"async\" width=\"740\" height=\"1024\" src=\"https:\/\/blog.olimar.de\/wp-content\/uploads\/2019\/08\/Vogelkunde-740x1024.jpg\" alt=\"Vogelarten Quinta Marim\" data-id=\"11813\" data-link=\"https:\/\/blog.olimar.de\/vogelkunde\/\" class=\"wp-image-11813\" srcset=\"https:\/\/blog.olimar.de\/wp-content\/uploads\/2019\/08\/Vogelkunde-740x1024.jpg 740w, https:\/\/blog.olimar.de\/wp-content\/uploads\/2019\/08\/Vogelkunde-217x300.jpg 217w, https:\/\/blog.olimar.de\/wp-content\/uploads\/2019\/08\/Vogelkunde-768x1062.jpg 768w\" sizes=\"auto, (max-width: 740px) 100vw, 740px\" \/><\/figure><\/li><li class=\"blocks-gallery-item\"><figure><img loading=\"lazy\" decoding=\"async\" width=\"768\" height=\"1024\" src=\"https:\/\/blog.olimar.de\/wp-content\/uploads\/2019\/08\/Ria-Formosa-768x1024.jpg\" alt=\"Ria Formosa Naturpark\" data-id=\"11797\" data-link=\"https:\/\/blog.olimar.de\/ria-formosa-2\/\" class=\"wp-image-11797\" srcset=\"https:\/\/blog.olimar.de\/wp-content\/uploads\/2019\/08\/Ria-Formosa-768x1024.jpg 768w, https:\/\/blog.olimar.de\/wp-content\/uploads\/2019\/08\/Ria-Formosa-225x300.jpg 225w, https:\/\/blog.olimar.de\/wp-content\/uploads\/2019\/08\/Ria-Formosa-420x560.jpg 420w\" sizes=\"auto, (max-width: 768px) 100vw, 768px\" \/><\/figure><\/li><li class=\"blocks-gallery-item\"><figure><img loading=\"lazy\" decoding=\"async\" width=\"1024\" height=\"576\" src=\"https:\/\/blog.olimar.de\/wp-content\/uploads\/2019\/08\/Ria-Formosa-Landschaft-1024x576.jpg\" alt=\"Landschaft Ria Formosa\" data-id=\"11799\" data-link=\"https:\/\/blog.olimar.de\/ria-formosa-landschaft\/\" class=\"wp-image-11799\" srcset=\"https:\/\/blog.olimar.de\/wp-content\/uploads\/2019\/08\/Ria-Formosa-Landschaft-1024x576.jpg 1024w, https:\/\/blog.olimar.de\/wp-content\/uploads\/2019\/08\/Ria-Formosa-Landschaft-300x169.jpg 300w, https:\/\/blog.olimar.de\/wp-content\/uploads\/2019\/08\/Ria-Formosa-Landschaft-768x432.jpg 768w\" sizes=\"auto, (max-width: 1024px) 100vw, 1024px\" \/><\/figure><\/li><\/ul>\n\n\n\n<p class=\"wp-block-paragraph\">Im Hochsitz versteckt hinter B\u00fcschen, kann man durch schmale Schlitze in den Brettern V\u00f6gel beobachten. Mit etwas Gl\u00fcck stelzen L\u00f6ffler umher, Kuhreiher, und St\u00f6rche, ein Kuckuck schreit. Auf dem Teich schwimmen Enten und andere Wasserv\u00f6gel, im Sommer mit einer Schar K\u00fcken, Meerschwalben tanzen in der Luft. Wandern macht Appetit. Ein Picknickplatz mit Tischen und B\u00e4nken ist genau der richtige Ort f\u00fcr eine Pause im Schatten, bevor es weiter zur n\u00e4chsten Unternehmung geht. <\/p>\n\n\n\n<p class=\"has-background has-cyan-bluish-gray-background-color wp-block-paragraph\"><strong>Naturparkzentrum Quinta de Marin bei Olh\u00e3o:<\/strong> Adresse: 1 km \u00f6stlich von&nbsp;Olh\u00e3o gelegen, der Ausschilderung &#8221; Parque Natural&#8221; folgen.<\/p>\n\n\n\n<h2 class=\"wp-block-heading\"><strong>Sandskulpturenpark Sandcity in Lagoa<\/strong><\/h2>\n\n\n\n<p class=\"wp-block-paragraph\">Sandburgen am Strand bauen macht allen Spa\u00df. Gro\u00df, klein, selbst Mama und Papa, manchmal sogar Oma und Opa, buddeln mit den blo\u00dfen H\u00e4nden oder mit F\u00f6rmchen im Sand, backen Sandkuchen, modellieren Tierfiguren oder bauen Burgen. Am besten steht die Burg noch auf einer Insel und drumherum l\u00e4uft Wasser. Nur leider kommt irgendwann eine Welle und schwapp, muss man wieder von vorne anfangen.<br>Im Themenpark Sandcity (fr\u00fcher: FIESA), das bedeutet Stadt aus Sand, bauen Sand-K\u00fcnstler Landschaften aus Sand. Lebensgro\u00df und gr\u00f6\u00dfer sind ihre Figuren, originalgetreu nachgeahmt arbeitet ein eingeschworenes Sand-K\u00fcnstler-Team mit LKW-Ladungen voll mit Sand, bis nach und nach aus den Sandh\u00fcgeln eine eigene Stadt entsteht. Diese Sand-Artists kennen das exakte Verh\u00e4ltnis zwischen Sand und Wasser, damit sie aus dem feuchten Sand-Matsch, Figuren, Geb\u00e4ude, T\u00fcrme, Tiere, gar Schiffe modellieren k\u00f6nnen, die an der Sonne trocknen und eine riesige Sand-Landschaft bilden. <br><\/p>\n\n\n\n<figure class=\"wp-block-image\"><img loading=\"lazy\" decoding=\"async\" width=\"1024\" height=\"768\" src=\"https:\/\/blog.olimar.de\/wp-content\/uploads\/2019\/08\/Sandcity-Eingang-1024x768.jpg\" alt=\"Eingang SandCity\" class=\"wp-image-11801\" srcset=\"https:\/\/blog.olimar.de\/wp-content\/uploads\/2019\/08\/Sandcity-Eingang-1024x768.jpg 1024w, https:\/\/blog.olimar.de\/wp-content\/uploads\/2019\/08\/Sandcity-Eingang-300x225.jpg 300w, https:\/\/blog.olimar.de\/wp-content\/uploads\/2019\/08\/Sandcity-Eingang-768x576.jpg 768w\" sizes=\"auto, (max-width: 1024px) 100vw, 1024px\" \/><\/figure>\n\n\n\n<p class=\"wp-block-paragraph\">Jedes Jahr im Fr\u00fchling f\u00e4ngt die Arbeit erneut an, denn im Winter zerst\u00f6rt Regen und Feuchtigkeit die Skulpturen, der Sand l\u00f6st sich auf wie Zucker in Wasser, die Figuren verschwinden. Deswegen lassen sich die K\u00fcnstler immer wieder etwas Neues einfallen und modellieren die Sandcity-Stadt aus Sand ein bisschen anders als im Jahr zuvor. Jedes Jahr unter einem anderen Motto.<\/p>\n\n\n\n<p class=\"wp-block-paragraph\">Kaum diese geheimnisvoll anders gestaltete Welt betreten, begr\u00fc\u00dft den Besucher gleich zu Beginn ein Fu\u00dfballspieler &#8211; und kein Geringerer als der weltbekannte portugiesischen Kicker, Cristiano Ronaldo, mit der Nummer 7 auf dem Trikot. Gleich um die Ecke von CR7 steht der Eifelturm aus Paris, schr\u00e4g gegen\u00fcber der schiefe Turm von Pisa, daneben thront die Akropolis aus Athen, auf der anderen Seite ragt Big Ben, das Wahrzeichen von London \u00fcber anderen Skulpturen empor. Gleich gegen\u00fcber steht der Torre de Bel\u00e9m am Tejo-Flussufer in Lissabon. Die Reise durch die Welt aus Sand f\u00fchrt einmal quer durch Europa weiter nach Osten in die T\u00fcrkei nach Istanbul zur Hagia Sophia Moschee. Von dort gelangt man nach \u00c4gypten zu den Pyramiden von Gizeh, mit Karawane und Kamel durch die W\u00fcste bis nach Indien und Indonesien, mit dem Schiff nach Bali, und wieder zur\u00fcck bis in den Kambodschanischen Urwald, \u00fcberquert den Pazifischen Ozean und gelangt zu den Inkas in Mexiko und zu den Indianern von Nordamerika. Unterwegs lernt man die Wahrzeichen der L\u00e4nder und St\u00e4dte kennen, oder erkennt sie staunend wieder. <br><\/p>\n\n\n\n<ul class=\"wp-block-gallery columns-3 is-cropped wp-block-gallery-4 is-layout-flex wp-block-gallery-is-layout-flex\"><li class=\"blocks-gallery-item\"><figure><img loading=\"lazy\" decoding=\"async\" width=\"1024\" height=\"768\" src=\"https:\/\/blog.olimar.de\/wp-content\/uploads\/2019\/08\/Sandcity-Ronaldo-1024x768.jpg\" alt=\"Ronaldo Sandcity\" data-id=\"11810\" data-link=\"https:\/\/blog.olimar.de\/sandcity-ronaldo\/\" class=\"wp-image-11810\" srcset=\"https:\/\/blog.olimar.de\/wp-content\/uploads\/2019\/08\/Sandcity-Ronaldo-1024x768.jpg 1024w, https:\/\/blog.olimar.de\/wp-content\/uploads\/2019\/08\/Sandcity-Ronaldo-300x225.jpg 300w, https:\/\/blog.olimar.de\/wp-content\/uploads\/2019\/08\/Sandcity-Ronaldo-768x576.jpg 768w\" sizes=\"auto, (max-width: 1024px) 100vw, 1024px\" \/><\/figure><\/li><li class=\"blocks-gallery-item\"><figure><img loading=\"lazy\" decoding=\"async\" width=\"1024\" height=\"631\" src=\"https:\/\/blog.olimar.de\/wp-content\/uploads\/2019\/08\/Sandcity-Pyramiden-1024x631.jpg\" alt=\"Pyramiden Sandcity\" data-id=\"11809\" data-link=\"https:\/\/blog.olimar.de\/sandcity-pyramiden\/\" class=\"wp-image-11809\" srcset=\"https:\/\/blog.olimar.de\/wp-content\/uploads\/2019\/08\/Sandcity-Pyramiden-1024x631.jpg 1024w, https:\/\/blog.olimar.de\/wp-content\/uploads\/2019\/08\/Sandcity-Pyramiden-300x185.jpg 300w, https:\/\/blog.olimar.de\/wp-content\/uploads\/2019\/08\/Sandcity-Pyramiden-768x473.jpg 768w\" sizes=\"auto, (max-width: 1024px) 100vw, 1024px\" \/><\/figure><\/li><li class=\"blocks-gallery-item\"><figure><img loading=\"lazy\" decoding=\"async\" width=\"831\" height=\"1024\" src=\"https:\/\/blog.olimar.de\/wp-content\/uploads\/2019\/08\/Sandcity-Eiffelturm-831x1024.jpg\" alt=\"Eiffelturm Sandcity Algarve\" data-id=\"11800\" data-link=\"https:\/\/blog.olimar.de\/sandcity-eiffelturm\/\" class=\"wp-image-11800\" srcset=\"https:\/\/blog.olimar.de\/wp-content\/uploads\/2019\/08\/Sandcity-Eiffelturm-831x1024.jpg 831w, https:\/\/blog.olimar.de\/wp-content\/uploads\/2019\/08\/Sandcity-Eiffelturm-243x300.jpg 243w, https:\/\/blog.olimar.de\/wp-content\/uploads\/2019\/08\/Sandcity-Eiffelturm-768x946.jpg 768w\" sizes=\"auto, (max-width: 831px) 100vw, 831px\" \/><\/figure><\/li><li class=\"blocks-gallery-item\"><figure><img loading=\"lazy\" decoding=\"async\" width=\"768\" height=\"1024\" src=\"https:\/\/blog.olimar.de\/wp-content\/uploads\/2019\/08\/Sandcity-Italien-768x1024.jpg\" alt=\"Italien Sandcity\" data-id=\"11806\" data-link=\"https:\/\/blog.olimar.de\/sandcity-italien\/\" class=\"wp-image-11806\" srcset=\"https:\/\/blog.olimar.de\/wp-content\/uploads\/2019\/08\/Sandcity-Italien-768x1024.jpg 768w, https:\/\/blog.olimar.de\/wp-content\/uploads\/2019\/08\/Sandcity-Italien-225x300.jpg 225w, https:\/\/blog.olimar.de\/wp-content\/uploads\/2019\/08\/Sandcity-Italien-420x560.jpg 420w\" sizes=\"auto, (max-width: 768px) 100vw, 768px\" \/><\/figure><\/li><li class=\"blocks-gallery-item\"><figure><img loading=\"lazy\" decoding=\"async\" width=\"768\" height=\"1024\" src=\"https:\/\/blog.olimar.de\/wp-content\/uploads\/2019\/08\/Sandcity-Griechenland-768x1024.jpg\" alt=\"T\u00e4nzerin SandCity\" data-id=\"11805\" data-link=\"https:\/\/blog.olimar.de\/sandcity-griechenland\/\" class=\"wp-image-11805\" srcset=\"https:\/\/blog.olimar.de\/wp-content\/uploads\/2019\/08\/Sandcity-Griechenland-768x1024.jpg 768w, https:\/\/blog.olimar.de\/wp-content\/uploads\/2019\/08\/Sandcity-Griechenland-225x300.jpg 225w, https:\/\/blog.olimar.de\/wp-content\/uploads\/2019\/08\/Sandcity-Griechenland-420x560.jpg 420w\" sizes=\"auto, (max-width: 768px) 100vw, 768px\" \/><\/figure><\/li><\/ul>\n\n\n\n<figure class=\"wp-block-image\"><img loading=\"lazy\" decoding=\"async\" width=\"1024\" height=\"683\" src=\"https:\/\/blog.olimar.de\/wp-content\/uploads\/2019\/08\/PT-Algarve-FIESA-SandSculpture2016-c-FN-06566-1024x683.jpg\" alt=\"Sandskulpturen FIESA SandCity Lagoa\" class=\"wp-image-11780\" srcset=\"https:\/\/blog.olimar.de\/wp-content\/uploads\/2019\/08\/PT-Algarve-FIESA-SandSculpture2016-c-FN-06566-1024x683.jpg 1024w, https:\/\/blog.olimar.de\/wp-content\/uploads\/2019\/08\/PT-Algarve-FIESA-SandSculpture2016-c-FN-06566-300x200.jpg 300w, https:\/\/blog.olimar.de\/wp-content\/uploads\/2019\/08\/PT-Algarve-FIESA-SandSculpture2016-c-FN-06566-768x512.jpg 768w, https:\/\/blog.olimar.de\/wp-content\/uploads\/2019\/08\/PT-Algarve-FIESA-SandSculpture2016-c-FN-06566-840x560.jpg 840w, https:\/\/blog.olimar.de\/wp-content\/uploads\/2019\/08\/PT-Algarve-FIESA-SandSculpture2016-c-FN-06566-1200x800.jpg 1200w, https:\/\/blog.olimar.de\/wp-content\/uploads\/2019\/08\/PT-Algarve-FIESA-SandSculpture2016-c-FN-06566.jpg 1620w\" sizes=\"auto, (max-width: 1024px) 100vw, 1024px\" \/><\/figure>\n\n\n\n<figure class=\"wp-block-image\"><img loading=\"lazy\" decoding=\"async\" width=\"768\" height=\"1024\" src=\"https:\/\/blog.olimar.de\/wp-content\/uploads\/2019\/08\/Sandcity-Papst-768x1024.jpg\" alt=\"Papst auf Vespa Sandcity Algarve\" class=\"wp-image-11807\" srcset=\"https:\/\/blog.olimar.de\/wp-content\/uploads\/2019\/08\/Sandcity-Papst-768x1024.jpg 768w, https:\/\/blog.olimar.de\/wp-content\/uploads\/2019\/08\/Sandcity-Papst-225x300.jpg 225w, https:\/\/blog.olimar.de\/wp-content\/uploads\/2019\/08\/Sandcity-Papst-420x560.jpg 420w\" sizes=\"auto, (max-width: 768px) 100vw, 768px\" \/><\/figure>\n\n\n\n<p class=\"wp-block-paragraph\">Aladin mit seiner Wunderlampe und einem gro\u00dfen Turban um den Kopf gewickelt mit Sherazade an der Seite, geleiten die Besucher in die M\u00e4rchenwelt von 1001 Nacht und den Gebr\u00fcder Grimm. Rotk\u00e4ppchen, Rapunzel, sogar der gestiefelte Kater warten mit ihren Geschichten auf Erz\u00e4hler und auf Zuh\u00f6rer. Doch nicht blo\u00df M\u00e4rchenwesen schm\u00fccken die Landschaft. Kamele, Zebras, L\u00f6wen und viele andere Tiere originalgetreu modelliert aus Sand bilden einen eigenen kleinen Zoo&#8230;<br><\/p>\n\n\n\n<figure class=\"wp-block-image\"><img loading=\"lazy\" decoding=\"async\" width=\"1024\" height=\"768\" src=\"https:\/\/blog.olimar.de\/wp-content\/uploads\/2019\/08\/Sandcity-Erdmaennchen-1024x768.jpg\" alt=\"Erdm\u00e4nnchen Sandcity\" class=\"wp-image-11803\" srcset=\"https:\/\/blog.olimar.de\/wp-content\/uploads\/2019\/08\/Sandcity-Erdmaennchen-1024x768.jpg 1024w, https:\/\/blog.olimar.de\/wp-content\/uploads\/2019\/08\/Sandcity-Erdmaennchen-300x225.jpg 300w, https:\/\/blog.olimar.de\/wp-content\/uploads\/2019\/08\/Sandcity-Erdmaennchen-768x576.jpg 768w\" sizes=\"auto, (max-width: 1024px) 100vw, 1024px\" \/><\/figure>\n\n\n\n<figure class=\"wp-block-image\"><img loading=\"lazy\" decoding=\"async\" width=\"1024\" height=\"726\" src=\"https:\/\/blog.olimar.de\/wp-content\/uploads\/2019\/08\/Sandcity-Elefanten-1024x726.jpg\" alt=\"Elefanten Sandcity\" class=\"wp-image-11802\" srcset=\"https:\/\/blog.olimar.de\/wp-content\/uploads\/2019\/08\/Sandcity-Elefanten-1024x726.jpg 1024w, https:\/\/blog.olimar.de\/wp-content\/uploads\/2019\/08\/Sandcity-Elefanten-300x213.jpg 300w, https:\/\/blog.olimar.de\/wp-content\/uploads\/2019\/08\/Sandcity-Elefanten-768x544.jpg 768w\" sizes=\"auto, (max-width: 1024px) 100vw, 1024px\" \/><\/figure>\n\n\n\n<figure class=\"wp-block-image\"><img loading=\"lazy\" decoding=\"async\" width=\"1024\" height=\"768\" src=\"https:\/\/blog.olimar.de\/wp-content\/uploads\/2019\/08\/Sandcity-Zebra-1024x768.jpg\" alt=\"Zebra Sandcity\" class=\"wp-image-11811\" srcset=\"https:\/\/blog.olimar.de\/wp-content\/uploads\/2019\/08\/Sandcity-Zebra-1024x768.jpg 1024w, https:\/\/blog.olimar.de\/wp-content\/uploads\/2019\/08\/Sandcity-Zebra-300x225.jpg 300w, https:\/\/blog.olimar.de\/wp-content\/uploads\/2019\/08\/Sandcity-Zebra-768x576.jpg 768w\" sizes=\"auto, (max-width: 1024px) 100vw, 1024px\" \/><\/figure>\n\n\n\n<figure class=\"wp-block-image\"><img loading=\"lazy\" decoding=\"async\" width=\"1024\" height=\"768\" src=\"https:\/\/blog.olimar.de\/wp-content\/uploads\/2019\/08\/Sandcity-Gorillas-1024x768.jpg\" alt=\"Gorillas Sandcity Algarve\" class=\"wp-image-11804\" srcset=\"https:\/\/blog.olimar.de\/wp-content\/uploads\/2019\/08\/Sandcity-Gorillas-1024x768.jpg 1024w, https:\/\/blog.olimar.de\/wp-content\/uploads\/2019\/08\/Sandcity-Gorillas-300x225.jpg 300w, https:\/\/blog.olimar.de\/wp-content\/uploads\/2019\/08\/Sandcity-Gorillas-768x576.jpg 768w\" sizes=\"auto, (max-width: 1024px) 100vw, 1024px\" \/><\/figure>\n\n\n\n<p class=\"has-background has-cyan-bluish-gray-background-color wp-block-paragraph\"><strong>Sandcity Lagoa:<\/strong> Adresse:  S\u00edtio dos lombos bei Lagoa, Eintritt: 11,90 \u20ac (Erw.) \/  5,90 \u20ac (Kinder ab 6 J., darunter kostenlos). Mehr Infos auf der <a rel=\"noreferrer noopener\" aria-label=\"Sandcity Webseite (opens in a new tab)\" href=\"https:\/\/sandcity.pt\/visit-plan\" target=\"_blank\">Sandcity Webseite<\/a><\/p>\n\n\n\n<h2 class=\"wp-block-heading\"><strong>Ein Tag im Zoo von Lagos<\/strong><\/h2>\n\n\n\n<p class=\"wp-block-paragraph\">Derart angestachelt von den toll gestalteten Tieren aus Sand, versp\u00fcrt man im Urlaub an der Algarve mit Kindern bestimmt Lust darauf, einen richtigen Zoo zu besuchen. In der N\u00e4he von Lagos ist der ZOO-Lagos Heimat f\u00fcr eine Menge echte Tiere von allen f\u00fcnf Kontinenten. Insgesamt \u00fcber 140 Tiersorten und \u00fcber 200 Pflanzen bilden dieses bl\u00fchend bunte Kleinod im Westen der Algarve. Zu den Highlights z\u00e4hlen sicherlich neben all den bunt gefiederten Papageien, die Leoparden-Schildkr\u00f6te oder die Wallaby-K\u00e4ngurus, vor allem die Lemuren-\u00c4ffchen, die Nilpferd-Familie, und die afrikanischen Krokodil-Kolonie. Gruseln kann man sich bei der Boa-Konstriktor-Schlange, lachen bei den Pinguinen, und streicheln kann man Ponys, Hasen, und Zwergziegen.<br><\/p>\n\n\n\n<ul class=\"wp-block-gallery columns-3 is-cropped wp-block-gallery-5 is-layout-flex wp-block-gallery-is-layout-flex\"><li class=\"blocks-gallery-item\"><figure><img loading=\"lazy\" decoding=\"async\" width=\"683\" height=\"1024\" src=\"https:\/\/blog.olimar.de\/wp-content\/uploads\/2019\/08\/Panda-683x1024.jpg\" alt=\"Kleiner Panda Zoo Lagos\" data-id=\"11792\" data-link=\"https:\/\/blog.olimar.de\/panda\/\" class=\"wp-image-11792\" srcset=\"https:\/\/blog.olimar.de\/wp-content\/uploads\/2019\/08\/Panda-683x1024.jpg 683w, https:\/\/blog.olimar.de\/wp-content\/uploads\/2019\/08\/Panda-200x300.jpg 200w, https:\/\/blog.olimar.de\/wp-content\/uploads\/2019\/08\/Panda-768x1152.jpg 768w\" sizes=\"auto, (max-width: 683px) 100vw, 683px\" \/><\/figure><\/li><li class=\"blocks-gallery-item\"><figure><img loading=\"lazy\" decoding=\"async\" width=\"1024\" height=\"683\" src=\"https:\/\/blog.olimar.de\/wp-content\/uploads\/2019\/08\/Katzen-1024x683.jpg\" alt=\"Wildkatzen Zoo Lagos\" data-id=\"11790\" data-link=\"https:\/\/blog.olimar.de\/katzen\/\" class=\"wp-image-11790\" srcset=\"https:\/\/blog.olimar.de\/wp-content\/uploads\/2019\/08\/Katzen-1024x683.jpg 1024w, https:\/\/blog.olimar.de\/wp-content\/uploads\/2019\/08\/Katzen-300x200.jpg 300w, https:\/\/blog.olimar.de\/wp-content\/uploads\/2019\/08\/Katzen-768x512.jpg 768w, https:\/\/blog.olimar.de\/wp-content\/uploads\/2019\/08\/Katzen-840x560.jpg 840w, https:\/\/blog.olimar.de\/wp-content\/uploads\/2019\/08\/Katzen-1200x800.jpg 1200w\" sizes=\"auto, (max-width: 1024px) 100vw, 1024px\" \/><\/figure><\/li><li class=\"blocks-gallery-item\"><figure><img loading=\"lazy\" decoding=\"async\" width=\"683\" height=\"1024\" src=\"https:\/\/blog.olimar.de\/wp-content\/uploads\/2019\/08\/K\u00e4nguru-683x1024.jpg\" alt=\"K\u00e4nguru Zoo Lagos\" data-id=\"11788\" data-link=\"https:\/\/blog.olimar.de\/kaenguru\/\" class=\"wp-image-11788\" srcset=\"https:\/\/blog.olimar.de\/wp-content\/uploads\/2019\/08\/K\u00e4nguru-683x1024.jpg 683w, https:\/\/blog.olimar.de\/wp-content\/uploads\/2019\/08\/K\u00e4nguru-200x300.jpg 200w, https:\/\/blog.olimar.de\/wp-content\/uploads\/2019\/08\/K\u00e4nguru-768x1152.jpg 768w, https:\/\/blog.olimar.de\/wp-content\/uploads\/2019\/08\/K\u00e4nguru.jpg 1387w\" sizes=\"auto, (max-width: 683px) 100vw, 683px\" \/><\/figure><\/li><li class=\"blocks-gallery-item\"><figure><img loading=\"lazy\" decoding=\"async\" width=\"683\" height=\"1024\" src=\"https:\/\/blog.olimar.de\/wp-content\/uploads\/2019\/08\/Affe-683x1024.jpg\" alt=\"\u00c4ffchen im Zoo Lagos\" data-id=\"11783\" data-link=\"https:\/\/blog.olimar.de\/affe\/\" class=\"wp-image-11783\" srcset=\"https:\/\/blog.olimar.de\/wp-content\/uploads\/2019\/08\/Affe-683x1024.jpg 683w, https:\/\/blog.olimar.de\/wp-content\/uploads\/2019\/08\/Affe-200x300.jpg 200w, https:\/\/blog.olimar.de\/wp-content\/uploads\/2019\/08\/Affe-768x1152.jpg 768w, https:\/\/blog.olimar.de\/wp-content\/uploads\/2019\/08\/Affe.jpg 1664w\" sizes=\"auto, (max-width: 683px) 100vw, 683px\" \/><\/figure><\/li><li class=\"blocks-gallery-item\"><figure><img loading=\"lazy\" decoding=\"async\" width=\"1024\" height=\"683\" src=\"https:\/\/blog.olimar.de\/wp-content\/uploads\/2019\/08\/Nilpferde-1024x683.jpg\" alt=\"Nilpferde Zoo Lagos\" data-id=\"11791\" data-link=\"https:\/\/blog.olimar.de\/nilpferde\/\" class=\"wp-image-11791\" srcset=\"https:\/\/blog.olimar.de\/wp-content\/uploads\/2019\/08\/Nilpferde-1024x683.jpg 1024w, https:\/\/blog.olimar.de\/wp-content\/uploads\/2019\/08\/Nilpferde-300x200.jpg 300w, https:\/\/blog.olimar.de\/wp-content\/uploads\/2019\/08\/Nilpferde-768x512.jpg 768w, https:\/\/blog.olimar.de\/wp-content\/uploads\/2019\/08\/Nilpferde-840x560.jpg 840w, https:\/\/blog.olimar.de\/wp-content\/uploads\/2019\/08\/Nilpferde-1200x800.jpg 1200w\" sizes=\"auto, (max-width: 1024px) 100vw, 1024px\" \/><\/figure><\/li><\/ul>\n\n\n\n<p class=\"wp-block-paragraph\">Pflegen, hegen, weitergeben, haben sich die Betreiber des Zoos auf die Fahne geschrieben und deswegen sind nicht nur die Tiere auf Tafeln erkl\u00e4rt, sondern auch ein Teil der Pflanzen, die nicht aus unserem Wald, sondern von den karibischen Inseln, aus dem afrikanischen Tropenwald oder aus dem brasilianischen Dschungel stammen.<br><\/p>\n\n\n\n<p class=\"wp-block-paragraph\">\u00dcbrigens kann man den Zoo-W\u00e4rtern beim F\u00fcttern zusehen. Um 11.30 Uhr bei den Pelikanen, um 15 Uhr bei den Ottern und bei den Affen. Die 7-11-J\u00e4hrigen unter euch k\u00f6nnen gegen Aufpreis und vorheriger Anmeldung um 11.45 Uhr oder nachmittags um 16 Uhr mithelfen, die putzig possierlichen Lemuren-\u00c4ffchen zu f\u00fcttern. In Begleitung eines Erwachsenen \u2013 oder Geschwister &#8211; kommt jeder in die N\u00e4he der scheuen Wesen, die mit ihren kugelrunden Knopfaugen jeden verzaubern, sich zaghaft n\u00e4hern, und sachte nach einem Leckerli greifen.<\/p>\n\n\n\n<p class=\"has-background has-cyan-bluish-gray-background-color wp-block-paragraph\"><strong>Zoo Lagos:<\/strong> Adresse:  Medronhal-Quinta Figueiras<br>8600-013 Bar\u00e3o de S\u00e3o Jo\u00e3o, Lagos, Eintritt: 18 \u20ac (Erw.) \/ 14 \u20ac (Kinder). Mehr Infos auf der <a rel=\"noreferrer noopener\" aria-label=\"Zoo Lagos Webseite (opens in a new tab)\" href=\"https:\/\/zoolagos.com\/en\/\" target=\"_blank\">Zoo Lagos Webseite<\/a><\/p>\n","protected":false},"excerpt":{"rendered":"<p>Klar! Urlaub an der Algarve mit Kindern bedeutet schwimmen, schnorcheln, Muschelschalen suchen und Strandburgen bauen. Au\u00dferdem kann man ausgelassen Fu\u00dfball, Softball, Federball spielen, malerische Sonnenunterg\u00e4nge fotografieren, Spazierg\u00e4nge am Strand im Morgengrauen unternehmen und die ersten Fu\u00dfspuren des Tages im Sand hinterlassen. Doch was, wenn das Wetter einmal nicht mitspielt und kein Bade- und Strandwetter herrscht? Hier kommen die besten Algarve-Ausflugstipps f\u00fcr Familien. \u00dcber 200 Strandbuchten an der Algarve locken mit Aktivit\u00e4ten am Strand und im Sand. F\u00fcr das Abenteuer zwischendurch, wenn der Wind k\u00fchler bl\u00e4st, bieten Themenparks im Landesinneren eine Menge Abwechslung. Besuch im Naturpark Ria Formosa\/ Quinta de Marin bei &hellip;<\/p>\n","protected":false},"author":70,"featured_media":11786,"comment_status":"open","ping_status":"open","sticky":false,"template":"","format":"standard","meta":{"_crdt_document":"","_lmt_disableupdate":"","_lmt_disable":"","footnotes":""},"categories":[29,31],"tags":[24,34],"class_list":["post-11769","post","type-post","status-publish","format-standard","has-post-thumbnail","hentry","category-aktiv-natur","category-land-leute","tag-algarve","tag-portugal"],"yoast_head":"<!-- This site is optimized with the Yoast SEO plugin v26.9 - https:\/\/yoast.com\/product\/yoast-seo-wordpress\/ -->\n<title>Algarve mit Kindern - die besten Ausflugstipps f\u00fcr Familien -<\/title>\n<meta name=\"description\" content=\"Wer an der Algarve mit Kindern spannende Ausfl\u00fcge unternehmen m\u00f6chte, sollte in die neuesten Tipps unserer Sonnenseiten Autorin hineinschauen.\" \/>\n<meta name=\"robots\" content=\"index, follow, max-snippet:-1, max-image-preview:large, max-video-preview:-1\" \/>\n<link rel=\"canonical\" href=\"https:\/\/blog.olimar.de\/algarve-mit-kindern\/\" \/>\n<meta property=\"og:locale\" content=\"de_DE\" \/>\n<meta property=\"og:type\" content=\"article\" \/>\n<meta property=\"og:title\" content=\"Algarve mit Kindern - die besten Ausflugstipps f\u00fcr Familien -\" \/>\n<meta property=\"og:description\" content=\"Wer an der Algarve mit Kindern spannende Ausfl\u00fcge unternehmen m\u00f6chte, sollte in die neuesten Tipps unserer Sonnenseiten Autorin hineinschauen.\" \/>\n<meta property=\"og:url\" content=\"https:\/\/blog.olimar.de\/algarve-mit-kindern\/\" \/>\n<meta property=\"article:publisher\" content=\"https:\/\/www.facebook.com\/OlimarReisen\" \/>\n<meta property=\"article:published_time\" content=\"2019-08-20T11:58:50+00:00\" \/>\n<meta property=\"article:modified_time\" content=\"2019-08-20T11:58:51+00:00\" \/>\n<meta property=\"og:image\" content=\"https:\/\/i1.wp.com\/blog.olimar.de\/wp-content\/uploads\/2019\/08\/Flamingos.jpg?fit=3360%2C2240&ssl=1\" \/>\n\t<meta property=\"og:image:width\" content=\"3360\" \/>\n\t<meta property=\"og:image:height\" content=\"2240\" \/>\n\t<meta property=\"og:image:type\" content=\"image\/jpeg\" \/>\n<meta name=\"author\" content=\"Catrin Ponciano\" \/>\n<meta name=\"twitter:label1\" content=\"Verfasst von\" \/>\n\t<meta name=\"twitter:data1\" content=\"Catrin Ponciano\" \/>\n\t<meta name=\"twitter:label2\" content=\"Gesch\u00e4tzte Lesezeit\" \/>\n\t<meta name=\"twitter:data2\" content=\"6\u00a0Minuten\" \/>\n<script type=\"application\/ld+json\" class=\"yoast-schema-graph\">{\"@context\":\"https:\/\/schema.org\",\"@graph\":[{\"@type\":\"WebPage\",\"@id\":\"https:\/\/blog.olimar.de\/algarve-mit-kindern\/\",\"url\":\"https:\/\/blog.olimar.de\/algarve-mit-kindern\/\",\"name\":\"Algarve mit Kindern - die besten Ausflugstipps f\u00fcr Familien -\",\"isPartOf\":{\"@id\":\"https:\/\/blog.olimar.de\/#website\"},\"primaryImageOfPage\":{\"@id\":\"https:\/\/blog.olimar.de\/algarve-mit-kindern\/#primaryimage\"},\"image\":{\"@id\":\"https:\/\/blog.olimar.de\/algarve-mit-kindern\/#primaryimage\"},\"thumbnailUrl\":\"https:\/\/blog.olimar.de\/wp-content\/uploads\/2019\/08\/Flamingos.jpg\",\"datePublished\":\"2019-08-20T11:58:50+00:00\",\"dateModified\":\"2019-08-20T11:58:51+00:00\",\"description\":\"Wer an der Algarve mit Kindern spannende Ausfl\u00fcge unternehmen m\u00f6chte, sollte in die neuesten Tipps unserer Sonnenseiten Autorin hineinschauen.\",\"breadcrumb\":{\"@id\":\"https:\/\/blog.olimar.de\/algarve-mit-kindern\/#breadcrumb\"},\"inLanguage\":\"de\",\"potentialAction\":[{\"@type\":\"ReadAction\",\"target\":[\"https:\/\/blog.olimar.de\/algarve-mit-kindern\/\"]}]},{\"@type\":\"ImageObject\",\"inLanguage\":\"de\",\"@id\":\"https:\/\/blog.olimar.de\/algarve-mit-kindern\/#primaryimage\",\"url\":\"https:\/\/blog.olimar.de\/wp-content\/uploads\/2019\/08\/Flamingos.jpg\",\"contentUrl\":\"https:\/\/blog.olimar.de\/wp-content\/uploads\/2019\/08\/Flamingos.jpg\",\"width\":3360,\"height\":2240,\"caption\":\"Flamingos Zoo Lagos\"},{\"@type\":\"BreadcrumbList\",\"@id\":\"https:\/\/blog.olimar.de\/algarve-mit-kindern\/#breadcrumb\",\"itemListElement\":[{\"@type\":\"ListItem\",\"position\":1,\"name\":\"Home\",\"item\":\"https:\/\/blog.olimar.de\/\"},{\"@type\":\"ListItem\",\"position\":2,\"name\":\"Algarve\",\"item\":\"https:\/\/blog.olimar.de\/tag\/algarve\/\"},{\"@type\":\"ListItem\",\"position\":3,\"name\":\"Algarve mit Kindern &#8211; die besten Ausflugstipps f\u00fcr Familien\"}]},{\"@type\":\"WebSite\",\"@id\":\"https:\/\/blog.olimar.de\/#website\",\"url\":\"https:\/\/blog.olimar.de\/\",\"name\":\"OLIMAR.com\",\"description\":\"\",\"publisher\":{\"@id\":\"https:\/\/blog.olimar.de\/#organization\"},\"potentialAction\":[{\"@type\":\"SearchAction\",\"target\":{\"@type\":\"EntryPoint\",\"urlTemplate\":\"https:\/\/blog.olimar.de\/?s={search_term_string}\"},\"query-input\":{\"@type\":\"PropertyValueSpecification\",\"valueRequired\":true,\"valueName\":\"search_term_string\"}}],\"inLanguage\":\"de\"},{\"@type\":\"Organization\",\"@id\":\"https:\/\/blog.olimar.de\/#organization\",\"name\":\"OLIMAR Reisen\",\"url\":\"https:\/\/blog.olimar.de\/\",\"logo\":{\"@type\":\"ImageObject\",\"inLanguage\":\"de\",\"@id\":\"https:\/\/blog.olimar.de\/#\/schema\/logo\/image\/\",\"url\":\"https:\/\/blog.olimar.de\/wp-content\/uploads\/2021\/01\/OLIMAR_Logo_COLOR.png\",\"contentUrl\":\"https:\/\/blog.olimar.de\/wp-content\/uploads\/2021\/01\/OLIMAR_Logo_COLOR.png\",\"width\":2000,\"height\":986,\"caption\":\"OLIMAR Reisen\"},\"image\":{\"@id\":\"https:\/\/blog.olimar.de\/#\/schema\/logo\/image\/\"},\"sameAs\":[\"https:\/\/www.facebook.com\/OlimarReisen\",\"https:\/\/x.com\/olimarrreisen\",\"https:\/\/www.instagram.com\/olimarreisen\",\"https:\/\/www.youtube.com\/user\/olimarreisen\"]}]}<\/script>\n<!-- \/ Yoast SEO plugin. -->","yoast_head_json":{"title":"Algarve mit Kindern - die besten Ausflugstipps f\u00fcr Familien -","description":"Wer an der Algarve mit Kindern spannende Ausfl\u00fcge unternehmen m\u00f6chte, sollte in die neuesten Tipps unserer Sonnenseiten Autorin hineinschauen.","robots":{"index":"index","follow":"follow","max-snippet":"max-snippet:-1","max-image-preview":"max-image-preview:large","max-video-preview":"max-video-preview:-1"},"canonical":"https:\/\/blog.olimar.de\/algarve-mit-kindern\/","og_locale":"de_DE","og_type":"article","og_title":"Algarve mit Kindern - die besten Ausflugstipps f\u00fcr Familien -","og_description":"Wer an der Algarve mit Kindern spannende Ausfl\u00fcge unternehmen m\u00f6chte, sollte in die neuesten Tipps unserer Sonnenseiten Autorin hineinschauen.","og_url":"https:\/\/blog.olimar.de\/algarve-mit-kindern\/","article_publisher":"https:\/\/www.facebook.com\/OlimarReisen","article_published_time":"2019-08-20T11:58:50+00:00","article_modified_time":"2019-08-20T11:58:51+00:00","og_image":[{"width":3360,"height":2240,"url":"https:\/\/i1.wp.com\/blog.olimar.de\/wp-content\/uploads\/2019\/08\/Flamingos.jpg?fit=3360%2C2240&ssl=1","type":"image\/jpeg"}],"author":"Catrin Ponciano","twitter_misc":{"Verfasst von":"Catrin Ponciano","Gesch\u00e4tzte Lesezeit":"6\u00a0Minuten"},"schema":{"@context":"https:\/\/schema.org","@graph":[{"@type":"WebPage","@id":"https:\/\/blog.olimar.de\/algarve-mit-kindern\/","url":"https:\/\/blog.olimar.de\/algarve-mit-kindern\/","name":"Algarve mit Kindern - die besten Ausflugstipps f\u00fcr Familien -","isPartOf":{"@id":"https:\/\/blog.olimar.de\/#website"},"primaryImageOfPage":{"@id":"https:\/\/blog.olimar.de\/algarve-mit-kindern\/#primaryimage"},"image":{"@id":"https:\/\/blog.olimar.de\/algarve-mit-kindern\/#primaryimage"},"thumbnailUrl":"https:\/\/blog.olimar.de\/wp-content\/uploads\/2019\/08\/Flamingos.jpg","datePublished":"2019-08-20T11:58:50+00:00","dateModified":"2019-08-20T11:58:51+00:00","description":"Wer an der Algarve mit Kindern spannende Ausfl\u00fcge unternehmen m\u00f6chte, sollte in die neuesten Tipps unserer Sonnenseiten Autorin hineinschauen.","breadcrumb":{"@id":"https:\/\/blog.olimar.de\/algarve-mit-kindern\/#breadcrumb"},"inLanguage":"de","potentialAction":[{"@type":"ReadAction","target":["https:\/\/blog.olimar.de\/algarve-mit-kindern\/"]}]},{"@type":"ImageObject","inLanguage":"de","@id":"https:\/\/blog.olimar.de\/algarve-mit-kindern\/#primaryimage","url":"https:\/\/blog.olimar.de\/wp-content\/uploads\/2019\/08\/Flamingos.jpg","contentUrl":"https:\/\/blog.olimar.de\/wp-content\/uploads\/2019\/08\/Flamingos.jpg","width":3360,"height":2240,"caption":"Flamingos Zoo Lagos"},{"@type":"BreadcrumbList","@id":"https:\/\/blog.olimar.de\/algarve-mit-kindern\/#breadcrumb","itemListElement":[{"@type":"ListItem","position":1,"name":"Home","item":"https:\/\/blog.olimar.de\/"},{"@type":"ListItem","position":2,"name":"Algarve","item":"https:\/\/blog.olimar.de\/tag\/algarve\/"},{"@type":"ListItem","position":3,"name":"Algarve mit Kindern &#8211; die besten Ausflugstipps f\u00fcr Familien"}]},{"@type":"WebSite","@id":"https:\/\/blog.olimar.de\/#website","url":"https:\/\/blog.olimar.de\/","name":"OLIMAR.com","description":"","publisher":{"@id":"https:\/\/blog.olimar.de\/#organization"},"potentialAction":[{"@type":"SearchAction","target":{"@type":"EntryPoint","urlTemplate":"https:\/\/blog.olimar.de\/?s={search_term_string}"},"query-input":{"@type":"PropertyValueSpecification","valueRequired":true,"valueName":"search_term_string"}}],"inLanguage":"de"},{"@type":"Organization","@id":"https:\/\/blog.olimar.de\/#organization","name":"OLIMAR Reisen","url":"https:\/\/blog.olimar.de\/","logo":{"@type":"ImageObject","inLanguage":"de","@id":"https:\/\/blog.olimar.de\/#\/schema\/logo\/image\/","url":"https:\/\/blog.olimar.de\/wp-content\/uploads\/2021\/01\/OLIMAR_Logo_COLOR.png","contentUrl":"https:\/\/blog.olimar.de\/wp-content\/uploads\/2021\/01\/OLIMAR_Logo_COLOR.png","width":2000,"height":986,"caption":"OLIMAR Reisen"},"image":{"@id":"https:\/\/blog.olimar.de\/#\/schema\/logo\/image\/"},"sameAs":["https:\/\/www.facebook.com\/OlimarReisen","https:\/\/x.com\/olimarrreisen","https:\/\/www.instagram.com\/olimarreisen","https:\/\/www.youtube.com\/user\/olimarreisen"]}]}},"modified_by":"Katharina","jetpack_featured_media_url":"https:\/\/blog.olimar.de\/wp-content\/uploads\/2019\/08\/Flamingos.jpg","_links":{"self":[{"href":"https:\/\/blog.olimar.de\/wp-json\/wp\/v2\/posts\/11769","targetHints":{"allow":["GET"]}}],"collection":[{"href":"https:\/\/blog.olimar.de\/wp-json\/wp\/v2\/posts"}],"about":[{"href":"https:\/\/blog.olimar.de\/wp-json\/wp\/v2\/types\/post"}],"author":[{"embeddable":true,"href":"https:\/\/blog.olimar.de\/wp-json\/wp\/v2\/users\/70"}],"replies":[{"embeddable":true,"href":"https:\/\/blog.olimar.de\/wp-json\/wp\/v2\/comments?post=11769"}],"version-history":[{"count":12,"href":"https:\/\/blog.olimar.de\/wp-json\/wp\/v2\/posts\/11769\/revisions"}],"predecessor-version":[{"id":11817,"href":"https:\/\/blog.olimar.de\/wp-json\/wp\/v2\/posts\/11769\/revisions\/11817"}],"wp:featuredmedia":[{"embeddable":true,"href":"https:\/\/blog.olimar.de\/wp-json\/wp\/v2\/media\/11786"}],"wp:attachment":[{"href":"https:\/\/blog.olimar.de\/wp-json\/wp\/v2\/media?parent=11769"}],"wp:term":[{"taxonomy":"category","embeddable":true,"href":"https:\/\/blog.olimar.de\/wp-json\/wp\/v2\/categories?post=11769"},{"taxonomy":"post_tag","embeddable":true,"href":"https:\/\/blog.olimar.de\/wp-json\/wp\/v2\/tags?post=11769"}],"curies":[{"name":"wp","href":"https:\/\/api.w.org\/{rel}","templated":true}]}}