{"id":11818,"date":"2019-08-28T18:19:00","date_gmt":"2019-08-28T16:19:00","guid":{"rendered":"https:\/\/blog.olimar.de\/?p=11818"},"modified":"2022-12-13T23:30:05","modified_gmt":"2022-12-13T22:30:05","slug":"kuhglocken-manufaktur-im-alentejo","status":"publish","type":"post","link":"https:\/\/blog.olimar.de\/kuhglocken-manufaktur-im-alentejo\/","title":{"rendered":"Zu Besuch in einer Kuhglocken-Manufaktur im Alentejo &#8211; Der Marsmensch von Alc\u00e1\u00e7ovas"},"content":{"rendered":"\n<p><strong>Wie ein Marsmensch bewegt sich der Mann durch die Werkhalle. Seine Schutzkleidung macht schnelle Bewegungen unm\u00f6glich: ein hitzeabweisender, silbrig gl\u00e4nzender Umhang, ein Halsschutz, feuerfeste Handschuhe und ein massiver Helm mit feuersicherem Sichtfenster. Tapsig n\u00e4hert sich der Mann dem Brennofen, erfa\u00dft mit einer langen Stange ein Objekt nach dem anderen, das auf einem fahrbaren Tisch vor ihm liegt, und schiebt es in den Brennofen.<\/strong><\/p>\n\n\n\n<div class=\"wp-block-buttons is-layout-flex wp-block-buttons-is-layout-flex\">\n<div class=\"wp-block-button\"><a class=\"wp-block-button__link wp-element-button\" href=\"https:\/\/www.olimar.de\/portugal\/alentejo\/\">Alentejo Reiseangebote und Hoteltipps entdecken<\/a><\/div>\n<\/div>\n\n\n\n<div style=\"height:25px\" aria-hidden=\"true\" class=\"wp-block-spacer\"><\/div>\n\n\n\n<p class=\"wp-block-paragraph\">Was er da brennt, sind Kuhglocken. Der Marsmensch geh\u00f6rt zum Handwerker-Team der Kuhglocken-Manufaktur <a href=\"http:\/\/chocalhospardalinho.com\/\">Chocalhos Pardalinho<\/a> im \u00d6rtchen Alc\u00e1\u00e7ovas in Portugals Region <a href=\"https:\/\/www.olimar.de\/portugal\/alentejo\/\">Alentejo<\/a>, etwa 130 Kilometer s\u00fcd\u00f6stlich von Lissabon. Fr\u00fcher gab es hier ein Dutzend Betriebe und mehr, die sich auf die 2000 Jahre alte Kunst der Kuhglocken-Herstellung verstanden. Das Wissen um diese komplizierte Technik wurde fr\u00fcher vom Vater auf den Sohn vererbt, schriftliche Aufzeichnungen gibt es nicht. Heute existiert nur noch dieser eine Betrieb. Die Mannschaft \u2013 hier arbeiten tats\u00e4chlich nur M\u00e4nner! \u2013 stammt schon l\u00e4ngst nicht mehr aus einer Familie, so wie es fr\u00fcher Tradition war, sondern ist bunt zusammengew\u00fcrfelt. <\/p>\n\n\n\n<blockquote class=\"wp-block-quote is-style-large is-layout-flow wp-block-quote-is-layout-flow\">\n<p class=\"wp-block-paragraph\">&#8220;Hier lernt und macht jeder alles!&#8221; <\/p>\n<\/blockquote>\n\n\n\n<p class=\"wp-block-paragraph\">sagt einer der Arbeiter. <\/p>\n\n\n\n<h2 class=\"wp-block-heading\"><strong>Die UNESCO Listen des Immateriellen Kulturerbes<\/strong><\/h2>\n\n\n\n<p class=\"wp-block-paragraph\">Dass die Kuhglocken aus Alc\u00e1\u00e7ovas heute nicht mehr so gefragt sind wie fr\u00fcher, liegt auf der Hand: Auf der einen Seite werden Herden heute vielfach mit Chips geh\u00fctet, und wenn doch noch Kuhglocken gekauft werden, stammen sie meist aus industrieller Fertigung. Damit die Handwerkskunst \u00fcberlebt und nicht ausstirbt, hat die UNESO diese 2015 auf eine der Listen des immateriellen Kulturerbes gesetzt. Davon gibt es drei: die Repr\u00e4sentative Liste des Immateriellen Kulturerbes der Menschheit, die <a href=\"https:\/\/ich.unesco.org\/en\/lists?text=&amp;type%5b%5d=00003&amp;multinational=3&amp;display1=inscriptionID#tabs\">Liste des dringend erhaltungsbed\u00fcrftigen Immateriellen Kulturerbes<\/a> und das Register Guter Praxisbeispiele. Die portugiesischen Kuhglocken-Manufaktur steht auf der <a href=\"https:\/\/ich.unesco.org\/en\/lists?text=&amp;type%5b%5d=00003&amp;multinational=3&amp;display1=inscriptionID#tabs\">Liste des dringend erhaltungsbed\u00fcrftigen Immateriellen Kulturerbes<\/a>. <\/p>\n\n\n\n<h2 class=\"wp-block-heading\"><strong>Die EN 2 &#8211; Portugals Route 66 mit dem Mietwagen bereisen<\/strong><\/h2>\n\n\n\n<p class=\"wp-block-paragraph\">Nach Voranmeldung kann die Manufaktur besichtigt werden. Sie liegt an der Estrada Nacional 2 , der l\u00e4ngste Stra\u00dfe Portugals und l\u00e4ngsten Nationalstra\u00dfe Europas, auch Portugals Route 66 genannt. Diese beginnt im Thermalbad Chaves im \u00e4u\u00dfersten Norden Portugals und endet nach 740 Kilometern in Faro an der Algarve. Die N2 wurde vor \u00fcber 70 Jahren angelegt, Teile davon gibt es schon seit dem 19. Jahrhundert, andere liegen auf ehemaligen r\u00f6mischen Handelswegen. Fast st\u00fcndlich wechselt das\u00a0 Landschaftsbild an der Route, die vier Gebirgsz\u00fcge und elf Fl\u00fcsse tangiert. Um die Nationalstra\u00dfe touristisch zu vermarkten, haben sich 35 Gemeinden zum Projekt \u201eN2 Rota Estrada Nacional\u201c zusammengeschlossen. F\u00fcr Autofahrer hat OLIMAR eine zweiw\u00f6chige Mietwagen-Rundreise im Programm, in Anlehnung an das ber\u00fchmte amerikanische Vorbild <a href=\"https:\/\/rms.olimar.de\/code\/OPOR33?travelType=roundtrip&amp;tab=details\">\u201ePortugals Route 66\u201c<\/a> genannt. Auf Wunsch kann die Reise auch verk\u00fcrzt werden.\u00a0 <\/p>\n\n\n\n<figure class=\"wp-block-image\"><img loading=\"lazy\" decoding=\"async\" width=\"976\" height=\"960\" src=\"https:\/\/blog.olimar.de\/wp-content\/uploads\/2019\/08\/Olimar-Blog-Kuhglocken-9.jpg\" alt=\"Kilometerstein EN2\" class=\"wp-image-11847\" srcset=\"https:\/\/blog.olimar.de\/wp-content\/uploads\/2019\/08\/Olimar-Blog-Kuhglocken-9.jpg 976w, https:\/\/blog.olimar.de\/wp-content\/uploads\/2019\/08\/Olimar-Blog-Kuhglocken-9-300x295.jpg 300w, https:\/\/blog.olimar.de\/wp-content\/uploads\/2019\/08\/Olimar-Blog-Kuhglocken-9-768x755.jpg 768w\" sizes=\"auto, (max-width: 976px) 100vw, 976px\" \/><figcaption class=\"wp-element-caption\">Alc\u00e1\u00e7ovas liegt an der N2, die in \u00fcber 700 Kilometer L\u00e4nge von Portugals Norden nach Faro f\u00fchrt.<\/figcaption><\/figure>\n\n\n\n<p class=\"wp-block-paragraph\">Auf dem Weg locken immer wieder St\u00e4dte und St\u00e4dtchen zum Zwischenstop oder f\u00fcr Abstecher, so auch Alc\u00e1\u00e7ovas. Bis auf die Manufaktur ist der Ort&nbsp; touristisch recht unbedeutend. Nur einmal blickte die (europ\u00e4ische) Welt kurz auf ihn: 1479, als mit dem Vertrag von Alc\u00e1\u00e7ovas der seit f\u00fcnf Jahren tosende Kastilische Erbfolgekrieg beendet wurde. Die Manufaktur mit \u00fcber hundertj\u00e4hriger Tradition liegt in einer modernen Werkshalle. Bei der Besichtigung sehen Urlauber zuerst eine gro\u00dfe Verkaufsfl\u00e4che mit Kuhglocken, kleineren Glocken f\u00fcr Schafe und Katzen, Schmuckglocken und anderen Souvenirs\u2026<\/p>\n\n\n\n<h2 class=\"wp-block-heading\"><strong>Vom Eisenblech zur Glocke &#8211; die Produktionsschritte<\/strong><\/h2>\n\n\n\n<p class=\"wp-block-paragraph\">Faszinierend ist es zu beobachten, wie die Glocken entstehen. Zuerst schneidet ein Mitarbeiter aus Eisenblech Rechtecke in der gew\u00fcnschten Glockengr\u00f6\u00dfe aus, die kalt mit Metallschere und Hammer zu becherf\u00f6rmigen Gebilden verarbeitet werden. Kleine St\u00fccke aus Kupfer und Zinn werden um die Becher gelegt, die dann von einem Mantel aus Ton und Stroh umgeben werden. Jetzt kommt der Marsmensch zum Zuge, der die so pr\u00e4parierten k\u00fcnftigen Kuhglocken bei 1200 Grad Celsius brennt.  <\/p>\n\n\n\n<figure class=\"wp-block-image\"><img loading=\"lazy\" decoding=\"async\" width=\"1024\" height=\"746\" src=\"https:\/\/blog.olimar.de\/wp-content\/uploads\/2019\/08\/Olimar-Blog-Kuhglocken-1-1024x746.jpg\" alt=\"Eisenblech-Rechtecke\" class=\"wp-image-11839\" srcset=\"https:\/\/blog.olimar.de\/wp-content\/uploads\/2019\/08\/Olimar-Blog-Kuhglocken-1-1024x746.jpg 1024w, https:\/\/blog.olimar.de\/wp-content\/uploads\/2019\/08\/Olimar-Blog-Kuhglocken-1-300x219.jpg 300w, https:\/\/blog.olimar.de\/wp-content\/uploads\/2019\/08\/Olimar-Blog-Kuhglocken-1-768x560.jpg 768w, https:\/\/blog.olimar.de\/wp-content\/uploads\/2019\/08\/Olimar-Blog-Kuhglocken-1.jpg 1531w\" sizes=\"auto, (max-width: 1024px) 100vw, 1024px\" \/><figcaption class=\"wp-element-caption\"> Aus einem Eisenblech werden Rechtecke in Gr\u00f6\u00dfe der Glocken geschnitten .<\/figcaption><\/figure>\n\n\n\n<figure class=\"wp-block-image\"><img loading=\"lazy\" decoding=\"async\" width=\"1024\" height=\"836\" src=\"https:\/\/blog.olimar.de\/wp-content\/uploads\/2019\/08\/Olimar-Blog-Kuhglocken-2-1024x836.jpg\" alt=\"Blechbearbeitung Kuhglocken\" class=\"wp-image-11840\" srcset=\"https:\/\/blog.olimar.de\/wp-content\/uploads\/2019\/08\/Olimar-Blog-Kuhglocken-2-1024x836.jpg 1024w, https:\/\/blog.olimar.de\/wp-content\/uploads\/2019\/08\/Olimar-Blog-Kuhglocken-2-300x245.jpg 300w, https:\/\/blog.olimar.de\/wp-content\/uploads\/2019\/08\/Olimar-Blog-Kuhglocken-2-768x627.jpg 768w, https:\/\/blog.olimar.de\/wp-content\/uploads\/2019\/08\/Olimar-Blog-Kuhglocken-2.jpg 1284w\" sizes=\"auto, (max-width: 1024px) 100vw, 1024px\" \/><figcaption class=\"wp-element-caption\">Kalt werden die Eisenbleche zu glockenf\u00f6rmigen &#8220;Bechern&#8221; geformt.<\/figcaption><\/figure>\n\n\n\n<figure class=\"wp-block-image\"><img loading=\"lazy\" decoding=\"async\" width=\"1024\" height=\"965\" src=\"https:\/\/blog.olimar.de\/wp-content\/uploads\/2019\/08\/Olimar-Blog-Kuhglocken-3-1024x965.jpg\" alt=\"Arbeite Kuhglocken-Manufaktur\" class=\"wp-image-11841\" srcset=\"https:\/\/blog.olimar.de\/wp-content\/uploads\/2019\/08\/Olimar-Blog-Kuhglocken-3-1024x965.jpg 1024w, https:\/\/blog.olimar.de\/wp-content\/uploads\/2019\/08\/Olimar-Blog-Kuhglocken-3-300x283.jpg 300w, https:\/\/blog.olimar.de\/wp-content\/uploads\/2019\/08\/Olimar-Blog-Kuhglocken-3-768x724.jpg 768w, https:\/\/blog.olimar.de\/wp-content\/uploads\/2019\/08\/Olimar-Blog-Kuhglocken-3.jpg 1333w\" sizes=\"auto, (max-width: 1024px) 100vw, 1024px\" \/><figcaption class=\"wp-element-caption\">Der &#8220;Marsmensch&#8221; mit Schutzkleidung<\/figcaption><\/figure>\n\n\n\n<p class=\"wp-block-paragraph\">Nach dem Brennen tritt die ganze Mannschaft wie ein Ballett an, um im gleichen Takt die gl\u00fchendhei\u00dfen, ummantelten Kuhglocken an langen Stangen hin- und herzurollen. Dadurch wird eine gleichm\u00e4\u00dfige Verschmelzung des Metalls erreicht. Es zischt, wenn dann das Material zum Abk\u00fchlen in kaltes Wasser geworfen wird. Wenn anschlie\u00dfend der Lehm-Stroh-Mantel angeschlagen wird, kommen die goldgelben Glocken zutage. Sie werden getrocknet, poliert und mit Kl\u00f6ppel versehen. Und dann kommt der H\u00f6hepunkt: Der Meister stimmt den Ton der Glocke mit unendlich vielen kurzen Hammerschl\u00e4gen ab \u2013 eine Aufgabe, die Fingerspitzengef\u00fchl, Geschick und ein perfektes Geh\u00f6r erfordert. Und dann ist der Weg f\u00fcr die Kuhglocken von Alc\u00e1\u00e7ovas frei \u2013 hinaus in die ganze Welt.  <\/p>\n\n\n\n<figure class=\"wp-block-image\"><img loading=\"lazy\" decoding=\"async\" width=\"737\" height=\"752\" src=\"https:\/\/blog.olimar.de\/wp-content\/uploads\/2019\/08\/Olimar-Blog-Kuhglocken-5.jpg\" alt=\"Arbeiter in portugiesischer Kuhglocken-Manufaktur\" class=\"wp-image-11843\" srcset=\"https:\/\/blog.olimar.de\/wp-content\/uploads\/2019\/08\/Olimar-Blog-Kuhglocken-5.jpg 737w, https:\/\/blog.olimar.de\/wp-content\/uploads\/2019\/08\/Olimar-Blog-Kuhglocken-5-294x300.jpg 294w\" sizes=\"auto, (max-width: 737px) 100vw, 737px\" \/><figcaption class=\"wp-element-caption\">Handwerker-Ballett: Damit die verschiedenen Metalle gut miteinander verschmelzen, werden die gl\u00fchenden Formen hin- und hergerollt.<\/figcaption><\/figure>\n\n\n\n<figure class=\"wp-block-image\"><img loading=\"lazy\" decoding=\"async\" width=\"856\" height=\"852\" src=\"https:\/\/blog.olimar.de\/wp-content\/uploads\/2019\/08\/Olimar-Blog-Kuhglocken-6.jpg\" alt=\"Kuhglocken-Herstellung im Alentejo\" class=\"wp-image-11844\" srcset=\"https:\/\/blog.olimar.de\/wp-content\/uploads\/2019\/08\/Olimar-Blog-Kuhglocken-6.jpg 856w, https:\/\/blog.olimar.de\/wp-content\/uploads\/2019\/08\/Olimar-Blog-Kuhglocken-6-150x150.jpg 150w, https:\/\/blog.olimar.de\/wp-content\/uploads\/2019\/08\/Olimar-Blog-Kuhglocken-6-300x300.jpg 300w, https:\/\/blog.olimar.de\/wp-content\/uploads\/2019\/08\/Olimar-Blog-Kuhglocken-6-768x764.jpg 768w, https:\/\/blog.olimar.de\/wp-content\/uploads\/2019\/08\/Olimar-Blog-Kuhglocken-6-120x120.jpg 120w\" sizes=\"auto, (max-width: 856px) 100vw, 856px\" \/><figcaption class=\"wp-element-caption\">Im Wasser werden die Formen mit den Glocken in ihnen abgek\u00fchlt.<\/figcaption><\/figure>\n\n\n\n<figure class=\"wp-block-image\"><img loading=\"lazy\" decoding=\"async\" width=\"930\" height=\"620\" src=\"https:\/\/blog.olimar.de\/wp-content\/uploads\/2019\/08\/Olimar-Blog-Kuhglocken-7.jpg\" alt=\"Feinarbeit Kuhglocken-Herstellung\" class=\"wp-image-11845\" srcset=\"https:\/\/blog.olimar.de\/wp-content\/uploads\/2019\/08\/Olimar-Blog-Kuhglocken-7.jpg 930w, https:\/\/blog.olimar.de\/wp-content\/uploads\/2019\/08\/Olimar-Blog-Kuhglocken-7-300x200.jpg 300w, https:\/\/blog.olimar.de\/wp-content\/uploads\/2019\/08\/Olimar-Blog-Kuhglocken-7-768x512.jpg 768w, https:\/\/blog.olimar.de\/wp-content\/uploads\/2019\/08\/Olimar-Blog-Kuhglocken-7-840x560.jpg 840w\" sizes=\"auto, (max-width: 930px) 100vw, 930px\" \/><figcaption class=\"wp-element-caption\">Zum Schluss wird der Ton der Glocke abgestimmt.<\/figcaption><\/figure>\n\n\n\n<figure class=\"wp-block-image\"><img loading=\"lazy\" decoding=\"async\" width=\"1024\" height=\"624\" src=\"https:\/\/blog.olimar.de\/wp-content\/uploads\/2019\/08\/Olimar-Blog-Kuhglocken-8-1024x624.jpg\" alt=\"Hersgestellte Kuhglocken Alentejo\" class=\"wp-image-11846\" srcset=\"https:\/\/blog.olimar.de\/wp-content\/uploads\/2019\/08\/Olimar-Blog-Kuhglocken-8-1024x624.jpg 1024w, https:\/\/blog.olimar.de\/wp-content\/uploads\/2019\/08\/Olimar-Blog-Kuhglocken-8-300x183.jpg 300w, https:\/\/blog.olimar.de\/wp-content\/uploads\/2019\/08\/Olimar-Blog-Kuhglocken-8-768x468.jpg 768w, https:\/\/blog.olimar.de\/wp-content\/uploads\/2019\/08\/Olimar-Blog-Kuhglocken-8.jpg 1043w\" sizes=\"auto, (max-width: 1024px) 100vw, 1024px\" \/><figcaption class=\"wp-element-caption\">Im Souvenirshop der Manufaktur werden auch ganz kleine Glocken verkauft.<\/figcaption><\/figure>\n\n\n\n<div style=\"height:25px\" aria-hidden=\"true\" class=\"wp-block-spacer\"><\/div>\n\n\n\n<div class=\"wp-block-buttons is-layout-flex wp-block-buttons-is-layout-flex\">\n<div class=\"wp-block-button\"><a class=\"wp-block-button__link wp-element-button\" href=\"https:\/\/www.olimar.de\/hotellistung\/\">Jetzt Urlaubsangebote finden und buchen<\/a><\/div>\n<\/div>\n\n\n\n<div style=\"height:100px\" aria-hidden=\"true\" class=\"wp-block-spacer\"><\/div>\n","protected":false},"excerpt":{"rendered":"<p>Wie ein Marsmensch bewegt sich der Mann durch die Werkhalle. Seine Schutzkleidung macht schnelle Bewegungen unm\u00f6glich: ein hitzeabweisender, silbrig gl\u00e4nzender Umhang, ein Halsschutz, feuerfeste Handschuhe und ein massiver Helm mit feuersicherem Sichtfenster. Tapsig n\u00e4hert sich der Mann dem Brennofen, erfa\u00dft mit einer langen Stange ein Objekt nach dem anderen, das auf einem fahrbaren Tisch vor ihm liegt, und schiebt es in den Brennofen. Was er da brennt, sind Kuhglocken. Der Marsmensch geh\u00f6rt zum Handwerker-Team der Kuhglocken-Manufaktur Chocalhos Pardalinho im \u00d6rtchen Alc\u00e1\u00e7ovas in Portugals Region Alentejo, etwa 130 Kilometer s\u00fcd\u00f6stlich von Lissabon. Fr\u00fcher gab es hier ein Dutzend Betriebe und mehr, die &hellip;<\/p>\n","protected":false},"author":73,"featured_media":11837,"comment_status":"open","ping_status":"open","sticky":false,"template":"","format":"standard","meta":{"_crdt_document":"","_lmt_disableupdate":"","_lmt_disable":"","footnotes":""},"categories":[1,28,31],"tags":[22,34],"class_list":["post-11818","post","type-post","status-publish","format-standard","has-post-thumbnail","hentry","category-allgemein","category-kunst-kultur","category-land-leute","tag-alentejo","tag-portugal"],"yoast_head":"<!-- This site is optimized with the Yoast SEO plugin v26.9 - https:\/\/yoast.com\/product\/yoast-seo-wordpress\/ -->\n<title>Zu Besuch in der Kuhglocken-Manufaktur im Alentejo<\/title>\n<meta name=\"description\" content=\"In Portugals Alentejo liegt eine der wenigen verbliebenen Kuhglocken-Manufaktoren des Landes. Unser Autor hat ihr einen Besuch abgestattet.\" \/>\n<meta name=\"robots\" content=\"index, follow, max-snippet:-1, max-image-preview:large, max-video-preview:-1\" \/>\n<link rel=\"canonical\" href=\"https:\/\/blog.olimar.de\/kuhglocken-manufaktur-im-alentejo\/\" \/>\n<meta property=\"og:locale\" content=\"de_DE\" \/>\n<meta property=\"og:type\" content=\"article\" \/>\n<meta property=\"og:title\" content=\"Zu Besuch in der Kuhglocken-Manufaktur im Alentejo\" \/>\n<meta property=\"og:description\" content=\"In Portugals Alentejo liegt eine der wenigen verbliebenen Kuhglocken-Manufaktoren des Landes. Unser Autor hat ihr einen Besuch abgestattet.\" \/>\n<meta property=\"og:url\" content=\"https:\/\/blog.olimar.de\/kuhglocken-manufaktur-im-alentejo\/\" \/>\n<meta property=\"article:publisher\" content=\"https:\/\/www.facebook.com\/OlimarReisen\" \/>\n<meta property=\"article:published_time\" content=\"2019-08-28T16:19:00+00:00\" \/>\n<meta property=\"article:modified_time\" content=\"2022-12-13T22:30:05+00:00\" \/>\n<meta property=\"og:image\" content=\"https:\/\/blog.olimar.de\/wp-content\/uploads\/2019\/08\/Olimar-Blog-Kuhglocken-4.jpg\" \/>\n\t<meta property=\"og:image:width\" content=\"1602\" \/>\n\t<meta property=\"og:image:height\" content=\"1068\" \/>\n\t<meta property=\"og:image:type\" content=\"image\/jpeg\" \/>\n<meta name=\"author\" content=\"Horst Schwartz\" \/>\n<meta name=\"twitter:label1\" content=\"Verfasst von\" \/>\n\t<meta name=\"twitter:data1\" content=\"Horst Schwartz\" \/>\n\t<meta name=\"twitter:label2\" content=\"Gesch\u00e4tzte Lesezeit\" \/>\n\t<meta name=\"twitter:data2\" content=\"6\u00a0Minuten\" \/>\n<script type=\"application\/ld+json\" class=\"yoast-schema-graph\">{\"@context\":\"https:\/\/schema.org\",\"@graph\":[{\"@type\":\"WebPage\",\"@id\":\"https:\/\/blog.olimar.de\/kuhglocken-manufaktur-im-alentejo\/\",\"url\":\"https:\/\/blog.olimar.de\/kuhglocken-manufaktur-im-alentejo\/\",\"name\":\"Zu Besuch in der Kuhglocken-Manufaktur im Alentejo\",\"isPartOf\":{\"@id\":\"https:\/\/blog.olimar.de\/#website\"},\"primaryImageOfPage\":{\"@id\":\"https:\/\/blog.olimar.de\/kuhglocken-manufaktur-im-alentejo\/#primaryimage\"},\"image\":{\"@id\":\"https:\/\/blog.olimar.de\/kuhglocken-manufaktur-im-alentejo\/#primaryimage\"},\"thumbnailUrl\":\"https:\/\/blog.olimar.de\/wp-content\/uploads\/2019\/08\/Olimar-Blog-Kuhglocken-4.jpg\",\"datePublished\":\"2019-08-28T16:19:00+00:00\",\"dateModified\":\"2022-12-13T22:30:05+00:00\",\"description\":\"In Portugals Alentejo liegt eine der wenigen verbliebenen Kuhglocken-Manufaktoren des Landes. Unser Autor hat ihr einen Besuch abgestattet.\",\"breadcrumb\":{\"@id\":\"https:\/\/blog.olimar.de\/kuhglocken-manufaktur-im-alentejo\/#breadcrumb\"},\"inLanguage\":\"de\",\"potentialAction\":[{\"@type\":\"ReadAction\",\"target\":[\"https:\/\/blog.olimar.de\/kuhglocken-manufaktur-im-alentejo\/\"]}]},{\"@type\":\"ImageObject\",\"inLanguage\":\"de\",\"@id\":\"https:\/\/blog.olimar.de\/kuhglocken-manufaktur-im-alentejo\/#primaryimage\",\"url\":\"https:\/\/blog.olimar.de\/wp-content\/uploads\/2019\/08\/Olimar-Blog-Kuhglocken-4.jpg\",\"contentUrl\":\"https:\/\/blog.olimar.de\/wp-content\/uploads\/2019\/08\/Olimar-Blog-Kuhglocken-4.jpg\",\"width\":1602,\"height\":1068,\"caption\":\"Brennofen Kuhglocken\"},{\"@type\":\"BreadcrumbList\",\"@id\":\"https:\/\/blog.olimar.de\/kuhglocken-manufaktur-im-alentejo\/#breadcrumb\",\"itemListElement\":[{\"@type\":\"ListItem\",\"position\":1,\"name\":\"Home\",\"item\":\"https:\/\/blog.olimar.de\/\"},{\"@type\":\"ListItem\",\"position\":2,\"name\":\"Alentejo\",\"item\":\"https:\/\/blog.olimar.de\/tag\/alentejo\/\"},{\"@type\":\"ListItem\",\"position\":3,\"name\":\"Zu Besuch in einer Kuhglocken-Manufaktur im Alentejo &#8211; Der Marsmensch von Alc\u00e1\u00e7ovas\"}]},{\"@type\":\"WebSite\",\"@id\":\"https:\/\/blog.olimar.de\/#website\",\"url\":\"https:\/\/blog.olimar.de\/\",\"name\":\"OLIMAR.com\",\"description\":\"\",\"publisher\":{\"@id\":\"https:\/\/blog.olimar.de\/#organization\"},\"potentialAction\":[{\"@type\":\"SearchAction\",\"target\":{\"@type\":\"EntryPoint\",\"urlTemplate\":\"https:\/\/blog.olimar.de\/?s={search_term_string}\"},\"query-input\":{\"@type\":\"PropertyValueSpecification\",\"valueRequired\":true,\"valueName\":\"search_term_string\"}}],\"inLanguage\":\"de\"},{\"@type\":\"Organization\",\"@id\":\"https:\/\/blog.olimar.de\/#organization\",\"name\":\"OLIMAR Reisen\",\"url\":\"https:\/\/blog.olimar.de\/\",\"logo\":{\"@type\":\"ImageObject\",\"inLanguage\":\"de\",\"@id\":\"https:\/\/blog.olimar.de\/#\/schema\/logo\/image\/\",\"url\":\"https:\/\/blog.olimar.de\/wp-content\/uploads\/2021\/01\/OLIMAR_Logo_COLOR.png\",\"contentUrl\":\"https:\/\/blog.olimar.de\/wp-content\/uploads\/2021\/01\/OLIMAR_Logo_COLOR.png\",\"width\":2000,\"height\":986,\"caption\":\"OLIMAR Reisen\"},\"image\":{\"@id\":\"https:\/\/blog.olimar.de\/#\/schema\/logo\/image\/\"},\"sameAs\":[\"https:\/\/www.facebook.com\/OlimarReisen\",\"https:\/\/x.com\/olimarrreisen\",\"https:\/\/www.instagram.com\/olimarreisen\",\"https:\/\/www.youtube.com\/user\/olimarreisen\"]}]}<\/script>\n<!-- \/ Yoast SEO plugin. -->","yoast_head_json":{"title":"Zu Besuch in der Kuhglocken-Manufaktur im Alentejo","description":"In Portugals Alentejo liegt eine der wenigen verbliebenen Kuhglocken-Manufaktoren des Landes. Unser Autor hat ihr einen Besuch abgestattet.","robots":{"index":"index","follow":"follow","max-snippet":"max-snippet:-1","max-image-preview":"max-image-preview:large","max-video-preview":"max-video-preview:-1"},"canonical":"https:\/\/blog.olimar.de\/kuhglocken-manufaktur-im-alentejo\/","og_locale":"de_DE","og_type":"article","og_title":"Zu Besuch in der Kuhglocken-Manufaktur im Alentejo","og_description":"In Portugals Alentejo liegt eine der wenigen verbliebenen Kuhglocken-Manufaktoren des Landes. Unser Autor hat ihr einen Besuch abgestattet.","og_url":"https:\/\/blog.olimar.de\/kuhglocken-manufaktur-im-alentejo\/","article_publisher":"https:\/\/www.facebook.com\/OlimarReisen","article_published_time":"2019-08-28T16:19:00+00:00","article_modified_time":"2022-12-13T22:30:05+00:00","og_image":[{"width":1602,"height":1068,"url":"https:\/\/blog.olimar.de\/wp-content\/uploads\/2019\/08\/Olimar-Blog-Kuhglocken-4.jpg","type":"image\/jpeg"}],"author":"Horst Schwartz","twitter_misc":{"Verfasst von":"Horst Schwartz","Gesch\u00e4tzte Lesezeit":"6\u00a0Minuten"},"schema":{"@context":"https:\/\/schema.org","@graph":[{"@type":"WebPage","@id":"https:\/\/blog.olimar.de\/kuhglocken-manufaktur-im-alentejo\/","url":"https:\/\/blog.olimar.de\/kuhglocken-manufaktur-im-alentejo\/","name":"Zu Besuch in der Kuhglocken-Manufaktur im Alentejo","isPartOf":{"@id":"https:\/\/blog.olimar.de\/#website"},"primaryImageOfPage":{"@id":"https:\/\/blog.olimar.de\/kuhglocken-manufaktur-im-alentejo\/#primaryimage"},"image":{"@id":"https:\/\/blog.olimar.de\/kuhglocken-manufaktur-im-alentejo\/#primaryimage"},"thumbnailUrl":"https:\/\/blog.olimar.de\/wp-content\/uploads\/2019\/08\/Olimar-Blog-Kuhglocken-4.jpg","datePublished":"2019-08-28T16:19:00+00:00","dateModified":"2022-12-13T22:30:05+00:00","description":"In Portugals Alentejo liegt eine der wenigen verbliebenen Kuhglocken-Manufaktoren des Landes. Unser Autor hat ihr einen Besuch abgestattet.","breadcrumb":{"@id":"https:\/\/blog.olimar.de\/kuhglocken-manufaktur-im-alentejo\/#breadcrumb"},"inLanguage":"de","potentialAction":[{"@type":"ReadAction","target":["https:\/\/blog.olimar.de\/kuhglocken-manufaktur-im-alentejo\/"]}]},{"@type":"ImageObject","inLanguage":"de","@id":"https:\/\/blog.olimar.de\/kuhglocken-manufaktur-im-alentejo\/#primaryimage","url":"https:\/\/blog.olimar.de\/wp-content\/uploads\/2019\/08\/Olimar-Blog-Kuhglocken-4.jpg","contentUrl":"https:\/\/blog.olimar.de\/wp-content\/uploads\/2019\/08\/Olimar-Blog-Kuhglocken-4.jpg","width":1602,"height":1068,"caption":"Brennofen Kuhglocken"},{"@type":"BreadcrumbList","@id":"https:\/\/blog.olimar.de\/kuhglocken-manufaktur-im-alentejo\/#breadcrumb","itemListElement":[{"@type":"ListItem","position":1,"name":"Home","item":"https:\/\/blog.olimar.de\/"},{"@type":"ListItem","position":2,"name":"Alentejo","item":"https:\/\/blog.olimar.de\/tag\/alentejo\/"},{"@type":"ListItem","position":3,"name":"Zu Besuch in einer Kuhglocken-Manufaktur im Alentejo &#8211; Der Marsmensch von Alc\u00e1\u00e7ovas"}]},{"@type":"WebSite","@id":"https:\/\/blog.olimar.de\/#website","url":"https:\/\/blog.olimar.de\/","name":"OLIMAR.com","description":"","publisher":{"@id":"https:\/\/blog.olimar.de\/#organization"},"potentialAction":[{"@type":"SearchAction","target":{"@type":"EntryPoint","urlTemplate":"https:\/\/blog.olimar.de\/?s={search_term_string}"},"query-input":{"@type":"PropertyValueSpecification","valueRequired":true,"valueName":"search_term_string"}}],"inLanguage":"de"},{"@type":"Organization","@id":"https:\/\/blog.olimar.de\/#organization","name":"OLIMAR Reisen","url":"https:\/\/blog.olimar.de\/","logo":{"@type":"ImageObject","inLanguage":"de","@id":"https:\/\/blog.olimar.de\/#\/schema\/logo\/image\/","url":"https:\/\/blog.olimar.de\/wp-content\/uploads\/2021\/01\/OLIMAR_Logo_COLOR.png","contentUrl":"https:\/\/blog.olimar.de\/wp-content\/uploads\/2021\/01\/OLIMAR_Logo_COLOR.png","width":2000,"height":986,"caption":"OLIMAR Reisen"},"image":{"@id":"https:\/\/blog.olimar.de\/#\/schema\/logo\/image\/"},"sameAs":["https:\/\/www.facebook.com\/OlimarReisen","https:\/\/x.com\/olimarrreisen","https:\/\/www.instagram.com\/olimarreisen","https:\/\/www.youtube.com\/user\/olimarreisen"]}]}},"modified_by":"Lena Radermacher","jetpack_featured_media_url":"https:\/\/blog.olimar.de\/wp-content\/uploads\/2019\/08\/Olimar-Blog-Kuhglocken-4.jpg","_links":{"self":[{"href":"https:\/\/blog.olimar.de\/wp-json\/wp\/v2\/posts\/11818","targetHints":{"allow":["GET"]}}],"collection":[{"href":"https:\/\/blog.olimar.de\/wp-json\/wp\/v2\/posts"}],"about":[{"href":"https:\/\/blog.olimar.de\/wp-json\/wp\/v2\/types\/post"}],"author":[{"embeddable":true,"href":"https:\/\/blog.olimar.de\/wp-json\/wp\/v2\/users\/73"}],"replies":[{"embeddable":true,"href":"https:\/\/blog.olimar.de\/wp-json\/wp\/v2\/comments?post=11818"}],"version-history":[{"count":26,"href":"https:\/\/blog.olimar.de\/wp-json\/wp\/v2\/posts\/11818\/revisions"}],"predecessor-version":[{"id":22042,"href":"https:\/\/blog.olimar.de\/wp-json\/wp\/v2\/posts\/11818\/revisions\/22042"}],"wp:featuredmedia":[{"embeddable":true,"href":"https:\/\/blog.olimar.de\/wp-json\/wp\/v2\/media\/11837"}],"wp:attachment":[{"href":"https:\/\/blog.olimar.de\/wp-json\/wp\/v2\/media?parent=11818"}],"wp:term":[{"taxonomy":"category","embeddable":true,"href":"https:\/\/blog.olimar.de\/wp-json\/wp\/v2\/categories?post=11818"},{"taxonomy":"post_tag","embeddable":true,"href":"https:\/\/blog.olimar.de\/wp-json\/wp\/v2\/tags?post=11818"}],"curies":[{"name":"wp","href":"https:\/\/api.w.org\/{rel}","templated":true}]}}