{"id":11921,"date":"2019-09-03T15:51:31","date_gmt":"2019-09-03T13:51:31","guid":{"rendered":"https:\/\/blog.olimar.de\/?p=11921"},"modified":"2024-05-17T10:00:50","modified_gmt":"2024-05-17T09:00:50","slug":"prosecco","status":"publish","type":"post","link":"https:\/\/blog.olimar.de\/prosecco\/","title":{"rendered":"Prosecco &#8211; das prickelndste UNESCO Welterbe Italiens"},"content":{"rendered":"\n<p><strong>Am 7. Juli 2019 knallten in Conegliano in Italiens Veneto die Korken zahlreicher Prosecco Flaschen. Denn: Das idyllische Anbaugebiet des ber\u00fchmten Schaumweins war endlich zum UNESCO Weltkulturerbe gek\u00fcrt worden. Und zwar zum 55. auf dem italienischen Stiefel.<\/strong><\/p>\n\n\n\n<div class=\"wp-block-buttons is-layout-flex wp-block-buttons-is-layout-flex\">\n<div class=\"wp-block-button\"><a class=\"wp-block-button__link wp-element-button\" href=\"https:\/\/www.olimar.de\/italien\/\">Italien Reiseangebote und Hoteltipps entdecken<\/a><\/div>\n<\/div>\n\n\n\n<div style=\"height:25px\" aria-hidden=\"true\" class=\"wp-block-spacer\"><\/div>\n\n\n\n<p class=\"wp-block-paragraph\">Das Gebiet des &#8220;Prosecco di Conegliano e Valdobbiadene&#8221; hatte bereits im Vorjahr f\u00fcr diese Anerkennung kandidiert, war dann jedoch an zwei Gegenstimmen von Spanien und Norwegen gescheitert. Umso mehr jubelten jetzt die politischen Gr\u00f6\u00dfen des Landes, allen voran Minister Salvini, der sein Land sonst lieber durch befremdliche, &#8220;markige&#8221; Spr\u00fcche repr\u00e4sentiert als durch das Herausstellen der unbestreitbaren landschaftlichen, kulturellen und gastronomischen Highlights. <br><\/p>\n\n\n\n<p class=\"wp-block-paragraph\">Jetzt ist das 140 Jahre alte Weinbaugebiet mit 30 Kilometern rebenbestandener H\u00fcgel also offiziell bef\u00f6rdert und beschert der Region <a href=\"https:\/\/www.olimar.de\/italien\/norden\/venetien\/\">Venetien<\/a> neben der Lagune von <a href=\"https:\/\/www.olimar.de\/italien\/venetien\/venedig\/\">Venedig<\/a> und den Dolomiten ein weiteres Lieblingskind. <\/p>\n\n\n\n<figure class=\"wp-block-image\"><img loading=\"lazy\" decoding=\"async\" width=\"1024\" height=\"663\" src=\"https:\/\/blog.olimar.de\/wp-content\/uploads\/2019\/09\/glass-2963144_1920-1024x663.jpg\" alt=\"Glas mit Prosecco\" class=\"wp-image-11939\" srcset=\"https:\/\/blog.olimar.de\/wp-content\/uploads\/2019\/09\/glass-2963144_1920-1024x663.jpg 1024w, https:\/\/blog.olimar.de\/wp-content\/uploads\/2019\/09\/glass-2963144_1920-300x194.jpg 300w, https:\/\/blog.olimar.de\/wp-content\/uploads\/2019\/09\/glass-2963144_1920-768x497.jpg 768w, https:\/\/blog.olimar.de\/wp-content\/uploads\/2019\/09\/glass-2963144_1920.jpg 1920w\" sizes=\"auto, (max-width: 1024px) 100vw, 1024px\" \/><\/figure>\n\n\n\n<p class=\"wp-block-paragraph\"><\/p>\n\n\n\n<p class=\"wp-block-paragraph\">Dabei sollte man nicht vergessen, dass der Ort &#8220;Prosecco&#8221; eigentlich in Friaul in der Provinz von Triest liegt. Aber das Mikroklima mit einer Jahresdurchschnittstemperatur von 12,3 Grad , konstanter Bel\u00fcftung und der speziellen Kombination aus Gletscher- und Meeresbodensedimenten schafft bis heute ideale Voraussetzungen f\u00fcr den Anbau der speziellen Rebsorte &#8220;Glera&#8221;. Heute ist die heimliche Hauptstadt des Prosecco Valdobbiadene, wo die vorwiegend kleinen Familienbetriebe den perlenden Wein produzieren und vermarkten. <\/p>\n\n\n\n<figure class=\"wp-block-image\"><img loading=\"lazy\" decoding=\"async\" width=\"1024\" height=\"683\" src=\"https:\/\/blog.olimar.de\/wp-content\/uploads\/2019\/09\/veneto-4275949_1920-1024x683.jpg\" alt=\"Weinanbau Venetien\" class=\"wp-image-11937\" srcset=\"https:\/\/blog.olimar.de\/wp-content\/uploads\/2019\/09\/veneto-4275949_1920-1024x683.jpg 1024w, https:\/\/blog.olimar.de\/wp-content\/uploads\/2019\/09\/veneto-4275949_1920-300x200.jpg 300w, https:\/\/blog.olimar.de\/wp-content\/uploads\/2019\/09\/veneto-4275949_1920-768x512.jpg 768w, https:\/\/blog.olimar.de\/wp-content\/uploads\/2019\/09\/veneto-4275949_1920-840x560.jpg 840w, https:\/\/blog.olimar.de\/wp-content\/uploads\/2019\/09\/veneto-4275949_1920-1200x800.jpg 1200w, https:\/\/blog.olimar.de\/wp-content\/uploads\/2019\/09\/veneto-4275949_1920.jpg 1920w\" sizes=\"auto, (max-width: 1024px) 100vw, 1024px\" \/><\/figure>\n\n\n\n<p class=\"wp-block-paragraph\"><\/p>\n\n\n\n<p class=\"wp-block-paragraph\">Gerade diese Familien stehen f\u00fcr die Besonderheit dieses Anbaugebietes: Die Trauben werden noch liebevoll per Hand gepflegt und gelesen, da die steilen Terrassenh\u00e4nge eine mechanisierte Ernte und Verarbeitung fast unm\u00f6glich machen. Ein ganzes Heer stiller Arbeiter k\u00fcmmert sich um die Herstellung des Prosecco, von der Pflanzung bis zur Z\u00fcchtung, Vermarktung und Forschung f\u00fcr neue Sorten. Das sorgt f\u00fcr eine starke Verbindung zwischen Mensch und Erde; das landwirtschaftliche Produkt verwandelt sich zu einem Gesamtkunstwerk aus gr\u00fcnem Rebengewebe, das farbliche und graphische Eindr\u00fccke bei jedermann hinterl\u00e4sst. Eine Verkostung in einem der lokalen Weing\u00fcter ist eine Zeremonie der Huldigung an Glera, die seit Generationen das Auskommen der Bewohner garantiert und allein 2018 464 Millionen Flaschen verkauft hat. 2 von 3 dieser verkauften Flaschen gingen dabei ins Ausland, schon jetzt ist der Verkauf um 21% gestiegen.<br><\/p>\n\n\n\n<p class=\"wp-block-paragraph\">Angesichts dieser Zahlen und Tatsachen kann man dem prickelndsten UNESCO Welterbe Italiens den Titel nicht abstreiten. Jetzt muss das Prosecco Gebiet allerdings auch weiterhin kr\u00e4ftig an seinem Erhalt arbeiten und daf\u00fcr sorgen, dass der einzigartige Charakter nicht der Massenproduktion zum Opfer f\u00e4llt, dass sowohl Einheimische als auch Touristen diesen Mikrokosmos in den schwierigen Zeiten des overtourism respektieren. In diesem Sinne gratulieren wir ganz herzlich zum Titel!<\/p>\n\n\n\n<h2 class=\"wp-block-heading\"><strong>Hoteltipp f\u00fcr die Region Prosecco<\/strong><\/h2>\n\n\n\n<p class=\"wp-block-paragraph\">Eine gute Ausgangslage f\u00fcr Besichtigungen des Prosecco sowie weiterer Highlights im Norden Italiens ist die <a href=\"https:\/\/rms.olimar.de\/code\/VCE103\">Villa Pace Park<\/a> am Stadtrand von Treviso. Die elegante venetianische Patriziervilla aus dem sp\u00e4ten 19. Jh. ist umgeben von einer 10.000 m\u00b2 gro\u00dfen Parkanlage mit einem jahrhundertealten Schilfwald, in dem Entspannung inmitten der Natur garantiert ist.  <\/p>\n\n\n\n<figure class=\"wp-block-image\"><img loading=\"lazy\" decoding=\"async\" width=\"1024\" height=\"681\" src=\"https:\/\/blog.olimar.de\/wp-content\/uploads\/2019\/09\/VCE103-a-Fassade2018-1024x681.jpg\" alt=\"Villa Pace Park Hotel Bolognese\" class=\"wp-image-11931\" srcset=\"https:\/\/blog.olimar.de\/wp-content\/uploads\/2019\/09\/VCE103-a-Fassade2018-1024x681.jpg 1024w, https:\/\/blog.olimar.de\/wp-content\/uploads\/2019\/09\/VCE103-a-Fassade2018-300x200.jpg 300w, https:\/\/blog.olimar.de\/wp-content\/uploads\/2019\/09\/VCE103-a-Fassade2018-768x511.jpg 768w, https:\/\/blog.olimar.de\/wp-content\/uploads\/2019\/09\/VCE103-a-Fassade2018-840x560.jpg 840w, https:\/\/blog.olimar.de\/wp-content\/uploads\/2019\/09\/VCE103-a-Fassade2018.jpg 1623w\" sizes=\"auto, (max-width: 1024px) 100vw, 1024px\" \/><\/figure>\n\n\n\n<figure class=\"wp-block-image\"><img loading=\"lazy\" decoding=\"async\" width=\"1000\" height=\"727\" src=\"https:\/\/blog.olimar.de\/wp-content\/uploads\/2019\/09\/VCE103-p-Pool.jpg\" alt=\"Villa Pace Park Hotel Bolognese Pool\" class=\"wp-image-11934\" srcset=\"https:\/\/blog.olimar.de\/wp-content\/uploads\/2019\/09\/VCE103-p-Pool.jpg 1000w, https:\/\/blog.olimar.de\/wp-content\/uploads\/2019\/09\/VCE103-p-Pool-300x218.jpg 300w, https:\/\/blog.olimar.de\/wp-content\/uploads\/2019\/09\/VCE103-p-Pool-768x558.jpg 768w\" sizes=\"auto, (max-width: 1000px) 100vw, 1000px\" \/><\/figure>\n\n\n\n<figure class=\"wp-block-image\"><img loading=\"lazy\" decoding=\"async\" width=\"1024\" height=\"681\" src=\"https:\/\/blog.olimar.de\/wp-content\/uploads\/2019\/09\/VCE103-g-Park2018-1024x681.jpg\" alt=\"Villa Pace Park Hotel Bolognese Skulptur\" class=\"wp-image-11932\" srcset=\"https:\/\/blog.olimar.de\/wp-content\/uploads\/2019\/09\/VCE103-g-Park2018-1024x681.jpg 1024w, https:\/\/blog.olimar.de\/wp-content\/uploads\/2019\/09\/VCE103-g-Park2018-300x200.jpg 300w, https:\/\/blog.olimar.de\/wp-content\/uploads\/2019\/09\/VCE103-g-Park2018-768x511.jpg 768w, https:\/\/blog.olimar.de\/wp-content\/uploads\/2019\/09\/VCE103-g-Park2018-840x560.jpg 840w, https:\/\/blog.olimar.de\/wp-content\/uploads\/2019\/09\/VCE103-g-Park2018.jpg 1623w\" sizes=\"auto, (max-width: 1024px) 100vw, 1024px\" \/><\/figure>\n\n\n\n<div style=\"height:50px\" aria-hidden=\"true\" class=\"wp-block-spacer\"><\/div>\n\n\n\n<div class=\"wp-block-buttons is-layout-flex wp-block-buttons-is-layout-flex\">\n<div class=\"wp-block-button\"><a class=\"wp-block-button__link wp-element-button\" href=\"https:\/\/www.olimar.de\/hotellistung\/\">Jetzt Urlaubsangebote finden und buchen<\/a><\/div>\n<\/div>\n\n\n\n<div style=\"height:100px\" aria-hidden=\"true\" class=\"wp-block-spacer\"><\/div>\n","protected":false},"excerpt":{"rendered":"<p>Am 7. Juli 2019 knallten in Conegliano in Italiens Veneto die Korken zahlreicher Prosecco Flaschen. Denn: Das idyllische Anbaugebiet des ber\u00fchmten Schaumweins war endlich zum UNESCO Weltkulturerbe gek\u00fcrt worden. Und zwar zum 55. auf dem italienischen Stiefel.<\/p>\n","protected":false},"author":18,"featured_media":11936,"comment_status":"open","ping_status":"open","sticky":false,"template":"","format":"standard","meta":{"_crdt_document":"","_lmt_disableupdate":"","_lmt_disable":"","footnotes":""},"categories":[30],"tags":[35,159],"class_list":["post-11921","post","type-post","status-publish","format-standard","has-post-thumbnail","hentry","category-kulinarik-genuss","tag-italien","tag-venetien"],"yoast_head":"<!-- This site is optimized with the Yoast SEO plugin v26.9 - https:\/\/yoast.com\/product\/yoast-seo-wordpress\/ -->\n<title>Prosecco - das prickelndste UNESCO Welterbe Italiens -<\/title>\n<meta name=\"description\" content=\"Seit Juli 2019 z\u00e4hlt Prosecco offiziell zum Weltkulturerbe der UNESCO. Damit hat die Region Venetien in Norditalien ein touristisches Highlight mehr.\" \/>\n<meta name=\"robots\" content=\"index, follow, max-snippet:-1, max-image-preview:large, max-video-preview:-1\" \/>\n<link rel=\"canonical\" href=\"https:\/\/blog.olimar.de\/prosecco\/\" \/>\n<meta property=\"og:locale\" content=\"de_DE\" \/>\n<meta property=\"og:type\" content=\"article\" \/>\n<meta property=\"og:title\" content=\"Prosecco - das prickelndste UNESCO Welterbe Italiens -\" \/>\n<meta property=\"og:description\" content=\"Seit Juli 2019 z\u00e4hlt Prosecco offiziell zum Weltkulturerbe der UNESCO. Damit hat die Region Venetien in Norditalien ein touristisches Highlight mehr.\" \/>\n<meta property=\"og:url\" content=\"https:\/\/blog.olimar.de\/prosecco\/\" \/>\n<meta property=\"article:publisher\" content=\"https:\/\/www.facebook.com\/OlimarReisen\" \/>\n<meta property=\"article:published_time\" content=\"2019-09-03T13:51:31+00:00\" \/>\n<meta property=\"article:modified_time\" content=\"2024-05-17T09:00:50+00:00\" \/>\n<meta property=\"og:image\" content=\"https:\/\/blog.olimar.de\/wp-content\/uploads\/2019\/09\/grapes-4021346_1920.jpg\" \/>\n\t<meta property=\"og:image:width\" content=\"1920\" \/>\n\t<meta property=\"og:image:height\" content=\"1285\" \/>\n\t<meta property=\"og:image:type\" content=\"image\/jpeg\" \/>\n<meta name=\"author\" content=\"Viorica Schmidinger\" \/>\n<meta name=\"twitter:label1\" content=\"Verfasst von\" \/>\n\t<meta name=\"twitter:data1\" content=\"Viorica Schmidinger\" \/>\n\t<meta name=\"twitter:label2\" content=\"Gesch\u00e4tzte Lesezeit\" \/>\n\t<meta name=\"twitter:data2\" content=\"4\u00a0Minuten\" \/>\n<script type=\"application\/ld+json\" class=\"yoast-schema-graph\">{\"@context\":\"https:\/\/schema.org\",\"@graph\":[{\"@type\":\"WebPage\",\"@id\":\"https:\/\/blog.olimar.de\/prosecco\/\",\"url\":\"https:\/\/blog.olimar.de\/prosecco\/\",\"name\":\"Prosecco - das prickelndste UNESCO Welterbe Italiens -\",\"isPartOf\":{\"@id\":\"https:\/\/blog.olimar.de\/#website\"},\"primaryImageOfPage\":{\"@id\":\"https:\/\/blog.olimar.de\/prosecco\/#primaryimage\"},\"image\":{\"@id\":\"https:\/\/blog.olimar.de\/prosecco\/#primaryimage\"},\"thumbnailUrl\":\"https:\/\/blog.olimar.de\/wp-content\/uploads\/2019\/09\/grapes-4021346_1920.jpg\",\"datePublished\":\"2019-09-03T13:51:31+00:00\",\"dateModified\":\"2024-05-17T09:00:50+00:00\",\"description\":\"Seit Juli 2019 z\u00e4hlt Prosecco offiziell zum Weltkulturerbe der UNESCO. Damit hat die Region Venetien in Norditalien ein touristisches Highlight mehr.\",\"breadcrumb\":{\"@id\":\"https:\/\/blog.olimar.de\/prosecco\/#breadcrumb\"},\"inLanguage\":\"de\",\"potentialAction\":[{\"@type\":\"ReadAction\",\"target\":[\"https:\/\/blog.olimar.de\/prosecco\/\"]}]},{\"@type\":\"ImageObject\",\"inLanguage\":\"de\",\"@id\":\"https:\/\/blog.olimar.de\/prosecco\/#primaryimage\",\"url\":\"https:\/\/blog.olimar.de\/wp-content\/uploads\/2019\/09\/grapes-4021346_1920.jpg\",\"contentUrl\":\"https:\/\/blog.olimar.de\/wp-content\/uploads\/2019\/09\/grapes-4021346_1920.jpg\",\"width\":1920,\"height\":1285,\"caption\":\"gr\u00fcne Weintrauben\"},{\"@type\":\"BreadcrumbList\",\"@id\":\"https:\/\/blog.olimar.de\/prosecco\/#breadcrumb\",\"itemListElement\":[{\"@type\":\"ListItem\",\"position\":1,\"name\":\"Home\",\"item\":\"https:\/\/blog.olimar.de\/\"},{\"@type\":\"ListItem\",\"position\":2,\"name\":\"Italien\",\"item\":\"https:\/\/blog.olimar.de\/tag\/italien\/\"},{\"@type\":\"ListItem\",\"position\":3,\"name\":\"Prosecco &#8211; das prickelndste UNESCO Welterbe Italiens\"}]},{\"@type\":\"WebSite\",\"@id\":\"https:\/\/blog.olimar.de\/#website\",\"url\":\"https:\/\/blog.olimar.de\/\",\"name\":\"OLIMAR.com\",\"description\":\"\",\"publisher\":{\"@id\":\"https:\/\/blog.olimar.de\/#organization\"},\"potentialAction\":[{\"@type\":\"SearchAction\",\"target\":{\"@type\":\"EntryPoint\",\"urlTemplate\":\"https:\/\/blog.olimar.de\/?s={search_term_string}\"},\"query-input\":{\"@type\":\"PropertyValueSpecification\",\"valueRequired\":true,\"valueName\":\"search_term_string\"}}],\"inLanguage\":\"de\"},{\"@type\":\"Organization\",\"@id\":\"https:\/\/blog.olimar.de\/#organization\",\"name\":\"OLIMAR Reisen\",\"url\":\"https:\/\/blog.olimar.de\/\",\"logo\":{\"@type\":\"ImageObject\",\"inLanguage\":\"de\",\"@id\":\"https:\/\/blog.olimar.de\/#\/schema\/logo\/image\/\",\"url\":\"https:\/\/blog.olimar.de\/wp-content\/uploads\/2021\/01\/OLIMAR_Logo_COLOR.png\",\"contentUrl\":\"https:\/\/blog.olimar.de\/wp-content\/uploads\/2021\/01\/OLIMAR_Logo_COLOR.png\",\"width\":2000,\"height\":986,\"caption\":\"OLIMAR Reisen\"},\"image\":{\"@id\":\"https:\/\/blog.olimar.de\/#\/schema\/logo\/image\/\"},\"sameAs\":[\"https:\/\/www.facebook.com\/OlimarReisen\",\"https:\/\/x.com\/olimarrreisen\",\"https:\/\/www.instagram.com\/olimarreisen\",\"https:\/\/www.youtube.com\/user\/olimarreisen\"]}]}<\/script>\n<!-- \/ Yoast SEO plugin. -->","yoast_head_json":{"title":"Prosecco - das prickelndste UNESCO Welterbe Italiens -","description":"Seit Juli 2019 z\u00e4hlt Prosecco offiziell zum Weltkulturerbe der UNESCO. Damit hat die Region Venetien in Norditalien ein touristisches Highlight mehr.","robots":{"index":"index","follow":"follow","max-snippet":"max-snippet:-1","max-image-preview":"max-image-preview:large","max-video-preview":"max-video-preview:-1"},"canonical":"https:\/\/blog.olimar.de\/prosecco\/","og_locale":"de_DE","og_type":"article","og_title":"Prosecco - das prickelndste UNESCO Welterbe Italiens -","og_description":"Seit Juli 2019 z\u00e4hlt Prosecco offiziell zum Weltkulturerbe der UNESCO. Damit hat die Region Venetien in Norditalien ein touristisches Highlight mehr.","og_url":"https:\/\/blog.olimar.de\/prosecco\/","article_publisher":"https:\/\/www.facebook.com\/OlimarReisen","article_published_time":"2019-09-03T13:51:31+00:00","article_modified_time":"2024-05-17T09:00:50+00:00","og_image":[{"width":1920,"height":1285,"url":"https:\/\/blog.olimar.de\/wp-content\/uploads\/2019\/09\/grapes-4021346_1920.jpg","type":"image\/jpeg"}],"author":"Viorica Schmidinger","twitter_misc":{"Verfasst von":"Viorica Schmidinger","Gesch\u00e4tzte Lesezeit":"4\u00a0Minuten"},"schema":{"@context":"https:\/\/schema.org","@graph":[{"@type":"WebPage","@id":"https:\/\/blog.olimar.de\/prosecco\/","url":"https:\/\/blog.olimar.de\/prosecco\/","name":"Prosecco - das prickelndste UNESCO Welterbe Italiens -","isPartOf":{"@id":"https:\/\/blog.olimar.de\/#website"},"primaryImageOfPage":{"@id":"https:\/\/blog.olimar.de\/prosecco\/#primaryimage"},"image":{"@id":"https:\/\/blog.olimar.de\/prosecco\/#primaryimage"},"thumbnailUrl":"https:\/\/blog.olimar.de\/wp-content\/uploads\/2019\/09\/grapes-4021346_1920.jpg","datePublished":"2019-09-03T13:51:31+00:00","dateModified":"2024-05-17T09:00:50+00:00","description":"Seit Juli 2019 z\u00e4hlt Prosecco offiziell zum Weltkulturerbe der UNESCO. Damit hat die Region Venetien in Norditalien ein touristisches Highlight mehr.","breadcrumb":{"@id":"https:\/\/blog.olimar.de\/prosecco\/#breadcrumb"},"inLanguage":"de","potentialAction":[{"@type":"ReadAction","target":["https:\/\/blog.olimar.de\/prosecco\/"]}]},{"@type":"ImageObject","inLanguage":"de","@id":"https:\/\/blog.olimar.de\/prosecco\/#primaryimage","url":"https:\/\/blog.olimar.de\/wp-content\/uploads\/2019\/09\/grapes-4021346_1920.jpg","contentUrl":"https:\/\/blog.olimar.de\/wp-content\/uploads\/2019\/09\/grapes-4021346_1920.jpg","width":1920,"height":1285,"caption":"gr\u00fcne Weintrauben"},{"@type":"BreadcrumbList","@id":"https:\/\/blog.olimar.de\/prosecco\/#breadcrumb","itemListElement":[{"@type":"ListItem","position":1,"name":"Home","item":"https:\/\/blog.olimar.de\/"},{"@type":"ListItem","position":2,"name":"Italien","item":"https:\/\/blog.olimar.de\/tag\/italien\/"},{"@type":"ListItem","position":3,"name":"Prosecco &#8211; das prickelndste UNESCO Welterbe Italiens"}]},{"@type":"WebSite","@id":"https:\/\/blog.olimar.de\/#website","url":"https:\/\/blog.olimar.de\/","name":"OLIMAR.com","description":"","publisher":{"@id":"https:\/\/blog.olimar.de\/#organization"},"potentialAction":[{"@type":"SearchAction","target":{"@type":"EntryPoint","urlTemplate":"https:\/\/blog.olimar.de\/?s={search_term_string}"},"query-input":{"@type":"PropertyValueSpecification","valueRequired":true,"valueName":"search_term_string"}}],"inLanguage":"de"},{"@type":"Organization","@id":"https:\/\/blog.olimar.de\/#organization","name":"OLIMAR Reisen","url":"https:\/\/blog.olimar.de\/","logo":{"@type":"ImageObject","inLanguage":"de","@id":"https:\/\/blog.olimar.de\/#\/schema\/logo\/image\/","url":"https:\/\/blog.olimar.de\/wp-content\/uploads\/2021\/01\/OLIMAR_Logo_COLOR.png","contentUrl":"https:\/\/blog.olimar.de\/wp-content\/uploads\/2021\/01\/OLIMAR_Logo_COLOR.png","width":2000,"height":986,"caption":"OLIMAR Reisen"},"image":{"@id":"https:\/\/blog.olimar.de\/#\/schema\/logo\/image\/"},"sameAs":["https:\/\/www.facebook.com\/OlimarReisen","https:\/\/x.com\/olimarrreisen","https:\/\/www.instagram.com\/olimarreisen","https:\/\/www.youtube.com\/user\/olimarreisen"]}]}},"modified_by":"Wiebke Fix","jetpack_featured_media_url":"https:\/\/blog.olimar.de\/wp-content\/uploads\/2019\/09\/grapes-4021346_1920.jpg","_links":{"self":[{"href":"https:\/\/blog.olimar.de\/wp-json\/wp\/v2\/posts\/11921","targetHints":{"allow":["GET"]}}],"collection":[{"href":"https:\/\/blog.olimar.de\/wp-json\/wp\/v2\/posts"}],"about":[{"href":"https:\/\/blog.olimar.de\/wp-json\/wp\/v2\/types\/post"}],"author":[{"embeddable":true,"href":"https:\/\/blog.olimar.de\/wp-json\/wp\/v2\/users\/18"}],"replies":[{"embeddable":true,"href":"https:\/\/blog.olimar.de\/wp-json\/wp\/v2\/comments?post=11921"}],"version-history":[{"count":21,"href":"https:\/\/blog.olimar.de\/wp-json\/wp\/v2\/posts\/11921\/revisions"}],"predecessor-version":[{"id":27714,"href":"https:\/\/blog.olimar.de\/wp-json\/wp\/v2\/posts\/11921\/revisions\/27714"}],"wp:featuredmedia":[{"embeddable":true,"href":"https:\/\/blog.olimar.de\/wp-json\/wp\/v2\/media\/11936"}],"wp:attachment":[{"href":"https:\/\/blog.olimar.de\/wp-json\/wp\/v2\/media?parent=11921"}],"wp:term":[{"taxonomy":"category","embeddable":true,"href":"https:\/\/blog.olimar.de\/wp-json\/wp\/v2\/categories?post=11921"},{"taxonomy":"post_tag","embeddable":true,"href":"https:\/\/blog.olimar.de\/wp-json\/wp\/v2\/tags?post=11921"}],"curies":[{"name":"wp","href":"https:\/\/api.w.org\/{rel}","templated":true}]}}