{"id":12000,"date":"2019-09-05T13:30:09","date_gmt":"2019-09-05T11:30:09","guid":{"rendered":"https:\/\/blog.olimar.de\/?p=12000"},"modified":"2024-10-14T13:37:14","modified_gmt":"2024-10-14T12:37:14","slug":"madeira-zur-weihnachtszeit","status":"publish","type":"post","link":"https:\/\/blog.olimar.de\/madeira-zur-weihnachtszeit\/","title":{"rendered":"Madeira zur Weihnachtszeit &#8211; M\u00e4rkte, Messen und ein rekordverd\u00e4chtiges Feuerwerk"},"content":{"rendered":"\n<p><strong>Ab November werden auf der gesamten Atlantikinsel unz\u00e4hlige Lichter angebracht, auf allen gr\u00f6\u00dferen Pl\u00e4tzen ein Weihnachtsbaum aufgestellt und in liebevoller Detailarbeit Weihnachtskrippen aufgebaut. Am 1. Dezember ist es dann soweit: Feierlich wird die Weihnachtsbeleuchtung angeschaltet und die St\u00e4dte und D\u00f6rfer auf Madeira erstrahlen in vielen bunten Farben. Besonders die Hauptstadt Funchal gl\u00e4nzt mit Tausenden von Lichtern und faszinierender Stra\u00dfendekoration. Madeira zur Weihnachtszeit lohnt sich!<\/strong><\/p>\n\n\n\n<div class=\"wp-block-buttons is-layout-flex wp-block-buttons-is-layout-flex\">\n<div class=\"wp-block-button\"><a class=\"wp-block-button__link wp-element-button\" href=\"https:\/\/www.olimar.de\/portugal\/madeira\/\" target=\"_blank\" rel=\"noreferrer noopener\">Urlaubsangebote f\u00fcr Madeira<\/a><\/div>\n<\/div>\n\n\n\n<div style=\"height:25px\" aria-hidden=\"true\" class=\"wp-block-spacer\"><\/div>\n\n\n\n<figure class=\"wp-block-image\"><img loading=\"lazy\" decoding=\"async\" width=\"758\" height=\"1024\" src=\"https:\/\/blog.olimar.de\/wp-content\/uploads\/2019\/09\/PT-Madeira-Funchal-XmasB-c-TurismoMadeira-758x1024.jpg\" alt=\"Weihnachtliche Dekoration in der Altstadt von Funchal\" class=\"wp-image-12015\" srcset=\"https:\/\/blog.olimar.de\/wp-content\/uploads\/2019\/09\/PT-Madeira-Funchal-XmasB-c-TurismoMadeira-758x1024.jpg 758w, https:\/\/blog.olimar.de\/wp-content\/uploads\/2019\/09\/PT-Madeira-Funchal-XmasB-c-TurismoMadeira-222x300.jpg 222w, https:\/\/blog.olimar.de\/wp-content\/uploads\/2019\/09\/PT-Madeira-Funchal-XmasB-c-TurismoMadeira-768x1038.jpg 768w, https:\/\/blog.olimar.de\/wp-content\/uploads\/2019\/09\/PT-Madeira-Funchal-XmasB-c-TurismoMadeira.jpg 1000w\" sizes=\"auto, (max-width: 758px) 100vw, 758px\" \/><figcaption class=\"wp-element-caption\">Altstadt von Funchal <\/figcaption><\/figure>\n\n\n\n<h2>Madeira zur Weihnachtszeit: Weihnachtskrippen<\/h2>\n<p>Auf zahlreichen Stra\u00dfen und Pl\u00e4tzen stehen traditionelle Weihnachtskrippen, die sogenannten Lapinhas. Diese sind liebevoll aus den verschiedensten Materialien hergestellt. Eine der bezaubernden Krippen befindet sich auf dem zentralen Platz der Avenida Arriaga in Funchal. Dort wird auch weihnachtliche Unterhaltung in Form von Konzerten, z. B. von Bands, Volksgruppen und Kinderch\u00f6ren, geboten. Entlang der Avenida Arriaga bis zur Kathedrale findet vom 1. Dezember bis zum 7. Januar des Folgejahres der Weihnachtsmarkt von Funchal statt, der zu den sch\u00f6nsten in ganz Europa geh\u00f6rt. Zahlreiche St\u00e4nde bieten in einem au\u00dfergew\u00f6hnlichen Flair traditionelle Souvenirs und kulinarische K\u00f6stlichkeiten an.&nbsp;<\/p>\n\n\n\n<figure class=\"wp-block-image\"><img loading=\"lazy\" decoding=\"async\" width=\"1024\" height=\"684\" src=\"https:\/\/blog.olimar.de\/wp-content\/uploads\/2019\/09\/PT-Madeira-Funchal-ChristmasDecorationB-c-APM-1024x684.jpg\" alt=\"Madeira zur Weihnachtszeit: Weihnachtsmarkt Madeira Funchal\" class=\"wp-image-12009\" srcset=\"https:\/\/blog.olimar.de\/wp-content\/uploads\/2019\/09\/PT-Madeira-Funchal-ChristmasDecorationB-c-APM-1024x684.jpg 1024w, https:\/\/blog.olimar.de\/wp-content\/uploads\/2019\/09\/PT-Madeira-Funchal-ChristmasDecorationB-c-APM-300x200.jpg 300w, https:\/\/blog.olimar.de\/wp-content\/uploads\/2019\/09\/PT-Madeira-Funchal-ChristmasDecorationB-c-APM-768x513.jpg 768w, https:\/\/blog.olimar.de\/wp-content\/uploads\/2019\/09\/PT-Madeira-Funchal-ChristmasDecorationB-c-APM-840x560.jpg 840w, https:\/\/blog.olimar.de\/wp-content\/uploads\/2019\/09\/PT-Madeira-Funchal-ChristmasDecorationB-c-APM-1200x800.jpg 1200w, https:\/\/blog.olimar.de\/wp-content\/uploads\/2019\/09\/PT-Madeira-Funchal-ChristmasDecorationB-c-APM.jpg 1617w\" sizes=\"auto, (max-width: 1024px) 100vw, 1024px\" \/><figcaption class=\"wp-element-caption\">Weihnachtsmarkt in Funchal<\/figcaption><\/figure>\n\n\n\n<h2>Marktnacht in Funchal &#8211; Noite do Mercado<\/h2>\n<p>Am 23. Dezember findet die traditionelle Marktnacht, die Noite do Mercado, in Funchal statt. Rund um den Mercado dos Lavradores bleiben die Stra\u00dfen f\u00fcr den Verkehr gesperrt, damit die letzten Besorgungen f\u00fcr das Weihnachtsessen gemacht werden k\u00f6nnen. Die Stra\u00dfen und Gassen sind mit St\u00e4nden f\u00fcrs leibliche Wohl, Musikgruppen und Stra\u00dfenh\u00e4ndlern gef\u00fcllt. Wer seine Eink\u00e4ufe erledigt hat, zieht weiter in eine der umliegenden Bars, die bis sp\u00e4t in die Nacht ge\u00f6ffnet sind, oder trifft sich ab 20 Uhr auf dem Fischmarkt zum gemeinsamen Singen von Weihnachtsliedern.&nbsp;<\/p>\n\n\n\n<figure class=\"wp-block-image\"><img loading=\"lazy\" decoding=\"async\" width=\"1024\" height=\"684\" src=\"https:\/\/blog.olimar.de\/wp-content\/uploads\/2019\/09\/PT-Madeira-Funchal-ChristmasElfsB-c-APM-1024x684.jpg\" alt=\"Marktnacht in Funchal vor Weihnachten\" class=\"wp-image-12007\" srcset=\"https:\/\/blog.olimar.de\/wp-content\/uploads\/2019\/09\/PT-Madeira-Funchal-ChristmasElfsB-c-APM-1024x684.jpg 1024w, https:\/\/blog.olimar.de\/wp-content\/uploads\/2019\/09\/PT-Madeira-Funchal-ChristmasElfsB-c-APM-300x200.jpg 300w, https:\/\/blog.olimar.de\/wp-content\/uploads\/2019\/09\/PT-Madeira-Funchal-ChristmasElfsB-c-APM-768x513.jpg 768w, https:\/\/blog.olimar.de\/wp-content\/uploads\/2019\/09\/PT-Madeira-Funchal-ChristmasElfsB-c-APM-840x560.jpg 840w, https:\/\/blog.olimar.de\/wp-content\/uploads\/2019\/09\/PT-Madeira-Funchal-ChristmasElfsB-c-APM-1200x800.jpg 1200w, https:\/\/blog.olimar.de\/wp-content\/uploads\/2019\/09\/PT-Madeira-Funchal-ChristmasElfsB-c-APM.jpg 1617w\" sizes=\"auto, (max-width: 1024px) 100vw, 1024px\" \/><figcaption class=\"wp-element-caption\">Marktnacht in Funchal<\/figcaption><\/figure>\n\n\n\n<h2>Madeiras fr\u00fchmorgendliche Geburtsmessen<\/h2>\n<p>Eine wichtige Tradition auf Madeira stellen die neun Geburtsmessen, die Missas do Parto dar. Vom 16. bis 24. Dezember werden diese gefeiert und sie symbolisieren die Schwangerschaftsmonate der Jungfrau Maria. Die Messen (au\u00dfer der Mitternachtsmesse an Heiligabend) werden jeweils bei Morgend\u00e4mmerung gegen sechs Uhr abgehalten. Am Ende der Messen versammeln sich die Bewohnenden im Kirchhof, um gemeinsam beliebte Weihnachtslieder zu singen, wobei auch Gesangswettk\u00e4mpfe nicht fehlen d\u00fcrfen. Danach gibt es einen Fr\u00fchschoppen, auch Mata-bicho genannt. Und das mit Schnaps, Lik\u00f6ren, Maisbrot und Kuchen. In einigen Gemeinden von Madeira, wie C\u00e2mara de Lobos und Camacha, besteht nach wie vor die Tradition, dass Bands mit Instrumenten wie Kastagnetten, Trommeln oder Akkordeons von T\u00fcr zu T\u00fcr ziehen, um die Bewohnenden der Gemeinde mit fr\u00f6hlicher Musik zu wecken.<\/p>\n<p>Madeira zur Weihnachtszeit ist ein Erlebnis f\u00fcr alle Sinne. \u00dcberall wird gesungen, leckere Gerichte und Getr\u00e4nke gekostet, mit Lichtern die Landschaft erhellt und die Tannenb\u00e4ume sorgen f\u00fcr den passenden Geruch.&nbsp;<\/p>\n\n\n\n<h2>Madeiras Silvesterfeuerwerk der Superlative<\/h2>\n<p>Das spektakul\u00e4re Feuerwerk zu Silvester dauert ca. acht Minuten und wird von verschiedenen Punkten zu Land und zu Wasser gez\u00fcndet. Am besten zu sehen ist das grandiose Feuerwerk von der Dachterrasse eines Hotels (s. Hoteltipps unten), von einem Aussichtspunkt (Miradouro) hoch \u00fcber der Stadt und vom Meer aus. Beispielsweise ist Monte als Aussichtspunkt bei den Einheimischen sehr beliebt, die dort mit ihren selbst mitgebrachten Speisen und Getr\u00e4nken ausgelassen feiern.<\/p>\n<p>Einige Hotels, die au\u00dferhalb der Hauptstadt liegen, wie z. B. das Hotel <a href=\"https:\/\/rms.olimar.de\/code\/FNC332\">Estalagem Ponta do Sol<\/a> bieten ihren G\u00e4sten zu Silvester einen kostenfreien Transfer ins Zentrum von Funchal. Da in der Stadt zu Silvester viel Trubel herrscht und etliche Stra\u00dfen gesperrt werden, ist der Shuttle-Service eine bequeme Variante, um vor Ort ins neue Jahr zu feiern.<\/p>\n<p>Ein Garant f\u00fcr gute Stimmung ist der Hafen von Funchal, wo viele Clubs und Restaurants zu finden sind. Auf dem Pra\u00e7a do Mar wird Live-Musik geboten und in den Stra\u00dfen gibt es kleine Essensst\u00e4nde. Je sp\u00e4ter der Abend, desto mehr Menschen str\u00f6men dorthin (s. auch Blogpost <a href=\"https:\/\/blog.olimar.de\/ausgehen-in-funchal\/\">Nightlife-Tipps f\u00fcr Madeira: Ausgehen in Funchal<\/a>)<\/p>\n<p>P\u00fcnktlich zum Jahreswechsel ert\u00f6nt ein eindrucksvolles Hupkonzert der Kreuzfahrtschiffe, die im Hafen vor Anker liegen. Bis zu acht dieser Riesen finden im Hafen Platz, weitere gro\u00dfe wie kleinere Schiffe ankern davor. Einige Minuten lang erklingen die Signalh\u00f6rner zu einem extra f\u00fcr die anwesenden Schiffe arrangierten Thema. Parallel dazu startet das Feuerwerk. Die Farbenpracht ist \u00fcberw\u00e4ltigend und zum Abschluss gibt es ein regelrechtes Blitzlichtgewitter! Beendet wird das Spektakel mit dem L\u00e4uten der Glocken. Traditionell isst man in Portugal mit jedem Glockenschlag eine Rosine. Jede der 12 Rosinen steht f\u00fcr einen Wunsch oder einen guten Vorsatz, den man sich f\u00fcr die kommenden zw\u00f6lf Monate vornimmt.<\/p>\n\n\n\n<figure class=\"wp-block-image\"><img loading=\"lazy\" decoding=\"async\" width=\"1000\" height=\"717\" src=\"https:\/\/blog.olimar.de\/wp-content\/uploads\/2019\/09\/PT-Madeira-Funchal-FeuerwerkAIDA.jpg\" alt=\"Silvesterfeuerwerk auf Madeira\" class=\"wp-image-12011\" srcset=\"https:\/\/blog.olimar.de\/wp-content\/uploads\/2019\/09\/PT-Madeira-Funchal-FeuerwerkAIDA.jpg 1000w, https:\/\/blog.olimar.de\/wp-content\/uploads\/2019\/09\/PT-Madeira-Funchal-FeuerwerkAIDA-300x215.jpg 300w, https:\/\/blog.olimar.de\/wp-content\/uploads\/2019\/09\/PT-Madeira-Funchal-FeuerwerkAIDA-768x551.jpg 768w\" sizes=\"auto, (max-width: 1000px) 100vw, 1000px\" \/><figcaption class=\"wp-element-caption\">Feuerwerk an Silvester auf Madeira<\/figcaption><\/figure>\n\n\n\n<figure class=\"wp-block-image\"><img loading=\"lazy\" decoding=\"async\" width=\"1000\" height=\"668\" src=\"https:\/\/blog.olimar.de\/wp-content\/uploads\/2019\/09\/PT-Madeira-Funchal-NewYear.jpg\" alt=\"Madeira Feuerwerk \u00fcber dem Hafen\" class=\"wp-image-12013\" srcset=\"https:\/\/blog.olimar.de\/wp-content\/uploads\/2019\/09\/PT-Madeira-Funchal-NewYear.jpg 1000w, https:\/\/blog.olimar.de\/wp-content\/uploads\/2019\/09\/PT-Madeira-Funchal-NewYear-300x200.jpg 300w, https:\/\/blog.olimar.de\/wp-content\/uploads\/2019\/09\/PT-Madeira-Funchal-NewYear-768x513.jpg 768w, https:\/\/blog.olimar.de\/wp-content\/uploads\/2019\/09\/PT-Madeira-Funchal-NewYear-840x560.jpg 840w\" sizes=\"auto, (max-width: 1000px) 100vw, 1000px\" \/><figcaption class=\"wp-element-caption\">Feuerwerk \u00fcber Madeiras Hafen<\/figcaption><\/figure>\n\n\n\n<h2>Heilige Drei K\u00f6nige auf Madeira<\/h2>\n<p>In der Nacht vom 5. auf den 6. Januar wird die Ankunft der Heiligen Drei K\u00f6nige gefeiert. Im Stadtpark von Funchal findet die Veranstaltung Cantar os Reis, das Singen am Tag der Heiligen Drei K\u00f6nige statt, dem traditionellen Sternensingen. Die Ankunft der Heiligen Drei K\u00f6nige schlie\u00dft die Feierlichkeiten zu Weihnachten und Silvester ab, denn am gleichen Tag wird die Weihnachtsbeleuchtung ausgeschaltet.<\/p>\n<p>Wer den Zauber der Vorweihnachtszeit einmal in der Ferne erleben m\u00f6chte, dem sei Madeira ans Herz gelegt. Denn die Insel begeistert Gro\u00df und Klein mit einer einmaligen Beleuchtung und lebensgro\u00dfen Krippen. H\u00f6hepunkt der Feierlichkeiten ist das spektakul\u00e4re Feuerwerk zu Silvester, das nicht ohne Grund im Guinnessbuch der Rekorde verzeichnet ist und seinesgleichen sucht. Madeira zur Weihnachtszeit ist auf jeden fall ein Besuch wert und verzaubert, egal ob jung oder alt!\u00a0\u00a0<\/p>\n\n\n\n<h2>Hoteltipps: Traumhafte Dachterrassen mit Feuerwerkblick in Funchal<\/h2>\n<p>Das Hotel <a href=\"https:\/\/rms.olimar.de\/code\/FNC126\">The Vine<\/a> geh\u00f6rt zweifelsohne zu den extravagantesten Hotels von Funchal. Es hat schon mehrfach einen World Travel Award als \u201eEurope&#8217;s Leading Design Hotel\u201c erhalten. Besonders spektakul\u00e4r ist die Dachterrasse mit Swimmingpool und stylischer Bar. Der Blick aufs Feuerwerk in der Bucht von Funchal ist von hier aus kaum zu \u00fcberbieten.<\/p>\n\n\n\n<figure class=\"wp-block-image\"><img loading=\"lazy\" decoding=\"async\" width=\"1000\" height=\"669\" src=\"https:\/\/blog.olimar.de\/wp-content\/uploads\/2019\/09\/FNC126-x-PoolDachterrasseByNight.jpg\" alt=\"Spektakul\u00e4re Dachterrasse Hotel The Vine Madeira\" class=\"wp-image-12020\" srcset=\"https:\/\/blog.olimar.de\/wp-content\/uploads\/2019\/09\/FNC126-x-PoolDachterrasseByNight.jpg 1000w, https:\/\/blog.olimar.de\/wp-content\/uploads\/2019\/09\/FNC126-x-PoolDachterrasseByNight-300x201.jpg 300w, https:\/\/blog.olimar.de\/wp-content\/uploads\/2019\/09\/FNC126-x-PoolDachterrasseByNight-768x514.jpg 768w\" sizes=\"auto, (max-width: 1000px) 100vw, 1000px\" \/><figcaption class=\"wp-element-caption\">Dachterrasse vom Hotel The Vine<\/figcaption><\/figure>\n\n\n\n<p>Das moderne Komforthotel <a href=\"https:\/\/rms.olimar.de\/code\/FNC132\">The Views Ba\u00eda<\/a> thront nahe der Festung S\u00e3o Jo\u00e3o do Pico auf einer Anh\u00f6he und bietet einen postkartenreifen Panoramablick \u00fcber die Altstadt und den Yachthafen von Funchal.<\/p>\n\n\n\n<figure class=\"wp-block-image\"><img loading=\"lazy\" decoding=\"async\" width=\"1000\" height=\"668\" src=\"https:\/\/blog.olimar.de\/wp-content\/uploads\/2019\/09\/FNC132-p-View.jpg\" alt=\"Dachterreasse Four Views Ba\u00eda Madeira\" class=\"wp-image-12024\" srcset=\"https:\/\/blog.olimar.de\/wp-content\/uploads\/2019\/09\/FNC132-p-View.jpg 1000w, https:\/\/blog.olimar.de\/wp-content\/uploads\/2019\/09\/FNC132-p-View-300x200.jpg 300w, https:\/\/blog.olimar.de\/wp-content\/uploads\/2019\/09\/FNC132-p-View-768x513.jpg 768w, https:\/\/blog.olimar.de\/wp-content\/uploads\/2019\/09\/FNC132-p-View-840x560.jpg 840w\" sizes=\"auto, (max-width: 1000px) 100vw, 1000px\" \/><figcaption class=\"wp-element-caption\">Dachterrasse vom Hotel The View Ba\u00eda <\/figcaption><\/figure>\n\n\n\n<p>Auch das sehr stilvolle <a href=\"https:\/\/rms.olimar.de\/code\/FNC144\">Castanheiro Boutique Hotel <\/a>verf\u00fcgt \u00fcber eine traumhaft sch\u00f6ne Panorama-Dachterrasse mit langgezogenem Lap-Pool und Poolbar. Von dieser genie\u00dft Du einen spektakul\u00e4ren 360\u00b0-Blick \u00fcber die Stadt und die Bucht von Funchal!<\/p>\n\n\n\n<figure class=\"wp-block-image\"><img loading=\"lazy\" decoding=\"async\" width=\"1024\" height=\"683\" src=\"https:\/\/blog.olimar.de\/wp-content\/uploads\/2019\/09\/FNC144-p-PoolArea2019-1024x683.jpg\" alt=\"Ausblick Dachterrasse Castanheiro Boutique Hotel Funchal\" class=\"wp-image-12025\" srcset=\"https:\/\/blog.olimar.de\/wp-content\/uploads\/2019\/09\/FNC144-p-PoolArea2019-1024x683.jpg 1024w, https:\/\/blog.olimar.de\/wp-content\/uploads\/2019\/09\/FNC144-p-PoolArea2019-300x200.jpg 300w, https:\/\/blog.olimar.de\/wp-content\/uploads\/2019\/09\/FNC144-p-PoolArea2019-768x512.jpg 768w, https:\/\/blog.olimar.de\/wp-content\/uploads\/2019\/09\/FNC144-p-PoolArea2019-840x560.jpg 840w, https:\/\/blog.olimar.de\/wp-content\/uploads\/2019\/09\/FNC144-p-PoolArea2019-1200x800.jpg 1200w, https:\/\/blog.olimar.de\/wp-content\/uploads\/2019\/09\/FNC144-p-PoolArea2019.jpg 1619w\" sizes=\"auto, (max-width: 1024px) 100vw, 1024px\" \/><figcaption class=\"wp-element-caption\">Dachterrasse vom Hotel Castanheiro Boutique Hotel<\/figcaption><\/figure>\n\n\n\n<div class=\"wp-block-buttons is-layout-flex wp-block-buttons-is-layout-flex\">\n<div class=\"wp-block-button is-style-outline is-style-outline--1\"><a class=\"wp-block-button__link has-white-color has-text-color has-background wp-element-button\" href=\"https:\/\/www.olimar.de\/hotellistung\/\" style=\"background-color:#008c87\">Jetzt Urlaubsangebote finden und buchen<\/a><\/div>\n<\/div>\n\n\n","protected":false},"excerpt":{"rendered":"<p>Ab November werden auf der gesamten Atlantikinsel unz\u00e4hlige Lichter angebracht, auf allen gr\u00f6\u00dferen Pl\u00e4tzen ein Weihnachtsbaum aufgestellt und in liebevoller Detailarbeit Weihnachtskrippen aufgebaut. Am 1. Dezember ist es dann soweit: Feierlich wird die Weihnachtsbeleuchtung angeschaltet und die St\u00e4dte und D\u00f6rfer auf Madeira erstrahlen in vielen bunten Farben. Besonders die Hauptstadt Funchal gl\u00e4nzt mit Tausenden von Lichtern und faszinierender Stra\u00dfendekoration. Madeira zur Weihnachtszeit lohnt sich! Madeira zur Weihnachtszeit: Weihnachtskrippen Auf zahlreichen Stra\u00dfen und Pl\u00e4tzen stehen traditionelle Weihnachtskrippen, die sogenannten Lapinhas. Diese sind liebevoll aus den verschiedensten Materialien hergestellt. Eine der bezaubernden Krippen befindet sich auf dem zentralen Platz der Avenida Arriaga in &hellip;<\/p>\n","protected":false},"author":9,"featured_media":12003,"comment_status":"open","ping_status":"open","sticky":false,"template":"","format":"standard","meta":{"_crdt_document":"","_lmt_disableupdate":"","_lmt_disable":"","footnotes":""},"categories":[28,31],"tags":[21,34],"class_list":["post-12000","post","type-post","status-publish","format-standard","has-post-thumbnail","hentry","category-kunst-kultur","category-land-leute","tag-madeira","tag-portugal"],"yoast_head":"<!-- This site is optimized with the Yoast SEO plugin v26.9 - https:\/\/yoast.com\/product\/yoast-seo-wordpress\/ -->\n<title>Madeira zur Weihnachtszeit und an Silvester - Spektakel der Superlative<\/title>\n<meta name=\"description\" content=\"Madeira zur Weihnachtszeit: Funchal verstr\u00f6mt einen besonderen Zauber mit einer grandiosen Beleuchtung und gigantischem Feuerwerk.\" \/>\n<meta name=\"robots\" content=\"index, follow, max-snippet:-1, max-image-preview:large, max-video-preview:-1\" \/>\n<link rel=\"canonical\" href=\"https:\/\/blog.olimar.de\/madeira-zur-weihnachtszeit\/\" \/>\n<meta property=\"og:locale\" content=\"de_DE\" \/>\n<meta property=\"og:type\" content=\"article\" \/>\n<meta property=\"og:title\" content=\"Madeira zur Weihnachtszeit und an Silvester - Spektakel der Superlative\" \/>\n<meta property=\"og:description\" content=\"Madeira zur Weihnachtszeit: Funchal verstr\u00f6mt einen besonderen Zauber mit einer grandiosen Beleuchtung und gigantischem Feuerwerk.\" \/>\n<meta property=\"og:url\" content=\"https:\/\/blog.olimar.de\/madeira-zur-weihnachtszeit\/\" \/>\n<meta property=\"article:publisher\" content=\"https:\/\/www.facebook.com\/OlimarReisen\" \/>\n<meta property=\"article:published_time\" content=\"2019-09-05T11:30:09+00:00\" \/>\n<meta property=\"article:modified_time\" content=\"2024-10-14T12:37:14+00:00\" \/>\n<meta property=\"og:image\" content=\"https:\/\/blog.olimar.de\/wp-content\/uploads\/2019\/09\/PT-Madeira-Funchal-ChristmasDecorationA-c-APM.jpg\" \/>\n\t<meta property=\"og:image:width\" content=\"1617\" \/>\n\t<meta property=\"og:image:height\" content=\"1080\" \/>\n\t<meta property=\"og:image:type\" content=\"image\/jpeg\" \/>\n<meta name=\"author\" content=\"OLIMAR Redaktionsteam\" \/>\n<meta name=\"twitter:label1\" content=\"Verfasst von\" \/>\n\t<meta name=\"twitter:data1\" content=\"OLIMAR Redaktionsteam\" \/>\n\t<meta name=\"twitter:label2\" content=\"Gesch\u00e4tzte Lesezeit\" \/>\n\t<meta name=\"twitter:data2\" content=\"8\u00a0Minuten\" \/>\n<script type=\"application\/ld+json\" class=\"yoast-schema-graph\">{\"@context\":\"https:\/\/schema.org\",\"@graph\":[{\"@type\":\"WebPage\",\"@id\":\"https:\/\/blog.olimar.de\/madeira-zur-weihnachtszeit\/\",\"url\":\"https:\/\/blog.olimar.de\/madeira-zur-weihnachtszeit\/\",\"name\":\"Madeira zur Weihnachtszeit und an Silvester - Spektakel der Superlative\",\"isPartOf\":{\"@id\":\"https:\/\/blog.olimar.de\/#website\"},\"primaryImageOfPage\":{\"@id\":\"https:\/\/blog.olimar.de\/madeira-zur-weihnachtszeit\/#primaryimage\"},\"image\":{\"@id\":\"https:\/\/blog.olimar.de\/madeira-zur-weihnachtszeit\/#primaryimage\"},\"thumbnailUrl\":\"https:\/\/blog.olimar.de\/wp-content\/uploads\/2019\/09\/PT-Madeira-Funchal-ChristmasDecorationA-c-APM.jpg\",\"datePublished\":\"2019-09-05T11:30:09+00:00\",\"dateModified\":\"2024-10-14T12:37:14+00:00\",\"description\":\"Madeira zur Weihnachtszeit: Funchal verstr\u00f6mt einen besonderen Zauber mit einer grandiosen Beleuchtung und gigantischem Feuerwerk.\",\"breadcrumb\":{\"@id\":\"https:\/\/blog.olimar.de\/madeira-zur-weihnachtszeit\/#breadcrumb\"},\"inLanguage\":\"de\",\"potentialAction\":[{\"@type\":\"ReadAction\",\"target\":[\"https:\/\/blog.olimar.de\/madeira-zur-weihnachtszeit\/\"]}]},{\"@type\":\"ImageObject\",\"inLanguage\":\"de\",\"@id\":\"https:\/\/blog.olimar.de\/madeira-zur-weihnachtszeit\/#primaryimage\",\"url\":\"https:\/\/blog.olimar.de\/wp-content\/uploads\/2019\/09\/PT-Madeira-Funchal-ChristmasDecorationA-c-APM.jpg\",\"contentUrl\":\"https:\/\/blog.olimar.de\/wp-content\/uploads\/2019\/09\/PT-Madeira-Funchal-ChristmasDecorationA-c-APM.jpg\",\"width\":1617,\"height\":1080,\"caption\":\"Madeira Funchal Weihnachtszeit\"},{\"@type\":\"BreadcrumbList\",\"@id\":\"https:\/\/blog.olimar.de\/madeira-zur-weihnachtszeit\/#breadcrumb\",\"itemListElement\":[{\"@type\":\"ListItem\",\"position\":1,\"name\":\"Home\",\"item\":\"https:\/\/blog.olimar.de\/\"},{\"@type\":\"ListItem\",\"position\":2,\"name\":\"Madeira\",\"item\":\"https:\/\/blog.olimar.de\/tag\/madeira\/\"},{\"@type\":\"ListItem\",\"position\":3,\"name\":\"Madeira zur Weihnachtszeit &#8211; M\u00e4rkte, Messen und ein rekordverd\u00e4chtiges Feuerwerk\"}]},{\"@type\":\"WebSite\",\"@id\":\"https:\/\/blog.olimar.de\/#website\",\"url\":\"https:\/\/blog.olimar.de\/\",\"name\":\"OLIMAR.com\",\"description\":\"\",\"publisher\":{\"@id\":\"https:\/\/blog.olimar.de\/#organization\"},\"potentialAction\":[{\"@type\":\"SearchAction\",\"target\":{\"@type\":\"EntryPoint\",\"urlTemplate\":\"https:\/\/blog.olimar.de\/?s={search_term_string}\"},\"query-input\":{\"@type\":\"PropertyValueSpecification\",\"valueRequired\":true,\"valueName\":\"search_term_string\"}}],\"inLanguage\":\"de\"},{\"@type\":\"Organization\",\"@id\":\"https:\/\/blog.olimar.de\/#organization\",\"name\":\"OLIMAR Reisen\",\"url\":\"https:\/\/blog.olimar.de\/\",\"logo\":{\"@type\":\"ImageObject\",\"inLanguage\":\"de\",\"@id\":\"https:\/\/blog.olimar.de\/#\/schema\/logo\/image\/\",\"url\":\"https:\/\/blog.olimar.de\/wp-content\/uploads\/2021\/01\/OLIMAR_Logo_COLOR.png\",\"contentUrl\":\"https:\/\/blog.olimar.de\/wp-content\/uploads\/2021\/01\/OLIMAR_Logo_COLOR.png\",\"width\":2000,\"height\":986,\"caption\":\"OLIMAR Reisen\"},\"image\":{\"@id\":\"https:\/\/blog.olimar.de\/#\/schema\/logo\/image\/\"},\"sameAs\":[\"https:\/\/www.facebook.com\/OlimarReisen\",\"https:\/\/x.com\/olimarrreisen\",\"https:\/\/www.instagram.com\/olimarreisen\",\"https:\/\/www.youtube.com\/user\/olimarreisen\"]}]}<\/script>\n<!-- \/ Yoast SEO plugin. -->","yoast_head_json":{"title":"Madeira zur Weihnachtszeit und an Silvester - Spektakel der Superlative","description":"Madeira zur Weihnachtszeit: Funchal verstr\u00f6mt einen besonderen Zauber mit einer grandiosen Beleuchtung und gigantischem Feuerwerk.","robots":{"index":"index","follow":"follow","max-snippet":"max-snippet:-1","max-image-preview":"max-image-preview:large","max-video-preview":"max-video-preview:-1"},"canonical":"https:\/\/blog.olimar.de\/madeira-zur-weihnachtszeit\/","og_locale":"de_DE","og_type":"article","og_title":"Madeira zur Weihnachtszeit und an Silvester - Spektakel der Superlative","og_description":"Madeira zur Weihnachtszeit: Funchal verstr\u00f6mt einen besonderen Zauber mit einer grandiosen Beleuchtung und gigantischem Feuerwerk.","og_url":"https:\/\/blog.olimar.de\/madeira-zur-weihnachtszeit\/","article_publisher":"https:\/\/www.facebook.com\/OlimarReisen","article_published_time":"2019-09-05T11:30:09+00:00","article_modified_time":"2024-10-14T12:37:14+00:00","og_image":[{"width":1617,"height":1080,"url":"https:\/\/blog.olimar.de\/wp-content\/uploads\/2019\/09\/PT-Madeira-Funchal-ChristmasDecorationA-c-APM.jpg","type":"image\/jpeg"}],"author":"OLIMAR Redaktionsteam","twitter_misc":{"Verfasst von":"OLIMAR Redaktionsteam","Gesch\u00e4tzte Lesezeit":"8\u00a0Minuten"},"schema":{"@context":"https:\/\/schema.org","@graph":[{"@type":"WebPage","@id":"https:\/\/blog.olimar.de\/madeira-zur-weihnachtszeit\/","url":"https:\/\/blog.olimar.de\/madeira-zur-weihnachtszeit\/","name":"Madeira zur Weihnachtszeit und an Silvester - Spektakel der Superlative","isPartOf":{"@id":"https:\/\/blog.olimar.de\/#website"},"primaryImageOfPage":{"@id":"https:\/\/blog.olimar.de\/madeira-zur-weihnachtszeit\/#primaryimage"},"image":{"@id":"https:\/\/blog.olimar.de\/madeira-zur-weihnachtszeit\/#primaryimage"},"thumbnailUrl":"https:\/\/blog.olimar.de\/wp-content\/uploads\/2019\/09\/PT-Madeira-Funchal-ChristmasDecorationA-c-APM.jpg","datePublished":"2019-09-05T11:30:09+00:00","dateModified":"2024-10-14T12:37:14+00:00","description":"Madeira zur Weihnachtszeit: Funchal verstr\u00f6mt einen besonderen Zauber mit einer grandiosen Beleuchtung und gigantischem Feuerwerk.","breadcrumb":{"@id":"https:\/\/blog.olimar.de\/madeira-zur-weihnachtszeit\/#breadcrumb"},"inLanguage":"de","potentialAction":[{"@type":"ReadAction","target":["https:\/\/blog.olimar.de\/madeira-zur-weihnachtszeit\/"]}]},{"@type":"ImageObject","inLanguage":"de","@id":"https:\/\/blog.olimar.de\/madeira-zur-weihnachtszeit\/#primaryimage","url":"https:\/\/blog.olimar.de\/wp-content\/uploads\/2019\/09\/PT-Madeira-Funchal-ChristmasDecorationA-c-APM.jpg","contentUrl":"https:\/\/blog.olimar.de\/wp-content\/uploads\/2019\/09\/PT-Madeira-Funchal-ChristmasDecorationA-c-APM.jpg","width":1617,"height":1080,"caption":"Madeira Funchal Weihnachtszeit"},{"@type":"BreadcrumbList","@id":"https:\/\/blog.olimar.de\/madeira-zur-weihnachtszeit\/#breadcrumb","itemListElement":[{"@type":"ListItem","position":1,"name":"Home","item":"https:\/\/blog.olimar.de\/"},{"@type":"ListItem","position":2,"name":"Madeira","item":"https:\/\/blog.olimar.de\/tag\/madeira\/"},{"@type":"ListItem","position":3,"name":"Madeira zur Weihnachtszeit &#8211; M\u00e4rkte, Messen und ein rekordverd\u00e4chtiges Feuerwerk"}]},{"@type":"WebSite","@id":"https:\/\/blog.olimar.de\/#website","url":"https:\/\/blog.olimar.de\/","name":"OLIMAR.com","description":"","publisher":{"@id":"https:\/\/blog.olimar.de\/#organization"},"potentialAction":[{"@type":"SearchAction","target":{"@type":"EntryPoint","urlTemplate":"https:\/\/blog.olimar.de\/?s={search_term_string}"},"query-input":{"@type":"PropertyValueSpecification","valueRequired":true,"valueName":"search_term_string"}}],"inLanguage":"de"},{"@type":"Organization","@id":"https:\/\/blog.olimar.de\/#organization","name":"OLIMAR Reisen","url":"https:\/\/blog.olimar.de\/","logo":{"@type":"ImageObject","inLanguage":"de","@id":"https:\/\/blog.olimar.de\/#\/schema\/logo\/image\/","url":"https:\/\/blog.olimar.de\/wp-content\/uploads\/2021\/01\/OLIMAR_Logo_COLOR.png","contentUrl":"https:\/\/blog.olimar.de\/wp-content\/uploads\/2021\/01\/OLIMAR_Logo_COLOR.png","width":2000,"height":986,"caption":"OLIMAR Reisen"},"image":{"@id":"https:\/\/blog.olimar.de\/#\/schema\/logo\/image\/"},"sameAs":["https:\/\/www.facebook.com\/OlimarReisen","https:\/\/x.com\/olimarrreisen","https:\/\/www.instagram.com\/olimarreisen","https:\/\/www.youtube.com\/user\/olimarreisen"]}]}},"modified_by":"Julia Windh\u00f6vel","jetpack_featured_media_url":"https:\/\/blog.olimar.de\/wp-content\/uploads\/2019\/09\/PT-Madeira-Funchal-ChristmasDecorationA-c-APM.jpg","_links":{"self":[{"href":"https:\/\/blog.olimar.de\/wp-json\/wp\/v2\/posts\/12000","targetHints":{"allow":["GET"]}}],"collection":[{"href":"https:\/\/blog.olimar.de\/wp-json\/wp\/v2\/posts"}],"about":[{"href":"https:\/\/blog.olimar.de\/wp-json\/wp\/v2\/types\/post"}],"author":[{"embeddable":true,"href":"https:\/\/blog.olimar.de\/wp-json\/wp\/v2\/users\/9"}],"replies":[{"embeddable":true,"href":"https:\/\/blog.olimar.de\/wp-json\/wp\/v2\/comments?post=12000"}],"version-history":[{"count":31,"href":"https:\/\/blog.olimar.de\/wp-json\/wp\/v2\/posts\/12000\/revisions"}],"predecessor-version":[{"id":27961,"href":"https:\/\/blog.olimar.de\/wp-json\/wp\/v2\/posts\/12000\/revisions\/27961"}],"wp:featuredmedia":[{"embeddable":true,"href":"https:\/\/blog.olimar.de\/wp-json\/wp\/v2\/media\/12003"}],"wp:attachment":[{"href":"https:\/\/blog.olimar.de\/wp-json\/wp\/v2\/media?parent=12000"}],"wp:term":[{"taxonomy":"category","embeddable":true,"href":"https:\/\/blog.olimar.de\/wp-json\/wp\/v2\/categories?post=12000"},{"taxonomy":"post_tag","embeddable":true,"href":"https:\/\/blog.olimar.de\/wp-json\/wp\/v2\/tags?post=12000"}],"curies":[{"name":"wp","href":"https:\/\/api.w.org\/{rel}","templated":true}]}}