{"id":12091,"date":"2019-09-17T17:11:25","date_gmt":"2019-09-17T15:11:25","guid":{"rendered":"https:\/\/blog.olimar.de\/?p=12091"},"modified":"2023-12-01T11:29:26","modified_gmt":"2023-12-01T10:29:26","slug":"atlantic-beach-clean-up-tour-durch-spanien-und-portugal-station-nordportugal","status":"publish","type":"post","link":"https:\/\/blog.olimar.de\/atlantic-beach-clean-up-tour-durch-spanien-und-portugal-station-nordportugal\/","title":{"rendered":"Atlantic Beach Clean-Up Tour durch Spanien und Portugal, Station Nordportugal"},"content":{"rendered":"\n<p class=\"wp-block-paragraph\"><strong>Neue Etappe, neue K\u00fcste: Costa Nova. So hei\u00dft das Fischer\u00f6rtchen bei Aveiro, das Eva Maria Pollmeier im neuen Abschnitt ihres Atlantic-Beach-Clean-up-Projekts ansteuert. Er f\u00fchrt sie nach ihrer <a href=\"https:\/\/www.olimar.de\/blog\/atlantic-beach-clean-up-tour-durch-spanien-und-portugal-station-asturien\/\" target=\"_blank\" rel=\"noreferrer noopener\">Reise durch Spanien<\/a> nun endlich nach <a href=\"https:\/\/www.olimar.de\/portugal\/\" target=\"_blank\" rel=\"noreferrer noopener\">Portugal<\/a> und stellt sie gleich vor eine Frage: Kann der Strand eines so postkartentauglichen Ortes \u00fcberhaupt schmutzig sein?<\/strong><\/p>\n\n\n\n<p class=\"wp-block-paragraph\">Die rot-, gr\u00fcn- und himmelblau-wei\u00df gestreifte H\u00e4user wirken so, als h\u00e4tte 70er-Jahre-Waschmittel-Werbeikone Frau Klementine ihr Gewand einmal bei 40 Grad bl\u00fctenrein gewaschen. <\/p>\n\n\n\n<p class=\"wp-block-paragraph\">Allerdings hat der Anstrich der Strandh\u00e4user auch eigentlich einen ganz anderen Sinn, als sie einfach nur adrett aussehen zu lassen. \u00c4hnlich wie die kunterbunten H\u00e4uschen auf der Insel Burano bei Venedig, sollten die verschiedenen Farben es den Fischern erleichtern, vom Wasser aus, ihre H\u00e4uschen wiederzufinden. Denn als Anfang des 19. Jahrhunderts die Hafeneinfahrt Ria de Aveiro er\u00f6ffnet wurde, gab es bereits einen bebauten Strandabschnitt: die Costa Jacinto. Der neue Strand Costa Nova sollte sich erkennbar von ihm abgrenzen.<\/p>\n\n\n\n<figure class=\"wp-block-image\"><img loading=\"lazy\" decoding=\"async\" width=\"1024\" height=\"493\" src=\"https:\/\/blog.olimar.de\/wp-content\/uploads\/2019\/09\/EvaPortugalCostaNova-1024x493.jpg\" alt=\"Gestreifte H\u00e4user in Costa Nova\" class=\"wp-image-12101\" srcset=\"https:\/\/blog.olimar.de\/wp-content\/uploads\/2019\/09\/EvaPortugalCostaNova-1024x493.jpg 1024w, https:\/\/blog.olimar.de\/wp-content\/uploads\/2019\/09\/EvaPortugalCostaNova-300x144.jpg 300w, https:\/\/blog.olimar.de\/wp-content\/uploads\/2019\/09\/EvaPortugalCostaNova-768x370.jpg 768w, https:\/\/blog.olimar.de\/wp-content\/uploads\/2019\/09\/EvaPortugalCostaNova.jpg 1728w\" sizes=\"auto, (max-width: 1024px) 100vw, 1024px\" \/><\/figure>\n\n\n\n<p class=\"wp-block-paragraph\">Auf dem Fischmarkt im kleinen \u00d6rtchen startet Eva zun\u00e4chst noch eine  Rettungsaktion f\u00fcr kleine Strandbewohner. Sie kauft ein Kilo Krebse f\u00fcr  f\u00fcnf Euro und l\u00e4sst die Tierchen im Sand frei. Und dort findet die M\u00fcllsammlerin so einiges: Hinterlassenschaften von Fastfood-Mahlzeiten, Plastikt\u00fcten sowie -flaschen und unz\u00e4hlige weitere Dinge. So viele, dass sie einen schwarzen Beutel damit f\u00fcllen kann und ihre Mission, die Atlantikstr\u00e4nde von Abf\u00e4llen zu befreien, sehr gut erf\u00fcllen konnte.<br><\/p>\n\n\n<div class=\"wp-block-image\">\n<figure class=\"aligncenter is-resized\"><img loading=\"lazy\" decoding=\"async\" width=\"145\" height=\"300\" src=\"https:\/\/blog.olimar.de\/wp-content\/uploads\/2019\/09\/EvaPortugalCostaNova1-145x300.jpg\" alt=\"Plastikflasche am Strand\" class=\"wp-image-12105\" style=\"width:235px;height:486px\" srcset=\"https:\/\/blog.olimar.de\/wp-content\/uploads\/2019\/09\/EvaPortugalCostaNova1-145x300.jpg 145w, https:\/\/blog.olimar.de\/wp-content\/uploads\/2019\/09\/EvaPortugalCostaNova1.jpg 464w\" sizes=\"auto, (max-width: 145px) 100vw, 145px\" \/><\/figure>\n<\/div>\n\n<div class=\"wp-block-image\">\n<figure class=\"aligncenter\"><img loading=\"lazy\" decoding=\"async\" width=\"1024\" height=\"493\" src=\"https:\/\/blog.olimar.de\/wp-content\/uploads\/2019\/09\/EvaPortugalCostaNova3-1024x493.jpg\" alt=\"M\u00fcll am Strand\" class=\"wp-image-12104\" srcset=\"https:\/\/blog.olimar.de\/wp-content\/uploads\/2019\/09\/EvaPortugalCostaNova3-1024x493.jpg 1024w, https:\/\/blog.olimar.de\/wp-content\/uploads\/2019\/09\/EvaPortugalCostaNova3-300x144.jpg 300w, https:\/\/blog.olimar.de\/wp-content\/uploads\/2019\/09\/EvaPortugalCostaNova3-768x370.jpg 768w, https:\/\/blog.olimar.de\/wp-content\/uploads\/2019\/09\/EvaPortugalCostaNova3.jpg 1728w\" sizes=\"auto, (max-width: 1024px) 100vw, 1024px\" \/><\/figure>\n<\/div>\n\n\n<p class=\"wp-block-paragraph\">Auch der n\u00e4chste Ort den sie ansteuert, Aveiro, bezaubert das One-Woman-M\u00fcllsammelkommando mit seinen H\u00e4usern. Der Jugendstil hat hier seine Spuren hinterlassen. Ansonsten erinnert der Ort sie ebenfalls ein Wenig an Venedig, und zwar aufgrund der bunten Barken, mit denen die Menschen durch die Kan\u00e4le schippern. Allerdings wehen bunte, lange Plastikf\u00e4den von den Kanalbr\u00fccken. \u201eKeine gelungene Deko\u201c, findet Eva, \u201ewenn man bedenkt, dass sicherlich mancher davon im Wasser landet.\u201c <\/p>\n\n\n\n<figure class=\"wp-block-image\"><img loading=\"lazy\" decoding=\"async\" width=\"1024\" height=\"493\" src=\"https:\/\/blog.olimar.de\/wp-content\/uploads\/2019\/09\/EvaPortugalAveiro1-1024x493.jpg\" alt=\"Boot in Aveiro\" class=\"wp-image-12110\" srcset=\"https:\/\/blog.olimar.de\/wp-content\/uploads\/2019\/09\/EvaPortugalAveiro1-1024x493.jpg 1024w, https:\/\/blog.olimar.de\/wp-content\/uploads\/2019\/09\/EvaPortugalAveiro1-300x144.jpg 300w, https:\/\/blog.olimar.de\/wp-content\/uploads\/2019\/09\/EvaPortugalAveiro1-768x370.jpg 768w, https:\/\/blog.olimar.de\/wp-content\/uploads\/2019\/09\/EvaPortugalAveiro1.jpg 1728w\" sizes=\"auto, (max-width: 1024px) 100vw, 1024px\" \/><\/figure>\n\n\n\n<figure class=\"wp-block-image is-resized\"><img loading=\"lazy\" decoding=\"async\" width=\"1024\" height=\"493\" src=\"https:\/\/blog.olimar.de\/wp-content\/uploads\/2019\/09\/EvaPortugalAveiro-1024x493.jpg\" alt=\"Geschm\u00fcckte Kan\u00e4le Aveiro\" class=\"wp-image-12111\" style=\"width:457px;height:220px\" srcset=\"https:\/\/blog.olimar.de\/wp-content\/uploads\/2019\/09\/EvaPortugalAveiro-1024x493.jpg 1024w, https:\/\/blog.olimar.de\/wp-content\/uploads\/2019\/09\/EvaPortugalAveiro-300x144.jpg 300w, https:\/\/blog.olimar.de\/wp-content\/uploads\/2019\/09\/EvaPortugalAveiro-768x370.jpg 768w, https:\/\/blog.olimar.de\/wp-content\/uploads\/2019\/09\/EvaPortugalAveiro.jpg 1728w\" sizes=\"auto, (max-width: 1024px) 100vw, 1024px\" \/><\/figure>\n\n\n\n<p class=\"wp-block-paragraph\">Einige Bilder auf den Barken befremden Eva: Sie zeigen weibliche K\u00f6rper mit nacktem Ges\u00e4\u00df, die sich nach vorne beugen. \u201eDie sind schon ziemlich frauenfeindlich\u201c, findet sie. Eine portugiesische Freundin kl\u00e4rt sie auf: Die Boote wurden urspr\u00fcnglich zur Seetangernte benutzt. Wenn die M\u00e4nner l\u00e4nger unterwegs waren und ihre Frauen nicht sahen, musste die Bilder ausreichen &#8211; und die Fantasie. Nach der Bootstour besichtigt Eva das Museum, genie\u00dft eine Pause auf der Terrasse davor mit einem Getr\u00e4nk \u2013 endlich einmal ohne M\u00fcll.<br><\/p>\n\n\n\n<p class=\"wp-block-paragraph\">Der wartet daf\u00fcr an dem langen Sandstrand bei S\u00e3o Jacinto auf sie. Hier waren offensichtlich schon einmal andere M\u00fcllsammler am Werk und haben S\u00e4cke mit Plastikm\u00fcll gef\u00fcllt. Nun stecken sie im Sand fest. Eines versteht Eva nicht: Warum haben die Sammler die S\u00e4cke wieder verbuddelt? Sie findet eine Antwort: \u201eWahrscheinlich sind sie liegen geblieben und dann vom Wind mit Sandk\u00f6rnern bedeckt worden\u201c, vermutet sie. Eva sammelt f\u00fcnf Beutel voller M\u00fcll. Diese mit dem Bollerwagen durch den weichen Sand zu ziehen, bringt die Aktivistin kr\u00e4ftem\u00e4\u00dfig an ihre Grenzen: \u201eIch habe wirklich geflucht, innerlich\u201c, erz\u00e4hlt sie. Sie wird trotzdem geh\u00f6rt. Eine spanische Familie bietet ihr Hilfe an. Mutter, Vater und drei Kinder transportieren mit Eva die M\u00fcllbeutel zum Container. Die S\u00e4cke passen jedoch nicht alle in den Bollerwagen, sind schwer, einer rei\u00dft. Eine weitere portugiesische Familie eilt zur Hilfe. Aus der M\u00fcllsammelaktion wird ein Akt der V\u00f6lkerverst\u00e4ndigung. Auch \u00fcber andere Dinge freut Eva sich an diesem Strand: Sie sieht einen kleinen Beh\u00e4lter, in den Besucher ihre Kaugummis werfen k\u00f6nnen. <br><\/p>\n\n\n\n<figure class=\"wp-block-gallery has-nested-images columns-default is-cropped wp-block-gallery-1 is-layout-flex wp-block-gallery-is-layout-flex\">\n<figure class=\"wp-block-image size-large\"><img loading=\"lazy\" decoding=\"async\" width=\"320\" height=\"658\" data-id=\"12113\" src=\"https:\/\/blog.olimar.de\/wp-content\/uploads\/2019\/09\/EvaPortugalAveiro3.jpg\" alt=\"M\u00fclls\u00e4cke Aveiro\" class=\"wp-image-12113\" srcset=\"https:\/\/blog.olimar.de\/wp-content\/uploads\/2019\/09\/EvaPortugalAveiro3.jpg 320w, https:\/\/blog.olimar.de\/wp-content\/uploads\/2019\/09\/EvaPortugalAveiro3-146x300.jpg 146w\" sizes=\"auto, (max-width: 320px) 100vw, 320px\" \/><\/figure>\n\n\n\n<figure class=\"wp-block-image size-large\"><img loading=\"lazy\" decoding=\"async\" width=\"320\" height=\"658\" data-id=\"12114\" src=\"https:\/\/blog.olimar.de\/wp-content\/uploads\/2019\/09\/EvaPortugalAveiro6.jpg\" alt=\"Beach Clean-Up Aveiro\" class=\"wp-image-12114\" srcset=\"https:\/\/blog.olimar.de\/wp-content\/uploads\/2019\/09\/EvaPortugalAveiro6.jpg 320w, https:\/\/blog.olimar.de\/wp-content\/uploads\/2019\/09\/EvaPortugalAveiro6-146x300.jpg 146w\" sizes=\"auto, (max-width: 320px) 100vw, 320px\" \/><\/figure>\n\n\n\n<figure class=\"wp-block-image size-large\"><img loading=\"lazy\" decoding=\"async\" width=\"320\" height=\"658\" data-id=\"12115\" src=\"https:\/\/blog.olimar.de\/wp-content\/uploads\/2019\/09\/EvaPortugalAveiro4.jpg\" alt=\"M\u00fcllsammler Aveiro\" class=\"wp-image-12115\" srcset=\"https:\/\/blog.olimar.de\/wp-content\/uploads\/2019\/09\/EvaPortugalAveiro4.jpg 320w, https:\/\/blog.olimar.de\/wp-content\/uploads\/2019\/09\/EvaPortugalAveiro4-146x300.jpg 146w\" sizes=\"auto, (max-width: 320px) 100vw, 320px\" \/><\/figure>\n<\/figure>\n\n\n\n<p class=\"wp-block-paragraph\">Auch in der portugiesischen Metropole <a href=\"https:\/\/www.olimar.de\/portugal\/metropolen\/porto\/\" target=\"_blank\" rel=\"noreferrer noopener\" aria-label=\"Porto (opens in a new tab)\">Porto<\/a> hat Umweltbewusstsein seine Spuren hinterlassen &#8211; und der Geist der Zeit. Die Stadt ist hip und entsprechend \u00fcberlaufen. Eine Portugiesin erz\u00e4hlt Eva vom regelrechten \u201ePorto-Boom\u201c, der seit zwei Jahren herrsche \u2013 und der Gentrifizierung, die den Bewohnern zu schaffen macht. Unter Kreativit\u00e4t mischt sich ein wenig Dekadenz. Eva entdeckt einen Upcycling-Laden mit dem Namen \u201eGarbags\u201c. H\u00fcbsche, wei\u00dfe Etuis mit bunten Rei\u00dfverschl\u00fcssen warten dort auf K\u00e4ufer. In ihrem Vorleben waren sie Zahnpasta- und Gesichtscremetuben. Und sie entdeckt Dinge, die kein Mensch braucht: Kleine Sardinendosen mit Jahreszahl, sodass Kunden diejenige mit ihrem Geburtsjahr ausw\u00e4hlen k\u00f6nnen. Am nahegelegenen Stand ist f\u00fcr die M\u00fcllsammlerin entsprechend viel zu tun. \u201eDurch den nahegelegenen Fluss Douro wird viel M\u00fcll ins Meer gesp\u00fclt\u201c, schildert sie. <\/p>\n\n\n\n<figure class=\"wp-block-image is-resized\"><img loading=\"lazy\" decoding=\"async\" width=\"1024\" height=\"653\" src=\"https:\/\/blog.olimar.de\/wp-content\/uploads\/2016\/09\/Portugal-Porto-Stadt-Meurers_4181-1024x653.jpg\" alt=\"Die Stadt Porto in Portugal\" class=\"wp-image-7406\" style=\"width:723px;height:460px\" srcset=\"https:\/\/blog.olimar.de\/wp-content\/uploads\/2016\/09\/Portugal-Porto-Stadt-Meurers_4181-1024x653.jpg 1024w, https:\/\/blog.olimar.de\/wp-content\/uploads\/2016\/09\/Portugal-Porto-Stadt-Meurers_4181-300x191.jpg 300w, https:\/\/blog.olimar.de\/wp-content\/uploads\/2016\/09\/Portugal-Porto-Stadt-Meurers_4181-768x490.jpg 768w, https:\/\/blog.olimar.de\/wp-content\/uploads\/2016\/09\/Portugal-Porto-Stadt-Meurers_4181.jpg 2000w\" sizes=\"auto, (max-width: 1024px) 100vw, 1024px\" \/><\/figure>\n\n\n\n<p class=\"wp-block-paragraph\">Mit der Besichtigung der sch\u00f6nen alten Universit\u00e4tsstadt Coimbra, ihren Kathedralen und Kl\u00f6stern, schlie\u00dft Eva ihre Reise ab. Sie sieht viele junge Menschen, die dort f\u00fcr die Zukunft lernen und es vielleicht einmal besser wissen werden als Generationen zuvor. N\u00e4mlich wie man vermeidet, dass ihr M\u00fcll in den Weltmeeren landet.<\/p>\n\n\n","protected":false},"excerpt":{"rendered":"<p>Neue Etappe, neue K\u00fcste: Costa Nova. So hei\u00dft das Fischer\u00f6rtchen bei Aveiro, das Eva Maria Pollmeier im neuen Abschnitt ihres Atlantic-Beach-Clean-up-Projekts ansteuert. Er f\u00fchrt sie nach ihrer Reise durch Spanien nun endlich nach Portugal und stellt sie gleich vor eine Frage: Kann der Strand eines so postkartentauglichen Ortes \u00fcberhaupt schmutzig sein?<\/p>\n","protected":false},"author":9,"featured_media":12100,"comment_status":"open","ping_status":"open","sticky":false,"template":"","format":"standard","meta":{"_crdt_document":"","_lmt_disableupdate":"","_lmt_disable":"","footnotes":""},"categories":[166],"tags":[167],"class_list":["post-12091","post","type-post","status-publish","format-standard","has-post-thumbnail","hentry","category-nachhaltigkeit","tag-nachhaltigkeit"],"yoast_head":"<!-- This site is optimized with the Yoast SEO plugin v26.9 - https:\/\/yoast.com\/product\/yoast-seo-wordpress\/ -->\n<title>Atlantic Beach Clean-Up mit Station in Nordportugal<\/title>\n<meta name=\"description\" content=\"Die Beach-Clean-Up Tour von Eva f\u00fchrte \u00fcber Spanien bis nach Portugal. Am Strand bei Aveiro ist viel zu tun f\u00fcr die M\u00fcllsammlerin.\" \/>\n<meta name=\"robots\" content=\"index, follow, max-snippet:-1, max-image-preview:large, max-video-preview:-1\" \/>\n<link rel=\"canonical\" href=\"https:\/\/blog.olimar.de\/atlantic-beach-clean-up-tour-durch-spanien-und-portugal-station-nordportugal\/\" \/>\n<meta property=\"og:locale\" content=\"de_DE\" \/>\n<meta property=\"og:type\" content=\"article\" \/>\n<meta property=\"og:title\" content=\"Atlantic Beach Clean-Up mit Station in Nordportugal\" \/>\n<meta property=\"og:description\" content=\"Die Beach-Clean-Up Tour von Eva f\u00fchrte \u00fcber Spanien bis nach Portugal. Am Strand bei Aveiro ist viel zu tun f\u00fcr die M\u00fcllsammlerin.\" \/>\n<meta property=\"og:url\" content=\"https:\/\/blog.olimar.de\/atlantic-beach-clean-up-tour-durch-spanien-und-portugal-station-nordportugal\/\" \/>\n<meta property=\"article:publisher\" content=\"https:\/\/www.facebook.com\/OlimarReisen\" \/>\n<meta property=\"article:published_time\" content=\"2019-09-17T15:11:25+00:00\" \/>\n<meta property=\"article:modified_time\" content=\"2023-12-01T10:29:26+00:00\" \/>\n<meta property=\"og:image\" content=\"https:\/\/blog.olimar.de\/wp-content\/uploads\/2019\/09\/EvaPortugalCostaNova4.jpg\" \/>\n\t<meta property=\"og:image:width\" content=\"1728\" \/>\n\t<meta property=\"og:image:height\" content=\"832\" \/>\n\t<meta property=\"og:image:type\" content=\"image\/jpeg\" \/>\n<meta name=\"author\" content=\"OLIMAR Redaktionsteam\" \/>\n<meta name=\"twitter:label1\" content=\"Verfasst von\" \/>\n\t<meta name=\"twitter:data1\" content=\"OLIMAR Redaktionsteam\" \/>\n\t<meta name=\"twitter:label2\" content=\"Gesch\u00e4tzte Lesezeit\" \/>\n\t<meta name=\"twitter:data2\" content=\"6\u00a0Minuten\" \/>\n<script type=\"application\/ld+json\" class=\"yoast-schema-graph\">{\"@context\":\"https:\/\/schema.org\",\"@graph\":[{\"@type\":\"WebPage\",\"@id\":\"https:\/\/blog.olimar.de\/atlantic-beach-clean-up-tour-durch-spanien-und-portugal-station-nordportugal\/\",\"url\":\"https:\/\/blog.olimar.de\/atlantic-beach-clean-up-tour-durch-spanien-und-portugal-station-nordportugal\/\",\"name\":\"Atlantic Beach Clean-Up mit Station in Nordportugal\",\"isPartOf\":{\"@id\":\"https:\/\/blog.olimar.de\/#website\"},\"primaryImageOfPage\":{\"@id\":\"https:\/\/blog.olimar.de\/atlantic-beach-clean-up-tour-durch-spanien-und-portugal-station-nordportugal\/#primaryimage\"},\"image\":{\"@id\":\"https:\/\/blog.olimar.de\/atlantic-beach-clean-up-tour-durch-spanien-und-portugal-station-nordportugal\/#primaryimage\"},\"thumbnailUrl\":\"https:\/\/blog.olimar.de\/wp-content\/uploads\/2019\/09\/EvaPortugalCostaNova4.jpg\",\"datePublished\":\"2019-09-17T15:11:25+00:00\",\"dateModified\":\"2023-12-01T10:29:26+00:00\",\"description\":\"Die Beach-Clean-Up Tour von Eva f\u00fchrte \u00fcber Spanien bis nach Portugal. Am Strand bei Aveiro ist viel zu tun f\u00fcr die M\u00fcllsammlerin.\",\"breadcrumb\":{\"@id\":\"https:\/\/blog.olimar.de\/atlantic-beach-clean-up-tour-durch-spanien-und-portugal-station-nordportugal\/#breadcrumb\"},\"inLanguage\":\"de\",\"potentialAction\":[{\"@type\":\"ReadAction\",\"target\":[\"https:\/\/blog.olimar.de\/atlantic-beach-clean-up-tour-durch-spanien-und-portugal-station-nordportugal\/\"]}]},{\"@type\":\"ImageObject\",\"inLanguage\":\"de\",\"@id\":\"https:\/\/blog.olimar.de\/atlantic-beach-clean-up-tour-durch-spanien-und-portugal-station-nordportugal\/#primaryimage\",\"url\":\"https:\/\/blog.olimar.de\/wp-content\/uploads\/2019\/09\/EvaPortugalCostaNova4.jpg\",\"contentUrl\":\"https:\/\/blog.olimar.de\/wp-content\/uploads\/2019\/09\/EvaPortugalCostaNova4.jpg\",\"width\":1728,\"height\":832,\"caption\":\"M\u00fcllt\u00fcte am Strand Portugal\"},{\"@type\":\"BreadcrumbList\",\"@id\":\"https:\/\/blog.olimar.de\/atlantic-beach-clean-up-tour-durch-spanien-und-portugal-station-nordportugal\/#breadcrumb\",\"itemListElement\":[{\"@type\":\"ListItem\",\"position\":1,\"name\":\"Home\",\"item\":\"https:\/\/blog.olimar.de\/\"},{\"@type\":\"ListItem\",\"position\":2,\"name\":\"nachhaltigkeit\",\"item\":\"https:\/\/blog.olimar.de\/tag\/nachhaltigkeit\/\"},{\"@type\":\"ListItem\",\"position\":3,\"name\":\"Atlantic Beach Clean-Up Tour durch Spanien und Portugal, Station Nordportugal\"}]},{\"@type\":\"WebSite\",\"@id\":\"https:\/\/blog.olimar.de\/#website\",\"url\":\"https:\/\/blog.olimar.de\/\",\"name\":\"OLIMAR.com\",\"description\":\"\",\"publisher\":{\"@id\":\"https:\/\/blog.olimar.de\/#organization\"},\"potentialAction\":[{\"@type\":\"SearchAction\",\"target\":{\"@type\":\"EntryPoint\",\"urlTemplate\":\"https:\/\/blog.olimar.de\/?s={search_term_string}\"},\"query-input\":{\"@type\":\"PropertyValueSpecification\",\"valueRequired\":true,\"valueName\":\"search_term_string\"}}],\"inLanguage\":\"de\"},{\"@type\":\"Organization\",\"@id\":\"https:\/\/blog.olimar.de\/#organization\",\"name\":\"OLIMAR Reisen\",\"url\":\"https:\/\/blog.olimar.de\/\",\"logo\":{\"@type\":\"ImageObject\",\"inLanguage\":\"de\",\"@id\":\"https:\/\/blog.olimar.de\/#\/schema\/logo\/image\/\",\"url\":\"https:\/\/blog.olimar.de\/wp-content\/uploads\/2021\/01\/OLIMAR_Logo_COLOR.png\",\"contentUrl\":\"https:\/\/blog.olimar.de\/wp-content\/uploads\/2021\/01\/OLIMAR_Logo_COLOR.png\",\"width\":2000,\"height\":986,\"caption\":\"OLIMAR Reisen\"},\"image\":{\"@id\":\"https:\/\/blog.olimar.de\/#\/schema\/logo\/image\/\"},\"sameAs\":[\"https:\/\/www.facebook.com\/OlimarReisen\",\"https:\/\/x.com\/olimarrreisen\",\"https:\/\/www.instagram.com\/olimarreisen\",\"https:\/\/www.youtube.com\/user\/olimarreisen\"]}]}<\/script>\n<!-- \/ Yoast SEO plugin. -->","yoast_head_json":{"title":"Atlantic Beach Clean-Up mit Station in Nordportugal","description":"Die Beach-Clean-Up Tour von Eva f\u00fchrte \u00fcber Spanien bis nach Portugal. Am Strand bei Aveiro ist viel zu tun f\u00fcr die M\u00fcllsammlerin.","robots":{"index":"index","follow":"follow","max-snippet":"max-snippet:-1","max-image-preview":"max-image-preview:large","max-video-preview":"max-video-preview:-1"},"canonical":"https:\/\/blog.olimar.de\/atlantic-beach-clean-up-tour-durch-spanien-und-portugal-station-nordportugal\/","og_locale":"de_DE","og_type":"article","og_title":"Atlantic Beach Clean-Up mit Station in Nordportugal","og_description":"Die Beach-Clean-Up Tour von Eva f\u00fchrte \u00fcber Spanien bis nach Portugal. Am Strand bei Aveiro ist viel zu tun f\u00fcr die M\u00fcllsammlerin.","og_url":"https:\/\/blog.olimar.de\/atlantic-beach-clean-up-tour-durch-spanien-und-portugal-station-nordportugal\/","article_publisher":"https:\/\/www.facebook.com\/OlimarReisen","article_published_time":"2019-09-17T15:11:25+00:00","article_modified_time":"2023-12-01T10:29:26+00:00","og_image":[{"width":1728,"height":832,"url":"https:\/\/blog.olimar.de\/wp-content\/uploads\/2019\/09\/EvaPortugalCostaNova4.jpg","type":"image\/jpeg"}],"author":"OLIMAR Redaktionsteam","twitter_misc":{"Verfasst von":"OLIMAR Redaktionsteam","Gesch\u00e4tzte Lesezeit":"6\u00a0Minuten"},"schema":{"@context":"https:\/\/schema.org","@graph":[{"@type":"WebPage","@id":"https:\/\/blog.olimar.de\/atlantic-beach-clean-up-tour-durch-spanien-und-portugal-station-nordportugal\/","url":"https:\/\/blog.olimar.de\/atlantic-beach-clean-up-tour-durch-spanien-und-portugal-station-nordportugal\/","name":"Atlantic Beach Clean-Up mit Station in Nordportugal","isPartOf":{"@id":"https:\/\/blog.olimar.de\/#website"},"primaryImageOfPage":{"@id":"https:\/\/blog.olimar.de\/atlantic-beach-clean-up-tour-durch-spanien-und-portugal-station-nordportugal\/#primaryimage"},"image":{"@id":"https:\/\/blog.olimar.de\/atlantic-beach-clean-up-tour-durch-spanien-und-portugal-station-nordportugal\/#primaryimage"},"thumbnailUrl":"https:\/\/blog.olimar.de\/wp-content\/uploads\/2019\/09\/EvaPortugalCostaNova4.jpg","datePublished":"2019-09-17T15:11:25+00:00","dateModified":"2023-12-01T10:29:26+00:00","description":"Die Beach-Clean-Up Tour von Eva f\u00fchrte \u00fcber Spanien bis nach Portugal. Am Strand bei Aveiro ist viel zu tun f\u00fcr die M\u00fcllsammlerin.","breadcrumb":{"@id":"https:\/\/blog.olimar.de\/atlantic-beach-clean-up-tour-durch-spanien-und-portugal-station-nordportugal\/#breadcrumb"},"inLanguage":"de","potentialAction":[{"@type":"ReadAction","target":["https:\/\/blog.olimar.de\/atlantic-beach-clean-up-tour-durch-spanien-und-portugal-station-nordportugal\/"]}]},{"@type":"ImageObject","inLanguage":"de","@id":"https:\/\/blog.olimar.de\/atlantic-beach-clean-up-tour-durch-spanien-und-portugal-station-nordportugal\/#primaryimage","url":"https:\/\/blog.olimar.de\/wp-content\/uploads\/2019\/09\/EvaPortugalCostaNova4.jpg","contentUrl":"https:\/\/blog.olimar.de\/wp-content\/uploads\/2019\/09\/EvaPortugalCostaNova4.jpg","width":1728,"height":832,"caption":"M\u00fcllt\u00fcte am Strand Portugal"},{"@type":"BreadcrumbList","@id":"https:\/\/blog.olimar.de\/atlantic-beach-clean-up-tour-durch-spanien-und-portugal-station-nordportugal\/#breadcrumb","itemListElement":[{"@type":"ListItem","position":1,"name":"Home","item":"https:\/\/blog.olimar.de\/"},{"@type":"ListItem","position":2,"name":"nachhaltigkeit","item":"https:\/\/blog.olimar.de\/tag\/nachhaltigkeit\/"},{"@type":"ListItem","position":3,"name":"Atlantic Beach Clean-Up Tour durch Spanien und Portugal, Station Nordportugal"}]},{"@type":"WebSite","@id":"https:\/\/blog.olimar.de\/#website","url":"https:\/\/blog.olimar.de\/","name":"OLIMAR.com","description":"","publisher":{"@id":"https:\/\/blog.olimar.de\/#organization"},"potentialAction":[{"@type":"SearchAction","target":{"@type":"EntryPoint","urlTemplate":"https:\/\/blog.olimar.de\/?s={search_term_string}"},"query-input":{"@type":"PropertyValueSpecification","valueRequired":true,"valueName":"search_term_string"}}],"inLanguage":"de"},{"@type":"Organization","@id":"https:\/\/blog.olimar.de\/#organization","name":"OLIMAR Reisen","url":"https:\/\/blog.olimar.de\/","logo":{"@type":"ImageObject","inLanguage":"de","@id":"https:\/\/blog.olimar.de\/#\/schema\/logo\/image\/","url":"https:\/\/blog.olimar.de\/wp-content\/uploads\/2021\/01\/OLIMAR_Logo_COLOR.png","contentUrl":"https:\/\/blog.olimar.de\/wp-content\/uploads\/2021\/01\/OLIMAR_Logo_COLOR.png","width":2000,"height":986,"caption":"OLIMAR Reisen"},"image":{"@id":"https:\/\/blog.olimar.de\/#\/schema\/logo\/image\/"},"sameAs":["https:\/\/www.facebook.com\/OlimarReisen","https:\/\/x.com\/olimarrreisen","https:\/\/www.instagram.com\/olimarreisen","https:\/\/www.youtube.com\/user\/olimarreisen"]}]}},"modified_by":"Frank N\u00fcrnberger","jetpack_featured_media_url":"https:\/\/blog.olimar.de\/wp-content\/uploads\/2019\/09\/EvaPortugalCostaNova4.jpg","_links":{"self":[{"href":"https:\/\/blog.olimar.de\/wp-json\/wp\/v2\/posts\/12091","targetHints":{"allow":["GET"]}}],"collection":[{"href":"https:\/\/blog.olimar.de\/wp-json\/wp\/v2\/posts"}],"about":[{"href":"https:\/\/blog.olimar.de\/wp-json\/wp\/v2\/types\/post"}],"author":[{"embeddable":true,"href":"https:\/\/blog.olimar.de\/wp-json\/wp\/v2\/users\/9"}],"replies":[{"embeddable":true,"href":"https:\/\/blog.olimar.de\/wp-json\/wp\/v2\/comments?post=12091"}],"version-history":[{"count":21,"href":"https:\/\/blog.olimar.de\/wp-json\/wp\/v2\/posts\/12091\/revisions"}],"predecessor-version":[{"id":27042,"href":"https:\/\/blog.olimar.de\/wp-json\/wp\/v2\/posts\/12091\/revisions\/27042"}],"wp:featuredmedia":[{"embeddable":true,"href":"https:\/\/blog.olimar.de\/wp-json\/wp\/v2\/media\/12100"}],"wp:attachment":[{"href":"https:\/\/blog.olimar.de\/wp-json\/wp\/v2\/media?parent=12091"}],"wp:term":[{"taxonomy":"category","embeddable":true,"href":"https:\/\/blog.olimar.de\/wp-json\/wp\/v2\/categories?post=12091"},{"taxonomy":"post_tag","embeddable":true,"href":"https:\/\/blog.olimar.de\/wp-json\/wp\/v2\/tags?post=12091"}],"curies":[{"name":"wp","href":"https:\/\/api.w.org\/{rel}","templated":true}]}}