{"id":12168,"date":"2019-09-27T16:07:51","date_gmt":"2019-09-27T14:07:51","guid":{"rendered":"https:\/\/blog.olimar.de\/?p=12168"},"modified":"2022-11-15T08:05:47","modified_gmt":"2022-11-15T07:05:47","slug":"comporta","status":"publish","type":"post","link":"https:\/\/blog.olimar.de\/comporta\/","title":{"rendered":"Comporta: Portugals neuer Hotspot"},"content":{"rendered":"\n<p><strong>An der K\u00fcste des&nbsp;<a href=\"https:\/\/www.olimar.de\/portugal\/alentejo\/\">Alentejo<\/a>, eine gute Autostunde s\u00fcdlich von&nbsp;<a href=\"https:\/\/www.olimar.de\/portugal\/metropolen\/lissabon\/\" rel=\"noreferrer noopener\" aria-label=\"Lissabon (opens in a new tab)\">Lissabon<\/a>&nbsp;entfernt, gibt es eine fast unentdeckte Landschaft mit unber\u00fchrte Natur und rund 60 (!) Kilometern langen feinsandigen Str\u00e4nden. Wie ist das m\u00f6glich? Der K\u00fcstenabschnitt mit sieben D\u00f6rfern, Pinienw\u00e4ldern, Weinanbau, S\u00fcmpfen, D\u00fcnen und paradiesischen Str\u00e4nden war zuvor im Privatbesitz der gr\u00f6\u00dften Bankiersfamilie Portugals, Esp\u00edrito Santo. Nachdem diese insolvent geworden war, wird die Landschaft nach und nach unter Umweltauflagen erschlossen.<\/strong><\/p>\n\n\n\n<div class=\"wp-block-buttons is-layout-flex wp-block-buttons-is-layout-flex\">\n<div class=\"wp-block-button\"><a class=\"wp-block-button__link\" href=\"https:\/\/www.olimar.de\/portugal\/alentejo\/\">Alentejo Reiseangebote und Hoteltipps entdecken<\/a><\/div>\n<\/div>\n\n\n\n<h2>Ruhig und naturbelassen &#8211; der Strand von Comporta<\/h2>\n<p>Ein gro\u00dfer Teil rund um Comporta und das Flussdelta des Sado ist Naturreservat. \u00dcber 100 seltene und gesch\u00fctzte Tierarten \u2013 V\u00f6gel, Tigerfische, S\u00fc\u00dfwasserdelfine und Wale &#8211; sind hier zu Hause. Deshalb f\u00fchren auch Sandwege, anstatt asphaltierte Autobahnen durch die Landschaft. Zudem fahren Reisende, sowie Einheimische mit dem Fahrrad zum wei\u00dfen Strand.<\/p>\n<p>In Comporta erwartet Dich, vor allem Ruhe und Natur pur. Selbst im Sommer, wenn sich gef\u00fchlt halb Lissabon ins Auto setzt und mit K\u00fchltaschen und Sonnenschirmen ausger\u00fcstet, an die kilometerlangen Str\u00e4nde f\u00e4hrt, bleibt Abstand gewahrt.<\/p>\n\n\n\n<h2>Prominente Comporta Fans dank Entschleunigung<\/h2>\n<p>Hippes Nightlife, glamour\u00f6se Edelboutiquen oder preisgekr\u00f6nte Hotels wirst Du in Comporta nicht finden. Auf dem Marktplatz sitzen, nach wie vor die Dorf\u00e4ltesten und trinken Kaffee. Und das nur beobachtet von den vielen St\u00f6rchen, die hier auf D\u00e4chern und Schornsteine nisten.<\/p>\n\n\n\n<figure class=\"wp-block-image\"><img loading=\"lazy\" decoding=\"async\" width=\"683\" height=\"1024\" src=\"https:\/\/blog.olimar.de\/wp-content\/uploads\/2019\/09\/PT-Alentejo-PraiadaComporta-c-FN03840-683x1024.jpg\" alt=\"Steg Strand Comporta\" class=\"wp-image-12172\" srcset=\"https:\/\/blog.olimar.de\/wp-content\/uploads\/2019\/09\/PT-Alentejo-PraiadaComporta-c-FN03840-683x1024.jpg 683w, https:\/\/blog.olimar.de\/wp-content\/uploads\/2019\/09\/PT-Alentejo-PraiadaComporta-c-FN03840-200x300.jpg 200w, https:\/\/blog.olimar.de\/wp-content\/uploads\/2019\/09\/PT-Alentejo-PraiadaComporta-c-FN03840.jpg 720w\" sizes=\"auto, (max-width: 683px) 100vw, 683px\" \/><figcaption>Steg zum Strand<\/figcaption><\/figure>\n\n\n\n<p>Das entspannte Nichtstun in der wundersch\u00f6nen Abgeschiedenheit hat bereits den einen oder anderen Prominenten in die Gegend gelockt. Maler Anselm Kiefer, Schuhdesigner Christian Louboutin, die Cinzano-Familie und Caroline von Hannover, haben in oder um Comporta ein Landgut. Und auch Popstar Madonna, soll ab und an per Helikopter zum Reiten am Strand angeflogen kommen. Trotzdem reiht sich an der K\u00fcste keine millionenschwere Villa neben der anderen. Weil innerhalb eines Kilometers zum Meer darf nicht gebaut werden. Reetgedeckte kleine H\u00e4user, meist eingerichtet im l\u00e4ssigen Boho-Stil, pr\u00e4gen bis heute das Ortsbild und spiegeln den unbeschwerten Lebensstil wider. Comporta hat dadurch auch den Spitznamen \u201eIbiza von Portugal\u201c. Comporta-Kenner, Carlos Souza fasst die Sch\u00f6nheit der Einfachheit in seinem Buch \u201eComporta Bliss\u201c zusammen.<\/p>\n\n\n\n<h2>Hervorragend genie\u00dfen &#8211; Kulinarik-Tipps f\u00fcr Comporta<\/h2>\n<p>Frische Meeresfr\u00fcchte und \u201eHerdade da Comporta\u201c, eisgek\u00fchlten Wei\u00dfwein \u2013 zu erkennen an einem Storch auf dem Etikett &#8211; bekommen Sie in Comporta \u00fcberall. Zum Beispiel im \u201eMuseu do Arroz\u201c, einem ehemaligen Lagerhaus direkt an den Reisfeldern, oder im Strandlokal \u201eO Dinis\u201c mit Blick auf den Atlantik und Sand an den F\u00fc\u00dfen. Ab dem sp\u00e4ten Nachmittag ist das \u201eSal\u201c an der Praia de P\u00eago Treffpunkt f\u00fcr einen Sundowner, im Sommer sogar mit Musik von DJs aus aller Welt.<\/p>\n\n\n\n<figure class=\"wp-block-image\"><img loading=\"lazy\" decoding=\"async\" width=\"1024\" height=\"683\" src=\"https:\/\/blog.olimar.de\/wp-content\/uploads\/2019\/09\/PT-Alentejo-PraiadaComporta-c-FN03842-1024x683.jpg\" alt=\"Strandbar Comporta\" class=\"wp-image-12174\" srcset=\"https:\/\/blog.olimar.de\/wp-content\/uploads\/2019\/09\/PT-Alentejo-PraiadaComporta-c-FN03842-1024x683.jpg 1024w, https:\/\/blog.olimar.de\/wp-content\/uploads\/2019\/09\/PT-Alentejo-PraiadaComporta-c-FN03842-300x200.jpg 300w, https:\/\/blog.olimar.de\/wp-content\/uploads\/2019\/09\/PT-Alentejo-PraiadaComporta-c-FN03842-768x512.jpg 768w, https:\/\/blog.olimar.de\/wp-content\/uploads\/2019\/09\/PT-Alentejo-PraiadaComporta-c-FN03842-840x560.jpg 840w, https:\/\/blog.olimar.de\/wp-content\/uploads\/2019\/09\/PT-Alentejo-PraiadaComporta-c-FN03842-1200x800.jpg 1200w, https:\/\/blog.olimar.de\/wp-content\/uploads\/2019\/09\/PT-Alentejo-PraiadaComporta-c-FN03842.jpg 1619w\" sizes=\"auto, (max-width: 1024px) 100vw, 1024px\" \/><figcaption>Strandbar <\/figcaption><\/figure>\n\n\n\n<figure class=\"wp-block-image\"><img loading=\"lazy\" decoding=\"async\" width=\"1024\" height=\"676\" src=\"https:\/\/blog.olimar.de\/wp-content\/uploads\/2019\/09\/PT-Alentejo-PraiadaComporta-c-FN03861-1024x676.jpg\" alt=\"Platz mit Sand unter den F\u00fc\u00dfen und Meeresblick in Comporta\" class=\"wp-image-12175\" srcset=\"https:\/\/blog.olimar.de\/wp-content\/uploads\/2019\/09\/PT-Alentejo-PraiadaComporta-c-FN03861-1024x676.jpg 1024w, https:\/\/blog.olimar.de\/wp-content\/uploads\/2019\/09\/PT-Alentejo-PraiadaComporta-c-FN03861-300x198.jpg 300w, https:\/\/blog.olimar.de\/wp-content\/uploads\/2019\/09\/PT-Alentejo-PraiadaComporta-c-FN03861-768x507.jpg 768w, https:\/\/blog.olimar.de\/wp-content\/uploads\/2019\/09\/PT-Alentejo-PraiadaComporta-c-FN03861.jpg 1636w\" sizes=\"auto, (max-width: 1024px) 100vw, 1024px\" \/><figcaption>Platz mit Sand unter den F\u00fc\u00dfen und Meeresblick <\/figcaption><\/figure>\n\n\n\n<p>Nutze Deinen Urlaub im quirligen Lissabon, f\u00fcr einen Tagesausflug ins entspannte Comporta. Wenn Du von Set\u00fabal aus die F\u00e4hre nach Troia nimmst, sparst Du etwas Fahrzeit und kannst Dir eine Brise Atlantik um die Nase wehen lassen. Von Set\u00fabal aus hast Du die M\u00f6glichkeit, eine Katamarantour in das Naturreservat Sado Estuary zu unternehmen, bei der Du &#8211; fast mit Garantie &#8211; T\u00fcmmler sehen kannst &#8211; ein wundersch\u00f6nes und beeindruckendes Erlebnis!<\/p>\n\n\n\n<div class=\"wp-block-buttons is-layout-flex wp-block-buttons-is-layout-flex\">\n<div class=\"wp-block-button\"><a class=\"wp-block-button__link\" href=\"https:\/\/www.olimar.de\/hotellistung\/\">Jetzt Urlaubsangebote finden und buchen<\/a><\/div>\n<\/div>\n\n\n\n<div style=\"height:50px\" aria-hidden=\"true\" class=\"wp-block-spacer\"><\/div>\n","protected":false},"excerpt":{"rendered":"<p>An der K\u00fcste des&nbsp;Alentejo, eine gute Autostunde s\u00fcdlich von&nbsp;Lissabon&nbsp;entfernt, gibt es eine fast unentdeckte Landschaft mit unber\u00fchrte Natur und rund 60 (!) Kilometern langen feinsandigen Str\u00e4nden. Wie ist das m\u00f6glich? Der K\u00fcstenabschnitt mit sieben D\u00f6rfern, Pinienw\u00e4ldern, Weinanbau, S\u00fcmpfen, D\u00fcnen und paradiesischen Str\u00e4nden war zuvor im Privatbesitz der gr\u00f6\u00dften Bankiersfamilie Portugals, Esp\u00edrito Santo. Nachdem diese insolvent geworden war, wird die Landschaft nach und nach unter Umweltauflagen erschlossen. Ruhig und naturbelassen &#8211; der Strand von Comporta Ein gro\u00dfer Teil rund um Comporta und das Flussdelta des Sado ist Naturreservat. \u00dcber 100 seltene und gesch\u00fctzte Tierarten \u2013 V\u00f6gel, Tigerfische, S\u00fc\u00dfwasserdelfine und Wale &#8211; sind &hellip;<\/p>\n","protected":false},"author":9,"featured_media":12171,"comment_status":"open","ping_status":"open","sticky":false,"template":"","format":"standard","meta":{"_crdt_document":"","_lmt_disableupdate":"","_lmt_disable":"","footnotes":""},"categories":[31],"tags":[22,34],"class_list":["post-12168","post","type-post","status-publish","format-standard","has-post-thumbnail","hentry","category-land-leute","tag-alentejo","tag-portugal"],"yoast_head":"<!-- This site is optimized with the Yoast SEO plugin v26.9 - https:\/\/yoast.com\/product\/yoast-seo-wordpress\/ -->\n<title>Comporta: Portugals neuer Hotspot -<\/title>\n<meta name=\"description\" content=\"Der Strand von Comporta gilt als neuer Hotspot an Portugals K\u00fcste! Es erwarten Sie ein rund 60 km langer Sandstrand und viel Ruhe und Natur.\" \/>\n<meta name=\"robots\" content=\"index, follow, max-snippet:-1, max-image-preview:large, max-video-preview:-1\" \/>\n<link rel=\"canonical\" href=\"https:\/\/blog.olimar.de\/comporta\/\" \/>\n<meta property=\"og:locale\" content=\"de_DE\" \/>\n<meta property=\"og:type\" content=\"article\" \/>\n<meta property=\"og:title\" content=\"Comporta: Portugals neuer Hotspot -\" \/>\n<meta property=\"og:description\" content=\"Der Strand von Comporta gilt als neuer Hotspot an Portugals K\u00fcste! Es erwarten Sie ein rund 60 km langer Sandstrand und viel Ruhe und Natur.\" \/>\n<meta property=\"og:url\" content=\"https:\/\/blog.olimar.de\/comporta\/\" \/>\n<meta property=\"article:publisher\" content=\"https:\/\/www.facebook.com\/OlimarReisen\" \/>\n<meta property=\"article:published_time\" content=\"2019-09-27T14:07:51+00:00\" \/>\n<meta property=\"article:modified_time\" content=\"2022-11-15T07:05:47+00:00\" \/>\n<meta property=\"og:image\" content=\"https:\/\/blog.olimar.de\/wp-content\/uploads\/2019\/09\/PT-Alentejo-PraiadaComporta-c-FN03852.jpg\" \/>\n\t<meta property=\"og:image:width\" content=\"1619\" \/>\n\t<meta property=\"og:image:height\" content=\"1080\" \/>\n\t<meta property=\"og:image:type\" content=\"image\/jpeg\" \/>\n<meta name=\"author\" content=\"OLIMAR Redaktionsteam\" \/>\n<meta name=\"twitter:label1\" content=\"Verfasst von\" \/>\n\t<meta name=\"twitter:data1\" content=\"OLIMAR Redaktionsteam\" \/>\n\t<meta name=\"twitter:label2\" content=\"Gesch\u00e4tzte Lesezeit\" \/>\n\t<meta name=\"twitter:data2\" content=\"4\u00a0Minuten\" \/>\n<script type=\"application\/ld+json\" class=\"yoast-schema-graph\">{\"@context\":\"https:\/\/schema.org\",\"@graph\":[{\"@type\":\"WebPage\",\"@id\":\"https:\/\/blog.olimar.de\/comporta\/\",\"url\":\"https:\/\/blog.olimar.de\/comporta\/\",\"name\":\"Comporta: Portugals neuer Hotspot -\",\"isPartOf\":{\"@id\":\"https:\/\/blog.olimar.de\/#website\"},\"primaryImageOfPage\":{\"@id\":\"https:\/\/blog.olimar.de\/comporta\/#primaryimage\"},\"image\":{\"@id\":\"https:\/\/blog.olimar.de\/comporta\/#primaryimage\"},\"thumbnailUrl\":\"https:\/\/blog.olimar.de\/wp-content\/uploads\/2019\/09\/PT-Alentejo-PraiadaComporta-c-FN03852.jpg\",\"datePublished\":\"2019-09-27T14:07:51+00:00\",\"dateModified\":\"2022-11-15T07:05:47+00:00\",\"description\":\"Der Strand von Comporta gilt als neuer Hotspot an Portugals K\u00fcste! Es erwarten Sie ein rund 60 km langer Sandstrand und viel Ruhe und Natur.\",\"breadcrumb\":{\"@id\":\"https:\/\/blog.olimar.de\/comporta\/#breadcrumb\"},\"inLanguage\":\"de\",\"potentialAction\":[{\"@type\":\"ReadAction\",\"target\":[\"https:\/\/blog.olimar.de\/comporta\/\"]}]},{\"@type\":\"ImageObject\",\"inLanguage\":\"de\",\"@id\":\"https:\/\/blog.olimar.de\/comporta\/#primaryimage\",\"url\":\"https:\/\/blog.olimar.de\/wp-content\/uploads\/2019\/09\/PT-Alentejo-PraiadaComporta-c-FN03852.jpg\",\"contentUrl\":\"https:\/\/blog.olimar.de\/wp-content\/uploads\/2019\/09\/PT-Alentejo-PraiadaComporta-c-FN03852.jpg\",\"width\":1619,\"height\":1080,\"caption\":\"Strand von Comporta\"},{\"@type\":\"BreadcrumbList\",\"@id\":\"https:\/\/blog.olimar.de\/comporta\/#breadcrumb\",\"itemListElement\":[{\"@type\":\"ListItem\",\"position\":1,\"name\":\"Home\",\"item\":\"https:\/\/blog.olimar.de\/\"},{\"@type\":\"ListItem\",\"position\":2,\"name\":\"Alentejo\",\"item\":\"https:\/\/blog.olimar.de\/tag\/alentejo\/\"},{\"@type\":\"ListItem\",\"position\":3,\"name\":\"Comporta: Portugals neuer Hotspot\"}]},{\"@type\":\"WebSite\",\"@id\":\"https:\/\/blog.olimar.de\/#website\",\"url\":\"https:\/\/blog.olimar.de\/\",\"name\":\"OLIMAR.com\",\"description\":\"\",\"publisher\":{\"@id\":\"https:\/\/blog.olimar.de\/#organization\"},\"potentialAction\":[{\"@type\":\"SearchAction\",\"target\":{\"@type\":\"EntryPoint\",\"urlTemplate\":\"https:\/\/blog.olimar.de\/?s={search_term_string}\"},\"query-input\":{\"@type\":\"PropertyValueSpecification\",\"valueRequired\":true,\"valueName\":\"search_term_string\"}}],\"inLanguage\":\"de\"},{\"@type\":\"Organization\",\"@id\":\"https:\/\/blog.olimar.de\/#organization\",\"name\":\"OLIMAR Reisen\",\"url\":\"https:\/\/blog.olimar.de\/\",\"logo\":{\"@type\":\"ImageObject\",\"inLanguage\":\"de\",\"@id\":\"https:\/\/blog.olimar.de\/#\/schema\/logo\/image\/\",\"url\":\"https:\/\/blog.olimar.de\/wp-content\/uploads\/2021\/01\/OLIMAR_Logo_COLOR.png\",\"contentUrl\":\"https:\/\/blog.olimar.de\/wp-content\/uploads\/2021\/01\/OLIMAR_Logo_COLOR.png\",\"width\":2000,\"height\":986,\"caption\":\"OLIMAR Reisen\"},\"image\":{\"@id\":\"https:\/\/blog.olimar.de\/#\/schema\/logo\/image\/\"},\"sameAs\":[\"https:\/\/www.facebook.com\/OlimarReisen\",\"https:\/\/x.com\/olimarrreisen\",\"https:\/\/www.instagram.com\/olimarreisen\",\"https:\/\/www.youtube.com\/user\/olimarreisen\"]}]}<\/script>\n<!-- \/ Yoast SEO plugin. -->","yoast_head_json":{"title":"Comporta: Portugals neuer Hotspot -","description":"Der Strand von Comporta gilt als neuer Hotspot an Portugals K\u00fcste! Es erwarten Sie ein rund 60 km langer Sandstrand und viel Ruhe und Natur.","robots":{"index":"index","follow":"follow","max-snippet":"max-snippet:-1","max-image-preview":"max-image-preview:large","max-video-preview":"max-video-preview:-1"},"canonical":"https:\/\/blog.olimar.de\/comporta\/","og_locale":"de_DE","og_type":"article","og_title":"Comporta: Portugals neuer Hotspot -","og_description":"Der Strand von Comporta gilt als neuer Hotspot an Portugals K\u00fcste! Es erwarten Sie ein rund 60 km langer Sandstrand und viel Ruhe und Natur.","og_url":"https:\/\/blog.olimar.de\/comporta\/","article_publisher":"https:\/\/www.facebook.com\/OlimarReisen","article_published_time":"2019-09-27T14:07:51+00:00","article_modified_time":"2022-11-15T07:05:47+00:00","og_image":[{"width":1619,"height":1080,"url":"https:\/\/blog.olimar.de\/wp-content\/uploads\/2019\/09\/PT-Alentejo-PraiadaComporta-c-FN03852.jpg","type":"image\/jpeg"}],"author":"OLIMAR Redaktionsteam","twitter_misc":{"Verfasst von":"OLIMAR Redaktionsteam","Gesch\u00e4tzte Lesezeit":"4\u00a0Minuten"},"schema":{"@context":"https:\/\/schema.org","@graph":[{"@type":"WebPage","@id":"https:\/\/blog.olimar.de\/comporta\/","url":"https:\/\/blog.olimar.de\/comporta\/","name":"Comporta: Portugals neuer Hotspot -","isPartOf":{"@id":"https:\/\/blog.olimar.de\/#website"},"primaryImageOfPage":{"@id":"https:\/\/blog.olimar.de\/comporta\/#primaryimage"},"image":{"@id":"https:\/\/blog.olimar.de\/comporta\/#primaryimage"},"thumbnailUrl":"https:\/\/blog.olimar.de\/wp-content\/uploads\/2019\/09\/PT-Alentejo-PraiadaComporta-c-FN03852.jpg","datePublished":"2019-09-27T14:07:51+00:00","dateModified":"2022-11-15T07:05:47+00:00","description":"Der Strand von Comporta gilt als neuer Hotspot an Portugals K\u00fcste! Es erwarten Sie ein rund 60 km langer Sandstrand und viel Ruhe und Natur.","breadcrumb":{"@id":"https:\/\/blog.olimar.de\/comporta\/#breadcrumb"},"inLanguage":"de","potentialAction":[{"@type":"ReadAction","target":["https:\/\/blog.olimar.de\/comporta\/"]}]},{"@type":"ImageObject","inLanguage":"de","@id":"https:\/\/blog.olimar.de\/comporta\/#primaryimage","url":"https:\/\/blog.olimar.de\/wp-content\/uploads\/2019\/09\/PT-Alentejo-PraiadaComporta-c-FN03852.jpg","contentUrl":"https:\/\/blog.olimar.de\/wp-content\/uploads\/2019\/09\/PT-Alentejo-PraiadaComporta-c-FN03852.jpg","width":1619,"height":1080,"caption":"Strand von Comporta"},{"@type":"BreadcrumbList","@id":"https:\/\/blog.olimar.de\/comporta\/#breadcrumb","itemListElement":[{"@type":"ListItem","position":1,"name":"Home","item":"https:\/\/blog.olimar.de\/"},{"@type":"ListItem","position":2,"name":"Alentejo","item":"https:\/\/blog.olimar.de\/tag\/alentejo\/"},{"@type":"ListItem","position":3,"name":"Comporta: Portugals neuer Hotspot"}]},{"@type":"WebSite","@id":"https:\/\/blog.olimar.de\/#website","url":"https:\/\/blog.olimar.de\/","name":"OLIMAR.com","description":"","publisher":{"@id":"https:\/\/blog.olimar.de\/#organization"},"potentialAction":[{"@type":"SearchAction","target":{"@type":"EntryPoint","urlTemplate":"https:\/\/blog.olimar.de\/?s={search_term_string}"},"query-input":{"@type":"PropertyValueSpecification","valueRequired":true,"valueName":"search_term_string"}}],"inLanguage":"de"},{"@type":"Organization","@id":"https:\/\/blog.olimar.de\/#organization","name":"OLIMAR Reisen","url":"https:\/\/blog.olimar.de\/","logo":{"@type":"ImageObject","inLanguage":"de","@id":"https:\/\/blog.olimar.de\/#\/schema\/logo\/image\/","url":"https:\/\/blog.olimar.de\/wp-content\/uploads\/2021\/01\/OLIMAR_Logo_COLOR.png","contentUrl":"https:\/\/blog.olimar.de\/wp-content\/uploads\/2021\/01\/OLIMAR_Logo_COLOR.png","width":2000,"height":986,"caption":"OLIMAR Reisen"},"image":{"@id":"https:\/\/blog.olimar.de\/#\/schema\/logo\/image\/"},"sameAs":["https:\/\/www.facebook.com\/OlimarReisen","https:\/\/x.com\/olimarrreisen","https:\/\/www.instagram.com\/olimarreisen","https:\/\/www.youtube.com\/user\/olimarreisen"]}]}},"modified_by":"Lena Radermacher","jetpack_featured_media_url":"https:\/\/blog.olimar.de\/wp-content\/uploads\/2019\/09\/PT-Alentejo-PraiadaComporta-c-FN03852.jpg","_links":{"self":[{"href":"https:\/\/blog.olimar.de\/wp-json\/wp\/v2\/posts\/12168","targetHints":{"allow":["GET"]}}],"collection":[{"href":"https:\/\/blog.olimar.de\/wp-json\/wp\/v2\/posts"}],"about":[{"href":"https:\/\/blog.olimar.de\/wp-json\/wp\/v2\/types\/post"}],"author":[{"embeddable":true,"href":"https:\/\/blog.olimar.de\/wp-json\/wp\/v2\/users\/9"}],"replies":[{"embeddable":true,"href":"https:\/\/blog.olimar.de\/wp-json\/wp\/v2\/comments?post=12168"}],"version-history":[{"count":16,"href":"https:\/\/blog.olimar.de\/wp-json\/wp\/v2\/posts\/12168\/revisions"}],"predecessor-version":[{"id":21000,"href":"https:\/\/blog.olimar.de\/wp-json\/wp\/v2\/posts\/12168\/revisions\/21000"}],"wp:featuredmedia":[{"embeddable":true,"href":"https:\/\/blog.olimar.de\/wp-json\/wp\/v2\/media\/12171"}],"wp:attachment":[{"href":"https:\/\/blog.olimar.de\/wp-json\/wp\/v2\/media?parent=12168"}],"wp:term":[{"taxonomy":"category","embeddable":true,"href":"https:\/\/blog.olimar.de\/wp-json\/wp\/v2\/categories?post=12168"},{"taxonomy":"post_tag","embeddable":true,"href":"https:\/\/blog.olimar.de\/wp-json\/wp\/v2\/tags?post=12168"}],"curies":[{"name":"wp","href":"https:\/\/api.w.org\/{rel}","templated":true}]}}