{"id":12187,"date":"2019-10-02T12:41:24","date_gmt":"2019-10-02T10:41:24","guid":{"rendered":"https:\/\/blog.olimar.de\/?p=12187"},"modified":"2023-11-07T13:47:53","modified_gmt":"2023-11-07T12:47:53","slug":"porto-santo-urlaub-2020","status":"publish","type":"post","link":"https:\/\/blog.olimar.de\/porto-santo-urlaub-2020\/","title":{"rendered":"Porto Santo 2020 &#8211; der OLIMAR Vollcharter hebt ab ins siebte Flugjahr"},"content":{"rendered":"\n<p><strong>Was im Jahr 2014 noch als gro\u00dfes Experiment gestartet ist, hat sich mittlerweile etabliert und ist bei uns sowie bei vielen OLIMAR Stammkunden und Reiseb\u00fcropartnern nur noch schwer wegzudenken: Der Nonstop-Vollcharter auf Portugals einzigartiges Inselparadies&nbsp;<a href=\"https:\/\/www.olimar.de\/portugal\/porto-santo\/\" rel=\"noreferrer noopener\" aria-label=\"Porto Santo (opens in a new tab)\">Porto Santo<\/a>&nbsp;wird auch im kommenden Jahr w\u00f6chentlich ab K\u00f6ln-Bonn abheben.<\/strong><\/p>\n\n\n\n<div class=\"wp-block-buttons is-layout-flex wp-block-buttons-is-layout-flex\">\n<div class=\"wp-block-button\"><a class=\"wp-block-button__link wp-element-button\" href=\"https:\/\/www.olimar.de\/portugal\/porto-santo\/\">Porto Santo Reiseangebote und Hoteltipps entdecken<\/a><\/div>\n<\/div>\n\n\n\n<div style=\"height:25px\" aria-hidden=\"true\" class=\"wp-block-spacer\"><\/div>\n\n\n\n<p class=\"wp-block-paragraph\">Zwischen dem 9. Mai und 24. Oktober 2020 startet die Eurowings-Maschine jeden Samstagmorgen ihren rund 4-st\u00fcndigen Flug auf die portugiesische Atlantikinsel Porto Santo. Und bereits eine halbe Stunde sp\u00e4ter k\u00f6nnen die OLIMAR Reiseg\u00e4ste dank des Transfers und der kurzen Wege auf der kleinen Insel bereits am Hotelstrand in den Urlaubs- und Entspannungsmodus wechseln. <\/p>\n\n\n<div class=\"wp-block-image\">\n<figure class=\"aligncenter is-resized\"><img loading=\"lazy\" decoding=\"async\" width=\"531\" height=\"531\" src=\"https:\/\/blog.olimar.de\/wp-content\/uploads\/2019\/10\/PT-PXO-Minimap-RGB.jpg\" alt=\"Lage von Porto Santo im Atlantik\" class=\"wp-image-12240\" style=\"width:355px;height:355px\" srcset=\"https:\/\/blog.olimar.de\/wp-content\/uploads\/2019\/10\/PT-PXO-Minimap-RGB.jpg 531w, https:\/\/blog.olimar.de\/wp-content\/uploads\/2019\/10\/PT-PXO-Minimap-RGB-150x150.jpg 150w, https:\/\/blog.olimar.de\/wp-content\/uploads\/2019\/10\/PT-PXO-Minimap-RGB-300x300.jpg 300w, https:\/\/blog.olimar.de\/wp-content\/uploads\/2019\/10\/PT-PXO-Minimap-RGB-120x120.jpg 120w\" sizes=\"auto, (max-width: 531px) 100vw, 531px\" \/><\/figure>\n<\/div>\n\n\n<figure class=\"wp-block-image\"><img loading=\"lazy\" decoding=\"async\" width=\"1024\" height=\"768\" src=\"https:\/\/blog.olimar.de\/wp-content\/uploads\/2019\/10\/IMG_9682-1024x768.jpg\" alt=\"Porto Santos Traumstrand\" class=\"wp-image-12227\" srcset=\"https:\/\/blog.olimar.de\/wp-content\/uploads\/2019\/10\/IMG_9682-1024x768.jpg 1024w, https:\/\/blog.olimar.de\/wp-content\/uploads\/2019\/10\/IMG_9682-300x225.jpg 300w, https:\/\/blog.olimar.de\/wp-content\/uploads\/2019\/10\/IMG_9682-768x576.jpg 768w\" sizes=\"auto, (max-width: 1024px) 100vw, 1024px\" \/><\/figure>\n\n\n\n<h2 class=\"wp-block-heading\"><strong>Urlaub auf Porto Santo: 100 Prozent Geheimtipp &#8211; Null Prozent Stress<\/strong> <\/h2>\n\n\n\n<p class=\"wp-block-paragraph\">Denn genau das ist der gro\u00dfe Pluspunkt von Porto Santo, den unsere G\u00e4ste und wir selber so sehr lieben: Der 9 km lange Traumstrand ist jederzeit pr\u00e4sent und die (Fu\u00df-)Wege zwischen Hotel, Strand, Restaurants und eigentlich allem sind ph\u00e4nomenal kurz.  Das macht den Urlaub auf der idyllischen Insel Porto Santo so einzigartig erholsam und v\u00f6llig stressfrei. Und genau aus diesem Grund kehren so viele Urlauber auch Jahr f\u00fcr Jahr begeistert zur\u00fcck auf die Insel und empfehlen Porto Santo als Geheimtipp ihren Freunden und Bekannten weiter. Daher freuen wir uns um so mehr \u00fcber die Fortf\u00fchrung des deutschlandweit einzigen Nonstop-Flugservices auf die Insel in 2020.<\/p>\n\n\n\n<h2 class=\"wp-block-heading\"><strong>Perfekte Flugzeiten zwischen K\u00f6ln und Porto Santo<\/strong><\/h2>\n\n\n\n<p class=\"wp-block-paragraph\">\u00dcbrigens sind im kommenden Jahr auch die Flugzeiten sehr entspannt: Der Hinflug ab K\u00f6ln-Bonn startet um 06 Uhr und landet um 09:05 Ortszeit. Zur\u00fcck geht&#8217;s eine Woche sp\u00e4ter um 09:50 Uhr, sodass die Urlauber nach rund 4 Stunden Flugzeit um 14:45 Uhr Ortszeit in K\u00f6ln ankommen. <\/p>\n\n\n\n<h2 class=\"wp-block-heading\"><strong>Porto Santo &#8211; Traumstrand und so viel mehr<\/strong><\/h2>\n\n\n\n<p class=\"wp-block-paragraph\">Auch Urlauber, die im Urlaub mehr Abwechslung ben\u00f6tigen als morgens, mittags und abends am niemals \u00fcberf\u00fcllten Traumstrand zu liegen, spazieren oder zu baden werden sich auf Porto Santo \u00fcbrigens sehr wohl f\u00fchlen: <a href=\"https:\/\/blog.olimar.de\/aktivurlaub-porto-santo\/\">Im Wassersportbereich l\u00e4sst die Insel kaum W\u00fcnsche offen.<\/a> Ob Wellenreiten, Windsurfen, Tauchen, Segeln, Jetski, Kajakfahren, Kiten oder Hochseeangeln &#8211; die Anbieter vor Ort, allen voran die On Water Academy, stehen mit umfangreicher Ausr\u00fcstung, Guides und Lehrern bereit.<\/p>\n\n\n\n<figure class=\"wp-block-gallery has-nested-images columns-default is-cropped wp-block-gallery-1 is-layout-flex wp-block-gallery-is-layout-flex\">\n<figure class=\"wp-block-image size-large\"><img loading=\"lazy\" decoding=\"async\" width=\"1000\" height=\"786\" data-id=\"12228\" src=\"https:\/\/blog.olimar.de\/wp-content\/uploads\/2019\/10\/PT-PortoSanto-StandUpPaddleA-OWA.jpg\" alt=\"Stand Up Paddling Porto Santo\" class=\"wp-image-12228\" srcset=\"https:\/\/blog.olimar.de\/wp-content\/uploads\/2019\/10\/PT-PortoSanto-StandUpPaddleA-OWA.jpg 1000w, https:\/\/blog.olimar.de\/wp-content\/uploads\/2019\/10\/PT-PortoSanto-StandUpPaddleA-OWA-300x236.jpg 300w, https:\/\/blog.olimar.de\/wp-content\/uploads\/2019\/10\/PT-PortoSanto-StandUpPaddleA-OWA-768x604.jpg 768w\" sizes=\"auto, (max-width: 1000px) 100vw, 1000px\" \/><\/figure>\n\n\n\n<figure class=\"wp-block-image size-large\"><img loading=\"lazy\" decoding=\"async\" width=\"1000\" height=\"701\" data-id=\"12229\" src=\"https:\/\/blog.olimar.de\/wp-content\/uploads\/2019\/10\/PT-PortoSanto-SurfA-OWA.jpg\" alt=\"Windsurfen Porto Santo\" class=\"wp-image-12229\" srcset=\"https:\/\/blog.olimar.de\/wp-content\/uploads\/2019\/10\/PT-PortoSanto-SurfA-OWA.jpg 1000w, https:\/\/blog.olimar.de\/wp-content\/uploads\/2019\/10\/PT-PortoSanto-SurfA-OWA-300x210.jpg 300w, https:\/\/blog.olimar.de\/wp-content\/uploads\/2019\/10\/PT-PortoSanto-SurfA-OWA-768x538.jpg 768w\" sizes=\"auto, (max-width: 1000px) 100vw, 1000px\" \/><\/figure>\n\n\n\n<figure class=\"wp-block-image size-large\"><img loading=\"lazy\" decoding=\"async\" width=\"1000\" height=\"750\" data-id=\"12230\" src=\"https:\/\/blog.olimar.de\/wp-content\/uploads\/2019\/10\/PT-PortoSanto-OnWaterAcademyKite.jpg\" alt=\"Kitesurfer auf Porto Santo\" class=\"wp-image-12230\" srcset=\"https:\/\/blog.olimar.de\/wp-content\/uploads\/2019\/10\/PT-PortoSanto-OnWaterAcademyKite.jpg 1000w, https:\/\/blog.olimar.de\/wp-content\/uploads\/2019\/10\/PT-PortoSanto-OnWaterAcademyKite-300x225.jpg 300w, https:\/\/blog.olimar.de\/wp-content\/uploads\/2019\/10\/PT-PortoSanto-OnWaterAcademyKite-768x576.jpg 768w\" sizes=\"auto, (max-width: 1000px) 100vw, 1000px\" \/><\/figure>\n\n\n\n<figure class=\"wp-block-image size-large\"><img loading=\"lazy\" decoding=\"async\" width=\"1000\" height=\"665\" data-id=\"12231\" src=\"https:\/\/blog.olimar.de\/wp-content\/uploads\/2019\/10\/PT-PortoSanto-Lazermar-Tauschen.jpg\" alt=\"Taucher vor Porto Santo\" class=\"wp-image-12231\" srcset=\"https:\/\/blog.olimar.de\/wp-content\/uploads\/2019\/10\/PT-PortoSanto-Lazermar-Tauschen.jpg 1000w, https:\/\/blog.olimar.de\/wp-content\/uploads\/2019\/10\/PT-PortoSanto-Lazermar-Tauschen-300x200.jpg 300w, https:\/\/blog.olimar.de\/wp-content\/uploads\/2019\/10\/PT-PortoSanto-Lazermar-Tauschen-768x511.jpg 768w, https:\/\/blog.olimar.de\/wp-content\/uploads\/2019\/10\/PT-PortoSanto-Lazermar-Tauschen-840x560.jpg 840w\" sizes=\"auto, (max-width: 1000px) 100vw, 1000px\" \/><\/figure>\n\n\n\n<figure class=\"wp-block-image size-large\"><img loading=\"lazy\" decoding=\"async\" width=\"1024\" height=\"684\" data-id=\"12232\" src=\"https:\/\/blog.olimar.de\/wp-content\/uploads\/2019\/10\/PT-PortoSanto-DelfinObservacaodeCetaciosC-c-Francisco_Correia-1024x684.jpg\" alt=\"Katamaranfahrt Porto Santo\" class=\"wp-image-12232\" srcset=\"https:\/\/blog.olimar.de\/wp-content\/uploads\/2019\/10\/PT-PortoSanto-DelfinObservacaodeCetaciosC-c-Francisco_Correia-1024x684.jpg 1024w, https:\/\/blog.olimar.de\/wp-content\/uploads\/2019\/10\/PT-PortoSanto-DelfinObservacaodeCetaciosC-c-Francisco_Correia-300x200.jpg 300w, https:\/\/blog.olimar.de\/wp-content\/uploads\/2019\/10\/PT-PortoSanto-DelfinObservacaodeCetaciosC-c-Francisco_Correia-768x513.jpg 768w, https:\/\/blog.olimar.de\/wp-content\/uploads\/2019\/10\/PT-PortoSanto-DelfinObservacaodeCetaciosC-c-Francisco_Correia-840x560.jpg 840w, https:\/\/blog.olimar.de\/wp-content\/uploads\/2019\/10\/PT-PortoSanto-DelfinObservacaodeCetaciosC-c-Francisco_Correia-1200x800.jpg 1200w, https:\/\/blog.olimar.de\/wp-content\/uploads\/2019\/10\/PT-PortoSanto-DelfinObservacaodeCetaciosC-c-Francisco_Correia.jpg 1618w\" sizes=\"auto, (max-width: 1024px) 100vw, 1024px\" \/><\/figure>\n<\/figure>\n\n\n\n<p class=\"wp-block-paragraph\">Ein Urlaubshighlight ist sicherlich auch eine Ausfahrt im Schlauchboot, bei der Delfine und mit etwas Gl\u00fcck sogar Wale beobachtet werden k\u00f6nnen.<\/p>\n\n\n\n<figure class=\"wp-block-image\"><img loading=\"lazy\" decoding=\"async\" width=\"1024\" height=\"684\" src=\"https:\/\/blog.olimar.de\/wp-content\/uploads\/2019\/10\/PT-PortoSanto-DelfinObservacaodeCetaciosB-c-Francisco_Correia-1024x684.jpg\" alt=\"Delfinfahrten Porto Santo\" class=\"wp-image-12233\" srcset=\"https:\/\/blog.olimar.de\/wp-content\/uploads\/2019\/10\/PT-PortoSanto-DelfinObservacaodeCetaciosB-c-Francisco_Correia-1024x684.jpg 1024w, https:\/\/blog.olimar.de\/wp-content\/uploads\/2019\/10\/PT-PortoSanto-DelfinObservacaodeCetaciosB-c-Francisco_Correia-300x200.jpg 300w, https:\/\/blog.olimar.de\/wp-content\/uploads\/2019\/10\/PT-PortoSanto-DelfinObservacaodeCetaciosB-c-Francisco_Correia-768x513.jpg 768w, https:\/\/blog.olimar.de\/wp-content\/uploads\/2019\/10\/PT-PortoSanto-DelfinObservacaodeCetaciosB-c-Francisco_Correia-840x560.jpg 840w, https:\/\/blog.olimar.de\/wp-content\/uploads\/2019\/10\/PT-PortoSanto-DelfinObservacaodeCetaciosB-c-Francisco_Correia-1200x800.jpg 1200w, https:\/\/blog.olimar.de\/wp-content\/uploads\/2019\/10\/PT-PortoSanto-DelfinObservacaodeCetaciosB-c-Francisco_Correia.jpg 1618w\" sizes=\"auto, (max-width: 1024px) 100vw, 1024px\" \/><\/figure>\n\n\n\n<p class=\"wp-block-paragraph\">Auch abseits des t\u00fcrkis schimmernden Atlantiks gibt&#8217;s auf Porto Santo jede Menge zu erleben. Beispielsweise lassen sich die Miradouros, die Aussichtspunkte auf den vulkanischen Inselh\u00fcgeln, gut <a href=\"https:\/\/blog.olimar.de\/wandern-auf-porto-santo\/\">auf Spazierg\u00e4ngen und leichten Wanderungen<\/a> oder per E-Bike oder Mountainbike erklimmen. Das inseleigene Tennis-Zentrum sowie der von Severiano Ballesteros entworfene <a href=\"https:\/\/blog.olimar.de\/golfurlaub-auf-madeira-und-porto-santo\/\">Championship-Golfplatz<\/a> zeichnen sich durch allerh\u00f6chste Standards aus. Pferdefreunden sei ein begleiteter Ausritt quer \u00fcber die Insel empfohlen.<\/p>\n\n\n\n<figure class=\"wp-block-image\"><img loading=\"lazy\" decoding=\"async\" width=\"1024\" height=\"768\" src=\"https:\/\/blog.olimar.de\/wp-content\/uploads\/2019\/10\/PT-PortoSanto-EbikesPicoCastelo-KPI2019-1024x768.jpg\" alt=\"Radfahren auf Porto Santo\" class=\"wp-image-12234\" srcset=\"https:\/\/blog.olimar.de\/wp-content\/uploads\/2019\/10\/PT-PortoSanto-EbikesPicoCastelo-KPI2019-1024x768.jpg 1024w, https:\/\/blog.olimar.de\/wp-content\/uploads\/2019\/10\/PT-PortoSanto-EbikesPicoCastelo-KPI2019-300x225.jpg 300w, https:\/\/blog.olimar.de\/wp-content\/uploads\/2019\/10\/PT-PortoSanto-EbikesPicoCastelo-KPI2019-768x576.jpg 768w, https:\/\/blog.olimar.de\/wp-content\/uploads\/2019\/10\/PT-PortoSanto-EbikesPicoCastelo-KPI2019.jpg 1440w\" sizes=\"auto, (max-width: 1024px) 100vw, 1024px\" \/><\/figure>\n\n\n\n<figure class=\"wp-block-image\"><img loading=\"lazy\" decoding=\"async\" width=\"1015\" height=\"1024\" src=\"https:\/\/blog.olimar.de\/wp-content\/uploads\/2019\/10\/PT-PortoSanto-GolfA-1015x1024.jpg\" alt=\"Golfspieler auf Porto Santo\" class=\"wp-image-12235\" srcset=\"https:\/\/blog.olimar.de\/wp-content\/uploads\/2019\/10\/PT-PortoSanto-GolfA-1015x1024.jpg 1015w, https:\/\/blog.olimar.de\/wp-content\/uploads\/2019\/10\/PT-PortoSanto-GolfA-150x150.jpg 150w, https:\/\/blog.olimar.de\/wp-content\/uploads\/2019\/10\/PT-PortoSanto-GolfA-298x300.jpg 298w, https:\/\/blog.olimar.de\/wp-content\/uploads\/2019\/10\/PT-PortoSanto-GolfA-768x774.jpg 768w, https:\/\/blog.olimar.de\/wp-content\/uploads\/2019\/10\/PT-PortoSanto-GolfA-120x120.jpg 120w, https:\/\/blog.olimar.de\/wp-content\/uploads\/2019\/10\/PT-PortoSanto-GolfA.jpg 1071w\" sizes=\"auto, (max-width: 1015px) 100vw, 1015px\" \/><\/figure>\n\n\n\n<figure class=\"wp-block-image\"><img loading=\"lazy\" decoding=\"async\" width=\"1000\" height=\"668\" src=\"https:\/\/blog.olimar.de\/wp-content\/uploads\/2018\/11\/PT-PortoSanto-HikingPicoCasteloA-c-FranciscoCorreiaPhoto.jpg\" alt=\"Wandern auf Porto Santo\" class=\"wp-image-9932\" srcset=\"https:\/\/blog.olimar.de\/wp-content\/uploads\/2018\/11\/PT-PortoSanto-HikingPicoCasteloA-c-FranciscoCorreiaPhoto.jpg 1000w, https:\/\/blog.olimar.de\/wp-content\/uploads\/2018\/11\/PT-PortoSanto-HikingPicoCasteloA-c-FranciscoCorreiaPhoto-300x200.jpg 300w, https:\/\/blog.olimar.de\/wp-content\/uploads\/2018\/11\/PT-PortoSanto-HikingPicoCasteloA-c-FranciscoCorreiaPhoto-768x513.jpg 768w, https:\/\/blog.olimar.de\/wp-content\/uploads\/2018\/11\/PT-PortoSanto-HikingPicoCasteloA-c-FranciscoCorreiaPhoto-840x560.jpg 840w\" sizes=\"auto, (max-width: 1000px) 100vw, 1000px\" \/><\/figure>\n\n\n\n<h2 class=\"wp-block-heading\"><strong>Kostenloser Restaurant-Shuttleservice auf Porto Santo<\/strong><\/h2>\n\n\n\n<p class=\"wp-block-paragraph\">Gourmets finden auf Porto Santo eine Vielzahl an sehr empfehlenswerten Restaurants und Strandbars mit ausgezeichnetem Preisniveau. Restaurants, die sich nicht zu Fu\u00df erreichen lassen, bieten G\u00e4sten dar\u00fcber hinaus einen kostenlosen Taxi-Shuttleservice. Lassen Sie sich am Hotel abholen und nach einem f\u00fcrstlichen Dinner bequem zur\u00fcckbringen. <\/p>\n\n\n\n<p class=\"wp-block-paragraph\">Sp\u00e4testens beim Genuss dieses Services werden Sie wissen, weshalb wir Ihnen nun schon im siebten Jahr in Folge Porto Santo als erholsames Urlaubsreiseziel ans Herz legen.<\/p>\n\n\n\n<h2 class=\"wp-block-heading\"><strong>Hotelempfehlungen f\u00fcr Porto Santo<\/strong><\/h2>\n\n\n\n<p class=\"wp-block-paragraph\">Das Torre Praia Hotel **** zeichnet sich durch seine perfekte Lage aus. Denn einerseits befindet es sich &#8211; wie die meisten anderen Hotels auch &#8211; unmittelbar am Traumstrand. Andererseits sind es von hier auch nur wenige Schritte bis in den gem\u00fctlichen Ortskern von Vila Baleira.<\/p>\n\n\n\n<figure class=\"wp-block-image\"><img loading=\"lazy\" decoding=\"async\" width=\"1000\" height=\"681\" src=\"https:\/\/blog.olimar.de\/wp-content\/uploads\/2019\/10\/PXO501-a-GeneralView.jpg\" alt=\"Torre Praia Hotel\" class=\"wp-image-12217\" srcset=\"https:\/\/blog.olimar.de\/wp-content\/uploads\/2019\/10\/PXO501-a-GeneralView.jpg 1000w, https:\/\/blog.olimar.de\/wp-content\/uploads\/2019\/10\/PXO501-a-GeneralView-300x204.jpg 300w, https:\/\/blog.olimar.de\/wp-content\/uploads\/2019\/10\/PXO501-a-GeneralView-768x523.jpg 768w\" sizes=\"auto, (max-width: 1000px) 100vw, 1000px\" \/><\/figure>\n\n\n\n<p class=\"wp-block-paragraph\"><\/p>\n\n\n\n<p class=\"wp-block-paragraph\">Das Porto Santo Hotel &amp; Spa **** ist der Hotelklassiker schlechthin auf Porto Santo. Tats\u00e4chlich handelt es sich um das \u00e4lteste Hotel auf der Insel. Wer jedoch verstaubte M\u00f6bel und in die Jahre gekommenes Design vermutet, liegt falsch. Stattdessen \u00fcberzeugt das nur 2-st\u00f6ckige Hotel mit seinem geradlinigen, bauhausartigen Stil, dem phantastischen Garten und einem gro\u00dfz\u00fcgigen Spa-Bereich. Un\u00fcbertreffbar ist auch die Terrasse mit Meerblick, auf der G\u00e4ste in wunderbarer Ruhe und Stimmung ihre Mahlzeiten einnehmen.<\/p>\n\n\n\n<figure class=\"wp-block-image\"><img loading=\"lazy\" decoding=\"async\" width=\"1024\" height=\"645\" src=\"https:\/\/blog.olimar.de\/wp-content\/uploads\/2019\/10\/PXO502-g-GardenBuildingView2018A-1024x645.jpg\" alt=\"Garten und Porto Santo Hotel und Spa\" class=\"wp-image-12223\" srcset=\"https:\/\/blog.olimar.de\/wp-content\/uploads\/2019\/10\/PXO502-g-GardenBuildingView2018A-1024x645.jpg 1024w, https:\/\/blog.olimar.de\/wp-content\/uploads\/2019\/10\/PXO502-g-GardenBuildingView2018A-300x189.jpg 300w, https:\/\/blog.olimar.de\/wp-content\/uploads\/2019\/10\/PXO502-g-GardenBuildingView2018A-768x484.jpg 768w, https:\/\/blog.olimar.de\/wp-content\/uploads\/2019\/10\/PXO502-g-GardenBuildingView2018A.jpg 1714w\" sizes=\"auto, (max-width: 1024px) 100vw, 1024px\" \/><\/figure>\n\n\n\n<div style=\"height:15px\" aria-hidden=\"true\" class=\"wp-block-spacer\"><\/div>\n\n\n\n<div class=\"wp-block-buttons is-layout-flex wp-block-buttons-is-layout-flex\">\n<div class=\"wp-block-button\"><a class=\"wp-block-button__link wp-element-button\" href=\"https:\/\/www.olimar.de\/hotellistung\/\">Jetzt Urlaubsangebote finden und buchen<\/a><\/div>\n<\/div>\n\n\n\n<div style=\"height:100px\" aria-hidden=\"true\" class=\"wp-block-spacer\"><\/div>\n","protected":false},"excerpt":{"rendered":"<p>Was im Jahr 2014 noch als gro\u00dfes Experiment gestartet ist, hat sich mittlerweile etabliert und ist bei uns sowie bei vielen OLIMAR Stammkunden und Reiseb\u00fcropartnern nur noch schwer wegzudenken: Der Nonstop-Vollcharter auf Portugals einzigartiges Inselparadies&nbsp;Porto Santo&nbsp;wird auch im kommenden Jahr w\u00f6chentlich ab K\u00f6ln-Bonn abheben. Zwischen dem 9. Mai und 24. Oktober 2020 startet die Eurowings-Maschine jeden Samstagmorgen ihren rund 4-st\u00fcndigen Flug auf die portugiesische Atlantikinsel Porto Santo. Und bereits eine halbe Stunde sp\u00e4ter k\u00f6nnen die OLIMAR Reiseg\u00e4ste dank des Transfers und der kurzen Wege auf der kleinen Insel bereits am Hotelstrand in den Urlaubs- und Entspannungsmodus wechseln. Urlaub auf Porto Santo: &hellip;<\/p>\n","protected":false},"author":9,"featured_media":12188,"comment_status":"open","ping_status":"open","sticky":false,"template":"","format":"standard","meta":{"_crdt_document":"","_lmt_disableupdate":"","_lmt_disable":"","footnotes":""},"categories":[48,59],"tags":[58,34],"class_list":["post-12187","post","type-post","status-publish","format-standard","has-post-thumbnail","hentry","category-neues-bei-olimar","category-special","tag-porto-santo","tag-portugal"],"yoast_head":"<!-- This site is optimized with the Yoast SEO plugin v26.9 - https:\/\/yoast.com\/product\/yoast-seo-wordpress\/ -->\n<title>Porto Santo Urlaub 2020 - Nonstop auf Portugals Trauminsel fliegen<\/title>\n<meta name=\"description\" content=\"Auch 2020 wird OLIMAR den beliebten Porto Santo Nonstop-Flug mit Eurowings durchf\u00fchren. Samstags ab K\u00f6ln gehts auf Madeiras Nachbarinsel.\" \/>\n<meta name=\"robots\" content=\"index, follow, max-snippet:-1, max-image-preview:large, max-video-preview:-1\" \/>\n<link rel=\"canonical\" href=\"https:\/\/blog.olimar.de\/porto-santo-urlaub-2020\/\" \/>\n<meta property=\"og:locale\" content=\"de_DE\" \/>\n<meta property=\"og:type\" content=\"article\" \/>\n<meta property=\"og:title\" content=\"Porto Santo Urlaub 2020 - Nonstop auf Portugals Trauminsel fliegen\" \/>\n<meta property=\"og:description\" content=\"Auch 2020 wird OLIMAR den beliebten Porto Santo Nonstop-Flug mit Eurowings durchf\u00fchren. Samstags ab K\u00f6ln gehts auf Madeiras Nachbarinsel.\" \/>\n<meta property=\"og:url\" content=\"https:\/\/blog.olimar.de\/porto-santo-urlaub-2020\/\" \/>\n<meta property=\"article:publisher\" content=\"https:\/\/www.facebook.com\/OlimarReisen\" \/>\n<meta property=\"article:published_time\" content=\"2019-10-02T10:41:24+00:00\" \/>\n<meta property=\"article:modified_time\" content=\"2023-11-07T12:47:53+00:00\" \/>\n<meta property=\"og:image\" content=\"https:\/\/blog.olimar.de\/wp-content\/uploads\/2019\/10\/PXO-Kampagne-2020-RGB-e1582027966779.jpg\" \/>\n\t<meta property=\"og:image:width\" content=\"700\" \/>\n\t<meta property=\"og:image:height\" content=\"490\" \/>\n\t<meta property=\"og:image:type\" content=\"image\/jpeg\" \/>\n<meta name=\"author\" content=\"OLIMAR Redaktionsteam\" \/>\n<meta name=\"twitter:label1\" content=\"Verfasst von\" \/>\n\t<meta name=\"twitter:data1\" content=\"OLIMAR Redaktionsteam\" \/>\n\t<meta name=\"twitter:label2\" content=\"Gesch\u00e4tzte Lesezeit\" \/>\n\t<meta name=\"twitter:data2\" content=\"7\u00a0Minuten\" \/>\n<script type=\"application\/ld+json\" class=\"yoast-schema-graph\">{\"@context\":\"https:\/\/schema.org\",\"@graph\":[{\"@type\":\"WebPage\",\"@id\":\"https:\/\/blog.olimar.de\/porto-santo-urlaub-2020\/\",\"url\":\"https:\/\/blog.olimar.de\/porto-santo-urlaub-2020\/\",\"name\":\"Porto Santo Urlaub 2020 - Nonstop auf Portugals Trauminsel fliegen\",\"isPartOf\":{\"@id\":\"https:\/\/blog.olimar.de\/#website\"},\"primaryImageOfPage\":{\"@id\":\"https:\/\/blog.olimar.de\/porto-santo-urlaub-2020\/#primaryimage\"},\"image\":{\"@id\":\"https:\/\/blog.olimar.de\/porto-santo-urlaub-2020\/#primaryimage\"},\"thumbnailUrl\":\"https:\/\/blog.olimar.de\/wp-content\/uploads\/2019\/10\/PXO-Kampagne-2020-RGB-e1582027966779.jpg\",\"datePublished\":\"2019-10-02T10:41:24+00:00\",\"dateModified\":\"2023-11-07T12:47:53+00:00\",\"description\":\"Auch 2020 wird OLIMAR den beliebten Porto Santo Nonstop-Flug mit Eurowings durchf\u00fchren. Samstags ab K\u00f6ln gehts auf Madeiras Nachbarinsel.\",\"breadcrumb\":{\"@id\":\"https:\/\/blog.olimar.de\/porto-santo-urlaub-2020\/#breadcrumb\"},\"inLanguage\":\"de\",\"potentialAction\":[{\"@type\":\"ReadAction\",\"target\":[\"https:\/\/blog.olimar.de\/porto-santo-urlaub-2020\/\"]}]},{\"@type\":\"ImageObject\",\"inLanguage\":\"de\",\"@id\":\"https:\/\/blog.olimar.de\/porto-santo-urlaub-2020\/#primaryimage\",\"url\":\"https:\/\/blog.olimar.de\/wp-content\/uploads\/2019\/10\/PXO-Kampagne-2020-RGB-e1582027966779.jpg\",\"contentUrl\":\"https:\/\/blog.olimar.de\/wp-content\/uploads\/2019\/10\/PXO-Kampagne-2020-RGB-e1582027966779.jpg\",\"width\":700,\"height\":490,\"caption\":\"Strand auf Porto Santo\"},{\"@type\":\"BreadcrumbList\",\"@id\":\"https:\/\/blog.olimar.de\/porto-santo-urlaub-2020\/#breadcrumb\",\"itemListElement\":[{\"@type\":\"ListItem\",\"position\":1,\"name\":\"Home\",\"item\":\"https:\/\/blog.olimar.de\/\"},{\"@type\":\"ListItem\",\"position\":2,\"name\":\"Porto Santo\",\"item\":\"https:\/\/blog.olimar.de\/tag\/porto-santo\/\"},{\"@type\":\"ListItem\",\"position\":3,\"name\":\"Porto Santo 2020 &#8211; der OLIMAR Vollcharter hebt ab ins siebte Flugjahr\"}]},{\"@type\":\"WebSite\",\"@id\":\"https:\/\/blog.olimar.de\/#website\",\"url\":\"https:\/\/blog.olimar.de\/\",\"name\":\"OLIMAR.com\",\"description\":\"\",\"publisher\":{\"@id\":\"https:\/\/blog.olimar.de\/#organization\"},\"potentialAction\":[{\"@type\":\"SearchAction\",\"target\":{\"@type\":\"EntryPoint\",\"urlTemplate\":\"https:\/\/blog.olimar.de\/?s={search_term_string}\"},\"query-input\":{\"@type\":\"PropertyValueSpecification\",\"valueRequired\":true,\"valueName\":\"search_term_string\"}}],\"inLanguage\":\"de\"},{\"@type\":\"Organization\",\"@id\":\"https:\/\/blog.olimar.de\/#organization\",\"name\":\"OLIMAR Reisen\",\"url\":\"https:\/\/blog.olimar.de\/\",\"logo\":{\"@type\":\"ImageObject\",\"inLanguage\":\"de\",\"@id\":\"https:\/\/blog.olimar.de\/#\/schema\/logo\/image\/\",\"url\":\"https:\/\/blog.olimar.de\/wp-content\/uploads\/2021\/01\/OLIMAR_Logo_COLOR.png\",\"contentUrl\":\"https:\/\/blog.olimar.de\/wp-content\/uploads\/2021\/01\/OLIMAR_Logo_COLOR.png\",\"width\":2000,\"height\":986,\"caption\":\"OLIMAR Reisen\"},\"image\":{\"@id\":\"https:\/\/blog.olimar.de\/#\/schema\/logo\/image\/\"},\"sameAs\":[\"https:\/\/www.facebook.com\/OlimarReisen\",\"https:\/\/x.com\/olimarrreisen\",\"https:\/\/www.instagram.com\/olimarreisen\",\"https:\/\/www.youtube.com\/user\/olimarreisen\"]}]}<\/script>\n<!-- \/ Yoast SEO plugin. -->","yoast_head_json":{"title":"Porto Santo Urlaub 2020 - Nonstop auf Portugals Trauminsel fliegen","description":"Auch 2020 wird OLIMAR den beliebten Porto Santo Nonstop-Flug mit Eurowings durchf\u00fchren. Samstags ab K\u00f6ln gehts auf Madeiras Nachbarinsel.","robots":{"index":"index","follow":"follow","max-snippet":"max-snippet:-1","max-image-preview":"max-image-preview:large","max-video-preview":"max-video-preview:-1"},"canonical":"https:\/\/blog.olimar.de\/porto-santo-urlaub-2020\/","og_locale":"de_DE","og_type":"article","og_title":"Porto Santo Urlaub 2020 - Nonstop auf Portugals Trauminsel fliegen","og_description":"Auch 2020 wird OLIMAR den beliebten Porto Santo Nonstop-Flug mit Eurowings durchf\u00fchren. Samstags ab K\u00f6ln gehts auf Madeiras Nachbarinsel.","og_url":"https:\/\/blog.olimar.de\/porto-santo-urlaub-2020\/","article_publisher":"https:\/\/www.facebook.com\/OlimarReisen","article_published_time":"2019-10-02T10:41:24+00:00","article_modified_time":"2023-11-07T12:47:53+00:00","og_image":[{"width":700,"height":490,"url":"https:\/\/blog.olimar.de\/wp-content\/uploads\/2019\/10\/PXO-Kampagne-2020-RGB-e1582027966779.jpg","type":"image\/jpeg"}],"author":"OLIMAR Redaktionsteam","twitter_misc":{"Verfasst von":"OLIMAR Redaktionsteam","Gesch\u00e4tzte Lesezeit":"7\u00a0Minuten"},"schema":{"@context":"https:\/\/schema.org","@graph":[{"@type":"WebPage","@id":"https:\/\/blog.olimar.de\/porto-santo-urlaub-2020\/","url":"https:\/\/blog.olimar.de\/porto-santo-urlaub-2020\/","name":"Porto Santo Urlaub 2020 - Nonstop auf Portugals Trauminsel fliegen","isPartOf":{"@id":"https:\/\/blog.olimar.de\/#website"},"primaryImageOfPage":{"@id":"https:\/\/blog.olimar.de\/porto-santo-urlaub-2020\/#primaryimage"},"image":{"@id":"https:\/\/blog.olimar.de\/porto-santo-urlaub-2020\/#primaryimage"},"thumbnailUrl":"https:\/\/blog.olimar.de\/wp-content\/uploads\/2019\/10\/PXO-Kampagne-2020-RGB-e1582027966779.jpg","datePublished":"2019-10-02T10:41:24+00:00","dateModified":"2023-11-07T12:47:53+00:00","description":"Auch 2020 wird OLIMAR den beliebten Porto Santo Nonstop-Flug mit Eurowings durchf\u00fchren. Samstags ab K\u00f6ln gehts auf Madeiras Nachbarinsel.","breadcrumb":{"@id":"https:\/\/blog.olimar.de\/porto-santo-urlaub-2020\/#breadcrumb"},"inLanguage":"de","potentialAction":[{"@type":"ReadAction","target":["https:\/\/blog.olimar.de\/porto-santo-urlaub-2020\/"]}]},{"@type":"ImageObject","inLanguage":"de","@id":"https:\/\/blog.olimar.de\/porto-santo-urlaub-2020\/#primaryimage","url":"https:\/\/blog.olimar.de\/wp-content\/uploads\/2019\/10\/PXO-Kampagne-2020-RGB-e1582027966779.jpg","contentUrl":"https:\/\/blog.olimar.de\/wp-content\/uploads\/2019\/10\/PXO-Kampagne-2020-RGB-e1582027966779.jpg","width":700,"height":490,"caption":"Strand auf Porto Santo"},{"@type":"BreadcrumbList","@id":"https:\/\/blog.olimar.de\/porto-santo-urlaub-2020\/#breadcrumb","itemListElement":[{"@type":"ListItem","position":1,"name":"Home","item":"https:\/\/blog.olimar.de\/"},{"@type":"ListItem","position":2,"name":"Porto Santo","item":"https:\/\/blog.olimar.de\/tag\/porto-santo\/"},{"@type":"ListItem","position":3,"name":"Porto Santo 2020 &#8211; der OLIMAR Vollcharter hebt ab ins siebte Flugjahr"}]},{"@type":"WebSite","@id":"https:\/\/blog.olimar.de\/#website","url":"https:\/\/blog.olimar.de\/","name":"OLIMAR.com","description":"","publisher":{"@id":"https:\/\/blog.olimar.de\/#organization"},"potentialAction":[{"@type":"SearchAction","target":{"@type":"EntryPoint","urlTemplate":"https:\/\/blog.olimar.de\/?s={search_term_string}"},"query-input":{"@type":"PropertyValueSpecification","valueRequired":true,"valueName":"search_term_string"}}],"inLanguage":"de"},{"@type":"Organization","@id":"https:\/\/blog.olimar.de\/#organization","name":"OLIMAR Reisen","url":"https:\/\/blog.olimar.de\/","logo":{"@type":"ImageObject","inLanguage":"de","@id":"https:\/\/blog.olimar.de\/#\/schema\/logo\/image\/","url":"https:\/\/blog.olimar.de\/wp-content\/uploads\/2021\/01\/OLIMAR_Logo_COLOR.png","contentUrl":"https:\/\/blog.olimar.de\/wp-content\/uploads\/2021\/01\/OLIMAR_Logo_COLOR.png","width":2000,"height":986,"caption":"OLIMAR Reisen"},"image":{"@id":"https:\/\/blog.olimar.de\/#\/schema\/logo\/image\/"},"sameAs":["https:\/\/www.facebook.com\/OlimarReisen","https:\/\/x.com\/olimarrreisen","https:\/\/www.instagram.com\/olimarreisen","https:\/\/www.youtube.com\/user\/olimarreisen"]}]}},"modified_by":"Julia Windh\u00f6vel","jetpack_featured_media_url":"https:\/\/blog.olimar.de\/wp-content\/uploads\/2019\/10\/PXO-Kampagne-2020-RGB-e1582027966779.jpg","_links":{"self":[{"href":"https:\/\/blog.olimar.de\/wp-json\/wp\/v2\/posts\/12187","targetHints":{"allow":["GET"]}}],"collection":[{"href":"https:\/\/blog.olimar.de\/wp-json\/wp\/v2\/posts"}],"about":[{"href":"https:\/\/blog.olimar.de\/wp-json\/wp\/v2\/types\/post"}],"author":[{"embeddable":true,"href":"https:\/\/blog.olimar.de\/wp-json\/wp\/v2\/users\/9"}],"replies":[{"embeddable":true,"href":"https:\/\/blog.olimar.de\/wp-json\/wp\/v2\/comments?post=12187"}],"version-history":[{"count":38,"href":"https:\/\/blog.olimar.de\/wp-json\/wp\/v2\/posts\/12187\/revisions"}],"predecessor-version":[{"id":26823,"href":"https:\/\/blog.olimar.de\/wp-json\/wp\/v2\/posts\/12187\/revisions\/26823"}],"wp:featuredmedia":[{"embeddable":true,"href":"https:\/\/blog.olimar.de\/wp-json\/wp\/v2\/media\/12188"}],"wp:attachment":[{"href":"https:\/\/blog.olimar.de\/wp-json\/wp\/v2\/media?parent=12187"}],"wp:term":[{"taxonomy":"category","embeddable":true,"href":"https:\/\/blog.olimar.de\/wp-json\/wp\/v2\/categories?post=12187"},{"taxonomy":"post_tag","embeddable":true,"href":"https:\/\/blog.olimar.de\/wp-json\/wp\/v2\/tags?post=12187"}],"curies":[{"name":"wp","href":"https:\/\/api.w.org\/{rel}","templated":true}]}}