{"id":12321,"date":"2019-10-11T16:56:38","date_gmt":"2019-10-11T14:56:38","guid":{"rendered":"https:\/\/blog.olimar.de\/?p=12321"},"modified":"2023-05-23T19:53:18","modified_gmt":"2023-05-23T18:53:18","slug":"algarve-kustenwanderung","status":"publish","type":"post","link":"https:\/\/blog.olimar.de\/algarve-kustenwanderung\/","title":{"rendered":"Algarve K\u00fcstenwanderung &#8211; atemberaubender Bilderbuchweg"},"content":{"rendered":"\n<p><strong>Spazierende aus 153 L\u00e4ndern haben die knapp sechs Kilometer lange Algarve K\u00fcstenwanderung Sete Vales Suspensos entlang, der weltber\u00fchmten Sandsteinfelsen an der K\u00fcste von Carvoeiro und Porches, im Landkreis Lagoa an der s\u00fcdlichen Algarve, in diesem Jahr zur Siegerin des Wettbewerbes zu den European Best Destinations gek\u00fcrt!<\/strong><\/p>\n\n\n\n<div class=\"wp-block-buttons is-layout-flex wp-block-buttons-is-layout-flex\">\n<div class=\"wp-block-button is-style-outline is-style-outline--1\"><a class=\"wp-block-button__link has-white-color has-text-color has-background wp-element-button\" href=\"https:\/\/www.olimar.de\/portugal\/algarve\/\" style=\"background-color:#008c87\">Algarve Reiseangebote und Hoteltipps entdecken<\/a><\/div>\n<\/div>\n\n\n\n<div style=\"height:50px\" aria-hidden=\"true\" class=\"wp-block-spacer\"><\/div>\n\n\n\n<p>Wohl verdient! An keinem weiteren K\u00fcstenabschnitt in Portugal vereint sich derart intensiv die Sehnsucht der Reisenden nach Meer mit der Sehnsucht der Seefahrer nach Wegen auf dem Meer, in der Unendlichkeit des Universums zwischen Himmel und Meer, eingebettet in wildw\u00fcchsige Flora auf erhabener H\u00f6he bizarrer Klippenformationen, wie hier. Wie stumpfe Z\u00e4hne recken sich, die von Wellen und Wind gegerbten, Felsen Ingwer gelb und Siena rot aus dem Blau des Ozeans empor. Sie formen sich zu Br\u00fccken und Toren \u00fcber Strandbuchten hinweg und es schl\u00e4ngeln sich Sandsteinfelsen zwischen Land und Ozean Kilometerlang dahin. Diese werden von feinpudrigen Sandstr\u00e4nden unterbrochen und gesch\u00fctzt in tiefliegenden Buchten, die die Klippen wieder \u00fcberall unterbrechen. Seit Urzeiten h\u00f6hlt das Meer am Fu\u00dfe der Klippen saal\u00e4hnliche Grotten in den weichen Sandstein, dr\u00e4ngen Trichtergrotten, sogenannte Algares, wie Brunnensch\u00e4chte durch den Felsen und sp\u00fclen Brandung ein und aus.<\/p>\n\n\n\n<h2>Algarve K\u00fcstenwanderung: State Vales Suspenso<\/h2>\n<p>Den Wanderweg <em>Sete Vales Suspensos<\/em> s\u00e4umt, neben dem Blau-in-Blau-Gem\u00e4lde des Atlantiks mit dem Horizont gr\u00fcn in allen Nuancen. Dunkles Steineichengr\u00fcn schiebt sich Blatt f\u00fcr Blatt zwischen Horizont und Ausblick, unterbrochen vom graugr\u00fcn einzelner Zypressen und von Gin-Str\u00e4uchern, deren Zimbro-Beeren scharfw\u00fcrzig duften. Moosgr\u00fcn schaukeln Kiefernnadelb\u00fcschel im Wind, formen ihre ausladenden \u00c4ste vereinzelt schattige Tunnel.<\/p>\n\n\n\n<figure class=\"wp-block-image\"><img loading=\"lazy\" decoding=\"async\" width=\"832\" height=\"624\" src=\"https:\/\/blog.olimar.de\/wp-content\/uploads\/2019\/10\/Gin-Beeren-genannt-Zimbro.jpg\" alt=\"Gin-Beeren genannt Zimbro\" class=\"wp-image-12340\" srcset=\"https:\/\/blog.olimar.de\/wp-content\/uploads\/2019\/10\/Gin-Beeren-genannt-Zimbro.jpg 832w, https:\/\/blog.olimar.de\/wp-content\/uploads\/2019\/10\/Gin-Beeren-genannt-Zimbro-300x225.jpg 300w, https:\/\/blog.olimar.de\/wp-content\/uploads\/2019\/10\/Gin-Beeren-genannt-Zimbro-768x576.jpg 768w\" sizes=\"auto, (max-width: 832px) 100vw, 832px\" \/><figcaption class=\"wp-element-caption\">Gin-Beeren genannt Zimbro <\/figcaption><\/figure>\n\n\n\n<p class=\"wp-block-paragraph\">Der Wind an den Klippen bl\u00e4st stetig. Im Sommer trocken hei\u00df. Im Winter k\u00fchl und feucht. Die Erde krallt sich fest zwischen den Wurzeln der Ginsterb\u00fcsche, Lackzistrosen und anderen Maccie-Hartlaub-Bodengew\u00e4chsen, die gemeinsam der drohenden Erosion durch Wind und Wellen trotzen. <\/p>\n\n\n\n<h2>Start der Wanderung: Praia Marinha&nbsp;<\/h2>\n<p>Am Praia da Marinha, in der N\u00e4he von Porches Velho, geht es los. Am besten am fr\u00fchen Morgen, wenn der Himmel rosa-purpurn und das Meer silbern gl\u00e4nzt, und Fischerboote am Fu\u00df der Klippen vorbei Richtung Arma\u00e7\u00e3o de P\u00eara tuckern. Wenn ein M\u00f6wenschwarm den Kuttern folgt und ihr Geschrei die Stille des Morgens mit ohrenbet\u00e4ubendem Krakeele zerrei\u00dft. Wenn die Grillen ihr Konzert erst dann wieder neu anstimmen, sobald die M\u00f6wen vorbeigezogen sind.<\/p>\n\n\n\n<figure class=\"wp-block-image\"><img loading=\"lazy\" decoding=\"async\" width=\"1024\" height=\"627\" src=\"https:\/\/blog.olimar.de\/wp-content\/uploads\/2019\/10\/PT-Algarve-Carvoeiro-PraiadaMarinha-c-WalzingMeurers2202-1024x627.jpg\" alt=\"Blick auf Praia da Marinha\" class=\"wp-image-12354\" srcset=\"https:\/\/blog.olimar.de\/wp-content\/uploads\/2019\/10\/PT-Algarve-Carvoeiro-PraiadaMarinha-c-WalzingMeurers2202-1024x627.jpg 1024w, https:\/\/blog.olimar.de\/wp-content\/uploads\/2019\/10\/PT-Algarve-Carvoeiro-PraiadaMarinha-c-WalzingMeurers2202-300x184.jpg 300w, https:\/\/blog.olimar.de\/wp-content\/uploads\/2019\/10\/PT-Algarve-Carvoeiro-PraiadaMarinha-c-WalzingMeurers2202-768x470.jpg 768w, https:\/\/blog.olimar.de\/wp-content\/uploads\/2019\/10\/PT-Algarve-Carvoeiro-PraiadaMarinha-c-WalzingMeurers2202.jpg 1763w\" sizes=\"auto, (max-width: 1024px) 100vw, 1024px\" \/><figcaption class=\"wp-element-caption\">Blick auf Praia da Marinha <\/figcaption><\/figure>\n\n\n\n<figure class=\"wp-block-image\"><img loading=\"lazy\" decoding=\"async\" width=\"1024\" height=\"683\" src=\"https:\/\/blog.olimar.de\/wp-content\/uploads\/2019\/10\/PT-Algarve-PraiadaRocha-Moeve-c-FN04170-1024x683.jpg\" alt=\"M\u00f6wen Algarve K\u00fcstenwanderung\" class=\"wp-image-12356\" srcset=\"https:\/\/blog.olimar.de\/wp-content\/uploads\/2019\/10\/PT-Algarve-PraiadaRocha-Moeve-c-FN04170-1024x683.jpg 1024w, https:\/\/blog.olimar.de\/wp-content\/uploads\/2019\/10\/PT-Algarve-PraiadaRocha-Moeve-c-FN04170-300x200.jpg 300w, https:\/\/blog.olimar.de\/wp-content\/uploads\/2019\/10\/PT-Algarve-PraiadaRocha-Moeve-c-FN04170-768x512.jpg 768w, https:\/\/blog.olimar.de\/wp-content\/uploads\/2019\/10\/PT-Algarve-PraiadaRocha-Moeve-c-FN04170-840x560.jpg 840w, https:\/\/blog.olimar.de\/wp-content\/uploads\/2019\/10\/PT-Algarve-PraiadaRocha-Moeve-c-FN04170-1200x800.jpg 1200w, https:\/\/blog.olimar.de\/wp-content\/uploads\/2019\/10\/PT-Algarve-PraiadaRocha-Moeve-c-FN04170.jpg 1619w\" sizes=\"auto, (max-width: 1024px) 100vw, 1024px\" \/><figcaption class=\"wp-element-caption\">M\u00f6wen Algarve K\u00fcstenwanderung<\/figcaption><\/figure>\n\n\n\n<h2>Auf den richtigen Pfaden&nbsp;&nbsp;<\/h2>\n<p>Ausger\u00fcstet mit ausreichend Trinkwasser, Sonnenschutz, und Kopfbedeckung, geht es los in ad\u00e4quater, den Jahreszeiten angepasster Kleidung. Au\u00dferdem mit bequemen und festen Schuhen. Immer Richtung Westen. Die Markierung PR 1- LGA zeigt uns, wo es langgeht, vorbei an dem Picknickplatz am Strand Marinha. Die Markierung bilden zwei Balken in rot und gelb. Zwei Balken \u00fcbereinander bedeuten, es geht gerade aus, knickt ein Balken ab, geht es nach rechts oder \u00e4quivalent nach links, ein Kreuz bedeutet Durchgang verboten oder wir laufen in die falsche Richtung.<\/p>\n\n\n\n<figure class=\"wp-block-gallery has-nested-images columns-default is-cropped wp-block-gallery-2 is-layout-flex wp-block-gallery-is-layout-flex\">\n<figure class=\"wp-block-image size-large\"><img loading=\"lazy\" decoding=\"async\" width=\"480\" height=\"640\" data-id=\"12362\" src=\"https:\/\/blog.olimar.de\/wp-content\/uploads\/2019\/10\/Wegweiser-Gabelung-1-e1570805277331.jpg\" alt=\"Algarve K\u00fcstenwanderung Weggabelung\" class=\"wp-image-12362\" srcset=\"https:\/\/blog.olimar.de\/wp-content\/uploads\/2019\/10\/Wegweiser-Gabelung-1-e1570805277331.jpg 480w, https:\/\/blog.olimar.de\/wp-content\/uploads\/2019\/10\/Wegweiser-Gabelung-1-e1570805277331-225x300.jpg 225w, https:\/\/blog.olimar.de\/wp-content\/uploads\/2019\/10\/Wegweiser-Gabelung-1-e1570805277331-420x560.jpg 420w\" sizes=\"auto, (max-width: 480px) 100vw, 480px\" \/><figcaption class=\"wp-element-caption\">Algarve K\u00fcstenwanderung Weggabelung<\/figcaption><\/figure>\n\n\n\n<figure class=\"wp-block-image size-large\"><img loading=\"lazy\" decoding=\"async\" width=\"640\" height=\"480\" data-id=\"12361\" src=\"https:\/\/blog.olimar.de\/wp-content\/uploads\/2019\/10\/Wegende-1.jpg\" alt=\"K\u00fcstenwanderung Algarve Wegweiser Weg endet\" class=\"wp-image-12361\" srcset=\"https:\/\/blog.olimar.de\/wp-content\/uploads\/2019\/10\/Wegende-1.jpg 640w, https:\/\/blog.olimar.de\/wp-content\/uploads\/2019\/10\/Wegende-1-300x225.jpg 300w\" sizes=\"auto, (max-width: 640px) 100vw, 640px\" \/><figcaption class=\"wp-element-caption\">K\u00fcstenwanderung Algarve Wegweiser Weg endet<\/figcaption><\/figure>\n<\/figure>\n\n\n\n<figure class=\"wp-block-image\"><img loading=\"lazy\" decoding=\"async\" width=\"768\" height=\"1024\" src=\"https:\/\/blog.olimar.de\/wp-content\/uploads\/2019\/10\/\u00dcbersichttafel-Wanderweg-PR-1-Lagoa-e1570805076360-768x1024.jpg\" alt=\"\u00dcbersicht Wanderweg Algarvek\u00fcste\" class=\"wp-image-12359\" srcset=\"https:\/\/blog.olimar.de\/wp-content\/uploads\/2019\/10\/\u00dcbersichttafel-Wanderweg-PR-1-Lagoa-e1570805076360-768x1024.jpg 768w, https:\/\/blog.olimar.de\/wp-content\/uploads\/2019\/10\/\u00dcbersichttafel-Wanderweg-PR-1-Lagoa-e1570805076360-225x300.jpg 225w, https:\/\/blog.olimar.de\/wp-content\/uploads\/2019\/10\/\u00dcbersichttafel-Wanderweg-PR-1-Lagoa-e1570805076360-420x560.jpg 420w\" sizes=\"auto, (max-width: 768px) 100vw, 768px\" \/><figcaption class=\"wp-element-caption\">\u00dcbersicht Wanderweg Algarvek\u00fcste<\/figcaption><\/figure>\n\n\n\n<h2>Der Weg ist das Ziel&nbsp;<\/h2>\n\n\n\n<p class=\"wp-block-paragraph\">Den Ozean bei Schritt und Tritt im Blick, Sonne auf der Nase und Salzluft auf den Lippen, f\u00fchrt die sieben T\u00e4ler und Klippen <strong>Sete Vales Suspensos<\/strong> Tour vorbei an sieben Strandbuchten, durch sieben T\u00e4ler, \u00fcber sieben Klippen, und endet am Fu\u00df der Treppe am Strand Praia do Vale de Centianes im Osten von Carvoeiro.<\/p>\n\n\n\n<p class=\"wp-block-paragraph\">Der gr\u00f6\u00dfte Teil der Strecke l\u00e4uft auf den Klippen entlang. Abw\u00e4rts und aufw\u00e4rts geht es durch schmale T\u00e4ler zwischen den Klippen gelegen. Davon enden einige direkt am Strand. F\u00fchrer m\u00fcndeten hier dann B\u00e4che und kleine Fl\u00fcsse aus dem Landesinneren ins Meer. Knapp f\u00fcnfzig H\u00f6henmeter sind mehrmals zu \u00fcberwinden. <\/p>\n\n\n\n<figure class=\"wp-block-image\"><img loading=\"lazy\" decoding=\"async\" width=\"1013\" height=\"760\" src=\"https:\/\/blog.olimar.de\/wp-content\/uploads\/2019\/10\/Der-Weg-folgt-\u00fcberwiegend-dem-Klippenverlauf.jpg\" alt=\"Der Weg folgt \u00fcberwiegend dem Klippenverlauf\" class=\"wp-image-12336\" srcset=\"https:\/\/blog.olimar.de\/wp-content\/uploads\/2019\/10\/Der-Weg-folgt-\u00fcberwiegend-dem-Klippenverlauf.jpg 1013w, https:\/\/blog.olimar.de\/wp-content\/uploads\/2019\/10\/Der-Weg-folgt-\u00fcberwiegend-dem-Klippenverlauf-300x225.jpg 300w, https:\/\/blog.olimar.de\/wp-content\/uploads\/2019\/10\/Der-Weg-folgt-\u00fcberwiegend-dem-Klippenverlauf-768x576.jpg 768w\" sizes=\"auto, (max-width: 1013px) 100vw, 1013px\" \/><figcaption class=\"wp-element-caption\">Der Weg folgt \u00fcberwiegend dem Klippenverlauf<\/figcaption><\/figure>\n\n\n\n<figure class=\"wp-block-image\"><img loading=\"lazy\" decoding=\"async\" width=\"615\" height=\"820\" src=\"https:\/\/blog.olimar.de\/wp-content\/uploads\/2019\/10\/Beginn-oder-Ende-der-2.jpg\" alt=\"Beginn der K\u00fcstenwanderung Algarve\" class=\"wp-image-12350\" srcset=\"https:\/\/blog.olimar.de\/wp-content\/uploads\/2019\/10\/Beginn-oder-Ende-der-2.jpg 615w, https:\/\/blog.olimar.de\/wp-content\/uploads\/2019\/10\/Beginn-oder-Ende-der-2-225x300.jpg 225w, https:\/\/blog.olimar.de\/wp-content\/uploads\/2019\/10\/Beginn-oder-Ende-der-2-420x560.jpg 420w\" sizes=\"auto, (max-width: 615px) 100vw, 615px\" \/><figcaption class=\"wp-element-caption\">Beginn der K\u00fcstenwanderung Algarve<\/figcaption><\/figure>\n\n\n\n<p class=\"wp-block-paragraph\">Die K\u00fcstengalerie auf der n\u00e4chsten erreichten Klippe mit Ausblick Richtung Westen an der Steilk\u00fcste entlang via Praia da Rocha in Portim\u00e3o, bis zur Halbinsel Ponte da Piedade von Lagos. Sowie Richtung Osten bis zur Praia de Gal\u00e9 im Westen von Albufeira, reiht sich bilderbuchm\u00e4\u00dfig aneinander. <\/p>\n\n\n\n<figure class=\"wp-block-image\"><img loading=\"lazy\" decoding=\"async\" width=\"1024\" height=\"768\" src=\"https:\/\/blog.olimar.de\/wp-content\/uploads\/2019\/10\/Klippen-bis-yum-Horizont-1024x768.jpg\" alt=\"Klippen bis zum Horizont\" class=\"wp-image-12335\" srcset=\"https:\/\/blog.olimar.de\/wp-content\/uploads\/2019\/10\/Klippen-bis-yum-Horizont-1024x768.jpg 1024w, https:\/\/blog.olimar.de\/wp-content\/uploads\/2019\/10\/Klippen-bis-yum-Horizont-300x225.jpg 300w, https:\/\/blog.olimar.de\/wp-content\/uploads\/2019\/10\/Klippen-bis-yum-Horizont-768x576.jpg 768w, https:\/\/blog.olimar.de\/wp-content\/uploads\/2019\/10\/Klippen-bis-yum-Horizont.jpg 1115w\" sizes=\"auto, (max-width: 1024px) 100vw, 1024px\" \/><figcaption class=\"wp-element-caption\">Klippen bis zum Horizont<\/figcaption><\/figure>\n\n\n\n<figure class=\"wp-block-image\"><img loading=\"lazy\" decoding=\"async\" width=\"1024\" height=\"768\" src=\"https:\/\/blog.olimar.de\/wp-content\/uploads\/2019\/10\/Aussicht-Senhora-da-Rocha-1024x768.jpg\" alt=\"Aussicht Senhora da Rocha\" class=\"wp-image-12341\" srcset=\"https:\/\/blog.olimar.de\/wp-content\/uploads\/2019\/10\/Aussicht-Senhora-da-Rocha-1024x768.jpg 1024w, https:\/\/blog.olimar.de\/wp-content\/uploads\/2019\/10\/Aussicht-Senhora-da-Rocha-300x225.jpg 300w, https:\/\/blog.olimar.de\/wp-content\/uploads\/2019\/10\/Aussicht-Senhora-da-Rocha-768x576.jpg 768w, https:\/\/blog.olimar.de\/wp-content\/uploads\/2019\/10\/Aussicht-Senhora-da-Rocha.jpg 1488w\" sizes=\"auto, (max-width: 1024px) 100vw, 1024px\" \/><figcaption class=\"wp-element-caption\">Aussicht Senhora da Rocha<\/figcaption><\/figure>\n\n\n\n<p class=\"wp-block-paragraph\">Jeder Kilometer wartet mit einer anderen \u00dcberraschung. Mal taucht ein Strandlokal auf. Oder ein idyllischer Picknickplatz. Mit Palisaden gesch\u00fctzte Trichtergrotten, in denen die Brandung hin und her wogt, und an st\u00fcrmischen Tagen Gischt durch den Trichter nach oben bl\u00e4st. Waldst\u00fccke wechseln sich ab mit kargen Streckenabschnitten, manchmal f\u00fchrt der Weg durch eine H\u00f6hle bis an den Strand, manchmal \u00fcber einen schmalen Felsensteg bis zu einer weiteren Klippe mitten im Meer. <\/p>\n\n\n\n<h2>Wanderpause in Benagil&nbsp;<\/h2>\n<p>Ein St\u00fcck hinter dem m\u00e4chtigen Felsenbogen westlich der Praia da Marinha, erreicht man den ehemaligen Fischerhafen mit Strand von Benagil. Hier lohnt es bis zum Strand hinab zu steigen, vielleicht spontan eine Bootstour zu buchen und mit den kleinen, wendigen Booten zur ber\u00fchmten Benagil-Grotte &#8211; genannt Kathedrale &#8211; zu fahren. Rund um den Strand bieten au\u00dferdem diverse Lokale leckere Fischgerichte und vieles mehr f\u00fcr ein z\u00fcnftiges Mittagessen an<\/p>\n\n\n\n<figure class=\"wp-block-image\"><img loading=\"lazy\" decoding=\"async\" width=\"1024\" height=\"584\" src=\"https:\/\/blog.olimar.de\/wp-content\/uploads\/2019\/10\/PT-Algarve-BenagilCave-PIXABAY3029665-1024x584.jpg\" alt=\"Benagil Grotte\" class=\"wp-image-12353\" srcset=\"https:\/\/blog.olimar.de\/wp-content\/uploads\/2019\/10\/PT-Algarve-BenagilCave-PIXABAY3029665-1024x584.jpg 1024w, https:\/\/blog.olimar.de\/wp-content\/uploads\/2019\/10\/PT-Algarve-BenagilCave-PIXABAY3029665-300x171.jpg 300w, https:\/\/blog.olimar.de\/wp-content\/uploads\/2019\/10\/PT-Algarve-BenagilCave-PIXABAY3029665-768x438.jpg 768w, https:\/\/blog.olimar.de\/wp-content\/uploads\/2019\/10\/PT-Algarve-BenagilCave-PIXABAY3029665.jpg 1895w\" sizes=\"auto, (max-width: 1024px) 100vw, 1024px\" \/><figcaption class=\"wp-element-caption\">Benagil Grotte<\/figcaption><\/figure>\n\n\n\n<h2>Entlang der weiteren Strecke&nbsp;<\/h2>\n<p>Von Benagil folgt man dem Wanderweg weiter Richtung Westen. Vorbei am Kap Cabo de Carvoeiro und von dort bis zur Leuchtturmanlage Farol de Alfanzina. Der Leuchtturm von Carvoeiro steht auf 38 m\u00fcNN. Sein Leuchtsignal pulsiert 42 Seemeilen weit und ist sichtbar in den Leuchtt\u00fcrmen in Lagos, in Ferragudo, und auf der Insel Farol. Das Geb\u00e4ude und den Turm kann man an bestimmten Tagen besichtigen und aus der Laterne eine nochmals andere, erh\u00f6hte Perspektive auf die zerkl\u00fcftete K\u00fcste zwischen Praia da Marinha und der K\u00fcste am Ferienort Carvoeiro genie\u00dfen.<\/p>\n<p>Du gehst gerne auf Entdeckungstour, abseits der Pfade? Dann guck Dich in Carvoeiro genauer um. Dort laden die Algar Seco H\u00f6hlenformationen zum Hineinklettern ein.<\/p>\n\n\n\n<figure class=\"wp-block-image\"><img loading=\"lazy\" decoding=\"async\" width=\"720\" height=\"540\" src=\"https:\/\/blog.olimar.de\/wp-content\/uploads\/2019\/10\/Die-Leuchtturmanlage-am-Cabo-de-Alfanzina-Carvoeiro.jpg\" alt=\"Leuchtturmanlage Cabo de Alfanzina Carvoeiro\" class=\"wp-image-12346\" srcset=\"https:\/\/blog.olimar.de\/wp-content\/uploads\/2019\/10\/Die-Leuchtturmanlage-am-Cabo-de-Alfanzina-Carvoeiro.jpg 720w, https:\/\/blog.olimar.de\/wp-content\/uploads\/2019\/10\/Die-Leuchtturmanlage-am-Cabo-de-Alfanzina-Carvoeiro-300x225.jpg 300w\" sizes=\"auto, (max-width: 720px) 100vw, 720px\" \/><figcaption class=\"wp-element-caption\">Leuchtturmanlage Cabo de Alfanzina Carvoeiro<\/figcaption><\/figure>\n\n\n\n<figure class=\"wp-block-image\"><img loading=\"lazy\" decoding=\"async\" width=\"747\" height=\"996\" src=\"https:\/\/blog.olimar.de\/wp-content\/uploads\/2019\/10\/Die-LAterne-am-Leuchtturm-Farol-de-Carvoeiro.jpg\" alt=\"Die Laterne am Leuchtturm Farol de Carvoeiro\" class=\"wp-image-12337\" srcset=\"https:\/\/blog.olimar.de\/wp-content\/uploads\/2019\/10\/Die-LAterne-am-Leuchtturm-Farol-de-Carvoeiro.jpg 747w, https:\/\/blog.olimar.de\/wp-content\/uploads\/2019\/10\/Die-LAterne-am-Leuchtturm-Farol-de-Carvoeiro-225x300.jpg 225w, https:\/\/blog.olimar.de\/wp-content\/uploads\/2019\/10\/Die-LAterne-am-Leuchtturm-Farol-de-Carvoeiro-420x560.jpg 420w\" sizes=\"auto, (max-width: 747px) 100vw, 747px\" \/><figcaption class=\"wp-element-caption\">Die Laterne am Leuchtturm Farol de Carvoeiro<\/figcaption><\/figure>\n\n\n\n<h2>Die letzte Etappe\u00a0<\/h2>\n<p>Die letzte Etappe der \u201esieben Klippen-sieben T\u00e4ler Wanderung\u201c, f\u00fchrt an einer Feriensiedlung vorbei und endet unten am Fu\u00dfe der Treppe am Strand Praia do Vale de Centianes. Nach einer Kaffeepause geht es zur\u00fcck zur Praia da Marinha. Zu Fu\u00df oder mit dem Taxi.<\/p>\n<h3>TIPP<\/h3>\n<p>Die Strecke ist durch eine zweite Etappe, die bis zur Wallfahrtkapelle knapp f\u00fcnf Kilometer vom Strand Praia da Marinha Richtung Osten f\u00fchrt, verkn\u00fcpfbar. So misst die Gesamtstrecke mit Beginn an der Kapelle Nossa Senhora da Rocha in Porches Richtung Westen vorbei am Strand Albandeira zum Strand Praia da Marinha, und von dort bis zum Vale de Centianes, insgesamt elf Kilometer.<\/p>\n<p><strong>Aufgepasst:<\/strong> Die beste Wanderzeit zum Klippenwandern ist im Fr\u00fchling und im Herbst. Nach starken Regenf\u00e4llen kann sich Ger\u00f6ll l\u00f6sen \u2013 oder sp\u00e4ter. Deswegen bitte unbedingt immer gen\u00fcgend Abstand zum Klippenrand einhalten. Vorsicht bei starkem und stark b\u00f6igem Wind.<\/p>\n<p>\u00a0<\/p>\n\n\n\n<div class=\"wp-block-buttons is-layout-flex wp-block-buttons-is-layout-flex\">\n<div class=\"wp-block-button is-style-outline is-style-outline--3\"><a class=\"wp-block-button__link has-white-color has-text-color has-background wp-element-button\" href=\"https:\/\/www.olimar.de\/hotellistung\/\" style=\"background-color:#008c87\">Jetzt Urlaubsangebote finden und buchen<\/a><\/div>\n<\/div>\n\n\n\n<div style=\"height:100px\" aria-hidden=\"true\" class=\"wp-block-spacer\"><\/div>\n","protected":false},"excerpt":{"rendered":"<p>Spazierende aus 153 L\u00e4ndern haben die knapp sechs Kilometer lange Algarve K\u00fcstenwanderung Sete Vales Suspensos entlang, der weltber\u00fchmten Sandsteinfelsen an der K\u00fcste von Carvoeiro und Porches, im Landkreis Lagoa an der s\u00fcdlichen Algarve, in diesem Jahr zur Siegerin des Wettbewerbes zu den European Best Destinations gek\u00fcrt! Wohl verdient! An keinem weiteren K\u00fcstenabschnitt in Portugal vereint sich derart intensiv die Sehnsucht der Reisenden nach Meer mit der Sehnsucht der Seefahrer nach Wegen auf dem Meer, in der Unendlichkeit des Universums zwischen Himmel und Meer, eingebettet in wildw\u00fcchsige Flora auf erhabener H\u00f6he bizarrer Klippenformationen, wie hier. Wie stumpfe Z\u00e4hne recken sich, die von &hellip;<\/p>\n","protected":false},"author":70,"featured_media":12357,"comment_status":"open","ping_status":"open","sticky":false,"template":"","format":"standard","meta":{"_crdt_document":"","_lmt_disableupdate":"","_lmt_disable":"","footnotes":""},"categories":[29],"tags":[24,34],"class_list":["post-12321","post","type-post","status-publish","format-standard","has-post-thumbnail","hentry","category-aktiv-natur","tag-algarve","tag-portugal"],"yoast_head":"<!-- This site is optimized with the Yoast SEO plugin v26.9 - https:\/\/yoast.com\/product\/yoast-seo-wordpress\/ -->\n<title>Algarve K\u00fcstenwanderung - unser Tipp f\u00fcr den Algarve-Urlaub<\/title>\n<meta name=\"description\" content=\"Es gibt unterschiedliche M\u00f6glichkeiten f\u00fcr eine Algarve K\u00fcstenwanderung wie beispielsweise die Sete Vales Suspensos.\" \/>\n<meta name=\"robots\" content=\"index, follow, max-snippet:-1, max-image-preview:large, max-video-preview:-1\" \/>\n<link rel=\"canonical\" href=\"https:\/\/blog.olimar.de\/algarve-kustenwanderung\/\" \/>\n<meta property=\"og:locale\" content=\"de_DE\" \/>\n<meta property=\"og:type\" content=\"article\" \/>\n<meta property=\"og:title\" content=\"Algarve K\u00fcstenwanderung - unser Tipp f\u00fcr den Algarve-Urlaub\" \/>\n<meta property=\"og:description\" content=\"Es gibt unterschiedliche M\u00f6glichkeiten f\u00fcr eine Algarve K\u00fcstenwanderung wie beispielsweise die Sete Vales Suspensos.\" \/>\n<meta property=\"og:url\" content=\"https:\/\/blog.olimar.de\/algarve-kustenwanderung\/\" \/>\n<meta property=\"article:publisher\" content=\"https:\/\/www.facebook.com\/OlimarReisen\" \/>\n<meta property=\"article:published_time\" content=\"2019-10-11T14:56:38+00:00\" \/>\n<meta property=\"article:modified_time\" content=\"2023-05-23T18:53:18+00:00\" \/>\n<meta property=\"og:image\" content=\"https:\/\/blog.olimar.de\/wp-content\/uploads\/2019\/10\/PT-Algarve-PraiadaMarinha-c-FN05949.jpg\" \/>\n\t<meta property=\"og:image:width\" content=\"1774\" \/>\n\t<meta property=\"og:image:height\" content=\"1080\" \/>\n\t<meta property=\"og:image:type\" content=\"image\/jpeg\" \/>\n<meta name=\"author\" content=\"Catrin Ponciano\" \/>\n<meta name=\"twitter:label1\" content=\"Verfasst von\" \/>\n\t<meta name=\"twitter:data1\" content=\"Catrin Ponciano\" \/>\n\t<meta name=\"twitter:label2\" content=\"Gesch\u00e4tzte Lesezeit\" \/>\n\t<meta name=\"twitter:data2\" content=\"9\u00a0Minuten\" \/>\n<script type=\"application\/ld+json\" class=\"yoast-schema-graph\">{\"@context\":\"https:\/\/schema.org\",\"@graph\":[{\"@type\":\"WebPage\",\"@id\":\"https:\/\/blog.olimar.de\/algarve-kustenwanderung\/\",\"url\":\"https:\/\/blog.olimar.de\/algarve-kustenwanderung\/\",\"name\":\"Algarve K\u00fcstenwanderung - unser Tipp f\u00fcr den Algarve-Urlaub\",\"isPartOf\":{\"@id\":\"https:\/\/blog.olimar.de\/#website\"},\"primaryImageOfPage\":{\"@id\":\"https:\/\/blog.olimar.de\/algarve-kustenwanderung\/#primaryimage\"},\"image\":{\"@id\":\"https:\/\/blog.olimar.de\/algarve-kustenwanderung\/#primaryimage\"},\"thumbnailUrl\":\"https:\/\/blog.olimar.de\/wp-content\/uploads\/2019\/10\/PT-Algarve-PraiadaMarinha-c-FN05949.jpg\",\"datePublished\":\"2019-10-11T14:56:38+00:00\",\"dateModified\":\"2023-05-23T18:53:18+00:00\",\"description\":\"Es gibt unterschiedliche M\u00f6glichkeiten f\u00fcr eine Algarve K\u00fcstenwanderung wie beispielsweise die Sete Vales Suspensos.\",\"breadcrumb\":{\"@id\":\"https:\/\/blog.olimar.de\/algarve-kustenwanderung\/#breadcrumb\"},\"inLanguage\":\"de\",\"potentialAction\":[{\"@type\":\"ReadAction\",\"target\":[\"https:\/\/blog.olimar.de\/algarve-kustenwanderung\/\"]}]},{\"@type\":\"ImageObject\",\"inLanguage\":\"de\",\"@id\":\"https:\/\/blog.olimar.de\/algarve-kustenwanderung\/#primaryimage\",\"url\":\"https:\/\/blog.olimar.de\/wp-content\/uploads\/2019\/10\/PT-Algarve-PraiadaMarinha-c-FN05949.jpg\",\"contentUrl\":\"https:\/\/blog.olimar.de\/wp-content\/uploads\/2019\/10\/PT-Algarve-PraiadaMarinha-c-FN05949.jpg\",\"width\":1774,\"height\":1080,\"caption\":\"Wegweiser K\u00fcstenwanderung Algarve\"},{\"@type\":\"BreadcrumbList\",\"@id\":\"https:\/\/blog.olimar.de\/algarve-kustenwanderung\/#breadcrumb\",\"itemListElement\":[{\"@type\":\"ListItem\",\"position\":1,\"name\":\"Home\",\"item\":\"https:\/\/blog.olimar.de\/\"},{\"@type\":\"ListItem\",\"position\":2,\"name\":\"Algarve\",\"item\":\"https:\/\/blog.olimar.de\/tag\/algarve\/\"},{\"@type\":\"ListItem\",\"position\":3,\"name\":\"Algarve K\u00fcstenwanderung &#8211; atemberaubender Bilderbuchweg\"}]},{\"@type\":\"WebSite\",\"@id\":\"https:\/\/blog.olimar.de\/#website\",\"url\":\"https:\/\/blog.olimar.de\/\",\"name\":\"OLIMAR.com\",\"description\":\"\",\"publisher\":{\"@id\":\"https:\/\/blog.olimar.de\/#organization\"},\"potentialAction\":[{\"@type\":\"SearchAction\",\"target\":{\"@type\":\"EntryPoint\",\"urlTemplate\":\"https:\/\/blog.olimar.de\/?s={search_term_string}\"},\"query-input\":{\"@type\":\"PropertyValueSpecification\",\"valueRequired\":true,\"valueName\":\"search_term_string\"}}],\"inLanguage\":\"de\"},{\"@type\":\"Organization\",\"@id\":\"https:\/\/blog.olimar.de\/#organization\",\"name\":\"OLIMAR Reisen\",\"url\":\"https:\/\/blog.olimar.de\/\",\"logo\":{\"@type\":\"ImageObject\",\"inLanguage\":\"de\",\"@id\":\"https:\/\/blog.olimar.de\/#\/schema\/logo\/image\/\",\"url\":\"https:\/\/blog.olimar.de\/wp-content\/uploads\/2021\/01\/OLIMAR_Logo_COLOR.png\",\"contentUrl\":\"https:\/\/blog.olimar.de\/wp-content\/uploads\/2021\/01\/OLIMAR_Logo_COLOR.png\",\"width\":2000,\"height\":986,\"caption\":\"OLIMAR Reisen\"},\"image\":{\"@id\":\"https:\/\/blog.olimar.de\/#\/schema\/logo\/image\/\"},\"sameAs\":[\"https:\/\/www.facebook.com\/OlimarReisen\",\"https:\/\/x.com\/olimarrreisen\",\"https:\/\/www.instagram.com\/olimarreisen\",\"https:\/\/www.youtube.com\/user\/olimarreisen\"]}]}<\/script>\n<!-- \/ Yoast SEO plugin. -->","yoast_head_json":{"title":"Algarve K\u00fcstenwanderung - unser Tipp f\u00fcr den Algarve-Urlaub","description":"Es gibt unterschiedliche M\u00f6glichkeiten f\u00fcr eine Algarve K\u00fcstenwanderung wie beispielsweise die Sete Vales Suspensos.","robots":{"index":"index","follow":"follow","max-snippet":"max-snippet:-1","max-image-preview":"max-image-preview:large","max-video-preview":"max-video-preview:-1"},"canonical":"https:\/\/blog.olimar.de\/algarve-kustenwanderung\/","og_locale":"de_DE","og_type":"article","og_title":"Algarve K\u00fcstenwanderung - unser Tipp f\u00fcr den Algarve-Urlaub","og_description":"Es gibt unterschiedliche M\u00f6glichkeiten f\u00fcr eine Algarve K\u00fcstenwanderung wie beispielsweise die Sete Vales Suspensos.","og_url":"https:\/\/blog.olimar.de\/algarve-kustenwanderung\/","article_publisher":"https:\/\/www.facebook.com\/OlimarReisen","article_published_time":"2019-10-11T14:56:38+00:00","article_modified_time":"2023-05-23T18:53:18+00:00","og_image":[{"width":1774,"height":1080,"url":"https:\/\/blog.olimar.de\/wp-content\/uploads\/2019\/10\/PT-Algarve-PraiadaMarinha-c-FN05949.jpg","type":"image\/jpeg"}],"author":"Catrin Ponciano","twitter_misc":{"Verfasst von":"Catrin Ponciano","Gesch\u00e4tzte Lesezeit":"9\u00a0Minuten"},"schema":{"@context":"https:\/\/schema.org","@graph":[{"@type":"WebPage","@id":"https:\/\/blog.olimar.de\/algarve-kustenwanderung\/","url":"https:\/\/blog.olimar.de\/algarve-kustenwanderung\/","name":"Algarve K\u00fcstenwanderung - unser Tipp f\u00fcr den Algarve-Urlaub","isPartOf":{"@id":"https:\/\/blog.olimar.de\/#website"},"primaryImageOfPage":{"@id":"https:\/\/blog.olimar.de\/algarve-kustenwanderung\/#primaryimage"},"image":{"@id":"https:\/\/blog.olimar.de\/algarve-kustenwanderung\/#primaryimage"},"thumbnailUrl":"https:\/\/blog.olimar.de\/wp-content\/uploads\/2019\/10\/PT-Algarve-PraiadaMarinha-c-FN05949.jpg","datePublished":"2019-10-11T14:56:38+00:00","dateModified":"2023-05-23T18:53:18+00:00","description":"Es gibt unterschiedliche M\u00f6glichkeiten f\u00fcr eine Algarve K\u00fcstenwanderung wie beispielsweise die Sete Vales Suspensos.","breadcrumb":{"@id":"https:\/\/blog.olimar.de\/algarve-kustenwanderung\/#breadcrumb"},"inLanguage":"de","potentialAction":[{"@type":"ReadAction","target":["https:\/\/blog.olimar.de\/algarve-kustenwanderung\/"]}]},{"@type":"ImageObject","inLanguage":"de","@id":"https:\/\/blog.olimar.de\/algarve-kustenwanderung\/#primaryimage","url":"https:\/\/blog.olimar.de\/wp-content\/uploads\/2019\/10\/PT-Algarve-PraiadaMarinha-c-FN05949.jpg","contentUrl":"https:\/\/blog.olimar.de\/wp-content\/uploads\/2019\/10\/PT-Algarve-PraiadaMarinha-c-FN05949.jpg","width":1774,"height":1080,"caption":"Wegweiser K\u00fcstenwanderung Algarve"},{"@type":"BreadcrumbList","@id":"https:\/\/blog.olimar.de\/algarve-kustenwanderung\/#breadcrumb","itemListElement":[{"@type":"ListItem","position":1,"name":"Home","item":"https:\/\/blog.olimar.de\/"},{"@type":"ListItem","position":2,"name":"Algarve","item":"https:\/\/blog.olimar.de\/tag\/algarve\/"},{"@type":"ListItem","position":3,"name":"Algarve K\u00fcstenwanderung &#8211; atemberaubender Bilderbuchweg"}]},{"@type":"WebSite","@id":"https:\/\/blog.olimar.de\/#website","url":"https:\/\/blog.olimar.de\/","name":"OLIMAR.com","description":"","publisher":{"@id":"https:\/\/blog.olimar.de\/#organization"},"potentialAction":[{"@type":"SearchAction","target":{"@type":"EntryPoint","urlTemplate":"https:\/\/blog.olimar.de\/?s={search_term_string}"},"query-input":{"@type":"PropertyValueSpecification","valueRequired":true,"valueName":"search_term_string"}}],"inLanguage":"de"},{"@type":"Organization","@id":"https:\/\/blog.olimar.de\/#organization","name":"OLIMAR Reisen","url":"https:\/\/blog.olimar.de\/","logo":{"@type":"ImageObject","inLanguage":"de","@id":"https:\/\/blog.olimar.de\/#\/schema\/logo\/image\/","url":"https:\/\/blog.olimar.de\/wp-content\/uploads\/2021\/01\/OLIMAR_Logo_COLOR.png","contentUrl":"https:\/\/blog.olimar.de\/wp-content\/uploads\/2021\/01\/OLIMAR_Logo_COLOR.png","width":2000,"height":986,"caption":"OLIMAR Reisen"},"image":{"@id":"https:\/\/blog.olimar.de\/#\/schema\/logo\/image\/"},"sameAs":["https:\/\/www.facebook.com\/OlimarReisen","https:\/\/x.com\/olimarrreisen","https:\/\/www.instagram.com\/olimarreisen","https:\/\/www.youtube.com\/user\/olimarreisen"]}]}},"modified_by":"Lena Radermacher","jetpack_featured_media_url":"https:\/\/blog.olimar.de\/wp-content\/uploads\/2019\/10\/PT-Algarve-PraiadaMarinha-c-FN05949.jpg","_links":{"self":[{"href":"https:\/\/blog.olimar.de\/wp-json\/wp\/v2\/posts\/12321","targetHints":{"allow":["GET"]}}],"collection":[{"href":"https:\/\/blog.olimar.de\/wp-json\/wp\/v2\/posts"}],"about":[{"href":"https:\/\/blog.olimar.de\/wp-json\/wp\/v2\/types\/post"}],"author":[{"embeddable":true,"href":"https:\/\/blog.olimar.de\/wp-json\/wp\/v2\/users\/70"}],"replies":[{"embeddable":true,"href":"https:\/\/blog.olimar.de\/wp-json\/wp\/v2\/comments?post=12321"}],"version-history":[{"count":30,"href":"https:\/\/blog.olimar.de\/wp-json\/wp\/v2\/posts\/12321\/revisions"}],"predecessor-version":[{"id":25428,"href":"https:\/\/blog.olimar.de\/wp-json\/wp\/v2\/posts\/12321\/revisions\/25428"}],"wp:featuredmedia":[{"embeddable":true,"href":"https:\/\/blog.olimar.de\/wp-json\/wp\/v2\/media\/12357"}],"wp:attachment":[{"href":"https:\/\/blog.olimar.de\/wp-json\/wp\/v2\/media?parent=12321"}],"wp:term":[{"taxonomy":"category","embeddable":true,"href":"https:\/\/blog.olimar.de\/wp-json\/wp\/v2\/categories?post=12321"},{"taxonomy":"post_tag","embeddable":true,"href":"https:\/\/blog.olimar.de\/wp-json\/wp\/v2\/tags?post=12321"}],"curies":[{"name":"wp","href":"https:\/\/api.w.org\/{rel}","templated":true}]}}