{"id":12405,"date":"2019-10-28T14:26:12","date_gmt":"2019-10-28T12:26:12","guid":{"rendered":"https:\/\/blog.olimar.de\/?p=12405"},"modified":"2023-05-23T19:33:08","modified_gmt":"2023-05-23T18:33:08","slug":"alfama-in-lissabon","status":"publish","type":"post","link":"https:\/\/blog.olimar.de\/alfama-in-lissabon\/","title":{"rendered":"Alfama in Lissabon &#8211; Herzst\u00fcck von Portugals Hauptstadt"},"content":{"rendered":"\n<p><strong>Das bunte, quirlige Gassenlabyrinth in der historischen Alfama in Lissabon spiegelt den lebenslustigen Esprit der kosmopolitischen Metropole am Tejo wieder und l\u00e4dt ein zum Bummeln und Genie\u00dfen.<\/strong><\/p>\n\n\n\n<div class=\"wp-block-buttons is-layout-flex wp-block-buttons-is-layout-flex\">\n<div class=\"wp-block-button\"><a class=\"wp-block-button__link wp-element-button\" href=\"https:\/\/www.olimar.de\/portugal\/metropolen\/lissabon\/\">Lissabon Reiseangebote und Hoteltipps entdecken<\/a><\/div>\n<\/div>\n\n\n\n<div style=\"height:25px\" aria-hidden=\"true\" class=\"wp-block-spacer\"><\/div>\n\n\n\n<h2>Die ber\u00fchmte Al- Fama in Lissabon<\/h2>\n<p><strong>Al-Fama<\/strong>. Hier wohnt die Seele der stolzen Metropole von <a href=\"https:\/\/www.olimar.de\/portugal\/\">Portugal<\/a>. Das Herz in \u00fcber 2000 Jahren Stadtgeschichte eingefangen, ist sp\u00fcrbar bei jedem Schritt. Und das \u00fcber kopfsteingepflasterte Treppen und beim Erkunden der Labyrinthartigen H\u00e4userdurchl\u00e4sse. Tags\u00fcber atmet die Al- Fama die schattige Stille in den Gassen ein, nachts <strong>sorglose Lebenslust<\/strong> aus. Das Zittern der portugiesischen Gitarre, erf\u00fcllt die Kneipen der Alfama zum <strong>Fado de Lisboa<\/strong> Gesang. Der eigent\u00fcmliche Klang dieser unvergleichbaren Musik, bet\u00f6rt Menschen aus aller Welt, die extra bis hierherkommen, weil sie das<strong> authentische<\/strong>, das wahre <a href=\"https:\/\/www.olimar.de\/portugal\/metropolen\/lissabon\/\" rel=\"noreferrer noopener\" aria-label=\"Lissabon (opens in a new tab)\">Lissabon<\/a> suchen. Noch ist es da, <strong>das Urspr\u00fcngliche<\/strong>. Noch ist der Charakter von Al-Fama nicht der sich auft\u00fcrmenden Tourismuswelle in Lissabon zum Opfer gefallen, und das bleibt (hoffentlich) so lange so, solange Lissaboner die Al- Fama am Leben erhalten.<\/p>\n\n\n\n<figure class=\"wp-block-image\"><img loading=\"lazy\" decoding=\"async\" width=\"684\" height=\"1024\" src=\"https:\/\/blog.olimar.de\/wp-content\/uploads\/2016\/09\/Portugal-Lissabon-Alfama-Meurers_3554-684x1024.jpg\" alt=\"Gasse Alfama Lissabon\" class=\"wp-image-6726\" srcset=\"https:\/\/blog.olimar.de\/wp-content\/uploads\/2016\/09\/Portugal-Lissabon-Alfama-Meurers_3554-684x1024.jpg 684w, https:\/\/blog.olimar.de\/wp-content\/uploads\/2016\/09\/Portugal-Lissabon-Alfama-Meurers_3554-200x300.jpg 200w, https:\/\/blog.olimar.de\/wp-content\/uploads\/2016\/09\/Portugal-Lissabon-Alfama-Meurers_3554-768x1151.jpg 768w, https:\/\/blog.olimar.de\/wp-content\/uploads\/2016\/09\/Portugal-Lissabon-Alfama-Meurers_3554.jpg 1335w\" sizes=\"auto, (max-width: 684px) 100vw, 684px\" \/><figcaption class=\"wp-element-caption\">Alfama Lissabon &#8211; Gasse<\/figcaption><\/figure>\n\n\n\n<h3>Das Urspr\u00fcngliche Lissabon<\/h3>\n<p><strong>Winzige Kneipen<\/strong> und ihre Wirtsleute, die reden, wie ihnen der Schnabel gewachsen ist.<strong> Tante-Emma-L\u00e4den<\/strong>, gerade einmal so gro\u00df wie ein Hausflur, in denen sich die Waren bis zur Decke stapeln. Kabelsalat entlang der Hausfassaden, Ober- und Unterw\u00e4sche auf gespannten Leinen, lauschige Pl\u00e4tze unter <strong>Weinlaubranken<\/strong> und gesch\u00e4ftst\u00fcchtig gewiefte Seniorinnen, die auf Klapptischen, Kirschlik\u00f6r in Schokoladen-Becherchen feilbieten, geh\u00f6ren dazu.<\/p>\n\n\n\n<figure class=\"wp-block-image\"><img loading=\"lazy\" decoding=\"async\" width=\"1024\" height=\"684\" src=\"https:\/\/blog.olimar.de\/wp-content\/uploads\/2016\/09\/Portugal-Lissabon-Alfama-Meurers_3542-1024x684.jpg\" alt=\"W\u00e4sche trocknet aus dem Fenster raus an Leinen. Alfama Lissabon\" class=\"wp-image-6718\" srcset=\"https:\/\/blog.olimar.de\/wp-content\/uploads\/2016\/09\/Portugal-Lissabon-Alfama-Meurers_3542-1024x684.jpg 1024w, https:\/\/blog.olimar.de\/wp-content\/uploads\/2016\/09\/Portugal-Lissabon-Alfama-Meurers_3542-300x200.jpg 300w, https:\/\/blog.olimar.de\/wp-content\/uploads\/2016\/09\/Portugal-Lissabon-Alfama-Meurers_3542-768x513.jpg 768w, https:\/\/blog.olimar.de\/wp-content\/uploads\/2016\/09\/Portugal-Lissabon-Alfama-Meurers_3542-840x560.jpg 840w, https:\/\/blog.olimar.de\/wp-content\/uploads\/2016\/09\/Portugal-Lissabon-Alfama-Meurers_3542-1200x800.jpg 1200w, https:\/\/blog.olimar.de\/wp-content\/uploads\/2016\/09\/Portugal-Lissabon-Alfama-Meurers_3542.jpg 2000w\" sizes=\"auto, (max-width: 1024px) 100vw, 1024px\" \/><figcaption class=\"wp-element-caption\">W\u00e4sche aus dem Fenster raus trocknen<\/figcaption><\/figure>\n\n\n\n<figure class=\"wp-block-image is-resized\"><img loading=\"lazy\" decoding=\"async\" src=\"https:\/\/blog.olimar.de\/wp-content\/uploads\/2016\/09\/Portugal-Lissabon-Alfama-Meurers_3544-684x1024.jpg\" alt=\"Treppen Gasse Alfama Lissabon\" class=\"wp-image-6720\" width=\"684\" height=\"1024\" srcset=\"https:\/\/blog.olimar.de\/wp-content\/uploads\/2016\/09\/Portugal-Lissabon-Alfama-Meurers_3544-684x1024.jpg 684w, https:\/\/blog.olimar.de\/wp-content\/uploads\/2016\/09\/Portugal-Lissabon-Alfama-Meurers_3544-200x300.jpg 200w, https:\/\/blog.olimar.de\/wp-content\/uploads\/2016\/09\/Portugal-Lissabon-Alfama-Meurers_3544-768x1151.jpg 768w, https:\/\/blog.olimar.de\/wp-content\/uploads\/2016\/09\/Portugal-Lissabon-Alfama-Meurers_3544.jpg 1335w\" sizes=\"auto, (max-width: 684px) 100vw, 684px\" \/><figcaption class=\"wp-element-caption\">Treppenstufen bringen einen durch die Gassen Alfama&#8217;s <\/figcaption><\/figure>\n\n\n\n<p>Mittendrin \u2013 der Tourist. Unterwegs zu Fu\u00df, mit Segway, mit E-Roller oder anderen Vehikeln. Er zw\u00e4ngt sich durch enge Gassen, schiebt sich kreuz und quer durch <strong>die Alfama<\/strong> von Lissabon. Immer auf der Suche nach <strong>Nostalgie und Romantik<\/strong>.&nbsp; Die Alfama in Lissabon ist \u00fcber 2000 Jahre alt. Es hat R\u00f6mer, Mauren, das Erdbeben am 1.11.1755 \u00fcberlebt, und pr\u00e4sentiert sich in <strong>traditionell historisch<\/strong> verschachtelter H\u00e4user-Struktur. Dicht schmiegen sich die nostalgisch anmutenden Quartiere mit niedrigen T\u00fcren, kleinen Fenstern, und winzigen Balkonen Wand an Wand aneinander. Eine bunt <strong>besinnliche H\u00e4userfassadengalerie<\/strong>, die sich \u00fcber den gesamten Hang ausdehnt bis zum Ufer am Tejo-Fluss. Etliche Jahrhunderte lang galt die Alfama als R\u00fcckzugsort. Und pr\u00e4gte so den lautmalerischen Namen <em>al-Fama<\/em>, was so viel wie, heiliger Ort sprudelnder Quellen bedeutet. Gesegnet ist dieser Teil der Stadt, mit unterirdischen Wasserminen, aus deren Brunnen die in Lissabon lebenden Menschen, jahrhundertelang Wasser sch\u00f6pften.<\/p>\n<p>Gesch\u00fctzt von einer mehrere Meter dicken und hoch errichteten Stadtmauer, breitet sich die <strong>Alfama<\/strong> vom heutigen \u00dcbersee-Anlegesteg, aufw\u00e4rts aus bis zur <strong>Georgs-Burg <em>Castelo de S\u00e3o Jorge<\/em> <\/strong>auf der H\u00fcgelkuppe.<\/p>\n\n\n\n<figure class=\"wp-block-image\"><img loading=\"lazy\" decoding=\"async\" width=\"1024\" height=\"560\" src=\"https:\/\/blog.olimar.de\/wp-content\/uploads\/2016\/09\/Portugal-Lissabon-Alfama-Meurers_3492-1024x560.jpg\" alt=\"Panorama Stadt Burg Tejo Lissabon\" class=\"wp-image-6684\" srcset=\"https:\/\/blog.olimar.de\/wp-content\/uploads\/2016\/09\/Portugal-Lissabon-Alfama-Meurers_3492-1024x560.jpg 1024w, https:\/\/blog.olimar.de\/wp-content\/uploads\/2016\/09\/Portugal-Lissabon-Alfama-Meurers_3492-300x164.jpg 300w, https:\/\/blog.olimar.de\/wp-content\/uploads\/2016\/09\/Portugal-Lissabon-Alfama-Meurers_3492-768x420.jpg 768w, https:\/\/blog.olimar.de\/wp-content\/uploads\/2016\/09\/Portugal-Lissabon-Alfama-Meurers_3492.jpg 2000w\" sizes=\"auto, (max-width: 1024px) 100vw, 1024px\" \/><figcaption class=\"wp-element-caption\">Panorama \u00fcber die Stadt <\/figcaption><\/figure>\n\n\n\n<h3>Stadttore \u00fcber Stadttore<\/h3>\n<p>Hinein f\u00fchren etliche Stadttore durch die teilweise, noch vollst\u00e4ndig erhaltene mittelalterliche Stadtmauer, die in ihren Ausma\u00dfen zeigt, wie gro\u00df die <strong>Diva am Tejo<\/strong> bereits vor 1000 Jahren gewesen ist. Schattig dunkle Tunnelb\u00f6gen f\u00fchren \u00fcber steile Treppen, unter den pr\u00e4chtigen Gr\u00fcnderh\u00e4usern an der <strong>Rua de<\/strong> <strong>Alf\u00e2ndega<\/strong> hindurch. Und direkt in den dahinter verborgenen<strong>&nbsp;historischen Kern der<\/strong> <strong>Alfama<\/strong>.<\/p>\n<p>Vorbei am<strong> Museumshaus<\/strong> <strong>Casa de Bicos<\/strong> mit den einzigartigen Stachelfassaden, in dem die Stiftung des portugiesischen Literaturnobelpreistr\u00e4gers Jos\u00e9 Saramago beheimatet ist, gelangt man gem\u00fctlich flanierend \u00fcber den <strong>Platz<\/strong> <strong>Campo das Cebolas <\/strong>bis zum<strong> K\u00f6nigsbrunnen Chafariz d`El Rei. <\/strong>Und dann geht es weiter durch insgesamt <strong>16 Stadttore<\/strong>, hinein in das Gassenlabyrinth der <strong>Alfama in<\/strong> <strong>Lissabon<\/strong>,&nbsp;mit seinen kleinen, traditionell gef\u00fchrten Restaurants und Fado-Lokalen. Dazu kommen Dutzende Kirchen und Kapellen, die sich in dem verschachtelten H\u00e4usermeer verstecken. Weiter geht&#8217;s zu den spektakul\u00e4ren Aussichtspunkten <strong>Miradouro Santa Luzia<\/strong> und <strong>Porta do Sol<\/strong>. Und von dort aus, kann man noch ein St\u00fcck steil den Hang hinauf gehen, bis hin zum Eingang der <strong>Sankt-Georgs-Burg<\/strong>.<\/p>\n\n\n\n<h2>Im Gassenlabyrinth der Alfama<\/h2>\n<p>Das Stadttor am K\u00f6nigsbrunnen, f\u00fchrt vorbei an einem englischen G\u00e4stehaus, \u00fcber eine Treppe zum <strong>Platz S\u00e3o Miguel<\/strong>. Und nach rechts geht es direkt in die gleichnamige Nachbarschaft und Kirche. Fr\u00fchmorgens ruhen die Gassen, in diesem Teil der Alfama noch. Lediglich der B\u00e4cker, der Tante-Emma-Laden und die Kunst-Boutiquen sind ge\u00f6ffnet. Frisch gewaschene W\u00e4sche flattert an d\u00fcnnen Leinen zwischen den H\u00e4userfluten gespannt und schenken der Alfama ihren unnachahmlichen Duft, den die Portugiesische <strong>Fado Diva Am\u00e1lia Rodrigues<\/strong> in ihrem Fado-Schlager <strong>Cheira bem, cheira Lisboa,<\/strong> verewigt hat. In den Caf\u00e9s hingegen, erklingt das blecherne Lied der Kaffeel\u00f6ffel in Espressotassen. Und das im Kanon mit dem morgendlichen Konversations-Chor der Nachbarn. In den zur Gasse hin ge\u00f6ffneten Fenstern, durch die man direkt ins Wohnzimmer blickt, verkauft heutzutage niemand mehr,&nbsp; wie noch vor 40 Jahren Fisch \u00fcber das Fensterbrett. Aber daf\u00fcr kann man hier bei den im Viertel lebenden \u00e4lteren Menschen, <strong>Kirschlik\u00f6r probieren<\/strong>.<\/p>\n\n\n\n<figure class=\"wp-block-image\"><img decoding=\"async\" src=\"https:\/\/blog.olimar.de\/wp-content\/uploads\/2019\/10\/Lik\u00f6rgesch\u00e4ft-2-1024x674.jpg\" alt=\"Lik\u00f6rgesch\u00e4ft in Lissaboner Alfama\"\/><figcaption class=\"wp-element-caption\">Lik\u00f6rgesch\u00e4ft<\/figcaption><\/figure>\n\n\n\n<h3>Kirschlik\u00f6r, Fado &amp; vieles mehr<\/h3>\n<p>Mit dem Verkauf von Schn\u00e4pschen im Stehen, bessern sich die<strong> \u201eMethusalinnen\u201c<\/strong> in der Alfama ihre bescheidenen Renten auf. Sie alle wurden in der Alfama geboren und haben hier ihr Leben miteinander verbracht. Aber ihr Nachwuchs hat das Nest verlassen und lebt und arbeitet weit weg, oftmals gar im Ausland. Diese Frauen sind die Seele, die <strong>Alma des Quartiers<\/strong>. Ihre Konterfeis sind von einer lokalen K\u00fcnstlergemeinschaft, als Nachbarschafts-Galerie mit Portrait plus Kurz-Biografie daneben, an den Hausw\u00e4nden ausgestellt.<\/p>\n<p>Gegen Mittag \u00f6ffnen nach und nach alle Lokale. Terrassenm\u00f6bel werden gedeckt, Grillstationen angeheizt. Es duftet nach<strong> Eintopf<\/strong>, nach <strong>Sardinen<\/strong>, und nach Rauch. Aus jeder T\u00fcr str\u00f6mt appetitlicher Duft in die Gassen. Mit Kreide beschriebene Tafeln k\u00fcnden Tagesgerichte, und abends Fado an. Karierte Tischdecken liegen auf kleinen Tischen, auf wackligen Hockern sitzt man gem\u00fctlich und speist Leckeres zu \u00fcberraschend niedrigen Preisen.<\/p>\n\n\n\n<figure class=\"wp-block-image\"><img loading=\"lazy\" decoding=\"async\" width=\"822\" height=\"600\" src=\"https:\/\/blog.olimar.de\/wp-content\/uploads\/2019\/10\/Lokal-t\u00edpico.jpg\" alt=\"Gassen von Alfama \" class=\"wp-image-12421\" srcset=\"https:\/\/blog.olimar.de\/wp-content\/uploads\/2019\/10\/Lokal-t\u00edpico.jpg 822w, https:\/\/blog.olimar.de\/wp-content\/uploads\/2019\/10\/Lokal-t\u00edpico-300x219.jpg 300w, https:\/\/blog.olimar.de\/wp-content\/uploads\/2019\/10\/Lokal-t\u00edpico-768x561.jpg 768w\" sizes=\"auto, (max-width: 822px) 100vw, 822px\" \/><figcaption class=\"wp-element-caption\">Sitzgelegenheiten mitten in den kleinen G\u00e4sschen<\/figcaption><\/figure>\n\n\n\n<h3>\u00dcber den D\u00e4chern Lissabon&#8217;s<\/h3>\n<p>So gest\u00e4rkt erklimmt der Reisende, die vielen Stufen durch die <strong>Escola Gerais<\/strong>, vorbei an der Kirche <strong>S\u00e3o Estev\u00e3o<\/strong> weiter hinauf, und vorbei am Kloster des Heiligen Vinzenz bis zur nostalgischen Stra\u00dfenbahn Gra\u00e7a Endstation. Da geht es links weiter zur Aussichtsterrasse am gleichnamigen <strong>Gra\u00e7a-Kloster<\/strong>. Der Blick wandert \u00fcber die D\u00e4cher von Lissabon. Und weiter \u00fcber den Tejo, bis zur 25. April Br\u00fccke und auf den H\u00fcgel mit dem <strong>Castelo de S\u00e3o Jorge<\/strong>. Abw\u00e4rts geht es vorbei an der Akademie f\u00fcr Musik, zu den Aussichtspunkten <strong>Porta do Sol,<\/strong> wo die Statuette des M\u00e4rtyrers und Landesvater Vinzenz mit Karavelle im Arm \u00fcber das Wohl seiner Stadt wacht. Ein <strong>Kaffeegarten<\/strong> l\u00e4dt zu einer Pause ein. Und das mit atemberaubender Aussicht \u00fcber die Dachlandschaft der Alfama.<\/p>\n\n\n\n<figure class=\"wp-block-image\"><img loading=\"lazy\" decoding=\"async\" width=\"1024\" height=\"683\" src=\"https:\/\/blog.olimar.de\/wp-content\/uploads\/2019\/10\/PT-LissabonStadt-MiradourodeSantaLuzia-c-FN03794-1024x683.jpg\" alt=\"Miradouro Porta do Sol in Lissabon\" class=\"wp-image-12480\" srcset=\"https:\/\/blog.olimar.de\/wp-content\/uploads\/2019\/10\/PT-LissabonStadt-MiradourodeSantaLuzia-c-FN03794-1024x683.jpg 1024w, https:\/\/blog.olimar.de\/wp-content\/uploads\/2019\/10\/PT-LissabonStadt-MiradourodeSantaLuzia-c-FN03794-300x200.jpg 300w, https:\/\/blog.olimar.de\/wp-content\/uploads\/2019\/10\/PT-LissabonStadt-MiradourodeSantaLuzia-c-FN03794-768x512.jpg 768w, https:\/\/blog.olimar.de\/wp-content\/uploads\/2019\/10\/PT-LissabonStadt-MiradourodeSantaLuzia-c-FN03794-840x560.jpg 840w, https:\/\/blog.olimar.de\/wp-content\/uploads\/2019\/10\/PT-LissabonStadt-MiradourodeSantaLuzia-c-FN03794-1200x800.jpg 1200w, https:\/\/blog.olimar.de\/wp-content\/uploads\/2019\/10\/PT-LissabonStadt-MiradourodeSantaLuzia-c-FN03794.jpg 1619w\" sizes=\"auto, (max-width: 1024px) 100vw, 1024px\" \/><figcaption class=\"wp-element-caption\">Blick auf die Stadt und den Tejo vom Aussichtspunkt Porta do Sol in Lissabon<\/figcaption><\/figure>\n\n\n\n<p class=\"wp-block-paragraph\"><\/p>\n\n\n\n<p>Kapverdische Kl\u00e4nge einer Stra\u00dfenband vers\u00fc\u00dfen die Pause mit rhythmischen Melodien. Etwa 50 Meter weiter wartet der <strong>Santa Luzia Aussichtpunkt<\/strong>, mit Rosengarten und einem Fliesenpanel mit Stadtansicht von Lissabon vor dem Erdbeben.<\/p>\n\n\n\n<h2>Startpunkt des portugiesischen Jakobswegs in Lissabon<\/h2>\n<p>Schr\u00e4g gegen\u00fcber, hinter dem Museum f\u00fcr Dekorative Kunst und Keramik, beginnt \u00fcbrigens der <a href=\"https:\/\/blog.olimar.de\/portugiesischer-jakobsweg\/\">Jakobsweg<\/a>, von Lissabon nach Santiago de Compostela.<\/p>\n\n\n<div class=\"wp-block-image\">\n<figure class=\"aligncenter is-resized\"><img loading=\"lazy\" decoding=\"async\" src=\"https:\/\/blog.olimar.de\/wp-content\/uploads\/2019\/10\/Beginn-Jakobsweg-in-Lissabon--1024x700.jpg\" alt=\"Beginn des portugiesichen Jakobswegs\" class=\"wp-image-12424\" width=\"256\" height=\"175\" srcset=\"https:\/\/blog.olimar.de\/wp-content\/uploads\/2019\/10\/Beginn-Jakobsweg-in-Lissabon--1024x700.jpg 1024w, https:\/\/blog.olimar.de\/wp-content\/uploads\/2019\/10\/Beginn-Jakobsweg-in-Lissabon--300x205.jpg 300w, https:\/\/blog.olimar.de\/wp-content\/uploads\/2019\/10\/Beginn-Jakobsweg-in-Lissabon--768x525.jpg 768w\" sizes=\"auto, (max-width: 256px) 100vw, 256px\" \/><figcaption class=\"wp-element-caption\">Startpunkt des Jakobsweges in Lissabons Alfama<\/figcaption><\/figure>\n<\/div>\n\n\n<p>Hinter der Santiago Kirche kann man den Schildern bis zur Burg folgen, oder der Stra\u00dfe und der Stra\u00dfenbahnlinie 28 abw\u00e4rts bis zur <strong>Kathedrale S\u00e9 de Lisboa<\/strong> und zur<strong> Ant\u00f3nius-Kirche<\/strong> mit Museum gegen\u00fcber. Oder aufw\u00e4rts zum<strong> r\u00f6mischen Amphitheater<\/strong> marschieren. Oder auf der Stra\u00dfe <strong>Costa do Castelo<\/strong> unterhalb der Burgmauer, einmal um den Burgh\u00fcgel herumlaufen und den Abstieg bis zum Tejo oder bis zum <strong>Milit\u00e4rmuseum<\/strong> oder zum <strong>Fado-Museum<\/strong> nehmen.<\/p>\n<p>Ach, am besten bleibt man nach dem Mittagessen einfach auf dem wackligen Holzh\u00f6ckerchen sitzen und wartet bis es abends wird. Bis das Licht der untergehenden Sonne die Alfama g\u00fclden anstrahlt. Bis frische Sardinen auf dem Grill brutzeln, der Wein besonders wohl schmeckt, und die Fado-S\u00e4nger durch die Kneipen tingeln und vom Duft Lissabons, von der Sehnsucht, von der Liebe \u00fcberhaupt, singen.<\/p>\n<p>Mehr zum Nachtleben in der Alfama in Lissabon lies im Blogartikel <a href=\"https:\/\/blog.olimar.de\/ein-abend-in-lissabon\/\">Wenn die Nacht zum Tag wird<\/a>.<\/p>\n\n\n\n<figure class=\"wp-block-image\"><img loading=\"lazy\" decoding=\"async\" width=\"1024\" height=\"684\" src=\"https:\/\/blog.olimar.de\/wp-content\/uploads\/2019\/09\/Portugal-Lissabon-Alfama-Meurers_3553-1024x684.jpg\" alt=\"Fado Abend\" class=\"wp-image-11972\" srcset=\"https:\/\/blog.olimar.de\/wp-content\/uploads\/2019\/09\/Portugal-Lissabon-Alfama-Meurers_3553-1024x684.jpg 1024w, https:\/\/blog.olimar.de\/wp-content\/uploads\/2019\/09\/Portugal-Lissabon-Alfama-Meurers_3553-300x200.jpg 300w, https:\/\/blog.olimar.de\/wp-content\/uploads\/2019\/09\/Portugal-Lissabon-Alfama-Meurers_3553-768x513.jpg 768w, https:\/\/blog.olimar.de\/wp-content\/uploads\/2019\/09\/Portugal-Lissabon-Alfama-Meurers_3553-840x560.jpg 840w, https:\/\/blog.olimar.de\/wp-content\/uploads\/2019\/09\/Portugal-Lissabon-Alfama-Meurers_3553-1200x800.jpg 1200w, https:\/\/blog.olimar.de\/wp-content\/uploads\/2019\/09\/Portugal-Lissabon-Alfama-Meurers_3553.jpg 2000w\" sizes=\"auto, (max-width: 1024px) 100vw, 1024px\" \/><figcaption class=\"wp-element-caption\">Werbung f\u00fcr eine Fado Abend<\/figcaption><\/figure>\n\n\n\n<h2>Unser Hoteltipp f\u00fcr die Alfama in Lissabon<\/h2>\n<p>Das <a href=\"https:\/\/www.olimar.de\/detailseite\/memmo-alfama--lissabon--portugal\/\">Boutique-Hotel Memmo Alfama ****<\/a>+ im Herzen der Alfama befindet sich rund 500 m unterhalb der Burg Castelo de S\u00e3o Jorge, nur wenige Gehminuten von einer Haltestelle der ber\u00fchmten \u201eEl\u00e9ctrico\u201c-Linie 28 entfernt. Das gleicherma\u00dfen charmante wie stylische 4-Sterne-Haus ging aus der aufw\u00e4ndigen Restaurierung eines Geb\u00e4udes des sp\u00e4ten 19. Jh. hervor.<\/p>\n\n\n\n<figure class=\"wp-block-gallery has-nested-images columns-2 is-cropped wp-block-gallery-1 is-layout-flex wp-block-gallery-is-layout-flex\">\n<figure class=\"wp-block-image\"><img loading=\"lazy\" decoding=\"async\" width=\"1024\" height=\"576\" data-id=\"12502\" src=\"https:\/\/blog.olimar.de\/wp-content\/uploads\/2019\/10\/lis809-z-patioroom2019a-1024x576.jpg\" alt=\"Hotel Memmo Alfama Patioroom\" class=\"wp-image-12502\" srcset=\"https:\/\/blog.olimar.de\/wp-content\/uploads\/2019\/10\/lis809-z-patioroom2019a-1024x576.jpg 1024w, https:\/\/blog.olimar.de\/wp-content\/uploads\/2019\/10\/lis809-z-patioroom2019a-300x169.jpg 300w, https:\/\/blog.olimar.de\/wp-content\/uploads\/2019\/10\/lis809-z-patioroom2019a-768x432.jpg 768w, https:\/\/blog.olimar.de\/wp-content\/uploads\/2019\/10\/lis809-z-patioroom2019a.jpg 1099w\" sizes=\"auto, (max-width: 1024px) 100vw, 1024px\" \/><figcaption class=\"wp-element-caption\">Zimmerbeispiel<\/figcaption><\/figure>\n\n\n\n<figure class=\"wp-block-image\"><img loading=\"lazy\" decoding=\"async\" width=\"442\" height=\"618\" data-id=\"12501\" src=\"https:\/\/blog.olimar.de\/wp-content\/uploads\/2019\/10\/lis809-a-front2019.jpg\" alt=\"Hotel Memmo Alfama\" class=\"wp-image-12501\" srcset=\"https:\/\/blog.olimar.de\/wp-content\/uploads\/2019\/10\/lis809-a-front2019.jpg 442w, https:\/\/blog.olimar.de\/wp-content\/uploads\/2019\/10\/lis809-a-front2019-215x300.jpg 215w\" sizes=\"auto, (max-width: 442px) 100vw, 442px\" \/><figcaption class=\"wp-element-caption\">Hotel Memmo Alfama <\/figcaption><\/figure>\n\n\n\n<figure class=\"wp-block-image\"><img loading=\"lazy\" decoding=\"async\" width=\"927\" height=\"618\" data-id=\"12494\" src=\"https:\/\/blog.olimar.de\/wp-content\/uploads\/2019\/10\/lis809-i-rooftopterrace2019.jpg\" alt=\"Blick vom Hotel Memmo\" class=\"wp-image-12494\" srcset=\"https:\/\/blog.olimar.de\/wp-content\/uploads\/2019\/10\/lis809-i-rooftopterrace2019.jpg 927w, https:\/\/blog.olimar.de\/wp-content\/uploads\/2019\/10\/lis809-i-rooftopterrace2019-300x200.jpg 300w, https:\/\/blog.olimar.de\/wp-content\/uploads\/2019\/10\/lis809-i-rooftopterrace2019-768x512.jpg 768w, https:\/\/blog.olimar.de\/wp-content\/uploads\/2019\/10\/lis809-i-rooftopterrace2019-840x560.jpg 840w\" sizes=\"auto, (max-width: 927px) 100vw, 927px\" \/><figcaption class=\"wp-element-caption\">Blick von der Dachterrasse des Hotels<\/figcaption><\/figure>\n<\/figure>\n\n\n\n<div style=\"height:75px\" aria-hidden=\"true\" class=\"wp-block-spacer\"><\/div>\n\n\n\n<div class=\"wp-block-buttons is-layout-flex wp-block-buttons-is-layout-flex\">\n<div class=\"wp-block-button\"><a class=\"wp-block-button__link wp-element-button\" href=\"https:\/\/www.olimar.de\/hotellistung\/\">Jetzt Urlaubsangebote finden und buchen<\/a><\/div>\n<\/div>\n\n\n\n<div style=\"height:100px\" aria-hidden=\"true\" class=\"wp-block-spacer\"><\/div>\n","protected":false},"excerpt":{"rendered":"<p>Das bunte, quirlige Gassenlabyrinth in der historischen Alfama in Lissabon spiegelt den lebenslustigen Esprit der kosmopolitischen Metropole am Tejo wieder und l\u00e4dt ein zum Bummeln und Genie\u00dfen. Die ber\u00fchmte Al- Fama in Lissabon Al-Fama. Hier wohnt die Seele der stolzen Metropole von Portugal. Das Herz in \u00fcber 2000 Jahren Stadtgeschichte eingefangen, ist sp\u00fcrbar bei jedem Schritt. Und das \u00fcber kopfsteingepflasterte Treppen und beim Erkunden der Labyrinthartigen H\u00e4userdurchl\u00e4sse. Tags\u00fcber atmet die Al- Fama die schattige Stille in den Gassen ein, nachts sorglose Lebenslust aus. Das Zittern der portugiesischen Gitarre, erf\u00fcllt die Kneipen der Alfama zum Fado de Lisboa Gesang. Der eigent\u00fcmliche Klang &hellip;<\/p>\n","protected":false},"author":70,"featured_media":6705,"comment_status":"open","ping_status":"open","sticky":false,"template":"","format":"standard","meta":{"_crdt_document":"","_lmt_disableupdate":"","_lmt_disable":"","footnotes":""},"categories":[28,31],"tags":[25,34],"class_list":["post-12405","post","type-post","status-publish","format-standard","has-post-thumbnail","hentry","category-kunst-kultur","category-land-leute","tag-lissabon","tag-portugal"],"yoast_head":"<!-- This site is optimized with the Yoast SEO plugin v26.9 - https:\/\/yoast.com\/product\/yoast-seo-wordpress\/ -->\n<title>Alfama in Lissabon - Herzst\u00fcck von Portugals Hauptstadt -<\/title>\n<meta name=\"description\" content=\"Komm mit auf einen Spaziergang durch die ber\u00fchmte Alfama in Lissabon. Kleine G\u00e4sschen, Fadokneipen und typische Restaurants erwarten Dich.\" \/>\n<meta name=\"robots\" content=\"index, follow, max-snippet:-1, max-image-preview:large, max-video-preview:-1\" \/>\n<link rel=\"canonical\" href=\"https:\/\/blog.olimar.de\/alfama-in-lissabon\/\" \/>\n<meta property=\"og:locale\" content=\"de_DE\" \/>\n<meta property=\"og:type\" content=\"article\" \/>\n<meta property=\"og:title\" content=\"Alfama in Lissabon - Herzst\u00fcck von Portugals Hauptstadt -\" \/>\n<meta property=\"og:description\" content=\"Komm mit auf einen Spaziergang durch die ber\u00fchmte Alfama in Lissabon. Kleine G\u00e4sschen, Fadokneipen und typische Restaurants erwarten Dich.\" \/>\n<meta property=\"og:url\" content=\"https:\/\/blog.olimar.de\/alfama-in-lissabon\/\" \/>\n<meta property=\"article:publisher\" content=\"https:\/\/www.facebook.com\/OlimarReisen\" \/>\n<meta property=\"article:published_time\" content=\"2019-10-28T12:26:12+00:00\" \/>\n<meta property=\"article:modified_time\" content=\"2023-05-23T18:33:08+00:00\" \/>\n<meta property=\"og:image\" content=\"https:\/\/blog.olimar.de\/wp-content\/uploads\/2016\/09\/Portugal-Lissabon-Alfama-Meurers_3527.jpg\" \/>\n\t<meta property=\"og:image:width\" content=\"2000\" \/>\n\t<meta property=\"og:image:height\" content=\"1335\" \/>\n\t<meta property=\"og:image:type\" content=\"image\/jpeg\" \/>\n<meta name=\"author\" content=\"Catrin Ponciano\" \/>\n<meta name=\"twitter:label1\" content=\"Verfasst von\" \/>\n\t<meta name=\"twitter:data1\" content=\"Catrin Ponciano\" \/>\n\t<meta name=\"twitter:label2\" content=\"Gesch\u00e4tzte Lesezeit\" \/>\n\t<meta name=\"twitter:data2\" content=\"10\u00a0Minuten\" \/>\n<script type=\"application\/ld+json\" class=\"yoast-schema-graph\">{\"@context\":\"https:\/\/schema.org\",\"@graph\":[{\"@type\":\"WebPage\",\"@id\":\"https:\/\/blog.olimar.de\/alfama-in-lissabon\/\",\"url\":\"https:\/\/blog.olimar.de\/alfama-in-lissabon\/\",\"name\":\"Alfama in Lissabon - Herzst\u00fcck von Portugals Hauptstadt -\",\"isPartOf\":{\"@id\":\"https:\/\/blog.olimar.de\/#website\"},\"primaryImageOfPage\":{\"@id\":\"https:\/\/blog.olimar.de\/alfama-in-lissabon\/#primaryimage\"},\"image\":{\"@id\":\"https:\/\/blog.olimar.de\/alfama-in-lissabon\/#primaryimage\"},\"thumbnailUrl\":\"https:\/\/blog.olimar.de\/wp-content\/uploads\/2016\/09\/Portugal-Lissabon-Alfama-Meurers_3527.jpg\",\"datePublished\":\"2019-10-28T12:26:12+00:00\",\"dateModified\":\"2023-05-23T18:33:08+00:00\",\"description\":\"Komm mit auf einen Spaziergang durch die ber\u00fchmte Alfama in Lissabon. Kleine G\u00e4sschen, Fadokneipen und typische Restaurants erwarten Dich.\",\"breadcrumb\":{\"@id\":\"https:\/\/blog.olimar.de\/alfama-in-lissabon\/#breadcrumb\"},\"inLanguage\":\"de\",\"potentialAction\":[{\"@type\":\"ReadAction\",\"target\":[\"https:\/\/blog.olimar.de\/alfama-in-lissabon\/\"]}]},{\"@type\":\"ImageObject\",\"inLanguage\":\"de\",\"@id\":\"https:\/\/blog.olimar.de\/alfama-in-lissabon\/#primaryimage\",\"url\":\"https:\/\/blog.olimar.de\/wp-content\/uploads\/2016\/09\/Portugal-Lissabon-Alfama-Meurers_3527.jpg\",\"contentUrl\":\"https:\/\/blog.olimar.de\/wp-content\/uploads\/2016\/09\/Portugal-Lissabon-Alfama-Meurers_3527.jpg\",\"width\":2000,\"height\":1335,\"caption\":\"H\u00e4user in der Alfama\"},{\"@type\":\"BreadcrumbList\",\"@id\":\"https:\/\/blog.olimar.de\/alfama-in-lissabon\/#breadcrumb\",\"itemListElement\":[{\"@type\":\"ListItem\",\"position\":1,\"name\":\"Home\",\"item\":\"https:\/\/blog.olimar.de\/\"},{\"@type\":\"ListItem\",\"position\":2,\"name\":\"Lissabon\",\"item\":\"https:\/\/blog.olimar.de\/tag\/lissabon\/\"},{\"@type\":\"ListItem\",\"position\":3,\"name\":\"Alfama in Lissabon &#8211; Herzst\u00fcck von Portugals Hauptstadt\"}]},{\"@type\":\"WebSite\",\"@id\":\"https:\/\/blog.olimar.de\/#website\",\"url\":\"https:\/\/blog.olimar.de\/\",\"name\":\"OLIMAR.com\",\"description\":\"\",\"publisher\":{\"@id\":\"https:\/\/blog.olimar.de\/#organization\"},\"potentialAction\":[{\"@type\":\"SearchAction\",\"target\":{\"@type\":\"EntryPoint\",\"urlTemplate\":\"https:\/\/blog.olimar.de\/?s={search_term_string}\"},\"query-input\":{\"@type\":\"PropertyValueSpecification\",\"valueRequired\":true,\"valueName\":\"search_term_string\"}}],\"inLanguage\":\"de\"},{\"@type\":\"Organization\",\"@id\":\"https:\/\/blog.olimar.de\/#organization\",\"name\":\"OLIMAR Reisen\",\"url\":\"https:\/\/blog.olimar.de\/\",\"logo\":{\"@type\":\"ImageObject\",\"inLanguage\":\"de\",\"@id\":\"https:\/\/blog.olimar.de\/#\/schema\/logo\/image\/\",\"url\":\"https:\/\/blog.olimar.de\/wp-content\/uploads\/2021\/01\/OLIMAR_Logo_COLOR.png\",\"contentUrl\":\"https:\/\/blog.olimar.de\/wp-content\/uploads\/2021\/01\/OLIMAR_Logo_COLOR.png\",\"width\":2000,\"height\":986,\"caption\":\"OLIMAR Reisen\"},\"image\":{\"@id\":\"https:\/\/blog.olimar.de\/#\/schema\/logo\/image\/\"},\"sameAs\":[\"https:\/\/www.facebook.com\/OlimarReisen\",\"https:\/\/x.com\/olimarrreisen\",\"https:\/\/www.instagram.com\/olimarreisen\",\"https:\/\/www.youtube.com\/user\/olimarreisen\"]}]}<\/script>\n<!-- \/ Yoast SEO plugin. -->","yoast_head_json":{"title":"Alfama in Lissabon - Herzst\u00fcck von Portugals Hauptstadt -","description":"Komm mit auf einen Spaziergang durch die ber\u00fchmte Alfama in Lissabon. Kleine G\u00e4sschen, Fadokneipen und typische Restaurants erwarten Dich.","robots":{"index":"index","follow":"follow","max-snippet":"max-snippet:-1","max-image-preview":"max-image-preview:large","max-video-preview":"max-video-preview:-1"},"canonical":"https:\/\/blog.olimar.de\/alfama-in-lissabon\/","og_locale":"de_DE","og_type":"article","og_title":"Alfama in Lissabon - Herzst\u00fcck von Portugals Hauptstadt -","og_description":"Komm mit auf einen Spaziergang durch die ber\u00fchmte Alfama in Lissabon. Kleine G\u00e4sschen, Fadokneipen und typische Restaurants erwarten Dich.","og_url":"https:\/\/blog.olimar.de\/alfama-in-lissabon\/","article_publisher":"https:\/\/www.facebook.com\/OlimarReisen","article_published_time":"2019-10-28T12:26:12+00:00","article_modified_time":"2023-05-23T18:33:08+00:00","og_image":[{"width":2000,"height":1335,"url":"https:\/\/blog.olimar.de\/wp-content\/uploads\/2016\/09\/Portugal-Lissabon-Alfama-Meurers_3527.jpg","type":"image\/jpeg"}],"author":"Catrin Ponciano","twitter_misc":{"Verfasst von":"Catrin Ponciano","Gesch\u00e4tzte Lesezeit":"10\u00a0Minuten"},"schema":{"@context":"https:\/\/schema.org","@graph":[{"@type":"WebPage","@id":"https:\/\/blog.olimar.de\/alfama-in-lissabon\/","url":"https:\/\/blog.olimar.de\/alfama-in-lissabon\/","name":"Alfama in Lissabon - Herzst\u00fcck von Portugals Hauptstadt -","isPartOf":{"@id":"https:\/\/blog.olimar.de\/#website"},"primaryImageOfPage":{"@id":"https:\/\/blog.olimar.de\/alfama-in-lissabon\/#primaryimage"},"image":{"@id":"https:\/\/blog.olimar.de\/alfama-in-lissabon\/#primaryimage"},"thumbnailUrl":"https:\/\/blog.olimar.de\/wp-content\/uploads\/2016\/09\/Portugal-Lissabon-Alfama-Meurers_3527.jpg","datePublished":"2019-10-28T12:26:12+00:00","dateModified":"2023-05-23T18:33:08+00:00","description":"Komm mit auf einen Spaziergang durch die ber\u00fchmte Alfama in Lissabon. Kleine G\u00e4sschen, Fadokneipen und typische Restaurants erwarten Dich.","breadcrumb":{"@id":"https:\/\/blog.olimar.de\/alfama-in-lissabon\/#breadcrumb"},"inLanguage":"de","potentialAction":[{"@type":"ReadAction","target":["https:\/\/blog.olimar.de\/alfama-in-lissabon\/"]}]},{"@type":"ImageObject","inLanguage":"de","@id":"https:\/\/blog.olimar.de\/alfama-in-lissabon\/#primaryimage","url":"https:\/\/blog.olimar.de\/wp-content\/uploads\/2016\/09\/Portugal-Lissabon-Alfama-Meurers_3527.jpg","contentUrl":"https:\/\/blog.olimar.de\/wp-content\/uploads\/2016\/09\/Portugal-Lissabon-Alfama-Meurers_3527.jpg","width":2000,"height":1335,"caption":"H\u00e4user in der Alfama"},{"@type":"BreadcrumbList","@id":"https:\/\/blog.olimar.de\/alfama-in-lissabon\/#breadcrumb","itemListElement":[{"@type":"ListItem","position":1,"name":"Home","item":"https:\/\/blog.olimar.de\/"},{"@type":"ListItem","position":2,"name":"Lissabon","item":"https:\/\/blog.olimar.de\/tag\/lissabon\/"},{"@type":"ListItem","position":3,"name":"Alfama in Lissabon &#8211; Herzst\u00fcck von Portugals Hauptstadt"}]},{"@type":"WebSite","@id":"https:\/\/blog.olimar.de\/#website","url":"https:\/\/blog.olimar.de\/","name":"OLIMAR.com","description":"","publisher":{"@id":"https:\/\/blog.olimar.de\/#organization"},"potentialAction":[{"@type":"SearchAction","target":{"@type":"EntryPoint","urlTemplate":"https:\/\/blog.olimar.de\/?s={search_term_string}"},"query-input":{"@type":"PropertyValueSpecification","valueRequired":true,"valueName":"search_term_string"}}],"inLanguage":"de"},{"@type":"Organization","@id":"https:\/\/blog.olimar.de\/#organization","name":"OLIMAR Reisen","url":"https:\/\/blog.olimar.de\/","logo":{"@type":"ImageObject","inLanguage":"de","@id":"https:\/\/blog.olimar.de\/#\/schema\/logo\/image\/","url":"https:\/\/blog.olimar.de\/wp-content\/uploads\/2021\/01\/OLIMAR_Logo_COLOR.png","contentUrl":"https:\/\/blog.olimar.de\/wp-content\/uploads\/2021\/01\/OLIMAR_Logo_COLOR.png","width":2000,"height":986,"caption":"OLIMAR Reisen"},"image":{"@id":"https:\/\/blog.olimar.de\/#\/schema\/logo\/image\/"},"sameAs":["https:\/\/www.facebook.com\/OlimarReisen","https:\/\/x.com\/olimarrreisen","https:\/\/www.instagram.com\/olimarreisen","https:\/\/www.youtube.com\/user\/olimarreisen"]}]}},"modified_by":"Lena Radermacher","jetpack_featured_media_url":"https:\/\/blog.olimar.de\/wp-content\/uploads\/2016\/09\/Portugal-Lissabon-Alfama-Meurers_3527.jpg","_links":{"self":[{"href":"https:\/\/blog.olimar.de\/wp-json\/wp\/v2\/posts\/12405","targetHints":{"allow":["GET"]}}],"collection":[{"href":"https:\/\/blog.olimar.de\/wp-json\/wp\/v2\/posts"}],"about":[{"href":"https:\/\/blog.olimar.de\/wp-json\/wp\/v2\/types\/post"}],"author":[{"embeddable":true,"href":"https:\/\/blog.olimar.de\/wp-json\/wp\/v2\/users\/70"}],"replies":[{"embeddable":true,"href":"https:\/\/blog.olimar.de\/wp-json\/wp\/v2\/comments?post=12405"}],"version-history":[{"count":75,"href":"https:\/\/blog.olimar.de\/wp-json\/wp\/v2\/posts\/12405\/revisions"}],"predecessor-version":[{"id":24791,"href":"https:\/\/blog.olimar.de\/wp-json\/wp\/v2\/posts\/12405\/revisions\/24791"}],"wp:featuredmedia":[{"embeddable":true,"href":"https:\/\/blog.olimar.de\/wp-json\/wp\/v2\/media\/6705"}],"wp:attachment":[{"href":"https:\/\/blog.olimar.de\/wp-json\/wp\/v2\/media?parent=12405"}],"wp:term":[{"taxonomy":"category","embeddable":true,"href":"https:\/\/blog.olimar.de\/wp-json\/wp\/v2\/categories?post=12405"},{"taxonomy":"post_tag","embeddable":true,"href":"https:\/\/blog.olimar.de\/wp-json\/wp\/v2\/tags?post=12405"}],"curies":[{"name":"wp","href":"https:\/\/api.w.org\/{rel}","templated":true}]}}