{"id":1242,"date":"2015-03-06T13:58:35","date_gmt":"2015-03-06T11:58:35","guid":{"rendered":"https:\/\/blog.olimar.de\/?p=1242"},"modified":"2016-04-07T13:01:38","modified_gmt":"2016-04-07T11:01:38","slug":"lissabon-tipps-zum-entdecken-teil-2","status":"publish","type":"post","link":"https:\/\/blog.olimar.de\/lissabon-tipps-zum-entdecken-teil-2\/","title":{"rendered":"Lissabon Tipps zum Entdecken &#8211; Teil 2"},"content":{"rendered":"<div class=\"wide-content\">\n<p>Fortsetzung des Artikels <a title=\"Lissabon Tipps zum Entdecken \u2013 Teil 1\" href=\"https:\/\/blog.olimar.de\/lissabon-entdecken-teil-1\/\">Lissabon Tipps zum Entdecken &#8211; Teil 1<\/a><\/p>\n<p class=\"intro\">7 H\u00fcgel gilt es in <a href=\"https:\/\/www.olimar.de\/portugal\/metropolen\/lissabon\/\" target=\"_blank\">Lissabon<\/a> zu erklimmen. Doch keine Sorge: Dank der vielen Aufz\u00fcge bzw. Standseilbahnen ist dies ohne gro\u00dfe Anstrengungen m\u00f6glich. Nachfolgend verrate ich Ihnen ein paar Tipps, wie Sie einige der sch\u00f6nsten Aussichtspunkte in Lissabon erreichen und wunderbare Ausblicke auf die Stadt genie\u00dfen k\u00f6nnen.<\/p>\n<h2>Elevador de Santa Justa<\/h2>\n<p>Der wohl ber\u00fchmteste Aufzug Lissabons ist der <strong>\u201eElevador de Santa Justa\u201c<\/strong>.<br \/>\nDieser Aufzug wurde 1902 nach den Pl\u00e4nen eines Sch\u00fclers von Gustave Eiffels, dem Erbauer des Pariser Eiffelturms, gebaut (Raoul Mesnier du Ponsard). Es ist der einzige historische vertikale Aufzug und verbindet die Unterstadt (Baixa) mit dem Chiado\/Bairro Alto.<\/p>\n<div id=\"attachment_1268\" style=\"width: 689px\" class=\"wp-caption aligncenter\"><img loading=\"lazy\" decoding=\"async\" aria-describedby=\"caption-attachment-1268\" class=\"wp-image-1268 size-large\" src=\"https:\/\/blog.olimar.de\/wp-content\/uploads\/2015\/03\/PT-LissabonStadt-ElevadorSantaJusta-c-50761658-JosephHilfiger-Fotolia-679x1024.jpg\" alt=\"Der Elevador Santa Justa in Lissabon, \u00a9 JosephHilfiger-Fotolia\" width=\"679\" height=\"1024\" srcset=\"https:\/\/blog.olimar.de\/wp-content\/uploads\/2015\/03\/PT-LissabonStadt-ElevadorSantaJusta-c-50761658-JosephHilfiger-Fotolia-679x1024.jpg 679w, https:\/\/blog.olimar.de\/wp-content\/uploads\/2015\/03\/PT-LissabonStadt-ElevadorSantaJusta-c-50761658-JosephHilfiger-Fotolia-199x300.jpg 199w, https:\/\/blog.olimar.de\/wp-content\/uploads\/2015\/03\/PT-LissabonStadt-ElevadorSantaJusta-c-50761658-JosephHilfiger-Fotolia.jpg 1000w\" sizes=\"auto, (max-width: 679px) 100vw, 679px\" \/><p id=\"caption-attachment-1268\" class=\"wp-caption-text\">Der Elevador Santa Justa in Lissabon, \u00a9 JosephHilfiger-Fotolia<\/p><\/div>\n<p>Oben angekommen kann man zu Fu\u00df noch weiter die Treppen erklimmen und erreicht so eine Aussichtsplattform mit einem Caf\u00e9.<br \/>\nDie Aussicht ist grandios.<\/p>\n<div id=\"attachment_1271\" style=\"width: 850px\" class=\"wp-caption aligncenter\"><img loading=\"lazy\" decoding=\"async\" aria-describedby=\"caption-attachment-1271\" class=\"wp-image-1271 size-large\" src=\"https:\/\/blog.olimar.de\/wp-content\/uploads\/2015\/03\/Blick_vom_Santa_Justa_Rossio-1024x768.jpg\" alt=\"Blick vom Santa Justa auf Rossio Lissabon\" width=\"840\" height=\"630\" \/><p id=\"caption-attachment-1271\" class=\"wp-caption-text\">Blick von Lissabons ber\u00fchmtestem Aufzug Santa Justa auf den Rossio, einen der zentralsten Pl\u00e4tze der Stadt<\/p><\/div>\n<p>Aber von wo aus aus sieht man den Aufzug selbst am besten? Hier der <strong>Geheim-Tipp f\u00fcr den ultimativen Blick auf den Aufzug Elevador de Santa Justa<\/strong>:<br \/>\nGenau gegen\u00fcber, am anderen Ende der Stra\u00dfe Rua de Santa Justa, befindet sich das <strong>Kaufhaus Pollux<\/strong>. Schon seit 1936 verkauft das Kaufhaus Pollux Haushaltswaren. Fahren Sie mit dem Aufzug auf die 9.Etage. Hier befinden sich au\u00dfer der Plastikblumen noch ein kleines Caf\u00e9 und eine kleine, einfache Terrasse mit grandiosem, offenem Blick auf den historischen Aufzug. Das Caf\u00e9 bietet au\u00dferdem g\u00fcnstige Snacks, Getr\u00e4nke (Espresso \u201eCaf\u00e9\u201c 0,75 \u20ac) und kostenloses WLAN. Vielleicht finden Sie im Kaufhaus auch noch ein Souvenir. Ein sch\u00f6nes Andenken wird auf jeden Fall Ihr Foto des historischen Aufzuges sein!<\/p>\n<div id=\"attachment_1257\" style=\"width: 510px\" class=\"wp-caption aligncenter\"><img loading=\"lazy\" decoding=\"async\" aria-describedby=\"caption-attachment-1257\" class=\"wp-image-1257\" src=\"https:\/\/blog.olimar.de\/wp-content\/uploads\/2015\/03\/verh\u00fcllter-Elevador-Santa-Justa-Restaurierung-683x1024.jpg\" alt=\"Verh\u00fcllter Elevador Santa Justa\" width=\"500\" height=\"750\" srcset=\"https:\/\/blog.olimar.de\/wp-content\/uploads\/2015\/03\/verh\u00fcllter-Elevador-Santa-Justa-Restaurierung-683x1024.jpg 683w, https:\/\/blog.olimar.de\/wp-content\/uploads\/2015\/03\/verh\u00fcllter-Elevador-Santa-Justa-Restaurierung-200x300.jpg 200w, https:\/\/blog.olimar.de\/wp-content\/uploads\/2015\/03\/verh\u00fcllter-Elevador-Santa-Justa-Restaurierung.jpg 902w\" sizes=\"auto, (max-width: 500px) 100vw, 500px\" \/><p id=\"caption-attachment-1257\" class=\"wp-caption-text\">Blick von der Aussichtsterrasse des Kaufhaus Pollux auf den leider verh\u00fcllten (Restaurierung) Elevador Santa Justa<\/p><\/div>\n<h2>Miradouro de S\u00e3o Pedro de Alc\u00e2ntara<\/h2>\n<p>Der meist genutzte \u201eAufzug\u201c (eigentlich eine Standseilbahn) Lissabons ist der <strong>\u201eAscensor da Gl\u00f3ria\u201c<\/strong>. Er bringt Sie von der Pra\u00e7a dos Restauradores hoch in die Oberstadt (Bairro Alto).<\/p>\n<div id='gallery-1' class='gallery galleryid-1242 gallery-columns-3 gallery-size-medium'><dl class='gallery-item'>\n\t\t\t<dt class='gallery-icon portrait'>\n\t\t\t\t<img loading=\"lazy\" decoding=\"async\" width=\"200\" height=\"300\" src=\"https:\/\/blog.olimar.de\/wp-content\/uploads\/2015\/03\/Ascensor-da-Gl\u00f3ria-200x300.jpg\" class=\"attachment-medium size-medium\" alt=\"Ascensor da Gl\u00f3ria in Lissabon\" aria-describedby=\"gallery-1-1249\" srcset=\"https:\/\/blog.olimar.de\/wp-content\/uploads\/2015\/03\/Ascensor-da-Gl\u00f3ria-200x300.jpg 200w, https:\/\/blog.olimar.de\/wp-content\/uploads\/2015\/03\/Ascensor-da-Gl\u00f3ria-683x1024.jpg 683w, https:\/\/blog.olimar.de\/wp-content\/uploads\/2015\/03\/Ascensor-da-Gl\u00f3ria.jpg 884w\" sizes=\"auto, (max-width: 200px) 100vw, 200px\" \/>\n\t\t\t<\/dt>\n\t\t\t\t<dd class='wp-caption-text gallery-caption' id='gallery-1-1249'>\n\t\t\t\tAscensor da Gl\u00f3ria in Lissabon\n\t\t\t\t<\/dd><\/dl><dl class='gallery-item'>\n\t\t\t<dt class='gallery-icon landscape'>\n\t\t\t\t<img loading=\"lazy\" decoding=\"async\" width=\"300\" height=\"200\" src=\"https:\/\/blog.olimar.de\/wp-content\/uploads\/2015\/03\/Ascensor-da-Gl\u00f3ria-innen-300x200.jpg\" class=\"attachment-medium size-medium\" alt=\"Im Ascensor da Gl\u00f3ria Lissabon\" aria-describedby=\"gallery-1-1248\" srcset=\"https:\/\/blog.olimar.de\/wp-content\/uploads\/2015\/03\/Ascensor-da-Gl\u00f3ria-innen-300x200.jpg 300w, https:\/\/blog.olimar.de\/wp-content\/uploads\/2015\/03\/Ascensor-da-Gl\u00f3ria-innen-1024x683.jpg 1024w, https:\/\/blog.olimar.de\/wp-content\/uploads\/2015\/03\/Ascensor-da-Gl\u00f3ria-innen-840x560.jpg 840w, https:\/\/blog.olimar.de\/wp-content\/uploads\/2015\/03\/Ascensor-da-Gl\u00f3ria-innen-1200x800.jpg 1200w\" sizes=\"auto, (max-width: 300px) 100vw, 300px\" \/>\n\t\t\t<\/dt>\n\t\t\t\t<dd class='wp-caption-text gallery-caption' id='gallery-1-1248'>\n\t\t\t\tIm Ascensor da Gl\u00f3ria\n\t\t\t\t<\/dd><\/dl>\n\t\t\t<br style='clear: both' \/>\n\t\t<\/div>\n\n<p>Oben angekommen erwartet Sie rechts einer der sch\u00f6nsten Aussichtspunkte Lissabons, der <strong>Miradouro de S\u00e3o Pedro de Alc\u00e2ntara<\/strong>. Von hier aus hat man einen phantastischen Blick auf die Burg Castelo de S\u00e3o Jorge und die umgebenden Viertel. Tags\u00fcber ist es eher ein ruhiger Treffpunkt mit schattenspendenden B\u00e4umen und B\u00e4nken, nachts ein Ausgangspunkt f\u00fcr die Ausgehmeile im Bairro Alto.<\/p>\n<div id=\"attachment_1251\" style=\"width: 850px\" class=\"wp-caption aligncenter\"><img loading=\"lazy\" decoding=\"async\" aria-describedby=\"caption-attachment-1251\" class=\"wp-image-1251 size-large\" src=\"https:\/\/blog.olimar.de\/wp-content\/uploads\/2015\/03\/Blick-auf-die-Burg-Miradouro-S.Pedro-d.A.-1024x683.jpg\" alt=\"Blick auf die Burg (Miradouro S.Pedro d.A.)\" width=\"840\" height=\"560\" srcset=\"https:\/\/blog.olimar.de\/wp-content\/uploads\/2015\/03\/Blick-auf-die-Burg-Miradouro-S.Pedro-d.A.-1024x683.jpg 1024w, https:\/\/blog.olimar.de\/wp-content\/uploads\/2015\/03\/Blick-auf-die-Burg-Miradouro-S.Pedro-d.A.-300x200.jpg 300w, https:\/\/blog.olimar.de\/wp-content\/uploads\/2015\/03\/Blick-auf-die-Burg-Miradouro-S.Pedro-d.A.-840x560.jpg 840w, https:\/\/blog.olimar.de\/wp-content\/uploads\/2015\/03\/Blick-auf-die-Burg-Miradouro-S.Pedro-d.A.-1200x800.jpg 1200w, https:\/\/blog.olimar.de\/wp-content\/uploads\/2015\/03\/Blick-auf-die-Burg-Miradouro-S.Pedro-d.A..jpg 1764w\" sizes=\"auto, (max-width: 840px) 100vw, 840px\" \/><p id=\"caption-attachment-1251\" class=\"wp-caption-text\">Wundersch\u00f6ner Blick auf Lissabon und die Burg Castelo de S\u00e3o Jorge<\/p><\/div>\n<div id=\"attachment_1267\" style=\"width: 1010px\" class=\"wp-caption aligncenter\"><img loading=\"lazy\" decoding=\"async\" aria-describedby=\"caption-attachment-1267\" class=\"wp-image-1267 size-full\" src=\"https:\/\/blog.olimar.de\/wp-content\/uploads\/2015\/03\/PT-LissabonStadt-MiradouroSaoPedroDeAlcantara-ANoiteA-c-GustavWittich.jpg\" alt=\"Miradouro Sao Pedro De Alcantara\" width=\"1000\" height=\"632\" srcset=\"https:\/\/blog.olimar.de\/wp-content\/uploads\/2015\/03\/PT-LissabonStadt-MiradouroSaoPedroDeAlcantara-ANoiteA-c-GustavWittich.jpg 1000w, https:\/\/blog.olimar.de\/wp-content\/uploads\/2015\/03\/PT-LissabonStadt-MiradouroSaoPedroDeAlcantara-ANoiteA-c-GustavWittich-300x190.jpg 300w\" sizes=\"auto, (max-width: 1000px) 100vw, 1000px\" \/><p id=\"caption-attachment-1267\" class=\"wp-caption-text\">Abendstimmung am Miradouro S\u00e3o Pedro de Alc\u00e2ntara in Lissabon, \u00a9 Gustav Wittich<\/p><\/div>\n<p><img loading=\"lazy\" decoding=\"async\" class=\" size-large wp-image-1255 aligncenter\" src=\"https:\/\/blog.olimar.de\/wp-content\/uploads\/2015\/03\/Panoramablick-auf-Kacheln-Miradouro-S.Pedro-d.A.-683x1024.jpg\" alt=\"Panoramablick auf Kacheln (Miradouro S.Pedro d.A.)\" width=\"683\" height=\"1024\" srcset=\"https:\/\/blog.olimar.de\/wp-content\/uploads\/2015\/03\/Panoramablick-auf-Kacheln-Miradouro-S.Pedro-d.A.-683x1024.jpg 683w, https:\/\/blog.olimar.de\/wp-content\/uploads\/2015\/03\/Panoramablick-auf-Kacheln-Miradouro-S.Pedro-d.A.-200x300.jpg 200w, https:\/\/blog.olimar.de\/wp-content\/uploads\/2015\/03\/Panoramablick-auf-Kacheln-Miradouro-S.Pedro-d.A..jpg 1062w\" sizes=\"auto, (max-width: 683px) 100vw, 683px\" \/><\/p>\n<div id=\"attachment_1256\" style=\"width: 850px\" class=\"wp-caption aligncenter\"><a href=\"https:\/\/blog.olimar.de\/wp-content\/uploads\/2015\/03\/Panoramablick-Miradouro-S.Pedro-d.Alc_..jpg\"><img loading=\"lazy\" decoding=\"async\" aria-describedby=\"caption-attachment-1256\" class=\"wp-image-1256 size-large\" src=\"https:\/\/blog.olimar.de\/wp-content\/uploads\/2015\/03\/Panoramablick-Miradouro-S.Pedro-d.Alc_.-1024x232.jpg\" alt=\"Panoramablick Miradouro S.Pedro d.Alc.\" width=\"840\" height=\"190\" srcset=\"https:\/\/blog.olimar.de\/wp-content\/uploads\/2015\/03\/Panoramablick-Miradouro-S.Pedro-d.Alc_.-1024x232.jpg 1024w, https:\/\/blog.olimar.de\/wp-content\/uploads\/2015\/03\/Panoramablick-Miradouro-S.Pedro-d.Alc_.-300x68.jpg 300w\" sizes=\"auto, (max-width: 840px) 100vw, 840px\" \/><\/a><p id=\"caption-attachment-1256\" class=\"wp-caption-text\">Panoramablick auf Lissabon vom Miradouro S\u00e3o Pedro de Alc\u00e2ntara<\/p><\/div>\n<p>Zur Fortsetzung: <a title=\"Lissabon Tipps zum Entdecken \u2013 Teil 3\" href=\"https:\/\/blog.olimar.de\/lissabon-tipps-zum-entdecken-teil-3\/\">Lissabon zum Entdecken &#8211; Teil 3<\/a><\/p>\n<div class=\"green-box\">\nOLIMAR Tipps<\/p>\n<table>\n<tbody>\n<tr>\n<td><strong>Elevador de Santa Justa:<\/strong><\/td>\n<td>\u00d6ffnungszeiten: 08:30-20:30 Uhr<\/td>\n<\/tr>\n<tr>\n<td><strong>Kaufhaus Pollux:<\/strong><\/td>\n<td>Rua Fanqueiros 276, \u00d6ffnungszeiten: Montag-Samstag 10:00-19:00 Uhr<\/td>\n<\/tr>\n<tr>\n<td><strong>Ascensor da Gl\u00f3ria:<\/strong><\/td>\n<td>\u00d6ffnungszeiten: 09:00-23:55 Uhr<\/td>\n<\/tr>\n<\/tbody>\n<\/table>\n<\/div>\n<p>&nbsp;<\/p>\n<h2>Karte von Lissabon mit den beschriebenen Highlights<\/h2>\n\n<p>&nbsp;<\/p>\n<\/div>\n","protected":false},"excerpt":{"rendered":"<p>Fortsetzung des Artikels Lissabon Tipps zum Entdecken &#8211; Teil 1 7 H\u00fcgel gilt es in Lissabon zu erklimmen. Doch keine Sorge: Dank der vielen Aufz\u00fcge bzw. Standseilbahnen ist dies ohne gro\u00dfe Anstrengungen m\u00f6glich. Nachfolgend verrate ich Ihnen ein paar Tipps, wie Sie einige der sch\u00f6nsten Aussichtspunkte in Lissabon erreichen und wunderbare Ausblicke auf die Stadt genie\u00dfen k\u00f6nnen. Elevador de Santa Justa Der wohl ber\u00fchmteste Aufzug Lissabons ist der \u201eElevador de Santa Justa\u201c. Dieser Aufzug wurde 1902 nach den Pl\u00e4nen eines Sch\u00fclers von Gustave Eiffels, dem Erbauer des Pariser Eiffelturms, gebaut (Raoul Mesnier du Ponsard). Es ist der einzige historische vertikale Aufzug &hellip;<\/p>\n","protected":false},"author":16,"featured_media":1271,"comment_status":"open","ping_status":"open","sticky":false,"template":"","format":"standard","meta":{"_crdt_document":"","_lmt_disableupdate":"","_lmt_disable":"","footnotes":""},"categories":[31],"tags":[25,34],"class_list":["post-1242","post","type-post","status-publish","format-standard","has-post-thumbnail","hentry","category-land-leute","tag-lissabon","tag-portugal"],"yoast_head":"<!-- This site is optimized with the Yoast SEO plugin v26.9 - https:\/\/yoast.com\/product\/yoast-seo-wordpress\/ -->\n<title>Lissabon Tipps zum Entdecken - Teil 2 -<\/title>\n<meta name=\"description\" content=\"Im zweiten Teil unserer Artikel-Reihe gibt unsere OLIMAR Expertin viele weitere Lissabon Tipps, speziell zu den Aussichtspunkten der Stadt.\" \/>\n<meta name=\"robots\" content=\"index, follow, max-snippet:-1, max-image-preview:large, max-video-preview:-1\" \/>\n<link rel=\"canonical\" href=\"https:\/\/blog.olimar.de\/lissabon-tipps-zum-entdecken-teil-2\/\" \/>\n<meta property=\"og:locale\" content=\"de_DE\" \/>\n<meta property=\"og:type\" content=\"article\" \/>\n<meta property=\"og:title\" content=\"Lissabon Tipps zum Entdecken - Teil 2 -\" \/>\n<meta property=\"og:description\" content=\"Im zweiten Teil unserer Artikel-Reihe gibt unsere OLIMAR Expertin viele weitere Lissabon Tipps, speziell zu den Aussichtspunkten der Stadt.\" \/>\n<meta property=\"og:url\" content=\"https:\/\/blog.olimar.de\/lissabon-tipps-zum-entdecken-teil-2\/\" \/>\n<meta property=\"article:publisher\" content=\"https:\/\/www.facebook.com\/OlimarReisen\" \/>\n<meta property=\"article:published_time\" content=\"2015-03-06T11:58:35+00:00\" \/>\n<meta property=\"article:modified_time\" content=\"2016-04-07T11:01:38+00:00\" \/>\n<meta property=\"og:image\" content=\"https:\/\/i0.wp.com\/blog.olimar.de\/wp-content\/uploads\/2015\/03\/Blick_vom_Santa_Justa_Rossio-e1446645583614.jpg?fit=1150%2C863&ssl=1\" \/>\n\t<meta property=\"og:image:width\" content=\"1150\" \/>\n\t<meta property=\"og:image:height\" content=\"863\" \/>\n\t<meta property=\"og:image:type\" content=\"image\/jpeg\" \/>\n<meta name=\"author\" content=\"Margarete Rosa\" \/>\n<meta name=\"twitter:label1\" content=\"Verfasst von\" \/>\n\t<meta name=\"twitter:data1\" content=\"Margarete Rosa\" \/>\n\t<meta name=\"twitter:label2\" content=\"Gesch\u00e4tzte Lesezeit\" \/>\n\t<meta name=\"twitter:data2\" content=\"3\u00a0Minuten\" \/>\n<script type=\"application\/ld+json\" class=\"yoast-schema-graph\">{\"@context\":\"https:\/\/schema.org\",\"@graph\":[{\"@type\":\"WebPage\",\"@id\":\"https:\/\/blog.olimar.de\/lissabon-tipps-zum-entdecken-teil-2\/\",\"url\":\"https:\/\/blog.olimar.de\/lissabon-tipps-zum-entdecken-teil-2\/\",\"name\":\"Lissabon Tipps zum Entdecken - Teil 2 -\",\"isPartOf\":{\"@id\":\"https:\/\/blog.olimar.de\/#website\"},\"primaryImageOfPage\":{\"@id\":\"https:\/\/blog.olimar.de\/lissabon-tipps-zum-entdecken-teil-2\/#primaryimage\"},\"image\":{\"@id\":\"https:\/\/blog.olimar.de\/lissabon-tipps-zum-entdecken-teil-2\/#primaryimage\"},\"thumbnailUrl\":\"https:\/\/blog.olimar.de\/wp-content\/uploads\/2015\/03\/Blick_vom_Santa_Justa_Rossio-e1446645583614.jpg\",\"datePublished\":\"2015-03-06T11:58:35+00:00\",\"dateModified\":\"2016-04-07T11:01:38+00:00\",\"description\":\"Im zweiten Teil unserer Artikel-Reihe gibt unsere OLIMAR Expertin viele weitere Lissabon Tipps, speziell zu den Aussichtspunkten der Stadt.\",\"breadcrumb\":{\"@id\":\"https:\/\/blog.olimar.de\/lissabon-tipps-zum-entdecken-teil-2\/#breadcrumb\"},\"inLanguage\":\"de\",\"potentialAction\":[{\"@type\":\"ReadAction\",\"target\":[\"https:\/\/blog.olimar.de\/lissabon-tipps-zum-entdecken-teil-2\/\"]}]},{\"@type\":\"ImageObject\",\"inLanguage\":\"de\",\"@id\":\"https:\/\/blog.olimar.de\/lissabon-tipps-zum-entdecken-teil-2\/#primaryimage\",\"url\":\"https:\/\/blog.olimar.de\/wp-content\/uploads\/2015\/03\/Blick_vom_Santa_Justa_Rossio-e1446645583614.jpg\",\"contentUrl\":\"https:\/\/blog.olimar.de\/wp-content\/uploads\/2015\/03\/Blick_vom_Santa_Justa_Rossio-e1446645583614.jpg\",\"width\":1150,\"height\":863,\"caption\":\"Blick vom Santa Justa Rossio\"},{\"@type\":\"BreadcrumbList\",\"@id\":\"https:\/\/blog.olimar.de\/lissabon-tipps-zum-entdecken-teil-2\/#breadcrumb\",\"itemListElement\":[{\"@type\":\"ListItem\",\"position\":1,\"name\":\"Home\",\"item\":\"https:\/\/blog.olimar.de\/\"},{\"@type\":\"ListItem\",\"position\":2,\"name\":\"Lissabon\",\"item\":\"https:\/\/blog.olimar.de\/tag\/lissabon\/\"},{\"@type\":\"ListItem\",\"position\":3,\"name\":\"Lissabon Tipps zum Entdecken &#8211; Teil 2\"}]},{\"@type\":\"WebSite\",\"@id\":\"https:\/\/blog.olimar.de\/#website\",\"url\":\"https:\/\/blog.olimar.de\/\",\"name\":\"OLIMAR.com\",\"description\":\"\",\"publisher\":{\"@id\":\"https:\/\/blog.olimar.de\/#organization\"},\"potentialAction\":[{\"@type\":\"SearchAction\",\"target\":{\"@type\":\"EntryPoint\",\"urlTemplate\":\"https:\/\/blog.olimar.de\/?s={search_term_string}\"},\"query-input\":{\"@type\":\"PropertyValueSpecification\",\"valueRequired\":true,\"valueName\":\"search_term_string\"}}],\"inLanguage\":\"de\"},{\"@type\":\"Organization\",\"@id\":\"https:\/\/blog.olimar.de\/#organization\",\"name\":\"OLIMAR Reisen\",\"url\":\"https:\/\/blog.olimar.de\/\",\"logo\":{\"@type\":\"ImageObject\",\"inLanguage\":\"de\",\"@id\":\"https:\/\/blog.olimar.de\/#\/schema\/logo\/image\/\",\"url\":\"https:\/\/blog.olimar.de\/wp-content\/uploads\/2021\/01\/OLIMAR_Logo_COLOR.png\",\"contentUrl\":\"https:\/\/blog.olimar.de\/wp-content\/uploads\/2021\/01\/OLIMAR_Logo_COLOR.png\",\"width\":2000,\"height\":986,\"caption\":\"OLIMAR Reisen\"},\"image\":{\"@id\":\"https:\/\/blog.olimar.de\/#\/schema\/logo\/image\/\"},\"sameAs\":[\"https:\/\/www.facebook.com\/OlimarReisen\",\"https:\/\/x.com\/olimarrreisen\",\"https:\/\/www.instagram.com\/olimarreisen\",\"https:\/\/www.youtube.com\/user\/olimarreisen\"]}]}<\/script>\n<!-- \/ Yoast SEO plugin. -->","yoast_head_json":{"title":"Lissabon Tipps zum Entdecken - Teil 2 -","description":"Im zweiten Teil unserer Artikel-Reihe gibt unsere OLIMAR Expertin viele weitere Lissabon Tipps, speziell zu den Aussichtspunkten der Stadt.","robots":{"index":"index","follow":"follow","max-snippet":"max-snippet:-1","max-image-preview":"max-image-preview:large","max-video-preview":"max-video-preview:-1"},"canonical":"https:\/\/blog.olimar.de\/lissabon-tipps-zum-entdecken-teil-2\/","og_locale":"de_DE","og_type":"article","og_title":"Lissabon Tipps zum Entdecken - Teil 2 -","og_description":"Im zweiten Teil unserer Artikel-Reihe gibt unsere OLIMAR Expertin viele weitere Lissabon Tipps, speziell zu den Aussichtspunkten der Stadt.","og_url":"https:\/\/blog.olimar.de\/lissabon-tipps-zum-entdecken-teil-2\/","article_publisher":"https:\/\/www.facebook.com\/OlimarReisen","article_published_time":"2015-03-06T11:58:35+00:00","article_modified_time":"2016-04-07T11:01:38+00:00","og_image":[{"width":1150,"height":863,"url":"https:\/\/i0.wp.com\/blog.olimar.de\/wp-content\/uploads\/2015\/03\/Blick_vom_Santa_Justa_Rossio-e1446645583614.jpg?fit=1150%2C863&ssl=1","type":"image\/jpeg"}],"author":"Margarete Rosa","twitter_misc":{"Verfasst von":"Margarete Rosa","Gesch\u00e4tzte Lesezeit":"3\u00a0Minuten"},"schema":{"@context":"https:\/\/schema.org","@graph":[{"@type":"WebPage","@id":"https:\/\/blog.olimar.de\/lissabon-tipps-zum-entdecken-teil-2\/","url":"https:\/\/blog.olimar.de\/lissabon-tipps-zum-entdecken-teil-2\/","name":"Lissabon Tipps zum Entdecken - Teil 2 -","isPartOf":{"@id":"https:\/\/blog.olimar.de\/#website"},"primaryImageOfPage":{"@id":"https:\/\/blog.olimar.de\/lissabon-tipps-zum-entdecken-teil-2\/#primaryimage"},"image":{"@id":"https:\/\/blog.olimar.de\/lissabon-tipps-zum-entdecken-teil-2\/#primaryimage"},"thumbnailUrl":"https:\/\/blog.olimar.de\/wp-content\/uploads\/2015\/03\/Blick_vom_Santa_Justa_Rossio-e1446645583614.jpg","datePublished":"2015-03-06T11:58:35+00:00","dateModified":"2016-04-07T11:01:38+00:00","description":"Im zweiten Teil unserer Artikel-Reihe gibt unsere OLIMAR Expertin viele weitere Lissabon Tipps, speziell zu den Aussichtspunkten der Stadt.","breadcrumb":{"@id":"https:\/\/blog.olimar.de\/lissabon-tipps-zum-entdecken-teil-2\/#breadcrumb"},"inLanguage":"de","potentialAction":[{"@type":"ReadAction","target":["https:\/\/blog.olimar.de\/lissabon-tipps-zum-entdecken-teil-2\/"]}]},{"@type":"ImageObject","inLanguage":"de","@id":"https:\/\/blog.olimar.de\/lissabon-tipps-zum-entdecken-teil-2\/#primaryimage","url":"https:\/\/blog.olimar.de\/wp-content\/uploads\/2015\/03\/Blick_vom_Santa_Justa_Rossio-e1446645583614.jpg","contentUrl":"https:\/\/blog.olimar.de\/wp-content\/uploads\/2015\/03\/Blick_vom_Santa_Justa_Rossio-e1446645583614.jpg","width":1150,"height":863,"caption":"Blick vom Santa Justa Rossio"},{"@type":"BreadcrumbList","@id":"https:\/\/blog.olimar.de\/lissabon-tipps-zum-entdecken-teil-2\/#breadcrumb","itemListElement":[{"@type":"ListItem","position":1,"name":"Home","item":"https:\/\/blog.olimar.de\/"},{"@type":"ListItem","position":2,"name":"Lissabon","item":"https:\/\/blog.olimar.de\/tag\/lissabon\/"},{"@type":"ListItem","position":3,"name":"Lissabon Tipps zum Entdecken &#8211; Teil 2"}]},{"@type":"WebSite","@id":"https:\/\/blog.olimar.de\/#website","url":"https:\/\/blog.olimar.de\/","name":"OLIMAR.com","description":"","publisher":{"@id":"https:\/\/blog.olimar.de\/#organization"},"potentialAction":[{"@type":"SearchAction","target":{"@type":"EntryPoint","urlTemplate":"https:\/\/blog.olimar.de\/?s={search_term_string}"},"query-input":{"@type":"PropertyValueSpecification","valueRequired":true,"valueName":"search_term_string"}}],"inLanguage":"de"},{"@type":"Organization","@id":"https:\/\/blog.olimar.de\/#organization","name":"OLIMAR Reisen","url":"https:\/\/blog.olimar.de\/","logo":{"@type":"ImageObject","inLanguage":"de","@id":"https:\/\/blog.olimar.de\/#\/schema\/logo\/image\/","url":"https:\/\/blog.olimar.de\/wp-content\/uploads\/2021\/01\/OLIMAR_Logo_COLOR.png","contentUrl":"https:\/\/blog.olimar.de\/wp-content\/uploads\/2021\/01\/OLIMAR_Logo_COLOR.png","width":2000,"height":986,"caption":"OLIMAR Reisen"},"image":{"@id":"https:\/\/blog.olimar.de\/#\/schema\/logo\/image\/"},"sameAs":["https:\/\/www.facebook.com\/OlimarReisen","https:\/\/x.com\/olimarrreisen","https:\/\/www.instagram.com\/olimarreisen","https:\/\/www.youtube.com\/user\/olimarreisen"]}]}},"modified_by":"Barbara Berger","jetpack_featured_media_url":"https:\/\/blog.olimar.de\/wp-content\/uploads\/2015\/03\/Blick_vom_Santa_Justa_Rossio-e1446645583614.jpg","_links":{"self":[{"href":"https:\/\/blog.olimar.de\/wp-json\/wp\/v2\/posts\/1242","targetHints":{"allow":["GET"]}}],"collection":[{"href":"https:\/\/blog.olimar.de\/wp-json\/wp\/v2\/posts"}],"about":[{"href":"https:\/\/blog.olimar.de\/wp-json\/wp\/v2\/types\/post"}],"author":[{"embeddable":true,"href":"https:\/\/blog.olimar.de\/wp-json\/wp\/v2\/users\/16"}],"replies":[{"embeddable":true,"href":"https:\/\/blog.olimar.de\/wp-json\/wp\/v2\/comments?post=1242"}],"version-history":[{"count":31,"href":"https:\/\/blog.olimar.de\/wp-json\/wp\/v2\/posts\/1242\/revisions"}],"predecessor-version":[{"id":4405,"href":"https:\/\/blog.olimar.de\/wp-json\/wp\/v2\/posts\/1242\/revisions\/4405"}],"wp:featuredmedia":[{"embeddable":true,"href":"https:\/\/blog.olimar.de\/wp-json\/wp\/v2\/media\/1271"}],"wp:attachment":[{"href":"https:\/\/blog.olimar.de\/wp-json\/wp\/v2\/media?parent=1242"}],"wp:term":[{"taxonomy":"category","embeddable":true,"href":"https:\/\/blog.olimar.de\/wp-json\/wp\/v2\/categories?post=1242"},{"taxonomy":"post_tag","embeddable":true,"href":"https:\/\/blog.olimar.de\/wp-json\/wp\/v2\/tags?post=1242"}],"curies":[{"name":"wp","href":"https:\/\/api.w.org\/{rel}","templated":true}]}}