{"id":12529,"date":"2019-11-04T19:11:57","date_gmt":"2019-11-04T17:11:57","guid":{"rendered":"https:\/\/blog.olimar.de\/?p=12529"},"modified":"2022-07-15T12:32:27","modified_gmt":"2022-07-15T11:32:27","slug":"friedlichste-laender-der-erde","status":"publish","type":"post","link":"https:\/\/blog.olimar.de\/friedlichste-laender-der-erde\/","title":{"rendered":"Friedlichste L\u00e4nder der Welt: Portugal auf Platz 3 hinter Island und Neuseeland"},"content":{"rendered":"\n<p class=\"wp-block-paragraph\"><strong>Das Institute for Economics and Peace mit Sitz in Sydney hat mit dem Global Peace Index \u2013 dem Weltfriedensindex \u2013 sein j\u00e4hrliches Ranking zur Sicherheitslage in 163 Staaten der Erde erstellt. <\/strong><\/p>\n\n\n\n<p class=\"wp-block-paragraph\"><\/p>\n\n\n\n<div class=\"wp-block-buttons is-layout-flex wp-block-buttons-is-layout-flex\">\n<div class=\"wp-block-button\"><a class=\"wp-block-button__link\" href=\"https:\/\/www.olimar.de\/portugal\/\" target=\"_blank\" rel=\"noreferrer noopener\">Portugal Reiseangebote und Hoteltipps entdecken<\/a><\/div>\n<\/div>\n\n\n\n<div style=\"height:50px\" aria-hidden=\"true\" class=\"wp-block-spacer\"><\/div>\n\n\n\n<p class=\"wp-block-paragraph\">F\u00fcr das Ranking bewertete das Institut jedes Land nach 24 Faktoren, f\u00fcr die es jeweils eine Punktzahl gibt. Je niedriger der Wert, desto friedlicher ist der Staat. Bewertet werden Kriterien wie die Anzahl der gef\u00fchrten Kriege \u00fcber die Zahl der Berufssoldaten bis hin zur vorr\u00e4tigen Waffenmenge. Von der Beziehung zu den Nachbarl\u00e4ndern \u00fcber die Kriminalit\u00e4tsrate bis hin zum Respekt vor Menschenrechten. <\/p>\n\n\n\n<figure class=\"wp-block-image\"><img loading=\"lazy\" decoding=\"async\" width=\"1024\" height=\"576\" src=\"https:\/\/blog.olimar.de\/wp-content\/uploads\/2019\/10\/sunset-2450627_1280-1024x576.jpg\" alt=\"Sonnenuntergang an der Algarve\" class=\"wp-image-12560\" srcset=\"https:\/\/blog.olimar.de\/wp-content\/uploads\/2019\/10\/sunset-2450627_1280-1024x576.jpg 1024w, https:\/\/blog.olimar.de\/wp-content\/uploads\/2019\/10\/sunset-2450627_1280-300x169.jpg 300w, https:\/\/blog.olimar.de\/wp-content\/uploads\/2019\/10\/sunset-2450627_1280-768x432.jpg 768w, https:\/\/blog.olimar.de\/wp-content\/uploads\/2019\/10\/sunset-2450627_1280.jpg 1280w\" sizes=\"auto, (max-width: 1024px) 100vw, 1024px\" \/><figcaption>Sonnenuntergang an der Algarve<\/figcaption><\/figure>\n\n\n\n<h2 class=\"wp-block-heading\"><strong>Wo ist es sicher? <\/strong><\/h2>\n\n\n\n<p class=\"wp-block-paragraph\">Die Konflikte in unserer Welt nehmen zu und betreffen leider auch klassische Ferienziele.<\/p>\n\n\n\n<figure class=\"wp-block-image\"><img loading=\"lazy\" decoding=\"async\" width=\"1024\" height=\"682\" src=\"https:\/\/blog.olimar.de\/wp-content\/uploads\/2019\/10\/beach-4441086_1280-1024x682.jpg\" alt=\"K\u00fcste Portugal\" class=\"wp-image-12556\" srcset=\"https:\/\/blog.olimar.de\/wp-content\/uploads\/2019\/10\/beach-4441086_1280-1024x682.jpg 1024w, https:\/\/blog.olimar.de\/wp-content\/uploads\/2019\/10\/beach-4441086_1280-300x200.jpg 300w, https:\/\/blog.olimar.de\/wp-content\/uploads\/2019\/10\/beach-4441086_1280-768x512.jpg 768w, https:\/\/blog.olimar.de\/wp-content\/uploads\/2019\/10\/beach-4441086_1280-840x560.jpg 840w, https:\/\/blog.olimar.de\/wp-content\/uploads\/2019\/10\/beach-4441086_1280-1200x800.jpg 1200w, https:\/\/blog.olimar.de\/wp-content\/uploads\/2019\/10\/beach-4441086_1280.jpg 1280w\" sizes=\"auto, (max-width: 1024px) 100vw, 1024px\" \/><figcaption>Blick auf Portugals K\u00fcste <\/figcaption><\/figure>\n\n\n\n<p class=\"wp-block-paragraph\">Gut zu wissen, dass Europa als sicherste Region der Erde gilt. Und aus unserer Sicht nicht \u00fcberraschend: <a href=\"https:\/\/www.olimar.de\/portugal\/\">Portugal<\/a> ist wiederholt weit vorne auf dem Global Peace Index gelandet! Das traumhafte Land ist sogar von Platz 5 auf Platz 3 hoch gerutscht! <\/p>\n\n\n\n<p class=\"wp-block-paragraph\">Somit geh\u00f6rt Portugal mit Island und Neuseeland zu den drei friedlichsten L\u00e4ndern weltweit. Das beliebte Urlaubsland der Deutschen liegt auf dem Index weit vor den anderen s\u00fcdlichen Ferienzielen der Deutschen: <a href=\"https:\/\/www.olimar.de\/kroatien\/\">Kroatien<\/a> belegt Platz 28, <a href=\"https:\/\/www.olimar.de\/spanien\/\">Spanien<\/a> Rang 32 und <a href=\"https:\/\/www.olimar.de\/italien\/\">Italien<\/a> Platz 39. \u00dcbrigens: Deutschland ist um vier Pl\u00e4tze gesunken und befindet sich in diesem Jahr auf Platz 22. <\/p>\n\n\n\n<figure class=\"wp-block-image\"><img loading=\"lazy\" decoding=\"async\" width=\"1024\" height=\"682\" src=\"https:\/\/blog.olimar.de\/wp-content\/uploads\/2019\/10\/algarve-4309022_1280-1024x682.jpg\" alt=\"Algarve in Portugal\" class=\"wp-image-12558\" srcset=\"https:\/\/blog.olimar.de\/wp-content\/uploads\/2019\/10\/algarve-4309022_1280-1024x682.jpg 1024w, https:\/\/blog.olimar.de\/wp-content\/uploads\/2019\/10\/algarve-4309022_1280-300x200.jpg 300w, https:\/\/blog.olimar.de\/wp-content\/uploads\/2019\/10\/algarve-4309022_1280-768x512.jpg 768w, https:\/\/blog.olimar.de\/wp-content\/uploads\/2019\/10\/algarve-4309022_1280-840x560.jpg 840w, https:\/\/blog.olimar.de\/wp-content\/uploads\/2019\/10\/algarve-4309022_1280-1200x800.jpg 1200w, https:\/\/blog.olimar.de\/wp-content\/uploads\/2019\/10\/algarve-4309022_1280.jpg 1280w\" sizes=\"auto, (max-width: 1024px) 100vw, 1024px\" \/><\/figure>\n\n\n\n<h2 class=\"wp-block-heading\"><strong>Wohin reisen wir?<\/strong><\/h2>\n\n\n\n<p class=\"wp-block-paragraph\">Ganz klar: nach Portugal! Genie\u00dfen Sie in dem friedlichen Land das ganzj\u00e4hrige milde Klima, die herrliche Landschaft und die vielen Freizeitm\u00f6glichkeiten. Entdecken Sie die einzigartige Kultur mit unz\u00e4hligen Meisterwerken aus Kunst und Architektur sowie die k\u00f6stliche K\u00fcche, die von erlesenen Weinen abgerundet wird. <\/p>\n\n\n\n<p class=\"wp-block-paragraph\">Vielleicht begeistert Sie die <a href=\"https:\/\/www.olimar.de\/portugal\/algarve\/\">Algarve<\/a>, Portugals Vorzeigek\u00fcste, mit ihren ber\u00fchmten felsumrahmten Bilderbuch-Str\u00e4nden und kilometerlangen D\u00fcnen. Oder der Mix aus historischen Sehensw\u00fcrdigkeiten und hinrei\u00dfender Natur im Norden oder das endlose Meer aus goldenen Weizenfeldern und Weideland, gr\u00fcnen Olivenhainen und Korkeichen im <a href=\"https:\/\/www.olimar.de\/portugal\/alentejo\/\">Alentejo<\/a>. <\/p>\n\n\n\n<figure class=\"wp-block-image\"><img loading=\"lazy\" decoding=\"async\" width=\"960\" height=\"640\" src=\"https:\/\/blog.olimar.de\/wp-content\/uploads\/2019\/10\/alentejo-4387493_960_720.jpg\" alt=\"Korkeichen im Alentejo\" class=\"wp-image-12568\" srcset=\"https:\/\/blog.olimar.de\/wp-content\/uploads\/2019\/10\/alentejo-4387493_960_720.jpg 960w, https:\/\/blog.olimar.de\/wp-content\/uploads\/2019\/10\/alentejo-4387493_960_720-300x200.jpg 300w, https:\/\/blog.olimar.de\/wp-content\/uploads\/2019\/10\/alentejo-4387493_960_720-768x512.jpg 768w, https:\/\/blog.olimar.de\/wp-content\/uploads\/2019\/10\/alentejo-4387493_960_720-840x560.jpg 840w\" sizes=\"auto, (max-width: 960px) 100vw, 960px\" \/><figcaption>Korkeichenlandschaft im Alentejo<\/figcaption><\/figure>\n\n\n\n<p class=\"wp-block-paragraph\"><\/p>\n\n\n\n<div class=\"wp-block-buttons is-layout-flex wp-block-buttons-is-layout-flex\">\n<div class=\"wp-block-button\"><a class=\"wp-block-button__link\" href=\"https:\/\/www.olimar.de\/hotellistung\/\" target=\"_blank\" rel=\"noreferrer noopener\">Jetzt Urlaubsangebote finden und buchen<\/a><\/div>\n<\/div>\n","protected":false},"excerpt":{"rendered":"<p>Das Institute for Economics and Peace mit Sitz in Sydney hat mit dem Global Peace Index \u2013 dem Weltfriedensindex \u2013 sein j\u00e4hrliches Ranking zur Sicherheitslage in 163 Staaten der Erde erstellt. F\u00fcr das Ranking bewertete das Institut jedes Land nach 24 Faktoren, f\u00fcr die es jeweils eine Punktzahl gibt. Je niedriger der Wert, desto friedlicher ist der Staat. Bewertet werden Kriterien wie die Anzahl der gef\u00fchrten Kriege \u00fcber die Zahl der Berufssoldaten bis hin zur vorr\u00e4tigen Waffenmenge. Von der Beziehung zu den Nachbarl\u00e4ndern \u00fcber die Kriminalit\u00e4tsrate bis hin zum Respekt vor Menschenrechten. Wo ist es sicher? Die Konflikte in unserer Welt &hellip;<\/p>\n","protected":false},"author":9,"featured_media":12555,"comment_status":"open","ping_status":"open","sticky":false,"template":"","format":"standard","meta":{"_crdt_document":"","_lmt_disableupdate":"","_lmt_disable":"","footnotes":""},"categories":[31],"tags":[34],"class_list":["post-12529","post","type-post","status-publish","format-standard","has-post-thumbnail","hentry","category-land-leute","tag-portugal"],"yoast_head":"<!-- This site is optimized with the Yoast SEO plugin v26.9 - https:\/\/yoast.com\/product\/yoast-seo-wordpress\/ -->\n<title>Friedlichste L\u00e4nder der Welt - Portugal erneut ganz vorne<\/title>\n<meta name=\"description\" content=\"Portugal z\u00e4hlt zu den friedlichsten L\u00e4ndern der Welt. Die ber\u00fchmte Algarve lockt wegen ihrer Landschaftsbesonderheiten jedes Jahr zahlreiche Urlauber an.\" \/>\n<meta name=\"robots\" content=\"index, follow, max-snippet:-1, max-image-preview:large, max-video-preview:-1\" \/>\n<link rel=\"canonical\" href=\"https:\/\/blog.olimar.de\/friedlichste-laender-der-erde\/\" \/>\n<meta property=\"og:locale\" content=\"de_DE\" \/>\n<meta property=\"og:type\" content=\"article\" \/>\n<meta property=\"og:title\" content=\"Friedlichste L\u00e4nder der Welt - Portugal erneut ganz vorne\" \/>\n<meta property=\"og:description\" content=\"Portugal z\u00e4hlt zu den friedlichsten L\u00e4ndern der Welt. Die ber\u00fchmte Algarve lockt wegen ihrer Landschaftsbesonderheiten jedes Jahr zahlreiche Urlauber an.\" \/>\n<meta property=\"og:url\" content=\"https:\/\/blog.olimar.de\/friedlichste-laender-der-erde\/\" \/>\n<meta property=\"article:publisher\" content=\"https:\/\/www.facebook.com\/OlimarReisen\" \/>\n<meta property=\"article:published_time\" content=\"2019-11-04T17:11:57+00:00\" \/>\n<meta property=\"article:modified_time\" content=\"2022-07-15T11:32:27+00:00\" \/>\n<meta property=\"og:image\" content=\"https:\/\/blog.olimar.de\/wp-content\/uploads\/2019\/10\/portugal-3029665_1280.jpg\" \/>\n\t<meta property=\"og:image:width\" content=\"1280\" \/>\n\t<meta property=\"og:image:height\" content=\"729\" \/>\n\t<meta property=\"og:image:type\" content=\"image\/jpeg\" \/>\n<meta name=\"author\" content=\"OLIMAR Redaktionsteam\" \/>\n<meta name=\"twitter:label1\" content=\"Verfasst von\" \/>\n\t<meta name=\"twitter:data1\" content=\"OLIMAR Redaktionsteam\" \/>\n\t<meta name=\"twitter:label2\" content=\"Gesch\u00e4tzte Lesezeit\" \/>\n\t<meta name=\"twitter:data2\" content=\"3\u00a0Minuten\" \/>\n<script type=\"application\/ld+json\" class=\"yoast-schema-graph\">{\"@context\":\"https:\/\/schema.org\",\"@graph\":[{\"@type\":\"WebPage\",\"@id\":\"https:\/\/blog.olimar.de\/friedlichste-laender-der-erde\/\",\"url\":\"https:\/\/blog.olimar.de\/friedlichste-laender-der-erde\/\",\"name\":\"Friedlichste L\u00e4nder der Welt - Portugal erneut ganz vorne\",\"isPartOf\":{\"@id\":\"https:\/\/blog.olimar.de\/#website\"},\"primaryImageOfPage\":{\"@id\":\"https:\/\/blog.olimar.de\/friedlichste-laender-der-erde\/#primaryimage\"},\"image\":{\"@id\":\"https:\/\/blog.olimar.de\/friedlichste-laender-der-erde\/#primaryimage\"},\"thumbnailUrl\":\"https:\/\/blog.olimar.de\/wp-content\/uploads\/2019\/10\/portugal-3029665_1280.jpg\",\"datePublished\":\"2019-11-04T17:11:57+00:00\",\"dateModified\":\"2022-07-15T11:32:27+00:00\",\"description\":\"Portugal z\u00e4hlt zu den friedlichsten L\u00e4ndern der Welt. Die ber\u00fchmte Algarve lockt wegen ihrer Landschaftsbesonderheiten jedes Jahr zahlreiche Urlauber an.\",\"breadcrumb\":{\"@id\":\"https:\/\/blog.olimar.de\/friedlichste-laender-der-erde\/#breadcrumb\"},\"inLanguage\":\"de\",\"potentialAction\":[{\"@type\":\"ReadAction\",\"target\":[\"https:\/\/blog.olimar.de\/friedlichste-laender-der-erde\/\"]}]},{\"@type\":\"ImageObject\",\"inLanguage\":\"de\",\"@id\":\"https:\/\/blog.olimar.de\/friedlichste-laender-der-erde\/#primaryimage\",\"url\":\"https:\/\/blog.olimar.de\/wp-content\/uploads\/2019\/10\/portugal-3029665_1280.jpg\",\"contentUrl\":\"https:\/\/blog.olimar.de\/wp-content\/uploads\/2019\/10\/portugal-3029665_1280.jpg\",\"width\":1280,\"height\":729,\"caption\":\"Benagilh\u00f6hle Algarve\"},{\"@type\":\"BreadcrumbList\",\"@id\":\"https:\/\/blog.olimar.de\/friedlichste-laender-der-erde\/#breadcrumb\",\"itemListElement\":[{\"@type\":\"ListItem\",\"position\":1,\"name\":\"Home\",\"item\":\"https:\/\/blog.olimar.de\/\"},{\"@type\":\"ListItem\",\"position\":2,\"name\":\"Portugal\",\"item\":\"https:\/\/blog.olimar.de\/tag\/portugal\/\"},{\"@type\":\"ListItem\",\"position\":3,\"name\":\"Friedlichste L\u00e4nder der Welt: Portugal auf Platz 3 hinter Island und Neuseeland\"}]},{\"@type\":\"WebSite\",\"@id\":\"https:\/\/blog.olimar.de\/#website\",\"url\":\"https:\/\/blog.olimar.de\/\",\"name\":\"OLIMAR.com\",\"description\":\"\",\"publisher\":{\"@id\":\"https:\/\/blog.olimar.de\/#organization\"},\"potentialAction\":[{\"@type\":\"SearchAction\",\"target\":{\"@type\":\"EntryPoint\",\"urlTemplate\":\"https:\/\/blog.olimar.de\/?s={search_term_string}\"},\"query-input\":{\"@type\":\"PropertyValueSpecification\",\"valueRequired\":true,\"valueName\":\"search_term_string\"}}],\"inLanguage\":\"de\"},{\"@type\":\"Organization\",\"@id\":\"https:\/\/blog.olimar.de\/#organization\",\"name\":\"OLIMAR Reisen\",\"url\":\"https:\/\/blog.olimar.de\/\",\"logo\":{\"@type\":\"ImageObject\",\"inLanguage\":\"de\",\"@id\":\"https:\/\/blog.olimar.de\/#\/schema\/logo\/image\/\",\"url\":\"https:\/\/blog.olimar.de\/wp-content\/uploads\/2021\/01\/OLIMAR_Logo_COLOR.png\",\"contentUrl\":\"https:\/\/blog.olimar.de\/wp-content\/uploads\/2021\/01\/OLIMAR_Logo_COLOR.png\",\"width\":2000,\"height\":986,\"caption\":\"OLIMAR Reisen\"},\"image\":{\"@id\":\"https:\/\/blog.olimar.de\/#\/schema\/logo\/image\/\"},\"sameAs\":[\"https:\/\/www.facebook.com\/OlimarReisen\",\"https:\/\/x.com\/olimarrreisen\",\"https:\/\/www.instagram.com\/olimarreisen\",\"https:\/\/www.youtube.com\/user\/olimarreisen\"]}]}<\/script>\n<!-- \/ Yoast SEO plugin. -->","yoast_head_json":{"title":"Friedlichste L\u00e4nder der Welt - Portugal erneut ganz vorne","description":"Portugal z\u00e4hlt zu den friedlichsten L\u00e4ndern der Welt. Die ber\u00fchmte Algarve lockt wegen ihrer Landschaftsbesonderheiten jedes Jahr zahlreiche Urlauber an.","robots":{"index":"index","follow":"follow","max-snippet":"max-snippet:-1","max-image-preview":"max-image-preview:large","max-video-preview":"max-video-preview:-1"},"canonical":"https:\/\/blog.olimar.de\/friedlichste-laender-der-erde\/","og_locale":"de_DE","og_type":"article","og_title":"Friedlichste L\u00e4nder der Welt - Portugal erneut ganz vorne","og_description":"Portugal z\u00e4hlt zu den friedlichsten L\u00e4ndern der Welt. Die ber\u00fchmte Algarve lockt wegen ihrer Landschaftsbesonderheiten jedes Jahr zahlreiche Urlauber an.","og_url":"https:\/\/blog.olimar.de\/friedlichste-laender-der-erde\/","article_publisher":"https:\/\/www.facebook.com\/OlimarReisen","article_published_time":"2019-11-04T17:11:57+00:00","article_modified_time":"2022-07-15T11:32:27+00:00","og_image":[{"width":1280,"height":729,"url":"https:\/\/blog.olimar.de\/wp-content\/uploads\/2019\/10\/portugal-3029665_1280.jpg","type":"image\/jpeg"}],"author":"OLIMAR Redaktionsteam","twitter_misc":{"Verfasst von":"OLIMAR Redaktionsteam","Gesch\u00e4tzte Lesezeit":"3\u00a0Minuten"},"schema":{"@context":"https:\/\/schema.org","@graph":[{"@type":"WebPage","@id":"https:\/\/blog.olimar.de\/friedlichste-laender-der-erde\/","url":"https:\/\/blog.olimar.de\/friedlichste-laender-der-erde\/","name":"Friedlichste L\u00e4nder der Welt - Portugal erneut ganz vorne","isPartOf":{"@id":"https:\/\/blog.olimar.de\/#website"},"primaryImageOfPage":{"@id":"https:\/\/blog.olimar.de\/friedlichste-laender-der-erde\/#primaryimage"},"image":{"@id":"https:\/\/blog.olimar.de\/friedlichste-laender-der-erde\/#primaryimage"},"thumbnailUrl":"https:\/\/blog.olimar.de\/wp-content\/uploads\/2019\/10\/portugal-3029665_1280.jpg","datePublished":"2019-11-04T17:11:57+00:00","dateModified":"2022-07-15T11:32:27+00:00","description":"Portugal z\u00e4hlt zu den friedlichsten L\u00e4ndern der Welt. Die ber\u00fchmte Algarve lockt wegen ihrer Landschaftsbesonderheiten jedes Jahr zahlreiche Urlauber an.","breadcrumb":{"@id":"https:\/\/blog.olimar.de\/friedlichste-laender-der-erde\/#breadcrumb"},"inLanguage":"de","potentialAction":[{"@type":"ReadAction","target":["https:\/\/blog.olimar.de\/friedlichste-laender-der-erde\/"]}]},{"@type":"ImageObject","inLanguage":"de","@id":"https:\/\/blog.olimar.de\/friedlichste-laender-der-erde\/#primaryimage","url":"https:\/\/blog.olimar.de\/wp-content\/uploads\/2019\/10\/portugal-3029665_1280.jpg","contentUrl":"https:\/\/blog.olimar.de\/wp-content\/uploads\/2019\/10\/portugal-3029665_1280.jpg","width":1280,"height":729,"caption":"Benagilh\u00f6hle Algarve"},{"@type":"BreadcrumbList","@id":"https:\/\/blog.olimar.de\/friedlichste-laender-der-erde\/#breadcrumb","itemListElement":[{"@type":"ListItem","position":1,"name":"Home","item":"https:\/\/blog.olimar.de\/"},{"@type":"ListItem","position":2,"name":"Portugal","item":"https:\/\/blog.olimar.de\/tag\/portugal\/"},{"@type":"ListItem","position":3,"name":"Friedlichste L\u00e4nder der Welt: Portugal auf Platz 3 hinter Island und Neuseeland"}]},{"@type":"WebSite","@id":"https:\/\/blog.olimar.de\/#website","url":"https:\/\/blog.olimar.de\/","name":"OLIMAR.com","description":"","publisher":{"@id":"https:\/\/blog.olimar.de\/#organization"},"potentialAction":[{"@type":"SearchAction","target":{"@type":"EntryPoint","urlTemplate":"https:\/\/blog.olimar.de\/?s={search_term_string}"},"query-input":{"@type":"PropertyValueSpecification","valueRequired":true,"valueName":"search_term_string"}}],"inLanguage":"de"},{"@type":"Organization","@id":"https:\/\/blog.olimar.de\/#organization","name":"OLIMAR Reisen","url":"https:\/\/blog.olimar.de\/","logo":{"@type":"ImageObject","inLanguage":"de","@id":"https:\/\/blog.olimar.de\/#\/schema\/logo\/image\/","url":"https:\/\/blog.olimar.de\/wp-content\/uploads\/2021\/01\/OLIMAR_Logo_COLOR.png","contentUrl":"https:\/\/blog.olimar.de\/wp-content\/uploads\/2021\/01\/OLIMAR_Logo_COLOR.png","width":2000,"height":986,"caption":"OLIMAR Reisen"},"image":{"@id":"https:\/\/blog.olimar.de\/#\/schema\/logo\/image\/"},"sameAs":["https:\/\/www.facebook.com\/OlimarReisen","https:\/\/x.com\/olimarrreisen","https:\/\/www.instagram.com\/olimarreisen","https:\/\/www.youtube.com\/user\/olimarreisen"]}]}},"modified_by":"Julia Windh\u00f6vel","jetpack_featured_media_url":"https:\/\/blog.olimar.de\/wp-content\/uploads\/2019\/10\/portugal-3029665_1280.jpg","_links":{"self":[{"href":"https:\/\/blog.olimar.de\/wp-json\/wp\/v2\/posts\/12529","targetHints":{"allow":["GET"]}}],"collection":[{"href":"https:\/\/blog.olimar.de\/wp-json\/wp\/v2\/posts"}],"about":[{"href":"https:\/\/blog.olimar.de\/wp-json\/wp\/v2\/types\/post"}],"author":[{"embeddable":true,"href":"https:\/\/blog.olimar.de\/wp-json\/wp\/v2\/users\/9"}],"replies":[{"embeddable":true,"href":"https:\/\/blog.olimar.de\/wp-json\/wp\/v2\/comments?post=12529"}],"version-history":[{"count":20,"href":"https:\/\/blog.olimar.de\/wp-json\/wp\/v2\/posts\/12529\/revisions"}],"predecessor-version":[{"id":19247,"href":"https:\/\/blog.olimar.de\/wp-json\/wp\/v2\/posts\/12529\/revisions\/19247"}],"wp:featuredmedia":[{"embeddable":true,"href":"https:\/\/blog.olimar.de\/wp-json\/wp\/v2\/media\/12555"}],"wp:attachment":[{"href":"https:\/\/blog.olimar.de\/wp-json\/wp\/v2\/media?parent=12529"}],"wp:term":[{"taxonomy":"category","embeddable":true,"href":"https:\/\/blog.olimar.de\/wp-json\/wp\/v2\/categories?post=12529"},{"taxonomy":"post_tag","embeddable":true,"href":"https:\/\/blog.olimar.de\/wp-json\/wp\/v2\/tags?post=12529"}],"curies":[{"name":"wp","href":"https:\/\/api.w.org\/{rel}","templated":true}]}}