{"id":12570,"date":"2019-11-13T12:05:11","date_gmt":"2019-11-13T10:05:11","guid":{"rendered":"https:\/\/blog.olimar.de\/?p=12570"},"modified":"2023-06-15T11:49:06","modified_gmt":"2023-06-15T10:49:06","slug":"reisekataloge-2020","status":"publish","type":"post","link":"https:\/\/blog.olimar.de\/reisekataloge-2020\/","title":{"rendered":"Die neuen OLIMAR Reisekataloge 2020 sind da!"},"content":{"rendered":"\n<p><strong>Anfang November wurden sie palettenweise in unsere K\u00f6lner Zentrale geliefert und werden seither an Stammkunden, Reiseb\u00fcropartner und Interessenten versendet: die neuen OLIMAR Reisekataloge 2020 \u201cDas ist Portugal! mit Kapverden\u201d und \u201cS\u00fcdeuropa erleben!\u201d sowie der Zusatzkatalog \u201cPorto Santo \u2013 Portugals einzigartiges Inselparadies\u201d.<\/strong><\/p>\n\n\n\n<div class=\"wp-block-buttons is-layout-flex wp-block-buttons-is-layout-flex\">\n<div class=\"wp-block-button\"><a class=\"wp-block-button__link wp-element-button\" href=\"https:\/\/www.olimar.de\/\">OLIMAR Reiseangebote und Hoteltipps entdecken<\/a><\/div>\n<\/div>\n\n\n\n<div style=\"height:25px\" aria-hidden=\"true\" class=\"wp-block-spacer\"><\/div>\n\n\n\n<p class=\"wp-block-paragraph\">Die wichtigste Botschaft f\u00fcr das OLIMAR Reisejahr 2020 lautet: Wir haben das Programm an individuellen und gef\u00fchrten Rund- und Erlebnisreisen weiter deutlich ausgebaut. Au\u00dferdem &#8211; so finden wir &#8211; sind die Kataloge so stimmungsvoll und inspirativ wie nie zuvor, denn jede Unterkunft pr\u00e4sentieren wir auf mindestens einer halben &#8211; und jede Erlebnisreise auf einer ganzen Seite. Dar\u00fcber hinaus haben wir die Bilder durchweg vergr\u00f6\u00dfert und Reisehighlights farblich besser gekennzeichnet. Wie gewohnt haben wir uns in den Katalogen nicht auf Fakten zu den Reisen und Hotels beschr\u00e4nkt, sondern stellen auf stimmungsvollen Intro- und Zwischenseiten auch Regionstipps, Veranstaltungshighlights oder die besten Strandempfehlungen dar.<\/p>\n\n\n\n<p class=\"has-light-green-cyan-background-color has-background wp-block-paragraph\">Die drei Kataloge sowie weitere Sonder- und Zusatzkataloge sind bequem online durchbl\u00e4tterbar, als PDF herunterladbar oder kostenlos bestellbar. Dar\u00fcber hinaus sind alle Kataloge in der OLIMAR Katalog-App enthalten. <a href=\"https:\/\/www.olimar.de\/kataloge\/\">Hier geht&#8217;s zur OLIMAR Katalogwelt<\/a>.<\/p>\n\n\n\n<h2 class=\"wp-block-heading\"><strong>Ausgew\u00e4hlte Neuheiten in Portugal und auf den Kapverden<\/strong><\/h2>\n\n\n<div class=\"wp-block-image\">\n<figure class=\"aligncenter\"><img loading=\"lazy\" decoding=\"async\" width=\"200\" height=\"267\" src=\"https:\/\/blog.olimar.de\/wp-content\/uploads\/2019\/11\/Portugal-2020-200x267.jpg\" alt=\"Portugal Katalog 2020 OLIMAR\" class=\"wp-image-12613\"\/><figcaption class=\"wp-element-caption\"><a href=\"https:\/\/www.olimar.de\/kataloge\/\">Online durchbl\u00e4ttern<\/a><\/figcaption><\/figure>\n<\/div>\n\n\n<h3 class=\"wp-block-heading\"><strong>Quinta Bonita Country House &amp; Garden ****, Algarve<\/strong><\/h3>\n\n\n\n<p class=\"wp-block-paragraph\">Bei diesem kleinen, aber feinen Boutique-Hotel handelt es sich um eine mit viel Liebe zum Detail renovierte und von der Besitzerfamilie pers\u00f6nlich gef\u00fchrte Villa samt angeschlossenem Chalet. Das Anwesen thront auf einer Anh\u00f6he rund 10 Autominuten westlich des Stadtzentrums von Lagos und \u00fcberblickt das \u201eVale Verde\u201c, das gr\u00fcne Tal, bis hin zum Meer. <a href=\"https:\/\/rms.olimar.de\/code\/FAO206?travelType=hotel&amp;tab=details\">Hoteldetails<\/a><\/p>\n\n\n\n<figure class=\"wp-block-gallery has-nested-images columns-default is-cropped wp-block-gallery-1 is-layout-flex wp-block-gallery-is-layout-flex\">\n<figure class=\"wp-block-image size-large\"><img loading=\"lazy\" decoding=\"async\" width=\"1024\" height=\"689\" data-id=\"12590\" src=\"https:\/\/blog.olimar.de\/wp-content\/uploads\/2019\/11\/FAO206-z-CamiloSuiteSeaView2018-1024x689.jpg\" alt=\"Zimmerbeispiel Quinta Bonita Country House and Garden\" class=\"wp-image-12590\" srcset=\"https:\/\/blog.olimar.de\/wp-content\/uploads\/2019\/11\/FAO206-z-CamiloSuiteSeaView2018-1024x689.jpg 1024w, https:\/\/blog.olimar.de\/wp-content\/uploads\/2019\/11\/FAO206-z-CamiloSuiteSeaView2018-300x202.jpg 300w, https:\/\/blog.olimar.de\/wp-content\/uploads\/2019\/11\/FAO206-z-CamiloSuiteSeaView2018-768x517.jpg 768w, https:\/\/blog.olimar.de\/wp-content\/uploads\/2019\/11\/FAO206-z-CamiloSuiteSeaView2018.jpg 1604w\" sizes=\"auto, (max-width: 1024px) 100vw, 1024px\" \/><\/figure>\n\n\n\n<figure class=\"wp-block-image size-large\"><img loading=\"lazy\" decoding=\"async\" width=\"1024\" height=\"683\" data-id=\"12591\" src=\"https:\/\/blog.olimar.de\/wp-content\/uploads\/2019\/11\/FAO206-p-Pool2018B-1024x683.jpg\" alt=\"Pool Quinta Bonita Country House and Garden\" class=\"wp-image-12591\" srcset=\"https:\/\/blog.olimar.de\/wp-content\/uploads\/2019\/11\/FAO206-p-Pool2018B-1024x683.jpg 1024w, https:\/\/blog.olimar.de\/wp-content\/uploads\/2019\/11\/FAO206-p-Pool2018B-300x200.jpg 300w, https:\/\/blog.olimar.de\/wp-content\/uploads\/2019\/11\/FAO206-p-Pool2018B-768x512.jpg 768w, https:\/\/blog.olimar.de\/wp-content\/uploads\/2019\/11\/FAO206-p-Pool2018B-840x560.jpg 840w, https:\/\/blog.olimar.de\/wp-content\/uploads\/2019\/11\/FAO206-p-Pool2018B-1200x800.jpg 1200w, https:\/\/blog.olimar.de\/wp-content\/uploads\/2019\/11\/FAO206-p-Pool2018B.jpg 1620w\" sizes=\"auto, (max-width: 1024px) 100vw, 1024px\" \/><\/figure>\n\n\n\n<figure class=\"wp-block-image size-large\"><img loading=\"lazy\" decoding=\"async\" width=\"1024\" height=\"576\" data-id=\"12592\" src=\"https:\/\/blog.olimar.de\/wp-content\/uploads\/2019\/11\/FAO206-a-Areal2018A-1024x576.jpg\" alt=\"Quinta Bonita Country House and Garden\" class=\"wp-image-12592\" srcset=\"https:\/\/blog.olimar.de\/wp-content\/uploads\/2019\/11\/FAO206-a-Areal2018A-1024x576.jpg 1024w, https:\/\/blog.olimar.de\/wp-content\/uploads\/2019\/11\/FAO206-a-Areal2018A-300x169.jpg 300w, https:\/\/blog.olimar.de\/wp-content\/uploads\/2019\/11\/FAO206-a-Areal2018A-768x432.jpg 768w, https:\/\/blog.olimar.de\/wp-content\/uploads\/2019\/11\/FAO206-a-Areal2018A.jpg 1920w\" sizes=\"auto, (max-width: 1024px) 100vw, 1024px\" \/><\/figure>\n<\/figure>\n\n\n\n<h3 class=\"wp-block-heading\"><strong>SENSI Azores Nature &amp; Spa ****, S\u00e3o Miguel (Azoren)<\/strong><\/h3>\n\n\n\n<p class=\"wp-block-paragraph\">Das erst im Sommer 2019 er\u00f6ffnete, kleine, aber sehr feine Urlaubsdomizil entstand aus der aufw\u00e4ndigen Restaurierung eines Landguts aus der Mitte des 19. Jh. Es liegt himmlisch ruhig an der \u00e4u\u00dfersten S\u00fcdwestspitze S\u00e3o Miguels und gew\u00e4hrt einen herrlichen Meerblick, unvergessliche Sonnenunterg\u00e4nge inklusive. <a href=\"https:\/\/www.olimar.de\/portugal\/azoren\/sao-miguel\/\">Reisedetails<\/a> f\u00fcr S\u00e3o Miguel auf den Azoren.<\/p>\n\n\n\n<figure class=\"wp-block-gallery has-nested-images columns-4 is-cropped wp-block-gallery-2 is-layout-flex wp-block-gallery-is-layout-flex\">\n<figure class=\"wp-block-image size-large\"><img loading=\"lazy\" decoding=\"async\" width=\"1024\" height=\"386\" data-id=\"12596\" src=\"https:\/\/blog.olimar.de\/wp-content\/uploads\/2019\/11\/PDL162-a-Exterior2019-1024x386.jpg\" alt=\"Sensi Nature &amp; Spa au\u00dfen\" class=\"wp-image-12596\" srcset=\"https:\/\/blog.olimar.de\/wp-content\/uploads\/2019\/11\/PDL162-a-Exterior2019-1024x386.jpg 1024w, https:\/\/blog.olimar.de\/wp-content\/uploads\/2019\/11\/PDL162-a-Exterior2019-300x113.jpg 300w, https:\/\/blog.olimar.de\/wp-content\/uploads\/2019\/11\/PDL162-a-Exterior2019-768x290.jpg 768w\" sizes=\"auto, (max-width: 1024px) 100vw, 1024px\" \/><\/figure>\n\n\n\n<figure class=\"wp-block-image size-large\"><img loading=\"lazy\" decoding=\"async\" width=\"1024\" height=\"684\" data-id=\"12595\" src=\"https:\/\/blog.olimar.de\/wp-content\/uploads\/2019\/11\/PDL162-a-Exterior2019G-1024x684.jpg\" alt=\"Sensi Nature &amp; Spa Hof\" class=\"wp-image-12595\" srcset=\"https:\/\/blog.olimar.de\/wp-content\/uploads\/2019\/11\/PDL162-a-Exterior2019G-1024x684.jpg 1024w, https:\/\/blog.olimar.de\/wp-content\/uploads\/2019\/11\/PDL162-a-Exterior2019G-300x200.jpg 300w, https:\/\/blog.olimar.de\/wp-content\/uploads\/2019\/11\/PDL162-a-Exterior2019G-768x513.jpg 768w, https:\/\/blog.olimar.de\/wp-content\/uploads\/2019\/11\/PDL162-a-Exterior2019G-840x560.jpg 840w, https:\/\/blog.olimar.de\/wp-content\/uploads\/2019\/11\/PDL162-a-Exterior2019G-1200x800.jpg 1200w, https:\/\/blog.olimar.de\/wp-content\/uploads\/2019\/11\/PDL162-a-Exterior2019G.jpg 1617w\" sizes=\"auto, (max-width: 1024px) 100vw, 1024px\" \/><\/figure>\n\n\n\n<figure class=\"wp-block-image size-large\"><img loading=\"lazy\" decoding=\"async\" width=\"1024\" height=\"683\" data-id=\"12594\" src=\"https:\/\/blog.olimar.de\/wp-content\/uploads\/2019\/11\/PDL162-a-Exterior2019H-1024x683.jpg\" alt=\"Sensi Nature &amp; Spa Pool\" class=\"wp-image-12594\" srcset=\"https:\/\/blog.olimar.de\/wp-content\/uploads\/2019\/11\/PDL162-a-Exterior2019H-1024x683.jpg 1024w, https:\/\/blog.olimar.de\/wp-content\/uploads\/2019\/11\/PDL162-a-Exterior2019H-300x200.jpg 300w, https:\/\/blog.olimar.de\/wp-content\/uploads\/2019\/11\/PDL162-a-Exterior2019H-768x512.jpg 768w, https:\/\/blog.olimar.de\/wp-content\/uploads\/2019\/11\/PDL162-a-Exterior2019H-840x560.jpg 840w, https:\/\/blog.olimar.de\/wp-content\/uploads\/2019\/11\/PDL162-a-Exterior2019H-1200x800.jpg 1200w, https:\/\/blog.olimar.de\/wp-content\/uploads\/2019\/11\/PDL162-a-Exterior2019H.jpg 1620w\" sizes=\"auto, (max-width: 1024px) 100vw, 1024px\" \/><\/figure>\n\n\n\n<figure class=\"wp-block-image size-large\"><img loading=\"lazy\" decoding=\"async\" width=\"1024\" height=\"683\" data-id=\"12593\" src=\"https:\/\/blog.olimar.de\/wp-content\/uploads\/2019\/11\/PDL162-z-AtlanticDeluxePlungePool2019F-1024x683.jpg\" alt=\"Sensi Nature &amp; Spa Zimmer\" class=\"wp-image-12593\" srcset=\"https:\/\/blog.olimar.de\/wp-content\/uploads\/2019\/11\/PDL162-z-AtlanticDeluxePlungePool2019F-1024x683.jpg 1024w, https:\/\/blog.olimar.de\/wp-content\/uploads\/2019\/11\/PDL162-z-AtlanticDeluxePlungePool2019F-300x200.jpg 300w, https:\/\/blog.olimar.de\/wp-content\/uploads\/2019\/11\/PDL162-z-AtlanticDeluxePlungePool2019F-768x512.jpg 768w, https:\/\/blog.olimar.de\/wp-content\/uploads\/2019\/11\/PDL162-z-AtlanticDeluxePlungePool2019F-840x560.jpg 840w, https:\/\/blog.olimar.de\/wp-content\/uploads\/2019\/11\/PDL162-z-AtlanticDeluxePlungePool2019F-1200x800.jpg 1200w, https:\/\/blog.olimar.de\/wp-content\/uploads\/2019\/11\/PDL162-z-AtlanticDeluxePlungePool2019F.jpg 1620w\" sizes=\"auto, (max-width: 1024px) 100vw, 1024px\" \/><\/figure>\n<\/figure>\n\n\n\n<h3 class=\"wp-block-heading\"><strong>Rundreise: Dourotal-Genuss per Boot, Auto und Zug<\/strong><\/h3>\n\n\n\n<p class=\"wp-block-paragraph\">Bei dieser einw\u00f6chigen Rundreise ab\/bis Porto entdecken Sie mit unterschiedlichen Fortbewegungsmitteln eine der fraglos sch\u00f6nsten Flusslandschaften Europas. Neben dem Wechselspiel von Boots- und Mietwagentouren sowie einer Zugfahrt ist das Besondere an diesem Programm die ausgewogene Mischung aus gef\u00fchrten Besichtigungen durch jeweils ortsans\u00e4ssige, echte \u201eInsider-Guides\u201c und gen\u00fcgend Zeit f\u00fcr individuelle Erkundungen.<\/p>\n\n\n\n<figure class=\"wp-block-gallery has-nested-images columns-default is-cropped wp-block-gallery-3 is-layout-flex wp-block-gallery-is-layout-flex\">\n<figure class=\"wp-block-image size-large\"><img loading=\"lazy\" decoding=\"async\" width=\"1000\" height=\"667\" data-id=\"12599\" src=\"https:\/\/blog.olimar.de\/wp-content\/uploads\/2019\/11\/PT-Porto-Sunset-c-WalzingMeurers-4168.jpg\" alt=\"Porto\" class=\"wp-image-12599\" srcset=\"https:\/\/blog.olimar.de\/wp-content\/uploads\/2019\/11\/PT-Porto-Sunset-c-WalzingMeurers-4168.jpg 1000w, https:\/\/blog.olimar.de\/wp-content\/uploads\/2019\/11\/PT-Porto-Sunset-c-WalzingMeurers-4168-300x200.jpg 300w, https:\/\/blog.olimar.de\/wp-content\/uploads\/2019\/11\/PT-Porto-Sunset-c-WalzingMeurers-4168-768x512.jpg 768w, https:\/\/blog.olimar.de\/wp-content\/uploads\/2019\/11\/PT-Porto-Sunset-c-WalzingMeurers-4168-840x560.jpg 840w\" sizes=\"auto, (max-width: 1000px) 100vw, 1000px\" \/><\/figure>\n\n\n\n<figure class=\"wp-block-image size-large\"><img loading=\"lazy\" decoding=\"async\" width=\"1024\" height=\"683\" data-id=\"12598\" src=\"https:\/\/blog.olimar.de\/wp-content\/uploads\/2019\/11\/cluster-3735506_1920-1024x683.jpg\" alt=\"Weinrebe\" class=\"wp-image-12598\" srcset=\"https:\/\/blog.olimar.de\/wp-content\/uploads\/2019\/11\/cluster-3735506_1920-1024x683.jpg 1024w, https:\/\/blog.olimar.de\/wp-content\/uploads\/2019\/11\/cluster-3735506_1920-300x200.jpg 300w, https:\/\/blog.olimar.de\/wp-content\/uploads\/2019\/11\/cluster-3735506_1920-768x512.jpg 768w, https:\/\/blog.olimar.de\/wp-content\/uploads\/2019\/11\/cluster-3735506_1920-840x560.jpg 840w, https:\/\/blog.olimar.de\/wp-content\/uploads\/2019\/11\/cluster-3735506_1920-1200x800.jpg 1200w, https:\/\/blog.olimar.de\/wp-content\/uploads\/2019\/11\/cluster-3735506_1920.jpg 1920w\" sizes=\"auto, (max-width: 1024px) 100vw, 1024px\" \/><\/figure>\n\n\n\n<figure class=\"wp-block-image size-large\"><img loading=\"lazy\" decoding=\"async\" width=\"1024\" height=\"683\" data-id=\"12597\" src=\"https:\/\/blog.olimar.de\/wp-content\/uploads\/2019\/11\/douro-1525409_1920-1024x683.jpg\" alt=\"Dourotal\" class=\"wp-image-12597\" srcset=\"https:\/\/blog.olimar.de\/wp-content\/uploads\/2019\/11\/douro-1525409_1920-1024x683.jpg 1024w, https:\/\/blog.olimar.de\/wp-content\/uploads\/2019\/11\/douro-1525409_1920-300x200.jpg 300w, https:\/\/blog.olimar.de\/wp-content\/uploads\/2019\/11\/douro-1525409_1920-768x512.jpg 768w, https:\/\/blog.olimar.de\/wp-content\/uploads\/2019\/11\/douro-1525409_1920-840x560.jpg 840w, https:\/\/blog.olimar.de\/wp-content\/uploads\/2019\/11\/douro-1525409_1920-1200x800.jpg 1200w, https:\/\/blog.olimar.de\/wp-content\/uploads\/2019\/11\/douro-1525409_1920.jpg 1920w\" sizes=\"auto, (max-width: 1024px) 100vw, 1024px\" \/><\/figure>\n<\/figure>\n\n\n\n<h3 class=\"wp-block-heading\"><strong>Rundreise: Kapverdisches Familienabenteuer<\/strong><\/h3>\n\n\n\n<p class=\"wp-block-paragraph\">Genie\u00dfen Sie im Rahmen dieser Reise gemeinsam mit Ihren Kindern einen ausgewogenen Mix aus spannenden Naturtouren, interessanten Begegnungen und erholsamen Badetagen und lassen Sie sich von der kreolischen Lebensfreude anstecken. Ein sicher unvergessliches Erlebnis f\u00fcr die ganze Familie \u2013 ideal f\u00fcr Kinder ab 6 Jahren. <a href=\"https:\/\/rms.olimar.de\/code\/SIDX03?travelType=roundtrip\">Reisedetails<\/a><\/p>\n\n\n\n<figure class=\"wp-block-gallery has-nested-images columns-default is-cropped wp-block-gallery-4 is-layout-flex wp-block-gallery-is-layout-flex\">\n<figure class=\"wp-block-image size-large\"><img loading=\"lazy\" decoding=\"async\" width=\"1000\" height=\"666\" data-id=\"12600\" src=\"https:\/\/blog.olimar.de\/wp-content\/uploads\/2019\/11\/CV-SaoVicente-Strandbild.jpg\" alt=\"Kinder Sao Vicente Strand\" class=\"wp-image-12600\" srcset=\"https:\/\/blog.olimar.de\/wp-content\/uploads\/2019\/11\/CV-SaoVicente-Strandbild.jpg 1000w, https:\/\/blog.olimar.de\/wp-content\/uploads\/2019\/11\/CV-SaoVicente-Strandbild-300x200.jpg 300w, https:\/\/blog.olimar.de\/wp-content\/uploads\/2019\/11\/CV-SaoVicente-Strandbild-768x511.jpg 768w, https:\/\/blog.olimar.de\/wp-content\/uploads\/2019\/11\/CV-SaoVicente-Strandbild-840x560.jpg 840w\" sizes=\"auto, (max-width: 1000px) 100vw, 1000px\" \/><\/figure>\n\n\n\n<figure class=\"wp-block-image size-large\"><img loading=\"lazy\" decoding=\"async\" width=\"1024\" height=\"683\" data-id=\"12601\" src=\"https:\/\/blog.olimar.de\/wp-content\/uploads\/2019\/11\/CV-Santiago-Landscape17-c-MRu-1024x683.jpg\" alt=\"Ausblick Santiago\" class=\"wp-image-12601\" srcset=\"https:\/\/blog.olimar.de\/wp-content\/uploads\/2019\/11\/CV-Santiago-Landscape17-c-MRu-1024x683.jpg 1024w, https:\/\/blog.olimar.de\/wp-content\/uploads\/2019\/11\/CV-Santiago-Landscape17-c-MRu-300x200.jpg 300w, https:\/\/blog.olimar.de\/wp-content\/uploads\/2019\/11\/CV-Santiago-Landscape17-c-MRu-768x512.jpg 768w, https:\/\/blog.olimar.de\/wp-content\/uploads\/2019\/11\/CV-Santiago-Landscape17-c-MRu-840x560.jpg 840w, https:\/\/blog.olimar.de\/wp-content\/uploads\/2019\/11\/CV-Santiago-Landscape17-c-MRu-1200x800.jpg 1200w, https:\/\/blog.olimar.de\/wp-content\/uploads\/2019\/11\/CV-Santiago-Landscape17-c-MRu.jpg 1620w\" sizes=\"auto, (max-width: 1024px) 100vw, 1024px\" \/><\/figure>\n\n\n\n<figure class=\"wp-block-image size-large\"><img loading=\"lazy\" decoding=\"async\" width=\"1024\" height=\"768\" data-id=\"12602\" src=\"https:\/\/blog.olimar.de\/wp-content\/uploads\/2019\/11\/CV-SantoAntao-Bergdorf19-c-MRu-1024x768.jpg\" alt=\"H\u00fctte Santo Antao\" class=\"wp-image-12602\" srcset=\"https:\/\/blog.olimar.de\/wp-content\/uploads\/2019\/11\/CV-SantoAntao-Bergdorf19-c-MRu-1024x768.jpg 1024w, https:\/\/blog.olimar.de\/wp-content\/uploads\/2019\/11\/CV-SantoAntao-Bergdorf19-c-MRu-300x225.jpg 300w, https:\/\/blog.olimar.de\/wp-content\/uploads\/2019\/11\/CV-SantoAntao-Bergdorf19-c-MRu-768x576.jpg 768w, https:\/\/blog.olimar.de\/wp-content\/uploads\/2019\/11\/CV-SantoAntao-Bergdorf19-c-MRu.jpg 1440w\" sizes=\"auto, (max-width: 1024px) 100vw, 1024px\" \/><\/figure>\n<\/figure>\n\n\n\n<div style=\"height:60px\" aria-hidden=\"true\" class=\"wp-block-spacer\"><\/div>\n\n\n\n<hr class=\"wp-block-separator has-css-opacity\"\/>\n\n\n\n<div style=\"height:60px\" aria-hidden=\"true\" class=\"wp-block-spacer\"><\/div>\n\n\n\n<h2 class=\"wp-block-heading\"><strong>Ausgew\u00e4hlte Neuheiten auf Porto Santo<\/strong><\/h2>\n\n\n<div class=\"wp-block-image\">\n<figure class=\"aligncenter\"><img loading=\"lazy\" decoding=\"async\" width=\"200\" height=\"267\" src=\"https:\/\/blog.olimar.de\/wp-content\/uploads\/2019\/11\/PortoSanto-200x267.jpg\" alt=\"Porto Santo Katalog 2020 OLIMAR\" class=\"wp-image-12614\"\/><figcaption class=\"wp-element-caption\"><a href=\"https:\/\/www.olimar.de\/kataloge\/\">Online durchbl\u00e4ttern<\/a><\/figcaption><\/figure>\n<\/div>\n\n\n<p class=\"wp-block-paragraph\">100 % Geheimtipp &#8211; 0 % Stress. Das ist das Motto auf Madeiras kleiner Nachbarinsel Porto Santo. Zwischen dem 9. Mai und 21. Oktober 2020 bieten wir erneut jeden Samstag ab\/bis K\u00f6ln-Bonn die bequeme Nonstop-Flugverbindung auf Portugals Strandparadies an. Auch Kombinationen mit Madeira eignen sich hervorragend f\u00fcr eine perfekte Mischung aus Aktiv- und Erholungsurlaub. <\/p>\n\n\n\n<h3 class=\"wp-block-heading\"><strong>Kombinationsreise Porto Santo Madeira<\/strong><\/h3>\n\n\n\n<p class=\"wp-block-paragraph\">Strandurlaub, Naturerlebnis und charmant-pulsierendes Stadtleben: Im  Rahmen dieser 1-w\u00f6chigen Kombination der Blumeninsel Madeira mit ihrem  kleinen Schwestereiland Porto Santo k\u00f6nnen Sie alles miteinander  verbinden und lernen dabei die faszinierenden Gegens\u00e4tze beider Inseln  kennen.<\/p>\n\n\n\n<figure class=\"wp-block-gallery has-nested-images columns-4 is-cropped wp-block-gallery-5 is-layout-flex wp-block-gallery-is-layout-flex\">\n<figure class=\"wp-block-image size-large\"><img loading=\"lazy\" decoding=\"async\" width=\"1024\" height=\"684\" data-id=\"10433\" src=\"https:\/\/blog.olimar.de\/wp-content\/uploads\/2019\/02\/PT-PortoSanto-LuamarBeachA-c-FranciscoCorreia_APM-1024x684.jpg\" alt=\"Badeurlaub am Strand von Porto Santo\" class=\"wp-image-10433\" srcset=\"https:\/\/blog.olimar.de\/wp-content\/uploads\/2019\/02\/PT-PortoSanto-LuamarBeachA-c-FranciscoCorreia_APM-1024x684.jpg 1024w, https:\/\/blog.olimar.de\/wp-content\/uploads\/2019\/02\/PT-PortoSanto-LuamarBeachA-c-FranciscoCorreia_APM-300x200.jpg 300w, https:\/\/blog.olimar.de\/wp-content\/uploads\/2019\/02\/PT-PortoSanto-LuamarBeachA-c-FranciscoCorreia_APM-768x513.jpg 768w, https:\/\/blog.olimar.de\/wp-content\/uploads\/2019\/02\/PT-PortoSanto-LuamarBeachA-c-FranciscoCorreia_APM-840x560.jpg 840w, https:\/\/blog.olimar.de\/wp-content\/uploads\/2019\/02\/PT-PortoSanto-LuamarBeachA-c-FranciscoCorreia_APM-1200x800.jpg 1200w, https:\/\/blog.olimar.de\/wp-content\/uploads\/2019\/02\/PT-PortoSanto-LuamarBeachA-c-FranciscoCorreia_APM.jpg 1618w\" sizes=\"auto, (max-width: 1024px) 100vw, 1024px\" \/><\/figure>\n\n\n\n<figure class=\"wp-block-image size-large\"><img loading=\"lazy\" decoding=\"async\" width=\"1000\" height=\"668\" data-id=\"9932\" src=\"https:\/\/blog.olimar.de\/wp-content\/uploads\/2018\/11\/PT-PortoSanto-HikingPicoCasteloA-c-FranciscoCorreiaPhoto.jpg\" alt=\"Wandern auf Porto Santo\" class=\"wp-image-9932\" srcset=\"https:\/\/blog.olimar.de\/wp-content\/uploads\/2018\/11\/PT-PortoSanto-HikingPicoCasteloA-c-FranciscoCorreiaPhoto.jpg 1000w, https:\/\/blog.olimar.de\/wp-content\/uploads\/2018\/11\/PT-PortoSanto-HikingPicoCasteloA-c-FranciscoCorreiaPhoto-300x200.jpg 300w, https:\/\/blog.olimar.de\/wp-content\/uploads\/2018\/11\/PT-PortoSanto-HikingPicoCasteloA-c-FranciscoCorreiaPhoto-768x513.jpg 768w, https:\/\/blog.olimar.de\/wp-content\/uploads\/2018\/11\/PT-PortoSanto-HikingPicoCasteloA-c-FranciscoCorreiaPhoto-840x560.jpg 840w\" sizes=\"auto, (max-width: 1000px) 100vw, 1000px\" \/><\/figure>\n\n\n\n<figure class=\"wp-block-image size-large\"><img loading=\"lazy\" decoding=\"async\" width=\"1024\" height=\"684\" data-id=\"9944\" src=\"https:\/\/blog.olimar.de\/wp-content\/uploads\/2018\/11\/PT-PortoSanto-Pico-do-Castelo-view-point_Porto-Santo-c-FranciscoCorreia_APM-1024x684.jpg\" alt=\"Aussicht Pico do Castelo Porto Santo\" class=\"wp-image-9944\" srcset=\"https:\/\/blog.olimar.de\/wp-content\/uploads\/2018\/11\/PT-PortoSanto-Pico-do-Castelo-view-point_Porto-Santo-c-FranciscoCorreia_APM-1024x684.jpg 1024w, https:\/\/blog.olimar.de\/wp-content\/uploads\/2018\/11\/PT-PortoSanto-Pico-do-Castelo-view-point_Porto-Santo-c-FranciscoCorreia_APM-300x200.jpg 300w, https:\/\/blog.olimar.de\/wp-content\/uploads\/2018\/11\/PT-PortoSanto-Pico-do-Castelo-view-point_Porto-Santo-c-FranciscoCorreia_APM-768x513.jpg 768w, https:\/\/blog.olimar.de\/wp-content\/uploads\/2018\/11\/PT-PortoSanto-Pico-do-Castelo-view-point_Porto-Santo-c-FranciscoCorreia_APM-840x560.jpg 840w, https:\/\/blog.olimar.de\/wp-content\/uploads\/2018\/11\/PT-PortoSanto-Pico-do-Castelo-view-point_Porto-Santo-c-FranciscoCorreia_APM-1200x800.jpg 1200w, https:\/\/blog.olimar.de\/wp-content\/uploads\/2018\/11\/PT-PortoSanto-Pico-do-Castelo-view-point_Porto-Santo-c-FranciscoCorreia_APM.jpg 1618w\" sizes=\"auto, (max-width: 1024px) 100vw, 1024px\" \/><\/figure>\n\n\n\n<figure class=\"wp-block-image size-large\"><img loading=\"lazy\" decoding=\"async\" width=\"1024\" height=\"766\" data-id=\"11160\" src=\"https:\/\/blog.olimar.de\/wp-content\/uploads\/2019\/05\/PT-Madeira-CamaraDeLobosA2017APM-1024x766.jpg\" alt=\"Blick auf C\u00e2mara de Lobos\" class=\"wp-image-11160\" srcset=\"https:\/\/blog.olimar.de\/wp-content\/uploads\/2019\/05\/PT-Madeira-CamaraDeLobosA2017APM-1024x766.jpg 1024w, https:\/\/blog.olimar.de\/wp-content\/uploads\/2019\/05\/PT-Madeira-CamaraDeLobosA2017APM-300x225.jpg 300w, https:\/\/blog.olimar.de\/wp-content\/uploads\/2019\/05\/PT-Madeira-CamaraDeLobosA2017APM-768x575.jpg 768w, https:\/\/blog.olimar.de\/wp-content\/uploads\/2019\/05\/PT-Madeira-CamaraDeLobosA2017APM.jpg 1443w\" sizes=\"auto, (max-width: 1024px) 100vw, 1024px\" \/><\/figure>\n<\/figure>\n\n\n\n<div style=\"height:60px\" aria-hidden=\"true\" class=\"wp-block-spacer\"><\/div>\n\n\n\n<hr class=\"wp-block-separator has-css-opacity\"\/>\n\n\n\n<div style=\"height:60px\" aria-hidden=\"true\" class=\"wp-block-spacer\"><\/div>\n\n\n\n<h2 class=\"wp-block-heading\"><strong>Ausgew\u00e4hlte Neuheiten in S\u00fcdeuropa<\/strong><\/h2>\n\n\n<div class=\"wp-block-image\">\n<figure class=\"aligncenter\"><img loading=\"lazy\" decoding=\"async\" width=\"200\" height=\"267\" src=\"https:\/\/blog.olimar.de\/wp-content\/uploads\/2019\/11\/Suedeuropa-2020-200x267.jpg\" alt=\"Katalog S\u00fcdeuropa OLIMAR 2020\" class=\"wp-image-12615\"\/><figcaption class=\"wp-element-caption\"><a href=\"https:\/\/www.olimar.de\/kataloge\/\">Online durchbl\u00e4ttern<\/a><\/figcaption><\/figure>\n<\/div>\n\n\n<h3 class=\"wp-block-heading\"><strong>Camping Omisalj &#8211; Mobile Homes, Insel Krk<\/strong><\/h3>\n\n\n\n<p class=\"wp-block-paragraph\">Direkt am Meer auf der Insel Krk erwartet Sie diese neu er\u00f6ffnete,  professionell gef\u00fchrte Campinganlage. Auf einem rund 8 Hektar gro\u00dfen,  gepflegten Gel\u00e4nde mit mediterraner Vegetation erwarten Sie neben den  Parzellen f\u00fcr Camper modernste Mobile Homes in n\u00e4chster N\u00e4he zum Strand. Direkt an der  sch\u00f6nen Bucht von Pusca mit flachem Kiesstrand und glasklarem Wasser,  finden hier besonders Familien mit Kindern beste Voraussetzungen f\u00fcr den  entspannten Urlaub. <a href=\"https:\/\/rms.olimar.de\/code\/RJK309\">Unterkunftsdetails<\/a> <\/p>\n\n\n\n<figure class=\"wp-block-gallery has-nested-images columns-4 is-cropped wp-block-gallery-6 is-layout-flex wp-block-gallery-is-layout-flex\">\n<figure class=\"wp-block-image size-large\"><img loading=\"lazy\" decoding=\"async\" width=\"1024\" height=\"683\" data-id=\"12603\" src=\"https:\/\/blog.olimar.de\/wp-content\/uploads\/2019\/11\/RJK309-z-MobilehomeE2019-1024x683.jpg\" alt=\"Camping Omisalj - Mobile Homes\" class=\"wp-image-12603\" srcset=\"https:\/\/blog.olimar.de\/wp-content\/uploads\/2019\/11\/RJK309-z-MobilehomeE2019-1024x683.jpg 1024w, https:\/\/blog.olimar.de\/wp-content\/uploads\/2019\/11\/RJK309-z-MobilehomeE2019-300x200.jpg 300w, https:\/\/blog.olimar.de\/wp-content\/uploads\/2019\/11\/RJK309-z-MobilehomeE2019-768x512.jpg 768w, https:\/\/blog.olimar.de\/wp-content\/uploads\/2019\/11\/RJK309-z-MobilehomeE2019-840x560.jpg 840w, https:\/\/blog.olimar.de\/wp-content\/uploads\/2019\/11\/RJK309-z-MobilehomeE2019-1200x800.jpg 1200w, https:\/\/blog.olimar.de\/wp-content\/uploads\/2019\/11\/RJK309-z-MobilehomeE2019.jpg 1620w\" sizes=\"auto, (max-width: 1024px) 100vw, 1024px\" \/><\/figure>\n\n\n\n<figure class=\"wp-block-image size-large\"><img loading=\"lazy\" decoding=\"async\" width=\"1024\" height=\"683\" data-id=\"12604\" src=\"https:\/\/blog.olimar.de\/wp-content\/uploads\/2019\/11\/RJK309-z-MobilehomeC2019-1024x683.jpg\" alt=\"Camping Omisalj - Mobile Homes Beispiel\" class=\"wp-image-12604\" srcset=\"https:\/\/blog.olimar.de\/wp-content\/uploads\/2019\/11\/RJK309-z-MobilehomeC2019-1024x683.jpg 1024w, https:\/\/blog.olimar.de\/wp-content\/uploads\/2019\/11\/RJK309-z-MobilehomeC2019-300x200.jpg 300w, https:\/\/blog.olimar.de\/wp-content\/uploads\/2019\/11\/RJK309-z-MobilehomeC2019-768x512.jpg 768w, https:\/\/blog.olimar.de\/wp-content\/uploads\/2019\/11\/RJK309-z-MobilehomeC2019-840x560.jpg 840w, https:\/\/blog.olimar.de\/wp-content\/uploads\/2019\/11\/RJK309-z-MobilehomeC2019-1200x800.jpg 1200w, https:\/\/blog.olimar.de\/wp-content\/uploads\/2019\/11\/RJK309-z-MobilehomeC2019.jpg 1620w\" sizes=\"auto, (max-width: 1024px) 100vw, 1024px\" \/><\/figure>\n\n\n\n<figure class=\"wp-block-image size-large\"><img loading=\"lazy\" decoding=\"async\" width=\"1024\" height=\"683\" data-id=\"12605\" src=\"https:\/\/blog.olimar.de\/wp-content\/uploads\/2019\/11\/RJK309-p-PoolA2019-1024x683.jpg\" alt=\"Camping Omisalj - Mobile Homes Pool\" class=\"wp-image-12605\" srcset=\"https:\/\/blog.olimar.de\/wp-content\/uploads\/2019\/11\/RJK309-p-PoolA2019-1024x683.jpg 1024w, https:\/\/blog.olimar.de\/wp-content\/uploads\/2019\/11\/RJK309-p-PoolA2019-300x200.jpg 300w, https:\/\/blog.olimar.de\/wp-content\/uploads\/2019\/11\/RJK309-p-PoolA2019-768x512.jpg 768w, https:\/\/blog.olimar.de\/wp-content\/uploads\/2019\/11\/RJK309-p-PoolA2019-840x560.jpg 840w, https:\/\/blog.olimar.de\/wp-content\/uploads\/2019\/11\/RJK309-p-PoolA2019-1200x800.jpg 1200w, https:\/\/blog.olimar.de\/wp-content\/uploads\/2019\/11\/RJK309-p-PoolA2019.jpg 1620w\" sizes=\"auto, (max-width: 1024px) 100vw, 1024px\" \/><\/figure>\n\n\n\n<figure class=\"wp-block-image size-large\"><img loading=\"lazy\" decoding=\"async\" width=\"1024\" height=\"583\" data-id=\"12606\" src=\"https:\/\/blog.olimar.de\/wp-content\/uploads\/2019\/11\/RJK309-a-ViewC2019-1024x583.jpg\" alt=\"Camping Omisalj - Mobile Homes Strand\" class=\"wp-image-12606\" srcset=\"https:\/\/blog.olimar.de\/wp-content\/uploads\/2019\/11\/RJK309-a-ViewC2019-1024x583.jpg 1024w, https:\/\/blog.olimar.de\/wp-content\/uploads\/2019\/11\/RJK309-a-ViewC2019-300x171.jpg 300w, https:\/\/blog.olimar.de\/wp-content\/uploads\/2019\/11\/RJK309-a-ViewC2019-768x437.jpg 768w, https:\/\/blog.olimar.de\/wp-content\/uploads\/2019\/11\/RJK309-a-ViewC2019.jpg 1897w\" sizes=\"auto, (max-width: 1024px) 100vw, 1024px\" \/><\/figure>\n<\/figure>\n\n\n\n<h3 class=\"wp-block-heading\"><strong>Rundreise: Familien Bike Tour Salento<\/strong><\/h3>\n\n\n\n<p class=\"wp-block-paragraph\">Eine gro\u00dfartige Reise per Bike f\u00fcr die ganze Familie: Erkunden Sie auf  moderaten Tagestouren die Sch\u00f6nheiten S\u00fcditaliens von der Barockstadt  Lecce bis nach Gallipoli an der K\u00fcste. Dabei radeln Sie entspannt auf  wenig befahrenen Nebenstrecken, entdecken Sehensw\u00fcrdigkeiten, die der  ganzen Familie Spa\u00df machen, und \u00fcbernachten in kleinen, famili\u00e4ren  Unterk\u00fcnften. Die Fahrr\u00e4der werden gestellt und Ihr Gep\u00e4ck wird jeweils  f\u00fcr Sie transportiert, so dass Sie die Tage ganz entspannt angehen  k\u00f6nnen. <a href=\"https:\/\/rms.olimar.de\/code\/bdsx04\">Reisedetails<\/a>  <\/p>\n\n\n\n<figure class=\"wp-block-gallery has-nested-images columns-4 is-cropped wp-block-gallery-7 is-layout-flex wp-block-gallery-is-layout-flex\">\n<figure class=\"wp-block-image size-large\"><img loading=\"lazy\" decoding=\"async\" width=\"1024\" height=\"575\" data-id=\"12610\" src=\"https:\/\/blog.olimar.de\/wp-content\/uploads\/2019\/11\/BDSX04-x-PortoSelvaggio2019-1024x575.jpg\" alt=\"Bucht Porto Selvaggio Salent\" class=\"wp-image-12610\" srcset=\"https:\/\/blog.olimar.de\/wp-content\/uploads\/2019\/11\/BDSX04-x-PortoSelvaggio2019-1024x575.jpg 1024w, https:\/\/blog.olimar.de\/wp-content\/uploads\/2019\/11\/BDSX04-x-PortoSelvaggio2019-300x168.jpg 300w, https:\/\/blog.olimar.de\/wp-content\/uploads\/2019\/11\/BDSX04-x-PortoSelvaggio2019-768x431.jpg 768w, https:\/\/blog.olimar.de\/wp-content\/uploads\/2019\/11\/BDSX04-x-PortoSelvaggio2019.jpg 1923w\" sizes=\"auto, (max-width: 1024px) 100vw, 1024px\" \/><\/figure>\n\n\n\n<figure class=\"wp-block-image size-large\"><img loading=\"lazy\" decoding=\"async\" width=\"1024\" height=\"681\" data-id=\"12609\" src=\"https:\/\/blog.olimar.de\/wp-content\/uploads\/2019\/11\/BDSX04-x-Olivenbaeume2019-1024x681.jpg\" alt=\"Fahrradfahrer Salent\" class=\"wp-image-12609\" srcset=\"https:\/\/blog.olimar.de\/wp-content\/uploads\/2019\/11\/BDSX04-x-Olivenbaeume2019-1024x681.jpg 1024w, https:\/\/blog.olimar.de\/wp-content\/uploads\/2019\/11\/BDSX04-x-Olivenbaeume2019-300x200.jpg 300w, https:\/\/blog.olimar.de\/wp-content\/uploads\/2019\/11\/BDSX04-x-Olivenbaeume2019-768x511.jpg 768w, https:\/\/blog.olimar.de\/wp-content\/uploads\/2019\/11\/BDSX04-x-Olivenbaeume2019-840x560.jpg 840w, https:\/\/blog.olimar.de\/wp-content\/uploads\/2019\/11\/BDSX04-x-Olivenbaeume2019.jpg 1623w\" sizes=\"auto, (max-width: 1024px) 100vw, 1024px\" \/><\/figure>\n\n\n\n<figure class=\"wp-block-image size-large\"><img loading=\"lazy\" decoding=\"async\" width=\"1024\" height=\"716\" data-id=\"12608\" src=\"https:\/\/blog.olimar.de\/wp-content\/uploads\/2019\/11\/BDSX04-x-Kochkurs2019a-1024x716.jpg\" alt=\"Kochkurs Salent\" class=\"wp-image-12608\" srcset=\"https:\/\/blog.olimar.de\/wp-content\/uploads\/2019\/11\/BDSX04-x-Kochkurs2019a-1024x716.jpg 1024w, https:\/\/blog.olimar.de\/wp-content\/uploads\/2019\/11\/BDSX04-x-Kochkurs2019a-300x210.jpg 300w, https:\/\/blog.olimar.de\/wp-content\/uploads\/2019\/11\/BDSX04-x-Kochkurs2019a-768x537.jpg 768w, https:\/\/blog.olimar.de\/wp-content\/uploads\/2019\/11\/BDSX04-x-Kochkurs2019a.jpg 1544w\" sizes=\"auto, (max-width: 1024px) 100vw, 1024px\" \/><\/figure>\n\n\n\n<figure class=\"wp-block-image size-large\"><img loading=\"lazy\" decoding=\"async\" width=\"1024\" height=\"768\" data-id=\"12607\" src=\"https:\/\/blog.olimar.de\/wp-content\/uploads\/2019\/11\/BDSX04-x-FahrradwegSalent2019-1024x768.jpg\" alt=\"Fahrradtour Fahrradweg Salent\" class=\"wp-image-12607\" srcset=\"https:\/\/blog.olimar.de\/wp-content\/uploads\/2019\/11\/BDSX04-x-FahrradwegSalent2019-1024x768.jpg 1024w, https:\/\/blog.olimar.de\/wp-content\/uploads\/2019\/11\/BDSX04-x-FahrradwegSalent2019-300x225.jpg 300w, https:\/\/blog.olimar.de\/wp-content\/uploads\/2019\/11\/BDSX04-x-FahrradwegSalent2019-768x576.jpg 768w, https:\/\/blog.olimar.de\/wp-content\/uploads\/2019\/11\/BDSX04-x-FahrradwegSalent2019.jpg 1440w\" sizes=\"auto, (max-width: 1024px) 100vw, 1024px\" \/><\/figure>\n<\/figure>\n\n\n\n<h3 class=\"wp-block-heading\"><strong>Erlebnisreise:  Wanderparadies Mallorca &#8211; Trekking durch die Serra de Tramuntana<\/strong> <\/h3>\n\n\n\n<p class=\"wp-block-paragraph\">Diese einw\u00f6chige, individuelle Wanderreise erschlie\u00dft Ihnen die  Sch\u00f6nheit und und das kulturell-spirituelle Erbe der Serra de Tramuntana. Der Gebirgszug ist einer der beeindruckendsten  landschaftlichen H\u00f6hepunkte Mallorcas und geh\u00f6rt zum Welterbe der  UNESCO. Ihre Unterk\u00fcnfte sind  gleicherma\u00dfen charmante wie komfortable Landhotels und Fincas, wobei  der Gep\u00e4cktransport ebenso wie die Transfers zum Ausgangs- oder Endpunkt  der Wanderungen inklusive sind. <a href=\"https:\/\/rms.olimar.de\/code\/PMIX12\">Reisedetails<\/a><\/p>\n\n\n\n<p class=\"wp-block-paragraph\"><strong>Das gesamte Reise- und Unterkunftsprogramm f\u00fcr das Reisejahr 2020 ist ab sofort buchbar. Entweder online auf <\/strong><a href=\"https:\/\/www.olimar.de\/\"><strong>www.olimar.de<\/strong><\/a><strong> oder mit direkter Beratung \u00fcber das OLIMAR Serviceteam in K\u00f6ln oder die OLIMAR Reiseb\u00fcropartner.<\/strong><\/p>\n\n\n\n<div style=\"height:50px\" aria-hidden=\"true\" class=\"wp-block-spacer\"><\/div>\n\n\n\n<div class=\"wp-block-buttons is-layout-flex wp-block-buttons-is-layout-flex\">\n<div class=\"wp-block-button\"><a class=\"wp-block-button__link wp-element-button\" href=\"https:\/\/www.olimar.de\/hotellistung\/\">Jetzt Urlaubsangebote finden und buchen<\/a><\/div>\n<\/div>\n\n\n\n<div style=\"height:100px\" aria-hidden=\"true\" class=\"wp-block-spacer\"><\/div>\n","protected":false},"excerpt":{"rendered":"<p>Anfang November wurden sie palettenweise in unsere K\u00f6lner Zentrale geliefert und werden seither an Stammkunden, Reiseb\u00fcropartner und Interessenten versendet: die neuen OLIMAR Reisekataloge 2020 \u201cDas ist Portugal! mit Kapverden\u201d und \u201cS\u00fcdeuropa erleben!\u201d sowie der Zusatzkatalog \u201cPorto Santo \u2013 Portugals einzigartiges Inselparadies\u201d. Die wichtigste Botschaft f\u00fcr das OLIMAR Reisejahr 2020 lautet: Wir haben das Programm an individuellen und gef\u00fchrten Rund- und Erlebnisreisen weiter deutlich ausgebaut. Au\u00dferdem &#8211; so finden wir &#8211; sind die Kataloge so stimmungsvoll und inspirativ wie nie zuvor, denn jede Unterkunft pr\u00e4sentieren wir auf mindestens einer halben &#8211; und jede Erlebnisreise auf einer ganzen Seite. Dar\u00fcber hinaus haben wir &hellip;<\/p>\n","protected":false},"author":1,"featured_media":12621,"comment_status":"open","ping_status":"open","sticky":false,"template":"","format":"standard","meta":{"_crdt_document":"","_lmt_disableupdate":"","_lmt_disable":"","footnotes":""},"categories":[49],"tags":[],"class_list":["post-12570","post","type-post","status-publish","format-standard","has-post-thumbnail","hentry","category-olimar-inside"],"yoast_head":"<!-- This site is optimized with the Yoast SEO plugin v26.9 - https:\/\/yoast.com\/product\/yoast-seo-wordpress\/ -->\n<title>Die neuen OLIMAR Reisekataloge 2020 sind da! -<\/title>\n<meta name=\"description\" content=\"Die OLIMAR Reisekataloge 2020 f\u00fcr Portugal inkl. Kapverden, S\u00fcdeuropa und Porto Santo sind druckfrisch erschienen und k\u00f6nnen gratis bestellt werden.\" \/>\n<meta name=\"robots\" content=\"index, follow, max-snippet:-1, max-image-preview:large, max-video-preview:-1\" \/>\n<link rel=\"canonical\" href=\"https:\/\/blog.olimar.de\/reisekataloge-2020\/\" \/>\n<meta property=\"og:locale\" content=\"de_DE\" \/>\n<meta property=\"og:type\" content=\"article\" \/>\n<meta property=\"og:title\" content=\"Die neuen OLIMAR Reisekataloge 2020 sind da! -\" \/>\n<meta property=\"og:description\" content=\"Die OLIMAR Reisekataloge 2020 f\u00fcr Portugal inkl. Kapverden, S\u00fcdeuropa und Porto Santo sind druckfrisch erschienen und k\u00f6nnen gratis bestellt werden.\" \/>\n<meta property=\"og:url\" content=\"https:\/\/blog.olimar.de\/reisekataloge-2020\/\" \/>\n<meta property=\"article:publisher\" content=\"https:\/\/www.facebook.com\/OlimarReisen\" \/>\n<meta property=\"article:published_time\" content=\"2019-11-13T10:05:11+00:00\" \/>\n<meta property=\"article:modified_time\" content=\"2023-06-15T10:49:06+00:00\" \/>\n<meta property=\"og:image\" content=\"https:\/\/blog.olimar.de\/wp-content\/uploads\/2019\/11\/Reisekataloge-Olimar-Hintergrund.jpg\" \/>\n\t<meta property=\"og:image:width\" content=\"1800\" \/>\n\t<meta property=\"og:image:height\" content=\"1300\" \/>\n\t<meta property=\"og:image:type\" content=\"image\/jpeg\" \/>\n<meta name=\"author\" content=\"Katharina\" \/>\n<meta name=\"twitter:label1\" content=\"Verfasst von\" \/>\n\t<meta name=\"twitter:data1\" content=\"Katharina\" \/>\n\t<meta name=\"twitter:label2\" content=\"Gesch\u00e4tzte Lesezeit\" \/>\n\t<meta name=\"twitter:data2\" content=\"10\u00a0Minuten\" \/>\n<script type=\"application\/ld+json\" class=\"yoast-schema-graph\">{\"@context\":\"https:\/\/schema.org\",\"@graph\":[{\"@type\":\"WebPage\",\"@id\":\"https:\/\/blog.olimar.de\/reisekataloge-2020\/\",\"url\":\"https:\/\/blog.olimar.de\/reisekataloge-2020\/\",\"name\":\"Die neuen OLIMAR Reisekataloge 2020 sind da! -\",\"isPartOf\":{\"@id\":\"https:\/\/blog.olimar.de\/#website\"},\"primaryImageOfPage\":{\"@id\":\"https:\/\/blog.olimar.de\/reisekataloge-2020\/#primaryimage\"},\"image\":{\"@id\":\"https:\/\/blog.olimar.de\/reisekataloge-2020\/#primaryimage\"},\"thumbnailUrl\":\"https:\/\/blog.olimar.de\/wp-content\/uploads\/2019\/11\/Reisekataloge-Olimar-Hintergrund.jpg\",\"datePublished\":\"2019-11-13T10:05:11+00:00\",\"dateModified\":\"2023-06-15T10:49:06+00:00\",\"description\":\"Die OLIMAR Reisekataloge 2020 f\u00fcr Portugal inkl. Kapverden, S\u00fcdeuropa und Porto Santo sind druckfrisch erschienen und k\u00f6nnen gratis bestellt werden.\",\"breadcrumb\":{\"@id\":\"https:\/\/blog.olimar.de\/reisekataloge-2020\/#breadcrumb\"},\"inLanguage\":\"de\",\"potentialAction\":[{\"@type\":\"ReadAction\",\"target\":[\"https:\/\/blog.olimar.de\/reisekataloge-2020\/\"]}]},{\"@type\":\"ImageObject\",\"inLanguage\":\"de\",\"@id\":\"https:\/\/blog.olimar.de\/reisekataloge-2020\/#primaryimage\",\"url\":\"https:\/\/blog.olimar.de\/wp-content\/uploads\/2019\/11\/Reisekataloge-Olimar-Hintergrund.jpg\",\"contentUrl\":\"https:\/\/blog.olimar.de\/wp-content\/uploads\/2019\/11\/Reisekataloge-Olimar-Hintergrund.jpg\",\"width\":1800,\"height\":1300,\"caption\":\"OLIMAR Reisekataloge 2020\"},{\"@type\":\"BreadcrumbList\",\"@id\":\"https:\/\/blog.olimar.de\/reisekataloge-2020\/#breadcrumb\",\"itemListElement\":[{\"@type\":\"ListItem\",\"position\":1,\"name\":\"Home\",\"item\":\"https:\/\/blog.olimar.de\/\"},{\"@type\":\"ListItem\",\"position\":2,\"name\":\"Die neuen OLIMAR Reisekataloge 2020 sind da!\"}]},{\"@type\":\"WebSite\",\"@id\":\"https:\/\/blog.olimar.de\/#website\",\"url\":\"https:\/\/blog.olimar.de\/\",\"name\":\"OLIMAR.com\",\"description\":\"\",\"publisher\":{\"@id\":\"https:\/\/blog.olimar.de\/#organization\"},\"potentialAction\":[{\"@type\":\"SearchAction\",\"target\":{\"@type\":\"EntryPoint\",\"urlTemplate\":\"https:\/\/blog.olimar.de\/?s={search_term_string}\"},\"query-input\":{\"@type\":\"PropertyValueSpecification\",\"valueRequired\":true,\"valueName\":\"search_term_string\"}}],\"inLanguage\":\"de\"},{\"@type\":\"Organization\",\"@id\":\"https:\/\/blog.olimar.de\/#organization\",\"name\":\"OLIMAR Reisen\",\"url\":\"https:\/\/blog.olimar.de\/\",\"logo\":{\"@type\":\"ImageObject\",\"inLanguage\":\"de\",\"@id\":\"https:\/\/blog.olimar.de\/#\/schema\/logo\/image\/\",\"url\":\"https:\/\/blog.olimar.de\/wp-content\/uploads\/2021\/01\/OLIMAR_Logo_COLOR.png\",\"contentUrl\":\"https:\/\/blog.olimar.de\/wp-content\/uploads\/2021\/01\/OLIMAR_Logo_COLOR.png\",\"width\":2000,\"height\":986,\"caption\":\"OLIMAR Reisen\"},\"image\":{\"@id\":\"https:\/\/blog.olimar.de\/#\/schema\/logo\/image\/\"},\"sameAs\":[\"https:\/\/www.facebook.com\/OlimarReisen\",\"https:\/\/x.com\/olimarrreisen\",\"https:\/\/www.instagram.com\/olimarreisen\",\"https:\/\/www.youtube.com\/user\/olimarreisen\"]}]}<\/script>\n<!-- \/ Yoast SEO plugin. -->","yoast_head_json":{"title":"Die neuen OLIMAR Reisekataloge 2020 sind da! -","description":"Die OLIMAR Reisekataloge 2020 f\u00fcr Portugal inkl. Kapverden, S\u00fcdeuropa und Porto Santo sind druckfrisch erschienen und k\u00f6nnen gratis bestellt werden.","robots":{"index":"index","follow":"follow","max-snippet":"max-snippet:-1","max-image-preview":"max-image-preview:large","max-video-preview":"max-video-preview:-1"},"canonical":"https:\/\/blog.olimar.de\/reisekataloge-2020\/","og_locale":"de_DE","og_type":"article","og_title":"Die neuen OLIMAR Reisekataloge 2020 sind da! -","og_description":"Die OLIMAR Reisekataloge 2020 f\u00fcr Portugal inkl. Kapverden, S\u00fcdeuropa und Porto Santo sind druckfrisch erschienen und k\u00f6nnen gratis bestellt werden.","og_url":"https:\/\/blog.olimar.de\/reisekataloge-2020\/","article_publisher":"https:\/\/www.facebook.com\/OlimarReisen","article_published_time":"2019-11-13T10:05:11+00:00","article_modified_time":"2023-06-15T10:49:06+00:00","og_image":[{"width":1800,"height":1300,"url":"https:\/\/blog.olimar.de\/wp-content\/uploads\/2019\/11\/Reisekataloge-Olimar-Hintergrund.jpg","type":"image\/jpeg"}],"author":"Katharina","twitter_misc":{"Verfasst von":"Katharina","Gesch\u00e4tzte Lesezeit":"10\u00a0Minuten"},"schema":{"@context":"https:\/\/schema.org","@graph":[{"@type":"WebPage","@id":"https:\/\/blog.olimar.de\/reisekataloge-2020\/","url":"https:\/\/blog.olimar.de\/reisekataloge-2020\/","name":"Die neuen OLIMAR Reisekataloge 2020 sind da! -","isPartOf":{"@id":"https:\/\/blog.olimar.de\/#website"},"primaryImageOfPage":{"@id":"https:\/\/blog.olimar.de\/reisekataloge-2020\/#primaryimage"},"image":{"@id":"https:\/\/blog.olimar.de\/reisekataloge-2020\/#primaryimage"},"thumbnailUrl":"https:\/\/blog.olimar.de\/wp-content\/uploads\/2019\/11\/Reisekataloge-Olimar-Hintergrund.jpg","datePublished":"2019-11-13T10:05:11+00:00","dateModified":"2023-06-15T10:49:06+00:00","description":"Die OLIMAR Reisekataloge 2020 f\u00fcr Portugal inkl. Kapverden, S\u00fcdeuropa und Porto Santo sind druckfrisch erschienen und k\u00f6nnen gratis bestellt werden.","breadcrumb":{"@id":"https:\/\/blog.olimar.de\/reisekataloge-2020\/#breadcrumb"},"inLanguage":"de","potentialAction":[{"@type":"ReadAction","target":["https:\/\/blog.olimar.de\/reisekataloge-2020\/"]}]},{"@type":"ImageObject","inLanguage":"de","@id":"https:\/\/blog.olimar.de\/reisekataloge-2020\/#primaryimage","url":"https:\/\/blog.olimar.de\/wp-content\/uploads\/2019\/11\/Reisekataloge-Olimar-Hintergrund.jpg","contentUrl":"https:\/\/blog.olimar.de\/wp-content\/uploads\/2019\/11\/Reisekataloge-Olimar-Hintergrund.jpg","width":1800,"height":1300,"caption":"OLIMAR Reisekataloge 2020"},{"@type":"BreadcrumbList","@id":"https:\/\/blog.olimar.de\/reisekataloge-2020\/#breadcrumb","itemListElement":[{"@type":"ListItem","position":1,"name":"Home","item":"https:\/\/blog.olimar.de\/"},{"@type":"ListItem","position":2,"name":"Die neuen OLIMAR Reisekataloge 2020 sind da!"}]},{"@type":"WebSite","@id":"https:\/\/blog.olimar.de\/#website","url":"https:\/\/blog.olimar.de\/","name":"OLIMAR.com","description":"","publisher":{"@id":"https:\/\/blog.olimar.de\/#organization"},"potentialAction":[{"@type":"SearchAction","target":{"@type":"EntryPoint","urlTemplate":"https:\/\/blog.olimar.de\/?s={search_term_string}"},"query-input":{"@type":"PropertyValueSpecification","valueRequired":true,"valueName":"search_term_string"}}],"inLanguage":"de"},{"@type":"Organization","@id":"https:\/\/blog.olimar.de\/#organization","name":"OLIMAR Reisen","url":"https:\/\/blog.olimar.de\/","logo":{"@type":"ImageObject","inLanguage":"de","@id":"https:\/\/blog.olimar.de\/#\/schema\/logo\/image\/","url":"https:\/\/blog.olimar.de\/wp-content\/uploads\/2021\/01\/OLIMAR_Logo_COLOR.png","contentUrl":"https:\/\/blog.olimar.de\/wp-content\/uploads\/2021\/01\/OLIMAR_Logo_COLOR.png","width":2000,"height":986,"caption":"OLIMAR Reisen"},"image":{"@id":"https:\/\/blog.olimar.de\/#\/schema\/logo\/image\/"},"sameAs":["https:\/\/www.facebook.com\/OlimarReisen","https:\/\/x.com\/olimarrreisen","https:\/\/www.instagram.com\/olimarreisen","https:\/\/www.youtube.com\/user\/olimarreisen"]}]}},"modified_by":"Julia Windh\u00f6vel","jetpack_featured_media_url":"https:\/\/blog.olimar.de\/wp-content\/uploads\/2019\/11\/Reisekataloge-Olimar-Hintergrund.jpg","_links":{"self":[{"href":"https:\/\/blog.olimar.de\/wp-json\/wp\/v2\/posts\/12570","targetHints":{"allow":["GET"]}}],"collection":[{"href":"https:\/\/blog.olimar.de\/wp-json\/wp\/v2\/posts"}],"about":[{"href":"https:\/\/blog.olimar.de\/wp-json\/wp\/v2\/types\/post"}],"author":[{"embeddable":true,"href":"https:\/\/blog.olimar.de\/wp-json\/wp\/v2\/users\/1"}],"replies":[{"embeddable":true,"href":"https:\/\/blog.olimar.de\/wp-json\/wp\/v2\/comments?post=12570"}],"version-history":[{"count":41,"href":"https:\/\/blog.olimar.de\/wp-json\/wp\/v2\/posts\/12570\/revisions"}],"predecessor-version":[{"id":25989,"href":"https:\/\/blog.olimar.de\/wp-json\/wp\/v2\/posts\/12570\/revisions\/25989"}],"wp:featuredmedia":[{"embeddable":true,"href":"https:\/\/blog.olimar.de\/wp-json\/wp\/v2\/media\/12621"}],"wp:attachment":[{"href":"https:\/\/blog.olimar.de\/wp-json\/wp\/v2\/media?parent=12570"}],"wp:term":[{"taxonomy":"category","embeddable":true,"href":"https:\/\/blog.olimar.de\/wp-json\/wp\/v2\/categories?post=12570"},{"taxonomy":"post_tag","embeddable":true,"href":"https:\/\/blog.olimar.de\/wp-json\/wp\/v2\/tags?post=12570"}],"curies":[{"name":"wp","href":"https:\/\/api.w.org\/{rel}","templated":true}]}}