{"id":12842,"date":"2019-11-22T19:15:13","date_gmt":"2019-11-22T17:15:13","guid":{"rendered":"https:\/\/blog.olimar.de\/?p=12842"},"modified":"2023-06-15T11:45:37","modified_gmt":"2023-06-15T10:45:37","slug":"rundreisen-katalog-2020","status":"publish","type":"post","link":"https:\/\/blog.olimar.de\/rundreisen-katalog-2020\/","title":{"rendered":"OLIMAR Katalog Rund- und Erlebnisreisen 2020"},"content":{"rendered":"\n<p class=\"wp-block-paragraph\"><strong>Das gab es noch nie bei OLIMAR: Ein eigener Katalog speziell f\u00fcr das umfangreiche Rundreisen-Angebot 2020 in Portugal, Spanien, Italien, Kroatien, Montenegro, S\u00fcdfrankreich, Marokko und auf den Kapverden wurde dieser Tage ver\u00f6ffentlicht.<\/strong><\/p>\n\n\n\n<div class=\"wp-block-buttons is-layout-flex wp-block-buttons-is-layout-flex\">\n<div class=\"wp-block-button\"><a class=\"wp-block-button__link wp-element-button\" href=\"https:\/\/www.olimar.de\/\">OLIMAR Reiseangebote und Hoteltipps entdecken<\/a><\/div>\n<\/div>\n\n\n\n<div style=\"height:25px\" aria-hidden=\"true\" class=\"wp-block-spacer\"><\/div>\n\n\n\n<p class=\"wp-block-paragraph\">Das Portfolio auf den insgesamt 140 Seiten k\u00f6nnte abwechslungsreicher kaum sein. Es bietet neben klassischen Bus-Rundreisen in der Gruppe insbesondere individuelle Rundreisen im Mietwagen oder eigenen PKW (Norditalien). Aber auch, wer das Urlaubsland im Zug, auf einem Schiff, per E-Bike oder in Wanderschuhen entdecken m\u00f6chte, von Insel zu Insel \u201eh\u00fcpfen\u201c m\u00f6chte oder von einem Standorthotel aus die Region mit einem t\u00e4glichen Ausflugsprogramm erkunden m\u00f6chte, erh\u00e4lt im neuen Katalog zahlreiche Inspirationen und detaillierte Angebote. Gem\u00e4\u00df der OLIMAR Philosophie \u201eBesonders reisen\u201c ist auch die Mehrzahl der Rund- und Erlebnisreisen flexibel an die individuellen Kundenw\u00fcnsche anpassbar. Die Route soll ge\u00e4ndert werden, ein Pausen- oder Strandtag hinzugef\u00fcgt oder Hotels ge\u00e4ndert werden? Das OLIMAR Serviceteam macht\u2019s m\u00f6glich.<\/p>\n\n\n\n<h2 class=\"wp-block-heading\"><strong>Ausgew\u00e4hlte\nPortugal-Rundreisen im Mietwagen<\/strong><\/h2>\n\n\n\n<h3 class=\"wp-block-heading\"><strong>Portugal von Nord nach S\u00fcd mit \u201eVila Gal\u00e9 Collection\u201c<\/strong><\/h3>\n\n\n<div class=\"wp-block-image\">\n<figure class=\"alignright is-resized\"><img loading=\"lazy\" decoding=\"async\" src=\"https:\/\/blog.olimar.de\/wp-content\/uploads\/2019\/11\/OPOR35-k-Map20190927-1024x791.jpg\" alt=\"\" class=\"wp-image-12886\" width=\"198\" height=\"152\" srcset=\"https:\/\/blog.olimar.de\/wp-content\/uploads\/2019\/11\/OPOR35-k-Map20190927-1024x791.jpg 1024w, https:\/\/blog.olimar.de\/wp-content\/uploads\/2019\/11\/OPOR35-k-Map20190927-300x232.jpg 300w, https:\/\/blog.olimar.de\/wp-content\/uploads\/2019\/11\/OPOR35-k-Map20190927-768x593.jpg 768w, https:\/\/blog.olimar.de\/wp-content\/uploads\/2019\/11\/OPOR35-k-Map20190927.jpg 1399w\" sizes=\"auto, (max-width: 198px) 100vw, 198px\" \/><\/figure>\n<\/div>\n\n\n<p class=\"wp-block-paragraph\">12-t\u00e4gige Mietwagen-Rundreise von Porto an die Algarve, auf der Sie fast ausnahmslos in den gehobenen &#8220;Colletion&#8221;-H\u00e4usern der renommierten Vila Gal\u00e9 Hotelkette \u00fcbernachten. <a href=\"https:\/\/rms.olimar.de\/code\/OPOR35\">Reisedetails<\/a><\/p>\n\n\n\n<div style=\"height:30px\" aria-hidden=\"true\" class=\"wp-block-spacer\"><\/div>\n\n\n\n<h3 class=\"wp-block-heading\"><strong>Buntes St\u00e4dtetreiben und archaische D\u00f6rfer<\/strong><\/h3>\n\n\n<div class=\"wp-block-image\">\n<figure class=\"alignright is-resized\"><img loading=\"lazy\" decoding=\"async\" src=\"https:\/\/blog.olimar.de\/wp-content\/uploads\/2019\/11\/OPOR32-k-Map20190927-1024x791.jpg\" alt=\"\" class=\"wp-image-12887\" width=\"193\" height=\"148\" srcset=\"https:\/\/blog.olimar.de\/wp-content\/uploads\/2019\/11\/OPOR32-k-Map20190927-1024x791.jpg 1024w, https:\/\/blog.olimar.de\/wp-content\/uploads\/2019\/11\/OPOR32-k-Map20190927-300x232.jpg 300w, https:\/\/blog.olimar.de\/wp-content\/uploads\/2019\/11\/OPOR32-k-Map20190927-768x593.jpg 768w, https:\/\/blog.olimar.de\/wp-content\/uploads\/2019\/11\/OPOR32-k-Map20190927.jpg 1399w\" sizes=\"auto, (max-width: 193px) 100vw, 193px\" \/><\/figure>\n<\/div>\n\n\n<p class=\"wp-block-paragraph\">5-t\u00e4gige Reise im Mietwagen von Porto \u00fcber Coimbra bis in die abgeschiedenen, jahrhundertealten Schieferd\u00f6rfer in der Bergwelt der Serra de Lous\u00e3. <a href=\"https:\/\/rms.olimar.de\/code\/OPOR31\">Reisedetails<\/a><\/p>\n\n\n\n<div style=\"height:30px\" aria-hidden=\"true\" class=\"wp-block-spacer\"><\/div>\n\n\n\n<div style=\"height:30px\" aria-hidden=\"true\" class=\"wp-block-spacer\"><\/div>\n\n\n\n<h3 class=\"wp-block-heading\"><strong>Portugal at its best<\/strong><\/h3>\n\n\n<div class=\"wp-block-image\">\n<figure class=\"alignright is-resized\"><img loading=\"lazy\" decoding=\"async\" src=\"https:\/\/blog.olimar.de\/wp-content\/uploads\/2019\/11\/FAOR01-k-Map20190927-1024x791.jpg\" alt=\"\" class=\"wp-image-12888\" width=\"196\" height=\"151\" srcset=\"https:\/\/blog.olimar.de\/wp-content\/uploads\/2019\/11\/FAOR01-k-Map20190927-1024x791.jpg 1024w, https:\/\/blog.olimar.de\/wp-content\/uploads\/2019\/11\/FAOR01-k-Map20190927-300x232.jpg 300w, https:\/\/blog.olimar.de\/wp-content\/uploads\/2019\/11\/FAOR01-k-Map20190927-768x593.jpg 768w, https:\/\/blog.olimar.de\/wp-content\/uploads\/2019\/11\/FAOR01-k-Map20190927.jpg 1399w\" sizes=\"auto, (max-width: 196px) 100vw, 196px\" \/><\/figure>\n<\/div>\n\n\n<p class=\"wp-block-paragraph\">Die bedeutendsten kulturellen und landschaftlichen H\u00f6hepunkte Portugals werden Sie auf dieser 2-w\u00f6chigen Mietwagen-Rundreise ab\/bis Faro (Algarve) kennen lernen. <a href=\"https:\/\/rms.olimar.de\/code\/FAOR01\">Reisedetails<\/a><\/p>\n\n\n\n<div style=\"height:40px\" aria-hidden=\"true\" class=\"wp-block-spacer\"><\/div>\n\n\n\n<h2 class=\"wp-block-heading\"><strong>Ausgew\u00e4hlte\nRundreisen f\u00fcr Gourmetfreunde<\/strong><\/h2>\n\n\n\n<h3 class=\"wp-block-heading\"><strong>Nordportugal f\u00fcr Genie\u00dfer<\/strong><\/h3>\n\n\n<div class=\"wp-block-image\">\n<figure class=\"alignright is-resized\"><img loading=\"lazy\" decoding=\"async\" src=\"https:\/\/blog.olimar.de\/wp-content\/uploads\/2019\/11\/OPOP60-k-Map20190927-1024x791.jpg\" alt=\"\" class=\"wp-image-12890\" width=\"204\" height=\"157\" srcset=\"https:\/\/blog.olimar.de\/wp-content\/uploads\/2019\/11\/OPOP60-k-Map20190927-1024x791.jpg 1024w, https:\/\/blog.olimar.de\/wp-content\/uploads\/2019\/11\/OPOP60-k-Map20190927-300x232.jpg 300w, https:\/\/blog.olimar.de\/wp-content\/uploads\/2019\/11\/OPOP60-k-Map20190927-768x593.jpg 768w, https:\/\/blog.olimar.de\/wp-content\/uploads\/2019\/11\/OPOP60-k-Map20190927.jpg 1399w\" sizes=\"auto, (max-width: 204px) 100vw, 204px\" \/><\/figure>\n<\/div>\n\n\n<p class=\"wp-block-paragraph\">Im Rahmen dieser 8-t\u00e4gigen Mietwagen-Rundreise ab\/bis Porto entdecken  Sie neben der Nordmetropole weite Teile der historischen Minho-Region sowie des naturgesch\u00fctzten Nationalpark Peneda-Ger\u00eas und des Dourotals. <a href=\"https:\/\/rms.olimar.de\/code\/OPOR60\">Reisedetails<\/a><\/p>\n\n\n\n<div style=\"height:30px\" aria-hidden=\"true\" class=\"wp-block-spacer\"><\/div>\n\n\n\n<h3 class=\"wp-block-heading\"><strong>Chianti und Vino Nobile<\/strong> <\/h3>\n\n\n<div class=\"wp-block-image\">\n<figure class=\"alignright is-resized\"><img loading=\"lazy\" decoding=\"async\" src=\"https:\/\/blog.olimar.de\/wp-content\/uploads\/2019\/11\/FLRR01-k-Map20190930-1024x791.jpg\" alt=\"\" class=\"wp-image-12891\" width=\"198\" height=\"151\"\/><\/figure>\n<\/div>\n\n\n<p class=\"wp-block-paragraph\">Diese 1-w\u00f6chige Rundreise f\u00fchrt Sie durch die weltber\u00fchmten Weinregionen der Toskana. Weindegustationen und Oliven\u00f6l-Verkostungen sind selbstverst\u00e4ndlich im Preis inkludiert. <a href=\"https:\/\/rms.olimar.de\/code\/FLRR01\">Reisedetails<\/a><\/p>\n\n\n\n<div style=\"height:40px\" aria-hidden=\"true\" class=\"wp-block-spacer\"><\/div>\n\n\n\n<h2 class=\"wp-block-heading\"><strong>Ausgew\u00e4hlte E-Bike-Reisen in Italien und Portugal<\/strong><\/h2>\n\n\n\n<h3 class=\"wp-block-heading\">Mit dem E-Bike ins Azorenhoch<\/h3>\n\n\n<div class=\"wp-block-image\">\n<figure class=\"alignright is-resized\"><img loading=\"lazy\" decoding=\"async\" src=\"https:\/\/blog.olimar.de\/wp-content\/uploads\/2017\/04\/PT-Azoren-Allgemein-Biking-c-Visitazores.jpg\" alt=\"Biken auf den Azoren\" class=\"wp-image-8347\" width=\"189\" height=\"142\" srcset=\"https:\/\/blog.olimar.de\/wp-content\/uploads\/2017\/04\/PT-Azoren-Allgemein-Biking-c-Visitazores.jpg 1000w, https:\/\/blog.olimar.de\/wp-content\/uploads\/2017\/04\/PT-Azoren-Allgemein-Biking-c-Visitazores-300x225.jpg 300w, https:\/\/blog.olimar.de\/wp-content\/uploads\/2017\/04\/PT-Azoren-Allgemein-Biking-c-Visitazores-768x576.jpg 768w\" sizes=\"auto, (max-width: 189px) 100vw, 189px\" \/><\/figure>\n<\/div>\n\n\n<p class=\"wp-block-paragraph\">Erleben Sie bei diesem 1-w\u00f6chigen Erlebnisprogramm per E-Mountainbike, aber auch auf vier R\u00e4dern, die spektakul\u00e4ren Naturkulissen der gr\u00f6\u00dften Azoreninsel. <a href=\"https:\/\/rms.olimar.de\/code\/PDLX22\">Reisedetails<\/a><\/p>\n\n\n\n<div style=\"height:30px\" aria-hidden=\"true\" class=\"wp-block-spacer\"><\/div>\n\n\n\n<h3 class=\"wp-block-heading\"><strong>Genusswandern und E-Biken zwischen den Reben Albas <\/strong><\/h3>\n\n\n<div class=\"wp-block-image\">\n<figure class=\"alignright is-resized\"><img loading=\"lazy\" decoding=\"async\" src=\"https:\/\/blog.olimar.de\/wp-content\/uploads\/2019\/11\/IT-Piemont-Langhe-Biketour2018-c-DAN-1024x575.jpg\" alt=\"\" class=\"wp-image-12892\" width=\"189\" height=\"105\" srcset=\"https:\/\/blog.olimar.de\/wp-content\/uploads\/2019\/11\/IT-Piemont-Langhe-Biketour2018-c-DAN-1024x575.jpg 1024w, https:\/\/blog.olimar.de\/wp-content\/uploads\/2019\/11\/IT-Piemont-Langhe-Biketour2018-c-DAN-300x169.jpg 300w, https:\/\/blog.olimar.de\/wp-content\/uploads\/2019\/11\/IT-Piemont-Langhe-Biketour2018-c-DAN-768x432.jpg 768w, https:\/\/blog.olimar.de\/wp-content\/uploads\/2019\/11\/IT-Piemont-Langhe-Biketour2018-c-DAN.jpg 1922w\" sizes=\"auto, (max-width: 189px) 100vw, 189px\" \/><\/figure>\n<\/div>\n\n\n<p class=\"wp-block-paragraph\">Auf dieser 5-t\u00e4gigen Aktivreise genie\u00dfen Sie die sch\u00f6nsten Ausblicke durch die Rebenlandschaft des Piemont vom Sattel des E-Bikes oder in Wanderschuhen. <a href=\"https:\/\/rms.olimar.de\/code\/TRNX13\">Reisedetails<\/a><\/p>\n\n\n\n<div style=\"height:40px\" aria-hidden=\"true\" class=\"wp-block-spacer\"><\/div>\n\n\n\n<h2 class=\"wp-block-heading\"><strong>Ausgew\u00e4hlte\nWanderreisen in Portugal, Spanien, Italien<\/strong><\/h2>\n\n\n\n<h3 class=\"wp-block-heading\"><strong>Wandern auf dem Jakobsweg: Von Porto bis Santiago<\/strong> <\/h3>\n\n\n<div class=\"wp-block-image\">\n<figure class=\"alignright is-resized\"><img loading=\"lazy\" decoding=\"async\" src=\"https:\/\/blog.olimar.de\/wp-content\/uploads\/2019\/11\/OPOX09-k-Map20191007-1024x791.jpg\" alt=\"\" class=\"wp-image-12893\" width=\"195\" height=\"150\" srcset=\"https:\/\/blog.olimar.de\/wp-content\/uploads\/2019\/11\/OPOX09-k-Map20191007-1024x791.jpg 1024w, https:\/\/blog.olimar.de\/wp-content\/uploads\/2019\/11\/OPOX09-k-Map20191007-300x232.jpg 300w, https:\/\/blog.olimar.de\/wp-content\/uploads\/2019\/11\/OPOX09-k-Map20191007-768x593.jpg 768w, https:\/\/blog.olimar.de\/wp-content\/uploads\/2019\/11\/OPOX09-k-Map20191007.jpg 1399w\" sizes=\"auto, (max-width: 195px) 100vw, 195px\" \/><\/figure>\n<\/div>\n\n\n<p class=\"wp-block-paragraph\">Zwischen Porto und Vigo wandern Sie 14 Tage entlang des erst vor wenigen Jahren erschlossenen Jakobsweg-Abschnittes \u00fcberwiegend an der K\u00fcste mit weiten D\u00fcnenstr\u00e4nden und Steilk\u00fcsten. <a href=\"https:\/\/rms.olimar.de\/code\/OPOX09\">Reisedetails<\/a> <\/p>\n\n\n\n<div style=\"height:30px\" aria-hidden=\"true\" class=\"wp-block-spacer\"><\/div>\n\n\n\n<h3 class=\"wp-block-heading\"><strong>Genusswandern auf Madeira<\/strong><\/h3>\n\n\n<div class=\"wp-block-image\">\n<figure class=\"alignright is-resized\"><img loading=\"lazy\" decoding=\"async\" src=\"https:\/\/blog.olimar.de\/wp-content\/uploads\/2019\/11\/PT-Madeira-APM19-Aktiv-Maninthewood-c-APM_019-1024x682.jpg\" alt=\"\" class=\"wp-image-12894\" width=\"195\" height=\"130\" srcset=\"https:\/\/blog.olimar.de\/wp-content\/uploads\/2019\/11\/PT-Madeira-APM19-Aktiv-Maninthewood-c-APM_019-1024x682.jpg 1024w, https:\/\/blog.olimar.de\/wp-content\/uploads\/2019\/11\/PT-Madeira-APM19-Aktiv-Maninthewood-c-APM_019-300x200.jpg 300w, https:\/\/blog.olimar.de\/wp-content\/uploads\/2019\/11\/PT-Madeira-APM19-Aktiv-Maninthewood-c-APM_019-768x512.jpg 768w, https:\/\/blog.olimar.de\/wp-content\/uploads\/2019\/11\/PT-Madeira-APM19-Aktiv-Maninthewood-c-APM_019-840x560.jpg 840w, https:\/\/blog.olimar.de\/wp-content\/uploads\/2019\/11\/PT-Madeira-APM19-Aktiv-Maninthewood-c-APM_019-1200x800.jpg 1200w, https:\/\/blog.olimar.de\/wp-content\/uploads\/2019\/11\/PT-Madeira-APM19-Aktiv-Maninthewood-c-APM_019.jpg 1621w\" sizes=\"auto, (max-width: 195px) 100vw, 195px\" \/><\/figure>\n<\/div>\n\n\n<p class=\"wp-block-paragraph\">Diese 1-w\u00f6chige Madeira-Reise verbindet erholsamen Aktivurlaub in der Natur mit  einer Kultur-Tour in der lebendigen Inselhauptstadt und dem Genuss regionaler Spezialit\u00e4ten aus K\u00fcche und Keller.  <a href=\"https:\/\/www.olimar.de\/portugal\/madeira\/\">Reisedetails<\/a> f\u00fcr einen Urlaub auf Madeira!<\/p>\n\n\n\n<div style=\"height:30px\" aria-hidden=\"true\" class=\"wp-block-spacer\"><\/div>\n\n\n\n<h3 class=\"wp-block-heading\"><strong>Vom Florentiner Apennin zum Monte Argentario <\/strong><\/h3>\n\n\n<div class=\"wp-block-image\">\n<figure class=\"alignright is-resized\"><img loading=\"lazy\" decoding=\"async\" src=\"https:\/\/blog.olimar.de\/wp-content\/uploads\/2019\/11\/FLRR08-k-Map20191001-1024x791.jpg\" alt=\"\" class=\"wp-image-12895\" width=\"190\" height=\"146\" srcset=\"https:\/\/blog.olimar.de\/wp-content\/uploads\/2019\/11\/FLRR08-k-Map20191001-1024x791.jpg 1024w, https:\/\/blog.olimar.de\/wp-content\/uploads\/2019\/11\/FLRR08-k-Map20191001-300x232.jpg 300w, https:\/\/blog.olimar.de\/wp-content\/uploads\/2019\/11\/FLRR08-k-Map20191001-768x593.jpg 768w, https:\/\/blog.olimar.de\/wp-content\/uploads\/2019\/11\/FLRR08-k-Map20191001.jpg 1399w\" sizes=\"auto, (max-width: 190px) 100vw, 190px\" \/><\/figure>\n<\/div>\n\n\n<p class=\"wp-block-paragraph\">Biken Sie auf dieser 6-t\u00e4gigen Aktiv- und Gourmetreise zwischen gr\u00fcnen W\u00e4ldern im Florentiner Apennin, genie\u00dfen Sie die besten Tropfen aus einem edlen Weingut des Chianti und schwelgen Sie in Fisch und Meeresfr\u00fcchten zwischen den Klippen der Argentario Halbinsel.   <a href=\"https:\/\/rms.olimar.de\/code\/FLRR08\">Reisedetails<\/a> <\/p>\n\n\n\n<div style=\"height:40px\" aria-hidden=\"true\" class=\"wp-block-spacer\"><\/div>\n\n\n\n<h2 class=\"wp-block-heading\"><strong>Ausgew\u00e4hlte Inselkombinationen<\/strong><\/h2>\n\n\n\n<h3 class=\"wp-block-heading\"><strong>Kombinationsreise Porto Santo &#8211; Madeira <\/strong><\/h3>\n\n\n\n<p class=\"wp-block-paragraph\">Strandurlaub, Naturerlebnis und charmant-pulsierendes Stadtleben: Im  Rahmen dieser 1-w\u00f6chigen Kombination der Blumeninsel Madeira mit ihrem kleinen Schwestereiland Porto Santo k\u00f6nnen Sie all dies miteinander  verbinden.<\/p>\n\n\n\n<figure class=\"wp-block-gallery has-nested-images columns-default is-cropped wp-block-gallery-1 is-layout-flex wp-block-gallery-is-layout-flex\">\n<figure class=\"wp-block-image size-large\"><img loading=\"lazy\" decoding=\"async\" width=\"1024\" height=\"684\" data-id=\"10433\" src=\"https:\/\/blog.olimar.de\/wp-content\/uploads\/2019\/02\/PT-PortoSanto-LuamarBeachA-c-FranciscoCorreia_APM-1024x684.jpg\" alt=\"Badeurlaub am Strand von Porto Santo\" class=\"wp-image-10433\" srcset=\"https:\/\/blog.olimar.de\/wp-content\/uploads\/2019\/02\/PT-PortoSanto-LuamarBeachA-c-FranciscoCorreia_APM-1024x684.jpg 1024w, https:\/\/blog.olimar.de\/wp-content\/uploads\/2019\/02\/PT-PortoSanto-LuamarBeachA-c-FranciscoCorreia_APM-300x200.jpg 300w, https:\/\/blog.olimar.de\/wp-content\/uploads\/2019\/02\/PT-PortoSanto-LuamarBeachA-c-FranciscoCorreia_APM-768x513.jpg 768w, https:\/\/blog.olimar.de\/wp-content\/uploads\/2019\/02\/PT-PortoSanto-LuamarBeachA-c-FranciscoCorreia_APM-840x560.jpg 840w, https:\/\/blog.olimar.de\/wp-content\/uploads\/2019\/02\/PT-PortoSanto-LuamarBeachA-c-FranciscoCorreia_APM-1200x800.jpg 1200w, https:\/\/blog.olimar.de\/wp-content\/uploads\/2019\/02\/PT-PortoSanto-LuamarBeachA-c-FranciscoCorreia_APM.jpg 1618w\" sizes=\"auto, (max-width: 1024px) 100vw, 1024px\" \/><\/figure>\n\n\n\n<figure class=\"wp-block-image size-large\"><img loading=\"lazy\" decoding=\"async\" width=\"1024\" height=\"684\" data-id=\"11164\" src=\"https:\/\/blog.olimar.de\/wp-content\/uploads\/2019\/05\/PT-Madeira-CamaraDeLobos-BocaDaCorrida2017APM-1024x684.jpg\" alt=\"Madeira Landschaft bei C\u00e2mara de Lobos\" class=\"wp-image-11164\" srcset=\"https:\/\/blog.olimar.de\/wp-content\/uploads\/2019\/05\/PT-Madeira-CamaraDeLobos-BocaDaCorrida2017APM-1024x684.jpg 1024w, https:\/\/blog.olimar.de\/wp-content\/uploads\/2019\/05\/PT-Madeira-CamaraDeLobos-BocaDaCorrida2017APM-300x200.jpg 300w, https:\/\/blog.olimar.de\/wp-content\/uploads\/2019\/05\/PT-Madeira-CamaraDeLobos-BocaDaCorrida2017APM-768x513.jpg 768w, https:\/\/blog.olimar.de\/wp-content\/uploads\/2019\/05\/PT-Madeira-CamaraDeLobos-BocaDaCorrida2017APM-840x560.jpg 840w, https:\/\/blog.olimar.de\/wp-content\/uploads\/2019\/05\/PT-Madeira-CamaraDeLobos-BocaDaCorrida2017APM-1200x800.jpg 1200w, https:\/\/blog.olimar.de\/wp-content\/uploads\/2019\/05\/PT-Madeira-CamaraDeLobos-BocaDaCorrida2017APM.jpg 1617w\" sizes=\"auto, (max-width: 1024px) 100vw, 1024px\" \/><\/figure>\n<\/figure>\n\n\n\n<h3 class=\"wp-block-heading\"><strong>Teneriffa &amp; La Gomera: Vulkantrilogie im Atlantik <\/strong><\/h3>\n\n\n\n<p class=\"wp-block-paragraph\">Auf dieser 7-t\u00e4gigen Kombinationsreise mit 2 Inseln inklusive Mietwagen und F\u00e4hr\u00fcberfahrten erleben Sie traumhafte K\u00fcsten- und Gebirgslandschaften, exotische Pflanzenpracht und geschichtstr\u00e4chtige Orte mit kolonialem Flair. <a href=\"https:\/\/rms.olimar.de\/code\/TFSR50\">Reisedetails<\/a> <\/p>\n\n\n\n<figure class=\"wp-block-gallery has-nested-images columns-default is-cropped wp-block-gallery-2 is-layout-flex wp-block-gallery-is-layout-flex\">\n<figure class=\"wp-block-image size-large\"><img loading=\"lazy\" decoding=\"async\" width=\"1024\" height=\"683\" data-id=\"11410\" src=\"https:\/\/blog.olimar.de\/wp-content\/uploads\/2019\/06\/ES-Kanaren-Teneriffa-Teide-PIXABAY1413283-1024x683.jpg\" alt=\"Teide auf Teneriffa\" class=\"wp-image-11410\" srcset=\"https:\/\/blog.olimar.de\/wp-content\/uploads\/2019\/06\/ES-Kanaren-Teneriffa-Teide-PIXABAY1413283-1024x683.jpg 1024w, https:\/\/blog.olimar.de\/wp-content\/uploads\/2019\/06\/ES-Kanaren-Teneriffa-Teide-PIXABAY1413283-300x200.jpg 300w, https:\/\/blog.olimar.de\/wp-content\/uploads\/2019\/06\/ES-Kanaren-Teneriffa-Teide-PIXABAY1413283-768x512.jpg 768w, https:\/\/blog.olimar.de\/wp-content\/uploads\/2019\/06\/ES-Kanaren-Teneriffa-Teide-PIXABAY1413283-840x560.jpg 840w, https:\/\/blog.olimar.de\/wp-content\/uploads\/2019\/06\/ES-Kanaren-Teneriffa-Teide-PIXABAY1413283-1200x800.jpg 1200w, https:\/\/blog.olimar.de\/wp-content\/uploads\/2019\/06\/ES-Kanaren-Teneriffa-Teide-PIXABAY1413283.jpg 1620w\" sizes=\"auto, (max-width: 1024px) 100vw, 1024px\" \/><\/figure>\n\n\n\n<figure class=\"wp-block-image size-large\"><img loading=\"lazy\" decoding=\"async\" width=\"1024\" height=\"683\" data-id=\"11193\" src=\"https:\/\/blog.olimar.de\/wp-content\/uploads\/2019\/05\/ES-Kanaren-LaGomera-MiradordeAbrante2019-1024x683.jpg\" alt=\"Mirador de Abrante La Gomera\" class=\"wp-image-11193\" srcset=\"https:\/\/blog.olimar.de\/wp-content\/uploads\/2019\/05\/ES-Kanaren-LaGomera-MiradordeAbrante2019-1024x683.jpg 1024w, https:\/\/blog.olimar.de\/wp-content\/uploads\/2019\/05\/ES-Kanaren-LaGomera-MiradordeAbrante2019-300x200.jpg 300w, https:\/\/blog.olimar.de\/wp-content\/uploads\/2019\/05\/ES-Kanaren-LaGomera-MiradordeAbrante2019-768x512.jpg 768w, https:\/\/blog.olimar.de\/wp-content\/uploads\/2019\/05\/ES-Kanaren-LaGomera-MiradordeAbrante2019-840x560.jpg 840w, https:\/\/blog.olimar.de\/wp-content\/uploads\/2019\/05\/ES-Kanaren-LaGomera-MiradordeAbrante2019-1200x800.jpg 1200w, https:\/\/blog.olimar.de\/wp-content\/uploads\/2019\/05\/ES-Kanaren-LaGomera-MiradordeAbrante2019.jpg 1620w\" sizes=\"auto, (max-width: 1024px) 100vw, 1024px\" \/><\/figure>\n\n\n\n<figure class=\"wp-block-image size-large\"><img decoding=\"async\" data-id=\"2654\" src=\"https:\/\/blog.olimar.de\/wp-content\/uploads\/2015\/08\/ES-Kanaren-LaPalma-BeautifulLandscapeMountains-28100832-c-EricGevaert-Fotolia.jpg\" alt=\"Gr\u00fcne Berglandschaft auf La Palma\" class=\"wp-image-2654\"\/><\/figure>\n<\/figure>\n\n\n\n<div style=\"height:50px\" aria-hidden=\"true\" class=\"wp-block-spacer\"><\/div>\n\n\n\n<div class=\"wp-block-buttons is-layout-flex wp-block-buttons-is-layout-flex\">\n<div class=\"wp-block-button\"><a class=\"wp-block-button__link wp-element-button\" href=\"https:\/\/www.olimar.de\/hotellistung\/\">Jetzt Urlaubsangebote finden und buchen<\/a><\/div>\n<\/div>\n\n\n\n<div style=\"height:100px\" aria-hidden=\"true\" class=\"wp-block-spacer\"><\/div>\n","protected":false},"excerpt":{"rendered":"<p>Das gab es noch nie bei OLIMAR: Ein eigener Katalog speziell f\u00fcr das umfangreiche Rundreisen-Angebot 2020 in Portugal, Spanien, Italien, Kroatien, Montenegro, S\u00fcdfrankreich, Marokko und auf den Kapverden wurde dieser Tage ver\u00f6ffentlicht. Das Portfolio auf den insgesamt 140 Seiten k\u00f6nnte abwechslungsreicher kaum sein. Es bietet neben klassischen Bus-Rundreisen in der Gruppe insbesondere individuelle Rundreisen im Mietwagen oder eigenen PKW (Norditalien). Aber auch, wer das Urlaubsland im Zug, auf einem Schiff, per E-Bike oder in Wanderschuhen entdecken m\u00f6chte, von Insel zu Insel \u201eh\u00fcpfen\u201c m\u00f6chte oder von einem Standorthotel aus die Region mit einem t\u00e4glichen Ausflugsprogramm erkunden m\u00f6chte, erh\u00e4lt im neuen Katalog zahlreiche &hellip;<\/p>\n","protected":false},"author":9,"featured_media":12853,"comment_status":"open","ping_status":"open","sticky":false,"template":"","format":"standard","meta":{"_crdt_document":"","_lmt_disableupdate":"","_lmt_disable":"","footnotes":""},"categories":[49],"tags":[],"class_list":["post-12842","post","type-post","status-publish","format-standard","has-post-thumbnail","hentry","category-olimar-inside"],"yoast_head":"<!-- This site is optimized with the Yoast SEO plugin v26.9 - https:\/\/yoast.com\/product\/yoast-seo-wordpress\/ -->\n<title>OLIMAR Katalog Rund- und Erlebnisreisen 2020 -<\/title>\n<meta name=\"description\" content=\"Die OLIMAR Rund- und Erlebnisreisen 2020 wurden weiter ausgebaut und sind nun in einem eigenen Katalog zu finden, der ab sofort bestellt werden kann.\" \/>\n<meta name=\"robots\" content=\"index, follow, max-snippet:-1, max-image-preview:large, max-video-preview:-1\" \/>\n<link rel=\"canonical\" href=\"https:\/\/blog.olimar.de\/rundreisen-katalog-2020\/\" \/>\n<meta property=\"og:locale\" content=\"de_DE\" \/>\n<meta property=\"og:type\" content=\"article\" \/>\n<meta property=\"og:title\" content=\"OLIMAR Katalog Rund- und Erlebnisreisen 2020 -\" \/>\n<meta property=\"og:description\" content=\"Die OLIMAR Rund- und Erlebnisreisen 2020 wurden weiter ausgebaut und sind nun in einem eigenen Katalog zu finden, der ab sofort bestellt werden kann.\" \/>\n<meta property=\"og:url\" content=\"https:\/\/blog.olimar.de\/rundreisen-katalog-2020\/\" \/>\n<meta property=\"article:publisher\" content=\"https:\/\/www.facebook.com\/OlimarReisen\" \/>\n<meta property=\"article:published_time\" content=\"2019-11-22T17:15:13+00:00\" \/>\n<meta property=\"article:modified_time\" content=\"2023-06-15T10:45:37+00:00\" \/>\n<meta property=\"og:image\" content=\"https:\/\/blog.olimar.de\/wp-content\/uploads\/2019\/11\/Rundreisen-2020-1000x750.jpg\" \/>\n\t<meta property=\"og:image:width\" content=\"1000\" \/>\n\t<meta property=\"og:image:height\" content=\"750\" \/>\n\t<meta property=\"og:image:type\" content=\"image\/jpeg\" \/>\n<meta name=\"author\" content=\"OLIMAR Redaktionsteam\" \/>\n<meta name=\"twitter:label1\" content=\"Verfasst von\" \/>\n\t<meta name=\"twitter:data1\" content=\"OLIMAR Redaktionsteam\" \/>\n\t<meta name=\"twitter:label2\" content=\"Gesch\u00e4tzte Lesezeit\" \/>\n\t<meta name=\"twitter:data2\" content=\"7\u00a0Minuten\" \/>\n<script type=\"application\/ld+json\" class=\"yoast-schema-graph\">{\"@context\":\"https:\/\/schema.org\",\"@graph\":[{\"@type\":\"WebPage\",\"@id\":\"https:\/\/blog.olimar.de\/rundreisen-katalog-2020\/\",\"url\":\"https:\/\/blog.olimar.de\/rundreisen-katalog-2020\/\",\"name\":\"OLIMAR Katalog Rund- und Erlebnisreisen 2020 -\",\"isPartOf\":{\"@id\":\"https:\/\/blog.olimar.de\/#website\"},\"primaryImageOfPage\":{\"@id\":\"https:\/\/blog.olimar.de\/rundreisen-katalog-2020\/#primaryimage\"},\"image\":{\"@id\":\"https:\/\/blog.olimar.de\/rundreisen-katalog-2020\/#primaryimage\"},\"thumbnailUrl\":\"https:\/\/blog.olimar.de\/wp-content\/uploads\/2019\/11\/Rundreisen-2020-1000x750.jpg\",\"datePublished\":\"2019-11-22T17:15:13+00:00\",\"dateModified\":\"2023-06-15T10:45:37+00:00\",\"description\":\"Die OLIMAR Rund- und Erlebnisreisen 2020 wurden weiter ausgebaut und sind nun in einem eigenen Katalog zu finden, der ab sofort bestellt werden kann.\",\"breadcrumb\":{\"@id\":\"https:\/\/blog.olimar.de\/rundreisen-katalog-2020\/#breadcrumb\"},\"inLanguage\":\"de\",\"potentialAction\":[{\"@type\":\"ReadAction\",\"target\":[\"https:\/\/blog.olimar.de\/rundreisen-katalog-2020\/\"]}]},{\"@type\":\"ImageObject\",\"inLanguage\":\"de\",\"@id\":\"https:\/\/blog.olimar.de\/rundreisen-katalog-2020\/#primaryimage\",\"url\":\"https:\/\/blog.olimar.de\/wp-content\/uploads\/2019\/11\/Rundreisen-2020-1000x750.jpg\",\"contentUrl\":\"https:\/\/blog.olimar.de\/wp-content\/uploads\/2019\/11\/Rundreisen-2020-1000x750.jpg\",\"width\":1000,\"height\":750,\"caption\":\"OLIMAR Rundreisen Katalog\"},{\"@type\":\"BreadcrumbList\",\"@id\":\"https:\/\/blog.olimar.de\/rundreisen-katalog-2020\/#breadcrumb\",\"itemListElement\":[{\"@type\":\"ListItem\",\"position\":1,\"name\":\"Home\",\"item\":\"https:\/\/blog.olimar.de\/\"},{\"@type\":\"ListItem\",\"position\":2,\"name\":\"OLIMAR Katalog Rund- und Erlebnisreisen 2020\"}]},{\"@type\":\"WebSite\",\"@id\":\"https:\/\/blog.olimar.de\/#website\",\"url\":\"https:\/\/blog.olimar.de\/\",\"name\":\"OLIMAR.com\",\"description\":\"\",\"publisher\":{\"@id\":\"https:\/\/blog.olimar.de\/#organization\"},\"potentialAction\":[{\"@type\":\"SearchAction\",\"target\":{\"@type\":\"EntryPoint\",\"urlTemplate\":\"https:\/\/blog.olimar.de\/?s={search_term_string}\"},\"query-input\":{\"@type\":\"PropertyValueSpecification\",\"valueRequired\":true,\"valueName\":\"search_term_string\"}}],\"inLanguage\":\"de\"},{\"@type\":\"Organization\",\"@id\":\"https:\/\/blog.olimar.de\/#organization\",\"name\":\"OLIMAR Reisen\",\"url\":\"https:\/\/blog.olimar.de\/\",\"logo\":{\"@type\":\"ImageObject\",\"inLanguage\":\"de\",\"@id\":\"https:\/\/blog.olimar.de\/#\/schema\/logo\/image\/\",\"url\":\"https:\/\/blog.olimar.de\/wp-content\/uploads\/2021\/01\/OLIMAR_Logo_COLOR.png\",\"contentUrl\":\"https:\/\/blog.olimar.de\/wp-content\/uploads\/2021\/01\/OLIMAR_Logo_COLOR.png\",\"width\":2000,\"height\":986,\"caption\":\"OLIMAR Reisen\"},\"image\":{\"@id\":\"https:\/\/blog.olimar.de\/#\/schema\/logo\/image\/\"},\"sameAs\":[\"https:\/\/www.facebook.com\/OlimarReisen\",\"https:\/\/x.com\/olimarrreisen\",\"https:\/\/www.instagram.com\/olimarreisen\",\"https:\/\/www.youtube.com\/user\/olimarreisen\"]}]}<\/script>\n<!-- \/ Yoast SEO plugin. -->","yoast_head_json":{"title":"OLIMAR Katalog Rund- und Erlebnisreisen 2020 -","description":"Die OLIMAR Rund- und Erlebnisreisen 2020 wurden weiter ausgebaut und sind nun in einem eigenen Katalog zu finden, der ab sofort bestellt werden kann.","robots":{"index":"index","follow":"follow","max-snippet":"max-snippet:-1","max-image-preview":"max-image-preview:large","max-video-preview":"max-video-preview:-1"},"canonical":"https:\/\/blog.olimar.de\/rundreisen-katalog-2020\/","og_locale":"de_DE","og_type":"article","og_title":"OLIMAR Katalog Rund- und Erlebnisreisen 2020 -","og_description":"Die OLIMAR Rund- und Erlebnisreisen 2020 wurden weiter ausgebaut und sind nun in einem eigenen Katalog zu finden, der ab sofort bestellt werden kann.","og_url":"https:\/\/blog.olimar.de\/rundreisen-katalog-2020\/","article_publisher":"https:\/\/www.facebook.com\/OlimarReisen","article_published_time":"2019-11-22T17:15:13+00:00","article_modified_time":"2023-06-15T10:45:37+00:00","og_image":[{"width":1000,"height":750,"url":"https:\/\/blog.olimar.de\/wp-content\/uploads\/2019\/11\/Rundreisen-2020-1000x750.jpg","type":"image\/jpeg"}],"author":"OLIMAR Redaktionsteam","twitter_misc":{"Verfasst von":"OLIMAR Redaktionsteam","Gesch\u00e4tzte Lesezeit":"7\u00a0Minuten"},"schema":{"@context":"https:\/\/schema.org","@graph":[{"@type":"WebPage","@id":"https:\/\/blog.olimar.de\/rundreisen-katalog-2020\/","url":"https:\/\/blog.olimar.de\/rundreisen-katalog-2020\/","name":"OLIMAR Katalog Rund- und Erlebnisreisen 2020 -","isPartOf":{"@id":"https:\/\/blog.olimar.de\/#website"},"primaryImageOfPage":{"@id":"https:\/\/blog.olimar.de\/rundreisen-katalog-2020\/#primaryimage"},"image":{"@id":"https:\/\/blog.olimar.de\/rundreisen-katalog-2020\/#primaryimage"},"thumbnailUrl":"https:\/\/blog.olimar.de\/wp-content\/uploads\/2019\/11\/Rundreisen-2020-1000x750.jpg","datePublished":"2019-11-22T17:15:13+00:00","dateModified":"2023-06-15T10:45:37+00:00","description":"Die OLIMAR Rund- und Erlebnisreisen 2020 wurden weiter ausgebaut und sind nun in einem eigenen Katalog zu finden, der ab sofort bestellt werden kann.","breadcrumb":{"@id":"https:\/\/blog.olimar.de\/rundreisen-katalog-2020\/#breadcrumb"},"inLanguage":"de","potentialAction":[{"@type":"ReadAction","target":["https:\/\/blog.olimar.de\/rundreisen-katalog-2020\/"]}]},{"@type":"ImageObject","inLanguage":"de","@id":"https:\/\/blog.olimar.de\/rundreisen-katalog-2020\/#primaryimage","url":"https:\/\/blog.olimar.de\/wp-content\/uploads\/2019\/11\/Rundreisen-2020-1000x750.jpg","contentUrl":"https:\/\/blog.olimar.de\/wp-content\/uploads\/2019\/11\/Rundreisen-2020-1000x750.jpg","width":1000,"height":750,"caption":"OLIMAR Rundreisen Katalog"},{"@type":"BreadcrumbList","@id":"https:\/\/blog.olimar.de\/rundreisen-katalog-2020\/#breadcrumb","itemListElement":[{"@type":"ListItem","position":1,"name":"Home","item":"https:\/\/blog.olimar.de\/"},{"@type":"ListItem","position":2,"name":"OLIMAR Katalog Rund- und Erlebnisreisen 2020"}]},{"@type":"WebSite","@id":"https:\/\/blog.olimar.de\/#website","url":"https:\/\/blog.olimar.de\/","name":"OLIMAR.com","description":"","publisher":{"@id":"https:\/\/blog.olimar.de\/#organization"},"potentialAction":[{"@type":"SearchAction","target":{"@type":"EntryPoint","urlTemplate":"https:\/\/blog.olimar.de\/?s={search_term_string}"},"query-input":{"@type":"PropertyValueSpecification","valueRequired":true,"valueName":"search_term_string"}}],"inLanguage":"de"},{"@type":"Organization","@id":"https:\/\/blog.olimar.de\/#organization","name":"OLIMAR Reisen","url":"https:\/\/blog.olimar.de\/","logo":{"@type":"ImageObject","inLanguage":"de","@id":"https:\/\/blog.olimar.de\/#\/schema\/logo\/image\/","url":"https:\/\/blog.olimar.de\/wp-content\/uploads\/2021\/01\/OLIMAR_Logo_COLOR.png","contentUrl":"https:\/\/blog.olimar.de\/wp-content\/uploads\/2021\/01\/OLIMAR_Logo_COLOR.png","width":2000,"height":986,"caption":"OLIMAR Reisen"},"image":{"@id":"https:\/\/blog.olimar.de\/#\/schema\/logo\/image\/"},"sameAs":["https:\/\/www.facebook.com\/OlimarReisen","https:\/\/x.com\/olimarrreisen","https:\/\/www.instagram.com\/olimarreisen","https:\/\/www.youtube.com\/user\/olimarreisen"]}]}},"modified_by":"Julia Windh\u00f6vel","jetpack_featured_media_url":"https:\/\/blog.olimar.de\/wp-content\/uploads\/2019\/11\/Rundreisen-2020-1000x750.jpg","_links":{"self":[{"href":"https:\/\/blog.olimar.de\/wp-json\/wp\/v2\/posts\/12842","targetHints":{"allow":["GET"]}}],"collection":[{"href":"https:\/\/blog.olimar.de\/wp-json\/wp\/v2\/posts"}],"about":[{"href":"https:\/\/blog.olimar.de\/wp-json\/wp\/v2\/types\/post"}],"author":[{"embeddable":true,"href":"https:\/\/blog.olimar.de\/wp-json\/wp\/v2\/users\/9"}],"replies":[{"embeddable":true,"href":"https:\/\/blog.olimar.de\/wp-json\/wp\/v2\/comments?post=12842"}],"version-history":[{"count":44,"href":"https:\/\/blog.olimar.de\/wp-json\/wp\/v2\/posts\/12842\/revisions"}],"predecessor-version":[{"id":25988,"href":"https:\/\/blog.olimar.de\/wp-json\/wp\/v2\/posts\/12842\/revisions\/25988"}],"wp:featuredmedia":[{"embeddable":true,"href":"https:\/\/blog.olimar.de\/wp-json\/wp\/v2\/media\/12853"}],"wp:attachment":[{"href":"https:\/\/blog.olimar.de\/wp-json\/wp\/v2\/media?parent=12842"}],"wp:term":[{"taxonomy":"category","embeddable":true,"href":"https:\/\/blog.olimar.de\/wp-json\/wp\/v2\/categories?post=12842"},{"taxonomy":"post_tag","embeddable":true,"href":"https:\/\/blog.olimar.de\/wp-json\/wp\/v2\/tags?post=12842"}],"curies":[{"name":"wp","href":"https:\/\/api.w.org\/{rel}","templated":true}]}}