{"id":13094,"date":"2019-12-12T18:19:52","date_gmt":"2019-12-12T16:19:52","guid":{"rendered":"https:\/\/blog.olimar.de\/?p=13094"},"modified":"2019-12-12T18:19:52","modified_gmt":"2019-12-12T16:19:52","slug":"weihnachtskrippen-an-der-algarve","status":"publish","type":"post","link":"https:\/\/blog.olimar.de\/weihnachtskrippen-an-der-algarve\/","title":{"rendered":"Weihnachtskrippen an der Algarve"},"content":{"rendered":"\n<p><p class=\"intro\">Zwanzig Tonnen Sand in Vila Real de Santo Ant\u00f3nio und zehn Tonnen Salz in Castro Marim bilden das Fundament f\u00fcr die zwei gr\u00f6\u00dften Weihnachtskrippen in Portugal<\/p>\n\n\n\n<p class=\"wp-block-paragraph\">Wenn Virg\u00ednia aus Monchique am Samstag vor dem ersten Advent in den Wald geht und Moos, Korkrinde, Tannenzapfen und Johanniskraut sammelt, denkt sie an ihren Opa. Mit ihm hat sie als Kind den Adventsspaziergang stets gemeinsam unternommen, von ihm hat sie gelernt, was man f\u00fcr eine Krippe im Wohnzimmer und f\u00fcr den Adventskranz alles braucht. Wie Virg\u00ednia gehen viele Portugiesen in den Wald und sammeln f\u00fcr die heimische Krippe im Wohnzimmer dies und das. Denn ohne Krippe kein Weihnachtsfest, lautet das Credo und so leuchtet ab dem ersten Advent in jeder Wohnstube in Portugal ein Kerzchen in einer liebevoll gestalteten Krippe mit winzigen Figuren dekoriert und mit dem Stern von Bethlehem gekr\u00f6nt.<\/p>\n\n\n\n<h2 class=\"wp-block-heading\"><strong>\u00dcberall ein Weihnachtsgef\u00fchl und Tradition<\/strong><\/h2>\n\n\n\n<p class=\"wp-block-paragraph\">In den \u00f6rtlichen Kapellen, Kirchen, Gemeindezentren, auf einer Kreisverkehrsinsel, auf dem Dorfplatz, vor dem Rathaus oder am Ortseingang werden hei\u00dfe Holzh\u00fctten mit Krippenfiguren best\u00fcckt und mit Lichterketten geschm\u00fcckt, die Weihnachtszeit sei willkommen und beleuchten den Weg bis Heiligabend und weiter bis zum Heilige Drei K\u00f6nigstag. Alle Jahre wieder entstehen mit vereinter Kraft wahre Krippenkunstwerke. Auf der Stra\u00dfe in Alferce in Monchique begegnet man lebensgro\u00dfen Puppen, verkleidet zum Beispiel als die drei Heiligen K\u00f6nige unterwegs mit aus flicken ausgestopftem Kamel und Esel; im Landkreis Lagoa erwarten Pantomime-K\u00fcnstler schaulustige als sogenannte <em>Estatuas Vivas<\/em>. \u00dcberall wartet der Weihnachtsmann mit Hohoho, rotem Rock und Zipfelm\u00fctze, liest Kindern Weihnachtsgeschichten vor oder zeigt Zauberst\u00fcckchen.<\/p>\n\n\n\n<p class=\"wp-block-paragraph\">Der H\u00f6hepunkt der Weihnachtskrippentradition in <a rel=\"noreferrer noopener\" aria-label=\"Portugal (opens in a new tab)\" href=\"https:\/\/www.olimar.de\/portugal\/\" target=\"_blank\">Portugal<\/a> ist der Tausch der Figuren. Die schwangere Heilige Jungfrau Maria der unbefleckten Empf\u00e4ngnis auf dem Esel wird am Heiligabend gegen das Christkind und die mit Stroh gef\u00fcllte Krippe ausgetauscht. Damit zelebriert die Familie daheim oder die Gemeinde gemeinsam in der Pfarrkirche die Geburt des Christkinds und erneuert gleichzeitig den Glauben an die Unsterblichkeit der Liebe. Jede Familie bewahrt ihr eigenes Christkind zu Hause auf, geschnitzt aus Holz, modelliert aus Ton oder gen\u00e4ht aus Flicken, bekleidet mit einem einfachen wei\u00dfen Leinenleibchen, findet es an Heiligabend seinen Platz in der Krippe und wird traditionell von allen Familienangeh\u00f6rigen mit einem Kuss auf die Stirn begr\u00fc\u00dft. Rundherum drapiert man Orangenfr\u00fcchte und sattgr\u00fcne frische Weizenkeimlinge als Bitte f\u00fcr das t\u00e4gliche Brot und f\u00fcr famili\u00e4res Wohlergehen.<\/p>\n\n\n\n<figure class=\"wp-block-image size-large\"><img loading=\"lazy\" decoding=\"async\" width=\"1024\" height=\"768\" src=\"https:\/\/blog.olimar.de\/wp-content\/uploads\/2019\/12\/father-christmas-514213_1920-1024x768.jpg\" alt=\"Christkind in Krippe\" class=\"wp-image-13140\" srcset=\"https:\/\/blog.olimar.de\/wp-content\/uploads\/2019\/12\/father-christmas-514213_1920-1024x768.jpg 1024w, https:\/\/blog.olimar.de\/wp-content\/uploads\/2019\/12\/father-christmas-514213_1920-300x225.jpg 300w, https:\/\/blog.olimar.de\/wp-content\/uploads\/2019\/12\/father-christmas-514213_1920-768x576.jpg 768w, https:\/\/blog.olimar.de\/wp-content\/uploads\/2019\/12\/father-christmas-514213_1920-1536x1152.jpg 1536w, https:\/\/blog.olimar.de\/wp-content\/uploads\/2019\/12\/father-christmas-514213_1920.jpg 1920w\" sizes=\"auto, (max-width: 1024px) 100vw, 1024px\" \/><\/figure>\n\n\n\n<h2 class=\"wp-block-heading\"><strong>Weihnachtskrippen an der Algarve<\/strong><\/h2>\n\n\n\n<p class=\"wp-block-paragraph\">Die <a rel=\"noreferrer noopener\" aria-label=\"Algarve (opens in a new tab)\" href=\"https:\/\/www.olimar.de\/portugal\/algarve\/\" target=\"_blank\">Algarve<\/a> \u00fcberrascht ihre Besucher ab Anfang Dezember alle Jahre wieder mit den pr\u00e4chtig gestalteten Weihnachtskrippen \u2013 und zwei sind dabei ganz besonders. Wer zwischen dem Nikolaustag am 6. Dezember und dem Heilige Drei K\u00f6nige Tag am 6. Januar an der Algarve weilt, kann neben zahlreichen lokalen Krippen die Krippe <em>Pres\u00e9pio gigante<\/em> in Vila Real de Santo Ant\u00f3nio besuchen. Die mit \u00fcber 5000 Figuren best\u00fcckte Ausstellung ist die gr\u00f6\u00dfte Weihnachtskrippe Portugals. <\/p>\n\n\n\n<figure class=\"wp-block-image size-large\"><img loading=\"lazy\" decoding=\"async\" width=\"1024\" height=\"768\" src=\"https:\/\/blog.olimar.de\/wp-content\/uploads\/2019\/12\/Weihnachtskrippe-Algarve-Details-1024x768.jpg\" alt=\"\" class=\"wp-image-13141\" srcset=\"https:\/\/blog.olimar.de\/wp-content\/uploads\/2019\/12\/Weihnachtskrippe-Algarve-Details-1024x768.jpg 1024w, https:\/\/blog.olimar.de\/wp-content\/uploads\/2019\/12\/Weihnachtskrippe-Algarve-Details-300x225.jpg 300w, https:\/\/blog.olimar.de\/wp-content\/uploads\/2019\/12\/Weihnachtskrippe-Algarve-Details-768x576.jpg 768w, https:\/\/blog.olimar.de\/wp-content\/uploads\/2019\/12\/Weihnachtskrippe-Algarve-Details-1536x1152.jpg 1536w, https:\/\/blog.olimar.de\/wp-content\/uploads\/2019\/12\/Weihnachtskrippe-Algarve-Details.jpg 1548w\" sizes=\"auto, (max-width: 1024px) 100vw, 1024px\" \/><\/figure>\n\n\n\n<figure class=\"wp-block-image size-large\"><img loading=\"lazy\" decoding=\"async\" width=\"1024\" height=\"768\" src=\"https:\/\/blog.olimar.de\/wp-content\/uploads\/2019\/12\/Weihnachtskrippe-Algarve-Details-2-1024x768.jpg\" alt=\"\" class=\"wp-image-13142\" srcset=\"https:\/\/blog.olimar.de\/wp-content\/uploads\/2019\/12\/Weihnachtskrippe-Algarve-Details-2-1024x768.jpg 1024w, https:\/\/blog.olimar.de\/wp-content\/uploads\/2019\/12\/Weihnachtskrippe-Algarve-Details-2-300x225.jpg 300w, https:\/\/blog.olimar.de\/wp-content\/uploads\/2019\/12\/Weihnachtskrippe-Algarve-Details-2-768x576.jpg 768w, https:\/\/blog.olimar.de\/wp-content\/uploads\/2019\/12\/Weihnachtskrippe-Algarve-Details-2-1536x1152.jpg 1536w, https:\/\/blog.olimar.de\/wp-content\/uploads\/2019\/12\/Weihnachtskrippe-Algarve-Details-2.jpg 1653w\" sizes=\"auto, (max-width: 1024px) 100vw, 1024px\" \/><\/figure>\n\n\n\n<figure class=\"wp-block-image size-large\"><img loading=\"lazy\" decoding=\"async\" width=\"1024\" height=\"768\" src=\"https:\/\/blog.olimar.de\/wp-content\/uploads\/2019\/12\/Weihnachtskrippe-Algarve-Details-3-1024x768.jpg\" alt=\"\" class=\"wp-image-13143\" srcset=\"https:\/\/blog.olimar.de\/wp-content\/uploads\/2019\/12\/Weihnachtskrippe-Algarve-Details-3-1024x768.jpg 1024w, https:\/\/blog.olimar.de\/wp-content\/uploads\/2019\/12\/Weihnachtskrippe-Algarve-Details-3-300x225.jpg 300w, https:\/\/blog.olimar.de\/wp-content\/uploads\/2019\/12\/Weihnachtskrippe-Algarve-Details-3-768x576.jpg 768w, https:\/\/blog.olimar.de\/wp-content\/uploads\/2019\/12\/Weihnachtskrippe-Algarve-Details-3-1536x1152.jpg 1536w, https:\/\/blog.olimar.de\/wp-content\/uploads\/2019\/12\/Weihnachtskrippe-Algarve-Details-3.jpg 1800w\" sizes=\"auto, (max-width: 1024px) 100vw, 1024px\" \/><\/figure>\n\n\n\n<p class=\"wp-block-paragraph\">Zum 17. Mal er\u00f6ffnen die Stadtv\u00e4ter heuer ihre nachgeahmte heilige Stadt und laden Besucher ein in die ehemalige Markthalle und heutiges Kulturzentrum <em>Ant\u00f3nio Aleixo<\/em>, um die 220 m\u00b2 gro\u00dfe Ausstellung zu besuchen. Zwanzig Tonnen Sand, vier Tonnen Quarzsand und 2500 Kilogramm Kork bilden die Basis f\u00fcr die Riesenkrippe. Allein f\u00fcr ihren Aufbau sind f\u00fcnf Handwerker zwei Monate lang besch\u00e4ftigt, bis das letzte L\u00e4mpchen montiert ist, der letzte H\u00fcgel in Miniaturausgabe errichtet, und das letzte St\u00fcck Moos und Kork an der richtigen Stelle liegt. In der letzten Saison z\u00e4hlten die Aussteller \u00fcber 30.000 Besucher. Ein Rekord. F\u00fcr die j\u00fcngste Stadt in der Lokalgeschichte der Algarve, vom Herzog Marqu\u00eas de Pombal gegr\u00fcndet, geplant und erbaut nach dem Erdbeben 1755 w\u00e4hrend der k\u00f6niglichen \u00c4gide von K\u00f6nig D. Jos\u00e9 I, ist die <em>Pres\u00e9pio gigante<\/em> Krippe ein echtes Aush\u00e4ngeschild. Vier T\u00fcrmchen mit gr\u00fcner Kuppel ragen \u00fcber die Walmdachlandschaft im Zentrum von Vila Real de Santo Ant\u00f3nio hinaus und weisen dem Besucher den Weg zum Eingang in die weihnachtliche Wunderwelt. Die ehemalige Markthalle ist nachtblau gestrichen und beleuchtet mit hunderten winzigen Gl\u00fchbirnchen. Alles leuchtet blau wie in einer Vollmondnacht unter sternenklarem Himmel. Hier bleibt die Wirklichkeit ausgesperrt.<\/p>\n\n\n\n<h2 class=\"wp-block-heading\"><strong>Die Weihnachtskrippe von Castro Marim<\/strong><\/h2>\n\n\n\n<p class=\"wp-block-paragraph\">Kaum f\u00fcnf Minuten Autofahrt entfernt, erreicht man die zweite Grenzstadt der Algarve, Castro Marim, und st\u00f6\u00dft auf eine zweite au\u00dfergew\u00f6hnliche Weihnachtskrippe. Die Stra\u00dfe von Vila Real de Santo Ant\u00f3nio nach Castro Marim f\u00fchrt mitten durch die Salzmarschen am Guadiana Ufer. Die N\u00e4he zur Grenze zwischen Portugal und Spanien, die zwei Burgfeste und die Meersalzsalinen rund um den mittelalterlichen Ort herum angelegt, verraten auf den ersten Blick die einstige Bedeutung der alten Ritterfeste. <\/p>\n\n\n\n<figure class=\"wp-block-image size-large\"><img loading=\"lazy\" decoding=\"async\" width=\"1004\" height=\"564\" src=\"https:\/\/blog.olimar.de\/wp-content\/uploads\/2019\/12\/48-Castro-Marim-Zentrum.jpg\" alt=\"\" class=\"wp-image-13144\" srcset=\"https:\/\/blog.olimar.de\/wp-content\/uploads\/2019\/12\/48-Castro-Marim-Zentrum.jpg 1004w, https:\/\/blog.olimar.de\/wp-content\/uploads\/2019\/12\/48-Castro-Marim-Zentrum-300x169.jpg 300w, https:\/\/blog.olimar.de\/wp-content\/uploads\/2019\/12\/48-Castro-Marim-Zentrum-768x431.jpg 768w\" sizes=\"auto, (max-width: 1004px) 100vw, 1004px\" \/><\/figure>\n\n\n\n<p class=\"wp-block-paragraph\">Castro Marim, die Salzhauptstadt der Algarve, einstiges Machtzentrum des Santiago Ritterordens und sp\u00e4ter der portugiesischen Christus Ritter, steht mit zwei Bastionen auf einem H\u00fcgel, wie eine Insel inmitten der Marsch umgeben von Meersalzsalinen. In einem original restaurierten ehemaligen Salzhaus <em>Casa do Sal, <\/em>ist das Salzmuseum von Castro Marim untergebracht und dokumentiert die historische Entwicklung der Salzgewinnung sowie die spannende Biografie der ortsans\u00e4ssigen Salzbarone. Eine bessere Umgebung f\u00fcr die zweite einzigartige Weihnachtskrippe von Portugal kann man sich nicht vorstellen. F\u00fcr die Salzkrippe. Das Salzhaus glitzert wie eine Schatztruhe. Der Schritt \u00fcber die Schwelle gew\u00e4hrt Eintritt in eine verzaubernde Welt aus Meersalz. Die ausgestreuten Salzkristalle leuchten wie Schneeflocken. Die Krippenkulisse strahlt wei\u00df, als habe es eben gerade erst frisch geschneit. Damit die Salzkristalle nicht verkleben, ist es k\u00fchl im Salzhaus und die winterliche Temperatur sorgt somit doppelt f\u00fcr richtig dufte Weihnachtsstimmung. <\/p>\n\n\n\n<p class=\"wp-block-paragraph\">Jetzt fehlen nur noch <em>Pai Natal<\/em> und sein Rentierschlitten. <em>Feliz Natal e um bom ano novo<\/em>!<\/p>\n","protected":false},"excerpt":{"rendered":"<p>Zwanzig Tonnen Sand in Vila Real de Santo Ant\u00f3nio und zehn Tonnen Salz in Castro Marim bilden das Fundament f\u00fcr die zwei gr\u00f6\u00dften Weihnachtskrippen in Portugal Wenn Virg\u00ednia aus Monchique am Samstag vor dem ersten Advent in den Wald geht und Moos, Korkrinde, Tannenzapfen und Johanniskraut sammelt, denkt sie an ihren Opa. Mit ihm hat sie als Kind den Adventsspaziergang stets gemeinsam unternommen, von ihm hat sie gelernt, was man f\u00fcr eine Krippe im Wohnzimmer und f\u00fcr den Adventskranz alles braucht. Wie Virg\u00ednia gehen viele Portugiesen in den Wald und sammeln f\u00fcr die heimische Krippe im Wohnzimmer dies und das. Denn &hellip;<\/p>\n","protected":false},"author":70,"featured_media":13138,"comment_status":"open","ping_status":"open","sticky":false,"template":"","format":"standard","meta":{"_crdt_document":"","_lmt_disableupdate":"","_lmt_disable":"","footnotes":""},"categories":[28],"tags":[24,34],"class_list":["post-13094","post","type-post","status-publish","format-standard","has-post-thumbnail","hentry","category-kunst-kultur","tag-algarve","tag-portugal"],"yoast_head":"<!-- This site is optimized with the Yoast SEO plugin v26.9 - https:\/\/yoast.com\/product\/yoast-seo-wordpress\/ -->\n<title>Weihnachtskrippen an der Algarve -<\/title>\n<meta name=\"description\" content=\"Weihnachten in Portugal z\u00e4hlt zu den wichstigsten Feste und somit die Krippen, die das triaditionelle Weihnachtsgef\u00fchl wiedergeben.\" \/>\n<meta name=\"robots\" content=\"index, follow, max-snippet:-1, max-image-preview:large, max-video-preview:-1\" \/>\n<link rel=\"canonical\" href=\"https:\/\/blog.olimar.de\/weihnachtskrippen-an-der-algarve\/\" \/>\n<meta property=\"og:locale\" content=\"de_DE\" \/>\n<meta property=\"og:type\" content=\"article\" \/>\n<meta property=\"og:title\" content=\"Weihnachtskrippen an der Algarve -\" \/>\n<meta property=\"og:description\" content=\"Weihnachten in Portugal z\u00e4hlt zu den wichstigsten Feste und somit die Krippen, die das triaditionelle Weihnachtsgef\u00fchl wiedergeben.\" \/>\n<meta property=\"og:url\" content=\"https:\/\/blog.olimar.de\/weihnachtskrippen-an-der-algarve\/\" \/>\n<meta property=\"article:publisher\" content=\"https:\/\/www.facebook.com\/OlimarReisen\" \/>\n<meta property=\"article:published_time\" content=\"2019-12-12T16:19:52+00:00\" \/>\n<meta property=\"og:image\" content=\"https:\/\/i0.wp.com\/blog.olimar.de\/wp-content\/uploads\/2019\/12\/Weihnachtskrippe-Algarve-Details-5.jpg?fit=1388%2C1041&ssl=1\" \/>\n\t<meta property=\"og:image:width\" content=\"1388\" \/>\n\t<meta property=\"og:image:height\" content=\"1041\" \/>\n\t<meta property=\"og:image:type\" content=\"image\/jpeg\" \/>\n<meta name=\"author\" content=\"Catrin Ponciano\" \/>\n<meta name=\"twitter:label1\" content=\"Verfasst von\" \/>\n\t<meta name=\"twitter:data1\" content=\"Catrin Ponciano\" \/>\n\t<meta name=\"twitter:label2\" content=\"Gesch\u00e4tzte Lesezeit\" \/>\n\t<meta name=\"twitter:data2\" content=\"5\u00a0Minuten\" \/>\n<script type=\"application\/ld+json\" class=\"yoast-schema-graph\">{\"@context\":\"https:\/\/schema.org\",\"@graph\":[{\"@type\":\"WebPage\",\"@id\":\"https:\/\/blog.olimar.de\/weihnachtskrippen-an-der-algarve\/\",\"url\":\"https:\/\/blog.olimar.de\/weihnachtskrippen-an-der-algarve\/\",\"name\":\"Weihnachtskrippen an der Algarve -\",\"isPartOf\":{\"@id\":\"https:\/\/blog.olimar.de\/#website\"},\"primaryImageOfPage\":{\"@id\":\"https:\/\/blog.olimar.de\/weihnachtskrippen-an-der-algarve\/#primaryimage\"},\"image\":{\"@id\":\"https:\/\/blog.olimar.de\/weihnachtskrippen-an-der-algarve\/#primaryimage\"},\"thumbnailUrl\":\"https:\/\/blog.olimar.de\/wp-content\/uploads\/2019\/12\/Weihnachtskrippe-Algarve-Details-5.jpg\",\"datePublished\":\"2019-12-12T16:19:52+00:00\",\"description\":\"Weihnachten in Portugal z\u00e4hlt zu den wichstigsten Feste und somit die Krippen, die das triaditionelle Weihnachtsgef\u00fchl wiedergeben.\",\"breadcrumb\":{\"@id\":\"https:\/\/blog.olimar.de\/weihnachtskrippen-an-der-algarve\/#breadcrumb\"},\"inLanguage\":\"de\",\"potentialAction\":[{\"@type\":\"ReadAction\",\"target\":[\"https:\/\/blog.olimar.de\/weihnachtskrippen-an-der-algarve\/\"]}]},{\"@type\":\"ImageObject\",\"inLanguage\":\"de\",\"@id\":\"https:\/\/blog.olimar.de\/weihnachtskrippen-an-der-algarve\/#primaryimage\",\"url\":\"https:\/\/blog.olimar.de\/wp-content\/uploads\/2019\/12\/Weihnachtskrippe-Algarve-Details-5.jpg\",\"contentUrl\":\"https:\/\/blog.olimar.de\/wp-content\/uploads\/2019\/12\/Weihnachtskrippe-Algarve-Details-5.jpg\",\"width\":1388,\"height\":1041,\"caption\":\"Details Weihnachtskrippe an der Algarve\"},{\"@type\":\"BreadcrumbList\",\"@id\":\"https:\/\/blog.olimar.de\/weihnachtskrippen-an-der-algarve\/#breadcrumb\",\"itemListElement\":[{\"@type\":\"ListItem\",\"position\":1,\"name\":\"Home\",\"item\":\"https:\/\/blog.olimar.de\/\"},{\"@type\":\"ListItem\",\"position\":2,\"name\":\"Algarve\",\"item\":\"https:\/\/blog.olimar.de\/tag\/algarve\/\"},{\"@type\":\"ListItem\",\"position\":3,\"name\":\"Weihnachtskrippen an der Algarve\"}]},{\"@type\":\"WebSite\",\"@id\":\"https:\/\/blog.olimar.de\/#website\",\"url\":\"https:\/\/blog.olimar.de\/\",\"name\":\"OLIMAR.com\",\"description\":\"\",\"publisher\":{\"@id\":\"https:\/\/blog.olimar.de\/#organization\"},\"potentialAction\":[{\"@type\":\"SearchAction\",\"target\":{\"@type\":\"EntryPoint\",\"urlTemplate\":\"https:\/\/blog.olimar.de\/?s={search_term_string}\"},\"query-input\":{\"@type\":\"PropertyValueSpecification\",\"valueRequired\":true,\"valueName\":\"search_term_string\"}}],\"inLanguage\":\"de\"},{\"@type\":\"Organization\",\"@id\":\"https:\/\/blog.olimar.de\/#organization\",\"name\":\"OLIMAR Reisen\",\"url\":\"https:\/\/blog.olimar.de\/\",\"logo\":{\"@type\":\"ImageObject\",\"inLanguage\":\"de\",\"@id\":\"https:\/\/blog.olimar.de\/#\/schema\/logo\/image\/\",\"url\":\"https:\/\/blog.olimar.de\/wp-content\/uploads\/2021\/01\/OLIMAR_Logo_COLOR.png\",\"contentUrl\":\"https:\/\/blog.olimar.de\/wp-content\/uploads\/2021\/01\/OLIMAR_Logo_COLOR.png\",\"width\":2000,\"height\":986,\"caption\":\"OLIMAR Reisen\"},\"image\":{\"@id\":\"https:\/\/blog.olimar.de\/#\/schema\/logo\/image\/\"},\"sameAs\":[\"https:\/\/www.facebook.com\/OlimarReisen\",\"https:\/\/x.com\/olimarrreisen\",\"https:\/\/www.instagram.com\/olimarreisen\",\"https:\/\/www.youtube.com\/user\/olimarreisen\"]}]}<\/script>\n<!-- \/ Yoast SEO plugin. -->","yoast_head_json":{"title":"Weihnachtskrippen an der Algarve -","description":"Weihnachten in Portugal z\u00e4hlt zu den wichstigsten Feste und somit die Krippen, die das triaditionelle Weihnachtsgef\u00fchl wiedergeben.","robots":{"index":"index","follow":"follow","max-snippet":"max-snippet:-1","max-image-preview":"max-image-preview:large","max-video-preview":"max-video-preview:-1"},"canonical":"https:\/\/blog.olimar.de\/weihnachtskrippen-an-der-algarve\/","og_locale":"de_DE","og_type":"article","og_title":"Weihnachtskrippen an der Algarve -","og_description":"Weihnachten in Portugal z\u00e4hlt zu den wichstigsten Feste und somit die Krippen, die das triaditionelle Weihnachtsgef\u00fchl wiedergeben.","og_url":"https:\/\/blog.olimar.de\/weihnachtskrippen-an-der-algarve\/","article_publisher":"https:\/\/www.facebook.com\/OlimarReisen","article_published_time":"2019-12-12T16:19:52+00:00","og_image":[{"width":1388,"height":1041,"url":"https:\/\/i0.wp.com\/blog.olimar.de\/wp-content\/uploads\/2019\/12\/Weihnachtskrippe-Algarve-Details-5.jpg?fit=1388%2C1041&ssl=1","type":"image\/jpeg"}],"author":"Catrin Ponciano","twitter_misc":{"Verfasst von":"Catrin Ponciano","Gesch\u00e4tzte Lesezeit":"5\u00a0Minuten"},"schema":{"@context":"https:\/\/schema.org","@graph":[{"@type":"WebPage","@id":"https:\/\/blog.olimar.de\/weihnachtskrippen-an-der-algarve\/","url":"https:\/\/blog.olimar.de\/weihnachtskrippen-an-der-algarve\/","name":"Weihnachtskrippen an der Algarve -","isPartOf":{"@id":"https:\/\/blog.olimar.de\/#website"},"primaryImageOfPage":{"@id":"https:\/\/blog.olimar.de\/weihnachtskrippen-an-der-algarve\/#primaryimage"},"image":{"@id":"https:\/\/blog.olimar.de\/weihnachtskrippen-an-der-algarve\/#primaryimage"},"thumbnailUrl":"https:\/\/blog.olimar.de\/wp-content\/uploads\/2019\/12\/Weihnachtskrippe-Algarve-Details-5.jpg","datePublished":"2019-12-12T16:19:52+00:00","description":"Weihnachten in Portugal z\u00e4hlt zu den wichstigsten Feste und somit die Krippen, die das triaditionelle Weihnachtsgef\u00fchl wiedergeben.","breadcrumb":{"@id":"https:\/\/blog.olimar.de\/weihnachtskrippen-an-der-algarve\/#breadcrumb"},"inLanguage":"de","potentialAction":[{"@type":"ReadAction","target":["https:\/\/blog.olimar.de\/weihnachtskrippen-an-der-algarve\/"]}]},{"@type":"ImageObject","inLanguage":"de","@id":"https:\/\/blog.olimar.de\/weihnachtskrippen-an-der-algarve\/#primaryimage","url":"https:\/\/blog.olimar.de\/wp-content\/uploads\/2019\/12\/Weihnachtskrippe-Algarve-Details-5.jpg","contentUrl":"https:\/\/blog.olimar.de\/wp-content\/uploads\/2019\/12\/Weihnachtskrippe-Algarve-Details-5.jpg","width":1388,"height":1041,"caption":"Details Weihnachtskrippe an der Algarve"},{"@type":"BreadcrumbList","@id":"https:\/\/blog.olimar.de\/weihnachtskrippen-an-der-algarve\/#breadcrumb","itemListElement":[{"@type":"ListItem","position":1,"name":"Home","item":"https:\/\/blog.olimar.de\/"},{"@type":"ListItem","position":2,"name":"Algarve","item":"https:\/\/blog.olimar.de\/tag\/algarve\/"},{"@type":"ListItem","position":3,"name":"Weihnachtskrippen an der Algarve"}]},{"@type":"WebSite","@id":"https:\/\/blog.olimar.de\/#website","url":"https:\/\/blog.olimar.de\/","name":"OLIMAR.com","description":"","publisher":{"@id":"https:\/\/blog.olimar.de\/#organization"},"potentialAction":[{"@type":"SearchAction","target":{"@type":"EntryPoint","urlTemplate":"https:\/\/blog.olimar.de\/?s={search_term_string}"},"query-input":{"@type":"PropertyValueSpecification","valueRequired":true,"valueName":"search_term_string"}}],"inLanguage":"de"},{"@type":"Organization","@id":"https:\/\/blog.olimar.de\/#organization","name":"OLIMAR Reisen","url":"https:\/\/blog.olimar.de\/","logo":{"@type":"ImageObject","inLanguage":"de","@id":"https:\/\/blog.olimar.de\/#\/schema\/logo\/image\/","url":"https:\/\/blog.olimar.de\/wp-content\/uploads\/2021\/01\/OLIMAR_Logo_COLOR.png","contentUrl":"https:\/\/blog.olimar.de\/wp-content\/uploads\/2021\/01\/OLIMAR_Logo_COLOR.png","width":2000,"height":986,"caption":"OLIMAR Reisen"},"image":{"@id":"https:\/\/blog.olimar.de\/#\/schema\/logo\/image\/"},"sameAs":["https:\/\/www.facebook.com\/OlimarReisen","https:\/\/x.com\/olimarrreisen","https:\/\/www.instagram.com\/olimarreisen","https:\/\/www.youtube.com\/user\/olimarreisen"]}]}},"modified_by":"Olimar Azubi","jetpack_featured_media_url":"https:\/\/blog.olimar.de\/wp-content\/uploads\/2019\/12\/Weihnachtskrippe-Algarve-Details-5.jpg","_links":{"self":[{"href":"https:\/\/blog.olimar.de\/wp-json\/wp\/v2\/posts\/13094","targetHints":{"allow":["GET"]}}],"collection":[{"href":"https:\/\/blog.olimar.de\/wp-json\/wp\/v2\/posts"}],"about":[{"href":"https:\/\/blog.olimar.de\/wp-json\/wp\/v2\/types\/post"}],"author":[{"embeddable":true,"href":"https:\/\/blog.olimar.de\/wp-json\/wp\/v2\/users\/70"}],"replies":[{"embeddable":true,"href":"https:\/\/blog.olimar.de\/wp-json\/wp\/v2\/comments?post=13094"}],"version-history":[{"count":13,"href":"https:\/\/blog.olimar.de\/wp-json\/wp\/v2\/posts\/13094\/revisions"}],"predecessor-version":[{"id":13145,"href":"https:\/\/blog.olimar.de\/wp-json\/wp\/v2\/posts\/13094\/revisions\/13145"}],"wp:featuredmedia":[{"embeddable":true,"href":"https:\/\/blog.olimar.de\/wp-json\/wp\/v2\/media\/13138"}],"wp:attachment":[{"href":"https:\/\/blog.olimar.de\/wp-json\/wp\/v2\/media?parent=13094"}],"wp:term":[{"taxonomy":"category","embeddable":true,"href":"https:\/\/blog.olimar.de\/wp-json\/wp\/v2\/categories?post=13094"},{"taxonomy":"post_tag","embeddable":true,"href":"https:\/\/blog.olimar.de\/wp-json\/wp\/v2\/tags?post=13094"}],"curies":[{"name":"wp","href":"https:\/\/api.w.org\/{rel}","templated":true}]}}