{"id":1312,"date":"2015-03-10T15:23:54","date_gmt":"2015-03-10T13:23:54","guid":{"rendered":"https:\/\/blog.olimar.de\/?p=1312"},"modified":"2024-03-06T12:43:05","modified_gmt":"2024-03-06T11:43:05","slug":"ein-tag-in-madrid","status":"publish","type":"post","link":"https:\/\/blog.olimar.de\/ein-tag-in-madrid\/","title":{"rendered":"Ein Tag in &#8230; Madrid!"},"content":{"rendered":"<div class=\"wide-content\">\n<p class=\"intro\">Es hei\u00dft, dass Madrid niemals schl\u00e4ft. Und wer in die spanische Hauptstadt reist, sollte es ebenfalls nicht tun! Denn es gibt viel zu erkunden zwischen K\u00f6nigspalast, pulsierender Einkaufsstra\u00dfe, historischen Denkm\u00e4lern, gr\u00fcnen Oasen und szenigen Bars.<\/p>\n<p><strong>8.00 Uhr<\/strong><br \/>\nAngekommen! Doch in Madrid springt man nicht gleich ins Taxi, sondern beginnt mit dem Sightseeing am Hauptbahnhof. Denn der <strong>Estaci\u00f3n de Puerta de Atocha<\/strong> kommt als wahres Pflanzenparadies daher, sogar Schildkr\u00f6ten wohnen hier. Bevor man anschlie\u00dfend ins Gro\u00dfstadtleben eintaucht, lohnt ein Morgenspaziergang durch den <strong>Parque del Buen Retiro<\/strong>, nur wenige Gehminuten vom Bahnhof entfernt. In Madrids Naturoase gibt es sogar einen kleinen See samt Tretbootverleih.<\/p>\n<p><strong>10.00 Uhr<\/strong><br \/>\nZeit f\u00fcr\u2018s Fr\u00fchst\u00fcck! Auch wenn die Spanier der morgendlichen Mahlzeit keine gro\u00dfe Beachtung schenken, finden sich zahlreiche kleine Bars, die etwa Milchbr\u00f6tchen und \u201echurros\u201c, frittierte Teigstangen, samt Kaffee oder hei\u00dfer Schokolade kredenzen. Gest\u00e4rkt geht es dann per Pedes oder Metro gen Innenstadt.<\/p>\n<p><strong>12.00 Uhr<\/strong><br \/>\nWer die U-Bahn nimmt, steigt an der <strong>Plaza de Espa\u00f1a<\/strong> aus, in unmittelbarer N\u00e4he wartet der k\u00f6nigliche Palast. Die spanischen Royals wohnen nicht dort, sondern nutzen den Palacio Real nur f\u00fcr offizielle Anl\u00e4sse. Teile des majest\u00e4tischen Geb\u00e4udes k\u00f6nnen bei einer F\u00fchrung oder in Alleingang erkundet werden, beispielsweise der Thronsaal oder das Waffenlager. Danach darf ein Abstecher in den angrenzenden Garten nicht fehlen: Der Jardines de Sabatini begeistert mit vielen Skulpturen und 70 verschiedenen Baumarten.<\/p>\n<p><strong>14.00 Uhr<\/strong><br \/>\nDen Nachmittags-Kaffee l\u00e4sst man sich auf dem <strong>Plaza Mayor<\/strong> servieren. In der Mitte des Platzes prangt ein Reiterstandbild von K\u00f6nig Philip III \u2013 ringsherum herrscht reges Treiben. Danach f\u00fchrt ein kleiner Bummel zur <strong>Puerta del Sol<\/strong>, zu Deutsch \u201eSonnentor\u201c \u2013 das zentrale Pflaster gilt als Mittelpunkt Madrids. Dort sichtet man Madrids Wahrzeichen: den B\u00e4ren, der an einem Erdbeerbaum nascht. Weitere Attraktionen sind die vier Meter hohe Statue \u201eOso y el Madro\u00f1o\u201c sowie der Null-Kilometerstein.<\/p>\n<p><strong>17.30 Uhr<\/strong><br \/>\nIm Anschluss steht Shopping auf dem Programm: Die Top-Einkaufsmeile \u201eCalle Preciados\u201c f\u00fchrt von der Puerta del Sol auf die 1.300 Meter lange <strong>Gran V\u00eda<\/strong>, Madrids wohl bekannteste Stra\u00dfe. Trendige Gesch\u00e4fte warten ebenfalls auf der Calle Fuencarral. Strenge Laden\u00f6ffnungszeiten existieren nicht. Die meisten Stores schlie\u00dfen zwischen 21 und 22 Uhr.<\/p>\n<p><strong>20.00 Uhr<\/strong><br \/>\nVor dem Abendessen geht es in den <strong>Parque del Oeste<\/strong> (Metrostation Plaza de Espa\u00f1a). Von hier aus genie\u00dft man einen tollen Ausblick auf Teile der Stadt und besichtigt den Templo de Devod, ein Geschenk von \u00c4gypten an die Madrilenen aus dem Jahre 1968. Und mit ein bisschen Gl\u00fcck folgt ein fantastischer Sonnenuntergang.<\/p>\n<p><strong>22.00 Uhr<\/strong><br \/>\nTapas essen! Die spanische Spezialit\u00e4t schmeckt besonders k\u00f6stlich in der Markthalle San Miguel und in Tapas-Bars in den Stadtvierteln Barrio de las Letras (Cervecer\u00eda Cervantes,\u00a0 Calle de Cervantes, 38, Metrostation Banco de Espa\u00f1a), Lavapi\u00e9s (El Autom\u00e1tico, Calle de Argumosa 17, Metrostation Lavapi\u00e9s) oder La Latina. Und wer Garnelen liebt, speist im La Casa del Abuelo (Calle de Victoria, 12, Metrostation Sol).<\/p>\n<div id='gallery-1' class='gallery galleryid-1312 gallery-columns-3 gallery-size-medium'><dl class='gallery-item'>\n\t\t\t<dt class='gallery-icon landscape'>\n\t\t\t\t<a href='https:\/\/blog.olimar.de\/wp-content\/uploads\/2015\/03\/ES-Madrid-PalacioReal.jpg'><img loading=\"lazy\" decoding=\"async\" width=\"300\" height=\"226\" src=\"https:\/\/blog.olimar.de\/wp-content\/uploads\/2015\/03\/ES-Madrid-PalacioReal-300x226.jpg\" class=\"attachment-medium size-medium\" alt=\"K\u00f6niglicher Palast - Palacio Real - in Madrid\" aria-describedby=\"gallery-1-1325\" srcset=\"https:\/\/blog.olimar.de\/wp-content\/uploads\/2015\/03\/ES-Madrid-PalacioReal-300x226.jpg 300w, https:\/\/blog.olimar.de\/wp-content\/uploads\/2015\/03\/ES-Madrid-PalacioReal.jpg 1000w\" sizes=\"auto, (max-width: 300px) 100vw, 300px\" \/><\/a>\n\t\t\t<\/dt>\n\t\t\t\t<dd class='wp-caption-text gallery-caption' id='gallery-1-1325'>\n\t\t\t\tK\u00f6niglicher Palast &#8211; Palacio Real &#8211; in Madrid\n\t\t\t\t<\/dd><\/dl><dl class='gallery-item'>\n\t\t\t<dt class='gallery-icon landscape'>\n\t\t\t\t<a href='https:\/\/blog.olimar.de\/wp-content\/uploads\/2015\/03\/ES-Madrid-ParqueDelRetiro-c-49355060-mrks_v-Fotolia.jpg'><img loading=\"lazy\" decoding=\"async\" width=\"300\" height=\"263\" src=\"https:\/\/blog.olimar.de\/wp-content\/uploads\/2015\/03\/ES-Madrid-ParqueDelRetiro-c-49355060-mrks_v-Fotolia-300x263.jpg\" class=\"attachment-medium size-medium\" alt=\"Parque del Buen Retiro in Madird \u00a9mrks_v-Fotolia\" aria-describedby=\"gallery-1-1324\" srcset=\"https:\/\/blog.olimar.de\/wp-content\/uploads\/2015\/03\/ES-Madrid-ParqueDelRetiro-c-49355060-mrks_v-Fotolia-300x263.jpg 300w, https:\/\/blog.olimar.de\/wp-content\/uploads\/2015\/03\/ES-Madrid-ParqueDelRetiro-c-49355060-mrks_v-Fotolia.jpg 1000w\" sizes=\"auto, (max-width: 300px) 100vw, 300px\" \/><\/a>\n\t\t\t<\/dt>\n\t\t\t\t<dd class='wp-caption-text gallery-caption' id='gallery-1-1324'>\n\t\t\t\tParque del Buen Retiro in Madird  \n\u00a9mrks_v-Fotolia\n\t\t\t\t<\/dd><\/dl><dl class='gallery-item'>\n\t\t\t<dt class='gallery-icon landscape'>\n\t\t\t\t<a href='https:\/\/blog.olimar.de\/wp-content\/uploads\/2015\/03\/ES-Madrid-PlazaMayor-c-33076966-Spargel-Fotolia.jpg'><img loading=\"lazy\" decoding=\"async\" width=\"300\" height=\"197\" src=\"https:\/\/blog.olimar.de\/wp-content\/uploads\/2015\/03\/ES-Madrid-PlazaMayor-c-33076966-Spargel-Fotolia-300x197.jpg\" class=\"attachment-medium size-medium\" alt=\"Plaza Mayor in Madird \u00a9Spargel-Fotolia\" aria-describedby=\"gallery-1-1323\" srcset=\"https:\/\/blog.olimar.de\/wp-content\/uploads\/2015\/03\/ES-Madrid-PlazaMayor-c-33076966-Spargel-Fotolia-300x197.jpg 300w, https:\/\/blog.olimar.de\/wp-content\/uploads\/2015\/03\/ES-Madrid-PlazaMayor-c-33076966-Spargel-Fotolia.jpg 1000w\" sizes=\"auto, (max-width: 300px) 100vw, 300px\" \/><\/a>\n\t\t\t<\/dt>\n\t\t\t\t<dd class='wp-caption-text gallery-caption' id='gallery-1-1323'>\n\t\t\t\tPlaza Mayor in Madird   \u00a9Spargel-Fotolia\n\t\t\t\t<\/dd><\/dl><br style=\"clear: both\" \/><dl class='gallery-item'>\n\t\t\t<dt class='gallery-icon landscape'>\n\t\t\t\t<a href='https:\/\/blog.olimar.de\/wp-content\/uploads\/2015\/03\/Madrid_Templo-de-Devod.jpg'><img loading=\"lazy\" decoding=\"async\" width=\"300\" height=\"225\" src=\"https:\/\/blog.olimar.de\/wp-content\/uploads\/2015\/03\/Madrid_Templo-de-Devod-300x225.jpg\" class=\"attachment-medium size-medium\" alt=\"Templo de Devod im Parque del Oeste in Madrid\" aria-describedby=\"gallery-1-1321\" srcset=\"https:\/\/blog.olimar.de\/wp-content\/uploads\/2015\/03\/Madrid_Templo-de-Devod-300x225.jpg 300w, https:\/\/blog.olimar.de\/wp-content\/uploads\/2015\/03\/Madrid_Templo-de-Devod-1024x768.jpg 1024w, https:\/\/blog.olimar.de\/wp-content\/uploads\/2015\/03\/Madrid_Templo-de-Devod.jpg 1263w\" sizes=\"auto, (max-width: 300px) 100vw, 300px\" \/><\/a>\n\t\t\t<\/dt>\n\t\t\t\t<dd class='wp-caption-text gallery-caption' id='gallery-1-1321'>\n\t\t\t\tTemplo de Devod im Parque del Oeste in Madrid\n\t\t\t\t<\/dd><\/dl><dl class='gallery-item'>\n\t\t\t<dt class='gallery-icon landscape'>\n\t\t\t\t<a href='https:\/\/blog.olimar.de\/wp-content\/uploads\/2015\/03\/Madrid_Hauptbahnhof2.jpg'><img loading=\"lazy\" decoding=\"async\" width=\"300\" height=\"226\" src=\"https:\/\/blog.olimar.de\/wp-content\/uploads\/2015\/03\/Madrid_Hauptbahnhof2-300x226.jpg\" class=\"attachment-medium size-medium\" alt=\"Schildkr\u00f6ten im Madrider Hauptbahnhof Atocha\" aria-describedby=\"gallery-1-1320\" srcset=\"https:\/\/blog.olimar.de\/wp-content\/uploads\/2015\/03\/Madrid_Hauptbahnhof2-300x226.jpg 300w, https:\/\/blog.olimar.de\/wp-content\/uploads\/2015\/03\/Madrid_Hauptbahnhof2.jpg 1000w\" sizes=\"auto, (max-width: 300px) 100vw, 300px\" \/><\/a>\n\t\t\t<\/dt>\n\t\t\t\t<dd class='wp-caption-text gallery-caption' id='gallery-1-1320'>\n\t\t\t\tSchildkr\u00f6ten im Madrider Hauptbahnhof Atocha\n\t\t\t\t<\/dd><\/dl>\n\t\t\t<br style='clear: both' \/>\n\t\t<\/div>\n\n<p><strong>Weitere Infos finden Sie hier: <a href=\"https:\/\/www.olimar.de\/spanien\/zentralspanien\/madrid\/\" target=\"_blank\" rel=\"noopener\">https:\/\/www.olimar.de\/spanien\/zentralspanien\/madrid\/<\/a><\/strong><\/p>\n<h2>Karte von Madrid<\/h2>\n\n<\/div>\n","protected":false},"excerpt":{"rendered":"<p>Es hei\u00dft, dass Madrid niemals schl\u00e4ft. Es gibt viel zu erkunden zwischen K\u00f6nigspalast, pulsierender Einkaufsstra\u00dfe, historischen Denkm\u00e4lern, gr\u00fcnen Oasen und szenigen Bars.<\/p>\n","protected":false},"author":13,"featured_media":1328,"comment_status":"open","ping_status":"open","sticky":false,"template":"","format":"standard","meta":{"_crdt_document":"","_lmt_disableupdate":"","_lmt_disable":"","footnotes":""},"categories":[61],"tags":[93,62],"class_list":["post-1312","post","type-post","status-publish","format-standard","has-post-thumbnail","hentry","category-ein-tag-in","tag-madrid","tag-spanien"],"yoast_head":"<!-- This site is optimized with the Yoast SEO plugin v26.9 - https:\/\/yoast.com\/product\/yoast-seo-wordpress\/ -->\n<title>1 Tag in Madrid... Unsere Autorin verr\u00e4t Madrid Tipps<\/title>\n<meta name=\"description\" content=\"Entdecken Sie die Highlights von Spaniens Hauptstadt Madrid kompakt an einem Tag. Die Autorin gibt Tipps f\u00fcr einen idealen Sightseeing-Tag.\" \/>\n<meta name=\"robots\" content=\"index, follow, max-snippet:-1, max-image-preview:large, max-video-preview:-1\" \/>\n<link rel=\"canonical\" href=\"https:\/\/blog.olimar.de\/ein-tag-in-madrid\/\" \/>\n<meta property=\"og:locale\" content=\"de_DE\" \/>\n<meta property=\"og:type\" content=\"article\" \/>\n<meta property=\"og:title\" content=\"1 Tag in Madrid... Unsere Autorin verr\u00e4t Madrid Tipps\" \/>\n<meta property=\"og:description\" content=\"Entdecken Sie die Highlights von Spaniens Hauptstadt Madrid kompakt an einem Tag. Die Autorin gibt Tipps f\u00fcr einen idealen Sightseeing-Tag.\" \/>\n<meta property=\"og:url\" content=\"https:\/\/blog.olimar.de\/ein-tag-in-madrid\/\" \/>\n<meta property=\"article:publisher\" content=\"https:\/\/www.facebook.com\/OlimarReisen\" \/>\n<meta property=\"article:published_time\" content=\"2015-03-10T13:23:54+00:00\" \/>\n<meta property=\"article:modified_time\" content=\"2024-03-06T11:43:05+00:00\" \/>\n<meta property=\"og:image\" content=\"https:\/\/blog.olimar.de\/wp-content\/uploads\/2015\/03\/Palacio-Real-Madrid.jpg\" \/>\n\t<meta property=\"og:image:width\" content=\"1000\" \/>\n\t<meta property=\"og:image:height\" content=\"757\" \/>\n\t<meta property=\"og:image:type\" content=\"image\/jpeg\" \/>\n<meta name=\"author\" content=\"Martina\" \/>\n<meta name=\"twitter:label1\" content=\"Verfasst von\" \/>\n\t<meta name=\"twitter:data1\" content=\"Martina\" \/>\n\t<meta name=\"twitter:label2\" content=\"Gesch\u00e4tzte Lesezeit\" \/>\n\t<meta name=\"twitter:data2\" content=\"3\u00a0Minuten\" \/>\n<script type=\"application\/ld+json\" class=\"yoast-schema-graph\">{\"@context\":\"https:\/\/schema.org\",\"@graph\":[{\"@type\":\"WebPage\",\"@id\":\"https:\/\/blog.olimar.de\/ein-tag-in-madrid\/\",\"url\":\"https:\/\/blog.olimar.de\/ein-tag-in-madrid\/\",\"name\":\"1 Tag in Madrid... Unsere Autorin verr\u00e4t Madrid Tipps\",\"isPartOf\":{\"@id\":\"https:\/\/blog.olimar.de\/#website\"},\"primaryImageOfPage\":{\"@id\":\"https:\/\/blog.olimar.de\/ein-tag-in-madrid\/#primaryimage\"},\"image\":{\"@id\":\"https:\/\/blog.olimar.de\/ein-tag-in-madrid\/#primaryimage\"},\"thumbnailUrl\":\"https:\/\/blog.olimar.de\/wp-content\/uploads\/2015\/03\/Palacio-Real-Madrid.jpg\",\"datePublished\":\"2015-03-10T13:23:54+00:00\",\"dateModified\":\"2024-03-06T11:43:05+00:00\",\"description\":\"Entdecken Sie die Highlights von Spaniens Hauptstadt Madrid kompakt an einem Tag. Die Autorin gibt Tipps f\u00fcr einen idealen Sightseeing-Tag.\",\"breadcrumb\":{\"@id\":\"https:\/\/blog.olimar.de\/ein-tag-in-madrid\/#breadcrumb\"},\"inLanguage\":\"de\",\"potentialAction\":[{\"@type\":\"ReadAction\",\"target\":[\"https:\/\/blog.olimar.de\/ein-tag-in-madrid\/\"]}]},{\"@type\":\"ImageObject\",\"inLanguage\":\"de\",\"@id\":\"https:\/\/blog.olimar.de\/ein-tag-in-madrid\/#primaryimage\",\"url\":\"https:\/\/blog.olimar.de\/wp-content\/uploads\/2015\/03\/Palacio-Real-Madrid.jpg\",\"contentUrl\":\"https:\/\/blog.olimar.de\/wp-content\/uploads\/2015\/03\/Palacio-Real-Madrid.jpg\",\"width\":1000,\"height\":757,\"caption\":\"K\u00f6nigspalast Palacio Real in Madrid\"},{\"@type\":\"BreadcrumbList\",\"@id\":\"https:\/\/blog.olimar.de\/ein-tag-in-madrid\/#breadcrumb\",\"itemListElement\":[{\"@type\":\"ListItem\",\"position\":1,\"name\":\"Home\",\"item\":\"https:\/\/blog.olimar.de\/\"},{\"@type\":\"ListItem\",\"position\":2,\"name\":\"Madrid\",\"item\":\"https:\/\/blog.olimar.de\/tag\/madrid\/\"},{\"@type\":\"ListItem\",\"position\":3,\"name\":\"Ein Tag in &#8230; Madrid!\"}]},{\"@type\":\"WebSite\",\"@id\":\"https:\/\/blog.olimar.de\/#website\",\"url\":\"https:\/\/blog.olimar.de\/\",\"name\":\"OLIMAR.com\",\"description\":\"\",\"publisher\":{\"@id\":\"https:\/\/blog.olimar.de\/#organization\"},\"potentialAction\":[{\"@type\":\"SearchAction\",\"target\":{\"@type\":\"EntryPoint\",\"urlTemplate\":\"https:\/\/blog.olimar.de\/?s={search_term_string}\"},\"query-input\":{\"@type\":\"PropertyValueSpecification\",\"valueRequired\":true,\"valueName\":\"search_term_string\"}}],\"inLanguage\":\"de\"},{\"@type\":\"Organization\",\"@id\":\"https:\/\/blog.olimar.de\/#organization\",\"name\":\"OLIMAR Reisen\",\"url\":\"https:\/\/blog.olimar.de\/\",\"logo\":{\"@type\":\"ImageObject\",\"inLanguage\":\"de\",\"@id\":\"https:\/\/blog.olimar.de\/#\/schema\/logo\/image\/\",\"url\":\"https:\/\/blog.olimar.de\/wp-content\/uploads\/2021\/01\/OLIMAR_Logo_COLOR.png\",\"contentUrl\":\"https:\/\/blog.olimar.de\/wp-content\/uploads\/2021\/01\/OLIMAR_Logo_COLOR.png\",\"width\":2000,\"height\":986,\"caption\":\"OLIMAR Reisen\"},\"image\":{\"@id\":\"https:\/\/blog.olimar.de\/#\/schema\/logo\/image\/\"},\"sameAs\":[\"https:\/\/www.facebook.com\/OlimarReisen\",\"https:\/\/x.com\/olimarrreisen\",\"https:\/\/www.instagram.com\/olimarreisen\",\"https:\/\/www.youtube.com\/user\/olimarreisen\"]}]}<\/script>\n<!-- \/ Yoast SEO plugin. -->","yoast_head_json":{"title":"1 Tag in Madrid... Unsere Autorin verr\u00e4t Madrid Tipps","description":"Entdecken Sie die Highlights von Spaniens Hauptstadt Madrid kompakt an einem Tag. Die Autorin gibt Tipps f\u00fcr einen idealen Sightseeing-Tag.","robots":{"index":"index","follow":"follow","max-snippet":"max-snippet:-1","max-image-preview":"max-image-preview:large","max-video-preview":"max-video-preview:-1"},"canonical":"https:\/\/blog.olimar.de\/ein-tag-in-madrid\/","og_locale":"de_DE","og_type":"article","og_title":"1 Tag in Madrid... Unsere Autorin verr\u00e4t Madrid Tipps","og_description":"Entdecken Sie die Highlights von Spaniens Hauptstadt Madrid kompakt an einem Tag. Die Autorin gibt Tipps f\u00fcr einen idealen Sightseeing-Tag.","og_url":"https:\/\/blog.olimar.de\/ein-tag-in-madrid\/","article_publisher":"https:\/\/www.facebook.com\/OlimarReisen","article_published_time":"2015-03-10T13:23:54+00:00","article_modified_time":"2024-03-06T11:43:05+00:00","og_image":[{"width":1000,"height":757,"url":"https:\/\/blog.olimar.de\/wp-content\/uploads\/2015\/03\/Palacio-Real-Madrid.jpg","type":"image\/jpeg"}],"author":"Martina","twitter_misc":{"Verfasst von":"Martina","Gesch\u00e4tzte Lesezeit":"3\u00a0Minuten"},"schema":{"@context":"https:\/\/schema.org","@graph":[{"@type":"WebPage","@id":"https:\/\/blog.olimar.de\/ein-tag-in-madrid\/","url":"https:\/\/blog.olimar.de\/ein-tag-in-madrid\/","name":"1 Tag in Madrid... Unsere Autorin verr\u00e4t Madrid Tipps","isPartOf":{"@id":"https:\/\/blog.olimar.de\/#website"},"primaryImageOfPage":{"@id":"https:\/\/blog.olimar.de\/ein-tag-in-madrid\/#primaryimage"},"image":{"@id":"https:\/\/blog.olimar.de\/ein-tag-in-madrid\/#primaryimage"},"thumbnailUrl":"https:\/\/blog.olimar.de\/wp-content\/uploads\/2015\/03\/Palacio-Real-Madrid.jpg","datePublished":"2015-03-10T13:23:54+00:00","dateModified":"2024-03-06T11:43:05+00:00","description":"Entdecken Sie die Highlights von Spaniens Hauptstadt Madrid kompakt an einem Tag. Die Autorin gibt Tipps f\u00fcr einen idealen Sightseeing-Tag.","breadcrumb":{"@id":"https:\/\/blog.olimar.de\/ein-tag-in-madrid\/#breadcrumb"},"inLanguage":"de","potentialAction":[{"@type":"ReadAction","target":["https:\/\/blog.olimar.de\/ein-tag-in-madrid\/"]}]},{"@type":"ImageObject","inLanguage":"de","@id":"https:\/\/blog.olimar.de\/ein-tag-in-madrid\/#primaryimage","url":"https:\/\/blog.olimar.de\/wp-content\/uploads\/2015\/03\/Palacio-Real-Madrid.jpg","contentUrl":"https:\/\/blog.olimar.de\/wp-content\/uploads\/2015\/03\/Palacio-Real-Madrid.jpg","width":1000,"height":757,"caption":"K\u00f6nigspalast Palacio Real in Madrid"},{"@type":"BreadcrumbList","@id":"https:\/\/blog.olimar.de\/ein-tag-in-madrid\/#breadcrumb","itemListElement":[{"@type":"ListItem","position":1,"name":"Home","item":"https:\/\/blog.olimar.de\/"},{"@type":"ListItem","position":2,"name":"Madrid","item":"https:\/\/blog.olimar.de\/tag\/madrid\/"},{"@type":"ListItem","position":3,"name":"Ein Tag in &#8230; Madrid!"}]},{"@type":"WebSite","@id":"https:\/\/blog.olimar.de\/#website","url":"https:\/\/blog.olimar.de\/","name":"OLIMAR.com","description":"","publisher":{"@id":"https:\/\/blog.olimar.de\/#organization"},"potentialAction":[{"@type":"SearchAction","target":{"@type":"EntryPoint","urlTemplate":"https:\/\/blog.olimar.de\/?s={search_term_string}"},"query-input":{"@type":"PropertyValueSpecification","valueRequired":true,"valueName":"search_term_string"}}],"inLanguage":"de"},{"@type":"Organization","@id":"https:\/\/blog.olimar.de\/#organization","name":"OLIMAR Reisen","url":"https:\/\/blog.olimar.de\/","logo":{"@type":"ImageObject","inLanguage":"de","@id":"https:\/\/blog.olimar.de\/#\/schema\/logo\/image\/","url":"https:\/\/blog.olimar.de\/wp-content\/uploads\/2021\/01\/OLIMAR_Logo_COLOR.png","contentUrl":"https:\/\/blog.olimar.de\/wp-content\/uploads\/2021\/01\/OLIMAR_Logo_COLOR.png","width":2000,"height":986,"caption":"OLIMAR Reisen"},"image":{"@id":"https:\/\/blog.olimar.de\/#\/schema\/logo\/image\/"},"sameAs":["https:\/\/www.facebook.com\/OlimarReisen","https:\/\/x.com\/olimarrreisen","https:\/\/www.instagram.com\/olimarreisen","https:\/\/www.youtube.com\/user\/olimarreisen"]}]}},"modified_by":"Wiebke Fix","jetpack_featured_media_url":"https:\/\/blog.olimar.de\/wp-content\/uploads\/2015\/03\/Palacio-Real-Madrid.jpg","_links":{"self":[{"href":"https:\/\/blog.olimar.de\/wp-json\/wp\/v2\/posts\/1312","targetHints":{"allow":["GET"]}}],"collection":[{"href":"https:\/\/blog.olimar.de\/wp-json\/wp\/v2\/posts"}],"about":[{"href":"https:\/\/blog.olimar.de\/wp-json\/wp\/v2\/types\/post"}],"author":[{"embeddable":true,"href":"https:\/\/blog.olimar.de\/wp-json\/wp\/v2\/users\/13"}],"replies":[{"embeddable":true,"href":"https:\/\/blog.olimar.de\/wp-json\/wp\/v2\/comments?post=1312"}],"version-history":[{"count":11,"href":"https:\/\/blog.olimar.de\/wp-json\/wp\/v2\/posts\/1312\/revisions"}],"predecessor-version":[{"id":27510,"href":"https:\/\/blog.olimar.de\/wp-json\/wp\/v2\/posts\/1312\/revisions\/27510"}],"wp:featuredmedia":[{"embeddable":true,"href":"https:\/\/blog.olimar.de\/wp-json\/wp\/v2\/media\/1328"}],"wp:attachment":[{"href":"https:\/\/blog.olimar.de\/wp-json\/wp\/v2\/media?parent=1312"}],"wp:term":[{"taxonomy":"category","embeddable":true,"href":"https:\/\/blog.olimar.de\/wp-json\/wp\/v2\/categories?post=1312"},{"taxonomy":"post_tag","embeddable":true,"href":"https:\/\/blog.olimar.de\/wp-json\/wp\/v2\/tags?post=1312"}],"curies":[{"name":"wp","href":"https:\/\/api.w.org\/{rel}","templated":true}]}}