{"id":13125,"date":"2020-01-02T13:33:23","date_gmt":"2020-01-02T11:33:23","guid":{"rendered":"https:\/\/blog.olimar.de\/?p=13125"},"modified":"2024-10-14T12:24:31","modified_gmt":"2024-10-14T11:24:31","slug":"porto-santo-inselrundfahrt","status":"publish","type":"post","link":"https:\/\/blog.olimar.de\/porto-santo-inselrundfahrt\/","title":{"rendered":"Porto Santo Inselrundfahrt mit dem Jeep"},"content":{"rendered":"\n<p><strong>Klein, aber oho. Porto Santo k\u00f6nnte wahrlich als Geheimtipp gehandelt werden. Die kleine Schwester Madeiras mitten im tiefblauen Atlantik bietet zahlreiche Highlights, die darauf warten entdeckt zu werden. Zu den ersten Zielen auf der Insel sollte nat\u00fcrlich der 9 Kilometer lange Sandstrand geh\u00f6ren. Tausend Bilder k\u00f6nnen nicht das beschreiben, was sich auftut, wenn man zum ersten Mal die F\u00fc\u00dfe in den heilenden Wundersand taucht. Links und rechts erblickt man die vorgelagerten, unbewohnten Inseln. Vor einem treffen die Wellen des unendlich wirkenden Ozeans auf die Insel. Tief einatmen und der Urlaub beginnt.<\/strong><\/p>\n\n\n\n<div class=\"wp-block-buttons is-layout-flex wp-block-buttons-is-layout-flex\">\n<div class=\"wp-block-button\"><a class=\"wp-block-button__link wp-element-button\" href=\"https:\/\/www.olimar.de\/portugal\/porto-santo\/\">Alle Porto Santo Urlaub Angebote<\/a><\/div>\n<\/div>\n\n\n\n<div style=\"height:25px\" aria-hidden=\"true\" class=\"wp-block-spacer\"><\/div>\n\n\n\n<figure class=\"wp-block-image size-large\"><img loading=\"lazy\" decoding=\"async\" width=\"1024\" height=\"684\" src=\"https:\/\/blog.olimar.de\/wp-content\/uploads\/2019\/02\/PT-PortoSanto-LuamarBeachB-c-FranciscoCorreia_APM-1024x684.jpg\" alt=\"Badeurlauber auf Porto Santo\" class=\"wp-image-10441\" srcset=\"https:\/\/blog.olimar.de\/wp-content\/uploads\/2019\/02\/PT-PortoSanto-LuamarBeachB-c-FranciscoCorreia_APM-1024x684.jpg 1024w, https:\/\/blog.olimar.de\/wp-content\/uploads\/2019\/02\/PT-PortoSanto-LuamarBeachB-c-FranciscoCorreia_APM-300x200.jpg 300w, https:\/\/blog.olimar.de\/wp-content\/uploads\/2019\/02\/PT-PortoSanto-LuamarBeachB-c-FranciscoCorreia_APM-768x513.jpg 768w, https:\/\/blog.olimar.de\/wp-content\/uploads\/2019\/02\/PT-PortoSanto-LuamarBeachB-c-FranciscoCorreia_APM-840x560.jpg 840w, https:\/\/blog.olimar.de\/wp-content\/uploads\/2019\/02\/PT-PortoSanto-LuamarBeachB-c-FranciscoCorreia_APM-1200x800.jpg 1200w, https:\/\/blog.olimar.de\/wp-content\/uploads\/2019\/02\/PT-PortoSanto-LuamarBeachB-c-FranciscoCorreia_APM.jpg 1618w\" sizes=\"auto, (max-width: 1024px) 100vw, 1024px\" \/><\/figure>\n\n\n\n<h2 class=\"wp-block-heading\"><strong>Unsere Tour beginnt<\/strong><\/h2>\n\n\n\n<p class=\"wp-block-paragraph\">Wir wollen weitere tolle Orte auf <a href=\"https:\/\/www.olimar.de\/portugal\/porto-santo\/\">Porto Santo<\/a> entdecken und buchen eine rund 3-st\u00fcndige Jeep Safari. Nach einem ausgiebigen Fr\u00fchst\u00fcck werden wir mit dem Jeep vom Hotel abgeholt. Unsere Fahrerin ist Rita. Ihr Deutsch mit dem portugiesischen Akzent ist uns auf Anhieb sympathisch. Sie begr\u00fc\u00dft uns sehr herzlich und wir f\u00fchlen uns sofort willkommen. Mit von der Partie ist ein weiteres P\u00e4rchen aus dem bayerischen Raum. Wir verstehen uns alle wunderbar und starten gemeinsam in den Tag. Rita m\u00f6chte uns zun\u00e4chst ein wenig kennen lernen und fragt uns einige portugiesische Vokabeln ab. Wieder was gelernt.<\/p>\n\n\n\n<figure class=\"wp-block-image size-large\"><img loading=\"lazy\" decoding=\"async\" width=\"1024\" height=\"768\" src=\"https:\/\/blog.olimar.de\/wp-content\/uploads\/2019\/12\/PT-PortoSanto-InselJeeptourA-KPI2019-1024x768.jpg\" alt=\"Im Jeep auf Porto Santo\" class=\"wp-image-13147\" srcset=\"https:\/\/blog.olimar.de\/wp-content\/uploads\/2019\/12\/PT-PortoSanto-InselJeeptourA-KPI2019-1024x768.jpg 1024w, https:\/\/blog.olimar.de\/wp-content\/uploads\/2019\/12\/PT-PortoSanto-InselJeeptourA-KPI2019-300x225.jpg 300w, https:\/\/blog.olimar.de\/wp-content\/uploads\/2019\/12\/PT-PortoSanto-InselJeeptourA-KPI2019-768x576.jpg 768w, https:\/\/blog.olimar.de\/wp-content\/uploads\/2019\/12\/PT-PortoSanto-InselJeeptourA-KPI2019.jpg 1440w\" sizes=\"auto, (max-width: 1024px) 100vw, 1024px\" \/><\/figure>\n\n\n\n<p class=\"wp-block-paragraph\">Die Insel entstand vor 18 Millionen Jahren und ist damit \u00e4lter als Madeira. Rita fragt uns im Laufe des Tages \u00f6fter hiernach und wir antworten ihr mehr und mehr im Chor. Das wurde unser Running Gag. Im Jahr 1418 wurde die Insel von Seefahrern entdeckt, die nach einem Unwetter hier Zuflucht suchten. \u00dcber den Fund war die Besatzung so froh, dass sie den neu entdeckten Ort <strong>Porto Santo<\/strong>, \u201eHeiliger Hafen\u201c, tauften.<\/p>\n\n\n\n<p class=\"wp-block-paragraph\">Wir fahren zun\u00e4chst durch <strong>Vila Baleira<\/strong>, den gr\u00f6\u00dften Ort der Insel. Hier soll sich einst Christoph Kolumbus f\u00fcr einige Jahre mit seiner Frau niedergelassen haben. Deren Vater war zu dieser Zeit Gouverneur der Insel. Es ist leider nicht ganz klar, ob hier bereits die Pl\u00e4ne f\u00fcr Kolumbus\u2018 gro\u00dfe Entdeckungstour nach \u201eIndien\u201c stattgefunden haben. Heute findet man hier noch ein kleines ihm gewidmetes Museum, das seine Geschichte erz\u00e4hlt.<\/p>\n\n\n\n<figure class=\"wp-block-image size-large\"><img loading=\"lazy\" decoding=\"async\" width=\"1024\" height=\"686\" src=\"https:\/\/blog.olimar.de\/wp-content\/uploads\/2019\/12\/PT-PortoSanto-KolumbusMuseumB2019-1024x686.jpg\" alt=\"Kolumbus Museum auf Porto Santo\" class=\"wp-image-13150\" srcset=\"https:\/\/blog.olimar.de\/wp-content\/uploads\/2019\/12\/PT-PortoSanto-KolumbusMuseumB2019-1024x686.jpg 1024w, https:\/\/blog.olimar.de\/wp-content\/uploads\/2019\/12\/PT-PortoSanto-KolumbusMuseumB2019-300x201.jpg 300w, https:\/\/blog.olimar.de\/wp-content\/uploads\/2019\/12\/PT-PortoSanto-KolumbusMuseumB2019-768x514.jpg 768w, https:\/\/blog.olimar.de\/wp-content\/uploads\/2019\/12\/PT-PortoSanto-KolumbusMuseumB2019-1536x1028.jpg 1536w, https:\/\/blog.olimar.de\/wp-content\/uploads\/2019\/12\/PT-PortoSanto-KolumbusMuseumB2019.jpg 1613w\" sizes=\"auto, (max-width: 1024px) 100vw, 1024px\" \/><\/figure>\n\n\n\n<h2 class=\"wp-block-heading\"><strong>Das bietet Porto Santo<\/strong><\/h2>\n\n\n\n<p class=\"wp-block-paragraph\">Auf dem Weg zu unserem ersten Stopp erz\u00e4hlt uns Rita viel Interessantes \u00fcber die Insel. Fr\u00fcher lebte <a href=\"https:\/\/www.olimar.de\/portugal\/porto-santo\/\">Porto Santo<\/a> haupts\u00e4chlich von der Landwirtschaft. Dies sieht man noch an den zahlreichen Terrassen, die in die Berge hinein gebaut wurden und an denen wir vorbeifahren. Bald w\u00fcrde auch wieder die Kaninchenjagd beginnen, denn nachdem im Entdeckungsjahr ein tr\u00e4chtiges Kaninchen auf der Insel ausgesetzt wurde, leidet sie regelm\u00e4\u00dfig an einer echten Plage, die besonders sch\u00e4dlich f\u00fcr die damalige Ernte war. Heute ist die Landwirtschaft auf der Insel ausgestorben. Der Klimawandel macht sich auch hier bemerkbar. Wenig Regen und viel Sonne sorgten f\u00fcr wenig Ertrag. Aus diesem Grund geh\u00f6rt mittlerweile der Tourismus zur wichtigsten Einnahmequelle. <\/p>\n\n\n\n<p class=\"wp-block-paragraph\">Der neue Fokus liegt vor allem darauf das Winterangebot auszubauen. Golfen und Wellness, besonders in Kombination mit dem therapeutischen Sand, geh\u00f6ren da zu den Hauptthemen. Die Insel hat dabei stets den gro\u00dfen Vorteil, dass es auch in den k\u00fchleren Monaten nicht k\u00e4lter als 15 \u00b0C. Es gibt sogar Mutige, die dann immer noch gern in die Wellen springen. F\u00fcr diejenigen, denen dies zu frisch ist, lohnt sich aber immer noch ein langer Spaziergang am Strand oder eine Wanderung durch die Berge.<\/p>\n\n\n\n<figure class=\"wp-block-image size-large\"><img loading=\"lazy\" decoding=\"async\" width=\"1000\" height=\"668\" src=\"https:\/\/blog.olimar.de\/wp-content\/uploads\/2018\/11\/PT-PortoSanto-HikingPicoCasteloA-c-FranciscoCorreiaPhoto.jpg\" alt=\"Wandern auf Porto Santo\" class=\"wp-image-9932\" srcset=\"https:\/\/blog.olimar.de\/wp-content\/uploads\/2018\/11\/PT-PortoSanto-HikingPicoCasteloA-c-FranciscoCorreiaPhoto.jpg 1000w, https:\/\/blog.olimar.de\/wp-content\/uploads\/2018\/11\/PT-PortoSanto-HikingPicoCasteloA-c-FranciscoCorreiaPhoto-300x200.jpg 300w, https:\/\/blog.olimar.de\/wp-content\/uploads\/2018\/11\/PT-PortoSanto-HikingPicoCasteloA-c-FranciscoCorreiaPhoto-768x513.jpg 768w, https:\/\/blog.olimar.de\/wp-content\/uploads\/2018\/11\/PT-PortoSanto-HikingPicoCasteloA-c-FranciscoCorreiaPhoto-840x560.jpg 840w\" sizes=\"auto, (max-width: 1000px) 100vw, 1000px\" \/><\/figure>\n\n\n\n<h2 class=\"wp-block-heading\"><strong>Aussichtspunkte auf Porto Santo<\/strong><\/h2>\n\n\n\n<p class=\"wp-block-paragraph\">Von der Stra\u00dfe aus sehen wir den Hafen der Insel. Die F\u00e4hre nach Madeira wartet auf den Abend, wo sie wieder zur\u00fcck zur Schwesterinsel fahren wird. Vor dem Hafen fallen uns die gr\u00fcnen S\u00e4ulen auf. Rita erkl\u00e4rt uns, dass dort aus Algen Energie gewonnen wird, denn Porto Santo m\u00f6chte sich weitestgehend selbst versorgen.<\/p>\n\n\n\n<p class=\"wp-block-paragraph\">Wir erreichen unseren ersten Stopp: Der Aussichtspunkt <strong>Miradouro da Portela<\/strong>. Wir haben von hier aus einen wunderbaren Blick auf den Strand und den Atlantik. Der Ort l\u00e4dt zum Verweilen ein. Hinter uns stehen 3 M\u00fchlen. Diese sind aber nicht in Betrieb, sollen aber an die fr\u00fchere Wichtigkeit der Landwirtschaft erinnern.<\/p>\n\n\n\n<figure class=\"wp-block-image size-large\"><img loading=\"lazy\" decoding=\"async\" width=\"1024\" height=\"700\" src=\"https:\/\/blog.olimar.de\/wp-content\/uploads\/2019\/12\/PT-PortoSanto-MiradouroPortelaC-KPI2019-1024x700.jpg\" alt=\"Porto Santo Aussichtspunkt Portela\" class=\"wp-image-13154\" srcset=\"https:\/\/blog.olimar.de\/wp-content\/uploads\/2019\/12\/PT-PortoSanto-MiradouroPortelaC-KPI2019-1024x700.jpg 1024w, https:\/\/blog.olimar.de\/wp-content\/uploads\/2019\/12\/PT-PortoSanto-MiradouroPortelaC-KPI2019-300x205.jpg 300w, https:\/\/blog.olimar.de\/wp-content\/uploads\/2019\/12\/PT-PortoSanto-MiradouroPortelaC-KPI2019-768x525.jpg 768w, https:\/\/blog.olimar.de\/wp-content\/uploads\/2019\/12\/PT-PortoSanto-MiradouroPortelaC-KPI2019-1536x1051.jpg 1536w, https:\/\/blog.olimar.de\/wp-content\/uploads\/2019\/12\/PT-PortoSanto-MiradouroPortelaC-KPI2019.jpg 1579w\" sizes=\"auto, (max-width: 1024px) 100vw, 1024px\" \/><\/figure>\n\n\n\n<p class=\"wp-block-paragraph\">Unsere Fahrt geht weiter und wir erreichen eine Art <strong>Freilichtmuseum<\/strong>. Hier zeigt uns Rita wie sich die Insel fr\u00fcher versorgte und wie die alten Lehmh\u00fctten von innen aussahen. Wir erfahren viel \u00fcber das damalige Leben und die Geschichte Porto Santos. Mit ihrer witzigen Art bringt Rita uns immer wieder zum Lachen. Sie hat einen tollen Humor.<\/p>\n\n\n\n<p class=\"wp-block-paragraph\">Unser n\u00e4chster Halt hei\u00dft <strong>Porto das Salemas<\/strong>, ein beliebter Platz zum Baden. Hier haben sich nat\u00fcrliche Poolbecken gebildet, die sich mit frischem Ozeanwasser f\u00fcllen. Das Wasser ist sehr klar und wird durch die Sonne gew\u00e4rmt. Der Ort ist ein beliebtes Fotomotiv.<\/p>\n\n\n\n<figure class=\"wp-block-image size-large\"><img loading=\"lazy\" decoding=\"async\" width=\"1024\" height=\"683\" src=\"https:\/\/blog.olimar.de\/wp-content\/uploads\/2019\/12\/PT-PortoSanto-PortoDasSalemas2017APM-1024x683.jpg\" alt=\"Porto das Salemas\" class=\"wp-image-13156\" srcset=\"https:\/\/blog.olimar.de\/wp-content\/uploads\/2019\/12\/PT-PortoSanto-PortoDasSalemas2017APM-1024x683.jpg 1024w, https:\/\/blog.olimar.de\/wp-content\/uploads\/2019\/12\/PT-PortoSanto-PortoDasSalemas2017APM-300x200.jpg 300w, https:\/\/blog.olimar.de\/wp-content\/uploads\/2019\/12\/PT-PortoSanto-PortoDasSalemas2017APM-768x512.jpg 768w, https:\/\/blog.olimar.de\/wp-content\/uploads\/2019\/12\/PT-PortoSanto-PortoDasSalemas2017APM-1536x1025.jpg 1536w, https:\/\/blog.olimar.de\/wp-content\/uploads\/2019\/12\/PT-PortoSanto-PortoDasSalemas2017APM-840x560.jpg 840w, https:\/\/blog.olimar.de\/wp-content\/uploads\/2019\/12\/PT-PortoSanto-PortoDasSalemas2017APM-1200x800.jpg 1200w, https:\/\/blog.olimar.de\/wp-content\/uploads\/2019\/12\/PT-PortoSanto-PortoDasSalemas2017APM.jpg 1619w\" sizes=\"auto, (max-width: 1024px) 100vw, 1024px\" \/><\/figure>\n\n\n\n<p class=\"wp-block-paragraph\"><br>W\u00e4hrend unserer Fahrt fragen wir Rita L\u00f6cher in den Bauch. Sie erz\u00e4hlt uns alles \u00fcber das Leben auf der Insel, wie ihr Alltag aussieht, welche Probleme Porto Santo hat und wie die Pl\u00e4ne der kommenden Jahre aussehen. Es ist sehr interessant so viele Informationen aus erster Hand zu bekommen. <\/p>\n\n\n\n<p class=\"wp-block-paragraph\">Auf einmal machen wir einen ungeplanten Halt mitten auf einem <strong>Wanderweg<\/strong>. Ein P\u00e4rchen, das Rita zu kennen scheint, winkt und freut sich sehr, sie zu sehen. Es stellte sich heraus, dass die beiden zuvor die Jeep Tour gemacht hatten und nun eine der Wandertouren unternehmen, die Rita empfohlen hatte. Nach einem kurzen Plausch geht die Tour weiter in Richtung <strong>Quinta das Palmeiras<\/strong>. Uns tut sich ein gr\u00fcnes Paradies mitten in den kargen Ebenen auf. Die kleine Palmenfarm mit verschiedenen Vogelarten, Schmetterlingen und Fischen l\u00e4dt zu einem kleinen Spaziergang und einer Verschnaufpause im Caf\u00e9 ein. Wir haben sogar die M\u00f6glichkeit einen Kakadu zu streicheln und h\u00e4tten nie gedacht, dass sich die Federn so weich anf\u00fchlen w\u00fcrden.<\/p>\n\n\n\n<figure class=\"wp-block-image size-large\"><img loading=\"lazy\" decoding=\"async\" width=\"1024\" height=\"684\" src=\"https:\/\/blog.olimar.de\/wp-content\/uploads\/2019\/12\/PT-PortoSanto-QuintadasPalmeiraB-c-FranciscoCorreia_APM-1024x684.jpg\" alt=\"Quinta das Palmeiras Porto Santo\" class=\"wp-image-13158\" srcset=\"https:\/\/blog.olimar.de\/wp-content\/uploads\/2019\/12\/PT-PortoSanto-QuintadasPalmeiraB-c-FranciscoCorreia_APM-1024x684.jpg 1024w, https:\/\/blog.olimar.de\/wp-content\/uploads\/2019\/12\/PT-PortoSanto-QuintadasPalmeiraB-c-FranciscoCorreia_APM-300x200.jpg 300w, https:\/\/blog.olimar.de\/wp-content\/uploads\/2019\/12\/PT-PortoSanto-QuintadasPalmeiraB-c-FranciscoCorreia_APM-768x513.jpg 768w, https:\/\/blog.olimar.de\/wp-content\/uploads\/2019\/12\/PT-PortoSanto-QuintadasPalmeiraB-c-FranciscoCorreia_APM-1536x1025.jpg 1536w, https:\/\/blog.olimar.de\/wp-content\/uploads\/2019\/12\/PT-PortoSanto-QuintadasPalmeiraB-c-FranciscoCorreia_APM-840x560.jpg 840w, https:\/\/blog.olimar.de\/wp-content\/uploads\/2019\/12\/PT-PortoSanto-QuintadasPalmeiraB-c-FranciscoCorreia_APM-1200x800.jpg 1200w, https:\/\/blog.olimar.de\/wp-content\/uploads\/2019\/12\/PT-PortoSanto-QuintadasPalmeiraB-c-FranciscoCorreia_APM.jpg 1618w\" sizes=\"auto, (max-width: 1024px) 100vw, 1024px\" \/><\/figure>\n\n\n\n<figure class=\"wp-block-image size-large\"><img loading=\"lazy\" decoding=\"async\" width=\"640\" height=\"480\" src=\"https:\/\/blog.olimar.de\/wp-content\/uploads\/2020\/01\/Vogel.jpg\" alt=\"Kakadu auf Porto Santo\" class=\"wp-image-13180\" srcset=\"https:\/\/blog.olimar.de\/wp-content\/uploads\/2020\/01\/Vogel.jpg 640w, https:\/\/blog.olimar.de\/wp-content\/uploads\/2020\/01\/Vogel-300x225.jpg 300w\" sizes=\"auto, (max-width: 640px) 100vw, 640px\" \/><\/figure>\n\n\n\n<p class=\"wp-block-paragraph\">Unser n\u00e4chster Stopp befindet sich am h\u00f6chsten Punkt im Westen der Insel, dem <strong>Pico Ana Ferreira<\/strong>. Wir staunen nicht schlecht als wir die au\u00dfergew\u00f6hnlichen f\u00fcnfeckigen Gesteinsformationen sehen. Diese entstanden vor Millionen von Jahren durch vulkanische Aktivit\u00e4ten in Kombination mit der Eiszeit, bei der sich die Steine schockartig zusammenzogen und dabei diese Form annahmen. <\/p>\n\n\n\n<figure class=\"wp-block-image size-large\"><img loading=\"lazy\" decoding=\"async\" width=\"768\" height=\"1024\" src=\"https:\/\/blog.olimar.de\/wp-content\/uploads\/2019\/12\/PT-PortoSanto-AnaFerreiraB-KPI2019-768x1024.jpg\" alt=\"Ana Ferreira Porto Santo\" class=\"wp-image-13160\" srcset=\"https:\/\/blog.olimar.de\/wp-content\/uploads\/2019\/12\/PT-PortoSanto-AnaFerreiraB-KPI2019-768x1024.jpg 768w, https:\/\/blog.olimar.de\/wp-content\/uploads\/2019\/12\/PT-PortoSanto-AnaFerreiraB-KPI2019-225x300.jpg 225w, https:\/\/blog.olimar.de\/wp-content\/uploads\/2019\/12\/PT-PortoSanto-AnaFerreiraB-KPI2019-420x560.jpg 420w, https:\/\/blog.olimar.de\/wp-content\/uploads\/2019\/12\/PT-PortoSanto-AnaFerreiraB-KPI2019.jpg 810w\" sizes=\"auto, (max-width: 768px) 100vw, 768px\" \/><\/figure>\n\n\n\n<p class=\"wp-block-paragraph\">Die Natur ist wirklich spektakul\u00e4r. Von hier aus haben wir auch einen tollen Blick auf den 18-Loch-Golfplatz. Auch hier ist es sehr gr\u00fcn, was daran liegt, dass der Platz mit gereinigtem Abwasser bew\u00e4ssert wird, um ihn so \u00f6kologisch wie m\u00f6glich zu gestalten. Die Golffl\u00e4che bettet sich perfekt in die Landschaft ein und bietet ein atemberaubendes Panorama mit Blick auf die Berge und das Wasser.<\/p>\n\n\n\n<figure class=\"wp-block-image size-large\"><img loading=\"lazy\" decoding=\"async\" width=\"1024\" height=\"768\" src=\"https:\/\/blog.olimar.de\/wp-content\/uploads\/2019\/12\/PT-PortoSanto-GolfC-1024x768.jpg\" alt=\"Porto Santo Golf\" class=\"wp-image-13162\" srcset=\"https:\/\/blog.olimar.de\/wp-content\/uploads\/2019\/12\/PT-PortoSanto-GolfC-1024x768.jpg 1024w, https:\/\/blog.olimar.de\/wp-content\/uploads\/2019\/12\/PT-PortoSanto-GolfC-300x225.jpg 300w, https:\/\/blog.olimar.de\/wp-content\/uploads\/2019\/12\/PT-PortoSanto-GolfC-768x576.jpg 768w, https:\/\/blog.olimar.de\/wp-content\/uploads\/2019\/12\/PT-PortoSanto-GolfC.jpg 1440w\" sizes=\"auto, (max-width: 1024px) 100vw, 1024px\" \/><\/figure>\n\n\n\n<p class=\"wp-block-paragraph\">Es steht schon der letzte Halt auf unserem Plan: <strong>Miradouro das Flores<\/strong>. Der Aussichtspunkt befindet sich ganz im Westen der Insel. Hier haben wir einen wunderbaren Blick auf die vorgelagerte Kalkinsel, den Strand von Porto Santo und ganz hinten am Horizont erkennen wir sogar Madeira (Angebote f\u00fcr einen unvergesslichen <a href=\"https:\/\/www.olimar.de\/portugal\/madeira\/\">Madeira Urlaub<\/a>).<\/p>\n\n\n\n<figure class=\"wp-block-image size-large\"><img loading=\"lazy\" decoding=\"async\" width=\"1024\" height=\"768\" src=\"https:\/\/blog.olimar.de\/wp-content\/uploads\/2019\/12\/PT-PortoSanto-MiradourodasFloresB-KPI2019-1024x768.jpg\" alt=\"Miradouro das Flores Porto Santo\" class=\"wp-image-13164\" srcset=\"https:\/\/blog.olimar.de\/wp-content\/uploads\/2019\/12\/PT-PortoSanto-MiradourodasFloresB-KPI2019-1024x768.jpg 1024w, https:\/\/blog.olimar.de\/wp-content\/uploads\/2019\/12\/PT-PortoSanto-MiradourodasFloresB-KPI2019-300x225.jpg 300w, https:\/\/blog.olimar.de\/wp-content\/uploads\/2019\/12\/PT-PortoSanto-MiradourodasFloresB-KPI2019-768x576.jpg 768w, https:\/\/blog.olimar.de\/wp-content\/uploads\/2019\/12\/PT-PortoSanto-MiradourodasFloresB-KPI2019.jpg 1440w\" sizes=\"auto, (max-width: 1024px) 100vw, 1024px\" \/><\/figure>\n\n\n\n<p class=\"wp-block-paragraph\">Hier endet leider schon unsere Tour. Es war ein toller Vormittag mit wunderbaren Menschen. Wir haben viel erfahren, viel gelacht und viel gesehen. <\/p>\n\n\n\n<div style=\"height:25px\" aria-hidden=\"true\" class=\"wp-block-spacer\"><\/div>\n\n\n\n<div class=\"wp-block-buttons is-layout-flex wp-block-buttons-is-layout-flex\">\n<div class=\"wp-block-button\"><a class=\"wp-block-button__link wp-element-button\" href=\"https:\/\/www.olimar.de\/hotellistung\/\">Jetzt Urlaubsangebote finden und buchen<\/a><\/div>\n<\/div>\n\n\n\n<div style=\"height:100px\" aria-hidden=\"true\" class=\"wp-block-spacer\"><\/div>\n","protected":false},"excerpt":{"rendered":"<p>Klein, aber oho. Porto Santo k\u00f6nnte wahrlich als Geheimtipp gehandelt werden. Die kleine Schwester Madeiras mitten im tiefblauen Atlantik bietet zahlreiche Highlights, die darauf warten entdeckt zu werden. Zu den ersten Zielen auf der Insel sollte nat\u00fcrlich der 9 Kilometer lange Sandstrand geh\u00f6ren. Tausend Bilder k\u00f6nnen nicht das beschreiben, was sich auftut, wenn man zum ersten Mal die F\u00fc\u00dfe in den heilenden Wundersand taucht. Links und rechts erblickt man die vorgelagerten, unbewohnten Inseln. Vor einem treffen die Wellen des unendlich wirkenden Ozeans auf die Insel. Tief einatmen und der Urlaub beginnt. Unsere Tour beginnt Wir wollen weitere tolle Orte auf Porto &hellip;<\/p>\n","protected":false},"author":69,"featured_media":13184,"comment_status":"open","ping_status":"open","sticky":false,"template":"","format":"standard","meta":{"_crdt_document":"","_lmt_disableupdate":"","_lmt_disable":"","footnotes":""},"categories":[29,59],"tags":[58,34],"class_list":["post-13125","post","type-post","status-publish","format-standard","has-post-thumbnail","hentry","category-aktiv-natur","category-special","tag-porto-santo","tag-portugal"],"yoast_head":"<!-- This site is optimized with the Yoast SEO plugin v26.9 - https:\/\/yoast.com\/product\/yoast-seo-wordpress\/ -->\n<title>Porto Santo Inselrundfahrt mit dem Jeep -<\/title>\n<meta name=\"description\" content=\"Mit einer Jeep-Inseltour lassen sich alle sehenswerte Orte von Porto Santo bewundern. Reisende erz\u00e4hlen von ihren sch\u00f6nsten Erlebnissen.\" \/>\n<meta name=\"robots\" content=\"index, follow, max-snippet:-1, max-image-preview:large, max-video-preview:-1\" \/>\n<link rel=\"canonical\" href=\"https:\/\/blog.olimar.de\/porto-santo-inselrundfahrt\/\" \/>\n<meta property=\"og:locale\" content=\"de_DE\" \/>\n<meta property=\"og:type\" content=\"article\" \/>\n<meta property=\"og:title\" content=\"Porto Santo Inselrundfahrt mit dem Jeep -\" \/>\n<meta property=\"og:description\" content=\"Mit einer Jeep-Inseltour lassen sich alle sehenswerte Orte von Porto Santo bewundern. Reisende erz\u00e4hlen von ihren sch\u00f6nsten Erlebnissen.\" \/>\n<meta property=\"og:url\" content=\"https:\/\/blog.olimar.de\/porto-santo-inselrundfahrt\/\" \/>\n<meta property=\"article:publisher\" content=\"https:\/\/www.facebook.com\/OlimarReisen\" \/>\n<meta property=\"article:published_time\" content=\"2020-01-02T11:33:23+00:00\" \/>\n<meta property=\"article:modified_time\" content=\"2024-10-14T11:24:31+00:00\" \/>\n<meta property=\"og:image\" content=\"https:\/\/blog.olimar.de\/wp-content\/uploads\/2020\/01\/Jeepsafari.jpg\" \/>\n\t<meta property=\"og:image:width\" content=\"800\" \/>\n\t<meta property=\"og:image:height\" content=\"600\" \/>\n\t<meta property=\"og:image:type\" content=\"image\/jpeg\" \/>\n<meta name=\"author\" content=\"Juliane Meinke\" \/>\n<meta name=\"twitter:label1\" content=\"Verfasst von\" \/>\n\t<meta name=\"twitter:data1\" content=\"Juliane Meinke\" \/>\n\t<meta name=\"twitter:label2\" content=\"Gesch\u00e4tzte Lesezeit\" \/>\n\t<meta name=\"twitter:data2\" content=\"9\u00a0Minuten\" \/>\n<script type=\"application\/ld+json\" class=\"yoast-schema-graph\">{\"@context\":\"https:\/\/schema.org\",\"@graph\":[{\"@type\":\"WebPage\",\"@id\":\"https:\/\/blog.olimar.de\/porto-santo-inselrundfahrt\/\",\"url\":\"https:\/\/blog.olimar.de\/porto-santo-inselrundfahrt\/\",\"name\":\"Porto Santo Inselrundfahrt mit dem Jeep -\",\"isPartOf\":{\"@id\":\"https:\/\/blog.olimar.de\/#website\"},\"primaryImageOfPage\":{\"@id\":\"https:\/\/blog.olimar.de\/porto-santo-inselrundfahrt\/#primaryimage\"},\"image\":{\"@id\":\"https:\/\/blog.olimar.de\/porto-santo-inselrundfahrt\/#primaryimage\"},\"thumbnailUrl\":\"https:\/\/blog.olimar.de\/wp-content\/uploads\/2020\/01\/Jeepsafari.jpg\",\"datePublished\":\"2020-01-02T11:33:23+00:00\",\"dateModified\":\"2024-10-14T11:24:31+00:00\",\"description\":\"Mit einer Jeep-Inseltour lassen sich alle sehenswerte Orte von Porto Santo bewundern. Reisende erz\u00e4hlen von ihren sch\u00f6nsten Erlebnissen.\",\"breadcrumb\":{\"@id\":\"https:\/\/blog.olimar.de\/porto-santo-inselrundfahrt\/#breadcrumb\"},\"inLanguage\":\"de\",\"potentialAction\":[{\"@type\":\"ReadAction\",\"target\":[\"https:\/\/blog.olimar.de\/porto-santo-inselrundfahrt\/\"]}]},{\"@type\":\"ImageObject\",\"inLanguage\":\"de\",\"@id\":\"https:\/\/blog.olimar.de\/porto-santo-inselrundfahrt\/#primaryimage\",\"url\":\"https:\/\/blog.olimar.de\/wp-content\/uploads\/2020\/01\/Jeepsafari.jpg\",\"contentUrl\":\"https:\/\/blog.olimar.de\/wp-content\/uploads\/2020\/01\/Jeepsafari.jpg\",\"width\":800,\"height\":600,\"caption\":\"Jeep auf Porto Santo Rundfahrt\"},{\"@type\":\"BreadcrumbList\",\"@id\":\"https:\/\/blog.olimar.de\/porto-santo-inselrundfahrt\/#breadcrumb\",\"itemListElement\":[{\"@type\":\"ListItem\",\"position\":1,\"name\":\"Home\",\"item\":\"https:\/\/blog.olimar.de\/\"},{\"@type\":\"ListItem\",\"position\":2,\"name\":\"Porto Santo\",\"item\":\"https:\/\/blog.olimar.de\/tag\/porto-santo\/\"},{\"@type\":\"ListItem\",\"position\":3,\"name\":\"Porto Santo Inselrundfahrt mit dem Jeep\"}]},{\"@type\":\"WebSite\",\"@id\":\"https:\/\/blog.olimar.de\/#website\",\"url\":\"https:\/\/blog.olimar.de\/\",\"name\":\"OLIMAR.com\",\"description\":\"\",\"publisher\":{\"@id\":\"https:\/\/blog.olimar.de\/#organization\"},\"potentialAction\":[{\"@type\":\"SearchAction\",\"target\":{\"@type\":\"EntryPoint\",\"urlTemplate\":\"https:\/\/blog.olimar.de\/?s={search_term_string}\"},\"query-input\":{\"@type\":\"PropertyValueSpecification\",\"valueRequired\":true,\"valueName\":\"search_term_string\"}}],\"inLanguage\":\"de\"},{\"@type\":\"Organization\",\"@id\":\"https:\/\/blog.olimar.de\/#organization\",\"name\":\"OLIMAR Reisen\",\"url\":\"https:\/\/blog.olimar.de\/\",\"logo\":{\"@type\":\"ImageObject\",\"inLanguage\":\"de\",\"@id\":\"https:\/\/blog.olimar.de\/#\/schema\/logo\/image\/\",\"url\":\"https:\/\/blog.olimar.de\/wp-content\/uploads\/2021\/01\/OLIMAR_Logo_COLOR.png\",\"contentUrl\":\"https:\/\/blog.olimar.de\/wp-content\/uploads\/2021\/01\/OLIMAR_Logo_COLOR.png\",\"width\":2000,\"height\":986,\"caption\":\"OLIMAR Reisen\"},\"image\":{\"@id\":\"https:\/\/blog.olimar.de\/#\/schema\/logo\/image\/\"},\"sameAs\":[\"https:\/\/www.facebook.com\/OlimarReisen\",\"https:\/\/x.com\/olimarrreisen\",\"https:\/\/www.instagram.com\/olimarreisen\",\"https:\/\/www.youtube.com\/user\/olimarreisen\"]}]}<\/script>\n<!-- \/ Yoast SEO plugin. -->","yoast_head_json":{"title":"Porto Santo Inselrundfahrt mit dem Jeep -","description":"Mit einer Jeep-Inseltour lassen sich alle sehenswerte Orte von Porto Santo bewundern. Reisende erz\u00e4hlen von ihren sch\u00f6nsten Erlebnissen.","robots":{"index":"index","follow":"follow","max-snippet":"max-snippet:-1","max-image-preview":"max-image-preview:large","max-video-preview":"max-video-preview:-1"},"canonical":"https:\/\/blog.olimar.de\/porto-santo-inselrundfahrt\/","og_locale":"de_DE","og_type":"article","og_title":"Porto Santo Inselrundfahrt mit dem Jeep -","og_description":"Mit einer Jeep-Inseltour lassen sich alle sehenswerte Orte von Porto Santo bewundern. Reisende erz\u00e4hlen von ihren sch\u00f6nsten Erlebnissen.","og_url":"https:\/\/blog.olimar.de\/porto-santo-inselrundfahrt\/","article_publisher":"https:\/\/www.facebook.com\/OlimarReisen","article_published_time":"2020-01-02T11:33:23+00:00","article_modified_time":"2024-10-14T11:24:31+00:00","og_image":[{"width":800,"height":600,"url":"https:\/\/blog.olimar.de\/wp-content\/uploads\/2020\/01\/Jeepsafari.jpg","type":"image\/jpeg"}],"author":"Juliane Meinke","twitter_misc":{"Verfasst von":"Juliane Meinke","Gesch\u00e4tzte Lesezeit":"9\u00a0Minuten"},"schema":{"@context":"https:\/\/schema.org","@graph":[{"@type":"WebPage","@id":"https:\/\/blog.olimar.de\/porto-santo-inselrundfahrt\/","url":"https:\/\/blog.olimar.de\/porto-santo-inselrundfahrt\/","name":"Porto Santo Inselrundfahrt mit dem Jeep -","isPartOf":{"@id":"https:\/\/blog.olimar.de\/#website"},"primaryImageOfPage":{"@id":"https:\/\/blog.olimar.de\/porto-santo-inselrundfahrt\/#primaryimage"},"image":{"@id":"https:\/\/blog.olimar.de\/porto-santo-inselrundfahrt\/#primaryimage"},"thumbnailUrl":"https:\/\/blog.olimar.de\/wp-content\/uploads\/2020\/01\/Jeepsafari.jpg","datePublished":"2020-01-02T11:33:23+00:00","dateModified":"2024-10-14T11:24:31+00:00","description":"Mit einer Jeep-Inseltour lassen sich alle sehenswerte Orte von Porto Santo bewundern. Reisende erz\u00e4hlen von ihren sch\u00f6nsten Erlebnissen.","breadcrumb":{"@id":"https:\/\/blog.olimar.de\/porto-santo-inselrundfahrt\/#breadcrumb"},"inLanguage":"de","potentialAction":[{"@type":"ReadAction","target":["https:\/\/blog.olimar.de\/porto-santo-inselrundfahrt\/"]}]},{"@type":"ImageObject","inLanguage":"de","@id":"https:\/\/blog.olimar.de\/porto-santo-inselrundfahrt\/#primaryimage","url":"https:\/\/blog.olimar.de\/wp-content\/uploads\/2020\/01\/Jeepsafari.jpg","contentUrl":"https:\/\/blog.olimar.de\/wp-content\/uploads\/2020\/01\/Jeepsafari.jpg","width":800,"height":600,"caption":"Jeep auf Porto Santo Rundfahrt"},{"@type":"BreadcrumbList","@id":"https:\/\/blog.olimar.de\/porto-santo-inselrundfahrt\/#breadcrumb","itemListElement":[{"@type":"ListItem","position":1,"name":"Home","item":"https:\/\/blog.olimar.de\/"},{"@type":"ListItem","position":2,"name":"Porto Santo","item":"https:\/\/blog.olimar.de\/tag\/porto-santo\/"},{"@type":"ListItem","position":3,"name":"Porto Santo Inselrundfahrt mit dem Jeep"}]},{"@type":"WebSite","@id":"https:\/\/blog.olimar.de\/#website","url":"https:\/\/blog.olimar.de\/","name":"OLIMAR.com","description":"","publisher":{"@id":"https:\/\/blog.olimar.de\/#organization"},"potentialAction":[{"@type":"SearchAction","target":{"@type":"EntryPoint","urlTemplate":"https:\/\/blog.olimar.de\/?s={search_term_string}"},"query-input":{"@type":"PropertyValueSpecification","valueRequired":true,"valueName":"search_term_string"}}],"inLanguage":"de"},{"@type":"Organization","@id":"https:\/\/blog.olimar.de\/#organization","name":"OLIMAR Reisen","url":"https:\/\/blog.olimar.de\/","logo":{"@type":"ImageObject","inLanguage":"de","@id":"https:\/\/blog.olimar.de\/#\/schema\/logo\/image\/","url":"https:\/\/blog.olimar.de\/wp-content\/uploads\/2021\/01\/OLIMAR_Logo_COLOR.png","contentUrl":"https:\/\/blog.olimar.de\/wp-content\/uploads\/2021\/01\/OLIMAR_Logo_COLOR.png","width":2000,"height":986,"caption":"OLIMAR Reisen"},"image":{"@id":"https:\/\/blog.olimar.de\/#\/schema\/logo\/image\/"},"sameAs":["https:\/\/www.facebook.com\/OlimarReisen","https:\/\/x.com\/olimarrreisen","https:\/\/www.instagram.com\/olimarreisen","https:\/\/www.youtube.com\/user\/olimarreisen"]}]}},"modified_by":"Julia Windh\u00f6vel","jetpack_featured_media_url":"https:\/\/blog.olimar.de\/wp-content\/uploads\/2020\/01\/Jeepsafari.jpg","_links":{"self":[{"href":"https:\/\/blog.olimar.de\/wp-json\/wp\/v2\/posts\/13125","targetHints":{"allow":["GET"]}}],"collection":[{"href":"https:\/\/blog.olimar.de\/wp-json\/wp\/v2\/posts"}],"about":[{"href":"https:\/\/blog.olimar.de\/wp-json\/wp\/v2\/types\/post"}],"author":[{"embeddable":true,"href":"https:\/\/blog.olimar.de\/wp-json\/wp\/v2\/users\/69"}],"replies":[{"embeddable":true,"href":"https:\/\/blog.olimar.de\/wp-json\/wp\/v2\/comments?post=13125"}],"version-history":[{"count":28,"href":"https:\/\/blog.olimar.de\/wp-json\/wp\/v2\/posts\/13125\/revisions"}],"predecessor-version":[{"id":27945,"href":"https:\/\/blog.olimar.de\/wp-json\/wp\/v2\/posts\/13125\/revisions\/27945"}],"wp:featuredmedia":[{"embeddable":true,"href":"https:\/\/blog.olimar.de\/wp-json\/wp\/v2\/media\/13184"}],"wp:attachment":[{"href":"https:\/\/blog.olimar.de\/wp-json\/wp\/v2\/media?parent=13125"}],"wp:term":[{"taxonomy":"category","embeddable":true,"href":"https:\/\/blog.olimar.de\/wp-json\/wp\/v2\/categories?post=13125"},{"taxonomy":"post_tag","embeddable":true,"href":"https:\/\/blog.olimar.de\/wp-json\/wp\/v2\/tags?post=13125"}],"curies":[{"name":"wp","href":"https:\/\/api.w.org\/{rel}","templated":true}]}}