{"id":13380,"date":"2020-02-03T09:53:38","date_gmt":"2020-02-03T07:53:38","guid":{"rendered":"https:\/\/blog.olimar.de\/?p=13380"},"modified":"2024-10-14T12:13:57","modified_gmt":"2024-10-14T11:13:57","slug":"inselkombination-porto-santo-madeira","status":"publish","type":"post","link":"https:\/\/blog.olimar.de\/inselkombination-porto-santo-madeira\/","title":{"rendered":"Inselkombination Porto Santo &#8211; Madeira: zwei Inselparadiese, ein Traumurlaub"},"content":{"rendered":"\n<p><strong>Beide Inseln k\u00f6nnten unterschiedlicher nicht sein, bieten aber dennoch zahlreiche M\u00f6glichkeiten, die vom Baden, \u00fcber Wandern, Tauchen und Entspannen reichen. Ganz besonders ist auf <a href=\"https:\/\/www.olimar.de\/portugal\/porto-santo\/\">Porto Santo<\/a> zum Beispiel der einzigartige 9 Kilometer lange Strand mit seinem <a href=\"https:\/\/blog.olimar.de\/sand-porto-santo\/\">Wundersand<\/a>, dem durch die darin enthaltenen Mineralien sogar heilende Kr\u00e4fte zugesprochen werden. Komm mit auf eine Vorschau der Inselkombination Porto Santo &#8211; Madeira!\u00a0<\/strong><\/p>\n\n\n\n<div class=\"wp-block-columns is-layout-flex wp-container-core-columns-is-layout-8f761849 wp-block-columns-is-layout-flex\">\n<div class=\"wp-block-column is-layout-flow wp-block-column-is-layout-flow\">\n<div class=\"wp-block-buttons is-layout-flex wp-block-buttons-is-layout-flex\">\n<div class=\"wp-block-button\"><a class=\"wp-block-button__link has-background wp-element-button\" href=\"https:\/\/www.olimar.de\/portugal\/porto-santo\/\" style=\"background-color:#008c87\">Alle Porto Santo Urlaub Angebote<\/a><\/div>\n<\/div>\n<\/div>\n\n\n\n<div class=\"wp-block-column is-layout-flow wp-block-column-is-layout-flow\">\n<div class=\"wp-block-buttons is-layout-flex wp-block-buttons-is-layout-flex\">\n<div class=\"wp-block-button\"><a class=\"wp-block-button__link has-background wp-element-button\" href=\"https:\/\/www.olimar.de\/portugal\/madeira\/\" style=\"background-color:#008c87\">Alle Madeira Urlaub Angebote<\/a><\/div>\n<\/div>\n<\/div>\n<\/div>\n\n\n\n<div style=\"height:25px\" aria-hidden=\"true\" class=\"wp-block-spacer\"><\/div>\n\n\n\n<figure class=\"wp-block-image size-large\"><img loading=\"lazy\" decoding=\"async\" width=\"1024\" height=\"768\" src=\"https:\/\/blog.olimar.de\/wp-content\/uploads\/2020\/01\/IMG_9678-1024x768.jpg\" alt=\"Feinster Sand auf Porto Santo\" class=\"wp-image-13441\" srcset=\"https:\/\/blog.olimar.de\/wp-content\/uploads\/2020\/01\/IMG_9678-1024x768.jpg 1024w, https:\/\/blog.olimar.de\/wp-content\/uploads\/2020\/01\/IMG_9678-300x225.jpg 300w, https:\/\/blog.olimar.de\/wp-content\/uploads\/2020\/01\/IMG_9678-768x576.jpg 768w, https:\/\/blog.olimar.de\/wp-content\/uploads\/2020\/01\/IMG_9678-1536x1152.jpg 1536w, https:\/\/blog.olimar.de\/wp-content\/uploads\/2020\/01\/IMG_9678-2048x1536.jpg 2048w\" sizes=\"auto, (max-width: 1024px) 100vw, 1024px\" \/><\/figure>\n\n\n\n<figure class=\"wp-block-image size-large\"><img loading=\"lazy\" decoding=\"async\" width=\"768\" height=\"1024\" src=\"https:\/\/blog.olimar.de\/wp-content\/uploads\/2020\/01\/JJFU0567-768x1024.jpg\" alt=\"Sand auf Insel Porto Santo\" class=\"wp-image-13442\" srcset=\"https:\/\/blog.olimar.de\/wp-content\/uploads\/2020\/01\/JJFU0567-768x1024.jpg 768w, https:\/\/blog.olimar.de\/wp-content\/uploads\/2020\/01\/JJFU0567-225x300.jpg 225w, https:\/\/blog.olimar.de\/wp-content\/uploads\/2020\/01\/JJFU0567-1152x1536.jpg 1152w, https:\/\/blog.olimar.de\/wp-content\/uploads\/2020\/01\/JJFU0567-420x560.jpg 420w, https:\/\/blog.olimar.de\/wp-content\/uploads\/2020\/01\/JJFU0567.jpg 1439w\" sizes=\"auto, (max-width: 768px) 100vw, 768px\" \/><figcaption class=\"wp-element-caption\">Phantastischer Sandstrand auf Porto Santo<\/figcaption><\/figure>\n\n\n\n<div style=\"height:20px\" aria-hidden=\"true\" class=\"wp-block-spacer\"><\/div>\n\n\n\n<p class=\"wp-block-paragraph\">Unser Hotel <a href=\"https:\/\/rms.olimar.de\/code\/PXO501\">Torre Praia<\/a> befindet sich unweit vom Kern des Hauptortes Vila Baleira. Nach einem kurzen Spaziergang erreichen wir die einladende Seebr\u00fccke, von wo aus man die heimischen Angler und den Ozean beobachten kann. Au\u00dferdem k\u00f6nnen wir einen Blick auf den Hafen werfen, wo unsere Reise in wenigen Tagen mit der F\u00e4hre weiter nach Madeira starten wird.<\/p>\n\n\n\n<figure class=\"wp-block-image size-large\"><img loading=\"lazy\" decoding=\"async\" width=\"1024\" height=\"769\" src=\"https:\/\/blog.olimar.de\/wp-content\/uploads\/2020\/01\/Hafenblick-1024x769.jpg\" alt=\"Hafen auf Porto Santo\" class=\"wp-image-13444\" srcset=\"https:\/\/blog.olimar.de\/wp-content\/uploads\/2020\/01\/Hafenblick-1024x769.jpg 1024w, https:\/\/blog.olimar.de\/wp-content\/uploads\/2020\/01\/Hafenblick-300x225.jpg 300w, https:\/\/blog.olimar.de\/wp-content\/uploads\/2020\/01\/Hafenblick-768x576.jpg 768w, https:\/\/blog.olimar.de\/wp-content\/uploads\/2020\/01\/Hafenblick-1536x1153.jpg 1536w, https:\/\/blog.olimar.de\/wp-content\/uploads\/2020\/01\/Hafenblick-2048x1537.jpg 2048w\" sizes=\"auto, (max-width: 1024px) 100vw, 1024px\" \/><figcaption class=\"wp-element-caption\">F\u00e4hre im Hafen von Porto Santo<\/figcaption><\/figure>\n\n\n\n<h2>Flugverbindung zwischen Porto Santo und Madeira<\/h2>\n<p>F\u00fcr diejenigen, die lieber fliegen, bietet sich die Flugverbindung zwischen den beiden Inseln an, die zweimal t\u00e4glich von Porto Santo in Richtung Madeira und zur\u00fcck abhebt, einmal morgens und einmal abends. Beim Betreten der kleinen Propellermaschine kann einem beim ersten Mal schon etwas mulmig werden, aber man fliegt sicher in weniger als 20 Minuten zwischen den beiden Inselparadiesen hin und her. Je nach Tarif kostet ein Flug ca. 50-60 Euro inkl. Gep\u00e4ck. Die Preise k\u00f6nnen nat\u00fcrlich wie bei jedem Fluganbieter variieren.<\/p>\n\n\n\n<figure class=\"wp-block-image size-large\"><img loading=\"lazy\" decoding=\"async\" width=\"1024\" height=\"768\" src=\"https:\/\/blog.olimar.de\/wp-content\/uploads\/2020\/01\/Flughafen-PXO-1024x768.jpg\" alt=\"Flughafen Porto Santo\" class=\"wp-image-13446\" srcset=\"https:\/\/blog.olimar.de\/wp-content\/uploads\/2020\/01\/Flughafen-PXO-1024x768.jpg 1024w, https:\/\/blog.olimar.de\/wp-content\/uploads\/2020\/01\/Flughafen-PXO-300x225.jpg 300w, https:\/\/blog.olimar.de\/wp-content\/uploads\/2020\/01\/Flughafen-PXO-768x576.jpg 768w, https:\/\/blog.olimar.de\/wp-content\/uploads\/2020\/01\/Flughafen-PXO-1536x1152.jpg 1536w, https:\/\/blog.olimar.de\/wp-content\/uploads\/2020\/01\/Flughafen-PXO-2048x1536.jpg 2048w\" sizes=\"auto, (max-width: 1024px) 100vw, 1024px\" \/><figcaption class=\"wp-element-caption\">Der kleine Flughafen von Porto Santo<\/figcaption><\/figure>\n\n\n\n<h2>Mit der F\u00e4hre von Porto Santo nach Madeira<\/h2>\n<p>Nach einer Woche Porto Santo w\u00e4hlen wir die \u00dcberfahrt mit der F\u00e4hre nach Madeira, wo unser n\u00e4chster Urlaubshalt auf uns wartet. Die Porto Santo Line f\u00e4hrt morgens vom Hafen in Funchal los und abends von Porto Santo wieder zur\u00fcck. Die Fahrt dauert ca. 2,5 Stunden. Die Tickets f\u00fcr 2 Personen kosten ungef\u00e4hr 72 Euro in der 2. Klasse. Auch hier ist das Gep\u00e4ck inklusive. Wir freuen uns schon sehr auf unsere kleine Kreuzfahrt.<br>Da die F\u00e4hrverbindung von vielen Touristen und Einheimischen genutzt wird, empfiehlt es sich, ungef\u00e4hr eine Stunde vor dem Ablegen bereits dort zu sein, um noch einen sch\u00f6nen Platz ergattern zu k\u00f6nnen. An Bord gibt es eine Bar, einen Imbiss, ein Restaurant, ein Kino, Spielfl\u00e4chen f\u00fcr die Kinder und vieles mehr.<\/p>\n\n\n\n<figure class=\"wp-block-image size-large\"><img loading=\"lazy\" decoding=\"async\" width=\"1024\" height=\"683\" src=\"https:\/\/blog.olimar.de\/wp-content\/uploads\/2020\/01\/Lobo-Marinho-Faehre-1024x683.jpg\" alt=\"F\u00e4hre Lobo Marinho auf Porto Santo\" class=\"wp-image-13449\" srcset=\"https:\/\/blog.olimar.de\/wp-content\/uploads\/2020\/01\/Lobo-Marinho-Faehre-1024x683.jpg 1024w, https:\/\/blog.olimar.de\/wp-content\/uploads\/2020\/01\/Lobo-Marinho-Faehre-300x200.jpg 300w, https:\/\/blog.olimar.de\/wp-content\/uploads\/2020\/01\/Lobo-Marinho-Faehre-768x512.jpg 768w, https:\/\/blog.olimar.de\/wp-content\/uploads\/2020\/01\/Lobo-Marinho-Faehre-840x560.jpg 840w, https:\/\/blog.olimar.de\/wp-content\/uploads\/2020\/01\/Lobo-Marinho-Faehre-1200x800.jpg 1200w, https:\/\/blog.olimar.de\/wp-content\/uploads\/2020\/01\/Lobo-Marinho-Faehre.jpg 1314w\" sizes=\"auto, (max-width: 1024px) 100vw, 1024px\" \/><\/figure>\n\n\n\n<p class=\"wp-block-paragraph\">Wir m\u00f6chten beim Ablegen der F\u00e4hre noch einen Blick auf Porto Santo vom Deck aus werfen. Vom Wasser aus hat man nochmal einen herrlichen Blick auf den sch\u00f6nen Strand und die Berge. Porto Santo wird immer kleiner und kleiner am Horizont. Langsam macht sich ein Hungergef\u00fchl bemerkbar und wir suchen das Restaurant auf, das zwar klein, aber sehr schick eingerichtet ist. Hier verbringen wir bei leckerem Wein und tollem Essen eine ganze Weile. Das Schiff schaukelt langsam vor sich hin und macht die sch\u00f6ne Stimmung perfekt.<br><\/p>\n\n\n\n<h2>Ankunft auf Madeira<\/h2>\n<p>Nach rund 2 Stunden k\u00f6nnen wir bereits einen Blick auf Madeira werfen. Es ist mittlerweile dunkel geworden, sodass die Insel in ein Lichtermeer taucht. Unser Schiff steuert an der s\u00fcd\u00f6stlichen K\u00fcste entlang, vorbei an Orten wie Machico und Santa Cruz, wo sich auch der Flughafen befindet. Schlussendlich erreichen wir unser Ziel: Funchal. Die Stadt t\u00fcrmt sich quasi vor uns auf und wir sind \u00fcberw\u00e4ltigt von dem Panorama. Mittlerweile hat es viele G\u00e4ste nach drau\u00dfen gezogen, um diesen Ausblick nicht zu verpassen. Am Hafen angekommen erhalten wir unser aufgegebenes Gep\u00e4ck zur\u00fcck. Zahlreiche Taxis empfangen die Reisenden und bringen sie in Ihre Unterk\u00fcnfte.<\/p>\n\n\n\n<h2>Madeira mit dem Mietwagen erkunden<\/h2>\n<p>In den n\u00e4chsten Tagen werden wir die <a href=\"https:\/\/blog.olimar.de\/mietwagentour-madeira\/\">Madeira mit dem Mietwagen<\/a> erkunden. Dies lohnt sich allemal, denn die Inselstra\u00dfen sind gut ausgebaut und die Orte lassen sich auf diese Weise schnell und bequem besuchen. Ein kleiner Polo mit Automatikgetriebe sollte es f\u00fcr uns beide sein. Da wir nur<br \/>kleine Touren \u00fcber die Insel machen wollten, reichte uns der kleine Flitzer vollkommen aus. Wir machten einen Halt in Porto Moniz mit seinen nat\u00fcrlichen Pools im Atlantik, am kleinen Sandstrand vom Fischerort Machico und Santa Cruz, von dessen Ufer wir die landenden Flieger beobachteten.<\/p>\n\n\n\n<figure class=\"wp-block-image size-large\"><img loading=\"lazy\" decoding=\"async\" width=\"1024\" height=\"516\" src=\"https:\/\/blog.olimar.de\/wp-content\/uploads\/2020\/01\/DSC_6646-1024x516.jpg\" alt=\"Blick auf die Lande- und Startbahn des Flughafens und die umliegende Landschaft \" class=\"wp-image-13453\" srcset=\"https:\/\/blog.olimar.de\/wp-content\/uploads\/2020\/01\/DSC_6646-1024x516.jpg 1024w, https:\/\/blog.olimar.de\/wp-content\/uploads\/2020\/01\/DSC_6646-300x151.jpg 300w, https:\/\/blog.olimar.de\/wp-content\/uploads\/2020\/01\/DSC_6646-768x387.jpg 768w, https:\/\/blog.olimar.de\/wp-content\/uploads\/2020\/01\/DSC_6646-1536x773.jpg 1536w, https:\/\/blog.olimar.de\/wp-content\/uploads\/2020\/01\/DSC_6646.jpg 2000w\" sizes=\"auto, (max-width: 1024px) 100vw, 1024px\" \/><\/figure>\n\n\n\n<figure class=\"wp-block-image size-large\"><img loading=\"lazy\" decoding=\"async\" width=\"1024\" height=\"684\" src=\"https:\/\/blog.olimar.de\/wp-content\/uploads\/2020\/01\/DSC_6297-1024x684.jpg\" alt=\"Stra\u00dfe direkt an der K\u00fcste \" class=\"wp-image-13452\" srcset=\"https:\/\/blog.olimar.de\/wp-content\/uploads\/2020\/01\/DSC_6297-1024x684.jpg 1024w, https:\/\/blog.olimar.de\/wp-content\/uploads\/2020\/01\/DSC_6297-300x200.jpg 300w, https:\/\/blog.olimar.de\/wp-content\/uploads\/2020\/01\/DSC_6297-768x513.jpg 768w, https:\/\/blog.olimar.de\/wp-content\/uploads\/2020\/01\/DSC_6297-1536x1025.jpg 1536w, https:\/\/blog.olimar.de\/wp-content\/uploads\/2020\/01\/DSC_6297-840x560.jpg 840w, https:\/\/blog.olimar.de\/wp-content\/uploads\/2020\/01\/DSC_6297-1200x800.jpg 1200w, https:\/\/blog.olimar.de\/wp-content\/uploads\/2020\/01\/DSC_6297.jpg 2000w\" sizes=\"auto, (max-width: 1024px) 100vw, 1024px\" \/><\/figure>\n\n\n\n<h2>Unser Fazit:&nbsp;<\/h2>\n<p>Eine Inselkombination zwischen Madeira und Porto Santo verspricht einen au\u00dfergew\u00f6hnlichen Urlaub. Obwohl die beiden Inseln sich sehr voneinander unterscheiden, haben sie dennoch gemeinsam, dass<br>sie ein umfangreiches Angebot aufweisen, bei dem keine Langeweile entsteht. Das eher karge Porto Santo mit seinem herrlichen Strand und auf der anderen Seite das \u00fcppig gr\u00fcne Madeira. So wird die Reise zum Traumurlaub.<\/p>\n\n\n\n<h2>Kombinationsreise Porto Santo Madeira<\/h2>\n<p>Strandurlaub, Naturerlebnis und charmant-pulsierendes Stadtleben: Bei der 1-w\u00f6chigen Kombination der Blumeninsel Madeira mit ihrem kleinen Schwestereiland Porto Santo lernst Du die faszinierenden Gegens\u00e4tze beider Inseln kennen.<\/p>\n\n\n\n<div style=\"height:15px\" aria-hidden=\"true\" class=\"wp-block-spacer\"><\/div>\n\n\n\n<div class=\"wp-block-buttons is-layout-flex wp-block-buttons-is-layout-flex\">\n<div class=\"wp-block-button\"><a class=\"wp-block-button__link has-background wp-element-button\" href=\"https:\/\/www.olimar.de\/hotellistung\/\" style=\"background-color:#008c87\">Jetzt Urlaubsangebote finden und buchen<\/a><\/div>\n<\/div>\n\n\n\n<div style=\"height:100px\" aria-hidden=\"true\" class=\"wp-block-spacer\"><\/div>\n","protected":false},"excerpt":{"rendered":"<p>Beide Inseln k\u00f6nnten unterschiedlicher nicht sein, bieten aber dennoch zahlreiche M\u00f6glichkeiten, die vom Baden, \u00fcber Wandern, Tauchen und Entspannen reichen. Ganz besonders ist auf Porto Santo zum Beispiel der einzigartige 9 Kilometer lange Strand mit seinem Wundersand, dem durch die darin enthaltenen Mineralien sogar heilende Kr\u00e4fte zugesprochen werden. Komm mit auf eine Vorschau der Inselkombination Porto Santo &#8211; Madeira!\u00a0 Unser Hotel Torre Praia befindet sich unweit vom Kern des Hauptortes Vila Baleira. Nach einem kurzen Spaziergang erreichen wir die einladende Seebr\u00fccke, von wo aus man die heimischen Angler und den Ozean beobachten kann. Au\u00dferdem k\u00f6nnen wir einen Blick auf den Hafen &hellip;<\/p>\n","protected":false},"author":69,"featured_media":13456,"comment_status":"open","ping_status":"open","sticky":false,"template":"","format":"standard","meta":{"_crdt_document":"","_lmt_disableupdate":"","_lmt_disable":"","footnotes":""},"categories":[31,59],"tags":[21,58,34],"class_list":["post-13380","post","type-post","status-publish","format-standard","has-post-thumbnail","hentry","category-land-leute","category-special","tag-madeira","tag-porto-santo","tag-portugal"],"yoast_head":"<!-- This site is optimized with the Yoast SEO plugin v26.9 - https:\/\/yoast.com\/product\/yoast-seo-wordpress\/ -->\n<title>Inselkombination Porto Santo Madeira - Urlaub auf Trauminseln!<\/title>\n<meta name=\"description\" content=\"Strandurlaub gefolgt von abwechslungsreichem Sightseeing: Unsere Autorin testet die Inselkombination Porto Santo - Madeira &amp; ist begeistert.\" \/>\n<meta name=\"robots\" content=\"index, follow, max-snippet:-1, max-image-preview:large, max-video-preview:-1\" \/>\n<link rel=\"canonical\" href=\"https:\/\/blog.olimar.de\/inselkombination-porto-santo-madeira\/\" \/>\n<meta property=\"og:locale\" content=\"de_DE\" \/>\n<meta property=\"og:type\" content=\"article\" \/>\n<meta property=\"og:title\" content=\"Inselkombination Porto Santo Madeira - Urlaub auf Trauminseln!\" \/>\n<meta property=\"og:description\" content=\"Strandurlaub gefolgt von abwechslungsreichem Sightseeing: Unsere Autorin testet die Inselkombination Porto Santo - Madeira &amp; ist begeistert.\" \/>\n<meta property=\"og:url\" content=\"https:\/\/blog.olimar.de\/inselkombination-porto-santo-madeira\/\" \/>\n<meta property=\"article:publisher\" content=\"https:\/\/www.facebook.com\/OlimarReisen\" \/>\n<meta property=\"article:published_time\" content=\"2020-02-03T07:53:38+00:00\" \/>\n<meta property=\"article:modified_time\" content=\"2024-10-14T11:13:57+00:00\" \/>\n<meta property=\"og:image\" content=\"https:\/\/blog.olimar.de\/wp-content\/uploads\/2020\/01\/IMG_9682-scaled.jpg\" \/>\n\t<meta property=\"og:image:width\" content=\"2560\" \/>\n\t<meta property=\"og:image:height\" content=\"1920\" \/>\n\t<meta property=\"og:image:type\" content=\"image\/jpeg\" \/>\n<meta name=\"author\" content=\"Juliane Meinke\" \/>\n<meta name=\"twitter:label1\" content=\"Verfasst von\" \/>\n\t<meta name=\"twitter:data1\" content=\"Juliane Meinke\" \/>\n\t<meta name=\"twitter:label2\" content=\"Gesch\u00e4tzte Lesezeit\" \/>\n\t<meta name=\"twitter:data2\" content=\"6\u00a0Minuten\" \/>\n<script type=\"application\/ld+json\" class=\"yoast-schema-graph\">{\"@context\":\"https:\/\/schema.org\",\"@graph\":[{\"@type\":\"WebPage\",\"@id\":\"https:\/\/blog.olimar.de\/inselkombination-porto-santo-madeira\/\",\"url\":\"https:\/\/blog.olimar.de\/inselkombination-porto-santo-madeira\/\",\"name\":\"Inselkombination Porto Santo Madeira - Urlaub auf Trauminseln!\",\"isPartOf\":{\"@id\":\"https:\/\/blog.olimar.de\/#website\"},\"primaryImageOfPage\":{\"@id\":\"https:\/\/blog.olimar.de\/inselkombination-porto-santo-madeira\/#primaryimage\"},\"image\":{\"@id\":\"https:\/\/blog.olimar.de\/inselkombination-porto-santo-madeira\/#primaryimage\"},\"thumbnailUrl\":\"https:\/\/blog.olimar.de\/wp-content\/uploads\/2020\/01\/IMG_9682-scaled.jpg\",\"datePublished\":\"2020-02-03T07:53:38+00:00\",\"dateModified\":\"2024-10-14T11:13:57+00:00\",\"description\":\"Strandurlaub gefolgt von abwechslungsreichem Sightseeing: Unsere Autorin testet die Inselkombination Porto Santo - Madeira & ist begeistert.\",\"breadcrumb\":{\"@id\":\"https:\/\/blog.olimar.de\/inselkombination-porto-santo-madeira\/#breadcrumb\"},\"inLanguage\":\"de\",\"potentialAction\":[{\"@type\":\"ReadAction\",\"target\":[\"https:\/\/blog.olimar.de\/inselkombination-porto-santo-madeira\/\"]}]},{\"@type\":\"ImageObject\",\"inLanguage\":\"de\",\"@id\":\"https:\/\/blog.olimar.de\/inselkombination-porto-santo-madeira\/#primaryimage\",\"url\":\"https:\/\/blog.olimar.de\/wp-content\/uploads\/2020\/01\/IMG_9682-scaled.jpg\",\"contentUrl\":\"https:\/\/blog.olimar.de\/wp-content\/uploads\/2020\/01\/IMG_9682-scaled.jpg\",\"width\":2560,\"height\":1920,\"caption\":\"Insel Porto Santo\"},{\"@type\":\"BreadcrumbList\",\"@id\":\"https:\/\/blog.olimar.de\/inselkombination-porto-santo-madeira\/#breadcrumb\",\"itemListElement\":[{\"@type\":\"ListItem\",\"position\":1,\"name\":\"Home\",\"item\":\"https:\/\/blog.olimar.de\/\"},{\"@type\":\"ListItem\",\"position\":2,\"name\":\"Madeira\",\"item\":\"https:\/\/blog.olimar.de\/tag\/madeira\/\"},{\"@type\":\"ListItem\",\"position\":3,\"name\":\"Inselkombination Porto Santo &#8211; Madeira: zwei Inselparadiese, ein Traumurlaub\"}]},{\"@type\":\"WebSite\",\"@id\":\"https:\/\/blog.olimar.de\/#website\",\"url\":\"https:\/\/blog.olimar.de\/\",\"name\":\"OLIMAR.com\",\"description\":\"\",\"publisher\":{\"@id\":\"https:\/\/blog.olimar.de\/#organization\"},\"potentialAction\":[{\"@type\":\"SearchAction\",\"target\":{\"@type\":\"EntryPoint\",\"urlTemplate\":\"https:\/\/blog.olimar.de\/?s={search_term_string}\"},\"query-input\":{\"@type\":\"PropertyValueSpecification\",\"valueRequired\":true,\"valueName\":\"search_term_string\"}}],\"inLanguage\":\"de\"},{\"@type\":\"Organization\",\"@id\":\"https:\/\/blog.olimar.de\/#organization\",\"name\":\"OLIMAR Reisen\",\"url\":\"https:\/\/blog.olimar.de\/\",\"logo\":{\"@type\":\"ImageObject\",\"inLanguage\":\"de\",\"@id\":\"https:\/\/blog.olimar.de\/#\/schema\/logo\/image\/\",\"url\":\"https:\/\/blog.olimar.de\/wp-content\/uploads\/2021\/01\/OLIMAR_Logo_COLOR.png\",\"contentUrl\":\"https:\/\/blog.olimar.de\/wp-content\/uploads\/2021\/01\/OLIMAR_Logo_COLOR.png\",\"width\":2000,\"height\":986,\"caption\":\"OLIMAR Reisen\"},\"image\":{\"@id\":\"https:\/\/blog.olimar.de\/#\/schema\/logo\/image\/\"},\"sameAs\":[\"https:\/\/www.facebook.com\/OlimarReisen\",\"https:\/\/x.com\/olimarrreisen\",\"https:\/\/www.instagram.com\/olimarreisen\",\"https:\/\/www.youtube.com\/user\/olimarreisen\"]}]}<\/script>\n<!-- \/ Yoast SEO plugin. -->","yoast_head_json":{"title":"Inselkombination Porto Santo Madeira - Urlaub auf Trauminseln!","description":"Strandurlaub gefolgt von abwechslungsreichem Sightseeing: Unsere Autorin testet die Inselkombination Porto Santo - Madeira & ist begeistert.","robots":{"index":"index","follow":"follow","max-snippet":"max-snippet:-1","max-image-preview":"max-image-preview:large","max-video-preview":"max-video-preview:-1"},"canonical":"https:\/\/blog.olimar.de\/inselkombination-porto-santo-madeira\/","og_locale":"de_DE","og_type":"article","og_title":"Inselkombination Porto Santo Madeira - Urlaub auf Trauminseln!","og_description":"Strandurlaub gefolgt von abwechslungsreichem Sightseeing: Unsere Autorin testet die Inselkombination Porto Santo - Madeira & ist begeistert.","og_url":"https:\/\/blog.olimar.de\/inselkombination-porto-santo-madeira\/","article_publisher":"https:\/\/www.facebook.com\/OlimarReisen","article_published_time":"2020-02-03T07:53:38+00:00","article_modified_time":"2024-10-14T11:13:57+00:00","og_image":[{"width":2560,"height":1920,"url":"https:\/\/blog.olimar.de\/wp-content\/uploads\/2020\/01\/IMG_9682-scaled.jpg","type":"image\/jpeg"}],"author":"Juliane Meinke","twitter_misc":{"Verfasst von":"Juliane Meinke","Gesch\u00e4tzte Lesezeit":"6\u00a0Minuten"},"schema":{"@context":"https:\/\/schema.org","@graph":[{"@type":"WebPage","@id":"https:\/\/blog.olimar.de\/inselkombination-porto-santo-madeira\/","url":"https:\/\/blog.olimar.de\/inselkombination-porto-santo-madeira\/","name":"Inselkombination Porto Santo Madeira - Urlaub auf Trauminseln!","isPartOf":{"@id":"https:\/\/blog.olimar.de\/#website"},"primaryImageOfPage":{"@id":"https:\/\/blog.olimar.de\/inselkombination-porto-santo-madeira\/#primaryimage"},"image":{"@id":"https:\/\/blog.olimar.de\/inselkombination-porto-santo-madeira\/#primaryimage"},"thumbnailUrl":"https:\/\/blog.olimar.de\/wp-content\/uploads\/2020\/01\/IMG_9682-scaled.jpg","datePublished":"2020-02-03T07:53:38+00:00","dateModified":"2024-10-14T11:13:57+00:00","description":"Strandurlaub gefolgt von abwechslungsreichem Sightseeing: Unsere Autorin testet die Inselkombination Porto Santo - Madeira & ist begeistert.","breadcrumb":{"@id":"https:\/\/blog.olimar.de\/inselkombination-porto-santo-madeira\/#breadcrumb"},"inLanguage":"de","potentialAction":[{"@type":"ReadAction","target":["https:\/\/blog.olimar.de\/inselkombination-porto-santo-madeira\/"]}]},{"@type":"ImageObject","inLanguage":"de","@id":"https:\/\/blog.olimar.de\/inselkombination-porto-santo-madeira\/#primaryimage","url":"https:\/\/blog.olimar.de\/wp-content\/uploads\/2020\/01\/IMG_9682-scaled.jpg","contentUrl":"https:\/\/blog.olimar.de\/wp-content\/uploads\/2020\/01\/IMG_9682-scaled.jpg","width":2560,"height":1920,"caption":"Insel Porto Santo"},{"@type":"BreadcrumbList","@id":"https:\/\/blog.olimar.de\/inselkombination-porto-santo-madeira\/#breadcrumb","itemListElement":[{"@type":"ListItem","position":1,"name":"Home","item":"https:\/\/blog.olimar.de\/"},{"@type":"ListItem","position":2,"name":"Madeira","item":"https:\/\/blog.olimar.de\/tag\/madeira\/"},{"@type":"ListItem","position":3,"name":"Inselkombination Porto Santo &#8211; Madeira: zwei Inselparadiese, ein Traumurlaub"}]},{"@type":"WebSite","@id":"https:\/\/blog.olimar.de\/#website","url":"https:\/\/blog.olimar.de\/","name":"OLIMAR.com","description":"","publisher":{"@id":"https:\/\/blog.olimar.de\/#organization"},"potentialAction":[{"@type":"SearchAction","target":{"@type":"EntryPoint","urlTemplate":"https:\/\/blog.olimar.de\/?s={search_term_string}"},"query-input":{"@type":"PropertyValueSpecification","valueRequired":true,"valueName":"search_term_string"}}],"inLanguage":"de"},{"@type":"Organization","@id":"https:\/\/blog.olimar.de\/#organization","name":"OLIMAR Reisen","url":"https:\/\/blog.olimar.de\/","logo":{"@type":"ImageObject","inLanguage":"de","@id":"https:\/\/blog.olimar.de\/#\/schema\/logo\/image\/","url":"https:\/\/blog.olimar.de\/wp-content\/uploads\/2021\/01\/OLIMAR_Logo_COLOR.png","contentUrl":"https:\/\/blog.olimar.de\/wp-content\/uploads\/2021\/01\/OLIMAR_Logo_COLOR.png","width":2000,"height":986,"caption":"OLIMAR Reisen"},"image":{"@id":"https:\/\/blog.olimar.de\/#\/schema\/logo\/image\/"},"sameAs":["https:\/\/www.facebook.com\/OlimarReisen","https:\/\/x.com\/olimarrreisen","https:\/\/www.instagram.com\/olimarreisen","https:\/\/www.youtube.com\/user\/olimarreisen"]}]}},"modified_by":"Julia Windh\u00f6vel","jetpack_featured_media_url":"https:\/\/blog.olimar.de\/wp-content\/uploads\/2020\/01\/IMG_9682-scaled.jpg","_links":{"self":[{"href":"https:\/\/blog.olimar.de\/wp-json\/wp\/v2\/posts\/13380","targetHints":{"allow":["GET"]}}],"collection":[{"href":"https:\/\/blog.olimar.de\/wp-json\/wp\/v2\/posts"}],"about":[{"href":"https:\/\/blog.olimar.de\/wp-json\/wp\/v2\/types\/post"}],"author":[{"embeddable":true,"href":"https:\/\/blog.olimar.de\/wp-json\/wp\/v2\/users\/69"}],"replies":[{"embeddable":true,"href":"https:\/\/blog.olimar.de\/wp-json\/wp\/v2\/comments?post=13380"}],"version-history":[{"count":31,"href":"https:\/\/blog.olimar.de\/wp-json\/wp\/v2\/posts\/13380\/revisions"}],"predecessor-version":[{"id":27939,"href":"https:\/\/blog.olimar.de\/wp-json\/wp\/v2\/posts\/13380\/revisions\/27939"}],"wp:featuredmedia":[{"embeddable":true,"href":"https:\/\/blog.olimar.de\/wp-json\/wp\/v2\/media\/13456"}],"wp:attachment":[{"href":"https:\/\/blog.olimar.de\/wp-json\/wp\/v2\/media?parent=13380"}],"wp:term":[{"taxonomy":"category","embeddable":true,"href":"https:\/\/blog.olimar.de\/wp-json\/wp\/v2\/categories?post=13380"},{"taxonomy":"post_tag","embeddable":true,"href":"https:\/\/blog.olimar.de\/wp-json\/wp\/v2\/tags?post=13380"}],"curies":[{"name":"wp","href":"https:\/\/api.w.org\/{rel}","templated":true}]}}