{"id":13382,"date":"2020-01-28T19:39:23","date_gmt":"2020-01-28T17:39:23","guid":{"rendered":"https:\/\/blog.olimar.de\/?p=13382"},"modified":"2023-05-24T20:15:25","modified_gmt":"2023-05-24T19:15:25","slug":"azulejo-museum-lissabon","status":"publish","type":"post","link":"https:\/\/blog.olimar.de\/azulejo-museum-lissabon\/","title":{"rendered":"Azulejo Museum Lissabon &#8211; auf den Spuren von Portugals ber\u00fchmter Fliesenkunst"},"content":{"rendered":"\n<p><p class=\"intro\">Es gibt Orte in <a href=\"https:\/\/www.olimar.de\/portugal\/metropolen\/lissabon\/\" target=\"_blank\" rel=\"noreferrer noopener\" aria-label=\"Lissabon (opens in a new tab)\">Lissabon<\/a>, die sind so sch\u00f6n, da passt einfach alles zusammen. Zu diesen speziellen Orten geh\u00f6rt das Nationale Museum f\u00fcr Fliesenkunst Museu Nacional do Azulejo auf jeden Fall dazu. Hier erfahren Besucher alles \u00fcber Portugals ber\u00fchmte Azulejos.<\/p><\/p>\n\n\n\n<h2 class=\"wp-block-heading\"><strong>Anfahrt zum Azulejo Museum in Lissabon<\/strong><\/h2>\n\n\n\n<p class=\"wp-block-paragraph\">Man nimmt den Bus. Am besten steigt man ein am Prachtplatz Pra\u00e7a do Com\u00e9r\u00e7io. Die richtige Haltestelle ist die letzte rechts am Ost Eck auf dem Platz mit Blick auf den Triumphbogen Augusta, der Eintritt in die elegante Baixa gew\u00e4hrt. An der Haltestelle links daneben dr\u00e4ngeln Menschen, bereit, sich den Einstieg in die emblematische el\u00e9ctrico Stra\u00dfenbahn mit den Ellenbogen zu erk\u00e4mpfen. Kaum am gl\u00e4sernen Terminal vorbei, l\u00f6st sich das Menschenkn\u00e4uel auf. Anstatt Oui, Yes, oder Nein, h\u00f6rt man nur noch sim, pois, und ol\u00e1. An dieser Haltestelle warten Portugiesen auf dem Heimweg auf den Bus Nummer 728 Richtung Portela, oder Nummer 759 Richtung Esta\u00e7\u00e3o Oriente, zum Orient Bahnhof im Parque das Na\u00e7\u00f5es Viertel im ehemaligen Weltausstellungsgel\u00e4nde f\u00e4hrt. <br><\/p>\n\n\n\n<p class=\"wp-block-paragraph\">Die Busfahrt zum Museum f\u00fcr Fliesenkunst dauert etwa eine Viertelstunde. Die Route folgt dem Ufer des Tejo mit Ausblick auf den \u00dcberseehafen sowie auf das Nationale Pantheon, f\u00fchrt durch die Werft am Containerhafen zum alten Hauptbahnhof Santa Apol\u00f3nia und h\u00e4lt ein St\u00fcck weiter direkt gegen\u00fcber einer der emblematischsten Kirchen von Lissabon. An der Igreja de Madre Deus.<br><\/p>\n\n\n\n<p class=\"wp-block-paragraph\">Auf der gegen\u00fcberliegenden Seite der Bushaltestelle sticht das kunstvolle steinerne Portal der Kirche sofort ins Auge. Aber es ist verschlossen. Gleich rechts daneben steht daf\u00fcr ein hohes schmiedeeisernes Tor offen. Durch einen Vorhof gelangt man unter einer pr\u00e4chtig bl\u00fchender Bougainvillea zum Eingang des Museums.<\/p>\n\n\n\n<figure class=\"wp-block-image size-large is-resized\"><img loading=\"lazy\" decoding=\"async\" src=\"https:\/\/blog.olimar.de\/wp-content\/uploads\/2020\/01\/Eingang-zum-Museum-f\u00fcr-Fliesenkunst-1024x768.jpg\" alt=\"Bougainvillea vorm Museum\" class=\"wp-image-13395\" width=\"669\" height=\"502\" srcset=\"https:\/\/blog.olimar.de\/wp-content\/uploads\/2020\/01\/Eingang-zum-Museum-f\u00fcr-Fliesenkunst-1024x768.jpg 1024w, https:\/\/blog.olimar.de\/wp-content\/uploads\/2020\/01\/Eingang-zum-Museum-f\u00fcr-Fliesenkunst-300x225.jpg 300w, https:\/\/blog.olimar.de\/wp-content\/uploads\/2020\/01\/Eingang-zum-Museum-f\u00fcr-Fliesenkunst-768x576.jpg 768w, https:\/\/blog.olimar.de\/wp-content\/uploads\/2020\/01\/Eingang-zum-Museum-f\u00fcr-Fliesenkunst-1536x1152.jpg 1536w, https:\/\/blog.olimar.de\/wp-content\/uploads\/2020\/01\/Eingang-zum-Museum-f\u00fcr-Fliesenkunst.jpg 1605w\" sizes=\"auto, (max-width: 669px) 100vw, 669px\" \/><\/figure>\n\n\n\n<h2 class=\"wp-block-heading\"><strong>Rundgang durch das Azulejo Museum<\/strong><\/h2>\n\n\n\n<p class=\"wp-block-paragraph\">Das moderne Foyer mit Azulejo Boutique und gro\u00dfem Patio, in dem ein Kaffee, mit Garten, Goldfischteich und Bananenpalmen zu einer sp\u00e4teren Pause zu Kaffee und selbstgebackenen Kuchen einl\u00e4dt, versteht sich als Schleuse in das fr\u00fchere Klarissen Kloster, in dem seit 1958 die bedeutendste Sammlung portugiesischer Azulejos ein zu Hause finden. Fayencen aus \u00fcber tausend Jahren Kunstgeschichte zeigen anschaulich die Entwicklung bis zur Gestaltung der bunten glitzernden Steine, die der Fliese ihren lautmalerisch poetischen Namen Azulejo gaben.<br><\/p>\n\n\n\n<p class=\"wp-block-paragraph\">Im unteren einstigen Kreuzganghof im Kloster \u00f6ffnen Arkadenportale den Zugang zu den Ausstellungsr\u00e4umen, die nach Jahrhundert und Kunstepoche gegliedert, Fayence Kunst von Iberomaurisch im 9. Jahrhundert bis zum Jugendstil im 20. Jahrhundert zeigen. Die Struktur als solche ist allein schon spannend, aber noch spannender wird sie durch die Fliesenbildsch\u00e4tze, die sich im Inneren der Madre Deus Kirche verbergen, in die man am hinteren rechten Eck im Kreuzgang gelangt. Rechts neben dem Eingang liegt eine Kammer, in der einst die Gr\u00fcnderin des Klosters bestattet lag. K\u00f6nigin D. Leonor von Portugal. Ihr ist es zu verdanken, dass im gesamten Land seit Beginn des 16. Jahrhunderts gemeinn\u00fctzige St\u00e4tten Notleidenden halfen und heute immer noch helfen. <\/p>\n\n\n\n<p class=\"wp-block-paragraph\">Die Kirche Igreja de Madre Deus ist das Mutterhaus des Klarissen Ordens in Portugal und bewahrt, neben anderen, eine Reliquie der heiliggesprochenen Aukta von K\u00f6ln in einer ihr geweihten Seitenkapelle auf. Die Geschichte der Aukta beginnt am K\u00f6lner Dom, einzelne Stationen ihres Martyriums kann man auf pr\u00e4chtigen Fliesenpaneelen entlang der W\u00e4nde im Langschiff betrachten.<br><\/p>\n\n\n\n<figure class=\"wp-block-gallery has-nested-images columns-default is-cropped wp-block-gallery-1 is-layout-flex wp-block-gallery-is-layout-flex\">\n<figure class=\"wp-block-image size-large\"><img loading=\"lazy\" decoding=\"async\" width=\"768\" height=\"1024\" data-id=\"13397\" src=\"https:\/\/blog.olimar.de\/wp-content\/uploads\/2020\/01\/Ankunft-heilige-Aukta-in-Lissabon-768x1024.jpg\" alt=\"Prachtvolle Azulejos Lissabon Museum\" class=\"wp-image-13397\" srcset=\"https:\/\/blog.olimar.de\/wp-content\/uploads\/2020\/01\/Ankunft-heilige-Aukta-in-Lissabon-768x1024.jpg 768w, https:\/\/blog.olimar.de\/wp-content\/uploads\/2020\/01\/Ankunft-heilige-Aukta-in-Lissabon-225x300.jpg 225w, https:\/\/blog.olimar.de\/wp-content\/uploads\/2020\/01\/Ankunft-heilige-Aukta-in-Lissabon-1152x1536.jpg 1152w, https:\/\/blog.olimar.de\/wp-content\/uploads\/2020\/01\/Ankunft-heilige-Aukta-in-Lissabon-420x560.jpg 420w, https:\/\/blog.olimar.de\/wp-content\/uploads\/2020\/01\/Ankunft-heilige-Aukta-in-Lissabon.jpg 1251w\" sizes=\"auto, (max-width: 768px) 100vw, 768px\" \/><\/figure>\n\n\n\n<figure class=\"wp-block-image size-large\"><img loading=\"lazy\" decoding=\"async\" width=\"768\" height=\"1024\" data-id=\"13398\" src=\"https:\/\/blog.olimar.de\/wp-content\/uploads\/2020\/01\/Aufbruch-helge-Aukta-in-K\u00f6ln-768x1024.jpg\" alt=\"Historische Azulejos Museum\" class=\"wp-image-13398\" srcset=\"https:\/\/blog.olimar.de\/wp-content\/uploads\/2020\/01\/Aufbruch-helge-Aukta-in-K\u00f6ln-768x1024.jpg 768w, https:\/\/blog.olimar.de\/wp-content\/uploads\/2020\/01\/Aufbruch-helge-Aukta-in-K\u00f6ln-225x300.jpg 225w, https:\/\/blog.olimar.de\/wp-content\/uploads\/2020\/01\/Aufbruch-helge-Aukta-in-K\u00f6ln-1152x1536.jpg 1152w, https:\/\/blog.olimar.de\/wp-content\/uploads\/2020\/01\/Aufbruch-helge-Aukta-in-K\u00f6ln-420x560.jpg 420w, https:\/\/blog.olimar.de\/wp-content\/uploads\/2020\/01\/Aufbruch-helge-Aukta-in-K\u00f6ln.jpg 1212w\" sizes=\"auto, (max-width: 768px) 100vw, 768px\" \/><\/figure>\n<\/figure>\n\n\n\n<p class=\"wp-block-paragraph\">\u00dcber eine Treppe erreicht man den ersten Stock und die obere Etage im Kreuzganghof des ehemaligen Klosters. Die Treppe f\u00fchrt innen durch das mehrfl\u00fcgelige Geb\u00e4ude und das manuelinisch-neo-maurisch inspirierte Atrium mit seinen geometrisch verspielten Fliesen an der Seitenw\u00e4nden. Im Treppenhaus \u00fcberwiegen barocke Motive aus der Blumen und Tierwelt die Darstellungen auf den blau wei\u00df gefliesten W\u00e4nde. <\/p>\n\n\n\n<figure class=\"wp-block-image size-large\"><img loading=\"lazy\" decoding=\"async\" width=\"1024\" height=\"768\" src=\"https:\/\/blog.olimar.de\/wp-content\/uploads\/2020\/01\/typisch-barockes-Deko-Motiv-1-1024x768.jpg\" alt=\"Fliesen an den Seitenw\u00e4nden - wei\u00dfe Fliesen mit blauen Mustern \" class=\"wp-image-13401\" srcset=\"https:\/\/blog.olimar.de\/wp-content\/uploads\/2020\/01\/typisch-barockes-Deko-Motiv-1-1024x768.jpg 1024w, https:\/\/blog.olimar.de\/wp-content\/uploads\/2020\/01\/typisch-barockes-Deko-Motiv-1-300x225.jpg 300w, https:\/\/blog.olimar.de\/wp-content\/uploads\/2020\/01\/typisch-barockes-Deko-Motiv-1-768x576.jpg 768w, https:\/\/blog.olimar.de\/wp-content\/uploads\/2020\/01\/typisch-barockes-Deko-Motiv-1-1536x1152.jpg 1536w, https:\/\/blog.olimar.de\/wp-content\/uploads\/2020\/01\/typisch-barockes-Deko-Motiv-1.jpg 1636w\" sizes=\"auto, (max-width: 1024px) 100vw, 1024px\" \/><\/figure>\n\n\n\n<p class=\"wp-block-paragraph\">Im zweiten Stock gelangt man in den Santo Ant\u00f3nio-Saal der Kirche, den Hohen Chor, sowie andere Nebenr\u00e4ume, und st\u00f6\u00dft \u00fcberall auf kostbare Sakralkunstgegenst\u00e4nde, betritt die Reliquien Kapelle und staunt \u00fcber die antike Gem\u00e4lde Galerie an Decke und W\u00e4nden. <br><\/p>\n\n\n\n<figure class=\"wp-block-gallery has-nested-images columns-default is-cropped wp-block-gallery-2 is-layout-flex wp-block-gallery-is-layout-flex\">\n<figure class=\"wp-block-image size-large\"><img loading=\"lazy\" decoding=\"async\" width=\"768\" height=\"1024\" data-id=\"13402\" src=\"https:\/\/blog.olimar.de\/wp-content\/uploads\/2020\/01\/Reliquien-Kapelle-768x1024.jpg\" alt=\"Reliquien Kapelle Azulejo Museum Lissabon\" class=\"wp-image-13402\" srcset=\"https:\/\/blog.olimar.de\/wp-content\/uploads\/2020\/01\/Reliquien-Kapelle-768x1024.jpg 768w, https:\/\/blog.olimar.de\/wp-content\/uploads\/2020\/01\/Reliquien-Kapelle-225x300.jpg 225w, https:\/\/blog.olimar.de\/wp-content\/uploads\/2020\/01\/Reliquien-Kapelle-1152x1536.jpg 1152w, https:\/\/blog.olimar.de\/wp-content\/uploads\/2020\/01\/Reliquien-Kapelle-420x560.jpg 420w, https:\/\/blog.olimar.de\/wp-content\/uploads\/2020\/01\/Reliquien-Kapelle.jpg 1290w\" sizes=\"auto, (max-width: 768px) 100vw, 768px\" \/><\/figure>\n\n\n\n<figure class=\"wp-block-image size-large\"><img loading=\"lazy\" decoding=\"async\" width=\"768\" height=\"1024\" data-id=\"13403\" src=\"https:\/\/blog.olimar.de\/wp-content\/uploads\/2020\/01\/Blick-in-die-Kuppel-\u00fcber-dem-Hochaltar-768x1024.jpg\" alt=\"Kuppel im Azulejo Museum Lissabon\" class=\"wp-image-13403\" srcset=\"https:\/\/blog.olimar.de\/wp-content\/uploads\/2020\/01\/Blick-in-die-Kuppel-\u00fcber-dem-Hochaltar-768x1024.jpg 768w, https:\/\/blog.olimar.de\/wp-content\/uploads\/2020\/01\/Blick-in-die-Kuppel-\u00fcber-dem-Hochaltar-225x300.jpg 225w, https:\/\/blog.olimar.de\/wp-content\/uploads\/2020\/01\/Blick-in-die-Kuppel-\u00fcber-dem-Hochaltar-1152x1536.jpg 1152w, https:\/\/blog.olimar.de\/wp-content\/uploads\/2020\/01\/Blick-in-die-Kuppel-\u00fcber-dem-Hochaltar-420x560.jpg 420w, https:\/\/blog.olimar.de\/wp-content\/uploads\/2020\/01\/Blick-in-die-Kuppel-\u00fcber-dem-Hochaltar.jpg 1188w\" sizes=\"auto, (max-width: 768px) 100vw, 768px\" \/><\/figure>\n<\/figure>\n\n\n\n<p class=\"wp-block-paragraph\">Unterwegs von Stockwerk zu Stockwerk, von Saal zu Saal, leitet der kunsthistorische Faden der Exponate den Besucher von der sogenannten Mudejer Kordelkunst bis zur Majolika Technik durch mehrere Jahrhunderte Werkstatterfahrung und zeigt aus jeder Epoche ausgew\u00e4hlt, ausgesucht \u00e4sthetische Raffinesse. Antike Sevillana Fliesen aus Sevilla, Malaga, Toledo oder Valencia, wurden mittels Kordeltechnik gestaltet. Die Farben durften beim Brennvorgang nicht ineinanderflie\u00dfen, wollte der K\u00fcnstler pr\u00e4zise gleiche Muster schaffen. Die feine Kordel auf die von Hand geformte Grundfliese aus Tonerde gepresst, schuf Rillen und Mulden als nat\u00fcrliche Barriere. Die Kordel wurde abgel\u00f6st von Schablonen aus Holz oder Metall, mit denen der Kunsthandwerker endlos viele gleich aussehende Fliesen herstellen konnte, indem er die Muster Schablone in die noch weiche Tonerde. <br><\/p>\n\n\n\n<figure class=\"wp-block-gallery has-nested-images columns-default is-cropped wp-block-gallery-3 is-layout-flex wp-block-gallery-is-layout-flex\">\n<figure class=\"wp-block-image size-large\"><img loading=\"lazy\" decoding=\"async\" width=\"987\" height=\"740\" data-id=\"13404\" src=\"https:\/\/blog.olimar.de\/wp-content\/uploads\/2020\/01\/Kordeltechnik-Mudejer-2.jpg\" alt=\"Azulejo mit Kordeltechnik\" class=\"wp-image-13404\" srcset=\"https:\/\/blog.olimar.de\/wp-content\/uploads\/2020\/01\/Kordeltechnik-Mudejer-2.jpg 987w, https:\/\/blog.olimar.de\/wp-content\/uploads\/2020\/01\/Kordeltechnik-Mudejer-2-300x225.jpg 300w, https:\/\/blog.olimar.de\/wp-content\/uploads\/2020\/01\/Kordeltechnik-Mudejer-2-768x576.jpg 768w\" sizes=\"auto, (max-width: 987px) 100vw, 987px\" \/><\/figure>\n\n\n\n<figure class=\"wp-block-image size-large\"><img loading=\"lazy\" decoding=\"async\" width=\"728\" height=\"782\" data-id=\"13405\" src=\"https:\/\/blog.olimar.de\/wp-content\/uploads\/2020\/01\/Schablonentechnik.jpg\" alt=\"Azulejo mit Schablonen\" class=\"wp-image-13405\" srcset=\"https:\/\/blog.olimar.de\/wp-content\/uploads\/2020\/01\/Schablonentechnik.jpg 728w, https:\/\/blog.olimar.de\/wp-content\/uploads\/2020\/01\/Schablonentechnik-279x300.jpg 279w\" sizes=\"auto, (max-width: 728px) 100vw, 728px\" \/><\/figure>\n<\/figure>\n\n\n\n<p class=\"wp-block-paragraph\">Einmal als sp\u00e4tere Fliese aus roter Tonerde ausgestochen, muss die Erde zun\u00e4chst einige Wochen an frischer Luft aush\u00e4rten, bevor ihr der K\u00fcnstler mit Wasserfarbe, angereichert mit Kupferoxid und anderen Mineralspuren farbig auf die Oberfl\u00e4che r\u00fcckt. <br><\/p>\n\n\n\n<figure class=\"wp-block-image size-large\"><img loading=\"lazy\" decoding=\"async\" width=\"1024\" height=\"455\" src=\"https:\/\/blog.olimar.de\/wp-content\/uploads\/2020\/01\/Die-Hauptfarben-1024x455.jpg\" alt=\"Fliesen werden gef\u00e4rbt - Hier wei\u00df. Orange, gr\u00fcn, blau zu sehen \" class=\"wp-image-13406\" srcset=\"https:\/\/blog.olimar.de\/wp-content\/uploads\/2020\/01\/Die-Hauptfarben-1024x455.jpg 1024w, https:\/\/blog.olimar.de\/wp-content\/uploads\/2020\/01\/Die-Hauptfarben-300x133.jpg 300w, https:\/\/blog.olimar.de\/wp-content\/uploads\/2020\/01\/Die-Hauptfarben-768x341.jpg 768w, https:\/\/blog.olimar.de\/wp-content\/uploads\/2020\/01\/Die-Hauptfarben-1536x682.jpg 1536w, https:\/\/blog.olimar.de\/wp-content\/uploads\/2020\/01\/Die-Hauptfarben.jpg 1588w\" sizes=\"auto, (max-width: 1024px) 100vw, 1024px\" \/><\/figure>\n\n\n\n<p class=\"wp-block-paragraph\">Die gr\u00f6\u00dfte Innovation in der Azulejo Kunst geschah im Laufe des 16. mit \u00dcbergang zum 17. Jahrhundert, als man dank des Wissens italienischer und fl\u00e4mischer Fayence Mestre, Kobaltblau in unterschiedlichsten Blau Nuancen zu verwenden schaffte. Mit einer cremewei\u00dfen Grundfarbe auf der geh\u00e4rteten Fliese, war die Voraussetzung f\u00fcr eine spiegelglatte Oberfl\u00e4che nach dem Brennen geschaffen. Auf diese Fl\u00e4che konnte der K\u00fcnstler erstmals malen. Bilder und Szenen als Einzelfliese oder als zusammengesetztes Mosaik f\u00fcr gro\u00dfe Fl\u00e4chen kreieren. Die so vorbereitete Oberfl\u00e4che verschmolz beim Brennen zu einem strahlend glatten Azulejo. <\/p>\n\n\n\n<p class=\"has-drop-cap wp-block-paragraph\">Von da an produzierte Portugal selbst Fliesen. Die Motiv Vielfalt explodierte. Jedes Unternehmen gl\u00e4nzte mit eigenen Kreationen, der Wettkampf um gut bezahlte Auftr\u00e4ge war hart. Die Majolika Technik verhalf Portugal zu seiner landesweiten Fliesenbildergalerie.<br>Facettenreich verspielt fand mit Majolika der Barock \u00fcberproportional dargestellt, dramatisch stilvoll inszeniert im Rokoko, religi\u00f6s strukturiert als biblische Szene, heroisch in Licht und Schatten gesetzt mit Bildern aus Eroberungsz\u00fcgen und der Entdeckerepoche aus Portugals Zeitgeschichte, als Mosaik zusammengesetzt Ausdruck. Von da an galten Azulejos als Statussymbol.<\/p>\n\n\n\n<figure class=\"wp-block-gallery has-nested-images columns-default is-cropped wp-block-gallery-4 is-layout-flex wp-block-gallery-is-layout-flex\">\n<figure class=\"wp-block-image size-large\"><img loading=\"lazy\" decoding=\"async\" width=\"768\" height=\"1024\" data-id=\"13407\" src=\"https:\/\/blog.olimar.de\/wp-content\/uploads\/2020\/01\/Majolika-Technik-768x1024.jpg\" alt=\"Majolika-Technik Azulejo Fliese\" class=\"wp-image-13407\" srcset=\"https:\/\/blog.olimar.de\/wp-content\/uploads\/2020\/01\/Majolika-Technik-768x1024.jpg 768w, https:\/\/blog.olimar.de\/wp-content\/uploads\/2020\/01\/Majolika-Technik-225x300.jpg 225w, https:\/\/blog.olimar.de\/wp-content\/uploads\/2020\/01\/Majolika-Technik-1152x1536.jpg 1152w, https:\/\/blog.olimar.de\/wp-content\/uploads\/2020\/01\/Majolika-Technik-1536x2048.jpg 1536w, https:\/\/blog.olimar.de\/wp-content\/uploads\/2020\/01\/Majolika-Technik-420x560.jpg 420w, https:\/\/blog.olimar.de\/wp-content\/uploads\/2020\/01\/Majolika-Technik.jpg 1620w\" sizes=\"auto, (max-width: 768px) 100vw, 768px\" \/><\/figure>\n\n\n\n<figure class=\"wp-block-image size-large\"><img loading=\"lazy\" decoding=\"async\" width=\"768\" height=\"1024\" data-id=\"13408\" src=\"https:\/\/blog.olimar.de\/wp-content\/uploads\/2020\/01\/20190627_120752-768x1024.jpg\" alt=\"L\u00f6we Azulejo Motiv\" class=\"wp-image-13408\" srcset=\"https:\/\/blog.olimar.de\/wp-content\/uploads\/2020\/01\/20190627_120752-768x1024.jpg 768w, https:\/\/blog.olimar.de\/wp-content\/uploads\/2020\/01\/20190627_120752-225x300.jpg 225w, https:\/\/blog.olimar.de\/wp-content\/uploads\/2020\/01\/20190627_120752-420x560.jpg 420w, https:\/\/blog.olimar.de\/wp-content\/uploads\/2020\/01\/20190627_120752.jpg 1122w\" sizes=\"auto, (max-width: 768px) 100vw, 768px\" \/><\/figure>\n<\/figure>\n\n\n\n<p class=\"wp-block-paragraph\">Der Rundgang im Azulejo Museum endet bei der zeitgen\u00f6ssischen Umsetzung der uralten Kunst mit glitzernden Steinen und zeigt Art d\u00e9co, naturalistisch plastisch gearbeitete Fayencen, Jugendstil, geometrische Spielarten sowie filigran gestaltete Glasur Gem\u00e4lde mit Pop Art Charakter. Portr\u00e4ts, Landschaften, Stillleben, &#8211; der Fantasie ist keine Grenze gesetzt. Majolika macht gestalterisch alles m\u00f6glich.<br><\/p>\n\n\n\n<figure class=\"wp-block-gallery has-nested-images columns-2 is-cropped wp-block-gallery-5 is-layout-flex wp-block-gallery-is-layout-flex\">\n<figure class=\"wp-block-image size-large\"><img loading=\"lazy\" decoding=\"async\" width=\"768\" height=\"1024\" data-id=\"13409\" src=\"https:\/\/blog.olimar.de\/wp-content\/uploads\/2020\/01\/Art-deco-768x1024.jpg\" alt=\"Azulejo modern art deco\" class=\"wp-image-13409\" srcset=\"https:\/\/blog.olimar.de\/wp-content\/uploads\/2020\/01\/Art-deco-768x1024.jpg 768w, https:\/\/blog.olimar.de\/wp-content\/uploads\/2020\/01\/Art-deco-225x300.jpg 225w, https:\/\/blog.olimar.de\/wp-content\/uploads\/2020\/01\/Art-deco-420x560.jpg 420w, https:\/\/blog.olimar.de\/wp-content\/uploads\/2020\/01\/Art-deco.jpg 1000w\" sizes=\"auto, (max-width: 768px) 100vw, 768px\" \/><\/figure>\n\n\n\n<figure class=\"wp-block-image size-large\"><img loading=\"lazy\" decoding=\"async\" width=\"705\" height=\"1024\" data-id=\"13410\" src=\"https:\/\/blog.olimar.de\/wp-content\/uploads\/2020\/01\/art-deco-2-705x1024.jpg\" alt=\"Moderne Azulejo Fliesen\" class=\"wp-image-13410\" srcset=\"https:\/\/blog.olimar.de\/wp-content\/uploads\/2020\/01\/art-deco-2-705x1024.jpg 705w, https:\/\/blog.olimar.de\/wp-content\/uploads\/2020\/01\/art-deco-2-207x300.jpg 207w, https:\/\/blog.olimar.de\/wp-content\/uploads\/2020\/01\/art-deco-2-768x1116.jpg 768w, https:\/\/blog.olimar.de\/wp-content\/uploads\/2020\/01\/art-deco-2.jpg 952w\" sizes=\"auto, (max-width: 705px) 100vw, 705px\" \/><\/figure>\n\n\n\n<figure class=\"wp-block-image size-large\"><img loading=\"lazy\" decoding=\"async\" width=\"768\" height=\"1024\" data-id=\"13411\" src=\"https:\/\/blog.olimar.de\/wp-content\/uploads\/2020\/01\/Art-deco-3-768x1024.jpg\" alt=\"Art Deco Azulejo Fliesen\" class=\"wp-image-13411\" srcset=\"https:\/\/blog.olimar.de\/wp-content\/uploads\/2020\/01\/Art-deco-3-768x1024.jpg 768w, https:\/\/blog.olimar.de\/wp-content\/uploads\/2020\/01\/Art-deco-3-225x300.jpg 225w, https:\/\/blog.olimar.de\/wp-content\/uploads\/2020\/01\/Art-deco-3-420x560.jpg 420w, https:\/\/blog.olimar.de\/wp-content\/uploads\/2020\/01\/Art-deco-3.jpg 945w\" sizes=\"auto, (max-width: 768px) 100vw, 768px\" \/><\/figure>\n\n\n\n<figure class=\"wp-block-image size-large\"><img loading=\"lazy\" decoding=\"async\" width=\"516\" height=\"688\" data-id=\"13412\" src=\"https:\/\/blog.olimar.de\/wp-content\/uploads\/2020\/01\/abstrakt.jpg\" alt=\"Abstrakte Kunst Azulejo\" class=\"wp-image-13412\" srcset=\"https:\/\/blog.olimar.de\/wp-content\/uploads\/2020\/01\/abstrakt.jpg 516w, https:\/\/blog.olimar.de\/wp-content\/uploads\/2020\/01\/abstrakt-225x300.jpg 225w, https:\/\/blog.olimar.de\/wp-content\/uploads\/2020\/01\/abstrakt-420x560.jpg 420w\" sizes=\"auto, (max-width: 516px) 100vw, 516px\" \/><\/figure>\n<\/figure>\n\n\n\n<p class=\"wp-block-paragraph\">Eine ruhige Hand braucht man immer. Fr\u00fcher wie heute. Auf der quadratischen Fl\u00e4che von 14 x 14 Zentimeter Gr\u00f6\u00dfe ist wenig Platz f\u00fcr Fehler. Jeder Strich mit feinem Haarpinsel z\u00e4hlt. Vor allem die \u00dcberg\u00e4nge von einer Fliese zu danebenliegenden m\u00fcssen stimmen, damit das sp\u00e4tere Mosaik an den Kanten korrekt angepasst werden kann. Wer das einmal ausprobieren m\u00f6chte, findet dazu spontan im museumseigenen Atelier die Gelegenheit.<\/p>\n","protected":false},"excerpt":{"rendered":"<p>Es gibt Orte in Lissabon, die sind so sch\u00f6n, da passt einfach alles zusammen. Zu diesen speziellen Orten geh\u00f6rt das Nationale Museum f\u00fcr Fliesenkunst Museu Nacional do Azulejo auf jeden Fall dazu. Hier erfahren Besucher alles \u00fcber Portugals ber\u00fchmte Azulejos. Anfahrt zum Azulejo Museum in Lissabon Man nimmt den Bus. Am besten steigt man ein am Prachtplatz Pra\u00e7a do Com\u00e9r\u00e7io. Die richtige Haltestelle ist die letzte rechts am Ost Eck auf dem Platz mit Blick auf den Triumphbogen Augusta, der Eintritt in die elegante Baixa gew\u00e4hrt. An der Haltestelle links daneben dr\u00e4ngeln Menschen, bereit, sich den Einstieg in die emblematische el\u00e9ctrico &hellip;<\/p>\n","protected":false},"author":70,"featured_media":13393,"comment_status":"open","ping_status":"open","sticky":false,"template":"","format":"standard","meta":{"_crdt_document":"","_lmt_disableupdate":"","_lmt_disable":"","footnotes":""},"categories":[28],"tags":[25,34],"class_list":["post-13382","post","type-post","status-publish","format-standard","has-post-thumbnail","hentry","category-kunst-kultur","tag-lissabon","tag-portugal"],"yoast_head":"<!-- This site is optimized with the Yoast SEO plugin v26.9 - https:\/\/yoast.com\/product\/yoast-seo-wordpress\/ -->\n<title>Besuch im Azulejo-Museum Lissabon - wir nehmen Sie mit!<\/title>\n<meta name=\"description\" content=\"Ein Besuch in Lissabons Azulejo Museum ist eine Reise in die Vergangenheit Portugals. Wir nehmen Sie mit auf einen Rundgang!\" \/>\n<meta name=\"robots\" content=\"index, follow, max-snippet:-1, max-image-preview:large, max-video-preview:-1\" \/>\n<link rel=\"canonical\" href=\"https:\/\/blog.olimar.de\/azulejo-museum-lissabon\/\" \/>\n<meta property=\"og:locale\" content=\"de_DE\" \/>\n<meta property=\"og:type\" content=\"article\" \/>\n<meta property=\"og:title\" content=\"Besuch im Azulejo-Museum Lissabon - wir nehmen Sie mit!\" \/>\n<meta property=\"og:description\" content=\"Ein Besuch in Lissabons Azulejo Museum ist eine Reise in die Vergangenheit Portugals. Wir nehmen Sie mit auf einen Rundgang!\" \/>\n<meta property=\"og:url\" content=\"https:\/\/blog.olimar.de\/azulejo-museum-lissabon\/\" \/>\n<meta property=\"article:publisher\" content=\"https:\/\/www.facebook.com\/OlimarReisen\" \/>\n<meta property=\"article:published_time\" content=\"2020-01-28T17:39:23+00:00\" \/>\n<meta property=\"article:modified_time\" content=\"2023-05-24T19:15:25+00:00\" \/>\n<meta property=\"og:image\" content=\"https:\/\/blog.olimar.de\/wp-content\/uploads\/2020\/01\/20190627_131806.jpg\" \/>\n\t<meta property=\"og:image:width\" content=\"1542\" \/>\n\t<meta property=\"og:image:height\" content=\"1140\" \/>\n\t<meta property=\"og:image:type\" content=\"image\/jpeg\" \/>\n<meta name=\"author\" content=\"Catrin Ponciano\" \/>\n<meta name=\"twitter:label1\" content=\"Verfasst von\" \/>\n\t<meta name=\"twitter:data1\" content=\"Catrin Ponciano\" \/>\n\t<meta name=\"twitter:label2\" content=\"Gesch\u00e4tzte Lesezeit\" \/>\n\t<meta name=\"twitter:data2\" content=\"9\u00a0Minuten\" \/>\n<script type=\"application\/ld+json\" class=\"yoast-schema-graph\">{\"@context\":\"https:\/\/schema.org\",\"@graph\":[{\"@type\":\"WebPage\",\"@id\":\"https:\/\/blog.olimar.de\/azulejo-museum-lissabon\/\",\"url\":\"https:\/\/blog.olimar.de\/azulejo-museum-lissabon\/\",\"name\":\"Besuch im Azulejo-Museum Lissabon - wir nehmen Sie mit!\",\"isPartOf\":{\"@id\":\"https:\/\/blog.olimar.de\/#website\"},\"primaryImageOfPage\":{\"@id\":\"https:\/\/blog.olimar.de\/azulejo-museum-lissabon\/#primaryimage\"},\"image\":{\"@id\":\"https:\/\/blog.olimar.de\/azulejo-museum-lissabon\/#primaryimage\"},\"thumbnailUrl\":\"https:\/\/blog.olimar.de\/wp-content\/uploads\/2020\/01\/20190627_131806.jpg\",\"datePublished\":\"2020-01-28T17:39:23+00:00\",\"dateModified\":\"2023-05-24T19:15:25+00:00\",\"description\":\"Ein Besuch in Lissabons Azulejo Museum ist eine Reise in die Vergangenheit Portugals. Wir nehmen Sie mit auf einen Rundgang!\",\"breadcrumb\":{\"@id\":\"https:\/\/blog.olimar.de\/azulejo-museum-lissabon\/#breadcrumb\"},\"inLanguage\":\"de\",\"potentialAction\":[{\"@type\":\"ReadAction\",\"target\":[\"https:\/\/blog.olimar.de\/azulejo-museum-lissabon\/\"]}]},{\"@type\":\"ImageObject\",\"inLanguage\":\"de\",\"@id\":\"https:\/\/blog.olimar.de\/azulejo-museum-lissabon\/#primaryimage\",\"url\":\"https:\/\/blog.olimar.de\/wp-content\/uploads\/2020\/01\/20190627_131806.jpg\",\"contentUrl\":\"https:\/\/blog.olimar.de\/wp-content\/uploads\/2020\/01\/20190627_131806.jpg\",\"width\":1542,\"height\":1140,\"caption\":\"Azulejo in Lissabon Museum\"},{\"@type\":\"BreadcrumbList\",\"@id\":\"https:\/\/blog.olimar.de\/azulejo-museum-lissabon\/#breadcrumb\",\"itemListElement\":[{\"@type\":\"ListItem\",\"position\":1,\"name\":\"Home\",\"item\":\"https:\/\/blog.olimar.de\/\"},{\"@type\":\"ListItem\",\"position\":2,\"name\":\"Lissabon\",\"item\":\"https:\/\/blog.olimar.de\/tag\/lissabon\/\"},{\"@type\":\"ListItem\",\"position\":3,\"name\":\"Azulejo Museum Lissabon &#8211; auf den Spuren von Portugals ber\u00fchmter Fliesenkunst\"}]},{\"@type\":\"WebSite\",\"@id\":\"https:\/\/blog.olimar.de\/#website\",\"url\":\"https:\/\/blog.olimar.de\/\",\"name\":\"OLIMAR.com\",\"description\":\"\",\"publisher\":{\"@id\":\"https:\/\/blog.olimar.de\/#organization\"},\"potentialAction\":[{\"@type\":\"SearchAction\",\"target\":{\"@type\":\"EntryPoint\",\"urlTemplate\":\"https:\/\/blog.olimar.de\/?s={search_term_string}\"},\"query-input\":{\"@type\":\"PropertyValueSpecification\",\"valueRequired\":true,\"valueName\":\"search_term_string\"}}],\"inLanguage\":\"de\"},{\"@type\":\"Organization\",\"@id\":\"https:\/\/blog.olimar.de\/#organization\",\"name\":\"OLIMAR Reisen\",\"url\":\"https:\/\/blog.olimar.de\/\",\"logo\":{\"@type\":\"ImageObject\",\"inLanguage\":\"de\",\"@id\":\"https:\/\/blog.olimar.de\/#\/schema\/logo\/image\/\",\"url\":\"https:\/\/blog.olimar.de\/wp-content\/uploads\/2021\/01\/OLIMAR_Logo_COLOR.png\",\"contentUrl\":\"https:\/\/blog.olimar.de\/wp-content\/uploads\/2021\/01\/OLIMAR_Logo_COLOR.png\",\"width\":2000,\"height\":986,\"caption\":\"OLIMAR Reisen\"},\"image\":{\"@id\":\"https:\/\/blog.olimar.de\/#\/schema\/logo\/image\/\"},\"sameAs\":[\"https:\/\/www.facebook.com\/OlimarReisen\",\"https:\/\/x.com\/olimarrreisen\",\"https:\/\/www.instagram.com\/olimarreisen\",\"https:\/\/www.youtube.com\/user\/olimarreisen\"]}]}<\/script>\n<!-- \/ Yoast SEO plugin. -->","yoast_head_json":{"title":"Besuch im Azulejo-Museum Lissabon - wir nehmen Sie mit!","description":"Ein Besuch in Lissabons Azulejo Museum ist eine Reise in die Vergangenheit Portugals. Wir nehmen Sie mit auf einen Rundgang!","robots":{"index":"index","follow":"follow","max-snippet":"max-snippet:-1","max-image-preview":"max-image-preview:large","max-video-preview":"max-video-preview:-1"},"canonical":"https:\/\/blog.olimar.de\/azulejo-museum-lissabon\/","og_locale":"de_DE","og_type":"article","og_title":"Besuch im Azulejo-Museum Lissabon - wir nehmen Sie mit!","og_description":"Ein Besuch in Lissabons Azulejo Museum ist eine Reise in die Vergangenheit Portugals. Wir nehmen Sie mit auf einen Rundgang!","og_url":"https:\/\/blog.olimar.de\/azulejo-museum-lissabon\/","article_publisher":"https:\/\/www.facebook.com\/OlimarReisen","article_published_time":"2020-01-28T17:39:23+00:00","article_modified_time":"2023-05-24T19:15:25+00:00","og_image":[{"width":1542,"height":1140,"url":"https:\/\/blog.olimar.de\/wp-content\/uploads\/2020\/01\/20190627_131806.jpg","type":"image\/jpeg"}],"author":"Catrin Ponciano","twitter_misc":{"Verfasst von":"Catrin Ponciano","Gesch\u00e4tzte Lesezeit":"9\u00a0Minuten"},"schema":{"@context":"https:\/\/schema.org","@graph":[{"@type":"WebPage","@id":"https:\/\/blog.olimar.de\/azulejo-museum-lissabon\/","url":"https:\/\/blog.olimar.de\/azulejo-museum-lissabon\/","name":"Besuch im Azulejo-Museum Lissabon - wir nehmen Sie mit!","isPartOf":{"@id":"https:\/\/blog.olimar.de\/#website"},"primaryImageOfPage":{"@id":"https:\/\/blog.olimar.de\/azulejo-museum-lissabon\/#primaryimage"},"image":{"@id":"https:\/\/blog.olimar.de\/azulejo-museum-lissabon\/#primaryimage"},"thumbnailUrl":"https:\/\/blog.olimar.de\/wp-content\/uploads\/2020\/01\/20190627_131806.jpg","datePublished":"2020-01-28T17:39:23+00:00","dateModified":"2023-05-24T19:15:25+00:00","description":"Ein Besuch in Lissabons Azulejo Museum ist eine Reise in die Vergangenheit Portugals. Wir nehmen Sie mit auf einen Rundgang!","breadcrumb":{"@id":"https:\/\/blog.olimar.de\/azulejo-museum-lissabon\/#breadcrumb"},"inLanguage":"de","potentialAction":[{"@type":"ReadAction","target":["https:\/\/blog.olimar.de\/azulejo-museum-lissabon\/"]}]},{"@type":"ImageObject","inLanguage":"de","@id":"https:\/\/blog.olimar.de\/azulejo-museum-lissabon\/#primaryimage","url":"https:\/\/blog.olimar.de\/wp-content\/uploads\/2020\/01\/20190627_131806.jpg","contentUrl":"https:\/\/blog.olimar.de\/wp-content\/uploads\/2020\/01\/20190627_131806.jpg","width":1542,"height":1140,"caption":"Azulejo in Lissabon Museum"},{"@type":"BreadcrumbList","@id":"https:\/\/blog.olimar.de\/azulejo-museum-lissabon\/#breadcrumb","itemListElement":[{"@type":"ListItem","position":1,"name":"Home","item":"https:\/\/blog.olimar.de\/"},{"@type":"ListItem","position":2,"name":"Lissabon","item":"https:\/\/blog.olimar.de\/tag\/lissabon\/"},{"@type":"ListItem","position":3,"name":"Azulejo Museum Lissabon &#8211; auf den Spuren von Portugals ber\u00fchmter Fliesenkunst"}]},{"@type":"WebSite","@id":"https:\/\/blog.olimar.de\/#website","url":"https:\/\/blog.olimar.de\/","name":"OLIMAR.com","description":"","publisher":{"@id":"https:\/\/blog.olimar.de\/#organization"},"potentialAction":[{"@type":"SearchAction","target":{"@type":"EntryPoint","urlTemplate":"https:\/\/blog.olimar.de\/?s={search_term_string}"},"query-input":{"@type":"PropertyValueSpecification","valueRequired":true,"valueName":"search_term_string"}}],"inLanguage":"de"},{"@type":"Organization","@id":"https:\/\/blog.olimar.de\/#organization","name":"OLIMAR Reisen","url":"https:\/\/blog.olimar.de\/","logo":{"@type":"ImageObject","inLanguage":"de","@id":"https:\/\/blog.olimar.de\/#\/schema\/logo\/image\/","url":"https:\/\/blog.olimar.de\/wp-content\/uploads\/2021\/01\/OLIMAR_Logo_COLOR.png","contentUrl":"https:\/\/blog.olimar.de\/wp-content\/uploads\/2021\/01\/OLIMAR_Logo_COLOR.png","width":2000,"height":986,"caption":"OLIMAR Reisen"},"image":{"@id":"https:\/\/blog.olimar.de\/#\/schema\/logo\/image\/"},"sameAs":["https:\/\/www.facebook.com\/OlimarReisen","https:\/\/x.com\/olimarrreisen","https:\/\/www.instagram.com\/olimarreisen","https:\/\/www.youtube.com\/user\/olimarreisen"]}]}},"modified_by":"Lena Radermacher","jetpack_featured_media_url":"https:\/\/blog.olimar.de\/wp-content\/uploads\/2020\/01\/20190627_131806.jpg","_links":{"self":[{"href":"https:\/\/blog.olimar.de\/wp-json\/wp\/v2\/posts\/13382","targetHints":{"allow":["GET"]}}],"collection":[{"href":"https:\/\/blog.olimar.de\/wp-json\/wp\/v2\/posts"}],"about":[{"href":"https:\/\/blog.olimar.de\/wp-json\/wp\/v2\/types\/post"}],"author":[{"embeddable":true,"href":"https:\/\/blog.olimar.de\/wp-json\/wp\/v2\/users\/70"}],"replies":[{"embeddable":true,"href":"https:\/\/blog.olimar.de\/wp-json\/wp\/v2\/comments?post=13382"}],"version-history":[{"count":18,"href":"https:\/\/blog.olimar.de\/wp-json\/wp\/v2\/posts\/13382\/revisions"}],"predecessor-version":[{"id":25484,"href":"https:\/\/blog.olimar.de\/wp-json\/wp\/v2\/posts\/13382\/revisions\/25484"}],"wp:featuredmedia":[{"embeddable":true,"href":"https:\/\/blog.olimar.de\/wp-json\/wp\/v2\/media\/13393"}],"wp:attachment":[{"href":"https:\/\/blog.olimar.de\/wp-json\/wp\/v2\/media?parent=13382"}],"wp:term":[{"taxonomy":"category","embeddable":true,"href":"https:\/\/blog.olimar.de\/wp-json\/wp\/v2\/categories?post=13382"},{"taxonomy":"post_tag","embeddable":true,"href":"https:\/\/blog.olimar.de\/wp-json\/wp\/v2\/tags?post=13382"}],"curies":[{"name":"wp","href":"https:\/\/api.w.org\/{rel}","templated":true}]}}