{"id":13618,"date":"2020-02-28T17:29:02","date_gmt":"2020-02-28T16:29:02","guid":{"rendered":"https:\/\/blog.olimar.de\/?p=13618"},"modified":"2022-12-22T16:07:24","modified_gmt":"2022-12-22T15:07:24","slug":"oper-sevilla","status":"publish","type":"post","link":"https:\/\/blog.olimar.de\/oper-sevilla\/","title":{"rendered":"Sevilla und seine Oper"},"content":{"rendered":"\n<p><strong>Wenn der Name Sevilla f\u00e4llt, denken Sie wahrscheinlich zuerst an feurigen Flamenco, die Kathedrale mit La Giralda, dem Wahrzeichen der Stadt, oder an leckere Tapas, die Sie \u00fcberall in der Stadt frisch zubereitet genie\u00dfen k\u00f6nnen. Aber denken Sie auch an klassische Musik? Denn die ber\u00fchmte Stadt in\u00a0<a href=\"https:\/\/www.olimar.de\/spanien\/andalusien\/\" rel=\"noreferrer noopener\" aria-label=\"Andalusien (opens in a new tab)\">Andalusien<\/a>\u00a0ist nicht nur Schauplatz zahlreicher Opern, wie z. B. \u201eCarmen\u201c, \u201eDie Hochzeit des Figaro\u201c oder \u201eDer Barbier von Sevilla\u201c, sondern verf\u00fcgt mit dem Teatro de la Maestranza auch \u00fcber eines der prestigetr\u00e4chtigsten Opernh\u00e4usern des Landes.<\/strong><\/p>\n\n\n\n<div class=\"wp-block-buttons is-layout-flex wp-block-buttons-is-layout-flex\">\n<div class=\"wp-block-button\"><a class=\"wp-block-button__link wp-element-button\" href=\"https:\/\/www.olimar.de\/spanien\/andalusien\/sevilla\/\">Sevilla Reiseangebote und Hoteltipps entdecken<\/a><\/div>\n<\/div>\n\n\n\n<div style=\"height:25px\" aria-hidden=\"true\" class=\"wp-block-spacer\"><\/div>\n\n\n\n<p class=\"wp-block-paragraph\">Das Teatro de la Maestranza liegt einmalig sch\u00f6n in der Altstadt von Sevilla, direkt am Ufer des Guadalquivir, und ist 1991 von Ihrer Majest\u00e4t der K\u00f6nigin von Spanien pers\u00f6nlich eingeweiht worden. Da der Bau mit seiner mehr als 47 Meter hohen Kuppel starke \u00c4hnlichkeit mit einem bekannten Schnellkochtopf aufweist, haben die Einwohner von Sevilla ihre Oper liebevoll auf ebendiesen Namen &#8211; \u201eMagefesa\u201c &#8211; getauft. <\/p>\n\n\n\n<p class=\"wp-block-paragraph\">Das Teatro de la Maestranza bietet Platz f\u00fcr mehr als 1.800 Personen und ist seit  25 Jahren fester Sitz des K\u00f6niglichen Sinfonieorchesters von Sevilla (ROSS). Dar\u00fcber hinaus gibt es Gastspiele, so dass dem Publikum mit Opern, Ballett, Sinfoniekonzerten, Solokonzerten, gro\u00dfen internationalen Stars, Flamenco und Kammermusik ein vielf\u00e4ltiges und abwechslungsreiches Programm geboten wird. <\/p>\n\n\n\n<figure class=\"wp-block-image size-large\"><img loading=\"lazy\" decoding=\"async\" width=\"1024\" height=\"681\" src=\"https:\/\/blog.olimar.de\/wp-content\/uploads\/2020\/02\/barber-895148_1920-1024x681.jpg\" alt=\"Barbier von Sevilla\" class=\"wp-image-13641\" srcset=\"https:\/\/blog.olimar.de\/wp-content\/uploads\/2020\/02\/barber-895148_1920-1024x681.jpg 1024w, https:\/\/blog.olimar.de\/wp-content\/uploads\/2020\/02\/barber-895148_1920-300x199.jpg 300w, https:\/\/blog.olimar.de\/wp-content\/uploads\/2020\/02\/barber-895148_1920-768x510.jpg 768w, https:\/\/blog.olimar.de\/wp-content\/uploads\/2020\/02\/barber-895148_1920-1536x1021.jpg 1536w, https:\/\/blog.olimar.de\/wp-content\/uploads\/2020\/02\/barber-895148_1920-840x560.jpg 840w, https:\/\/blog.olimar.de\/wp-content\/uploads\/2020\/02\/barber-895148_1920.jpg 1920w\" sizes=\"auto, (max-width: 1024px) 100vw, 1024px\" \/><\/figure>\n\n\n\n<p class=\"wp-block-paragraph\"><br>Das aktuelle Programm des Teatro de la Maestranza finden Sie unter <a href=\"http:\/\/www.teatrodelamaestranza.es\">www.teatrodelamaestranza.es<\/a>. Dort k\u00f6nnen Sie sich sowohl \u00fcber das Angebot informieren, als auch Karten kaufen. Zudem bietet das Teatro donnerstags, freitags und samstags jeweils um 10.30 und 12.30 Uhr einen gef\u00fchrten Blick hinter die Kulissen an. Die Tickets hierf\u00fcr kosten zurzeit 8 Euro und sind an der Theaterkasse erh\u00e4ltlich. <br><\/p>\n\n\n\n<p class=\"wp-block-paragraph\"><strong>Unser Tipp:<\/strong> Gerne \u00fcbernehmen wir im Rahmen unseres Concierge-Services individuell gew\u00fcnschte Extra-Leistungen wie die Organisation von Eintrittskarten, z. B. f\u00fcr das Teatro de la Maestranza. Sprechen Sie uns einfach an. Wir k\u00fcmmern uns gern darum! <br><\/p>\n\n\n\n<h2 class=\"wp-block-heading\"><strong>Sevilla mit Carmen und dem Figaro entdecken<\/strong><\/h2>\n\n\n\n<p class=\"wp-block-paragraph\">Da die Hauptstadt Andalusiens mehr als hundert Kompositionen, darunter f\u00fcnf gro\u00dfen Opern (Don Juan, Carmen, Fidelio, der Barbier von Sevilla und die Hochzeit des Figaro), als Kulisse oder Inspiration f\u00fcr ihre Geschichte gedient hat, k\u00f6nnen Opernliebhaber in Sevilla auch au\u00dferhalb des Teatro de la Maestranza zahlreiche Schaupl\u00e4tze finden, die sie sonst nur als B\u00fchnenkulisse kennen. Erkunden Sie bei einem Spaziergang durch die Stadt maurische Vergangenheit, die schon Komponisten wie Verdi, Donizetti, Beethoven, Bizet und Mozart dazu inspiriert haben, die Handlung ihrer Werke in Sevilla stattfinden zu lassen!<\/p>\n\n\n\n<p class=\"wp-block-paragraph\">Begeben Sie sich beispielsweise auf die Spuren der Carmen, der leidenschaftlichen und freiheitsliebenden Zigeunerin, die durch Bizet Weltruhm erlangte: Streifen Sie durch den Callej\u00f3n del Agua (wo Carmen tanzte), schauen Sie sich die Tabakfabrik an (in der Carmen arbeitete) sowie die Stierkampfarena der Real Maestranza (wo sie starb) und lassen Sie sich neben der Carmen-Statue am Paseo Alcalde Marqes de Contadero fotografieren. <br><\/p>\n\n\n\n<figure class=\"wp-block-gallery has-nested-images columns-default is-cropped wp-block-gallery-1 is-layout-flex wp-block-gallery-is-layout-flex\">\n<figure class=\"wp-block-image size-large\"><img loading=\"lazy\" decoding=\"async\" width=\"1024\" height=\"768\" data-id=\"13642\" src=\"https:\/\/blog.olimar.de\/wp-content\/uploads\/2020\/02\/bullring-495587_1920-1024x768.jpg\" alt=\"Sevilla Stierkampfarena\" class=\"wp-image-13642\" srcset=\"https:\/\/blog.olimar.de\/wp-content\/uploads\/2020\/02\/bullring-495587_1920-1024x768.jpg 1024w, https:\/\/blog.olimar.de\/wp-content\/uploads\/2020\/02\/bullring-495587_1920-300x225.jpg 300w, https:\/\/blog.olimar.de\/wp-content\/uploads\/2020\/02\/bullring-495587_1920-768x576.jpg 768w, https:\/\/blog.olimar.de\/wp-content\/uploads\/2020\/02\/bullring-495587_1920-1536x1152.jpg 1536w, https:\/\/blog.olimar.de\/wp-content\/uploads\/2020\/02\/bullring-495587_1920.jpg 1920w\" sizes=\"auto, (max-width: 1024px) 100vw, 1024px\" \/><\/figure>\n\n\n\n<figure class=\"wp-block-image size-large\"><img loading=\"lazy\" decoding=\"async\" width=\"1024\" height=\"768\" data-id=\"13643\" src=\"https:\/\/blog.olimar.de\/wp-content\/uploads\/2020\/02\/spain-1523044_1920-1024x768.jpg\" alt=\"Sevilla Gasse\" class=\"wp-image-13643\" srcset=\"https:\/\/blog.olimar.de\/wp-content\/uploads\/2020\/02\/spain-1523044_1920-1024x768.jpg 1024w, https:\/\/blog.olimar.de\/wp-content\/uploads\/2020\/02\/spain-1523044_1920-300x225.jpg 300w, https:\/\/blog.olimar.de\/wp-content\/uploads\/2020\/02\/spain-1523044_1920-768x576.jpg 768w, https:\/\/blog.olimar.de\/wp-content\/uploads\/2020\/02\/spain-1523044_1920-1536x1152.jpg 1536w, https:\/\/blog.olimar.de\/wp-content\/uploads\/2020\/02\/spain-1523044_1920.jpg 1920w\" sizes=\"auto, (max-width: 1024px) 100vw, 1024px\" \/><\/figure>\n\n\n\n<figure class=\"wp-block-image size-large\"><img loading=\"lazy\" decoding=\"async\" width=\"1024\" height=\"793\" data-id=\"13645\" src=\"https:\/\/blog.olimar.de\/wp-content\/uploads\/2020\/02\/sevilla-2626117_1920-1024x793.jpg\" alt=\"Sevilla H\u00e4userfront\" class=\"wp-image-13645\" srcset=\"https:\/\/blog.olimar.de\/wp-content\/uploads\/2020\/02\/sevilla-2626117_1920-1024x793.jpg 1024w, https:\/\/blog.olimar.de\/wp-content\/uploads\/2020\/02\/sevilla-2626117_1920-300x232.jpg 300w, https:\/\/blog.olimar.de\/wp-content\/uploads\/2020\/02\/sevilla-2626117_1920-768x594.jpg 768w, https:\/\/blog.olimar.de\/wp-content\/uploads\/2020\/02\/sevilla-2626117_1920-1536x1189.jpg 1536w, https:\/\/blog.olimar.de\/wp-content\/uploads\/2020\/02\/sevilla-2626117_1920.jpg 1920w\" sizes=\"auto, (max-width: 1024px) 100vw, 1024px\" \/><\/figure>\n\n\n\n<figure class=\"wp-block-image size-large\"><img loading=\"lazy\" decoding=\"async\" width=\"1024\" height=\"683\" data-id=\"13644\" src=\"https:\/\/blog.olimar.de\/wp-content\/uploads\/2020\/02\/spain-2499681_1920-1024x683.jpg\" alt=\"Andalusien Sevilla Plaze de Espana\" class=\"wp-image-13644\" srcset=\"https:\/\/blog.olimar.de\/wp-content\/uploads\/2020\/02\/spain-2499681_1920-1024x683.jpg 1024w, https:\/\/blog.olimar.de\/wp-content\/uploads\/2020\/02\/spain-2499681_1920-300x200.jpg 300w, https:\/\/blog.olimar.de\/wp-content\/uploads\/2020\/02\/spain-2499681_1920-768x512.jpg 768w, https:\/\/blog.olimar.de\/wp-content\/uploads\/2020\/02\/spain-2499681_1920-1536x1024.jpg 1536w, https:\/\/blog.olimar.de\/wp-content\/uploads\/2020\/02\/spain-2499681_1920-840x560.jpg 840w, https:\/\/blog.olimar.de\/wp-content\/uploads\/2020\/02\/spain-2499681_1920-1200x800.jpg 1200w, https:\/\/blog.olimar.de\/wp-content\/uploads\/2020\/02\/spain-2499681_1920.jpg 1920w\" sizes=\"auto, (max-width: 1024px) 100vw, 1024px\" \/><\/figure>\n<\/figure>\n\n\n\n<p class=\"wp-block-paragraph\"><\/p>\n\n\n\n<p class=\"wp-block-paragraph\">Oder folgen Sie dem Mythos des Figaros. Der Schriftsteller Beaumarchais ist Vater dieser unter anderem von Rossini und Mozart vertonten Operngestalt, die auf einen Einfall von Cervantes zur\u00fcckgeht. Besuchen Sie das Haus des Figaros in der Calle Santo Tom\u00e1s, streifen Sie durch die zauberhafte Umgebung des Alk\u00e1zar-Palasts, und besichtigen Sie das Amerikaarchiv sowie die Kathedrale. Im Stadtteil Santa Cruz mit seinen Herrenh\u00e4usern, engen Gassen und begr\u00fcnten Innenh\u00f6fen finden Sie am Alfaro-Platz den ber\u00fchmten Balkon der Rosina, auf den der Graf von Almaviva auf Anraten des Figaros hinaufklettern sollte, um seine Geliebte zu treffen.<\/p>\n\n\n\n<p class=\"wp-block-paragraph\">Es gibt unz\u00e4hlige Ecken in der Stadt, an denen Sie die Hauptfiguren der gro\u00dfen Opern wiederfinden, die den Namen Sevillas \u00fcber die Grenzen der Stadt hinaus weltbekannt bekannt gemacht haben. Im Barrio de Santa Clara tragen einige Stra\u00dfen die Namen von Sevilla inspirierten Opern. Und auf der Plaza de Refinadores erinnert eine Statue an den Mythos von Don Juan\u2026 Folgen Sie den Spuren der Opern, um die Geschichte und das kulturelle Erbe der maurischen Stadt auf eine wundersch\u00f6ne Art und Weise zu entdecken. <\/p>\n\n\n\n<figure class=\"wp-block-image size-large\"><img loading=\"lazy\" decoding=\"async\" width=\"1024\" height=\"682\" src=\"https:\/\/blog.olimar.de\/wp-content\/uploads\/2020\/02\/guadalquivir-868945_1920-1024x682.jpg\" alt=\"Stadtansicht Sevilla\" class=\"wp-image-13646\" srcset=\"https:\/\/blog.olimar.de\/wp-content\/uploads\/2020\/02\/guadalquivir-868945_1920-1024x682.jpg 1024w, https:\/\/blog.olimar.de\/wp-content\/uploads\/2020\/02\/guadalquivir-868945_1920-300x200.jpg 300w, https:\/\/blog.olimar.de\/wp-content\/uploads\/2020\/02\/guadalquivir-868945_1920-768x512.jpg 768w, https:\/\/blog.olimar.de\/wp-content\/uploads\/2020\/02\/guadalquivir-868945_1920-1536x1023.jpg 1536w, https:\/\/blog.olimar.de\/wp-content\/uploads\/2020\/02\/guadalquivir-868945_1920-840x560.jpg 840w, https:\/\/blog.olimar.de\/wp-content\/uploads\/2020\/02\/guadalquivir-868945_1920-1200x800.jpg 1200w, https:\/\/blog.olimar.de\/wp-content\/uploads\/2020\/02\/guadalquivir-868945_1920.jpg 1920w\" sizes=\"auto, (max-width: 1024px) 100vw, 1024px\" \/><\/figure>\n\n\n\n<h2 class=\"wp-block-heading\"><strong>Hoteltipp f\u00fcr Sevilla<\/strong><\/h2>\n\n\n\n<p class=\"wp-block-paragraph\">Die <a href=\"https:\/\/rms.olimar.de\/code\/svq101\">Hospes Las Casas del Rey de Baeza<\/a> sind eine Oase der Ruhe inmitten der Altstadt. Diese luxuri\u00f6se Vorzeigeadresse zeichnet sich durch pers\u00f6nlichen Service und einen liebenswerten Landhaus-Charakter aus.<\/p>\n\n\n\n<figure class=\"wp-block-image size-large\"><img loading=\"lazy\" decoding=\"async\" width=\"1024\" height=\"683\" src=\"https:\/\/blog.olimar.de\/wp-content\/uploads\/2020\/02\/SVQ101-a-Fassade-1024x683.jpg\" alt=\"Hospes Las Casas del Rey de Baeza Au\u00dfenansicht\" class=\"wp-image-13636\" srcset=\"https:\/\/blog.olimar.de\/wp-content\/uploads\/2020\/02\/SVQ101-a-Fassade-1024x683.jpg 1024w, https:\/\/blog.olimar.de\/wp-content\/uploads\/2020\/02\/SVQ101-a-Fassade-300x200.jpg 300w, https:\/\/blog.olimar.de\/wp-content\/uploads\/2020\/02\/SVQ101-a-Fassade-768x512.jpg 768w, https:\/\/blog.olimar.de\/wp-content\/uploads\/2020\/02\/SVQ101-a-Fassade-840x560.jpg 840w, https:\/\/blog.olimar.de\/wp-content\/uploads\/2020\/02\/SVQ101-a-Fassade.jpg 1200w\" sizes=\"auto, (max-width: 1024px) 100vw, 1024px\" \/><\/figure>\n\n\n\n<figure class=\"wp-block-image size-large\"><img loading=\"lazy\" decoding=\"async\" width=\"1000\" height=\"667\" src=\"https:\/\/blog.olimar.de\/wp-content\/uploads\/2020\/02\/SVQ101-z-HabitacionA.jpg\" alt=\"Zimmer in Hospes Las Casas del Rey de Baeza\" class=\"wp-image-13637\" srcset=\"https:\/\/blog.olimar.de\/wp-content\/uploads\/2020\/02\/SVQ101-z-HabitacionA.jpg 1000w, https:\/\/blog.olimar.de\/wp-content\/uploads\/2020\/02\/SVQ101-z-HabitacionA-300x200.jpg 300w, https:\/\/blog.olimar.de\/wp-content\/uploads\/2020\/02\/SVQ101-z-HabitacionA-768x512.jpg 768w, https:\/\/blog.olimar.de\/wp-content\/uploads\/2020\/02\/SVQ101-z-HabitacionA-840x560.jpg 840w\" sizes=\"auto, (max-width: 1000px) 100vw, 1000px\" \/><\/figure>\n\n\n\n<figure class=\"wp-block-image size-large\"><img loading=\"lazy\" decoding=\"async\" width=\"1024\" height=\"683\" src=\"https:\/\/blog.olimar.de\/wp-content\/uploads\/2020\/02\/SVQ101-a-RooftopTerrasse2017a-1024x683.jpg\" alt=\"Dachterrasse Hospes Las Casas del Rey de Baeza\" class=\"wp-image-13638\" srcset=\"https:\/\/blog.olimar.de\/wp-content\/uploads\/2020\/02\/SVQ101-a-RooftopTerrasse2017a-1024x683.jpg 1024w, https:\/\/blog.olimar.de\/wp-content\/uploads\/2020\/02\/SVQ101-a-RooftopTerrasse2017a-300x200.jpg 300w, https:\/\/blog.olimar.de\/wp-content\/uploads\/2020\/02\/SVQ101-a-RooftopTerrasse2017a-768x512.jpg 768w, https:\/\/blog.olimar.de\/wp-content\/uploads\/2020\/02\/SVQ101-a-RooftopTerrasse2017a-1536x1024.jpg 1536w, https:\/\/blog.olimar.de\/wp-content\/uploads\/2020\/02\/SVQ101-a-RooftopTerrasse2017a-840x560.jpg 840w, https:\/\/blog.olimar.de\/wp-content\/uploads\/2020\/02\/SVQ101-a-RooftopTerrasse2017a-1200x800.jpg 1200w, https:\/\/blog.olimar.de\/wp-content\/uploads\/2020\/02\/SVQ101-a-RooftopTerrasse2017a.jpg 1620w\" sizes=\"auto, (max-width: 1024px) 100vw, 1024px\" \/><\/figure>\n\n\n\n<div style=\"height:50px\" aria-hidden=\"true\" class=\"wp-block-spacer\"><\/div>\n\n\n\n<div class=\"wp-block-buttons is-layout-flex wp-block-buttons-is-layout-flex\">\n<div class=\"wp-block-button\"><a class=\"wp-block-button__link wp-element-button\" href=\"https:\/\/www.olimar.de\/hotellistung\/\">Jetzt Urlaubsangebote finden und buchen<\/a><\/div>\n<\/div>\n\n\n\n<div style=\"height:100px\" aria-hidden=\"true\" class=\"wp-block-spacer\"><\/div>\n","protected":false},"excerpt":{"rendered":"<p>Wenn der Name Sevilla f\u00e4llt, denken Sie wahrscheinlich zuerst an feurigen Flamenco, die Kathedrale mit La Giralda, dem Wahrzeichen der Stadt, oder an leckere Tapas, die Sie \u00fcberall in der Stadt frisch zubereitet genie\u00dfen k\u00f6nnen. Aber denken Sie auch an klassische Musik? Denn die ber\u00fchmte Stadt in\u00a0Andalusien\u00a0ist nicht nur Schauplatz zahlreicher Opern, wie z. B. \u201eCarmen\u201c, \u201eDie Hochzeit des Figaro\u201c oder \u201eDer Barbier von Sevilla\u201c, sondern verf\u00fcgt mit dem Teatro de la Maestranza auch \u00fcber eines der prestigetr\u00e4chtigsten Opernh\u00e4usern des Landes. Das Teatro de la Maestranza liegt einmalig sch\u00f6n in der Altstadt von Sevilla, direkt am Ufer des Guadalquivir, und ist &hellip;<\/p>\n","protected":false},"author":9,"featured_media":13628,"comment_status":"open","ping_status":"open","sticky":false,"template":"","format":"standard","meta":{"_crdt_document":"","_lmt_disableupdate":"","_lmt_disable":"","footnotes":""},"categories":[28],"tags":[63,62],"class_list":["post-13618","post","type-post","status-publish","format-standard","has-post-thumbnail","hentry","category-kunst-kultur","tag-andalusien","tag-spanien"],"yoast_head":"<!-- This site is optimized with the Yoast SEO plugin v26.9 - https:\/\/yoast.com\/product\/yoast-seo-wordpress\/ -->\n<title>Sevilla und seine Oper - auf den Spuren von Carmen und dem Figaro<\/title>\n<meta name=\"description\" content=\"In Sevilla sollte die Oper, Teatro de la Maestranza, auf dem Programm stehen. Die Stadt hat viele ber\u00fchmte Werken ihre Kulisse verliehen.\" \/>\n<meta name=\"robots\" content=\"index, follow, max-snippet:-1, max-image-preview:large, max-video-preview:-1\" \/>\n<link rel=\"canonical\" href=\"https:\/\/blog.olimar.de\/oper-sevilla\/\" \/>\n<meta property=\"og:locale\" content=\"de_DE\" \/>\n<meta property=\"og:type\" content=\"article\" \/>\n<meta property=\"og:title\" content=\"Sevilla und seine Oper - auf den Spuren von Carmen und dem Figaro\" \/>\n<meta property=\"og:description\" content=\"In Sevilla sollte die Oper, Teatro de la Maestranza, auf dem Programm stehen. Die Stadt hat viele ber\u00fchmte Werken ihre Kulisse verliehen.\" \/>\n<meta property=\"og:url\" content=\"https:\/\/blog.olimar.de\/oper-sevilla\/\" \/>\n<meta property=\"article:publisher\" content=\"https:\/\/www.facebook.com\/OlimarReisen\" \/>\n<meta property=\"article:published_time\" content=\"2020-02-28T16:29:02+00:00\" \/>\n<meta property=\"article:modified_time\" content=\"2022-12-22T15:07:24+00:00\" \/>\n<meta property=\"og:image\" content=\"https:\/\/blog.olimar.de\/wp-content\/uploads\/2020\/02\/Oper.jpg\" \/>\n\t<meta property=\"og:image:width\" content=\"1000\" \/>\n\t<meta property=\"og:image:height\" content=\"670\" \/>\n\t<meta property=\"og:image:type\" content=\"image\/jpeg\" \/>\n<meta name=\"author\" content=\"OLIMAR Redaktionsteam\" \/>\n<meta name=\"twitter:label1\" content=\"Verfasst von\" \/>\n\t<meta name=\"twitter:data1\" content=\"OLIMAR Redaktionsteam\" \/>\n\t<meta name=\"twitter:label2\" content=\"Gesch\u00e4tzte Lesezeit\" \/>\n\t<meta name=\"twitter:data2\" content=\"6\u00a0Minuten\" \/>\n<script type=\"application\/ld+json\" class=\"yoast-schema-graph\">{\"@context\":\"https:\/\/schema.org\",\"@graph\":[{\"@type\":\"WebPage\",\"@id\":\"https:\/\/blog.olimar.de\/oper-sevilla\/\",\"url\":\"https:\/\/blog.olimar.de\/oper-sevilla\/\",\"name\":\"Sevilla und seine Oper - auf den Spuren von Carmen und dem Figaro\",\"isPartOf\":{\"@id\":\"https:\/\/blog.olimar.de\/#website\"},\"primaryImageOfPage\":{\"@id\":\"https:\/\/blog.olimar.de\/oper-sevilla\/#primaryimage\"},\"image\":{\"@id\":\"https:\/\/blog.olimar.de\/oper-sevilla\/#primaryimage\"},\"thumbnailUrl\":\"https:\/\/blog.olimar.de\/wp-content\/uploads\/2020\/02\/Oper.jpg\",\"datePublished\":\"2020-02-28T16:29:02+00:00\",\"dateModified\":\"2022-12-22T15:07:24+00:00\",\"description\":\"In Sevilla sollte die Oper, Teatro de la Maestranza, auf dem Programm stehen. Die Stadt hat viele ber\u00fchmte Werken ihre Kulisse verliehen.\",\"breadcrumb\":{\"@id\":\"https:\/\/blog.olimar.de\/oper-sevilla\/#breadcrumb\"},\"inLanguage\":\"de\",\"potentialAction\":[{\"@type\":\"ReadAction\",\"target\":[\"https:\/\/blog.olimar.de\/oper-sevilla\/\"]}]},{\"@type\":\"ImageObject\",\"inLanguage\":\"de\",\"@id\":\"https:\/\/blog.olimar.de\/oper-sevilla\/#primaryimage\",\"url\":\"https:\/\/blog.olimar.de\/wp-content\/uploads\/2020\/02\/Oper.jpg\",\"contentUrl\":\"https:\/\/blog.olimar.de\/wp-content\/uploads\/2020\/02\/Oper.jpg\",\"width\":1000,\"height\":670,\"caption\":\"Oper von Sevilla\"},{\"@type\":\"BreadcrumbList\",\"@id\":\"https:\/\/blog.olimar.de\/oper-sevilla\/#breadcrumb\",\"itemListElement\":[{\"@type\":\"ListItem\",\"position\":1,\"name\":\"Home\",\"item\":\"https:\/\/blog.olimar.de\/\"},{\"@type\":\"ListItem\",\"position\":2,\"name\":\"Andalusien\",\"item\":\"https:\/\/blog.olimar.de\/tag\/andalusien\/\"},{\"@type\":\"ListItem\",\"position\":3,\"name\":\"Sevilla und seine Oper\"}]},{\"@type\":\"WebSite\",\"@id\":\"https:\/\/blog.olimar.de\/#website\",\"url\":\"https:\/\/blog.olimar.de\/\",\"name\":\"OLIMAR.com\",\"description\":\"\",\"publisher\":{\"@id\":\"https:\/\/blog.olimar.de\/#organization\"},\"potentialAction\":[{\"@type\":\"SearchAction\",\"target\":{\"@type\":\"EntryPoint\",\"urlTemplate\":\"https:\/\/blog.olimar.de\/?s={search_term_string}\"},\"query-input\":{\"@type\":\"PropertyValueSpecification\",\"valueRequired\":true,\"valueName\":\"search_term_string\"}}],\"inLanguage\":\"de\"},{\"@type\":\"Organization\",\"@id\":\"https:\/\/blog.olimar.de\/#organization\",\"name\":\"OLIMAR Reisen\",\"url\":\"https:\/\/blog.olimar.de\/\",\"logo\":{\"@type\":\"ImageObject\",\"inLanguage\":\"de\",\"@id\":\"https:\/\/blog.olimar.de\/#\/schema\/logo\/image\/\",\"url\":\"https:\/\/blog.olimar.de\/wp-content\/uploads\/2021\/01\/OLIMAR_Logo_COLOR.png\",\"contentUrl\":\"https:\/\/blog.olimar.de\/wp-content\/uploads\/2021\/01\/OLIMAR_Logo_COLOR.png\",\"width\":2000,\"height\":986,\"caption\":\"OLIMAR Reisen\"},\"image\":{\"@id\":\"https:\/\/blog.olimar.de\/#\/schema\/logo\/image\/\"},\"sameAs\":[\"https:\/\/www.facebook.com\/OlimarReisen\",\"https:\/\/x.com\/olimarrreisen\",\"https:\/\/www.instagram.com\/olimarreisen\",\"https:\/\/www.youtube.com\/user\/olimarreisen\"]}]}<\/script>\n<!-- \/ Yoast SEO plugin. -->","yoast_head_json":{"title":"Sevilla und seine Oper - auf den Spuren von Carmen und dem Figaro","description":"In Sevilla sollte die Oper, Teatro de la Maestranza, auf dem Programm stehen. Die Stadt hat viele ber\u00fchmte Werken ihre Kulisse verliehen.","robots":{"index":"index","follow":"follow","max-snippet":"max-snippet:-1","max-image-preview":"max-image-preview:large","max-video-preview":"max-video-preview:-1"},"canonical":"https:\/\/blog.olimar.de\/oper-sevilla\/","og_locale":"de_DE","og_type":"article","og_title":"Sevilla und seine Oper - auf den Spuren von Carmen und dem Figaro","og_description":"In Sevilla sollte die Oper, Teatro de la Maestranza, auf dem Programm stehen. Die Stadt hat viele ber\u00fchmte Werken ihre Kulisse verliehen.","og_url":"https:\/\/blog.olimar.de\/oper-sevilla\/","article_publisher":"https:\/\/www.facebook.com\/OlimarReisen","article_published_time":"2020-02-28T16:29:02+00:00","article_modified_time":"2022-12-22T15:07:24+00:00","og_image":[{"width":1000,"height":670,"url":"https:\/\/blog.olimar.de\/wp-content\/uploads\/2020\/02\/Oper.jpg","type":"image\/jpeg"}],"author":"OLIMAR Redaktionsteam","twitter_misc":{"Verfasst von":"OLIMAR Redaktionsteam","Gesch\u00e4tzte Lesezeit":"6\u00a0Minuten"},"schema":{"@context":"https:\/\/schema.org","@graph":[{"@type":"WebPage","@id":"https:\/\/blog.olimar.de\/oper-sevilla\/","url":"https:\/\/blog.olimar.de\/oper-sevilla\/","name":"Sevilla und seine Oper - auf den Spuren von Carmen und dem Figaro","isPartOf":{"@id":"https:\/\/blog.olimar.de\/#website"},"primaryImageOfPage":{"@id":"https:\/\/blog.olimar.de\/oper-sevilla\/#primaryimage"},"image":{"@id":"https:\/\/blog.olimar.de\/oper-sevilla\/#primaryimage"},"thumbnailUrl":"https:\/\/blog.olimar.de\/wp-content\/uploads\/2020\/02\/Oper.jpg","datePublished":"2020-02-28T16:29:02+00:00","dateModified":"2022-12-22T15:07:24+00:00","description":"In Sevilla sollte die Oper, Teatro de la Maestranza, auf dem Programm stehen. Die Stadt hat viele ber\u00fchmte Werken ihre Kulisse verliehen.","breadcrumb":{"@id":"https:\/\/blog.olimar.de\/oper-sevilla\/#breadcrumb"},"inLanguage":"de","potentialAction":[{"@type":"ReadAction","target":["https:\/\/blog.olimar.de\/oper-sevilla\/"]}]},{"@type":"ImageObject","inLanguage":"de","@id":"https:\/\/blog.olimar.de\/oper-sevilla\/#primaryimage","url":"https:\/\/blog.olimar.de\/wp-content\/uploads\/2020\/02\/Oper.jpg","contentUrl":"https:\/\/blog.olimar.de\/wp-content\/uploads\/2020\/02\/Oper.jpg","width":1000,"height":670,"caption":"Oper von Sevilla"},{"@type":"BreadcrumbList","@id":"https:\/\/blog.olimar.de\/oper-sevilla\/#breadcrumb","itemListElement":[{"@type":"ListItem","position":1,"name":"Home","item":"https:\/\/blog.olimar.de\/"},{"@type":"ListItem","position":2,"name":"Andalusien","item":"https:\/\/blog.olimar.de\/tag\/andalusien\/"},{"@type":"ListItem","position":3,"name":"Sevilla und seine Oper"}]},{"@type":"WebSite","@id":"https:\/\/blog.olimar.de\/#website","url":"https:\/\/blog.olimar.de\/","name":"OLIMAR.com","description":"","publisher":{"@id":"https:\/\/blog.olimar.de\/#organization"},"potentialAction":[{"@type":"SearchAction","target":{"@type":"EntryPoint","urlTemplate":"https:\/\/blog.olimar.de\/?s={search_term_string}"},"query-input":{"@type":"PropertyValueSpecification","valueRequired":true,"valueName":"search_term_string"}}],"inLanguage":"de"},{"@type":"Organization","@id":"https:\/\/blog.olimar.de\/#organization","name":"OLIMAR Reisen","url":"https:\/\/blog.olimar.de\/","logo":{"@type":"ImageObject","inLanguage":"de","@id":"https:\/\/blog.olimar.de\/#\/schema\/logo\/image\/","url":"https:\/\/blog.olimar.de\/wp-content\/uploads\/2021\/01\/OLIMAR_Logo_COLOR.png","contentUrl":"https:\/\/blog.olimar.de\/wp-content\/uploads\/2021\/01\/OLIMAR_Logo_COLOR.png","width":2000,"height":986,"caption":"OLIMAR Reisen"},"image":{"@id":"https:\/\/blog.olimar.de\/#\/schema\/logo\/image\/"},"sameAs":["https:\/\/www.facebook.com\/OlimarReisen","https:\/\/x.com\/olimarrreisen","https:\/\/www.instagram.com\/olimarreisen","https:\/\/www.youtube.com\/user\/olimarreisen"]}]}},"modified_by":"Lena Radermacher","jetpack_featured_media_url":"https:\/\/blog.olimar.de\/wp-content\/uploads\/2020\/02\/Oper.jpg","_links":{"self":[{"href":"https:\/\/blog.olimar.de\/wp-json\/wp\/v2\/posts\/13618","targetHints":{"allow":["GET"]}}],"collection":[{"href":"https:\/\/blog.olimar.de\/wp-json\/wp\/v2\/posts"}],"about":[{"href":"https:\/\/blog.olimar.de\/wp-json\/wp\/v2\/types\/post"}],"author":[{"embeddable":true,"href":"https:\/\/blog.olimar.de\/wp-json\/wp\/v2\/users\/9"}],"replies":[{"embeddable":true,"href":"https:\/\/blog.olimar.de\/wp-json\/wp\/v2\/comments?post=13618"}],"version-history":[{"count":22,"href":"https:\/\/blog.olimar.de\/wp-json\/wp\/v2\/posts\/13618\/revisions"}],"predecessor-version":[{"id":23091,"href":"https:\/\/blog.olimar.de\/wp-json\/wp\/v2\/posts\/13618\/revisions\/23091"}],"wp:featuredmedia":[{"embeddable":true,"href":"https:\/\/blog.olimar.de\/wp-json\/wp\/v2\/media\/13628"}],"wp:attachment":[{"href":"https:\/\/blog.olimar.de\/wp-json\/wp\/v2\/media?parent=13618"}],"wp:term":[{"taxonomy":"category","embeddable":true,"href":"https:\/\/blog.olimar.de\/wp-json\/wp\/v2\/categories?post=13618"},{"taxonomy":"post_tag","embeddable":true,"href":"https:\/\/blog.olimar.de\/wp-json\/wp\/v2\/tags?post=13618"}],"curies":[{"name":"wp","href":"https:\/\/api.w.org\/{rel}","templated":true}]}}