{"id":13818,"date":"2020-04-20T16:14:08","date_gmt":"2020-04-20T15:14:08","guid":{"rendered":"https:\/\/blog.olimar.de\/?p=13818"},"modified":"2022-12-22T09:59:49","modified_gmt":"2022-12-22T08:59:49","slug":"empoli","status":"publish","type":"post","link":"https:\/\/blog.olimar.de\/empoli\/","title":{"rendered":"Empoli &#8211; Interview mit der Tourismusbeauftragten zur Corona-Krise"},"content":{"rendered":"\n<p><strong>Empoli im Herzen der\u00a0Toskana. Mit fast 49.000 Einwohnern schon eine gr\u00f6\u00dfere Kleinstadt und Hauptort des St\u00e4dteverbundes Empolese Valdelsa, der sich von Vinci im Norden bis nach Montaione im S\u00fcden hinzieht. <\/strong><strong>55 km von Pisa, 35 km von\u00a0<a href=\"https:\/\/www.olimar.de\/italien\/toskana\/florenz\/\">Florenz<\/a>\u00a0und 75 km von Siena entfernt und umgeben von toskanischer H\u00fcgellandschaft mit Weinreben, Olivenb\u00e4umen und zahlreichen Agriturismo H\u00f6fen, die sowohl Unterkunft in Zimmern als auch in Appartements anbieten.<\/strong><\/p>\n\n\n\n<div class=\"wp-block-buttons is-layout-flex wp-block-buttons-is-layout-flex\">\n<div class=\"wp-block-button\"><a class=\"wp-block-button__link wp-element-button\" href=\"https:\/\/www.olimar.de\/italien\/toskana\/\">Toskana Reiseangebote und Hoteltipps entdecken<\/a><\/div>\n<\/div>\n\n\n\n<div style=\"height:25px\" aria-hidden=\"true\" class=\"wp-block-spacer\"><\/div>\n\n\n\n<figure class=\"wp-block-image size-large\"><img loading=\"lazy\" decoding=\"async\" width=\"942\" height=\"628\" src=\"https:\/\/blog.olimar.de\/wp-content\/uploads\/2020\/04\/Innenstadt-1.jpg\" alt=\"\" class=\"wp-image-13832\" srcset=\"https:\/\/blog.olimar.de\/wp-content\/uploads\/2020\/04\/Innenstadt-1.jpg 942w, https:\/\/blog.olimar.de\/wp-content\/uploads\/2020\/04\/Innenstadt-1-300x200.jpg 300w, https:\/\/blog.olimar.de\/wp-content\/uploads\/2020\/04\/Innenstadt-1-768x512.jpg 768w, https:\/\/blog.olimar.de\/wp-content\/uploads\/2020\/04\/Innenstadt-1-840x560.jpg 840w\" sizes=\"auto, (max-width: 942px) 100vw, 942px\" \/><\/figure>\n\n\n\n<figure class=\"wp-block-image size-large\"><img loading=\"lazy\" decoding=\"async\" width=\"837\" height=\"628\" src=\"https:\/\/blog.olimar.de\/wp-content\/uploads\/2020\/04\/Umgebung-1.jpg\" alt=\"Umgebung Empoli\" class=\"wp-image-13829\" srcset=\"https:\/\/blog.olimar.de\/wp-content\/uploads\/2020\/04\/Umgebung-1.jpg 837w, https:\/\/blog.olimar.de\/wp-content\/uploads\/2020\/04\/Umgebung-1-300x225.jpg 300w, https:\/\/blog.olimar.de\/wp-content\/uploads\/2020\/04\/Umgebung-1-768x576.jpg 768w\" sizes=\"auto, (max-width: 837px) 100vw, 837px\" \/><\/figure>\n\n\n\n<p class=\"wp-block-paragraph\">Eigentlich eine perfekte Mischung, um den Ort zu einem bekannten Tourismuszentrum zu machen. Das hat aber bisher nicht funktioniert. Die Zwangspause durch die Corona-Krise gibt diesem Ort die Gelegenheit, sich dar\u00fcber Gedanken zu machen, alle Strategien zu analysieren und eine neue Identit\u00e4t zu finden. OLIMAR Kollegin Viorica aus dem Italien-Team hat die Tourismusbeauftragte der Gemeinde Giulia Terreni dazu in einem Zoom-Online-Videokoferenz befragt. Das Video finden Sie am Seitenende, das Transkript des Interviews lesen Sie nachfolgend: <\/p>\n\n\n\n<p class=\"wp-block-paragraph\">Guten Abend Assessore Terreni, und danke, dass Sie sich f\u00fcr dieses Gespr\u00e4ch Zeit genommen haben.<\/p>\n\n\n\n<p class=\"wp-block-paragraph\"><strong>Die Toskana scheint die Covid-Krise recht gut zu meistern, die Zahlen der Ansteckungen halten sich im Rahmen, wie ist die Situation im Augenblick in Empoli?<\/strong><\/p>\n\n\n\n<p class=\"wp-block-paragraph\">Empoli hat sich wie die gesamte Toskana gl\u00fccklicherweise gut gehalten, obwohl auch wir am Anfang nicht so richtig an die Ausma\u00dfe dieser Epidemie geglaubt haben. Wir haben aber rechtzeitig reagieren k\u00f6nnen und vor allem die sofortige rigorose Ausgangs- und Kontaktsperre hat sicher dazu beigetragen, dass sich das Virus nicht in der Stadt und der Umgebung ausbreiten konnte. Auch wenn es nicht gerade einfach ist, uns Italiener einzusperren, hat die Bev\u00f6lkerung doch gro\u00dfe Disziplin gezeigt und dabei geholfen, die Ansteckungszahlen klein zu halten.<\/p>\n\n\n\n<p class=\"wp-block-paragraph\"><strong>Die Stadt Empoli liegt inmitten des Dreiecks der weltbekannten Kunstst\u00e4dte der Toskana, Florenz, Pisa und Siena, Lucca und Pistoia sind auch in wenigen Kilometern zu erreichen. Es scheint aber fast so, als wenn Empoli davon erdr\u00fcckt worden w\u00e4re und sich keine eigene touristische Identit\u00e4t schaffen konnte obwohl es sich doch anbietet, die strategische N\u00e4he zu diesen St\u00e4dten auszunutzen. <\/strong><\/p>\n\n\n\n<p class=\"wp-block-paragraph\">Ja das stimmt, Empoli war schon seit der Gr\u00fcndung durch die R\u00f6mer ein Marktplatz, ein Umschlagplatz f\u00fcr Waren, ein oft heftig umk\u00e4mpfter Grenzort zwischen den verschiedenen F\u00fcrstent\u00fcmern und Stadtstaaten. Der Boden dieser Gegend war schon immer sehr fruchtbar und hier wurde alles das angebaut, was man in der Stadt n\u00f6tig brauchte. Empoli war beispielsweise der Getreidelieferant von Florenz. Im Mittelalter wurde im Hafen am Arno das Salz von der nahen K\u00fcste ins Inland umgeschlagen, heute hat im Salzspeicher aus dem 14. Jahrhundert das Glasmuseum MUVE seinen Sitz, das wiederum einen wichtigen Exportschlager der Stadt ausstellt: das gr\u00fcne Glas, das hier ab dem 18. Bis ins 20. Jahrhundert hergestellt wurde. Wichtige Kleiderkonfektionen und Pelzverarbeitungen trugen zum Wirtschaftsboom im vorigen Jahrhundert bei. Aus dieser Tradition heraus entwickelte sich der Ort \u00fcber die Jahrhunderte zu einem klassischen Industriestandort und genau so wurde er bisher auch von seinen Einwohnern und Besuchern wahrgenommen. Als Konsequenz haben sich in der Zwischenzeit kleinere Ortschaften der Umgebung, die nicht von dieser Tradition \u00abbelastet\u00bb waren, eher einen Namen im nationalen, aber auch internationalen Tourismusgesch\u00e4ft gemacht. <br><\/p>\n\n\n\n<p class=\"wp-block-paragraph\">Die Situation \u00e4ndert sich aber gewaltig, was auch von der Corona Epidemie angefacht wird, und man besinnt sich auf die Rolle, die unsere Stadt in der zuk\u00fcnftigen Entwicklung des Tourismus spielen k\u00f6nnte.<\/p>\n\n\n\n<p class=\"wp-block-paragraph\"><strong>Das bedeutet, dass man praktisch ganz von vorne anfangen und das m\u00f6gliche Potenzial aufarbeiten muss?<\/strong><\/p>\n\n\n\n<p class=\"wp-block-paragraph\">Ja genau, denn bisher wurde Empoli eher als logistischer St\u00fctzpunkt gesch\u00e4tzt. Der Bahnhof liegt genau auf der H\u00e4lfte der Strecke zwischen Florenz und Pisa, und auch von Florenz nach Siena kann man mit dem Zug nur \u00fcber Empoli fahren. Vor dieser dramatischen Krise haben wir einen generellen Anstieg der Zahlen von Touristen aus dem n\u00f6rdlichen Ausland verzeichnet. Wir haben das vor allem auf den Massentourismus in den gro\u00dfen Kunstst\u00e4dten geschoben, der vor der Krise rasant angestiegen ist. <\/p>\n\n\n\n<p class=\"wp-block-paragraph\"><strong>K\u00f6nnte es sein, dass sich die Besucher der Toskana wieder auf etwas ruhigere Zielorte f\u00fcr ihren Aufenthalt besinnen? <\/strong><\/p>\n\n\n\n<p class=\"wp-block-paragraph\">Ja, so sieht es aus, und wir konnten auch vermehrt Familien mit Kindern beobachten. Die anderen St\u00e4dte sind teils chaotisch, laut und teuer, bei uns ist das Leben noch gelassener und auch authentischer. Und es gibt ja noch eine ganze Serie weiterer wichtiger Gr\u00fcnde, die einen Besuch wert sind: die Etappen 29 und 30 der Pilgerstrasse <a href=\"https:\/\/blog.olimar.de\/via-francigena\/\">Via Francigena (Frankenweg)<\/a> befinden sich nur wenige Kilometer von hier entfernt. Die Landschaft hat alles was sich Toskana-Besucher davon versprechen, einschlie\u00dflich der typischen Produkte, hochwertiger Wei\u00df- und Rotwein und Oliven\u00f6l, die direkt in den H\u00f6fen verkostet werden k\u00f6nnen. Empoli selbst bietet nicht nur einen sch\u00f6nen historischen Stadtkern mit einer romanischen Kollegiatkirche, sondern auch eine gro\u00dfe Auswahl an Gesch\u00e4ften. <\/p>\n\n\n\n<figure class=\"wp-block-image size-large\"><img loading=\"lazy\" decoding=\"async\" width=\"628\" height=\"942\" src=\"https:\/\/blog.olimar.de\/wp-content\/uploads\/2020\/04\/Innenstadt2.jpg\" alt=\"In Empoli\" class=\"wp-image-13826\" srcset=\"https:\/\/blog.olimar.de\/wp-content\/uploads\/2020\/04\/Innenstadt2.jpg 628w, https:\/\/blog.olimar.de\/wp-content\/uploads\/2020\/04\/Innenstadt2-200x300.jpg 200w\" sizes=\"auto, (max-width: 628px) 100vw, 628px\" \/><\/figure>\n\n\n\n<figure class=\"wp-block-image size-large\"><img loading=\"lazy\" decoding=\"async\" width=\"628\" height=\"942\" src=\"https:\/\/blog.olimar.de\/wp-content\/uploads\/2020\/04\/Kapelle-Immacolata-Concezione.jpg\" alt=\"Kapelle Innenraum Empoli\" class=\"wp-image-13827\" srcset=\"https:\/\/blog.olimar.de\/wp-content\/uploads\/2020\/04\/Kapelle-Immacolata-Concezione.jpg 628w, https:\/\/blog.olimar.de\/wp-content\/uploads\/2020\/04\/Kapelle-Immacolata-Concezione-200x300.jpg 200w\" sizes=\"auto, (max-width: 628px) 100vw, 628px\" \/><\/figure>\n\n\n\n<p class=\"wp-block-paragraph\"><strong>Wie sieht es mit den Unterk\u00fcnften aus, steht denn f\u00fcr einen zuk\u00fcnftigen touristischen Aufschwung genug Auswahl zur Verf\u00fcgung?    <\/strong>   <\/p>\n\n\n\n<p class=\"wp-block-paragraph\">Auf jeden Fall. Vom Bed &amp; Breakfast bis zum 4-Sterne-Hotel stehen alle Unterkunftsarten zur Verf\u00fcgung. <\/p>\n\n\n\n<p class=\"wp-block-paragraph\"><strong>Wie sehen die konkreten Projekte f\u00fcr die Zeit nach der Corona-Krise aus?<\/strong><\/p>\n\n\n\n<p class=\"wp-block-paragraph\">Leider m\u00fcssen wir mehrere Vorhaben stoppen, alle unsere Kr\u00e4fte sind gerade auf die Unterst\u00fctzung des Gesundheitswesens konzentriert. Alles andere muss daher gerade verst\u00e4ndlicherweise in den Hintergrund gestellt werden. Wir hatten aber schon einige Initiativen  genehmigt bekommen, darunter ein eigenes Informationsb\u00fcro genau beim Bahnhof, in dem Touristen sich nicht nur alle wichtigen Ausk\u00fcnfte f\u00fcr einen Aufenthalt oder einen Besuch der Stadt holen oder eine Unterkunft buchen k\u00f6nnen, sondern auch Informationen zu den Sehensw\u00fcrdigkeiten und  Aktivit\u00e4ten und auch einen \u00dcberblick \u00fcber die besten Produkte bekommen.   <\/p>\n\n\n\n<p class=\"wp-block-paragraph\"><strong>Noch eine letzte Frage: In Empoli ist gerade der Arno-Fahrradweg zwischen Pisa und Florenz im Bau. Ab wann kann man davon ausgehen, dass die ganze Strecke fertiggestellt ist, so dass man sie auch in eine m\u00f6gliches Reiseprogramm aufnehmen kann?<\/strong><\/p>\n\n\n\n<p class=\"wp-block-paragraph\">Leider ist auch unser Streckenabschnitt von dem allgemeinen Stopp betroffen. Und alle anderen Gemeinden, die sich daran beteiligen sind in der gleichen Situation. Aber wir hoffen, dass wir in den n\u00e4chsten zwei Jahren alles fertig stellen k\u00f6nnen und dann auch viele begeisterte Fahrradfahrer in Empoli Halt machen werden, um die Stadt in aller Ruhe zu entdecken. <\/p>\n\n\n\n<p class=\"wp-block-paragraph\"><strong>Assessore Terreni wir bedanken uns f\u00fcr das Gespr\u00e4ch.<\/strong><\/p>\n\n\n\n<figure class=\"wp-block-image size-large\"><img loading=\"lazy\" decoding=\"async\" width=\"1024\" height=\"682\" src=\"https:\/\/blog.olimar.de\/wp-content\/uploads\/2020\/04\/WhatsApp-Image-2019-07-26-at-23.50.35-1024x682.jpeg\" alt=\"Empoli Weihnachtszeit\" class=\"wp-image-13830\" srcset=\"https:\/\/blog.olimar.de\/wp-content\/uploads\/2020\/04\/WhatsApp-Image-2019-07-26-at-23.50.35-1024x682.jpeg 1024w, https:\/\/blog.olimar.de\/wp-content\/uploads\/2020\/04\/WhatsApp-Image-2019-07-26-at-23.50.35-300x200.jpeg 300w, https:\/\/blog.olimar.de\/wp-content\/uploads\/2020\/04\/WhatsApp-Image-2019-07-26-at-23.50.35-768x512.jpeg 768w, https:\/\/blog.olimar.de\/wp-content\/uploads\/2020\/04\/WhatsApp-Image-2019-07-26-at-23.50.35-1536x1023.jpeg 1536w, https:\/\/blog.olimar.de\/wp-content\/uploads\/2020\/04\/WhatsApp-Image-2019-07-26-at-23.50.35-840x560.jpeg 840w, https:\/\/blog.olimar.de\/wp-content\/uploads\/2020\/04\/WhatsApp-Image-2019-07-26-at-23.50.35-1200x800.jpeg 1200w, https:\/\/blog.olimar.de\/wp-content\/uploads\/2020\/04\/WhatsApp-Image-2019-07-26-at-23.50.35.jpeg 1600w\" sizes=\"auto, (max-width: 1024px) 100vw, 1024px\" \/><\/figure>\n\n\n\n<h2 class=\"wp-block-heading\"><strong>Hoteltipp f\u00fcr Empoli in der Toskana<\/strong><\/h2>\n\n\n\n<p class=\"wp-block-paragraph\">Das <strong>Borgo San Giusto<\/strong> vor den Toren der Stadt Empoli bezaubert mit typischem Toskana-Flair und zeitgem\u00e4\u00dfem Komfort. Ein sch\u00f6ner Garten mit Skulpturen junger K\u00fcnstler pr\u00e4gt dieses vor wenigen Jahren er\u00f6ffnete Anwesen in idyllischer Panorama-H\u00fcgellage.<br> <\/p>\n\n\n\n<figure class=\"wp-block-image size-large\"><img loading=\"lazy\" decoding=\"async\" width=\"1000\" height=\"669\" src=\"https:\/\/blog.olimar.de\/wp-content\/uploads\/2020\/04\/FLR117-z-Room1-2010.jpg\" alt=\"Zimmerbeispiel Borgo San Giusto\" class=\"wp-image-13840\" srcset=\"https:\/\/blog.olimar.de\/wp-content\/uploads\/2020\/04\/FLR117-z-Room1-2010.jpg 1000w, https:\/\/blog.olimar.de\/wp-content\/uploads\/2020\/04\/FLR117-z-Room1-2010-300x201.jpg 300w, https:\/\/blog.olimar.de\/wp-content\/uploads\/2020\/04\/FLR117-z-Room1-2010-768x514.jpg 768w\" sizes=\"auto, (max-width: 1000px) 100vw, 1000px\" \/><\/figure>\n\n\n\n<figure class=\"wp-block-image size-large\"><img loading=\"lazy\" decoding=\"async\" width=\"1024\" height=\"673\" src=\"https:\/\/blog.olimar.de\/wp-content\/uploads\/2020\/04\/FLR117-g-Garten2-1024x673.jpg\" alt=\"Borgo San Giusto\" class=\"wp-image-13841\" srcset=\"https:\/\/blog.olimar.de\/wp-content\/uploads\/2020\/04\/FLR117-g-Garten2-1024x673.jpg 1024w, https:\/\/blog.olimar.de\/wp-content\/uploads\/2020\/04\/FLR117-g-Garten2-300x197.jpg 300w, https:\/\/blog.olimar.de\/wp-content\/uploads\/2020\/04\/FLR117-g-Garten2-768x505.jpg 768w, https:\/\/blog.olimar.de\/wp-content\/uploads\/2020\/04\/FLR117-g-Garten2.jpg 1200w\" sizes=\"auto, (max-width: 1024px) 100vw, 1024px\" \/><\/figure>\n\n\n\n<figure class=\"wp-block-image size-large\"><img loading=\"lazy\" decoding=\"async\" width=\"1024\" height=\"657\" src=\"https:\/\/blog.olimar.de\/wp-content\/uploads\/2020\/04\/FLR117-p-Pool1-1024x657.jpg\" alt=\"Pool Borgo San Giusto\" class=\"wp-image-13842\" srcset=\"https:\/\/blog.olimar.de\/wp-content\/uploads\/2020\/04\/FLR117-p-Pool1-1024x657.jpg 1024w, https:\/\/blog.olimar.de\/wp-content\/uploads\/2020\/04\/FLR117-p-Pool1-300x193.jpg 300w, https:\/\/blog.olimar.de\/wp-content\/uploads\/2020\/04\/FLR117-p-Pool1-768x493.jpg 768w, https:\/\/blog.olimar.de\/wp-content\/uploads\/2020\/04\/FLR117-p-Pool1.jpg 1200w\" sizes=\"auto, (max-width: 1024px) 100vw, 1024px\" \/><\/figure>\n\n\n\n<div style=\"height:50px\" aria-hidden=\"true\" class=\"wp-block-spacer\"><\/div>\n\n\n\n<div class=\"wp-block-buttons is-layout-flex wp-block-buttons-is-layout-flex\">\n<div class=\"wp-block-button\"><a class=\"wp-block-button__link wp-element-button\" href=\"https:\/\/www.olimar.de\/hotellistung\/\">Jetzt Urlaubsangebote finden und buchen<\/a><\/div>\n<\/div>\n\n\n\n<div style=\"height:100px\" aria-hidden=\"true\" class=\"wp-block-spacer\"><\/div>\n","protected":false},"excerpt":{"rendered":"<p>Empoli im Herzen der\u00a0Toskana. Mit fast 49.000 Einwohnern schon eine gr\u00f6\u00dfere Kleinstadt und Hauptort des St\u00e4dteverbundes Empolese Valdelsa, der sich von Vinci im Norden bis nach Montaione im S\u00fcden hinzieht. 55 km von Pisa, 35 km von\u00a0Florenz\u00a0und 75 km von Siena entfernt und umgeben von toskanischer H\u00fcgellandschaft mit Weinreben, Olivenb\u00e4umen und zahlreichen Agriturismo H\u00f6fen, die sowohl Unterkunft in Zimmern als auch in Appartements anbieten. Eigentlich eine perfekte Mischung, um den Ort zu einem bekannten Tourismuszentrum zu machen. Das hat aber bisher nicht funktioniert. Die Zwangspause durch die Corona-Krise gibt diesem Ort die Gelegenheit, sich dar\u00fcber Gedanken zu machen, alle Strategien zu &hellip;<\/p>\n","protected":false},"author":9,"featured_media":13828,"comment_status":"open","ping_status":"open","sticky":false,"template":"","format":"standard","meta":{"_crdt_document":"","_lmt_disableupdate":"","_lmt_disable":"","footnotes":""},"categories":[28,31],"tags":[35,54],"class_list":["post-13818","post","type-post","status-publish","format-standard","has-post-thumbnail","hentry","category-kunst-kultur","category-land-leute","tag-italien","tag-toskana"],"yoast_head":"<!-- This site is optimized with the Yoast SEO plugin v26.9 - https:\/\/yoast.com\/product\/yoast-seo-wordpress\/ -->\n<title>Empoli in der Toskana - ein Interview mit der Tourismusbeauftragten<\/title>\n<meta name=\"description\" content=\"OLIMAR Kollegin Viorica hat ein Interview mit der Tourismusbeauftragten der toskanischen Kleinstadt Empoli gef\u00fchrt.\" \/>\n<meta name=\"robots\" content=\"index, follow, max-snippet:-1, max-image-preview:large, max-video-preview:-1\" \/>\n<link rel=\"canonical\" href=\"https:\/\/blog.olimar.de\/empoli\/\" \/>\n<meta property=\"og:locale\" content=\"de_DE\" \/>\n<meta property=\"og:type\" content=\"article\" \/>\n<meta property=\"og:title\" content=\"Empoli in der Toskana - ein Interview mit der Tourismusbeauftragten\" \/>\n<meta property=\"og:description\" content=\"OLIMAR Kollegin Viorica hat ein Interview mit der Tourismusbeauftragten der toskanischen Kleinstadt Empoli gef\u00fchrt.\" \/>\n<meta property=\"og:url\" content=\"https:\/\/blog.olimar.de\/empoli\/\" \/>\n<meta property=\"article:publisher\" content=\"https:\/\/www.facebook.com\/OlimarReisen\" \/>\n<meta property=\"article:published_time\" content=\"2020-04-20T15:14:08+00:00\" \/>\n<meta property=\"article:modified_time\" content=\"2022-12-22T08:59:49+00:00\" \/>\n<meta property=\"og:image\" content=\"https:\/\/blog.olimar.de\/wp-content\/uploads\/2020\/04\/Piazza-Farinata-degli-Uberti-.jpg\" \/>\n\t<meta property=\"og:image:width\" content=\"837\" \/>\n\t<meta property=\"og:image:height\" content=\"628\" \/>\n\t<meta property=\"og:image:type\" content=\"image\/jpeg\" \/>\n<meta name=\"author\" content=\"OLIMAR Redaktionsteam\" \/>\n<meta name=\"twitter:label1\" content=\"Verfasst von\" \/>\n\t<meta name=\"twitter:data1\" content=\"OLIMAR Redaktionsteam\" \/>\n\t<meta name=\"twitter:label2\" content=\"Gesch\u00e4tzte Lesezeit\" \/>\n\t<meta name=\"twitter:data2\" content=\"8\u00a0Minuten\" \/>\n<script type=\"application\/ld+json\" class=\"yoast-schema-graph\">{\"@context\":\"https:\/\/schema.org\",\"@graph\":[{\"@type\":\"WebPage\",\"@id\":\"https:\/\/blog.olimar.de\/empoli\/\",\"url\":\"https:\/\/blog.olimar.de\/empoli\/\",\"name\":\"Empoli in der Toskana - ein Interview mit der Tourismusbeauftragten\",\"isPartOf\":{\"@id\":\"https:\/\/blog.olimar.de\/#website\"},\"primaryImageOfPage\":{\"@id\":\"https:\/\/blog.olimar.de\/empoli\/#primaryimage\"},\"image\":{\"@id\":\"https:\/\/blog.olimar.de\/empoli\/#primaryimage\"},\"thumbnailUrl\":\"https:\/\/blog.olimar.de\/wp-content\/uploads\/2020\/04\/Piazza-Farinata-degli-Uberti-.jpg\",\"datePublished\":\"2020-04-20T15:14:08+00:00\",\"dateModified\":\"2022-12-22T08:59:49+00:00\",\"description\":\"OLIMAR Kollegin Viorica hat ein Interview mit der Tourismusbeauftragten der toskanischen Kleinstadt Empoli gef\u00fchrt.\",\"breadcrumb\":{\"@id\":\"https:\/\/blog.olimar.de\/empoli\/#breadcrumb\"},\"inLanguage\":\"de\",\"potentialAction\":[{\"@type\":\"ReadAction\",\"target\":[\"https:\/\/blog.olimar.de\/empoli\/\"]}]},{\"@type\":\"ImageObject\",\"inLanguage\":\"de\",\"@id\":\"https:\/\/blog.olimar.de\/empoli\/#primaryimage\",\"url\":\"https:\/\/blog.olimar.de\/wp-content\/uploads\/2020\/04\/Piazza-Farinata-degli-Uberti-.jpg\",\"contentUrl\":\"https:\/\/blog.olimar.de\/wp-content\/uploads\/2020\/04\/Piazza-Farinata-degli-Uberti-.jpg\",\"width\":837,\"height\":628,\"caption\":\"Piazza Farinata Empoli\"},{\"@type\":\"BreadcrumbList\",\"@id\":\"https:\/\/blog.olimar.de\/empoli\/#breadcrumb\",\"itemListElement\":[{\"@type\":\"ListItem\",\"position\":1,\"name\":\"Home\",\"item\":\"https:\/\/blog.olimar.de\/\"},{\"@type\":\"ListItem\",\"position\":2,\"name\":\"Italien\",\"item\":\"https:\/\/blog.olimar.de\/tag\/italien\/\"},{\"@type\":\"ListItem\",\"position\":3,\"name\":\"Empoli &#8211; Interview mit der Tourismusbeauftragten zur Corona-Krise\"}]},{\"@type\":\"WebSite\",\"@id\":\"https:\/\/blog.olimar.de\/#website\",\"url\":\"https:\/\/blog.olimar.de\/\",\"name\":\"OLIMAR.com\",\"description\":\"\",\"publisher\":{\"@id\":\"https:\/\/blog.olimar.de\/#organization\"},\"potentialAction\":[{\"@type\":\"SearchAction\",\"target\":{\"@type\":\"EntryPoint\",\"urlTemplate\":\"https:\/\/blog.olimar.de\/?s={search_term_string}\"},\"query-input\":{\"@type\":\"PropertyValueSpecification\",\"valueRequired\":true,\"valueName\":\"search_term_string\"}}],\"inLanguage\":\"de\"},{\"@type\":\"Organization\",\"@id\":\"https:\/\/blog.olimar.de\/#organization\",\"name\":\"OLIMAR Reisen\",\"url\":\"https:\/\/blog.olimar.de\/\",\"logo\":{\"@type\":\"ImageObject\",\"inLanguage\":\"de\",\"@id\":\"https:\/\/blog.olimar.de\/#\/schema\/logo\/image\/\",\"url\":\"https:\/\/blog.olimar.de\/wp-content\/uploads\/2021\/01\/OLIMAR_Logo_COLOR.png\",\"contentUrl\":\"https:\/\/blog.olimar.de\/wp-content\/uploads\/2021\/01\/OLIMAR_Logo_COLOR.png\",\"width\":2000,\"height\":986,\"caption\":\"OLIMAR Reisen\"},\"image\":{\"@id\":\"https:\/\/blog.olimar.de\/#\/schema\/logo\/image\/\"},\"sameAs\":[\"https:\/\/www.facebook.com\/OlimarReisen\",\"https:\/\/x.com\/olimarrreisen\",\"https:\/\/www.instagram.com\/olimarreisen\",\"https:\/\/www.youtube.com\/user\/olimarreisen\"]}]}<\/script>\n<!-- \/ Yoast SEO plugin. -->","yoast_head_json":{"title":"Empoli in der Toskana - ein Interview mit der Tourismusbeauftragten","description":"OLIMAR Kollegin Viorica hat ein Interview mit der Tourismusbeauftragten der toskanischen Kleinstadt Empoli gef\u00fchrt.","robots":{"index":"index","follow":"follow","max-snippet":"max-snippet:-1","max-image-preview":"max-image-preview:large","max-video-preview":"max-video-preview:-1"},"canonical":"https:\/\/blog.olimar.de\/empoli\/","og_locale":"de_DE","og_type":"article","og_title":"Empoli in der Toskana - ein Interview mit der Tourismusbeauftragten","og_description":"OLIMAR Kollegin Viorica hat ein Interview mit der Tourismusbeauftragten der toskanischen Kleinstadt Empoli gef\u00fchrt.","og_url":"https:\/\/blog.olimar.de\/empoli\/","article_publisher":"https:\/\/www.facebook.com\/OlimarReisen","article_published_time":"2020-04-20T15:14:08+00:00","article_modified_time":"2022-12-22T08:59:49+00:00","og_image":[{"width":837,"height":628,"url":"https:\/\/blog.olimar.de\/wp-content\/uploads\/2020\/04\/Piazza-Farinata-degli-Uberti-.jpg","type":"image\/jpeg"}],"author":"OLIMAR Redaktionsteam","twitter_misc":{"Verfasst von":"OLIMAR Redaktionsteam","Gesch\u00e4tzte Lesezeit":"8\u00a0Minuten"},"schema":{"@context":"https:\/\/schema.org","@graph":[{"@type":"WebPage","@id":"https:\/\/blog.olimar.de\/empoli\/","url":"https:\/\/blog.olimar.de\/empoli\/","name":"Empoli in der Toskana - ein Interview mit der Tourismusbeauftragten","isPartOf":{"@id":"https:\/\/blog.olimar.de\/#website"},"primaryImageOfPage":{"@id":"https:\/\/blog.olimar.de\/empoli\/#primaryimage"},"image":{"@id":"https:\/\/blog.olimar.de\/empoli\/#primaryimage"},"thumbnailUrl":"https:\/\/blog.olimar.de\/wp-content\/uploads\/2020\/04\/Piazza-Farinata-degli-Uberti-.jpg","datePublished":"2020-04-20T15:14:08+00:00","dateModified":"2022-12-22T08:59:49+00:00","description":"OLIMAR Kollegin Viorica hat ein Interview mit der Tourismusbeauftragten der toskanischen Kleinstadt Empoli gef\u00fchrt.","breadcrumb":{"@id":"https:\/\/blog.olimar.de\/empoli\/#breadcrumb"},"inLanguage":"de","potentialAction":[{"@type":"ReadAction","target":["https:\/\/blog.olimar.de\/empoli\/"]}]},{"@type":"ImageObject","inLanguage":"de","@id":"https:\/\/blog.olimar.de\/empoli\/#primaryimage","url":"https:\/\/blog.olimar.de\/wp-content\/uploads\/2020\/04\/Piazza-Farinata-degli-Uberti-.jpg","contentUrl":"https:\/\/blog.olimar.de\/wp-content\/uploads\/2020\/04\/Piazza-Farinata-degli-Uberti-.jpg","width":837,"height":628,"caption":"Piazza Farinata Empoli"},{"@type":"BreadcrumbList","@id":"https:\/\/blog.olimar.de\/empoli\/#breadcrumb","itemListElement":[{"@type":"ListItem","position":1,"name":"Home","item":"https:\/\/blog.olimar.de\/"},{"@type":"ListItem","position":2,"name":"Italien","item":"https:\/\/blog.olimar.de\/tag\/italien\/"},{"@type":"ListItem","position":3,"name":"Empoli &#8211; Interview mit der Tourismusbeauftragten zur Corona-Krise"}]},{"@type":"WebSite","@id":"https:\/\/blog.olimar.de\/#website","url":"https:\/\/blog.olimar.de\/","name":"OLIMAR.com","description":"","publisher":{"@id":"https:\/\/blog.olimar.de\/#organization"},"potentialAction":[{"@type":"SearchAction","target":{"@type":"EntryPoint","urlTemplate":"https:\/\/blog.olimar.de\/?s={search_term_string}"},"query-input":{"@type":"PropertyValueSpecification","valueRequired":true,"valueName":"search_term_string"}}],"inLanguage":"de"},{"@type":"Organization","@id":"https:\/\/blog.olimar.de\/#organization","name":"OLIMAR Reisen","url":"https:\/\/blog.olimar.de\/","logo":{"@type":"ImageObject","inLanguage":"de","@id":"https:\/\/blog.olimar.de\/#\/schema\/logo\/image\/","url":"https:\/\/blog.olimar.de\/wp-content\/uploads\/2021\/01\/OLIMAR_Logo_COLOR.png","contentUrl":"https:\/\/blog.olimar.de\/wp-content\/uploads\/2021\/01\/OLIMAR_Logo_COLOR.png","width":2000,"height":986,"caption":"OLIMAR Reisen"},"image":{"@id":"https:\/\/blog.olimar.de\/#\/schema\/logo\/image\/"},"sameAs":["https:\/\/www.facebook.com\/OlimarReisen","https:\/\/x.com\/olimarrreisen","https:\/\/www.instagram.com\/olimarreisen","https:\/\/www.youtube.com\/user\/olimarreisen"]}]}},"modified_by":"Lena Radermacher","jetpack_featured_media_url":"https:\/\/blog.olimar.de\/wp-content\/uploads\/2020\/04\/Piazza-Farinata-degli-Uberti-.jpg","_links":{"self":[{"href":"https:\/\/blog.olimar.de\/wp-json\/wp\/v2\/posts\/13818","targetHints":{"allow":["GET"]}}],"collection":[{"href":"https:\/\/blog.olimar.de\/wp-json\/wp\/v2\/posts"}],"about":[{"href":"https:\/\/blog.olimar.de\/wp-json\/wp\/v2\/types\/post"}],"author":[{"embeddable":true,"href":"https:\/\/blog.olimar.de\/wp-json\/wp\/v2\/users\/9"}],"replies":[{"embeddable":true,"href":"https:\/\/blog.olimar.de\/wp-json\/wp\/v2\/comments?post=13818"}],"version-history":[{"count":27,"href":"https:\/\/blog.olimar.de\/wp-json\/wp\/v2\/posts\/13818\/revisions"}],"predecessor-version":[{"id":22904,"href":"https:\/\/blog.olimar.de\/wp-json\/wp\/v2\/posts\/13818\/revisions\/22904"}],"wp:featuredmedia":[{"embeddable":true,"href":"https:\/\/blog.olimar.de\/wp-json\/wp\/v2\/media\/13828"}],"wp:attachment":[{"href":"https:\/\/blog.olimar.de\/wp-json\/wp\/v2\/media?parent=13818"}],"wp:term":[{"taxonomy":"category","embeddable":true,"href":"https:\/\/blog.olimar.de\/wp-json\/wp\/v2\/categories?post=13818"},{"taxonomy":"post_tag","embeddable":true,"href":"https:\/\/blog.olimar.de\/wp-json\/wp\/v2\/tags?post=13818"}],"curies":[{"name":"wp","href":"https:\/\/api.w.org\/{rel}","templated":true}]}}