{"id":1430,"date":"2015-03-24T19:38:54","date_gmt":"2015-03-24T17:38:54","guid":{"rendered":"https:\/\/blog.olimar.de\/?p=1430"},"modified":"2021-04-06T18:16:03","modified_gmt":"2021-04-06T17:16:03","slug":"lissabon-tipps-zum-entdecken-teil-3","status":"publish","type":"post","link":"https:\/\/blog.olimar.de\/lissabon-tipps-zum-entdecken-teil-3\/","title":{"rendered":"Lissabon Tipps zum Entdecken &#8211; Teil 3"},"content":{"rendered":"<p>Fortsetzung von <a title=\"Lissabon Tipps zum Entdecken \u2013 Teil 2\" href=\"https:\/\/blog.olimar.de\/lissabon-tipps-zum-entdecken-teil-2\/\">Lissabon Tipps zum Entdecken &#8211; Teil 2<\/a><\/p>\n<h2 class=\"wide-content\"><\/h2>\n<div class=\"wide-content\">\n<h2>Miradouro Santa Catarina\/Adamastor<\/h2>\n<\/div>\n<div class=\"wide-content\">Eine neue Perspektive, ein neuer Blickwinkel, und schon erlebt man <a href=\"https:\/\/www.olimar.de\/portugal\/metropolen\/lissabon\/\" target=\"_blank\" rel=\"noopener\">Lissabon<\/a> ganz neu&#8230;<\/div>\n<div class=\"wide-content\">Begibt man sich zum <strong>Miradouro Santa Catarina<\/strong> trifft man auf einen sehr beliebten Aussichtspunkt. Er ist ein Anziehungspunkt der jungen Lissabonner (nicht nur) und nicht selten trifft man hier auf Gitarre spielende Menschen, gerne auch mit Rastalocken, die vertr\u00e4umt auf den Tejo schauen. Dar\u00fcber thront der <strong>\u201eAdamastor\u201c<\/strong>, eine riesige Statue aus Stein. Eine Figur, die der Fantasie Cam\u00f5es entsprang und die portugiesischen Seefahrer am Kap der guten Hoffnung vor Gefahren gewarnt haben soll.<\/div>\n<div class=\"wide-content\">\n<div id=\"attachment_1440\" style=\"width: 693px\" class=\"wp-caption aligncenter\"><img loading=\"lazy\" decoding=\"async\" aria-describedby=\"caption-attachment-1440\" class=\"wp-image-1440 size-large\" src=\"https:\/\/blog.olimar.de\/wp-content\/uploads\/2015\/03\/Der-Adamastor-683x1024.jpg\" alt=\"Der Adamastor - Steinstatue auf dem Miradouro Santa Catarina\" width=\"683\" height=\"1024\" srcset=\"https:\/\/blog.olimar.de\/wp-content\/uploads\/2015\/03\/Der-Adamastor-683x1024.jpg 683w, https:\/\/blog.olimar.de\/wp-content\/uploads\/2015\/03\/Der-Adamastor-200x300.jpg 200w, https:\/\/blog.olimar.de\/wp-content\/uploads\/2015\/03\/Der-Adamastor.jpg 792w\" sizes=\"auto, (max-width: 683px) 100vw, 683px\" \/><p id=\"caption-attachment-1440\" class=\"wp-caption-text\">Der Adamastor &#8211; Steinstatue auf dem Miradouro Santa Catarina<\/p><\/div>\n<\/div>\n<div class=\"wide-content\">Aus diesem Grunde wird der Platz oft \u201eAdamastor Platz\u201c genannt. Es ist sicher nicht der sch\u00f6nste Platz Lissabons, aber die hippieske Stimmung und die Aussicht \u00fcber den Tejo, die Br\u00fccke und den Cristo Rei (die Christusstatue) sind einmalig.<br \/>\nHier kann man seinen Sundowner wunderbar auf der Terrasse des <strong>Caf\u00e9s Noobai<\/strong> genie\u00dfen. Sonntagnachmittags auch mal mit geladenen DJ\u00b4s. Die Aussicht werden Sie nicht vergessen.<\/div>\n<div class=\"wide-content\"><\/div>\n<div class=\"wide-content\">\n<div id=\"attachment_1443\" style=\"width: 850px\" class=\"wp-caption aligncenter\"><img loading=\"lazy\" decoding=\"async\" aria-describedby=\"caption-attachment-1443\" class=\"size-large wp-image-1443\" src=\"https:\/\/blog.olimar.de\/wp-content\/uploads\/2015\/03\/Miradouro-Santa-Catarina-1024x683.jpg\" alt=\"Miradouro Santa Catarina mit Caf\u00e9 Noobai\" width=\"840\" height=\"560\" srcset=\"https:\/\/blog.olimar.de\/wp-content\/uploads\/2015\/03\/Miradouro-Santa-Catarina-1024x683.jpg 1024w, https:\/\/blog.olimar.de\/wp-content\/uploads\/2015\/03\/Miradouro-Santa-Catarina-300x200.jpg 300w, https:\/\/blog.olimar.de\/wp-content\/uploads\/2015\/03\/Miradouro-Santa-Catarina-840x560.jpg 840w, https:\/\/blog.olimar.de\/wp-content\/uploads\/2015\/03\/Miradouro-Santa-Catarina-1200x800.jpg 1200w, https:\/\/blog.olimar.de\/wp-content\/uploads\/2015\/03\/Miradouro-Santa-Catarina.jpg 1410w\" sizes=\"auto, (max-width: 840px) 100vw, 840px\" \/><p id=\"caption-attachment-1443\" class=\"wp-caption-text\">Miradouro Santa Catarina mit Caf\u00e9 Noobai<\/p><\/div>\n<\/div>\n<div class=\"wide-content\">\n<div class=\"green-box\"><strong>Lissabon &#8211; unsere Top-St\u00e4dtereise Tipps <\/strong><\/p>\n<ul>\n<li>Lissabon Card: Kostenloser \u00f6ffentlicher Nahverkehr, erm\u00e4\u00dfigter Eintritt<\/li>\n<li>Jardim de Torel<\/li>\n<li>Restaurant\/Bar Chapit\u00f4<\/li>\n<li>Elevador de Santa Justa<\/li>\n<li>Miradouro de S\u00e3o Pedro de Alc\u00e2ntara<\/li>\n<li>Miradouro Santa Catarina\/Adamasto<\/li>\n<li>Ascensor da Bica<\/li>\n<li>Mercado da Ribeira<\/li>\n<\/ul>\n<\/div>\n<h2>Ascensor da Bica<\/h2>\n<\/div>\n<div class=\"wide-content\">\n<p>Geht man die Rua Marechal Saldanha zur\u00fcck bis zur Hauptstra\u00dfe \u201eCal\u00e7ada do Combro\u201c und kurz rechts, dann trifft man auf der rechten Seite auf einen weiteren historischen \u201eAufzug\u201c (Standseilbahn), den <strong>Ascensor da Bica<\/strong>. Seit 1892 verbindet dieser Aufzug das Bahnhofs-\/Hafenviertel mit dem Bairro Alto. 260 m L\u00e4ngenmeter mit 19%-iger Steigung werden hier \u00fcberwunden. Trotzdem kann man die Strecke auch gut zu Fu\u00df bew\u00e4ltigen. Das lohnt sich, denn es ist eine sehr &#8220;fotogene&#8221; Strecke. In den Seitengassen findet man hier und da ein kleines Restaurant, das oft viel ruhiger gelegen ist, als z.B. oben im Bairro Alto.<\/p>\n<div id=\"attachment_1438\" style=\"width: 693px\" class=\"wp-caption aligncenter\"><img loading=\"lazy\" decoding=\"async\" aria-describedby=\"caption-attachment-1438\" class=\"size-large wp-image-1438\" src=\"https:\/\/blog.olimar.de\/wp-content\/uploads\/2015\/03\/Bica-Aufzug-im-Bairro-Alto-683x1024.jpg\" alt=\"Der Ascensor da Bica in Lissabon\" width=\"683\" height=\"1024\" srcset=\"https:\/\/blog.olimar.de\/wp-content\/uploads\/2015\/03\/Bica-Aufzug-im-Bairro-Alto-683x1024.jpg 683w, https:\/\/blog.olimar.de\/wp-content\/uploads\/2015\/03\/Bica-Aufzug-im-Bairro-Alto-200x300.jpg 200w, https:\/\/blog.olimar.de\/wp-content\/uploads\/2015\/03\/Bica-Aufzug-im-Bairro-Alto.jpg 1824w\" sizes=\"auto, (max-width: 683px) 100vw, 683px\" \/><p id=\"caption-attachment-1438\" class=\"wp-caption-text\">Der Ascensor da Bica in Lissabon<\/p><\/div>\n<div id=\"attachment_1439\" style=\"width: 693px\" class=\"wp-caption aligncenter\"><img loading=\"lazy\" decoding=\"async\" aria-describedby=\"caption-attachment-1439\" class=\"size-large wp-image-1439\" src=\"https:\/\/blog.olimar.de\/wp-content\/uploads\/2015\/03\/Bica-Aufzug-runter-683x1024.jpg\" alt=\"H\u00fcgeliges Lissabon... dies ist die Route des Ascensor da Bica\" width=\"683\" height=\"1024\" srcset=\"https:\/\/blog.olimar.de\/wp-content\/uploads\/2015\/03\/Bica-Aufzug-runter-683x1024.jpg 683w, https:\/\/blog.olimar.de\/wp-content\/uploads\/2015\/03\/Bica-Aufzug-runter-200x300.jpg 200w, https:\/\/blog.olimar.de\/wp-content\/uploads\/2015\/03\/Bica-Aufzug-runter.jpg 912w\" sizes=\"auto, (max-width: 683px) 100vw, 683px\" \/><p id=\"caption-attachment-1439\" class=\"wp-caption-text\">H\u00fcgeliges Lissabon&#8230; dies ist die Route des Ascensor da Bica<\/p><\/div>\n<h2>Mercado da Ribeira<\/h2>\n<p>Wenn Sie Lust auf ein cooleres Ambiente und modernere K\u00fcche haben, dann finden Sie nur wenige Meter unterhalb des Aufzuges da Bica die Markthallen <strong>\u201eMercado da Ribeira\u201c<\/strong>. Eine Eisenkonstruktion mit arabischen Einfl\u00fcssen von 1892 beherbergt seit 2014 ein neues trendiges Konzept (von Time Out) mit 30 St\u00e4nden, die von Sushi \u00fcber ungew\u00f6hnliche Pizzen bis hin zu frischen Austern oder portugiesischer Gourmet-Snack-K\u00fcche alles anbieten. In der Mitte befinden sich lange Holztische, an denen man ganz leger die Nouvelle Cuisine genie\u00dfen kann.<br \/>\nIn der Nebenhalle werden bis mittags weiterhin Gem\u00fcse und Obst verkauft.<br \/>\nAlt und neu nebeneinander!<\/p>\n<div id=\"attachment_1446\" style=\"width: 934px\" class=\"wp-caption aligncenter\"><img loading=\"lazy\" decoding=\"async\" aria-describedby=\"caption-attachment-1446\" class=\"size-full wp-image-1446\" src=\"https:\/\/blog.olimar.de\/wp-content\/uploads\/2015\/03\/Time-Out-Mercado-da-Ribeira-innen.jpg\" alt=\"Tolles Nebeneinander von Tradition und Moderne: die Markthalle Time Out Mercado da Ribeira\" width=\"924\" height=\"616\" srcset=\"https:\/\/blog.olimar.de\/wp-content\/uploads\/2015\/03\/Time-Out-Mercado-da-Ribeira-innen.jpg 924w, https:\/\/blog.olimar.de\/wp-content\/uploads\/2015\/03\/Time-Out-Mercado-da-Ribeira-innen-300x200.jpg 300w, https:\/\/blog.olimar.de\/wp-content\/uploads\/2015\/03\/Time-Out-Mercado-da-Ribeira-innen-840x560.jpg 840w\" sizes=\"auto, (max-width: 924px) 100vw, 924px\" \/><p id=\"caption-attachment-1446\" class=\"wp-caption-text\">Tolles Nebeneinander von Tradition und Moderne: die Markthalle Time Out Mercado da Ribeira<\/p><\/div>\n<div id=\"attachment_1442\" style=\"width: 850px\" class=\"wp-caption aligncenter\"><img loading=\"lazy\" decoding=\"async\" aria-describedby=\"caption-attachment-1442\" class=\"size-large wp-image-1442\" src=\"https:\/\/blog.olimar.de\/wp-content\/uploads\/2015\/03\/leckerer-Schinken-Mercado-da-Ribeira-1024x683.jpg\" alt=\"Schinken und andere K\u00f6stlichkeiten gibte es auf dem Mercado da Ribeira\" width=\"840\" height=\"560\" srcset=\"https:\/\/blog.olimar.de\/wp-content\/uploads\/2015\/03\/leckerer-Schinken-Mercado-da-Ribeira-1024x683.jpg 1024w, https:\/\/blog.olimar.de\/wp-content\/uploads\/2015\/03\/leckerer-Schinken-Mercado-da-Ribeira-300x200.jpg 300w, https:\/\/blog.olimar.de\/wp-content\/uploads\/2015\/03\/leckerer-Schinken-Mercado-da-Ribeira-840x560.jpg 840w, https:\/\/blog.olimar.de\/wp-content\/uploads\/2015\/03\/leckerer-Schinken-Mercado-da-Ribeira.jpg 1053w\" sizes=\"auto, (max-width: 840px) 100vw, 840px\" \/><p id=\"caption-attachment-1442\" class=\"wp-caption-text\">Schinken und andere K\u00f6stlichkeiten gibte es auf dem Mercado da Ribeira<\/p><\/div>\n<div id=\"attachment_1445\" style=\"width: 946px\" class=\"wp-caption aligncenter\"><img loading=\"lazy\" decoding=\"async\" aria-describedby=\"caption-attachment-1445\" class=\"size-full wp-image-1445\" src=\"https:\/\/blog.olimar.de\/wp-content\/uploads\/2015\/03\/nostalgische-Sardinenb\u00fcchsen-Mercado-da-Ribeira.jpg\" alt=\"Auch soetwas ist auf dem Mercado da Ribeira zu finden: Ein Stand voller nostalgischer Sardinenb\u00fcchsen\" width=\"936\" height=\"624\" srcset=\"https:\/\/blog.olimar.de\/wp-content\/uploads\/2015\/03\/nostalgische-Sardinenb\u00fcchsen-Mercado-da-Ribeira.jpg 936w, https:\/\/blog.olimar.de\/wp-content\/uploads\/2015\/03\/nostalgische-Sardinenb\u00fcchsen-Mercado-da-Ribeira-300x200.jpg 300w, https:\/\/blog.olimar.de\/wp-content\/uploads\/2015\/03\/nostalgische-Sardinenb\u00fcchsen-Mercado-da-Ribeira-840x560.jpg 840w\" sizes=\"auto, (max-width: 936px) 100vw, 936px\" \/><p id=\"caption-attachment-1445\" class=\"wp-caption-text\">Auch soetwas ist auf dem Mercado da Ribeira zu finden: Ein Stand voller nostalgischer Sardinenb\u00fcchsen<\/p><\/div>\n<p>Zur\u00fcck ins Hotel muss man nicht laufen. Nehmen Sie doch einfach die Metro und entdecken Sie<br \/>\n<a title=\"Lissabon von unten, Teil 1\" href=\"https:\/\/blog.olimar.de\/lissabon-von-unten-teil-1\/\"><strong>Lissabon von unten, Teil 1.<\/strong><\/a><\/p>\n<div class=\"green-box\">\nOLIMAR Tipps<\/p>\n<table>\n<tbody>\n<tr>\n<td><strong>Noobai Caf\u00e9:<\/strong><\/td>\n<td>\u00d6ffnungszeiten: Montags-Samstags 12:00-22:00 Uhr, Sonntags geschlossen, <a title=\"http:\/\/www.noobaicafe.com\/\" href=\"http:\/\/www.noobaicafe.com\/\" target=\"_blank\" rel=\"noopener\">http:\/\/www.noobaicafe.com\/<\/a><\/td>\n<\/tr>\n<tr>\n<td><strong>Ascensor da Bica:<\/strong><\/td>\n<td>Von Rua de S\u00e3o Paulo zum Largo de Calhariz (Bairro Alto) oder umgekehrt, \u00d6ffnungszeiten: 09:00-20:55 Uhr<\/td>\n<\/tr>\n<tr>\n<td><strong>Time Out Mercado da Ribeira:<\/strong><\/td>\n<td>&nbsp;Avenida 24 de Julho 49, \u00d6ffnungszeiten: 10:00-00:00 (02:00) Uhr,<br \/>\n<a title=\" http:\/\/www.timeout.com\/city-guides\/time-out-mercado-da-ribeira-lisbon\/\" href=\"http:\/\/www.timeout.com\/city-guides\/time-out-mercado-da-ribeira-lisbon\" target=\"_blank\" rel=\"noopener\">http:\/\/www.timeout.com\/city-guides\/time-out-mercado-da-ribeira-lisbon<\/a><\/td>\n<\/tr>\n<\/tbody>\n<\/table>\n<\/div>\n<h2>Karte von Lissabon mit den beschriebenen Highlights<\/h2>\n\n<\/div>\n","protected":false},"excerpt":{"rendered":"<p>Fortsetzung von Lissabon Tipps zum Entdecken &#8211; Teil 2 Miradouro Santa Catarina\/Adamastor Eine neue Perspektive, ein neuer Blickwinkel, und schon erlebt man Lissabon ganz neu&#8230; Begibt man sich zum Miradouro Santa Catarina trifft man auf einen sehr beliebten Aussichtspunkt. Er ist ein Anziehungspunkt der jungen Lissabonner (nicht nur) und nicht selten trifft man hier auf Gitarre spielende Menschen, gerne auch mit Rastalocken, die vertr\u00e4umt auf den Tejo schauen. Dar\u00fcber thront der \u201eAdamastor\u201c, eine riesige Statue aus Stein. Eine Figur, die der Fantasie Cam\u00f5es entsprang und die portugiesischen Seefahrer am Kap der guten Hoffnung vor Gefahren gewarnt haben soll. Aus diesem Grunde &hellip;<\/p>\n","protected":false},"author":16,"featured_media":1441,"comment_status":"open","ping_status":"open","sticky":false,"template":"","format":"standard","meta":{"_crdt_document":"","_lmt_disableupdate":"","_lmt_disable":"","footnotes":""},"categories":[31],"tags":[25,34],"class_list":["post-1430","post","type-post","status-publish","format-standard","has-post-thumbnail","hentry","category-land-leute","tag-lissabon","tag-portugal"],"yoast_head":"<!-- This site is optimized with the Yoast SEO plugin v26.9 - https:\/\/yoast.com\/product\/yoast-seo-wordpress\/ -->\n<title>Lissabon Tipps zum Entdecken - Teil 3 -<\/title>\n<meta name=\"description\" content=\"In Teil 3 unserer Artikel-Reihe gibt unsere OLIMAR Expertin weitere Lissabon-Tipps zu Aussichtspunkten und einer besonderen Markthalle.\" \/>\n<meta name=\"robots\" content=\"index, follow, max-snippet:-1, max-image-preview:large, max-video-preview:-1\" \/>\n<link rel=\"canonical\" href=\"https:\/\/blog.olimar.de\/lissabon-tipps-zum-entdecken-teil-3\/\" \/>\n<meta property=\"og:locale\" content=\"de_DE\" \/>\n<meta property=\"og:type\" content=\"article\" \/>\n<meta property=\"og:title\" content=\"Lissabon Tipps zum Entdecken - Teil 3 -\" \/>\n<meta property=\"og:description\" content=\"In Teil 3 unserer Artikel-Reihe gibt unsere OLIMAR Expertin weitere Lissabon-Tipps zu Aussichtspunkten und einer besonderen Markthalle.\" \/>\n<meta property=\"og:url\" content=\"https:\/\/blog.olimar.de\/lissabon-tipps-zum-entdecken-teil-3\/\" \/>\n<meta property=\"article:publisher\" content=\"https:\/\/www.facebook.com\/OlimarReisen\" \/>\n<meta property=\"article:published_time\" content=\"2015-03-24T17:38:54+00:00\" \/>\n<meta property=\"article:modified_time\" content=\"2021-04-06T17:16:03+00:00\" \/>\n<meta property=\"og:image\" content=\"https:\/\/i0.wp.com\/blog.olimar.de\/wp-content\/uploads\/2015\/03\/kleines-Schw\u00e4tzchen-auf-der-Bica-Strecke.jpg?fit=996%2C664&ssl=1\" \/>\n\t<meta property=\"og:image:width\" content=\"996\" \/>\n\t<meta property=\"og:image:height\" content=\"664\" \/>\n\t<meta property=\"og:image:type\" content=\"image\/jpeg\" \/>\n<meta name=\"author\" content=\"Margarete Rosa\" \/>\n<meta name=\"twitter:label1\" content=\"Verfasst von\" \/>\n\t<meta name=\"twitter:data1\" content=\"Margarete Rosa\" \/>\n\t<meta name=\"twitter:label2\" content=\"Gesch\u00e4tzte Lesezeit\" \/>\n\t<meta name=\"twitter:data2\" content=\"3\u00a0Minuten\" \/>\n<script type=\"application\/ld+json\" class=\"yoast-schema-graph\">{\"@context\":\"https:\/\/schema.org\",\"@graph\":[{\"@type\":\"WebPage\",\"@id\":\"https:\/\/blog.olimar.de\/lissabon-tipps-zum-entdecken-teil-3\/\",\"url\":\"https:\/\/blog.olimar.de\/lissabon-tipps-zum-entdecken-teil-3\/\",\"name\":\"Lissabon Tipps zum Entdecken - Teil 3 -\",\"isPartOf\":{\"@id\":\"https:\/\/blog.olimar.de\/#website\"},\"primaryImageOfPage\":{\"@id\":\"https:\/\/blog.olimar.de\/lissabon-tipps-zum-entdecken-teil-3\/#primaryimage\"},\"image\":{\"@id\":\"https:\/\/blog.olimar.de\/lissabon-tipps-zum-entdecken-teil-3\/#primaryimage\"},\"thumbnailUrl\":\"https:\/\/blog.olimar.de\/wp-content\/uploads\/2015\/03\/kleines-Schw\u00e4tzchen-auf-der-Bica-Strecke.jpg\",\"datePublished\":\"2015-03-24T17:38:54+00:00\",\"dateModified\":\"2021-04-06T17:16:03+00:00\",\"description\":\"In Teil 3 unserer Artikel-Reihe gibt unsere OLIMAR Expertin weitere Lissabon-Tipps zu Aussichtspunkten und einer besonderen Markthalle.\",\"breadcrumb\":{\"@id\":\"https:\/\/blog.olimar.de\/lissabon-tipps-zum-entdecken-teil-3\/#breadcrumb\"},\"inLanguage\":\"de\",\"potentialAction\":[{\"@type\":\"ReadAction\",\"target\":[\"https:\/\/blog.olimar.de\/lissabon-tipps-zum-entdecken-teil-3\/\"]}]},{\"@type\":\"ImageObject\",\"inLanguage\":\"de\",\"@id\":\"https:\/\/blog.olimar.de\/lissabon-tipps-zum-entdecken-teil-3\/#primaryimage\",\"url\":\"https:\/\/blog.olimar.de\/wp-content\/uploads\/2015\/03\/kleines-Schw\u00e4tzchen-auf-der-Bica-Strecke.jpg\",\"contentUrl\":\"https:\/\/blog.olimar.de\/wp-content\/uploads\/2015\/03\/kleines-Schw\u00e4tzchen-auf-der-Bica-Strecke.jpg\",\"width\":996,\"height\":664,\"caption\":\"Bica-Strecke Lissabon Stra\u00dfenbahn\"},{\"@type\":\"BreadcrumbList\",\"@id\":\"https:\/\/blog.olimar.de\/lissabon-tipps-zum-entdecken-teil-3\/#breadcrumb\",\"itemListElement\":[{\"@type\":\"ListItem\",\"position\":1,\"name\":\"Home\",\"item\":\"https:\/\/blog.olimar.de\/\"},{\"@type\":\"ListItem\",\"position\":2,\"name\":\"Lissabon\",\"item\":\"https:\/\/blog.olimar.de\/tag\/lissabon\/\"},{\"@type\":\"ListItem\",\"position\":3,\"name\":\"Lissabon Tipps zum Entdecken &#8211; Teil 3\"}]},{\"@type\":\"WebSite\",\"@id\":\"https:\/\/blog.olimar.de\/#website\",\"url\":\"https:\/\/blog.olimar.de\/\",\"name\":\"OLIMAR.com\",\"description\":\"\",\"publisher\":{\"@id\":\"https:\/\/blog.olimar.de\/#organization\"},\"potentialAction\":[{\"@type\":\"SearchAction\",\"target\":{\"@type\":\"EntryPoint\",\"urlTemplate\":\"https:\/\/blog.olimar.de\/?s={search_term_string}\"},\"query-input\":{\"@type\":\"PropertyValueSpecification\",\"valueRequired\":true,\"valueName\":\"search_term_string\"}}],\"inLanguage\":\"de\"},{\"@type\":\"Organization\",\"@id\":\"https:\/\/blog.olimar.de\/#organization\",\"name\":\"OLIMAR Reisen\",\"url\":\"https:\/\/blog.olimar.de\/\",\"logo\":{\"@type\":\"ImageObject\",\"inLanguage\":\"de\",\"@id\":\"https:\/\/blog.olimar.de\/#\/schema\/logo\/image\/\",\"url\":\"https:\/\/blog.olimar.de\/wp-content\/uploads\/2021\/01\/OLIMAR_Logo_COLOR.png\",\"contentUrl\":\"https:\/\/blog.olimar.de\/wp-content\/uploads\/2021\/01\/OLIMAR_Logo_COLOR.png\",\"width\":2000,\"height\":986,\"caption\":\"OLIMAR Reisen\"},\"image\":{\"@id\":\"https:\/\/blog.olimar.de\/#\/schema\/logo\/image\/\"},\"sameAs\":[\"https:\/\/www.facebook.com\/OlimarReisen\",\"https:\/\/x.com\/olimarrreisen\",\"https:\/\/www.instagram.com\/olimarreisen\",\"https:\/\/www.youtube.com\/user\/olimarreisen\"]}]}<\/script>\n<!-- \/ Yoast SEO plugin. -->","yoast_head_json":{"title":"Lissabon Tipps zum Entdecken - Teil 3 -","description":"In Teil 3 unserer Artikel-Reihe gibt unsere OLIMAR Expertin weitere Lissabon-Tipps zu Aussichtspunkten und einer besonderen Markthalle.","robots":{"index":"index","follow":"follow","max-snippet":"max-snippet:-1","max-image-preview":"max-image-preview:large","max-video-preview":"max-video-preview:-1"},"canonical":"https:\/\/blog.olimar.de\/lissabon-tipps-zum-entdecken-teil-3\/","og_locale":"de_DE","og_type":"article","og_title":"Lissabon Tipps zum Entdecken - Teil 3 -","og_description":"In Teil 3 unserer Artikel-Reihe gibt unsere OLIMAR Expertin weitere Lissabon-Tipps zu Aussichtspunkten und einer besonderen Markthalle.","og_url":"https:\/\/blog.olimar.de\/lissabon-tipps-zum-entdecken-teil-3\/","article_publisher":"https:\/\/www.facebook.com\/OlimarReisen","article_published_time":"2015-03-24T17:38:54+00:00","article_modified_time":"2021-04-06T17:16:03+00:00","og_image":[{"width":996,"height":664,"url":"https:\/\/i0.wp.com\/blog.olimar.de\/wp-content\/uploads\/2015\/03\/kleines-Schw\u00e4tzchen-auf-der-Bica-Strecke.jpg?fit=996%2C664&ssl=1","type":"image\/jpeg"}],"author":"Margarete Rosa","twitter_misc":{"Verfasst von":"Margarete Rosa","Gesch\u00e4tzte Lesezeit":"3\u00a0Minuten"},"schema":{"@context":"https:\/\/schema.org","@graph":[{"@type":"WebPage","@id":"https:\/\/blog.olimar.de\/lissabon-tipps-zum-entdecken-teil-3\/","url":"https:\/\/blog.olimar.de\/lissabon-tipps-zum-entdecken-teil-3\/","name":"Lissabon Tipps zum Entdecken - Teil 3 -","isPartOf":{"@id":"https:\/\/blog.olimar.de\/#website"},"primaryImageOfPage":{"@id":"https:\/\/blog.olimar.de\/lissabon-tipps-zum-entdecken-teil-3\/#primaryimage"},"image":{"@id":"https:\/\/blog.olimar.de\/lissabon-tipps-zum-entdecken-teil-3\/#primaryimage"},"thumbnailUrl":"https:\/\/blog.olimar.de\/wp-content\/uploads\/2015\/03\/kleines-Schw\u00e4tzchen-auf-der-Bica-Strecke.jpg","datePublished":"2015-03-24T17:38:54+00:00","dateModified":"2021-04-06T17:16:03+00:00","description":"In Teil 3 unserer Artikel-Reihe gibt unsere OLIMAR Expertin weitere Lissabon-Tipps zu Aussichtspunkten und einer besonderen Markthalle.","breadcrumb":{"@id":"https:\/\/blog.olimar.de\/lissabon-tipps-zum-entdecken-teil-3\/#breadcrumb"},"inLanguage":"de","potentialAction":[{"@type":"ReadAction","target":["https:\/\/blog.olimar.de\/lissabon-tipps-zum-entdecken-teil-3\/"]}]},{"@type":"ImageObject","inLanguage":"de","@id":"https:\/\/blog.olimar.de\/lissabon-tipps-zum-entdecken-teil-3\/#primaryimage","url":"https:\/\/blog.olimar.de\/wp-content\/uploads\/2015\/03\/kleines-Schw\u00e4tzchen-auf-der-Bica-Strecke.jpg","contentUrl":"https:\/\/blog.olimar.de\/wp-content\/uploads\/2015\/03\/kleines-Schw\u00e4tzchen-auf-der-Bica-Strecke.jpg","width":996,"height":664,"caption":"Bica-Strecke Lissabon Stra\u00dfenbahn"},{"@type":"BreadcrumbList","@id":"https:\/\/blog.olimar.de\/lissabon-tipps-zum-entdecken-teil-3\/#breadcrumb","itemListElement":[{"@type":"ListItem","position":1,"name":"Home","item":"https:\/\/blog.olimar.de\/"},{"@type":"ListItem","position":2,"name":"Lissabon","item":"https:\/\/blog.olimar.de\/tag\/lissabon\/"},{"@type":"ListItem","position":3,"name":"Lissabon Tipps zum Entdecken &#8211; Teil 3"}]},{"@type":"WebSite","@id":"https:\/\/blog.olimar.de\/#website","url":"https:\/\/blog.olimar.de\/","name":"OLIMAR.com","description":"","publisher":{"@id":"https:\/\/blog.olimar.de\/#organization"},"potentialAction":[{"@type":"SearchAction","target":{"@type":"EntryPoint","urlTemplate":"https:\/\/blog.olimar.de\/?s={search_term_string}"},"query-input":{"@type":"PropertyValueSpecification","valueRequired":true,"valueName":"search_term_string"}}],"inLanguage":"de"},{"@type":"Organization","@id":"https:\/\/blog.olimar.de\/#organization","name":"OLIMAR Reisen","url":"https:\/\/blog.olimar.de\/","logo":{"@type":"ImageObject","inLanguage":"de","@id":"https:\/\/blog.olimar.de\/#\/schema\/logo\/image\/","url":"https:\/\/blog.olimar.de\/wp-content\/uploads\/2021\/01\/OLIMAR_Logo_COLOR.png","contentUrl":"https:\/\/blog.olimar.de\/wp-content\/uploads\/2021\/01\/OLIMAR_Logo_COLOR.png","width":2000,"height":986,"caption":"OLIMAR Reisen"},"image":{"@id":"https:\/\/blog.olimar.de\/#\/schema\/logo\/image\/"},"sameAs":["https:\/\/www.facebook.com\/OlimarReisen","https:\/\/x.com\/olimarrreisen","https:\/\/www.instagram.com\/olimarreisen","https:\/\/www.youtube.com\/user\/olimarreisen"]}]}},"modified_by":"Sabine Wonner","jetpack_featured_media_url":"https:\/\/blog.olimar.de\/wp-content\/uploads\/2015\/03\/kleines-Schw\u00e4tzchen-auf-der-Bica-Strecke.jpg","_links":{"self":[{"href":"https:\/\/blog.olimar.de\/wp-json\/wp\/v2\/posts\/1430","targetHints":{"allow":["GET"]}}],"collection":[{"href":"https:\/\/blog.olimar.de\/wp-json\/wp\/v2\/posts"}],"about":[{"href":"https:\/\/blog.olimar.de\/wp-json\/wp\/v2\/types\/post"}],"author":[{"embeddable":true,"href":"https:\/\/blog.olimar.de\/wp-json\/wp\/v2\/users\/16"}],"replies":[{"embeddable":true,"href":"https:\/\/blog.olimar.de\/wp-json\/wp\/v2\/comments?post=1430"}],"version-history":[{"count":44,"href":"https:\/\/blog.olimar.de\/wp-json\/wp\/v2\/posts\/1430\/revisions"}],"predecessor-version":[{"id":16368,"href":"https:\/\/blog.olimar.de\/wp-json\/wp\/v2\/posts\/1430\/revisions\/16368"}],"wp:featuredmedia":[{"embeddable":true,"href":"https:\/\/blog.olimar.de\/wp-json\/wp\/v2\/media\/1441"}],"wp:attachment":[{"href":"https:\/\/blog.olimar.de\/wp-json\/wp\/v2\/media?parent=1430"}],"wp:term":[{"taxonomy":"category","embeddable":true,"href":"https:\/\/blog.olimar.de\/wp-json\/wp\/v2\/categories?post=1430"},{"taxonomy":"post_tag","embeddable":true,"href":"https:\/\/blog.olimar.de\/wp-json\/wp\/v2\/tags?post=1430"}],"curies":[{"name":"wp","href":"https:\/\/api.w.org\/{rel}","templated":true}]}}