{"id":14442,"date":"2020-09-23T15:43:53","date_gmt":"2020-09-23T14:43:53","guid":{"rendered":"https:\/\/blog.olimar.de\/?p=14442"},"modified":"2023-05-26T18:08:10","modified_gmt":"2023-05-26T17:08:10","slug":"gourmetkuche-mit-strandpanorama-lagos","status":"publish","type":"post","link":"https:\/\/blog.olimar.de\/gourmetkuche-mit-strandpanorama-lagos\/","title":{"rendered":"Restaurant Vivendo: Gourmetk\u00fcche mit Strandblick"},"content":{"rendered":"\n<p><strong>Vor der Kulisse des pr\u00e4chtigen Meia Praia in Lagos genie\u00dfen G\u00e4ste des Restaurants Vivendo mediterrane Speisen auf Gourmet-Niveau. K\u00fcchenchef Christoph Voigt erz\u00e4hlt uns, was hinter dem Lokal steckt.<\/strong><\/p>\n\n\n\n<div class=\"wp-block-buttons is-layout-flex wp-block-buttons-is-layout-flex\">\n<div class=\"wp-block-button\"><a class=\"wp-block-button__link wp-element-button\" href=\"https:\/\/www.olimar.de\/portugal\/algarve\/\">Algarve Reiseangebote und Hoteltipps entdecken<\/a><\/div>\n<\/div>\n\n\n\n<h2 class=\"wp-block-heading\"><strong>Interview mit K\u00fcchenchef Herr Voigt: <\/strong><\/h2>\n\n\n\n<h4><strong>Wie kommt ein deutscher Koch dazu, ein Restaurant an der Algarve zu leiten?<\/strong><\/h4>\n<p><strong>C.V.:<\/strong> Schon w\u00e4hrend meiner Ausbildung hat mich die M\u00f6glichkeit, im Ausland zu arbeiten interessiert. Zeitgleich war die mediterrane K\u00fcche schon immer mein Steckenpferd. So habe ich die Chance ergriffen und bin an die <a href=\"https:\/\/www.olimar.de\/portugal\/algarve\/\">Algarve<\/a> gekommen, um mit den bestm\u00f6glichen Produkten aus Portugal arbeiten zu k\u00f6nnen.<\/p>\n\n\n<div class=\"wp-block-image\">\n<figure class=\"aligncenter size-large is-resized\"><img loading=\"lazy\" decoding=\"async\" src=\"https:\/\/blog.olimar.de\/wp-content\/uploads\/2020\/09\/IMG-20200830_2-3.jpg-Kopie-3-831x1024.jpg\" alt=\"Portrait des K\u00fcchenchefs Herr Voigt \" class=\"wp-image-14454\" width=\"255\" height=\"313\" srcset=\"https:\/\/blog.olimar.de\/wp-content\/uploads\/2020\/09\/IMG-20200830_2-3.jpg-Kopie-3-831x1024.jpg 831w, https:\/\/blog.olimar.de\/wp-content\/uploads\/2020\/09\/IMG-20200830_2-3.jpg-Kopie-3-768x947.jpg 768w, https:\/\/blog.olimar.de\/wp-content\/uploads\/2020\/09\/IMG-20200830_2-3.jpg-Kopie-3.jpg 864w\" sizes=\"auto, (max-width: 255px) 100vw, 255px\" \/><\/figure>\n<\/div>\n\n\n<h4><strong>Was macht Ihr Restaurant besonders? Wie unterscheidet es sich zu anderen?<\/strong><\/h4>\n<p><strong>C.V.:<\/strong> Unser Hauptaugenmerk liegt auf der Frische und der Qualit\u00e4t der ausgew\u00e4hlten Produkte. Und da kommt es auf jede einzelne Zutat an, daher lautet unser Motto auch \u201ekein unn\u00f6tiger Schnickschnack auf dem Teller\u201c.<\/p>\n\n\n\n<figure class=\"wp-block-gallery has-nested-images columns-default is-cropped wp-block-gallery-1 is-layout-flex wp-block-gallery-is-layout-flex\">\n<figure class=\"wp-block-image size-large\"><img loading=\"lazy\" decoding=\"async\" width=\"768\" height=\"1024\" data-id=\"14452\" src=\"https:\/\/blog.olimar.de\/wp-content\/uploads\/2020\/09\/IMG-20200130-WA0000-768x1024.jpg\" alt=\"Essen stilvoll angerichtet \" class=\"wp-image-14452\" srcset=\"https:\/\/blog.olimar.de\/wp-content\/uploads\/2020\/09\/IMG-20200130-WA0000-768x1024.jpg 768w, https:\/\/blog.olimar.de\/wp-content\/uploads\/2020\/09\/IMG-20200130-WA0000-225x300.jpg 225w, https:\/\/blog.olimar.de\/wp-content\/uploads\/2020\/09\/IMG-20200130-WA0000-1152x1536.jpg 1152w, https:\/\/blog.olimar.de\/wp-content\/uploads\/2020\/09\/IMG-20200130-WA0000-420x560.jpg 420w, https:\/\/blog.olimar.de\/wp-content\/uploads\/2020\/09\/IMG-20200130-WA0000.jpg 1440w\" sizes=\"auto, (max-width: 768px) 100vw, 768px\" \/><\/figure>\n\n\n\n<figure class=\"wp-block-image size-large\"><img loading=\"lazy\" decoding=\"async\" width=\"768\" height=\"1024\" data-id=\"14449\" src=\"https:\/\/blog.olimar.de\/wp-content\/uploads\/2020\/09\/IMG-20200130-WA0002-768x1024.jpg\" alt=\"Sch\u00f6n angerichtetes Essen des Kochs \" class=\"wp-image-14449\" srcset=\"https:\/\/blog.olimar.de\/wp-content\/uploads\/2020\/09\/IMG-20200130-WA0002-768x1024.jpg 768w, https:\/\/blog.olimar.de\/wp-content\/uploads\/2020\/09\/IMG-20200130-WA0002-225x300.jpg 225w, https:\/\/blog.olimar.de\/wp-content\/uploads\/2020\/09\/IMG-20200130-WA0002-1152x1536.jpg 1152w, https:\/\/blog.olimar.de\/wp-content\/uploads\/2020\/09\/IMG-20200130-WA0002-420x560.jpg 420w, https:\/\/blog.olimar.de\/wp-content\/uploads\/2020\/09\/IMG-20200130-WA0002.jpg 1440w\" sizes=\"auto, (max-width: 768px) 100vw, 768px\" \/><\/figure>\n\n\n\n<figure class=\"wp-block-image size-large\"><img loading=\"lazy\" decoding=\"async\" width=\"1024\" height=\"1024\" data-id=\"14450\" src=\"https:\/\/blog.olimar.de\/wp-content\/uploads\/2020\/09\/IMG-20200121-WA0000-1024x1024.jpg\" alt=\"Nachtisch - sch\u00f6n angerichtet \" class=\"wp-image-14450\" srcset=\"https:\/\/blog.olimar.de\/wp-content\/uploads\/2020\/09\/IMG-20200121-WA0000-1024x1024.jpg 1024w, https:\/\/blog.olimar.de\/wp-content\/uploads\/2020\/09\/IMG-20200121-WA0000-300x300.jpg 300w, https:\/\/blog.olimar.de\/wp-content\/uploads\/2020\/09\/IMG-20200121-WA0000-150x150.jpg 150w, https:\/\/blog.olimar.de\/wp-content\/uploads\/2020\/09\/IMG-20200121-WA0000-768x768.jpg 768w, https:\/\/blog.olimar.de\/wp-content\/uploads\/2020\/09\/IMG-20200121-WA0000-1536x1536.jpg 1536w, https:\/\/blog.olimar.de\/wp-content\/uploads\/2020\/09\/IMG-20200121-WA0000-120x120.jpg 120w, https:\/\/blog.olimar.de\/wp-content\/uploads\/2020\/09\/IMG-20200121-WA0000.jpg 1920w\" sizes=\"auto, (max-width: 1024px) 100vw, 1024px\" \/><\/figure>\n<\/figure>\n\n\n\n<h4><strong>Was essen Sie von Ihrer Speisekarte am liebsten?<\/strong><\/h4>\n<p><strong>C.V.:<\/strong> Unsere Pastagerichte, die wir in verschiedenen Varianten anbieten, vegetarisch, mit Garnelen oder Rinderfiletstreifen. Der marktfrische Fisch, von mir selbst ausgesucht und das gegrillte Iberico Schwein aus dem Alentejo.<\/p>\n\n\n\n<h4><strong>Worin unterscheidet sich Ihrer Meinung die Algarve-K\u00fcche zu anderen Regionalk\u00fcchen Portugals?<\/strong><\/h4>\n<p><strong>C.V.:<\/strong> Ganz klar durch die Meeresfr\u00fcchte und der frische Fisch von unserer K\u00fcste.<\/p>\n\n\n<div class=\"wp-block-image\">\n<figure class=\"aligncenter size-large is-resized\"><img loading=\"lazy\" decoding=\"async\" src=\"https:\/\/blog.olimar.de\/wp-content\/uploads\/2020\/09\/IMG-20200124-WA0000-2-1024x498.jpg\" alt=\"Teller mit Meeresfr\u00fcchten sch\u00f6n angerichtet \" class=\"wp-image-14461\" width=\"453\" height=\"220\" srcset=\"https:\/\/blog.olimar.de\/wp-content\/uploads\/2020\/09\/IMG-20200124-WA0000-2-1024x498.jpg 1024w, https:\/\/blog.olimar.de\/wp-content\/uploads\/2020\/09\/IMG-20200124-WA0000-2-300x146.jpg 300w, https:\/\/blog.olimar.de\/wp-content\/uploads\/2020\/09\/IMG-20200124-WA0000-2-768x373.jpg 768w, https:\/\/blog.olimar.de\/wp-content\/uploads\/2020\/09\/IMG-20200124-WA0000-2-1536x746.jpg 1536w, https:\/\/blog.olimar.de\/wp-content\/uploads\/2020\/09\/IMG-20200124-WA0000-2-rotated.jpg 1920w\" sizes=\"auto, (max-width: 453px) 100vw, 453px\" \/><\/figure>\n<\/div>\n\n\n<p>Wenn Sie in Lagos oder bald an die Algarve reisen und auch bei Sonnenuntergang vor traumhafter Strandkulisse dinieren m\u00f6chten, sollten Sie bei Christoph Voigt einen Tisch reservieren (Tel. +351 967 237 463). Das Restaurant ist t\u00e4glich von Dienstag bis Sonntag von 18:30 Uhr bis 23:00 Uhr ge\u00f6ffnet. Adresse: Rua Ruy Belo \u2013 Estrada da Meia Praia, Lagos.<\/p>\n<p>Bom apetite! &#8211; Guten Appetit!<\/p>\n<div>&nbsp;<\/div>\n\n\n<div class=\"wp-block-image\">\n<figure class=\"aligncenter size-large is-resized\"><img loading=\"lazy\" decoding=\"async\" src=\"https:\/\/blog.olimar.de\/wp-content\/uploads\/2020\/09\/Silves_2014-09-03_16-05-39_02-1024x680.jpg\" alt=\"Restaurant von au\u00dfen \" class=\"wp-image-14445\" width=\"458\" height=\"304\" srcset=\"https:\/\/blog.olimar.de\/wp-content\/uploads\/2020\/09\/Silves_2014-09-03_16-05-39_02-1024x680.jpg 1024w, https:\/\/blog.olimar.de\/wp-content\/uploads\/2020\/09\/Silves_2014-09-03_16-05-39_02-300x199.jpg 300w, https:\/\/blog.olimar.de\/wp-content\/uploads\/2020\/09\/Silves_2014-09-03_16-05-39_02-768x510.jpg 768w, https:\/\/blog.olimar.de\/wp-content\/uploads\/2020\/09\/Silves_2014-09-03_16-05-39_02-1536x1020.jpg 1536w, https:\/\/blog.olimar.de\/wp-content\/uploads\/2020\/09\/Silves_2014-09-03_16-05-39_02-2048x1360.jpg 2048w, https:\/\/blog.olimar.de\/wp-content\/uploads\/2020\/09\/Silves_2014-09-03_16-05-39_02-840x560.jpg 840w, https:\/\/blog.olimar.de\/wp-content\/uploads\/2020\/09\/Silves_2014-09-03_16-05-39_02-1200x800.jpg 1200w\" sizes=\"auto, (max-width: 458px) 100vw, 458px\" \/><\/figure>\n<\/div>\n\n\n<p>Zu empfehlen sind ebenso die Appartements der <a href=\"https:\/\/rms.olimar.de\/code\/FAO207\"><strong>Vila Palmeira <\/strong><\/a>nebenan: Die sch\u00f6ne Gartenanlage mit Wasserl\u00e4ufen und beheiztem Pool beherbergt 42 gro\u00dfz\u00fcgige und geschmackvoll eingerichtete Ferienwohnungen.<\/p>\n\n\n<div class=\"wp-block-image\">\n<figure class=\"aligncenter size-large is-resized\"><img loading=\"lazy\" decoding=\"async\" src=\"https:\/\/blog.olimar.de\/wp-content\/uploads\/2020\/09\/fao207-a-aussenansicht2014.jpg\" alt=\"Gartenanlage der Appartements der Vila Palmeira \" class=\"wp-image-14463\" width=\"478\" height=\"317\" srcset=\"https:\/\/blog.olimar.de\/wp-content\/uploads\/2020\/09\/fao207-a-aussenansicht2014.jpg 931w, https:\/\/blog.olimar.de\/wp-content\/uploads\/2020\/09\/fao207-a-aussenansicht2014-300x199.jpg 300w, https:\/\/blog.olimar.de\/wp-content\/uploads\/2020\/09\/fao207-a-aussenansicht2014-768x510.jpg 768w\" sizes=\"auto, (max-width: 478px) 100vw, 478px\" \/><\/figure>\n<\/div>\n\n\n\n\n<div style=\"height:50px\" aria-hidden=\"true\" class=\"wp-block-spacer\"><\/div>\n\n\n\n<div class=\"wp-block-buttons is-layout-flex wp-block-buttons-is-layout-flex\">\n<div class=\"wp-block-button\"><a class=\"wp-block-button__link wp-element-button\" href=\"https:\/\/www.olimar.de\/hotellistung\/\">Jetzt Urlaubsangebote finden und buchen<\/a><\/div>\n<\/div>\n\n\n\n<div style=\"height:100px\" aria-hidden=\"true\" class=\"wp-block-spacer\"><\/div>\n","protected":false},"excerpt":{"rendered":"<p>Vor der Kulisse des pr\u00e4chtigen Meia Praia in Lagos genie\u00dfen G\u00e4ste des Restaurants Vivendo mediterrane Speisen auf Gourmet-Niveau. K\u00fcchenchef Christoph Voigt erz\u00e4hlt uns, was hinter dem Lokal steckt. Interview mit K\u00fcchenchef Herr Voigt: Wie kommt ein deutscher Koch dazu, ein Restaurant an der Algarve zu leiten? C.V.: Schon w\u00e4hrend meiner Ausbildung hat mich die M\u00f6glichkeit, im Ausland zu arbeiten interessiert. Zeitgleich war die mediterrane K\u00fcche schon immer mein Steckenpferd. So habe ich die Chance ergriffen und bin an die Algarve gekommen, um mit den bestm\u00f6glichen Produkten aus Portugal arbeiten zu k\u00f6nnen. Was macht Ihr Restaurant besonders? Wie unterscheidet es sich zu &hellip;<\/p>\n","protected":false},"author":9,"featured_media":16118,"comment_status":"open","ping_status":"open","sticky":false,"template":"","format":"standard","meta":{"_crdt_document":"","_lmt_disableupdate":"","_lmt_disable":"","footnotes":""},"categories":[30],"tags":[24,34,20],"class_list":["post-14442","post","type-post","status-publish","format-standard","has-post-thumbnail","hentry","category-kulinarik-genuss","tag-algarve","tag-portugal","tag-slider"],"yoast_head":"<!-- This site is optimized with the Yoast SEO plugin v26.9 - https:\/\/yoast.com\/product\/yoast-seo-wordpress\/ -->\n<title>Restaurant Vivendo: Gourmetk\u00fcche mit Strandblick -<\/title>\n<meta name=\"description\" content=\"Vor der Kulisse des Meia Praia\/Algarve genie\u00dfen G\u00e4ste des Restaurants Speisen auf Gourmet-Niveau. Ein Interview K\u00fcchenchef Voigt.\" \/>\n<meta name=\"robots\" content=\"index, follow, max-snippet:-1, max-image-preview:large, max-video-preview:-1\" \/>\n<link rel=\"canonical\" href=\"https:\/\/blog.olimar.de\/gourmetkuche-mit-strandpanorama-lagos\/\" \/>\n<meta property=\"og:locale\" content=\"de_DE\" \/>\n<meta property=\"og:type\" content=\"article\" \/>\n<meta property=\"og:title\" content=\"Restaurant Vivendo: Gourmetk\u00fcche mit Strandblick -\" \/>\n<meta property=\"og:description\" content=\"Vor der Kulisse des Meia Praia\/Algarve genie\u00dfen G\u00e4ste des Restaurants Speisen auf Gourmet-Niveau. Ein Interview K\u00fcchenchef Voigt.\" \/>\n<meta property=\"og:url\" content=\"https:\/\/blog.olimar.de\/gourmetkuche-mit-strandpanorama-lagos\/\" \/>\n<meta property=\"article:publisher\" content=\"https:\/\/www.facebook.com\/OlimarReisen\" \/>\n<meta property=\"article:published_time\" content=\"2020-09-23T14:43:53+00:00\" \/>\n<meta property=\"article:modified_time\" content=\"2023-05-26T17:08:10+00:00\" \/>\n<meta property=\"og:image\" content=\"https:\/\/blog.olimar.de\/wp-content\/uploads\/2020\/09\/Meia-Praia.jpg\" \/>\n\t<meta property=\"og:image:width\" content=\"2224\" \/>\n\t<meta property=\"og:image:height\" content=\"1654\" \/>\n\t<meta property=\"og:image:type\" content=\"image\/jpeg\" \/>\n<meta name=\"author\" content=\"OLIMAR Redaktionsteam\" \/>\n<meta name=\"twitter:label1\" content=\"Verfasst von\" \/>\n\t<meta name=\"twitter:data1\" content=\"OLIMAR Redaktionsteam\" \/>\n\t<meta name=\"twitter:label2\" content=\"Gesch\u00e4tzte Lesezeit\" \/>\n\t<meta name=\"twitter:data2\" content=\"4\u00a0Minuten\" \/>\n<script type=\"application\/ld+json\" class=\"yoast-schema-graph\">{\"@context\":\"https:\/\/schema.org\",\"@graph\":[{\"@type\":\"WebPage\",\"@id\":\"https:\/\/blog.olimar.de\/gourmetkuche-mit-strandpanorama-lagos\/\",\"url\":\"https:\/\/blog.olimar.de\/gourmetkuche-mit-strandpanorama-lagos\/\",\"name\":\"Restaurant Vivendo: Gourmetk\u00fcche mit Strandblick -\",\"isPartOf\":{\"@id\":\"https:\/\/blog.olimar.de\/#website\"},\"primaryImageOfPage\":{\"@id\":\"https:\/\/blog.olimar.de\/gourmetkuche-mit-strandpanorama-lagos\/#primaryimage\"},\"image\":{\"@id\":\"https:\/\/blog.olimar.de\/gourmetkuche-mit-strandpanorama-lagos\/#primaryimage\"},\"thumbnailUrl\":\"https:\/\/blog.olimar.de\/wp-content\/uploads\/2020\/09\/Meia-Praia.jpg\",\"datePublished\":\"2020-09-23T14:43:53+00:00\",\"dateModified\":\"2023-05-26T17:08:10+00:00\",\"description\":\"Vor der Kulisse des Meia Praia\/Algarve genie\u00dfen G\u00e4ste des Restaurants Speisen auf Gourmet-Niveau. Ein Interview K\u00fcchenchef Voigt.\",\"breadcrumb\":{\"@id\":\"https:\/\/blog.olimar.de\/gourmetkuche-mit-strandpanorama-lagos\/#breadcrumb\"},\"inLanguage\":\"de\",\"potentialAction\":[{\"@type\":\"ReadAction\",\"target\":[\"https:\/\/blog.olimar.de\/gourmetkuche-mit-strandpanorama-lagos\/\"]}]},{\"@type\":\"ImageObject\",\"inLanguage\":\"de\",\"@id\":\"https:\/\/blog.olimar.de\/gourmetkuche-mit-strandpanorama-lagos\/#primaryimage\",\"url\":\"https:\/\/blog.olimar.de\/wp-content\/uploads\/2020\/09\/Meia-Praia.jpg\",\"contentUrl\":\"https:\/\/blog.olimar.de\/wp-content\/uploads\/2020\/09\/Meia-Praia.jpg\",\"width\":2224,\"height\":1654,\"caption\":\"Str\u00e4nde Algarve Meia Praia\"},{\"@type\":\"BreadcrumbList\",\"@id\":\"https:\/\/blog.olimar.de\/gourmetkuche-mit-strandpanorama-lagos\/#breadcrumb\",\"itemListElement\":[{\"@type\":\"ListItem\",\"position\":1,\"name\":\"Home\",\"item\":\"https:\/\/blog.olimar.de\/\"},{\"@type\":\"ListItem\",\"position\":2,\"name\":\"Algarve\",\"item\":\"https:\/\/blog.olimar.de\/tag\/algarve\/\"},{\"@type\":\"ListItem\",\"position\":3,\"name\":\"Restaurant Vivendo: Gourmetk\u00fcche mit Strandblick\"}]},{\"@type\":\"WebSite\",\"@id\":\"https:\/\/blog.olimar.de\/#website\",\"url\":\"https:\/\/blog.olimar.de\/\",\"name\":\"OLIMAR.com\",\"description\":\"\",\"publisher\":{\"@id\":\"https:\/\/blog.olimar.de\/#organization\"},\"potentialAction\":[{\"@type\":\"SearchAction\",\"target\":{\"@type\":\"EntryPoint\",\"urlTemplate\":\"https:\/\/blog.olimar.de\/?s={search_term_string}\"},\"query-input\":{\"@type\":\"PropertyValueSpecification\",\"valueRequired\":true,\"valueName\":\"search_term_string\"}}],\"inLanguage\":\"de\"},{\"@type\":\"Organization\",\"@id\":\"https:\/\/blog.olimar.de\/#organization\",\"name\":\"OLIMAR Reisen\",\"url\":\"https:\/\/blog.olimar.de\/\",\"logo\":{\"@type\":\"ImageObject\",\"inLanguage\":\"de\",\"@id\":\"https:\/\/blog.olimar.de\/#\/schema\/logo\/image\/\",\"url\":\"https:\/\/blog.olimar.de\/wp-content\/uploads\/2021\/01\/OLIMAR_Logo_COLOR.png\",\"contentUrl\":\"https:\/\/blog.olimar.de\/wp-content\/uploads\/2021\/01\/OLIMAR_Logo_COLOR.png\",\"width\":2000,\"height\":986,\"caption\":\"OLIMAR Reisen\"},\"image\":{\"@id\":\"https:\/\/blog.olimar.de\/#\/schema\/logo\/image\/\"},\"sameAs\":[\"https:\/\/www.facebook.com\/OlimarReisen\",\"https:\/\/x.com\/olimarrreisen\",\"https:\/\/www.instagram.com\/olimarreisen\",\"https:\/\/www.youtube.com\/user\/olimarreisen\"]}]}<\/script>\n<!-- \/ Yoast SEO plugin. -->","yoast_head_json":{"title":"Restaurant Vivendo: Gourmetk\u00fcche mit Strandblick -","description":"Vor der Kulisse des Meia Praia\/Algarve genie\u00dfen G\u00e4ste des Restaurants Speisen auf Gourmet-Niveau. Ein Interview K\u00fcchenchef Voigt.","robots":{"index":"index","follow":"follow","max-snippet":"max-snippet:-1","max-image-preview":"max-image-preview:large","max-video-preview":"max-video-preview:-1"},"canonical":"https:\/\/blog.olimar.de\/gourmetkuche-mit-strandpanorama-lagos\/","og_locale":"de_DE","og_type":"article","og_title":"Restaurant Vivendo: Gourmetk\u00fcche mit Strandblick -","og_description":"Vor der Kulisse des Meia Praia\/Algarve genie\u00dfen G\u00e4ste des Restaurants Speisen auf Gourmet-Niveau. Ein Interview K\u00fcchenchef Voigt.","og_url":"https:\/\/blog.olimar.de\/gourmetkuche-mit-strandpanorama-lagos\/","article_publisher":"https:\/\/www.facebook.com\/OlimarReisen","article_published_time":"2020-09-23T14:43:53+00:00","article_modified_time":"2023-05-26T17:08:10+00:00","og_image":[{"width":2224,"height":1654,"url":"https:\/\/blog.olimar.de\/wp-content\/uploads\/2020\/09\/Meia-Praia.jpg","type":"image\/jpeg"}],"author":"OLIMAR Redaktionsteam","twitter_misc":{"Verfasst von":"OLIMAR Redaktionsteam","Gesch\u00e4tzte Lesezeit":"4\u00a0Minuten"},"schema":{"@context":"https:\/\/schema.org","@graph":[{"@type":"WebPage","@id":"https:\/\/blog.olimar.de\/gourmetkuche-mit-strandpanorama-lagos\/","url":"https:\/\/blog.olimar.de\/gourmetkuche-mit-strandpanorama-lagos\/","name":"Restaurant Vivendo: Gourmetk\u00fcche mit Strandblick -","isPartOf":{"@id":"https:\/\/blog.olimar.de\/#website"},"primaryImageOfPage":{"@id":"https:\/\/blog.olimar.de\/gourmetkuche-mit-strandpanorama-lagos\/#primaryimage"},"image":{"@id":"https:\/\/blog.olimar.de\/gourmetkuche-mit-strandpanorama-lagos\/#primaryimage"},"thumbnailUrl":"https:\/\/blog.olimar.de\/wp-content\/uploads\/2020\/09\/Meia-Praia.jpg","datePublished":"2020-09-23T14:43:53+00:00","dateModified":"2023-05-26T17:08:10+00:00","description":"Vor der Kulisse des Meia Praia\/Algarve genie\u00dfen G\u00e4ste des Restaurants Speisen auf Gourmet-Niveau. Ein Interview K\u00fcchenchef Voigt.","breadcrumb":{"@id":"https:\/\/blog.olimar.de\/gourmetkuche-mit-strandpanorama-lagos\/#breadcrumb"},"inLanguage":"de","potentialAction":[{"@type":"ReadAction","target":["https:\/\/blog.olimar.de\/gourmetkuche-mit-strandpanorama-lagos\/"]}]},{"@type":"ImageObject","inLanguage":"de","@id":"https:\/\/blog.olimar.de\/gourmetkuche-mit-strandpanorama-lagos\/#primaryimage","url":"https:\/\/blog.olimar.de\/wp-content\/uploads\/2020\/09\/Meia-Praia.jpg","contentUrl":"https:\/\/blog.olimar.de\/wp-content\/uploads\/2020\/09\/Meia-Praia.jpg","width":2224,"height":1654,"caption":"Str\u00e4nde Algarve Meia Praia"},{"@type":"BreadcrumbList","@id":"https:\/\/blog.olimar.de\/gourmetkuche-mit-strandpanorama-lagos\/#breadcrumb","itemListElement":[{"@type":"ListItem","position":1,"name":"Home","item":"https:\/\/blog.olimar.de\/"},{"@type":"ListItem","position":2,"name":"Algarve","item":"https:\/\/blog.olimar.de\/tag\/algarve\/"},{"@type":"ListItem","position":3,"name":"Restaurant Vivendo: Gourmetk\u00fcche mit Strandblick"}]},{"@type":"WebSite","@id":"https:\/\/blog.olimar.de\/#website","url":"https:\/\/blog.olimar.de\/","name":"OLIMAR.com","description":"","publisher":{"@id":"https:\/\/blog.olimar.de\/#organization"},"potentialAction":[{"@type":"SearchAction","target":{"@type":"EntryPoint","urlTemplate":"https:\/\/blog.olimar.de\/?s={search_term_string}"},"query-input":{"@type":"PropertyValueSpecification","valueRequired":true,"valueName":"search_term_string"}}],"inLanguage":"de"},{"@type":"Organization","@id":"https:\/\/blog.olimar.de\/#organization","name":"OLIMAR Reisen","url":"https:\/\/blog.olimar.de\/","logo":{"@type":"ImageObject","inLanguage":"de","@id":"https:\/\/blog.olimar.de\/#\/schema\/logo\/image\/","url":"https:\/\/blog.olimar.de\/wp-content\/uploads\/2021\/01\/OLIMAR_Logo_COLOR.png","contentUrl":"https:\/\/blog.olimar.de\/wp-content\/uploads\/2021\/01\/OLIMAR_Logo_COLOR.png","width":2000,"height":986,"caption":"OLIMAR Reisen"},"image":{"@id":"https:\/\/blog.olimar.de\/#\/schema\/logo\/image\/"},"sameAs":["https:\/\/www.facebook.com\/OlimarReisen","https:\/\/x.com\/olimarrreisen","https:\/\/www.instagram.com\/olimarreisen","https:\/\/www.youtube.com\/user\/olimarreisen"]}]}},"modified_by":"Lena Radermacher","jetpack_featured_media_url":"https:\/\/blog.olimar.de\/wp-content\/uploads\/2020\/09\/Meia-Praia.jpg","_links":{"self":[{"href":"https:\/\/blog.olimar.de\/wp-json\/wp\/v2\/posts\/14442","targetHints":{"allow":["GET"]}}],"collection":[{"href":"https:\/\/blog.olimar.de\/wp-json\/wp\/v2\/posts"}],"about":[{"href":"https:\/\/blog.olimar.de\/wp-json\/wp\/v2\/types\/post"}],"author":[{"embeddable":true,"href":"https:\/\/blog.olimar.de\/wp-json\/wp\/v2\/users\/9"}],"replies":[{"embeddable":true,"href":"https:\/\/blog.olimar.de\/wp-json\/wp\/v2\/comments?post=14442"}],"version-history":[{"count":28,"href":"https:\/\/blog.olimar.de\/wp-json\/wp\/v2\/posts\/14442\/revisions"}],"predecessor-version":[{"id":25669,"href":"https:\/\/blog.olimar.de\/wp-json\/wp\/v2\/posts\/14442\/revisions\/25669"}],"wp:featuredmedia":[{"embeddable":true,"href":"https:\/\/blog.olimar.de\/wp-json\/wp\/v2\/media\/16118"}],"wp:attachment":[{"href":"https:\/\/blog.olimar.de\/wp-json\/wp\/v2\/media?parent=14442"}],"wp:term":[{"taxonomy":"category","embeddable":true,"href":"https:\/\/blog.olimar.de\/wp-json\/wp\/v2\/categories?post=14442"},{"taxonomy":"post_tag","embeddable":true,"href":"https:\/\/blog.olimar.de\/wp-json\/wp\/v2\/tags?post=14442"}],"curies":[{"name":"wp","href":"https:\/\/api.w.org\/{rel}","templated":true}]}}