{"id":14491,"date":"2020-10-06T14:00:24","date_gmt":"2020-10-06T13:00:24","guid":{"rendered":"https:\/\/blog.olimar.de\/?p=14491"},"modified":"2024-02-21T09:31:54","modified_gmt":"2024-02-21T08:31:54","slug":"weinernte-im-alto-douro","status":"publish","type":"post","link":"https:\/\/blog.olimar.de\/weinernte-im-alto-douro\/","title":{"rendered":"Weinernte im Alto Douro"},"content":{"rendered":"\n<p><strong>Wein mit Tradition \u2013 die \u00e4lteste deklarierte Weinregion der Welt entstand im Jahr 1756. Unsere Autorin hat die Weinernte in Nordportugal hautnah miterlebt.<\/strong><\/p>\n\n\n\n<div class=\"wp-block-buttons is-layout-flex wp-block-buttons-is-layout-flex\">\n<div class=\"wp-block-button\"><a class=\"wp-block-button__link wp-element-button\" href=\"https:\/\/www.olimar.de\/portugal\/der-norden\/das-dourotal\/\">Dourotal Reisenagebote und Hoteltipps entdecken<\/a><\/div>\n<\/div>\n\n\n\n<div style=\"height:25px\" aria-hidden=\"true\" class=\"wp-block-spacer\"><\/div>\n\n\n\n<p>Jos\u00e9, seine Frau, zwei weitere Paare, zwei einzelne Frauen und ich sind an diesem Freitag Ende September auf der Quinta da Pacheca um mitzuerleben, wie Wein gemacht wird. Unser Guide Hugo begr\u00fc\u00dft uns und gibt jedem ein T-Shirt und einen Sonnenhut.<\/p>\n\n\n\n<p>Die Quinta da Pacheca befindet sich in der Weinregion Alto Douro. Die Landschaft mit den steilen Ufern und Weinfeldern ist seit 2001 UNESCO-Weltkulturerbe. Und nur hier, in diesem speziellen Klima, wird der <a href=\"https:\/\/www.olimar.de\/blog\/portwein\/\">Portwein<\/a> hergestellt. Die Trauben werden von Hand geerntet und f\u00fcr einige Sorten wird der Wein noch mit den F\u00fc\u00dfen gestampft. Und deswegen sind wir hier \u2013 um Trauben zu ernten und Wein zu stampfen. Aber erst mal gibt es Fr\u00fchst\u00fcck.<\/p>\n\n\n\n<h3 id=\"block-2dae7d8e-5fbf-43e3-8e67-18340e3f1b03\" class=\"block-editor-block-list__block wp-block is-selected rich-text block-editor-rich-text__editable wp-block\" tabindex=\"0\" role=\"textbox\" aria-label=\"Schreib eine \u00dcberschrift\u2026\" aria-multiline=\"true\" data-block=\"2dae7d8e-5fbf-43e3-8e67-18340e3f1b03\" data-type=\"core\/heading\" data-title=\"\u00dcberschrift\"><strong data-rich-text-format-boundary=\"true\">Zwiebelsuppe, Sardinen &amp; Wein<\/strong><\/h3>\n<p>\u201eWir m\u00f6chten so authentisch wie m\u00f6glich vermitteln, wie ein traditioneller Tag Weinernte abl\u00e4uft\u201c, sagt Hugo, als er unsere erstaunten Blicke sieht. Jeder hat eine Zwiebelsuppe vor sich stehen. Ich wei\u00df nicht \u2013 Zwiebelsuppe zum Fr\u00fchst\u00fcck?<\/p>\n\n\n\n<p>Aber die Zwiebelsuppe schmeckt ausgezeichnet, dazu gibt es Wein. Auch das wird traditionell so gewesen sein. Allerdings fingen die Arbeiter schon morgens um 6 Uhr an, und die Zwiebelsuppe am Vormittag war f\u00fcr sie das <em>pequeno a<\/em><em>lmo\u00e7o<\/em>, das \u201ekleine Mittagessen\u201c. Nach der Suppe gibt es zwei Sardinen, lecker knusprig gebraten. Und dazu <em>Broa<\/em>, das traditionelle Maisbrot des Nordens.<\/p>\n\n\n<div class=\"wp-block-image\">\n<figure class=\"aligncenter size-large is-resized\"><img loading=\"lazy\" decoding=\"async\" src=\"https:\/\/blog.olimar.de\/wp-content\/uploads\/2020\/10\/Zwiebelsuppe-zum-Fruehstueck-1024x768.jpg\" alt=\"\" class=\"wp-image-14493\" width=\"497\" height=\"373\" srcset=\"https:\/\/blog.olimar.de\/wp-content\/uploads\/2020\/10\/Zwiebelsuppe-zum-Fruehstueck-1024x768.jpg 1024w, https:\/\/blog.olimar.de\/wp-content\/uploads\/2020\/10\/Zwiebelsuppe-zum-Fruehstueck-300x225.jpg 300w, https:\/\/blog.olimar.de\/wp-content\/uploads\/2020\/10\/Zwiebelsuppe-zum-Fruehstueck-768x576.jpg 768w, https:\/\/blog.olimar.de\/wp-content\/uploads\/2020\/10\/Zwiebelsuppe-zum-Fruehstueck-1536x1152.jpg 1536w, https:\/\/blog.olimar.de\/wp-content\/uploads\/2020\/10\/Zwiebelsuppe-zum-Fruehstueck-2048x1536.jpg 2048w\" sizes=\"auto, (max-width: 497px) 100vw, 497px\" \/><figcaption class=\"wp-element-caption\"><em>Zwiebelsuppe zum Fr\u00fchst\u00fcck<\/em><\/figcaption><\/figure>\n<\/div>\n\n\n<p>So gest\u00e4rkt machen wir uns auf den Weg in die Weinfelder. Die Arbeit in den Weinfeldern im Douro-Gebiet ist hart. &#8220;<em>Nove meses de inverno, tr\u00eas meses de inferno&#8221;<\/em>, beschreibt eine Redensart das Klima im <a href=\"https:\/\/rms.olimar.de\/code\/OPOX88\">Dourotal<\/a>: neun Monate Winter, drei Monate H\u00f6lle, also lange kalte Winter gefolgt von h\u00f6llischer Hitze.<\/p>\n<p>Ausger\u00fcstet mit einem schwarzen Eimer und einer Schere gehen wir zu den Weinfeldern. Wir haben unsere Sonnenh\u00fcte auf, aber zum Gl\u00fcck ist es ein frischer Morgen. Hugo zeigt uns, wie man die Trauben erntet: Er entfernt zuerst ein paar Weinbl\u00e4tter,\u00a0 dann fasst er die Traube vorsichtig unten an und schneidet sie oben ab. Jetzt sind wir an der Reihe. Ich schneide die Trauben und sammele sie in meinem Eimer. In den Reihen stehen graue K\u00e4sten. Wenn der Eimer voll ist, werden die Trauben in die K\u00e4sten gesch\u00fcttet. Hugo schafft neue K\u00e4sten ran, wir sind n\u00e4mlich ganz sch\u00f6n schnell! Und es macht richtig Spa\u00df.<\/p>\n\n\n<div class=\"wp-block-image\">\n<figure class=\"aligncenter size-large is-resized\"><img loading=\"lazy\" decoding=\"async\" src=\"https:\/\/blog.olimar.de\/wp-content\/uploads\/2020\/10\/auf-dem-Weg-zum-Weinfeld-1024x768.jpg\" alt=\"\" class=\"wp-image-14500\" width=\"496\" height=\"372\" srcset=\"https:\/\/blog.olimar.de\/wp-content\/uploads\/2020\/10\/auf-dem-Weg-zum-Weinfeld-1024x768.jpg 1024w, https:\/\/blog.olimar.de\/wp-content\/uploads\/2020\/10\/auf-dem-Weg-zum-Weinfeld-300x225.jpg 300w, https:\/\/blog.olimar.de\/wp-content\/uploads\/2020\/10\/auf-dem-Weg-zum-Weinfeld-768x576.jpg 768w, https:\/\/blog.olimar.de\/wp-content\/uploads\/2020\/10\/auf-dem-Weg-zum-Weinfeld-1536x1152.jpg 1536w, https:\/\/blog.olimar.de\/wp-content\/uploads\/2020\/10\/auf-dem-Weg-zum-Weinfeld-2048x1536.jpg 2048w\" sizes=\"auto, (max-width: 496px) 100vw, 496px\" \/><figcaption class=\"wp-element-caption\"><em>Auf dem Weg zum Weinfeld<\/em><\/figcaption><\/figure>\n<\/div>\n\n\n<p class=\"wp-block-paragraph\">Der weite Blick \u00fcber die Reihen von Weinst\u00f6cken, das Gef\u00fchl der Trauben in der Hand, der leicht s\u00fc\u00dfliche Geruch \u2013 es f\u00fchlt sich einfach gut an. Wir sind fast ein bisschen entt\u00e4uscht, als Hugo unseren Einsatz f\u00fcr beendet erkl\u00e4rt.<\/p>\n\n\n<div class=\"wp-block-image\">\n<figure class=\"aligncenter size-large is-resized\"><img loading=\"lazy\" decoding=\"async\" src=\"https:\/\/blog.olimar.de\/wp-content\/uploads\/2020\/10\/lange-Reihen-von-Weinstoecken-685x1024.jpg\" alt=\"\" class=\"wp-image-14497\" width=\"455\" height=\"683\"\/><figcaption class=\"wp-element-caption\">Die Arbeit ruft!<\/figcaption><\/figure>\n<\/div>\n\n\n<h3 class=\"wp-block-heading\"><strong>N\u00e4chste Etappe: Wein stampfen<\/strong><\/h3>\n\n\n\n<p class=\"wp-block-paragraph\">Auf dem Weg in die Adega gibt es einen Zwischenstopp und zur St\u00e4rkung einen Portwein. Und dann kommt der Teil, der f\u00fcr alle neu und spannend ist. Wir gehen in die Halle, in der die Maische in gro\u00dfen Granitbecken wabert. Dunkelrot, matschig, glibschig \u2013 und da soll ich reinsteigen? Mit nackten Beinen?<\/p>\n\n\n\n<p class=\"wp-block-paragraph\">In der Umkleidekabine liegen ein gro\u00dfer Stapel dunkelblauer Shorts aus grobem Stoff und Handt\u00fccher. Daf\u00fcr ist also das T-Shirt gedacht: um uns vor hartn\u00e4ckigen Rotweinflecken sch\u00fctzen.<\/p>\n\n\n\n<p class=\"wp-block-paragraph\">Die F\u00fc\u00dfe werden abgesp\u00fclt, dann steige vorsichtig \u00fcber den Beckenrand. Schlie\u00dflich will ich nicht in die Maische fallen. Die Maische ist erstaunlich hoch, geht bis an die Knie. Sie f\u00fchlt sich kalt an. Zun\u00e4chst. Ein paar vorsichtige Schritte. Nach ein paar Schritten f\u00fchlt es sich warm an. Nach einer Weile sogar angenehm.<\/p>\n\n\n<div class=\"wp-block-image\">\n<figure class=\"aligncenter size-large is-resized\"><img loading=\"lazy\" decoding=\"async\" src=\"https:\/\/blog.olimar.de\/wp-content\/uploads\/2020\/10\/Das-Stampfen-der-Trauben-1024x768.jpg\" alt=\"\" class=\"wp-image-14503\" width=\"488\" height=\"366\" srcset=\"https:\/\/blog.olimar.de\/wp-content\/uploads\/2020\/10\/Das-Stampfen-der-Trauben-1024x768.jpg 1024w, https:\/\/blog.olimar.de\/wp-content\/uploads\/2020\/10\/Das-Stampfen-der-Trauben-300x225.jpg 300w, https:\/\/blog.olimar.de\/wp-content\/uploads\/2020\/10\/Das-Stampfen-der-Trauben-768x576.jpg 768w, https:\/\/blog.olimar.de\/wp-content\/uploads\/2020\/10\/Das-Stampfen-der-Trauben-1536x1152.jpg 1536w, https:\/\/blog.olimar.de\/wp-content\/uploads\/2020\/10\/Das-Stampfen-der-Trauben-2048x1536.jpg 2048w\" sizes=\"auto, (max-width: 488px) 100vw, 488px\" \/><figcaption class=\"wp-element-caption\"><em>Das Stampfen der Trauben<\/em><\/figcaption><\/figure>\n<\/div>\n\n\n<p class=\"wp-block-paragraph\">Eine Teilnehmerin schl\u00e4gt vor, dass wir wie die traditionellen Stampfer gemeinsam durch das Becken gehen. Hugo erkl\u00e4rt, wie es funktioniert. Also stellen wir uns in eine Reihe. Eine Frau gibt den Rhythmus vor. Langsam, langsam, wir sind zu schnell, aber dann wird es, zentimeterweise r\u00fccken wir vor, schade, dass es keine Musik gibt, so wie man es auf alten Fotos sieht, wenn jemand Akkordeon spielt.<\/p>\n\n\n\n<p class=\"wp-block-paragraph\">Das Essen ist wirklich fantastisch. Wir sitzen wieder in dem Pavillon aus Glas, in dem wir schon Zwiebelsuppe gefr\u00fchst\u00fcckt haben. Das Licht ist milde und wir haben einen tollen Blick auf die H\u00fcgel des Douro-Gebietes. Es gibt ein 4-G\u00e4nge-Men\u00fc und dazu verschiedene Weine des Weingutes. Zur Nachspeise \u2013 Leite Creme mit frischem Obst \u2013 gibt es zwei verschiedene Portweine. Der 30 Jahre alte Tawny schimmert golden und riecht w\u00fcrzig.<\/p>\n\n\n<div class=\"wp-block-image\">\n<figure class=\"aligncenter size-large is-resized\"><img loading=\"lazy\" decoding=\"async\" src=\"https:\/\/blog.olimar.de\/wp-content\/uploads\/2020\/10\/Der-Wein-wird-in-Holzfaessern-gelagert-1024x768.jpg\" alt=\"\" class=\"wp-image-14504\" width=\"493\" height=\"370\" srcset=\"https:\/\/blog.olimar.de\/wp-content\/uploads\/2020\/10\/Der-Wein-wird-in-Holzfaessern-gelagert-1024x768.jpg 1024w, https:\/\/blog.olimar.de\/wp-content\/uploads\/2020\/10\/Der-Wein-wird-in-Holzfaessern-gelagert-300x225.jpg 300w, https:\/\/blog.olimar.de\/wp-content\/uploads\/2020\/10\/Der-Wein-wird-in-Holzfaessern-gelagert-768x576.jpg 768w, https:\/\/blog.olimar.de\/wp-content\/uploads\/2020\/10\/Der-Wein-wird-in-Holzfaessern-gelagert-1536x1152.jpg 1536w, https:\/\/blog.olimar.de\/wp-content\/uploads\/2020\/10\/Der-Wein-wird-in-Holzfaessern-gelagert-2048x1536.jpg 2048w\" sizes=\"auto, (max-width: 493px) 100vw, 493px\" \/><figcaption class=\"wp-element-caption\"><em>Der Wein wird in Holzf\u00e4ssern gelagert<\/em><\/figcaption><\/figure>\n<\/div>\n\n\n<p class=\"wp-block-paragraph\">\u201eW\u00e4re es nicht sch\u00f6n, wenn wir eine Flasche mit dem Portwein kaufen k\u00f6nnten, den wir gestampft haben?\u201c, hatte einer der Teilnehmer Hugo gefragt. K\u00f6nnen wir wom\u00f6glich, denn wenn ich n\u00e4chstes Jahr eine Flasche Portwein der Quinta da Pacheca kaufe, ist das vielleicht der Fall.&nbsp;<\/p>\n\n\n<div class=\"wp-block-image\">\n<figure class=\"aligncenter size-large is-resized\"><img loading=\"lazy\" decoding=\"async\" src=\"https:\/\/blog.olimar.de\/wp-content\/uploads\/2020\/10\/Blick-auf-das-Douro-Tal-1024x768.jpg\" alt=\"\" class=\"wp-image-14492\" width=\"537\" height=\"403\" srcset=\"https:\/\/blog.olimar.de\/wp-content\/uploads\/2020\/10\/Blick-auf-das-Douro-Tal-1024x768.jpg 1024w, https:\/\/blog.olimar.de\/wp-content\/uploads\/2020\/10\/Blick-auf-das-Douro-Tal-300x225.jpg 300w, https:\/\/blog.olimar.de\/wp-content\/uploads\/2020\/10\/Blick-auf-das-Douro-Tal-768x576.jpg 768w, https:\/\/blog.olimar.de\/wp-content\/uploads\/2020\/10\/Blick-auf-das-Douro-Tal-1536x1152.jpg 1536w, https:\/\/blog.olimar.de\/wp-content\/uploads\/2020\/10\/Blick-auf-das-Douro-Tal-2048x1536.jpg 2048w\" sizes=\"auto, (max-width: 537px) 100vw, 537px\" \/><figcaption class=\"wp-element-caption\"><em>Blick ins Dourotal<\/em><\/figcaption><\/figure>\n<\/div>\n\n\n<h3 class=\"wp-block-heading\"><strong>Urlaub auf einem Weingut in Nordportugal<\/strong><\/h3>\n\n\n\n<p>Zur Zeit der Weinernte im September bieten einige Weing\u00fcter am Douro die M\u00f6glichkeit, Trauben zu ernten und zu stampfen. So z.B. im Weingut\u00a0 Quinta da Pacheca, wo man im angeschlossenen <a href=\"https:\/\/rms.olimar.de\/code\/opo661\">The Wine House Hotel<\/a> \u00fcbernachten kann. Das kleine, charmante Boutiquehotel liegt himmlich ruhig am S\u00fcdufer des Flusses. Hier hat man das Gef\u00fchl, Urlaub bei Freunden zu machen!<\/p>\n\n\n<div class=\"wp-block-image\">\n<figure class=\"aligncenter size-large is-resized\"><img loading=\"lazy\" decoding=\"async\" src=\"https:\/\/blog.olimar.de\/wp-content\/uploads\/2020\/10\/opo661-a-outside.jpg\" alt=\"\" class=\"wp-image-14521\" width=\"373\" height=\"248\" srcset=\"https:\/\/blog.olimar.de\/wp-content\/uploads\/2020\/10\/opo661-a-outside.jpg 927w, https:\/\/blog.olimar.de\/wp-content\/uploads\/2020\/10\/opo661-a-outside-300x200.jpg 300w, https:\/\/blog.olimar.de\/wp-content\/uploads\/2020\/10\/opo661-a-outside-768x512.jpg 768w, https:\/\/blog.olimar.de\/wp-content\/uploads\/2020\/10\/opo661-a-outside-840x560.jpg 840w\" sizes=\"auto, (max-width: 373px) 100vw, 373px\" \/><\/figure>\n<\/div>\n\n<div class=\"wp-block-image\">\n<figure class=\"aligncenter size-large is-resized\"><img loading=\"lazy\" decoding=\"async\" src=\"https:\/\/blog.olimar.de\/wp-content\/uploads\/2020\/10\/opo661-x-wineyardsa.jpg\" alt=\"\" class=\"wp-image-14520\" width=\"373\" height=\"294\" srcset=\"https:\/\/blog.olimar.de\/wp-content\/uploads\/2020\/10\/opo661-x-wineyardsa.jpg 781w, https:\/\/blog.olimar.de\/wp-content\/uploads\/2020\/10\/opo661-x-wineyardsa-300x237.jpg 300w, https:\/\/blog.olimar.de\/wp-content\/uploads\/2020\/10\/opo661-x-wineyardsa-768x608.jpg 768w\" sizes=\"auto, (max-width: 373px) 100vw, 373px\" \/><\/figure>\n<\/div>\n\n\n<div style=\"height:50px\" aria-hidden=\"true\" class=\"wp-block-spacer\"><\/div>\n\n\n\n<div class=\"wp-block-buttons is-layout-flex wp-block-buttons-is-layout-flex\">\n<div class=\"wp-block-button\"><a class=\"wp-block-button__link wp-element-button\" href=\"https:\/\/www.olimar.de\/hotellistung\/\">Jetzt Urlaubsangebote finden und buchen<\/a><\/div>\n<\/div>\n\n\n\n<div style=\"height:100px\" aria-hidden=\"true\" class=\"wp-block-spacer\"><\/div>\n\n\n","protected":false},"excerpt":{"rendered":"<p>Wein mit Tradition \u2013 die \u00e4lteste deklarierte Weinregion der Welt entstand im Jahr 1756. Unsere Autorin hat die Weinernte in Nordportugal hautnah miterlebt.<\/p>\n","protected":false},"author":76,"featured_media":14525,"comment_status":"open","ping_status":"open","sticky":false,"template":"","format":"standard","meta":{"_crdt_document":"","_lmt_disableupdate":"","_lmt_disable":"","footnotes":""},"categories":[29,30,31],"tags":[211,145,34,20],"class_list":["post-14491","post","type-post","status-publish","format-standard","has-post-thumbnail","hentry","category-aktiv-natur","category-kulinarik-genuss","category-land-leute","tag-dourotal","tag-nordportugal","tag-portugal","tag-slider"],"yoast_head":"<!-- This site is optimized with the Yoast SEO plugin v26.9 - https:\/\/yoast.com\/product\/yoast-seo-wordpress\/ -->\n<title>Weinernte im Alto Douro -<\/title>\n<meta name=\"description\" content=\"Die weltber\u00fchmte Weinernte in Nordportugal ist ein pures Erlebnis! Unsere Autorin hat das Weinanbaugebiet erkundet und gibt Insider Tipps.\" \/>\n<meta name=\"robots\" content=\"index, follow, max-snippet:-1, max-image-preview:large, max-video-preview:-1\" \/>\n<link rel=\"canonical\" href=\"https:\/\/blog.olimar.de\/weinernte-im-alto-douro\/\" \/>\n<meta property=\"og:locale\" content=\"de_DE\" \/>\n<meta property=\"og:type\" content=\"article\" \/>\n<meta property=\"og:title\" content=\"Weinernte im Alto Douro -\" \/>\n<meta property=\"og:description\" content=\"Die weltber\u00fchmte Weinernte in Nordportugal ist ein pures Erlebnis! Unsere Autorin hat das Weinanbaugebiet erkundet und gibt Insider Tipps.\" \/>\n<meta property=\"og:url\" content=\"https:\/\/blog.olimar.de\/weinernte-im-alto-douro\/\" \/>\n<meta property=\"article:publisher\" content=\"https:\/\/www.facebook.com\/OlimarReisen\" \/>\n<meta property=\"article:published_time\" content=\"2020-10-06T13:00:24+00:00\" \/>\n<meta property=\"article:modified_time\" content=\"2024-02-21T08:31:54+00:00\" \/>\n<meta property=\"og:image\" content=\"https:\/\/blog.olimar.de\/wp-content\/uploads\/2020\/10\/Ernte-1.jpg\" \/>\n\t<meta property=\"og:image:width\" content=\"768\" \/>\n\t<meta property=\"og:image:height\" content=\"494\" \/>\n\t<meta property=\"og:image:type\" content=\"image\/jpeg\" \/>\n<meta name=\"author\" content=\"Annegret Heinold\" \/>\n<meta name=\"twitter:label1\" content=\"Verfasst von\" \/>\n\t<meta name=\"twitter:data1\" content=\"Annegret Heinold\" \/>\n\t<meta name=\"twitter:label2\" content=\"Gesch\u00e4tzte Lesezeit\" \/>\n\t<meta name=\"twitter:data2\" content=\"7\u00a0Minuten\" \/>\n<script type=\"application\/ld+json\" class=\"yoast-schema-graph\">{\"@context\":\"https:\/\/schema.org\",\"@graph\":[{\"@type\":\"WebPage\",\"@id\":\"https:\/\/blog.olimar.de\/weinernte-im-alto-douro\/\",\"url\":\"https:\/\/blog.olimar.de\/weinernte-im-alto-douro\/\",\"name\":\"Weinernte im Alto Douro -\",\"isPartOf\":{\"@id\":\"https:\/\/blog.olimar.de\/#website\"},\"primaryImageOfPage\":{\"@id\":\"https:\/\/blog.olimar.de\/weinernte-im-alto-douro\/#primaryimage\"},\"image\":{\"@id\":\"https:\/\/blog.olimar.de\/weinernte-im-alto-douro\/#primaryimage\"},\"thumbnailUrl\":\"https:\/\/blog.olimar.de\/wp-content\/uploads\/2020\/10\/Ernte-1.jpg\",\"datePublished\":\"2020-10-06T13:00:24+00:00\",\"dateModified\":\"2024-02-21T08:31:54+00:00\",\"description\":\"Die weltber\u00fchmte Weinernte in Nordportugal ist ein pures Erlebnis! Unsere Autorin hat das Weinanbaugebiet erkundet und gibt Insider Tipps.\",\"breadcrumb\":{\"@id\":\"https:\/\/blog.olimar.de\/weinernte-im-alto-douro\/#breadcrumb\"},\"inLanguage\":\"de\",\"potentialAction\":[{\"@type\":\"ReadAction\",\"target\":[\"https:\/\/blog.olimar.de\/weinernte-im-alto-douro\/\"]}]},{\"@type\":\"ImageObject\",\"inLanguage\":\"de\",\"@id\":\"https:\/\/blog.olimar.de\/weinernte-im-alto-douro\/#primaryimage\",\"url\":\"https:\/\/blog.olimar.de\/wp-content\/uploads\/2020\/10\/Ernte-1.jpg\",\"contentUrl\":\"https:\/\/blog.olimar.de\/wp-content\/uploads\/2020\/10\/Ernte-1.jpg\",\"width\":768,\"height\":494,\"caption\":\"Portugal Alto Douro Weinernte\"},{\"@type\":\"BreadcrumbList\",\"@id\":\"https:\/\/blog.olimar.de\/weinernte-im-alto-douro\/#breadcrumb\",\"itemListElement\":[{\"@type\":\"ListItem\",\"position\":1,\"name\":\"Home\",\"item\":\"https:\/\/blog.olimar.de\/\"},{\"@type\":\"ListItem\",\"position\":2,\"name\":\"Dourotal\",\"item\":\"https:\/\/blog.olimar.de\/tag\/dourotal\/\"},{\"@type\":\"ListItem\",\"position\":3,\"name\":\"Weinernte im Alto Douro\"}]},{\"@type\":\"WebSite\",\"@id\":\"https:\/\/blog.olimar.de\/#website\",\"url\":\"https:\/\/blog.olimar.de\/\",\"name\":\"OLIMAR.com\",\"description\":\"\",\"publisher\":{\"@id\":\"https:\/\/blog.olimar.de\/#organization\"},\"potentialAction\":[{\"@type\":\"SearchAction\",\"target\":{\"@type\":\"EntryPoint\",\"urlTemplate\":\"https:\/\/blog.olimar.de\/?s={search_term_string}\"},\"query-input\":{\"@type\":\"PropertyValueSpecification\",\"valueRequired\":true,\"valueName\":\"search_term_string\"}}],\"inLanguage\":\"de\"},{\"@type\":\"Organization\",\"@id\":\"https:\/\/blog.olimar.de\/#organization\",\"name\":\"OLIMAR Reisen\",\"url\":\"https:\/\/blog.olimar.de\/\",\"logo\":{\"@type\":\"ImageObject\",\"inLanguage\":\"de\",\"@id\":\"https:\/\/blog.olimar.de\/#\/schema\/logo\/image\/\",\"url\":\"https:\/\/blog.olimar.de\/wp-content\/uploads\/2021\/01\/OLIMAR_Logo_COLOR.png\",\"contentUrl\":\"https:\/\/blog.olimar.de\/wp-content\/uploads\/2021\/01\/OLIMAR_Logo_COLOR.png\",\"width\":2000,\"height\":986,\"caption\":\"OLIMAR Reisen\"},\"image\":{\"@id\":\"https:\/\/blog.olimar.de\/#\/schema\/logo\/image\/\"},\"sameAs\":[\"https:\/\/www.facebook.com\/OlimarReisen\",\"https:\/\/x.com\/olimarrreisen\",\"https:\/\/www.instagram.com\/olimarreisen\",\"https:\/\/www.youtube.com\/user\/olimarreisen\"]}]}<\/script>\n<!-- \/ Yoast SEO plugin. -->","yoast_head_json":{"title":"Weinernte im Alto Douro -","description":"Die weltber\u00fchmte Weinernte in Nordportugal ist ein pures Erlebnis! Unsere Autorin hat das Weinanbaugebiet erkundet und gibt Insider Tipps.","robots":{"index":"index","follow":"follow","max-snippet":"max-snippet:-1","max-image-preview":"max-image-preview:large","max-video-preview":"max-video-preview:-1"},"canonical":"https:\/\/blog.olimar.de\/weinernte-im-alto-douro\/","og_locale":"de_DE","og_type":"article","og_title":"Weinernte im Alto Douro -","og_description":"Die weltber\u00fchmte Weinernte in Nordportugal ist ein pures Erlebnis! Unsere Autorin hat das Weinanbaugebiet erkundet und gibt Insider Tipps.","og_url":"https:\/\/blog.olimar.de\/weinernte-im-alto-douro\/","article_publisher":"https:\/\/www.facebook.com\/OlimarReisen","article_published_time":"2020-10-06T13:00:24+00:00","article_modified_time":"2024-02-21T08:31:54+00:00","og_image":[{"width":768,"height":494,"url":"https:\/\/blog.olimar.de\/wp-content\/uploads\/2020\/10\/Ernte-1.jpg","type":"image\/jpeg"}],"author":"Annegret Heinold","twitter_misc":{"Verfasst von":"Annegret Heinold","Gesch\u00e4tzte Lesezeit":"7\u00a0Minuten"},"schema":{"@context":"https:\/\/schema.org","@graph":[{"@type":"WebPage","@id":"https:\/\/blog.olimar.de\/weinernte-im-alto-douro\/","url":"https:\/\/blog.olimar.de\/weinernte-im-alto-douro\/","name":"Weinernte im Alto Douro -","isPartOf":{"@id":"https:\/\/blog.olimar.de\/#website"},"primaryImageOfPage":{"@id":"https:\/\/blog.olimar.de\/weinernte-im-alto-douro\/#primaryimage"},"image":{"@id":"https:\/\/blog.olimar.de\/weinernte-im-alto-douro\/#primaryimage"},"thumbnailUrl":"https:\/\/blog.olimar.de\/wp-content\/uploads\/2020\/10\/Ernte-1.jpg","datePublished":"2020-10-06T13:00:24+00:00","dateModified":"2024-02-21T08:31:54+00:00","description":"Die weltber\u00fchmte Weinernte in Nordportugal ist ein pures Erlebnis! Unsere Autorin hat das Weinanbaugebiet erkundet und gibt Insider Tipps.","breadcrumb":{"@id":"https:\/\/blog.olimar.de\/weinernte-im-alto-douro\/#breadcrumb"},"inLanguage":"de","potentialAction":[{"@type":"ReadAction","target":["https:\/\/blog.olimar.de\/weinernte-im-alto-douro\/"]}]},{"@type":"ImageObject","inLanguage":"de","@id":"https:\/\/blog.olimar.de\/weinernte-im-alto-douro\/#primaryimage","url":"https:\/\/blog.olimar.de\/wp-content\/uploads\/2020\/10\/Ernte-1.jpg","contentUrl":"https:\/\/blog.olimar.de\/wp-content\/uploads\/2020\/10\/Ernte-1.jpg","width":768,"height":494,"caption":"Portugal Alto Douro Weinernte"},{"@type":"BreadcrumbList","@id":"https:\/\/blog.olimar.de\/weinernte-im-alto-douro\/#breadcrumb","itemListElement":[{"@type":"ListItem","position":1,"name":"Home","item":"https:\/\/blog.olimar.de\/"},{"@type":"ListItem","position":2,"name":"Dourotal","item":"https:\/\/blog.olimar.de\/tag\/dourotal\/"},{"@type":"ListItem","position":3,"name":"Weinernte im Alto Douro"}]},{"@type":"WebSite","@id":"https:\/\/blog.olimar.de\/#website","url":"https:\/\/blog.olimar.de\/","name":"OLIMAR.com","description":"","publisher":{"@id":"https:\/\/blog.olimar.de\/#organization"},"potentialAction":[{"@type":"SearchAction","target":{"@type":"EntryPoint","urlTemplate":"https:\/\/blog.olimar.de\/?s={search_term_string}"},"query-input":{"@type":"PropertyValueSpecification","valueRequired":true,"valueName":"search_term_string"}}],"inLanguage":"de"},{"@type":"Organization","@id":"https:\/\/blog.olimar.de\/#organization","name":"OLIMAR Reisen","url":"https:\/\/blog.olimar.de\/","logo":{"@type":"ImageObject","inLanguage":"de","@id":"https:\/\/blog.olimar.de\/#\/schema\/logo\/image\/","url":"https:\/\/blog.olimar.de\/wp-content\/uploads\/2021\/01\/OLIMAR_Logo_COLOR.png","contentUrl":"https:\/\/blog.olimar.de\/wp-content\/uploads\/2021\/01\/OLIMAR_Logo_COLOR.png","width":2000,"height":986,"caption":"OLIMAR Reisen"},"image":{"@id":"https:\/\/blog.olimar.de\/#\/schema\/logo\/image\/"},"sameAs":["https:\/\/www.facebook.com\/OlimarReisen","https:\/\/x.com\/olimarrreisen","https:\/\/www.instagram.com\/olimarreisen","https:\/\/www.youtube.com\/user\/olimarreisen"]}]}},"modified_by":"Wiebke Fix","jetpack_featured_media_url":"https:\/\/blog.olimar.de\/wp-content\/uploads\/2020\/10\/Ernte-1.jpg","_links":{"self":[{"href":"https:\/\/blog.olimar.de\/wp-json\/wp\/v2\/posts\/14491","targetHints":{"allow":["GET"]}}],"collection":[{"href":"https:\/\/blog.olimar.de\/wp-json\/wp\/v2\/posts"}],"about":[{"href":"https:\/\/blog.olimar.de\/wp-json\/wp\/v2\/types\/post"}],"author":[{"embeddable":true,"href":"https:\/\/blog.olimar.de\/wp-json\/wp\/v2\/users\/76"}],"replies":[{"embeddable":true,"href":"https:\/\/blog.olimar.de\/wp-json\/wp\/v2\/comments?post=14491"}],"version-history":[{"count":38,"href":"https:\/\/blog.olimar.de\/wp-json\/wp\/v2\/posts\/14491\/revisions"}],"predecessor-version":[{"id":27344,"href":"https:\/\/blog.olimar.de\/wp-json\/wp\/v2\/posts\/14491\/revisions\/27344"}],"wp:featuredmedia":[{"embeddable":true,"href":"https:\/\/blog.olimar.de\/wp-json\/wp\/v2\/media\/14525"}],"wp:attachment":[{"href":"https:\/\/blog.olimar.de\/wp-json\/wp\/v2\/media?parent=14491"}],"wp:term":[{"taxonomy":"category","embeddable":true,"href":"https:\/\/blog.olimar.de\/wp-json\/wp\/v2\/categories?post=14491"},{"taxonomy":"post_tag","embeddable":true,"href":"https:\/\/blog.olimar.de\/wp-json\/wp\/v2\/tags?post=14491"}],"curies":[{"name":"wp","href":"https:\/\/api.w.org\/{rel}","templated":true}]}}