{"id":14717,"date":"2020-11-05T09:42:24","date_gmt":"2020-11-05T08:42:24","guid":{"rendered":"https:\/\/blog.olimar.de\/?p=14717"},"modified":"2023-03-04T12:27:39","modified_gmt":"2023-03-04T11:27:39","slug":"unesco-biosphaerenreservat-porto-santo-kapverden","status":"publish","type":"post","link":"https:\/\/blog.olimar.de\/unesco-biosphaerenreservat-porto-santo-kapverden\/","title":{"rendered":"Porto Santo und Kapverden: Die neuen UNESCO-Biosph\u00e4renreservate"},"content":{"rendered":"\n<p><strong>Der Internationale Rat des UNESCO-Programms \u201eDer Mensch und die Biosph\u00e4re\u201c hat Ende Oktober 25 neue Biosph\u00e4renreservate aufgenommen. Darunter erstmalig die Atlantikinsel <a href=\"https:\/\/www.olimar.de\/portugal\/porto-santo\/\">Porto Santo<\/a> nahe Madeira sowie erstmals Gebiete auf den Kapverden: die Inseln <a href=\"https:\/\/www.olimar.de\/kapverden\/fogo\/\">Fogo<\/a> und <a href=\"https:\/\/www.olimar.de\/kapverden\/maio\/\">Maio<\/a>.<\/strong><\/p>\n\n\n\n<div class=\"wp-block-group\"><div class=\"wp-block-group__inner-container is-layout-constrained wp-block-group-is-layout-constrained\">\n<div class=\"wp-block-buttons is-layout-flex wp-block-buttons-is-layout-flex\">\n<div class=\"wp-block-button\"><a class=\"wp-block-button__link wp-element-button\" href=\"https:\/\/www.olimar.de\/kapverden\/\">Kapverden Reiseangebote und Hoteltipps entdecken<\/a><\/div>\n<\/div>\n\n\n\n<div style=\"height:25px\" aria-hidden=\"true\" class=\"wp-block-spacer\"><\/div>\n\n\n\n<div class=\"wp-block-buttons is-layout-flex wp-block-buttons-is-layout-flex\">\n<div class=\"wp-block-button\"><a class=\"wp-block-button__link wp-element-button\" href=\"https:\/\/www.olimar.de\/portugal\/porto-santo\/\">Porto Santo Reiseangebote und Hoteltipps entdecken<\/a><\/div>\n<\/div>\n<\/div><\/div>\n\n\n\n<div style=\"height:25px\" aria-hidden=\"true\" class=\"wp-block-spacer\"><\/div>\n\n\n\n<p>UNESCO-Biosph\u00e4renreservate sind international stellvertretende Modellregionen. Sie bewahren die biologische Vielfalt und intakten \u00d6kosysteme, auf deren die soziale und wirtschaftliche Entwicklung der Region aufbaut. Dabei geht es nicht nur um den Schutz, sondern auch um die angepasste Nutzung von gewachsenen Kulturlandschaften. Streng gesch\u00fctzt sind kleine Kerngebiete. Auf den \u00fcbrigen Fl\u00e4chen erproben die Biosph\u00e4renreservate nachhaltige Nutzungskonzepte und f\u00f6rdern naturvertr\u00e4gliche Wirtschaftsformen. Aktuell gibt es weltweit 714 Biosph\u00e4renreservate in 129 L\u00e4ndern. Der Internationale Rat setzt sich aus Vertreterinnen und Vertretern von 34 Staaten zusammen, darunter Deutschland. Er tagt einmal j\u00e4hrlich.<\/p>\n\n\n<div class=\"wp-block-image\">\n<figure class=\"aligncenter size-large is-resized\"><img loading=\"lazy\" decoding=\"async\" src=\"https:\/\/blog.olimar.de\/wp-content\/uploads\/2020\/11\/Porto-Santo_BioEsfera_FB_EN-1024x1024.jpg\" alt=\"\" class=\"wp-image-14720\" width=\"476\" height=\"476\" srcset=\"https:\/\/blog.olimar.de\/wp-content\/uploads\/2020\/11\/Porto-Santo_BioEsfera_FB_EN-1024x1024.jpg 1024w, https:\/\/blog.olimar.de\/wp-content\/uploads\/2020\/11\/Porto-Santo_BioEsfera_FB_EN-300x300.jpg 300w, https:\/\/blog.olimar.de\/wp-content\/uploads\/2020\/11\/Porto-Santo_BioEsfera_FB_EN-150x150.jpg 150w, https:\/\/blog.olimar.de\/wp-content\/uploads\/2020\/11\/Porto-Santo_BioEsfera_FB_EN-768x768.jpg 768w, https:\/\/blog.olimar.de\/wp-content\/uploads\/2020\/11\/Porto-Santo_BioEsfera_FB_EN-120x120.jpg 120w, https:\/\/blog.olimar.de\/wp-content\/uploads\/2020\/11\/Porto-Santo_BioEsfera_FB_EN.jpg 1200w\" sizes=\"auto, (max-width: 476px) 100vw, 476px\" \/><\/figure>\n<\/div>\n\n\n<p>Weitere Informationen unter:<\/p>\n<p><a href=\"https:\/\/portosantobiosfera.madeira.gov.pt\/en\/\">https:\/\/portosantobiosfera.madeira.gov.pt\/en\/<\/a><br \/><a href=\"https:\/\/www.olimar.de\/portugal\/porto-santo\/\">https:\/\/www.olimar.de\/portugal\/porto-santo\/<\/a><br \/><a href=\"https:\/\/www.olimar.de\/kapverden\/\">https:\/\/www.olimar.de\/kapverden\/<\/a><\/p>\n\n\n\n<div style=\"height:50px\" aria-hidden=\"true\" class=\"wp-block-spacer\"><\/div>\n\n\n\n<div class=\"wp-block-buttons is-layout-flex wp-block-buttons-is-layout-flex\">\n<div class=\"wp-block-button\"><a class=\"wp-block-button__link wp-element-button\" href=\"https:\/\/www.olimar.de\/hotellistung\/\">Jetzt Urlaubsangebote finden und buchen<\/a><\/div>\n<\/div>\n\n\n\n<div style=\"height:100px\" aria-hidden=\"true\" class=\"wp-block-spacer\"><\/div>\n","protected":false},"excerpt":{"rendered":"<p>Der Internationale Rat des UNESCO-Programms \u201eDer Mensch und die Biosph\u00e4re\u201c hat Ende Oktober 25 neue Biosph\u00e4renreservate aufgenommen. Darunter erstmalig die Atlantikinsel Porto Santo nahe Madeira sowie erstmals Gebiete auf den Kapverden: die Inseln Fogo und Maio. UNESCO-Biosph\u00e4renreservate sind international stellvertretende Modellregionen. Sie bewahren die biologische Vielfalt und intakten \u00d6kosysteme, auf deren die soziale und wirtschaftliche Entwicklung der Region aufbaut. Dabei geht es nicht nur um den Schutz, sondern auch um die angepasste Nutzung von gewachsenen Kulturlandschaften. Streng gesch\u00fctzt sind kleine Kerngebiete. Auf den \u00fcbrigen Fl\u00e4chen erproben die Biosph\u00e4renreservate nachhaltige Nutzungskonzepte und f\u00f6rdern naturvertr\u00e4gliche Wirtschaftsformen. Aktuell gibt es weltweit 714 Biosph\u00e4renreservate in &hellip;<\/p>\n","protected":false},"author":9,"featured_media":14721,"comment_status":"open","ping_status":"open","sticky":false,"template":"","format":"standard","meta":{"_crdt_document":"","_lmt_disableupdate":"","_lmt_disable":"","footnotes":""},"categories":[195],"tags":[],"class_list":["post-14717","post","type-post","status-publish","format-standard","has-post-thumbnail","hentry","category-reisenews"],"yoast_head":"<!-- This site is optimized with the Yoast SEO plugin v26.9 - https:\/\/yoast.com\/product\/yoast-seo-wordpress\/ -->\n<title>Porto Santo und Kapverden: Die neuen UNESCO-Biosph\u00e4renreservate<\/title>\n<meta name=\"description\" content=\"Der Internationale Rat des UNESCO-Programms hat 25 neue Biosph\u00e4renreservate aufgenommen, darunter Porto Santo sowie Gebiete auf Fogo und Maio.\" \/>\n<meta name=\"robots\" content=\"index, follow, max-snippet:-1, max-image-preview:large, max-video-preview:-1\" \/>\n<link rel=\"canonical\" href=\"https:\/\/blog.olimar.de\/unesco-biosphaerenreservat-porto-santo-kapverden\/\" \/>\n<meta property=\"og:locale\" content=\"de_DE\" \/>\n<meta property=\"og:type\" content=\"article\" \/>\n<meta property=\"og:title\" content=\"Porto Santo und Kapverden: Die neuen UNESCO-Biosph\u00e4renreservate\" \/>\n<meta property=\"og:description\" content=\"Der Internationale Rat des UNESCO-Programms hat 25 neue Biosph\u00e4renreservate aufgenommen, darunter Porto Santo sowie Gebiete auf Fogo und Maio.\" \/>\n<meta property=\"og:url\" content=\"https:\/\/blog.olimar.de\/unesco-biosphaerenreservat-porto-santo-kapverden\/\" \/>\n<meta property=\"article:publisher\" content=\"https:\/\/www.facebook.com\/OlimarReisen\" \/>\n<meta property=\"article:published_time\" content=\"2020-11-05T08:42:24+00:00\" \/>\n<meta property=\"article:modified_time\" content=\"2023-03-04T11:27:39+00:00\" \/>\n<meta property=\"og:image\" content=\"https:\/\/blog.olimar.de\/wp-content\/uploads\/2020\/11\/Fogo_Vulkan_Schild_768x494.jpg\" \/>\n\t<meta property=\"og:image:width\" content=\"768\" \/>\n\t<meta property=\"og:image:height\" content=\"494\" \/>\n\t<meta property=\"og:image:type\" content=\"image\/jpeg\" \/>\n<meta name=\"author\" content=\"OLIMAR Redaktionsteam\" \/>\n<meta name=\"twitter:label1\" content=\"Verfasst von\" \/>\n\t<meta name=\"twitter:data1\" content=\"OLIMAR Redaktionsteam\" \/>\n\t<meta name=\"twitter:label2\" content=\"Gesch\u00e4tzte Lesezeit\" \/>\n\t<meta name=\"twitter:data2\" content=\"2\u00a0Minuten\" \/>\n<script type=\"application\/ld+json\" class=\"yoast-schema-graph\">{\"@context\":\"https:\/\/schema.org\",\"@graph\":[{\"@type\":\"WebPage\",\"@id\":\"https:\/\/blog.olimar.de\/unesco-biosphaerenreservat-porto-santo-kapverden\/\",\"url\":\"https:\/\/blog.olimar.de\/unesco-biosphaerenreservat-porto-santo-kapverden\/\",\"name\":\"Porto Santo und Kapverden: Die neuen UNESCO-Biosph\u00e4renreservate\",\"isPartOf\":{\"@id\":\"https:\/\/blog.olimar.de\/#website\"},\"primaryImageOfPage\":{\"@id\":\"https:\/\/blog.olimar.de\/unesco-biosphaerenreservat-porto-santo-kapverden\/#primaryimage\"},\"image\":{\"@id\":\"https:\/\/blog.olimar.de\/unesco-biosphaerenreservat-porto-santo-kapverden\/#primaryimage\"},\"thumbnailUrl\":\"https:\/\/blog.olimar.de\/wp-content\/uploads\/2020\/11\/Fogo_Vulkan_Schild_768x494.jpg\",\"datePublished\":\"2020-11-05T08:42:24+00:00\",\"dateModified\":\"2023-03-04T11:27:39+00:00\",\"description\":\"Der Internationale Rat des UNESCO-Programms hat 25 neue Biosph\u00e4renreservate aufgenommen, darunter Porto Santo sowie Gebiete auf Fogo und Maio.\",\"breadcrumb\":{\"@id\":\"https:\/\/blog.olimar.de\/unesco-biosphaerenreservat-porto-santo-kapverden\/#breadcrumb\"},\"inLanguage\":\"de\",\"potentialAction\":[{\"@type\":\"ReadAction\",\"target\":[\"https:\/\/blog.olimar.de\/unesco-biosphaerenreservat-porto-santo-kapverden\/\"]}]},{\"@type\":\"ImageObject\",\"inLanguage\":\"de\",\"@id\":\"https:\/\/blog.olimar.de\/unesco-biosphaerenreservat-porto-santo-kapverden\/#primaryimage\",\"url\":\"https:\/\/blog.olimar.de\/wp-content\/uploads\/2020\/11\/Fogo_Vulkan_Schild_768x494.jpg\",\"contentUrl\":\"https:\/\/blog.olimar.de\/wp-content\/uploads\/2020\/11\/Fogo_Vulkan_Schild_768x494.jpg\",\"width\":768,\"height\":494,\"caption\":\"Kapverden Fogo Schild\"},{\"@type\":\"BreadcrumbList\",\"@id\":\"https:\/\/blog.olimar.de\/unesco-biosphaerenreservat-porto-santo-kapverden\/#breadcrumb\",\"itemListElement\":[{\"@type\":\"ListItem\",\"position\":1,\"name\":\"Home\",\"item\":\"https:\/\/blog.olimar.de\/\"},{\"@type\":\"ListItem\",\"position\":2,\"name\":\"Porto Santo und Kapverden: Die neuen UNESCO-Biosph\u00e4renreservate\"}]},{\"@type\":\"WebSite\",\"@id\":\"https:\/\/blog.olimar.de\/#website\",\"url\":\"https:\/\/blog.olimar.de\/\",\"name\":\"OLIMAR.com\",\"description\":\"\",\"publisher\":{\"@id\":\"https:\/\/blog.olimar.de\/#organization\"},\"potentialAction\":[{\"@type\":\"SearchAction\",\"target\":{\"@type\":\"EntryPoint\",\"urlTemplate\":\"https:\/\/blog.olimar.de\/?s={search_term_string}\"},\"query-input\":{\"@type\":\"PropertyValueSpecification\",\"valueRequired\":true,\"valueName\":\"search_term_string\"}}],\"inLanguage\":\"de\"},{\"@type\":\"Organization\",\"@id\":\"https:\/\/blog.olimar.de\/#organization\",\"name\":\"OLIMAR Reisen\",\"url\":\"https:\/\/blog.olimar.de\/\",\"logo\":{\"@type\":\"ImageObject\",\"inLanguage\":\"de\",\"@id\":\"https:\/\/blog.olimar.de\/#\/schema\/logo\/image\/\",\"url\":\"https:\/\/blog.olimar.de\/wp-content\/uploads\/2021\/01\/OLIMAR_Logo_COLOR.png\",\"contentUrl\":\"https:\/\/blog.olimar.de\/wp-content\/uploads\/2021\/01\/OLIMAR_Logo_COLOR.png\",\"width\":2000,\"height\":986,\"caption\":\"OLIMAR Reisen\"},\"image\":{\"@id\":\"https:\/\/blog.olimar.de\/#\/schema\/logo\/image\/\"},\"sameAs\":[\"https:\/\/www.facebook.com\/OlimarReisen\",\"https:\/\/x.com\/olimarrreisen\",\"https:\/\/www.instagram.com\/olimarreisen\",\"https:\/\/www.youtube.com\/user\/olimarreisen\"]}]}<\/script>\n<!-- \/ Yoast SEO plugin. -->","yoast_head_json":{"title":"Porto Santo und Kapverden: Die neuen UNESCO-Biosph\u00e4renreservate","description":"Der Internationale Rat des UNESCO-Programms hat 25 neue Biosph\u00e4renreservate aufgenommen, darunter Porto Santo sowie Gebiete auf Fogo und Maio.","robots":{"index":"index","follow":"follow","max-snippet":"max-snippet:-1","max-image-preview":"max-image-preview:large","max-video-preview":"max-video-preview:-1"},"canonical":"https:\/\/blog.olimar.de\/unesco-biosphaerenreservat-porto-santo-kapverden\/","og_locale":"de_DE","og_type":"article","og_title":"Porto Santo und Kapverden: Die neuen UNESCO-Biosph\u00e4renreservate","og_description":"Der Internationale Rat des UNESCO-Programms hat 25 neue Biosph\u00e4renreservate aufgenommen, darunter Porto Santo sowie Gebiete auf Fogo und Maio.","og_url":"https:\/\/blog.olimar.de\/unesco-biosphaerenreservat-porto-santo-kapverden\/","article_publisher":"https:\/\/www.facebook.com\/OlimarReisen","article_published_time":"2020-11-05T08:42:24+00:00","article_modified_time":"2023-03-04T11:27:39+00:00","og_image":[{"width":768,"height":494,"url":"https:\/\/blog.olimar.de\/wp-content\/uploads\/2020\/11\/Fogo_Vulkan_Schild_768x494.jpg","type":"image\/jpeg"}],"author":"OLIMAR Redaktionsteam","twitter_misc":{"Verfasst von":"OLIMAR Redaktionsteam","Gesch\u00e4tzte Lesezeit":"2\u00a0Minuten"},"schema":{"@context":"https:\/\/schema.org","@graph":[{"@type":"WebPage","@id":"https:\/\/blog.olimar.de\/unesco-biosphaerenreservat-porto-santo-kapverden\/","url":"https:\/\/blog.olimar.de\/unesco-biosphaerenreservat-porto-santo-kapverden\/","name":"Porto Santo und Kapverden: Die neuen UNESCO-Biosph\u00e4renreservate","isPartOf":{"@id":"https:\/\/blog.olimar.de\/#website"},"primaryImageOfPage":{"@id":"https:\/\/blog.olimar.de\/unesco-biosphaerenreservat-porto-santo-kapverden\/#primaryimage"},"image":{"@id":"https:\/\/blog.olimar.de\/unesco-biosphaerenreservat-porto-santo-kapverden\/#primaryimage"},"thumbnailUrl":"https:\/\/blog.olimar.de\/wp-content\/uploads\/2020\/11\/Fogo_Vulkan_Schild_768x494.jpg","datePublished":"2020-11-05T08:42:24+00:00","dateModified":"2023-03-04T11:27:39+00:00","description":"Der Internationale Rat des UNESCO-Programms hat 25 neue Biosph\u00e4renreservate aufgenommen, darunter Porto Santo sowie Gebiete auf Fogo und Maio.","breadcrumb":{"@id":"https:\/\/blog.olimar.de\/unesco-biosphaerenreservat-porto-santo-kapverden\/#breadcrumb"},"inLanguage":"de","potentialAction":[{"@type":"ReadAction","target":["https:\/\/blog.olimar.de\/unesco-biosphaerenreservat-porto-santo-kapverden\/"]}]},{"@type":"ImageObject","inLanguage":"de","@id":"https:\/\/blog.olimar.de\/unesco-biosphaerenreservat-porto-santo-kapverden\/#primaryimage","url":"https:\/\/blog.olimar.de\/wp-content\/uploads\/2020\/11\/Fogo_Vulkan_Schild_768x494.jpg","contentUrl":"https:\/\/blog.olimar.de\/wp-content\/uploads\/2020\/11\/Fogo_Vulkan_Schild_768x494.jpg","width":768,"height":494,"caption":"Kapverden Fogo Schild"},{"@type":"BreadcrumbList","@id":"https:\/\/blog.olimar.de\/unesco-biosphaerenreservat-porto-santo-kapverden\/#breadcrumb","itemListElement":[{"@type":"ListItem","position":1,"name":"Home","item":"https:\/\/blog.olimar.de\/"},{"@type":"ListItem","position":2,"name":"Porto Santo und Kapverden: Die neuen UNESCO-Biosph\u00e4renreservate"}]},{"@type":"WebSite","@id":"https:\/\/blog.olimar.de\/#website","url":"https:\/\/blog.olimar.de\/","name":"OLIMAR.com","description":"","publisher":{"@id":"https:\/\/blog.olimar.de\/#organization"},"potentialAction":[{"@type":"SearchAction","target":{"@type":"EntryPoint","urlTemplate":"https:\/\/blog.olimar.de\/?s={search_term_string}"},"query-input":{"@type":"PropertyValueSpecification","valueRequired":true,"valueName":"search_term_string"}}],"inLanguage":"de"},{"@type":"Organization","@id":"https:\/\/blog.olimar.de\/#organization","name":"OLIMAR Reisen","url":"https:\/\/blog.olimar.de\/","logo":{"@type":"ImageObject","inLanguage":"de","@id":"https:\/\/blog.olimar.de\/#\/schema\/logo\/image\/","url":"https:\/\/blog.olimar.de\/wp-content\/uploads\/2021\/01\/OLIMAR_Logo_COLOR.png","contentUrl":"https:\/\/blog.olimar.de\/wp-content\/uploads\/2021\/01\/OLIMAR_Logo_COLOR.png","width":2000,"height":986,"caption":"OLIMAR Reisen"},"image":{"@id":"https:\/\/blog.olimar.de\/#\/schema\/logo\/image\/"},"sameAs":["https:\/\/www.facebook.com\/OlimarReisen","https:\/\/x.com\/olimarrreisen","https:\/\/www.instagram.com\/olimarreisen","https:\/\/www.youtube.com\/user\/olimarreisen"]}]}},"modified_by":"Lena Radermacher","jetpack_featured_media_url":"https:\/\/blog.olimar.de\/wp-content\/uploads\/2020\/11\/Fogo_Vulkan_Schild_768x494.jpg","_links":{"self":[{"href":"https:\/\/blog.olimar.de\/wp-json\/wp\/v2\/posts\/14717","targetHints":{"allow":["GET"]}}],"collection":[{"href":"https:\/\/blog.olimar.de\/wp-json\/wp\/v2\/posts"}],"about":[{"href":"https:\/\/blog.olimar.de\/wp-json\/wp\/v2\/types\/post"}],"author":[{"embeddable":true,"href":"https:\/\/blog.olimar.de\/wp-json\/wp\/v2\/users\/9"}],"replies":[{"embeddable":true,"href":"https:\/\/blog.olimar.de\/wp-json\/wp\/v2\/comments?post=14717"}],"version-history":[{"count":12,"href":"https:\/\/blog.olimar.de\/wp-json\/wp\/v2\/posts\/14717\/revisions"}],"predecessor-version":[{"id":24793,"href":"https:\/\/blog.olimar.de\/wp-json\/wp\/v2\/posts\/14717\/revisions\/24793"}],"wp:featuredmedia":[{"embeddable":true,"href":"https:\/\/blog.olimar.de\/wp-json\/wp\/v2\/media\/14721"}],"wp:attachment":[{"href":"https:\/\/blog.olimar.de\/wp-json\/wp\/v2\/media?parent=14717"}],"wp:term":[{"taxonomy":"category","embeddable":true,"href":"https:\/\/blog.olimar.de\/wp-json\/wp\/v2\/categories?post=14717"},{"taxonomy":"post_tag","embeddable":true,"href":"https:\/\/blog.olimar.de\/wp-json\/wp\/v2\/tags?post=14717"}],"curies":[{"name":"wp","href":"https:\/\/api.w.org\/{rel}","templated":true}]}}