{"id":14743,"date":"2020-11-09T14:15:03","date_gmt":"2020-11-09T13:15:03","guid":{"rendered":"https:\/\/blog.olimar.de\/?p=14743"},"modified":"2022-11-23T17:14:08","modified_gmt":"2022-11-23T16:14:08","slug":"madeira-sicherstes-weihnachtsziel-im-winter","status":"publish","type":"post","link":"https:\/\/blog.olimar.de\/madeira-sicherstes-weihnachtsziel-im-winter\/","title":{"rendered":"Madeira: Sicherstes Weihnachtsziel im Winter"},"content":{"rendered":"\n<p><strong>Die Website der \u201eEuropean Best Destinations\u201c hat Madeira j\u00fcngst zum sichersten Weihnachtsziel im Winter gek\u00fcrt. Auch wir empfehlen die Blumeninsel im Dezember. Das milde Klima, die weihnachtliche Stimmung sowie die aktuell sehr g\u00fcnstigen Reisepreise laden dazu ein, eine Auszeit auf Madeira zu verbringen. Ein weiteres Plus:<\/strong><\/p>\n<p>Die Covid-19-F\u00e4lle auf der Insel sind niedrig und bei der R\u00fcckreise droht keine Quarant\u00e4ne.\u00a0Am 1. Dezember geht es los: Auf <a href=\"https:\/\/www.olimar.de\/blog\/tag\/madeira\/\">Madeira<\/a> wird offiziell die Weihnachtszeit eingel\u00e4utet. Stra\u00dfen, Pl\u00e4tze und G\u00e4rten leuchten in farbefroher Weihnachtsdekoration. Und auch ein Weihnachtsmarkt wird in der Hauptstadt Funchal stattfinden.<\/p>\n<p>Einmalig ist auch das Silvesterfeuerwerk. Am besten kann dies von der Terrasse einer dieser OLIMAR Partnerhotels, die zudem ein Galadinner anbieten.<\/p>\n<h2>Madeira Preisangebote in der Weihnachtszeit<\/h2>\n<p><strong><a href=\"https:\/\/rms.olimar.de\/code\/fnc182\">Hotel Orca Praia<\/a>: <\/strong>Eine Woche mit Fr\u00fchst\u00fcck, Fl\u00fcgen, Transfer und Galadinner kosten derzeit nur ab 537 Euro pro Person.\u00a0<\/p>\n\n\n\n<figure class=\"wp-block-gallery aligncenter has-nested-images columns-default is-cropped wp-block-gallery-1 is-layout-flex wp-block-gallery-is-layout-flex\">\n<figure class=\"wp-block-image size-large\"><img loading=\"lazy\" decoding=\"async\" width=\"927\" height=\"618\" data-id=\"14745\" src=\"https:\/\/blog.olimar.de\/wp-content\/uploads\/2020\/11\/fnc182-a-aeroview2019a.jpg\" alt=\"\" class=\"wp-image-14745\" srcset=\"https:\/\/blog.olimar.de\/wp-content\/uploads\/2020\/11\/fnc182-a-aeroview2019a.jpg 927w, https:\/\/blog.olimar.de\/wp-content\/uploads\/2020\/11\/fnc182-a-aeroview2019a-300x200.jpg 300w, https:\/\/blog.olimar.de\/wp-content\/uploads\/2020\/11\/fnc182-a-aeroview2019a-768x512.jpg 768w, https:\/\/blog.olimar.de\/wp-content\/uploads\/2020\/11\/fnc182-a-aeroview2019a-840x560.jpg 840w\" sizes=\"auto, (max-width: 927px) 100vw, 927px\" \/><figcaption class=\"wp-element-caption\">Orca Praia<\/figcaption><\/figure>\n\n\n\n<figure class=\"wp-block-image size-large\"><img loading=\"lazy\" decoding=\"async\" width=\"933\" height=\"618\" data-id=\"14746\" src=\"https:\/\/blog.olimar.de\/wp-content\/uploads\/2020\/11\/fnc182-p-pool2-2010.jpg\" alt=\"\" class=\"wp-image-14746\" srcset=\"https:\/\/blog.olimar.de\/wp-content\/uploads\/2020\/11\/fnc182-p-pool2-2010.jpg 933w, https:\/\/blog.olimar.de\/wp-content\/uploads\/2020\/11\/fnc182-p-pool2-2010-300x199.jpg 300w, https:\/\/blog.olimar.de\/wp-content\/uploads\/2020\/11\/fnc182-p-pool2-2010-768x509.jpg 768w\" sizes=\"auto, (max-width: 933px) 100vw, 933px\" \/><\/figure>\n<\/figure>\n\n\n\n<p><strong><a href=\"https:\/\/rms.olimar.de\/code\/fnc109\">Quinta Bela S\u00e3o Tiago<\/a><\/strong>: Eine Woche mit Fr\u00fchst\u00fcck, Fl\u00fcgen, Transfer und Galadinner gibt es bereits ab 519 Euro pro Person.<\/p>\n\n\n\n<figure class=\"wp-block-gallery aligncenter has-nested-images columns-default is-cropped wp-block-gallery-2 is-layout-flex wp-block-gallery-is-layout-flex\">\n<figure class=\"wp-block-image size-large\"><img loading=\"lazy\" decoding=\"async\" width=\"927\" height=\"618\" data-id=\"14747\" src=\"https:\/\/blog.olimar.de\/wp-content\/uploads\/2020\/11\/fnc109-a-facade2019.jpg\" alt=\"\" class=\"wp-image-14747\" srcset=\"https:\/\/blog.olimar.de\/wp-content\/uploads\/2020\/11\/fnc109-a-facade2019.jpg 927w, https:\/\/blog.olimar.de\/wp-content\/uploads\/2020\/11\/fnc109-a-facade2019-300x200.jpg 300w, https:\/\/blog.olimar.de\/wp-content\/uploads\/2020\/11\/fnc109-a-facade2019-768x512.jpg 768w, https:\/\/blog.olimar.de\/wp-content\/uploads\/2020\/11\/fnc109-a-facade2019-840x560.jpg 840w\" sizes=\"auto, (max-width: 927px) 100vw, 927px\" \/><figcaption class=\"wp-element-caption\">Quinta Bela S\u00e3o Tiago<\/figcaption><\/figure>\n\n\n\n<figure class=\"wp-block-image size-large\"><img loading=\"lazy\" decoding=\"async\" width=\"1024\" height=\"576\" data-id=\"14748\" src=\"https:\/\/blog.olimar.de\/wp-content\/uploads\/2020\/11\/fnc109-a-view2019-1024x576.jpg\" alt=\"\" class=\"wp-image-14748\" srcset=\"https:\/\/blog.olimar.de\/wp-content\/uploads\/2020\/11\/fnc109-a-view2019-1024x576.jpg 1024w, https:\/\/blog.olimar.de\/wp-content\/uploads\/2020\/11\/fnc109-a-view2019-300x169.jpg 300w, https:\/\/blog.olimar.de\/wp-content\/uploads\/2020\/11\/fnc109-a-view2019-768x432.jpg 768w, https:\/\/blog.olimar.de\/wp-content\/uploads\/2020\/11\/fnc109-a-view2019.jpg 1099w\" sizes=\"auto, (max-width: 1024px) 100vw, 1024px\" \/><\/figure>\n<\/figure>\n\n\n\n<p><strong><a href=\"https:\/\/rms.olimar.de\/code\/fnc120\">Hotel Madeira Panor\u00e2mico<\/a>: <\/strong>Eine Woche mit Fr\u00fchst\u00fcck, Fl\u00fcgen und Mietwagen ist derzeit ab 632 Euro pro Person buchbar.<\/p>\n\n\n\n<figure class=\"wp-block-gallery aligncenter has-nested-images columns-default is-cropped wp-block-gallery-3 is-layout-flex wp-block-gallery-is-layout-flex\">\n<figure class=\"wp-block-image size-large\"><img loading=\"lazy\" decoding=\"async\" width=\"927\" height=\"618\" data-id=\"14750\" src=\"https:\/\/blog.olimar.de\/wp-content\/uploads\/2020\/11\/fnc120-p-swimmingpoolc.jpg\" alt=\"\" class=\"wp-image-14750\" srcset=\"https:\/\/blog.olimar.de\/wp-content\/uploads\/2020\/11\/fnc120-p-swimmingpoolc.jpg 927w, https:\/\/blog.olimar.de\/wp-content\/uploads\/2020\/11\/fnc120-p-swimmingpoolc-300x200.jpg 300w, https:\/\/blog.olimar.de\/wp-content\/uploads\/2020\/11\/fnc120-p-swimmingpoolc-768x512.jpg 768w, https:\/\/blog.olimar.de\/wp-content\/uploads\/2020\/11\/fnc120-p-swimmingpoolc-840x560.jpg 840w\" sizes=\"auto, (max-width: 927px) 100vw, 927px\" \/><figcaption class=\"wp-element-caption\">Hotel Madeira Panor\u00e2mico<\/figcaption><\/figure>\n\n\n\n<figure class=\"wp-block-image size-large\"><img loading=\"lazy\" decoding=\"async\" width=\"1019\" height=\"618\" data-id=\"14749\" src=\"https:\/\/blog.olimar.de\/wp-content\/uploads\/2020\/11\/fnc120-a-seaviewa.jpg\" alt=\"\" class=\"wp-image-14749\" srcset=\"https:\/\/blog.olimar.de\/wp-content\/uploads\/2020\/11\/fnc120-a-seaviewa.jpg 1019w, https:\/\/blog.olimar.de\/wp-content\/uploads\/2020\/11\/fnc120-a-seaviewa-300x182.jpg 300w, https:\/\/blog.olimar.de\/wp-content\/uploads\/2020\/11\/fnc120-a-seaviewa-768x466.jpg 768w\" sizes=\"auto, (max-width: 1019px) 100vw, 1019px\" \/><\/figure>\n<\/figure>\n\n\n\n<h2>Einreise mit aktuellem Negativtest\u00a0\u00a0<\/h2>\n<p>Madeira hat weiterhin nur wenige Covid-19-F\u00e4lle. Damit dies so bleibt, muss bei Einreise ein Negativtest vorliegen, der nicht \u00e4lter als 72 Stunden vor Abflug ist. Wir raten, diesen direkt von zuhause mitzunehmen. Alternativ k\u00f6nnen sich Reisende kostenfrei am Flughaften testen lassen und m\u00fcssen, bis das Ergebnis vorliegt, im Hotel bleiben. Im Falle eines positiven Tests, folgt eine Quarant\u00e4ne f\u00fcr die Person und Mitreisende.\u00a0<\/p>\n","protected":false},"excerpt":{"rendered":"<p>Die Website der \u201eEuropean Best Destinations\u201c hat Madeira j\u00fcngst zum sichersten Weihnachtsziel im Winter gek\u00fcrt. Auch wir empfehlen die Blumeninsel im Dezember. Das milde Klima, die weihnachtliche Stimmung sowie die aktuell sehr g\u00fcnstigen Reisepreise laden dazu ein, eine Auszeit auf Madeira zu verbringen. Ein weiteres Plus: Die Covid-19-F\u00e4lle auf der Insel sind niedrig und bei der R\u00fcckreise droht keine Quarant\u00e4ne.\u00a0Am 1. Dezember geht es los: Auf Madeira wird offiziell die Weihnachtszeit eingel\u00e4utet. Stra\u00dfen, Pl\u00e4tze und G\u00e4rten leuchten in farbefroher Weihnachtsdekoration. Und auch ein Weihnachtsmarkt wird in der Hauptstadt Funchal stattfinden. Einmalig ist auch das Silvesterfeuerwerk. Am besten kann dies von der &hellip;<\/p>\n","protected":false},"author":9,"featured_media":14752,"comment_status":"open","ping_status":"open","sticky":false,"template":"","format":"standard","meta":{"_crdt_document":"","_lmt_disableupdate":"","_lmt_disable":"","footnotes":""},"categories":[195],"tags":[21],"class_list":["post-14743","post","type-post","status-publish","format-standard","has-post-thumbnail","hentry","category-reisenews","tag-madeira"],"yoast_head":"<!-- This site is optimized with the Yoast SEO plugin v26.9 - https:\/\/yoast.com\/product\/yoast-seo-wordpress\/ -->\n<title>Madeira: Sicherstes Weihnachtsziel im Winter -<\/title>\n<meta name=\"description\" content=\"\u201eEuropean Best Destinations\u201c hat Madeira zum sichersten Weihnachtsziel im Winter gek\u00fcrt. Wir von OLIMAR geben Ihnen Tipps f\u00fcr Ihren Urlaub!\" \/>\n<meta name=\"robots\" content=\"index, follow, max-snippet:-1, max-image-preview:large, max-video-preview:-1\" \/>\n<link rel=\"canonical\" href=\"https:\/\/blog.olimar.de\/madeira-sicherstes-weihnachtsziel-im-winter\/\" \/>\n<meta property=\"og:locale\" content=\"de_DE\" \/>\n<meta property=\"og:type\" content=\"article\" \/>\n<meta property=\"og:title\" content=\"Madeira: Sicherstes Weihnachtsziel im Winter -\" \/>\n<meta property=\"og:description\" content=\"\u201eEuropean Best Destinations\u201c hat Madeira zum sichersten Weihnachtsziel im Winter gek\u00fcrt. Wir von OLIMAR geben Ihnen Tipps f\u00fcr Ihren Urlaub!\" \/>\n<meta property=\"og:url\" content=\"https:\/\/blog.olimar.de\/madeira-sicherstes-weihnachtsziel-im-winter\/\" \/>\n<meta property=\"article:publisher\" content=\"https:\/\/www.facebook.com\/OlimarReisen\" \/>\n<meta property=\"article:published_time\" content=\"2020-11-09T13:15:03+00:00\" \/>\n<meta property=\"article:modified_time\" content=\"2022-11-23T16:14:08+00:00\" \/>\n<meta property=\"og:image\" content=\"https:\/\/blog.olimar.de\/wp-content\/uploads\/2020\/11\/PT-Madeira-AchadaDoGramachoSeascape2018_768x494.jpg\" \/>\n\t<meta property=\"og:image:width\" content=\"768\" \/>\n\t<meta property=\"og:image:height\" content=\"494\" \/>\n\t<meta property=\"og:image:type\" content=\"image\/jpeg\" \/>\n<meta name=\"author\" content=\"OLIMAR Redaktionsteam\" \/>\n<meta name=\"twitter:label1\" content=\"Verfasst von\" \/>\n\t<meta name=\"twitter:data1\" content=\"OLIMAR Redaktionsteam\" \/>\n\t<meta name=\"twitter:label2\" content=\"Gesch\u00e4tzte Lesezeit\" \/>\n\t<meta name=\"twitter:data2\" content=\"3\u00a0Minuten\" \/>\n<script type=\"application\/ld+json\" class=\"yoast-schema-graph\">{\"@context\":\"https:\/\/schema.org\",\"@graph\":[{\"@type\":\"WebPage\",\"@id\":\"https:\/\/blog.olimar.de\/madeira-sicherstes-weihnachtsziel-im-winter\/\",\"url\":\"https:\/\/blog.olimar.de\/madeira-sicherstes-weihnachtsziel-im-winter\/\",\"name\":\"Madeira: Sicherstes Weihnachtsziel im Winter -\",\"isPartOf\":{\"@id\":\"https:\/\/blog.olimar.de\/#website\"},\"primaryImageOfPage\":{\"@id\":\"https:\/\/blog.olimar.de\/madeira-sicherstes-weihnachtsziel-im-winter\/#primaryimage\"},\"image\":{\"@id\":\"https:\/\/blog.olimar.de\/madeira-sicherstes-weihnachtsziel-im-winter\/#primaryimage\"},\"thumbnailUrl\":\"https:\/\/blog.olimar.de\/wp-content\/uploads\/2020\/11\/PT-Madeira-AchadaDoGramachoSeascape2018_768x494.jpg\",\"datePublished\":\"2020-11-09T13:15:03+00:00\",\"dateModified\":\"2022-11-23T16:14:08+00:00\",\"description\":\"\u201eEuropean Best Destinations\u201c hat Madeira zum sichersten Weihnachtsziel im Winter gek\u00fcrt. Wir von OLIMAR geben Ihnen Tipps f\u00fcr Ihren Urlaub!\",\"breadcrumb\":{\"@id\":\"https:\/\/blog.olimar.de\/madeira-sicherstes-weihnachtsziel-im-winter\/#breadcrumb\"},\"inLanguage\":\"de\",\"potentialAction\":[{\"@type\":\"ReadAction\",\"target\":[\"https:\/\/blog.olimar.de\/madeira-sicherstes-weihnachtsziel-im-winter\/\"]}]},{\"@type\":\"ImageObject\",\"inLanguage\":\"de\",\"@id\":\"https:\/\/blog.olimar.de\/madeira-sicherstes-weihnachtsziel-im-winter\/#primaryimage\",\"url\":\"https:\/\/blog.olimar.de\/wp-content\/uploads\/2020\/11\/PT-Madeira-AchadaDoGramachoSeascape2018_768x494.jpg\",\"contentUrl\":\"https:\/\/blog.olimar.de\/wp-content\/uploads\/2020\/11\/PT-Madeira-AchadaDoGramachoSeascape2018_768x494.jpg\",\"width\":768,\"height\":494,\"caption\":\"Madeira Achada Do Gramacho\"},{\"@type\":\"BreadcrumbList\",\"@id\":\"https:\/\/blog.olimar.de\/madeira-sicherstes-weihnachtsziel-im-winter\/#breadcrumb\",\"itemListElement\":[{\"@type\":\"ListItem\",\"position\":1,\"name\":\"Home\",\"item\":\"https:\/\/blog.olimar.de\/\"},{\"@type\":\"ListItem\",\"position\":2,\"name\":\"Madeira\",\"item\":\"https:\/\/blog.olimar.de\/tag\/madeira\/\"},{\"@type\":\"ListItem\",\"position\":3,\"name\":\"Madeira: Sicherstes Weihnachtsziel im Winter\"}]},{\"@type\":\"WebSite\",\"@id\":\"https:\/\/blog.olimar.de\/#website\",\"url\":\"https:\/\/blog.olimar.de\/\",\"name\":\"OLIMAR.com\",\"description\":\"\",\"publisher\":{\"@id\":\"https:\/\/blog.olimar.de\/#organization\"},\"potentialAction\":[{\"@type\":\"SearchAction\",\"target\":{\"@type\":\"EntryPoint\",\"urlTemplate\":\"https:\/\/blog.olimar.de\/?s={search_term_string}\"},\"query-input\":{\"@type\":\"PropertyValueSpecification\",\"valueRequired\":true,\"valueName\":\"search_term_string\"}}],\"inLanguage\":\"de\"},{\"@type\":\"Organization\",\"@id\":\"https:\/\/blog.olimar.de\/#organization\",\"name\":\"OLIMAR Reisen\",\"url\":\"https:\/\/blog.olimar.de\/\",\"logo\":{\"@type\":\"ImageObject\",\"inLanguage\":\"de\",\"@id\":\"https:\/\/blog.olimar.de\/#\/schema\/logo\/image\/\",\"url\":\"https:\/\/blog.olimar.de\/wp-content\/uploads\/2021\/01\/OLIMAR_Logo_COLOR.png\",\"contentUrl\":\"https:\/\/blog.olimar.de\/wp-content\/uploads\/2021\/01\/OLIMAR_Logo_COLOR.png\",\"width\":2000,\"height\":986,\"caption\":\"OLIMAR Reisen\"},\"image\":{\"@id\":\"https:\/\/blog.olimar.de\/#\/schema\/logo\/image\/\"},\"sameAs\":[\"https:\/\/www.facebook.com\/OlimarReisen\",\"https:\/\/x.com\/olimarrreisen\",\"https:\/\/www.instagram.com\/olimarreisen\",\"https:\/\/www.youtube.com\/user\/olimarreisen\"]}]}<\/script>\n<!-- \/ Yoast SEO plugin. -->","yoast_head_json":{"title":"Madeira: Sicherstes Weihnachtsziel im Winter -","description":"\u201eEuropean Best Destinations\u201c hat Madeira zum sichersten Weihnachtsziel im Winter gek\u00fcrt. Wir von OLIMAR geben Ihnen Tipps f\u00fcr Ihren Urlaub!","robots":{"index":"index","follow":"follow","max-snippet":"max-snippet:-1","max-image-preview":"max-image-preview:large","max-video-preview":"max-video-preview:-1"},"canonical":"https:\/\/blog.olimar.de\/madeira-sicherstes-weihnachtsziel-im-winter\/","og_locale":"de_DE","og_type":"article","og_title":"Madeira: Sicherstes Weihnachtsziel im Winter -","og_description":"\u201eEuropean Best Destinations\u201c hat Madeira zum sichersten Weihnachtsziel im Winter gek\u00fcrt. Wir von OLIMAR geben Ihnen Tipps f\u00fcr Ihren Urlaub!","og_url":"https:\/\/blog.olimar.de\/madeira-sicherstes-weihnachtsziel-im-winter\/","article_publisher":"https:\/\/www.facebook.com\/OlimarReisen","article_published_time":"2020-11-09T13:15:03+00:00","article_modified_time":"2022-11-23T16:14:08+00:00","og_image":[{"width":768,"height":494,"url":"https:\/\/blog.olimar.de\/wp-content\/uploads\/2020\/11\/PT-Madeira-AchadaDoGramachoSeascape2018_768x494.jpg","type":"image\/jpeg"}],"author":"OLIMAR Redaktionsteam","twitter_misc":{"Verfasst von":"OLIMAR Redaktionsteam","Gesch\u00e4tzte Lesezeit":"3\u00a0Minuten"},"schema":{"@context":"https:\/\/schema.org","@graph":[{"@type":"WebPage","@id":"https:\/\/blog.olimar.de\/madeira-sicherstes-weihnachtsziel-im-winter\/","url":"https:\/\/blog.olimar.de\/madeira-sicherstes-weihnachtsziel-im-winter\/","name":"Madeira: Sicherstes Weihnachtsziel im Winter -","isPartOf":{"@id":"https:\/\/blog.olimar.de\/#website"},"primaryImageOfPage":{"@id":"https:\/\/blog.olimar.de\/madeira-sicherstes-weihnachtsziel-im-winter\/#primaryimage"},"image":{"@id":"https:\/\/blog.olimar.de\/madeira-sicherstes-weihnachtsziel-im-winter\/#primaryimage"},"thumbnailUrl":"https:\/\/blog.olimar.de\/wp-content\/uploads\/2020\/11\/PT-Madeira-AchadaDoGramachoSeascape2018_768x494.jpg","datePublished":"2020-11-09T13:15:03+00:00","dateModified":"2022-11-23T16:14:08+00:00","description":"\u201eEuropean Best Destinations\u201c hat Madeira zum sichersten Weihnachtsziel im Winter gek\u00fcrt. Wir von OLIMAR geben Ihnen Tipps f\u00fcr Ihren Urlaub!","breadcrumb":{"@id":"https:\/\/blog.olimar.de\/madeira-sicherstes-weihnachtsziel-im-winter\/#breadcrumb"},"inLanguage":"de","potentialAction":[{"@type":"ReadAction","target":["https:\/\/blog.olimar.de\/madeira-sicherstes-weihnachtsziel-im-winter\/"]}]},{"@type":"ImageObject","inLanguage":"de","@id":"https:\/\/blog.olimar.de\/madeira-sicherstes-weihnachtsziel-im-winter\/#primaryimage","url":"https:\/\/blog.olimar.de\/wp-content\/uploads\/2020\/11\/PT-Madeira-AchadaDoGramachoSeascape2018_768x494.jpg","contentUrl":"https:\/\/blog.olimar.de\/wp-content\/uploads\/2020\/11\/PT-Madeira-AchadaDoGramachoSeascape2018_768x494.jpg","width":768,"height":494,"caption":"Madeira Achada Do Gramacho"},{"@type":"BreadcrumbList","@id":"https:\/\/blog.olimar.de\/madeira-sicherstes-weihnachtsziel-im-winter\/#breadcrumb","itemListElement":[{"@type":"ListItem","position":1,"name":"Home","item":"https:\/\/blog.olimar.de\/"},{"@type":"ListItem","position":2,"name":"Madeira","item":"https:\/\/blog.olimar.de\/tag\/madeira\/"},{"@type":"ListItem","position":3,"name":"Madeira: Sicherstes Weihnachtsziel im Winter"}]},{"@type":"WebSite","@id":"https:\/\/blog.olimar.de\/#website","url":"https:\/\/blog.olimar.de\/","name":"OLIMAR.com","description":"","publisher":{"@id":"https:\/\/blog.olimar.de\/#organization"},"potentialAction":[{"@type":"SearchAction","target":{"@type":"EntryPoint","urlTemplate":"https:\/\/blog.olimar.de\/?s={search_term_string}"},"query-input":{"@type":"PropertyValueSpecification","valueRequired":true,"valueName":"search_term_string"}}],"inLanguage":"de"},{"@type":"Organization","@id":"https:\/\/blog.olimar.de\/#organization","name":"OLIMAR Reisen","url":"https:\/\/blog.olimar.de\/","logo":{"@type":"ImageObject","inLanguage":"de","@id":"https:\/\/blog.olimar.de\/#\/schema\/logo\/image\/","url":"https:\/\/blog.olimar.de\/wp-content\/uploads\/2021\/01\/OLIMAR_Logo_COLOR.png","contentUrl":"https:\/\/blog.olimar.de\/wp-content\/uploads\/2021\/01\/OLIMAR_Logo_COLOR.png","width":2000,"height":986,"caption":"OLIMAR Reisen"},"image":{"@id":"https:\/\/blog.olimar.de\/#\/schema\/logo\/image\/"},"sameAs":["https:\/\/www.facebook.com\/OlimarReisen","https:\/\/x.com\/olimarrreisen","https:\/\/www.instagram.com\/olimarreisen","https:\/\/www.youtube.com\/user\/olimarreisen"]}]}},"modified_by":"Lena Radermacher","jetpack_featured_media_url":"https:\/\/blog.olimar.de\/wp-content\/uploads\/2020\/11\/PT-Madeira-AchadaDoGramachoSeascape2018_768x494.jpg","_links":{"self":[{"href":"https:\/\/blog.olimar.de\/wp-json\/wp\/v2\/posts\/14743","targetHints":{"allow":["GET"]}}],"collection":[{"href":"https:\/\/blog.olimar.de\/wp-json\/wp\/v2\/posts"}],"about":[{"href":"https:\/\/blog.olimar.de\/wp-json\/wp\/v2\/types\/post"}],"author":[{"embeddable":true,"href":"https:\/\/blog.olimar.de\/wp-json\/wp\/v2\/users\/9"}],"replies":[{"embeddable":true,"href":"https:\/\/blog.olimar.de\/wp-json\/wp\/v2\/comments?post=14743"}],"version-history":[{"count":13,"href":"https:\/\/blog.olimar.de\/wp-json\/wp\/v2\/posts\/14743\/revisions"}],"predecessor-version":[{"id":21150,"href":"https:\/\/blog.olimar.de\/wp-json\/wp\/v2\/posts\/14743\/revisions\/21150"}],"wp:featuredmedia":[{"embeddable":true,"href":"https:\/\/blog.olimar.de\/wp-json\/wp\/v2\/media\/14752"}],"wp:attachment":[{"href":"https:\/\/blog.olimar.de\/wp-json\/wp\/v2\/media?parent=14743"}],"wp:term":[{"taxonomy":"category","embeddable":true,"href":"https:\/\/blog.olimar.de\/wp-json\/wp\/v2\/categories?post=14743"},{"taxonomy":"post_tag","embeddable":true,"href":"https:\/\/blog.olimar.de\/wp-json\/wp\/v2\/tags?post=14743"}],"curies":[{"name":"wp","href":"https:\/\/api.w.org\/{rel}","templated":true}]}}